{"id":81574,"date":"2013-04-23T10:13:39","date_gmt":"2013-04-23T08:13:39","guid":{"rendered":"https:\/\/centcols.org\/sejour-estival-cerdan-au-village-club-dyravals-a-latour-de-carol-pyrenees-orientales-du-16-au-20-juillet-2013\/"},"modified":"2025-09-02T08:57:01","modified_gmt":"2025-09-02T06:57:01","slug":"2013-estancia-en-yravals","status":"publish","type":"post","link":"https:\/\/centcols.org\/es\/sejour-2013-yravals\/","title":{"rendered":"Vacaciones de verano Cerdan en el pueblo-club de Yravals en Latour-de-Carol (Pirineos Orientales) del 16 al 20 de julio de 2013."},"content":{"rendered":"<h2 class=\"wp-block-heading\"><span class=\"flett\">Situaci\u00f3n <\/span><\/h2>\n\n\n\n<p><span class=\"flett\">L<\/span>a Cerda\u00f1a es un altiplano de 1.200 m de altitud media que ocupa la cuenca de un antiguo lago glaciar.<\/p>\n\n\n\n<p>Est\u00e1 rodeada de picos y macizos que superan los 3.000 m, con la sierra del Carlit (2.921 m) al norte y las sierras del Cad\u00ed-Moixero y del Puigmal (2.910 m) al sur. El norte est\u00e1 dominado por caos gran\u00edticos, mientras que el sur lo est\u00e1 por acantilados de esquisto: \u00e9stos son los materiales utilizados para construir las casas de los pueblos de los Cerdans. La zona es excepcionalmente luminosa y soleada, con unos 300 d\u00edas de sol al a\u00f1o.<\/p>\n\n\n\n<p>La Cerda\u00f1a, que pertenec\u00eda en su totalidad al reino de Arag\u00f3n, debe su actual divisi\u00f3n al Tratado de los Pirineos firmado en 1659 entre la Francia de Luis XIV y la Espa\u00f1a de Felipe IV. Parte de la Cerda\u00f1a (33 pueblos, sin incluir Llivia, que fue elevada al rango de ciudad), el Conflent y el Rosell\u00f3n fueron cedidos a Francia. Llivia era, por tanto, un enclave espa\u00f1ol en territorio franc\u00e9s.<\/p>\n\n\n\n<p>La parte espa\u00f1ola, conocida como Baja Cerda\u00f1a, limita al norte con el Principado de Andorra y la Cerda\u00f1a francesa, al este con el Ripoll\u00e8s, al sur con el Bergued\u00e0 y al oeste con el Alt Urgell.<\/p>\n\n\n\n<p>La parte francesa, o Alta Cerda\u00f1a, limita con las comarcas de Ripoll\u00e8s, Cerdanya y el Principado de Andorra.<\/p>\n\n\n\n<p>La regi\u00f3n de Cerda\u00f1a ha estado ocupada desde la prehistoria, con restos de asentamientos neol\u00edticos y numerosos menhires y d\u00f3lmenes.<\/p>\n\n\n\n<p>M\u00e1s recientes pero numerosas son las iglesias rom\u00e1nicas del XI<sup>e<\/sup> y XII<sup>e<\/sup> que contienen obras de arte que van desde frescos (XII<sup>e<\/sup> al retablo barroco (s. XVIII).<sup>e<\/sup> ).<\/p>\n\n\n\n<figure class=\"wp-block-gallery has-nested-images columns-3 is-cropped wp-block-gallery-1 is-layout-flex wp-block-gallery-is-layout-flex\">\n<figure class=\"wp-block-image size-full\"><img loading=\"lazy\" decoding=\"async\" width=\"164\" height=\"180\" data-id=\"88806\" src=\"https:\/\/centcols.org\/wp-content\/uploads\/2013\/04\/b_cerdanya-1.png\" alt=\"\" class=\"wp-image-88806\"\/><\/figure>\n\n\n\n<figure class=\"wp-block-image size-full\"><img loading=\"lazy\" decoding=\"async\" width=\"164\" height=\"180\" data-id=\"88807\" src=\"https:\/\/centcols.org\/wp-content\/uploads\/2013\/04\/b_66.png\" alt=\"\" class=\"wp-image-88807\"\/><\/figure>\n\n\n\n<figure class=\"wp-block-image size-full\"><img loading=\"lazy\" decoding=\"async\" width=\"164\" height=\"180\" data-id=\"88808\" src=\"https:\/\/centcols.org\/wp-content\/uploads\/2013\/04\/b_latour.png\" alt=\"\" class=\"wp-image-88808\"\/><\/figure>\n<\/figure>\n\n\n\n<figure class=\"wp-block-gallery has-nested-images columns-2 is-cropped wp-block-gallery-2 is-layout-flex wp-block-gallery-is-layout-flex\">\n<figure class=\"wp-block-image size-full\"><img loading=\"lazy\" decoding=\"async\" width=\"200\" height=\"150\" data-id=\"88809\" src=\"https:\/\/centcols.org\/wp-content\/uploads\/2013\/04\/cadi.jpg\" alt=\"\" class=\"wp-image-88809\"\/><\/figure>\n\n\n\n<figure class=\"wp-block-image size-full\"><img loading=\"lazy\" decoding=\"async\" width=\"200\" height=\"150\" data-id=\"88810\" src=\"https:\/\/centcols.org\/wp-content\/uploads\/2013\/04\/vivers.jpg\" alt=\"\" class=\"wp-image-88810\"\/><\/figure>\n<\/figure>\n\n\n\n<h2 class=\"wp-block-heading\">Alojamiento e inscripci\u00f3n<\/h2>\n\n\n\n<p>El alojamiento ser\u00e1 en el Village-Club d'Yravals, situado en el municipio de Latour-de-Carol, a 1.250 m de altitud. Consta de un edificio central con sal\u00f3n, bar, wifi, restaurante y sala de reuniones, y pabellones a su alrededor con dormitorios.<br>Para inscribirse, descargue y cumplimente el formulario de inscripci\u00f3n y env\u00edelo junto con el pago a la persona encargada de las vacaciones, cuya direcci\u00f3n figura en el formulario, a trav\u00e9s de <strong>15 de junio de 2013.<\/strong><\/p>\n\n\n\n<p>El club ha negociado una tarifa de grupo y un paquete para el periodo en cuesti\u00f3n y no gestiona noches extra.<\/p>\n\n\n\n<p>Para cualquier solicitud de llegada anticipada o salida retrasada, p\u00f3ngase en contacto directamente con el departamento de reservas: Barbara en el +33 (0)4 68 30 64 00 o&nbsp;<a href=\"\/es\/&\/#x6d;&#97;i&#x6c;&#116;o&#x3a;&#99;o&#x6e;&#116;a&#x63;&#116;&#64;&#x79;&#114;a&#x76;&#97;l&#x73;&#46;c&#x6f;&#109;\">contact@yravals.com<\/a> (especificar el grupo Cent Cols para beneficiarse de una tarifa preferente).<\/p>\n\n\n\n<p>Para m\u00e1s informaci\u00f3n, visite el sitio web del Village-Club: <a href=\"http:\/\/www.yravals.com\/\" target=\"_blank\" rel=\"noopener\">http:\/\/www.yravals.com\/<\/a><\/p>\n\n\n\n<figure class=\"wp-block-gallery has-nested-images columns-3 is-cropped wp-block-gallery-3 is-layout-flex wp-block-gallery-is-layout-flex\">\n<figure class=\"wp-block-image size-full\"><img loading=\"lazy\" decoding=\"async\" width=\"100\" height=\"100\" data-id=\"88811\" src=\"https:\/\/centcols.org\/wp-content\/uploads\/2013\/04\/club_chambre1-100x100-1.jpg\" alt=\"\" class=\"wp-image-88811\" srcset=\"https:\/\/centcols.org\/wp-content\/uploads\/2013\/04\/club_chambre1-100x100-1.jpg 100w, https:\/\/centcols.org\/wp-content\/uploads\/2013\/04\/club_chambre1-100x100-1-12x12.jpg 12w\" sizes=\"auto, (max-width: 100px) 100vw, 100px\" \/><\/figure>\n\n\n\n<figure class=\"wp-block-image size-full\"><img loading=\"lazy\" decoding=\"async\" width=\"200\" height=\"150\" data-id=\"88812\" src=\"https:\/\/centcols.org\/wp-content\/uploads\/2013\/04\/clubExt.jpg\" alt=\"\" class=\"wp-image-88812\"\/><\/figure>\n\n\n\n<figure class=\"wp-block-image size-full\"><img loading=\"lazy\" decoding=\"async\" width=\"200\" height=\"150\" data-id=\"88813\" src=\"https:\/\/centcols.org\/wp-content\/uploads\/2013\/04\/clubResto.jpg\" alt=\"\" class=\"wp-image-88813\"\/><\/figure>\n<\/figure>\n\n\n\n<h2 class=\"wp-block-heading\">Detalles del programa<\/h2>\n\n\n\n<p>Hay suficientes excursiones para los que quieran quedarse toda la semana.<br>Cada d\u00eda, le propondr\u00e1n una ruta por carretera y otra a lomos de una mula, que le llevar\u00e1n a trav\u00e9s de unos paisajes maravillosos y, para los que quieran tomarse la molestia, de la riqueza del patrimonio local.<\/p>\n\n\n\n<p>Puede visualizar <a href=\"\/es\/membres\/cctours\/tours.php\/?lieu=Yravals&amp;an=2013\">todas las visitas<\/a>, o listas separadas para circuitos <a href=\"\/es\/membres\/cctours\/tours.php\/?lieu=Yravals&amp;an=2013&amp;genre=R\">carretera<\/a> y <a href=\"\/es\/membres\/cctours\/tours.php\/?lieu=Yravals&amp;an=2013&amp;genre=V\">BICICLETA DE MONTA\u00d1A<\/a>. A partir de estas listas, tambi\u00e9n est\u00e1n disponibles mapas interactivos, hojas de ruta y perfiles de altitud para cada ruta.<br>Quienes utilicen GPS o software cartogr\u00e1fico en su ordenador pueden descargarse archivos de geolocalizaci\u00f3n.<\/p>\n\n\n\n<p><strong>Tenga en cuenta lo siguiente:<\/strong> Aunque los archivos de geolocalizaci\u00f3n de Carto Exploreur est\u00e1n disponibles para todos los circuitos, s\u00f3lo son \u00fatiles para los circuitos que transcurren \u00edntegramente por Francia, ya que la cartograf\u00eda de este software se detiene en las fronteras. Para los circuitos por Andorra y Espa\u00f1a, deber\u00e1 utilizar otro programa.<br>En funci\u00f3n de las condiciones meteorol\u00f3gicas, las fechas pueden modificarse con poca antelaci\u00f3n.<br>Estos circuitos fueron dise\u00f1ados por <strong>Alain Gillodes<\/strong> y rastreado por <strong>R\u00e9gis Paraz<\/strong>. La lista de rutas, los mapas est\u00e1ticos e interactivos, los perfiles de altitud y los archivos de geolocalizaci\u00f3n fueron elaborados por <strong>Patrick Schleppi<\/strong>.<\/p>\n\n\n\n<h2 class=\"wp-block-heading\">Folleto<\/h2>\n\n\n\n<p>La <a href=\"https:\/\/centcols.org\/wp-content\/uploads\/2025\/09\/Yravals13.pdf\">folleto<\/a> puede descargarse en formato PDF. Contiene informaci\u00f3n sobre la regi\u00f3n y el programa, as\u00ed como mapas de las rutas y numerosas fotos.<\/p>\n\n\n\n<h2 class=\"wp-block-heading\">Actividades para acompa\u00f1antes<\/h2>\n\n\n\n<p>Se ofrecer\u00e1 una amplia gama de excursiones y paseos para acompa\u00f1antes:<\/p>\n\n\n\n<ul class=\"wp-block-list\">\n<li>Las iglesias rom\u00e1nicas de Cerda\u00f1a<\/li>\n\n\n\n<li>Horno solar de Odeillo y central el\u00e9ctrica de Th\u00e9mis en Targasonne<\/li>\n\n\n\n<li>Ermita de Belloc y termas romanas de Dorres (agua a 42\u00b0C)<\/li>\n\n\n\n<li>El trenecito amarillo: visitas a Mont Louis (horno solar) y Villefranche de Conflent, ambos declarados Patrimonio de la Humanidad por la UNESCO.<\/li>\n\n\n\n<li>Le Train JauneSainte-Marie de Belloc<\/li>\n\n\n\n<li>Sitio de anuncios clasificados Bouillouses (BPF)<\/li>\n\n\n\n<li>El enclave de Llivi\u00e0 y su farmacia<\/li>\n\n\n\n<li>Parque Natural de Les Angles<\/li>\n\n\n\n<li>La Reserva Natural de Eyne, el valle de las flores<\/li>\n<\/ul>\n\n\n\n<h2 class=\"wp-block-heading\">\u00c1lbumes de fotos<\/h2>\n\n\n\n<figure class=\"wp-block-gallery has-nested-images columns-4 is-cropped wp-block-gallery-4 is-layout-flex wp-block-gallery-is-layout-flex\">\n<figure class=\"wp-block-image size-full\"><a href=\"https:\/\/centcols.org\/es\/util\/visuAlbum.php\/?album=1420-007\" target=\"_blank\" rel=\" noreferrer noopener\"><img loading=\"lazy\" decoding=\"async\" width=\"800\" height=\"600\" data-id=\"88816\" src=\"https:\/\/centcols.org\/wp-content\/uploads\/2013\/04\/M00214.jpg\" alt=\"\" class=\"wp-image-88816\" srcset=\"https:\/\/centcols.org\/wp-content\/uploads\/2013\/04\/M00214.jpg 800w, https:\/\/centcols.org\/wp-content\/uploads\/2013\/04\/M00214-768x576.jpg 768w\" sizes=\"auto, (max-width: 800px) 100vw, 800px\" \/><\/a><figcaption class=\"wp-element-caption\">\u00c1lbum de Guy Cambess\u00e8d\u00e8s<\/figcaption><\/figure>\n\n\n\n<figure class=\"wp-block-image size-full\"><a href=\"https:\/\/centcols.org\/es\/util\/visuAlbum.php\/?album=3848-005\" target=\"_blank\" rel=\" noreferrer noopener\"><img loading=\"lazy\" decoding=\"async\" width=\"1366\" height=\"1024\" data-id=\"88817\" src=\"https:\/\/centcols.org\/wp-content\/uploads\/2013\/04\/L02627.jpg\" alt=\"\" class=\"wp-image-88817\" srcset=\"https:\/\/centcols.org\/wp-content\/uploads\/2013\/04\/L02627.jpg 1366w, https:\/\/centcols.org\/wp-content\/uploads\/2013\/04\/L02627-1200x900.jpg 1200w, https:\/\/centcols.org\/wp-content\/uploads\/2013\/04\/L02627-768x576.jpg 768w\" sizes=\"auto, (max-width: 1366px) 100vw, 1366px\" \/><\/a><figcaption class=\"wp-element-caption\">\u00c1lbum de Michel Boni<\/figcaption><\/figure>\n\n\n\n<figure class=\"wp-block-image size-full\"><a href=\"https:\/\/centcols.org\/es\/util\/visuAlbum.php\/?album=3092-008\" target=\"_blank\" rel=\" noreferrer noopener\"><img loading=\"lazy\" decoding=\"async\" width=\"1920\" height=\"1440\" data-id=\"88818\" src=\"https:\/\/centcols.org\/wp-content\/uploads\/2013\/04\/L00334.jpg\" alt=\"\" class=\"wp-image-88818\" srcset=\"https:\/\/centcols.org\/wp-content\/uploads\/2013\/04\/L00334.jpg 1920w, https:\/\/centcols.org\/wp-content\/uploads\/2013\/04\/L00334-1200x900.jpg 1200w, https:\/\/centcols.org\/wp-content\/uploads\/2013\/04\/L00334-768x576.jpg 768w, https:\/\/centcols.org\/wp-content\/uploads\/2013\/04\/L00334-1536x1152.jpg 1536w\" sizes=\"auto, (max-width: 1920px) 100vw, 1920px\" \/><\/a><figcaption class=\"wp-element-caption\">\u00c1lbum de Philippe Carrez<\/figcaption><\/figure>\n\n\n\n<figure class=\"wp-block-image size-full\"><a href=\"https:\/\/centcols.org\/es\/util\/visuAlbum.php\/?album=1825-001\" target=\"_blank\" rel=\" noreferrer noopener\"><img loading=\"lazy\" decoding=\"async\" width=\"1920\" height=\"1082\" data-id=\"88819\" src=\"https:\/\/centcols.org\/wp-content\/uploads\/2013\/04\/L00832.jpg\" alt=\"\" class=\"wp-image-88819\" srcset=\"https:\/\/centcols.org\/wp-content\/uploads\/2013\/04\/L00832.jpg 1920w, https:\/\/centcols.org\/wp-content\/uploads\/2013\/04\/L00832-1200x676.jpg 1200w, https:\/\/centcols.org\/wp-content\/uploads\/2013\/04\/L00832-768x433.jpg 768w, https:\/\/centcols.org\/wp-content\/uploads\/2013\/04\/L00832-1536x866.jpg 1536w\" sizes=\"auto, (max-width: 1920px) 100vw, 1920px\" \/><\/a><figcaption class=\"wp-element-caption\">\u00c1lbum de Alain Darget<\/figcaption><\/figure>\n\n\n\n<figure class=\"wp-block-image size-full\"><a href=\"https:\/\/centcols.org\/es\/util\/visuAlbum.php\/?album=3848-005\" target=\"_blank\" rel=\" noreferrer noopener\"><img loading=\"lazy\" decoding=\"async\" width=\"1920\" height=\"1440\" data-id=\"88820\" src=\"https:\/\/centcols.org\/wp-content\/uploads\/2013\/04\/L00233.jpg\" alt=\"\" class=\"wp-image-88820\" srcset=\"https:\/\/centcols.org\/wp-content\/uploads\/2013\/04\/L00233.jpg 1920w, https:\/\/centcols.org\/wp-content\/uploads\/2013\/04\/L00233-1200x900.jpg 1200w, https:\/\/centcols.org\/wp-content\/uploads\/2013\/04\/L00233-768x576.jpg 768w, https:\/\/centcols.org\/wp-content\/uploads\/2013\/04\/L00233-1536x1152.jpg 1536w\" sizes=\"auto, (max-width: 1920px) 100vw, 1920px\" \/><\/a><figcaption class=\"wp-element-caption\">\u00c1lbum de Max Tissot<\/figcaption><\/figure>\n\n\n\n<figure class=\"wp-block-image size-full\"><a href=\"https:\/\/centcols.org\/es\/util\/visuAlbum.php\/?album=676-003\" target=\"_blank\" rel=\" noreferrer noopener\"><img loading=\"lazy\" decoding=\"async\" width=\"600\" height=\"450\" data-id=\"88821\" src=\"https:\/\/centcols.org\/wp-content\/uploads\/2013\/04\/M0258.jpg\" alt=\"\" class=\"wp-image-88821\"\/><\/a><figcaption class=\"wp-element-caption\">\u00c1lbum de Alain S\u00e9venier<\/figcaption><\/figure>\n\n\n\n<figure class=\"wp-block-image size-full\"><a href=\"https:\/\/centcols.org\/es\/util\/visuAlbum.php\/?album=5065-005\" target=\"_blank\" rel=\" noreferrer noopener\"><img loading=\"lazy\" decoding=\"async\" width=\"1920\" height=\"1440\" data-id=\"88822\" src=\"https:\/\/centcols.org\/wp-content\/uploads\/2013\/04\/L010210.jpg\" alt=\"\" class=\"wp-image-88822\" srcset=\"https:\/\/centcols.org\/wp-content\/uploads\/2013\/04\/L010210.jpg 1920w, https:\/\/centcols.org\/wp-content\/uploads\/2013\/04\/L010210-1200x900.jpg 1200w, https:\/\/centcols.org\/wp-content\/uploads\/2013\/04\/L010210-768x576.jpg 768w, https:\/\/centcols.org\/wp-content\/uploads\/2013\/04\/L010210-1536x1152.jpg 1536w\" sizes=\"auto, (max-width: 1920px) 100vw, 1920px\" \/><\/a><figcaption class=\"wp-element-caption\">\u00c1lbum de Enrico Alberini<\/figcaption><\/figure>\n\n\n\n<figure class=\"wp-block-image size-full\"><a href=\"https:\/\/centcols.org\/es\/util\/visuAlbum.php\/?album=6796-005\" target=\"_blank\" rel=\" noreferrer noopener\"><img loading=\"lazy\" decoding=\"async\" width=\"1280\" height=\"960\" data-id=\"88823\" src=\"https:\/\/centcols.org\/wp-content\/uploads\/2013\/04\/L01132.jpg\" alt=\"\" class=\"wp-image-88823\" srcset=\"https:\/\/centcols.org\/wp-content\/uploads\/2013\/04\/L01132.jpg 1280w, https:\/\/centcols.org\/wp-content\/uploads\/2013\/04\/L01132-1200x900.jpg 1200w, https:\/\/centcols.org\/wp-content\/uploads\/2013\/04\/L01132-768x576.jpg 768w\" sizes=\"auto, (max-width: 1280px) 100vw, 1280px\" \/><\/a><figcaption class=\"wp-element-caption\">\u00c1lbum de Michel Andurand<\/figcaption><\/figure>\n\n\n\n<figure class=\"wp-block-image size-full\"><a href=\"https:\/\/centcols.org\/es\/util\/visuAlbum.php\/?album=5756-002\" target=\"_blank\" rel=\" noreferrer noopener\"><img loading=\"lazy\" decoding=\"async\" width=\"1920\" height=\"1440\" data-id=\"88824\" src=\"https:\/\/centcols.org\/wp-content\/uploads\/2013\/04\/L00932.jpg\" alt=\"\" class=\"wp-image-88824\" srcset=\"https:\/\/centcols.org\/wp-content\/uploads\/2013\/04\/L00932.jpg 1920w, https:\/\/centcols.org\/wp-content\/uploads\/2013\/04\/L00932-1200x900.jpg 1200w, https:\/\/centcols.org\/wp-content\/uploads\/2013\/04\/L00932-768x576.jpg 768w, https:\/\/centcols.org\/wp-content\/uploads\/2013\/04\/L00932-1536x1152.jpg 1536w\" sizes=\"auto, (max-width: 1920px) 100vw, 1920px\" \/><\/a><figcaption class=\"wp-element-caption\">\u00c1lbum de Gerald Cowham<\/figcaption><\/figure>\n\n\n\n<figure class=\"wp-block-image size-full\"><a href=\"https:\/\/centcols.org\/es\/util\/visuAlbum.php\/?album=3693-006\" target=\"_blank\" rel=\" noreferrer noopener\"><img loading=\"lazy\" decoding=\"async\" width=\"986\" height=\"657\" data-id=\"88830\" src=\"https:\/\/centcols.org\/wp-content\/uploads\/2013\/04\/latour_111.jpg\" alt=\"\" class=\"wp-image-88830\" srcset=\"https:\/\/centcols.org\/wp-content\/uploads\/2013\/04\/latour_111.jpg 986w, https:\/\/centcols.org\/wp-content\/uploads\/2013\/04\/latour_111-768x512.jpg 768w\" sizes=\"auto, (max-width: 986px) 100vw, 986px\" \/><\/a><figcaption class=\"wp-element-caption\">\u00c1lbum de Alain Brault<\/figcaption><\/figure>\n\n\n\n<figure class=\"wp-block-image size-full\"><a href=\"https:\/\/centcols.org\/es\/util\/visuAlbum.php\/?album=0396-003\" target=\"_blank\" rel=\" noreferrer noopener\"><img loading=\"lazy\" decoding=\"async\" width=\"1080\" height=\"720\" data-id=\"88826\" src=\"https:\/\/centcols.org\/wp-content\/uploads\/2013\/04\/L01431.jpg\" alt=\"\" class=\"wp-image-88826\" srcset=\"https:\/\/centcols.org\/wp-content\/uploads\/2013\/04\/L01431.jpg 1080w, https:\/\/centcols.org\/wp-content\/uploads\/2013\/04\/L01431-768x512.jpg 768w\" sizes=\"auto, (max-width: 1080px) 100vw, 1080px\" \/><\/a><figcaption class=\"wp-element-caption\">\u00c1lbum de Daniel Beaujoin<\/figcaption><\/figure>\n\n\n\n<figure class=\"wp-block-image size-full\"><a href=\"https:\/\/centcols.org\/es\/util\/visuAlbum.php\/?album=4889-003\" target=\"_blank\" rel=\" noreferrer noopener\"><img loading=\"lazy\" decoding=\"async\" width=\"1600\" height=\"1200\" data-id=\"88827\" src=\"https:\/\/centcols.org\/wp-content\/uploads\/2013\/04\/L0725.jpg\" alt=\"\" class=\"wp-image-88827\" srcset=\"https:\/\/centcols.org\/wp-content\/uploads\/2013\/04\/L0725.jpg 1600w, https:\/\/centcols.org\/wp-content\/uploads\/2013\/04\/L0725-1200x900.jpg 1200w, https:\/\/centcols.org\/wp-content\/uploads\/2013\/04\/L0725-768x576.jpg 768w, https:\/\/centcols.org\/wp-content\/uploads\/2013\/04\/L0725-1536x1152.jpg 1536w\" sizes=\"auto, (max-width: 1600px) 100vw, 1600px\" \/><\/a><figcaption class=\"wp-element-caption\">\u00c1lbum de Mario Labelle<\/figcaption><\/figure>\n\n\n\n<figure class=\"wp-block-image size-full\"><a href=\"https:\/\/centcols.org\/es\/util\/visuAlbum.php\/?album=5650-016\" target=\"_blank\" rel=\" noreferrer noopener\"><img loading=\"lazy\" decoding=\"async\" width=\"1920\" height=\"1440\" data-id=\"88828\" src=\"https:\/\/centcols.org\/wp-content\/uploads\/2013\/04\/L04516.jpg\" alt=\"\" class=\"wp-image-88828\" srcset=\"https:\/\/centcols.org\/wp-content\/uploads\/2013\/04\/L04516.jpg 1920w, https:\/\/centcols.org\/wp-content\/uploads\/2013\/04\/L04516-1200x900.jpg 1200w, https:\/\/centcols.org\/wp-content\/uploads\/2013\/04\/L04516-768x576.jpg 768w, https:\/\/centcols.org\/wp-content\/uploads\/2013\/04\/L04516-1536x1152.jpg 1536w\" sizes=\"auto, (max-width: 1920px) 100vw, 1920px\" \/><\/a><figcaption class=\"wp-element-caption\">\u00c1lbum Alf\u00e9o Lotto<\/figcaption><\/figure>\n\n\n\n<figure class=\"wp-block-image size-full\"><a href=\"https:\/\/centcols.org\/es\/util\/visuAlbum.php\/?album=0-3\"><img loading=\"lazy\" decoding=\"async\" width=\"1920\" height=\"1440\" data-id=\"88829\" src=\"https:\/\/centcols.org\/wp-content\/uploads\/2013\/04\/L01032.jpg\" alt=\"\" class=\"wp-image-88829\" srcset=\"https:\/\/centcols.org\/wp-content\/uploads\/2013\/04\/L01032.jpg 1920w, https:\/\/centcols.org\/wp-content\/uploads\/2013\/04\/L01032-1200x900.jpg 1200w, https:\/\/centcols.org\/wp-content\/uploads\/2013\/04\/L01032-768x576.jpg 768w, https:\/\/centcols.org\/wp-content\/uploads\/2013\/04\/L01032-1536x1152.jpg 1536w\" sizes=\"auto, (max-width: 1920px) 100vw, 1920px\" \/><\/a><figcaption class=\"wp-element-caption\">\u00c1lbum de Marie-Rose Brault<\/figcaption><\/figure>\n\n\n\n<figure class=\"wp-block-image size-full\"><a href=\"https:\/\/centcols.org\/es\/les_rendez-vous\/2013\/Yravals\/album_5642\/\" target=\"_blank\" rel=\" noreferrer noopener\"><img loading=\"lazy\" decoding=\"async\" width=\"986\" height=\"657\" data-id=\"88830\" src=\"https:\/\/centcols.org\/wp-content\/uploads\/2013\/04\/latour_111.jpg\" alt=\"\" class=\"wp-image-88830\" srcset=\"https:\/\/centcols.org\/wp-content\/uploads\/2013\/04\/latour_111.jpg 986w, https:\/\/centcols.org\/wp-content\/uploads\/2013\/04\/latour_111-768x512.jpg 768w\" sizes=\"auto, (max-width: 986px) 100vw, 986px\" \/><\/a><figcaption class=\"wp-element-caption\">\u00c1lbum de Hubert Becker<\/figcaption><\/figure>\n<\/figure>","protected":false},"excerpt":{"rendered":"<p>Situation La Cerdagne se pr\u00e9sente comme un haut plateau d\u2019une altitude moyenne de 1200 m occupant le bassin d\u2019un ancien lac glaciaire. Elle est entour\u00e9e de pics et de massifs tutoyant les 3 000 m, au nord la cha\u00eene du Carlit (2 921 m) et au sud celles de Cadi-Moixero et du Puigmal (2 910 [&hellip;]<\/p>\n","protected":false},"author":3,"featured_media":81575,"comment_status":"closed","ping_status":"closed","sticky":false,"template":"","format":"standard","meta":{"_acf_changed":false,"footnotes":""},"categories":[349,384,135,388,411,231],"tags":[],"class_list":["post-81574","post","type-post","status-publish","format-standard","has-post-thumbnail","hentry","category-france-pays-sejours","category-occitanie-region-sejours","category-calendrier","category-66-pyrenees-orientales","category-pyrenees-cerdanes","category-sejours"],"acf":[],"yoast_head":"<!-- This site is optimized with the Yoast SEO plugin v27.2 - https:\/\/yoast.com\/product\/yoast-seo-wordpress\/ -->\n<title>S\u00e9jour estival cerdan au village-club d&#039;Yravals \u00e0 Latour-de-Carol (Pyr\u00e9n\u00e9es-Orientales) du 16 au 20 juillet 2013 - Club des Cent Cols<\/title>\n<meta name=\"robots\" content=\"index, follow, max-snippet:-1, max-image-preview:large, max-video-preview:-1\" \/>\n<link rel=\"canonical\" href=\"https:\/\/centcols.org\/es\/2013-estancia-en-yravals\/\" \/>\n<meta property=\"og:locale\" content=\"es_ES\" \/>\n<meta property=\"og:type\" content=\"article\" \/>\n<meta property=\"og:title\" content=\"S\u00e9jour estival cerdan au village-club d&#039;Yravals \u00e0 Latour-de-Carol (Pyr\u00e9n\u00e9es-Orientales) du 16 au 20 juillet 2013 - Club des Cent Cols\" \/>\n<meta property=\"og:description\" content=\"Situation La Cerdagne se pr\u00e9sente comme un haut plateau d\u2019une altitude moyenne de 1200 m occupant le bassin d\u2019un ancien lac glaciaire. Elle est entour\u00e9e de pics et de massifs tutoyant les 3 000 m, au nord la cha\u00eene du Carlit (2 921 m) et au sud celles de Cadi-Moixero et du Puigmal (2 910 [&hellip;]\" \/>\n<meta property=\"og:url\" content=\"https:\/\/centcols.org\/es\/2013-estancia-en-yravals\/\" \/>\n<meta property=\"og:site_name\" content=\"Club des Cent Cols\" \/>\n<meta property=\"article:publisher\" content=\"https:\/\/www.facebook.com\/groups\/5261880558\/?locale=fr_FR\" \/>\n<meta property=\"article:published_time\" content=\"2013-04-23T08:13:39+00:00\" \/>\n<meta property=\"article:modified_time\" content=\"2025-09-02T06:57:01+00:00\" \/>\n<meta property=\"og:image\" content=\"https:\/\/centcols.org\/wp-content\/uploads\/2025\/05\/L01032-e1443428212658.jpg\" \/>\n\t<meta property=\"og:image:width\" content=\"640\" \/>\n\t<meta property=\"og:image:height\" content=\"480\" \/>\n\t<meta property=\"og:image:type\" content=\"image\/jpeg\" \/>\n<meta name=\"author\" content=\"Webmestre\" \/>\n<meta name=\"twitter:card\" content=\"summary_large_image\" \/>\n<meta name=\"twitter:label1\" content=\"Escrito por\" \/>\n\t<meta name=\"twitter:data1\" content=\"Webmestre\" \/>\n\t<meta name=\"twitter:label2\" content=\"Tiempo de lectura\" \/>\n\t<meta name=\"twitter:data2\" content=\"9 minutos\" \/>\n<script type=\"application\/ld+json\" class=\"yoast-schema-graph\">{\"@context\":\"https:\/\/schema.org\",\"@graph\":[{\"@type\":\"Article\",\"@id\":\"https:\/\/centcols.org\/sejour-2013-yravals\/#article\",\"isPartOf\":{\"@id\":\"https:\/\/centcols.org\/sejour-2013-yravals\/\"},\"author\":{\"name\":\"Webmestre\",\"@id\":\"https:\/\/centcols.org\/#\/schema\/person\/911b404fb133d8c913dd27cdcf71c8e5\"},\"headline\":\"S\u00e9jour estival cerdan au village-club d&rsquo;Yravals \u00e0 Latour-de-Carol (Pyr\u00e9n\u00e9es-Orientales) du 16 au 20 juillet 2013\",\"datePublished\":\"2013-04-23T08:13:39+00:00\",\"dateModified\":\"2025-09-02T06:57:01+00:00\",\"mainEntityOfPage\":{\"@id\":\"https:\/\/centcols.org\/sejour-2013-yravals\/\"},\"wordCount\":929,\"publisher\":{\"@id\":\"https:\/\/centcols.org\/#organization\"},\"image\":{\"@id\":\"https:\/\/centcols.org\/sejour-2013-yravals\/#primaryimage\"},\"thumbnailUrl\":\"https:\/\/centcols.org\/wp-content\/uploads\/2025\/05\/L01032-e1443428212658.jpg\",\"articleSection\":[\"France\",\"Occitanie\",\"Calendrier\",\"66-Pyr\u00e9n\u00e9es-Orientales\",\"Pyr\u00e9n\u00e9es cerdanes\",\"S\u00e9jours du Club des Cent Cols\"],\"inLanguage\":\"es\"},{\"@type\":\"WebPage\",\"@id\":\"https:\/\/centcols.org\/sejour-2013-yravals\/\",\"url\":\"https:\/\/centcols.org\/sejour-2013-yravals\/\",\"name\":\"S\u00e9jour estival cerdan au village-club d'Yravals \u00e0 Latour-de-Carol (Pyr\u00e9n\u00e9es-Orientales) du 16 au 20 juillet 2013 - Club des Cent Cols\",\"isPartOf\":{\"@id\":\"https:\/\/centcols.org\/#website\"},\"primaryImageOfPage\":{\"@id\":\"https:\/\/centcols.org\/sejour-2013-yravals\/#primaryimage\"},\"image\":{\"@id\":\"https:\/\/centcols.org\/sejour-2013-yravals\/#primaryimage\"},\"thumbnailUrl\":\"https:\/\/centcols.org\/wp-content\/uploads\/2025\/05\/L01032-e1443428212658.jpg\",\"datePublished\":\"2013-04-23T08:13:39+00:00\",\"dateModified\":\"2025-09-02T06:57:01+00:00\",\"breadcrumb\":{\"@id\":\"https:\/\/centcols.org\/sejour-2013-yravals\/#breadcrumb\"},\"inLanguage\":\"es\",\"potentialAction\":[{\"@type\":\"ReadAction\",\"target\":[\"https:\/\/centcols.org\/sejour-2013-yravals\/\"]}]},{\"@type\":\"ImageObject\",\"inLanguage\":\"es\",\"@id\":\"https:\/\/centcols.org\/sejour-2013-yravals\/#primaryimage\",\"url\":\"https:\/\/centcols.org\/wp-content\/uploads\/2025\/05\/L01032-e1443428212658.jpg\",\"contentUrl\":\"https:\/\/centcols.org\/wp-content\/uploads\/2025\/05\/L01032-e1443428212658.jpg\",\"width\":640,\"height\":480},{\"@type\":\"BreadcrumbList\",\"@id\":\"https:\/\/centcols.org\/sejour-2013-yravals\/#breadcrumb\",\"itemListElement\":[{\"@type\":\"ListItem\",\"position\":1,\"name\":\"Accueil\",\"item\":\"https:\/\/centcols.org\/\"},{\"@type\":\"ListItem\",\"position\":2,\"name\":\"S\u00e9jours du Club des Cent Cols\",\"item\":\"https:\/\/centcols.org\/rubrique\/sejours\/\"},{\"@type\":\"ListItem\",\"position\":3,\"name\":\"Pays\",\"item\":\"https:\/\/centcols.org\/rubrique\/sejours\/pays-sejours\/\"},{\"@type\":\"ListItem\",\"position\":4,\"name\":\"France\",\"item\":\"https:\/\/centcols.org\/rubrique\/sejours\/pays-sejours\/france-pays-sejours\/\"},{\"@type\":\"ListItem\",\"position\":5,\"name\":\"S\u00e9jour estival cerdan au village-club d&rsquo;Yravals \u00e0 Latour-de-Carol (Pyr\u00e9n\u00e9es-Orientales) du 16 au 20 juillet 2013\"}]},{\"@type\":\"WebSite\",\"@id\":\"https:\/\/centcols.org\/#website\",\"url\":\"https:\/\/centcols.org\/\",\"name\":\"Club des Cent Cols\",\"description\":\"\",\"publisher\":{\"@id\":\"https:\/\/centcols.org\/#organization\"},\"potentialAction\":[{\"@type\":\"SearchAction\",\"target\":{\"@type\":\"EntryPoint\",\"urlTemplate\":\"https:\/\/centcols.org\/?s={search_term_string}\"},\"query-input\":{\"@type\":\"PropertyValueSpecification\",\"valueRequired\":true,\"valueName\":\"search_term_string\"}}],\"inLanguage\":\"es\"},{\"@type\":\"Organization\",\"@id\":\"https:\/\/centcols.org\/#organization\",\"name\":\"Club des Cent Cols\",\"url\":\"https:\/\/centcols.org\/\",\"logo\":{\"@type\":\"ImageObject\",\"inLanguage\":\"es\",\"@id\":\"https:\/\/centcols.org\/#\/schema\/logo\/image\/\",\"url\":\"https:\/\/centcols.org\/wp-content\/uploads\/2025\/01\/carte-icone.png\",\"contentUrl\":\"https:\/\/centcols.org\/wp-content\/uploads\/2025\/01\/carte-icone.png\",\"width\":250,\"height\":250,\"caption\":\"Club des Cent Cols\"},\"image\":{\"@id\":\"https:\/\/centcols.org\/#\/schema\/logo\/image\/\"},\"sameAs\":[\"https:\/\/www.facebook.com\/groups\/5261880558\/?locale=fr_FR\"]},{\"@type\":\"Person\",\"@id\":\"https:\/\/centcols.org\/#\/schema\/person\/911b404fb133d8c913dd27cdcf71c8e5\",\"name\":\"Webmestre\",\"image\":{\"@type\":\"ImageObject\",\"inLanguage\":\"es\",\"@id\":\"https:\/\/centcols.org\/wp-content\/litespeed\/avatar\/2d246e4b6b4f773e08515e1ffc53690b.jpg?ver=1777222892\",\"url\":\"https:\/\/centcols.org\/wp-content\/litespeed\/avatar\/2d246e4b6b4f773e08515e1ffc53690b.jpg?ver=1777222892\",\"contentUrl\":\"https:\/\/centcols.org\/wp-content\/litespeed\/avatar\/2d246e4b6b4f773e08515e1ffc53690b.jpg?ver=1777222892\",\"caption\":\"Webmestre\"},\"url\":\"https:\/\/centcols.org\/es\/author\/webmestre\/\"}]}<\/script>\n<!-- \/ Yoast SEO plugin. -->","yoast_head_json":{"title":"Cerdan vacaciones de verano en el pueblo-club de Yravals en Latour-de-Carol (Pirineos Orientales) del 16 al 20 de julio de 2013 - Club des Cent Cols","robots":{"index":"index","follow":"follow","max-snippet":"max-snippet:-1","max-image-preview":"max-image-preview:large","max-video-preview":"max-video-preview:-1"},"canonical":"https:\/\/centcols.org\/es\/2013-estancia-en-yravals\/","og_locale":"es_ES","og_type":"article","og_title":"S\u00e9jour estival cerdan au village-club d'Yravals \u00e0 Latour-de-Carol (Pyr\u00e9n\u00e9es-Orientales) du 16 au 20 juillet 2013 - Club des Cent Cols","og_description":"Situation La Cerdagne se pr\u00e9sente comme un haut plateau d\u2019une altitude moyenne de 1200 m occupant le bassin d\u2019un ancien lac glaciaire. Elle est entour\u00e9e de pics et de massifs tutoyant les 3 000 m, au nord la cha\u00eene du Carlit (2 921 m) et au sud celles de Cadi-Moixero et du Puigmal (2 910 [&hellip;]","og_url":"https:\/\/centcols.org\/es\/2013-estancia-en-yravals\/","og_site_name":"Club des Cent Cols","article_publisher":"https:\/\/www.facebook.com\/groups\/5261880558\/?locale=fr_FR","article_published_time":"2013-04-23T08:13:39+00:00","article_modified_time":"2025-09-02T06:57:01+00:00","og_image":[{"width":640,"height":480,"url":"https:\/\/centcols.org\/wp-content\/uploads\/2025\/05\/L01032-e1443428212658.jpg","type":"image\/jpeg"}],"author":"Webmestre","twitter_card":"summary_large_image","twitter_misc":{"Escrito por":"Webmestre","Tiempo de lectura":"9 minutos"},"schema":{"@context":"https:\/\/schema.org","@graph":[{"@type":"Article","@id":"https:\/\/centcols.org\/sejour-2013-yravals\/#article","isPartOf":{"@id":"https:\/\/centcols.org\/sejour-2013-yravals\/"},"author":{"name":"Webmestre","@id":"https:\/\/centcols.org\/#\/schema\/person\/911b404fb133d8c913dd27cdcf71c8e5"},"headline":"S\u00e9jour estival cerdan au village-club d&rsquo;Yravals \u00e0 Latour-de-Carol (Pyr\u00e9n\u00e9es-Orientales) du 16 au 20 juillet 2013","datePublished":"2013-04-23T08:13:39+00:00","dateModified":"2025-09-02T06:57:01+00:00","mainEntityOfPage":{"@id":"https:\/\/centcols.org\/sejour-2013-yravals\/"},"wordCount":929,"publisher":{"@id":"https:\/\/centcols.org\/#organization"},"image":{"@id":"https:\/\/centcols.org\/sejour-2013-yravals\/#primaryimage"},"thumbnailUrl":"https:\/\/centcols.org\/wp-content\/uploads\/2025\/05\/L01032-e1443428212658.jpg","articleSection":["France","Occitanie","Calendrier","66-Pyr\u00e9n\u00e9es-Orientales","Pyr\u00e9n\u00e9es cerdanes","S\u00e9jours du Club des Cent Cols"],"inLanguage":"es"},{"@type":"WebPage","@id":"https:\/\/centcols.org\/sejour-2013-yravals\/","url":"https:\/\/centcols.org\/sejour-2013-yravals\/","name":"Cerdan vacaciones de verano en el pueblo-club de Yravals en Latour-de-Carol (Pirineos Orientales) del 16 al 20 de julio de 2013 - Club des Cent Cols","isPartOf":{"@id":"https:\/\/centcols.org\/#website"},"primaryImageOfPage":{"@id":"https:\/\/centcols.org\/sejour-2013-yravals\/#primaryimage"},"image":{"@id":"https:\/\/centcols.org\/sejour-2013-yravals\/#primaryimage"},"thumbnailUrl":"https:\/\/centcols.org\/wp-content\/uploads\/2025\/05\/L01032-e1443428212658.jpg","datePublished":"2013-04-23T08:13:39+00:00","dateModified":"2025-09-02T06:57:01+00:00","breadcrumb":{"@id":"https:\/\/centcols.org\/sejour-2013-yravals\/#breadcrumb"},"inLanguage":"es","potentialAction":[{"@type":"ReadAction","target":["https:\/\/centcols.org\/sejour-2013-yravals\/"]}]},{"@type":"ImageObject","inLanguage":"es","@id":"https:\/\/centcols.org\/sejour-2013-yravals\/#primaryimage","url":"https:\/\/centcols.org\/wp-content\/uploads\/2025\/05\/L01032-e1443428212658.jpg","contentUrl":"https:\/\/centcols.org\/wp-content\/uploads\/2025\/05\/L01032-e1443428212658.jpg","width":640,"height":480},{"@type":"BreadcrumbList","@id":"https:\/\/centcols.org\/sejour-2013-yravals\/#breadcrumb","itemListElement":[{"@type":"ListItem","position":1,"name":"Accueil","item":"https:\/\/centcols.org\/"},{"@type":"ListItem","position":2,"name":"S\u00e9jours du Club des Cent Cols","item":"https:\/\/centcols.org\/rubrique\/sejours\/"},{"@type":"ListItem","position":3,"name":"Pays","item":"https:\/\/centcols.org\/rubrique\/sejours\/pays-sejours\/"},{"@type":"ListItem","position":4,"name":"France","item":"https:\/\/centcols.org\/rubrique\/sejours\/pays-sejours\/france-pays-sejours\/"},{"@type":"ListItem","position":5,"name":"S\u00e9jour estival cerdan au village-club d&rsquo;Yravals \u00e0 Latour-de-Carol (Pyr\u00e9n\u00e9es-Orientales) du 16 au 20 juillet 2013"}]},{"@type":"WebSite","@id":"https:\/\/centcols.org\/#website","url":"https:\/\/centcols.org\/","name":"Club des Cent Cols","description":"","publisher":{"@id":"https:\/\/centcols.org\/#organization"},"potentialAction":[{"@type":"SearchAction","target":{"@type":"EntryPoint","urlTemplate":"https:\/\/centcols.org\/?s={search_term_string}"},"query-input":{"@type":"PropertyValueSpecification","valueRequired":true,"valueName":"search_term_string"}}],"inLanguage":"es"},{"@type":"Organization","@id":"https:\/\/centcols.org\/#organization","name":"Club des Cent Cols","url":"https:\/\/centcols.org\/","logo":{"@type":"ImageObject","inLanguage":"es","@id":"https:\/\/centcols.org\/#\/schema\/logo\/image\/","url":"https:\/\/centcols.org\/wp-content\/uploads\/2025\/01\/carte-icone.png","contentUrl":"https:\/\/centcols.org\/wp-content\/uploads\/2025\/01\/carte-icone.png","width":250,"height":250,"caption":"Club des Cent Cols"},"image":{"@id":"https:\/\/centcols.org\/#\/schema\/logo\/image\/"},"sameAs":["https:\/\/www.facebook.com\/groups\/5261880558\/?locale=fr_FR"]},{"@type":"Person","@id":"https:\/\/centcols.org\/#\/schema\/person\/911b404fb133d8c913dd27cdcf71c8e5","name":"Webmaster","image":{"@type":"ImageObject","inLanguage":"es","@id":"https:\/\/centcols.org\/wp-content\/litespeed\/avatar\/2d246e4b6b4f773e08515e1ffc53690b.jpg?ver=1777222892","url":"https:\/\/centcols.org\/wp-content\/litespeed\/avatar\/2d246e4b6b4f773e08515e1ffc53690b.jpg?ver=1777222892","contentUrl":"https:\/\/centcols.org\/wp-content\/litespeed\/avatar\/2d246e4b6b4f773e08515e1ffc53690b.jpg?ver=1777222892","caption":"Webmestre"},"url":"https:\/\/centcols.org\/es\/author\/webmestre\/"}]}},"_links":{"self":[{"href":"https:\/\/centcols.org\/es\/wp-json\/wp\/v2\/posts\/81574","targetHints":{"allow":["GET"]}}],"collection":[{"href":"https:\/\/centcols.org\/es\/wp-json\/wp\/v2\/posts"}],"about":[{"href":"https:\/\/centcols.org\/es\/wp-json\/wp\/v2\/types\/post"}],"author":[{"embeddable":true,"href":"https:\/\/centcols.org\/es\/wp-json\/wp\/v2\/users\/3"}],"replies":[{"embeddable":true,"href":"https:\/\/centcols.org\/es\/wp-json\/wp\/v2\/comments?post=81574"}],"version-history":[{"count":0,"href":"https:\/\/centcols.org\/es\/wp-json\/wp\/v2\/posts\/81574\/revisions"}],"wp:featuredmedia":[{"embeddable":true,"href":"https:\/\/centcols.org\/es\/wp-json\/wp\/v2\/media\/81575"}],"wp:attachment":[{"href":"https:\/\/centcols.org\/es\/wp-json\/wp\/v2\/media?parent=81574"}],"wp:term":[{"taxonomy":"category","embeddable":true,"href":"https:\/\/centcols.org\/es\/wp-json\/wp\/v2\/categories?post=81574"},{"taxonomy":"post_tag","embeddable":true,"href":"https:\/\/centcols.org\/es\/wp-json\/wp\/v2\/tags?post=81574"}],"curies":[{"name":"wp","href":"https:\/\/api.w.org\/{rel}","templated":true}]}}