{"id":81590,"date":"2011-04-23T10:09:44","date_gmt":"2011-04-23T08:09:44","guid":{"rendered":"https:\/\/centcols.org\/sejour-estival-a-saint-sauveur-camprieu-gard-du-16-au-20-aout-2011\/"},"modified":"2025-09-02T11:24:10","modified_gmt":"2025-09-02T09:24:10","slug":"estancia-2011-camprieu","status":"publish","type":"post","link":"https:\/\/centcols.org\/es\/sejour-2011-camprieu\/","title":{"rendered":"Vacaciones de verano en Saint-Sauveur-Camprieu (Gard) del 16 al 20 de agosto de 2011"},"content":{"rendered":"<h2 class=\"wp-block-heading\">Presentaci\u00f3n<\/h2>\n\n\n\n<p>Situado en el extremo occidental de las Cevenas, el macizo del Aigoual ser\u00e1 nuestro \u00abpatio de recreo\u00bb durante estas vacaciones de verano 2011. El Mont Aigoual (1567 m) es famoso por su clima caprichoso, y las exposiciones de M\u00e9t\u00e9o-France en el observatorio de la cima le dar\u00e1n toda la informaci\u00f3n necesaria para entender este clima tan especial.<\/p>\n\n\n\n<p>Tambi\u00e9n se destacar\u00e1 otra faceta menos conocida del macizo: el bosque estatal de Aigoual. Merece una aproximaci\u00f3n hist\u00f3rica antes de explorarlo. Es la expresi\u00f3n concreta de la acci\u00f3n del hombre sobre la naturaleza, para bien o para mal. A mediados del siglo XIX<sup>e<\/sup> En el siglo XIX, el bosque del Aigoual disminu\u00eda bajo el doble impacto del pastoreo excesivo y de la explotaci\u00f3n desmesurada por parte de los vidrieros, que exig\u00edan cada vez m\u00e1s para sus hornos. En los valles se produc\u00edan graves inundaciones, con consecuencias considerables e incluso dram\u00e1ticas. La Administraci\u00f3n de Aguas y Bosques intent\u00f3 reforestar la zona, pero hubo mucha oposici\u00f3n, ya que hab\u00eda que elegir entre el bosque y las zonas de pastoreo.<\/p>\n\n\n\n<p>Al final, gracias a un esfuerzo excepcional, el silvicultor Georges FABRE y el bot\u00e1nico Charles FLAHAULT consiguieron repoblar miles de hect\u00e1reas de bosque. Las especies m\u00e1s comunes son la picea, el alerce, el pino negro austriaco, el pino ganchudo, el haya (faou en occitano), el roble albar y el casta\u00f1o. En la ladera sur, la m\u00e1s empinada, se aprecian claramente los diferentes niveles de vegetaci\u00f3n. De esta \u00e9poca quedan cuatro arbor\u00e9tums, verdaderos laboratorios al aire libre.<\/p>\n\n\n\n<p>El granito es omnipresente en el macizo, las mesetas son el reino de la caliza y el esquisto se limita a los valles de las Cevenas. Estas tres rocas constituyen la base de la regi\u00f3n y dan forma a unos paisajes soberbios. Las causses ofrecen vastas extensiones de desierto est\u00e9ril con escasa vegetaci\u00f3n. El agua escasea en este terreno permeable, donde la roca aflora con mucha frecuencia. La flora, en cambio, es extremadamente rica. Las grandes rapaces adoran estas vastas zonas poco pobladas, donde el cielo es su dominio.<\/p>\n\n\n\n<p>Los valles de las Cevenas, tierra de \u00abinvernaderos\u00bb y \u00abvalats\u00bb, son lugares donde vive gente. Pueblos y aldeas se levantan a lo largo de los r\u00edos o encaramados en promontorios. Estas monta\u00f1as fueron escenario de la guerra de Camisard. Hombres y mujeres de la religi\u00f3n llamada \u00abreformada\u00bb lucharon contra el deseo real de imponer una religi\u00f3n \u00fanica a sus s\u00fabditos. Masacres, deportaciones a galeras y encarcelamientos fueron la suerte de los que optaron por luchar, mientras que otros prefirieron huir con sus riquezas y conocimientos a pa\u00edses de refugio (Suiza, Holanda, Alemania, etc.) Aqu\u00ed, en estos parajes, la libertad de expresi\u00f3n y la tolerancia son valores sagrados. M\u00e1s tarde, el pastor Rabault St Etienne particip\u00f3 en los debates que condujeron a la redacci\u00f3n de la Declaraci\u00f3n de los Derechos del Hombre y del Ciudadano. Durante la Segunda Guerra Mundial, la Resistencia encontr\u00f3 en la zona un caldo de cultivo ideal y, aunque la topograf\u00eda del terreno se prestaba a ello, hombres y mujeres salieron r\u00e1pidamente de sus escondites en busca de libertad.<\/p>\n\n\n\n<figure class=\"wp-block-gallery has-nested-images columns-4 is-cropped wp-block-gallery-1 is-layout-flex wp-block-gallery-is-layout-flex\">\n<figure class=\"wp-block-image size-full\"><a href=\"https:\/\/centcols.org\/wp-content\/uploads\/2011\/04\/prevert.jpg\"><img loading=\"lazy\" decoding=\"async\" width=\"200\" height=\"150\" data-id=\"88939\" src=\"https:\/\/centcols.org\/wp-content\/uploads\/2011\/04\/prevert.jpg\" alt=\"\" class=\"wp-image-88939\"\/><\/a><\/figure>\n\n\n\n<figure class=\"wp-block-image size-full\"><a href=\"https:\/\/centcols.org\/wp-content\/uploads\/2011\/04\/piste2.jpg\"><img loading=\"lazy\" decoding=\"async\" width=\"200\" height=\"150\" data-id=\"88940\" src=\"https:\/\/centcols.org\/wp-content\/uploads\/2011\/04\/piste2.jpg\" alt=\"\" class=\"wp-image-88940\"\/><\/a><\/figure>\n\n\n\n<figure class=\"wp-block-image size-full\"><a href=\"https:\/\/centcols.org\/wp-content\/uploads\/2011\/04\/causses.jpg\"><img loading=\"lazy\" decoding=\"async\" width=\"200\" height=\"150\" data-id=\"88941\" src=\"https:\/\/centcols.org\/wp-content\/uploads\/2011\/04\/causses.jpg\" alt=\"\" class=\"wp-image-88941\"\/><\/a><\/figure>\n\n\n\n<figure class=\"wp-block-image size-full\"><a href=\"https:\/\/centcols.org\/wp-content\/uploads\/2011\/04\/genets.jpg\"><img loading=\"lazy\" decoding=\"async\" width=\"200\" height=\"150\" data-id=\"88942\" src=\"https:\/\/centcols.org\/wp-content\/uploads\/2011\/04\/genets.jpg\" alt=\"\" class=\"wp-image-88942\"\/><\/a><\/figure>\n<\/figure>\n\n\n\n<h2 class=\"wp-block-heading\">Reuni\u00f3n internacional en Cap de C\u00f4te (FR-30-1189)<\/h2>\n\n\n\n<p><span class=\"flett\">L<\/span>a reuni\u00f3n anual tendr\u00e1 lugar el s\u00e1bado 20 de agosto de 2011, cerca del puerto de Cap de C\u00f4te (<a href=\"https:\/\/centcols.org\/es\/util\/geo\/visuGP.php\/?code=FR-30-1189\" target=\"_blank\" rel=\"noopener\">FR-30-1189<\/a>) en las laderas del formidable Col de la Lusette (FR-30-1351). Este puerto est\u00e1 orientado hacia el sur y tiene una carretera accidentada y llena de baches. Tiene todas las caracter\u00edsticas de un puerto duro. Tiene una pendiente irregular y algunas secciones dif\u00edciles con tramos cortos a 15 o incluso 17%. Un puerto que no deja indiferente a nadie y que dejar\u00e1 huella durante muchos a\u00f1os.<\/p>\n\n\n\n<p>Nos recibir\u00e1n en las afueras de la casa rural-refugio, en un prado con una arboleda sombreada amablemente puesta a nuestra disposici\u00f3n. Desde aqu\u00ed, un sendero de cemento de unos cientos de metros nos dar\u00e1 acceso a la \u00abSerre de la Toureille\u00bb. Se trata de un maravilloso mirador que domina todo el sur de las Cevenas y m\u00e1s all\u00e1 (desde el monte Ventoux hasta el Canigou). Desde aqu\u00ed, los bomberos vigilan de forma preventiva durante toda la estaci\u00f3n seca.<\/p>\n\n\n\n<h2 class=\"wp-block-heading\">El tiempo<\/h2>\n\n\n\n<p>En esta \u00e9poca del a\u00f1o, las temperaturas suelen ser muy agradables, pero hay que llevar equipo de ciclismo, ya que el Aigoual siempre puede deparar alguna sorpresa desagradable...<\/p>\n\n\n\n<h2 class=\"wp-block-heading\">Visitas<\/h2>\n\n\n\n<p><span class=\"flett\">N<\/span>uestro punto de encuentro ser\u00e1 en St Sauveur Camprieu, a 1000 m de altitud, en la D986 entre Esp\u00e9rou y Meyrueis. Se trata de un encantador pueblo de monta\u00f1a rodeado de prados y bosques, con un lago artificial y, sobre todo, el abismo de Bramabiau (le b\u0153uf qui brame, en occitano), donde emerge el arroyo Bonheur tras un corto trayecto subterr\u00e1neo.<\/p>\n\n\n\n<p>Rodaremos por el Parque Nacional de las Cevenas, donde est\u00e1 estrictamente prohibido circular fuera de pista. Los ciclistas de monta\u00f1a deben permanecer en los senderos y pistas. A partir de este punto, s\u00f3lo se podr\u00e1 avanzar a pie. Est\u00e1 terminantemente prohibido recoger flores.<\/p>\n\n\n\n<p>En <a href=\"\/es\/membres\/cctours\/tours.php\/?lieu=Camprieu&amp;an=2011\">itinerarios propuestos<\/a> est\u00e1n dise\u00f1adas para permitir la participaci\u00f3n del mayor n\u00famero posible de miembros de la Cofrad\u00eda. Siempre existir\u00e1 la posibilidad de acortar el recorrido u ofrecer un itinerario m\u00e1s restringido. Alrededor de sesenta pasos ser\u00e1n accesibles durante este recorrido, as\u00ed como varios lugares de la BPF. Algunos puertos aparecen en varios circuitos y, por tanto, se repiten. Sin embargo, si un puerto se cruza m\u00e1s de una vez en un mismo circuito, s\u00f3lo aparecer\u00e1 la primera vez. Los pasos se muestran en el orden en que se cruzan en cada circuito.<\/p>\n\n\n\n<p>Los no senderistas tampoco ser\u00e1n olvidados, con numerosos paseos y visitas a lugares como las gargantas del Jonte y del Tarn, Aven Armand, Millau y su viaducto, las bodegas de Roquefort, etc...<\/p>\n\n\n\n<h2 class=\"wp-block-heading\">Alojamiento<\/h2>\n\n\n\n<p>El centro de gravedad ser\u00e1 el pueblo de vacaciones \u00abPont du Moulin\u00bb, en Saint-Sauveur-Camprieu. Este establecimiento dispone de todas las instalaciones necesarias para que nuestra estancia sea un \u00e9xito. El camping \u00abT\u00e9rondel\u00bb, contiguo al centro de vacaciones, tambi\u00e9n alquila mobil homes. Ser\u00e1 un excelente complemento a la oferta de alojamiento, teniendo en cuenta que el municipio donde nos alojamos tambi\u00e9n dispone de una zona de aparcamiento y espacios para autocaravanas.<br>La mayor\u00eda de las habitaciones del centro Pont du Moulin est\u00e1n configuradas como \u00abminiapartamentos\u00bb con dos dormitorios, uno con 2 camas y otro con 3 (incluida una litera), con cuarto de ba\u00f1o compartido para ambas habitaciones (v\u00e9ase el plano t\u00edpico al lado). Se dar\u00e1 prioridad a las parejas en las habitaciones de 2 camas y a las personas solas en las de 3 camas.<\/p>\n\n\n\n<p>Tambi\u00e9n hay un hotel (el Auberge du Bonheur) y varios alojamientos vacacionales. El pueblo de l'Esp\u00e9rou, a 7 km, est\u00e1 comunicado por una excelente carretera y cuenta con dos hoteles y cuatro casas rurales. Muchos itinerarios pasan por este pueblo.<\/p>\n\n\n\n<h2 class=\"wp-block-heading\">\u00c1lbumes de fotos<\/h2>\n\n\n\n<figure class=\"wp-block-gallery has-nested-images columns-4 is-cropped wp-block-gallery-2 is-layout-flex wp-block-gallery-is-layout-flex\">\n<figure class=\"wp-block-image size-full\"><a href=\"https:\/\/centcols.org\/es\/util\/visuAlbum.php\/?album=06028-002\" target=\"_blank\" rel=\"noreferrer noopener\"><img loading=\"lazy\" decoding=\"async\" width=\"1200\" height=\"674\" data-id=\"88944\" src=\"https:\/\/centcols.org\/wp-content\/uploads\/2011\/04\/L00316-1.jpg\" alt=\"\" class=\"wp-image-88944\" srcset=\"https:\/\/centcols.org\/wp-content\/uploads\/2011\/04\/L00316-1.jpg 1200w, https:\/\/centcols.org\/wp-content\/uploads\/2011\/04\/L00316-1-768x431.jpg 768w\" sizes=\"auto, (max-width: 1200px) 100vw, 1200px\" \/><\/a><figcaption class=\"wp-element-caption\">\u00c1lbum de fotos de Jean-Pierre Lambert<\/figcaption><\/figure>\n\n\n\n<figure class=\"wp-block-image size-full\"><a href=\"https:\/\/centcols.org\/les_rendez-vous\/2011\/Camprieu\/albums\/1420\/album.htm\" target=\"_blank\" rel=\"noreferrer noopener\"><img loading=\"lazy\" decoding=\"async\" width=\"1200\" height=\"806\" data-id=\"88945\" src=\"https:\/\/centcols.org\/wp-content\/uploads\/2011\/04\/L02613-1.jpg\" alt=\"\" class=\"wp-image-88945\" srcset=\"https:\/\/centcols.org\/wp-content\/uploads\/2011\/04\/L02613-1.jpg 1200w, https:\/\/centcols.org\/wp-content\/uploads\/2011\/04\/L02613-1-768x516.jpg 768w\" sizes=\"auto, (max-width: 1200px) 100vw, 1200px\" \/><\/a><figcaption class=\"wp-element-caption\">\u00c1lbum de fotos de Alain Minard (teniente de alcalde de Camprieu)<\/figcaption><\/figure>\n\n\n\n<figure class=\"wp-block-image size-full\"><a href=\"https:\/\/centcols.org\/es\/util\/visuAlbum.php\/?album=03225-002\" target=\"_blank\" rel=\"noreferrer noopener\"><img loading=\"lazy\" decoding=\"async\" width=\"1200\" height=\"806\" data-id=\"88946\" src=\"https:\/\/centcols.org\/wp-content\/uploads\/2011\/04\/L03324-1.jpg\" alt=\"\" class=\"wp-image-88946\" srcset=\"https:\/\/centcols.org\/wp-content\/uploads\/2011\/04\/L03324-1.jpg 1200w, https:\/\/centcols.org\/wp-content\/uploads\/2011\/04\/L03324-1-768x516.jpg 768w\" sizes=\"auto, (max-width: 1200px) 100vw, 1200px\" \/><\/a><figcaption class=\"wp-element-caption\">\u00c1lbum de fotos de Alain Minard (teniente de alcalde de Camprieu)<\/figcaption><\/figure>\n\n\n\n<figure class=\"wp-block-image size-full\"><a href=\"https:\/\/centcols.org\/es\/les_rendez-vous\/2011\/Camprieu\/albums\/5642\/\" target=\"_blank\" rel=\"noreferrer noopener\"><img loading=\"lazy\" decoding=\"async\" width=\"868\" height=\"579\" data-id=\"88948\" src=\"https:\/\/centcols.org\/wp-content\/uploads\/2011\/04\/camprieu14.jpg\" alt=\"\" class=\"wp-image-88948\" srcset=\"https:\/\/centcols.org\/wp-content\/uploads\/2011\/04\/camprieu14.jpg 868w, https:\/\/centcols.org\/wp-content\/uploads\/2011\/04\/camprieu14-768x512.jpg 768w\" sizes=\"auto, (max-width: 868px) 100vw, 868px\" \/><\/a><figcaption class=\"wp-element-caption\">\u00c1lbum de fotos de Hubert Becker<\/figcaption><\/figure>\n\n\n\n<figure class=\"wp-block-image size-full\"><a href=\"https:\/\/centcols.org\/es\/util\/visuAlbum.php\/?album=03019-001\" target=\"_blank\" rel=\"noreferrer noopener\"><img loading=\"lazy\" decoding=\"async\" width=\"640\" height=\"425\" data-id=\"88950\" src=\"https:\/\/centcols.org\/wp-content\/uploads\/2011\/04\/L02014-e1.jpg\" alt=\"\" class=\"wp-image-88950\"\/><\/a><figcaption class=\"wp-element-caption\">\u00c1lbum de fotos de Ghislain Molitor<\/figcaption><\/figure>\n\n\n\n<figure class=\"wp-block-image size-full\"><a href=\"https:\/\/centcols.org\/es\/util\/visuAlbum.php\/?album=06862-002\" target=\"_blank\" rel=\"noreferrer noopener\"><img loading=\"lazy\" decoding=\"async\" width=\"640\" height=\"480\" data-id=\"88951\" src=\"https:\/\/centcols.org\/wp-content\/uploads\/2011\/04\/L01215-1.jpg\" alt=\"\" class=\"wp-image-88951\"\/><\/a><figcaption class=\"wp-element-caption\">\u00c1lbum de fotos de Philippe Marquet<\/figcaption><\/figure>\n\n\n\n<figure class=\"wp-block-image size-full\"><a href=\"https:\/\/centcols.org\/es\/util\/visuAlbum.php\/?album=06642-003\" target=\"_blank\" rel=\"noreferrer noopener\"><img loading=\"lazy\" decoding=\"async\" width=\"1200\" height=\"900\" data-id=\"88952\" src=\"https:\/\/centcols.org\/wp-content\/uploads\/2011\/04\/L02813-1.jpg\" alt=\"\" class=\"wp-image-88952\" srcset=\"https:\/\/centcols.org\/wp-content\/uploads\/2011\/04\/L02813-1.jpg 1200w, https:\/\/centcols.org\/wp-content\/uploads\/2011\/04\/L02813-1-768x576.jpg 768w\" sizes=\"auto, (max-width: 1200px) 100vw, 1200px\" \/><\/a><figcaption class=\"wp-element-caption\">\u00c1lbum de fotos de Jo\u00eblle De Rudder-Bonnel<\/figcaption><\/figure>\n\n\n\n<figure class=\"wp-block-image size-full\"><a href=\"https:\/\/centcols.org\/es\/util\/visuAlbum.php\/?album=04782-001\" target=\"_blank\" rel=\"noreferrer noopener\"><img loading=\"lazy\" decoding=\"async\" width=\"1365\" height=\"1024\" data-id=\"88953\" src=\"https:\/\/centcols.org\/wp-content\/uploads\/2011\/04\/L01415.jpg\" alt=\"\" class=\"wp-image-88953\" srcset=\"https:\/\/centcols.org\/wp-content\/uploads\/2011\/04\/L01415.jpg 1365w, https:\/\/centcols.org\/wp-content\/uploads\/2011\/04\/L01415-1200x900.jpg 1200w, https:\/\/centcols.org\/wp-content\/uploads\/2011\/04\/L01415-768x576.jpg 768w\" sizes=\"auto, (max-width: 1365px) 100vw, 1365px\" \/><\/a><figcaption class=\"wp-element-caption\">\u00c1lbum de fotos de Serge Polloni<\/figcaption><\/figure>\n\n\n\n<figure class=\"wp-block-image size-full\"><a href=\"https:\/\/centcols.org\/es\/util\/visuAlbum.php\/?album=05650-005\" target=\"_blank\" rel=\"noreferrer noopener\"><img loading=\"lazy\" decoding=\"async\" width=\"1200\" height=\"900\" data-id=\"88956\" src=\"https:\/\/centcols.org\/wp-content\/uploads\/2011\/04\/L02913-1.jpg\" alt=\"\" class=\"wp-image-88956\" srcset=\"https:\/\/centcols.org\/wp-content\/uploads\/2011\/04\/L02913-1.jpg 1200w, https:\/\/centcols.org\/wp-content\/uploads\/2011\/04\/L02913-1-768x576.jpg 768w\" sizes=\"auto, (max-width: 1200px) 100vw, 1200px\" \/><\/a><figcaption class=\"wp-element-caption\">\u00c1lbum de fotos de Alf\u00e9o Lotto<\/figcaption><\/figure>\n\n\n\n<figure class=\"wp-block-image size-full\"><img loading=\"lazy\" decoding=\"async\" width=\"800\" height=\"600\" data-id=\"88957\" src=\"https:\/\/centcols.org\/wp-content\/uploads\/2011\/04\/Camprieu-021.jpg\" alt=\"\" class=\"wp-image-88957\" srcset=\"https:\/\/centcols.org\/wp-content\/uploads\/2011\/04\/Camprieu-021.jpg 800w, https:\/\/centcols.org\/wp-content\/uploads\/2011\/04\/Camprieu-021-768x576.jpg 768w\" sizes=\"auto, (max-width: 800px) 100vw, 800px\" \/><figcaption class=\"wp-element-caption\">\u00c1lbum de fotos de Guy Cambess\u00e8d\u00e8s<\/figcaption><\/figure>\n\n\n\n<figure class=\"wp-block-image size-full\"><a href=\"https:\/\/centcols.org\/es\/util\/visuAlbum.php\/?album=03225-004\" target=\"_blank\" rel=\"noreferrer noopener\"><img loading=\"lazy\" decoding=\"async\" width=\"1200\" height=\"900\" data-id=\"88958\" src=\"https:\/\/centcols.org\/wp-content\/uploads\/2011\/04\/L01914-1.jpg\" alt=\"\" class=\"wp-image-88958\" srcset=\"https:\/\/centcols.org\/wp-content\/uploads\/2011\/04\/L01914-1.jpg 1200w, https:\/\/centcols.org\/wp-content\/uploads\/2011\/04\/L01914-1-768x576.jpg 768w\" sizes=\"auto, (max-width: 1200px) 100vw, 1200px\" \/><\/a><figcaption class=\"wp-element-caption\">\u00c1lbum de fotos de R\u00e9gis Paraz<\/figcaption><\/figure>\n\n\n\n<figure class=\"wp-block-image size-full\"><a href=\"https:\/\/centcols.org\/les_rendez-vous\/2011\/Camprieu\/albums\/3239\/album.htm\" target=\"_blank\" rel=\"noreferrer noopener\"><img loading=\"lazy\" decoding=\"async\" width=\"800\" height=\"600\" data-id=\"88960\" src=\"https:\/\/centcols.org\/wp-content\/uploads\/2011\/04\/P1050259.jpg\" alt=\"\" class=\"wp-image-88960\" srcset=\"https:\/\/centcols.org\/wp-content\/uploads\/2011\/04\/P1050259.jpg 800w, https:\/\/centcols.org\/wp-content\/uploads\/2011\/04\/P1050259-768x576.jpg 768w\" sizes=\"auto, (max-width: 800px) 100vw, 800px\" \/><\/a><figcaption class=\"wp-element-caption\">\u00c1lbum de fotos de Alain Dabe<\/figcaption><\/figure>\n\n\n\n<figure class=\"wp-block-image size-full\"><a href=\"https:\/\/centcols.org\/es\/util\/visuAlbum.php\/?album=00722-005\" target=\"_blank\" rel=\"noreferrer noopener\"><img loading=\"lazy\" decoding=\"async\" width=\"500\" height=\"390\" data-id=\"88962\" src=\"https:\/\/centcols.org\/wp-content\/uploads\/2011\/04\/L00216-500x390-1.jpg\" alt=\"\" class=\"wp-image-88962\"\/><\/a><figcaption class=\"wp-element-caption\">\u00c1lbum de fotos de Alain Gillodes<\/figcaption><\/figure>\n\n\n\n<figure class=\"wp-block-image size-full\"><a href=\"https:\/\/centcols.org\/es\/util\/visuAlbum.php\/?album=03092-003\" target=\"_blank\" rel=\"noreferrer noopener\"><img loading=\"lazy\" decoding=\"async\" width=\"1200\" height=\"900\" data-id=\"88963\" src=\"https:\/\/centcols.org\/wp-content\/uploads\/2011\/04\/L0881-1.jpg\" alt=\"\" class=\"wp-image-88963\" srcset=\"https:\/\/centcols.org\/wp-content\/uploads\/2011\/04\/L0881-1.jpg 1200w, https:\/\/centcols.org\/wp-content\/uploads\/2011\/04\/L0881-1-768x576.jpg 768w\" sizes=\"auto, (max-width: 1200px) 100vw, 1200px\" \/><\/a><figcaption class=\"wp-element-caption\">\u00c1lbum de fotos de Phillipe Carrez<\/figcaption><\/figure>\n\n\n\n<figure class=\"wp-block-image size-full\"><a href=\"https:\/\/centcols.org\/es\/util\/visuAlbum.php\/?album=06441-001\" target=\"_blank\" rel=\"noreferrer noopener\"><img loading=\"lazy\" decoding=\"async\" width=\"1200\" height=\"900\" data-id=\"88964\" src=\"https:\/\/centcols.org\/wp-content\/uploads\/2011\/04\/L00915-1.jpg\" alt=\"\" class=\"wp-image-88964\" srcset=\"https:\/\/centcols.org\/wp-content\/uploads\/2011\/04\/L00915-1.jpg 1200w, https:\/\/centcols.org\/wp-content\/uploads\/2011\/04\/L00915-1-768x576.jpg 768w\" sizes=\"auto, (max-width: 1200px) 100vw, 1200px\" \/><\/a><figcaption class=\"wp-element-caption\">\u00c1lbum de fotos de Maryse Renaud<\/figcaption><\/figure>\n\n\n\n<figure class=\"wp-block-image size-full\"><a href=\"https:\/\/centcols.org\/es\/util\/visuAlbum.php\/?album=01420-003\" target=\"_blank\" rel=\"noreferrer noopener\"><img loading=\"lazy\" decoding=\"async\" width=\"800\" height=\"600\" data-id=\"88965\" src=\"https:\/\/centcols.org\/wp-content\/uploads\/2011\/04\/M0238.jpg\" alt=\"\" class=\"wp-image-88965\" srcset=\"https:\/\/centcols.org\/wp-content\/uploads\/2011\/04\/M0238.jpg 800w, https:\/\/centcols.org\/wp-content\/uploads\/2011\/04\/M0238-768x576.jpg 768w\" sizes=\"auto, (max-width: 800px) 100vw, 800px\" \/><\/a><figcaption class=\"wp-element-caption\">\u00c1lbum de fotos de Guy Cambess\u00e8d\u00e8s<\/figcaption><\/figure>\n\n\n\n<figure class=\"wp-block-image size-full\"><a href=\"https:\/\/centcols.org\/es\/util\/visuAlbum.php\/?album=03848-001\" target=\"_blank\" rel=\"noreferrer noopener\"><img loading=\"lazy\" decoding=\"async\" width=\"1200\" height=\"900\" data-id=\"88967\" src=\"https:\/\/centcols.org\/wp-content\/uploads\/2011\/04\/L1041-1.jpg\" alt=\"\" class=\"wp-image-88967\" srcset=\"https:\/\/centcols.org\/wp-content\/uploads\/2011\/04\/L1041-1.jpg 1200w, https:\/\/centcols.org\/wp-content\/uploads\/2011\/04\/L1041-1-768x576.jpg 768w\" sizes=\"auto, (max-width: 1200px) 100vw, 1200px\" \/><\/a><figcaption class=\"wp-element-caption\">\u00c1lbum de fotos de Michel Boni<\/figcaption><\/figure>\n<\/figure>","protected":false},"excerpt":{"rendered":"<p>Pr\u00e9sentation Situ\u00e9 \u00e0 l\u2019extr\u00eame Ouest des C\u00e9vennes, le massif de l\u2019Aigoual sera notre \u00ab terrain de jeu \u00bb pour ce s\u00e9jour estival 2011. Le Mont Aigoual (1567m) est connu pour ses \u00ab caprices \u00bb m\u00e9t\u00e9orologiques, les expositions de M\u00e9t\u00e9o-France propos\u00e9es dans l\u2019observatoire sommital sauront vous apporter les connaissances n\u00e9cessaires pour bien comprendre ce climat si [&hellip;]<\/p>\n","protected":false},"author":3,"featured_media":82978,"comment_status":"closed","ping_status":"closed","sticky":false,"template":"","format":"standard","meta":{"_acf_changed":false,"footnotes":""},"categories":[349,384,363,135,393,231],"tags":[],"class_list":["post-81590","post","type-post","status-publish","format-standard","has-post-thumbnail","hentry","category-france-pays-sejours","category-occitanie-region-sejours","category-massif-central-massif-sejours","category-calendrier","category-30-gard","category-sejours"],"acf":[],"yoast_head":"<!-- This site is optimized with the Yoast SEO plugin v27.2 - https:\/\/yoast.com\/product\/yoast-seo-wordpress\/ -->\n<title>S\u00e9jour estival \u00e0 Saint-Sauveur-Camprieu (Gard) du 16 au 20 ao\u00fbt 2011 - Club des Cent Cols<\/title>\n<meta name=\"robots\" content=\"index, follow, max-snippet:-1, max-image-preview:large, max-video-preview:-1\" \/>\n<link rel=\"canonical\" href=\"https:\/\/centcols.org\/es\/estancia-2011-camprieu\/\" \/>\n<meta property=\"og:locale\" content=\"es_ES\" \/>\n<meta property=\"og:type\" content=\"article\" \/>\n<meta property=\"og:title\" content=\"S\u00e9jour estival \u00e0 Saint-Sauveur-Camprieu (Gard) du 16 au 20 ao\u00fbt 2011 - Club des Cent Cols\" \/>\n<meta property=\"og:description\" content=\"Pr\u00e9sentation Situ\u00e9 \u00e0 l\u2019extr\u00eame Ouest des C\u00e9vennes, le massif de l\u2019Aigoual sera notre \u00ab terrain de jeu \u00bb pour ce s\u00e9jour estival 2011. Le Mont Aigoual (1567m) est connu pour ses \u00ab caprices \u00bb m\u00e9t\u00e9orologiques, les expositions de M\u00e9t\u00e9o-France propos\u00e9es dans l\u2019observatoire sommital sauront vous apporter les connaissances n\u00e9cessaires pour bien comprendre ce climat si [&hellip;]\" \/>\n<meta property=\"og:url\" content=\"https:\/\/centcols.org\/es\/estancia-2011-camprieu\/\" \/>\n<meta property=\"og:site_name\" content=\"Club des Cent Cols\" \/>\n<meta property=\"article:publisher\" content=\"https:\/\/www.facebook.com\/groups\/5261880558\/?locale=fr_FR\" \/>\n<meta property=\"article:published_time\" content=\"2011-04-23T08:09:44+00:00\" \/>\n<meta property=\"article:modified_time\" content=\"2025-09-02T09:24:10+00:00\" \/>\n<meta property=\"og:image\" content=\"https:\/\/centcols.org\/wp-content\/uploads\/2015\/04\/genets1.jpg\" \/>\n\t<meta property=\"og:image:width\" content=\"200\" \/>\n\t<meta property=\"og:image:height\" content=\"150\" \/>\n\t<meta property=\"og:image:type\" content=\"image\/jpeg\" \/>\n<meta name=\"author\" content=\"Webmestre\" \/>\n<meta name=\"twitter:card\" content=\"summary_large_image\" \/>\n<meta name=\"twitter:label1\" content=\"Escrito por\" \/>\n\t<meta name=\"twitter:data1\" content=\"Webmestre\" \/>\n\t<meta name=\"twitter:label2\" content=\"Tiempo de lectura\" \/>\n\t<meta name=\"twitter:data2\" content=\"11 minutos\" \/>\n<script type=\"application\/ld+json\" class=\"yoast-schema-graph\">{\"@context\":\"https:\/\/schema.org\",\"@graph\":[{\"@type\":\"Article\",\"@id\":\"https:\/\/centcols.org\/sejour-2011-camprieu\/#article\",\"isPartOf\":{\"@id\":\"https:\/\/centcols.org\/sejour-2011-camprieu\/\"},\"author\":{\"name\":\"Webmestre\",\"@id\":\"https:\/\/centcols.org\/#\/schema\/person\/911b404fb133d8c913dd27cdcf71c8e5\"},\"headline\":\"S\u00e9jour estival \u00e0 Saint-Sauveur-Camprieu (Gard) du 16 au 20 ao\u00fbt 2011\",\"datePublished\":\"2011-04-23T08:09:44+00:00\",\"dateModified\":\"2025-09-02T09:24:10+00:00\",\"mainEntityOfPage\":{\"@id\":\"https:\/\/centcols.org\/sejour-2011-camprieu\/\"},\"wordCount\":1390,\"publisher\":{\"@id\":\"https:\/\/centcols.org\/#organization\"},\"image\":{\"@id\":\"https:\/\/centcols.org\/sejour-2011-camprieu\/#primaryimage\"},\"thumbnailUrl\":\"https:\/\/centcols.org\/wp-content\/uploads\/2015\/04\/genets1.jpg\",\"articleSection\":[\"France\",\"Occitanie\",\"Massif Central\",\"Calendrier\",\"30-Gard\",\"S\u00e9jours du Club des Cent Cols\"],\"inLanguage\":\"es\"},{\"@type\":\"WebPage\",\"@id\":\"https:\/\/centcols.org\/sejour-2011-camprieu\/\",\"url\":\"https:\/\/centcols.org\/sejour-2011-camprieu\/\",\"name\":\"S\u00e9jour estival \u00e0 Saint-Sauveur-Camprieu (Gard) du 16 au 20 ao\u00fbt 2011 - Club des Cent Cols\",\"isPartOf\":{\"@id\":\"https:\/\/centcols.org\/#website\"},\"primaryImageOfPage\":{\"@id\":\"https:\/\/centcols.org\/sejour-2011-camprieu\/#primaryimage\"},\"image\":{\"@id\":\"https:\/\/centcols.org\/sejour-2011-camprieu\/#primaryimage\"},\"thumbnailUrl\":\"https:\/\/centcols.org\/wp-content\/uploads\/2015\/04\/genets1.jpg\",\"datePublished\":\"2011-04-23T08:09:44+00:00\",\"dateModified\":\"2025-09-02T09:24:10+00:00\",\"breadcrumb\":{\"@id\":\"https:\/\/centcols.org\/sejour-2011-camprieu\/#breadcrumb\"},\"inLanguage\":\"es\",\"potentialAction\":[{\"@type\":\"ReadAction\",\"target\":[\"https:\/\/centcols.org\/sejour-2011-camprieu\/\"]}]},{\"@type\":\"ImageObject\",\"inLanguage\":\"es\",\"@id\":\"https:\/\/centcols.org\/sejour-2011-camprieu\/#primaryimage\",\"url\":\"https:\/\/centcols.org\/wp-content\/uploads\/2015\/04\/genets1.jpg\",\"contentUrl\":\"https:\/\/centcols.org\/wp-content\/uploads\/2015\/04\/genets1.jpg\",\"width\":200,\"height\":150},{\"@type\":\"BreadcrumbList\",\"@id\":\"https:\/\/centcols.org\/sejour-2011-camprieu\/#breadcrumb\",\"itemListElement\":[{\"@type\":\"ListItem\",\"position\":1,\"name\":\"Accueil\",\"item\":\"https:\/\/centcols.org\/\"},{\"@type\":\"ListItem\",\"position\":2,\"name\":\"S\u00e9jours du Club des Cent Cols\",\"item\":\"https:\/\/centcols.org\/rubrique\/sejours\/\"},{\"@type\":\"ListItem\",\"position\":3,\"name\":\"Pays\",\"item\":\"https:\/\/centcols.org\/rubrique\/sejours\/pays-sejours\/\"},{\"@type\":\"ListItem\",\"position\":4,\"name\":\"France\",\"item\":\"https:\/\/centcols.org\/rubrique\/sejours\/pays-sejours\/france-pays-sejours\/\"},{\"@type\":\"ListItem\",\"position\":5,\"name\":\"S\u00e9jour estival \u00e0 Saint-Sauveur-Camprieu (Gard) du 16 au 20 ao\u00fbt 2011\"}]},{\"@type\":\"WebSite\",\"@id\":\"https:\/\/centcols.org\/#website\",\"url\":\"https:\/\/centcols.org\/\",\"name\":\"Club des Cent Cols\",\"description\":\"\",\"publisher\":{\"@id\":\"https:\/\/centcols.org\/#organization\"},\"potentialAction\":[{\"@type\":\"SearchAction\",\"target\":{\"@type\":\"EntryPoint\",\"urlTemplate\":\"https:\/\/centcols.org\/?s={search_term_string}\"},\"query-input\":{\"@type\":\"PropertyValueSpecification\",\"valueRequired\":true,\"valueName\":\"search_term_string\"}}],\"inLanguage\":\"es\"},{\"@type\":\"Organization\",\"@id\":\"https:\/\/centcols.org\/#organization\",\"name\":\"Club des Cent Cols\",\"url\":\"https:\/\/centcols.org\/\",\"logo\":{\"@type\":\"ImageObject\",\"inLanguage\":\"es\",\"@id\":\"https:\/\/centcols.org\/#\/schema\/logo\/image\/\",\"url\":\"https:\/\/centcols.org\/wp-content\/uploads\/2025\/01\/carte-icone.png\",\"contentUrl\":\"https:\/\/centcols.org\/wp-content\/uploads\/2025\/01\/carte-icone.png\",\"width\":250,\"height\":250,\"caption\":\"Club des Cent Cols\"},\"image\":{\"@id\":\"https:\/\/centcols.org\/#\/schema\/logo\/image\/\"},\"sameAs\":[\"https:\/\/www.facebook.com\/groups\/5261880558\/?locale=fr_FR\"]},{\"@type\":\"Person\",\"@id\":\"https:\/\/centcols.org\/#\/schema\/person\/911b404fb133d8c913dd27cdcf71c8e5\",\"name\":\"Webmestre\",\"image\":{\"@type\":\"ImageObject\",\"inLanguage\":\"es\",\"@id\":\"https:\/\/centcols.org\/wp-content\/litespeed\/avatar\/2d246e4b6b4f773e08515e1ffc53690b.jpg?ver=1777222892\",\"url\":\"https:\/\/centcols.org\/wp-content\/litespeed\/avatar\/2d246e4b6b4f773e08515e1ffc53690b.jpg?ver=1777222892\",\"contentUrl\":\"https:\/\/centcols.org\/wp-content\/litespeed\/avatar\/2d246e4b6b4f773e08515e1ffc53690b.jpg?ver=1777222892\",\"caption\":\"Webmestre\"},\"url\":\"https:\/\/centcols.org\/es\/author\/webmestre\/\"}]}<\/script>\n<!-- \/ Yoast SEO plugin. -->","yoast_head_json":{"title":"Vacaciones de verano en Saint-Sauveur-Camprieu (Gard) del 16 al 20 de agosto de 2011 - Club des Cent Cols","robots":{"index":"index","follow":"follow","max-snippet":"max-snippet:-1","max-image-preview":"max-image-preview:large","max-video-preview":"max-video-preview:-1"},"canonical":"https:\/\/centcols.org\/es\/estancia-2011-camprieu\/","og_locale":"es_ES","og_type":"article","og_title":"S\u00e9jour estival \u00e0 Saint-Sauveur-Camprieu (Gard) du 16 au 20 ao\u00fbt 2011 - Club des Cent Cols","og_description":"Pr\u00e9sentation Situ\u00e9 \u00e0 l\u2019extr\u00eame Ouest des C\u00e9vennes, le massif de l\u2019Aigoual sera notre \u00ab terrain de jeu \u00bb pour ce s\u00e9jour estival 2011. Le Mont Aigoual (1567m) est connu pour ses \u00ab caprices \u00bb m\u00e9t\u00e9orologiques, les expositions de M\u00e9t\u00e9o-France propos\u00e9es dans l\u2019observatoire sommital sauront vous apporter les connaissances n\u00e9cessaires pour bien comprendre ce climat si [&hellip;]","og_url":"https:\/\/centcols.org\/es\/estancia-2011-camprieu\/","og_site_name":"Club des Cent Cols","article_publisher":"https:\/\/www.facebook.com\/groups\/5261880558\/?locale=fr_FR","article_published_time":"2011-04-23T08:09:44+00:00","article_modified_time":"2025-09-02T09:24:10+00:00","og_image":[{"width":200,"height":150,"url":"https:\/\/centcols.org\/wp-content\/uploads\/2015\/04\/genets1.jpg","type":"image\/jpeg"}],"author":"Webmestre","twitter_card":"summary_large_image","twitter_misc":{"Escrito por":"Webmestre","Tiempo de lectura":"11 minutos"},"schema":{"@context":"https:\/\/schema.org","@graph":[{"@type":"Article","@id":"https:\/\/centcols.org\/sejour-2011-camprieu\/#article","isPartOf":{"@id":"https:\/\/centcols.org\/sejour-2011-camprieu\/"},"author":{"name":"Webmestre","@id":"https:\/\/centcols.org\/#\/schema\/person\/911b404fb133d8c913dd27cdcf71c8e5"},"headline":"S\u00e9jour estival \u00e0 Saint-Sauveur-Camprieu (Gard) du 16 au 20 ao\u00fbt 2011","datePublished":"2011-04-23T08:09:44+00:00","dateModified":"2025-09-02T09:24:10+00:00","mainEntityOfPage":{"@id":"https:\/\/centcols.org\/sejour-2011-camprieu\/"},"wordCount":1390,"publisher":{"@id":"https:\/\/centcols.org\/#organization"},"image":{"@id":"https:\/\/centcols.org\/sejour-2011-camprieu\/#primaryimage"},"thumbnailUrl":"https:\/\/centcols.org\/wp-content\/uploads\/2015\/04\/genets1.jpg","articleSection":["France","Occitanie","Massif Central","Calendrier","30-Gard","S\u00e9jours du Club des Cent Cols"],"inLanguage":"es"},{"@type":"WebPage","@id":"https:\/\/centcols.org\/sejour-2011-camprieu\/","url":"https:\/\/centcols.org\/sejour-2011-camprieu\/","name":"Vacaciones de verano en Saint-Sauveur-Camprieu (Gard) del 16 al 20 de agosto de 2011 - Club des Cent Cols","isPartOf":{"@id":"https:\/\/centcols.org\/#website"},"primaryImageOfPage":{"@id":"https:\/\/centcols.org\/sejour-2011-camprieu\/#primaryimage"},"image":{"@id":"https:\/\/centcols.org\/sejour-2011-camprieu\/#primaryimage"},"thumbnailUrl":"https:\/\/centcols.org\/wp-content\/uploads\/2015\/04\/genets1.jpg","datePublished":"2011-04-23T08:09:44+00:00","dateModified":"2025-09-02T09:24:10+00:00","breadcrumb":{"@id":"https:\/\/centcols.org\/sejour-2011-camprieu\/#breadcrumb"},"inLanguage":"es","potentialAction":[{"@type":"ReadAction","target":["https:\/\/centcols.org\/sejour-2011-camprieu\/"]}]},{"@type":"ImageObject","inLanguage":"es","@id":"https:\/\/centcols.org\/sejour-2011-camprieu\/#primaryimage","url":"https:\/\/centcols.org\/wp-content\/uploads\/2015\/04\/genets1.jpg","contentUrl":"https:\/\/centcols.org\/wp-content\/uploads\/2015\/04\/genets1.jpg","width":200,"height":150},{"@type":"BreadcrumbList","@id":"https:\/\/centcols.org\/sejour-2011-camprieu\/#breadcrumb","itemListElement":[{"@type":"ListItem","position":1,"name":"Accueil","item":"https:\/\/centcols.org\/"},{"@type":"ListItem","position":2,"name":"S\u00e9jours du Club des Cent Cols","item":"https:\/\/centcols.org\/rubrique\/sejours\/"},{"@type":"ListItem","position":3,"name":"Pays","item":"https:\/\/centcols.org\/rubrique\/sejours\/pays-sejours\/"},{"@type":"ListItem","position":4,"name":"France","item":"https:\/\/centcols.org\/rubrique\/sejours\/pays-sejours\/france-pays-sejours\/"},{"@type":"ListItem","position":5,"name":"S\u00e9jour estival \u00e0 Saint-Sauveur-Camprieu (Gard) du 16 au 20 ao\u00fbt 2011"}]},{"@type":"WebSite","@id":"https:\/\/centcols.org\/#website","url":"https:\/\/centcols.org\/","name":"Club des Cent Cols","description":"","publisher":{"@id":"https:\/\/centcols.org\/#organization"},"potentialAction":[{"@type":"SearchAction","target":{"@type":"EntryPoint","urlTemplate":"https:\/\/centcols.org\/?s={search_term_string}"},"query-input":{"@type":"PropertyValueSpecification","valueRequired":true,"valueName":"search_term_string"}}],"inLanguage":"es"},{"@type":"Organization","@id":"https:\/\/centcols.org\/#organization","name":"Club des Cent Cols","url":"https:\/\/centcols.org\/","logo":{"@type":"ImageObject","inLanguage":"es","@id":"https:\/\/centcols.org\/#\/schema\/logo\/image\/","url":"https:\/\/centcols.org\/wp-content\/uploads\/2025\/01\/carte-icone.png","contentUrl":"https:\/\/centcols.org\/wp-content\/uploads\/2025\/01\/carte-icone.png","width":250,"height":250,"caption":"Club des Cent Cols"},"image":{"@id":"https:\/\/centcols.org\/#\/schema\/logo\/image\/"},"sameAs":["https:\/\/www.facebook.com\/groups\/5261880558\/?locale=fr_FR"]},{"@type":"Person","@id":"https:\/\/centcols.org\/#\/schema\/person\/911b404fb133d8c913dd27cdcf71c8e5","name":"Webmaster","image":{"@type":"ImageObject","inLanguage":"es","@id":"https:\/\/centcols.org\/wp-content\/litespeed\/avatar\/2d246e4b6b4f773e08515e1ffc53690b.jpg?ver=1777222892","url":"https:\/\/centcols.org\/wp-content\/litespeed\/avatar\/2d246e4b6b4f773e08515e1ffc53690b.jpg?ver=1777222892","contentUrl":"https:\/\/centcols.org\/wp-content\/litespeed\/avatar\/2d246e4b6b4f773e08515e1ffc53690b.jpg?ver=1777222892","caption":"Webmestre"},"url":"https:\/\/centcols.org\/es\/author\/webmestre\/"}]}},"_links":{"self":[{"href":"https:\/\/centcols.org\/es\/wp-json\/wp\/v2\/posts\/81590","targetHints":{"allow":["GET"]}}],"collection":[{"href":"https:\/\/centcols.org\/es\/wp-json\/wp\/v2\/posts"}],"about":[{"href":"https:\/\/centcols.org\/es\/wp-json\/wp\/v2\/types\/post"}],"author":[{"embeddable":true,"href":"https:\/\/centcols.org\/es\/wp-json\/wp\/v2\/users\/3"}],"replies":[{"embeddable":true,"href":"https:\/\/centcols.org\/es\/wp-json\/wp\/v2\/comments?post=81590"}],"version-history":[{"count":0,"href":"https:\/\/centcols.org\/es\/wp-json\/wp\/v2\/posts\/81590\/revisions"}],"wp:featuredmedia":[{"embeddable":true,"href":"https:\/\/centcols.org\/es\/wp-json\/wp\/v2\/media\/82978"}],"wp:attachment":[{"href":"https:\/\/centcols.org\/es\/wp-json\/wp\/v2\/media?parent=81590"}],"wp:term":[{"taxonomy":"category","embeddable":true,"href":"https:\/\/centcols.org\/es\/wp-json\/wp\/v2\/categories?post=81590"},{"taxonomy":"post_tag","embeddable":true,"href":"https:\/\/centcols.org\/es\/wp-json\/wp\/v2\/tags?post=81590"}],"curies":[{"name":"wp","href":"https:\/\/api.w.org\/{rel}","templated":true}]}}