{"id":81608,"date":"2011-01-23T10:08:27","date_gmt":"2011-01-23T08:08:27","guid":{"rendered":"https:\/\/centcols.org\/sejour-de-printemps-en-catalogne-espagnole-a-ripoll-gi-du-9-au-16-avril-2011\/"},"modified":"2025-09-15T13:01:28","modified_gmt":"2025-09-15T11:01:28","slug":"estancia-2011-ripoll","status":"publish","type":"post","link":"https:\/\/centcols.org\/es\/sejour-2011-ripoll\/","title":{"rendered":"Vacaciones de primavera en la Catalu\u00f1a espa\u00f1ola en Ripoll (GI) del 9 al 16 de abril de 2011"},"content":{"rendered":"<h2 class=\"wp-block-heading\">Presentaci\u00f3n<\/h2>\n\n\n\n<p><strong>Por primera vez, las vacaciones del Club des Cent Cols tendr\u00e1n lugar fuera de Francia. Nuestro viaje de primavera de 2011 tendr\u00e1 lugar en Ripoll (65 km al sur de Bourg-Madame y 80 km al oeste de la Costa Brava), en la provincia catalana de Girona.<\/strong><\/p>\n\n\n\n<p>El Ripoll\u00e8s es una comarca (una de las 41 subdivisiones administrativas de Catalu\u00f1a) rodeada de monta\u00f1as (los Pirineos al norte y numerosas sierras alrededor), surcada por valles (Vall de Ribes, Camprodon y Baix Ripoll\u00e8s), donde el Freser y el Ter fluyen de norte a sur: monta\u00f1as, r\u00edos, valles y pueblos, muchos de ellos de origen medieval, te ayudar\u00e1n a apreciar su belleza.<\/p>\n\n\n\n<p>Es una regi\u00f3n con una extensa red de carreteras, pistas, caminos y senderos, salpicada de puertos de monta\u00f1a, lo que la convierte en un lugar ideal para nuestro deporte.<\/p>\n\n\n\n<p>Tambi\u00e9n es una de las regiones con m\u00e1s edificios rom\u00e1nicos de Europa: 98 monumentos repartidos por los 19 pueblos de la comarca: monasterios, ermitas, iglesias y puentes medievales que seguro querr\u00e1 visitar en sus salidas en bicicleta o en BTT.<\/p>\n\n\n\n<p>El monasterio benedictino de Santa Mar\u00eda de Ripoll, fundado por Guifredo el Velu en 880, se convirti\u00f3 en uno de los centros mon\u00e1sticos m\u00e1s importantes de Catalu\u00f1a hasta el siglo XV. Este monumento de gran inter\u00e9s hist\u00f3rico y cultural es uno de los mejores ejemplos del arte rom\u00e1nico catal\u00e1n.<\/p>\n\n\n\n<p>Alain GILLODES ( CC n\u00b0 722) y Chantal SALA (CC n\u00b0 3674)<\/p>\n\n\n\n<figure class=\"wp-block-gallery has-nested-images columns-3 is-cropped wp-block-gallery-1 is-layout-flex wp-block-gallery-is-layout-flex\">\n<figure class=\"wp-block-image size-full\"><img loading=\"lazy\" decoding=\"async\" width=\"200\" height=\"150\" data-id=\"89083\" src=\"https:\/\/centcols.org\/wp-content\/uploads\/2011\/01\/santJaume.jpg\" alt=\"\" class=\"wp-image-89083\" srcset=\"https:\/\/centcols.org\/wp-content\/uploads\/2011\/01\/santJaume.jpg 200w, https:\/\/centcols.org\/wp-content\/uploads\/2011\/01\/santJaume-16x12.jpg 16w\" sizes=\"auto, (max-width: 200px) 100vw, 200px\" \/><\/figure>\n\n\n\n<figure class=\"wp-block-image size-full\"><img loading=\"lazy\" decoding=\"async\" width=\"418\" height=\"386\" data-id=\"89084\" src=\"https:\/\/centcols.org\/wp-content\/uploads\/2011\/01\/ripolles.jpg\" alt=\"\" class=\"wp-image-89084\" srcset=\"https:\/\/centcols.org\/wp-content\/uploads\/2011\/01\/ripolles.jpg 418w, https:\/\/centcols.org\/wp-content\/uploads\/2011\/01\/ripolles-13x12.jpg 13w\" sizes=\"auto, (max-width: 418px) 100vw, 418px\" \/><\/figure>\n\n\n\n<figure class=\"wp-block-image size-full\"><img loading=\"lazy\" decoding=\"async\" width=\"200\" height=\"150\" data-id=\"89085\" src=\"https:\/\/centcols.org\/wp-content\/uploads\/2011\/01\/rupit.jpg\" alt=\"\" class=\"wp-image-89085\" srcset=\"https:\/\/centcols.org\/wp-content\/uploads\/2011\/01\/rupit.jpg 200w, https:\/\/centcols.org\/wp-content\/uploads\/2011\/01\/rupit-16x12.jpg 16w\" sizes=\"auto, (max-width: 200px) 100vw, 200px\" \/><\/figure>\n<\/figure>\n\n\n\n<h2 class=\"wp-block-heading\">Informaci\u00f3n pr\u00e1ctica importante<\/h2>\n\n\n\n<h3 class=\"wp-block-heading\">Organizaci\u00f3n pr\u00e1ctica<\/h3>\n\n\n\n<p>Los dos hoteles donde nos alojaremos est\u00e1n a 3 km de distancia.<br>A su llegada a Ripoll, cada uno de ustedes (incluidos los campistas) recibir\u00e1 una tarjeta con toda la informaci\u00f3n sobre el alojamiento que ha elegido y los servicios que ha pagado. Le rogamos que lleve esta tarjeta consigo, especialmente cuando vaya al restaurante. Esta tarjeta se le entregar\u00e1 en el hotel donde se aloje, bien entre las 16.00 y las 17.45 horas del s\u00e1bado 9 de abril en la recepci\u00f3n que tendremos, o bien, fuera de este horario, en la recepci\u00f3n de su hotel. A continuaci\u00f3n, todos los participantes se reunir\u00e1n a las 18.00 horas en el hotel La SOLANA del TER para tomar una copa de bienvenida.<br>Cada hotel nos proporcionar\u00e1 un cuarto para bicicletas.<\/p>\n\n\n\n<h3 class=\"wp-block-heading\">Hora de comer<\/h3>\n\n\n\n<ul class=\"wp-block-list\">\n<li>Desayuno (y picnic) a las 7h30<\/li>\n\n\n\n<li>Cena a las 20.00 horas<\/li>\n<\/ul>\n\n\n\n<h3 class=\"wp-block-heading\">Salida<\/h3>\n\n\n\n<p>9.00 h en el punto de salida real, despu\u00e9s de acercarse en coche si es necesario.<\/p>\n\n\n\n<p>El programa detallado indica el punto de partida real de cada itinerario y la ubicaci\u00f3n del aparcamiento elegido para estacionar; el mapa interactivo de cada itinerario le permitir\u00e1 adem\u00e1s visualizar con gran precisi\u00f3n su punto de partida (v\u00e9ase al lado); tambi\u00e9n indica la distancia desde Ripoll, generalmente inferior o igual a 35 km, y los lugares destacables. \u00c9stos se detallan en las notas culturales y tur\u00edsticas.<\/p>\n\n\n\n<h3 class=\"wp-block-heading\">Programa de actos<\/h3>\n\n\n\n<ul class=\"wp-block-list\">\n<li>S\u00e1bado 9 de abril de 2011\n<ul class=\"wp-block-list\">\n<li>A partir de las 16.00 horas, los participantes ser\u00e1n recibidos en cada hotel y se les entregar\u00e1n pases individuales para su estancia.<\/li>\n\n\n\n<li>18.00 h En La SOLANA DEL TER, presentaci\u00f3n del recorrido y del programa por el Presidente, R\u00e9gis Paraz; copa de bienvenida en presencia de la Alcaldesa de Ripoll, Madame Jorda y Roura.<\/li>\n<\/ul>\n<\/li>\n\n\n\n<li>Lunes 11 de abril de 2011\n<ul class=\"wp-block-list\">\n<li>18:00 Breve charla sobre la historia de Catalu\u00f1a, a cargo de Mich\u00e8le, profesora de Ripoll.<\/li>\n<\/ul>\n<\/li>\n\n\n\n<li>Mi\u00e9rcoles 13 de abril de 2011\n<ul class=\"wp-block-list\">\n<li>18.30 h Conferencia del Dr. Bernard Corbet sobre las enfermedades cardiovasculares y los riesgos asociados a la pr\u00e1ctica de nuestro deporte (CC N\u00b0 5364)<\/li>\n<\/ul>\n<\/li>\n\n\n\n<li>Viernes 15 de abril de 2011\n<ul class=\"wp-block-list\">\n<li>A las 18 h, breve concierto de m\u00fasica catalana ofrecido por Madame Jorda y Roura, alcaldesa de Ripoll.<\/li>\n\n\n\n<li>19.00 h Aperitivo de clausura en el hotel LA TROBADA<\/li>\n<\/ul>\n<\/li>\n<\/ul>\n\n\n\n<p>La Boutique estar\u00e1 disponible dos tardes (los d\u00edas y el lugar se determinar\u00e1n in situ) de 18.00 a 20.00 horas.<\/p>\n\n\n\n<h3 class=\"wp-block-heading\">Tablones de anuncios<\/h3>\n\n\n\n<p>Cada hotel dispone de un tabl\u00f3n de anuncios con toda la informaci\u00f3n que necesita: no olvide consultarlo.<\/p>\n\n\n\n<h2 class=\"wp-block-heading\">Visitas<\/h2>\n\n\n\n<p><a href=\"\/es\/membres\/cctours\/tours.php\/?lieu=Ripoll&amp;an=2011&amp;genre=R\">Siete circuitos de carretera<\/a> y <a href=\"\/es\/membres\/cctours\/tours.php\/?lieu=Ripoll&amp;an=2011&amp;genre=V\">siete senderos para bicicletas de monta\u00f1a<\/a> que se ofrecen. Cuatro de las rutas de carretera parten de Ripoll, y tres requieren recorrer entre 12 y 37 km en coche. Dos de las rutas en bicicleta de monta\u00f1a parten de Ripoll, y las dem\u00e1s se escalonan entre 12 y 26 km.<\/p>\n\n\n\n<p>En abril, el tiempo suele ser suave en esta regi\u00f3n, situada en la vertiente mediterr\u00e1nea de la divisoria continental y al sur de los Pirineos. Tenga en cuenta, sin embargo, que Ripoll se encuentra en un valle a 700 metros de altitud y que todas las excursiones se realizar\u00e1n a mayor altitud, con una de las excursiones por carretera subiendo hasta los 2104 metros. Por tanto, aseg\u00farese de llevar ropa adecuada.<\/p>\n\n\n\n<figure class=\"wp-block-gallery has-nested-images columns-2 is-cropped wp-block-gallery-2 is-layout-flex wp-block-gallery-is-layout-flex\">\n<figure class=\"wp-block-image size-full\"><img loading=\"lazy\" decoding=\"async\" width=\"200\" height=\"150\" data-id=\"90349\" src=\"https:\/\/centcols.org\/wp-content\/uploads\/2011\/01\/vidra.jpg\" alt=\"\" class=\"wp-image-90349\" srcset=\"https:\/\/centcols.org\/wp-content\/uploads\/2011\/01\/vidra.jpg 200w, https:\/\/centcols.org\/wp-content\/uploads\/2011\/01\/vidra-16x12.jpg 16w\" sizes=\"auto, (max-width: 200px) 100vw, 200px\" \/><\/figure>\n\n\n\n<figure class=\"wp-block-image size-full\"><img loading=\"lazy\" decoding=\"async\" width=\"200\" height=\"150\" data-id=\"90350\" src=\"https:\/\/centcols.org\/wp-content\/uploads\/2011\/01\/pal.jpg\" alt=\"\" class=\"wp-image-90350\" srcset=\"https:\/\/centcols.org\/wp-content\/uploads\/2011\/01\/pal.jpg 200w, https:\/\/centcols.org\/wp-content\/uploads\/2011\/01\/pal-16x12.jpg 16w\" sizes=\"auto, (max-width: 200px) 100vw, 200px\" \/><\/figure>\n<\/figure>\n\n\n\n<h6 class=\"wp-block-heading\">Los circuitos de carretera fueron dise\u00f1ados por Alain Gillodes y Chantal Sala, y trazados por Mario Labelle.<br>Descargar <a href=\"https:\/\/centcols.org\/wp-content\/uploads\/2025\/09\/routiers_papier.jpg\" target=\"_blank\" rel=\"noreferrer noopener\">mapa sin\u00f3ptico<\/a> Versi\u00f3n imprimible de todos los circuitos de carretera (1,9 MB) - gracias a G\u00e9rard Birelli.<\/h6>\n\n\n\n<h6 class=\"wp-block-heading\">Los senderos para bicicletas de monta\u00f1a fueron dise\u00f1ados por Alain Gillodes y Chantal Sala, y trazados por G\u00e9rard Birelli.<\/h6>\n\n\n\n<figure class=\"wp-block-gallery has-nested-images columns-8 is-cropped wp-block-gallery-3 is-layout-flex wp-block-gallery-is-layout-flex\">\n<figure class=\"wp-block-image size-full\"><a href=\"https:\/\/centcols.org\/wp-content\/uploads\/2011\/01\/trobada.jpg\"><img loading=\"lazy\" decoding=\"async\" width=\"200\" height=\"150\" data-id=\"89087\" src=\"https:\/\/centcols.org\/wp-content\/uploads\/2011\/01\/trobada.jpg\" alt=\"\" class=\"wp-image-89087\" srcset=\"https:\/\/centcols.org\/wp-content\/uploads\/2011\/01\/trobada.jpg 200w, https:\/\/centcols.org\/wp-content\/uploads\/2011\/01\/trobada-16x12.jpg 16w\" sizes=\"auto, (max-width: 200px) 100vw, 200px\" \/><\/a><\/figure>\n\n\n\n<figure class=\"wp-block-image size-full\"><a href=\"https:\/\/centcols.org\/wp-content\/uploads\/2011\/01\/elRipolles.png\"><img loading=\"lazy\" decoding=\"async\" width=\"200\" height=\"62\" data-id=\"89088\" src=\"https:\/\/centcols.org\/wp-content\/uploads\/2011\/01\/elRipolles.png\" alt=\"\" class=\"wp-image-89088\" srcset=\"https:\/\/centcols.org\/wp-content\/uploads\/2011\/01\/elRipolles.png 200w, https:\/\/centcols.org\/wp-content\/uploads\/2011\/01\/elRipolles-18x6.png 18w\" sizes=\"auto, (max-width: 200px) 100vw, 200px\" \/><\/a><\/figure>\n\n\n\n<figure class=\"wp-block-image size-full\"><a href=\"https:\/\/centcols.org\/wp-content\/uploads\/2011\/01\/espanya.png\"><img loading=\"lazy\" decoding=\"async\" width=\"200\" height=\"133\" data-id=\"89090\" src=\"https:\/\/centcols.org\/wp-content\/uploads\/2011\/01\/espanya.png\" alt=\"\" class=\"wp-image-89090\" srcset=\"https:\/\/centcols.org\/wp-content\/uploads\/2011\/01\/espanya.png 200w, https:\/\/centcols.org\/wp-content\/uploads\/2011\/01\/espanya-18x12.png 18w\" sizes=\"auto, (max-width: 200px) 100vw, 200px\" \/><\/a><\/figure>\n\n\n\n<figure class=\"wp-block-image size-full\"><a href=\"https:\/\/centcols.org\/wp-content\/uploads\/2011\/01\/girona.png\"><img loading=\"lazy\" decoding=\"async\" width=\"200\" height=\"133\" data-id=\"89091\" src=\"https:\/\/centcols.org\/wp-content\/uploads\/2011\/01\/girona.png\" alt=\"\" class=\"wp-image-89091\" srcset=\"https:\/\/centcols.org\/wp-content\/uploads\/2011\/01\/girona.png 200w, https:\/\/centcols.org\/wp-content\/uploads\/2011\/01\/girona-18x12.png 18w\" sizes=\"auto, (max-width: 200px) 100vw, 200px\" \/><\/a><\/figure>\n\n\n\n<figure class=\"wp-block-image size-full\"><a href=\"https:\/\/centcols.org\/wp-content\/uploads\/2011\/01\/ripoll.png\"><img loading=\"lazy\" decoding=\"async\" width=\"200\" height=\"133\" data-id=\"89092\" src=\"https:\/\/centcols.org\/wp-content\/uploads\/2011\/01\/ripoll.png\" alt=\"\" class=\"wp-image-89092\" srcset=\"https:\/\/centcols.org\/wp-content\/uploads\/2011\/01\/ripoll.png 200w, https:\/\/centcols.org\/wp-content\/uploads\/2011\/01\/ripoll-18x12.png 18w\" sizes=\"auto, (max-width: 200px) 100vw, 200px\" \/><\/a><\/figure>\n\n\n\n<figure class=\"wp-block-image size-full\"><a href=\"https:\/\/centcols.org\/wp-content\/uploads\/2011\/01\/senyera.png\"><img loading=\"lazy\" decoding=\"async\" width=\"200\" height=\"135\" data-id=\"89093\" src=\"https:\/\/centcols.org\/wp-content\/uploads\/2011\/01\/senyera.png\" alt=\"\" class=\"wp-image-89093\" srcset=\"https:\/\/centcols.org\/wp-content\/uploads\/2011\/01\/senyera.png 200w, https:\/\/centcols.org\/wp-content\/uploads\/2011\/01\/senyera-18x12.png 18w\" sizes=\"auto, (max-width: 200px) 100vw, 200px\" \/><\/a><\/figure>\n\n\n\n<figure class=\"wp-block-image size-full\"><a href=\"https:\/\/centcols.org\/wp-content\/uploads\/2011\/01\/solana.jpg\"><img loading=\"lazy\" decoding=\"async\" width=\"200\" height=\"150\" data-id=\"89094\" src=\"https:\/\/centcols.org\/wp-content\/uploads\/2011\/01\/solana.jpg\" alt=\"\" class=\"wp-image-89094\" srcset=\"https:\/\/centcols.org\/wp-content\/uploads\/2011\/01\/solana.jpg 200w, https:\/\/centcols.org\/wp-content\/uploads\/2011\/01\/solana-16x12.jpg 16w\" sizes=\"auto, (max-width: 200px) 100vw, 200px\" \/><\/a><\/figure>\n<\/figure>\n\n\n\n<h2 class=\"wp-block-heading\">Alojamiento<\/h2>\n\n\n\n<p>Los participantes se alojar\u00e1n en dos hoteles de Ripoll, una peque\u00f1a localidad de 11.000 habitantes que no cuenta con ning\u00fan establecimiento capaz de albergar a nuestro gran n\u00famero de ciclistas. Los dos establecimientos ofrecen instalaciones similares, y se les ha asignado uno de los dos hoteles una vez que se han inscrito en el viaje. Los dos hoteles son La Solana del Ter (pin S en el mapa de abajo) y La Trobada (pin T).<\/p>\n\n\n\n<p>El paquete de pensi\u00f3n completa indicado en el formulario de inscripci\u00f3n cubre el alojamiento durante 7 noches, del 09\/04 al 15\/04, ambos inclusive, y todas las comidas, desde la cena del s\u00e1bado 09\/04 por la noche hasta el desayuno del s\u00e1bado 16\/04 por la ma\u00f1ana, ambos inclusive.<\/p>\n\n\n\n<h2 class=\"wp-block-heading\">Informaci\u00f3n cultural y tur\u00edstica<\/h2>\n\n\n\n<p>Este documento contiene <a href=\"https:\/\/centcols.org\/wp-content\/uploads\/2025\/09\/sites.pdf\">PDF<\/a> unos apuntes culturales y tur\u00edsticos sobre algunos de los lugares de las comarcas del Ripoll\u00e8s y la Garrotxa por los que pasar\u00e1s en tu recorrido, o que est\u00e1n cerca y merecen una visita.<\/p>\n\n\n\n<h2 class=\"wp-block-heading\">\u00c1lbumes de fotos<\/h2>\n\n\n\n<figure class=\"wp-block-gallery has-nested-images columns-default is-cropped wp-block-gallery-4 is-layout-flex wp-block-gallery-is-layout-flex\">\n<figure class=\"wp-block-image size-full\"><a href=\"https:\/\/centcols.org\/es\/util\/visuAlbum.php\/?album=00722-003\" target=\"_blank\" rel=\"noreferrer noopener\"><img loading=\"lazy\" decoding=\"async\" width=\"800\" height=\"600\" data-id=\"89099\" src=\"https:\/\/centcols.org\/wp-content\/uploads\/2011\/01\/ripoll-gillodes.jpg\" alt=\"\" class=\"wp-image-89099\" srcset=\"https:\/\/centcols.org\/wp-content\/uploads\/2011\/01\/ripoll-gillodes.jpg 800w, https:\/\/centcols.org\/wp-content\/uploads\/2011\/01\/ripoll-gillodes-768x576.jpg 768w, https:\/\/centcols.org\/wp-content\/uploads\/2011\/01\/ripoll-gillodes-16x12.jpg 16w\" sizes=\"auto, (max-width: 800px) 100vw, 800px\" \/><\/a><figcaption class=\"wp-element-caption\">\u00c1lbum de Alain Gillodes<\/figcaption><\/figure>\n\n\n\n<figure class=\"wp-block-image size-full\"><a href=\"https:\/\/centcols.org\/es\/util\/visuAlbum.php\/?album=06028-001\" target=\"_blank\" rel=\"noreferrer noopener\"><img loading=\"lazy\" decoding=\"async\" width=\"800\" height=\"450\" data-id=\"89101\" src=\"https:\/\/centcols.org\/wp-content\/uploads\/2011\/01\/ripoll-L01315.jpg\" alt=\"\" class=\"wp-image-89101\" srcset=\"https:\/\/centcols.org\/wp-content\/uploads\/2011\/01\/ripoll-L01315.jpg 800w, https:\/\/centcols.org\/wp-content\/uploads\/2011\/01\/ripoll-L01315-768x432.jpg 768w, https:\/\/centcols.org\/wp-content\/uploads\/2011\/01\/ripoll-L01315-18x10.jpg 18w\" sizes=\"auto, (max-width: 800px) 100vw, 800px\" \/><\/a><figcaption class=\"wp-element-caption\">\u00a1nos mira con desprecio!<\/figcaption><\/figure>\n\n\n\n<figure class=\"wp-block-image size-full\"><a href=\"https:\/\/centcols.org\/es\/util\/visuAlbum.php\/?album=02880-001\" target=\"_blank\" rel=\"noreferrer noopener\"><img loading=\"lazy\" decoding=\"async\" width=\"800\" height=\"600\" data-id=\"89102\" src=\"https:\/\/centcols.org\/wp-content\/uploads\/2011\/01\/ripoll-garcin.jpg\" alt=\"\" class=\"wp-image-89102\" srcset=\"https:\/\/centcols.org\/wp-content\/uploads\/2011\/01\/ripoll-garcin.jpg 800w, https:\/\/centcols.org\/wp-content\/uploads\/2011\/01\/ripoll-garcin-768x576.jpg 768w, https:\/\/centcols.org\/wp-content\/uploads\/2011\/01\/ripoll-garcin-16x12.jpg 16w\" sizes=\"auto, (max-width: 800px) 100vw, 800px\" \/><\/a><figcaption class=\"wp-element-caption\">Villers St Paul en la cresta<\/figcaption><\/figure>\n\n\n\n<figure class=\"wp-block-image size-full\"><a href=\"https:\/\/centcols.org\/es\/util\/visuAlbum.php\/?album=06642-001\" target=\"_blank\" rel=\"noreferrer noopener\"><img loading=\"lazy\" decoding=\"async\" width=\"800\" height=\"600\" data-id=\"89103\" src=\"https:\/\/centcols.org\/wp-content\/uploads\/2011\/01\/ripoll-derudder.jpg\" alt=\"\" class=\"wp-image-89103\" srcset=\"https:\/\/centcols.org\/wp-content\/uploads\/2011\/01\/ripoll-derudder.jpg 800w, https:\/\/centcols.org\/wp-content\/uploads\/2011\/01\/ripoll-derudder-768x576.jpg 768w, https:\/\/centcols.org\/wp-content\/uploads\/2011\/01\/ripoll-derudder-16x12.jpg 16w\" sizes=\"auto, (max-width: 800px) 100vw, 800px\" \/><\/a><figcaption class=\"wp-element-caption\">\u00c1lbum de Joelle De Rudder-Bonnel<\/figcaption><\/figure>\n\n\n\n<figure class=\"wp-block-image size-full\"><a href=\"https:\/\/centcols.org\/es\/util\/visuAlbum.php\/?album=03237-001\" target=\"_blank\" rel=\"noreferrer noopener\"><img loading=\"lazy\" decoding=\"async\" width=\"800\" height=\"600\" data-id=\"89104\" src=\"https:\/\/centcols.org\/wp-content\/uploads\/2011\/01\/ripoll-L00815.jpg\" alt=\"\" class=\"wp-image-89104\" srcset=\"https:\/\/centcols.org\/wp-content\/uploads\/2011\/01\/ripoll-L00815.jpg 800w, https:\/\/centcols.org\/wp-content\/uploads\/2011\/01\/ripoll-L00815-768x576.jpg 768w, https:\/\/centcols.org\/wp-content\/uploads\/2011\/01\/ripoll-L00815-16x12.jpg 16w\" sizes=\"auto, (max-width: 800px) 100vw, 800px\" \/><\/a><figcaption class=\"wp-element-caption\">\u00c1lbum de Jean-Claude Prast<\/figcaption><\/figure>\n\n\n\n<figure class=\"wp-block-image size-full\"><a href=\"https:\/\/centcols.org\/es\/util\/visuAlbum.php\/?album=00550-008\" target=\"_blank\" rel=\"noreferrer noopener\"><img loading=\"lazy\" decoding=\"async\" width=\"800\" height=\"600\" data-id=\"89105\" src=\"https:\/\/centcols.org\/wp-content\/uploads\/2011\/01\/ripoll-besson.jpg\" alt=\"\" class=\"wp-image-89105\" srcset=\"https:\/\/centcols.org\/wp-content\/uploads\/2011\/01\/ripoll-besson.jpg 800w, https:\/\/centcols.org\/wp-content\/uploads\/2011\/01\/ripoll-besson-768x576.jpg 768w, https:\/\/centcols.org\/wp-content\/uploads\/2011\/01\/ripoll-besson-16x12.jpg 16w\" sizes=\"auto, (max-width: 800px) 100vw, 800px\" \/><\/a><figcaption class=\"wp-element-caption\">\u00c1lbum de Bernard Besson<\/figcaption><\/figure>\n\n\n\n<figure class=\"wp-block-image size-full\"><a href=\"https:\/\/centcols.org\/es\/util\/visuAlbum.php\/?album=03092-002\" target=\"_blank\" rel=\"noreferrer noopener\"><img loading=\"lazy\" decoding=\"async\" width=\"800\" height=\"600\" data-id=\"89107\" src=\"https:\/\/centcols.org\/wp-content\/uploads\/2011\/01\/ripoll-carrez.jpg\" alt=\"\" class=\"wp-image-89107\" srcset=\"https:\/\/centcols.org\/wp-content\/uploads\/2011\/01\/ripoll-carrez.jpg 800w, https:\/\/centcols.org\/wp-content\/uploads\/2011\/01\/ripoll-carrez-768x576.jpg 768w, https:\/\/centcols.org\/wp-content\/uploads\/2011\/01\/ripoll-carrez-16x12.jpg 16w\" sizes=\"auto, (max-width: 800px) 100vw, 800px\" \/><\/a><figcaption class=\"wp-element-caption\">\u00c1lbum de Philippe Carrez<\/figcaption><\/figure>\n\n\n\n<figure class=\"wp-block-image size-full\"><a href=\"https:\/\/centcols.org\/es\/util\/visuAlbum.php\/?album=06796-001\" target=\"_blank\" rel=\"noreferrer noopener\"><img loading=\"lazy\" decoding=\"async\" width=\"800\" height=\"600\" data-id=\"89108\" src=\"https:\/\/centcols.org\/wp-content\/uploads\/2011\/01\/ripoll-andurand.jpg\" alt=\"\" class=\"wp-image-89108\" srcset=\"https:\/\/centcols.org\/wp-content\/uploads\/2011\/01\/ripoll-andurand.jpg 800w, https:\/\/centcols.org\/wp-content\/uploads\/2011\/01\/ripoll-andurand-768x576.jpg 768w, https:\/\/centcols.org\/wp-content\/uploads\/2011\/01\/ripoll-andurand-16x12.jpg 16w\" sizes=\"auto, (max-width: 800px) 100vw, 800px\" \/><\/a><figcaption class=\"wp-element-caption\">\u00c1lbum de Michel Andurand<\/figcaption><\/figure>\n\n\n\n<figure class=\"wp-block-image size-full\"><a href=\"https:\/\/centcols.org\/es\/util\/visuAlbum.php\/?album=05600-002\" target=\"_blank\" rel=\"noreferrer noopener\"><img loading=\"lazy\" decoding=\"async\" width=\"800\" height=\"508\" data-id=\"89111\" src=\"https:\/\/centcols.org\/wp-content\/uploads\/2011\/01\/ripoll-court.jpg\" alt=\"\" class=\"wp-image-89111\" srcset=\"https:\/\/centcols.org\/wp-content\/uploads\/2011\/01\/ripoll-court.jpg 800w, https:\/\/centcols.org\/wp-content\/uploads\/2011\/01\/ripoll-court-768x488.jpg 768w, https:\/\/centcols.org\/wp-content\/uploads\/2011\/01\/ripoll-court-18x12.jpg 18w\" sizes=\"auto, (max-width: 800px) 100vw, 800px\" \/><\/a><figcaption class=\"wp-element-caption\">\u00c1lbum de Hubert Court<\/figcaption><\/figure>\n<\/figure>\n\n\n\n<p><\/p>","protected":false},"excerpt":{"rendered":"<p>Pr\u00e9sentation Pour la premi\u00e8re fois, un s\u00e9jour du Club des Cent Cols se situera hors de France. En effet, notre s\u00e9jour de printemps 2011 se d\u00e9roulera \u00e0 Ripoll (situ\u00e9 \u00e0 65 km au sud de Bourg-Madame et \u00e0 80 km \u00e0 l\u2019ouest de la Costa Brava), en terre catalane, dans la province de Girona. Le [&hellip;]<\/p>\n","protected":false},"author":3,"featured_media":81609,"comment_status":"closed","ping_status":"closed","sticky":false,"template":"","format":"standard","meta":{"_acf_changed":false,"footnotes":""},"categories":[360,135,403,412,231],"tags":[],"class_list":["post-81608","post","type-post","status-publish","format-standard","has-post-thumbnail","hentry","category-espagne-pays-sejours","category-calendrier","category-catalogne","category-pyrenees-catalanes","category-sejours"],"acf":[],"yoast_head":"<!-- This site is optimized with the Yoast SEO plugin v27.2 - https:\/\/yoast.com\/product\/yoast-seo-wordpress\/ -->\n<title>S\u00e9jour de printemps en Catalogne espagnole \u00e0 Ripoll (GI) du 9 au 16 avril 2011 - Club des Cent Cols<\/title>\n<meta name=\"robots\" content=\"index, follow, max-snippet:-1, max-image-preview:large, max-video-preview:-1\" \/>\n<link rel=\"canonical\" href=\"https:\/\/centcols.org\/es\/estancia-2011-ripoll\/\" \/>\n<meta property=\"og:locale\" content=\"es_ES\" \/>\n<meta property=\"og:type\" content=\"article\" \/>\n<meta property=\"og:title\" content=\"S\u00e9jour de printemps en Catalogne espagnole \u00e0 Ripoll (GI) du 9 au 16 avril 2011 - Club des Cent Cols\" \/>\n<meta property=\"og:description\" content=\"Pr\u00e9sentation Pour la premi\u00e8re fois, un s\u00e9jour du Club des Cent Cols se situera hors de France. En effet, notre s\u00e9jour de printemps 2011 se d\u00e9roulera \u00e0 Ripoll (situ\u00e9 \u00e0 65 km au sud de Bourg-Madame et \u00e0 80 km \u00e0 l\u2019ouest de la Costa Brava), en terre catalane, dans la province de Girona. Le [&hellip;]\" \/>\n<meta property=\"og:url\" content=\"https:\/\/centcols.org\/es\/estancia-2011-ripoll\/\" \/>\n<meta property=\"og:site_name\" content=\"Club des Cent Cols\" \/>\n<meta property=\"article:publisher\" content=\"https:\/\/www.facebook.com\/groups\/5261880558\/?locale=fr_FR\" \/>\n<meta property=\"article:published_time\" content=\"2011-01-23T08:08:27+00:00\" \/>\n<meta property=\"article:modified_time\" content=\"2025-09-15T11:01:28+00:00\" \/>\n<meta property=\"og:image\" content=\"https:\/\/centcols.org\/wp-content\/uploads\/2025\/05\/banner.jpg\" \/>\n\t<meta property=\"og:image:width\" content=\"1000\" \/>\n\t<meta property=\"og:image:height\" content=\"150\" \/>\n\t<meta property=\"og:image:type\" content=\"image\/jpeg\" \/>\n<meta name=\"author\" content=\"Webmestre\" \/>\n<meta name=\"twitter:card\" content=\"summary_large_image\" \/>\n<meta name=\"twitter:label1\" content=\"Escrito por\" \/>\n\t<meta name=\"twitter:data1\" content=\"Webmestre\" \/>\n\t<meta name=\"twitter:label2\" content=\"Tiempo de lectura\" \/>\n\t<meta name=\"twitter:data2\" content=\"10 minutos\" \/>\n<script type=\"application\/ld+json\" class=\"yoast-schema-graph\">{\"@context\":\"https:\/\/schema.org\",\"@graph\":[{\"@type\":\"Article\",\"@id\":\"https:\/\/centcols.org\/sejour-2011-ripoll\/#article\",\"isPartOf\":{\"@id\":\"https:\/\/centcols.org\/sejour-2011-ripoll\/\"},\"author\":{\"name\":\"Webmestre\",\"@id\":\"https:\/\/centcols.org\/#\/schema\/person\/911b404fb133d8c913dd27cdcf71c8e5\"},\"headline\":\"S\u00e9jour de printemps en Catalogne espagnole \u00e0 Ripoll (GI) du 9 au 16 avril 2011\",\"datePublished\":\"2011-01-23T08:08:27+00:00\",\"dateModified\":\"2025-09-15T11:01:28+00:00\",\"mainEntityOfPage\":{\"@id\":\"https:\/\/centcols.org\/sejour-2011-ripoll\/\"},\"wordCount\":1126,\"publisher\":{\"@id\":\"https:\/\/centcols.org\/#organization\"},\"image\":{\"@id\":\"https:\/\/centcols.org\/sejour-2011-ripoll\/#primaryimage\"},\"thumbnailUrl\":\"https:\/\/centcols.org\/wp-content\/uploads\/2025\/05\/banner.jpg\",\"articleSection\":[\"Espagne\",\"Calendrier\",\"Catalogne\",\"Pyr\u00e9n\u00e9es catalanes\",\"S\u00e9jours du Club des Cent Cols\"],\"inLanguage\":\"es\"},{\"@type\":\"WebPage\",\"@id\":\"https:\/\/centcols.org\/sejour-2011-ripoll\/\",\"url\":\"https:\/\/centcols.org\/sejour-2011-ripoll\/\",\"name\":\"S\u00e9jour de printemps en Catalogne espagnole \u00e0 Ripoll (GI) du 9 au 16 avril 2011 - Club des Cent Cols\",\"isPartOf\":{\"@id\":\"https:\/\/centcols.org\/#website\"},\"primaryImageOfPage\":{\"@id\":\"https:\/\/centcols.org\/sejour-2011-ripoll\/#primaryimage\"},\"image\":{\"@id\":\"https:\/\/centcols.org\/sejour-2011-ripoll\/#primaryimage\"},\"thumbnailUrl\":\"https:\/\/centcols.org\/wp-content\/uploads\/2025\/05\/banner.jpg\",\"datePublished\":\"2011-01-23T08:08:27+00:00\",\"dateModified\":\"2025-09-15T11:01:28+00:00\",\"breadcrumb\":{\"@id\":\"https:\/\/centcols.org\/sejour-2011-ripoll\/#breadcrumb\"},\"inLanguage\":\"es\",\"potentialAction\":[{\"@type\":\"ReadAction\",\"target\":[\"https:\/\/centcols.org\/sejour-2011-ripoll\/\"]}]},{\"@type\":\"ImageObject\",\"inLanguage\":\"es\",\"@id\":\"https:\/\/centcols.org\/sejour-2011-ripoll\/#primaryimage\",\"url\":\"https:\/\/centcols.org\/wp-content\/uploads\/2025\/05\/banner.jpg\",\"contentUrl\":\"https:\/\/centcols.org\/wp-content\/uploads\/2025\/05\/banner.jpg\",\"width\":1000,\"height\":150},{\"@type\":\"BreadcrumbList\",\"@id\":\"https:\/\/centcols.org\/sejour-2011-ripoll\/#breadcrumb\",\"itemListElement\":[{\"@type\":\"ListItem\",\"position\":1,\"name\":\"Accueil\",\"item\":\"https:\/\/centcols.org\/\"},{\"@type\":\"ListItem\",\"position\":2,\"name\":\"S\u00e9jours du Club des Cent Cols\",\"item\":\"https:\/\/centcols.org\/rubrique\/sejours\/\"},{\"@type\":\"ListItem\",\"position\":3,\"name\":\"Pays\",\"item\":\"https:\/\/centcols.org\/rubrique\/sejours\/pays-sejours\/\"},{\"@type\":\"ListItem\",\"position\":4,\"name\":\"Espagne\",\"item\":\"https:\/\/centcols.org\/rubrique\/sejours\/pays-sejours\/espagne-pays-sejours\/\"},{\"@type\":\"ListItem\",\"position\":5,\"name\":\"S\u00e9jour de printemps en Catalogne espagnole \u00e0 Ripoll (GI) du 9 au 16 avril 2011\"}]},{\"@type\":\"WebSite\",\"@id\":\"https:\/\/centcols.org\/#website\",\"url\":\"https:\/\/centcols.org\/\",\"name\":\"Club des Cent Cols\",\"description\":\"\",\"publisher\":{\"@id\":\"https:\/\/centcols.org\/#organization\"},\"potentialAction\":[{\"@type\":\"SearchAction\",\"target\":{\"@type\":\"EntryPoint\",\"urlTemplate\":\"https:\/\/centcols.org\/?s={search_term_string}\"},\"query-input\":{\"@type\":\"PropertyValueSpecification\",\"valueRequired\":true,\"valueName\":\"search_term_string\"}}],\"inLanguage\":\"es\"},{\"@type\":\"Organization\",\"@id\":\"https:\/\/centcols.org\/#organization\",\"name\":\"Club des Cent Cols\",\"url\":\"https:\/\/centcols.org\/\",\"logo\":{\"@type\":\"ImageObject\",\"inLanguage\":\"es\",\"@id\":\"https:\/\/centcols.org\/#\/schema\/logo\/image\/\",\"url\":\"https:\/\/centcols.org\/wp-content\/uploads\/2025\/01\/carte-icone.png\",\"contentUrl\":\"https:\/\/centcols.org\/wp-content\/uploads\/2025\/01\/carte-icone.png\",\"width\":250,\"height\":250,\"caption\":\"Club des Cent Cols\"},\"image\":{\"@id\":\"https:\/\/centcols.org\/#\/schema\/logo\/image\/\"},\"sameAs\":[\"https:\/\/www.facebook.com\/groups\/5261880558\/?locale=fr_FR\"]},{\"@type\":\"Person\",\"@id\":\"https:\/\/centcols.org\/#\/schema\/person\/911b404fb133d8c913dd27cdcf71c8e5\",\"name\":\"Webmestre\",\"image\":{\"@type\":\"ImageObject\",\"inLanguage\":\"es\",\"@id\":\"https:\/\/centcols.org\/wp-content\/litespeed\/avatar\/2d246e4b6b4f773e08515e1ffc53690b.jpg?ver=1777222892\",\"url\":\"https:\/\/centcols.org\/wp-content\/litespeed\/avatar\/2d246e4b6b4f773e08515e1ffc53690b.jpg?ver=1777222892\",\"contentUrl\":\"https:\/\/centcols.org\/wp-content\/litespeed\/avatar\/2d246e4b6b4f773e08515e1ffc53690b.jpg?ver=1777222892\",\"caption\":\"Webmestre\"},\"url\":\"https:\/\/centcols.org\/es\/author\/webmestre\/\"}]}<\/script>\n<!-- \/ Yoast SEO plugin. -->","yoast_head_json":{"title":"Vacaciones de primavera en la Catalu\u00f1a espa\u00f1ola en Ripoll (GI) del 9 al 16 de abril de 2011 - Club des Cent Cols","robots":{"index":"index","follow":"follow","max-snippet":"max-snippet:-1","max-image-preview":"max-image-preview:large","max-video-preview":"max-video-preview:-1"},"canonical":"https:\/\/centcols.org\/es\/estancia-2011-ripoll\/","og_locale":"es_ES","og_type":"article","og_title":"S\u00e9jour de printemps en Catalogne espagnole \u00e0 Ripoll (GI) du 9 au 16 avril 2011 - Club des Cent Cols","og_description":"Pr\u00e9sentation Pour la premi\u00e8re fois, un s\u00e9jour du Club des Cent Cols se situera hors de France. En effet, notre s\u00e9jour de printemps 2011 se d\u00e9roulera \u00e0 Ripoll (situ\u00e9 \u00e0 65 km au sud de Bourg-Madame et \u00e0 80 km \u00e0 l\u2019ouest de la Costa Brava), en terre catalane, dans la province de Girona. Le [&hellip;]","og_url":"https:\/\/centcols.org\/es\/estancia-2011-ripoll\/","og_site_name":"Club des Cent Cols","article_publisher":"https:\/\/www.facebook.com\/groups\/5261880558\/?locale=fr_FR","article_published_time":"2011-01-23T08:08:27+00:00","article_modified_time":"2025-09-15T11:01:28+00:00","og_image":[{"width":1000,"height":150,"url":"https:\/\/centcols.org\/wp-content\/uploads\/2025\/05\/banner.jpg","type":"image\/jpeg"}],"author":"Webmestre","twitter_card":"summary_large_image","twitter_misc":{"Escrito por":"Webmestre","Tiempo de lectura":"10 minutos"},"schema":{"@context":"https:\/\/schema.org","@graph":[{"@type":"Article","@id":"https:\/\/centcols.org\/sejour-2011-ripoll\/#article","isPartOf":{"@id":"https:\/\/centcols.org\/sejour-2011-ripoll\/"},"author":{"name":"Webmestre","@id":"https:\/\/centcols.org\/#\/schema\/person\/911b404fb133d8c913dd27cdcf71c8e5"},"headline":"S\u00e9jour de printemps en Catalogne espagnole \u00e0 Ripoll (GI) du 9 au 16 avril 2011","datePublished":"2011-01-23T08:08:27+00:00","dateModified":"2025-09-15T11:01:28+00:00","mainEntityOfPage":{"@id":"https:\/\/centcols.org\/sejour-2011-ripoll\/"},"wordCount":1126,"publisher":{"@id":"https:\/\/centcols.org\/#organization"},"image":{"@id":"https:\/\/centcols.org\/sejour-2011-ripoll\/#primaryimage"},"thumbnailUrl":"https:\/\/centcols.org\/wp-content\/uploads\/2025\/05\/banner.jpg","articleSection":["Espagne","Calendrier","Catalogne","Pyr\u00e9n\u00e9es catalanes","S\u00e9jours du Club des Cent Cols"],"inLanguage":"es"},{"@type":"WebPage","@id":"https:\/\/centcols.org\/sejour-2011-ripoll\/","url":"https:\/\/centcols.org\/sejour-2011-ripoll\/","name":"Vacaciones de primavera en la Catalu\u00f1a espa\u00f1ola en Ripoll (GI) del 9 al 16 de abril de 2011 - Club des Cent Cols","isPartOf":{"@id":"https:\/\/centcols.org\/#website"},"primaryImageOfPage":{"@id":"https:\/\/centcols.org\/sejour-2011-ripoll\/#primaryimage"},"image":{"@id":"https:\/\/centcols.org\/sejour-2011-ripoll\/#primaryimage"},"thumbnailUrl":"https:\/\/centcols.org\/wp-content\/uploads\/2025\/05\/banner.jpg","datePublished":"2011-01-23T08:08:27+00:00","dateModified":"2025-09-15T11:01:28+00:00","breadcrumb":{"@id":"https:\/\/centcols.org\/sejour-2011-ripoll\/#breadcrumb"},"inLanguage":"es","potentialAction":[{"@type":"ReadAction","target":["https:\/\/centcols.org\/sejour-2011-ripoll\/"]}]},{"@type":"ImageObject","inLanguage":"es","@id":"https:\/\/centcols.org\/sejour-2011-ripoll\/#primaryimage","url":"https:\/\/centcols.org\/wp-content\/uploads\/2025\/05\/banner.jpg","contentUrl":"https:\/\/centcols.org\/wp-content\/uploads\/2025\/05\/banner.jpg","width":1000,"height":150},{"@type":"BreadcrumbList","@id":"https:\/\/centcols.org\/sejour-2011-ripoll\/#breadcrumb","itemListElement":[{"@type":"ListItem","position":1,"name":"Accueil","item":"https:\/\/centcols.org\/"},{"@type":"ListItem","position":2,"name":"S\u00e9jours du Club des Cent Cols","item":"https:\/\/centcols.org\/rubrique\/sejours\/"},{"@type":"ListItem","position":3,"name":"Pays","item":"https:\/\/centcols.org\/rubrique\/sejours\/pays-sejours\/"},{"@type":"ListItem","position":4,"name":"Espagne","item":"https:\/\/centcols.org\/rubrique\/sejours\/pays-sejours\/espagne-pays-sejours\/"},{"@type":"ListItem","position":5,"name":"S\u00e9jour de printemps en Catalogne espagnole \u00e0 Ripoll (GI) du 9 au 16 avril 2011"}]},{"@type":"WebSite","@id":"https:\/\/centcols.org\/#website","url":"https:\/\/centcols.org\/","name":"Club des Cent Cols","description":"","publisher":{"@id":"https:\/\/centcols.org\/#organization"},"potentialAction":[{"@type":"SearchAction","target":{"@type":"EntryPoint","urlTemplate":"https:\/\/centcols.org\/?s={search_term_string}"},"query-input":{"@type":"PropertyValueSpecification","valueRequired":true,"valueName":"search_term_string"}}],"inLanguage":"es"},{"@type":"Organization","@id":"https:\/\/centcols.org\/#organization","name":"Club des Cent Cols","url":"https:\/\/centcols.org\/","logo":{"@type":"ImageObject","inLanguage":"es","@id":"https:\/\/centcols.org\/#\/schema\/logo\/image\/","url":"https:\/\/centcols.org\/wp-content\/uploads\/2025\/01\/carte-icone.png","contentUrl":"https:\/\/centcols.org\/wp-content\/uploads\/2025\/01\/carte-icone.png","width":250,"height":250,"caption":"Club des Cent Cols"},"image":{"@id":"https:\/\/centcols.org\/#\/schema\/logo\/image\/"},"sameAs":["https:\/\/www.facebook.com\/groups\/5261880558\/?locale=fr_FR"]},{"@type":"Person","@id":"https:\/\/centcols.org\/#\/schema\/person\/911b404fb133d8c913dd27cdcf71c8e5","name":"Webmaster","image":{"@type":"ImageObject","inLanguage":"es","@id":"https:\/\/centcols.org\/wp-content\/litespeed\/avatar\/2d246e4b6b4f773e08515e1ffc53690b.jpg?ver=1777222892","url":"https:\/\/centcols.org\/wp-content\/litespeed\/avatar\/2d246e4b6b4f773e08515e1ffc53690b.jpg?ver=1777222892","contentUrl":"https:\/\/centcols.org\/wp-content\/litespeed\/avatar\/2d246e4b6b4f773e08515e1ffc53690b.jpg?ver=1777222892","caption":"Webmestre"},"url":"https:\/\/centcols.org\/es\/author\/webmestre\/"}]}},"_links":{"self":[{"href":"https:\/\/centcols.org\/es\/wp-json\/wp\/v2\/posts\/81608","targetHints":{"allow":["GET"]}}],"collection":[{"href":"https:\/\/centcols.org\/es\/wp-json\/wp\/v2\/posts"}],"about":[{"href":"https:\/\/centcols.org\/es\/wp-json\/wp\/v2\/types\/post"}],"author":[{"embeddable":true,"href":"https:\/\/centcols.org\/es\/wp-json\/wp\/v2\/users\/3"}],"replies":[{"embeddable":true,"href":"https:\/\/centcols.org\/es\/wp-json\/wp\/v2\/comments?post=81608"}],"version-history":[{"count":0,"href":"https:\/\/centcols.org\/es\/wp-json\/wp\/v2\/posts\/81608\/revisions"}],"wp:featuredmedia":[{"embeddable":true,"href":"https:\/\/centcols.org\/es\/wp-json\/wp\/v2\/media\/81609"}],"wp:attachment":[{"href":"https:\/\/centcols.org\/es\/wp-json\/wp\/v2\/media?parent=81608"}],"wp:term":[{"taxonomy":"category","embeddable":true,"href":"https:\/\/centcols.org\/es\/wp-json\/wp\/v2\/categories?post=81608"},{"taxonomy":"post_tag","embeddable":true,"href":"https:\/\/centcols.org\/es\/wp-json\/wp\/v2\/tags?post=81608"}],"curies":[{"name":"wp","href":"https:\/\/api.w.org\/{rel}","templated":true}]}}