{"id":81619,"date":"2009-04-23T10:06:00","date_gmt":"2009-04-23T08:06:00","guid":{"rendered":"https:\/\/centcols.org\/sejour-estival-du-club-des-cent-cols-a-val-louron-hautes-pyrenees-du-11-au-15-aout-2009\/"},"modified":"2025-10-02T11:25:38","modified_gmt":"2025-10-02T09:25:38","slug":"vacaciones-de-verano-del-cent-cols-club-en-val-louron-altos-pirineos-del-11-al-15-de-agosto-de-2009","status":"publish","type":"post","link":"https:\/\/centcols.org\/es\/sejour-estival-du-club-des-cent-cols-a-val-louron-hautes-pyrenees-du-11-au-15-aout-2009\/","title":{"rendered":"Vacaciones de verano del Cent Cols Club en Val-Louron (Altos Pirineos) del 11 al 15 de agosto de 2009"},"content":{"rendered":"<h2 class=\"wp-block-heading\">Presentaci\u00f3n<\/h2>\n\n\n\n<p>Cada a\u00f1o, a mediados de agosto, el Club des Cent Cols invita a sus miembros a un encuentro internacional en la cima de un puerto de monta\u00f1a. El s\u00e1bado 15 de agosto de 2009, nos reuniremos en la cima del Col d'Azet (FR-65-1580), en los Pirineos.<\/p>\n\n\n\n<p>Este encuentro ir\u00e1 acompa\u00f1ado de unas vacaciones (de la noche del 11\/08 al mediod\u00eda del 15\/08). Nos alojaremos en Le Lustou, en la estaci\u00f3n de Val Louron. Cada d\u00eda se ofrecer\u00e1 a los participantes un circuito de carretera y otro de bicicleta de monta\u00f1a.<\/p>\n\n\n\n<figure class=\"wp-block-gallery has-nested-images columns-4 is-cropped wp-block-gallery-1 is-layout-flex wp-block-gallery-is-layout-flex\">\n<figure class=\"wp-block-image size-full\"><a href=\"https:\/\/centcols.org\/wp-content\/uploads\/2009\/04\/Val-Louron-01.jpg\"><img loading=\"lazy\" decoding=\"async\" width=\"800\" height=\"600\" data-id=\"89457\" src=\"https:\/\/centcols.org\/wp-content\/uploads\/2009\/04\/Val-Louron-01.jpg\" alt=\"\" class=\"wp-image-89457\" srcset=\"https:\/\/centcols.org\/wp-content\/uploads\/2009\/04\/Val-Louron-01.jpg 800w, https:\/\/centcols.org\/wp-content\/uploads\/2009\/04\/Val-Louron-01-768x576.jpg 768w, https:\/\/centcols.org\/wp-content\/uploads\/2009\/04\/Val-Louron-01-16x12.jpg 16w\" sizes=\"auto, (max-width: 800px) 100vw, 800px\" \/><\/a><\/figure>\n\n\n\n<figure class=\"wp-block-image size-full\"><a href=\"https:\/\/centcols.org\/wp-content\/uploads\/2009\/04\/Val-Louron-02.jpg\"><img loading=\"lazy\" decoding=\"async\" width=\"800\" height=\"600\" data-id=\"89458\" src=\"https:\/\/centcols.org\/wp-content\/uploads\/2009\/04\/Val-Louron-02.jpg\" alt=\"\" class=\"wp-image-89458\" srcset=\"https:\/\/centcols.org\/wp-content\/uploads\/2009\/04\/Val-Louron-02.jpg 800w, https:\/\/centcols.org\/wp-content\/uploads\/2009\/04\/Val-Louron-02-768x576.jpg 768w, https:\/\/centcols.org\/wp-content\/uploads\/2009\/04\/Val-Louron-02-16x12.jpg 16w\" sizes=\"auto, (max-width: 800px) 100vw, 800px\" \/><\/a><\/figure>\n\n\n\n<figure class=\"wp-block-image size-full\"><a href=\"https:\/\/centcols.org\/wp-content\/uploads\/2009\/04\/Val-Louron-03.jpg\"><img loading=\"lazy\" decoding=\"async\" width=\"800\" height=\"600\" data-id=\"89459\" src=\"https:\/\/centcols.org\/wp-content\/uploads\/2009\/04\/Val-Louron-03.jpg\" alt=\"\" class=\"wp-image-89459\" srcset=\"https:\/\/centcols.org\/wp-content\/uploads\/2009\/04\/Val-Louron-03.jpg 800w, https:\/\/centcols.org\/wp-content\/uploads\/2009\/04\/Val-Louron-03-768x576.jpg 768w, https:\/\/centcols.org\/wp-content\/uploads\/2009\/04\/Val-Louron-03-16x12.jpg 16w\" sizes=\"auto, (max-width: 800px) 100vw, 800px\" \/><\/a><\/figure>\n\n\n\n<figure class=\"wp-block-image size-full\"><a href=\"https:\/\/centcols.org\/wp-content\/uploads\/2009\/04\/Val-Louron-04.jpg\"><img loading=\"lazy\" decoding=\"async\" width=\"800\" height=\"600\" data-id=\"89460\" src=\"https:\/\/centcols.org\/wp-content\/uploads\/2009\/04\/Val-Louron-04.jpg\" alt=\"\" class=\"wp-image-89460\" srcset=\"https:\/\/centcols.org\/wp-content\/uploads\/2009\/04\/Val-Louron-04.jpg 800w, https:\/\/centcols.org\/wp-content\/uploads\/2009\/04\/Val-Louron-04-768x576.jpg 768w, https:\/\/centcols.org\/wp-content\/uploads\/2009\/04\/Val-Louron-04-16x12.jpg 16w\" sizes=\"auto, (max-width: 800px) 100vw, 800px\" \/><\/a><\/figure>\n<\/figure>\n\n\n\n<h2 class=\"wp-block-heading\">Collares<\/h2>\n\n\n\n<p>Nota: Esta lista difiere ligeramente de la que aparece en la revista; esta lista es la versi\u00f3n oficial.<\/p>\n\n\n\n<h3 class=\"wp-block-heading\">Rutas por carretera<\/h3>\n\n\n\n<p>El viernes 14 de agosto podr\u00e1 elegir entre dos recorridos. <i>(Haga clic en el nombre del circuito para obtener m\u00e1s informaci\u00f3n)<\/i><\/p>\n\n\n\n<figure class=\"wp-block-table aligncenter\"><table class=\"has-fixed-layout\"><thead><tr><th><strong>Mi\u00e9rcoles 12 de agosto<\/strong><br><strong>\u00ab&nbsp;<\/strong><a href=\"https:\/\/centcols.org\/les_rendez-vous\/2009\/Val-Louron\/R1.htm\">Val-Louron noreste<\/a><strong>&nbsp;\u00bb<\/strong><br><strong>Inicio : Val Louron<\/strong><\/th><th><strong>Jueves 13 de agosto<\/strong><br><strong>\u00ab&nbsp;<\/strong><a href=\"https:\/\/centcols.org\/les_rendez-vous\/2009\/Val-Louron\/R2.htm\">Luchon<\/a><strong>&nbsp;\u00bb<\/strong><br><strong>Inicio : Luchon<\/strong><\/th><th><strong>Viernes 14 de agosto<\/strong><br><strong>\u00ab&nbsp;<\/strong><a href=\"https:\/\/centcols.org\/les_rendez-vous\/2009\/Val-Louron\/R3.htm\">Arreau<\/a><strong>&nbsp;\u00bb<\/strong><br><strong>Inicio : Arreau<\/strong><\/th><th><strong>Viernes 14 de agosto<\/strong><br><strong>\u00ab&nbsp;<\/strong><a href=\"https:\/\/centcols.org\/les_rendez-vous\/2009\/Val-Louron\/R4.htm\">Val-Louron noroeste<\/a><strong>&nbsp;\u00bb<\/strong><br><strong>Inicio : Val Louron<\/strong><\/th><\/tr><\/thead><tbody><tr><td><a href=\"https:\/\/centcols.org\/es\/util\/geo\/visuGP.php\/?c=31156900\" target=\"_BLANK\" rel=\"noreferrer noopener\">FR-31-1569<\/a><br>Col de Peyresourde<br><a href=\"https:\/\/centcols.org\/es\/util\/geo\/visuGP.php\/?c=31175500\" target=\"_BLANK\" rel=\"noreferrer noopener\">FR-31-1755<\/a><br>Puerto de Bal\u00e8s<br>(Nota 1)<br><a href=\"https:\/\/centcols.org\/es\/util\/geo\/visuGP.php\/?c=65063100\" target=\"_BLANK\" rel=\"noreferrer noopener\">FR-65-0631<\/a><br>Col de Mazouau<br><a href=\"https:\/\/centcols.org\/es\/util\/geo\/visuGP.php\/?c=65158000\" target=\"_BLANK\" rel=\"noreferrer noopener\">FR-65-1580<\/a><br>Paso de Val Louron-Azet<br><a href=\"https:\/\/centcols.org\/es\/util\/geo\/visuGP.php\/?c=65158500\" target=\"_BLANK\" rel=\"noreferrer noopener\">FR-65-1585<\/a><br>Couret de Latuhe<br>(Nota 2)<\/td><td><a href=\"https:\/\/centcols.org\/es\/util\/geo\/visuGP.php\/?c=31129300\" target=\"_BLANK\" rel=\"noreferrer noopener\">FR-31-1293<\/a> Puerta Burbe<br><a href=\"https:\/\/centcols.org\/es\/util\/geo\/visuGP.php\/?c=31138200\" target=\"_BLANK\" rel=\"noreferrer noopener\">FR-31-1382<\/a> Col d'Artigaux<br><a href=\"https:\/\/centcols.org\/es\/util\/geo\/visuGP.php\/?c=31134500\" target=\"_BLANK\" rel=\"noreferrer noopener\">FR-31-1345<\/a> Paso de Artigascou<br><a href=\"https:\/\/centcols.org\/es\/util\/geo\/visuGP.php\/?c=31140501\" target=\"_BLANK\" rel=\"noreferrer noopener\">FR-31-1405a<\/a> Col de Lagues (Nota 3)<br><a href=\"https:\/\/centcols.org\/es\/util\/geo\/visuGP.php\/?c=31134900\" target=\"_BLANK\" rel=\"noreferrer noopener\">FR-31-1349<\/a> Col de Ment\u00e9<br><a href=\"https:\/\/centcols.org\/es\/util\/geo\/visuGP.php\/?c=31124600\" target=\"_BLANK\" rel=\"noreferrer noopener\">FR-31-1246<\/a> Col de la Clin<br><a href=\"https:\/\/centcols.org\/es\/util\/geo\/visuGP.php\/?c=31059900\" target=\"_BLANK\" rel=\"noreferrer noopener\">FR-31-0599<\/a> Col de Buret<br><a href=\"https:\/\/centcols.org\/es\/util\/geo\/visuGP.php\/?c=31071501\" target=\"_BLANK\" rel=\"noreferrer noopener\">FR-31-0715a<\/a> Col du Bech<br><a href=\"https:\/\/centcols.org\/es\/util\/geo\/visuGP.php\/?c=31079700\" target=\"_BLANK\" rel=\"noreferrer noopener\">FR-31-0797<\/a> Col des Ares<\/td><td><a href=\"https:\/\/centcols.org\/es\/util\/geo\/visuGP.php\/?c=65148900\" target=\"_BLANK\" rel=\"noreferrer noopener\">FR-65-1489<\/a><br>Col d'Aspin<br><a href=\"https:\/\/centcols.org\/es\/util\/geo\/visuGP.php\/?c=65081000\" target=\"_BLANK\" rel=\"noreferrer noopener\">FR-65-0810<\/a><br>Paso de Palomi\u00e8res<br><a href=\"https:\/\/centcols.org\/es\/util\/geo\/visuGP.php\/?c=65068700\" target=\"_BLANK\" rel=\"noreferrer noopener\">FR-65-0687<\/a><br>Col de la P\u00e8de<br><a href=\"https:\/\/centcols.org\/es\/util\/geo\/visuGP.php\/?c=65055700\" target=\"_BLANK\" rel=\"noreferrer noopener\">FR-65-0557<\/a><br>Cot det Hoo<br><a href=\"https:\/\/centcols.org\/es\/util\/geo\/visuGP.php\/?c=65058400\" target=\"_BLANK\" rel=\"noreferrer noopener\">FR-65-0584<\/a><br>Pla de Couret<br><a href=\"https:\/\/centcols.org\/es\/util\/geo\/visuGP.php\/?c=65065200\" target=\"_BLANK\" rel=\"noreferrer noopener\">FR-65-0652<\/a><br>Escots<br><a href=\"https:\/\/centcols.org\/es\/util\/geo\/visuGP.php\/?c=65061900\" target=\"_BLANK\" rel=\"noreferrer noopener\">FR-65-0619<\/a><br>Couret d'Asque<br><a href=\"https:\/\/centcols.org\/es\/util\/geo\/visuGP.php\/?c=65058900\" target=\"_BLANK\" rel=\"noreferrer noopener\">FR-65-0589<\/a><br>Caba\u00f1a de Sir\u00e8s<br><a href=\"https:\/\/centcols.org\/es\/util\/geo\/visuGP.php\/?c=65073200\" target=\"_BLANK\" rel=\"noreferrer noopener\">FR-65-0732<\/a><br>Collar\u00edn de corte<br><a href=\"https:\/\/centcols.org\/es\/util\/geo\/visuGP.php\/?c=65065900\" target=\"_BLANK\" rel=\"noreferrer noopener\">FR-65-0659<\/a><br>Col de Luquet<\/td><td><a href=\"https:\/\/centcols.org\/es\/util\/geo\/visuGP.php\/?c=65141700\" target=\"_BLANK\" rel=\"noreferrer noopener\">FR-65-1417<\/a><br>Col de Beyr\u00e8de<br>(Nota 4)<br><a href=\"https:\/\/centcols.org\/es\/util\/geo\/visuGP.php\/?c=65156400\" target=\"_BLANK\" rel=\"noreferrer noopener\">FR-65-1564<\/a><br>Hourquette d'Ancizan<br><a href=\"https:\/\/centcols.org\/es\/util\/geo\/visuGP.php\/?c=65153800\" target=\"_BLANK\" rel=\"noreferrer noopener\">FR-65-1538<\/a><br>Hourquette d'Arreau<br><a href=\"https:\/\/centcols.org\/es\/util\/geo\/visuGP.php\/?c=65158000\" target=\"_BLANK\" rel=\"noreferrer noopener\">FR-65-1580<\/a><br>Paso de Val Louron-Azet<\/td><\/tr><\/tbody><\/table><\/figure>\n\n\n\n<hr class=\"wp-block-separator has-alpha-channel-opacity\"\/>\n\n\n\n<p>Opcional desde Port de Bal\u00e8s: FR-31-1855b Port de Pierrefite<\/p>\n\n\n\n<ul class=\"wp-block-list\">\n<li>R1 m\u00e1s de 300 metros<\/li>\n\n\n\n<li>3 km de carril bici sin asfaltar entre el Col d'Artigascou y el Col de Lagues.<\/li>\n\n\n\n<li>3 km de pista no asfaltada para ciclistas (Route Foresti\u00e8re de Coumelade) entre el Col de Beyr\u00e8de y la carretera del Col d'Aspin.<\/li>\n<\/ul>\n\n\n\n<h3 class=\"wp-block-heading\">Rutas en bicicleta de monta\u00f1a<\/h3>\n\n\n\n<p>Puede descargar el <a href=\"https:\/\/centcols.org\/les_rendez-vous\/2009\/Val-Louron\/geo.htm\" target=\"_blank\" rel=\"noopener\">archivos de geolocalizaci\u00f3n<\/a> GPX, Google Earth y Carto Exploreur para estos circuitos.<\/p>\n\n\n\n<div>El mi\u00e9rcoles 12 de agosto podr\u00e1 elegir entre dos recorridos.<br>El 13 de agosto, el circuito incluye una variante importante, y puede considerarse como dos circuitos.<br>La gira \u00abSaint Lary\u00bb no est\u00e1 programada para ninguna fecha concreta.<br><i>(Haga clic en el nombre del circuito para obtener m\u00e1s informaci\u00f3n)<\/i><\/div>\n\n\n\n<div>&nbsp;<\/div>\n\n\n\n<div>\n<table style=\"width: 104.02%;\">\n<tbody>\n<tr>\n<td style=\"width: 96.2406%;\">\n<table>\n<thead>\n<tr>\n<th>Mi\u00e9rcoles 12 de agosto<br>\u00ab <a class=\"iframe-fancybox\" href=\"https:\/\/centcols.org\/les_rendez-vous\/2009\/Val-Louron\/V1.htm\">Sarrancolin<\/a> \u00bb<br>Inicio : Sarrancolin<\/th>\n<th>Mi\u00e9rcoles 12 de agosto<br>\u00ab <a class=\"iframe-fancybox\" href=\"https:\/\/centcols.org\/les_rendez-vous\/2009\/Val-Louron\/V2.htm\">Mechas<\/a> \u00bb<br>Inicio : H\u00e8ches<\/th>\n<th>Jueves 13 de agosto<br>\u00ab <a class=\"iframe-fancybox\" href=\"https:\/\/centcols.org\/les_rendez-vous\/2009\/Val-Louron\/V3.htm\">Luchon<\/a> \u00bb<br>Inicio : Luchon<\/th>\n<th>Viernes 14 de agosto<br>\u00ab <a class=\"iframe-fancybox\" href=\"https:\/\/centcols.org\/les_rendez-vous\/2009\/Val-Louron\/V4.htm\">Garin<\/a> \u00bb<br>Inicio : Garin <span class=\"note\">(Nota 8)<\/span><\/th>\n<th>Libre elecci\u00f3n<br>\u00abSan Lario\u00bb<br>Inicio : Saint Lary<\/th>\n<\/tr>\n<\/thead>\n<tbody>\n<tr>\n<td>\n<ol>\n<li><a class=\"iframe-fancybox\" href=\"https:\/\/centcols.org\/es\/util\/geo\/visuGP.php\/?c=65121700\" target=\"_BLANK\" rel=\"noopener\">FR-65-1217<\/a><br>Col d'Estiv\u00e8re<\/li>\n<li><a class=\"iframe-fancybox\" href=\"https:\/\/centcols.org\/es\/util\/geo\/visuGP.php\/?c=65127800\" target=\"_BLANK\" rel=\"noopener\">FR-65-1278<\/a><br>Col de M\u00e8nes<\/li>\n<li><a class=\"iframe-fancybox\" href=\"https:\/\/centcols.org\/es\/util\/geo\/visuGP.php\/?c=65120700\" target=\"_BLANK\" rel=\"noopener\">FR-65-1207<\/a><br>Col d'Artiguette<\/li>\n<li><a class=\"iframe-fancybox\" href=\"https:\/\/centcols.org\/es\/util\/geo\/visuGP.php\/?c=65145900\" target=\"_BLANK\" rel=\"noopener\">FR-65-1459<\/a><br>Paso de Loyos<\/li>\n<li><a class=\"iframe-fancybox\" href=\"https:\/\/centcols.org\/es\/util\/geo\/visuGP.php\/?c=65151200\" target=\"_BLANK\" rel=\"noopener\">FR-65-1512<\/a><br>Col de Parreu<\/li>\n<li><a class=\"iframe-fancybox\" href=\"https:\/\/centcols.org\/es\/util\/geo\/visuGP.php\/?c=65145400\" target=\"_BLANK\" rel=\"noopener\">FR-65-1454<\/a><br>Col de Bas<\/li>\n<li><a class=\"iframe-fancybox\" href=\"https:\/\/centcols.org\/es\/util\/geo\/visuGP.php\/?c=65165500\" target=\"_BLANK\" rel=\"noopener\">FR-65-1655<\/a><br>Col de la Lit<\/li>\n<li><a class=\"iframe-fancybox\" href=\"https:\/\/centcols.org\/es\/util\/geo\/visuGP.php\/?c=65168501\" target=\"_BLANK\" rel=\"noopener\">FR-65-1685a<\/a><br>Paso de Cap Nest\u00e8s<\/li>\n<li><a class=\"iframe-fancybox\" href=\"https:\/\/centcols.org\/es\/util\/geo\/visuGP.php\/?c=65173501\" target=\"_BLANK\" rel=\"noopener\">FR-65-1735a<\/a><br>Col de l'Aouet<\/li>\n<li><a class=\"iframe-fancybox\" href=\"https:\/\/centcols.org\/es\/util\/geo\/visuGP.php\/?c=65182400\" target=\"_BLANK\" rel=\"noopener\">FR-65-1824<\/a><br>Hourquette d'Hum\u00e8ne<\/li>\n<li><a class=\"iframe-fancybox\" href=\"https:\/\/centcols.org\/es\/util\/geo\/visuGP.php\/?c=65163500\" target=\"_BLANK\" rel=\"noopener\">FR-65-1635<\/a><br>Paso de Gembre<\/li>\n<li><a class=\"iframe-fancybox\" href=\"https:\/\/centcols.org\/es\/util\/geo\/visuGP.php\/?c=65168502\" target=\"_BLANK\" rel=\"noopener\">FR-65-1685b<\/a><br>Pase de Son\u00e8res<\/li>\n<\/ol>\n<\/td>\n<td style=\"vertical-align: top;\">\n<ol>\n<li><a class=\"iframe-fancybox\" href=\"https:\/\/centcols.org\/es\/util\/geo\/visuGP.php\/?c=65065900\" target=\"_BLANK\" rel=\"noopener\">FR-65-0659<\/a><br>Col de Luquet<\/li>\n<li><a class=\"iframe-fancybox\" href=\"https:\/\/centcols.org\/es\/util\/geo\/visuGP.php\/?c=65073200\" target=\"_BLANK\" rel=\"noopener\">FR-65-0732<\/a><br>Collar\u00edn de corte<\/li>\n<li><a class=\"iframe-fancybox\" href=\"https:\/\/centcols.org\/es\/util\/geo\/visuGP.php\/?c=65102800\" target=\"_BLANK\" rel=\"noopener\">FR-65-1028<\/a><br>Paso de Couradabat<\/li>\n<li><a class=\"iframe-fancybox\" href=\"https:\/\/centcols.org\/es\/util\/geo\/visuGP.php\/?c=65100000\" target=\"_BLANK\" rel=\"noopener\">FR-65-1000<\/a><br>Couret de Berdou<\/li>\n<li><a class=\"iframe-fancybox\" href=\"https:\/\/centcols.org\/es\/util\/geo\/visuGP.php\/?c=65116800\" target=\"_BLANK\" rel=\"noopener\">FR-65-1168<\/a><br>Col des Estrets<\/li>\n<li><a class=\"iframe-fancybox\" href=\"https:\/\/centcols.org\/es\/util\/geo\/visuGP.php\/?c=65123700\" target=\"_BLANK\" rel=\"noopener\">FR-65-1237<\/a><br>Col de Oueil Lusent<br><span class=\"note\">(Nota 5)<\/span><\/li>\n<li><a class=\"iframe-fancybox\" href=\"https:\/\/centcols.org\/es\/util\/geo\/visuGP.php\/?c=65114500\" target=\"_BLANK\" rel=\"noopener\">FR-65-1145<\/a><br>Paso de Ar\u00e8s<\/li>\n<li><a class=\"iframe-fancybox\" href=\"https:\/\/centcols.org\/es\/util\/geo\/visuGP.php\/?c=65098600\" target=\"_BLANK\" rel=\"noopener\">FR-65-0986<\/a><br>Col de Couret<\/li>\n<li><a class=\"iframe-fancybox\" href=\"https:\/\/centcols.org\/es\/util\/geo\/visuGP.php\/?c=65104200\" target=\"_BLANK\" rel=\"noopener\">FR-65-1042<\/a><br>Col de Moum\u00e8de<br><span class=\"note\">(Nota 6)<\/span><\/li>\n<\/ol>\n<\/td>\n<td style=\"vertical-align: top;\">\n<ol>\n<li><a class=\"iframe-fancybox\" href=\"https:\/\/centcols.org\/es\/util\/geo\/visuGP.php\/?c=31129300\" target=\"_BLANK\" rel=\"noopener\">FR-31-1293<\/a><br>Col du Portillon de Burbe<br><span class=\"note\">(Nota 7)<\/span><\/li>\n<li><a class=\"iframe-fancybox\" href=\"https:\/\/centcols.org\/es\/util\/geo\/visuICC.php\/?code=L-1337\" target=\"_BLANK\" rel=\"noopener\">ES-L-1337<\/a><br>Coret dera Artigueta<\/li>\n<li><a class=\"iframe-fancybox\" href=\"https:\/\/centcols.org\/es\/util\/geo\/visuGP.php\/?c=31174900\" target=\"_BLANK\" rel=\"noopener\">FR-31-1749<\/a><br>Col de Bar\u00e8ges<\/li>\n<li><span class=\"c2k\"><a class=\"iframe-fancybox\" href=\"https:\/\/centcols.org\/es\/util\/geo\/visuGP.php\/?c=31204801\" target=\"_BLANK\" rel=\"noopener\">FR-31-2048a<\/a><br>Passada d'era Trona<\/span><\/li>\n<li><span class=\"c2k\"><a class=\"iframe-fancybox\" href=\"https:\/\/centcols.org\/es\/util\/geo\/visuGP.php\/?c=31211400\" target=\"_BLANK\" rel=\"noopener\">FR-31-2114<\/a><br>Passage d'Arr\u00e8s<\/span><\/li>\n<li><span class=\"c2k\"><a class=\"iframe-fancybox\" href=\"https:\/\/centcols.org\/es\/util\/geo\/visuGP.php\/?c=31210500\" target=\"_BLANK\" rel=\"noopener\">FR-31-2105<\/a><br>Pasaje de Arrou<\/span><\/li>\n<li><span class=\"c2k\"><a class=\"iframe-fancybox\" href=\"https:\/\/centcols.org\/es\/util\/geo\/visuGP.php\/?c=31204800\" target=\"_BLANK\" rel=\"noopener\">FR-31-2048<\/a><br>No Vilamos<\/span><\/li>\n<li><span class=\"c2k\"><a class=\"iframe-fancybox\" href=\"https:\/\/centcols.org\/es\/util\/geo\/visuICC.php\/?code=L-2013\" target=\"_BLANK\" rel=\"noopener\">ES-L-2013<\/a><br>Cot de Poilan\u00e8r<\/span><\/li>\n<li><span class=\"c2k\"><a class=\"iframe-fancybox\" href=\"https:\/\/centcols.org\/es\/util\/geo\/visuGP.php\/?c=31206900\" target=\"_BLANK\" rel=\"noopener\">FR-31-2069<\/a><br>Pas de la Montjoi<\/span><\/li>\n<\/ol>\n<\/td>\n<td style=\"vertical-align: top;\">\n<ol>\n<li><a class=\"iframe-fancybox\" href=\"https:\/\/centcols.org\/es\/util\/geo\/visuGP.php\/?c=31168300\" target=\"_BLANK\" rel=\"noopener\">FR-31-1683<\/a><br>Puerto del Tribunal<\/li>\n<li><a class=\"iframe-fancybox\" href=\"https:\/\/centcols.org\/es\/util\/geo\/visuGP.php\/?c=31175500\" target=\"_BLANK\" rel=\"noopener\">FR-31-1755<\/a><br>Puerto de Bal\u00e8s<\/li>\n<li><a class=\"iframe-fancybox\" href=\"https:\/\/centcols.org\/es\/util\/geo\/visuGP.php\/?c=65165600\" target=\"_BLANK\" rel=\"noopener\">FR-65-1656<\/a><br>Col de Pradaus<\/li>\n<li><a class=\"iframe-fancybox\" href=\"https:\/\/centcols.org\/es\/util\/geo\/visuGP.php\/?c=65171000\" target=\"_BLANK\" rel=\"noopener\">FR-65-1710<\/a><br>Couret de St Martin<\/li>\n<li><a class=\"iframe-fancybox\" href=\"https:\/\/centcols.org\/es\/util\/geo\/visuGP.php\/?c=65164501\" target=\"_BLANK\" rel=\"noopener\">FR-65-1645a<\/a><br>Passage de la Courbe<\/li>\n<li><a class=\"iframe-fancybox\" href=\"https:\/\/centcols.org\/es\/util\/geo\/visuGP.php\/?c=31185502\" target=\"_BLANK\" rel=\"noopener\">FR-31-1855b<\/a><br>Puerto de Pierrefite<\/li>\n<li><span class=\"c2k\"><a class=\"iframe-fancybox\" href=\"https:\/\/centcols.org\/es\/util\/geo\/visuGP.php\/?c=65203500\" target=\"_BLANK\" rel=\"noopener\">FR-65-2035<\/a><br>Paso del Le\u00f3n<\/span><\/li>\n<li><span class=\"c2k\"><a class=\"iframe-fancybox\" href=\"https:\/\/centcols.org\/es\/util\/geo\/visuGP.php\/?c=31200100\" target=\"_BLANK\" rel=\"noopener\">FR-31-2001<\/a><br>Col de Louron<\/span><\/li>\n<li><span class=\"c2k\"><a class=\"iframe-fancybox\" href=\"https:\/\/centcols.org\/es\/util\/geo\/visuGP.php\/?c=31201500\" target=\"_BLANK\" rel=\"noopener\">FR-31-2015<\/a><br>Paso de Sahiestre<\/span><\/li>\n<li><a class=\"iframe-fancybox\" href=\"https:\/\/centcols.org\/es\/util\/geo\/visuGP.php\/?c=31199200\" target=\"_BLANK\" rel=\"noopener\">FR-31-1992<\/a><br>Puerto de Pinate<\/li>\n<\/ol>\n<\/td>\n<td style=\"vertical-align: top;\">\n<ol>\n<li><span class=\"c2k\"><a class=\"iframe-fancybox\" href=\"https:\/\/centcols.org\/es\/util\/geo\/visuGP.php\/?c=65221501\" target=\"_BLANK\" rel=\"noopener\">FR-65-2215a<\/a><br>Col de Portet<br><span class=\"note\">(Nota 9)<\/span><\/span><\/li>\n<li><span class=\"c2k\"><a class=\"iframe-fancybox\" href=\"https:\/\/centcols.org\/es\/util\/geo\/visuGP.php\/?c=65227400\" target=\"_BLANK\" rel=\"noopener\">FR-65-2274<\/a><br>Col de Terre N\u00e8re<\/span><\/li>\n<\/ol>\n<\/td>\n<\/tr>\n<\/tbody>\n<\/table>\n<\/td>\n<td style=\"width: 0.601504%;\">&nbsp;<\/td>\n<td style=\"width: 1.80451%;\">&nbsp;<\/td>\n<td style=\"width: 1.50376%;\">&nbsp;<\/td>\n<td style=\"width: 1.95489%;\">&nbsp;<\/td>\n<\/tr>\n<\/tbody>\n<\/table>\n<\/div>\n\n\n\n<ul class=\"wp-block-list\">\n<li>Opcional desde el Col de Oueil Lusent:&nbsp;<a class=\"iframe-fancybox\" href=\"https:\/\/centcols.org\/es\/util\/geo\/visuGP.php\/?c=65139500\" target=\"_BLANK\" rel=\"noopener\">FR-65-1395<\/a> Col de Castillon (S3-S4) ida y vuelta.<\/li>\n\n\n\n<li>Opcional despu\u00e9s del Col de Moum\u00e8de, antes de regresar a H\u00e8ches :&nbsp;<a class=\"iframe-fancybox\" href=\"https:\/\/centcols.org\/es\/util\/geo\/visuGP.php\/?c=65111400\" target=\"_blank\" rel=\"noopener\">FR-65-1114<\/a> Pas du Moun\u00e9 y vuelta.<\/li>\n\n\n\n<li>Opcional desde la Puerta de Burbe:<a class=\"iframe-fancybox\" href=\"https:\/\/centcols.org\/es\/util\/geo\/visuICC.php\/?code=L-1355\" target=\"_BLANK\" rel=\"noopener\">ES-L-1355<\/a> Coret dera Cl\u00f2ta y <a class=\"iframe-fancybox\" href=\"https:\/\/centcols.org\/es\/util\/geo\/visuICC.php\/?code=L-1404\" target=\"_BLANK\" rel=\"noopener\">ES-L-1404<\/a> Coret de Samor\u00e8ra.<br>Dificultades de aparcamiento.<\/li>\n\n\n\n<li>Opci\u00f3n:&nbsp;<span class=\"c2k\"><a class=\"iframe-fancybox\" href=\"https:\/\/centcols.org\/es\/util\/geo\/visuGP.php\/?c=65242500\" target=\"_BLANK\" rel=\"noopener\">FR-65-2425<\/a><\/span> Paso de Jetas<\/li>\n<\/ul>\n\n\n\n<h2 class=\"wp-block-heading\">El informe<\/h2>\n\n\n\n<h3 class=\"wp-block-heading\">Una estancia en Aure<\/h3>\n\n\n\n<p>As\u00ed que aqu\u00ed estamos, de vuelta en los Pirineos, entre los valles de Aure y Louron, en las fronteras de Comminges, Bigorre y Espa\u00f1a...<br>\u00c9ramos algo menos que en 2008, unos 150, pero el ambiente segu\u00eda siendo acorde con el esp\u00edritu de los Cent Cols: amistad, apoyo mutuo y buen humor.<\/p>\n\n\n\n<p>Por supuesto, todo el mundo hab\u00eda escalado ya los puertos vecinos, pero Alain Gillodes, el delegado regional, hab\u00eda conseguido encontrar algunos puertos m\u00e1s o menos secretos, con m\u00fasica de Ren\u00e9 Poty e \u00abim\u00e1genes\u00bb de Mario Labelle. He o\u00eddo que algunos de los pasos de m\u00e1s o menos 2.000 metros no eran f\u00e1ciles de encontrar. \u00a1Hab\u00eda que coger el manillar por los cuernos! Normal en las zonas de pastoreo que atravesamos. Incluso nos sentamos en la hierba sembrada de esti\u00e9rcol para asistir a la ceremonia oficial de la reuni\u00f3n del Col d'Azet, durante la cual Claude B\u00e9nistrand pronunci\u00f3 su \u00faltimo discurso como Presidente. A\u00fan era un poco pronto para dar las gracias al equipo que tomar\u00e1 el relevo en la pr\u00f3xima Asamblea General, \u00a1pero todos pensamos en ello!<\/p>\n\n\n\n<p>Aunque el regalo de recuerdo de este a\u00f1o era un botiqu\u00edn de primeros auxilios, cabe suponer que el club no corre ning\u00fan peligro.<br>Adem\u00e1s de un gran n\u00famero de visitantes franceses, tambi\u00e9n asistieron italianos, suizos, ingleses y dos australianos que hab\u00edan viajado desde Amsterdam. Me quito el sombrero ante ellos. En cuanto a los suizos, me enter\u00e9 de que dos de ellos hab\u00edan prolongado su estancia en la regi\u00f3n.<\/p>\n\n\n\n<p>Para 2010, nos dirigimos al noreste, a los Vosgos...<\/p>\n\n\n\n<p><strong>Georges Golse<\/strong><\/p>\n\n\n\n<h2 class=\"wp-block-heading\">\u00c1lbumes de fotos<\/h2>\n\n\n\n<figure class=\"wp-block-gallery has-nested-images columns-4 is-cropped wp-block-gallery-2 is-layout-flex wp-block-gallery-is-layout-flex\">\n<figure class=\"wp-block-image size-full\"><a href=\"https:\/\/centcols.org\/les_rendez-vous\/2009\/Val-Louron\/Albums\/01.htm\" target=\"_blank\" rel=\"noreferrer noopener\"><img loading=\"lazy\" decoding=\"async\" width=\"640\" height=\"480\" data-id=\"89186\" src=\"https:\/\/centcols.org\/wp-content\/uploads\/2009\/04\/4889_17.jpg\" alt=\"\" class=\"wp-image-89186\" srcset=\"https:\/\/centcols.org\/wp-content\/uploads\/2009\/04\/4889_17.jpg 640w, https:\/\/centcols.org\/wp-content\/uploads\/2009\/04\/4889_17-16x12.jpg 16w\" sizes=\"auto, (max-width: 640px) 100vw, 640px\" \/><\/a><figcaption class=\"wp-element-caption\">\u00c1lbum de Mario Labelle<\/figcaption><\/figure>\n\n\n\n<figure class=\"wp-block-image size-full\"><a href=\"https:\/\/centcols.org\/les_rendez-vous\/2009\/Val-Louron\/Albums\/03.htm\" target=\"_blank\" rel=\"noreferrer noopener\"><img loading=\"lazy\" decoding=\"async\" width=\"642\" height=\"482\" data-id=\"89188\" src=\"https:\/\/centcols.org\/wp-content\/uploads\/2009\/04\/rg39.jpg\" alt=\"\" class=\"wp-image-89188\" srcset=\"https:\/\/centcols.org\/wp-content\/uploads\/2009\/04\/rg39.jpg 642w, https:\/\/centcols.org\/wp-content\/uploads\/2009\/04\/rg39-16x12.jpg 16w\" sizes=\"auto, (max-width: 642px) 100vw, 642px\" \/><\/a><figcaption class=\"wp-element-caption\">\u00c1lbum de Guy Ruffi\u00e9<\/figcaption><\/figure>\n\n\n\n<figure class=\"wp-block-image size-full\"><a href=\"https:\/\/centcols.org\/les_rendez-vous\/2009\/Val-Louron\/Albums\/04.htm\" target=\"_blank\" rel=\"noreferrer noopener\"><img loading=\"lazy\" decoding=\"async\" width=\"642\" height=\"482\" data-id=\"89190\" src=\"https:\/\/centcols.org\/wp-content\/uploads\/2009\/04\/jplambert-085.jpg\" alt=\"\" class=\"wp-image-89190\" srcset=\"https:\/\/centcols.org\/wp-content\/uploads\/2009\/04\/jplambert-085.jpg 642w, https:\/\/centcols.org\/wp-content\/uploads\/2009\/04\/jplambert-085-16x12.jpg 16w\" sizes=\"auto, (max-width: 642px) 100vw, 642px\" \/><\/a><figcaption class=\"wp-element-caption\">\u00c1lbum de Jean-Pierre Lambert<\/figcaption><\/figure>\n\n\n\n<figure class=\"wp-block-image size-full\"><a href=\"https:\/\/centcols.org\/les_rendez-vous\/2009\/Val-Louron\/Albums\/05.htm\" target=\"_blank\" rel=\"noreferrer noopener\"><img loading=\"lazy\" decoding=\"async\" width=\"642\" height=\"482\" data-id=\"89191\" src=\"https:\/\/centcols.org\/wp-content\/uploads\/2009\/04\/jbernauer-776.jpg\" alt=\"\" class=\"wp-image-89191\" srcset=\"https:\/\/centcols.org\/wp-content\/uploads\/2009\/04\/jbernauer-776.jpg 642w, https:\/\/centcols.org\/wp-content\/uploads\/2009\/04\/jbernauer-776-16x12.jpg 16w\" sizes=\"auto, (max-width: 642px) 100vw, 642px\" \/><\/a><figcaption class=\"wp-element-caption\">\u00c1lbum de Jean Bernauer<\/figcaption><\/figure>\n\n\n\n<figure class=\"wp-block-image size-full\"><a href=\"https:\/\/centcols.org\/les_rendez-vous\/2009\/Val-Louron\/Albums\/06.htm\" target=\"_blank\" rel=\"noreferrer noopener\"><img loading=\"lazy\" decoding=\"async\" width=\"642\" height=\"482\" data-id=\"89193\" src=\"https:\/\/centcols.org\/wp-content\/uploads\/2009\/04\/alotto-001.jpg\" alt=\"\" class=\"wp-image-89193\" srcset=\"https:\/\/centcols.org\/wp-content\/uploads\/2009\/04\/alotto-001.jpg 642w, https:\/\/centcols.org\/wp-content\/uploads\/2009\/04\/alotto-001-16x12.jpg 16w\" sizes=\"auto, (max-width: 642px) 100vw, 642px\" \/><\/a><figcaption class=\"wp-element-caption\">\u00c1lbum Alf\u00e9o Lotto<\/figcaption><\/figure>\n\n\n\n<figure class=\"wp-block-image size-full\"><a href=\"https:\/\/centcols.org\/les_rendez-vous\/2009\/Val-Louron\/Albums\/07.htm\" target=\"_blank\" rel=\"noreferrer noopener\"><img loading=\"lazy\" decoding=\"async\" width=\"640\" height=\"480\" data-id=\"89194\" src=\"https:\/\/centcols.org\/wp-content\/uploads\/2009\/04\/5925-13.jpg\" alt=\"\" class=\"wp-image-89194\" srcset=\"https:\/\/centcols.org\/wp-content\/uploads\/2009\/04\/5925-13.jpg 640w, https:\/\/centcols.org\/wp-content\/uploads\/2009\/04\/5925-13-16x12.jpg 16w\" sizes=\"auto, (max-width: 640px) 100vw, 640px\" \/><\/a><figcaption class=\"wp-element-caption\">\u00c1lbum de Thierry Labour<\/figcaption><\/figure>\n\n\n\n<figure class=\"wp-block-image size-full\"><img loading=\"lazy\" decoding=\"async\" width=\"640\" height=\"480\" data-id=\"89195\" src=\"https:\/\/centcols.org\/wp-content\/uploads\/2009\/04\/5065-04.jpg\" alt=\"\" class=\"wp-image-89195\" srcset=\"https:\/\/centcols.org\/wp-content\/uploads\/2009\/04\/5065-04.jpg 640w, https:\/\/centcols.org\/wp-content\/uploads\/2009\/04\/5065-04-16x12.jpg 16w\" sizes=\"auto, (max-width: 640px) 100vw, 640px\" \/><figcaption class=\"wp-element-caption\">\u00c1lbum de Enrico Alberini<\/figcaption><\/figure>\n\n\n\n<figure class=\"wp-block-image size-full\"><a href=\"https:\/\/centcols.org\/les_rendez-vous\/2009\/Val-Louron\/Albums\/09.htm\" target=\"_blank\" rel=\"noreferrer noopener\"><img loading=\"lazy\" decoding=\"async\" width=\"640\" height=\"480\" data-id=\"89196\" src=\"https:\/\/centcols.org\/wp-content\/uploads\/2009\/04\/touzeau-23.jpg\" alt=\"\" class=\"wp-image-89196\" srcset=\"https:\/\/centcols.org\/wp-content\/uploads\/2009\/04\/touzeau-23.jpg 640w, https:\/\/centcols.org\/wp-content\/uploads\/2009\/04\/touzeau-23-16x12.jpg 16w\" sizes=\"auto, (max-width: 640px) 100vw, 640px\" \/><\/a><figcaption class=\"wp-element-caption\"><a href=\"https:\/\/centcols.org\/les_rendez-vous\/2009\/Val-Louron\/Albums\/09.htm\" target=\"_blank\" rel=\"noreferrer noopener\">\u00c1lbum de Francis Touzeau<\/a><\/figcaption><\/figure>\n\n\n\n<figure class=\"wp-block-image size-full\"><a href=\"https:\/\/centcols.org\/les_rendez-vous\/2009\/Val-Louron\/Albums\/10.htm\" target=\"_blank\" rel=\"noreferrer noopener\"><img loading=\"lazy\" decoding=\"async\" width=\"640\" height=\"427\" data-id=\"89198\" src=\"https:\/\/centcols.org\/wp-content\/uploads\/2009\/04\/3956-11.jpg\" alt=\"\" class=\"wp-image-89198\" srcset=\"https:\/\/centcols.org\/wp-content\/uploads\/2009\/04\/3956-11.jpg 640w, https:\/\/centcols.org\/wp-content\/uploads\/2009\/04\/3956-11-18x12.jpg 18w\" sizes=\"auto, (max-width: 640px) 100vw, 640px\" \/><\/a><figcaption class=\"wp-element-caption\">\u00c1lbum de Agn\u00e8s M\u00e9oulet-Morieux<\/figcaption><\/figure>\n\n\n\n<figure class=\"wp-block-image size-full\"><a href=\"https:\/\/centcols.org\/les_rendez-vous\/2009\/Val-Louron\/Albums\/11.htm\" target=\"_blank\" rel=\"noreferrer noopener\"><img loading=\"lazy\" decoding=\"async\" width=\"640\" height=\"480\" data-id=\"89199\" src=\"https:\/\/centcols.org\/wp-content\/uploads\/2009\/04\/Cowham-13-06-1.jpg\" alt=\"\" class=\"wp-image-89199\" srcset=\"https:\/\/centcols.org\/wp-content\/uploads\/2009\/04\/Cowham-13-06-1.jpg 640w, https:\/\/centcols.org\/wp-content\/uploads\/2009\/04\/Cowham-13-06-1-16x12.jpg 16w\" sizes=\"auto, (max-width: 640px) 100vw, 640px\" \/><\/a><figcaption class=\"wp-element-caption\">\u00c1lbum de Gerald Cowham<\/figcaption><\/figure>\n\n\n\n<figure class=\"wp-block-image size-full\"><a href=\"https:\/\/centcols.org\/les_rendez-vous\/2009\/Val-Louron\/Albums\/12.htm\" target=\"_blank\" rel=\"noreferrer noopener\"><img loading=\"lazy\" decoding=\"async\" width=\"648\" height=\"486\" data-id=\"89200\" src=\"https:\/\/centcols.org\/wp-content\/uploads\/2009\/04\/5480-04a.jpg\" alt=\"\" class=\"wp-image-89200\" srcset=\"https:\/\/centcols.org\/wp-content\/uploads\/2009\/04\/5480-04a.jpg 648w, https:\/\/centcols.org\/wp-content\/uploads\/2009\/04\/5480-04a-16x12.jpg 16w\" sizes=\"auto, (max-width: 648px) 100vw, 648px\" \/><\/a><figcaption class=\"wp-element-caption\">\u00c1lbum de Ren\u00e9 Rial<\/figcaption><\/figure>\n\n\n\n<figure class=\"wp-block-image size-full\"><a href=\"https:\/\/centcols.org\/les_rendez-vous\/2009\/Val-Louron\/Albums\/13.htm\" target=\"_blank\" rel=\"noreferrer noopener\"><img loading=\"lazy\" decoding=\"async\" width=\"642\" height=\"482\" data-id=\"89201\" src=\"https:\/\/centcols.org\/wp-content\/uploads\/2009\/04\/harle-64.jpg\" alt=\"\" class=\"wp-image-89201\" srcset=\"https:\/\/centcols.org\/wp-content\/uploads\/2009\/04\/harle-64.jpg 642w, https:\/\/centcols.org\/wp-content\/uploads\/2009\/04\/harle-64-16x12.jpg 16w\" sizes=\"auto, (max-width: 642px) 100vw, 642px\" \/><\/a><figcaption class=\"wp-element-caption\">\u00c1lbum de Guy Harl\u00e9<\/figcaption><\/figure>\n\n\n\n<figure class=\"wp-block-image size-full\"><a href=\"https:\/\/centcols.org\/les_rendez-vous\/2009\/Val-Louron\/Albums\/14.htm\" target=\"_blank\" rel=\"noreferrer noopener\"><img loading=\"lazy\" decoding=\"async\" width=\"642\" height=\"520\" data-id=\"89202\" src=\"https:\/\/centcols.org\/wp-content\/uploads\/2009\/04\/poty-29.jpg\" alt=\"\" class=\"wp-image-89202\" srcset=\"https:\/\/centcols.org\/wp-content\/uploads\/2009\/04\/poty-29.jpg 642w, https:\/\/centcols.org\/wp-content\/uploads\/2009\/04\/poty-29-15x12.jpg 15w\" sizes=\"auto, (max-width: 642px) 100vw, 642px\" \/><\/a><figcaption class=\"wp-element-caption\">\u00c1lbum de Nicole y Ren\u00e9 Poty<\/figcaption><\/figure>\n\n\n\n<figure class=\"wp-block-image size-full\"><a href=\"https:\/\/centcols.org\/les_rendez-vous\/2009\/Val-Louron\/Albums\/15.htm\" target=\"_blank\" rel=\"noreferrer noopener\"><img loading=\"lazy\" decoding=\"async\" width=\"640\" height=\"480\" data-id=\"89203\" src=\"https:\/\/centcols.org\/wp-content\/uploads\/2009\/04\/gillodes-133.jpg\" alt=\"\" class=\"wp-image-89203\" srcset=\"https:\/\/centcols.org\/wp-content\/uploads\/2009\/04\/gillodes-133.jpg 640w, https:\/\/centcols.org\/wp-content\/uploads\/2009\/04\/gillodes-133-16x12.jpg 16w\" sizes=\"auto, (max-width: 640px) 100vw, 640px\" \/><\/a><figcaption class=\"wp-element-caption\">\u00c1lbum de Alain Gillodes<\/figcaption><\/figure>\n\n\n\n<figure class=\"wp-block-image size-full\"><a href=\"https:\/\/centcols.org\/les_rendez-vous\/2009\/Val-Louron\/Albums\/02.htm\" target=\"_blank\" rel=\"noreferrer noopener\"><img loading=\"lazy\" decoding=\"async\" width=\"640\" height=\"480\" data-id=\"89204\" src=\"https:\/\/centcols.org\/wp-content\/uploads\/2009\/04\/4889_24.jpg\" alt=\"\" class=\"wp-image-89204\" srcset=\"https:\/\/centcols.org\/wp-content\/uploads\/2009\/04\/4889_24.jpg 640w, https:\/\/centcols.org\/wp-content\/uploads\/2009\/04\/4889_24-16x12.jpg 16w\" sizes=\"auto, (max-width: 640px) 100vw, 640px\" \/><\/a><figcaption class=\"wp-element-caption\">\u00c1lbum de Mario Labelle<\/figcaption><\/figure>\n<\/figure>","protected":false},"excerpt":{"rendered":"<p>Pr\u00e9sentation Comme chaque ann\u00e9e, \u00e0 la mi-ao\u00fbt, le Club des Cent Cols convie ses adh\u00e9rents \u00e0 un rassemblement international au sommet d&rsquo;un col. Le samedi 15 ao\u00fbt 2009, nous nous retrouverons au sommet du col d&rsquo;Azet (FR-65-1580) dans les Pyr\u00e9n\u00e9es. Ce rassemblement s&rsquo;accompagnera d&rsquo;un s\u00e9jour (du 11\/08 au soir au 15\/08 \u00e0 midi). Notre h\u00e9bergement [&hellip;]<\/p>\n","protected":false},"author":3,"featured_media":81620,"comment_status":"closed","ping_status":"closed","sticky":false,"template":"","format":"standard","meta":{"_acf_changed":false,"footnotes":""},"categories":[349,384,135,421,379,231],"tags":[],"class_list":["post-81619","post","type-post","status-publish","format-standard","has-post-thumbnail","hentry","category-france-pays-sejours","category-occitanie-region-sejours","category-calendrier","category-65-hautes-pyrenees-departement-sejours","category-pyrenees-massif-sejours","category-sejours"],"acf":[],"yoast_head":"<!-- This site is optimized with the Yoast SEO plugin v27.2 - https:\/\/yoast.com\/product\/yoast-seo-wordpress\/ -->\n<title>S\u00e9jour estival du Club des Cent Cols \u00e0 Val-Louron (Hautes-Pyr\u00e9n\u00e9es) du 11 au 15 ao\u00fbt 2009 - Club des Cent Cols<\/title>\n<meta name=\"robots\" content=\"index, follow, max-snippet:-1, max-image-preview:large, max-video-preview:-1\" \/>\n<link rel=\"canonical\" href=\"https:\/\/centcols.org\/es\/vacaciones-de-verano-del-cent-cols-club-en-val-louron-altos-pirineos-del-11-al-15-de-agosto-de-2009\/\" \/>\n<meta property=\"og:locale\" content=\"es_ES\" \/>\n<meta property=\"og:type\" content=\"article\" \/>\n<meta property=\"og:title\" content=\"S\u00e9jour estival du Club des Cent Cols \u00e0 Val-Louron (Hautes-Pyr\u00e9n\u00e9es) du 11 au 15 ao\u00fbt 2009 - Club des Cent Cols\" \/>\n<meta property=\"og:description\" content=\"Pr\u00e9sentation Comme chaque ann\u00e9e, \u00e0 la mi-ao\u00fbt, le Club des Cent Cols convie ses adh\u00e9rents \u00e0 un rassemblement international au sommet d&rsquo;un col. Le samedi 15 ao\u00fbt 2009, nous nous retrouverons au sommet du col d&rsquo;Azet (FR-65-1580) dans les Pyr\u00e9n\u00e9es. Ce rassemblement s&rsquo;accompagnera d&rsquo;un s\u00e9jour (du 11\/08 au soir au 15\/08 \u00e0 midi). Notre h\u00e9bergement [&hellip;]\" \/>\n<meta property=\"og:url\" content=\"https:\/\/centcols.org\/es\/vacaciones-de-verano-del-cent-cols-club-en-val-louron-altos-pirineos-del-11-al-15-de-agosto-de-2009\/\" \/>\n<meta property=\"og:site_name\" content=\"Club des Cent Cols\" \/>\n<meta property=\"article:publisher\" content=\"https:\/\/www.facebook.com\/groups\/5261880558\/?locale=fr_FR\" \/>\n<meta property=\"article:published_time\" content=\"2009-04-23T08:06:00+00:00\" \/>\n<meta property=\"article:modified_time\" content=\"2025-10-02T09:25:38+00:00\" \/>\n<meta property=\"og:image\" content=\"https:\/\/centcols.org\/wp-content\/uploads\/2025\/05\/Cowham-13-06-1.jpg\" \/>\n\t<meta property=\"og:image:width\" content=\"640\" \/>\n\t<meta property=\"og:image:height\" content=\"480\" \/>\n\t<meta property=\"og:image:type\" content=\"image\/jpeg\" \/>\n<meta name=\"author\" content=\"Webmestre\" \/>\n<meta name=\"twitter:card\" content=\"summary_large_image\" \/>\n<meta name=\"twitter:label1\" content=\"Escrito por\" \/>\n\t<meta name=\"twitter:data1\" content=\"Webmestre\" \/>\n\t<meta name=\"twitter:label2\" content=\"Tiempo de lectura\" \/>\n\t<meta name=\"twitter:data2\" content=\"10 minutos\" \/>\n<script type=\"application\/ld+json\" class=\"yoast-schema-graph\">{\"@context\":\"https:\/\/schema.org\",\"@graph\":[{\"@type\":\"Article\",\"@id\":\"https:\/\/centcols.org\/sejour-estival-du-club-des-cent-cols-a-val-louron-hautes-pyrenees-du-11-au-15-aout-2009\/#article\",\"isPartOf\":{\"@id\":\"https:\/\/centcols.org\/sejour-estival-du-club-des-cent-cols-a-val-louron-hautes-pyrenees-du-11-au-15-aout-2009\/\"},\"author\":{\"name\":\"Webmestre\",\"@id\":\"https:\/\/centcols.org\/#\/schema\/person\/911b404fb133d8c913dd27cdcf71c8e5\"},\"headline\":\"S\u00e9jour estival du Club des Cent Cols \u00e0 Val-Louron (Hautes-Pyr\u00e9n\u00e9es) du 11 au 15 ao\u00fbt 2009\",\"datePublished\":\"2009-04-23T08:06:00+00:00\",\"dateModified\":\"2025-10-02T09:25:38+00:00\",\"mainEntityOfPage\":{\"@id\":\"https:\/\/centcols.org\/sejour-estival-du-club-des-cent-cols-a-val-louron-hautes-pyrenees-du-11-au-15-aout-2009\/\"},\"wordCount\":1191,\"publisher\":{\"@id\":\"https:\/\/centcols.org\/#organization\"},\"image\":{\"@id\":\"https:\/\/centcols.org\/sejour-estival-du-club-des-cent-cols-a-val-louron-hautes-pyrenees-du-11-au-15-aout-2009\/#primaryimage\"},\"thumbnailUrl\":\"https:\/\/centcols.org\/wp-content\/uploads\/2025\/05\/Cowham-13-06-1.jpg\",\"articleSection\":[\"France\",\"Occitanie\",\"Calendrier\",\"65-Hautes-Pyr\u00e9n\u00e9es\",\"Pyr\u00e9n\u00e9es\",\"S\u00e9jours du Club des Cent Cols\"],\"inLanguage\":\"es\"},{\"@type\":\"WebPage\",\"@id\":\"https:\/\/centcols.org\/sejour-estival-du-club-des-cent-cols-a-val-louron-hautes-pyrenees-du-11-au-15-aout-2009\/\",\"url\":\"https:\/\/centcols.org\/sejour-estival-du-club-des-cent-cols-a-val-louron-hautes-pyrenees-du-11-au-15-aout-2009\/\",\"name\":\"S\u00e9jour estival du Club des Cent Cols \u00e0 Val-Louron (Hautes-Pyr\u00e9n\u00e9es) du 11 au 15 ao\u00fbt 2009 - Club des Cent Cols\",\"isPartOf\":{\"@id\":\"https:\/\/centcols.org\/#website\"},\"primaryImageOfPage\":{\"@id\":\"https:\/\/centcols.org\/sejour-estival-du-club-des-cent-cols-a-val-louron-hautes-pyrenees-du-11-au-15-aout-2009\/#primaryimage\"},\"image\":{\"@id\":\"https:\/\/centcols.org\/sejour-estival-du-club-des-cent-cols-a-val-louron-hautes-pyrenees-du-11-au-15-aout-2009\/#primaryimage\"},\"thumbnailUrl\":\"https:\/\/centcols.org\/wp-content\/uploads\/2025\/05\/Cowham-13-06-1.jpg\",\"datePublished\":\"2009-04-23T08:06:00+00:00\",\"dateModified\":\"2025-10-02T09:25:38+00:00\",\"breadcrumb\":{\"@id\":\"https:\/\/centcols.org\/sejour-estival-du-club-des-cent-cols-a-val-louron-hautes-pyrenees-du-11-au-15-aout-2009\/#breadcrumb\"},\"inLanguage\":\"es\",\"potentialAction\":[{\"@type\":\"ReadAction\",\"target\":[\"https:\/\/centcols.org\/sejour-estival-du-club-des-cent-cols-a-val-louron-hautes-pyrenees-du-11-au-15-aout-2009\/\"]}]},{\"@type\":\"ImageObject\",\"inLanguage\":\"es\",\"@id\":\"https:\/\/centcols.org\/sejour-estival-du-club-des-cent-cols-a-val-louron-hautes-pyrenees-du-11-au-15-aout-2009\/#primaryimage\",\"url\":\"https:\/\/centcols.org\/wp-content\/uploads\/2025\/05\/Cowham-13-06-1.jpg\",\"contentUrl\":\"https:\/\/centcols.org\/wp-content\/uploads\/2025\/05\/Cowham-13-06-1.jpg\",\"width\":640,\"height\":480},{\"@type\":\"BreadcrumbList\",\"@id\":\"https:\/\/centcols.org\/sejour-estival-du-club-des-cent-cols-a-val-louron-hautes-pyrenees-du-11-au-15-aout-2009\/#breadcrumb\",\"itemListElement\":[{\"@type\":\"ListItem\",\"position\":1,\"name\":\"Accueil\",\"item\":\"https:\/\/centcols.org\/\"},{\"@type\":\"ListItem\",\"position\":2,\"name\":\"S\u00e9jours du Club des Cent Cols\",\"item\":\"https:\/\/centcols.org\/rubrique\/sejours\/\"},{\"@type\":\"ListItem\",\"position\":3,\"name\":\"Pays\",\"item\":\"https:\/\/centcols.org\/rubrique\/sejours\/pays-sejours\/\"},{\"@type\":\"ListItem\",\"position\":4,\"name\":\"France\",\"item\":\"https:\/\/centcols.org\/rubrique\/sejours\/pays-sejours\/france-pays-sejours\/\"},{\"@type\":\"ListItem\",\"position\":5,\"name\":\"S\u00e9jour estival du Club des Cent Cols \u00e0 Val-Louron (Hautes-Pyr\u00e9n\u00e9es) du 11 au 15 ao\u00fbt 2009\"}]},{\"@type\":\"WebSite\",\"@id\":\"https:\/\/centcols.org\/#website\",\"url\":\"https:\/\/centcols.org\/\",\"name\":\"Club des Cent Cols\",\"description\":\"\",\"publisher\":{\"@id\":\"https:\/\/centcols.org\/#organization\"},\"potentialAction\":[{\"@type\":\"SearchAction\",\"target\":{\"@type\":\"EntryPoint\",\"urlTemplate\":\"https:\/\/centcols.org\/?s={search_term_string}\"},\"query-input\":{\"@type\":\"PropertyValueSpecification\",\"valueRequired\":true,\"valueName\":\"search_term_string\"}}],\"inLanguage\":\"es\"},{\"@type\":\"Organization\",\"@id\":\"https:\/\/centcols.org\/#organization\",\"name\":\"Club des Cent Cols\",\"url\":\"https:\/\/centcols.org\/\",\"logo\":{\"@type\":\"ImageObject\",\"inLanguage\":\"es\",\"@id\":\"https:\/\/centcols.org\/#\/schema\/logo\/image\/\",\"url\":\"https:\/\/centcols.org\/wp-content\/uploads\/2025\/01\/carte-icone.png\",\"contentUrl\":\"https:\/\/centcols.org\/wp-content\/uploads\/2025\/01\/carte-icone.png\",\"width\":250,\"height\":250,\"caption\":\"Club des Cent Cols\"},\"image\":{\"@id\":\"https:\/\/centcols.org\/#\/schema\/logo\/image\/\"},\"sameAs\":[\"https:\/\/www.facebook.com\/groups\/5261880558\/?locale=fr_FR\"]},{\"@type\":\"Person\",\"@id\":\"https:\/\/centcols.org\/#\/schema\/person\/911b404fb133d8c913dd27cdcf71c8e5\",\"name\":\"Webmestre\",\"image\":{\"@type\":\"ImageObject\",\"inLanguage\":\"es\",\"@id\":\"https:\/\/centcols.org\/wp-content\/litespeed\/avatar\/2d246e4b6b4f773e08515e1ffc53690b.jpg?ver=1777222892\",\"url\":\"https:\/\/centcols.org\/wp-content\/litespeed\/avatar\/2d246e4b6b4f773e08515e1ffc53690b.jpg?ver=1777222892\",\"contentUrl\":\"https:\/\/centcols.org\/wp-content\/litespeed\/avatar\/2d246e4b6b4f773e08515e1ffc53690b.jpg?ver=1777222892\",\"caption\":\"Webmestre\"},\"url\":\"https:\/\/centcols.org\/es\/author\/webmestre\/\"}]}<\/script>\n<!-- \/ Yoast SEO plugin. -->","yoast_head_json":{"title":"Vacaciones de verano del Club des Cent Cols en Val-Louron (Hautes-Pyr\u00e9n\u00e9es) del 11 al 15 de agosto de 2009 - Club des Cent Cols","robots":{"index":"index","follow":"follow","max-snippet":"max-snippet:-1","max-image-preview":"max-image-preview:large","max-video-preview":"max-video-preview:-1"},"canonical":"https:\/\/centcols.org\/es\/vacaciones-de-verano-del-cent-cols-club-en-val-louron-altos-pirineos-del-11-al-15-de-agosto-de-2009\/","og_locale":"es_ES","og_type":"article","og_title":"S\u00e9jour estival du Club des Cent Cols \u00e0 Val-Louron (Hautes-Pyr\u00e9n\u00e9es) du 11 au 15 ao\u00fbt 2009 - Club des Cent Cols","og_description":"Pr\u00e9sentation Comme chaque ann\u00e9e, \u00e0 la mi-ao\u00fbt, le Club des Cent Cols convie ses adh\u00e9rents \u00e0 un rassemblement international au sommet d&rsquo;un col. Le samedi 15 ao\u00fbt 2009, nous nous retrouverons au sommet du col d&rsquo;Azet (FR-65-1580) dans les Pyr\u00e9n\u00e9es. Ce rassemblement s&rsquo;accompagnera d&rsquo;un s\u00e9jour (du 11\/08 au soir au 15\/08 \u00e0 midi). Notre h\u00e9bergement [&hellip;]","og_url":"https:\/\/centcols.org\/es\/vacaciones-de-verano-del-cent-cols-club-en-val-louron-altos-pirineos-del-11-al-15-de-agosto-de-2009\/","og_site_name":"Club des Cent Cols","article_publisher":"https:\/\/www.facebook.com\/groups\/5261880558\/?locale=fr_FR","article_published_time":"2009-04-23T08:06:00+00:00","article_modified_time":"2025-10-02T09:25:38+00:00","og_image":[{"width":640,"height":480,"url":"https:\/\/centcols.org\/wp-content\/uploads\/2025\/05\/Cowham-13-06-1.jpg","type":"image\/jpeg"}],"author":"Webmestre","twitter_card":"summary_large_image","twitter_misc":{"Escrito por":"Webmestre","Tiempo de lectura":"10 minutos"},"schema":{"@context":"https:\/\/schema.org","@graph":[{"@type":"Article","@id":"https:\/\/centcols.org\/sejour-estival-du-club-des-cent-cols-a-val-louron-hautes-pyrenees-du-11-au-15-aout-2009\/#article","isPartOf":{"@id":"https:\/\/centcols.org\/sejour-estival-du-club-des-cent-cols-a-val-louron-hautes-pyrenees-du-11-au-15-aout-2009\/"},"author":{"name":"Webmestre","@id":"https:\/\/centcols.org\/#\/schema\/person\/911b404fb133d8c913dd27cdcf71c8e5"},"headline":"S\u00e9jour estival du Club des Cent Cols \u00e0 Val-Louron (Hautes-Pyr\u00e9n\u00e9es) du 11 au 15 ao\u00fbt 2009","datePublished":"2009-04-23T08:06:00+00:00","dateModified":"2025-10-02T09:25:38+00:00","mainEntityOfPage":{"@id":"https:\/\/centcols.org\/sejour-estival-du-club-des-cent-cols-a-val-louron-hautes-pyrenees-du-11-au-15-aout-2009\/"},"wordCount":1191,"publisher":{"@id":"https:\/\/centcols.org\/#organization"},"image":{"@id":"https:\/\/centcols.org\/sejour-estival-du-club-des-cent-cols-a-val-louron-hautes-pyrenees-du-11-au-15-aout-2009\/#primaryimage"},"thumbnailUrl":"https:\/\/centcols.org\/wp-content\/uploads\/2025\/05\/Cowham-13-06-1.jpg","articleSection":["France","Occitanie","Calendrier","65-Hautes-Pyr\u00e9n\u00e9es","Pyr\u00e9n\u00e9es","S\u00e9jours du Club des Cent Cols"],"inLanguage":"es"},{"@type":"WebPage","@id":"https:\/\/centcols.org\/sejour-estival-du-club-des-cent-cols-a-val-louron-hautes-pyrenees-du-11-au-15-aout-2009\/","url":"https:\/\/centcols.org\/sejour-estival-du-club-des-cent-cols-a-val-louron-hautes-pyrenees-du-11-au-15-aout-2009\/","name":"Vacaciones de verano del Club des Cent Cols en Val-Louron (Hautes-Pyr\u00e9n\u00e9es) del 11 al 15 de agosto de 2009 - Club des Cent Cols","isPartOf":{"@id":"https:\/\/centcols.org\/#website"},"primaryImageOfPage":{"@id":"https:\/\/centcols.org\/sejour-estival-du-club-des-cent-cols-a-val-louron-hautes-pyrenees-du-11-au-15-aout-2009\/#primaryimage"},"image":{"@id":"https:\/\/centcols.org\/sejour-estival-du-club-des-cent-cols-a-val-louron-hautes-pyrenees-du-11-au-15-aout-2009\/#primaryimage"},"thumbnailUrl":"https:\/\/centcols.org\/wp-content\/uploads\/2025\/05\/Cowham-13-06-1.jpg","datePublished":"2009-04-23T08:06:00+00:00","dateModified":"2025-10-02T09:25:38+00:00","breadcrumb":{"@id":"https:\/\/centcols.org\/sejour-estival-du-club-des-cent-cols-a-val-louron-hautes-pyrenees-du-11-au-15-aout-2009\/#breadcrumb"},"inLanguage":"es","potentialAction":[{"@type":"ReadAction","target":["https:\/\/centcols.org\/sejour-estival-du-club-des-cent-cols-a-val-louron-hautes-pyrenees-du-11-au-15-aout-2009\/"]}]},{"@type":"ImageObject","inLanguage":"es","@id":"https:\/\/centcols.org\/sejour-estival-du-club-des-cent-cols-a-val-louron-hautes-pyrenees-du-11-au-15-aout-2009\/#primaryimage","url":"https:\/\/centcols.org\/wp-content\/uploads\/2025\/05\/Cowham-13-06-1.jpg","contentUrl":"https:\/\/centcols.org\/wp-content\/uploads\/2025\/05\/Cowham-13-06-1.jpg","width":640,"height":480},{"@type":"BreadcrumbList","@id":"https:\/\/centcols.org\/sejour-estival-du-club-des-cent-cols-a-val-louron-hautes-pyrenees-du-11-au-15-aout-2009\/#breadcrumb","itemListElement":[{"@type":"ListItem","position":1,"name":"Accueil","item":"https:\/\/centcols.org\/"},{"@type":"ListItem","position":2,"name":"S\u00e9jours du Club des Cent Cols","item":"https:\/\/centcols.org\/rubrique\/sejours\/"},{"@type":"ListItem","position":3,"name":"Pays","item":"https:\/\/centcols.org\/rubrique\/sejours\/pays-sejours\/"},{"@type":"ListItem","position":4,"name":"France","item":"https:\/\/centcols.org\/rubrique\/sejours\/pays-sejours\/france-pays-sejours\/"},{"@type":"ListItem","position":5,"name":"S\u00e9jour estival du Club des Cent Cols \u00e0 Val-Louron (Hautes-Pyr\u00e9n\u00e9es) du 11 au 15 ao\u00fbt 2009"}]},{"@type":"WebSite","@id":"https:\/\/centcols.org\/#website","url":"https:\/\/centcols.org\/","name":"Club des Cent Cols","description":"","publisher":{"@id":"https:\/\/centcols.org\/#organization"},"potentialAction":[{"@type":"SearchAction","target":{"@type":"EntryPoint","urlTemplate":"https:\/\/centcols.org\/?s={search_term_string}"},"query-input":{"@type":"PropertyValueSpecification","valueRequired":true,"valueName":"search_term_string"}}],"inLanguage":"es"},{"@type":"Organization","@id":"https:\/\/centcols.org\/#organization","name":"Club des Cent Cols","url":"https:\/\/centcols.org\/","logo":{"@type":"ImageObject","inLanguage":"es","@id":"https:\/\/centcols.org\/#\/schema\/logo\/image\/","url":"https:\/\/centcols.org\/wp-content\/uploads\/2025\/01\/carte-icone.png","contentUrl":"https:\/\/centcols.org\/wp-content\/uploads\/2025\/01\/carte-icone.png","width":250,"height":250,"caption":"Club des Cent Cols"},"image":{"@id":"https:\/\/centcols.org\/#\/schema\/logo\/image\/"},"sameAs":["https:\/\/www.facebook.com\/groups\/5261880558\/?locale=fr_FR"]},{"@type":"Person","@id":"https:\/\/centcols.org\/#\/schema\/person\/911b404fb133d8c913dd27cdcf71c8e5","name":"Webmaster","image":{"@type":"ImageObject","inLanguage":"es","@id":"https:\/\/centcols.org\/wp-content\/litespeed\/avatar\/2d246e4b6b4f773e08515e1ffc53690b.jpg?ver=1777222892","url":"https:\/\/centcols.org\/wp-content\/litespeed\/avatar\/2d246e4b6b4f773e08515e1ffc53690b.jpg?ver=1777222892","contentUrl":"https:\/\/centcols.org\/wp-content\/litespeed\/avatar\/2d246e4b6b4f773e08515e1ffc53690b.jpg?ver=1777222892","caption":"Webmestre"},"url":"https:\/\/centcols.org\/es\/author\/webmestre\/"}]}},"_links":{"self":[{"href":"https:\/\/centcols.org\/es\/wp-json\/wp\/v2\/posts\/81619","targetHints":{"allow":["GET"]}}],"collection":[{"href":"https:\/\/centcols.org\/es\/wp-json\/wp\/v2\/posts"}],"about":[{"href":"https:\/\/centcols.org\/es\/wp-json\/wp\/v2\/types\/post"}],"author":[{"embeddable":true,"href":"https:\/\/centcols.org\/es\/wp-json\/wp\/v2\/users\/3"}],"replies":[{"embeddable":true,"href":"https:\/\/centcols.org\/es\/wp-json\/wp\/v2\/comments?post=81619"}],"version-history":[{"count":0,"href":"https:\/\/centcols.org\/es\/wp-json\/wp\/v2\/posts\/81619\/revisions"}],"wp:featuredmedia":[{"embeddable":true,"href":"https:\/\/centcols.org\/es\/wp-json\/wp\/v2\/media\/81620"}],"wp:attachment":[{"href":"https:\/\/centcols.org\/es\/wp-json\/wp\/v2\/media?parent=81619"}],"wp:term":[{"taxonomy":"category","embeddable":true,"href":"https:\/\/centcols.org\/es\/wp-json\/wp\/v2\/categories?post=81619"},{"taxonomy":"post_tag","embeddable":true,"href":"https:\/\/centcols.org\/es\/wp-json\/wp\/v2\/tags?post=81619"}],"curies":[{"name":"wp","href":"https:\/\/api.w.org\/{rel}","templated":true}]}}