{"id":81666,"date":"2008-01-22T14:15:45","date_gmt":"2008-01-22T12:15:45","guid":{"rendered":"https:\/\/centcols.org\/sejour-de-printemps-mimosas-sur-la-cote-dazur-a-agay-var-du-9-au-14-mars-2008\/"},"modified":"2025-09-09T07:16:25","modified_gmt":"2025-09-09T05:16:25","slug":"mimosas-vacaciones-de-primavera-en-la-costa-dazur-en-agay-var-del-9-al-14-de-marzo-de-2008","status":"publish","type":"post","link":"https:\/\/centcols.org\/es\/sejour-de-printemps-mimosas-sur-la-cote-dazur-a-agay-var-du-9-au-14-mars-2008\/","title":{"rendered":"Vacaciones de primavera \u00abMimosas\u00bb en la Costa Azul, en Agay (Var), del 9 al 14 de marzo de 2008"},"content":{"rendered":"<h2 class=\"wp-block-heading\">Los descensos son populares<\/h2>\n\n\n\n<p>Dicen que una imagen vale m\u00e1s que mil palabras. Ya tienes las im\u00e1genes, salt\u00e9monos el discurso.<\/p>\n\n\n\n<p>Lo sabr\u00e1 casi todo cuando sepa que m\u00e1s de 80 personas participamos en estas primeras vacaciones \u00abmimosas\u00bb, un primer encuentro todav\u00eda invernal, pero bien atemperado por el clima ideal de la Costa Azul.<br>Por supuesto, hay que aplaudir la iniciativa de Ren\u00e9 Poty: la jubilaci\u00f3n da ideas. Hay que dar las gracias a G\u00e9rard Birelli por sus recorridos y su folleto, as\u00ed como a G\u00e9rard Fillon que, como buen regional, fue el gu\u00eda ideal.<\/p>\n\n\n\n<p>En cuanto a los paisajes, las im\u00e1genes hablan por s\u00ed solas: los colores, el relieve accidentado del macizo del Esterel... quiz\u00e1 falte el viento, pero todos saben que el Mediterr\u00e1neo sin viento es como Roux sin Combaluzier en los remontes...<\/p>\n\n\n\n<p>En cuanto al ambiente, se ven las sonrisas, se adivinan las conversaciones... lo que no se oyen son los acentos. Aqu\u00ed tuvimos una concentraci\u00f3n de lo que se hace en nuestro pa\u00eds e incluso fuera de \u00e9l, ya que un cuarteto belga, un d\u00fao suizo y un solista italiano enriquecieron nuestro coro. Cuando se hizo el silencio, no fue para escuchar el canto de los p\u00e1jaros, sino porque la pendiente se hac\u00eda m\u00e1s dura, y los pies hab\u00edan abandonado los pedales para golpear el suelo... Y todos se esperaban, se ayudaban, se animaban, se envalentonaban para ir a buscar los nuevos puertos, los nuevos Pas, las nuevas Baisses que los aditivos hab\u00edan ofrecido a nuestra codicia. Cosech\u00e1bamos en bicicleta de monta\u00f1a y cosech\u00e1bamos en bicicleta de carretera... a menos que fuera al rev\u00e9s. La cosecha, tan poco perturbada por una tarde de lluvia, fue excelente.<\/p>\n\n\n\n<p>Hablando de vendimia, es posible que en marzo de 2009 las Corbi\u00e8res sean testigos de un vuelo de rapaces...<\/p>\n\n\n\n<p><strong>George Golse<\/strong><\/p>\n\n\n\n<h2 class=\"wp-block-heading\">El circuito<\/h2>\n\n\n\n<p><a href=\"https:\/\/centcols.org\/wp-content\/uploads\/2025\/09\/Agay_roadbook.pdf\" target=\"_blank\" rel=\"noreferrer noopener\">Descargar descripci\u00f3n<\/a><\/p>\n\n\n\n<h3 class=\"wp-block-heading\">Mapas descargables<\/h3>\n\n\n\n<p><a href=\"https:\/\/centcols.org\/wp-content\/uploads\/2025\/09\/Route1_Trois-Termes.jpg\" target=\"_blank\" rel=\"noreferrer noopener\">Ruta 1<\/a> - <a href=\"https:\/\/centcols.org\/wp-content\/uploads\/2025\/09\/Route2-VTT5_corniche_Maures.jpg\" target=\"_blank\" rel=\"noreferrer noopener\">Carretera 2\/Bicicleta de monta\u00f1a 5<\/a> - <a href=\"https:\/\/centcols.org\/wp-content\/uploads\/2025\/09\/Route3_Tanneron.jpg\" target=\"_blank\" rel=\"noreferrer noopener\">Ruta 3<\/a> - <a href=\"https:\/\/centcols.org\/wp-content\/uploads\/2025\/09\/Route4_Mayons.jpg\" target=\"_blank\" rel=\"noreferrer noopener\">Ruta 4<\/a> -&nbsp; <a href=\"https:\/\/centcols.org\/wp-content\/uploads\/2025\/09\/Route5_Verdon.jpg\" target=\"_blank\" rel=\"noreferrer noopener\">Ruta 5<\/a> - <a href=\"https:\/\/centcols.org\/wp-content\/uploads\/2025\/09\/Route-VTT6_Garde-Freinet.jpg\" target=\"_blank\" rel=\"noreferrer noopener\">Carretera 6\/Bicicleta de monta\u00f1a 6<\/a> - <a href=\"https:\/\/centcols.org\/wp-content\/uploads\/2025\/09\/VTT1_Esquillon.jpg\" target=\"_blank\" rel=\"noreferrer noopener\">BICICLETA DE MONTA\u00d1A 1<\/a> - <a href=\"https:\/\/centcols.org\/wp-content\/uploads\/2025\/09\/VTT2_Trois-Termes.jpg\" target=\"_blank\" rel=\"noreferrer noopener\">BICICLETA DE MONTA\u00d1A 2<\/a> - <a href=\"https:\/\/centcols.org\/wp-content\/uploads\/2025\/09\/VTT3_Malpey.jpg\" target=\"_blank\" rel=\"noreferrer noopener\">BICICLETA DE MONTA\u00d1A 3<\/a> - <a href=\"https:\/\/centcols.org\/wp-content\/uploads\/2025\/09\/VTT4_Puget.jpg\" target=\"_blank\" rel=\"noreferrer noopener\">BICICLETA DE MONTA\u00d1A 4<\/a><\/p>\n\n\n\n<p><a href=\"https:\/\/centcols.org\/wp-content\/uploads\/2025\/09\/Agay_CartoExplorer.zip\" target=\"_blank\" rel=\"noreferrer noopener\">Archivos de Carto Explorer<\/a><\/p>\n\n\n\n<p><a href=\"https:\/\/centcols.org\/wp-content\/uploads\/2025\/09\/agay_gpx.zip\" target=\"_blank\" rel=\"noreferrer noopener\">Archivo GPX<\/a><\/p>\n\n\n\n<h2 class=\"wp-block-heading\">\u00c1lbumes de fotos<\/h2>\n\n\n\n<figure class=\"wp-block-gallery has-nested-images columns-4 is-cropped wp-block-gallery-1 is-layout-flex wp-block-gallery-is-layout-flex\">\n<figure class=\"wp-block-image size-full\"><a href=\"https:\/\/centcols.org\/les_rendez-vous\/2008\/Agay\/album_photos_agay-01.htm\" target=\"_blank\" rel=\"noreferrer noopener\"><img loading=\"lazy\" decoding=\"async\" width=\"640\" height=\"480\" data-id=\"89132\" src=\"https:\/\/centcols.org\/wp-content\/uploads\/2008\/01\/pmai-28.jpg\" alt=\"\" class=\"wp-image-89132\" srcset=\"https:\/\/centcols.org\/wp-content\/uploads\/2008\/01\/pmai-28.jpg 640w, https:\/\/centcols.org\/wp-content\/uploads\/2008\/01\/pmai-28-16x12.jpg 16w\" sizes=\"auto, (max-width: 640px) 100vw, 640px\" \/><\/a><figcaption class=\"wp-element-caption\"><a href=\"https:\/\/centcols.org\/les_rendez-vous\/2008\/Agay\/album_photos_agay-01.htm\" target=\"_blank\" rel=\"noreferrer noopener\">\u00c1lbum de Pierre Mai<\/a><\/figcaption><\/figure>\n\n\n\n<figure class=\"wp-block-image size-full\"><a href=\"https:\/\/centcols.org\/les_rendez-vous\/2008\/Agay\/album_photos_agay-02.htm\" target=\"_blank\" rel=\"noreferrer noopener\"><img loading=\"lazy\" decoding=\"async\" width=\"640\" height=\"480\" data-id=\"89133\" src=\"https:\/\/centcols.org\/wp-content\/uploads\/2008\/01\/jpl-03.jpg\" alt=\"\" class=\"wp-image-89133\" srcset=\"https:\/\/centcols.org\/wp-content\/uploads\/2008\/01\/jpl-03.jpg 640w, https:\/\/centcols.org\/wp-content\/uploads\/2008\/01\/jpl-03-16x12.jpg 16w\" sizes=\"auto, (max-width: 640px) 100vw, 640px\" \/><\/a><figcaption class=\"wp-element-caption\"><a href=\"https:\/\/centcols.org\/les_rendez-vous\/2008\/Agay\/album_photos_agay-02.htm\" target=\"_blank\" rel=\"noreferrer noopener\">\u00c1lbum de Jean-Pierre Lambert<\/a><\/figcaption><\/figure>\n\n\n\n<figure class=\"wp-block-image size-full\"><a href=\"https:\/\/centcols.org\/les_rendez-vous\/2008\/Agay\/album_photos_agay-03.htm\" target=\"_blank\" rel=\"noreferrer noopener\"><img loading=\"lazy\" decoding=\"async\" width=\"640\" height=\"480\" data-id=\"89134\" src=\"https:\/\/centcols.org\/wp-content\/uploads\/2008\/01\/mcotte-26.jpg\" alt=\"\" class=\"wp-image-89134\" srcset=\"https:\/\/centcols.org\/wp-content\/uploads\/2008\/01\/mcotte-26.jpg 640w, https:\/\/centcols.org\/wp-content\/uploads\/2008\/01\/mcotte-26-16x12.jpg 16w\" sizes=\"auto, (max-width: 640px) 100vw, 640px\" \/><\/a><figcaption class=\"wp-element-caption\"><a href=\"https:\/\/centcols.org\/les_rendez-vous\/2008\/Agay\/album_photos_agay-03.htm\" target=\"_blank\" rel=\"noreferrer noopener\">\u00c1lbum de Maurice Cotte<\/a><\/figcaption><\/figure>\n\n\n\n<figure class=\"wp-block-image size-full\"><a href=\"https:\/\/centcols.org\/les_rendez-vous\/2008\/Agay\/album_photos_agay-04.htm\" target=\"_blank\" rel=\"noreferrer noopener\"><img loading=\"lazy\" decoding=\"async\" width=\"640\" height=\"480\" data-id=\"89135\" src=\"https:\/\/centcols.org\/wp-content\/uploads\/2008\/01\/jbernauer-18.jpg\" alt=\"\" class=\"wp-image-89135\" srcset=\"https:\/\/centcols.org\/wp-content\/uploads\/2008\/01\/jbernauer-18.jpg 640w, https:\/\/centcols.org\/wp-content\/uploads\/2008\/01\/jbernauer-18-16x12.jpg 16w\" sizes=\"auto, (max-width: 640px) 100vw, 640px\" \/><\/a><figcaption class=\"wp-element-caption\"><a href=\"https:\/\/centcols.org\/les_rendez-vous\/2008\/Agay\/album_photos_agay-04.htm\" target=\"_blank\" rel=\"noreferrer noopener\">\u00c1lbum de Jean Bernauer<\/a><\/figcaption><\/figure>\n\n\n\n<figure class=\"wp-block-image size-full\"><a href=\"https:\/\/centcols.org\/les_rendez-vous\/2008\/Agay\/album_photos_agay-05.htm\" target=\"_blank\" rel=\"noreferrer noopener\"><img loading=\"lazy\" decoding=\"async\" width=\"640\" height=\"451\" data-id=\"89139\" src=\"https:\/\/centcols.org\/wp-content\/uploads\/2008\/01\/fcrinon-15.jpg\" alt=\"\" class=\"wp-image-89139\" srcset=\"https:\/\/centcols.org\/wp-content\/uploads\/2008\/01\/fcrinon-15.jpg 640w, https:\/\/centcols.org\/wp-content\/uploads\/2008\/01\/fcrinon-15-18x12.jpg 18w\" sizes=\"auto, (max-width: 640px) 100vw, 640px\" \/><\/a><figcaption class=\"wp-element-caption\"><a href=\"https:\/\/centcols.org\/les_rendez-vous\/2008\/Agay\/album_photos_agay-05.htm\" target=\"_blank\" rel=\"noreferrer noopener\">\u00c1lbum de Fran\u00e7ois Crinon<\/a><\/figcaption><\/figure>\n\n\n\n<figure class=\"wp-block-image size-full\"><a href=\"https:\/\/centcols.org\/les_rendez-vous\/2008\/Agay\/album_photos_agay-06.htm\" target=\"_blank\" rel=\"noreferrer noopener\"><img loading=\"lazy\" decoding=\"async\" width=\"640\" height=\"480\" data-id=\"89140\" src=\"https:\/\/centcols.org\/wp-content\/uploads\/2008\/01\/knijf-05.jpg\" alt=\"\" class=\"wp-image-89140\" srcset=\"https:\/\/centcols.org\/wp-content\/uploads\/2008\/01\/knijf-05.jpg 640w, https:\/\/centcols.org\/wp-content\/uploads\/2008\/01\/knijf-05-16x12.jpg 16w\" sizes=\"auto, (max-width: 640px) 100vw, 640px\" \/><\/a><figcaption class=\"wp-element-caption\"><a href=\"https:\/\/centcols.org\/les_rendez-vous\/2008\/Agay\/album_photos_agay-06.htm\" target=\"_blank\" rel=\"noreferrer noopener\">\u00c1lbum de Rudy Pede<\/a><\/figcaption><\/figure>\n\n\n\n<figure class=\"wp-block-image size-full\"><a href=\"https:\/\/centcols.org\/les_rendez-vous\/2008\/Agay\/album_photos_agay-07.htm\" target=\"_blank\" rel=\"noreferrer noopener\"><img loading=\"lazy\" decoding=\"async\" width=\"700\" height=\"394\" data-id=\"89141\" src=\"https:\/\/centcols.org\/wp-content\/uploads\/2008\/01\/rpoty-2550.jpg\" alt=\"\" class=\"wp-image-89141\" srcset=\"https:\/\/centcols.org\/wp-content\/uploads\/2008\/01\/rpoty-2550.jpg 700w, https:\/\/centcols.org\/wp-content\/uploads\/2008\/01\/rpoty-2550-18x10.jpg 18w\" sizes=\"auto, (max-width: 700px) 100vw, 700px\" \/><\/a><figcaption class=\"wp-element-caption\"><a href=\"https:\/\/centcols.org\/les_rendez-vous\/2008\/Agay\/album_photos_agay-07.htm\">\u00c1lbum de R<\/a><a href=\"https:\/\/centcols.org\/les_rendez-vous\/2008\/Agay\/album_photos_agay-07.htm\" target=\"_blank\" rel=\"noreferrer noopener\">en<\/a><a href=\"https:\/\/centcols.org\/les_rendez-vous\/2008\/Agay\/album_photos_agay-07.htm\">\u00e9 Poty<\/a><\/figcaption><\/figure>\n\n\n\n<figure class=\"wp-block-image size-full\"><a href=\"https:\/\/centcols.org\/les_rendez-vous\/2008\/Agay\/album_photos_agay-08.htm\" target=\"_blank\" rel=\"noreferrer noopener\"><img loading=\"lazy\" decoding=\"async\" width=\"640\" height=\"479\" data-id=\"89142\" src=\"https:\/\/centcols.org\/wp-content\/uploads\/2008\/01\/bgiraudeau-16.jpg\" alt=\"\" class=\"wp-image-89142\" srcset=\"https:\/\/centcols.org\/wp-content\/uploads\/2008\/01\/bgiraudeau-16.jpg 640w, https:\/\/centcols.org\/wp-content\/uploads\/2008\/01\/bgiraudeau-16-16x12.jpg 16w\" sizes=\"auto, (max-width: 640px) 100vw, 640px\" \/><\/a><figcaption class=\"wp-element-caption\"><a href=\"https:\/\/centcols.org\/les_rendez-vous\/2008\/Agay\/album_photos_agay-08.htm\" target=\"_blank\" rel=\"noreferrer noopener\">\u00c1lbum de Bernard Giraudeau<\/a><\/figcaption><\/figure>\n\n\n\n<figure class=\"wp-block-image size-full\"><a href=\"https:\/\/centcols.org\/les_rendez-vous\/2008\/Agay\/album_photos_agay-09.htm\" target=\"_blank\" rel=\"noreferrer noopener\"><img loading=\"lazy\" decoding=\"async\" width=\"640\" height=\"480\" data-id=\"89143\" src=\"https:\/\/centcols.org\/wp-content\/uploads\/2008\/01\/bbesson-mardi-03.jpg\" alt=\"\" class=\"wp-image-89143\" srcset=\"https:\/\/centcols.org\/wp-content\/uploads\/2008\/01\/bbesson-mardi-03.jpg 640w, https:\/\/centcols.org\/wp-content\/uploads\/2008\/01\/bbesson-mardi-03-16x12.jpg 16w\" sizes=\"auto, (max-width: 640px) 100vw, 640px\" \/><\/a><figcaption class=\"wp-element-caption\"><a href=\"https:\/\/centcols.org\/les_rendez-vous\/2008\/Agay\/album_photos_agay-09.htm\" target=\"_blank\" rel=\"noreferrer noopener\">\u00c1lbum de Bernard Besson<\/a><\/figcaption><\/figure>\n\n\n\n<figure class=\"wp-block-image size-full\"><a href=\"https:\/\/centcols.org\/les_rendez-vous\/2008\/Agay\/album_photos_agay-10.htm\" target=\"_blank\" rel=\"noreferrer noopener\"><img loading=\"lazy\" decoding=\"async\" width=\"640\" height=\"480\" data-id=\"89145\" src=\"https:\/\/centcols.org\/wp-content\/uploads\/2008\/01\/spollini-20.jpg\" alt=\"\" class=\"wp-image-89145\" srcset=\"https:\/\/centcols.org\/wp-content\/uploads\/2008\/01\/spollini-20.jpg 640w, https:\/\/centcols.org\/wp-content\/uploads\/2008\/01\/spollini-20-16x12.jpg 16w\" sizes=\"auto, (max-width: 640px) 100vw, 640px\" \/><\/a><figcaption class=\"wp-element-caption\"><a href=\"https:\/\/centcols.org\/les_rendez-vous\/2008\/Agay\/album_photos_agay-10.htm\" target=\"_blank\" rel=\"noreferrer noopener\">\u00c1lbum de Serge Polloni<\/a><\/figcaption><\/figure>\n\n\n\n<figure class=\"wp-block-image size-full\"><a href=\"https:\/\/centcols.org\/les_rendez-vous\/2008\/Agay\/album_photos_agay-12.htm\" target=\"_blank\" rel=\"noreferrer noopener\"><img loading=\"lazy\" decoding=\"async\" width=\"640\" height=\"480\" data-id=\"89146\" src=\"https:\/\/centcols.org\/wp-content\/uploads\/2008\/01\/mlabelle-01.jpg\" alt=\"\" class=\"wp-image-89146\" srcset=\"https:\/\/centcols.org\/wp-content\/uploads\/2008\/01\/mlabelle-01.jpg 640w, https:\/\/centcols.org\/wp-content\/uploads\/2008\/01\/mlabelle-01-16x12.jpg 16w\" sizes=\"auto, (max-width: 640px) 100vw, 640px\" \/><\/a><figcaption class=\"wp-element-caption\"><a href=\"https:\/\/centcols.org\/les_rendez-vous\/2008\/Agay\/album_photos_agay-12.htm\" target=\"_blank\" rel=\"noreferrer noopener\">\u00c1lbum de Mario Labelle<\/a><\/figcaption><\/figure>\n\n\n\n<figure class=\"wp-block-image size-full\"><a href=\"https:\/\/centcols.org\/les_rendez-vous\/2008\/Agay\/album_photos_agay-13.htm\" target=\"_blank\" rel=\"noreferrer noopener\"><img loading=\"lazy\" decoding=\"async\" width=\"640\" height=\"480\" data-id=\"89147\" src=\"https:\/\/centcols.org\/wp-content\/uploads\/2008\/01\/ggarcin-16.jpg\" alt=\"\" class=\"wp-image-89147\" srcset=\"https:\/\/centcols.org\/wp-content\/uploads\/2008\/01\/ggarcin-16.jpg 640w, https:\/\/centcols.org\/wp-content\/uploads\/2008\/01\/ggarcin-16-16x12.jpg 16w\" sizes=\"auto, (max-width: 640px) 100vw, 640px\" \/><\/a><figcaption class=\"wp-element-caption\"><a href=\"https:\/\/centcols.org\/les_rendez-vous\/2008\/Agay\/album_photos_agay-13.htm\" target=\"_blank\" rel=\"noreferrer noopener\">\u00c1lbum de Guy Garcin<\/a><\/figcaption><\/figure>\n\n\n\n<figure class=\"wp-block-image size-full\"><a href=\"https:\/\/centcols.org\/les_rendez-vous\/2008\/Agay\/album_photos_agay-15.htm\" target=\"_blank\" rel=\"noreferrer noopener\"><img loading=\"lazy\" decoding=\"async\" width=\"640\" height=\"480\" data-id=\"89148\" src=\"https:\/\/centcols.org\/wp-content\/uploads\/2008\/01\/gruffie-17.jpg\" alt=\"\" class=\"wp-image-89148\" srcset=\"https:\/\/centcols.org\/wp-content\/uploads\/2008\/01\/gruffie-17.jpg 640w, https:\/\/centcols.org\/wp-content\/uploads\/2008\/01\/gruffie-17-16x12.jpg 16w\" sizes=\"auto, (max-width: 640px) 100vw, 640px\" \/><\/a><figcaption class=\"wp-element-caption\"><a href=\"https:\/\/centcols.org\/les_rendez-vous\/2008\/Agay\/album_photos_agay-15.htm\" target=\"_blank\" rel=\"noreferrer noopener\">\u00c1lbum de Guy Ruffi\u00e9<\/a><\/figcaption><\/figure>\n\n\n\n<figure class=\"wp-block-image size-full\"><a href=\"https:\/\/centcols.org\/les_rendez-vous\/2008\/Agay\/album_photos_agay-17.htm\" target=\"_blank\" rel=\"noreferrer noopener\"><img loading=\"lazy\" decoding=\"async\" width=\"640\" height=\"360\" data-id=\"89149\" src=\"https:\/\/centcols.org\/wp-content\/uploads\/2008\/01\/gtoch-26.jpg\" alt=\"\" class=\"wp-image-89149\" srcset=\"https:\/\/centcols.org\/wp-content\/uploads\/2008\/01\/gtoch-26.jpg 640w, https:\/\/centcols.org\/wp-content\/uploads\/2008\/01\/gtoch-26-18x10.jpg 18w\" sizes=\"auto, (max-width: 640px) 100vw, 640px\" \/><\/a><figcaption class=\"wp-element-caption\"><a href=\"https:\/\/centcols.org\/les_rendez-vous\/2008\/Agay\/album_photos_agay-17.htm\" target=\"_blank\" rel=\"noreferrer noopener\">\u00c1lbum de Gustaaf Toch<\/a><\/figcaption><\/figure>\n\n\n\n<figure class=\"wp-block-image size-full\"><a href=\"https:\/\/centcols.org\/les_rendez-vous\/2008\/Agay\/album_photos_agay-18.htm\" target=\"_blank\" rel=\"noreferrer noopener\"><img loading=\"lazy\" decoding=\"async\" width=\"640\" height=\"480\" data-id=\"89150\" src=\"https:\/\/centcols.org\/wp-content\/uploads\/2008\/01\/cambessedes-031.jpg\" alt=\"\" class=\"wp-image-89150\" srcset=\"https:\/\/centcols.org\/wp-content\/uploads\/2008\/01\/cambessedes-031.jpg 640w, https:\/\/centcols.org\/wp-content\/uploads\/2008\/01\/cambessedes-031-16x12.jpg 16w\" sizes=\"auto, (max-width: 640px) 100vw, 640px\" \/><\/a><figcaption class=\"wp-element-caption\"><a href=\"https:\/\/centcols.org\/les_rendez-vous\/2008\/Agay\/album_photos_agay-18.htm\" target=\"_blank\" rel=\"noreferrer noopener\">\u00c1lbum de Guy Cambessed\u00e8s<\/a><\/figcaption><\/figure>\n<\/figure>","protected":false},"excerpt":{"rendered":"<p>Les baisses ont la c\u00f4te Une image, dit-on, vaut mieux qu&rsquo;un long discours. Vous avez les images, \u00e9vitons le la\u00efus. Vous saurez presque tout quand vous saurez que nous \u00e9tions plus de 80 \u00e0 participer \u00e0 ce premier s\u00e9jour \u00ab\u00a0mimosa\u00a0\u00bb, premier rendez-vous encore hivernal mais bien temp\u00e9r\u00e9 par le climat id\u00e9al de la c\u00f4te d&rsquo;Azur.Bien [&hellip;]<\/p>\n","protected":false},"author":3,"featured_media":81667,"comment_status":"closed","ping_status":"closed","sticky":false,"template":"","format":"standard","meta":{"_acf_changed":false,"footnotes":""},"categories":[349,355,413,135,380,231],"tags":[],"class_list":["post-81666","post","type-post","status-publish","format-standard","has-post-thumbnail","hentry","category-france-pays-sejours","category-provence-alpes-cote-dazur-region-sejours","category-massif-de-lesterel","category-calendrier","category-83-var-departement-sejours","category-sejours"],"acf":[],"yoast_head":"<!-- This site is optimized with the Yoast SEO plugin v27.2 - https:\/\/yoast.com\/product\/yoast-seo-wordpress\/ -->\n<title>S\u00e9jour de printemps &quot;Mimosas&quot; sur la C\u00f4te d&#039;Azur \u00e0 Agay (Var) du 9 au 14 mars 2008 - Club des Cent Cols<\/title>\n<meta name=\"robots\" content=\"index, follow, max-snippet:-1, max-image-preview:large, max-video-preview:-1\" \/>\n<link rel=\"canonical\" href=\"https:\/\/centcols.org\/es\/mimosas-vacaciones-de-primavera-en-la-costa-dazur-en-agay-var-del-9-al-14-de-marzo-de-2008\/\" \/>\n<meta property=\"og:locale\" content=\"es_ES\" \/>\n<meta property=\"og:type\" content=\"article\" \/>\n<meta property=\"og:title\" content=\"S\u00e9jour de printemps &quot;Mimosas&quot; sur la C\u00f4te d&#039;Azur \u00e0 Agay (Var) du 9 au 14 mars 2008 - Club des Cent Cols\" \/>\n<meta property=\"og:description\" content=\"Les baisses ont la c\u00f4te Une image, dit-on, vaut mieux qu&rsquo;un long discours. Vous avez les images, \u00e9vitons le la\u00efus. Vous saurez presque tout quand vous saurez que nous \u00e9tions plus de 80 \u00e0 participer \u00e0 ce premier s\u00e9jour \u00ab\u00a0mimosa\u00a0\u00bb, premier rendez-vous encore hivernal mais bien temp\u00e9r\u00e9 par le climat id\u00e9al de la c\u00f4te d&rsquo;Azur.Bien [&hellip;]\" \/>\n<meta property=\"og:url\" content=\"https:\/\/centcols.org\/es\/mimosas-vacaciones-de-primavera-en-la-costa-dazur-en-agay-var-del-9-al-14-de-marzo-de-2008\/\" \/>\n<meta property=\"og:site_name\" content=\"Club des Cent Cols\" \/>\n<meta property=\"article:publisher\" content=\"https:\/\/www.facebook.com\/groups\/5261880558\/?locale=fr_FR\" \/>\n<meta property=\"article:published_time\" content=\"2008-01-22T12:15:45+00:00\" \/>\n<meta property=\"article:modified_time\" content=\"2025-09-09T05:16:25+00:00\" \/>\n<meta property=\"og:image\" content=\"https:\/\/centcols.org\/wp-content\/uploads\/2025\/05\/pmai-28.jpg\" \/>\n\t<meta property=\"og:image:width\" content=\"640\" \/>\n\t<meta property=\"og:image:height\" content=\"480\" \/>\n\t<meta property=\"og:image:type\" content=\"image\/jpeg\" \/>\n<meta name=\"author\" content=\"Webmestre\" \/>\n<meta name=\"twitter:card\" content=\"summary_large_image\" \/>\n<meta name=\"twitter:label1\" content=\"Escrito por\" \/>\n\t<meta name=\"twitter:data1\" content=\"Webmestre\" \/>\n\t<meta name=\"twitter:label2\" content=\"Tiempo de lectura\" \/>\n\t<meta name=\"twitter:data2\" content=\"6 minutos\" \/>\n<script type=\"application\/ld+json\" class=\"yoast-schema-graph\">{\"@context\":\"https:\/\/schema.org\",\"@graph\":[{\"@type\":\"Article\",\"@id\":\"https:\/\/centcols.org\/sejour-de-printemps-mimosas-sur-la-cote-dazur-a-agay-var-du-9-au-14-mars-2008\/#article\",\"isPartOf\":{\"@id\":\"https:\/\/centcols.org\/sejour-de-printemps-mimosas-sur-la-cote-dazur-a-agay-var-du-9-au-14-mars-2008\/\"},\"author\":{\"name\":\"Webmestre\",\"@id\":\"https:\/\/centcols.org\/#\/schema\/person\/911b404fb133d8c913dd27cdcf71c8e5\"},\"headline\":\"S\u00e9jour de printemps \u00ab\u00a0Mimosas\u00a0\u00bb sur la C\u00f4te d&rsquo;Azur \u00e0 Agay (Var) du 9 au 14 mars 2008\",\"datePublished\":\"2008-01-22T12:15:45+00:00\",\"dateModified\":\"2025-09-09T05:16:25+00:00\",\"mainEntityOfPage\":{\"@id\":\"https:\/\/centcols.org\/sejour-de-printemps-mimosas-sur-la-cote-dazur-a-agay-var-du-9-au-14-mars-2008\/\"},\"wordCount\":451,\"publisher\":{\"@id\":\"https:\/\/centcols.org\/#organization\"},\"image\":{\"@id\":\"https:\/\/centcols.org\/sejour-de-printemps-mimosas-sur-la-cote-dazur-a-agay-var-du-9-au-14-mars-2008\/#primaryimage\"},\"thumbnailUrl\":\"https:\/\/centcols.org\/wp-content\/uploads\/2025\/05\/pmai-28.jpg\",\"articleSection\":[\"France\",\"Provence-Alpes-C\u00f4te d'Azur\",\"Massif de l\u2019Est\u00e9rel\",\"Calendrier\",\"83-Var\",\"S\u00e9jours du Club des Cent Cols\"],\"inLanguage\":\"es\"},{\"@type\":\"WebPage\",\"@id\":\"https:\/\/centcols.org\/sejour-de-printemps-mimosas-sur-la-cote-dazur-a-agay-var-du-9-au-14-mars-2008\/\",\"url\":\"https:\/\/centcols.org\/sejour-de-printemps-mimosas-sur-la-cote-dazur-a-agay-var-du-9-au-14-mars-2008\/\",\"name\":\"S\u00e9jour de printemps \\\"Mimosas\\\" sur la C\u00f4te d'Azur \u00e0 Agay (Var) du 9 au 14 mars 2008 - Club des Cent Cols\",\"isPartOf\":{\"@id\":\"https:\/\/centcols.org\/#website\"},\"primaryImageOfPage\":{\"@id\":\"https:\/\/centcols.org\/sejour-de-printemps-mimosas-sur-la-cote-dazur-a-agay-var-du-9-au-14-mars-2008\/#primaryimage\"},\"image\":{\"@id\":\"https:\/\/centcols.org\/sejour-de-printemps-mimosas-sur-la-cote-dazur-a-agay-var-du-9-au-14-mars-2008\/#primaryimage\"},\"thumbnailUrl\":\"https:\/\/centcols.org\/wp-content\/uploads\/2025\/05\/pmai-28.jpg\",\"datePublished\":\"2008-01-22T12:15:45+00:00\",\"dateModified\":\"2025-09-09T05:16:25+00:00\",\"breadcrumb\":{\"@id\":\"https:\/\/centcols.org\/sejour-de-printemps-mimosas-sur-la-cote-dazur-a-agay-var-du-9-au-14-mars-2008\/#breadcrumb\"},\"inLanguage\":\"es\",\"potentialAction\":[{\"@type\":\"ReadAction\",\"target\":[\"https:\/\/centcols.org\/sejour-de-printemps-mimosas-sur-la-cote-dazur-a-agay-var-du-9-au-14-mars-2008\/\"]}]},{\"@type\":\"ImageObject\",\"inLanguage\":\"es\",\"@id\":\"https:\/\/centcols.org\/sejour-de-printemps-mimosas-sur-la-cote-dazur-a-agay-var-du-9-au-14-mars-2008\/#primaryimage\",\"url\":\"https:\/\/centcols.org\/wp-content\/uploads\/2025\/05\/pmai-28.jpg\",\"contentUrl\":\"https:\/\/centcols.org\/wp-content\/uploads\/2025\/05\/pmai-28.jpg\",\"width\":640,\"height\":480},{\"@type\":\"BreadcrumbList\",\"@id\":\"https:\/\/centcols.org\/sejour-de-printemps-mimosas-sur-la-cote-dazur-a-agay-var-du-9-au-14-mars-2008\/#breadcrumb\",\"itemListElement\":[{\"@type\":\"ListItem\",\"position\":1,\"name\":\"Accueil\",\"item\":\"https:\/\/centcols.org\/\"},{\"@type\":\"ListItem\",\"position\":2,\"name\":\"S\u00e9jours du Club des Cent Cols\",\"item\":\"https:\/\/centcols.org\/rubrique\/sejours\/\"},{\"@type\":\"ListItem\",\"position\":3,\"name\":\"Pays\",\"item\":\"https:\/\/centcols.org\/rubrique\/sejours\/pays-sejours\/\"},{\"@type\":\"ListItem\",\"position\":4,\"name\":\"France\",\"item\":\"https:\/\/centcols.org\/rubrique\/sejours\/pays-sejours\/france-pays-sejours\/\"},{\"@type\":\"ListItem\",\"position\":5,\"name\":\"S\u00e9jour de printemps \u00ab\u00a0Mimosas\u00a0\u00bb sur la C\u00f4te d&rsquo;Azur \u00e0 Agay (Var) du 9 au 14 mars 2008\"}]},{\"@type\":\"WebSite\",\"@id\":\"https:\/\/centcols.org\/#website\",\"url\":\"https:\/\/centcols.org\/\",\"name\":\"Club des Cent Cols\",\"description\":\"\",\"publisher\":{\"@id\":\"https:\/\/centcols.org\/#organization\"},\"potentialAction\":[{\"@type\":\"SearchAction\",\"target\":{\"@type\":\"EntryPoint\",\"urlTemplate\":\"https:\/\/centcols.org\/?s={search_term_string}\"},\"query-input\":{\"@type\":\"PropertyValueSpecification\",\"valueRequired\":true,\"valueName\":\"search_term_string\"}}],\"inLanguage\":\"es\"},{\"@type\":\"Organization\",\"@id\":\"https:\/\/centcols.org\/#organization\",\"name\":\"Club des Cent Cols\",\"url\":\"https:\/\/centcols.org\/\",\"logo\":{\"@type\":\"ImageObject\",\"inLanguage\":\"es\",\"@id\":\"https:\/\/centcols.org\/#\/schema\/logo\/image\/\",\"url\":\"https:\/\/centcols.org\/wp-content\/uploads\/2025\/01\/carte-icone.png\",\"contentUrl\":\"https:\/\/centcols.org\/wp-content\/uploads\/2025\/01\/carte-icone.png\",\"width\":250,\"height\":250,\"caption\":\"Club des Cent Cols\"},\"image\":{\"@id\":\"https:\/\/centcols.org\/#\/schema\/logo\/image\/\"},\"sameAs\":[\"https:\/\/www.facebook.com\/groups\/5261880558\/?locale=fr_FR\"]},{\"@type\":\"Person\",\"@id\":\"https:\/\/centcols.org\/#\/schema\/person\/911b404fb133d8c913dd27cdcf71c8e5\",\"name\":\"Webmestre\",\"image\":{\"@type\":\"ImageObject\",\"inLanguage\":\"es\",\"@id\":\"https:\/\/centcols.org\/wp-content\/litespeed\/avatar\/2d246e4b6b4f773e08515e1ffc53690b.jpg?ver=1777222892\",\"url\":\"https:\/\/centcols.org\/wp-content\/litespeed\/avatar\/2d246e4b6b4f773e08515e1ffc53690b.jpg?ver=1777222892\",\"contentUrl\":\"https:\/\/centcols.org\/wp-content\/litespeed\/avatar\/2d246e4b6b4f773e08515e1ffc53690b.jpg?ver=1777222892\",\"caption\":\"Webmestre\"},\"url\":\"https:\/\/centcols.org\/es\/author\/webmestre\/\"}]}<\/script>\n<!-- \/ Yoast SEO plugin. -->","yoast_head_json":{"title":"Vacaciones de primavera \"Mimosas\" en la Costa Azul, en Agay (Var), del 9 al 14 de marzo de 2008 - Club des Cent Cols","robots":{"index":"index","follow":"follow","max-snippet":"max-snippet:-1","max-image-preview":"max-image-preview:large","max-video-preview":"max-video-preview:-1"},"canonical":"https:\/\/centcols.org\/es\/mimosas-vacaciones-de-primavera-en-la-costa-dazur-en-agay-var-del-9-al-14-de-marzo-de-2008\/","og_locale":"es_ES","og_type":"article","og_title":"S\u00e9jour de printemps \"Mimosas\" sur la C\u00f4te d'Azur \u00e0 Agay (Var) du 9 au 14 mars 2008 - Club des Cent Cols","og_description":"Les baisses ont la c\u00f4te Une image, dit-on, vaut mieux qu&rsquo;un long discours. Vous avez les images, \u00e9vitons le la\u00efus. Vous saurez presque tout quand vous saurez que nous \u00e9tions plus de 80 \u00e0 participer \u00e0 ce premier s\u00e9jour \u00ab\u00a0mimosa\u00a0\u00bb, premier rendez-vous encore hivernal mais bien temp\u00e9r\u00e9 par le climat id\u00e9al de la c\u00f4te d&rsquo;Azur.Bien [&hellip;]","og_url":"https:\/\/centcols.org\/es\/mimosas-vacaciones-de-primavera-en-la-costa-dazur-en-agay-var-del-9-al-14-de-marzo-de-2008\/","og_site_name":"Club des Cent Cols","article_publisher":"https:\/\/www.facebook.com\/groups\/5261880558\/?locale=fr_FR","article_published_time":"2008-01-22T12:15:45+00:00","article_modified_time":"2025-09-09T05:16:25+00:00","og_image":[{"width":640,"height":480,"url":"https:\/\/centcols.org\/wp-content\/uploads\/2025\/05\/pmai-28.jpg","type":"image\/jpeg"}],"author":"Webmestre","twitter_card":"summary_large_image","twitter_misc":{"Escrito por":"Webmestre","Tiempo de lectura":"6 minutos"},"schema":{"@context":"https:\/\/schema.org","@graph":[{"@type":"Article","@id":"https:\/\/centcols.org\/sejour-de-printemps-mimosas-sur-la-cote-dazur-a-agay-var-du-9-au-14-mars-2008\/#article","isPartOf":{"@id":"https:\/\/centcols.org\/sejour-de-printemps-mimosas-sur-la-cote-dazur-a-agay-var-du-9-au-14-mars-2008\/"},"author":{"name":"Webmestre","@id":"https:\/\/centcols.org\/#\/schema\/person\/911b404fb133d8c913dd27cdcf71c8e5"},"headline":"S\u00e9jour de printemps \u00ab\u00a0Mimosas\u00a0\u00bb sur la C\u00f4te d&rsquo;Azur \u00e0 Agay (Var) du 9 au 14 mars 2008","datePublished":"2008-01-22T12:15:45+00:00","dateModified":"2025-09-09T05:16:25+00:00","mainEntityOfPage":{"@id":"https:\/\/centcols.org\/sejour-de-printemps-mimosas-sur-la-cote-dazur-a-agay-var-du-9-au-14-mars-2008\/"},"wordCount":451,"publisher":{"@id":"https:\/\/centcols.org\/#organization"},"image":{"@id":"https:\/\/centcols.org\/sejour-de-printemps-mimosas-sur-la-cote-dazur-a-agay-var-du-9-au-14-mars-2008\/#primaryimage"},"thumbnailUrl":"https:\/\/centcols.org\/wp-content\/uploads\/2025\/05\/pmai-28.jpg","articleSection":["France","Provence-Alpes-C\u00f4te d'Azur","Massif de l\u2019Est\u00e9rel","Calendrier","83-Var","S\u00e9jours du Club des Cent Cols"],"inLanguage":"es"},{"@type":"WebPage","@id":"https:\/\/centcols.org\/sejour-de-printemps-mimosas-sur-la-cote-dazur-a-agay-var-du-9-au-14-mars-2008\/","url":"https:\/\/centcols.org\/sejour-de-printemps-mimosas-sur-la-cote-dazur-a-agay-var-du-9-au-14-mars-2008\/","name":"Vacaciones de primavera \"Mimosas\" en la Costa Azul, en Agay (Var), del 9 al 14 de marzo de 2008 - Club des Cent Cols","isPartOf":{"@id":"https:\/\/centcols.org\/#website"},"primaryImageOfPage":{"@id":"https:\/\/centcols.org\/sejour-de-printemps-mimosas-sur-la-cote-dazur-a-agay-var-du-9-au-14-mars-2008\/#primaryimage"},"image":{"@id":"https:\/\/centcols.org\/sejour-de-printemps-mimosas-sur-la-cote-dazur-a-agay-var-du-9-au-14-mars-2008\/#primaryimage"},"thumbnailUrl":"https:\/\/centcols.org\/wp-content\/uploads\/2025\/05\/pmai-28.jpg","datePublished":"2008-01-22T12:15:45+00:00","dateModified":"2025-09-09T05:16:25+00:00","breadcrumb":{"@id":"https:\/\/centcols.org\/sejour-de-printemps-mimosas-sur-la-cote-dazur-a-agay-var-du-9-au-14-mars-2008\/#breadcrumb"},"inLanguage":"es","potentialAction":[{"@type":"ReadAction","target":["https:\/\/centcols.org\/sejour-de-printemps-mimosas-sur-la-cote-dazur-a-agay-var-du-9-au-14-mars-2008\/"]}]},{"@type":"ImageObject","inLanguage":"es","@id":"https:\/\/centcols.org\/sejour-de-printemps-mimosas-sur-la-cote-dazur-a-agay-var-du-9-au-14-mars-2008\/#primaryimage","url":"https:\/\/centcols.org\/wp-content\/uploads\/2025\/05\/pmai-28.jpg","contentUrl":"https:\/\/centcols.org\/wp-content\/uploads\/2025\/05\/pmai-28.jpg","width":640,"height":480},{"@type":"BreadcrumbList","@id":"https:\/\/centcols.org\/sejour-de-printemps-mimosas-sur-la-cote-dazur-a-agay-var-du-9-au-14-mars-2008\/#breadcrumb","itemListElement":[{"@type":"ListItem","position":1,"name":"Accueil","item":"https:\/\/centcols.org\/"},{"@type":"ListItem","position":2,"name":"S\u00e9jours du Club des Cent Cols","item":"https:\/\/centcols.org\/rubrique\/sejours\/"},{"@type":"ListItem","position":3,"name":"Pays","item":"https:\/\/centcols.org\/rubrique\/sejours\/pays-sejours\/"},{"@type":"ListItem","position":4,"name":"France","item":"https:\/\/centcols.org\/rubrique\/sejours\/pays-sejours\/france-pays-sejours\/"},{"@type":"ListItem","position":5,"name":"S\u00e9jour de printemps \u00ab\u00a0Mimosas\u00a0\u00bb sur la C\u00f4te d&rsquo;Azur \u00e0 Agay (Var) du 9 au 14 mars 2008"}]},{"@type":"WebSite","@id":"https:\/\/centcols.org\/#website","url":"https:\/\/centcols.org\/","name":"Club des Cent Cols","description":"","publisher":{"@id":"https:\/\/centcols.org\/#organization"},"potentialAction":[{"@type":"SearchAction","target":{"@type":"EntryPoint","urlTemplate":"https:\/\/centcols.org\/?s={search_term_string}"},"query-input":{"@type":"PropertyValueSpecification","valueRequired":true,"valueName":"search_term_string"}}],"inLanguage":"es"},{"@type":"Organization","@id":"https:\/\/centcols.org\/#organization","name":"Club des Cent Cols","url":"https:\/\/centcols.org\/","logo":{"@type":"ImageObject","inLanguage":"es","@id":"https:\/\/centcols.org\/#\/schema\/logo\/image\/","url":"https:\/\/centcols.org\/wp-content\/uploads\/2025\/01\/carte-icone.png","contentUrl":"https:\/\/centcols.org\/wp-content\/uploads\/2025\/01\/carte-icone.png","width":250,"height":250,"caption":"Club des Cent Cols"},"image":{"@id":"https:\/\/centcols.org\/#\/schema\/logo\/image\/"},"sameAs":["https:\/\/www.facebook.com\/groups\/5261880558\/?locale=fr_FR"]},{"@type":"Person","@id":"https:\/\/centcols.org\/#\/schema\/person\/911b404fb133d8c913dd27cdcf71c8e5","name":"Webmaster","image":{"@type":"ImageObject","inLanguage":"es","@id":"https:\/\/centcols.org\/wp-content\/litespeed\/avatar\/2d246e4b6b4f773e08515e1ffc53690b.jpg?ver=1777222892","url":"https:\/\/centcols.org\/wp-content\/litespeed\/avatar\/2d246e4b6b4f773e08515e1ffc53690b.jpg?ver=1777222892","contentUrl":"https:\/\/centcols.org\/wp-content\/litespeed\/avatar\/2d246e4b6b4f773e08515e1ffc53690b.jpg?ver=1777222892","caption":"Webmestre"},"url":"https:\/\/centcols.org\/es\/author\/webmestre\/"}]}},"_links":{"self":[{"href":"https:\/\/centcols.org\/es\/wp-json\/wp\/v2\/posts\/81666","targetHints":{"allow":["GET"]}}],"collection":[{"href":"https:\/\/centcols.org\/es\/wp-json\/wp\/v2\/posts"}],"about":[{"href":"https:\/\/centcols.org\/es\/wp-json\/wp\/v2\/types\/post"}],"author":[{"embeddable":true,"href":"https:\/\/centcols.org\/es\/wp-json\/wp\/v2\/users\/3"}],"replies":[{"embeddable":true,"href":"https:\/\/centcols.org\/es\/wp-json\/wp\/v2\/comments?post=81666"}],"version-history":[{"count":0,"href":"https:\/\/centcols.org\/es\/wp-json\/wp\/v2\/posts\/81666\/revisions"}],"wp:featuredmedia":[{"embeddable":true,"href":"https:\/\/centcols.org\/es\/wp-json\/wp\/v2\/media\/81667"}],"wp:attachment":[{"href":"https:\/\/centcols.org\/es\/wp-json\/wp\/v2\/media?parent=81666"}],"wp:term":[{"taxonomy":"category","embeddable":true,"href":"https:\/\/centcols.org\/es\/wp-json\/wp\/v2\/categories?post=81666"},{"taxonomy":"post_tag","embeddable":true,"href":"https:\/\/centcols.org\/es\/wp-json\/wp\/v2\/tags?post=81666"}],"curies":[{"name":"wp","href":"https:\/\/api.w.org\/{rel}","templated":true}]}}