{"id":81684,"date":"2015-04-20T14:45:17","date_gmt":"2015-04-20T12:45:17","guid":{"rendered":"https:\/\/centcols.org\/assemblee-generale-du-club-des-cent-cols-a-vogue-ardeche-les-29-et-30-novembre-2014\/"},"modified":"2025-11-06T09:43:49","modified_gmt":"2025-11-06T07:43:49","slug":"ag-2014-vogue","status":"publish","type":"post","link":"https:\/\/centcols.org\/es\/ag-2014-vogue\/","title":{"rendered":"Asamblea General del Club des Cent Cols en Vog\u00fc\u00e9 (Ard\u00e8che) los d\u00edas 29 y 30 de noviembre de 2014"},"content":{"rendered":"<h2 class=\"wp-block-heading\">Presentaci\u00f3n<\/h2>\n\n\n\n<p>Para esta Asamblea General de 2014, la hermandad se trasladar\u00e1 a un lugar m\u00e1s c\u00e9ntrico, el pueblo de Vog\u00fc\u00e9, catalogado como uno de los m\u00e1s bellos de Francia. Nos recibir\u00e1n en la finca \u00abLou Capitelle\u00bb. La asamblea general se celebrar\u00e1 el s\u00e1bado a partir de las 15.00 horas.<\/p>\n\n\n\n<p>Vog\u00fc\u00e9 es un pueblo de 940 habitantes, situado a una altitud media de 160 m, en el bajo valle del Ard\u00e8che. Construido en forma de anfiteatro a orillas del Ard\u00e8che, Vog\u00fc\u00e9 fue un pueblo medieval y un importante nudo ferroviario hasta 1982. Algunas de las v\u00edas siguen siendo utilizadas por el tren tur\u00edstico \u00abPicasso\u00bb, que ofrece una vista impresionante desde el viaducto. Las partes m\u00e1s antiguas del pueblo datan del siglo XI.<sup>e<\/sup> y el siglo XVII<sup>e<\/sup>. El castillo fortificado, que data de la \u00e9poca medieval y fue reformado en el siglo XVII, ha sido restaurado.<sup>e<\/sup>, Perteneci\u00f3 al marqu\u00e9s Pierre de Vog\u00fc\u00e9. La Tourasse, en el centro del pueblo, es la vivienda m\u00e1s antigua de la zona. Un priorato benedictino ha dado paso a la iglesia de Sainte Marie. La principal fuente de ingresos del pueblo es el turismo y la viticultura. Todos los a\u00f1os se celebra en el pueblo la c\u00e9lebre carrera ciclista de Ard\u00e9choise. Las alturas del pueblo est\u00e1n clasificadas como \u00abEspacio Natural de Inter\u00e9s Ecol\u00f3gico, Faun\u00edstico y Flor\u00edstico\u00bb. El pueblo tambi\u00e9n ha recibido la etiqueta \u00abStation Verte de Vacances\u00bb.<\/p>\n\n\n\n<figure class=\"wp-block-gallery has-nested-images columns-3 is-cropped wp-block-gallery-1 is-layout-flex wp-block-gallery-is-layout-flex\">\n<figure class=\"wp-block-image size-full\"><a href=\"https:\/\/centcols.org\/wp-content\/uploads\/2015\/04\/ardeche.jpg\"><img loading=\"lazy\" decoding=\"async\" width=\"240\" height=\"180\" data-id=\"91861\" src=\"https:\/\/centcols.org\/wp-content\/uploads\/2015\/04\/ardeche.jpg\" alt=\"\" class=\"wp-image-91861\" srcset=\"https:\/\/centcols.org\/wp-content\/uploads\/2015\/04\/ardeche.jpg 240w, https:\/\/centcols.org\/wp-content\/uploads\/2015\/04\/ardeche-16x12.jpg 16w\" sizes=\"auto, (max-width: 240px) 100vw, 240px\" \/><\/a><\/figure>\n\n\n\n<figure class=\"wp-block-image size-full\"><a href=\"https:\/\/centcols.org\/wp-content\/uploads\/2015\/04\/ardeche.png\"><img loading=\"lazy\" decoding=\"async\" width=\"200\" height=\"220\" data-id=\"91862\" src=\"https:\/\/centcols.org\/wp-content\/uploads\/2015\/04\/ardeche.png\" alt=\"\" class=\"wp-image-91862\" srcset=\"https:\/\/centcols.org\/wp-content\/uploads\/2015\/04\/ardeche.png 200w, https:\/\/centcols.org\/wp-content\/uploads\/2015\/04\/ardeche-11x12.png 11w\" sizes=\"auto, (max-width: 200px) 100vw, 200px\" \/><\/a><\/figure>\n\n\n\n<figure class=\"wp-block-image size-full\"><a href=\"https:\/\/centcols.org\/wp-content\/uploads\/2015\/04\/pontdarc.jpg\"><img loading=\"lazy\" decoding=\"async\" width=\"240\" height=\"180\" data-id=\"91863\" src=\"https:\/\/centcols.org\/wp-content\/uploads\/2015\/04\/pontdarc.jpg\" alt=\"\" class=\"wp-image-91863\" srcset=\"https:\/\/centcols.org\/wp-content\/uploads\/2015\/04\/pontdarc.jpg 240w, https:\/\/centcols.org\/wp-content\/uploads\/2015\/04\/pontdarc-16x12.jpg 16w\" sizes=\"auto, (max-width: 240px) 100vw, 240px\" \/><\/a><\/figure>\n\n\n\n<figure class=\"wp-block-image size-full\"><a href=\"https:\/\/centcols.org\/wp-content\/uploads\/2015\/04\/viaduc.jpg\"><img loading=\"lazy\" decoding=\"async\" width=\"240\" height=\"180\" data-id=\"91864\" src=\"https:\/\/centcols.org\/wp-content\/uploads\/2015\/04\/viaduc.jpg\" alt=\"\" class=\"wp-image-91864\" srcset=\"https:\/\/centcols.org\/wp-content\/uploads\/2015\/04\/viaduc.jpg 240w, https:\/\/centcols.org\/wp-content\/uploads\/2015\/04\/viaduc-16x12.jpg 16w\" sizes=\"auto, (max-width: 240px) 100vw, 240px\" \/><\/a><\/figure>\n\n\n\n<figure class=\"wp-block-image size-large\"><img loading=\"lazy\" decoding=\"async\" width=\"200\" height=\"220\" data-id=\"91869\" src=\"https:\/\/centcols.org\/wp-content\/uploads\/2015\/04\/vogue.png\" alt=\"\" class=\"wp-image-91869\" srcset=\"https:\/\/centcols.org\/wp-content\/uploads\/2015\/04\/vogue.png 200w, https:\/\/centcols.org\/wp-content\/uploads\/2015\/04\/vogue-11x12.png 11w\" sizes=\"auto, (max-width: 200px) 100vw, 200px\" \/><\/figure>\n\n\n\n<figure class=\"wp-block-image size-full\"><a href=\"https:\/\/centcols.org\/wp-content\/uploads\/2015\/04\/vogue.jpg\"><img loading=\"lazy\" decoding=\"async\" width=\"240\" height=\"180\" data-id=\"91865\" src=\"https:\/\/centcols.org\/wp-content\/uploads\/2015\/04\/vogue.jpg\" alt=\"\" class=\"wp-image-91865\" srcset=\"https:\/\/centcols.org\/wp-content\/uploads\/2015\/04\/vogue.jpg 240w, https:\/\/centcols.org\/wp-content\/uploads\/2015\/04\/vogue-16x12.jpg 16w\" sizes=\"auto, (max-width: 240px) 100vw, 240px\" \/><\/a><\/figure>\n<\/figure>\n\n\n\n<h2 class=\"wp-block-heading\">Alojamiento<\/h2>\n\n\n\n<p>Pueblo de vacaciones: Domaine de Lou Capitelle - 07200 Vog\u00fc\u00e9<br>tel. +33 (0)4 75 37 81 90 - <a href=\"http:\/\/www.loucapitelle.com\/\" target=\"_blank\" rel=\"noopener\">http:\/\/www.loucapitelle.com<\/a><br>132 habitaciones confort, 50 habitaciones gran confort: ropa de cama y toallas incluidas, limpieza a cargo de los ocupantes. Habitaciones individuales disponibles por un suplemento.<\/p>\n\n\n\n<h3 class=\"wp-block-heading\">P\u00f3ngase en contacto con<\/h3>\n\n\n\n<p>Oficina de Turismo, Le Village, 07200 Vog\u00fc\u00e9 - +33 (0)4 75 37 01 17 -&nbsp; <a href=\"http:\/\/www.vogue-tourisme.com\/\" target=\"_blank\" rel=\"noopener\">http:\/\/www.vogue-tourisme.com<\/a><\/p>\n\n\n\n<h2 class=\"wp-block-heading\">Visitas<\/h2>\n\n\n\n<p>Tanto el s\u00e1bado 29 como el domingo 30 se proponen rutas en bicicleta de carretera y de monta\u00f1a. Se trata de sugerencias que cada cual puede adaptar a su forma f\u00edsica y a las condiciones meteorol\u00f3gicas. Por supuesto, tendr\u00e1s que salir el s\u00e1bado con tiempo suficiente para llegar a tiempo a la reuni\u00f3n: las salidas en bicicleta est\u00e1n previstas a las 8.30 h de la ma\u00f1ana. Si haces la ruta en bicicleta de monta\u00f1a, tendr\u00e1s que salir media hora antes para ir de Vog\u00fc\u00e9 a Largenti\u00e8re en coche. La lista de <a href=\"https:\/\/centcols.org\/es\/membres\/cctours\/tours.php\/?lieu=Vog\u00fc\u00e9&amp;an=2014\">todas las visitas<\/a> as\u00ed como listas separadas para <a href=\"https:\/\/centcols.org\/es\/membres\/cctours\/tours.php\/?lieu=Vog\u00fc\u00e9&amp;an=2014&amp;genre=R\" target=\"_blank\" rel=\"noreferrer noopener\">rutas por carretera<\/a> y <a href=\"https:\/\/centcols.org\/es\/membres\/cctours\/tours.php\/?lieu=Vog\u00fc\u00e9&amp;an=2014&amp;genre=V\" target=\"_blank\" rel=\"noreferrer noopener\">senderos para bicicletas de monta\u00f1a<\/a>. A partir de estas listas, est\u00e1n disponibles perfiles de altitud y mapas interactivos para cada ruta.<\/p>\n\n\n\n<p>Para quienes utilicen un GPS o un programa de mapas en su ordenador, hay <a href=\"https:\/\/centcols.org\/es\/membres\/cctours\/tours.php\/?lieu=Vog\u00fc\u00e9&amp;an=2014\" target=\"_blank\" rel=\"noreferrer noopener\">archivos de geolocalizaci\u00f3n<\/a> puede descargarse.<\/p>\n\n\n\n<h2 class=\"wp-block-heading\">Otras actividades<\/h2>\n\n\n\n<ul class=\"wp-block-list\">\n<li>Barranquismo, Maison du Plein-Air, 07200 Aubenas<\/li>\n\n\n\n<li>Espeleolog\u00eda, 07150 Vallon-Pont-d'Arc<\/li>\n\n\n\n<li>Pirag\u00fcismo, Les Salles, 07120 Balazuc<\/li>\n<\/ul>\n\n\n\n<h2 class=\"wp-block-heading\">Visitas<\/h2>\n\n\n\n<ul class=\"wp-block-list\">\n<li>Castillo de Vog\u00fc\u00e9 (capilla rom\u00e1nica, mazmorras, jard\u00edn colgante), de la Edad Media y restaurado en el siglo XVII<\/li>\n\n\n\n<li>\u00c9glise Saint-Pierre de Sauveplantade (la iglesia rom\u00e1nica m\u00e1s peque\u00f1a de los siglos IX y XI)<\/li>\n\n\n\n<li>El pueblo de Saint-Sernin, ocupado muy pronto por el hombre (s\u00edlex, con la cruz de Espinasse, objeto de procesiones para ahuyentar la sequ\u00eda).<\/li>\n<\/ul>\n\n\n\n<h2 class=\"wp-block-heading\">Degustaciones<\/h2>\n\n\n\n<ul class=\"wp-block-list\">\n<li>Propri\u00e9t\u00e9 Claude Gascon, vins, 07200 Rochecolombe: Gris de Garnacha, Chardonnay<\/li>\n\n\n\n<li>Boucherie charcuterie Moulin, 07200 Saint-Etienne-de-Fontbellon: especialidades de Ard\u00e8che desde 1946<\/li>\n\n\n\n<li>Le Petit Ard\u00e9chois, 07200 Saint-Etienne-de-Fontbellon: turrones, calissons y pralin\u00e9s artesanales<\/li>\n\n\n\n<li>Le Gen\u00eat d'Or, 07200 Vog\u00fc\u00e9: Turr\u00f3n de Ard\u00e8che con mieles variadas<\/li>\n<\/ul>\n\n\n\n<h2 class=\"wp-block-heading\">Bicicletas para \u00c1frica<\/h2>\n\n\n\n<p>Esta operaci\u00f3n fue lanzada con \u00e9xito por nuestro difunto amigo Roland Grimaud, con ocasi\u00f3n de la AGM del Club des Cent Cols de 2008 en Ch\u00e2teau-Arnoux y de la AGM de 2009 en Yenne. En la asamblea general de 2012 me ofrec\u00ed a organizarla de nuevo en Annecy y, una vez m\u00e1s, muchos de vosotros respondisteis. Este a\u00f1o seguir\u00e1 celebr\u00e1ndose el 29 de noviembre en Vog\u00fc\u00e9.<\/p>\n\n\n\n<p>Esta iniciativa est\u00e1 dirigida desde 2001 por la asociaci\u00f3n \u00abREPERAGES\u00bb, con sede en Grenoble.<\/p>\n\n\n\n<p><strong>Acci\u00f3n solidaria<\/strong>REPERAGES: REPERAGES recoge todas las bicicletas, grandes y peque\u00f1as, en buen o mal estado, incluso incompletas, luego las reacondiciona en su taller y las env\u00eda a \u00c1frica, en particular a Burkina Faso y Mal\u00ed, donde la acci\u00f3n es asumida por asociaciones de aldeas. All\u00ed, el uso de bicicletas anima a los ni\u00f1os a ir a la escuela, hace el trabajo menos penoso...<\/p>\n\n\n\n<p><strong>Ayuda a la integraci\u00f3n<\/strong>En Grenoble, la estructura ha permitido crear puestos de trabajo supervisados y apoyados en el marco del proceso de integraci\u00f3n. Cada a\u00f1o se recogen entre 3.000 y 3.500 bicicletas.<\/p>\n\n\n\n<p><strong>Acci\u00f3n medioambiental<\/strong>Un medio de transporte no contaminante, la bicicleta, puede adquirirse en REPERAGES.<\/p>\n\n\n\n<p>La estructura de Grenoble se apoya en las autoridades locales - Estado - Regi\u00f3n - Departamento - Ciudad. Numerosas colectividades locales, asociaciones y voluntarios colaboran en la recogida.<\/p>\n\n\n\n<p>En Vog\u00fc\u00e9, se habilitar\u00e1 un punto de entrega (por especificar). Estar\u00e1 abierto el s\u00e1bado 29 de noviembre de 9:00 a 13:00.<\/p>\n\n\n\n<p>Por favor, inf\u00f3rmeme con antelaci\u00f3n del n\u00famero y tama\u00f1o de las bicicletas para que REPERAGES pueda organizar la recogida. Por supuesto, tambi\u00e9n se recogen los accesorios de las bicicletas.<\/p>\n\n\n\n<p>Gracias por su generosidad...<\/p>\n\n\n\n<p><em>Robert YONNET<\/em>, CC 5292,&nbsp;<a href=\"javascript:;\">robert.yonnet@orange.fr<\/a>,+33 (0)6 81 85 54 71.<\/p>\n\n\n\n<h2 class=\"wp-block-heading\">\u00c1lbumes de fotos :<\/h2>\n\n\n\n<p><a href=\"https:\/\/centcols.org\/es\/util\/visuAlbum.php\/?album=06502-002\" target=\"_blank\" rel=\"noreferrer noopener\">\u00c1lbum de fotos de S\u00e9bastien Vadot<\/a><\/p>\n\n\n\n<p><a href=\"https:\/\/centcols.org\/es\/backup\/ag-2014-vogue\/\"><\/a><\/p>\n\n\n\n<p><a href=\"https:\/\/centcols.org\/es\/util\/visuAlbum.php\/?album=03872-005\" target=\"_blank\" rel=\"noreferrer noopener\">\u00c1lbum de fotos de Bernard Giraudeau<\/a><\/p>\n\n\n\n<p><a href=\"https:\/\/centcols.org\/backup\/wp-content\/uploads\/2015\/04\/M004251.jpg\"><\/a><\/p>\n\n\n\n<p><a href=\"https:\/\/centcols.org\/es\/util\/visuAlbum.php\/?album=03693-007\" target=\"_blank\" rel=\"noreferrer noopener\">\u00c1lbum de fotos de Alain Brault<\/a><\/p>\n\n\n\n<p><a href=\"https:\/\/centcols.org\/backup\/wp-content\/uploads\/2015\/04\/M006261.jpg\"><\/a><\/p>\n\n\n\n<p><a href=\"https:\/\/centcols.org\/es\/util\/visuAlbum.php\/?album=07279-001\" target=\"_blank\" rel=\"noreferrer noopener\">\u00c1lbum de fotos de Andr\u00e9 Liotier<\/a><\/p>","protected":false},"excerpt":{"rendered":"<p>Pr\u00e9sentation Pour cette AG 2014, la confr\u00e9rie rejoindra un lieu plus central, le village de Vog\u00fc\u00e9, class\u00e9 parmi les plus beaux de France. Nous serons accueillis au domaine de \u00abLou Capitelle\u00bb. L&rsquo;assembl\u00e9e se tiendra le samedi \u00e0 partir de 15 heures. Vog\u00fc\u00e9 est un village de 940 habitants, situ\u00e9 \u00e0 une altitude moyenne de 160&nbsp;m, [&hellip;]<\/p>\n","protected":false},"author":3,"featured_media":81685,"comment_status":"closed","ping_status":"closed","sticky":false,"template":"","format":"standard","meta":{"_acf_changed":false,"footnotes":""},"categories":[217,135],"tags":[],"class_list":["post-81684","post","type-post","status-publish","format-standard","has-post-thumbnail","hentry","category-assemblees-generales","category-calendrier"],"acf":[],"yoast_head":"<!-- This site is optimized with the Yoast SEO plugin v27.2 - https:\/\/yoast.com\/product\/yoast-seo-wordpress\/ -->\n<title>Assembl\u00e9e g\u00e9n\u00e9rale du Club des Cent Cols \u00e0 Vog\u00fc\u00e9 (Ard\u00e8che) les 29 et 30 novembre 2014 - Club des Cent Cols<\/title>\n<meta name=\"robots\" content=\"index, follow, max-snippet:-1, max-image-preview:large, max-video-preview:-1\" \/>\n<link rel=\"canonical\" href=\"https:\/\/centcols.org\/es\/ag-2014-vogue\/\" \/>\n<meta property=\"og:locale\" content=\"es_ES\" \/>\n<meta property=\"og:type\" content=\"article\" \/>\n<meta property=\"og:title\" content=\"Assembl\u00e9e g\u00e9n\u00e9rale du Club des Cent Cols \u00e0 Vog\u00fc\u00e9 (Ard\u00e8che) les 29 et 30 novembre 2014 - Club des Cent Cols\" \/>\n<meta property=\"og:description\" content=\"Pr\u00e9sentation Pour cette AG 2014, la confr\u00e9rie rejoindra un lieu plus central, le village de Vog\u00fc\u00e9, class\u00e9 parmi les plus beaux de France. Nous serons accueillis au domaine de \u00abLou Capitelle\u00bb. L&rsquo;assembl\u00e9e se tiendra le samedi \u00e0 partir de 15 heures. Vog\u00fc\u00e9 est un village de 940 habitants, situ\u00e9 \u00e0 une altitude moyenne de 160&nbsp;m, [&hellip;]\" \/>\n<meta property=\"og:url\" content=\"https:\/\/centcols.org\/es\/ag-2014-vogue\/\" \/>\n<meta property=\"og:site_name\" content=\"Club des Cent Cols\" \/>\n<meta property=\"article:publisher\" content=\"https:\/\/www.facebook.com\/groups\/5261880558\/?locale=fr_FR\" \/>\n<meta property=\"article:published_time\" content=\"2015-04-20T12:45:17+00:00\" \/>\n<meta property=\"article:modified_time\" content=\"2025-11-06T07:43:49+00:00\" \/>\n<meta property=\"og:image\" content=\"https:\/\/centcols.org\/wp-content\/uploads\/2025\/05\/M006261.jpg\" \/>\n\t<meta property=\"og:image:width\" content=\"800\" \/>\n\t<meta property=\"og:image:height\" content=\"600\" \/>\n\t<meta property=\"og:image:type\" content=\"image\/jpeg\" \/>\n<meta name=\"author\" content=\"Webmestre\" \/>\n<meta name=\"twitter:card\" content=\"summary_large_image\" \/>\n<meta name=\"twitter:label1\" content=\"Escrito por\" \/>\n\t<meta name=\"twitter:data1\" content=\"Webmestre\" \/>\n\t<meta name=\"twitter:label2\" content=\"Tiempo de lectura\" \/>\n\t<meta name=\"twitter:data2\" content=\"6 minutos\" \/>\n<script type=\"application\/ld+json\" class=\"yoast-schema-graph\">{\"@context\":\"https:\/\/schema.org\",\"@graph\":[{\"@type\":\"Article\",\"@id\":\"https:\/\/centcols.org\/ag-2014-vogue\/#article\",\"isPartOf\":{\"@id\":\"https:\/\/centcols.org\/ag-2014-vogue\/\"},\"author\":{\"name\":\"Webmestre\",\"@id\":\"https:\/\/centcols.org\/#\/schema\/person\/911b404fb133d8c913dd27cdcf71c8e5\"},\"headline\":\"Assembl\u00e9e g\u00e9n\u00e9rale du Club des Cent Cols \u00e0 Vog\u00fc\u00e9 (Ard\u00e8che) les 29 et 30 novembre 2014\",\"datePublished\":\"2015-04-20T12:45:17+00:00\",\"dateModified\":\"2025-11-06T07:43:49+00:00\",\"mainEntityOfPage\":{\"@id\":\"https:\/\/centcols.org\/ag-2014-vogue\/\"},\"wordCount\":912,\"publisher\":{\"@id\":\"https:\/\/centcols.org\/#organization\"},\"image\":{\"@id\":\"https:\/\/centcols.org\/ag-2014-vogue\/#primaryimage\"},\"thumbnailUrl\":\"https:\/\/centcols.org\/wp-content\/uploads\/2025\/05\/M006261.jpg\",\"articleSection\":[\"Assembl\u00e9es g\u00e9n\u00e9rales\",\"Calendrier\"],\"inLanguage\":\"es\"},{\"@type\":\"WebPage\",\"@id\":\"https:\/\/centcols.org\/ag-2014-vogue\/\",\"url\":\"https:\/\/centcols.org\/ag-2014-vogue\/\",\"name\":\"Assembl\u00e9e g\u00e9n\u00e9rale du Club des Cent Cols \u00e0 Vog\u00fc\u00e9 (Ard\u00e8che) les 29 et 30 novembre 2014 - Club des Cent Cols\",\"isPartOf\":{\"@id\":\"https:\/\/centcols.org\/#website\"},\"primaryImageOfPage\":{\"@id\":\"https:\/\/centcols.org\/ag-2014-vogue\/#primaryimage\"},\"image\":{\"@id\":\"https:\/\/centcols.org\/ag-2014-vogue\/#primaryimage\"},\"thumbnailUrl\":\"https:\/\/centcols.org\/wp-content\/uploads\/2025\/05\/M006261.jpg\",\"datePublished\":\"2015-04-20T12:45:17+00:00\",\"dateModified\":\"2025-11-06T07:43:49+00:00\",\"breadcrumb\":{\"@id\":\"https:\/\/centcols.org\/ag-2014-vogue\/#breadcrumb\"},\"inLanguage\":\"es\",\"potentialAction\":[{\"@type\":\"ReadAction\",\"target\":[\"https:\/\/centcols.org\/ag-2014-vogue\/\"]}]},{\"@type\":\"ImageObject\",\"inLanguage\":\"es\",\"@id\":\"https:\/\/centcols.org\/ag-2014-vogue\/#primaryimage\",\"url\":\"https:\/\/centcols.org\/wp-content\/uploads\/2025\/05\/M006261.jpg\",\"contentUrl\":\"https:\/\/centcols.org\/wp-content\/uploads\/2025\/05\/M006261.jpg\",\"width\":800,\"height\":600},{\"@type\":\"BreadcrumbList\",\"@id\":\"https:\/\/centcols.org\/ag-2014-vogue\/#breadcrumb\",\"itemListElement\":[{\"@type\":\"ListItem\",\"position\":1,\"name\":\"Accueil\",\"item\":\"https:\/\/centcols.org\/\"},{\"@type\":\"ListItem\",\"position\":2,\"name\":\"Assembl\u00e9es g\u00e9n\u00e9rales\",\"item\":\"https:\/\/centcols.org\/rubrique\/assemblees-generales\/\"},{\"@type\":\"ListItem\",\"position\":3,\"name\":\"Assembl\u00e9e g\u00e9n\u00e9rale du Club des Cent Cols \u00e0 Vog\u00fc\u00e9 (Ard\u00e8che) les 29 et 30 novembre 2014\"}]},{\"@type\":\"WebSite\",\"@id\":\"https:\/\/centcols.org\/#website\",\"url\":\"https:\/\/centcols.org\/\",\"name\":\"Club des Cent Cols\",\"description\":\"\",\"publisher\":{\"@id\":\"https:\/\/centcols.org\/#organization\"},\"potentialAction\":[{\"@type\":\"SearchAction\",\"target\":{\"@type\":\"EntryPoint\",\"urlTemplate\":\"https:\/\/centcols.org\/?s={search_term_string}\"},\"query-input\":{\"@type\":\"PropertyValueSpecification\",\"valueRequired\":true,\"valueName\":\"search_term_string\"}}],\"inLanguage\":\"es\"},{\"@type\":\"Organization\",\"@id\":\"https:\/\/centcols.org\/#organization\",\"name\":\"Club des Cent Cols\",\"url\":\"https:\/\/centcols.org\/\",\"logo\":{\"@type\":\"ImageObject\",\"inLanguage\":\"es\",\"@id\":\"https:\/\/centcols.org\/#\/schema\/logo\/image\/\",\"url\":\"https:\/\/centcols.org\/wp-content\/uploads\/2025\/01\/carte-icone.png\",\"contentUrl\":\"https:\/\/centcols.org\/wp-content\/uploads\/2025\/01\/carte-icone.png\",\"width\":250,\"height\":250,\"caption\":\"Club des Cent Cols\"},\"image\":{\"@id\":\"https:\/\/centcols.org\/#\/schema\/logo\/image\/\"},\"sameAs\":[\"https:\/\/www.facebook.com\/groups\/5261880558\/?locale=fr_FR\"]},{\"@type\":\"Person\",\"@id\":\"https:\/\/centcols.org\/#\/schema\/person\/911b404fb133d8c913dd27cdcf71c8e5\",\"name\":\"Webmestre\",\"image\":{\"@type\":\"ImageObject\",\"inLanguage\":\"es\",\"@id\":\"https:\/\/centcols.org\/wp-content\/litespeed\/avatar\/2d246e4b6b4f773e08515e1ffc53690b.jpg?ver=1777222892\",\"url\":\"https:\/\/centcols.org\/wp-content\/litespeed\/avatar\/2d246e4b6b4f773e08515e1ffc53690b.jpg?ver=1777222892\",\"contentUrl\":\"https:\/\/centcols.org\/wp-content\/litespeed\/avatar\/2d246e4b6b4f773e08515e1ffc53690b.jpg?ver=1777222892\",\"caption\":\"Webmestre\"},\"url\":\"https:\/\/centcols.org\/es\/author\/webmestre\/\"}]}<\/script>\n<!-- \/ Yoast SEO plugin. -->","yoast_head_json":{"title":"Asamblea General del Club des Cent Cols en Vog\u00fc\u00e9 (Ard\u00e8che) los d\u00edas 29 y 30 de noviembre de 2014 - Club des Cent Cols","robots":{"index":"index","follow":"follow","max-snippet":"max-snippet:-1","max-image-preview":"max-image-preview:large","max-video-preview":"max-video-preview:-1"},"canonical":"https:\/\/centcols.org\/es\/ag-2014-vogue\/","og_locale":"es_ES","og_type":"article","og_title":"Assembl\u00e9e g\u00e9n\u00e9rale du Club des Cent Cols \u00e0 Vog\u00fc\u00e9 (Ard\u00e8che) les 29 et 30 novembre 2014 - Club des Cent Cols","og_description":"Pr\u00e9sentation Pour cette AG 2014, la confr\u00e9rie rejoindra un lieu plus central, le village de Vog\u00fc\u00e9, class\u00e9 parmi les plus beaux de France. Nous serons accueillis au domaine de \u00abLou Capitelle\u00bb. L&rsquo;assembl\u00e9e se tiendra le samedi \u00e0 partir de 15 heures. Vog\u00fc\u00e9 est un village de 940 habitants, situ\u00e9 \u00e0 une altitude moyenne de 160&nbsp;m, [&hellip;]","og_url":"https:\/\/centcols.org\/es\/ag-2014-vogue\/","og_site_name":"Club des Cent Cols","article_publisher":"https:\/\/www.facebook.com\/groups\/5261880558\/?locale=fr_FR","article_published_time":"2015-04-20T12:45:17+00:00","article_modified_time":"2025-11-06T07:43:49+00:00","og_image":[{"width":800,"height":600,"url":"https:\/\/centcols.org\/wp-content\/uploads\/2025\/05\/M006261.jpg","type":"image\/jpeg"}],"author":"Webmestre","twitter_card":"summary_large_image","twitter_misc":{"Escrito por":"Webmestre","Tiempo de lectura":"6 minutos"},"schema":{"@context":"https:\/\/schema.org","@graph":[{"@type":"Article","@id":"https:\/\/centcols.org\/ag-2014-vogue\/#article","isPartOf":{"@id":"https:\/\/centcols.org\/ag-2014-vogue\/"},"author":{"name":"Webmestre","@id":"https:\/\/centcols.org\/#\/schema\/person\/911b404fb133d8c913dd27cdcf71c8e5"},"headline":"Assembl\u00e9e g\u00e9n\u00e9rale du Club des Cent Cols \u00e0 Vog\u00fc\u00e9 (Ard\u00e8che) les 29 et 30 novembre 2014","datePublished":"2015-04-20T12:45:17+00:00","dateModified":"2025-11-06T07:43:49+00:00","mainEntityOfPage":{"@id":"https:\/\/centcols.org\/ag-2014-vogue\/"},"wordCount":912,"publisher":{"@id":"https:\/\/centcols.org\/#organization"},"image":{"@id":"https:\/\/centcols.org\/ag-2014-vogue\/#primaryimage"},"thumbnailUrl":"https:\/\/centcols.org\/wp-content\/uploads\/2025\/05\/M006261.jpg","articleSection":["Assembl\u00e9es g\u00e9n\u00e9rales","Calendrier"],"inLanguage":"es"},{"@type":"WebPage","@id":"https:\/\/centcols.org\/ag-2014-vogue\/","url":"https:\/\/centcols.org\/ag-2014-vogue\/","name":"Asamblea General del Club des Cent Cols en Vog\u00fc\u00e9 (Ard\u00e8che) los d\u00edas 29 y 30 de noviembre de 2014 - Club des Cent Cols","isPartOf":{"@id":"https:\/\/centcols.org\/#website"},"primaryImageOfPage":{"@id":"https:\/\/centcols.org\/ag-2014-vogue\/#primaryimage"},"image":{"@id":"https:\/\/centcols.org\/ag-2014-vogue\/#primaryimage"},"thumbnailUrl":"https:\/\/centcols.org\/wp-content\/uploads\/2025\/05\/M006261.jpg","datePublished":"2015-04-20T12:45:17+00:00","dateModified":"2025-11-06T07:43:49+00:00","breadcrumb":{"@id":"https:\/\/centcols.org\/ag-2014-vogue\/#breadcrumb"},"inLanguage":"es","potentialAction":[{"@type":"ReadAction","target":["https:\/\/centcols.org\/ag-2014-vogue\/"]}]},{"@type":"ImageObject","inLanguage":"es","@id":"https:\/\/centcols.org\/ag-2014-vogue\/#primaryimage","url":"https:\/\/centcols.org\/wp-content\/uploads\/2025\/05\/M006261.jpg","contentUrl":"https:\/\/centcols.org\/wp-content\/uploads\/2025\/05\/M006261.jpg","width":800,"height":600},{"@type":"BreadcrumbList","@id":"https:\/\/centcols.org\/ag-2014-vogue\/#breadcrumb","itemListElement":[{"@type":"ListItem","position":1,"name":"Accueil","item":"https:\/\/centcols.org\/"},{"@type":"ListItem","position":2,"name":"Assembl\u00e9es g\u00e9n\u00e9rales","item":"https:\/\/centcols.org\/rubrique\/assemblees-generales\/"},{"@type":"ListItem","position":3,"name":"Assembl\u00e9e g\u00e9n\u00e9rale du Club des Cent Cols \u00e0 Vog\u00fc\u00e9 (Ard\u00e8che) les 29 et 30 novembre 2014"}]},{"@type":"WebSite","@id":"https:\/\/centcols.org\/#website","url":"https:\/\/centcols.org\/","name":"Club des Cent Cols","description":"","publisher":{"@id":"https:\/\/centcols.org\/#organization"},"potentialAction":[{"@type":"SearchAction","target":{"@type":"EntryPoint","urlTemplate":"https:\/\/centcols.org\/?s={search_term_string}"},"query-input":{"@type":"PropertyValueSpecification","valueRequired":true,"valueName":"search_term_string"}}],"inLanguage":"es"},{"@type":"Organization","@id":"https:\/\/centcols.org\/#organization","name":"Club des Cent Cols","url":"https:\/\/centcols.org\/","logo":{"@type":"ImageObject","inLanguage":"es","@id":"https:\/\/centcols.org\/#\/schema\/logo\/image\/","url":"https:\/\/centcols.org\/wp-content\/uploads\/2025\/01\/carte-icone.png","contentUrl":"https:\/\/centcols.org\/wp-content\/uploads\/2025\/01\/carte-icone.png","width":250,"height":250,"caption":"Club des Cent Cols"},"image":{"@id":"https:\/\/centcols.org\/#\/schema\/logo\/image\/"},"sameAs":["https:\/\/www.facebook.com\/groups\/5261880558\/?locale=fr_FR"]},{"@type":"Person","@id":"https:\/\/centcols.org\/#\/schema\/person\/911b404fb133d8c913dd27cdcf71c8e5","name":"Webmaster","image":{"@type":"ImageObject","inLanguage":"es","@id":"https:\/\/centcols.org\/wp-content\/litespeed\/avatar\/2d246e4b6b4f773e08515e1ffc53690b.jpg?ver=1777222892","url":"https:\/\/centcols.org\/wp-content\/litespeed\/avatar\/2d246e4b6b4f773e08515e1ffc53690b.jpg?ver=1777222892","contentUrl":"https:\/\/centcols.org\/wp-content\/litespeed\/avatar\/2d246e4b6b4f773e08515e1ffc53690b.jpg?ver=1777222892","caption":"Webmestre"},"url":"https:\/\/centcols.org\/es\/author\/webmestre\/"}]}},"_links":{"self":[{"href":"https:\/\/centcols.org\/es\/wp-json\/wp\/v2\/posts\/81684","targetHints":{"allow":["GET"]}}],"collection":[{"href":"https:\/\/centcols.org\/es\/wp-json\/wp\/v2\/posts"}],"about":[{"href":"https:\/\/centcols.org\/es\/wp-json\/wp\/v2\/types\/post"}],"author":[{"embeddable":true,"href":"https:\/\/centcols.org\/es\/wp-json\/wp\/v2\/users\/3"}],"replies":[{"embeddable":true,"href":"https:\/\/centcols.org\/es\/wp-json\/wp\/v2\/comments?post=81684"}],"version-history":[{"count":0,"href":"https:\/\/centcols.org\/es\/wp-json\/wp\/v2\/posts\/81684\/revisions"}],"wp:featuredmedia":[{"embeddable":true,"href":"https:\/\/centcols.org\/es\/wp-json\/wp\/v2\/media\/81685"}],"wp:attachment":[{"href":"https:\/\/centcols.org\/es\/wp-json\/wp\/v2\/media?parent=81684"}],"wp:term":[{"taxonomy":"category","embeddable":true,"href":"https:\/\/centcols.org\/es\/wp-json\/wp\/v2\/categories?post=81684"},{"taxonomy":"post_tag","embeddable":true,"href":"https:\/\/centcols.org\/es\/wp-json\/wp\/v2\/tags?post=81684"}],"curies":[{"name":"wp","href":"https:\/\/api.w.org\/{rel}","templated":true}]}}