{"id":81687,"date":"2015-04-16T09:20:55","date_gmt":"2015-04-16T07:20:55","guid":{"rendered":"https:\/\/centcols.org\/assemblee-generale-dexception-pour-le-40e-anniversaire-de-la-confrerie-a-annecy-les-1-et-2-decembre-2012\/"},"modified":"2025-11-06T04:54:56","modified_gmt":"2025-11-06T02:54:56","slug":"2012-annecy-ag","status":"publish","type":"post","link":"https:\/\/centcols.org\/es\/ag-2012-annecy\/","title":{"rendered":"Asamblea general excepcional con motivo del 40 aniversario de la Cofrad\u00eda en Annecy los d\u00edas 1 y 2 de diciembre de 2012"},"content":{"rendered":"<h2 class=\"wp-block-heading\">Presentaci\u00f3n<\/h2>\n\n\n\n<p>2012 es un a\u00f1o excepcional para Annecy. El compromiso de esta hermosa ciudad con el desarrollo sostenible y la preservaci\u00f3n de la naturaleza ha sido recompensado con el t\u00edtulo de Ciudad Alpina Europea del A\u00f1o 2012, y tambi\u00e9n es excepcional que haya venido a celebrar con nosotros el 40 aniversario de nuestra Cofrad\u00eda. Las ciudades, como las personas que las crearon, cambian a medida que envejecen. Cambian con su historia, con la moda y con el progreso de la civilizaci\u00f3n.<\/p>\n\n\n\n<p>El Annecy de anta\u00f1o es lo suficientemente rico en poes\u00eda, pintoresquismo y acontecimientos humanos como para servir al Annecy de hoy. Como un diamante en el marco de sus monta\u00f1as, con la pureza de sus aguas lacustres redescubiertas, \u00bfno es Annecy hoy un s\u00edmbolo de eternidad?<\/p>\n\n\n\n<p>Nuestra Junta General se celebrar\u00e1 en el Palacio de Congresos Imp\u00e9rial, a orillas del lago de Annecy. El Palacio Imp\u00e9rial, antiguo hotel de lujo construido en 1913, es un lugar extraordinario renovado hace unos a\u00f1os que ha atra\u00eddo a numerosos miembros de la realeza, como Churchill, Charlie Chaplin, Edith Piaf o el rey Jorge VI.<\/p>\n\n\n\n<p>En la actualidad, el Imp\u00e9rial ofrece tres opciones: hotel, casino y centro de conferencias. Nuestra Junta General Anual tendr\u00e1 lugar el s\u00e1bado 1 de julio a partir de las 15.00 h.<sup>er<\/sup> Diciembre en la Salle de l'Europe.<br>A continuaci\u00f3n, tendr\u00e1 lugar un aperitivo en los salones del hotel, ofrecido por el Ayuntamiento de Annecy en presencia del alcalde.<br>Durante su estancia, ser\u00e1 atendido y mimado por los miembros del V\u00e9lo-Club d'Annecy. Este club ciclista, uno de los m\u00e1s antiguos de Francia, se fund\u00f3 en 1888.<\/p>\n\n\n\n<p>Hoy en d\u00eda, el V.C. Annecy sigue siendo uno de los clubes cicloturistas m\u00e1s activos de Francia, no s\u00f3lo por el n\u00famero de socios, sino tambi\u00e9n por las numerosas actividades y eventos que organiza (como el Aravis B.C.M.F. previsto para los d\u00edas 16 y 17 de junio).<\/p>\n\n\n\n<p>Jean PERDOUX (CC n\u00ba 1)<\/p>\n\n\n\n<h2 class=\"wp-block-heading\">El informe<\/h2>\n\n\n\n<p><a href=\"https:\/\/centcols.org\/wp-content\/uploads\/2025\/08\/compte_rendu.pdf\" target=\"_blank\" rel=\"noreferrer noopener\">Descargar el acta en PDF<\/a><\/p>\n\n\n\n<h2 class=\"wp-block-heading\">Intervenciones<\/h2>\n\n\n\n<h3 class=\"wp-block-heading\">Discurso de Jean Perdoux<\/h3>\n\n\n\n<p><a href=\"https:\/\/centcols.org\/wp-content\/uploads\/2025\/08\/intervention1.pdf\" target=\"_blank\" rel=\"noreferrer noopener\">Descargar el discurso en PDF<\/a><\/p>\n\n\n\n<h3 class=\"wp-block-heading\">Discurso de Jean-Luc Rigaut<\/h3>\n\n\n\n<p><a href=\"https:\/\/centcols.org\/wp-content\/uploads\/2025\/08\/discours_rigaut.pdf\" target=\"_blank\" rel=\"noreferrer noopener\">Descargar el discurso en PDF<\/a><\/p>\n\n\n\n<h3 class=\"wp-block-heading\">Testimonio de Henri Dusseau<\/h3>\n\n\n\n<p><a href=\"https:\/\/centcols.org\/wp-content\/uploads\/2025\/08\/intervention2.pdf\" target=\"_blank\" rel=\"noreferrer noopener\">Descargar el testimonio en PDF<\/a><\/p>\n\n\n\n<h2 class=\"wp-block-heading\">Grabaciones sonoras<\/h2>\n\n\n\n<p><a class=\"iframe-fancybox\" href=\"http:\/\/centcols.org\/es\/les_rendez-vous\/2012\/Annecy\/discours_perdoux.mp3\/\" target=\"_blank\" rel=\"noopener noreferrer\">Discurso de Jean Perdoux<\/a><\/p>\n\n\n\n<p>Discurso de Henri Dusseau : <a class=\"iframe-fancybox\" href=\"http:\/\/centcols.org\/es\/les_rendez-vous\/2012\/Annecy\/discours_dusseau_1.mp3\/\" target=\"_blank\" rel=\"noopener noreferrer\">Parte 1<\/a> - <a class=\"iframe-fancybox\" href=\"http:\/\/centcols.org\/es\/les_rendez-vous\/2012\/Annecy\/discours_dusseau_2.mp3\/\" target=\"_blank\" rel=\"noopener noreferrer\">Parte 2<\/a><\/p>\n\n\n\n<h2 class=\"wp-block-heading\">Art\u00edculos de prensa<\/h2>\n\n\n\n<p>Art\u00edculos en el Dauphin\u00e9 Lib\u00e9r\u00e9: de <a href=\"https:\/\/centcols.org\/wp-content\/uploads\/2025\/08\/DL_20121202.jpg\" target=\"_blank\" rel=\"noreferrer noopener\">2 de diciembre<\/a> - la <a href=\"https:\/\/centcols.org\/wp-content\/uploads\/2025\/08\/DL_20121205a.jpg\" target=\"_blank\" rel=\"noreferrer noopener\">5 diciembre (1)<\/a> - la <a href=\"https:\/\/centcols.org\/wp-content\/uploads\/2025\/08\/DL_20121205b.jpg\" target=\"_blank\" rel=\"noreferrer noopener\">5 diciembre (2)<\/a><\/p>\n\n\n\n<h2 class=\"wp-block-heading\">Alojamiento e inscripci\u00f3n<\/h2>\n\n\n\n<p>Alojamiento en la residencia de vacaciones \u00abLes Balcons du Lac\u00bb, situada a 8 km de Annecy, en la carretera del Col de Leschaux.<br>La ciudad de vacaciones domina el lago de Annecy y su entorno monta\u00f1oso.<\/p>\n\n\n\n<p>Disponemos de habitaciones reservadas con 2 camas y cuarto de ba\u00f1o independiente. Las camas se hacen a la llegada y se proporcionan toallas. Es posible la ocupaci\u00f3n individual sujeta a disponibilidad (cargo extra).<br>Se ofrece una comida festiva: hemos reservado 200 plazas y puede inscribirse ya utilizando el formulario de inscripci\u00f3n que figura a continuaci\u00f3n.<\/p>\n\n\n\n<p>Al tratarse de una Junta General muy especial, nos resulta dif\u00edcil estimar el n\u00famero potencial de participantes. Por ello, les pedimos que se inscriban lo antes posible (los cheques no se cargar\u00e1n antes de la JGA) y, a m\u00e1s tardar, el 30 de septiembre de 2012, para poder ajustar los servicios y facilitarnos considerablemente la organizaci\u00f3n de este evento. Asimismo, rogamos a aquellos de ustedes que tengan la intenci\u00f3n de asistir \u00fanicamente a la AGM, sin participar en ning\u00fan servicio, que nos lo comuniquen para que tambi\u00e9n podamos planificar en consecuencia la copa de bienvenida y la disposici\u00f3n de la sala.<\/p>\n\n\n\n<h3 class=\"wp-block-heading\">Residencia de vacaciones \u00abLes Balcons du Lac\u00bb<\/h3>","protected":false},"excerpt":{"rendered":"<p>Pr\u00e9sentation 2012 est une ann\u00e9e exceptionnelle pour Annecy. Cette belle ville voit son engagement en faveur du d\u00e9veloppement durable et de la pr\u00e9servation de la nature r\u00e9compens\u00e9 par le titre de Ville europ\u00e9enne des Alpes de l&rsquo;ann\u00e9e 2012 et exceptionnelle aussi par votre venue pour f\u00eater avec nous les 40 ans de notre Confr\u00e9rie. Les [&hellip;]<\/p>\n","protected":false},"author":3,"featured_media":81688,"comment_status":"closed","ping_status":"open","sticky":false,"template":"","format":"standard","meta":{"_acf_changed":false,"footnotes":""},"categories":[217,135],"tags":[],"class_list":["post-81687","post","type-post","status-publish","format-standard","has-post-thumbnail","hentry","category-assemblees-generales","category-calendrier"],"acf":[],"yoast_head":"<!-- This site is optimized with the Yoast SEO plugin v27.2 - https:\/\/yoast.com\/product\/yoast-seo-wordpress\/ -->\n<title>Assembl\u00e9e g\u00e9n\u00e9rale d&#039;exception pour le 40e anniversaire de la Confr\u00e9rie \u00e0 Annecy les 1 et 2 d\u00e9cembre 2012 - Club des Cent Cols<\/title>\n<meta name=\"robots\" content=\"index, follow, max-snippet:-1, max-image-preview:large, max-video-preview:-1\" \/>\n<link rel=\"canonical\" href=\"https:\/\/centcols.org\/es\/2012-annecy-ag\/\" \/>\n<meta property=\"og:locale\" content=\"es_ES\" \/>\n<meta property=\"og:type\" content=\"article\" \/>\n<meta property=\"og:title\" content=\"Assembl\u00e9e g\u00e9n\u00e9rale d&#039;exception pour le 40e anniversaire de la Confr\u00e9rie \u00e0 Annecy les 1 et 2 d\u00e9cembre 2012 - Club des Cent Cols\" \/>\n<meta property=\"og:description\" content=\"Pr\u00e9sentation 2012 est une ann\u00e9e exceptionnelle pour Annecy. Cette belle ville voit son engagement en faveur du d\u00e9veloppement durable et de la pr\u00e9servation de la nature r\u00e9compens\u00e9 par le titre de Ville europ\u00e9enne des Alpes de l&rsquo;ann\u00e9e 2012 et exceptionnelle aussi par votre venue pour f\u00eater avec nous les 40 ans de notre Confr\u00e9rie. Les [&hellip;]\" \/>\n<meta property=\"og:url\" content=\"https:\/\/centcols.org\/es\/2012-annecy-ag\/\" \/>\n<meta property=\"og:site_name\" content=\"Club des Cent Cols\" \/>\n<meta property=\"article:publisher\" content=\"https:\/\/www.facebook.com\/groups\/5261880558\/?locale=fr_FR\" \/>\n<meta property=\"article:published_time\" content=\"2015-04-16T07:20:55+00:00\" \/>\n<meta property=\"article:modified_time\" content=\"2025-11-06T02:54:56+00:00\" \/>\n<meta property=\"og:image\" content=\"https:\/\/centcols.org\/wp-content\/uploads\/2025\/05\/M015138.jpg\" \/>\n\t<meta property=\"og:image:width\" content=\"800\" \/>\n\t<meta property=\"og:image:height\" content=\"450\" \/>\n\t<meta property=\"og:image:type\" content=\"image\/jpeg\" \/>\n<meta name=\"author\" content=\"Webmestre\" \/>\n<meta name=\"twitter:card\" content=\"summary_large_image\" \/>\n<meta name=\"twitter:label1\" content=\"Escrito por\" \/>\n\t<meta name=\"twitter:data1\" content=\"Webmestre\" \/>\n\t<meta name=\"twitter:label2\" content=\"Tiempo de lectura\" \/>\n\t<meta name=\"twitter:data2\" content=\"4 minutos\" \/>\n<script type=\"application\/ld+json\" class=\"yoast-schema-graph\">{\"@context\":\"https:\/\/schema.org\",\"@graph\":[{\"@type\":\"Article\",\"@id\":\"https:\/\/centcols.org\/ag-2012-annecy\/#article\",\"isPartOf\":{\"@id\":\"https:\/\/centcols.org\/ag-2012-annecy\/\"},\"author\":{\"name\":\"Webmestre\",\"@id\":\"https:\/\/centcols.org\/#\/schema\/person\/911b404fb133d8c913dd27cdcf71c8e5\"},\"headline\":\"Assembl\u00e9e g\u00e9n\u00e9rale d&rsquo;exception pour le 40e anniversaire de la Confr\u00e9rie \u00e0 Annecy les 1 et 2 d\u00e9cembre 2012\",\"datePublished\":\"2015-04-16T07:20:55+00:00\",\"dateModified\":\"2025-11-06T02:54:56+00:00\",\"mainEntityOfPage\":{\"@id\":\"https:\/\/centcols.org\/ag-2012-annecy\/\"},\"wordCount\":690,\"publisher\":{\"@id\":\"https:\/\/centcols.org\/#organization\"},\"image\":{\"@id\":\"https:\/\/centcols.org\/ag-2012-annecy\/#primaryimage\"},\"thumbnailUrl\":\"https:\/\/centcols.org\/wp-content\/uploads\/2025\/05\/M015138.jpg\",\"articleSection\":[\"Assembl\u00e9es g\u00e9n\u00e9rales\",\"Calendrier\"],\"inLanguage\":\"es\"},{\"@type\":\"WebPage\",\"@id\":\"https:\/\/centcols.org\/ag-2012-annecy\/\",\"url\":\"https:\/\/centcols.org\/ag-2012-annecy\/\",\"name\":\"Assembl\u00e9e g\u00e9n\u00e9rale d'exception pour le 40e anniversaire de la Confr\u00e9rie \u00e0 Annecy les 1 et 2 d\u00e9cembre 2012 - Club des Cent Cols\",\"isPartOf\":{\"@id\":\"https:\/\/centcols.org\/#website\"},\"primaryImageOfPage\":{\"@id\":\"https:\/\/centcols.org\/ag-2012-annecy\/#primaryimage\"},\"image\":{\"@id\":\"https:\/\/centcols.org\/ag-2012-annecy\/#primaryimage\"},\"thumbnailUrl\":\"https:\/\/centcols.org\/wp-content\/uploads\/2025\/05\/M015138.jpg\",\"datePublished\":\"2015-04-16T07:20:55+00:00\",\"dateModified\":\"2025-11-06T02:54:56+00:00\",\"breadcrumb\":{\"@id\":\"https:\/\/centcols.org\/ag-2012-annecy\/#breadcrumb\"},\"inLanguage\":\"es\",\"potentialAction\":[{\"@type\":\"ReadAction\",\"target\":[\"https:\/\/centcols.org\/ag-2012-annecy\/\"]}]},{\"@type\":\"ImageObject\",\"inLanguage\":\"es\",\"@id\":\"https:\/\/centcols.org\/ag-2012-annecy\/#primaryimage\",\"url\":\"https:\/\/centcols.org\/wp-content\/uploads\/2025\/05\/M015138.jpg\",\"contentUrl\":\"https:\/\/centcols.org\/wp-content\/uploads\/2025\/05\/M015138.jpg\",\"width\":800,\"height\":450},{\"@type\":\"BreadcrumbList\",\"@id\":\"https:\/\/centcols.org\/ag-2012-annecy\/#breadcrumb\",\"itemListElement\":[{\"@type\":\"ListItem\",\"position\":1,\"name\":\"Accueil\",\"item\":\"https:\/\/centcols.org\/\"},{\"@type\":\"ListItem\",\"position\":2,\"name\":\"Assembl\u00e9es g\u00e9n\u00e9rales\",\"item\":\"https:\/\/centcols.org\/rubrique\/assemblees-generales\/\"},{\"@type\":\"ListItem\",\"position\":3,\"name\":\"Assembl\u00e9e g\u00e9n\u00e9rale d&rsquo;exception pour le 40e anniversaire de la Confr\u00e9rie \u00e0 Annecy les 1 et 2 d\u00e9cembre 2012\"}]},{\"@type\":\"WebSite\",\"@id\":\"https:\/\/centcols.org\/#website\",\"url\":\"https:\/\/centcols.org\/\",\"name\":\"Club des Cent Cols\",\"description\":\"\",\"publisher\":{\"@id\":\"https:\/\/centcols.org\/#organization\"},\"potentialAction\":[{\"@type\":\"SearchAction\",\"target\":{\"@type\":\"EntryPoint\",\"urlTemplate\":\"https:\/\/centcols.org\/?s={search_term_string}\"},\"query-input\":{\"@type\":\"PropertyValueSpecification\",\"valueRequired\":true,\"valueName\":\"search_term_string\"}}],\"inLanguage\":\"es\"},{\"@type\":\"Organization\",\"@id\":\"https:\/\/centcols.org\/#organization\",\"name\":\"Club des Cent Cols\",\"url\":\"https:\/\/centcols.org\/\",\"logo\":{\"@type\":\"ImageObject\",\"inLanguage\":\"es\",\"@id\":\"https:\/\/centcols.org\/#\/schema\/logo\/image\/\",\"url\":\"https:\/\/centcols.org\/wp-content\/uploads\/2025\/01\/carte-icone.png\",\"contentUrl\":\"https:\/\/centcols.org\/wp-content\/uploads\/2025\/01\/carte-icone.png\",\"width\":250,\"height\":250,\"caption\":\"Club des Cent Cols\"},\"image\":{\"@id\":\"https:\/\/centcols.org\/#\/schema\/logo\/image\/\"},\"sameAs\":[\"https:\/\/www.facebook.com\/groups\/5261880558\/?locale=fr_FR\"]},{\"@type\":\"Person\",\"@id\":\"https:\/\/centcols.org\/#\/schema\/person\/911b404fb133d8c913dd27cdcf71c8e5\",\"name\":\"Webmestre\",\"image\":{\"@type\":\"ImageObject\",\"inLanguage\":\"es\",\"@id\":\"https:\/\/centcols.org\/wp-content\/litespeed\/avatar\/2d246e4b6b4f773e08515e1ffc53690b.jpg?ver=1777222892\",\"url\":\"https:\/\/centcols.org\/wp-content\/litespeed\/avatar\/2d246e4b6b4f773e08515e1ffc53690b.jpg?ver=1777222892\",\"contentUrl\":\"https:\/\/centcols.org\/wp-content\/litespeed\/avatar\/2d246e4b6b4f773e08515e1ffc53690b.jpg?ver=1777222892\",\"caption\":\"Webmestre\"},\"url\":\"https:\/\/centcols.org\/es\/author\/webmestre\/\"}]}<\/script>\n<!-- \/ Yoast SEO plugin. -->","yoast_head_json":{"title":"Asamblea general excepcional con motivo del 40 aniversario de la Cofrad\u00eda en Annecy los d\u00edas 1 y 2 de diciembre de 2012 - Club des Cent Cols","robots":{"index":"index","follow":"follow","max-snippet":"max-snippet:-1","max-image-preview":"max-image-preview:large","max-video-preview":"max-video-preview:-1"},"canonical":"https:\/\/centcols.org\/es\/2012-annecy-ag\/","og_locale":"es_ES","og_type":"article","og_title":"Assembl\u00e9e g\u00e9n\u00e9rale d'exception pour le 40e anniversaire de la Confr\u00e9rie \u00e0 Annecy les 1 et 2 d\u00e9cembre 2012 - Club des Cent Cols","og_description":"Pr\u00e9sentation 2012 est une ann\u00e9e exceptionnelle pour Annecy. Cette belle ville voit son engagement en faveur du d\u00e9veloppement durable et de la pr\u00e9servation de la nature r\u00e9compens\u00e9 par le titre de Ville europ\u00e9enne des Alpes de l&rsquo;ann\u00e9e 2012 et exceptionnelle aussi par votre venue pour f\u00eater avec nous les 40 ans de notre Confr\u00e9rie. Les [&hellip;]","og_url":"https:\/\/centcols.org\/es\/2012-annecy-ag\/","og_site_name":"Club des Cent Cols","article_publisher":"https:\/\/www.facebook.com\/groups\/5261880558\/?locale=fr_FR","article_published_time":"2015-04-16T07:20:55+00:00","article_modified_time":"2025-11-06T02:54:56+00:00","og_image":[{"width":800,"height":450,"url":"https:\/\/centcols.org\/wp-content\/uploads\/2025\/05\/M015138.jpg","type":"image\/jpeg"}],"author":"Webmestre","twitter_card":"summary_large_image","twitter_misc":{"Escrito por":"Webmestre","Tiempo de lectura":"4 minutos"},"schema":{"@context":"https:\/\/schema.org","@graph":[{"@type":"Article","@id":"https:\/\/centcols.org\/ag-2012-annecy\/#article","isPartOf":{"@id":"https:\/\/centcols.org\/ag-2012-annecy\/"},"author":{"name":"Webmestre","@id":"https:\/\/centcols.org\/#\/schema\/person\/911b404fb133d8c913dd27cdcf71c8e5"},"headline":"Assembl\u00e9e g\u00e9n\u00e9rale d&rsquo;exception pour le 40e anniversaire de la Confr\u00e9rie \u00e0 Annecy les 1 et 2 d\u00e9cembre 2012","datePublished":"2015-04-16T07:20:55+00:00","dateModified":"2025-11-06T02:54:56+00:00","mainEntityOfPage":{"@id":"https:\/\/centcols.org\/ag-2012-annecy\/"},"wordCount":690,"publisher":{"@id":"https:\/\/centcols.org\/#organization"},"image":{"@id":"https:\/\/centcols.org\/ag-2012-annecy\/#primaryimage"},"thumbnailUrl":"https:\/\/centcols.org\/wp-content\/uploads\/2025\/05\/M015138.jpg","articleSection":["Assembl\u00e9es g\u00e9n\u00e9rales","Calendrier"],"inLanguage":"es"},{"@type":"WebPage","@id":"https:\/\/centcols.org\/ag-2012-annecy\/","url":"https:\/\/centcols.org\/ag-2012-annecy\/","name":"Asamblea general excepcional con motivo del 40 aniversario de la Cofrad\u00eda en Annecy los d\u00edas 1 y 2 de diciembre de 2012 - Club des Cent Cols","isPartOf":{"@id":"https:\/\/centcols.org\/#website"},"primaryImageOfPage":{"@id":"https:\/\/centcols.org\/ag-2012-annecy\/#primaryimage"},"image":{"@id":"https:\/\/centcols.org\/ag-2012-annecy\/#primaryimage"},"thumbnailUrl":"https:\/\/centcols.org\/wp-content\/uploads\/2025\/05\/M015138.jpg","datePublished":"2015-04-16T07:20:55+00:00","dateModified":"2025-11-06T02:54:56+00:00","breadcrumb":{"@id":"https:\/\/centcols.org\/ag-2012-annecy\/#breadcrumb"},"inLanguage":"es","potentialAction":[{"@type":"ReadAction","target":["https:\/\/centcols.org\/ag-2012-annecy\/"]}]},{"@type":"ImageObject","inLanguage":"es","@id":"https:\/\/centcols.org\/ag-2012-annecy\/#primaryimage","url":"https:\/\/centcols.org\/wp-content\/uploads\/2025\/05\/M015138.jpg","contentUrl":"https:\/\/centcols.org\/wp-content\/uploads\/2025\/05\/M015138.jpg","width":800,"height":450},{"@type":"BreadcrumbList","@id":"https:\/\/centcols.org\/ag-2012-annecy\/#breadcrumb","itemListElement":[{"@type":"ListItem","position":1,"name":"Accueil","item":"https:\/\/centcols.org\/"},{"@type":"ListItem","position":2,"name":"Assembl\u00e9es g\u00e9n\u00e9rales","item":"https:\/\/centcols.org\/rubrique\/assemblees-generales\/"},{"@type":"ListItem","position":3,"name":"Assembl\u00e9e g\u00e9n\u00e9rale d&rsquo;exception pour le 40e anniversaire de la Confr\u00e9rie \u00e0 Annecy les 1 et 2 d\u00e9cembre 2012"}]},{"@type":"WebSite","@id":"https:\/\/centcols.org\/#website","url":"https:\/\/centcols.org\/","name":"Club des Cent Cols","description":"","publisher":{"@id":"https:\/\/centcols.org\/#organization"},"potentialAction":[{"@type":"SearchAction","target":{"@type":"EntryPoint","urlTemplate":"https:\/\/centcols.org\/?s={search_term_string}"},"query-input":{"@type":"PropertyValueSpecification","valueRequired":true,"valueName":"search_term_string"}}],"inLanguage":"es"},{"@type":"Organization","@id":"https:\/\/centcols.org\/#organization","name":"Club des Cent Cols","url":"https:\/\/centcols.org\/","logo":{"@type":"ImageObject","inLanguage":"es","@id":"https:\/\/centcols.org\/#\/schema\/logo\/image\/","url":"https:\/\/centcols.org\/wp-content\/uploads\/2025\/01\/carte-icone.png","contentUrl":"https:\/\/centcols.org\/wp-content\/uploads\/2025\/01\/carte-icone.png","width":250,"height":250,"caption":"Club des Cent Cols"},"image":{"@id":"https:\/\/centcols.org\/#\/schema\/logo\/image\/"},"sameAs":["https:\/\/www.facebook.com\/groups\/5261880558\/?locale=fr_FR"]},{"@type":"Person","@id":"https:\/\/centcols.org\/#\/schema\/person\/911b404fb133d8c913dd27cdcf71c8e5","name":"Webmaster","image":{"@type":"ImageObject","inLanguage":"es","@id":"https:\/\/centcols.org\/wp-content\/litespeed\/avatar\/2d246e4b6b4f773e08515e1ffc53690b.jpg?ver=1777222892","url":"https:\/\/centcols.org\/wp-content\/litespeed\/avatar\/2d246e4b6b4f773e08515e1ffc53690b.jpg?ver=1777222892","contentUrl":"https:\/\/centcols.org\/wp-content\/litespeed\/avatar\/2d246e4b6b4f773e08515e1ffc53690b.jpg?ver=1777222892","caption":"Webmestre"},"url":"https:\/\/centcols.org\/es\/author\/webmestre\/"}]}},"_links":{"self":[{"href":"https:\/\/centcols.org\/es\/wp-json\/wp\/v2\/posts\/81687","targetHints":{"allow":["GET"]}}],"collection":[{"href":"https:\/\/centcols.org\/es\/wp-json\/wp\/v2\/posts"}],"about":[{"href":"https:\/\/centcols.org\/es\/wp-json\/wp\/v2\/types\/post"}],"author":[{"embeddable":true,"href":"https:\/\/centcols.org\/es\/wp-json\/wp\/v2\/users\/3"}],"replies":[{"embeddable":true,"href":"https:\/\/centcols.org\/es\/wp-json\/wp\/v2\/comments?post=81687"}],"version-history":[{"count":0,"href":"https:\/\/centcols.org\/es\/wp-json\/wp\/v2\/posts\/81687\/revisions"}],"wp:featuredmedia":[{"embeddable":true,"href":"https:\/\/centcols.org\/es\/wp-json\/wp\/v2\/media\/81688"}],"wp:attachment":[{"href":"https:\/\/centcols.org\/es\/wp-json\/wp\/v2\/media?parent=81687"}],"wp:term":[{"taxonomy":"category","embeddable":true,"href":"https:\/\/centcols.org\/es\/wp-json\/wp\/v2\/categories?post=81687"},{"taxonomy":"post_tag","embeddable":true,"href":"https:\/\/centcols.org\/es\/wp-json\/wp\/v2\/tags?post=81687"}],"curies":[{"name":"wp","href":"https:\/\/api.w.org\/{rel}","templated":true}]}}