{"id":81699,"date":"2010-04-23T10:07:29","date_gmt":"2010-04-23T08:07:29","guid":{"rendered":"https:\/\/centcols.org\/sejour-international-de-bitche-57-du-14-au-18-aout-2010\/"},"modified":"2025-09-09T07:37:17","modified_gmt":"2025-09-09T05:37:17","slug":"stay-2010-bitche","status":"publish","type":"post","link":"https:\/\/centcols.org\/es\/sejour-2010-bitche\/","title":{"rendered":"Estancia internacional en Bitche (57) del 14 al 18 de agosto de 2010"},"content":{"rendered":"<figure class=\"wp-block-gallery has-nested-images columns-3 is-cropped wp-block-gallery-1 is-layout-flex wp-block-gallery-is-layout-flex\">\n<figure class=\"wp-block-image size-full\"><a href=\"https:\/\/centcols.org\/wp-content\/uploads\/2010\/04\/alsace.png\"><img loading=\"lazy\" decoding=\"async\" width=\"120\" height=\"80\" data-id=\"89152\" src=\"https:\/\/centcols.org\/wp-content\/uploads\/2010\/04\/alsace.png\" alt=\"\" class=\"wp-image-89152\" srcset=\"https:\/\/centcols.org\/wp-content\/uploads\/2010\/04\/alsace.png 120w, https:\/\/centcols.org\/wp-content\/uploads\/2010\/04\/alsace-18x12.png 18w\" sizes=\"auto, (max-width: 120px) 100vw, 120px\" \/><\/a><figcaption class=\"wp-element-caption\">Alsacia<\/figcaption><\/figure>\n\n\n\n<figure class=\"wp-block-image size-full\"><a href=\"https:\/\/centcols.org\/wp-content\/uploads\/2010\/04\/lorraine.png\"><img loading=\"lazy\" decoding=\"async\" width=\"133\" height=\"80\" data-id=\"89153\" src=\"https:\/\/centcols.org\/wp-content\/uploads\/2010\/04\/lorraine.png\" alt=\"\" class=\"wp-image-89153\" srcset=\"https:\/\/centcols.org\/wp-content\/uploads\/2010\/04\/lorraine.png 133w, https:\/\/centcols.org\/wp-content\/uploads\/2010\/04\/lorraine-18x12.png 18w\" sizes=\"auto, (max-width: 133px) 100vw, 133px\" \/><\/a><figcaption class=\"wp-element-caption\">Lorraine<\/figcaption><\/figure>\n\n\n\n<figure class=\"wp-block-image size-full\"><a href=\"https:\/\/centcols.org\/wp-content\/uploads\/2010\/04\/rhldpflz.png\"><img loading=\"lazy\" decoding=\"async\" width=\"120\" height=\"80\" data-id=\"89154\" src=\"https:\/\/centcols.org\/wp-content\/uploads\/2010\/04\/rhldpflz.png\" alt=\"\" class=\"wp-image-89154\" srcset=\"https:\/\/centcols.org\/wp-content\/uploads\/2010\/04\/rhldpflz.png 120w, https:\/\/centcols.org\/wp-content\/uploads\/2010\/04\/rhldpflz-18x12.png 18w\" sizes=\"auto, (max-width: 120px) 100vw, 120px\" \/><\/a><figcaption class=\"wp-element-caption\">Renania-Palatinado<\/figcaption><\/figure>\n<\/figure>\n\n\n\n<figure class=\"wp-block-gallery has-nested-images columns-3 is-cropped wp-block-gallery-2 is-layout-flex wp-block-gallery-is-layout-flex\">\n<figure class=\"wp-block-image size-full\"><a href=\"https:\/\/centcols.org\/wp-content\/uploads\/2010\/04\/photo5.jpg\"><img loading=\"lazy\" decoding=\"async\" width=\"200\" height=\"150\" data-id=\"89155\" src=\"https:\/\/centcols.org\/wp-content\/uploads\/2010\/04\/photo5.jpg\" alt=\"\" class=\"wp-image-89155\" srcset=\"https:\/\/centcols.org\/wp-content\/uploads\/2010\/04\/photo5.jpg 200w, https:\/\/centcols.org\/wp-content\/uploads\/2010\/04\/photo5-16x12.jpg 16w\" sizes=\"auto, (max-width: 200px) 100vw, 200px\" \/><\/a><\/figure>\n\n\n\n<figure class=\"wp-block-image size-full\"><a href=\"https:\/\/centcols.org\/wp-content\/uploads\/2010\/04\/photo3.jpg\"><img loading=\"lazy\" decoding=\"async\" width=\"200\" height=\"150\" data-id=\"89156\" src=\"https:\/\/centcols.org\/wp-content\/uploads\/2010\/04\/photo3.jpg\" alt=\"\" class=\"wp-image-89156\" srcset=\"https:\/\/centcols.org\/wp-content\/uploads\/2010\/04\/photo3.jpg 200w, https:\/\/centcols.org\/wp-content\/uploads\/2010\/04\/photo3-16x12.jpg 16w\" sizes=\"auto, (max-width: 200px) 100vw, 200px\" \/><\/a><\/figure>\n\n\n\n<figure class=\"wp-block-image size-full\"><a href=\"https:\/\/centcols.org\/wp-content\/uploads\/2010\/04\/photo4.jpg\"><img loading=\"lazy\" decoding=\"async\" width=\"200\" height=\"150\" data-id=\"89157\" src=\"https:\/\/centcols.org\/wp-content\/uploads\/2010\/04\/photo4.jpg\" alt=\"\" class=\"wp-image-89157\" srcset=\"https:\/\/centcols.org\/wp-content\/uploads\/2010\/04\/photo4.jpg 200w, https:\/\/centcols.org\/wp-content\/uploads\/2010\/04\/photo4-16x12.jpg 16w\" sizes=\"auto, (max-width: 200px) 100vw, 200px\" \/><\/a><\/figure>\n<\/figure>\n\n\n\n<h2 class=\"wp-block-heading\">Presentaci\u00f3n<\/h2>\n\n\n\n<p>En el l\u00edmite de Lorena oriental, el Pa\u00eds de Bitche se extiende hacia Alsacia, desde los vastos horizontes de la meseta lorena hasta los bosques de los Vosgos septentrionales. Regi\u00f3n esencialmente forestal, el Bitscherland parece un poco perdido en el paisaje loren\u00e9s. Es Reserva Mundial de la Biosfera de la UNESCO.<br>Las principales especies arb\u00f3reas son el haya (Buche), el roble (Eich) y el abeto (Rottanne), incluido el pino de Hanau, apreciado por su fuste largo y recto. Tambi\u00e9n se pueden encontrar casta\u00f1os en algunos lugares. Si tiene suerte, podr\u00e1 ver ciervos, corzos o jabal\u00edes, que abundan por aqu\u00ed.<br>El lecho rocoso est\u00e1 formado por arenisca (Sandstein). Hay varias rocas imponentes (Felsen), y naturalmente estas altas estribaciones encaramadas albergaron varios castillos en la Edad Media, cuyas ruinas descubriremos.<\/p>\n\n\n\n<figure class=\"wp-block-gallery has-nested-images columns-3 is-cropped wp-block-gallery-3 is-layout-flex wp-block-gallery-is-layout-flex\">\n<figure class=\"wp-block-image size-full\"><a href=\"https:\/\/centcols.org\/wp-content\/uploads\/2010\/04\/photo2.jpg\"><img loading=\"lazy\" decoding=\"async\" width=\"200\" height=\"150\" data-id=\"89159\" src=\"https:\/\/centcols.org\/wp-content\/uploads\/2010\/04\/photo2.jpg\" alt=\"\" class=\"wp-image-89159\" srcset=\"https:\/\/centcols.org\/wp-content\/uploads\/2010\/04\/photo2.jpg 200w, https:\/\/centcols.org\/wp-content\/uploads\/2010\/04\/photo2-16x12.jpg 16w\" sizes=\"auto, (max-width: 200px) 100vw, 200px\" \/><\/a><\/figure>\n\n\n\n<figure class=\"wp-block-image size-full\"><a href=\"https:\/\/centcols.org\/wp-content\/uploads\/2010\/04\/photo1.jpg\"><img loading=\"lazy\" decoding=\"async\" width=\"200\" height=\"150\" data-id=\"89160\" src=\"https:\/\/centcols.org\/wp-content\/uploads\/2010\/04\/photo1.jpg\" alt=\"\" class=\"wp-image-89160\" srcset=\"https:\/\/centcols.org\/wp-content\/uploads\/2010\/04\/photo1.jpg 200w, https:\/\/centcols.org\/wp-content\/uploads\/2010\/04\/photo1-16x12.jpg 16w\" sizes=\"auto, (max-width: 200px) 100vw, 200px\" \/><\/a><\/figure>\n\n\n\n<figure class=\"wp-block-image size-full\"><a href=\"https:\/\/centcols.org\/wp-content\/uploads\/2010\/04\/photo6.jpg\"><img loading=\"lazy\" decoding=\"async\" width=\"200\" height=\"150\" data-id=\"89161\" src=\"https:\/\/centcols.org\/wp-content\/uploads\/2010\/04\/photo6.jpg\" alt=\"\" class=\"wp-image-89161\" srcset=\"https:\/\/centcols.org\/wp-content\/uploads\/2010\/04\/photo6.jpg 200w, https:\/\/centcols.org\/wp-content\/uploads\/2010\/04\/photo6-16x12.jpg 16w\" sizes=\"auto, (max-width: 200px) 100vw, 200px\" \/><\/a><\/figure>\n<\/figure>\n\n\n\n<p>En resumen, el Pays de Bitche le conquistar\u00e1 por sus ricos paisajes boscosos, sus estanques, sus lugares hist\u00f3ricos y su artesan\u00eda (arte del cristal).<br>La ciudad de Bitche est\u00e1 situada en el Cuerno, en una pintoresca depresi\u00f3n bordeada de colinas boscosas. Dominando la ciudad, la imponente ciudadela, fortificada por Vauban y luego por Cormontaigne, ha sobrevivido a las guerras. Es lo primero que se ve al acercarse a Bitche. La ciudad ha crecido literalmente a su alrededor. Desde este promontorio rocoso se domina toda la regi\u00f3n.<br>El VVF que nos acoge est\u00e1 situado a orillas del lago Hasselfurth, que forma la parte boscosa de la localidad. Si va a acampar, le recomendamos el camping municipal de Haspelschiedt.<br>Por el camino, pasar\u00e1 por los PDG de Mont Sainte Odile, Obersteinbach, Philippsbourg, Saverne, Dabo y Lutzelbourg, as\u00ed como por varios lugares hist\u00f3ricos y una curiosidad del circuito de Saverne: un ascensor de barcazas. No dude en detenerse y visitarlo.<br>En cuanto a la bicicleta de monta\u00f1a, la mayor\u00eda de los recorridos ser\u00e1n por senderos R1. Este bosque est\u00e1 explotado, lo que explica la profusi\u00f3n de pistas. La erosi\u00f3n ha dejado mucha arena en las pistas, y si la rueda delantera se arena, sobre todo en un descenso r\u00e1pido, podr\u00edas perder el control y caerte, as\u00ed que \u00a1ten cuidado! Tambi\u00e9n podremos ver varias estructuras de la L\u00ednea Maginot y, en particular, cruzaremos la zanja antitanque, lo que nos obligar\u00e1 a llevar la \u00fanica carga del viaje.<br>No se olvida a los no ciclistas: en la VVF se publicar\u00e1 una lista de visitas y actividades imprescindibles. Tambi\u00e9n habr\u00e1 una marcha de 5 km por la ma\u00f1ana y otra de 5 km por la tarde para llegar al punto de encuentro internacional en el Col du Pottaschkopf.<br>Disfrute de su estancia.<br>El Comit\u00e9 de Vacaciones del Club des Cent Cols<\/p>\n\n\n\n<h2 class=\"wp-block-heading\">Visitas<\/h2>\n\n\n\n<p>Todos los d\u00edas del domingo 15 de agosto al mi\u00e9rcoles 18 de agosto <a href=\"\/es\/membres\/cctours\/tours.php\/?lieu=Bitche&amp;an=2010\">circuitos<\/a> <a href=\"\/es\/membres\/cctours\/tours.php\/?lieu=Bitche&amp;an=2010&amp;genre=R\">carretera<\/a> y <a href=\"\/es\/membres\/cctours\/tours.php\/?lieu=Bitche&amp;an=2010&amp;genre=V\">BICICLETA DE MONTA\u00d1A<\/a> se ofrecen. Hay 6 circuitos de carretera, numerados R1, R2, R2a, R3, R4 y R5, y 6 circuitos de bicicleta de monta\u00f1a, numerados V1, V2, V3, V3a, V4 y V5.<\/p>\n\n\n\n<p>Estas rutas fueron dise\u00f1adas y cartografiadas principalmente por Alain BRAULT, con la participaci\u00f3n de Ludger VORBERG y Didier R\u00c9MOND. Los mapas de las rutas fueron redactados por Alain BRAULT y R\u00e9gis PARAZ. La secci\u00f3n \u00abBitche\u00bb del sitio web y las herramientas de geolocalizaci\u00f3n han sido dise\u00f1adas por Mario LABELLE.<\/p>\n\n\n\n<h2 class=\"wp-block-heading\">Reuni\u00f3n en el Col du Pottaschkopf (FR-67-0482): domingo 15 de agosto<\/h2>\n\n\n\n<p>Nuestra reuni\u00f3n anual tendr\u00e1 lugar este a\u00f1o en la cumbre del Col du Pottaschkopf (<a href=\"https:\/\/centcols.org\/es\/util\/geo\/visuGP.php\/?c=67048200\" target=\"_blank\" rel=\"noreferrer noopener\">FR-67-0482<\/a>) el domingo 15 de agosto de 2010 a partir de las 10.00 horas.<br>Adem\u00e1s de los participantes en el viaje a Bitche, los miembros de las regiones vecinas (Alsacia, Lorena, Champa\u00f1a-Ardenas, Renania-Palatinado, Sarre, Hesse y Baden-Wurtemberg en Alemania) est\u00e1n cordialmente invitados a unirse a nosotros en esta agradable ocasi\u00f3n.<br>Para aquellos de ustedes que s\u00f3lo vendr\u00e1n al rally Col du Pottaschkopf y quieren hacer la ruta en bicicleta de carretera o de monta\u00f1a el domingo, estas son las rutas R2 o R2a para los ciclistas de carretera, y las rutas V1 para los ciclistas de monta\u00f1a en la secci\u00f3n \u00abRutas\u00bb a continuaci\u00f3n. Tambi\u00e9n puede solicitar una cesta de picnic para el d\u00eda del rally rellenando el formulario de inscripci\u00f3n (l\u00ednea Cesta de comida s\u00f3lo para las personas que no contraten el paquete de estancia de 10 euros). Aseg\u00farese de especificar la fecha del domingo 15 de agosto. Los detalles sobre c\u00f3mo recoger estas cestas se dar\u00e1n m\u00e1s adelante en esta p\u00e1gina.<\/p>\n\n\n\n<h2 class=\"wp-block-heading\">\u00c1lbumes de fotos<\/h2>\n\n\n\n<figure class=\"wp-block-gallery has-nested-images columns-4 is-cropped wp-block-gallery-4 is-layout-flex wp-block-gallery-is-layout-flex\">\n<figure class=\"wp-block-image size-full\"><a href=\"https:\/\/centcols.org\/les_rendez-vous\/2010\/Bitche\/albums\/album01.htm\" target=\"_blank\" rel=\"noreferrer noopener\"><img loading=\"lazy\" decoding=\"async\" width=\"640\" height=\"480\" data-id=\"89162\" src=\"https:\/\/centcols.org\/wp-content\/uploads\/2010\/04\/carrez-01.jpg\" alt=\"\" class=\"wp-image-89162\" srcset=\"https:\/\/centcols.org\/wp-content\/uploads\/2010\/04\/carrez-01.jpg 640w, https:\/\/centcols.org\/wp-content\/uploads\/2010\/04\/carrez-01-16x12.jpg 16w\" sizes=\"auto, (max-width: 640px) 100vw, 640px\" \/><\/a><figcaption class=\"wp-element-caption\">\u00c1lbum de Philippe Carrez<\/figcaption><\/figure>\n\n\n\n<figure class=\"wp-block-image size-full\"><a href=\"https:\/\/centcols.org\/les_rendez-vous\/2010\/Bitche\/albums\/album05.htm\" target=\"_blank\" rel=\"noreferrer noopener\"><img loading=\"lazy\" decoding=\"async\" width=\"640\" height=\"480\" data-id=\"89163\" src=\"https:\/\/centcols.org\/wp-content\/uploads\/2010\/04\/GG2880-10.jpg\" alt=\"\" class=\"wp-image-89163\" srcset=\"https:\/\/centcols.org\/wp-content\/uploads\/2010\/04\/GG2880-10.jpg 640w, https:\/\/centcols.org\/wp-content\/uploads\/2010\/04\/GG2880-10-16x12.jpg 16w\" sizes=\"auto, (max-width: 640px) 100vw, 640px\" \/><\/a><figcaption class=\"wp-element-caption\">\u00c1lbum de Guy Garcin<\/figcaption><\/figure>\n\n\n\n<figure class=\"wp-block-image size-full\"><a href=\"https:\/\/centcols.org\/les_rendez-vous\/2010\/Bitche\/albums\/album06.htm\" target=\"_blank\" rel=\"noreferrer noopener\"><img loading=\"lazy\" decoding=\"async\" width=\"640\" height=\"480\" data-id=\"89165\" src=\"https:\/\/centcols.org\/wp-content\/uploads\/2010\/04\/AL_25.jpg\" alt=\"\" class=\"wp-image-89165\" srcset=\"https:\/\/centcols.org\/wp-content\/uploads\/2010\/04\/AL_25.jpg 640w, https:\/\/centcols.org\/wp-content\/uploads\/2010\/04\/AL_25-16x12.jpg 16w\" sizes=\"auto, (max-width: 640px) 100vw, 640px\" \/><\/a><figcaption class=\"wp-element-caption\">\u00c1lbum Alf\u00e9o Lotto<\/figcaption><\/figure>\n\n\n\n<figure class=\"wp-block-image size-full\"><a href=\"https:\/\/centcols.org\/les_rendez-vous\/2010\/Bitche\/albums\/album07.htm\" target=\"_blank\" rel=\"noreferrer noopener\"><img loading=\"lazy\" decoding=\"async\" width=\"640\" height=\"480\" data-id=\"89166\" src=\"https:\/\/centcols.org\/wp-content\/uploads\/2010\/04\/alberini-19.jpg\" alt=\"\" class=\"wp-image-89166\" srcset=\"https:\/\/centcols.org\/wp-content\/uploads\/2010\/04\/alberini-19.jpg 640w, https:\/\/centcols.org\/wp-content\/uploads\/2010\/04\/alberini-19-16x12.jpg 16w\" sizes=\"auto, (max-width: 640px) 100vw, 640px\" \/><\/a><figcaption class=\"wp-element-caption\">\u00c1lbum de Enrico Alberini<\/figcaption><\/figure>\n\n\n\n<figure class=\"wp-block-image size-full\"><a href=\"https:\/\/centcols.org\/les_rendez-vous\/2010\/Bitche\/albums\/album08.htm\" target=\"_blank\" rel=\"noreferrer noopener\"><img loading=\"lazy\" decoding=\"async\" width=\"640\" height=\"480\" data-id=\"89167\" src=\"https:\/\/centcols.org\/wp-content\/uploads\/2010\/04\/4889_11.jpg\" alt=\"\" class=\"wp-image-89167\" srcset=\"https:\/\/centcols.org\/wp-content\/uploads\/2010\/04\/4889_11.jpg 640w, https:\/\/centcols.org\/wp-content\/uploads\/2010\/04\/4889_11-16x12.jpg 16w\" sizes=\"auto, (max-width: 640px) 100vw, 640px\" \/><\/a><figcaption class=\"wp-element-caption\">\u00c1lbum de Mario Labelle<\/figcaption><\/figure>\n\n\n\n<figure class=\"wp-block-image size-full\"><a href=\"https:\/\/centcols.org\/es\/util\/visuAlbum.php\/?album=03693-001\" target=\"_blank\" rel=\"noreferrer noopener\"><img loading=\"lazy\" decoding=\"async\" width=\"1200\" height=\"900\" data-id=\"89168\" src=\"https:\/\/centcols.org\/wp-content\/uploads\/2010\/04\/L00215-1.jpg\" alt=\"\" class=\"wp-image-89168\" srcset=\"https:\/\/centcols.org\/wp-content\/uploads\/2010\/04\/L00215-1.jpg 1200w, https:\/\/centcols.org\/wp-content\/uploads\/2010\/04\/L00215-1-768x576.jpg 768w, https:\/\/centcols.org\/wp-content\/uploads\/2010\/04\/L00215-1-16x12.jpg 16w\" sizes=\"auto, (max-width: 1200px) 100vw, 1200px\" \/><\/a><figcaption class=\"wp-element-caption\">\u00c1lbum de Alain Brault<\/figcaption><\/figure>\n\n\n\n<figure class=\"wp-block-image size-full\"><a href=\"https:\/\/centcols.org\/es\/util\/visuAlbum.php\/?album=03693-002\" target=\"_blank\" rel=\"noreferrer noopener\"><img loading=\"lazy\" decoding=\"async\" width=\"1200\" height=\"900\" data-id=\"89169\" src=\"https:\/\/centcols.org\/wp-content\/uploads\/2010\/04\/L00933-1.jpg\" alt=\"\" class=\"wp-image-89169\" srcset=\"https:\/\/centcols.org\/wp-content\/uploads\/2010\/04\/L00933-1.jpg 1200w, https:\/\/centcols.org\/wp-content\/uploads\/2010\/04\/L00933-1-768x576.jpg 768w, https:\/\/centcols.org\/wp-content\/uploads\/2010\/04\/L00933-1-16x12.jpg 16w\" sizes=\"auto, (max-width: 1200px) 100vw, 1200px\" \/><\/a><figcaption class=\"wp-element-caption\">\u00c1lbum de Alain Brault<\/figcaption><\/figure>\n\n\n\n<figure class=\"wp-block-image size-full\"><a href=\"https:\/\/centcols.org\/es\/util\/visuAlbum.php\/?album=03872-001\" target=\"_blank\" rel=\"noreferrer noopener\"><img loading=\"lazy\" decoding=\"async\" width=\"1200\" height=\"899\" data-id=\"89170\" src=\"https:\/\/centcols.org\/wp-content\/uploads\/2010\/04\/L00337-1.jpg\" alt=\"\" class=\"wp-image-89170\" srcset=\"https:\/\/centcols.org\/wp-content\/uploads\/2010\/04\/L00337-1.jpg 1200w, https:\/\/centcols.org\/wp-content\/uploads\/2010\/04\/L00337-1-768x575.jpg 768w, https:\/\/centcols.org\/wp-content\/uploads\/2010\/04\/L00337-1-16x12.jpg 16w\" sizes=\"auto, (max-width: 1200px) 100vw, 1200px\" \/><\/a><figcaption class=\"wp-element-caption\">\u00c1lbum de Bernard Giraudeau<\/figcaption><\/figure>\n\n\n\n<figure class=\"wp-block-image size-full\"><a href=\"https:\/\/centcols.org\/les_rendez-vous\/2010\/Bitche\/albums\/album02.htm\" target=\"_blank\" rel=\"noreferrer noopener\"><img loading=\"lazy\" decoding=\"async\" width=\"640\" height=\"480\" data-id=\"89172\" src=\"https:\/\/centcols.org\/wp-content\/uploads\/2010\/04\/carrez-62.jpg\" alt=\"\" class=\"wp-image-89172\" srcset=\"https:\/\/centcols.org\/wp-content\/uploads\/2010\/04\/carrez-62.jpg 640w, https:\/\/centcols.org\/wp-content\/uploads\/2010\/04\/carrez-62-16x12.jpg 16w\" sizes=\"auto, (max-width: 640px) 100vw, 640px\" \/><\/a><figcaption class=\"wp-element-caption\">\u00c1lbum de Philippe Carrez<\/figcaption><\/figure>\n\n\n\n<figure class=\"wp-block-image size-full\"><a href=\"https:\/\/centcols.org\/les_rendez-vous\/2010\/Bitche\/albums\/album03.htm\" target=\"_blank\" rel=\"noreferrer noopener\"><img loading=\"lazy\" decoding=\"async\" width=\"640\" height=\"480\" data-id=\"89173\" src=\"https:\/\/centcols.org\/wp-content\/uploads\/2010\/04\/carrez-87.jpg\" alt=\"\" class=\"wp-image-89173\" srcset=\"https:\/\/centcols.org\/wp-content\/uploads\/2010\/04\/carrez-87.jpg 640w, https:\/\/centcols.org\/wp-content\/uploads\/2010\/04\/carrez-87-16x12.jpg 16w\" sizes=\"auto, (max-width: 640px) 100vw, 640px\" \/><\/a><figcaption class=\"wp-element-caption\">\u00c1lbum de Phillipe Carrez<\/figcaption><\/figure>\n\n\n\n<figure class=\"wp-block-image size-full\"><a href=\"https:\/\/centcols.org\/les_rendez-vous\/2010\/Bitche\/albums\/album04.htm\" target=\"_blank\" rel=\"noreferrer noopener\"><img loading=\"lazy\" decoding=\"async\" width=\"480\" height=\"270\" data-id=\"89174\" src=\"https:\/\/centcols.org\/wp-content\/uploads\/2010\/04\/lambert-19.jpg\" alt=\"\" class=\"wp-image-89174\" srcset=\"https:\/\/centcols.org\/wp-content\/uploads\/2010\/04\/lambert-19.jpg 480w, https:\/\/centcols.org\/wp-content\/uploads\/2010\/04\/lambert-19-18x10.jpg 18w\" sizes=\"auto, (max-width: 480px) 100vw, 480px\" \/><\/a><figcaption class=\"wp-element-caption\">\u00c1lbum de Jean-Pierre Lambert<\/figcaption><\/figure>\n<\/figure>","protected":false},"excerpt":{"rendered":"<p>Pr\u00e9sentation Aux confins de la Lorraine orientale, le Pays de Bitche s\u2019avance sur l\u2019Alsace, passant des vastes horizons du plateau lorrain \u00e0 la for\u00eat des Vosges du Nord. R\u00e9gion essentiellement foresti\u00e8re, le Bitscherland semble quelque peu perdu dans le territoire lorrain. Il est reconnu \u00abR\u00e9serve Mondiale de la Biosph\u00e8re\u00bb par l\u2019UNESCO.Les principales essences pr\u00e9sentent ici [&hellip;]<\/p>\n","protected":false},"author":3,"featured_media":81700,"comment_status":"closed","ping_status":"closed","sticky":false,"template":"","format":"standard","meta":{"_acf_changed":false,"footnotes":""},"categories":[349,386,135,420,400,231],"tags":[],"class_list":["post-81699","post","type-post","status-publish","format-standard","has-post-thumbnail","hentry","category-france-pays-sejours","category-grand-est-region-sejours","category-calendrier","category-57-moselle-departement-sejours","category-vosges-massif-sejours","category-sejours"],"acf":[],"yoast_head":"<!-- This site is optimized with the Yoast SEO plugin v27.2 - https:\/\/yoast.com\/product\/yoast-seo-wordpress\/ -->\n<title>S\u00e9jour international de Bitche (57) du 14 au 18 ao\u00fbt 2010 - Club des Cent Cols<\/title>\n<meta name=\"robots\" content=\"index, follow, max-snippet:-1, max-image-preview:large, max-video-preview:-1\" \/>\n<link rel=\"canonical\" href=\"https:\/\/centcols.org\/es\/stay-2010-bitche\/\" \/>\n<meta property=\"og:locale\" content=\"es_ES\" \/>\n<meta property=\"og:type\" content=\"article\" \/>\n<meta property=\"og:title\" content=\"S\u00e9jour international de Bitche (57) du 14 au 18 ao\u00fbt 2010 - Club des Cent Cols\" \/>\n<meta property=\"og:description\" content=\"Pr\u00e9sentation Aux confins de la Lorraine orientale, le Pays de Bitche s\u2019avance sur l\u2019Alsace, passant des vastes horizons du plateau lorrain \u00e0 la for\u00eat des Vosges du Nord. R\u00e9gion essentiellement foresti\u00e8re, le Bitscherland semble quelque peu perdu dans le territoire lorrain. Il est reconnu \u00abR\u00e9serve Mondiale de la Biosph\u00e8re\u00bb par l\u2019UNESCO.Les principales essences pr\u00e9sentent ici [&hellip;]\" \/>\n<meta property=\"og:url\" content=\"https:\/\/centcols.org\/es\/stay-2010-bitche\/\" \/>\n<meta property=\"og:site_name\" content=\"Club des Cent Cols\" \/>\n<meta property=\"article:publisher\" content=\"https:\/\/www.facebook.com\/groups\/5261880558\/?locale=fr_FR\" \/>\n<meta property=\"article:published_time\" content=\"2010-04-23T08:07:29+00:00\" \/>\n<meta property=\"article:modified_time\" content=\"2025-09-09T05:37:17+00:00\" \/>\n<meta property=\"og:image\" content=\"https:\/\/centcols.org\/wp-content\/uploads\/2025\/05\/L024-e1443719609325.jpg\" \/>\n\t<meta property=\"og:image:width\" content=\"640\" \/>\n\t<meta property=\"og:image:height\" content=\"427\" \/>\n\t<meta property=\"og:image:type\" content=\"image\/jpeg\" \/>\n<meta name=\"author\" content=\"Webmestre\" \/>\n<meta name=\"twitter:card\" content=\"summary_large_image\" \/>\n<meta name=\"twitter:label1\" content=\"Escrito por\" \/>\n\t<meta name=\"twitter:data1\" content=\"Webmestre\" \/>\n\t<meta name=\"twitter:label2\" content=\"Tiempo de lectura\" \/>\n\t<meta name=\"twitter:data2\" content=\"9 minutos\" \/>\n<script type=\"application\/ld+json\" class=\"yoast-schema-graph\">{\"@context\":\"https:\/\/schema.org\",\"@graph\":[{\"@type\":\"Article\",\"@id\":\"https:\/\/centcols.org\/sejour-2010-bitche\/#article\",\"isPartOf\":{\"@id\":\"https:\/\/centcols.org\/sejour-2010-bitche\/\"},\"author\":{\"name\":\"Webmestre\",\"@id\":\"https:\/\/centcols.org\/#\/schema\/person\/911b404fb133d8c913dd27cdcf71c8e5\"},\"headline\":\"S\u00e9jour international de Bitche (57) du 14 au 18 ao\u00fbt 2010\",\"datePublished\":\"2010-04-23T08:07:29+00:00\",\"dateModified\":\"2025-09-09T05:37:17+00:00\",\"mainEntityOfPage\":{\"@id\":\"https:\/\/centcols.org\/sejour-2010-bitche\/\"},\"wordCount\":858,\"publisher\":{\"@id\":\"https:\/\/centcols.org\/#organization\"},\"image\":{\"@id\":\"https:\/\/centcols.org\/sejour-2010-bitche\/#primaryimage\"},\"thumbnailUrl\":\"https:\/\/centcols.org\/wp-content\/uploads\/2025\/05\/L024-e1443719609325.jpg\",\"articleSection\":[\"France\",\"Grand-Est\",\"Calendrier\",\"57-Moselle\",\"Vosges\",\"S\u00e9jours du Club des Cent Cols\"],\"inLanguage\":\"es\"},{\"@type\":\"WebPage\",\"@id\":\"https:\/\/centcols.org\/sejour-2010-bitche\/\",\"url\":\"https:\/\/centcols.org\/sejour-2010-bitche\/\",\"name\":\"S\u00e9jour international de Bitche (57) du 14 au 18 ao\u00fbt 2010 - Club des Cent Cols\",\"isPartOf\":{\"@id\":\"https:\/\/centcols.org\/#website\"},\"primaryImageOfPage\":{\"@id\":\"https:\/\/centcols.org\/sejour-2010-bitche\/#primaryimage\"},\"image\":{\"@id\":\"https:\/\/centcols.org\/sejour-2010-bitche\/#primaryimage\"},\"thumbnailUrl\":\"https:\/\/centcols.org\/wp-content\/uploads\/2025\/05\/L024-e1443719609325.jpg\",\"datePublished\":\"2010-04-23T08:07:29+00:00\",\"dateModified\":\"2025-09-09T05:37:17+00:00\",\"breadcrumb\":{\"@id\":\"https:\/\/centcols.org\/sejour-2010-bitche\/#breadcrumb\"},\"inLanguage\":\"es\",\"potentialAction\":[{\"@type\":\"ReadAction\",\"target\":[\"https:\/\/centcols.org\/sejour-2010-bitche\/\"]}]},{\"@type\":\"ImageObject\",\"inLanguage\":\"es\",\"@id\":\"https:\/\/centcols.org\/sejour-2010-bitche\/#primaryimage\",\"url\":\"https:\/\/centcols.org\/wp-content\/uploads\/2025\/05\/L024-e1443719609325.jpg\",\"contentUrl\":\"https:\/\/centcols.org\/wp-content\/uploads\/2025\/05\/L024-e1443719609325.jpg\",\"width\":640,\"height\":427},{\"@type\":\"BreadcrumbList\",\"@id\":\"https:\/\/centcols.org\/sejour-2010-bitche\/#breadcrumb\",\"itemListElement\":[{\"@type\":\"ListItem\",\"position\":1,\"name\":\"Accueil\",\"item\":\"https:\/\/centcols.org\/\"},{\"@type\":\"ListItem\",\"position\":2,\"name\":\"S\u00e9jours du Club des Cent Cols\",\"item\":\"https:\/\/centcols.org\/rubrique\/sejours\/\"},{\"@type\":\"ListItem\",\"position\":3,\"name\":\"Pays\",\"item\":\"https:\/\/centcols.org\/rubrique\/sejours\/pays-sejours\/\"},{\"@type\":\"ListItem\",\"position\":4,\"name\":\"France\",\"item\":\"https:\/\/centcols.org\/rubrique\/sejours\/pays-sejours\/france-pays-sejours\/\"},{\"@type\":\"ListItem\",\"position\":5,\"name\":\"S\u00e9jour international de Bitche (57) du 14 au 18 ao\u00fbt 2010\"}]},{\"@type\":\"WebSite\",\"@id\":\"https:\/\/centcols.org\/#website\",\"url\":\"https:\/\/centcols.org\/\",\"name\":\"Club des Cent Cols\",\"description\":\"\",\"publisher\":{\"@id\":\"https:\/\/centcols.org\/#organization\"},\"potentialAction\":[{\"@type\":\"SearchAction\",\"target\":{\"@type\":\"EntryPoint\",\"urlTemplate\":\"https:\/\/centcols.org\/?s={search_term_string}\"},\"query-input\":{\"@type\":\"PropertyValueSpecification\",\"valueRequired\":true,\"valueName\":\"search_term_string\"}}],\"inLanguage\":\"es\"},{\"@type\":\"Organization\",\"@id\":\"https:\/\/centcols.org\/#organization\",\"name\":\"Club des Cent Cols\",\"url\":\"https:\/\/centcols.org\/\",\"logo\":{\"@type\":\"ImageObject\",\"inLanguage\":\"es\",\"@id\":\"https:\/\/centcols.org\/#\/schema\/logo\/image\/\",\"url\":\"https:\/\/centcols.org\/wp-content\/uploads\/2025\/01\/carte-icone.png\",\"contentUrl\":\"https:\/\/centcols.org\/wp-content\/uploads\/2025\/01\/carte-icone.png\",\"width\":250,\"height\":250,\"caption\":\"Club des Cent Cols\"},\"image\":{\"@id\":\"https:\/\/centcols.org\/#\/schema\/logo\/image\/\"},\"sameAs\":[\"https:\/\/www.facebook.com\/groups\/5261880558\/?locale=fr_FR\"]},{\"@type\":\"Person\",\"@id\":\"https:\/\/centcols.org\/#\/schema\/person\/911b404fb133d8c913dd27cdcf71c8e5\",\"name\":\"Webmestre\",\"image\":{\"@type\":\"ImageObject\",\"inLanguage\":\"es\",\"@id\":\"https:\/\/centcols.org\/wp-content\/litespeed\/avatar\/2d246e4b6b4f773e08515e1ffc53690b.jpg?ver=1777222892\",\"url\":\"https:\/\/centcols.org\/wp-content\/litespeed\/avatar\/2d246e4b6b4f773e08515e1ffc53690b.jpg?ver=1777222892\",\"contentUrl\":\"https:\/\/centcols.org\/wp-content\/litespeed\/avatar\/2d246e4b6b4f773e08515e1ffc53690b.jpg?ver=1777222892\",\"caption\":\"Webmestre\"},\"url\":\"https:\/\/centcols.org\/es\/author\/webmestre\/\"}]}<\/script>\n<!-- \/ Yoast SEO plugin. -->","yoast_head_json":{"title":"Estancia internacional en Bitche (57) del 14 al 18 de agosto de 2010 - Club des Cent Cols","robots":{"index":"index","follow":"follow","max-snippet":"max-snippet:-1","max-image-preview":"max-image-preview:large","max-video-preview":"max-video-preview:-1"},"canonical":"https:\/\/centcols.org\/es\/stay-2010-bitche\/","og_locale":"es_ES","og_type":"article","og_title":"S\u00e9jour international de Bitche (57) du 14 au 18 ao\u00fbt 2010 - Club des Cent Cols","og_description":"Pr\u00e9sentation Aux confins de la Lorraine orientale, le Pays de Bitche s\u2019avance sur l\u2019Alsace, passant des vastes horizons du plateau lorrain \u00e0 la for\u00eat des Vosges du Nord. R\u00e9gion essentiellement foresti\u00e8re, le Bitscherland semble quelque peu perdu dans le territoire lorrain. Il est reconnu \u00abR\u00e9serve Mondiale de la Biosph\u00e8re\u00bb par l\u2019UNESCO.Les principales essences pr\u00e9sentent ici [&hellip;]","og_url":"https:\/\/centcols.org\/es\/stay-2010-bitche\/","og_site_name":"Club des Cent Cols","article_publisher":"https:\/\/www.facebook.com\/groups\/5261880558\/?locale=fr_FR","article_published_time":"2010-04-23T08:07:29+00:00","article_modified_time":"2025-09-09T05:37:17+00:00","og_image":[{"width":640,"height":427,"url":"https:\/\/centcols.org\/wp-content\/uploads\/2025\/05\/L024-e1443719609325.jpg","type":"image\/jpeg"}],"author":"Webmestre","twitter_card":"summary_large_image","twitter_misc":{"Escrito por":"Webmestre","Tiempo de lectura":"9 minutos"},"schema":{"@context":"https:\/\/schema.org","@graph":[{"@type":"Article","@id":"https:\/\/centcols.org\/sejour-2010-bitche\/#article","isPartOf":{"@id":"https:\/\/centcols.org\/sejour-2010-bitche\/"},"author":{"name":"Webmestre","@id":"https:\/\/centcols.org\/#\/schema\/person\/911b404fb133d8c913dd27cdcf71c8e5"},"headline":"S\u00e9jour international de Bitche (57) du 14 au 18 ao\u00fbt 2010","datePublished":"2010-04-23T08:07:29+00:00","dateModified":"2025-09-09T05:37:17+00:00","mainEntityOfPage":{"@id":"https:\/\/centcols.org\/sejour-2010-bitche\/"},"wordCount":858,"publisher":{"@id":"https:\/\/centcols.org\/#organization"},"image":{"@id":"https:\/\/centcols.org\/sejour-2010-bitche\/#primaryimage"},"thumbnailUrl":"https:\/\/centcols.org\/wp-content\/uploads\/2025\/05\/L024-e1443719609325.jpg","articleSection":["France","Grand-Est","Calendrier","57-Moselle","Vosges","S\u00e9jours du Club des Cent Cols"],"inLanguage":"es"},{"@type":"WebPage","@id":"https:\/\/centcols.org\/sejour-2010-bitche\/","url":"https:\/\/centcols.org\/sejour-2010-bitche\/","name":"Estancia internacional en Bitche (57) del 14 al 18 de agosto de 2010 - Club des Cent Cols","isPartOf":{"@id":"https:\/\/centcols.org\/#website"},"primaryImageOfPage":{"@id":"https:\/\/centcols.org\/sejour-2010-bitche\/#primaryimage"},"image":{"@id":"https:\/\/centcols.org\/sejour-2010-bitche\/#primaryimage"},"thumbnailUrl":"https:\/\/centcols.org\/wp-content\/uploads\/2025\/05\/L024-e1443719609325.jpg","datePublished":"2010-04-23T08:07:29+00:00","dateModified":"2025-09-09T05:37:17+00:00","breadcrumb":{"@id":"https:\/\/centcols.org\/sejour-2010-bitche\/#breadcrumb"},"inLanguage":"es","potentialAction":[{"@type":"ReadAction","target":["https:\/\/centcols.org\/sejour-2010-bitche\/"]}]},{"@type":"ImageObject","inLanguage":"es","@id":"https:\/\/centcols.org\/sejour-2010-bitche\/#primaryimage","url":"https:\/\/centcols.org\/wp-content\/uploads\/2025\/05\/L024-e1443719609325.jpg","contentUrl":"https:\/\/centcols.org\/wp-content\/uploads\/2025\/05\/L024-e1443719609325.jpg","width":640,"height":427},{"@type":"BreadcrumbList","@id":"https:\/\/centcols.org\/sejour-2010-bitche\/#breadcrumb","itemListElement":[{"@type":"ListItem","position":1,"name":"Accueil","item":"https:\/\/centcols.org\/"},{"@type":"ListItem","position":2,"name":"S\u00e9jours du Club des Cent Cols","item":"https:\/\/centcols.org\/rubrique\/sejours\/"},{"@type":"ListItem","position":3,"name":"Pays","item":"https:\/\/centcols.org\/rubrique\/sejours\/pays-sejours\/"},{"@type":"ListItem","position":4,"name":"France","item":"https:\/\/centcols.org\/rubrique\/sejours\/pays-sejours\/france-pays-sejours\/"},{"@type":"ListItem","position":5,"name":"S\u00e9jour international de Bitche (57) du 14 au 18 ao\u00fbt 2010"}]},{"@type":"WebSite","@id":"https:\/\/centcols.org\/#website","url":"https:\/\/centcols.org\/","name":"Club des Cent Cols","description":"","publisher":{"@id":"https:\/\/centcols.org\/#organization"},"potentialAction":[{"@type":"SearchAction","target":{"@type":"EntryPoint","urlTemplate":"https:\/\/centcols.org\/?s={search_term_string}"},"query-input":{"@type":"PropertyValueSpecification","valueRequired":true,"valueName":"search_term_string"}}],"inLanguage":"es"},{"@type":"Organization","@id":"https:\/\/centcols.org\/#organization","name":"Club des Cent Cols","url":"https:\/\/centcols.org\/","logo":{"@type":"ImageObject","inLanguage":"es","@id":"https:\/\/centcols.org\/#\/schema\/logo\/image\/","url":"https:\/\/centcols.org\/wp-content\/uploads\/2025\/01\/carte-icone.png","contentUrl":"https:\/\/centcols.org\/wp-content\/uploads\/2025\/01\/carte-icone.png","width":250,"height":250,"caption":"Club des Cent Cols"},"image":{"@id":"https:\/\/centcols.org\/#\/schema\/logo\/image\/"},"sameAs":["https:\/\/www.facebook.com\/groups\/5261880558\/?locale=fr_FR"]},{"@type":"Person","@id":"https:\/\/centcols.org\/#\/schema\/person\/911b404fb133d8c913dd27cdcf71c8e5","name":"Webmaster","image":{"@type":"ImageObject","inLanguage":"es","@id":"https:\/\/centcols.org\/wp-content\/litespeed\/avatar\/2d246e4b6b4f773e08515e1ffc53690b.jpg?ver=1777222892","url":"https:\/\/centcols.org\/wp-content\/litespeed\/avatar\/2d246e4b6b4f773e08515e1ffc53690b.jpg?ver=1777222892","contentUrl":"https:\/\/centcols.org\/wp-content\/litespeed\/avatar\/2d246e4b6b4f773e08515e1ffc53690b.jpg?ver=1777222892","caption":"Webmestre"},"url":"https:\/\/centcols.org\/es\/author\/webmestre\/"}]}},"_links":{"self":[{"href":"https:\/\/centcols.org\/es\/wp-json\/wp\/v2\/posts\/81699","targetHints":{"allow":["GET"]}}],"collection":[{"href":"https:\/\/centcols.org\/es\/wp-json\/wp\/v2\/posts"}],"about":[{"href":"https:\/\/centcols.org\/es\/wp-json\/wp\/v2\/types\/post"}],"author":[{"embeddable":true,"href":"https:\/\/centcols.org\/es\/wp-json\/wp\/v2\/users\/3"}],"replies":[{"embeddable":true,"href":"https:\/\/centcols.org\/es\/wp-json\/wp\/v2\/comments?post=81699"}],"version-history":[{"count":0,"href":"https:\/\/centcols.org\/es\/wp-json\/wp\/v2\/posts\/81699\/revisions"}],"wp:featuredmedia":[{"embeddable":true,"href":"https:\/\/centcols.org\/es\/wp-json\/wp\/v2\/media\/81700"}],"wp:attachment":[{"href":"https:\/\/centcols.org\/es\/wp-json\/wp\/v2\/media?parent=81699"}],"wp:term":[{"taxonomy":"category","embeddable":true,"href":"https:\/\/centcols.org\/es\/wp-json\/wp\/v2\/categories?post=81699"},{"taxonomy":"post_tag","embeddable":true,"href":"https:\/\/centcols.org\/es\/wp-json\/wp\/v2\/tags?post=81699"}],"curies":[{"name":"wp","href":"https:\/\/api.w.org\/{rel}","templated":true}]}}