{"id":81728,"date":"2015-04-15T15:57:14","date_gmt":"2015-04-15T13:57:14","guid":{"rendered":"https:\/\/centcols.org\/assemblee-generale-du-club-des-cent-cols-a-canet-en-roussillon-pyrenees-orientales-les-26-et-27-novembre-2011\/"},"modified":"2025-11-06T04:57:50","modified_gmt":"2025-11-06T02:57:50","slug":"asamblea-general-del-club-cent-cols-de-canet-en-roussillon-pirineos-orientales-26-y-27-de-noviembre-de-2011","status":"publish","type":"post","link":"https:\/\/centcols.org\/es\/assemblee-generale-du-club-des-cent-cols-a-canet-en-roussillon-pyrenees-orientales-les-26-et-27-novembre-2011\/","title":{"rendered":"Asamblea General del Club des Cent Cols en Canet-en-Roussillon (Pirineos Orientales) los d\u00edas 26 y 27 de noviembre de 2011"},"content":{"rendered":"\n<h2 class=\"wp-block-heading\">Pr\u00e9sentation<\/h2>\n\n\n\n<figure class=\"wp-block-gallery has-nested-images columns-4 is-cropped wp-block-gallery-1 is-layout-flex wp-block-gallery-is-layout-flex\">\n\n\n\n\n\n<\/figure>\n\n\n\n<p><strong>Situ\u00e9e \u00e0 l&rsquo;extr\u00eame sud de la France, en bord de mer, \u00e0 10 km de Perpignan, Canet en Roussillon, deuxi\u00e8me ville du d\u00e9partement des Pyr\u00e9n\u00e9es-Orientales avec 13 000 habitants, est une ville baln\u00e9aire moderne qui s&rsquo;est forg\u00e9 une r\u00e9putation internationale dans le domaine sportif. Canet allie le charme d&rsquo;un village traditionnel \u00e0 celui de la plage de sable fin, au pied des montagnes, au c\u0153ur d&rsquo;une r\u00e9gion riche en d\u00e9couvertes.<\/strong><\/p>\n\n\n\n<p>Le club qui vous accueille, L&rsquo;Amicale Cycliste Can\u00e9toise, f\u00eatera ses 40 ans cette ann\u00e9e. Fort de ses 99 membres, dont 18 cyclotines, il associe les plaisirs du v\u00e9lo \u00e0 ceux de la f\u00eate. Pour ce faire, 3 sorties hebdomadaires sur route et \u00e9galement \u00e0 VTT, et 3 s\u00e9jours annuels en France et \u00e0 l&rsquo;\u00e9tranger sont programm\u00e9s, mais aussi des repas gastronomiques et dansants, la c\u00e9l\u00e9bration des anniversaires et autres festivit\u00e9s o\u00f9 sont invit\u00e9es les \u00e9pouses. Convivialit\u00e9 est bien le mot qui pourrait le mieux caract\u00e9riser notre \u00e9tat d&rsquo;esprit. L&rsquo;amicale comptant en son sein 8 centcolistes, vous comprendrez combien elle se fait une joie de vous accueillir dans cette&nbsp; belle plaine du Roussillon ensoleill\u00e9e, situ\u00e9e entre la mer et la montagne, o\u00f9 les cols&nbsp; foisonnent.<\/p>\n\n\n\n<h3 class=\"wp-block-heading\">Contact<\/h3>\n\n\n\n<p>Jean-Pierre LAMBERT (CC n\u00b0 6028)<\/p>\n\n\n\n<p>+33 (0)6.74.63.27.42<\/p>\n\n\n\n<p>[email]&#x68;&#x69;&#103;&#104;l&#x61;&#x6e;&#x64;&#46;fl&#x6f;&#x77;&#101;&#114;&#64;&#x66;&#x72;&#x65;&#101;&#46;f&#x72;[\/email]<br>Document\u00e9 par Bernard BAUDOT, Pr\u00e9sident de l\u2019Amicale Cycliste Can\u00e9toise (CC n\u00b0 5626)<\/p>\n\n\n\n<h2 class=\"wp-block-heading\">Programme<\/h2>\n\n\n\n<p>L&rsquo;accueil sera ouvert d\u00e8s le vendredi soir, ce qui permettra \u00e0 ceux qui le d\u00e9sirent de rouler le samedi matin, avec un circuit route et un circuit VTT. Le samedi apr\u00e8s-midi sera consacr\u00e9 \u00e0 l&rsquo;Assembl\u00e9e g\u00e9n\u00e9rale proprement dite, suivi d&rsquo;un ap\u00e9ritif offert par la ville de Canet, et d&rsquo;un repas festif.<\/p>\n\n\n\n<p>Le dimanche matin seront au programme une sortie v\u00e9lo route et VTT. Une marche guid\u00e9e sera propos\u00e9e en direction de l&rsquo;\u00e9tang de Canet, jusqu&rsquo;au village reconstitu\u00e9 de p\u00eacheurs. La visite guid\u00e9e du ch\u00e2teau de Canet et celle de l&rsquo;aquarium seront \u00e9galement propos\u00e9es. Ceux qui le d\u00e9sirent pourront se rendre en voiture \u00e0 Collioure, perle de la c\u00f4te Vermeille.<\/p>\n\n\n\n<p>Enfin, vous avez tous un acc\u00e8s gratuit \u00e0 la piscine olympique, juste en face du lieu de r\u00e9sidence.<\/p>\n\n\n\n<p><a href=\"https:\/\/centcols.org\/wp-content\/uploads\/2025\/09\/programme-canet.pdf\" target=\"_blank\" rel=\"noreferrer noopener\">T\u00e9l\u00e9chargez le programme d\u00e9taill\u00e9.<\/a><\/p>\n\n\n\n<figure class=\"wp-block-gallery has-nested-images columns-4 is-cropped wp-block-gallery-2 is-layout-flex wp-block-gallery-is-layout-flex\">\n<figure class=\"wp-block-image size-large\"><img loading=\"lazy\" decoding=\"async\" width=\"240\" height=\"127\" data-id=\"83366\" src=\"https:\/\/centcols.org\/wp-content\/uploads\/2025\/06\/titre41.jpg\" alt=\"\" class=\"wp-image-83366\"\/><\/figure>\n\n\n\n<figure class=\"wp-block-image size-large\"><img loading=\"lazy\" decoding=\"async\" width=\"240\" height=\"127\" data-id=\"83367\" src=\"https:\/\/centcols.org\/wp-content\/uploads\/2025\/06\/titre-11.jpg\" alt=\"\" class=\"wp-image-83367\"\/><\/figure>\n\n\n\n<figure class=\"wp-block-image size-large\"><img loading=\"lazy\" decoding=\"async\" width=\"240\" height=\"127\" data-id=\"83368\" src=\"https:\/\/centcols.org\/wp-content\/uploads\/2025\/06\/titre21.jpg\" alt=\"\" class=\"wp-image-83368\"\/><\/figure>\n\n\n\n<figure class=\"wp-block-image size-large\"><img loading=\"lazy\" decoding=\"async\" width=\"240\" height=\"127\" data-id=\"83369\" src=\"https:\/\/centcols.org\/wp-content\/uploads\/2025\/06\/titre31.jpg\" alt=\"\" class=\"wp-image-83369\"\/><\/figure>\n<\/figure>\n\n\n\n<h2 class=\"wp-block-heading\">L&rsquo;h\u00e9bergement<\/h2>\n\n\n\n<p>A 5 minutes de la mer, bord\u00e9 par une r\u00e9serve naturelle, le complexe Cela-Malibu vous accueille au c\u0153ur d&rsquo;un parc arbor\u00e9 d&rsquo;essences m\u00e9diterran\u00e9ennes et exotiques de 12 ha, clos, \u00e0 l&rsquo;acc\u00e8s s\u00e9curis\u00e9. L\u2019H\u00f4tel EUROPA*** vous propose 75 chambres r\u00e9parties sur 4 niveaux avec ascenseur. D\u00e9cor\u00e9es dans un style design et \u00e9pur\u00e9, elles sont toutes \u00e9quip\u00e9es et climatis\u00e9es.<\/p>\n\n\n\n<p>Chaque chambre dispose d&rsquo;un lit \u00ab king size \u00bb, d&rsquo;une salle de bains avec baignoire ou douche, d&rsquo;une t\u00e9l\u00e9vision avec Canal+ et satellite, du t\u00e9l\u00e9phone avec possibilit\u00e9 ligne directe. Des bungalows compl\u00e8tent les possibilit\u00e9s de logement.<\/p>\n\n\n\n<p>Exceptionnellement, les camping-cars seront autoris\u00e9s \u00e0 stationner dans l&rsquo;enceinte du domaine.<\/p>\n\n\n\n<p>Le week-end se d\u00e9roulera donc sur un site unique et s\u00e9curis\u00e9 : h\u00e9bergement, restauration, salles de conf\u00e9rence, parking.<\/p>\n\n\n\n<h3 class=\"wp-block-heading\">Coordonn\u00e9es de l\u2019h\u00f4tel<\/h3>\n\n\n\n<p>CELA H\u00f4tels &#8211; Resorts \u2013 Spa&nbsp; Malibu Village &#8211; Av. des Hauts de Canet &#8211; 66140 CANET-EN-ROUSSILLON<br>T\u00e9l. +33 (0)4.68.73.27. 79<\/p>\n\n\n\n<p>Fax : +33 (0)4.68.73.37.91<\/p>\n\n\n\n<p>Email : [email]&#99;o&#x6e;t&#x61;c&#x74;c&#x65;&#108;&#x61;&#64;&#x63;&#101;&#x6c;&#97;&#46;&#102;r[\/email]<\/p>\n\n\n\n<p>&nbsp;<\/p>\n","protected":false},"excerpt":{"rendered":"<p>Pr\u00e9sentation Situ\u00e9e \u00e0 l&rsquo;extr\u00eame sud de la France, en bord de mer, \u00e0 10 km de Perpignan, Canet en Roussillon, deuxi\u00e8me ville du d\u00e9partement des Pyr\u00e9n\u00e9es-Orientales avec 13 000 habitants, est une ville baln\u00e9aire moderne qui s&rsquo;est forg\u00e9 une r\u00e9putation internationale dans le domaine sportif. Canet allie le charme d&rsquo;un village traditionnel \u00e0 celui de [&hellip;]<\/p>\n","protected":false},"author":3,"featured_media":83366,"comment_status":"closed","ping_status":"open","sticky":false,"template":"","format":"standard","meta":{"_acf_changed":false,"footnotes":""},"categories":[217,135],"tags":[],"class_list":["post-81728","post","type-post","status-publish","format-standard","has-post-thumbnail","hentry","category-assemblees-generales","category-calendrier"],"acf":[],"yoast_head":"<!-- This site is optimized with the Yoast SEO plugin v27.2 - https:\/\/yoast.com\/product\/yoast-seo-wordpress\/ -->\n<title>Assembl\u00e9e g\u00e9n\u00e9rale du Club des Cent Cols \u00e0 Canet-en-Roussillon (Pyr\u00e9n\u00e9es-Orientales) les 26 et 27 novembre 2011 - Club des Cent Cols<\/title>\n<meta name=\"robots\" content=\"index, follow, max-snippet:-1, max-image-preview:large, max-video-preview:-1\" \/>\n<link rel=\"canonical\" href=\"https:\/\/centcols.org\/es\/asamblea-general-del-club-cent-cols-de-canet-en-roussillon-pirineos-orientales-26-y-27-de-noviembre-de-2011\/\" \/>\n<meta property=\"og:locale\" content=\"es_ES\" \/>\n<meta property=\"og:type\" content=\"article\" \/>\n<meta property=\"og:title\" content=\"Assembl\u00e9e g\u00e9n\u00e9rale du Club des Cent Cols \u00e0 Canet-en-Roussillon (Pyr\u00e9n\u00e9es-Orientales) les 26 et 27 novembre 2011 - Club des Cent Cols\" \/>\n<meta property=\"og:description\" content=\"Pr\u00e9sentation Situ\u00e9e \u00e0 l&rsquo;extr\u00eame sud de la France, en bord de mer, \u00e0 10 km de Perpignan, Canet en Roussillon, deuxi\u00e8me ville du d\u00e9partement des Pyr\u00e9n\u00e9es-Orientales avec 13 000 habitants, est une ville baln\u00e9aire moderne qui s&rsquo;est forg\u00e9 une r\u00e9putation internationale dans le domaine sportif. Canet allie le charme d&rsquo;un village traditionnel \u00e0 celui de [&hellip;]\" \/>\n<meta property=\"og:url\" content=\"https:\/\/centcols.org\/es\/asamblea-general-del-club-cent-cols-de-canet-en-roussillon-pirineos-orientales-26-y-27-de-noviembre-de-2011\/\" \/>\n<meta property=\"og:site_name\" content=\"Club des Cent Cols\" \/>\n<meta property=\"article:publisher\" content=\"https:\/\/www.facebook.com\/groups\/5261880558\/?locale=fr_FR\" \/>\n<meta property=\"article:published_time\" content=\"2015-04-15T13:57:14+00:00\" \/>\n<meta property=\"article:modified_time\" content=\"2025-11-06T02:57:50+00:00\" \/>\n<meta property=\"og:image\" content=\"https:\/\/centcols.org\/wp-content\/uploads\/2025\/06\/titre41.jpg\" \/>\n\t<meta property=\"og:image:width\" content=\"240\" \/>\n\t<meta property=\"og:image:height\" content=\"127\" \/>\n\t<meta property=\"og:image:type\" content=\"image\/jpeg\" \/>\n<meta name=\"author\" content=\"Webmestre\" \/>\n<meta name=\"twitter:card\" content=\"summary_large_image\" \/>\n<meta name=\"twitter:label1\" content=\"Escrito por\" \/>\n\t<meta name=\"twitter:data1\" content=\"Webmestre\" \/>\n\t<meta name=\"twitter:label2\" content=\"Tiempo de lectura\" \/>\n\t<meta name=\"twitter:data2\" content=\"5 minutos\" \/>\n<script type=\"application\/ld+json\" class=\"yoast-schema-graph\">{\"@context\":\"https:\/\/schema.org\",\"@graph\":[{\"@type\":\"Article\",\"@id\":\"https:\/\/centcols.org\/assemblee-generale-du-club-des-cent-cols-a-canet-en-roussillon-pyrenees-orientales-les-26-et-27-novembre-2011\/#article\",\"isPartOf\":{\"@id\":\"https:\/\/centcols.org\/assemblee-generale-du-club-des-cent-cols-a-canet-en-roussillon-pyrenees-orientales-les-26-et-27-novembre-2011\/\"},\"author\":{\"name\":\"Webmestre\",\"@id\":\"https:\/\/centcols.org\/#\/schema\/person\/911b404fb133d8c913dd27cdcf71c8e5\"},\"headline\":\"Assembl\u00e9e g\u00e9n\u00e9rale du Club des Cent Cols \u00e0 Canet-en-Roussillon (Pyr\u00e9n\u00e9es-Orientales) les 26 et 27 novembre 2011\",\"datePublished\":\"2015-04-15T13:57:14+00:00\",\"dateModified\":\"2025-11-06T02:57:50+00:00\",\"mainEntityOfPage\":{\"@id\":\"https:\/\/centcols.org\/assemblee-generale-du-club-des-cent-cols-a-canet-en-roussillon-pyrenees-orientales-les-26-et-27-novembre-2011\/\"},\"wordCount\":593,\"publisher\":{\"@id\":\"https:\/\/centcols.org\/#organization\"},\"image\":{\"@id\":\"https:\/\/centcols.org\/assemblee-generale-du-club-des-cent-cols-a-canet-en-roussillon-pyrenees-orientales-les-26-et-27-novembre-2011\/#primaryimage\"},\"thumbnailUrl\":\"https:\/\/centcols.org\/wp-content\/uploads\/2025\/06\/titre41.jpg\",\"articleSection\":[\"Assembl\u00e9es g\u00e9n\u00e9rales\",\"Calendrier\"],\"inLanguage\":\"es\"},{\"@type\":\"WebPage\",\"@id\":\"https:\/\/centcols.org\/assemblee-generale-du-club-des-cent-cols-a-canet-en-roussillon-pyrenees-orientales-les-26-et-27-novembre-2011\/\",\"url\":\"https:\/\/centcols.org\/assemblee-generale-du-club-des-cent-cols-a-canet-en-roussillon-pyrenees-orientales-les-26-et-27-novembre-2011\/\",\"name\":\"Assembl\u00e9e g\u00e9n\u00e9rale du Club des Cent Cols \u00e0 Canet-en-Roussillon (Pyr\u00e9n\u00e9es-Orientales) les 26 et 27 novembre 2011 - Club des Cent Cols\",\"isPartOf\":{\"@id\":\"https:\/\/centcols.org\/#website\"},\"primaryImageOfPage\":{\"@id\":\"https:\/\/centcols.org\/assemblee-generale-du-club-des-cent-cols-a-canet-en-roussillon-pyrenees-orientales-les-26-et-27-novembre-2011\/#primaryimage\"},\"image\":{\"@id\":\"https:\/\/centcols.org\/assemblee-generale-du-club-des-cent-cols-a-canet-en-roussillon-pyrenees-orientales-les-26-et-27-novembre-2011\/#primaryimage\"},\"thumbnailUrl\":\"https:\/\/centcols.org\/wp-content\/uploads\/2025\/06\/titre41.jpg\",\"datePublished\":\"2015-04-15T13:57:14+00:00\",\"dateModified\":\"2025-11-06T02:57:50+00:00\",\"breadcrumb\":{\"@id\":\"https:\/\/centcols.org\/assemblee-generale-du-club-des-cent-cols-a-canet-en-roussillon-pyrenees-orientales-les-26-et-27-novembre-2011\/#breadcrumb\"},\"inLanguage\":\"es\",\"potentialAction\":[{\"@type\":\"ReadAction\",\"target\":[\"https:\/\/centcols.org\/assemblee-generale-du-club-des-cent-cols-a-canet-en-roussillon-pyrenees-orientales-les-26-et-27-novembre-2011\/\"]}]},{\"@type\":\"ImageObject\",\"inLanguage\":\"es\",\"@id\":\"https:\/\/centcols.org\/assemblee-generale-du-club-des-cent-cols-a-canet-en-roussillon-pyrenees-orientales-les-26-et-27-novembre-2011\/#primaryimage\",\"url\":\"https:\/\/centcols.org\/wp-content\/uploads\/2025\/06\/titre41.jpg\",\"contentUrl\":\"https:\/\/centcols.org\/wp-content\/uploads\/2025\/06\/titre41.jpg\",\"width\":240,\"height\":127},{\"@type\":\"BreadcrumbList\",\"@id\":\"https:\/\/centcols.org\/assemblee-generale-du-club-des-cent-cols-a-canet-en-roussillon-pyrenees-orientales-les-26-et-27-novembre-2011\/#breadcrumb\",\"itemListElement\":[{\"@type\":\"ListItem\",\"position\":1,\"name\":\"Accueil\",\"item\":\"https:\/\/centcols.org\/\"},{\"@type\":\"ListItem\",\"position\":2,\"name\":\"Assembl\u00e9es g\u00e9n\u00e9rales\",\"item\":\"https:\/\/centcols.org\/rubrique\/assemblees-generales\/\"},{\"@type\":\"ListItem\",\"position\":3,\"name\":\"Assembl\u00e9e g\u00e9n\u00e9rale du Club des Cent Cols \u00e0 Canet-en-Roussillon (Pyr\u00e9n\u00e9es-Orientales) les 26 et 27 novembre 2011\"}]},{\"@type\":\"WebSite\",\"@id\":\"https:\/\/centcols.org\/#website\",\"url\":\"https:\/\/centcols.org\/\",\"name\":\"Club des Cent Cols\",\"description\":\"\",\"publisher\":{\"@id\":\"https:\/\/centcols.org\/#organization\"},\"potentialAction\":[{\"@type\":\"SearchAction\",\"target\":{\"@type\":\"EntryPoint\",\"urlTemplate\":\"https:\/\/centcols.org\/?s={search_term_string}\"},\"query-input\":{\"@type\":\"PropertyValueSpecification\",\"valueRequired\":true,\"valueName\":\"search_term_string\"}}],\"inLanguage\":\"es\"},{\"@type\":\"Organization\",\"@id\":\"https:\/\/centcols.org\/#organization\",\"name\":\"Club des Cent Cols\",\"url\":\"https:\/\/centcols.org\/\",\"logo\":{\"@type\":\"ImageObject\",\"inLanguage\":\"es\",\"@id\":\"https:\/\/centcols.org\/#\/schema\/logo\/image\/\",\"url\":\"https:\/\/centcols.org\/wp-content\/uploads\/2025\/01\/carte-icone.png\",\"contentUrl\":\"https:\/\/centcols.org\/wp-content\/uploads\/2025\/01\/carte-icone.png\",\"width\":250,\"height\":250,\"caption\":\"Club des Cent Cols\"},\"image\":{\"@id\":\"https:\/\/centcols.org\/#\/schema\/logo\/image\/\"},\"sameAs\":[\"https:\/\/www.facebook.com\/groups\/5261880558\/?locale=fr_FR\"]},{\"@type\":\"Person\",\"@id\":\"https:\/\/centcols.org\/#\/schema\/person\/911b404fb133d8c913dd27cdcf71c8e5\",\"name\":\"Webmestre\",\"image\":{\"@type\":\"ImageObject\",\"inLanguage\":\"es\",\"@id\":\"https:\/\/centcols.org\/wp-content\/litespeed\/avatar\/2d246e4b6b4f773e08515e1ffc53690b.jpg?ver=1777222892\",\"url\":\"https:\/\/centcols.org\/wp-content\/litespeed\/avatar\/2d246e4b6b4f773e08515e1ffc53690b.jpg?ver=1777222892\",\"contentUrl\":\"https:\/\/centcols.org\/wp-content\/litespeed\/avatar\/2d246e4b6b4f773e08515e1ffc53690b.jpg?ver=1777222892\",\"caption\":\"Webmestre\"},\"url\":\"https:\/\/centcols.org\/es\/author\/webmestre\/\"}]}<\/script>\n<!-- \/ Yoast SEO plugin. -->","yoast_head_json":{"title":"Asamblea General del Club des Cent Cols en Canet-en-Roussillon (Pirineos Orientales) los d\u00edas 26 y 27 de noviembre de 2011 - Club des Cent Cols","robots":{"index":"index","follow":"follow","max-snippet":"max-snippet:-1","max-image-preview":"max-image-preview:large","max-video-preview":"max-video-preview:-1"},"canonical":"https:\/\/centcols.org\/es\/asamblea-general-del-club-cent-cols-de-canet-en-roussillon-pirineos-orientales-26-y-27-de-noviembre-de-2011\/","og_locale":"es_ES","og_type":"article","og_title":"Assembl\u00e9e g\u00e9n\u00e9rale du Club des Cent Cols \u00e0 Canet-en-Roussillon (Pyr\u00e9n\u00e9es-Orientales) les 26 et 27 novembre 2011 - Club des Cent Cols","og_description":"Pr\u00e9sentation Situ\u00e9e \u00e0 l&rsquo;extr\u00eame sud de la France, en bord de mer, \u00e0 10 km de Perpignan, Canet en Roussillon, deuxi\u00e8me ville du d\u00e9partement des Pyr\u00e9n\u00e9es-Orientales avec 13 000 habitants, est une ville baln\u00e9aire moderne qui s&rsquo;est forg\u00e9 une r\u00e9putation internationale dans le domaine sportif. Canet allie le charme d&rsquo;un village traditionnel \u00e0 celui de [&hellip;]","og_url":"https:\/\/centcols.org\/es\/asamblea-general-del-club-cent-cols-de-canet-en-roussillon-pirineos-orientales-26-y-27-de-noviembre-de-2011\/","og_site_name":"Club des Cent Cols","article_publisher":"https:\/\/www.facebook.com\/groups\/5261880558\/?locale=fr_FR","article_published_time":"2015-04-15T13:57:14+00:00","article_modified_time":"2025-11-06T02:57:50+00:00","og_image":[{"width":240,"height":127,"url":"https:\/\/centcols.org\/wp-content\/uploads\/2025\/06\/titre41.jpg","type":"image\/jpeg"}],"author":"Webmestre","twitter_card":"summary_large_image","twitter_misc":{"Escrito por":"Webmestre","Tiempo de lectura":"5 minutos"},"schema":{"@context":"https:\/\/schema.org","@graph":[{"@type":"Article","@id":"https:\/\/centcols.org\/assemblee-generale-du-club-des-cent-cols-a-canet-en-roussillon-pyrenees-orientales-les-26-et-27-novembre-2011\/#article","isPartOf":{"@id":"https:\/\/centcols.org\/assemblee-generale-du-club-des-cent-cols-a-canet-en-roussillon-pyrenees-orientales-les-26-et-27-novembre-2011\/"},"author":{"name":"Webmestre","@id":"https:\/\/centcols.org\/#\/schema\/person\/911b404fb133d8c913dd27cdcf71c8e5"},"headline":"Assembl\u00e9e g\u00e9n\u00e9rale du Club des Cent Cols \u00e0 Canet-en-Roussillon (Pyr\u00e9n\u00e9es-Orientales) les 26 et 27 novembre 2011","datePublished":"2015-04-15T13:57:14+00:00","dateModified":"2025-11-06T02:57:50+00:00","mainEntityOfPage":{"@id":"https:\/\/centcols.org\/assemblee-generale-du-club-des-cent-cols-a-canet-en-roussillon-pyrenees-orientales-les-26-et-27-novembre-2011\/"},"wordCount":593,"publisher":{"@id":"https:\/\/centcols.org\/#organization"},"image":{"@id":"https:\/\/centcols.org\/assemblee-generale-du-club-des-cent-cols-a-canet-en-roussillon-pyrenees-orientales-les-26-et-27-novembre-2011\/#primaryimage"},"thumbnailUrl":"https:\/\/centcols.org\/wp-content\/uploads\/2025\/06\/titre41.jpg","articleSection":["Assembl\u00e9es g\u00e9n\u00e9rales","Calendrier"],"inLanguage":"es"},{"@type":"WebPage","@id":"https:\/\/centcols.org\/assemblee-generale-du-club-des-cent-cols-a-canet-en-roussillon-pyrenees-orientales-les-26-et-27-novembre-2011\/","url":"https:\/\/centcols.org\/assemblee-generale-du-club-des-cent-cols-a-canet-en-roussillon-pyrenees-orientales-les-26-et-27-novembre-2011\/","name":"Asamblea General del Club des Cent Cols en Canet-en-Roussillon (Pirineos Orientales) los d\u00edas 26 y 27 de noviembre de 2011 - Club des Cent Cols","isPartOf":{"@id":"https:\/\/centcols.org\/#website"},"primaryImageOfPage":{"@id":"https:\/\/centcols.org\/assemblee-generale-du-club-des-cent-cols-a-canet-en-roussillon-pyrenees-orientales-les-26-et-27-novembre-2011\/#primaryimage"},"image":{"@id":"https:\/\/centcols.org\/assemblee-generale-du-club-des-cent-cols-a-canet-en-roussillon-pyrenees-orientales-les-26-et-27-novembre-2011\/#primaryimage"},"thumbnailUrl":"https:\/\/centcols.org\/wp-content\/uploads\/2025\/06\/titre41.jpg","datePublished":"2015-04-15T13:57:14+00:00","dateModified":"2025-11-06T02:57:50+00:00","breadcrumb":{"@id":"https:\/\/centcols.org\/assemblee-generale-du-club-des-cent-cols-a-canet-en-roussillon-pyrenees-orientales-les-26-et-27-novembre-2011\/#breadcrumb"},"inLanguage":"es","potentialAction":[{"@type":"ReadAction","target":["https:\/\/centcols.org\/assemblee-generale-du-club-des-cent-cols-a-canet-en-roussillon-pyrenees-orientales-les-26-et-27-novembre-2011\/"]}]},{"@type":"ImageObject","inLanguage":"es","@id":"https:\/\/centcols.org\/assemblee-generale-du-club-des-cent-cols-a-canet-en-roussillon-pyrenees-orientales-les-26-et-27-novembre-2011\/#primaryimage","url":"https:\/\/centcols.org\/wp-content\/uploads\/2025\/06\/titre41.jpg","contentUrl":"https:\/\/centcols.org\/wp-content\/uploads\/2025\/06\/titre41.jpg","width":240,"height":127},{"@type":"BreadcrumbList","@id":"https:\/\/centcols.org\/assemblee-generale-du-club-des-cent-cols-a-canet-en-roussillon-pyrenees-orientales-les-26-et-27-novembre-2011\/#breadcrumb","itemListElement":[{"@type":"ListItem","position":1,"name":"Accueil","item":"https:\/\/centcols.org\/"},{"@type":"ListItem","position":2,"name":"Assembl\u00e9es g\u00e9n\u00e9rales","item":"https:\/\/centcols.org\/rubrique\/assemblees-generales\/"},{"@type":"ListItem","position":3,"name":"Assembl\u00e9e g\u00e9n\u00e9rale du Club des Cent Cols \u00e0 Canet-en-Roussillon (Pyr\u00e9n\u00e9es-Orientales) les 26 et 27 novembre 2011"}]},{"@type":"WebSite","@id":"https:\/\/centcols.org\/#website","url":"https:\/\/centcols.org\/","name":"Club des Cent Cols","description":"","publisher":{"@id":"https:\/\/centcols.org\/#organization"},"potentialAction":[{"@type":"SearchAction","target":{"@type":"EntryPoint","urlTemplate":"https:\/\/centcols.org\/?s={search_term_string}"},"query-input":{"@type":"PropertyValueSpecification","valueRequired":true,"valueName":"search_term_string"}}],"inLanguage":"es"},{"@type":"Organization","@id":"https:\/\/centcols.org\/#organization","name":"Club des Cent Cols","url":"https:\/\/centcols.org\/","logo":{"@type":"ImageObject","inLanguage":"es","@id":"https:\/\/centcols.org\/#\/schema\/logo\/image\/","url":"https:\/\/centcols.org\/wp-content\/uploads\/2025\/01\/carte-icone.png","contentUrl":"https:\/\/centcols.org\/wp-content\/uploads\/2025\/01\/carte-icone.png","width":250,"height":250,"caption":"Club des Cent Cols"},"image":{"@id":"https:\/\/centcols.org\/#\/schema\/logo\/image\/"},"sameAs":["https:\/\/www.facebook.com\/groups\/5261880558\/?locale=fr_FR"]},{"@type":"Person","@id":"https:\/\/centcols.org\/#\/schema\/person\/911b404fb133d8c913dd27cdcf71c8e5","name":"Webmaster","image":{"@type":"ImageObject","inLanguage":"es","@id":"https:\/\/centcols.org\/wp-content\/litespeed\/avatar\/2d246e4b6b4f773e08515e1ffc53690b.jpg?ver=1777222892","url":"https:\/\/centcols.org\/wp-content\/litespeed\/avatar\/2d246e4b6b4f773e08515e1ffc53690b.jpg?ver=1777222892","contentUrl":"https:\/\/centcols.org\/wp-content\/litespeed\/avatar\/2d246e4b6b4f773e08515e1ffc53690b.jpg?ver=1777222892","caption":"Webmestre"},"url":"https:\/\/centcols.org\/es\/author\/webmestre\/"}]}},"_links":{"self":[{"href":"https:\/\/centcols.org\/es\/wp-json\/wp\/v2\/posts\/81728","targetHints":{"allow":["GET"]}}],"collection":[{"href":"https:\/\/centcols.org\/es\/wp-json\/wp\/v2\/posts"}],"about":[{"href":"https:\/\/centcols.org\/es\/wp-json\/wp\/v2\/types\/post"}],"author":[{"embeddable":true,"href":"https:\/\/centcols.org\/es\/wp-json\/wp\/v2\/users\/3"}],"replies":[{"embeddable":true,"href":"https:\/\/centcols.org\/es\/wp-json\/wp\/v2\/comments?post=81728"}],"version-history":[{"count":0,"href":"https:\/\/centcols.org\/es\/wp-json\/wp\/v2\/posts\/81728\/revisions"}],"wp:featuredmedia":[{"embeddable":true,"href":"https:\/\/centcols.org\/es\/wp-json\/wp\/v2\/media\/83366"}],"wp:attachment":[{"href":"https:\/\/centcols.org\/es\/wp-json\/wp\/v2\/media?parent=81728"}],"wp:term":[{"taxonomy":"category","embeddable":true,"href":"https:\/\/centcols.org\/es\/wp-json\/wp\/v2\/categories?post=81728"},{"taxonomy":"post_tag","embeddable":true,"href":"https:\/\/centcols.org\/es\/wp-json\/wp\/v2\/tags?post=81728"}],"curies":[{"name":"wp","href":"https:\/\/api.w.org\/{rel}","templated":true}]}}