{"id":81729,"date":"2015-04-15T09:27:17","date_gmt":"2015-04-15T07:27:17","guid":{"rendered":"https:\/\/centcols.org\/assemblee-generale-du-club-des-cent-cols-a-mollans-sur-ouveze-drome-le-02-decembre-2006\/"},"modified":"2025-11-06T05:06:16","modified_gmt":"2025-11-06T03:06:16","slug":"asamblea-general-del-club-cent-cols-de-mollans-sur-ouveze-drome-del-02-de-diciembre-de-2006","status":"publish","type":"post","link":"https:\/\/centcols.org\/es\/assemblee-generale-du-club-des-cent-cols-a-mollans-sur-ouveze-drome-le-02-decembre-2006\/","title":{"rendered":"Asamblea General del Club des Cent Cols en Mollans-sur-Ouv\u00e8ze (Dr\u00f4me) el 02 de diciembre de 2006"},"content":{"rendered":"<h2 class=\"wp-block-heading\">\u00c1lbum de fotos de la AGM<\/h2>\n\n\n\n<p>&nbsp;Fotos de Philippe Carrez, Nadine Giraudeau, Georges Golse, Mario Labelle, Pierre Mai, R\u00e9gis Paraz y Ren\u00e9 Poty.<\/p>\n\n\n\n<figure class=\"wp-block-gallery has-nested-images columns-default is-cropped wp-block-gallery-1 is-layout-flex wp-block-gallery-is-layout-flex\">\n<figure class=\"wp-block-image size-large\"><a href=\"https:\/\/centcols.org\/wp-content\/uploads\/2015\/04\/ag-2006_43.jpg\"><img loading=\"lazy\" decoding=\"async\" width=\"700\" height=\"525\" data-id=\"83573\" src=\"https:\/\/centcols.org\/wp-content\/uploads\/2015\/04\/ag-2006_43.jpg\" alt=\"\" class=\"wp-image-83573\"\/><\/a><figcaption class=\"wp-element-caption\">Aqu\u00ed es donde sucede todo...<\/figcaption><\/figure>\n\n\n\n<figure class=\"wp-block-image size-large\"><a href=\"https:\/\/centcols.org\/wp-content\/uploads\/2015\/04\/ag-2006_35.jpg\"><img loading=\"lazy\" decoding=\"async\" width=\"640\" height=\"480\" data-id=\"83567\" src=\"https:\/\/centcols.org\/wp-content\/uploads\/2015\/04\/ag-2006_35.jpg\" alt=\"\" class=\"wp-image-83567\"\/><\/a><figcaption class=\"wp-element-caption\">Bernard M\u00e9zaize prepara el escenario.<\/figcaption><\/figure>\n\n\n\n<figure class=\"wp-block-image size-large\"><a href=\"https:\/\/centcols.org\/wp-content\/uploads\/2015\/04\/ag-2006_38.jpg\"><img loading=\"lazy\" decoding=\"async\" width=\"700\" height=\"525\" data-id=\"83571\" src=\"https:\/\/centcols.org\/wp-content\/uploads\/2015\/04\/ag-2006_38.jpg\" alt=\"\" class=\"wp-image-83571\"\/><\/a><figcaption class=\"wp-element-caption\">R\u00e9gis Paraz supervisa el recuento de las papeletas.<\/figcaption><\/figure>\n\n\n\n<figure class=\"wp-block-image size-large\"><a href=\"https:\/\/centcols.org\/wp-content\/uploads\/2015\/04\/ag-2006_39.jpg\"><img loading=\"lazy\" decoding=\"async\" width=\"700\" height=\"525\" data-id=\"83570\" src=\"https:\/\/centcols.org\/wp-content\/uploads\/2015\/04\/ag-2006_39.jpg\" alt=\"\" class=\"wp-image-83570\"\/><\/a><figcaption class=\"wp-element-caption\">El equipo lleva trabajando desde primera hora de la ma\u00f1ana.<\/figcaption><\/figure>\n\n\n\n<figure class=\"wp-block-image size-large\"><a href=\"https:\/\/centcols.org\/wp-content\/uploads\/2015\/04\/ag-2006_40.jpg\"><img loading=\"lazy\" decoding=\"async\" width=\"700\" height=\"525\" data-id=\"83576\" src=\"https:\/\/centcols.org\/wp-content\/uploads\/2015\/04\/ag-2006_40.jpg\" alt=\"\" class=\"wp-image-83576\"\/><\/a><\/figure>\n\n\n\n<figure class=\"wp-block-image size-large\"><a href=\"https:\/\/centcols.org\/wp-content\/uploads\/2015\/04\/ag-2006_41.jpg\"><img loading=\"lazy\" decoding=\"async\" width=\"700\" height=\"525\" data-id=\"83572\" src=\"https:\/\/centcols.org\/wp-content\/uploads\/2015\/04\/ag-2006_41.jpg\" alt=\"\" class=\"wp-image-83572\"\/><\/a><figcaption class=\"wp-element-caption\">Ajustes finales del ordenador con el nuevo videoproyector<\/figcaption><\/figure>\n\n\n\n<figure class=\"wp-block-image size-large\"><a href=\"https:\/\/centcols.org\/wp-content\/uploads\/2015\/04\/ag-2006_28.jpg\"><img loading=\"lazy\" decoding=\"async\" width=\"700\" height=\"525\" data-id=\"83597\" src=\"https:\/\/centcols.org\/wp-content\/uploads\/2015\/04\/ag-2006_28.jpg\" alt=\"\" class=\"wp-image-83597\"\/><\/a><\/figure>\n\n\n\n<figure class=\"wp-block-image size-large\"><a href=\"https:\/\/centcols.org\/wp-content\/uploads\/2015\/04\/ag-2006_42.jpg\"><img loading=\"lazy\" decoding=\"async\" width=\"700\" height=\"525\" data-id=\"83574\" src=\"https:\/\/centcols.org\/wp-content\/uploads\/2015\/04\/ag-2006_42.jpg\" alt=\"\" class=\"wp-image-83574\"\/><\/a><figcaption class=\"wp-element-caption\">La mini boutique est\u00e1 lista<\/figcaption><\/figure>\n\n\n\n<figure class=\"wp-block-image size-large\"><a href=\"https:\/\/centcols.org\/wp-content\/uploads\/2015\/04\/ag-2006_45.jpg\"><img loading=\"lazy\" decoding=\"async\" width=\"700\" height=\"525\" data-id=\"83575\" src=\"https:\/\/centcols.org\/wp-content\/uploads\/2015\/04\/ag-2006_45.jpg\" alt=\"\" class=\"wp-image-83575\"\/><\/a><figcaption class=\"wp-element-caption\">\u00bfVas a llevarte la camiseta del club?<\/figcaption><\/figure>\n\n\n\n<figure class=\"wp-block-image size-large\"><a href=\"https:\/\/centcols.org\/wp-content\/uploads\/2015\/04\/ag-2006.jpg\"><img loading=\"lazy\" decoding=\"async\" width=\"640\" height=\"480\" data-id=\"83547\" src=\"https:\/\/centcols.org\/wp-content\/uploads\/2015\/04\/ag-2006.jpg\" alt=\"\" class=\"wp-image-83547\"\/><\/a><figcaption class=\"wp-element-caption\">C\u00c1MARA DIGITAL OLYMPUS<\/figcaption><\/figure>\n\n\n\n<figure class=\"wp-block-image size-large\"><a href=\"https:\/\/centcols.org\/wp-content\/uploads\/2015\/04\/ag-2006_49.jpg\"><img loading=\"lazy\" decoding=\"async\" width=\"700\" height=\"525\" data-id=\"83581\" src=\"https:\/\/centcols.org\/wp-content\/uploads\/2015\/04\/ag-2006_49.jpg\" alt=\"\" class=\"wp-image-83581\"\/><\/a><figcaption class=\"wp-element-caption\">Incluso puede leer antes de comprar<\/figcaption><\/figure>\n\n\n\n<figure class=\"wp-block-image size-large\"><a href=\"https:\/\/centcols.org\/wp-content\/uploads\/2015\/04\/ag-2006_46.jpg\"><img loading=\"lazy\" decoding=\"async\" width=\"700\" height=\"525\" data-id=\"83578\" src=\"https:\/\/centcols.org\/wp-content\/uploads\/2015\/04\/ag-2006_46.jpg\" alt=\"\" class=\"wp-image-83578\"\/><\/a><figcaption class=\"wp-element-caption\">\u00bfCu\u00e1nto cuesta?<\/figcaption><\/figure>\n\n\n\n<figure class=\"wp-block-image size-large\"><a href=\"https:\/\/centcols.org\/wp-content\/uploads\/2015\/04\/ag-2006_8.jpg\"><img loading=\"lazy\" decoding=\"async\" width=\"700\" height=\"525\" data-id=\"83551\" src=\"https:\/\/centcols.org\/wp-content\/uploads\/2015\/04\/ag-2006_8.jpg\" alt=\"\" class=\"wp-image-83551\"\/><\/a><\/figure>\n\n\n\n<figure class=\"wp-block-image size-large\"><a href=\"https:\/\/centcols.org\/wp-content\/uploads\/2015\/04\/ag-2006_29.jpg\"><img loading=\"lazy\" decoding=\"async\" width=\"700\" height=\"525\" data-id=\"83595\" src=\"https:\/\/centcols.org\/wp-content\/uploads\/2015\/04\/ag-2006_29.jpg\" alt=\"\" class=\"wp-image-83595\"\/><\/a><figcaption class=\"wp-element-caption\">Estamos contentos de volver<\/figcaption><\/figure>\n\n\n\n<figure class=\"wp-block-image size-large\"><a href=\"https:\/\/centcols.org\/wp-content\/uploads\/2015\/04\/ag-2006_1.jpg\"><img loading=\"lazy\" decoding=\"async\" width=\"640\" height=\"480\" data-id=\"83546\" src=\"https:\/\/centcols.org\/wp-content\/uploads\/2015\/04\/ag-2006_1.jpg\" alt=\"\" class=\"wp-image-83546\"\/><\/a><figcaption class=\"wp-element-caption\">Claude B\u00e9nistrand responde a las preguntas de la prensa local<\/figcaption><\/figure>\n\n\n\n<figure class=\"wp-block-image size-large\"><a href=\"https:\/\/centcols.org\/wp-content\/uploads\/2015\/04\/ag-2006_47.jpg\"><img loading=\"lazy\" decoding=\"async\" width=\"700\" height=\"525\" data-id=\"83579\" src=\"https:\/\/centcols.org\/wp-content\/uploads\/2015\/04\/ag-2006_47.jpg\" alt=\"\" class=\"wp-image-83579\"\/><\/a><figcaption class=\"wp-element-caption\">Los debates van bien<\/figcaption><\/figure>\n\n\n\n<figure class=\"wp-block-image size-large\"><a href=\"https:\/\/centcols.org\/wp-content\/uploads\/2015\/04\/ag-2006_48.jpg\"><img loading=\"lazy\" decoding=\"async\" width=\"700\" height=\"525\" data-id=\"83580\" src=\"https:\/\/centcols.org\/wp-content\/uploads\/2015\/04\/ag-2006_48.jpg\" alt=\"\" class=\"wp-image-83580\"\/><\/a><figcaption class=\"wp-element-caption\">La habitaci\u00f3n est\u00e1 lista<\/figcaption><\/figure>\n\n\n\n<figure class=\"wp-block-image size-large\"><a href=\"https:\/\/centcols.org\/wp-content\/uploads\/2015\/04\/ag-2006_7.jpg\"><img loading=\"lazy\" decoding=\"async\" width=\"700\" height=\"525\" data-id=\"83549\" src=\"https:\/\/centcols.org\/wp-content\/uploads\/2015\/04\/ag-2006_7.jpg\" alt=\"\" class=\"wp-image-83549\"\/><\/a><figcaption class=\"wp-element-caption\">\u00daltimas votaciones en sesi\u00f3n<\/figcaption><\/figure>\n\n\n\n<figure class=\"wp-block-image size-large\"><a href=\"https:\/\/centcols.org\/wp-content\/uploads\/2015\/04\/ag-2006_18.jpg\"><img loading=\"lazy\" decoding=\"async\" width=\"291\" height=\"640\" data-id=\"83557\" src=\"https:\/\/centcols.org\/wp-content\/uploads\/2015\/04\/ag-2006_18.jpg\" alt=\"\" class=\"wp-image-83557\"\/><\/a><figcaption class=\"wp-element-caption\">Bernard M\u00e9zaize nos invita a tomar asiento<\/figcaption><\/figure>\n\n\n\n<figure class=\"wp-block-image size-large\"><a href=\"https:\/\/centcols.org\/wp-content\/uploads\/2015\/04\/ag-2006_4.jpg\"><img loading=\"lazy\" decoding=\"async\" width=\"640\" height=\"479\" data-id=\"83548\" src=\"https:\/\/centcols.org\/wp-content\/uploads\/2015\/04\/ag-2006_4.jpg\" alt=\"\" class=\"wp-image-83548\"\/><\/a><figcaption class=\"wp-element-caption\">Michel Mathieu presenta el informe financiero<\/figcaption><\/figure>\n\n\n\n<figure class=\"wp-block-image size-large\"><a href=\"https:\/\/centcols.org\/wp-content\/uploads\/2015\/04\/ag-2006_11.jpg\"><img loading=\"lazy\" decoding=\"async\" width=\"800\" height=\"450\" data-id=\"83552\" src=\"https:\/\/centcols.org\/wp-content\/uploads\/2015\/04\/ag-2006_11.jpg\" alt=\"\" class=\"wp-image-83552\" srcset=\"https:\/\/centcols.org\/wp-content\/uploads\/2015\/04\/ag-2006_11.jpg 800w, https:\/\/centcols.org\/wp-content\/uploads\/2015\/04\/ag-2006_11-768x432.jpg 768w\" sizes=\"auto, (max-width: 800px) 100vw, 800px\" \/><\/a><figcaption class=\"wp-element-caption\">R\u00e9gis Paraz controla el proyector de v\u00eddeo<\/figcaption><\/figure>\n\n\n\n<figure class=\"wp-block-image size-large\"><a href=\"https:\/\/centcols.org\/wp-content\/uploads\/2015\/04\/ag-2006_52.jpg\"><img loading=\"lazy\" decoding=\"async\" width=\"700\" height=\"525\" data-id=\"83590\" src=\"https:\/\/centcols.org\/wp-content\/uploads\/2015\/04\/ag-2006_52.jpg\" alt=\"\" class=\"wp-image-83590\"\/><\/a><figcaption class=\"wp-element-caption\">Claude y Ren\u00e9 presentan los informes moral y de actividades<\/figcaption><\/figure>\n\n\n\n<figure class=\"wp-block-image size-large\"><a href=\"https:\/\/centcols.org\/wp-content\/uploads\/2015\/04\/ag-2006_30.jpg\"><img loading=\"lazy\" decoding=\"async\" width=\"700\" height=\"525\" data-id=\"83566\" src=\"https:\/\/centcols.org\/wp-content\/uploads\/2015\/04\/ag-2006_30.jpg\" alt=\"\" class=\"wp-image-83566\"\/><\/a><figcaption class=\"wp-element-caption\">Jean-Paul Zuanon habla de los pases prohibidos<\/figcaption><\/figure>\n\n\n\n<figure class=\"wp-block-image size-large\"><a href=\"https:\/\/centcols.org\/wp-content\/uploads\/2015\/04\/ag-2006_12.jpg\"><img loading=\"lazy\" decoding=\"async\" width=\"728\" height=\"576\" data-id=\"83594\" src=\"https:\/\/centcols.org\/wp-content\/uploads\/2015\/04\/ag-2006_12.jpg\" alt=\"\" class=\"wp-image-83594\"\/><\/a><figcaption class=\"wp-element-caption\">Mario Labelle informa sobre los proyectos inform\u00e1ticos<\/figcaption><\/figure>\n\n\n\n<figure class=\"wp-block-image size-large\"><a href=\"https:\/\/centcols.org\/wp-content\/uploads\/2015\/04\/ag-2006_51.jpg\"><img loading=\"lazy\" decoding=\"async\" width=\"700\" height=\"525\" data-id=\"83592\" src=\"https:\/\/centcols.org\/wp-content\/uploads\/2015\/04\/ag-2006_51.jpg\" alt=\"\" class=\"wp-image-83592\"\/><\/a><\/figure>\n\n\n\n<figure class=\"wp-block-image size-large\"><a href=\"https:\/\/centcols.org\/wp-content\/uploads\/2015\/04\/ag-2006_13.jpg\"><img loading=\"lazy\" decoding=\"async\" width=\"800\" height=\"445\" data-id=\"83553\" src=\"https:\/\/centcols.org\/wp-content\/uploads\/2015\/04\/ag-2006_13.jpg\" alt=\"\" class=\"wp-image-83553\" srcset=\"https:\/\/centcols.org\/wp-content\/uploads\/2015\/04\/ag-2006_13.jpg 800w, https:\/\/centcols.org\/wp-content\/uploads\/2015\/04\/ag-2006_13-768x427.jpg 768w\" sizes=\"auto, (max-width: 800px) 100vw, 800px\" \/><\/a><\/figure>\n\n\n\n<figure class=\"wp-block-image size-large\"><a href=\"https:\/\/centcols.org\/wp-content\/uploads\/2015\/04\/ag-2006_32.jpg\"><img loading=\"lazy\" decoding=\"async\" width=\"700\" height=\"525\" data-id=\"83599\" src=\"https:\/\/centcols.org\/wp-content\/uploads\/2015\/04\/ag-2006_32.jpg\" alt=\"\" class=\"wp-image-83599\"\/><\/a><\/figure>\n\n\n\n<figure class=\"wp-block-image size-large\"><a href=\"https:\/\/centcols.org\/wp-content\/uploads\/2015\/04\/ag-2006_2.jpg\"><img loading=\"lazy\" decoding=\"async\" width=\"640\" height=\"479\" data-id=\"83583\" src=\"https:\/\/centcols.org\/wp-content\/uploads\/2015\/04\/ag-2006_2.jpg\" alt=\"\" class=\"wp-image-83583\"\/><\/a><figcaption class=\"wp-element-caption\">C\u00c1MARA DIGITAL OLYMPUS<\/figcaption><\/figure>\n\n\n\n<figure class=\"wp-block-image size-large\"><a href=\"https:\/\/centcols.org\/wp-content\/uploads\/2015\/04\/ag-2006_10.jpg\"><img loading=\"lazy\" decoding=\"async\" width=\"800\" height=\"372\" data-id=\"83582\" src=\"https:\/\/centcols.org\/wp-content\/uploads\/2015\/04\/ag-2006_10.jpg\" alt=\"\" class=\"wp-image-83582\" srcset=\"https:\/\/centcols.org\/wp-content\/uploads\/2015\/04\/ag-2006_10.jpg 800w, https:\/\/centcols.org\/wp-content\/uploads\/2015\/04\/ag-2006_10-768x357.jpg 768w\" sizes=\"auto, (max-width: 800px) 100vw, 800px\" \/><\/a><figcaption class=\"wp-element-caption\">La reuni\u00f3n puede comenzar: Ren\u00e9 Poty, alcalde de Mollans, Claude B\u00e9nistrand, Michel Mathieu y Bernard M\u00e9zaize.<\/figcaption><\/figure>\n\n\n\n<figure class=\"wp-block-image size-large\"><a href=\"https:\/\/centcols.org\/wp-content\/uploads\/2015\/04\/ag-2006_31.jpg\"><img loading=\"lazy\" decoding=\"async\" width=\"700\" height=\"525\" data-id=\"83596\" src=\"https:\/\/centcols.org\/wp-content\/uploads\/2015\/04\/ag-2006_31.jpg\" alt=\"\" class=\"wp-image-83596\"\/><\/a><\/figure>\n\n\n\n<figure class=\"wp-block-image size-large\"><a href=\"https:\/\/centcols.org\/wp-content\/uploads\/2015\/04\/ag-2006_9.jpg\"><img loading=\"lazy\" decoding=\"async\" width=\"640\" height=\"480\" data-id=\"83550\" src=\"https:\/\/centcols.org\/wp-content\/uploads\/2015\/04\/ag-2006_9.jpg\" alt=\"\" class=\"wp-image-83550\"\/><\/a><figcaption class=\"wp-element-caption\">Bernard Chalchat toma la palabra<\/figcaption><\/figure>\n\n\n\n<figure class=\"wp-block-image size-large\"><a href=\"https:\/\/centcols.org\/wp-content\/uploads\/2015\/04\/ag-2006_15.jpg\"><img loading=\"lazy\" decoding=\"async\" width=\"800\" height=\"450\" data-id=\"83554\" src=\"https:\/\/centcols.org\/wp-content\/uploads\/2015\/04\/ag-2006_15.jpg\" alt=\"\" class=\"wp-image-83554\" srcset=\"https:\/\/centcols.org\/wp-content\/uploads\/2015\/04\/ag-2006_15.jpg 800w, https:\/\/centcols.org\/wp-content\/uploads\/2015\/04\/ag-2006_15-768x432.jpg 768w\" sizes=\"auto, (max-width: 800px) 100vw, 800px\" \/><\/a><figcaption class=\"wp-element-caption\">Serge Coutton, de Buis les Baronnies, recibe su diploma de nuevo miembro<\/figcaption><\/figure>\n\n\n\n<figure class=\"wp-block-image size-large\"><a href=\"https:\/\/centcols.org\/wp-content\/uploads\/2015\/04\/ag-2006_16.jpg\"><img loading=\"lazy\" decoding=\"async\" width=\"800\" height=\"450\" data-id=\"83556\" src=\"https:\/\/centcols.org\/wp-content\/uploads\/2015\/04\/ag-2006_16.jpg\" alt=\"\" class=\"wp-image-83556\" srcset=\"https:\/\/centcols.org\/wp-content\/uploads\/2015\/04\/ag-2006_16.jpg 800w, https:\/\/centcols.org\/wp-content\/uploads\/2015\/04\/ag-2006_16-768x432.jpg 768w\" sizes=\"auto, (max-width: 800px) 100vw, 800px\" \/><\/a><figcaption class=\"wp-element-caption\">3000 pases para Martine y Michel M\u00e9dina<\/figcaption><\/figure>\n\n\n\n<figure class=\"wp-block-image size-large\"><a href=\"https:\/\/centcols.org\/wp-content\/uploads\/2015\/04\/ag-2006_17.jpg\"><img loading=\"lazy\" decoding=\"async\" width=\"463\" height=\"617\" data-id=\"83585\" src=\"https:\/\/centcols.org\/wp-content\/uploads\/2015\/04\/ag-2006_17.jpg\" alt=\"\" class=\"wp-image-83585\"\/><\/a><figcaption class=\"wp-element-caption\">3000 puertos de monta\u00f1a para Christophe Guitton<\/figcaption><\/figure>\n\n\n\n<figure class=\"wp-block-image size-large\"><a href=\"https:\/\/centcols.org\/wp-content\/uploads\/2015\/04\/ag-2006_14.jpg\"><img loading=\"lazy\" decoding=\"async\" width=\"360\" height=\"640\" data-id=\"83555\" src=\"https:\/\/centcols.org\/wp-content\/uploads\/2015\/04\/ag-2006_14.jpg\" alt=\"\" class=\"wp-image-83555\"\/><\/a><figcaption class=\"wp-element-caption\">Georges Golse habla de la JGA de 2007, que se celebrar\u00e1 cerca de Montauban<\/figcaption><\/figure>\n\n\n\n<figure class=\"wp-block-image size-large\"><a href=\"https:\/\/centcols.org\/wp-content\/uploads\/2015\/04\/ag-2006_54.jpg\"><img loading=\"lazy\" decoding=\"async\" width=\"700\" height=\"525\" data-id=\"83586\" src=\"https:\/\/centcols.org\/wp-content\/uploads\/2015\/04\/ag-2006_54.jpg\" alt=\"\" class=\"wp-image-83586\"\/><\/a><figcaption class=\"wp-element-caption\">Hora de una copa amistosa<\/figcaption><\/figure>\n\n\n\n<figure class=\"wp-block-image size-large\"><a href=\"https:\/\/centcols.org\/wp-content\/uploads\/2015\/04\/ag-2006_50.jpg\"><img loading=\"lazy\" decoding=\"async\" width=\"700\" height=\"525\" data-id=\"83589\" src=\"https:\/\/centcols.org\/wp-content\/uploads\/2015\/04\/ag-2006_50.jpg\" alt=\"\" class=\"wp-image-83589\"\/><\/a><figcaption class=\"wp-element-caption\">Los hijos de Bernard M\u00e9zaize se ocupan del sistema de sonido<\/figcaption><\/figure>\n\n\n\n<figure class=\"wp-block-image size-large\"><a href=\"https:\/\/centcols.org\/wp-content\/uploads\/2015\/04\/ag-2006_58.jpg\"><img loading=\"lazy\" decoding=\"async\" width=\"700\" height=\"525\" data-id=\"83587\" src=\"https:\/\/centcols.org\/wp-content\/uploads\/2015\/04\/ag-2006_58.jpg\" alt=\"\" class=\"wp-image-83587\"\/><\/a><figcaption class=\"wp-element-caption\">Hora de cenar<\/figcaption><\/figure>\n\n\n\n<figure class=\"wp-block-image size-large\"><a href=\"https:\/\/centcols.org\/wp-content\/uploads\/2015\/04\/ag-2006_56.jpg\"><img loading=\"lazy\" decoding=\"async\" width=\"700\" height=\"525\" data-id=\"83588\" src=\"https:\/\/centcols.org\/wp-content\/uploads\/2015\/04\/ag-2006_56.jpg\" alt=\"\" class=\"wp-image-83588\"\/><\/a><figcaption class=\"wp-element-caption\">La paella gigante es todo un \u00e9xito<\/figcaption><\/figure>\n\n\n\n<figure class=\"wp-block-image size-large\"><a href=\"https:\/\/centcols.org\/wp-content\/uploads\/2015\/04\/ag-2006_57.jpg\"><img loading=\"lazy\" decoding=\"async\" width=\"480\" height=\"640\" data-id=\"83591\" src=\"https:\/\/centcols.org\/wp-content\/uploads\/2015\/04\/ag-2006_57.jpg\" alt=\"\" class=\"wp-image-83591\"\/><\/a><\/figure>\n\n\n\n<figure class=\"wp-block-image size-large\"><a href=\"https:\/\/centcols.org\/wp-content\/uploads\/2015\/04\/ag-2006_19.jpg\"><img loading=\"lazy\" decoding=\"async\" width=\"800\" height=\"450\" data-id=\"83559\" src=\"https:\/\/centcols.org\/wp-content\/uploads\/2015\/04\/ag-2006_19.jpg\" alt=\"\" class=\"wp-image-83559\" srcset=\"https:\/\/centcols.org\/wp-content\/uploads\/2015\/04\/ag-2006_19.jpg 800w, https:\/\/centcols.org\/wp-content\/uploads\/2015\/04\/ag-2006_19-768x432.jpg 768w\" sizes=\"auto, (max-width: 800px) 100vw, 800px\" \/><\/a><\/figure>\n\n\n\n<figure class=\"wp-block-image size-large\"><a href=\"https:\/\/centcols.org\/wp-content\/uploads\/2015\/04\/ag-2006_20.jpg\"><img loading=\"lazy\" decoding=\"async\" width=\"800\" height=\"450\" data-id=\"83560\" src=\"https:\/\/centcols.org\/wp-content\/uploads\/2015\/04\/ag-2006_20.jpg\" alt=\"\" class=\"wp-image-83560\" srcset=\"https:\/\/centcols.org\/wp-content\/uploads\/2015\/04\/ag-2006_20.jpg 800w, https:\/\/centcols.org\/wp-content\/uploads\/2015\/04\/ag-2006_20-768x432.jpg 768w\" sizes=\"auto, (max-width: 800px) 100vw, 800px\" \/><\/a><\/figure>\n\n\n\n<figure class=\"wp-block-image size-large\"><a href=\"https:\/\/centcols.org\/wp-content\/uploads\/2015\/04\/ag-2006_21.jpg\"><img loading=\"lazy\" decoding=\"async\" width=\"800\" height=\"450\" data-id=\"83558\" src=\"https:\/\/centcols.org\/wp-content\/uploads\/2015\/04\/ag-2006_21.jpg\" alt=\"\" class=\"wp-image-83558\" srcset=\"https:\/\/centcols.org\/wp-content\/uploads\/2015\/04\/ag-2006_21.jpg 800w, https:\/\/centcols.org\/wp-content\/uploads\/2015\/04\/ag-2006_21-768x432.jpg 768w\" sizes=\"auto, (max-width: 800px) 100vw, 800px\" \/><\/a><\/figure>\n\n\n\n<figure class=\"wp-block-image size-large\"><a href=\"https:\/\/centcols.org\/wp-content\/uploads\/2015\/04\/ag-2006_22.jpg\"><img loading=\"lazy\" decoding=\"async\" width=\"800\" height=\"450\" data-id=\"83562\" src=\"https:\/\/centcols.org\/wp-content\/uploads\/2015\/04\/ag-2006_22.jpg\" alt=\"\" class=\"wp-image-83562\" srcset=\"https:\/\/centcols.org\/wp-content\/uploads\/2015\/04\/ag-2006_22.jpg 800w, https:\/\/centcols.org\/wp-content\/uploads\/2015\/04\/ag-2006_22-768x432.jpg 768w\" sizes=\"auto, (max-width: 800px) 100vw, 800px\" \/><\/a><\/figure>\n\n\n\n<figure class=\"wp-block-image size-large\"><a href=\"https:\/\/centcols.org\/wp-content\/uploads\/2015\/04\/ag-2006_23.jpg\"><img loading=\"lazy\" decoding=\"async\" width=\"800\" height=\"450\" data-id=\"83561\" src=\"https:\/\/centcols.org\/wp-content\/uploads\/2015\/04\/ag-2006_23.jpg\" alt=\"\" class=\"wp-image-83561\" srcset=\"https:\/\/centcols.org\/wp-content\/uploads\/2015\/04\/ag-2006_23.jpg 800w, https:\/\/centcols.org\/wp-content\/uploads\/2015\/04\/ag-2006_23-768x432.jpg 768w\" sizes=\"auto, (max-width: 800px) 100vw, 800px\" \/><\/a><\/figure>\n\n\n\n<figure class=\"wp-block-image size-large\"><a href=\"https:\/\/centcols.org\/wp-content\/uploads\/2015\/04\/ag-2006_25.jpg\"><img loading=\"lazy\" decoding=\"async\" width=\"800\" height=\"469\" data-id=\"83563\" src=\"https:\/\/centcols.org\/wp-content\/uploads\/2015\/04\/ag-2006_25.jpg\" alt=\"\" class=\"wp-image-83563\" srcset=\"https:\/\/centcols.org\/wp-content\/uploads\/2015\/04\/ag-2006_25.jpg 800w, https:\/\/centcols.org\/wp-content\/uploads\/2015\/04\/ag-2006_25-768x450.jpg 768w\" sizes=\"auto, (max-width: 800px) 100vw, 800px\" \/><\/a><\/figure>\n\n\n\n<figure class=\"wp-block-image size-large\"><a href=\"https:\/\/centcols.org\/wp-content\/uploads\/2015\/04\/ag-2006_26.jpg\"><img loading=\"lazy\" decoding=\"async\" width=\"800\" height=\"450\" data-id=\"83565\" src=\"https:\/\/centcols.org\/wp-content\/uploads\/2015\/04\/ag-2006_26.jpg\" alt=\"\" class=\"wp-image-83565\" srcset=\"https:\/\/centcols.org\/wp-content\/uploads\/2015\/04\/ag-2006_26.jpg 800w, https:\/\/centcols.org\/wp-content\/uploads\/2015\/04\/ag-2006_26-768x432.jpg 768w\" sizes=\"auto, (max-width: 800px) 100vw, 800px\" \/><\/a><\/figure>\n\n\n\n<figure class=\"wp-block-image size-large\"><a href=\"https:\/\/centcols.org\/wp-content\/uploads\/2015\/04\/ag-2006_27.jpg\"><img loading=\"lazy\" decoding=\"async\" width=\"360\" height=\"640\" data-id=\"83564\" src=\"https:\/\/centcols.org\/wp-content\/uploads\/2015\/04\/ag-2006_27.jpg\" alt=\"\" class=\"wp-image-83564\"\/><\/a><\/figure>\n\n\n\n<figure class=\"wp-block-image size-large\"><a href=\"https:\/\/centcols.org\/wp-content\/uploads\/2015\/04\/ag-2006_33.jpg\"><img loading=\"lazy\" decoding=\"async\" width=\"700\" height=\"525\" data-id=\"83598\" src=\"https:\/\/centcols.org\/wp-content\/uploads\/2015\/04\/ag-2006_33.jpg\" alt=\"\" class=\"wp-image-83598\"\/><\/a><\/figure>\n\n\n\n<figure class=\"wp-block-image size-large\"><a href=\"https:\/\/centcols.org\/wp-content\/uploads\/2015\/04\/ag-2006_34.jpg\"><img loading=\"lazy\" decoding=\"async\" width=\"700\" height=\"525\" data-id=\"83600\" src=\"https:\/\/centcols.org\/wp-content\/uploads\/2015\/04\/ag-2006_34.jpg\" alt=\"\" class=\"wp-image-83600\"\/><\/a><\/figure>\n\n\n\n<figure class=\"wp-block-image size-large\"><a href=\"https:\/\/centcols.org\/wp-content\/uploads\/2015\/04\/ag-2006_60.jpg\"><img loading=\"lazy\" decoding=\"async\" width=\"640\" height=\"480\" data-id=\"83593\" src=\"https:\/\/centcols.org\/wp-content\/uploads\/2015\/04\/ag-2006_60.jpg\" alt=\"\" class=\"wp-image-83593\"\/><\/a><figcaption class=\"wp-element-caption\">C\u00c1MARA DIGITAL OLYMPUS<\/figcaption><\/figure>\n\n\n\n<figure class=\"wp-block-image size-large\"><a href=\"https:\/\/centcols.org\/wp-content\/uploads\/2015\/04\/ag-2006_36.jpg\"><img loading=\"lazy\" decoding=\"async\" width=\"640\" height=\"480\" data-id=\"83569\" src=\"https:\/\/centcols.org\/wp-content\/uploads\/2015\/04\/ag-2006_36.jpg\" alt=\"\" class=\"wp-image-83569\"\/><\/a><figcaption class=\"wp-element-caption\">\u00bfD\u00f3nde est\u00e1 el nuevo pase?<\/figcaption><\/figure>\n\n\n\n<figure class=\"wp-block-image size-large\"><a href=\"https:\/\/centcols.org\/wp-content\/uploads\/2015\/04\/ag-2006_37.jpg\"><img loading=\"lazy\" decoding=\"async\" width=\"640\" height=\"479\" data-id=\"83568\" src=\"https:\/\/centcols.org\/wp-content\/uploads\/2015\/04\/ag-2006_37.jpg\" alt=\"\" class=\"wp-image-83568\"\/><\/a><figcaption class=\"wp-element-caption\">Espera, \u00a1estamos buscando!<\/figcaption><\/figure>\n\n\n\n<figure class=\"wp-block-image size-large\"><a href=\"https:\/\/centcols.org\/wp-content\/uploads\/2015\/04\/bulletin_Mollans.jpg\"><img loading=\"lazy\" decoding=\"async\" width=\"640\" height=\"702\" data-id=\"83601\" src=\"https:\/\/centcols.org\/wp-content\/uploads\/2015\/04\/bulletin_Mollans.jpg\" alt=\"\" class=\"wp-image-83601\"\/><\/a><\/figure>\n<\/figure>\n\n\n\n<h2 class=\"wp-block-heading\"><strong>Segunda parte: Paseos en bicicleta los domingos por la ma\u00f1ana<\/strong><\/h2>\n\n\n\n<p>El domingo por la ma\u00f1ana, tras la AGM del s\u00e1bado, unos cuarenta ciclistas se reunieron a las 9 de la ma\u00f1ana para la ya tradicional salida a la caza de puertos. Se formaron dos grupos iguales: carretera y BTT.<\/p>\n\n\n\n<p>&nbsp; Fotos de Philippe Carrez, Nadine Giraudeau, Georges Golse, Mario Labelle, Pierre Mai, R\u00e9gis Paraz y Ren\u00e9 Poty.<\/p>\n\n\n\n<figure class=\"wp-block-gallery has-nested-images columns-default is-cropped wp-block-gallery-2 is-layout-flex wp-block-gallery-is-layout-flex\">\n<figure class=\"wp-block-image size-large\"><a href=\"https:\/\/centcols.org\/wp-content\/uploads\/2025\/06\/ag-2006-dimanche_9.jpg\"><img loading=\"lazy\" decoding=\"async\" width=\"640\" height=\"480\" data-id=\"83617\" src=\"https:\/\/centcols.org\/wp-content\/uploads\/2025\/06\/ag-2006-dimanche_9.jpg\" alt=\"\" class=\"wp-image-83617\"\/><\/a><figcaption class=\"wp-element-caption\">Antes de la salida, delante de la Sala del Bicentenario<\/figcaption><\/figure>\n\n\n\n<figure class=\"wp-block-image size-large\"><a href=\"https:\/\/centcols.org\/wp-content\/uploads\/2025\/06\/ag-2006-dimanche_8.jpg\"><img loading=\"lazy\" decoding=\"async\" width=\"640\" height=\"480\" data-id=\"83616\" src=\"https:\/\/centcols.org\/wp-content\/uploads\/2025\/06\/ag-2006-dimanche_8.jpg\" alt=\"\" class=\"wp-image-83616\"\/><\/a><\/figure>\n\n\n\n<figure class=\"wp-block-image size-large\"><a href=\"https:\/\/centcols.org\/wp-content\/uploads\/2025\/06\/ag-2006-dimanche_31.jpg\"><img loading=\"lazy\" decoding=\"async\" width=\"700\" height=\"525\" data-id=\"83639\" src=\"https:\/\/centcols.org\/wp-content\/uploads\/2025\/06\/ag-2006-dimanche_31.jpg\" alt=\"\" class=\"wp-image-83639\"\/><\/a><figcaption class=\"wp-element-caption\">Philippe Carrez y Pierre Mai<\/figcaption><\/figure>\n\n\n\n<figure class=\"wp-block-image size-large\"><a href=\"https:\/\/centcols.org\/wp-content\/uploads\/2025\/06\/ag-2006-dimanche_36.jpg\"><img loading=\"lazy\" decoding=\"async\" width=\"700\" height=\"525\" data-id=\"83644\" src=\"https:\/\/centcols.org\/wp-content\/uploads\/2025\/06\/ag-2006-dimanche_36.jpg\" alt=\"\" class=\"wp-image-83644\"\/><\/a><figcaption class=\"wp-element-caption\">Alain Gillodes y Chantal Sala<\/figcaption><\/figure>\n\n\n\n<figure class=\"wp-block-image size-large\"><a href=\"https:\/\/centcols.org\/wp-content\/uploads\/2025\/06\/ml16.jpg\"><img loading=\"lazy\" decoding=\"async\" width=\"700\" height=\"525\" data-id=\"83670\" src=\"https:\/\/centcols.org\/wp-content\/uploads\/2025\/06\/ml16.jpg\" alt=\"\" class=\"wp-image-83670\"\/><\/a><figcaption class=\"wp-element-caption\">R\u00e9gis Paraz ajusta su GPS ante los curiosos<\/figcaption><\/figure>\n\n\n\n<figure class=\"wp-block-image size-large\"><a href=\"https:\/\/centcols.org\/wp-content\/uploads\/2025\/06\/ag-2006-dimanche_37.jpg\"><img loading=\"lazy\" decoding=\"async\" width=\"700\" height=\"525\" data-id=\"83645\" src=\"https:\/\/centcols.org\/wp-content\/uploads\/2025\/06\/ag-2006-dimanche_37.jpg\" alt=\"\" class=\"wp-image-83645\"\/><\/a><figcaption class=\"wp-element-caption\">Esperando a las 9 en punto...<\/figcaption><\/figure>\n\n\n\n<figure class=\"wp-block-image size-large\"><a href=\"https:\/\/centcols.org\/wp-content\/uploads\/2025\/06\/ag-2006-dimanche_10.jpg\"><img loading=\"lazy\" decoding=\"async\" width=\"640\" height=\"480\" data-id=\"83618\" src=\"https:\/\/centcols.org\/wp-content\/uploads\/2025\/06\/ag-2006-dimanche_10.jpg\" alt=\"\" class=\"wp-image-83618\"\/><\/a><\/figure>\n\n\n\n<figure class=\"wp-block-image size-large\"><a href=\"https:\/\/centcols.org\/wp-content\/uploads\/2025\/06\/ag-2006-dimanche_11.jpg\"><img loading=\"lazy\" decoding=\"async\" width=\"640\" height=\"480\" data-id=\"83619\" src=\"https:\/\/centcols.org\/wp-content\/uploads\/2025\/06\/ag-2006-dimanche_11.jpg\" alt=\"\" class=\"wp-image-83619\"\/><\/a><\/figure>\n\n\n\n<figure class=\"wp-block-image size-large\"><a href=\"https:\/\/centcols.org\/wp-content\/uploads\/2025\/06\/ag-2006-dimanche_12.jpg\"><img loading=\"lazy\" decoding=\"async\" width=\"640\" height=\"480\" data-id=\"83620\" src=\"https:\/\/centcols.org\/wp-content\/uploads\/2025\/06\/ag-2006-dimanche_12.jpg\" alt=\"\" class=\"wp-image-83620\"\/><\/a><figcaption class=\"wp-element-caption\">Huele a partida<\/figcaption><\/figure>\n\n\n\n<figure class=\"wp-block-image size-large\"><a href=\"https:\/\/centcols.org\/wp-content\/uploads\/2025\/06\/ag-2006-dimanche_16.jpg\"><img loading=\"lazy\" decoding=\"async\" width=\"640\" height=\"480\" data-id=\"83624\" src=\"https:\/\/centcols.org\/wp-content\/uploads\/2025\/06\/ag-2006-dimanche_16.jpg\" alt=\"\" class=\"wp-image-83624\"\/><\/a><figcaption class=\"wp-element-caption\">Bernard M\u00e9zaize asume la direcci\u00f3n del grupo<\/figcaption><\/figure>\n\n\n\n<figure class=\"wp-block-image size-large\"><a href=\"https:\/\/centcols.org\/wp-content\/uploads\/2025\/06\/ag-2006-dimanche_17.jpg\"><img loading=\"lazy\" decoding=\"async\" width=\"640\" height=\"480\" data-id=\"83625\" src=\"https:\/\/centcols.org\/wp-content\/uploads\/2025\/06\/ag-2006-dimanche_17.jpg\" alt=\"\" class=\"wp-image-83625\"\/><\/a><figcaption class=\"wp-element-caption\">Y nos vamos...<\/figcaption><\/figure>\n\n\n\n<figure class=\"wp-block-image size-large\"><a href=\"https:\/\/centcols.org\/wp-content\/uploads\/2025\/06\/ag-2006-dimanche_32.jpg\"><img loading=\"lazy\" decoding=\"async\" width=\"700\" height=\"525\" data-id=\"83640\" src=\"https:\/\/centcols.org\/wp-content\/uploads\/2025\/06\/ag-2006-dimanche_32.jpg\" alt=\"\" class=\"wp-image-83640\"\/><\/a><figcaption class=\"wp-element-caption\">Jacques Juliard<\/figcaption><\/figure>\n\n\n\n<figure class=\"wp-block-image size-large\"><a href=\"https:\/\/centcols.org\/wp-content\/uploads\/2025\/06\/ag-2006-dimanche_18.jpg\"><img loading=\"lazy\" decoding=\"async\" width=\"640\" height=\"480\" data-id=\"83626\" src=\"https:\/\/centcols.org\/wp-content\/uploads\/2025\/06\/ag-2006-dimanche_18.jpg\" alt=\"\" class=\"wp-image-83626\"\/><\/a><\/figure>\n\n\n\n<figure class=\"wp-block-image size-large\"><a href=\"https:\/\/centcols.org\/wp-content\/uploads\/2025\/06\/ag-2006-dimanche_19.jpg\"><img loading=\"lazy\" decoding=\"async\" width=\"640\" height=\"480\" data-id=\"83627\" src=\"https:\/\/centcols.org\/wp-content\/uploads\/2025\/06\/ag-2006-dimanche_19.jpg\" alt=\"\" class=\"wp-image-83627\"\/><\/a><\/figure>\n\n\n\n<figure class=\"wp-block-image size-large\"><a href=\"https:\/\/centcols.org\/wp-content\/uploads\/2025\/06\/ag-2006-dimanche_20.jpg\"><img loading=\"lazy\" decoding=\"async\" width=\"640\" height=\"480\" data-id=\"83628\" src=\"https:\/\/centcols.org\/wp-content\/uploads\/2025\/06\/ag-2006-dimanche_20.jpg\" alt=\"\" class=\"wp-image-83628\"\/><\/a><\/figure>\n\n\n\n<figure class=\"wp-block-image size-large\"><a href=\"https:\/\/centcols.org\/wp-content\/uploads\/2025\/06\/ag-2006-dimanche_21.jpg\"><img loading=\"lazy\" decoding=\"async\" width=\"640\" height=\"479\" data-id=\"83629\" src=\"https:\/\/centcols.org\/wp-content\/uploads\/2025\/06\/ag-2006-dimanche_21.jpg\" alt=\"\" class=\"wp-image-83629\"\/><\/a><\/figure>\n\n\n\n<figure class=\"wp-block-image size-large\"><a href=\"https:\/\/centcols.org\/wp-content\/uploads\/2025\/06\/ag-2006-dimanche_23.jpg\"><img loading=\"lazy\" decoding=\"async\" width=\"640\" height=\"479\" data-id=\"83631\" src=\"https:\/\/centcols.org\/wp-content\/uploads\/2025\/06\/ag-2006-dimanche_23.jpg\" alt=\"\" class=\"wp-image-83631\"\/><\/a><\/figure>\n\n\n\n<figure class=\"wp-block-image size-large\"><a href=\"https:\/\/centcols.org\/wp-content\/uploads\/2025\/06\/ag-2006-dimanche_24.jpg\"><img loading=\"lazy\" decoding=\"async\" width=\"640\" height=\"479\" data-id=\"83632\" src=\"https:\/\/centcols.org\/wp-content\/uploads\/2025\/06\/ag-2006-dimanche_24.jpg\" alt=\"\" class=\"wp-image-83632\"\/><\/a><\/figure>\n\n\n\n<figure class=\"wp-block-image size-large\"><a href=\"https:\/\/centcols.org\/wp-content\/uploads\/2025\/06\/ag-2006-dimanche_26.jpg\"><img loading=\"lazy\" decoding=\"async\" width=\"640\" height=\"480\" data-id=\"83634\" src=\"https:\/\/centcols.org\/wp-content\/uploads\/2025\/06\/ag-2006-dimanche_26.jpg\" alt=\"\" class=\"wp-image-83634\"\/><\/a><\/figure>\n\n\n\n<figure class=\"wp-block-image size-large\"><a href=\"https:\/\/centcols.org\/wp-content\/uploads\/2025\/06\/ag-2006-dimanche_27.jpg\"><img loading=\"lazy\" decoding=\"async\" width=\"640\" height=\"480\" data-id=\"83635\" src=\"https:\/\/centcols.org\/wp-content\/uploads\/2025\/06\/ag-2006-dimanche_27.jpg\" alt=\"\" class=\"wp-image-83635\"\/><\/a><\/figure>\n\n\n\n<figure class=\"wp-block-image size-large\"><a href=\"https:\/\/centcols.org\/wp-content\/uploads\/2025\/06\/ag-2006-dimanche_28.jpg\"><img loading=\"lazy\" decoding=\"async\" width=\"640\" height=\"480\" data-id=\"83636\" src=\"https:\/\/centcols.org\/wp-content\/uploads\/2025\/06\/ag-2006-dimanche_28.jpg\" alt=\"\" class=\"wp-image-83636\"\/><\/a><\/figure>\n\n\n\n<figure class=\"wp-block-image size-large\"><a href=\"https:\/\/centcols.org\/wp-content\/uploads\/2025\/06\/ag-2006-dimanche_30.jpg\"><img loading=\"lazy\" decoding=\"async\" width=\"640\" height=\"480\" data-id=\"83638\" src=\"https:\/\/centcols.org\/wp-content\/uploads\/2025\/06\/ag-2006-dimanche_30.jpg\" alt=\"\" class=\"wp-image-83638\"\/><\/a><\/figure>\n\n\n\n<figure class=\"wp-block-image size-large\"><a href=\"https:\/\/centcols.org\/wp-content\/uploads\/2025\/06\/ag-2006-dimanche_33.jpg\"><img loading=\"lazy\" decoding=\"async\" width=\"700\" height=\"525\" data-id=\"83641\" src=\"https:\/\/centcols.org\/wp-content\/uploads\/2025\/06\/ag-2006-dimanche_33.jpg\" alt=\"\" class=\"wp-image-83641\"\/><\/a><figcaption class=\"wp-element-caption\">Alain Gillodes y Marc Llaudon<\/figcaption><\/figure>\n\n\n\n<figure class=\"wp-block-image size-large\"><a href=\"https:\/\/centcols.org\/wp-content\/uploads\/2025\/06\/ag-2006-dimanche_34.jpg\"><img loading=\"lazy\" decoding=\"async\" width=\"480\" height=\"640\" data-id=\"83642\" src=\"https:\/\/centcols.org\/wp-content\/uploads\/2025\/06\/ag-2006-dimanche_34.jpg\" alt=\"\" class=\"wp-image-83642\"\/><\/a><figcaption class=\"wp-element-caption\">\u00a1Nuestro Presidente en zapatos de ciudad!<\/figcaption><\/figure>\n<\/figure>\n\n\n\n<h4 class=\"wp-block-heading\">\u00c1lbum de rutas en bicicleta de monta\u00f1a<\/h4>\n\n\n\n<figure class=\"wp-block-gallery has-nested-images columns-default is-cropped wp-block-gallery-3 is-layout-flex wp-block-gallery-is-layout-flex\">\n<figure class=\"wp-block-image size-large\"><a href=\"https:\/\/centcols.org\/wp-content\/uploads\/2025\/06\/ag-2006-dimanche_61.jpg\"><img loading=\"lazy\" decoding=\"async\" width=\"640\" height=\"480\" data-id=\"83669\" src=\"https:\/\/centcols.org\/wp-content\/uploads\/2025\/06\/ag-2006-dimanche_61.jpg\" alt=\"\" class=\"wp-image-83669\"\/><\/a><\/figure>\n\n\n\n<figure class=\"wp-block-image size-large\"><a href=\"https:\/\/centcols.org\/wp-content\/uploads\/2025\/06\/ag-2006-dimanche.jpg\"><img loading=\"lazy\" decoding=\"async\" width=\"640\" height=\"480\" data-id=\"83608\" src=\"https:\/\/centcols.org\/wp-content\/uploads\/2025\/06\/ag-2006-dimanche.jpg\" alt=\"\" class=\"wp-image-83608\"\/><\/a><\/figure>\n\n\n\n<figure class=\"wp-block-image size-large\"><a href=\"https:\/\/centcols.org\/wp-content\/uploads\/2025\/06\/ag-2006-dimanche_1.jpg\"><img loading=\"lazy\" decoding=\"async\" width=\"640\" height=\"480\" data-id=\"83609\" src=\"https:\/\/centcols.org\/wp-content\/uploads\/2025\/06\/ag-2006-dimanche_1.jpg\" alt=\"\" class=\"wp-image-83609\"\/><\/a><\/figure>\n\n\n\n<figure class=\"wp-block-image size-large\"><a href=\"https:\/\/centcols.org\/wp-content\/uploads\/2025\/06\/ag-2006-dimanche_2.jpg\"><img loading=\"lazy\" decoding=\"async\" width=\"640\" height=\"480\" data-id=\"83610\" src=\"https:\/\/centcols.org\/wp-content\/uploads\/2025\/06\/ag-2006-dimanche_2.jpg\" alt=\"\" class=\"wp-image-83610\"\/><\/a><\/figure>\n\n\n\n<figure class=\"wp-block-image size-large\"><a href=\"https:\/\/centcols.org\/wp-content\/uploads\/2025\/06\/ag-2006-dimanche_3.jpg\"><img loading=\"lazy\" decoding=\"async\" width=\"640\" height=\"480\" data-id=\"83611\" src=\"https:\/\/centcols.org\/wp-content\/uploads\/2025\/06\/ag-2006-dimanche_3.jpg\" alt=\"\" class=\"wp-image-83611\"\/><\/a><\/figure>\n\n\n\n<figure class=\"wp-block-image size-large\"><a href=\"https:\/\/centcols.org\/wp-content\/uploads\/2025\/06\/ag-2006-dimanche_4.jpg\"><img loading=\"lazy\" decoding=\"async\" width=\"640\" height=\"480\" data-id=\"83612\" src=\"https:\/\/centcols.org\/wp-content\/uploads\/2025\/06\/ag-2006-dimanche_4.jpg\" alt=\"\" class=\"wp-image-83612\"\/><\/a><\/figure>\n\n\n\n<figure class=\"wp-block-image size-large\"><a href=\"https:\/\/centcols.org\/wp-content\/uploads\/2025\/06\/ag-2006-dimanche_54.jpg\"><img loading=\"lazy\" decoding=\"async\" width=\"640\" height=\"480\" data-id=\"83662\" src=\"https:\/\/centcols.org\/wp-content\/uploads\/2025\/06\/ag-2006-dimanche_54.jpg\" alt=\"\" class=\"wp-image-83662\"\/><\/a><\/figure>\n\n\n\n<figure class=\"wp-block-image size-large\"><a href=\"https:\/\/centcols.org\/wp-content\/uploads\/2025\/06\/ag-2006-dimanche_55.jpg\"><img loading=\"lazy\" decoding=\"async\" width=\"640\" height=\"480\" data-id=\"83663\" src=\"https:\/\/centcols.org\/wp-content\/uploads\/2025\/06\/ag-2006-dimanche_55.jpg\" alt=\"\" class=\"wp-image-83663\"\/><\/a><\/figure>\n\n\n\n<figure class=\"wp-block-image size-large\"><a href=\"https:\/\/centcols.org\/wp-content\/uploads\/2025\/06\/ag-2006-dimanche_56.jpg\"><img loading=\"lazy\" decoding=\"async\" width=\"640\" height=\"480\" data-id=\"83664\" src=\"https:\/\/centcols.org\/wp-content\/uploads\/2025\/06\/ag-2006-dimanche_56.jpg\" alt=\"\" class=\"wp-image-83664\"\/><\/a><\/figure>\n<\/figure>\n\n\n\n<h4 class=\"wp-block-heading\">\u00c1lbum de carretera<\/h4>\n\n\n\n<figure class=\"wp-block-gallery has-nested-images columns-default is-cropped wp-block-gallery-4 is-layout-flex wp-block-gallery-is-layout-flex\">\n<figure class=\"wp-block-image size-large\"><a href=\"https:\/\/centcols.org\/wp-content\/uploads\/2025\/06\/ag-2006-dimanche_38.jpg\"><img loading=\"lazy\" decoding=\"async\" width=\"700\" height=\"525\" data-id=\"83646\" src=\"https:\/\/centcols.org\/wp-content\/uploads\/2025\/06\/ag-2006-dimanche_38.jpg\" alt=\"\" class=\"wp-image-83646\"\/><\/a><figcaption class=\"wp-element-caption\">En la subida al Col de Veaux, con Didier R\u00e9mond en cabeza.<\/figcaption><\/figure>\n\n\n\n<figure class=\"wp-block-image size-large\"><a href=\"https:\/\/centcols.org\/wp-content\/uploads\/2025\/06\/ag-2006-dimanche_39.jpg\"><img loading=\"lazy\" decoding=\"async\" width=\"700\" height=\"525\" data-id=\"83647\" src=\"https:\/\/centcols.org\/wp-content\/uploads\/2025\/06\/ag-2006-dimanche_39.jpg\" alt=\"\" class=\"wp-image-83647\"\/><\/a><figcaption class=\"wp-element-caption\">En la cima del Col de Veaux.<\/figcaption><\/figure>\n\n\n\n<figure class=\"wp-block-image size-large\"><a href=\"https:\/\/centcols.org\/wp-content\/uploads\/2025\/06\/ag-2006-dimanche_60.jpg\"><img loading=\"lazy\" decoding=\"async\" width=\"700\" height=\"525\" data-id=\"83668\" src=\"https:\/\/centcols.org\/wp-content\/uploads\/2025\/06\/ag-2006-dimanche_60.jpg\" alt=\"\" class=\"wp-image-83668\"\/><\/a><\/figure>\n\n\n\n<figure class=\"wp-block-image size-large\"><a href=\"https:\/\/centcols.org\/wp-content\/uploads\/2025\/06\/ag-2006-dimanche_40.jpg\"><img loading=\"lazy\" decoding=\"async\" width=\"700\" height=\"525\" data-id=\"83648\" src=\"https:\/\/centcols.org\/wp-content\/uploads\/2025\/06\/ag-2006-dimanche_40.jpg\" alt=\"\" class=\"wp-image-83648\"\/><\/a><figcaption class=\"wp-element-caption\">Michel De Br\u00e9bisson llegando al Col des Astauds.<\/figcaption><\/figure>\n\n\n\n<figure class=\"wp-block-image size-large\"><a href=\"https:\/\/centcols.org\/wp-content\/uploads\/2025\/06\/ag-2006-dimanche_58.jpg\"><img loading=\"lazy\" decoding=\"async\" width=\"700\" height=\"525\" data-id=\"83666\" src=\"https:\/\/centcols.org\/wp-content\/uploads\/2025\/06\/ag-2006-dimanche_58.jpg\" alt=\"\" class=\"wp-image-83666\"\/><\/a><figcaption class=\"wp-element-caption\">Llegada del t\u00e1ndem Mabillot al Col des Astauds<\/figcaption><\/figure>\n\n\n\n<figure class=\"wp-block-image size-large\"><a href=\"https:\/\/centcols.org\/wp-content\/uploads\/2025\/06\/ag-2006-dimanche_42.jpg\"><img loading=\"lazy\" decoding=\"async\" width=\"700\" height=\"525\" data-id=\"83650\" src=\"https:\/\/centcols.org\/wp-content\/uploads\/2025\/06\/ag-2006-dimanche_42.jpg\" alt=\"\" class=\"wp-image-83650\"\/><\/a><\/figure>\n\n\n\n<figure class=\"wp-block-image size-large\"><a href=\"https:\/\/centcols.org\/wp-content\/uploads\/2025\/06\/ag-2006-dimanche_43.jpg\"><img loading=\"lazy\" decoding=\"async\" width=\"700\" height=\"525\" data-id=\"83651\" src=\"https:\/\/centcols.org\/wp-content\/uploads\/2025\/06\/ag-2006-dimanche_43.jpg\" alt=\"\" class=\"wp-image-83651\"\/><\/a><figcaption class=\"wp-element-caption\">Mientras esperaba la reparaci\u00f3n del primer pinchazo en el Col des Astauds, el sol asom\u00f3 su cara<\/figcaption><\/figure>\n\n\n\n<figure class=\"wp-block-image size-large\"><a href=\"https:\/\/centcols.org\/wp-content\/uploads\/2025\/06\/ag-2006-dimanche_44.jpg\"><img loading=\"lazy\" decoding=\"async\" width=\"700\" height=\"525\" data-id=\"83652\" src=\"https:\/\/centcols.org\/wp-content\/uploads\/2025\/06\/ag-2006-dimanche_44.jpg\" alt=\"\" class=\"wp-image-83652\"\/><\/a><figcaption class=\"wp-element-caption\">En Malauc\u00e8ne, un segundo pinchazo delante de la panader\u00eda<\/figcaption><\/figure>\n\n\n\n<figure class=\"wp-block-image size-large\"><a href=\"https:\/\/centcols.org\/wp-content\/uploads\/2025\/06\/ag-2006-dimanche_45.jpg\"><img loading=\"lazy\" decoding=\"async\" width=\"700\" height=\"525\" data-id=\"83653\" src=\"https:\/\/centcols.org\/wp-content\/uploads\/2025\/06\/ag-2006-dimanche_45.jpg\" alt=\"\" class=\"wp-image-83653\"\/><\/a><\/figure>\n\n\n\n<figure class=\"wp-block-image size-large\"><a href=\"https:\/\/centcols.org\/wp-content\/uploads\/2025\/06\/ag-2006-dimanche_46.jpg\"><img loading=\"lazy\" decoding=\"async\" width=\"700\" height=\"525\" data-id=\"83654\" src=\"https:\/\/centcols.org\/wp-content\/uploads\/2025\/06\/ag-2006-dimanche_46.jpg\" alt=\"\" class=\"wp-image-83654\"\/><\/a><figcaption class=\"wp-element-caption\">Todav\u00eda con un pinchazo en Malauc\u00e8ne<\/figcaption><\/figure>\n\n\n\n<figure class=\"wp-block-image size-large\"><a href=\"https:\/\/centcols.org\/wp-content\/uploads\/2025\/06\/ag-2006-dimanche_47.jpg\"><img loading=\"lazy\" decoding=\"async\" width=\"700\" height=\"525\" data-id=\"83655\" src=\"https:\/\/centcols.org\/wp-content\/uploads\/2025\/06\/ag-2006-dimanche_47.jpg\" alt=\"\" class=\"wp-image-83655\"\/><\/a><figcaption class=\"wp-element-caption\">En la cima del Col de Saint-Michel<\/figcaption><\/figure>\n\n\n\n<figure class=\"wp-block-image size-large\"><a href=\"https:\/\/centcols.org\/wp-content\/uploads\/2025\/06\/ag-2006-dimanche_48.jpg\"><img loading=\"lazy\" decoding=\"async\" width=\"700\" height=\"525\" data-id=\"83656\" src=\"https:\/\/centcols.org\/wp-content\/uploads\/2025\/06\/ag-2006-dimanche_48.jpg\" alt=\"\" class=\"wp-image-83656\"\/><\/a><\/figure>\n\n\n\n<figure class=\"wp-block-image size-large\"><a href=\"https:\/\/centcols.org\/wp-content\/uploads\/2025\/06\/ag-2006-dimanche_49.jpg\"><img loading=\"lazy\" decoding=\"async\" width=\"700\" height=\"525\" data-id=\"83657\" src=\"https:\/\/centcols.org\/wp-content\/uploads\/2025\/06\/ag-2006-dimanche_49.jpg\" alt=\"\" class=\"wp-image-83657\"\/><\/a><\/figure>\n\n\n\n<figure class=\"wp-block-image size-large\"><a href=\"https:\/\/centcols.org\/wp-content\/uploads\/2025\/06\/ag-2006-dimanche_50.jpg\"><img loading=\"lazy\" decoding=\"async\" width=\"700\" height=\"525\" data-id=\"83658\" src=\"https:\/\/centcols.org\/wp-content\/uploads\/2025\/06\/ag-2006-dimanche_50.jpg\" alt=\"\" class=\"wp-image-83658\"\/><\/a><figcaption class=\"wp-element-caption\">Despu\u00e9s de Collet de Marin<\/figcaption><\/figure>\n\n\n\n<figure class=\"wp-block-image size-large\"><a href=\"https:\/\/centcols.org\/wp-content\/uploads\/2025\/06\/ag-2006-dimanche_51.jpg\"><img loading=\"lazy\" decoding=\"async\" width=\"700\" height=\"525\" data-id=\"83659\" src=\"https:\/\/centcols.org\/wp-content\/uploads\/2025\/06\/ag-2006-dimanche_51.jpg\" alt=\"\" class=\"wp-image-83659\"\/><\/a><figcaption class=\"wp-element-caption\">Paisaje provenzal cerca de la cumbre del Pas du Voltigeur<\/figcaption><\/figure>\n\n\n\n<figure class=\"wp-block-image size-large\"><a href=\"https:\/\/centcols.org\/wp-content\/uploads\/2025\/06\/ag-2006-dimanche_52.jpg\"><img loading=\"lazy\" decoding=\"async\" width=\"700\" height=\"525\" data-id=\"83660\" src=\"https:\/\/centcols.org\/wp-content\/uploads\/2025\/06\/ag-2006-dimanche_52.jpg\" alt=\"\" class=\"wp-image-83660\"\/><\/a><figcaption class=\"wp-element-caption\">Los vi\u00f1edos se visten de oto\u00f1o al descender el Pas du Voltigeur<\/figcaption><\/figure>\n\n\n\n<figure class=\"wp-block-image size-large\"><a href=\"https:\/\/centcols.org\/wp-content\/uploads\/2025\/06\/ag-2006-dimanche_53.jpg\"><img loading=\"lazy\" decoding=\"async\" width=\"700\" height=\"525\" data-id=\"83661\" src=\"https:\/\/centcols.org\/wp-content\/uploads\/2025\/06\/ag-2006-dimanche_53.jpg\" alt=\"\" class=\"wp-image-83661\"\/><\/a><figcaption class=\"wp-element-caption\">Volver a Mollans despu\u00e9s de 10 pases<\/figcaption><\/figure>\n<\/figure>\n\n\n\n<p><\/p>","protected":false},"excerpt":{"rendered":"<p>L&rsquo;album photo de l&rsquo;AG &nbsp;Photos de Philippe Carrez, Nadine Giraudeau, Georges Golse, Mario Labelle, Pierre Mai, R\u00e9gis Paraz et Ren\u00e9 Poty. Deuxi\u00e8me partie : Sorties v\u00e9lo du dimanche matin Le dimanche matin apr\u00e8s l&rsquo;AG du samedi, une quarantaine de cyclos se sont retrouv\u00e9s sur le coup des 9h00&nbsp;pour la d\u00e9sormais traditionnelle sortie \u00e0 la chasse [&hellip;]<\/p>\n","protected":false},"author":3,"featured_media":83582,"comment_status":"closed","ping_status":"open","sticky":false,"template":"","format":"standard","meta":{"_acf_changed":false,"footnotes":""},"categories":[217,135],"tags":[],"class_list":["post-81729","post","type-post","status-publish","format-standard","has-post-thumbnail","hentry","category-assemblees-generales","category-calendrier"],"acf":[],"yoast_head":"<!-- This site is optimized with the Yoast SEO plugin v27.2 - https:\/\/yoast.com\/product\/yoast-seo-wordpress\/ -->\n<title>Assembl\u00e9e g\u00e9n\u00e9rale du Club des Cent Cols \u00e0 Mollans-sur-Ouv\u00e8ze (Dr\u00f4me) le 02 d\u00e9cembre 2006 - Club des Cent Cols<\/title>\n<meta name=\"robots\" content=\"index, follow, max-snippet:-1, max-image-preview:large, max-video-preview:-1\" \/>\n<link rel=\"canonical\" href=\"https:\/\/centcols.org\/es\/asamblea-general-del-club-cent-cols-de-mollans-sur-ouveze-drome-del-02-de-diciembre-de-2006\/\" \/>\n<meta property=\"og:locale\" content=\"es_ES\" \/>\n<meta property=\"og:type\" content=\"article\" \/>\n<meta property=\"og:title\" content=\"Assembl\u00e9e g\u00e9n\u00e9rale du Club des Cent Cols \u00e0 Mollans-sur-Ouv\u00e8ze (Dr\u00f4me) le 02 d\u00e9cembre 2006 - Club des Cent Cols\" \/>\n<meta property=\"og:description\" content=\"L&rsquo;album photo de l&rsquo;AG &nbsp;Photos de Philippe Carrez, Nadine Giraudeau, Georges Golse, Mario Labelle, Pierre Mai, R\u00e9gis Paraz et Ren\u00e9 Poty. Deuxi\u00e8me partie : Sorties v\u00e9lo du dimanche matin Le dimanche matin apr\u00e8s l&rsquo;AG du samedi, une quarantaine de cyclos se sont retrouv\u00e9s sur le coup des 9h00&nbsp;pour la d\u00e9sormais traditionnelle sortie \u00e0 la chasse [&hellip;]\" \/>\n<meta property=\"og:url\" content=\"https:\/\/centcols.org\/es\/asamblea-general-del-club-cent-cols-de-mollans-sur-ouveze-drome-del-02-de-diciembre-de-2006\/\" \/>\n<meta property=\"og:site_name\" content=\"Club des Cent Cols\" \/>\n<meta property=\"article:publisher\" content=\"https:\/\/www.facebook.com\/groups\/5261880558\/?locale=fr_FR\" \/>\n<meta property=\"article:published_time\" content=\"2015-04-15T07:27:17+00:00\" \/>\n<meta property=\"article:modified_time\" content=\"2025-11-06T03:06:16+00:00\" \/>\n<meta property=\"og:image\" content=\"https:\/\/centcols.org\/wp-content\/uploads\/2015\/04\/ag-2006_10.jpg\" \/>\n\t<meta property=\"og:image:width\" content=\"800\" \/>\n\t<meta property=\"og:image:height\" content=\"372\" \/>\n\t<meta property=\"og:image:type\" content=\"image\/jpeg\" \/>\n<meta name=\"author\" content=\"Webmestre\" \/>\n<meta name=\"twitter:card\" content=\"summary_large_image\" \/>\n<meta name=\"twitter:label1\" content=\"Escrito por\" \/>\n\t<meta name=\"twitter:data1\" content=\"Webmestre\" \/>\n\t<meta name=\"twitter:label2\" content=\"Tiempo de lectura\" \/>\n\t<meta name=\"twitter:data2\" content=\"24 minutos\" \/>\n<script type=\"application\/ld+json\" class=\"yoast-schema-graph\">{\"@context\":\"https:\/\/schema.org\",\"@graph\":[{\"@type\":\"Article\",\"@id\":\"https:\/\/centcols.org\/assemblee-generale-du-club-des-cent-cols-a-mollans-sur-ouveze-drome-le-02-decembre-2006\/#article\",\"isPartOf\":{\"@id\":\"https:\/\/centcols.org\/assemblee-generale-du-club-des-cent-cols-a-mollans-sur-ouveze-drome-le-02-decembre-2006\/\"},\"author\":{\"name\":\"Webmestre\",\"@id\":\"https:\/\/centcols.org\/#\/schema\/person\/911b404fb133d8c913dd27cdcf71c8e5\"},\"headline\":\"Assembl\u00e9e g\u00e9n\u00e9rale du Club des Cent Cols \u00e0 Mollans-sur-Ouv\u00e8ze (Dr\u00f4me) le 02 d\u00e9cembre 2006\",\"datePublished\":\"2015-04-15T07:27:17+00:00\",\"dateModified\":\"2025-11-06T03:06:16+00:00\",\"mainEntityOfPage\":{\"@id\":\"https:\/\/centcols.org\/assemblee-generale-du-club-des-cent-cols-a-mollans-sur-ouveze-drome-le-02-decembre-2006\/\"},\"wordCount\":577,\"publisher\":{\"@id\":\"https:\/\/centcols.org\/#organization\"},\"image\":{\"@id\":\"https:\/\/centcols.org\/assemblee-generale-du-club-des-cent-cols-a-mollans-sur-ouveze-drome-le-02-decembre-2006\/#primaryimage\"},\"thumbnailUrl\":\"https:\/\/centcols.org\/wp-content\/uploads\/2015\/04\/ag-2006_10.jpg\",\"articleSection\":[\"Assembl\u00e9es g\u00e9n\u00e9rales\",\"Calendrier\"],\"inLanguage\":\"es\"},{\"@type\":\"WebPage\",\"@id\":\"https:\/\/centcols.org\/assemblee-generale-du-club-des-cent-cols-a-mollans-sur-ouveze-drome-le-02-decembre-2006\/\",\"url\":\"https:\/\/centcols.org\/assemblee-generale-du-club-des-cent-cols-a-mollans-sur-ouveze-drome-le-02-decembre-2006\/\",\"name\":\"Assembl\u00e9e g\u00e9n\u00e9rale du Club des Cent Cols \u00e0 Mollans-sur-Ouv\u00e8ze (Dr\u00f4me) le 02 d\u00e9cembre 2006 - Club des Cent Cols\",\"isPartOf\":{\"@id\":\"https:\/\/centcols.org\/#website\"},\"primaryImageOfPage\":{\"@id\":\"https:\/\/centcols.org\/assemblee-generale-du-club-des-cent-cols-a-mollans-sur-ouveze-drome-le-02-decembre-2006\/#primaryimage\"},\"image\":{\"@id\":\"https:\/\/centcols.org\/assemblee-generale-du-club-des-cent-cols-a-mollans-sur-ouveze-drome-le-02-decembre-2006\/#primaryimage\"},\"thumbnailUrl\":\"https:\/\/centcols.org\/wp-content\/uploads\/2015\/04\/ag-2006_10.jpg\",\"datePublished\":\"2015-04-15T07:27:17+00:00\",\"dateModified\":\"2025-11-06T03:06:16+00:00\",\"breadcrumb\":{\"@id\":\"https:\/\/centcols.org\/assemblee-generale-du-club-des-cent-cols-a-mollans-sur-ouveze-drome-le-02-decembre-2006\/#breadcrumb\"},\"inLanguage\":\"es\",\"potentialAction\":[{\"@type\":\"ReadAction\",\"target\":[\"https:\/\/centcols.org\/assemblee-generale-du-club-des-cent-cols-a-mollans-sur-ouveze-drome-le-02-decembre-2006\/\"]}]},{\"@type\":\"ImageObject\",\"inLanguage\":\"es\",\"@id\":\"https:\/\/centcols.org\/assemblee-generale-du-club-des-cent-cols-a-mollans-sur-ouveze-drome-le-02-decembre-2006\/#primaryimage\",\"url\":\"https:\/\/centcols.org\/wp-content\/uploads\/2015\/04\/ag-2006_10.jpg\",\"contentUrl\":\"https:\/\/centcols.org\/wp-content\/uploads\/2015\/04\/ag-2006_10.jpg\",\"width\":800,\"height\":372,\"caption\":\"L'assembl\u00e9e peut commencer : Ren\u00e9 Poty, le maire de Mollans, Claude B\u00e9nistrand, Michel Mathieu et Bernard M\u00e9zaize\"},{\"@type\":\"BreadcrumbList\",\"@id\":\"https:\/\/centcols.org\/assemblee-generale-du-club-des-cent-cols-a-mollans-sur-ouveze-drome-le-02-decembre-2006\/#breadcrumb\",\"itemListElement\":[{\"@type\":\"ListItem\",\"position\":1,\"name\":\"Accueil\",\"item\":\"https:\/\/centcols.org\/\"},{\"@type\":\"ListItem\",\"position\":2,\"name\":\"Assembl\u00e9es g\u00e9n\u00e9rales\",\"item\":\"https:\/\/centcols.org\/rubrique\/assemblees-generales\/\"},{\"@type\":\"ListItem\",\"position\":3,\"name\":\"Assembl\u00e9e g\u00e9n\u00e9rale du Club des Cent Cols \u00e0 Mollans-sur-Ouv\u00e8ze (Dr\u00f4me) le 02 d\u00e9cembre 2006\"}]},{\"@type\":\"WebSite\",\"@id\":\"https:\/\/centcols.org\/#website\",\"url\":\"https:\/\/centcols.org\/\",\"name\":\"Club des Cent Cols\",\"description\":\"\",\"publisher\":{\"@id\":\"https:\/\/centcols.org\/#organization\"},\"potentialAction\":[{\"@type\":\"SearchAction\",\"target\":{\"@type\":\"EntryPoint\",\"urlTemplate\":\"https:\/\/centcols.org\/?s={search_term_string}\"},\"query-input\":{\"@type\":\"PropertyValueSpecification\",\"valueRequired\":true,\"valueName\":\"search_term_string\"}}],\"inLanguage\":\"es\"},{\"@type\":\"Organization\",\"@id\":\"https:\/\/centcols.org\/#organization\",\"name\":\"Club des Cent Cols\",\"url\":\"https:\/\/centcols.org\/\",\"logo\":{\"@type\":\"ImageObject\",\"inLanguage\":\"es\",\"@id\":\"https:\/\/centcols.org\/#\/schema\/logo\/image\/\",\"url\":\"https:\/\/centcols.org\/wp-content\/uploads\/2025\/01\/carte-icone.png\",\"contentUrl\":\"https:\/\/centcols.org\/wp-content\/uploads\/2025\/01\/carte-icone.png\",\"width\":250,\"height\":250,\"caption\":\"Club des Cent Cols\"},\"image\":{\"@id\":\"https:\/\/centcols.org\/#\/schema\/logo\/image\/\"},\"sameAs\":[\"https:\/\/www.facebook.com\/groups\/5261880558\/?locale=fr_FR\"]},{\"@type\":\"Person\",\"@id\":\"https:\/\/centcols.org\/#\/schema\/person\/911b404fb133d8c913dd27cdcf71c8e5\",\"name\":\"Webmestre\",\"image\":{\"@type\":\"ImageObject\",\"inLanguage\":\"es\",\"@id\":\"https:\/\/centcols.org\/wp-content\/litespeed\/avatar\/2d246e4b6b4f773e08515e1ffc53690b.jpg?ver=1777222892\",\"url\":\"https:\/\/centcols.org\/wp-content\/litespeed\/avatar\/2d246e4b6b4f773e08515e1ffc53690b.jpg?ver=1777222892\",\"contentUrl\":\"https:\/\/centcols.org\/wp-content\/litespeed\/avatar\/2d246e4b6b4f773e08515e1ffc53690b.jpg?ver=1777222892\",\"caption\":\"Webmestre\"},\"url\":\"https:\/\/centcols.org\/es\/author\/webmestre\/\"}]}<\/script>\n<!-- \/ Yoast SEO plugin. -->","yoast_head_json":{"title":"Asamblea General del Club des Cent Cols en Mollans-sur-Ouv\u00e8ze (Dr\u00f4me) el 02 de diciembre de 2006 - Club des Cent Cols","robots":{"index":"index","follow":"follow","max-snippet":"max-snippet:-1","max-image-preview":"max-image-preview:large","max-video-preview":"max-video-preview:-1"},"canonical":"https:\/\/centcols.org\/es\/asamblea-general-del-club-cent-cols-de-mollans-sur-ouveze-drome-del-02-de-diciembre-de-2006\/","og_locale":"es_ES","og_type":"article","og_title":"Assembl\u00e9e g\u00e9n\u00e9rale du Club des Cent Cols \u00e0 Mollans-sur-Ouv\u00e8ze (Dr\u00f4me) le 02 d\u00e9cembre 2006 - Club des Cent Cols","og_description":"L&rsquo;album photo de l&rsquo;AG &nbsp;Photos de Philippe Carrez, Nadine Giraudeau, Georges Golse, Mario Labelle, Pierre Mai, R\u00e9gis Paraz et Ren\u00e9 Poty. Deuxi\u00e8me partie : Sorties v\u00e9lo du dimanche matin Le dimanche matin apr\u00e8s l&rsquo;AG du samedi, une quarantaine de cyclos se sont retrouv\u00e9s sur le coup des 9h00&nbsp;pour la d\u00e9sormais traditionnelle sortie \u00e0 la chasse [&hellip;]","og_url":"https:\/\/centcols.org\/es\/asamblea-general-del-club-cent-cols-de-mollans-sur-ouveze-drome-del-02-de-diciembre-de-2006\/","og_site_name":"Club des Cent Cols","article_publisher":"https:\/\/www.facebook.com\/groups\/5261880558\/?locale=fr_FR","article_published_time":"2015-04-15T07:27:17+00:00","article_modified_time":"2025-11-06T03:06:16+00:00","og_image":[{"width":800,"height":372,"url":"https:\/\/centcols.org\/wp-content\/uploads\/2015\/04\/ag-2006_10.jpg","type":"image\/jpeg"}],"author":"Webmestre","twitter_card":"summary_large_image","twitter_misc":{"Escrito por":"Webmestre","Tiempo de lectura":"24 minutos"},"schema":{"@context":"https:\/\/schema.org","@graph":[{"@type":"Article","@id":"https:\/\/centcols.org\/assemblee-generale-du-club-des-cent-cols-a-mollans-sur-ouveze-drome-le-02-decembre-2006\/#article","isPartOf":{"@id":"https:\/\/centcols.org\/assemblee-generale-du-club-des-cent-cols-a-mollans-sur-ouveze-drome-le-02-decembre-2006\/"},"author":{"name":"Webmestre","@id":"https:\/\/centcols.org\/#\/schema\/person\/911b404fb133d8c913dd27cdcf71c8e5"},"headline":"Assembl\u00e9e g\u00e9n\u00e9rale du Club des Cent Cols \u00e0 Mollans-sur-Ouv\u00e8ze (Dr\u00f4me) le 02 d\u00e9cembre 2006","datePublished":"2015-04-15T07:27:17+00:00","dateModified":"2025-11-06T03:06:16+00:00","mainEntityOfPage":{"@id":"https:\/\/centcols.org\/assemblee-generale-du-club-des-cent-cols-a-mollans-sur-ouveze-drome-le-02-decembre-2006\/"},"wordCount":577,"publisher":{"@id":"https:\/\/centcols.org\/#organization"},"image":{"@id":"https:\/\/centcols.org\/assemblee-generale-du-club-des-cent-cols-a-mollans-sur-ouveze-drome-le-02-decembre-2006\/#primaryimage"},"thumbnailUrl":"https:\/\/centcols.org\/wp-content\/uploads\/2015\/04\/ag-2006_10.jpg","articleSection":["Assembl\u00e9es g\u00e9n\u00e9rales","Calendrier"],"inLanguage":"es"},{"@type":"WebPage","@id":"https:\/\/centcols.org\/assemblee-generale-du-club-des-cent-cols-a-mollans-sur-ouveze-drome-le-02-decembre-2006\/","url":"https:\/\/centcols.org\/assemblee-generale-du-club-des-cent-cols-a-mollans-sur-ouveze-drome-le-02-decembre-2006\/","name":"Asamblea General del Club des Cent Cols en Mollans-sur-Ouv\u00e8ze (Dr\u00f4me) el 02 de diciembre de 2006 - Club des Cent Cols","isPartOf":{"@id":"https:\/\/centcols.org\/#website"},"primaryImageOfPage":{"@id":"https:\/\/centcols.org\/assemblee-generale-du-club-des-cent-cols-a-mollans-sur-ouveze-drome-le-02-decembre-2006\/#primaryimage"},"image":{"@id":"https:\/\/centcols.org\/assemblee-generale-du-club-des-cent-cols-a-mollans-sur-ouveze-drome-le-02-decembre-2006\/#primaryimage"},"thumbnailUrl":"https:\/\/centcols.org\/wp-content\/uploads\/2015\/04\/ag-2006_10.jpg","datePublished":"2015-04-15T07:27:17+00:00","dateModified":"2025-11-06T03:06:16+00:00","breadcrumb":{"@id":"https:\/\/centcols.org\/assemblee-generale-du-club-des-cent-cols-a-mollans-sur-ouveze-drome-le-02-decembre-2006\/#breadcrumb"},"inLanguage":"es","potentialAction":[{"@type":"ReadAction","target":["https:\/\/centcols.org\/assemblee-generale-du-club-des-cent-cols-a-mollans-sur-ouveze-drome-le-02-decembre-2006\/"]}]},{"@type":"ImageObject","inLanguage":"es","@id":"https:\/\/centcols.org\/assemblee-generale-du-club-des-cent-cols-a-mollans-sur-ouveze-drome-le-02-decembre-2006\/#primaryimage","url":"https:\/\/centcols.org\/wp-content\/uploads\/2015\/04\/ag-2006_10.jpg","contentUrl":"https:\/\/centcols.org\/wp-content\/uploads\/2015\/04\/ag-2006_10.jpg","width":800,"height":372,"caption":"L'assembl\u00e9e peut commencer : Ren\u00e9 Poty, le maire de Mollans, Claude B\u00e9nistrand, Michel Mathieu et Bernard M\u00e9zaize"},{"@type":"BreadcrumbList","@id":"https:\/\/centcols.org\/assemblee-generale-du-club-des-cent-cols-a-mollans-sur-ouveze-drome-le-02-decembre-2006\/#breadcrumb","itemListElement":[{"@type":"ListItem","position":1,"name":"Accueil","item":"https:\/\/centcols.org\/"},{"@type":"ListItem","position":2,"name":"Assembl\u00e9es g\u00e9n\u00e9rales","item":"https:\/\/centcols.org\/rubrique\/assemblees-generales\/"},{"@type":"ListItem","position":3,"name":"Assembl\u00e9e g\u00e9n\u00e9rale du Club des Cent Cols \u00e0 Mollans-sur-Ouv\u00e8ze (Dr\u00f4me) le 02 d\u00e9cembre 2006"}]},{"@type":"WebSite","@id":"https:\/\/centcols.org\/#website","url":"https:\/\/centcols.org\/","name":"Club des Cent Cols","description":"","publisher":{"@id":"https:\/\/centcols.org\/#organization"},"potentialAction":[{"@type":"SearchAction","target":{"@type":"EntryPoint","urlTemplate":"https:\/\/centcols.org\/?s={search_term_string}"},"query-input":{"@type":"PropertyValueSpecification","valueRequired":true,"valueName":"search_term_string"}}],"inLanguage":"es"},{"@type":"Organization","@id":"https:\/\/centcols.org\/#organization","name":"Club des Cent Cols","url":"https:\/\/centcols.org\/","logo":{"@type":"ImageObject","inLanguage":"es","@id":"https:\/\/centcols.org\/#\/schema\/logo\/image\/","url":"https:\/\/centcols.org\/wp-content\/uploads\/2025\/01\/carte-icone.png","contentUrl":"https:\/\/centcols.org\/wp-content\/uploads\/2025\/01\/carte-icone.png","width":250,"height":250,"caption":"Club des Cent Cols"},"image":{"@id":"https:\/\/centcols.org\/#\/schema\/logo\/image\/"},"sameAs":["https:\/\/www.facebook.com\/groups\/5261880558\/?locale=fr_FR"]},{"@type":"Person","@id":"https:\/\/centcols.org\/#\/schema\/person\/911b404fb133d8c913dd27cdcf71c8e5","name":"Webmaster","image":{"@type":"ImageObject","inLanguage":"es","@id":"https:\/\/centcols.org\/wp-content\/litespeed\/avatar\/2d246e4b6b4f773e08515e1ffc53690b.jpg?ver=1777222892","url":"https:\/\/centcols.org\/wp-content\/litespeed\/avatar\/2d246e4b6b4f773e08515e1ffc53690b.jpg?ver=1777222892","contentUrl":"https:\/\/centcols.org\/wp-content\/litespeed\/avatar\/2d246e4b6b4f773e08515e1ffc53690b.jpg?ver=1777222892","caption":"Webmestre"},"url":"https:\/\/centcols.org\/es\/author\/webmestre\/"}]}},"_links":{"self":[{"href":"https:\/\/centcols.org\/es\/wp-json\/wp\/v2\/posts\/81729","targetHints":{"allow":["GET"]}}],"collection":[{"href":"https:\/\/centcols.org\/es\/wp-json\/wp\/v2\/posts"}],"about":[{"href":"https:\/\/centcols.org\/es\/wp-json\/wp\/v2\/types\/post"}],"author":[{"embeddable":true,"href":"https:\/\/centcols.org\/es\/wp-json\/wp\/v2\/users\/3"}],"replies":[{"embeddable":true,"href":"https:\/\/centcols.org\/es\/wp-json\/wp\/v2\/comments?post=81729"}],"version-history":[{"count":0,"href":"https:\/\/centcols.org\/es\/wp-json\/wp\/v2\/posts\/81729\/revisions"}],"wp:featuredmedia":[{"embeddable":true,"href":"https:\/\/centcols.org\/es\/wp-json\/wp\/v2\/media\/83582"}],"wp:attachment":[{"href":"https:\/\/centcols.org\/es\/wp-json\/wp\/v2\/media?parent=81729"}],"wp:term":[{"taxonomy":"category","embeddable":true,"href":"https:\/\/centcols.org\/es\/wp-json\/wp\/v2\/categories?post=81729"},{"taxonomy":"post_tag","embeddable":true,"href":"https:\/\/centcols.org\/es\/wp-json\/wp\/v2\/tags?post=81729"}],"curies":[{"name":"wp","href":"https:\/\/api.w.org\/{rel}","templated":true}]}}