{"id":81730,"date":"2015-04-15T08:48:54","date_gmt":"2015-04-15T06:48:54","guid":{"rendered":"https:\/\/centcols.org\/assemblee-generale-a-serezin-du-rhone-rhone-le-04-decembre-2004\/"},"modified":"2025-11-06T05:15:13","modified_gmt":"2025-11-06T03:15:13","slug":"asamblea-general-en-serezin-du-rhone-rhone-el-04-de-diciembre-de-2004","status":"publish","type":"post","link":"https:\/\/centcols.org\/es\/assemblee-generale-a-serezin-du-rhone-rhone-le-04-decembre-2004\/","title":{"rendered":"Junta General en S\u00e9r\u00e9zin-du-Rh\u00f4ne (R\u00f3dano) el 04 de diciembre de 2004"},"content":{"rendered":"<h2>El informe<\/h2>\n<h3>Acta de la Junta General del Club des Cent Cols<br \/>\n4 de diciembre de 2004, S\u00e9r\u00e9zin-du-Rh\u00f4ne (69)<\/h3>\n<p>La Asamblea General anual del Club des Cent Cols se celebr\u00f3 el 4 de diciembre de 2004 en la sala del pueblo de S\u00e9r\u00e9zin-du-Rh\u00f4ne (69) bajo la presidencia de Claude B\u00e9nistrand y en presencia de los miembros electos del Consejo de Administraci\u00f3n (B. Vieillard, Vicepresidente, excusado).<\/p>\n<p>La Asamblea General Anual comienza a las 16.00 horas, con la asistencia de un centenar de socios, felices de reunirse para este tradicional acto.<\/p>\n<p>Claude B\u00e9nistrand presenta las excusas de Dominique Lamouller, Presidente Federal (y miembro de los \u00abCent Cols\u00bb) y de Robert de Rudder, Presidente de la Liga Rh\u00f4ne-Alpes (tambi\u00e9n miembro de los \u00abCent Cols\u00bb), ambos presentes en Quimper con motivo de la Asamblea General de la FFCT.<\/p>\n<p>Claude B\u00e9nistrand presenta a las personalidades que nos han hecho el honor de asistir a nuestra reuni\u00f3n: el Alcalde de S\u00e9r\u00e9zin, el Sr. Colin, representante del CODEP 69, y el Sr. Gilbert Veysseyre, Presidente de AS ARRA, que ha organizado la reuni\u00f3n.<\/p>\n<p>Tambi\u00e9n presentado:<\/p>\n<ul>\n<li>Miembros del CERP: Guy Bodoin, Jean-Fran\u00e7ois Plantard, Bernard Chalchat.<\/li>\n<li>Los delegados regionales: Alain Gillodes, Bernard M\u00e9zaize, R\u00e9gis Paraz, Michel M\u00e9dina, Thierry Combelles (venido especialmente de Alemania) y Pierre Mai (venido de Suiza).<\/li>\n<li>Mario Labelle es un experto inform\u00e1tico cuyo trabajo en favor de la Cofrad\u00eda es bien conocido y apreciado por todos.<\/li>\n<\/ul>\n<p>El orden del d\u00eda comienza con la lectura de los distintos informes, distribuidos en info Cent Cols n\u00ba 8:<\/p>\n<ul>\n<li>Informe anual, presentado por Claude B\u00e9nistrand, Presidente.<\/li>\n<li>Informe de actividades, presentado por Ren\u00e9 Poty, Secretario General.<\/li>\n<li>Informe financiero, presentado por Michel Mathieu, Tesorero.<\/li>\n<\/ul>\n<p>Christophe Guitton, auditor de cuentas, felicita a Michel Mathieu por la buena gesti\u00f3n financiera de la Cofrad\u00eda.<\/p>\n<p>Como novedad, este a\u00f1o se utiliz\u00f3 un pase de diapositivas para ilustrar los distintos informes, haci\u00e9ndolos m\u00e1s vivos y demostrativos. Muchas gracias a R\u00e9gis Paraz, que instal\u00f3 el ordenador y el proyector de v\u00eddeo.<\/p>\n<p>Adem\u00e1s del informe de actividades, Bernard Pommel, miembro del Consejo de Administraci\u00f3n y responsable de las excursiones permanentes \u00abCent Cols\u00bb, present\u00f3 un informe muy positivo sobre la participaci\u00f3n en las distintas excursiones. M\u00e1s de 160 personas se han inscrito en todas ellas, lo que constituye una sorpresa muy agradable. Bernard Pommel anunci\u00f3 el lanzamiento de un s\u00e9ptimo recorrido permanente: \u00abCent Cols en Haut-Languedoc\u00bb (ideado por Pierre Gasc), y prometi\u00f3 dos nuevos recorridos permanentes en Italia para 2005.<\/p>\n<p>Mario Labelle presenta los distintos proyectos relativos a los servicios inform\u00e1ticos del \u00abClub des Cent Cols\u00bb. Un r\u00e1pido sondeo en la sala puso de manifiesto que casi la mitad de los miembros presentes conocen y visitan regularmente el sitio web de la Cofrad\u00eda, y muchos de ellos ya se han inscrito en los servicios que les est\u00e1n reservados (como el acceso al cuadro de honor, la consulta de los archivos, la lista de debate, etc.).<\/p>\n<p>Las papeletas enviadas por correo a la secretar\u00eda fueron escrutadas el 29 de noviembre por los escrutadores: Roger Colombo y Robert Bocqueraz. Philippe Carrez y R\u00e9gis Paraz procedieron al recuento de los \u00faltimos votos emitidos en la asamblea, y ahora se anuncian los resultados:<\/p>\n<table style=\"height: 131px;\" width=\"513\">\n<tbody>\n<tr>\n<td>N\u00famero de inscripciones<\/td>\n<td>2577<\/td>\n<td>o<\/td>\n<td>37,49%<\/td>\n<\/tr>\n<tr>\n<td>N\u00famero de votantes<\/td>\n<td>966<\/td>\n<td><\/td>\n<td><\/td>\n<\/tr>\n<tr>\n<td>\n<p>Informe anual<\/p>\n<p>&nbsp;<\/p>\n<p>o<\/td>\n<td>\n<p>s\u00ed<\/p>\n<p>955<\/p>\n<p>98,86%<\/td>\n<td>\n<p>no<\/p>\n<p>4<\/p>\n<p>0,41%<\/td>\n<td>\n<p>Abstenciones<\/p>\n<p>7<\/p>\n<p>0,72%<\/td>\n<\/tr>\n<tr>\n<td>\n<p>Informe de actividad<\/p>\n<p>&nbsp;<\/p>\n<p>o<\/td>\n<td>\n<p>s\u00ed<\/p>\n<p>959<\/p>\n<p>99,28%<\/td>\n<td>\n<p>no<\/p>\n<p>4<\/p>\n<p>0,41%<\/td>\n<td>\n<p>Abstenciones<\/p>\n<p>3<\/p>\n<p>0,31%<\/td>\n<\/tr>\n<tr>\n<td>\n<p>Informe financiero<\/p>\n<p>&nbsp;<\/p>\n<p>o<\/td>\n<td>\n<p>s\u00ed<\/p>\n<p>957<\/p>\n<p>99.07%<\/td>\n<td>\n<p>no<\/p>\n<p>1<\/p>\n<p>0.10%<\/td>\n<td>\n<p>Abstenciones<\/p>\n<p>8<\/p>\n<p>0.83%<\/td>\n<\/tr>\n<\/tbody>\n<\/table>\n<p>Claude B\u00e9nistrand agradece a todos los miembros su renovada confianza en el equipo directivo.<\/p>\n<p>Despu\u00e9s lleg\u00f3 la hora de los premios. Tuvimos el placer de acoger a dos nuevos miembros: Francine y Claude Mabillot (de Ternay 69). Claude B\u00e9nistrand les entreg\u00f3 sus diplomas, medallas y revistas. A continuaci\u00f3n, Jean-Claude Prast recibi\u00f3 una medalla con el nombre de su puerto n\u00famero 1.000: el Col d'Urbeis.<\/p>\n<p>Se dio la palabra al alcalde de S\u00e9r\u00e9zin, que nos hizo una presentaci\u00f3n de su municipio, y despu\u00e9s a Gilbert Veysseyre, a quien debemos la impecable organizaci\u00f3n de esta Asamblea General.<\/p>\n<p>El orden del d\u00eda continu\u00f3 con la presentaci\u00f3n del proyecto de celebrar una reuni\u00f3n en torno al 15 de agosto de 2005. Ren\u00e9 Poty present\u00f3 mediante diapositivas el municipio de Seix, en Haut-Salat (09), que acoger\u00e1 nuestra estancia, y el Col de Catchaud\u00e9gu\u00e9, donde se celebrar\u00e1 la reuni\u00f3n el 15 de agosto. Todos los d\u00edas habr\u00e1 rutas por carretera y en mula. El gran final ser\u00e1 la ascensi\u00f3n al Port d'Aula, en la frontera franco-espa\u00f1ola.<\/p>\n<p>Como colof\u00f3n de la Asamblea General, una proyecci\u00f3n de nuestro encuentro internacional en el Col de l'Echelle y nuestra estancia en Brian\u00e7on (15 de agosto de 2004) permitieron a todos escaparse a las cumbres y puertos por encima de los 2000 m... \u00a1grandes recuerdos para todos los participantes!<\/p>\n<p>Tras fijar la fecha del domingo 05 de diciembre en Ampuis para un paseo por las estribaciones del monte Pilat (con cinco puertos cortos como regalo), se invit\u00f3 a todos a un \u00abpot de l'amiti\u00e9\u00bb. La Asamblea General concluy\u00f3 a las 18.30 h. Por la noche, una cena muy cordial reuni\u00f3 a unas cincuenta personas en un ambiente muy c\u00e1lido. Una agradable manera de cerrar la temporada 2004 y mirar hacia 2005.<\/p>\n<p>Ren\u00e9 POTY (S-G)<\/p>\n<h2>Las fotos<\/h2>\n<p>&nbsp;<\/p>","protected":false},"excerpt":{"rendered":"<p>Le compte rendu Compte-rendu de l&rsquo;Assembl\u00e9e g\u00e9n\u00e9rale du Club des Cent Cols Le 4 d\u00e9cembre 2004, S\u00e9r\u00e9zin-du-Rh\u00f4ne (69) L&rsquo;Assembl\u00e9e G\u00e9n\u00e9rale annuelle du Club des Cent Cols s&rsquo;est tenue le 4 d\u00e9cembre 2004 dans la salle communale de S\u00e9r\u00e9zin-du-Rh\u00f4ne (69) sous la pr\u00e9sidence de Claude B\u00e9nistrand et en la pr\u00e9sence des membres \u00e9lus du Conseil d&rsquo;Administration [&hellip;]<\/p>\n","protected":false},"author":3,"featured_media":84117,"comment_status":"closed","ping_status":"open","sticky":false,"template":"","format":"standard","meta":{"_acf_changed":false,"footnotes":""},"categories":[217,135],"tags":[],"class_list":["post-81730","post","type-post","status-publish","format-standard","has-post-thumbnail","hentry","category-assemblees-generales","category-calendrier"],"acf":[],"yoast_head":"<!-- This site is optimized with the Yoast SEO plugin v27.2 - https:\/\/yoast.com\/product\/yoast-seo-wordpress\/ -->\n<title>Assembl\u00e9e g\u00e9n\u00e9rale \u00e0 S\u00e9r\u00e9zin-du-Rh\u00f4ne (Rh\u00f4ne) le 04 d\u00e9cembre 2004 - Club des Cent Cols<\/title>\n<meta name=\"robots\" content=\"index, follow, max-snippet:-1, max-image-preview:large, max-video-preview:-1\" \/>\n<link rel=\"canonical\" href=\"https:\/\/centcols.org\/es\/asamblea-general-en-serezin-du-rhone-rhone-el-04-de-diciembre-de-2004\/\" \/>\n<meta property=\"og:locale\" content=\"es_ES\" \/>\n<meta property=\"og:type\" content=\"article\" \/>\n<meta property=\"og:title\" content=\"Assembl\u00e9e g\u00e9n\u00e9rale \u00e0 S\u00e9r\u00e9zin-du-Rh\u00f4ne (Rh\u00f4ne) le 04 d\u00e9cembre 2004 - Club des Cent Cols\" \/>\n<meta property=\"og:description\" content=\"Le compte rendu Compte-rendu de l&rsquo;Assembl\u00e9e g\u00e9n\u00e9rale du Club des Cent Cols Le 4 d\u00e9cembre 2004, S\u00e9r\u00e9zin-du-Rh\u00f4ne (69) L&rsquo;Assembl\u00e9e G\u00e9n\u00e9rale annuelle du Club des Cent Cols s&rsquo;est tenue le 4 d\u00e9cembre 2004 dans la salle communale de S\u00e9r\u00e9zin-du-Rh\u00f4ne (69) sous la pr\u00e9sidence de Claude B\u00e9nistrand et en la pr\u00e9sence des membres \u00e9lus du Conseil d&rsquo;Administration [&hellip;]\" \/>\n<meta property=\"og:url\" content=\"https:\/\/centcols.org\/es\/asamblea-general-en-serezin-du-rhone-rhone-el-04-de-diciembre-de-2004\/\" \/>\n<meta property=\"og:site_name\" content=\"Club des Cent Cols\" \/>\n<meta property=\"article:publisher\" content=\"https:\/\/www.facebook.com\/groups\/5261880558\/?locale=fr_FR\" \/>\n<meta property=\"article:published_time\" content=\"2015-04-15T06:48:54+00:00\" \/>\n<meta property=\"article:modified_time\" content=\"2025-11-06T03:15:13+00:00\" \/>\n<meta property=\"og:image\" content=\"https:\/\/centcols.org\/wp-content\/uploads\/2015\/04\/serezin.jpg\" \/>\n\t<meta property=\"og:image:width\" content=\"900\" \/>\n\t<meta property=\"og:image:height\" content=\"506\" \/>\n\t<meta property=\"og:image:type\" content=\"image\/jpeg\" \/>\n<meta name=\"author\" content=\"Webmestre\" \/>\n<meta name=\"twitter:card\" content=\"summary_large_image\" \/>\n<meta name=\"twitter:label1\" content=\"Escrito por\" \/>\n\t<meta name=\"twitter:data1\" content=\"Webmestre\" \/>\n\t<meta name=\"twitter:label2\" content=\"Tiempo de lectura\" \/>\n\t<meta name=\"twitter:data2\" content=\"5 minutos\" \/>\n<script type=\"application\/ld+json\" class=\"yoast-schema-graph\">{\"@context\":\"https:\/\/schema.org\",\"@graph\":[{\"@type\":\"Article\",\"@id\":\"https:\/\/centcols.org\/assemblee-generale-a-serezin-du-rhone-rhone-le-04-decembre-2004\/#article\",\"isPartOf\":{\"@id\":\"https:\/\/centcols.org\/assemblee-generale-a-serezin-du-rhone-rhone-le-04-decembre-2004\/\"},\"author\":{\"name\":\"Webmestre\",\"@id\":\"https:\/\/centcols.org\/#\/schema\/person\/911b404fb133d8c913dd27cdcf71c8e5\"},\"headline\":\"Assembl\u00e9e g\u00e9n\u00e9rale \u00e0 S\u00e9r\u00e9zin-du-Rh\u00f4ne (Rh\u00f4ne) le 04 d\u00e9cembre 2004\",\"datePublished\":\"2015-04-15T06:48:54+00:00\",\"dateModified\":\"2025-11-06T03:15:13+00:00\",\"mainEntityOfPage\":{\"@id\":\"https:\/\/centcols.org\/assemblee-generale-a-serezin-du-rhone-rhone-le-04-decembre-2004\/\"},\"wordCount\":1005,\"publisher\":{\"@id\":\"https:\/\/centcols.org\/#organization\"},\"image\":{\"@id\":\"https:\/\/centcols.org\/assemblee-generale-a-serezin-du-rhone-rhone-le-04-decembre-2004\/#primaryimage\"},\"thumbnailUrl\":\"https:\/\/centcols.org\/wp-content\/uploads\/2015\/04\/serezin.jpg\",\"articleSection\":[\"Assembl\u00e9es g\u00e9n\u00e9rales\",\"Calendrier\"],\"inLanguage\":\"es\"},{\"@type\":\"WebPage\",\"@id\":\"https:\/\/centcols.org\/assemblee-generale-a-serezin-du-rhone-rhone-le-04-decembre-2004\/\",\"url\":\"https:\/\/centcols.org\/assemblee-generale-a-serezin-du-rhone-rhone-le-04-decembre-2004\/\",\"name\":\"Assembl\u00e9e g\u00e9n\u00e9rale \u00e0 S\u00e9r\u00e9zin-du-Rh\u00f4ne (Rh\u00f4ne) le 04 d\u00e9cembre 2004 - Club des Cent Cols\",\"isPartOf\":{\"@id\":\"https:\/\/centcols.org\/#website\"},\"primaryImageOfPage\":{\"@id\":\"https:\/\/centcols.org\/assemblee-generale-a-serezin-du-rhone-rhone-le-04-decembre-2004\/#primaryimage\"},\"image\":{\"@id\":\"https:\/\/centcols.org\/assemblee-generale-a-serezin-du-rhone-rhone-le-04-decembre-2004\/#primaryimage\"},\"thumbnailUrl\":\"https:\/\/centcols.org\/wp-content\/uploads\/2015\/04\/serezin.jpg\",\"datePublished\":\"2015-04-15T06:48:54+00:00\",\"dateModified\":\"2025-11-06T03:15:13+00:00\",\"breadcrumb\":{\"@id\":\"https:\/\/centcols.org\/assemblee-generale-a-serezin-du-rhone-rhone-le-04-decembre-2004\/#breadcrumb\"},\"inLanguage\":\"es\",\"potentialAction\":[{\"@type\":\"ReadAction\",\"target\":[\"https:\/\/centcols.org\/assemblee-generale-a-serezin-du-rhone-rhone-le-04-decembre-2004\/\"]}]},{\"@type\":\"ImageObject\",\"inLanguage\":\"es\",\"@id\":\"https:\/\/centcols.org\/assemblee-generale-a-serezin-du-rhone-rhone-le-04-decembre-2004\/#primaryimage\",\"url\":\"https:\/\/centcols.org\/wp-content\/uploads\/2015\/04\/serezin.jpg\",\"contentUrl\":\"https:\/\/centcols.org\/wp-content\/uploads\/2015\/04\/serezin.jpg\",\"width\":900,\"height\":506},{\"@type\":\"BreadcrumbList\",\"@id\":\"https:\/\/centcols.org\/assemblee-generale-a-serezin-du-rhone-rhone-le-04-decembre-2004\/#breadcrumb\",\"itemListElement\":[{\"@type\":\"ListItem\",\"position\":1,\"name\":\"Accueil\",\"item\":\"https:\/\/centcols.org\/\"},{\"@type\":\"ListItem\",\"position\":2,\"name\":\"Assembl\u00e9es g\u00e9n\u00e9rales\",\"item\":\"https:\/\/centcols.org\/rubrique\/assemblees-generales\/\"},{\"@type\":\"ListItem\",\"position\":3,\"name\":\"Assembl\u00e9e g\u00e9n\u00e9rale \u00e0 S\u00e9r\u00e9zin-du-Rh\u00f4ne (Rh\u00f4ne) le 04 d\u00e9cembre 2004\"}]},{\"@type\":\"WebSite\",\"@id\":\"https:\/\/centcols.org\/#website\",\"url\":\"https:\/\/centcols.org\/\",\"name\":\"Club des Cent Cols\",\"description\":\"\",\"publisher\":{\"@id\":\"https:\/\/centcols.org\/#organization\"},\"potentialAction\":[{\"@type\":\"SearchAction\",\"target\":{\"@type\":\"EntryPoint\",\"urlTemplate\":\"https:\/\/centcols.org\/?s={search_term_string}\"},\"query-input\":{\"@type\":\"PropertyValueSpecification\",\"valueRequired\":true,\"valueName\":\"search_term_string\"}}],\"inLanguage\":\"es\"},{\"@type\":\"Organization\",\"@id\":\"https:\/\/centcols.org\/#organization\",\"name\":\"Club des Cent Cols\",\"url\":\"https:\/\/centcols.org\/\",\"logo\":{\"@type\":\"ImageObject\",\"inLanguage\":\"es\",\"@id\":\"https:\/\/centcols.org\/#\/schema\/logo\/image\/\",\"url\":\"https:\/\/centcols.org\/wp-content\/uploads\/2025\/01\/carte-icone.png\",\"contentUrl\":\"https:\/\/centcols.org\/wp-content\/uploads\/2025\/01\/carte-icone.png\",\"width\":250,\"height\":250,\"caption\":\"Club des Cent Cols\"},\"image\":{\"@id\":\"https:\/\/centcols.org\/#\/schema\/logo\/image\/\"},\"sameAs\":[\"https:\/\/www.facebook.com\/groups\/5261880558\/?locale=fr_FR\"]},{\"@type\":\"Person\",\"@id\":\"https:\/\/centcols.org\/#\/schema\/person\/911b404fb133d8c913dd27cdcf71c8e5\",\"name\":\"Webmestre\",\"image\":{\"@type\":\"ImageObject\",\"inLanguage\":\"es\",\"@id\":\"https:\/\/centcols.org\/wp-content\/litespeed\/avatar\/2d246e4b6b4f773e08515e1ffc53690b.jpg?ver=1777222892\",\"url\":\"https:\/\/centcols.org\/wp-content\/litespeed\/avatar\/2d246e4b6b4f773e08515e1ffc53690b.jpg?ver=1777222892\",\"contentUrl\":\"https:\/\/centcols.org\/wp-content\/litespeed\/avatar\/2d246e4b6b4f773e08515e1ffc53690b.jpg?ver=1777222892\",\"caption\":\"Webmestre\"},\"url\":\"https:\/\/centcols.org\/es\/author\/webmestre\/\"}]}<\/script>\n<!-- \/ Yoast SEO plugin. -->","yoast_head_json":{"title":"Asamblea General en S\u00e9r\u00e9zin-du-Rh\u00f4ne (R\u00f3dano) el 04 de diciembre de 2004 - Club des Cent Cols","robots":{"index":"index","follow":"follow","max-snippet":"max-snippet:-1","max-image-preview":"max-image-preview:large","max-video-preview":"max-video-preview:-1"},"canonical":"https:\/\/centcols.org\/es\/asamblea-general-en-serezin-du-rhone-rhone-el-04-de-diciembre-de-2004\/","og_locale":"es_ES","og_type":"article","og_title":"Assembl\u00e9e g\u00e9n\u00e9rale \u00e0 S\u00e9r\u00e9zin-du-Rh\u00f4ne (Rh\u00f4ne) le 04 d\u00e9cembre 2004 - Club des Cent Cols","og_description":"Le compte rendu Compte-rendu de l&rsquo;Assembl\u00e9e g\u00e9n\u00e9rale du Club des Cent Cols Le 4 d\u00e9cembre 2004, S\u00e9r\u00e9zin-du-Rh\u00f4ne (69) L&rsquo;Assembl\u00e9e G\u00e9n\u00e9rale annuelle du Club des Cent Cols s&rsquo;est tenue le 4 d\u00e9cembre 2004 dans la salle communale de S\u00e9r\u00e9zin-du-Rh\u00f4ne (69) sous la pr\u00e9sidence de Claude B\u00e9nistrand et en la pr\u00e9sence des membres \u00e9lus du Conseil d&rsquo;Administration [&hellip;]","og_url":"https:\/\/centcols.org\/es\/asamblea-general-en-serezin-du-rhone-rhone-el-04-de-diciembre-de-2004\/","og_site_name":"Club des Cent Cols","article_publisher":"https:\/\/www.facebook.com\/groups\/5261880558\/?locale=fr_FR","article_published_time":"2015-04-15T06:48:54+00:00","article_modified_time":"2025-11-06T03:15:13+00:00","og_image":[{"width":900,"height":506,"url":"https:\/\/centcols.org\/wp-content\/uploads\/2015\/04\/serezin.jpg","type":"image\/jpeg"}],"author":"Webmestre","twitter_card":"summary_large_image","twitter_misc":{"Escrito por":"Webmestre","Tiempo de lectura":"5 minutos"},"schema":{"@context":"https:\/\/schema.org","@graph":[{"@type":"Article","@id":"https:\/\/centcols.org\/assemblee-generale-a-serezin-du-rhone-rhone-le-04-decembre-2004\/#article","isPartOf":{"@id":"https:\/\/centcols.org\/assemblee-generale-a-serezin-du-rhone-rhone-le-04-decembre-2004\/"},"author":{"name":"Webmestre","@id":"https:\/\/centcols.org\/#\/schema\/person\/911b404fb133d8c913dd27cdcf71c8e5"},"headline":"Assembl\u00e9e g\u00e9n\u00e9rale \u00e0 S\u00e9r\u00e9zin-du-Rh\u00f4ne (Rh\u00f4ne) le 04 d\u00e9cembre 2004","datePublished":"2015-04-15T06:48:54+00:00","dateModified":"2025-11-06T03:15:13+00:00","mainEntityOfPage":{"@id":"https:\/\/centcols.org\/assemblee-generale-a-serezin-du-rhone-rhone-le-04-decembre-2004\/"},"wordCount":1005,"publisher":{"@id":"https:\/\/centcols.org\/#organization"},"image":{"@id":"https:\/\/centcols.org\/assemblee-generale-a-serezin-du-rhone-rhone-le-04-decembre-2004\/#primaryimage"},"thumbnailUrl":"https:\/\/centcols.org\/wp-content\/uploads\/2015\/04\/serezin.jpg","articleSection":["Assembl\u00e9es g\u00e9n\u00e9rales","Calendrier"],"inLanguage":"es"},{"@type":"WebPage","@id":"https:\/\/centcols.org\/assemblee-generale-a-serezin-du-rhone-rhone-le-04-decembre-2004\/","url":"https:\/\/centcols.org\/assemblee-generale-a-serezin-du-rhone-rhone-le-04-decembre-2004\/","name":"Asamblea General en S\u00e9r\u00e9zin-du-Rh\u00f4ne (R\u00f3dano) el 04 de diciembre de 2004 - Club des Cent Cols","isPartOf":{"@id":"https:\/\/centcols.org\/#website"},"primaryImageOfPage":{"@id":"https:\/\/centcols.org\/assemblee-generale-a-serezin-du-rhone-rhone-le-04-decembre-2004\/#primaryimage"},"image":{"@id":"https:\/\/centcols.org\/assemblee-generale-a-serezin-du-rhone-rhone-le-04-decembre-2004\/#primaryimage"},"thumbnailUrl":"https:\/\/centcols.org\/wp-content\/uploads\/2015\/04\/serezin.jpg","datePublished":"2015-04-15T06:48:54+00:00","dateModified":"2025-11-06T03:15:13+00:00","breadcrumb":{"@id":"https:\/\/centcols.org\/assemblee-generale-a-serezin-du-rhone-rhone-le-04-decembre-2004\/#breadcrumb"},"inLanguage":"es","potentialAction":[{"@type":"ReadAction","target":["https:\/\/centcols.org\/assemblee-generale-a-serezin-du-rhone-rhone-le-04-decembre-2004\/"]}]},{"@type":"ImageObject","inLanguage":"es","@id":"https:\/\/centcols.org\/assemblee-generale-a-serezin-du-rhone-rhone-le-04-decembre-2004\/#primaryimage","url":"https:\/\/centcols.org\/wp-content\/uploads\/2015\/04\/serezin.jpg","contentUrl":"https:\/\/centcols.org\/wp-content\/uploads\/2015\/04\/serezin.jpg","width":900,"height":506},{"@type":"BreadcrumbList","@id":"https:\/\/centcols.org\/assemblee-generale-a-serezin-du-rhone-rhone-le-04-decembre-2004\/#breadcrumb","itemListElement":[{"@type":"ListItem","position":1,"name":"Accueil","item":"https:\/\/centcols.org\/"},{"@type":"ListItem","position":2,"name":"Assembl\u00e9es g\u00e9n\u00e9rales","item":"https:\/\/centcols.org\/rubrique\/assemblees-generales\/"},{"@type":"ListItem","position":3,"name":"Assembl\u00e9e g\u00e9n\u00e9rale \u00e0 S\u00e9r\u00e9zin-du-Rh\u00f4ne (Rh\u00f4ne) le 04 d\u00e9cembre 2004"}]},{"@type":"WebSite","@id":"https:\/\/centcols.org\/#website","url":"https:\/\/centcols.org\/","name":"Club des Cent Cols","description":"","publisher":{"@id":"https:\/\/centcols.org\/#organization"},"potentialAction":[{"@type":"SearchAction","target":{"@type":"EntryPoint","urlTemplate":"https:\/\/centcols.org\/?s={search_term_string}"},"query-input":{"@type":"PropertyValueSpecification","valueRequired":true,"valueName":"search_term_string"}}],"inLanguage":"es"},{"@type":"Organization","@id":"https:\/\/centcols.org\/#organization","name":"Club des Cent Cols","url":"https:\/\/centcols.org\/","logo":{"@type":"ImageObject","inLanguage":"es","@id":"https:\/\/centcols.org\/#\/schema\/logo\/image\/","url":"https:\/\/centcols.org\/wp-content\/uploads\/2025\/01\/carte-icone.png","contentUrl":"https:\/\/centcols.org\/wp-content\/uploads\/2025\/01\/carte-icone.png","width":250,"height":250,"caption":"Club des Cent Cols"},"image":{"@id":"https:\/\/centcols.org\/#\/schema\/logo\/image\/"},"sameAs":["https:\/\/www.facebook.com\/groups\/5261880558\/?locale=fr_FR"]},{"@type":"Person","@id":"https:\/\/centcols.org\/#\/schema\/person\/911b404fb133d8c913dd27cdcf71c8e5","name":"Webmaster","image":{"@type":"ImageObject","inLanguage":"es","@id":"https:\/\/centcols.org\/wp-content\/litespeed\/avatar\/2d246e4b6b4f773e08515e1ffc53690b.jpg?ver=1777222892","url":"https:\/\/centcols.org\/wp-content\/litespeed\/avatar\/2d246e4b6b4f773e08515e1ffc53690b.jpg?ver=1777222892","contentUrl":"https:\/\/centcols.org\/wp-content\/litespeed\/avatar\/2d246e4b6b4f773e08515e1ffc53690b.jpg?ver=1777222892","caption":"Webmestre"},"url":"https:\/\/centcols.org\/es\/author\/webmestre\/"}]}},"_links":{"self":[{"href":"https:\/\/centcols.org\/es\/wp-json\/wp\/v2\/posts\/81730","targetHints":{"allow":["GET"]}}],"collection":[{"href":"https:\/\/centcols.org\/es\/wp-json\/wp\/v2\/posts"}],"about":[{"href":"https:\/\/centcols.org\/es\/wp-json\/wp\/v2\/types\/post"}],"author":[{"embeddable":true,"href":"https:\/\/centcols.org\/es\/wp-json\/wp\/v2\/users\/3"}],"replies":[{"embeddable":true,"href":"https:\/\/centcols.org\/es\/wp-json\/wp\/v2\/comments?post=81730"}],"version-history":[{"count":0,"href":"https:\/\/centcols.org\/es\/wp-json\/wp\/v2\/posts\/81730\/revisions"}],"wp:featuredmedia":[{"embeddable":true,"href":"https:\/\/centcols.org\/es\/wp-json\/wp\/v2\/media\/84117"}],"wp:attachment":[{"href":"https:\/\/centcols.org\/es\/wp-json\/wp\/v2\/media?parent=81730"}],"wp:term":[{"taxonomy":"category","embeddable":true,"href":"https:\/\/centcols.org\/es\/wp-json\/wp\/v2\/categories?post=81730"},{"taxonomy":"post_tag","embeddable":true,"href":"https:\/\/centcols.org\/es\/wp-json\/wp\/v2\/tags?post=81730"}],"curies":[{"name":"wp","href":"https:\/\/api.w.org\/{rel}","templated":true}]}}