{"id":81731,"date":"2015-04-29T07:22:40","date_gmt":"2015-04-29T05:22:40","guid":{"rendered":"https:\/\/centcols.org\/sortie-vtt-des-cent-cols-de-suisse-a-morgins-vs-le-dimanche-28-juillet-2013\/"},"modified":"2025-09-15T03:34:16","modified_gmt":"2025-09-15T01:34:16","slug":"salida-en-bicicleta-de-montana-cent-cols-de-suisse-en-morgins-vs-el-domingo-28-de-julio-de-2013","status":"publish","type":"post","link":"https:\/\/centcols.org\/es\/sortie-vtt-des-cent-cols-de-suisse-a-morgins-vs-le-dimanche-28-juillet-2013\/","title":{"rendered":"Salida en bicicleta de monta\u00f1a Cent Cols de Suisse en Morgins (VS) el domingo 28 de julio de 2013."},"content":{"rendered":"\n<h2 class=\"wp-block-heading\">Pr\u00e9sentation<\/h2>\n\n\n\n<p>35 km pour 1000 m de d\u00e9nivellation. 4 cols.<br>Rendez-vous \u00e0 Morgins, place du village \u00e0 8h30. D\u00e9part 9h00.<\/p>\n\n\n\n<figure class=\"wp-block-image size-full\"><img loading=\"lazy\" decoding=\"async\" width=\"750\" height=\"416\" src=\"https:\/\/centcols.org\/wp-content\/uploads\/2025\/05\/morgins_depart.jpg\" alt=\"\" class=\"wp-image-81732\"\/><\/figure>\n\n\n\n<p><\/p>\n\n\n\n<h3 class=\"wp-block-heading\">Contact<\/h3>\n\n\n\n<p>Alain Besson, chemin des Coumenets 11, 1000 Lausanne.<\/p>\n\n\n\n<p>T\u00e9l : +41 21 544 85 20<\/p>\n\n\n\n<p>Email : [email]&#x61;&#x31;&#98;e&#x73;&#x73;&#x6f;&#110;&#64;&#x67;&#x6d;&#x61;&#105;l&#x2e;&#x63;&#x6f;&#109;[\/email]<\/p>\n","protected":false},"excerpt":{"rendered":"<p>Pr\u00e9sentation 35 km pour 1000 m de d\u00e9nivellation. 4 cols.Rendez-vous \u00e0 Morgins, place du village \u00e0 8h30. D\u00e9part 9h00. Contact Alain Besson, chemin des Coumenets 11, 1000 Lausanne. T\u00e9l : +41 21 544 85 20 Email : [email]&#97;&#x31;b&#x65;&#x73;&#115;&#x6f;n&#x40;&#x67;&#109;&#x61;i&#x6c;&#x2e;&#99;&#x6f;m[\/email]<\/p>\n","protected":false},"author":3,"featured_media":81732,"comment_status":"closed","ping_status":"open","sticky":false,"template":"","format":"standard","meta":{"_acf_changed":false,"footnotes":""},"categories":[135,232,216],"tags":[],"class_list":["post-81731","post","type-post","status-publish","format-standard","has-post-thumbnail","hentry","category-calendrier","category-les-rassemblements-de-2013","category-rencontres-regionales"],"acf":[],"yoast_head":"<!-- This site is optimized with the Yoast SEO plugin v27.2 - https:\/\/yoast.com\/product\/yoast-seo-wordpress\/ -->\n<title>Sortie VTT des Cent Cols de Suisse \u00e0 Morgins (VS) le dimanche 28 juillet 2013 - Club des Cent Cols<\/title>\n<meta name=\"robots\" content=\"index, follow, max-snippet:-1, max-image-preview:large, max-video-preview:-1\" \/>\n<link rel=\"canonical\" href=\"https:\/\/centcols.org\/es\/salida-en-bicicleta-de-montana-cent-cols-de-suisse-en-morgins-vs-el-domingo-28-de-julio-de-2013\/\" \/>\n<meta property=\"og:locale\" content=\"es_ES\" \/>\n<meta property=\"og:type\" content=\"article\" \/>\n<meta property=\"og:title\" content=\"Sortie VTT des Cent Cols de Suisse \u00e0 Morgins (VS) le dimanche 28 juillet 2013 - Club des Cent Cols\" \/>\n<meta property=\"og:description\" content=\"Pr\u00e9sentation 35 km pour 1000 m de d\u00e9nivellation. 4 cols.Rendez-vous \u00e0 Morgins, place du village \u00e0 8h30. D\u00e9part 9h00. Contact Alain Besson, chemin des Coumenets 11, 1000 Lausanne. T\u00e9l : +41 21 544 85 20 Email : [email]&#097;&#x31;&#098;&#x65;s&#115;&#x6f;&#110;&#x40;g&#x6d;a&#105;&#x6c;&#046;&#x63;o&#x6d;[\/email]\" \/>\n<meta property=\"og:url\" content=\"https:\/\/centcols.org\/es\/salida-en-bicicleta-de-montana-cent-cols-de-suisse-en-morgins-vs-el-domingo-28-de-julio-de-2013\/\" \/>\n<meta property=\"og:site_name\" content=\"Club des Cent Cols\" \/>\n<meta property=\"article:publisher\" content=\"https:\/\/www.facebook.com\/groups\/5261880558\/?locale=fr_FR\" \/>\n<meta property=\"article:published_time\" content=\"2015-04-29T05:22:40+00:00\" \/>\n<meta property=\"article:modified_time\" content=\"2025-09-15T01:34:16+00:00\" \/>\n<meta property=\"og:image\" content=\"https:\/\/centcols.org\/wp-content\/uploads\/2025\/05\/morgins_depart.jpg\" \/>\n\t<meta property=\"og:image:width\" content=\"750\" \/>\n\t<meta property=\"og:image:height\" content=\"416\" \/>\n\t<meta property=\"og:image:type\" content=\"image\/jpeg\" \/>\n<meta name=\"author\" content=\"Webmestre\" \/>\n<meta name=\"twitter:card\" content=\"summary_large_image\" \/>\n<meta name=\"twitter:label1\" content=\"Escrito por\" \/>\n\t<meta name=\"twitter:data1\" content=\"Webmestre\" \/>\n\t<meta name=\"twitter:label2\" content=\"Tiempo de lectura\" \/>\n\t<meta name=\"twitter:data2\" content=\"1 minuto\" \/>\n<script type=\"application\/ld+json\" class=\"yoast-schema-graph\">{\"@context\":\"https:\/\/schema.org\",\"@graph\":[{\"@type\":\"Article\",\"@id\":\"https:\/\/centcols.org\/sortie-vtt-des-cent-cols-de-suisse-a-morgins-vs-le-dimanche-28-juillet-2013\/#article\",\"isPartOf\":{\"@id\":\"https:\/\/centcols.org\/sortie-vtt-des-cent-cols-de-suisse-a-morgins-vs-le-dimanche-28-juillet-2013\/\"},\"author\":{\"name\":\"Webmestre\",\"@id\":\"https:\/\/centcols.org\/#\/schema\/person\/911b404fb133d8c913dd27cdcf71c8e5\"},\"headline\":\"Sortie VTT des Cent Cols de Suisse \u00e0 Morgins (VS) le dimanche 28 juillet 2013\",\"datePublished\":\"2015-04-29T05:22:40+00:00\",\"dateModified\":\"2025-09-15T01:34:16+00:00\",\"mainEntityOfPage\":{\"@id\":\"https:\/\/centcols.org\/sortie-vtt-des-cent-cols-de-suisse-a-morgins-vs-le-dimanche-28-juillet-2013\/\"},\"wordCount\":46,\"publisher\":{\"@id\":\"https:\/\/centcols.org\/#organization\"},\"image\":{\"@id\":\"https:\/\/centcols.org\/sortie-vtt-des-cent-cols-de-suisse-a-morgins-vs-le-dimanche-28-juillet-2013\/#primaryimage\"},\"thumbnailUrl\":\"https:\/\/centcols.org\/wp-content\/uploads\/2025\/05\/morgins_depart.jpg\",\"articleSection\":[\"Calendrier\",\"2013-rassemblements\",\"Rencontres r\u00e9gionales\"],\"inLanguage\":\"es\"},{\"@type\":\"WebPage\",\"@id\":\"https:\/\/centcols.org\/sortie-vtt-des-cent-cols-de-suisse-a-morgins-vs-le-dimanche-28-juillet-2013\/\",\"url\":\"https:\/\/centcols.org\/sortie-vtt-des-cent-cols-de-suisse-a-morgins-vs-le-dimanche-28-juillet-2013\/\",\"name\":\"Sortie VTT des Cent Cols de Suisse \u00e0 Morgins (VS) le dimanche 28 juillet 2013 - Club des Cent Cols\",\"isPartOf\":{\"@id\":\"https:\/\/centcols.org\/#website\"},\"primaryImageOfPage\":{\"@id\":\"https:\/\/centcols.org\/sortie-vtt-des-cent-cols-de-suisse-a-morgins-vs-le-dimanche-28-juillet-2013\/#primaryimage\"},\"image\":{\"@id\":\"https:\/\/centcols.org\/sortie-vtt-des-cent-cols-de-suisse-a-morgins-vs-le-dimanche-28-juillet-2013\/#primaryimage\"},\"thumbnailUrl\":\"https:\/\/centcols.org\/wp-content\/uploads\/2025\/05\/morgins_depart.jpg\",\"datePublished\":\"2015-04-29T05:22:40+00:00\",\"dateModified\":\"2025-09-15T01:34:16+00:00\",\"breadcrumb\":{\"@id\":\"https:\/\/centcols.org\/sortie-vtt-des-cent-cols-de-suisse-a-morgins-vs-le-dimanche-28-juillet-2013\/#breadcrumb\"},\"inLanguage\":\"es\",\"potentialAction\":[{\"@type\":\"ReadAction\",\"target\":[\"https:\/\/centcols.org\/sortie-vtt-des-cent-cols-de-suisse-a-morgins-vs-le-dimanche-28-juillet-2013\/\"]}]},{\"@type\":\"ImageObject\",\"inLanguage\":\"es\",\"@id\":\"https:\/\/centcols.org\/sortie-vtt-des-cent-cols-de-suisse-a-morgins-vs-le-dimanche-28-juillet-2013\/#primaryimage\",\"url\":\"https:\/\/centcols.org\/wp-content\/uploads\/2025\/05\/morgins_depart.jpg\",\"contentUrl\":\"https:\/\/centcols.org\/wp-content\/uploads\/2025\/05\/morgins_depart.jpg\",\"width\":750,\"height\":416},{\"@type\":\"BreadcrumbList\",\"@id\":\"https:\/\/centcols.org\/sortie-vtt-des-cent-cols-de-suisse-a-morgins-vs-le-dimanche-28-juillet-2013\/#breadcrumb\",\"itemListElement\":[{\"@type\":\"ListItem\",\"position\":1,\"name\":\"Accueil\",\"item\":\"https:\/\/centcols.org\/\"},{\"@type\":\"ListItem\",\"position\":2,\"name\":\"Calendrier\",\"item\":\"https:\/\/centcols.org\/rubrique\/calendrier\/\"},{\"@type\":\"ListItem\",\"position\":3,\"name\":\"Sortie VTT des Cent Cols de Suisse \u00e0 Morgins (VS) le dimanche 28 juillet 2013\"}]},{\"@type\":\"WebSite\",\"@id\":\"https:\/\/centcols.org\/#website\",\"url\":\"https:\/\/centcols.org\/\",\"name\":\"Club des Cent Cols\",\"description\":\"\",\"publisher\":{\"@id\":\"https:\/\/centcols.org\/#organization\"},\"potentialAction\":[{\"@type\":\"SearchAction\",\"target\":{\"@type\":\"EntryPoint\",\"urlTemplate\":\"https:\/\/centcols.org\/?s={search_term_string}\"},\"query-input\":{\"@type\":\"PropertyValueSpecification\",\"valueRequired\":true,\"valueName\":\"search_term_string\"}}],\"inLanguage\":\"es\"},{\"@type\":\"Organization\",\"@id\":\"https:\/\/centcols.org\/#organization\",\"name\":\"Club des Cent Cols\",\"url\":\"https:\/\/centcols.org\/\",\"logo\":{\"@type\":\"ImageObject\",\"inLanguage\":\"es\",\"@id\":\"https:\/\/centcols.org\/#\/schema\/logo\/image\/\",\"url\":\"https:\/\/centcols.org\/wp-content\/uploads\/2025\/01\/carte-icone.png\",\"contentUrl\":\"https:\/\/centcols.org\/wp-content\/uploads\/2025\/01\/carte-icone.png\",\"width\":250,\"height\":250,\"caption\":\"Club des Cent Cols\"},\"image\":{\"@id\":\"https:\/\/centcols.org\/#\/schema\/logo\/image\/\"},\"sameAs\":[\"https:\/\/www.facebook.com\/groups\/5261880558\/?locale=fr_FR\"]},{\"@type\":\"Person\",\"@id\":\"https:\/\/centcols.org\/#\/schema\/person\/911b404fb133d8c913dd27cdcf71c8e5\",\"name\":\"Webmestre\",\"image\":{\"@type\":\"ImageObject\",\"inLanguage\":\"es\",\"@id\":\"https:\/\/centcols.org\/wp-content\/litespeed\/avatar\/2d246e4b6b4f773e08515e1ffc53690b.jpg?ver=1777222892\",\"url\":\"https:\/\/centcols.org\/wp-content\/litespeed\/avatar\/2d246e4b6b4f773e08515e1ffc53690b.jpg?ver=1777222892\",\"contentUrl\":\"https:\/\/centcols.org\/wp-content\/litespeed\/avatar\/2d246e4b6b4f773e08515e1ffc53690b.jpg?ver=1777222892\",\"caption\":\"Webmestre\"},\"url\":\"https:\/\/centcols.org\/es\/author\/webmestre\/\"}]}<\/script>\n<!-- \/ Yoast SEO plugin. -->","yoast_head_json":{"title":"Salida en bicicleta de monta\u00f1a Cent Cols de Suisse en Morgins (VS) el domingo 28 de julio de 2013 - Club des Cent Cols","robots":{"index":"index","follow":"follow","max-snippet":"max-snippet:-1","max-image-preview":"max-image-preview:large","max-video-preview":"max-video-preview:-1"},"canonical":"https:\/\/centcols.org\/es\/salida-en-bicicleta-de-montana-cent-cols-de-suisse-en-morgins-vs-el-domingo-28-de-julio-de-2013\/","og_locale":"es_ES","og_type":"article","og_title":"Sortie VTT des Cent Cols de Suisse \u00e0 Morgins (VS) le dimanche 28 juillet 2013 - Club des Cent Cols","og_description":"Pr\u00e9sentation 35 km pour 1000 m de d\u00e9nivellation. 4 cols.Rendez-vous \u00e0 Morgins, place du village \u00e0 8h30. D\u00e9part 9h00. Contact Alain Besson, chemin des Coumenets 11, 1000 Lausanne. T\u00e9l : +41 21 544 85 20 Email : [email]&#97;&#x31;&#98;&#x65;s&#115;&#x6f;&#110;&#x40;g&#x6d;a&#105;&#x6c;&#46;&#x63;o&#x6d;[\/email]","og_url":"https:\/\/centcols.org\/es\/salida-en-bicicleta-de-montana-cent-cols-de-suisse-en-morgins-vs-el-domingo-28-de-julio-de-2013\/","og_site_name":"Club des Cent Cols","article_publisher":"https:\/\/www.facebook.com\/groups\/5261880558\/?locale=fr_FR","article_published_time":"2015-04-29T05:22:40+00:00","article_modified_time":"2025-09-15T01:34:16+00:00","og_image":[{"width":750,"height":416,"url":"https:\/\/centcols.org\/wp-content\/uploads\/2025\/05\/morgins_depart.jpg","type":"image\/jpeg"}],"author":"Webmestre","twitter_card":"summary_large_image","twitter_misc":{"Escrito por":"Webmestre","Tiempo de lectura":"1 minuto"},"schema":{"@context":"https:\/\/schema.org","@graph":[{"@type":"Article","@id":"https:\/\/centcols.org\/sortie-vtt-des-cent-cols-de-suisse-a-morgins-vs-le-dimanche-28-juillet-2013\/#article","isPartOf":{"@id":"https:\/\/centcols.org\/sortie-vtt-des-cent-cols-de-suisse-a-morgins-vs-le-dimanche-28-juillet-2013\/"},"author":{"name":"Webmestre","@id":"https:\/\/centcols.org\/#\/schema\/person\/911b404fb133d8c913dd27cdcf71c8e5"},"headline":"Sortie VTT des Cent Cols de Suisse \u00e0 Morgins (VS) le dimanche 28 juillet 2013","datePublished":"2015-04-29T05:22:40+00:00","dateModified":"2025-09-15T01:34:16+00:00","mainEntityOfPage":{"@id":"https:\/\/centcols.org\/sortie-vtt-des-cent-cols-de-suisse-a-morgins-vs-le-dimanche-28-juillet-2013\/"},"wordCount":46,"publisher":{"@id":"https:\/\/centcols.org\/#organization"},"image":{"@id":"https:\/\/centcols.org\/sortie-vtt-des-cent-cols-de-suisse-a-morgins-vs-le-dimanche-28-juillet-2013\/#primaryimage"},"thumbnailUrl":"https:\/\/centcols.org\/wp-content\/uploads\/2025\/05\/morgins_depart.jpg","articleSection":["Calendrier","2013-rassemblements","Rencontres r\u00e9gionales"],"inLanguage":"es"},{"@type":"WebPage","@id":"https:\/\/centcols.org\/sortie-vtt-des-cent-cols-de-suisse-a-morgins-vs-le-dimanche-28-juillet-2013\/","url":"https:\/\/centcols.org\/sortie-vtt-des-cent-cols-de-suisse-a-morgins-vs-le-dimanche-28-juillet-2013\/","name":"Salida en bicicleta de monta\u00f1a Cent Cols de Suisse en Morgins (VS) el domingo 28 de julio de 2013 - Club des Cent Cols","isPartOf":{"@id":"https:\/\/centcols.org\/#website"},"primaryImageOfPage":{"@id":"https:\/\/centcols.org\/sortie-vtt-des-cent-cols-de-suisse-a-morgins-vs-le-dimanche-28-juillet-2013\/#primaryimage"},"image":{"@id":"https:\/\/centcols.org\/sortie-vtt-des-cent-cols-de-suisse-a-morgins-vs-le-dimanche-28-juillet-2013\/#primaryimage"},"thumbnailUrl":"https:\/\/centcols.org\/wp-content\/uploads\/2025\/05\/morgins_depart.jpg","datePublished":"2015-04-29T05:22:40+00:00","dateModified":"2025-09-15T01:34:16+00:00","breadcrumb":{"@id":"https:\/\/centcols.org\/sortie-vtt-des-cent-cols-de-suisse-a-morgins-vs-le-dimanche-28-juillet-2013\/#breadcrumb"},"inLanguage":"es","potentialAction":[{"@type":"ReadAction","target":["https:\/\/centcols.org\/sortie-vtt-des-cent-cols-de-suisse-a-morgins-vs-le-dimanche-28-juillet-2013\/"]}]},{"@type":"ImageObject","inLanguage":"es","@id":"https:\/\/centcols.org\/sortie-vtt-des-cent-cols-de-suisse-a-morgins-vs-le-dimanche-28-juillet-2013\/#primaryimage","url":"https:\/\/centcols.org\/wp-content\/uploads\/2025\/05\/morgins_depart.jpg","contentUrl":"https:\/\/centcols.org\/wp-content\/uploads\/2025\/05\/morgins_depart.jpg","width":750,"height":416},{"@type":"BreadcrumbList","@id":"https:\/\/centcols.org\/sortie-vtt-des-cent-cols-de-suisse-a-morgins-vs-le-dimanche-28-juillet-2013\/#breadcrumb","itemListElement":[{"@type":"ListItem","position":1,"name":"Accueil","item":"https:\/\/centcols.org\/"},{"@type":"ListItem","position":2,"name":"Calendrier","item":"https:\/\/centcols.org\/rubrique\/calendrier\/"},{"@type":"ListItem","position":3,"name":"Sortie VTT des Cent Cols de Suisse \u00e0 Morgins (VS) le dimanche 28 juillet 2013"}]},{"@type":"WebSite","@id":"https:\/\/centcols.org\/#website","url":"https:\/\/centcols.org\/","name":"Club des Cent Cols","description":"","publisher":{"@id":"https:\/\/centcols.org\/#organization"},"potentialAction":[{"@type":"SearchAction","target":{"@type":"EntryPoint","urlTemplate":"https:\/\/centcols.org\/?s={search_term_string}"},"query-input":{"@type":"PropertyValueSpecification","valueRequired":true,"valueName":"search_term_string"}}],"inLanguage":"es"},{"@type":"Organization","@id":"https:\/\/centcols.org\/#organization","name":"Club des Cent Cols","url":"https:\/\/centcols.org\/","logo":{"@type":"ImageObject","inLanguage":"es","@id":"https:\/\/centcols.org\/#\/schema\/logo\/image\/","url":"https:\/\/centcols.org\/wp-content\/uploads\/2025\/01\/carte-icone.png","contentUrl":"https:\/\/centcols.org\/wp-content\/uploads\/2025\/01\/carte-icone.png","width":250,"height":250,"caption":"Club des Cent Cols"},"image":{"@id":"https:\/\/centcols.org\/#\/schema\/logo\/image\/"},"sameAs":["https:\/\/www.facebook.com\/groups\/5261880558\/?locale=fr_FR"]},{"@type":"Person","@id":"https:\/\/centcols.org\/#\/schema\/person\/911b404fb133d8c913dd27cdcf71c8e5","name":"Webmaster","image":{"@type":"ImageObject","inLanguage":"es","@id":"https:\/\/centcols.org\/wp-content\/litespeed\/avatar\/2d246e4b6b4f773e08515e1ffc53690b.jpg?ver=1777222892","url":"https:\/\/centcols.org\/wp-content\/litespeed\/avatar\/2d246e4b6b4f773e08515e1ffc53690b.jpg?ver=1777222892","contentUrl":"https:\/\/centcols.org\/wp-content\/litespeed\/avatar\/2d246e4b6b4f773e08515e1ffc53690b.jpg?ver=1777222892","caption":"Webmestre"},"url":"https:\/\/centcols.org\/es\/author\/webmestre\/"}]}},"_links":{"self":[{"href":"https:\/\/centcols.org\/es\/wp-json\/wp\/v2\/posts\/81731","targetHints":{"allow":["GET"]}}],"collection":[{"href":"https:\/\/centcols.org\/es\/wp-json\/wp\/v2\/posts"}],"about":[{"href":"https:\/\/centcols.org\/es\/wp-json\/wp\/v2\/types\/post"}],"author":[{"embeddable":true,"href":"https:\/\/centcols.org\/es\/wp-json\/wp\/v2\/users\/3"}],"replies":[{"embeddable":true,"href":"https:\/\/centcols.org\/es\/wp-json\/wp\/v2\/comments?post=81731"}],"version-history":[{"count":0,"href":"https:\/\/centcols.org\/es\/wp-json\/wp\/v2\/posts\/81731\/revisions"}],"wp:featuredmedia":[{"embeddable":true,"href":"https:\/\/centcols.org\/es\/wp-json\/wp\/v2\/media\/81732"}],"wp:attachment":[{"href":"https:\/\/centcols.org\/es\/wp-json\/wp\/v2\/media?parent=81731"}],"wp:term":[{"taxonomy":"category","embeddable":true,"href":"https:\/\/centcols.org\/es\/wp-json\/wp\/v2\/categories?post=81731"},{"taxonomy":"post_tag","embeddable":true,"href":"https:\/\/centcols.org\/es\/wp-json\/wp\/v2\/tags?post=81731"}],"curies":[{"name":"wp","href":"https:\/\/api.w.org\/{rel}","templated":true}]}}