{"id":81737,"date":"2015-04-15T09:57:24","date_gmt":"2015-04-15T07:57:24","guid":{"rendered":"https:\/\/centcols.org\/assemblee-generale-des-1er-et-2-decembre-2007-a-fontbonne-tarn\/"},"modified":"2025-11-06T04:36:14","modified_gmt":"2025-11-06T02:36:14","slug":"asamblea-general-de-los-dias-1-y-2-de-diciembre-de-2007-en-fontbonne-tarn","status":"publish","type":"post","link":"https:\/\/centcols.org\/es\/assemblee-generale-des-1er-et-2-decembre-2007-a-fontbonne-tarn\/","title":{"rendered":"Asamblea General celebrada los d\u00edas 1 y 2 de diciembre de 2007 en Fontbonne (Tarn)"},"content":{"rendered":"<p><strong>En el bosque de Gr\u00e9signe<\/strong> con V\u00e9loce Club Montauban<\/p>\n\n\n\n<p>Con motivo del 130 aniversario del club, el V\u00e9loce Club Montalbanais se complace en acoger la Asamblea General 2007 del Club des Cent Cols, al borde del bosque de Gr\u00e9signe, en la reserva natural de Fontbonne ( <a href=\"http:\/\/www.fontbonne-tarn.com\/\" target=\"_blank\" rel=\"noreferrer noopener\">http:\/\/www.fontbonne-tarn.com<\/a> ), a 150 m de Pas de Cabal (FR-81-0431 57 2141 E 245-(051); 79 19 043 182 D87)<\/p>\n\n\n\n<p>A pocos kil\u00f3metros de los vi\u00f1edos de Gaillacois, haremos todo lo posible para satisfacer su apetito de curiosidades, puertos de monta\u00f1a...<\/p>\n\n\n\n<p>Te alojar\u00e1s in situ y el domingo podr\u00e1s subir a los 14 puertos de la zona: \u00a112 puertos en el bosque! (ver Topo 4, p 39) y dos puertos a pocos kil\u00f3metros (Pas de la Cl\u00e8de FR-81-0355 (82); Col de Libert\u00e9 FR-81-0433). Los adultos acompa\u00f1antes pueden realizar una visita guiada a los pueblos de Bruniquel (82) y Penne (81), o pasear por el bosque o por los senderos PR locales... Se ruega inscribirse in situ.<\/p>\n\n\n\n<p><strong>Atenci\u00f3n<\/strong>, La capacidad de alojamiento est\u00e1 limitada a 100 personas, y se dar\u00e1 prioridad a quienes vivan m\u00e1s lejos. Creemos que los miembros (Cent Cols) que vivan relativamente cerca del lugar de la AGM podr\u00e1n volver a casa el s\u00e1bado por la noche y regresar el domingo por la ma\u00f1ana para las excursiones en bicicleta. Por otra parte, como el n\u00famero de invitados ser\u00e1 de 120, algunos podr\u00e1n disfrutar juntos de la cena del s\u00e1bado.<\/p>\n\n\n\n<p>Si ha elegido viajar en tren, organizaremos un autob\u00fas lanzadera (con llegada el s\u00e1bado y regreso el domingo). No obstante, para facilitar la organizaci\u00f3n, le rogamos que me comunique su hora de llegada y de salida, as\u00ed como su hora de salida el domingo. El \u00abconductor\u00bb llevar\u00e1 un uniforme de \u00abCent Cols\u00bb y estar\u00e1 en el vest\u00edbulo de la estaci\u00f3n.<\/p>\n\n\n\n<p>Si has elegido tren + bici: Francis Touzeau se ofrece a acompa\u00f1arte: lo mismo, s\u00f3lo tienes que apuntarte y comunicarme tu hora de llegada, si es posible antes o alrededor de las 9.00 h. Salida desde la estaci\u00f3n SNCF.<\/p>\n\n\n\n<p>Si lo desea, se puede organizar una visita a los principales lugares de inter\u00e9s de la ciudad: nos vemos antes o alrededor de las 9.00 h, saliendo de la estaci\u00f3n; inscr\u00edbase y comun\u00edqueme su hora de llegada.<\/p>\n\n\n\n<p>Para los automovilistas: se colocar\u00e1 se\u00f1alizaci\u00f3n en las carreteras principales; se organizar\u00e1 una recepci\u00f3n in situ en el Centro de la Naturaleza de Fontbonne (cerca de Pas de Cabal 81 0431 en la D87) a partir de las 10.30 horas.<\/p>\n\n\n\n<p>Georges Golse <\/p>\n\n\n\n<p>Hasta pronto<\/p>\n\n\n\n<h2 class=\"wp-block-heading\">\u00c1lbumes de fotos<\/h2>\n\n\n\n<h3 class=\"wp-block-heading\">Primera parte: el ag y su preparaci\u00f3n <\/h3>\n\n\n\n<h4 class=\"wp-block-heading\">\u00c1lbum de Ren\u00e9 Poty<\/h4>\n\n\n\n<figure class=\"wp-block-gallery has-nested-images columns-default is-cropped wp-block-gallery-1 is-layout-flex wp-block-gallery-is-layout-flex\">\n<figure class=\"wp-block-image size-large\"><img loading=\"lazy\" decoding=\"async\" width=\"640\" height=\"360\" data-id=\"83501\" src=\"https:\/\/centcols.org\/wp-content\/uploads\/2015\/04\/rp_2168.jpg\" alt=\"\" class=\"wp-image-83501\"\/><\/figure>\n\n\n\n<figure class=\"wp-block-image size-large\"><img loading=\"lazy\" decoding=\"async\" width=\"640\" height=\"360\" data-id=\"83502\" src=\"https:\/\/centcols.org\/wp-content\/uploads\/2015\/04\/rp_2169.jpg\" alt=\"\" class=\"wp-image-83502\"\/><\/figure>\n<\/figure>\n\n\n\n<h4 class=\"wp-block-heading\">\u00c1lbum de Mario Labelle<\/h4>\n\n\n\n<figure class=\"wp-block-gallery has-nested-images columns-default is-cropped wp-block-gallery-2 is-layout-flex wp-block-gallery-is-layout-flex\">\n<figure class=\"wp-block-image size-large\"><a href=\"https:\/\/centcols.org\/wp-content\/uploads\/2015\/04\/ml_01.jpg\"><img loading=\"lazy\" decoding=\"async\" width=\"640\" height=\"480\" data-id=\"83441\" src=\"https:\/\/centcols.org\/wp-content\/uploads\/2015\/04\/ml_01.jpg\" alt=\"\" class=\"wp-image-83441\"\/><\/a><figcaption class=\"wp-element-caption\">El centro de Fontbonne bajo un cielo sombr\u00edo<\/figcaption><\/figure>\n\n\n\n<figure class=\"wp-block-image size-large\"><a href=\"https:\/\/centcols.org\/wp-content\/uploads\/2015\/04\/ml_02.jpg\"><img loading=\"lazy\" decoding=\"async\" width=\"640\" height=\"480\" data-id=\"83442\" src=\"https:\/\/centcols.org\/wp-content\/uploads\/2015\/04\/ml_02.jpg\" alt=\"\" class=\"wp-image-83442\"\/><\/a><\/figure>\n\n\n\n<figure class=\"wp-block-image size-large\"><a href=\"https:\/\/centcols.org\/wp-content\/uploads\/2015\/04\/ml_04.jpg\"><img loading=\"lazy\" decoding=\"async\" width=\"640\" height=\"480\" data-id=\"83443\" src=\"https:\/\/centcols.org\/wp-content\/uploads\/2015\/04\/ml_04.jpg\" alt=\"\" class=\"wp-image-83443\"\/><\/a><figcaption class=\"wp-element-caption\">Cena previa a la JGA<\/figcaption><\/figure>\n\n\n\n<figure class=\"wp-block-image size-large\"><a href=\"https:\/\/centcols.org\/wp-content\/uploads\/2015\/04\/ml_06.jpg\"><img loading=\"lazy\" decoding=\"async\" width=\"640\" height=\"480\" data-id=\"83445\" src=\"https:\/\/centcols.org\/wp-content\/uploads\/2015\/04\/ml_06.jpg\" alt=\"\" class=\"wp-image-83445\"\/><\/a><figcaption class=\"wp-element-caption\">Claude B\u00e9nistrand y R\u00e9gis Paraz presentan las \u00faltimas novedades del orden del d\u00eda<\/figcaption><\/figure>\n\n\n\n<figure class=\"wp-block-image size-large\"><a href=\"https:\/\/centcols.org\/wp-content\/uploads\/2015\/04\/ml_07.jpg\"><img loading=\"lazy\" decoding=\"async\" width=\"640\" height=\"480\" data-id=\"83446\" src=\"https:\/\/centcols.org\/wp-content\/uploads\/2015\/04\/ml_07.jpg\" alt=\"\" class=\"wp-image-83446\"\/><\/a><figcaption class=\"wp-element-caption\">Un p\u00fablico atento<\/figcaption><\/figure>\n\n\n\n<figure class=\"wp-block-image size-large\"><a href=\"https:\/\/centcols.org\/wp-content\/uploads\/2015\/04\/ml_08.jpg\"><img loading=\"lazy\" decoding=\"async\" width=\"640\" height=\"480\" data-id=\"83447\" src=\"https:\/\/centcols.org\/wp-content\/uploads\/2015\/04\/ml_08.jpg\" alt=\"\" class=\"wp-image-83447\"\/><\/a><\/figure>\n\n\n\n<figure class=\"wp-block-image size-large\"><a href=\"https:\/\/centcols.org\/wp-content\/uploads\/2015\/04\/ml_09.jpg\"><img loading=\"lazy\" decoding=\"async\" width=\"640\" height=\"480\" data-id=\"83448\" src=\"https:\/\/centcols.org\/wp-content\/uploads\/2015\/04\/ml_09.jpg\" alt=\"\" class=\"wp-image-83448\"\/><\/a><figcaption class=\"wp-element-caption\">Philippe Baudon, responsable de la secci\u00f3n La Bastide del V\u00e9loce Club Montalbanais, nos recibe en su tierra.<\/figcaption><\/figure>\n\n\n\n<figure class=\"wp-block-image size-large\"><a href=\"https:\/\/centcols.org\/wp-content\/uploads\/2015\/04\/ml_10.jpg\"><img loading=\"lazy\" decoding=\"async\" width=\"640\" height=\"480\" data-id=\"83449\" src=\"https:\/\/centcols.org\/wp-content\/uploads\/2015\/04\/ml_10.jpg\" alt=\"\" class=\"wp-image-83449\"\/><\/a><figcaption class=\"wp-element-caption\">Ren\u00e9 Poty lee el informe de actividades<\/figcaption><\/figure>\n\n\n\n<figure class=\"wp-block-image size-large\"><a href=\"https:\/\/centcols.org\/wp-content\/uploads\/2015\/04\/ml_12.jpg\"><img loading=\"lazy\" decoding=\"async\" width=\"640\" height=\"480\" data-id=\"83450\" src=\"https:\/\/centcols.org\/wp-content\/uploads\/2015\/04\/ml_12.jpg\" alt=\"\" class=\"wp-image-83450\"\/><\/a><figcaption class=\"wp-element-caption\">Con mil collares, Mille(t) (Ni)col(e) puede por fin llevar con orgullo su nombre<\/figcaption><\/figure>\n\n\n\n<figure class=\"wp-block-image size-large\"><a href=\"https:\/\/centcols.org\/wp-content\/uploads\/2015\/04\/ml_14.jpg\"><img loading=\"lazy\" decoding=\"async\" width=\"640\" height=\"480\" data-id=\"83451\" src=\"https:\/\/centcols.org\/wp-content\/uploads\/2015\/04\/ml_14.jpg\" alt=\"\" class=\"wp-image-83451\"\/><\/a><figcaption class=\"wp-element-caption\">Michel M\u00e9dina, delegado regional saliente de la zona 04S, recibe una de las nuevas pegatinas para autocaravanas.<\/figcaption><\/figure>\n\n\n\n<figure class=\"wp-block-image size-large\"><a href=\"https:\/\/centcols.org\/wp-content\/uploads\/2015\/04\/ml_15.jpg\"><img loading=\"lazy\" decoding=\"async\" width=\"640\" height=\"480\" data-id=\"83452\" src=\"https:\/\/centcols.org\/wp-content\/uploads\/2015\/04\/ml_15.jpg\" alt=\"\" class=\"wp-image-83452\"\/><\/a><figcaption class=\"wp-element-caption\">Tambi\u00e9n quiero dar las gracias a Georges Golse, maestro de ceremonias y organizador de esta Junta General.<\/figcaption><\/figure>\n<\/figure>\n\n\n\n<h4 class=\"wp-block-heading\">\u00c1lbum de Pierre Mai<\/h4>\n\n\n\n<figure class=\"wp-block-gallery has-nested-images columns-default is-cropped wp-block-gallery-3 is-layout-flex wp-block-gallery-is-layout-flex\">\n<figure class=\"wp-block-image size-large\"><a href=\"https:\/\/centcols.org\/wp-content\/uploads\/2015\/04\/pc010007.jpg\"><img loading=\"lazy\" decoding=\"async\" width=\"640\" height=\"480\" data-id=\"83453\" src=\"https:\/\/centcols.org\/wp-content\/uploads\/2015\/04\/pc010007.jpg\" alt=\"\" class=\"wp-image-83453\"\/><\/a><figcaption class=\"wp-element-caption\">La llegada del autocar alpino, que sali\u00f3 de Alta Saboya a las 2.30 h.<\/figcaption><\/figure>\n\n\n\n<figure class=\"wp-block-image size-large\"><a href=\"https:\/\/centcols.org\/wp-content\/uploads\/2015\/04\/pc010009.jpg\"><img loading=\"lazy\" decoding=\"async\" width=\"640\" height=\"480\" data-id=\"83454\" src=\"https:\/\/centcols.org\/wp-content\/uploads\/2015\/04\/pc010009.jpg\" alt=\"\" class=\"wp-image-83454\"\/><\/a><\/figure>\n\n\n\n<figure class=\"wp-block-image size-large\"><a href=\"https:\/\/centcols.org\/wp-content\/uploads\/2015\/04\/pc010012.jpg\"><img loading=\"lazy\" decoding=\"async\" width=\"640\" height=\"480\" data-id=\"83455\" src=\"https:\/\/centcols.org\/wp-content\/uploads\/2015\/04\/pc010012.jpg\" alt=\"\" class=\"wp-image-83455\"\/><\/a><figcaption class=\"wp-element-caption\">Mario Labelle y R\u00e9gis Paraz configuran el ordenador<\/figcaption><\/figure>\n\n\n\n<figure class=\"wp-block-image size-large\"><a href=\"https:\/\/centcols.org\/wp-content\/uploads\/2015\/04\/pc010015.jpg\"><img loading=\"lazy\" decoding=\"async\" width=\"640\" height=\"480\" data-id=\"83457\" src=\"https:\/\/centcols.org\/wp-content\/uploads\/2015\/04\/pc010015.jpg\" alt=\"\" class=\"wp-image-83457\"\/><\/a><\/figure>\n\n\n\n<figure class=\"wp-block-image size-large\"><a href=\"https:\/\/centcols.org\/wp-content\/uploads\/2015\/04\/pc010013.jpg\"><img loading=\"lazy\" decoding=\"async\" width=\"640\" height=\"480\" data-id=\"83456\" src=\"https:\/\/centcols.org\/wp-content\/uploads\/2015\/04\/pc010013.jpg\" alt=\"\" class=\"wp-image-83456\"\/><\/a><\/figure>\n\n\n\n<figure class=\"wp-block-image size-large\"><a href=\"https:\/\/centcols.org\/wp-content\/uploads\/2015\/04\/pc010016.jpg\"><img loading=\"lazy\" decoding=\"async\" width=\"640\" height=\"480\" data-id=\"83458\" src=\"https:\/\/centcols.org\/wp-content\/uploads\/2015\/04\/pc010016.jpg\" alt=\"\" class=\"wp-image-83458\"\/><\/a><figcaption class=\"wp-element-caption\">Claude B\u00e9nistrand inaugura la JGA<\/figcaption><\/figure>\n\n\n\n<figure class=\"wp-block-image size-large\"><a href=\"https:\/\/centcols.org\/wp-content\/uploads\/2015\/04\/pc010017.jpg\"><img loading=\"lazy\" decoding=\"async\" width=\"640\" height=\"480\" data-id=\"83459\" src=\"https:\/\/centcols.org\/wp-content\/uploads\/2015\/04\/pc010017.jpg\" alt=\"\" class=\"wp-image-83459\"\/><\/a><figcaption class=\"wp-element-caption\">Michel Mathieu presenta el informe financiero<\/figcaption><\/figure>\n\n\n\n<figure class=\"wp-block-image size-large\"><a href=\"https:\/\/centcols.org\/wp-content\/uploads\/2015\/04\/pc010018.jpg\"><img loading=\"lazy\" decoding=\"async\" width=\"640\" height=\"480\" data-id=\"83460\" src=\"https:\/\/centcols.org\/wp-content\/uploads\/2015\/04\/pc010018.jpg\" alt=\"\" class=\"wp-image-83460\"\/><\/a><figcaption class=\"wp-element-caption\">Informe de los auditores, Christophe Guitton y Gilbert Roy<\/figcaption><\/figure>\n\n\n\n<figure class=\"wp-block-image size-large\"><a href=\"https:\/\/centcols.org\/wp-content\/uploads\/2015\/04\/pc010020.jpg\"><img loading=\"lazy\" decoding=\"async\" width=\"640\" height=\"480\" data-id=\"83461\" src=\"https:\/\/centcols.org\/wp-content\/uploads\/2015\/04\/pc010020.jpg\" alt=\"\" class=\"wp-image-83461\"\/><\/a><figcaption class=\"wp-element-caption\">R\u00e9gis Paraz presenta la nueva ruta permanente de los 100 puertos de la regi\u00f3n de Saboya utilizando Google Earth<\/figcaption><\/figure>\n\n\n\n<figure class=\"wp-block-image size-large\"><a href=\"https:\/\/centcols.org\/wp-content\/uploads\/2015\/04\/pc010022.jpg\"><img loading=\"lazy\" decoding=\"async\" width=\"640\" height=\"480\" data-id=\"83462\" src=\"https:\/\/centcols.org\/wp-content\/uploads\/2015\/04\/pc010022.jpg\" alt=\"\" class=\"wp-image-83462\"\/><\/a><figcaption class=\"wp-element-caption\">Mireille Corbet nuevo miembro N\u00b06415 de Sillingy<\/figcaption><\/figure>\n\n\n\n<figure class=\"wp-block-image size-large\"><a href=\"https:\/\/centcols.org\/wp-content\/uploads\/2015\/04\/pc010023.jpg\"><img loading=\"lazy\" decoding=\"async\" width=\"640\" height=\"480\" data-id=\"83463\" src=\"https:\/\/centcols.org\/wp-content\/uploads\/2015\/04\/pc010023.jpg\" alt=\"\" class=\"wp-image-83463\"\/><\/a><figcaption class=\"wp-element-caption\">Yves Papot nuevo miembro N\u00b06447 de Dunkerque<\/figcaption><\/figure>\n\n\n\n<figure class=\"wp-block-image size-large\"><a href=\"https:\/\/centcols.org\/wp-content\/uploads\/2015\/04\/pc010026.jpg\"><img loading=\"lazy\" decoding=\"async\" width=\"640\" height=\"480\" data-id=\"83464\" src=\"https:\/\/centcols.org\/wp-content\/uploads\/2015\/04\/pc010026.jpg\" alt=\"\" class=\"wp-image-83464\"\/><\/a><figcaption class=\"wp-element-caption\">Claude y Francine Mabillot reciben su diploma de t\u00e1ndem de 500 cols...<\/figcaption><\/figure>\n\n\n\n<figure class=\"wp-block-image size-large\"><a href=\"https:\/\/centcols.org\/wp-content\/uploads\/2015\/04\/pc010030.jpg\"><img loading=\"lazy\" decoding=\"async\" width=\"640\" height=\"480\" data-id=\"83465\" src=\"https:\/\/centcols.org\/wp-content\/uploads\/2015\/04\/pc010030.jpg\" alt=\"\" class=\"wp-image-83465\"\/><\/a><figcaption class=\"wp-element-caption\">El tesorero Michel Mathieu con 4.000 botellas de vino<\/figcaption><\/figure>\n\n\n\n<figure class=\"wp-block-image size-large\"><a href=\"https:\/\/centcols.org\/wp-content\/uploads\/2015\/04\/pc010037.jpg\"><img loading=\"lazy\" decoding=\"async\" width=\"640\" height=\"480\" data-id=\"83466\" src=\"https:\/\/centcols.org\/wp-content\/uploads\/2015\/04\/pc010037.jpg\" alt=\"\" class=\"wp-image-83466\"\/><\/a><figcaption class=\"wp-element-caption\">Despu\u00e9s de la AGM, es hora de sentarse a cenar<\/figcaption><\/figure>\n\n\n\n<figure class=\"wp-block-image size-large\"><a href=\"https:\/\/centcols.org\/wp-content\/uploads\/2015\/04\/pc010038.jpg\"><img loading=\"lazy\" decoding=\"async\" width=\"640\" height=\"480\" data-id=\"83467\" src=\"https:\/\/centcols.org\/wp-content\/uploads\/2015\/04\/pc010038.jpg\" alt=\"\" class=\"wp-image-83467\"\/><\/a><\/figure>\n\n\n\n<figure class=\"wp-block-image size-large\"><a href=\"https:\/\/centcols.org\/wp-content\/uploads\/2015\/04\/pc010040.jpg\"><img loading=\"lazy\" decoding=\"async\" width=\"640\" height=\"480\" data-id=\"83468\" src=\"https:\/\/centcols.org\/wp-content\/uploads\/2015\/04\/pc010040.jpg\" alt=\"\" class=\"wp-image-83468\"\/><\/a><\/figure>\n<\/figure>\n\n\n\n<h3 class=\"wp-block-heading\"><strong>Segunda parte: la salida en bicicleta<\/strong><\/h3>\n\n\n\n<h4 class=\"wp-block-heading\">\u00c1lbum de fotos de Ren\u00e9 Poty<\/h4>\n\n\n\n<figure class=\"wp-block-gallery has-nested-images columns-default is-cropped wp-block-gallery-4 is-layout-flex wp-block-gallery-is-layout-flex\">\n<figure class=\"wp-block-image size-large\"><a href=\"https:\/\/centcols.org\/wp-content\/uploads\/2015\/04\/rp_2188.jpg\"><img loading=\"lazy\" decoding=\"async\" width=\"604\" height=\"480\" data-id=\"83513\" src=\"https:\/\/centcols.org\/wp-content\/uploads\/2015\/04\/rp_2188.jpg\" alt=\"\" class=\"wp-image-83513\"\/><\/a><figcaption class=\"wp-element-caption\">Nuestros invitados de fin de semana<\/figcaption><\/figure>\n\n\n\n<figure class=\"wp-block-image size-large\"><a href=\"https:\/\/centcols.org\/wp-content\/uploads\/2015\/04\/ml_05.jpg\"><img loading=\"lazy\" decoding=\"async\" width=\"640\" height=\"480\" data-id=\"83444\" src=\"https:\/\/centcols.org\/wp-content\/uploads\/2015\/04\/ml_05.jpg\" alt=\"\" class=\"wp-image-83444\"\/><\/a><figcaption class=\"wp-element-caption\">El macizo de For\u00eat de Gr\u00e9signe y sus 12 puertos nos esperan<\/figcaption><\/figure>\n\n\n\n<figure class=\"wp-block-image size-large\"><a href=\"https:\/\/centcols.org\/wp-content\/uploads\/2015\/04\/rp_2176.jpg\"><img loading=\"lazy\" decoding=\"async\" width=\"270\" height=\"480\" data-id=\"83503\" src=\"https:\/\/centcols.org\/wp-content\/uploads\/2015\/04\/rp_2176.jpg\" alt=\"\" class=\"wp-image-83503\"\/><\/a><\/figure>\n\n\n\n<figure class=\"wp-block-image size-large\"><a href=\"https:\/\/centcols.org\/wp-content\/uploads\/2015\/04\/rp_2177.jpg\"><img loading=\"lazy\" decoding=\"async\" width=\"270\" height=\"480\" data-id=\"83504\" src=\"https:\/\/centcols.org\/wp-content\/uploads\/2015\/04\/rp_2177.jpg\" alt=\"\" class=\"wp-image-83504\"\/><\/a><\/figure>\n\n\n\n<figure class=\"wp-block-image size-large\"><a href=\"https:\/\/centcols.org\/wp-content\/uploads\/2015\/04\/rp_2178.jpg\"><img loading=\"lazy\" decoding=\"async\" width=\"217\" height=\"480\" data-id=\"83505\" src=\"https:\/\/centcols.org\/wp-content\/uploads\/2015\/04\/rp_2178.jpg\" alt=\"\" class=\"wp-image-83505\"\/><\/a><\/figure>\n\n\n\n<figure class=\"wp-block-image size-large\"><a href=\"https:\/\/centcols.org\/wp-content\/uploads\/2015\/04\/rp_2179.jpg\"><img loading=\"lazy\" decoding=\"async\" width=\"319\" height=\"480\" data-id=\"83506\" src=\"https:\/\/centcols.org\/wp-content\/uploads\/2015\/04\/rp_2179.jpg\" alt=\"\" class=\"wp-image-83506\"\/><\/a><\/figure>\n\n\n\n<figure class=\"wp-block-image size-large\"><a href=\"https:\/\/centcols.org\/wp-content\/uploads\/2015\/04\/rp_2180.jpg\"><img loading=\"lazy\" decoding=\"async\" width=\"191\" height=\"480\" data-id=\"83507\" src=\"https:\/\/centcols.org\/wp-content\/uploads\/2015\/04\/rp_2180.jpg\" alt=\"\" class=\"wp-image-83507\"\/><\/a><\/figure>\n\n\n\n<figure class=\"wp-block-image size-large\"><a href=\"https:\/\/centcols.org\/wp-content\/uploads\/2015\/04\/rp_2181.jpg\"><img loading=\"lazy\" decoding=\"async\" width=\"640\" height=\"360\" data-id=\"83508\" src=\"https:\/\/centcols.org\/wp-content\/uploads\/2015\/04\/rp_2181.jpg\" alt=\"\" class=\"wp-image-83508\"\/><\/a><\/figure>\n\n\n\n<figure class=\"wp-block-image size-large\"><a href=\"https:\/\/centcols.org\/wp-content\/uploads\/2015\/04\/rp_2182.jpg\"><img loading=\"lazy\" decoding=\"async\" width=\"270\" height=\"480\" data-id=\"83509\" src=\"https:\/\/centcols.org\/wp-content\/uploads\/2015\/04\/rp_2182.jpg\" alt=\"\" class=\"wp-image-83509\"\/><\/a><\/figure>\n\n\n\n<figure class=\"wp-block-image size-large\"><a href=\"https:\/\/centcols.org\/wp-content\/uploads\/2015\/04\/rp_2184.jpg\"><img loading=\"lazy\" decoding=\"async\" width=\"640\" height=\"360\" data-id=\"83510\" src=\"https:\/\/centcols.org\/wp-content\/uploads\/2015\/04\/rp_2184.jpg\" alt=\"\" class=\"wp-image-83510\"\/><\/a><figcaption class=\"wp-element-caption\">Ceremonia en memoria de Joseph Bastit, ex presidente de V\u00e9loce<\/figcaption><\/figure>\n\n\n\n<figure class=\"wp-block-image size-large\"><a href=\"https:\/\/centcols.org\/wp-content\/uploads\/2015\/04\/rp_2185.jpg\"><img loading=\"lazy\" decoding=\"async\" width=\"640\" height=\"360\" data-id=\"83511\" src=\"https:\/\/centcols.org\/wp-content\/uploads\/2015\/04\/rp_2185.jpg\" alt=\"\" class=\"wp-image-83511\"\/><\/a><\/figure>\n\n\n\n<figure class=\"wp-block-image size-large\"><a href=\"https:\/\/centcols.org\/wp-content\/uploads\/2015\/04\/rp_2187.jpg\"><img loading=\"lazy\" decoding=\"async\" width=\"640\" height=\"360\" data-id=\"83512\" src=\"https:\/\/centcols.org\/wp-content\/uploads\/2015\/04\/rp_2187.jpg\" alt=\"\" class=\"wp-image-83512\"\/><\/a><figcaption class=\"wp-element-caption\">Un \u00faltimo picnic antes de despedirnos<\/figcaption><\/figure>\n<\/figure>\n\n\n\n<h4 class=\"wp-block-heading\">\u00c1lbum de fotos de Philippe Carrez<\/h4>\n\n\n\n<figure class=\"wp-block-gallery has-nested-images columns-default is-cropped wp-block-gallery-5 is-layout-flex wp-block-gallery-is-layout-flex\">\n<figure class=\"wp-block-image size-large\"><a href=\"https:\/\/centcols.org\/wp-content\/uploads\/2015\/04\/pc020042.jpg\"><img loading=\"lazy\" decoding=\"async\" width=\"640\" height=\"431\" data-id=\"83469\" src=\"https:\/\/centcols.org\/wp-content\/uploads\/2015\/04\/pc020042.jpg\" alt=\"\" class=\"wp-image-83469\"\/><\/a><figcaption class=\"wp-element-caption\">Domingo por la ma\u00f1ana, hay una gran multitud en la salida<\/figcaption><\/figure>\n\n\n\n<figure class=\"wp-block-image size-large\"><a href=\"https:\/\/centcols.org\/wp-content\/uploads\/2015\/04\/pc020043.jpg\"><img loading=\"lazy\" decoding=\"async\" width=\"640\" height=\"480\" data-id=\"83470\" src=\"https:\/\/centcols.org\/wp-content\/uploads\/2015\/04\/pc020043.jpg\" alt=\"\" class=\"wp-image-83470\"\/><\/a><\/figure>\n\n\n\n<figure class=\"wp-block-image size-large\"><a href=\"https:\/\/centcols.org\/wp-content\/uploads\/2015\/04\/pc020044.jpg\"><img loading=\"lazy\" decoding=\"async\" width=\"640\" height=\"480\" data-id=\"83471\" src=\"https:\/\/centcols.org\/wp-content\/uploads\/2015\/04\/pc020044.jpg\" alt=\"\" class=\"wp-image-83471\"\/><\/a><figcaption class=\"wp-element-caption\">Los camioneros salieron primero con niebla ligera<\/figcaption><\/figure>\n\n\n\n<figure class=\"wp-block-image size-large\"><a href=\"https:\/\/centcols.org\/wp-content\/uploads\/2015\/04\/pc020045.jpg\"><img loading=\"lazy\" decoding=\"async\" width=\"640\" height=\"480\" data-id=\"83472\" src=\"https:\/\/centcols.org\/wp-content\/uploads\/2015\/04\/pc020045.jpg\" alt=\"\" class=\"wp-image-83472\"\/><\/a><\/figure>\n\n\n\n<figure class=\"wp-block-image size-large\"><a href=\"https:\/\/centcols.org\/wp-content\/uploads\/2015\/04\/pc020046.jpg\"><img loading=\"lazy\" decoding=\"async\" width=\"640\" height=\"480\" data-id=\"83473\" src=\"https:\/\/centcols.org\/wp-content\/uploads\/2015\/04\/pc020046.jpg\" alt=\"\" class=\"wp-image-83473\"\/><\/a><figcaption class=\"wp-element-caption\">Los ciclistas de monta\u00f1a van justo detr\u00e1s<\/figcaption><\/figure>\n\n\n\n<figure class=\"wp-block-image size-large\"><a href=\"https:\/\/centcols.org\/wp-content\/uploads\/2015\/04\/pc020047.jpg\"><img loading=\"lazy\" decoding=\"async\" width=\"640\" height=\"480\" data-id=\"83474\" src=\"https:\/\/centcols.org\/wp-content\/uploads\/2015\/04\/pc020047.jpg\" alt=\"\" class=\"wp-image-83474\"\/><\/a><\/figure>\n\n\n\n<figure class=\"wp-block-image size-large\"><a href=\"https:\/\/centcols.org\/wp-content\/uploads\/2015\/04\/pc020048.jpg\"><img loading=\"lazy\" decoding=\"async\" width=\"640\" height=\"480\" data-id=\"83475\" src=\"https:\/\/centcols.org\/wp-content\/uploads\/2015\/04\/pc020048.jpg\" alt=\"\" class=\"wp-image-83475\"\/><\/a><\/figure>\n\n\n\n<figure class=\"wp-block-image size-large\"><a href=\"https:\/\/centcols.org\/wp-content\/uploads\/2015\/04\/pc020049.jpg\"><img loading=\"lazy\" decoding=\"async\" width=\"640\" height=\"480\" data-id=\"83476\" src=\"https:\/\/centcols.org\/wp-content\/uploads\/2015\/04\/pc020049.jpg\" alt=\"\" class=\"wp-image-83476\"\/><\/a><figcaption class=\"wp-element-caption\">Atasco en Pas de Bourres<\/figcaption><\/figure>\n\n\n\n<figure class=\"wp-block-image size-large\"><a href=\"https:\/\/centcols.org\/wp-content\/uploads\/2015\/04\/pc020050.jpg\"><img loading=\"lazy\" decoding=\"async\" width=\"640\" height=\"480\" data-id=\"83477\" src=\"https:\/\/centcols.org\/wp-content\/uploads\/2015\/04\/pc020050.jpg\" alt=\"\" class=\"wp-image-83477\"\/><\/a><figcaption class=\"wp-element-caption\">De camino a Pas de Pontraute<\/figcaption><\/figure>\n\n\n\n<figure class=\"wp-block-image size-large\"><a href=\"https:\/\/centcols.org\/wp-content\/uploads\/2015\/04\/pc020051.jpg\"><img loading=\"lazy\" decoding=\"async\" width=\"640\" height=\"480\" data-id=\"83478\" src=\"https:\/\/centcols.org\/wp-content\/uploads\/2015\/04\/pc020051.jpg\" alt=\"\" class=\"wp-image-83478\"\/><\/a><figcaption class=\"wp-element-caption\">Au Pas de Pontraute<\/figcaption><\/figure>\n\n\n\n<figure class=\"wp-block-image size-large\"><a href=\"https:\/\/centcols.org\/wp-content\/uploads\/2015\/04\/pc020057.jpg\"><img loading=\"lazy\" decoding=\"async\" width=\"640\" height=\"480\" data-id=\"83479\" src=\"https:\/\/centcols.org\/wp-content\/uploads\/2015\/04\/pc020057.jpg\" alt=\"\" class=\"wp-image-83479\"\/><\/a><figcaption class=\"wp-element-caption\">Descenso del Pas de Caillaret<\/figcaption><\/figure>\n\n\n\n<figure class=\"wp-block-image size-large\"><a href=\"https:\/\/centcols.org\/wp-content\/uploads\/2015\/04\/pc020058.jpg\"><img loading=\"lazy\" decoding=\"async\" width=\"640\" height=\"480\" data-id=\"83480\" src=\"https:\/\/centcols.org\/wp-content\/uploads\/2015\/04\/pc020058.jpg\" alt=\"\" class=\"wp-image-83480\"\/><\/a><figcaption class=\"wp-element-caption\">Hacia Pas des Bondes<\/figcaption><\/figure>\n\n\n\n<figure class=\"wp-block-image size-large\"><a href=\"https:\/\/centcols.org\/wp-content\/uploads\/2015\/04\/pc020059.jpg\"><img loading=\"lazy\" decoding=\"async\" width=\"640\" height=\"480\" data-id=\"83481\" src=\"https:\/\/centcols.org\/wp-content\/uploads\/2015\/04\/pc020059.jpg\" alt=\"\" class=\"wp-image-83481\"\/><\/a><figcaption class=\"wp-element-caption\">Llegada a Pas de la Lign\u00e9e<\/figcaption><\/figure>\n\n\n\n<figure class=\"wp-block-image size-large\"><a href=\"https:\/\/centcols.org\/wp-content\/uploads\/2015\/04\/pc020061.jpg\"><img loading=\"lazy\" decoding=\"async\" width=\"640\" height=\"480\" data-id=\"83482\" src=\"https:\/\/centcols.org\/wp-content\/uploads\/2015\/04\/pc020061.jpg\" alt=\"\" class=\"wp-image-83482\"\/><\/a><\/figure>\n\n\n\n<figure class=\"wp-block-image size-large\"><a href=\"https:\/\/centcols.org\/wp-content\/uploads\/2015\/04\/pc020062.jpg\"><img loading=\"lazy\" decoding=\"async\" width=\"640\" height=\"480\" data-id=\"83483\" src=\"https:\/\/centcols.org\/wp-content\/uploads\/2015\/04\/pc020062.jpg\" alt=\"\" class=\"wp-image-83483\"\/><\/a><\/figure>\n<\/figure>\n\n\n\n<h4 class=\"wp-block-heading\">\u00c1lbum de Pierre Mai<\/h4>\n\n\n\n<figure class=\"wp-block-gallery has-nested-images columns-default is-cropped wp-block-gallery-6 is-layout-flex wp-block-gallery-is-layout-flex\">\n<figure class=\"wp-block-image size-large\"><a href=\"https:\/\/centcols.org\/wp-content\/uploads\/2015\/04\/pm-01.jpg\"><img loading=\"lazy\" decoding=\"async\" width=\"640\" height=\"480\" data-id=\"83485\" src=\"https:\/\/centcols.org\/wp-content\/uploads\/2015\/04\/pm-01.jpg\" alt=\"\" class=\"wp-image-83485\"\/><\/a><\/figure>\n\n\n\n<figure class=\"wp-block-image size-large\"><a href=\"https:\/\/centcols.org\/wp-content\/uploads\/2015\/04\/pm-00.jpg\"><img loading=\"lazy\" decoding=\"async\" width=\"640\" height=\"480\" data-id=\"83484\" src=\"https:\/\/centcols.org\/wp-content\/uploads\/2015\/04\/pm-00.jpg\" alt=\"\" class=\"wp-image-83484\"\/><\/a><\/figure>\n\n\n\n<figure class=\"wp-block-image size-large\"><a href=\"https:\/\/centcols.org\/wp-content\/uploads\/2015\/04\/pm-03.jpg\"><img loading=\"lazy\" decoding=\"async\" width=\"360\" height=\"480\" data-id=\"83486\" src=\"https:\/\/centcols.org\/wp-content\/uploads\/2015\/04\/pm-03.jpg\" alt=\"\" class=\"wp-image-83486\"\/><\/a><\/figure>\n\n\n\n<figure class=\"wp-block-image size-large\"><a href=\"https:\/\/centcols.org\/wp-content\/uploads\/2015\/04\/pm-04.jpg\"><img loading=\"lazy\" decoding=\"async\" width=\"640\" height=\"480\" data-id=\"83487\" src=\"https:\/\/centcols.org\/wp-content\/uploads\/2015\/04\/pm-04.jpg\" alt=\"\" class=\"wp-image-83487\"\/><\/a><\/figure>\n\n\n\n<figure class=\"wp-block-image size-large\"><a href=\"https:\/\/centcols.org\/wp-content\/uploads\/2015\/04\/pm-06.jpg\"><img loading=\"lazy\" decoding=\"async\" width=\"640\" height=\"480\" data-id=\"83488\" src=\"https:\/\/centcols.org\/wp-content\/uploads\/2015\/04\/pm-06.jpg\" alt=\"\" class=\"wp-image-83488\"\/><\/a><\/figure>\n\n\n\n<figure class=\"wp-block-image size-large\"><a href=\"https:\/\/centcols.org\/wp-content\/uploads\/2015\/04\/pm-07.jpg\"><img loading=\"lazy\" decoding=\"async\" width=\"640\" height=\"480\" data-id=\"83489\" src=\"https:\/\/centcols.org\/wp-content\/uploads\/2015\/04\/pm-07.jpg\" alt=\"\" class=\"wp-image-83489\"\/><\/a><\/figure>\n\n\n\n<figure class=\"wp-block-image size-large\"><a href=\"https:\/\/centcols.org\/wp-content\/uploads\/2015\/04\/pm-08.jpg\"><img loading=\"lazy\" decoding=\"async\" width=\"640\" height=\"480\" data-id=\"83490\" src=\"https:\/\/centcols.org\/wp-content\/uploads\/2015\/04\/pm-08.jpg\" alt=\"\" class=\"wp-image-83490\"\/><\/a><\/figure>\n\n\n\n<figure class=\"wp-block-image size-large\"><a href=\"https:\/\/centcols.org\/wp-content\/uploads\/2015\/04\/pm-09.jpg\"><img loading=\"lazy\" decoding=\"async\" width=\"640\" height=\"480\" data-id=\"83491\" src=\"https:\/\/centcols.org\/wp-content\/uploads\/2015\/04\/pm-09.jpg\" alt=\"\" class=\"wp-image-83491\"\/><\/a><\/figure>\n\n\n\n<figure class=\"wp-block-image size-large\"><a href=\"https:\/\/centcols.org\/wp-content\/uploads\/2015\/04\/pm-11.jpg\"><img loading=\"lazy\" decoding=\"async\" width=\"640\" height=\"480\" data-id=\"83492\" src=\"https:\/\/centcols.org\/wp-content\/uploads\/2015\/04\/pm-11.jpg\" alt=\"\" class=\"wp-image-83492\"\/><\/a><\/figure>\n\n\n\n<figure class=\"wp-block-image size-large\"><a href=\"https:\/\/centcols.org\/wp-content\/uploads\/2015\/04\/pm-14.jpg\"><img loading=\"lazy\" decoding=\"async\" width=\"640\" height=\"480\" data-id=\"83493\" src=\"https:\/\/centcols.org\/wp-content\/uploads\/2015\/04\/pm-14.jpg\" alt=\"\" class=\"wp-image-83493\"\/><\/a><figcaption class=\"wp-element-caption\">Llegada a Pas de Pommar\u00e8de <\/figcaption><\/figure>\n\n\n\n<figure class=\"wp-block-image size-large\"><a href=\"https:\/\/centcols.org\/wp-content\/uploads\/2015\/04\/pm-16.jpg\"><img loading=\"lazy\" decoding=\"async\" width=\"640\" height=\"480\" data-id=\"83494\" src=\"https:\/\/centcols.org\/wp-content\/uploads\/2015\/04\/pm-16.jpg\" alt=\"\" class=\"wp-image-83494\"\/><\/a><\/figure>\n\n\n\n<figure class=\"wp-block-image size-large\"><a href=\"https:\/\/centcols.org\/wp-content\/uploads\/2015\/04\/pm-17.jpg\"><img loading=\"lazy\" decoding=\"async\" width=\"640\" height=\"480\" data-id=\"83495\" src=\"https:\/\/centcols.org\/wp-content\/uploads\/2015\/04\/pm-17.jpg\" alt=\"\" class=\"wp-image-83495\"\/><\/a><figcaption class=\"wp-element-caption\">Le Pas de Sauze<\/figcaption><\/figure>\n\n\n\n<figure class=\"wp-block-image size-large\"><a href=\"https:\/\/centcols.org\/wp-content\/uploads\/2015\/04\/pm-18.jpg\"><img loading=\"lazy\" decoding=\"async\" width=\"640\" height=\"480\" data-id=\"83496\" src=\"https:\/\/centcols.org\/wp-content\/uploads\/2015\/04\/pm-18.jpg\" alt=\"\" class=\"wp-image-83496\"\/><\/a><\/figure>\n\n\n\n<figure class=\"wp-block-image size-large\"><a href=\"https:\/\/centcols.org\/wp-content\/uploads\/2015\/04\/pm-19.jpg\"><img loading=\"lazy\" decoding=\"async\" width=\"640\" height=\"480\" data-id=\"83497\" src=\"https:\/\/centcols.org\/wp-content\/uploads\/2015\/04\/pm-19.jpg\" alt=\"\" class=\"wp-image-83497\"\/><\/a><\/figure>\n\n\n\n<figure class=\"wp-block-image size-large\"><a href=\"https:\/\/centcols.org\/wp-content\/uploads\/2015\/04\/pm-20.jpg\"><img loading=\"lazy\" decoding=\"async\" width=\"640\" height=\"480\" data-id=\"83498\" src=\"https:\/\/centcols.org\/wp-content\/uploads\/2015\/04\/pm-20.jpg\" alt=\"\" class=\"wp-image-83498\"\/><\/a><\/figure>\n<\/figure>\n\n\n\n<h4 class=\"wp-block-heading\">\u00c1lbum de Francine y Claude Mabillot<\/h4>\n\n\n\n<figure class=\"wp-block-gallery has-nested-images columns-default is-cropped wp-block-gallery-7 is-layout-flex wp-block-gallery-is-layout-flex\">\n<figure class=\"wp-block-image size-large\"><a href=\"https:\/\/centcols.org\/wp-content\/uploads\/2015\/04\/tcf100.jpg\"><img loading=\"lazy\" decoding=\"async\" width=\"640\" height=\"480\" data-id=\"83514\" src=\"https:\/\/centcols.org\/wp-content\/uploads\/2015\/04\/tcf100.jpg\" alt=\"\" class=\"wp-image-83514\"\/><\/a><figcaption class=\"wp-element-caption\">Bicicleta de carretera o de monta\u00f1a, t\u00fa eliges<\/figcaption><\/figure>\n\n\n\n<figure class=\"wp-block-image size-large\"><a href=\"https:\/\/centcols.org\/wp-content\/uploads\/2015\/04\/tcf101.jpg\"><img loading=\"lazy\" decoding=\"async\" width=\"640\" height=\"480\" data-id=\"83515\" src=\"https:\/\/centcols.org\/wp-content\/uploads\/2015\/04\/tcf101.jpg\" alt=\"\" class=\"wp-image-83515\"\/><\/a><\/figure>\n\n\n\n<figure class=\"wp-block-image size-large\"><a href=\"https:\/\/centcols.org\/wp-content\/uploads\/2015\/04\/tcf116-1.jpg\"><img loading=\"lazy\" decoding=\"async\" width=\"640\" height=\"480\" data-id=\"83543\" src=\"https:\/\/centcols.org\/wp-content\/uploads\/2015\/04\/tcf116-1.jpg\" alt=\"\" class=\"wp-image-83543\"\/><\/a><figcaption class=\"wp-element-caption\">Au Pas de P\u00e9rilhac<\/figcaption><\/figure>\n\n\n\n<figure class=\"wp-block-image size-large\"><a href=\"https:\/\/centcols.org\/wp-content\/uploads\/2015\/04\/tcf102.jpg\"><img loading=\"lazy\" decoding=\"async\" width=\"640\" height=\"480\" data-id=\"83516\" src=\"https:\/\/centcols.org\/wp-content\/uploads\/2015\/04\/tcf102.jpg\" alt=\"\" class=\"wp-image-83516\"\/><\/a><\/figure>\n\n\n\n<figure class=\"wp-block-image size-large\"><a href=\"https:\/\/centcols.org\/wp-content\/uploads\/2015\/04\/tcf103.jpg\"><img loading=\"lazy\" decoding=\"async\" width=\"640\" height=\"480\" data-id=\"83517\" src=\"https:\/\/centcols.org\/wp-content\/uploads\/2015\/04\/tcf103.jpg\" alt=\"\" class=\"wp-image-83517\"\/><\/a><\/figure>\n\n\n\n<figure class=\"wp-block-image size-large\"><a href=\"https:\/\/centcols.org\/wp-content\/uploads\/2015\/04\/tcf104.jpg\"><img loading=\"lazy\" decoding=\"async\" width=\"640\" height=\"480\" data-id=\"83518\" src=\"https:\/\/centcols.org\/wp-content\/uploads\/2015\/04\/tcf104.jpg\" alt=\"\" class=\"wp-image-83518\"\/><\/a><\/figure>\n\n\n\n<figure class=\"wp-block-image size-large\"><a href=\"https:\/\/centcols.org\/wp-content\/uploads\/2015\/04\/tcf105.jpg\"><img loading=\"lazy\" decoding=\"async\" width=\"640\" height=\"480\" data-id=\"83519\" src=\"https:\/\/centcols.org\/wp-content\/uploads\/2015\/04\/tcf105.jpg\" alt=\"\" class=\"wp-image-83519\"\/><\/a><\/figure>\n\n\n\n<figure class=\"wp-block-image size-large\"><a href=\"https:\/\/centcols.org\/wp-content\/uploads\/2015\/04\/tcf107.jpg\"><img loading=\"lazy\" decoding=\"async\" width=\"640\" height=\"480\" data-id=\"83520\" src=\"https:\/\/centcols.org\/wp-content\/uploads\/2015\/04\/tcf107.jpg\" alt=\"\" class=\"wp-image-83520\"\/><\/a><\/figure>\n\n\n\n<figure class=\"wp-block-image size-large\"><a href=\"https:\/\/centcols.org\/wp-content\/uploads\/2015\/04\/tcf116.jpg\"><img loading=\"lazy\" decoding=\"async\" width=\"640\" height=\"480\" data-id=\"83528\" src=\"https:\/\/centcols.org\/wp-content\/uploads\/2015\/04\/tcf116.jpg\" alt=\"\" class=\"wp-image-83528\"\/><\/a><\/figure>\n\n\n\n<figure class=\"wp-block-image size-large\"><a href=\"https:\/\/centcols.org\/wp-content\/uploads\/2015\/04\/tcf108.jpg\"><img loading=\"lazy\" decoding=\"async\" width=\"640\" height=\"480\" data-id=\"83521\" src=\"https:\/\/centcols.org\/wp-content\/uploads\/2015\/04\/tcf108.jpg\" alt=\"\" class=\"wp-image-83521\"\/><\/a><\/figure>\n\n\n\n<figure class=\"wp-block-image size-large\"><a href=\"https:\/\/centcols.org\/wp-content\/uploads\/2015\/04\/tcf109.jpg\"><img loading=\"lazy\" decoding=\"async\" width=\"640\" height=\"480\" data-id=\"83522\" src=\"https:\/\/centcols.org\/wp-content\/uploads\/2015\/04\/tcf109.jpg\" alt=\"\" class=\"wp-image-83522\"\/><\/a><\/figure>\n\n\n\n<figure class=\"wp-block-image size-large\"><a href=\"https:\/\/centcols.org\/wp-content\/uploads\/2015\/04\/tcf110.jpg\"><img loading=\"lazy\" decoding=\"async\" width=\"640\" height=\"480\" data-id=\"83523\" src=\"https:\/\/centcols.org\/wp-content\/uploads\/2015\/04\/tcf110.jpg\" alt=\"\" class=\"wp-image-83523\"\/><\/a><\/figure>\n\n\n\n<figure class=\"wp-block-image size-large\"><a href=\"https:\/\/centcols.org\/wp-content\/uploads\/2015\/04\/tcf111.jpg\"><img loading=\"lazy\" decoding=\"async\" width=\"640\" height=\"480\" data-id=\"83524\" src=\"https:\/\/centcols.org\/wp-content\/uploads\/2015\/04\/tcf111.jpg\" alt=\"\" class=\"wp-image-83524\"\/><\/a><\/figure>\n\n\n\n<figure class=\"wp-block-image size-large\"><a href=\"https:\/\/centcols.org\/wp-content\/uploads\/2015\/04\/tcf112.jpg\"><img loading=\"lazy\" decoding=\"async\" width=\"640\" height=\"480\" data-id=\"83525\" src=\"https:\/\/centcols.org\/wp-content\/uploads\/2015\/04\/tcf112.jpg\" alt=\"\" class=\"wp-image-83525\"\/><\/a><\/figure>\n\n\n\n<figure class=\"wp-block-image size-large\"><a href=\"https:\/\/centcols.org\/wp-content\/uploads\/2015\/04\/tcf113.jpg\"><img loading=\"lazy\" decoding=\"async\" width=\"640\" height=\"480\" data-id=\"83526\" src=\"https:\/\/centcols.org\/wp-content\/uploads\/2015\/04\/tcf113.jpg\" alt=\"\" class=\"wp-image-83526\"\/><\/a><figcaption class=\"wp-element-caption\">Marcel Goll y su t\u00e1ndem<\/figcaption><\/figure>\n\n\n\n<figure class=\"wp-block-image size-large\"><a href=\"https:\/\/centcols.org\/wp-content\/uploads\/2015\/04\/tcf115.jpg\"><img loading=\"lazy\" decoding=\"async\" width=\"640\" height=\"480\" data-id=\"83527\" src=\"https:\/\/centcols.org\/wp-content\/uploads\/2015\/04\/tcf115.jpg\" alt=\"\" class=\"wp-image-83527\"\/><\/a><\/figure>\n\n\n\n<figure class=\"wp-block-image size-large\"><a href=\"https:\/\/centcols.org\/wp-content\/uploads\/2015\/04\/tcf117.jpg\"><img loading=\"lazy\" decoding=\"async\" width=\"640\" height=\"480\" data-id=\"83529\" src=\"https:\/\/centcols.org\/wp-content\/uploads\/2015\/04\/tcf117.jpg\" alt=\"\" class=\"wp-image-83529\"\/><\/a><figcaption class=\"wp-element-caption\">Le Pas del Riou<\/figcaption><\/figure>\n\n\n\n<figure class=\"wp-block-image size-large\"><a href=\"https:\/\/centcols.org\/wp-content\/uploads\/2015\/04\/tcf118.jpg\"><img loading=\"lazy\" decoding=\"async\" width=\"640\" height=\"480\" data-id=\"83530\" src=\"https:\/\/centcols.org\/wp-content\/uploads\/2015\/04\/tcf118.jpg\" alt=\"\" class=\"wp-image-83530\"\/><\/a><\/figure>\n\n\n\n<figure class=\"wp-block-image size-large\"><a href=\"https:\/\/centcols.org\/wp-content\/uploads\/2015\/04\/tcf119.jpg\"><img loading=\"lazy\" decoding=\"async\" width=\"640\" height=\"480\" data-id=\"83531\" src=\"https:\/\/centcols.org\/wp-content\/uploads\/2015\/04\/tcf119.jpg\" alt=\"\" class=\"wp-image-83531\"\/><\/a><\/figure>\n<\/figure>","protected":false},"excerpt":{"rendered":"<p>En for\u00eat de la Gr\u00e9signe avec le V\u00e9loce Club Montauban A l&rsquo;occasion des 130 ans du club, le V\u00e9loce Club Montalbanais est heureux d&rsquo;accueillir l&rsquo;Assembl\u00e9e G\u00e9n\u00e9rale 2007 du Club des Cent Cols, \u00e0 l&rsquo;or\u00e9e de la for\u00eat de la Gr\u00e9signe, \u00e0 l&rsquo;espace nature de Fontbonne ( http:\/\/www.fontbonne-tarn.com ), \u00e0 150 m du Pas de Cabal [&hellip;]<\/p>\n","protected":false},"author":3,"featured_media":83441,"comment_status":"closed","ping_status":"closed","sticky":false,"template":"","format":"standard","meta":{"_acf_changed":false,"footnotes":""},"categories":[217,135],"tags":[],"class_list":["post-81737","post","type-post","status-publish","format-standard","has-post-thumbnail","hentry","category-assemblees-generales","category-calendrier"],"acf":[],"yoast_head":"<!-- This site is optimized with the Yoast SEO plugin v27.2 - https:\/\/yoast.com\/product\/yoast-seo-wordpress\/ -->\n<title>Assembl\u00e9e g\u00e9n\u00e9rale des 1er et 2 d\u00e9cembre 2007 \u00e0 Fontbonne (Tarn) - Club des Cent Cols<\/title>\n<meta name=\"robots\" content=\"index, follow, max-snippet:-1, max-image-preview:large, max-video-preview:-1\" \/>\n<link rel=\"canonical\" href=\"https:\/\/centcols.org\/es\/asamblea-general-de-los-dias-1-y-2-de-diciembre-de-2007-en-fontbonne-tarn\/\" \/>\n<meta property=\"og:locale\" content=\"es_ES\" \/>\n<meta property=\"og:type\" content=\"article\" \/>\n<meta property=\"og:title\" content=\"Assembl\u00e9e g\u00e9n\u00e9rale des 1er et 2 d\u00e9cembre 2007 \u00e0 Fontbonne (Tarn) - Club des Cent Cols\" \/>\n<meta property=\"og:description\" content=\"En for\u00eat de la Gr\u00e9signe avec le V\u00e9loce Club Montauban A l&rsquo;occasion des 130 ans du club, le V\u00e9loce Club Montalbanais est heureux d&rsquo;accueillir l&rsquo;Assembl\u00e9e G\u00e9n\u00e9rale 2007 du Club des Cent Cols, \u00e0 l&rsquo;or\u00e9e de la for\u00eat de la Gr\u00e9signe, \u00e0 l&rsquo;espace nature de Fontbonne ( http:\/\/www.fontbonne-tarn.com ), \u00e0 150 m du Pas de Cabal [&hellip;]\" \/>\n<meta property=\"og:url\" content=\"https:\/\/centcols.org\/es\/asamblea-general-de-los-dias-1-y-2-de-diciembre-de-2007-en-fontbonne-tarn\/\" \/>\n<meta property=\"og:site_name\" content=\"Club des Cent Cols\" \/>\n<meta property=\"article:publisher\" content=\"https:\/\/www.facebook.com\/groups\/5261880558\/?locale=fr_FR\" \/>\n<meta property=\"article:published_time\" content=\"2015-04-15T07:57:24+00:00\" \/>\n<meta property=\"article:modified_time\" content=\"2025-11-06T02:36:14+00:00\" \/>\n<meta property=\"og:image\" content=\"https:\/\/centcols.org\/wp-content\/uploads\/2015\/04\/ml_01.jpg\" \/>\n\t<meta property=\"og:image:width\" content=\"640\" \/>\n\t<meta property=\"og:image:height\" content=\"480\" \/>\n\t<meta property=\"og:image:type\" content=\"image\/jpeg\" \/>\n<meta name=\"author\" content=\"Webmestre\" \/>\n<meta name=\"twitter:card\" content=\"summary_large_image\" \/>\n<meta name=\"twitter:label1\" content=\"Escrito por\" \/>\n\t<meta name=\"twitter:data1\" content=\"Webmestre\" \/>\n\t<meta name=\"twitter:label2\" content=\"Tiempo de lectura\" \/>\n\t<meta name=\"twitter:data2\" content=\"23 minutos\" \/>\n<script type=\"application\/ld+json\" class=\"yoast-schema-graph\">{\"@context\":\"https:\/\/schema.org\",\"@graph\":[{\"@type\":\"Article\",\"@id\":\"https:\/\/centcols.org\/assemblee-generale-des-1er-et-2-decembre-2007-a-fontbonne-tarn\/#article\",\"isPartOf\":{\"@id\":\"https:\/\/centcols.org\/assemblee-generale-des-1er-et-2-decembre-2007-a-fontbonne-tarn\/\"},\"author\":{\"name\":\"Webmestre\",\"@id\":\"https:\/\/centcols.org\/#\/schema\/person\/911b404fb133d8c913dd27cdcf71c8e5\"},\"headline\":\"Assembl\u00e9e g\u00e9n\u00e9rale des 1er et 2 d\u00e9cembre 2007 \u00e0 Fontbonne (Tarn)\",\"datePublished\":\"2015-04-15T07:57:24+00:00\",\"dateModified\":\"2025-11-06T02:36:14+00:00\",\"mainEntityOfPage\":{\"@id\":\"https:\/\/centcols.org\/assemblee-generale-des-1er-et-2-decembre-2007-a-fontbonne-tarn\/\"},\"wordCount\":890,\"publisher\":{\"@id\":\"https:\/\/centcols.org\/#organization\"},\"image\":{\"@id\":\"https:\/\/centcols.org\/assemblee-generale-des-1er-et-2-decembre-2007-a-fontbonne-tarn\/#primaryimage\"},\"thumbnailUrl\":\"https:\/\/centcols.org\/wp-content\/uploads\/2015\/04\/ml_01.jpg\",\"articleSection\":[\"Assembl\u00e9es g\u00e9n\u00e9rales\",\"Calendrier\"],\"inLanguage\":\"es\"},{\"@type\":\"WebPage\",\"@id\":\"https:\/\/centcols.org\/assemblee-generale-des-1er-et-2-decembre-2007-a-fontbonne-tarn\/\",\"url\":\"https:\/\/centcols.org\/assemblee-generale-des-1er-et-2-decembre-2007-a-fontbonne-tarn\/\",\"name\":\"Assembl\u00e9e g\u00e9n\u00e9rale des 1er et 2 d\u00e9cembre 2007 \u00e0 Fontbonne (Tarn) - Club des Cent Cols\",\"isPartOf\":{\"@id\":\"https:\/\/centcols.org\/#website\"},\"primaryImageOfPage\":{\"@id\":\"https:\/\/centcols.org\/assemblee-generale-des-1er-et-2-decembre-2007-a-fontbonne-tarn\/#primaryimage\"},\"image\":{\"@id\":\"https:\/\/centcols.org\/assemblee-generale-des-1er-et-2-decembre-2007-a-fontbonne-tarn\/#primaryimage\"},\"thumbnailUrl\":\"https:\/\/centcols.org\/wp-content\/uploads\/2015\/04\/ml_01.jpg\",\"datePublished\":\"2015-04-15T07:57:24+00:00\",\"dateModified\":\"2025-11-06T02:36:14+00:00\",\"breadcrumb\":{\"@id\":\"https:\/\/centcols.org\/assemblee-generale-des-1er-et-2-decembre-2007-a-fontbonne-tarn\/#breadcrumb\"},\"inLanguage\":\"es\",\"potentialAction\":[{\"@type\":\"ReadAction\",\"target\":[\"https:\/\/centcols.org\/assemblee-generale-des-1er-et-2-decembre-2007-a-fontbonne-tarn\/\"]}]},{\"@type\":\"ImageObject\",\"inLanguage\":\"es\",\"@id\":\"https:\/\/centcols.org\/assemblee-generale-des-1er-et-2-decembre-2007-a-fontbonne-tarn\/#primaryimage\",\"url\":\"https:\/\/centcols.org\/wp-content\/uploads\/2015\/04\/ml_01.jpg\",\"contentUrl\":\"https:\/\/centcols.org\/wp-content\/uploads\/2015\/04\/ml_01.jpg\",\"width\":640,\"height\":480,\"caption\":\"Le centre de Fontbonne sous un ciel maussade\"},{\"@type\":\"BreadcrumbList\",\"@id\":\"https:\/\/centcols.org\/assemblee-generale-des-1er-et-2-decembre-2007-a-fontbonne-tarn\/#breadcrumb\",\"itemListElement\":[{\"@type\":\"ListItem\",\"position\":1,\"name\":\"Accueil\",\"item\":\"https:\/\/centcols.org\/\"},{\"@type\":\"ListItem\",\"position\":2,\"name\":\"Assembl\u00e9es g\u00e9n\u00e9rales\",\"item\":\"https:\/\/centcols.org\/rubrique\/assemblees-generales\/\"},{\"@type\":\"ListItem\",\"position\":3,\"name\":\"Assembl\u00e9e g\u00e9n\u00e9rale des 1er et 2 d\u00e9cembre 2007 \u00e0 Fontbonne (Tarn)\"}]},{\"@type\":\"WebSite\",\"@id\":\"https:\/\/centcols.org\/#website\",\"url\":\"https:\/\/centcols.org\/\",\"name\":\"Club des Cent Cols\",\"description\":\"\",\"publisher\":{\"@id\":\"https:\/\/centcols.org\/#organization\"},\"potentialAction\":[{\"@type\":\"SearchAction\",\"target\":{\"@type\":\"EntryPoint\",\"urlTemplate\":\"https:\/\/centcols.org\/?s={search_term_string}\"},\"query-input\":{\"@type\":\"PropertyValueSpecification\",\"valueRequired\":true,\"valueName\":\"search_term_string\"}}],\"inLanguage\":\"es\"},{\"@type\":\"Organization\",\"@id\":\"https:\/\/centcols.org\/#organization\",\"name\":\"Club des Cent Cols\",\"url\":\"https:\/\/centcols.org\/\",\"logo\":{\"@type\":\"ImageObject\",\"inLanguage\":\"es\",\"@id\":\"https:\/\/centcols.org\/#\/schema\/logo\/image\/\",\"url\":\"https:\/\/centcols.org\/wp-content\/uploads\/2025\/01\/carte-icone.png\",\"contentUrl\":\"https:\/\/centcols.org\/wp-content\/uploads\/2025\/01\/carte-icone.png\",\"width\":250,\"height\":250,\"caption\":\"Club des Cent Cols\"},\"image\":{\"@id\":\"https:\/\/centcols.org\/#\/schema\/logo\/image\/\"},\"sameAs\":[\"https:\/\/www.facebook.com\/groups\/5261880558\/?locale=fr_FR\"]},{\"@type\":\"Person\",\"@id\":\"https:\/\/centcols.org\/#\/schema\/person\/911b404fb133d8c913dd27cdcf71c8e5\",\"name\":\"Webmestre\",\"image\":{\"@type\":\"ImageObject\",\"inLanguage\":\"es\",\"@id\":\"https:\/\/centcols.org\/wp-content\/litespeed\/avatar\/2d246e4b6b4f773e08515e1ffc53690b.jpg?ver=1777222892\",\"url\":\"https:\/\/centcols.org\/wp-content\/litespeed\/avatar\/2d246e4b6b4f773e08515e1ffc53690b.jpg?ver=1777222892\",\"contentUrl\":\"https:\/\/centcols.org\/wp-content\/litespeed\/avatar\/2d246e4b6b4f773e08515e1ffc53690b.jpg?ver=1777222892\",\"caption\":\"Webmestre\"},\"url\":\"https:\/\/centcols.org\/es\/author\/webmestre\/\"}]}<\/script>\n<!-- \/ Yoast SEO plugin. -->","yoast_head_json":{"title":"Asamblea General de los d\u00edas 1 y 2 de diciembre de 2007 en Fontbonne (Tarn) - Club des Cent Cols","robots":{"index":"index","follow":"follow","max-snippet":"max-snippet:-1","max-image-preview":"max-image-preview:large","max-video-preview":"max-video-preview:-1"},"canonical":"https:\/\/centcols.org\/es\/asamblea-general-de-los-dias-1-y-2-de-diciembre-de-2007-en-fontbonne-tarn\/","og_locale":"es_ES","og_type":"article","og_title":"Assembl\u00e9e g\u00e9n\u00e9rale des 1er et 2 d\u00e9cembre 2007 \u00e0 Fontbonne (Tarn) - Club des Cent Cols","og_description":"En for\u00eat de la Gr\u00e9signe avec le V\u00e9loce Club Montauban A l&rsquo;occasion des 130 ans du club, le V\u00e9loce Club Montalbanais est heureux d&rsquo;accueillir l&rsquo;Assembl\u00e9e G\u00e9n\u00e9rale 2007 du Club des Cent Cols, \u00e0 l&rsquo;or\u00e9e de la for\u00eat de la Gr\u00e9signe, \u00e0 l&rsquo;espace nature de Fontbonne ( http:\/\/www.fontbonne-tarn.com ), \u00e0 150 m du Pas de Cabal [&hellip;]","og_url":"https:\/\/centcols.org\/es\/asamblea-general-de-los-dias-1-y-2-de-diciembre-de-2007-en-fontbonne-tarn\/","og_site_name":"Club des Cent Cols","article_publisher":"https:\/\/www.facebook.com\/groups\/5261880558\/?locale=fr_FR","article_published_time":"2015-04-15T07:57:24+00:00","article_modified_time":"2025-11-06T02:36:14+00:00","og_image":[{"width":640,"height":480,"url":"https:\/\/centcols.org\/wp-content\/uploads\/2015\/04\/ml_01.jpg","type":"image\/jpeg"}],"author":"Webmestre","twitter_card":"summary_large_image","twitter_misc":{"Escrito por":"Webmestre","Tiempo de lectura":"23 minutos"},"schema":{"@context":"https:\/\/schema.org","@graph":[{"@type":"Article","@id":"https:\/\/centcols.org\/assemblee-generale-des-1er-et-2-decembre-2007-a-fontbonne-tarn\/#article","isPartOf":{"@id":"https:\/\/centcols.org\/assemblee-generale-des-1er-et-2-decembre-2007-a-fontbonne-tarn\/"},"author":{"name":"Webmestre","@id":"https:\/\/centcols.org\/#\/schema\/person\/911b404fb133d8c913dd27cdcf71c8e5"},"headline":"Assembl\u00e9e g\u00e9n\u00e9rale des 1er et 2 d\u00e9cembre 2007 \u00e0 Fontbonne (Tarn)","datePublished":"2015-04-15T07:57:24+00:00","dateModified":"2025-11-06T02:36:14+00:00","mainEntityOfPage":{"@id":"https:\/\/centcols.org\/assemblee-generale-des-1er-et-2-decembre-2007-a-fontbonne-tarn\/"},"wordCount":890,"publisher":{"@id":"https:\/\/centcols.org\/#organization"},"image":{"@id":"https:\/\/centcols.org\/assemblee-generale-des-1er-et-2-decembre-2007-a-fontbonne-tarn\/#primaryimage"},"thumbnailUrl":"https:\/\/centcols.org\/wp-content\/uploads\/2015\/04\/ml_01.jpg","articleSection":["Assembl\u00e9es g\u00e9n\u00e9rales","Calendrier"],"inLanguage":"es"},{"@type":"WebPage","@id":"https:\/\/centcols.org\/assemblee-generale-des-1er-et-2-decembre-2007-a-fontbonne-tarn\/","url":"https:\/\/centcols.org\/assemblee-generale-des-1er-et-2-decembre-2007-a-fontbonne-tarn\/","name":"Asamblea General de los d\u00edas 1 y 2 de diciembre de 2007 en Fontbonne (Tarn) - Club des Cent Cols","isPartOf":{"@id":"https:\/\/centcols.org\/#website"},"primaryImageOfPage":{"@id":"https:\/\/centcols.org\/assemblee-generale-des-1er-et-2-decembre-2007-a-fontbonne-tarn\/#primaryimage"},"image":{"@id":"https:\/\/centcols.org\/assemblee-generale-des-1er-et-2-decembre-2007-a-fontbonne-tarn\/#primaryimage"},"thumbnailUrl":"https:\/\/centcols.org\/wp-content\/uploads\/2015\/04\/ml_01.jpg","datePublished":"2015-04-15T07:57:24+00:00","dateModified":"2025-11-06T02:36:14+00:00","breadcrumb":{"@id":"https:\/\/centcols.org\/assemblee-generale-des-1er-et-2-decembre-2007-a-fontbonne-tarn\/#breadcrumb"},"inLanguage":"es","potentialAction":[{"@type":"ReadAction","target":["https:\/\/centcols.org\/assemblee-generale-des-1er-et-2-decembre-2007-a-fontbonne-tarn\/"]}]},{"@type":"ImageObject","inLanguage":"es","@id":"https:\/\/centcols.org\/assemblee-generale-des-1er-et-2-decembre-2007-a-fontbonne-tarn\/#primaryimage","url":"https:\/\/centcols.org\/wp-content\/uploads\/2015\/04\/ml_01.jpg","contentUrl":"https:\/\/centcols.org\/wp-content\/uploads\/2015\/04\/ml_01.jpg","width":640,"height":480,"caption":"Le centre de Fontbonne sous un ciel maussade"},{"@type":"BreadcrumbList","@id":"https:\/\/centcols.org\/assemblee-generale-des-1er-et-2-decembre-2007-a-fontbonne-tarn\/#breadcrumb","itemListElement":[{"@type":"ListItem","position":1,"name":"Accueil","item":"https:\/\/centcols.org\/"},{"@type":"ListItem","position":2,"name":"Assembl\u00e9es g\u00e9n\u00e9rales","item":"https:\/\/centcols.org\/rubrique\/assemblees-generales\/"},{"@type":"ListItem","position":3,"name":"Assembl\u00e9e g\u00e9n\u00e9rale des 1er et 2 d\u00e9cembre 2007 \u00e0 Fontbonne (Tarn)"}]},{"@type":"WebSite","@id":"https:\/\/centcols.org\/#website","url":"https:\/\/centcols.org\/","name":"Club des Cent Cols","description":"","publisher":{"@id":"https:\/\/centcols.org\/#organization"},"potentialAction":[{"@type":"SearchAction","target":{"@type":"EntryPoint","urlTemplate":"https:\/\/centcols.org\/?s={search_term_string}"},"query-input":{"@type":"PropertyValueSpecification","valueRequired":true,"valueName":"search_term_string"}}],"inLanguage":"es"},{"@type":"Organization","@id":"https:\/\/centcols.org\/#organization","name":"Club des Cent Cols","url":"https:\/\/centcols.org\/","logo":{"@type":"ImageObject","inLanguage":"es","@id":"https:\/\/centcols.org\/#\/schema\/logo\/image\/","url":"https:\/\/centcols.org\/wp-content\/uploads\/2025\/01\/carte-icone.png","contentUrl":"https:\/\/centcols.org\/wp-content\/uploads\/2025\/01\/carte-icone.png","width":250,"height":250,"caption":"Club des Cent Cols"},"image":{"@id":"https:\/\/centcols.org\/#\/schema\/logo\/image\/"},"sameAs":["https:\/\/www.facebook.com\/groups\/5261880558\/?locale=fr_FR"]},{"@type":"Person","@id":"https:\/\/centcols.org\/#\/schema\/person\/911b404fb133d8c913dd27cdcf71c8e5","name":"Webmaster","image":{"@type":"ImageObject","inLanguage":"es","@id":"https:\/\/centcols.org\/wp-content\/litespeed\/avatar\/2d246e4b6b4f773e08515e1ffc53690b.jpg?ver=1777222892","url":"https:\/\/centcols.org\/wp-content\/litespeed\/avatar\/2d246e4b6b4f773e08515e1ffc53690b.jpg?ver=1777222892","contentUrl":"https:\/\/centcols.org\/wp-content\/litespeed\/avatar\/2d246e4b6b4f773e08515e1ffc53690b.jpg?ver=1777222892","caption":"Webmestre"},"url":"https:\/\/centcols.org\/es\/author\/webmestre\/"}]}},"_links":{"self":[{"href":"https:\/\/centcols.org\/es\/wp-json\/wp\/v2\/posts\/81737","targetHints":{"allow":["GET"]}}],"collection":[{"href":"https:\/\/centcols.org\/es\/wp-json\/wp\/v2\/posts"}],"about":[{"href":"https:\/\/centcols.org\/es\/wp-json\/wp\/v2\/types\/post"}],"author":[{"embeddable":true,"href":"https:\/\/centcols.org\/es\/wp-json\/wp\/v2\/users\/3"}],"replies":[{"embeddable":true,"href":"https:\/\/centcols.org\/es\/wp-json\/wp\/v2\/comments?post=81737"}],"version-history":[{"count":0,"href":"https:\/\/centcols.org\/es\/wp-json\/wp\/v2\/posts\/81737\/revisions"}],"wp:featuredmedia":[{"embeddable":true,"href":"https:\/\/centcols.org\/es\/wp-json\/wp\/v2\/media\/83441"}],"wp:attachment":[{"href":"https:\/\/centcols.org\/es\/wp-json\/wp\/v2\/media?parent=81737"}],"wp:term":[{"taxonomy":"category","embeddable":true,"href":"https:\/\/centcols.org\/es\/wp-json\/wp\/v2\/categories?post=81737"},{"taxonomy":"post_tag","embeddable":true,"href":"https:\/\/centcols.org\/es\/wp-json\/wp\/v2\/tags?post=81737"}],"curies":[{"name":"wp","href":"https:\/\/api.w.org\/{rel}","templated":true}]}}