{"id":81754,"date":"2015-04-15T15:02:53","date_gmt":"2015-04-15T13:02:53","guid":{"rendered":"https:\/\/centcols.org\/assemblee-generale-du-club-des-cent-cols-a-parent-puy-de-dome-les-27-et-28-novembre-2010\/"},"modified":"2025-11-06T04:59:48","modified_gmt":"2025-11-06T02:59:48","slug":"asamblea-general-del-club-cent-cols-de-parent-puy-de-dome-los-dias-27-y-28-de-noviembre-de-2010","status":"publish","type":"post","link":"https:\/\/centcols.org\/es\/assemblee-generale-du-club-des-cent-cols-a-parent-puy-de-dome-les-27-et-28-novembre-2010\/","title":{"rendered":"Asamblea General del Club des Cent Cols en Parent (Puy-de-D\u00f4me) los d\u00edas 27 y 28 de noviembre de 2010"},"content":{"rendered":"<div class=\"wp-block-image\">\n<figure class=\"aligncenter size-full\"><img loading=\"lazy\" decoding=\"async\" width=\"774\" height=\"143\" src=\"https:\/\/centcols.org\/wp-content\/uploads\/2025\/06\/puys21.jpg\" alt=\"\" class=\"wp-image-83372\" srcset=\"https:\/\/centcols.org\/wp-content\/uploads\/2025\/06\/puys21.jpg 774w, https:\/\/centcols.org\/wp-content\/uploads\/2025\/06\/puys21-768x142.jpg 768w\" sizes=\"auto, (max-width: 774px) 100vw, 774px\" \/><\/figure>\n<\/div>\n\n\n<div style=\"height:50px\" aria-hidden=\"true\" class=\"wp-block-spacer\"><\/div>\n\n\n<div class=\"wp-block-image\">\n<figure class=\"aligncenter size-full\"><img loading=\"lazy\" decoding=\"async\" width=\"150\" height=\"167\" src=\"https:\/\/centcols.org\/wp-content\/uploads\/2025\/06\/blason631.png\" alt=\"\" class=\"wp-image-83375\"\/><\/figure>\n<\/div>\n\n\n<p><strong>La Amicale Cyclo Clermontoise le invita a la Asamblea General 2010 del Club des Cent Cols en Parent, en el Val d'Allier. El alojamiento y la restauraci\u00f3n correr\u00e1n a cargo del Village de Vacances de Parent, antiguo socio de la FFCT, que ha pasado de VAL a VVF.<\/strong><\/p>\n\n\n\n<p>\u00daltimo gran r\u00edo salvaje de Europa, desde su nacimiento en las Cevenas, en la Loz\u00e8re, hasta su confluencia con el Loira en el Bec d'Allier, en la regi\u00f3n de Nivernais, el Allier constituye la espina dorsal de Auvernia.<\/p>\n\n\n\n<p>Su valle separa la meseta de Dev\u00e8s de los montes Margeride, la cordillera de Puys de los montes Livradois y las Combrailles de los montes Madeleine. Su curso riega las limagnes de Brioude, Issoire y Riom, simbolizadas por las tres lenguas del escudo tradicional de la provincia de Auvernia.<\/p>\n\n\n\n<p>Claude BENISTRAND<br>CC n\u00ba 284<\/p>\n\n\n\n<h2 class=\"wp-block-heading\">Programa<\/h2>\n\n\n\n<p>La recepci\u00f3n estar\u00e1 abierta desde el viernes por la noche para que los que hayan hecho un largo viaje puedan sacar sus motos el s\u00e1bado por la ma\u00f1ana. La tarde del s\u00e1bado se dedicar\u00e1 a la reuni\u00f3n propiamente dicha, seguida de una comida festiva.<\/p>\n\n\n\n<p>El programa del domingo por la ma\u00f1ana incluye una salida en bicicleta de carretera, una salida en bicicleta de monta\u00f1a o un paseo guiado con visita a una bodega, antes del almuerzo de clausura a mediod\u00eda.<\/p>\n\n\n\n<figure class=\"wp-block-gallery has-nested-images columns-default is-cropped wp-block-gallery-1 is-layout-flex wp-block-gallery-is-layout-flex\">\n<figure class=\"wp-block-image size-large\"><img loading=\"lazy\" decoding=\"async\" width=\"300\" height=\"225\" data-id=\"83373\" src=\"https:\/\/centcols.org\/wp-content\/uploads\/2025\/06\/vvf1.jpg\" alt=\"\" class=\"wp-image-83373\"\/><\/figure>\n\n\n\n<figure class=\"wp-block-image size-large\"><img loading=\"lazy\" decoding=\"async\" width=\"300\" height=\"225\" data-id=\"83374\" src=\"https:\/\/centcols.org\/wp-content\/uploads\/2025\/06\/billom1.jpg\" alt=\"\" class=\"wp-image-83374\"\/><\/figure>\n\n\n\n<figure class=\"wp-block-image size-large\"><img loading=\"lazy\" decoding=\"async\" width=\"300\" height=\"225\" data-id=\"83376\" src=\"https:\/\/centcols.org\/wp-content\/uploads\/2025\/06\/colorado1.jpg\" alt=\"\" class=\"wp-image-83376\"\/><\/figure>\n<\/figure>\n\n\n\n<h2 class=\"wp-block-heading\">Las rutas<\/h2>\n\n\n\n<p>Los recorridos se repartir\u00e1n a lo largo de las dos orillas del Allier. Los circuitos de carretera tendr\u00e1n una longitud de unos 60 km, mientras que los de bicicleta de monta\u00f1a ser\u00e1n adecuados para un recorrido de media jornada.<\/p>\n\n\n\n<ul class=\"wp-block-list\">\n<li>Orilla derecha: el circuito de los castillos: Yronde-et-Buron, Saint-Babel, Chauriat, Mezel, Buss\u00e9ol, pasando por la capital del ajo, la ciudad medieval de Billom y Vic-le-Comte, antigua capital de los Condes de Auvernia. En esta ruta hay tres puertos: el de la Croix des Gardes, el de Potey y el de Jallat.<\/li>\n\n\n\n<li>Orilla izquierda: el sendero de los oppida: tres ascensiones para descubrir tres lugares de gran altitud donde las excavaciones arqueol\u00f3gicas han descubierto un oppidum galo: Corent, Gondole y el m\u00e1s conocido, Gergovie, el punto m\u00e1s alto de la ruta con 717 m, en cuyas laderas se encuentra el \u00fanico puerto de la ruta: el Col des Goules (FR-63-698). De regreso, la ruta pasa por los pueblos vin\u00edcolas de Veyre-Monton, La Sauvetat, Authezat y el pueblo de Montpeyroux, caracterizado por su torre y sus edificios arcosos.<\/li>\n\n\n\n<li>Excursi\u00f3n guiada el domingo por la ma\u00f1ana: viaje en coche compartido al pueblo de Boudes, en el Lembronnais. Un paseo de 2 horas (traiga calzado para caminar) le permitir\u00e1 descubrir el \u00abColorado auvergnat\u00bb: el Valle de los Santos, con sus chimeneas de hadas esculpidas en arcilla later\u00edtica roja. De regreso, visite una bodega en Boudes.<\/li>\n<\/ul>\n\n\n\n<h2 class=\"wp-block-heading\">Visitas<\/h2>\n\n\n\n<p>El s\u00e1bado 27 y el domingo 28 de noviembre se ofrecen dos circuitos de bicicleta de carretera y de monta\u00f1a, numerados R1, R2, V1 y V2. Todos los recorridos parten de la Parent VVF y discurren en sentido contrario a las agujas del reloj.<\/p>\n\n\n\n<h3 class=\"wp-block-heading\">Rutas por carretera<\/h3>\n\n\n\n<p>(Haga clic en el nombre del circuito para obtener m\u00e1s informaci\u00f3n)<\/p>\n\n\n\n<h4 class=\"wp-block-heading\">S\u00e1bado 27 de noviembre<\/h4>\n\n\n\n<p><a class=\"iframe-fancybox\" href=\"https:\/\/centcols.org\/es\/les_rendez-vous\/2010\/Parent\/circuit.php\/?id=R1\" target=\"_blank\" rel=\"noopener\">Castillos<\/a><\/p>\n\n\n\n<p>Distancia: 69 km<br>Diferencia de altitud: 1.000 m<br>Salida: VVF Parent a las 8.30 h.<\/p>\n\n\n\n<ol class=\"wp-block-list\">\n<li><a class=\"iframe-fancybox\" href=\"https:\/\/centcols.org\/es\/util\/geo\/visuGP.php\/?c=63065400\" target=\"_blank\" rel=\"noopener\">FR-63-0654<\/a> Col de la Croix des Gardes<\/li>\n\n\n\n<li><a class=\"iframe-fancybox\" href=\"https:\/\/centcols.org\/es\/util\/geo\/visuGP.php\/?c=63058300\" target=\"_blank\" rel=\"noopener\">FR-63-0583<\/a> Col de Potey<\/li>\n\n\n\n<li><a class=\"iframe-fancybox\" href=\"https:\/\/centcols.org\/es\/util\/geo\/visuGP.php\/?c=63049900\" target=\"_blank\" rel=\"noopener\">FR-63-0499<\/a> Col de Jallat<\/li>\n<\/ol>\n\n\n\n<h4 class=\"wp-block-heading\">Domingo 28 de noviembre<\/h4>\n\n\n\n<p><a class=\"iframe-fancybox\" href=\"https:\/\/centcols.org\/es\/les_rendez-vous\/2010\/Parent\/circuit.php\/?id=R2\" target=\"_blank\" rel=\"noopener\">El circuito de Oppida<\/a><\/p>\n\n\n\n<p>Distancia: 55 km<br>Ascenso: 970 m<br>Salida: VVF Parent a las 8.30 h.<\/p>\n\n\n\n<ol class=\"wp-block-list\">\n<li><a class=\"iframe-fancybox\" href=\"https:\/\/centcols.org\/es\/util\/geo\/visuGP.php\/?c=63069800\" target=\"_blank\" rel=\"noopener\">FR-63-0698<\/a> Col des Goules<\/li>\n<\/ol>\n\n\n\n<h3 class=\"wp-block-heading\">Rutas en bicicleta de monta\u00f1a<\/h3>\n\n\n\n<p>(Haga clic en el nombre del circuito para obtener m\u00e1s informaci\u00f3n)<\/p>\n\n\n\n<h4 class=\"wp-block-heading\">S\u00e1bado 27 de noviembre<\/h4>\n\n\n\n<p><a class=\"iframe-fancybox\" href=\"https:\/\/centcols.org\/es\/les_rendez-vous\/2010\/Parent\/circuit.php\/?id=V1\" target=\"_blank\" rel=\"noopener\">Orilla derecha <\/a><\/p>\n\n\n\n<p>Distancia: 29 km<br>Ascenso: 600 m<br>Salida: VVF Parent a las 8.30 h.<\/p>\n\n\n\n<ol class=\"wp-block-list\">\n<li><a class=\"iframe-fancybox\" href=\"https:\/\/centcols.org\/es\/util\/geo\/visuGP.php\/?c=63065400\" target=\"_blank\" rel=\"noopener\">FR-63-0654<\/a> Col de la Croix des Gardes<\/li>\n\n\n\n<li><a class=\"iframe-fancybox\" href=\"https:\/\/centcols.org\/es\/util\/geo\/visuGP.php\/?c=63058300\" target=\"_blank\" rel=\"noopener\">FR-63-0583<\/a> Col de Potey<\/li>\n<\/ol>\n\n\n\n<h4 class=\"wp-block-heading\">Domingo 28 de noviembre<\/h4>\n\n\n\n<p><a class=\"iframe-fancybox\" href=\"https:\/\/centcols.org\/es\/les_rendez-vous\/2010\/Parent\/circuit.php\/?id=V2\" target=\"_blank\" rel=\"noopener\">Orilla izquierda<\/a><\/p>\n\n\n\n<p>Distancia: 23 km<br>Ascenso: 440 m<br>Salida: VVF Parent a las 8.30 h.<\/p>\n\n\n\n<p>Acompa\u00f1ante: Jacques JUILLARD<\/p>\n\n\n\n<h2 class=\"wp-block-heading\">Ficheros de geolocalizaci\u00f3n<\/h2>\n\n\n\n<p><a class=\"iframe-fancybox\" href=\"https:\/\/centcols.org\/les_rendez-vous\/2010\/Parent\/geo.htm\" target=\"_blank\" rel=\"noopener\">En esta p\u00e1gina<\/a> encontrar\u00e1 archivos GPX, KML y Carto Exploreur de las rutas para su uso con software de geolocalizaci\u00f3n y receptores GPS.<\/p>\n\n\n\n<h2 class=\"wp-block-heading\">Inscripci\u00f3n<\/h2>\n\n\n\n<p>No es necesario que se inscriba si desea asistir a la propia AGM el d\u00eda 27 y montar en bicicleta con sus colegas el d\u00eda 28 por la ma\u00f1ana. Sin embargo, si desea alojamiento y\/o comidas, la inscripci\u00f3n es imprescindible. Rellene el formulario de inscripci\u00f3n y env\u00edelo junto con el pago a la direcci\u00f3n indicada en el formulario antes del 10 de noviembre.<\/p>\n\n\n\n<h2 class=\"wp-block-heading\">Material electoral<\/h2>\n\n\n\n<p>Al parecer, algunos ejemplares de Infos Cent Cols se enviaron sin papeletas (se incluyen los sobres).<\/p>\n\n\n\n<h2 class=\"wp-block-heading\">Acceso al VVF \u00abLes Balcons du Sancy\u00bb en Parent<\/h2>","protected":false},"excerpt":{"rendered":"<p>C\u2019est dans le Val d\u2019Allier sur la commune de Parent que l\u2019Amicale Cyclo Clermontoise vous convie \u00e0 l\u2019Assembl\u00e9e g\u00e9n\u00e9rale 2010 du Club des Cent Cols. L\u2019h\u00e9bergement et la restauration seront assur\u00e9s par la structure du Village de Vacances de Parent, pass\u00e9 du giron de VAL \u00e0 celui de VVF et partenaire de longue date de [&hellip;]<\/p>\n","protected":false},"author":3,"featured_media":83372,"comment_status":"closed","ping_status":"open","sticky":false,"template":"","format":"standard","meta":{"_acf_changed":false,"footnotes":""},"categories":[217,135],"tags":[],"class_list":["post-81754","post","type-post","status-publish","format-standard","has-post-thumbnail","hentry","category-assemblees-generales","category-calendrier"],"acf":[],"yoast_head":"<!-- This site is optimized with the Yoast SEO plugin v27.2 - https:\/\/yoast.com\/product\/yoast-seo-wordpress\/ -->\n<title>Assembl\u00e9e g\u00e9n\u00e9rale du Club des Cent Cols \u00e0 Parent (Puy-de-D\u00f4me) les 27 et 28 novembre 2010 - Club des Cent Cols<\/title>\n<meta name=\"robots\" content=\"index, follow, max-snippet:-1, max-image-preview:large, max-video-preview:-1\" \/>\n<link rel=\"canonical\" href=\"https:\/\/centcols.org\/es\/asamblea-general-del-club-cent-cols-de-parent-puy-de-dome-los-dias-27-y-28-de-noviembre-de-2010\/\" \/>\n<meta property=\"og:locale\" content=\"es_ES\" \/>\n<meta property=\"og:type\" content=\"article\" \/>\n<meta property=\"og:title\" content=\"Assembl\u00e9e g\u00e9n\u00e9rale du Club des Cent Cols \u00e0 Parent (Puy-de-D\u00f4me) les 27 et 28 novembre 2010 - Club des Cent Cols\" \/>\n<meta property=\"og:description\" content=\"C\u2019est dans le Val d\u2019Allier sur la commune de Parent que l\u2019Amicale Cyclo Clermontoise vous convie \u00e0 l\u2019Assembl\u00e9e g\u00e9n\u00e9rale 2010 du Club des Cent Cols. L\u2019h\u00e9bergement et la restauration seront assur\u00e9s par la structure du Village de Vacances de Parent, pass\u00e9 du giron de VAL \u00e0 celui de VVF et partenaire de longue date de [&hellip;]\" \/>\n<meta property=\"og:url\" content=\"https:\/\/centcols.org\/es\/asamblea-general-del-club-cent-cols-de-parent-puy-de-dome-los-dias-27-y-28-de-noviembre-de-2010\/\" \/>\n<meta property=\"og:site_name\" content=\"Club des Cent Cols\" \/>\n<meta property=\"article:publisher\" content=\"https:\/\/www.facebook.com\/groups\/5261880558\/?locale=fr_FR\" \/>\n<meta property=\"article:published_time\" content=\"2015-04-15T13:02:53+00:00\" \/>\n<meta property=\"article:modified_time\" content=\"2025-11-06T02:59:48+00:00\" \/>\n<meta property=\"og:image\" content=\"https:\/\/centcols.org\/wp-content\/uploads\/2025\/06\/puys21.jpg\" \/>\n\t<meta property=\"og:image:width\" content=\"774\" \/>\n\t<meta property=\"og:image:height\" content=\"143\" \/>\n\t<meta property=\"og:image:type\" content=\"image\/jpeg\" \/>\n<meta name=\"author\" content=\"Webmestre\" \/>\n<meta name=\"twitter:card\" content=\"summary_large_image\" \/>\n<meta name=\"twitter:label1\" content=\"Escrito por\" \/>\n\t<meta name=\"twitter:data1\" content=\"Webmestre\" \/>\n\t<meta name=\"twitter:label2\" content=\"Tiempo de lectura\" \/>\n\t<meta name=\"twitter:data2\" content=\"5 minutos\" \/>\n<script type=\"application\/ld+json\" class=\"yoast-schema-graph\">{\"@context\":\"https:\/\/schema.org\",\"@graph\":[{\"@type\":\"Article\",\"@id\":\"https:\/\/centcols.org\/assemblee-generale-du-club-des-cent-cols-a-parent-puy-de-dome-les-27-et-28-novembre-2010\/#article\",\"isPartOf\":{\"@id\":\"https:\/\/centcols.org\/assemblee-generale-du-club-des-cent-cols-a-parent-puy-de-dome-les-27-et-28-novembre-2010\/\"},\"author\":{\"name\":\"Webmestre\",\"@id\":\"https:\/\/centcols.org\/#\/schema\/person\/911b404fb133d8c913dd27cdcf71c8e5\"},\"headline\":\"Assembl\u00e9e g\u00e9n\u00e9rale du Club des Cent Cols \u00e0 Parent (Puy-de-D\u00f4me) les 27 et 28 novembre 2010\",\"datePublished\":\"2015-04-15T13:02:53+00:00\",\"dateModified\":\"2025-11-06T02:59:48+00:00\",\"mainEntityOfPage\":{\"@id\":\"https:\/\/centcols.org\/assemblee-generale-du-club-des-cent-cols-a-parent-puy-de-dome-les-27-et-28-novembre-2010\/\"},\"wordCount\":777,\"publisher\":{\"@id\":\"https:\/\/centcols.org\/#organization\"},\"image\":{\"@id\":\"https:\/\/centcols.org\/assemblee-generale-du-club-des-cent-cols-a-parent-puy-de-dome-les-27-et-28-novembre-2010\/#primaryimage\"},\"thumbnailUrl\":\"https:\/\/centcols.org\/wp-content\/uploads\/2025\/06\/puys21.jpg\",\"articleSection\":[\"Assembl\u00e9es g\u00e9n\u00e9rales\",\"Calendrier\"],\"inLanguage\":\"es\"},{\"@type\":\"WebPage\",\"@id\":\"https:\/\/centcols.org\/assemblee-generale-du-club-des-cent-cols-a-parent-puy-de-dome-les-27-et-28-novembre-2010\/\",\"url\":\"https:\/\/centcols.org\/assemblee-generale-du-club-des-cent-cols-a-parent-puy-de-dome-les-27-et-28-novembre-2010\/\",\"name\":\"Assembl\u00e9e g\u00e9n\u00e9rale du Club des Cent Cols \u00e0 Parent (Puy-de-D\u00f4me) les 27 et 28 novembre 2010 - Club des Cent Cols\",\"isPartOf\":{\"@id\":\"https:\/\/centcols.org\/#website\"},\"primaryImageOfPage\":{\"@id\":\"https:\/\/centcols.org\/assemblee-generale-du-club-des-cent-cols-a-parent-puy-de-dome-les-27-et-28-novembre-2010\/#primaryimage\"},\"image\":{\"@id\":\"https:\/\/centcols.org\/assemblee-generale-du-club-des-cent-cols-a-parent-puy-de-dome-les-27-et-28-novembre-2010\/#primaryimage\"},\"thumbnailUrl\":\"https:\/\/centcols.org\/wp-content\/uploads\/2025\/06\/puys21.jpg\",\"datePublished\":\"2015-04-15T13:02:53+00:00\",\"dateModified\":\"2025-11-06T02:59:48+00:00\",\"breadcrumb\":{\"@id\":\"https:\/\/centcols.org\/assemblee-generale-du-club-des-cent-cols-a-parent-puy-de-dome-les-27-et-28-novembre-2010\/#breadcrumb\"},\"inLanguage\":\"es\",\"potentialAction\":[{\"@type\":\"ReadAction\",\"target\":[\"https:\/\/centcols.org\/assemblee-generale-du-club-des-cent-cols-a-parent-puy-de-dome-les-27-et-28-novembre-2010\/\"]}]},{\"@type\":\"ImageObject\",\"inLanguage\":\"es\",\"@id\":\"https:\/\/centcols.org\/assemblee-generale-du-club-des-cent-cols-a-parent-puy-de-dome-les-27-et-28-novembre-2010\/#primaryimage\",\"url\":\"https:\/\/centcols.org\/wp-content\/uploads\/2025\/06\/puys21.jpg\",\"contentUrl\":\"https:\/\/centcols.org\/wp-content\/uploads\/2025\/06\/puys21.jpg\",\"width\":774,\"height\":143},{\"@type\":\"BreadcrumbList\",\"@id\":\"https:\/\/centcols.org\/assemblee-generale-du-club-des-cent-cols-a-parent-puy-de-dome-les-27-et-28-novembre-2010\/#breadcrumb\",\"itemListElement\":[{\"@type\":\"ListItem\",\"position\":1,\"name\":\"Accueil\",\"item\":\"https:\/\/centcols.org\/\"},{\"@type\":\"ListItem\",\"position\":2,\"name\":\"Assembl\u00e9es g\u00e9n\u00e9rales\",\"item\":\"https:\/\/centcols.org\/rubrique\/assemblees-generales\/\"},{\"@type\":\"ListItem\",\"position\":3,\"name\":\"Assembl\u00e9e g\u00e9n\u00e9rale du Club des Cent Cols \u00e0 Parent (Puy-de-D\u00f4me) les 27 et 28 novembre 2010\"}]},{\"@type\":\"WebSite\",\"@id\":\"https:\/\/centcols.org\/#website\",\"url\":\"https:\/\/centcols.org\/\",\"name\":\"Club des Cent Cols\",\"description\":\"\",\"publisher\":{\"@id\":\"https:\/\/centcols.org\/#organization\"},\"potentialAction\":[{\"@type\":\"SearchAction\",\"target\":{\"@type\":\"EntryPoint\",\"urlTemplate\":\"https:\/\/centcols.org\/?s={search_term_string}\"},\"query-input\":{\"@type\":\"PropertyValueSpecification\",\"valueRequired\":true,\"valueName\":\"search_term_string\"}}],\"inLanguage\":\"es\"},{\"@type\":\"Organization\",\"@id\":\"https:\/\/centcols.org\/#organization\",\"name\":\"Club des Cent Cols\",\"url\":\"https:\/\/centcols.org\/\",\"logo\":{\"@type\":\"ImageObject\",\"inLanguage\":\"es\",\"@id\":\"https:\/\/centcols.org\/#\/schema\/logo\/image\/\",\"url\":\"https:\/\/centcols.org\/wp-content\/uploads\/2025\/01\/carte-icone.png\",\"contentUrl\":\"https:\/\/centcols.org\/wp-content\/uploads\/2025\/01\/carte-icone.png\",\"width\":250,\"height\":250,\"caption\":\"Club des Cent Cols\"},\"image\":{\"@id\":\"https:\/\/centcols.org\/#\/schema\/logo\/image\/\"},\"sameAs\":[\"https:\/\/www.facebook.com\/groups\/5261880558\/?locale=fr_FR\"]},{\"@type\":\"Person\",\"@id\":\"https:\/\/centcols.org\/#\/schema\/person\/911b404fb133d8c913dd27cdcf71c8e5\",\"name\":\"Webmestre\",\"image\":{\"@type\":\"ImageObject\",\"inLanguage\":\"es\",\"@id\":\"https:\/\/centcols.org\/wp-content\/litespeed\/avatar\/2d246e4b6b4f773e08515e1ffc53690b.jpg?ver=1777222892\",\"url\":\"https:\/\/centcols.org\/wp-content\/litespeed\/avatar\/2d246e4b6b4f773e08515e1ffc53690b.jpg?ver=1777222892\",\"contentUrl\":\"https:\/\/centcols.org\/wp-content\/litespeed\/avatar\/2d246e4b6b4f773e08515e1ffc53690b.jpg?ver=1777222892\",\"caption\":\"Webmestre\"},\"url\":\"https:\/\/centcols.org\/es\/author\/webmestre\/\"}]}<\/script>\n<!-- \/ Yoast SEO plugin. -->","yoast_head_json":{"title":"Asamblea General del Club des Cent Cols en Parent (Puy-de-D\u00f4me) los d\u00edas 27 y 28 de noviembre de 2010 - Club des Cent Cols","robots":{"index":"index","follow":"follow","max-snippet":"max-snippet:-1","max-image-preview":"max-image-preview:large","max-video-preview":"max-video-preview:-1"},"canonical":"https:\/\/centcols.org\/es\/asamblea-general-del-club-cent-cols-de-parent-puy-de-dome-los-dias-27-y-28-de-noviembre-de-2010\/","og_locale":"es_ES","og_type":"article","og_title":"Assembl\u00e9e g\u00e9n\u00e9rale du Club des Cent Cols \u00e0 Parent (Puy-de-D\u00f4me) les 27 et 28 novembre 2010 - Club des Cent Cols","og_description":"C\u2019est dans le Val d\u2019Allier sur la commune de Parent que l\u2019Amicale Cyclo Clermontoise vous convie \u00e0 l\u2019Assembl\u00e9e g\u00e9n\u00e9rale 2010 du Club des Cent Cols. L\u2019h\u00e9bergement et la restauration seront assur\u00e9s par la structure du Village de Vacances de Parent, pass\u00e9 du giron de VAL \u00e0 celui de VVF et partenaire de longue date de [&hellip;]","og_url":"https:\/\/centcols.org\/es\/asamblea-general-del-club-cent-cols-de-parent-puy-de-dome-los-dias-27-y-28-de-noviembre-de-2010\/","og_site_name":"Club des Cent Cols","article_publisher":"https:\/\/www.facebook.com\/groups\/5261880558\/?locale=fr_FR","article_published_time":"2015-04-15T13:02:53+00:00","article_modified_time":"2025-11-06T02:59:48+00:00","og_image":[{"width":774,"height":143,"url":"https:\/\/centcols.org\/wp-content\/uploads\/2025\/06\/puys21.jpg","type":"image\/jpeg"}],"author":"Webmestre","twitter_card":"summary_large_image","twitter_misc":{"Escrito por":"Webmestre","Tiempo de lectura":"5 minutos"},"schema":{"@context":"https:\/\/schema.org","@graph":[{"@type":"Article","@id":"https:\/\/centcols.org\/assemblee-generale-du-club-des-cent-cols-a-parent-puy-de-dome-les-27-et-28-novembre-2010\/#article","isPartOf":{"@id":"https:\/\/centcols.org\/assemblee-generale-du-club-des-cent-cols-a-parent-puy-de-dome-les-27-et-28-novembre-2010\/"},"author":{"name":"Webmestre","@id":"https:\/\/centcols.org\/#\/schema\/person\/911b404fb133d8c913dd27cdcf71c8e5"},"headline":"Assembl\u00e9e g\u00e9n\u00e9rale du Club des Cent Cols \u00e0 Parent (Puy-de-D\u00f4me) les 27 et 28 novembre 2010","datePublished":"2015-04-15T13:02:53+00:00","dateModified":"2025-11-06T02:59:48+00:00","mainEntityOfPage":{"@id":"https:\/\/centcols.org\/assemblee-generale-du-club-des-cent-cols-a-parent-puy-de-dome-les-27-et-28-novembre-2010\/"},"wordCount":777,"publisher":{"@id":"https:\/\/centcols.org\/#organization"},"image":{"@id":"https:\/\/centcols.org\/assemblee-generale-du-club-des-cent-cols-a-parent-puy-de-dome-les-27-et-28-novembre-2010\/#primaryimage"},"thumbnailUrl":"https:\/\/centcols.org\/wp-content\/uploads\/2025\/06\/puys21.jpg","articleSection":["Assembl\u00e9es g\u00e9n\u00e9rales","Calendrier"],"inLanguage":"es"},{"@type":"WebPage","@id":"https:\/\/centcols.org\/assemblee-generale-du-club-des-cent-cols-a-parent-puy-de-dome-les-27-et-28-novembre-2010\/","url":"https:\/\/centcols.org\/assemblee-generale-du-club-des-cent-cols-a-parent-puy-de-dome-les-27-et-28-novembre-2010\/","name":"Asamblea General del Club des Cent Cols en Parent (Puy-de-D\u00f4me) los d\u00edas 27 y 28 de noviembre de 2010 - Club des Cent Cols","isPartOf":{"@id":"https:\/\/centcols.org\/#website"},"primaryImageOfPage":{"@id":"https:\/\/centcols.org\/assemblee-generale-du-club-des-cent-cols-a-parent-puy-de-dome-les-27-et-28-novembre-2010\/#primaryimage"},"image":{"@id":"https:\/\/centcols.org\/assemblee-generale-du-club-des-cent-cols-a-parent-puy-de-dome-les-27-et-28-novembre-2010\/#primaryimage"},"thumbnailUrl":"https:\/\/centcols.org\/wp-content\/uploads\/2025\/06\/puys21.jpg","datePublished":"2015-04-15T13:02:53+00:00","dateModified":"2025-11-06T02:59:48+00:00","breadcrumb":{"@id":"https:\/\/centcols.org\/assemblee-generale-du-club-des-cent-cols-a-parent-puy-de-dome-les-27-et-28-novembre-2010\/#breadcrumb"},"inLanguage":"es","potentialAction":[{"@type":"ReadAction","target":["https:\/\/centcols.org\/assemblee-generale-du-club-des-cent-cols-a-parent-puy-de-dome-les-27-et-28-novembre-2010\/"]}]},{"@type":"ImageObject","inLanguage":"es","@id":"https:\/\/centcols.org\/assemblee-generale-du-club-des-cent-cols-a-parent-puy-de-dome-les-27-et-28-novembre-2010\/#primaryimage","url":"https:\/\/centcols.org\/wp-content\/uploads\/2025\/06\/puys21.jpg","contentUrl":"https:\/\/centcols.org\/wp-content\/uploads\/2025\/06\/puys21.jpg","width":774,"height":143},{"@type":"BreadcrumbList","@id":"https:\/\/centcols.org\/assemblee-generale-du-club-des-cent-cols-a-parent-puy-de-dome-les-27-et-28-novembre-2010\/#breadcrumb","itemListElement":[{"@type":"ListItem","position":1,"name":"Accueil","item":"https:\/\/centcols.org\/"},{"@type":"ListItem","position":2,"name":"Assembl\u00e9es g\u00e9n\u00e9rales","item":"https:\/\/centcols.org\/rubrique\/assemblees-generales\/"},{"@type":"ListItem","position":3,"name":"Assembl\u00e9e g\u00e9n\u00e9rale du Club des Cent Cols \u00e0 Parent (Puy-de-D\u00f4me) les 27 et 28 novembre 2010"}]},{"@type":"WebSite","@id":"https:\/\/centcols.org\/#website","url":"https:\/\/centcols.org\/","name":"Club des Cent Cols","description":"","publisher":{"@id":"https:\/\/centcols.org\/#organization"},"potentialAction":[{"@type":"SearchAction","target":{"@type":"EntryPoint","urlTemplate":"https:\/\/centcols.org\/?s={search_term_string}"},"query-input":{"@type":"PropertyValueSpecification","valueRequired":true,"valueName":"search_term_string"}}],"inLanguage":"es"},{"@type":"Organization","@id":"https:\/\/centcols.org\/#organization","name":"Club des Cent Cols","url":"https:\/\/centcols.org\/","logo":{"@type":"ImageObject","inLanguage":"es","@id":"https:\/\/centcols.org\/#\/schema\/logo\/image\/","url":"https:\/\/centcols.org\/wp-content\/uploads\/2025\/01\/carte-icone.png","contentUrl":"https:\/\/centcols.org\/wp-content\/uploads\/2025\/01\/carte-icone.png","width":250,"height":250,"caption":"Club des Cent Cols"},"image":{"@id":"https:\/\/centcols.org\/#\/schema\/logo\/image\/"},"sameAs":["https:\/\/www.facebook.com\/groups\/5261880558\/?locale=fr_FR"]},{"@type":"Person","@id":"https:\/\/centcols.org\/#\/schema\/person\/911b404fb133d8c913dd27cdcf71c8e5","name":"Webmaster","image":{"@type":"ImageObject","inLanguage":"es","@id":"https:\/\/centcols.org\/wp-content\/litespeed\/avatar\/2d246e4b6b4f773e08515e1ffc53690b.jpg?ver=1777222892","url":"https:\/\/centcols.org\/wp-content\/litespeed\/avatar\/2d246e4b6b4f773e08515e1ffc53690b.jpg?ver=1777222892","contentUrl":"https:\/\/centcols.org\/wp-content\/litespeed\/avatar\/2d246e4b6b4f773e08515e1ffc53690b.jpg?ver=1777222892","caption":"Webmestre"},"url":"https:\/\/centcols.org\/es\/author\/webmestre\/"}]}},"_links":{"self":[{"href":"https:\/\/centcols.org\/es\/wp-json\/wp\/v2\/posts\/81754","targetHints":{"allow":["GET"]}}],"collection":[{"href":"https:\/\/centcols.org\/es\/wp-json\/wp\/v2\/posts"}],"about":[{"href":"https:\/\/centcols.org\/es\/wp-json\/wp\/v2\/types\/post"}],"author":[{"embeddable":true,"href":"https:\/\/centcols.org\/es\/wp-json\/wp\/v2\/users\/3"}],"replies":[{"embeddable":true,"href":"https:\/\/centcols.org\/es\/wp-json\/wp\/v2\/comments?post=81754"}],"version-history":[{"count":0,"href":"https:\/\/centcols.org\/es\/wp-json\/wp\/v2\/posts\/81754\/revisions"}],"wp:featuredmedia":[{"embeddable":true,"href":"https:\/\/centcols.org\/es\/wp-json\/wp\/v2\/media\/83372"}],"wp:attachment":[{"href":"https:\/\/centcols.org\/es\/wp-json\/wp\/v2\/media?parent=81754"}],"wp:term":[{"taxonomy":"category","embeddable":true,"href":"https:\/\/centcols.org\/es\/wp-json\/wp\/v2\/categories?post=81754"},{"taxonomy":"post_tag","embeddable":true,"href":"https:\/\/centcols.org\/es\/wp-json\/wp\/v2\/tags?post=81754"}],"curies":[{"name":"wp","href":"https:\/\/api.w.org\/{rel}","templated":true}]}}