{"id":81757,"date":"2016-01-16T06:00:04","date_gmt":"2016-01-16T04:00:04","guid":{"rendered":"https:\/\/centcols.org\/sejour-de-printemps-a-ghisonaccia-corse-du-24-au-30-avril-2016\/"},"modified":"2025-08-29T18:03:18","modified_gmt":"2025-08-29T16:03:18","slug":"2016-ghisonaccia-break","status":"publish","type":"post","link":"https:\/\/centcols.org\/es\/sejour-2016-ghisonaccia\/","title":{"rendered":"Vacaciones de primavera en Ghisonaccia (C\u00f3rcega) del 24 al 30 de abril de 2016"},"content":{"rendered":"<p>No es frecuente que los miembros del Club des Cent Cols se re\u00fanan en las \u00abllanuras\u00bb, fuera de sus queridas monta\u00f1as donde abundan el puerto com\u00fan, el peque\u00f1o puerto, el puerto duro o el puerto m\u00edtico, y en la \u00abLlanura Oriental\u00bb, que recuerda m\u00e1s a los \u00e1ridos desiertos de las regiones meridionales u orientales, o incluso a las fr\u00edas estepas de los grandes espacios septentrionales. S\u00ed, nos encontramos en la Llanura Oriental, pero en C\u00f3rcega, \u00a1que no es \u00e1rida ni es una tierra fr\u00eda en absoluto!<\/p>\n\n\n\n<h2 class=\"wp-block-heading\">Presentaci\u00f3n<\/h2>\n\n\n\n<p>El alojamiento se proporcionar\u00e1 en la ciudad de vacaciones y el camping de <a href=\"http:\/\/www.camping-corse.fr\/\" target=\"_blank\" rel=\"noopener\">l'Arinella Bianca<\/a> en el municipio de Ghisonaccia (Haute-Corse). Esta comuna est\u00e1 situada en el borde mar\u00edtimo de la vasta llanura oriental del este de C\u00f3rcega y en la parte meridional. Sin embargo, unos kil\u00f3metros m\u00e1s al oeste se encuentran los primeros escalones del vasto anfiteatro natural formado por las primeras estribaciones de las monta\u00f1as corsas. Al\u00e9ria, la conocida ciudad antigua, se encuentra quince kil\u00f3metros m\u00e1s al norte.<br>Ghisonaccia es el centro de una vasta zona de producci\u00f3n agr\u00edcola, vin\u00edcola, marisquera y ostr\u00edcola. Tambi\u00e9n es un importante centro tur\u00edstico, con el pueblo de Arinella Bianca como una de sus joyas.<br>La mejor forma de llegar a la isla es a trav\u00e9s del puerto de Bastia, situado 90 kil\u00f3metros m\u00e1s al norte y comunicado con Ghisonaccia por hermosas carreteras anchas y rectas. Los puertos de embarque son Marsella para M\u00e9ridionale, Tol\u00f3n o Niza para Corsica Ferries. Tambi\u00e9n est\u00e1n G\u00e9nova y Savona para algunas compa\u00f1\u00edas italianas. No obstante, tenga en cuenta que cuanto antes reserve el billete, m\u00e1s barato le saldr\u00e1.<br>Est\u00e1 previsto que en el invierno de 2015-2016 se ponga en marcha una nueva compa\u00f1\u00eda que sustituya a la SNCM. Est\u00e9 atento.<\/p>\n\n\n\n<ul class=\"wp-block-list\">\n<li><a href=\"http:\/\/www.lameridionale.fr\/\">http:\/\/www.lameridionale.fr\/<\/a><\/li>\n\n\n\n<li><a href=\"http:\/\/www.corsica-ferries.fr\/\">http:\/\/www.corsica-ferries.fr\/<\/a><\/li>\n<\/ul>\n\n\n\n<figure class=\"wp-block-gallery has-nested-images columns-3 is-cropped wp-block-gallery-1 is-layout-flex wp-block-gallery-is-layout-flex\">\n<figure class=\"wp-block-image size-full\"><a href=\"https:\/\/centcols.org\/wp-content\/uploads\/2025\/08\/Photo-122-e.jpg\"><img loading=\"lazy\" decoding=\"async\" width=\"800\" height=\"600\" data-id=\"88541\" src=\"https:\/\/centcols.org\/wp-content\/uploads\/2025\/08\/Photo-122-e.jpg\" alt=\"\" class=\"wp-image-88541\" srcset=\"https:\/\/centcols.org\/wp-content\/uploads\/2025\/08\/Photo-122-e.jpg 800w, https:\/\/centcols.org\/wp-content\/uploads\/2025\/08\/Photo-122-e-768x576.jpg 768w\" sizes=\"auto, (max-width: 800px) 100vw, 800px\" \/><\/a><\/figure>\n\n\n\n<figure class=\"wp-block-image size-full\"><a href=\"https:\/\/centcols.org\/wp-content\/uploads\/2025\/08\/blason-corse-e.jpg\"><img loading=\"lazy\" decoding=\"async\" width=\"350\" height=\"388\" data-id=\"88542\" src=\"https:\/\/centcols.org\/wp-content\/uploads\/2025\/08\/blason-corse-e.jpg\" alt=\"\" class=\"wp-image-88542\"\/><\/a><\/figure>\n\n\n\n<figure class=\"wp-block-image size-full\"><a href=\"https:\/\/centcols.org\/wp-content\/uploads\/2025\/08\/Corse-2006-029-1200x900-1.jpg\"><img loading=\"lazy\" decoding=\"async\" width=\"1200\" height=\"900\" data-id=\"88544\" src=\"https:\/\/centcols.org\/wp-content\/uploads\/2025\/08\/Corse-2006-029-1200x900-1.jpg\" alt=\"\" class=\"wp-image-88544\" srcset=\"https:\/\/centcols.org\/wp-content\/uploads\/2025\/08\/Corse-2006-029-1200x900-1.jpg 1200w, https:\/\/centcols.org\/wp-content\/uploads\/2025\/08\/Corse-2006-029-1200x900-1-768x576.jpg 768w\" sizes=\"auto, (max-width: 1200px) 100vw, 1200px\" \/><\/a><\/figure>\n<\/figure>\n\n\n\n<h2 class=\"wp-block-heading\">Visitas<\/h2>\n\n\n\n<p>Al final del invierno 2015\/2016, nuestras piernas a\u00fan no habr\u00e1n alcanzado todo su potencial. Visita <a class=\"iframe-fancybox\" href=\"\/es\/membres\/cctours\/tours.php\/?lieu=Ghisonaccia&amp;an=2016\">ruta<\/a> estar\u00e1, por tanto, relacionada con este estado transitorio. La distancia a recorrer desde <a class=\"iframe-fancybox\" href=\"\/es\/membres\/cctours\/tours.php\/?lieu=Ghisonaccia&amp;an=2016&amp;genre=R\">rutas por carretera<\/a> ser\u00e1 de entre 50 y 150 km, con una diferencia de altitud de entre 850 m y 2260 m. El sitio <a class=\"iframe-fancybox\" href=\"\/es\/membres\/cctours\/tours.php\/?lieu=Ghisonaccia&amp;an=2016&amp;genre=V\">caminos de herradura<\/a> oscilar\u00e1n entre 18 y 67 km, con un desnivel de entre 800 y 1.700 m. Los mapas e itinerarios le permitir\u00e1n planificar su ruta como desee.<br>Las siete rutas de carretera y las ocho de herradura le permitir\u00e1n descubrir la cara oriental de C\u00f3rcega. La Castagniccia cierra la llanura por el norte. Sus numerosos pueblos, con casas de piedra y tejados de pizarra api\u00f1ados, emergen de los oscuros y vastos casta\u00f1ares. M\u00e1s al sur se extienden los valles, todos ellos orientados al este y que riegan la llanura oriental, donde los pueblos se sit\u00faan tambi\u00e9n en las crestas, formando miradores que dominan la llanura oriental, el mar Tirreno, el archipi\u00e9lago toscano e incluso la Toscana a lo lejos, coronada por las cumbres nevadas de los Apeninos. Cerrando el sur se encuentran los macizos de Bavella y Paliri, bastiones de granito esculpidos por los milenios. Por \u00faltimo, en el extremo sur de C\u00f3rcega, el relieve costero alterna golfos bordeados de playas y puntas rocosas. Bonifacio, construida a horcajadas sobre su fiordo y sus blancos acantilados, tambi\u00e9n merece una visita.<br>Todas las rutas requerir\u00e1n una aproximaci\u00f3n previa en coche, de una media de 25 km por carreteras rectas. A menudo, pero no siempre, las salidas de las rutas por carretera y en mula se producir\u00e1n en la misma zona geogr\u00e1fica.<br>En definitiva, \u00a1nuestra huella de carbono sigue siendo muy favorable!<\/p>\n\n\n\n<h2 class=\"wp-block-heading\">Collares<\/h2>\n\n\n\n<p>Nombrarlos a todos aqu\u00ed ser\u00eda tedioso, pero algunos merecen una menci\u00f3n especial.<\/p>\n\n\n\n<ul class=\"wp-block-list\">\n<li>El Col de Bavella: reconocido como uno de los puertos m\u00e1s bellos de Francia.<\/li>\n\n\n\n<li>El Col de Verde: el tercer puerto de carretera m\u00e1s alto del sur de C\u00f3rcega, con 30 km de carreteras bordeadas de pinares de Laricio.<\/li>\n\n\n\n<li>El Col de Sorba: el puerto de carretera m\u00e1s alto de Haute-Corse, en la misma ruta que el anterior. Tambi\u00e9n es el m\u00e1s alpino.<\/li>\n\n\n\n<li>El Col d'Illarata: en el magn\u00edfico bosque de Ospedale. Pinar pero tambi\u00e9n bosques de monolitos de granito. El largo descenso se enfrenta a los golfos costeros de la \u00abCiudad de la Sal\u00bb, Porto-Vecchio.<\/li>\n\n\n\n<li>Me atrevo a mencionar el circuito R4, \u00abLe Grand Sud\u00bb, que une 12 puertos, \u00a17 de los cuales est\u00e1n a menos de 100 m sobre el nivel del mar, 3 a menos de 200 m y 2 por debajo de 300 m! \u00bfUna desgracia para los escaladores de puertos?<\/li>\n\n\n\n<li>Otras glorias locales: Bocca di a Guardia, 19 m antes de que se nivelara la carretera. Col Saint-Roch, el puerto m\u00e1s meridional de Francia.<\/li>\n<\/ul>\n\n\n\n<p>Los pasos de mulas son m\u00e1s discretos y menos conocidos. La mayor\u00eda se encuentran al final de una pista que serpentea entre vastos bosques de pinos laricios, rectos y poderosos al abrigo de los valles, que se atormentan al acercarse a ciertos pasos ventosos. Otros pocos pasos requieren un poco de habilidad o paciencia para alcanzarlos al final de un sendero.<\/p>\n\n\n\n<p>Muchos de nosotros ya hemos recorrido los caminos y senderos de C\u00f3rcega. Pero no cabe duda de que a\u00fan esconde algunas joyas, alejadas de las principales rutas cl\u00e1sicas de senderismo. Hay setenta y cuatro puertos en las rutas por carretera y setenta y cuatro en las rutas a lomo de mula.<\/p>\n\n\n\n<h2 class=\"wp-block-heading\">Alojamiento<\/h2>\n\n\n\n<p>El pueblo de vacaciones, <a href=\"http:\/\/www.camping-corse.fr\/\" target=\"_blank\" rel=\"noopener\">l'Arinella Bianca<\/a>, Arinella bianca se encuentra a cuatro kil\u00f3metros y medio al este de la ciudad de Ghisonaccia. Arinella bianca se traduce como playa blanca. Y es exactamente una playa blanca la que est\u00e1 a tiro de piedra del comedor del centro.<br>El alojamiento ser\u00e1 en casas m\u00f3viles: 32 m<sup>2<\/sup>, Dos habitaciones, una con cama de matrimonio y la otra con dos camas individuales. S\u00f3lo para dos personas. Ropa de cama y toallas incluidas. Peque\u00f1a cocina totalmente equipada y bonita terraza. Limpieza de final de estancia incluida.<\/p>\n\n\n\n<figure class=\"wp-block-gallery has-nested-images columns-3 is-cropped wp-block-gallery-2 is-layout-flex wp-block-gallery-is-layout-flex\">\n<figure class=\"wp-block-image size-full\"><a href=\"https:\/\/centcols.org\/wp-content\/uploads\/2025\/08\/DSC04558-1200x900-1.jpg\"><img loading=\"lazy\" decoding=\"async\" width=\"1200\" height=\"900\" data-id=\"88545\" src=\"https:\/\/centcols.org\/wp-content\/uploads\/2025\/08\/DSC04558-1200x900-1.jpg\" alt=\"\" class=\"wp-image-88545\" srcset=\"https:\/\/centcols.org\/wp-content\/uploads\/2025\/08\/DSC04558-1200x900-1.jpg 1200w, https:\/\/centcols.org\/wp-content\/uploads\/2025\/08\/DSC04558-1200x900-1-768x576.jpg 768w\" sizes=\"auto, (max-width: 1200px) 100vw, 1200px\" \/><\/a><\/figure>\n\n\n\n<figure class=\"wp-block-image size-full\"><a href=\"https:\/\/centcols.org\/wp-content\/uploads\/2025\/08\/Photo-079-e.jpg\"><img loading=\"lazy\" decoding=\"async\" width=\"800\" height=\"600\" data-id=\"88546\" src=\"https:\/\/centcols.org\/wp-content\/uploads\/2025\/08\/Photo-079-e.jpg\" alt=\"\" class=\"wp-image-88546\" srcset=\"https:\/\/centcols.org\/wp-content\/uploads\/2025\/08\/Photo-079-e.jpg 800w, https:\/\/centcols.org\/wp-content\/uploads\/2025\/08\/Photo-079-e-768x576.jpg 768w\" sizes=\"auto, (max-width: 800px) 100vw, 800px\" \/><\/a><\/figure>\n\n\n\n<figure class=\"wp-block-image size-full\"><a href=\"https:\/\/centcols.org\/wp-content\/uploads\/2025\/08\/Photo-101-e.jpg\"><img loading=\"lazy\" decoding=\"async\" width=\"800\" height=\"600\" data-id=\"88547\" src=\"https:\/\/centcols.org\/wp-content\/uploads\/2025\/08\/Photo-101-e.jpg\" alt=\"\" class=\"wp-image-88547\" srcset=\"https:\/\/centcols.org\/wp-content\/uploads\/2025\/08\/Photo-101-e.jpg 800w, https:\/\/centcols.org\/wp-content\/uploads\/2025\/08\/Photo-101-e-768x576.jpg 768w\" sizes=\"auto, (max-width: 800px) 100vw, 800px\" \/><\/a><\/figure>\n<\/figure>\n\n\n\n<p>Para los campistas: tarifas \u00abACSI\u00bb negociadas para todos. 19 \u20ac + 0,65 \u20ac (impuestos)\/persona\/d\u00eda. Las reservas deben hacerse individualmente.<br>Es posible adelantar la llegada o prolongar la estancia con un coste de 49 euros por alojamiento para dos personas y d\u00eda. Las reservas deben hacerse directamente en el centro de vacaciones.<\/p>\n\n\n\n<p>El tour comenzar\u00e1 el domingo 24\/04\/2016 por la ma\u00f1ana a la llegada de los participantes. Se dejar\u00e1n las maletas y la salida para los tours R1 o V1 ser\u00e1 a las 11h. Las llaves del alojamiento se entregar\u00e1n a la vuelta.<br>La tarde del s\u00e1bado 30\/04 marcar\u00e1 el final de las vacaciones, tras la jornada de senderismo. Todos los participantes recibir\u00e1n un almuerzo para llevar.<\/p>\n\n\n\n<p>L'Arinella Bianca, Route de la mer, 20240 GHISONACCIA<br>Contacto: MARTINA - tel: +33 (0)4 95 56 04 78 - e-mail:&nbsp; <a href=\"\/es\/m&\/#97;&#105;&#108;&#x74;&#x6f;&#x3a;ar&#105;&#110;&#x65;&#x6c;&#x6c;&#x61;&#64;a&#114;&#105;&#x6e;&#x65;&#x6c;&#x6c;a&#98;&#105;&#97;&#x6e;&#x63;&#x61;&#46;c&#111;&#109;\">arinella@arinellabianca.com<\/a><br>Lat. 42.0168 Long. 9.4040 (v\u00e9ase el mapa m\u00e1s abajo)<\/p>\n\n\n\n<h2 class=\"wp-block-heading\">Consejos \u00fatiles<\/h2>\n\n\n\n<p>Tiempo: la primavera es una estaci\u00f3n lluviosa en C\u00f3rcega, pero tambi\u00e9n puede hacer calor.  Aseg\u00farate de llevar el equipo adecuado.<\/p>\n\n\n\n<p>Carreteras: no est\u00e1n reservadas a los ciclistas y son utilizadas todo el a\u00f1o por los lugare\u00f1os para sus desplazamientos y su trabajo. \u00a1Intentemos respetarlas! Lo mismo ocurre con las zonas de aparcamiento.<\/p>\n\n\n\n<p>Sobre todo los lugare\u00f1os: estar\u00e1n encantados de que te intereses por ellos, salud\u00e1ndoles si les ves, hablando con ellos o pregunt\u00e1ndoles por su pa\u00eds.<\/p>\n\n\n\n<p>En Ghisonaccia no hay tiendas de bicicletas, pero s\u00ed en Porto-Vecchio, a 56 km.<\/p>\n\n\n\n<h2 class=\"wp-block-heading\">Turismo<\/h2>\n\n\n\n<h3 class=\"wp-block-heading\">&nbsp;Sitios web de informaci\u00f3n:<\/h3>\n\n\n\n<ul class=\"wp-block-list\">\n<li><a href=\"http:\/\/www.corsica-costaserena.com\" target=\"_blank\" rel=\"noopener\">http:\/\/www.corsica-costaserena.com<\/a><\/li>\n\n\n\n<li><a href=\"http:\/\/www.oriente-corsica.com\" target=\"_blank\" rel=\"noopener\">http:\/\/www.oriente-corsica.com <\/a><\/li>\n<\/ul>\n\n\n\n<h3 class=\"wp-block-heading\">Cosas que ver y hacer en la zona<\/h3>\n\n\n\n<ul class=\"wp-block-list\">\n<li>El Museo de la Al\u00e9ria, instalado en el fuerte de Matra, narra diez siglos de historia de C\u00f3rcega, desde el siglo X a.C. hasta el siglo V d.C. J-C al siglo V d.C.<\/li>\n\n\n\n<li>El antiguo emplazamiento de Al\u00e9ria, vestigios de la ocupaci\u00f3n romana.<\/li>\n\n\n\n<li>El museo Mnemosina, en Prunelli di Fium'Orbu, evoca la historia de Fium'Orbu a trav\u00e9s de los tiempos.<\/li>\n\n\n\n<li>Los pueblos de las laderas orientales encaramados en las crestas que dominan los valles fluviales y la llanura oriental, y su patrimonio construido.<\/li>\n\n\n\n<li>Los productos de los artesanos y agricultores locales. Visita sus talleres, laboratorios o granjas.<\/li>\n\n\n\n<li>Pasee por los senderos que rodean los pueblos o por los estanques costeros, evocadores del entorno natural.<\/li>\n<\/ul>\n\n\n\n<p>La oficina de turismo de Ghisonaccia ofrecer\u00e1 un programa diario de visitas y paseos por los alrededores. Tambi\u00e9n habr\u00e1 un gu\u00eda cultural que le ayudar\u00e1 a visitar los lugares caracter\u00edsticos de la microrregi\u00f3n.<\/p>\n\n\n\n<p>Bernard Giraudeau CC 3872<\/p>\n\n\n\n<h2 class=\"wp-block-heading\">Inscripci\u00f3n<\/h2>\n\n\n\n<p>Para inscribirse, descargue el formulario de inscripci\u00f3n en PDF y siga las instrucciones que figuran en \u00e9l.<\/p>","protected":false},"excerpt":{"rendered":"<p>Ce n\u2019est pas courant que les membres du Club des Cent Cols se donnent rendez-vous en \u00ab&nbsp;plaine&nbsp;\u00bb, en dehors de leurs ch\u00e8res montagnes o\u00f9 se cueillent \u00e0 foison le col commun, le petit col, le col dur ou le col mythique&nbsp;et en \u00ab Plaine orientale&nbsp;\u00bb de surcro\u00eet, qui \u00e9voque plut\u00f4t les d\u00e9serts arides des contr\u00e9es [&hellip;]<\/p>\n","protected":false},"author":3,"featured_media":82966,"comment_status":"closed","ping_status":"closed","sticky":false,"template":"","format":"standard","meta":{"_acf_changed":false,"footnotes":""},"categories":[349,368,366,399,135,231],"tags":[],"class_list":["post-81757","post","type-post","status-publish","format-standard","has-post-thumbnail","hentry","category-france-pays-sejours","category-corse-region-sejours","category-20-corse","category-corse-massif-sejours","category-calendrier","category-sejours"],"acf":[],"yoast_head":"<!-- This site is optimized with the Yoast SEO plugin v27.2 - https:\/\/yoast.com\/product\/yoast-seo-wordpress\/ -->\n<title>S\u00e9jour de printemps \u00e0 Ghisonaccia (Corse) du 24 au 30 avril 2016 - Club des Cent Cols<\/title>\n<meta name=\"robots\" content=\"index, follow, max-snippet:-1, max-image-preview:large, max-video-preview:-1\" \/>\n<link rel=\"canonical\" href=\"https:\/\/centcols.org\/es\/2016-ghisonaccia-break\/\" \/>\n<meta property=\"og:locale\" content=\"es_ES\" \/>\n<meta property=\"og:type\" content=\"article\" \/>\n<meta property=\"og:title\" content=\"S\u00e9jour de printemps \u00e0 Ghisonaccia (Corse) du 24 au 30 avril 2016 - Club des Cent Cols\" \/>\n<meta property=\"og:description\" content=\"Ce n\u2019est pas courant que les membres du Club des Cent Cols se donnent rendez-vous en \u00ab&nbsp;plaine&nbsp;\u00bb, en dehors de leurs ch\u00e8res montagnes o\u00f9 se cueillent \u00e0 foison le col commun, le petit col, le col dur ou le col mythique&nbsp;et en \u00ab Plaine orientale&nbsp;\u00bb de surcro\u00eet, qui \u00e9voque plut\u00f4t les d\u00e9serts arides des contr\u00e9es [&hellip;]\" \/>\n<meta property=\"og:url\" content=\"https:\/\/centcols.org\/es\/2016-ghisonaccia-break\/\" \/>\n<meta property=\"og:site_name\" content=\"Club des Cent Cols\" \/>\n<meta property=\"article:publisher\" content=\"https:\/\/www.facebook.com\/groups\/5261880558\/?locale=fr_FR\" \/>\n<meta property=\"article:published_time\" content=\"2016-01-16T04:00:04+00:00\" \/>\n<meta property=\"article:modified_time\" content=\"2025-08-29T16:03:18+00:00\" \/>\n<meta property=\"og:image\" content=\"https:\/\/centcols.org\/wp-content\/uploads\/2015\/10\/DSC04558-1200x9001-1.jpg\" \/>\n\t<meta property=\"og:image:width\" content=\"1200\" \/>\n\t<meta property=\"og:image:height\" content=\"900\" \/>\n\t<meta property=\"og:image:type\" content=\"image\/jpeg\" \/>\n<meta name=\"author\" content=\"Webmestre\" \/>\n<meta name=\"twitter:card\" content=\"summary_large_image\" \/>\n<meta name=\"twitter:label1\" content=\"Escrito por\" \/>\n\t<meta name=\"twitter:data1\" content=\"Webmestre\" \/>\n\t<meta name=\"twitter:label2\" content=\"Tiempo de lectura\" \/>\n\t<meta name=\"twitter:data2\" content=\"9 minutos\" \/>\n<script type=\"application\/ld+json\" class=\"yoast-schema-graph\">{\"@context\":\"https:\/\/schema.org\",\"@graph\":[{\"@type\":\"Article\",\"@id\":\"https:\/\/centcols.org\/sejour-2016-ghisonaccia\/#article\",\"isPartOf\":{\"@id\":\"https:\/\/centcols.org\/sejour-2016-ghisonaccia\/\"},\"author\":{\"name\":\"Webmestre\",\"@id\":\"https:\/\/centcols.org\/#\/schema\/person\/911b404fb133d8c913dd27cdcf71c8e5\"},\"headline\":\"S\u00e9jour de printemps \u00e0 Ghisonaccia (Corse) du 24 au 30 avril 2016\",\"datePublished\":\"2016-01-16T04:00:04+00:00\",\"dateModified\":\"2025-08-29T16:03:18+00:00\",\"mainEntityOfPage\":{\"@id\":\"https:\/\/centcols.org\/sejour-2016-ghisonaccia\/\"},\"wordCount\":1547,\"publisher\":{\"@id\":\"https:\/\/centcols.org\/#organization\"},\"image\":{\"@id\":\"https:\/\/centcols.org\/sejour-2016-ghisonaccia\/#primaryimage\"},\"thumbnailUrl\":\"https:\/\/centcols.org\/wp-content\/uploads\/2015\/10\/DSC04558-1200x9001-1.jpg\",\"articleSection\":[\"France\",\"Corse\",\"20-Corse\",\"Corse\",\"Calendrier\",\"S\u00e9jours du Club des Cent Cols\"],\"inLanguage\":\"es\"},{\"@type\":\"WebPage\",\"@id\":\"https:\/\/centcols.org\/sejour-2016-ghisonaccia\/\",\"url\":\"https:\/\/centcols.org\/sejour-2016-ghisonaccia\/\",\"name\":\"S\u00e9jour de printemps \u00e0 Ghisonaccia (Corse) du 24 au 30 avril 2016 - Club des Cent Cols\",\"isPartOf\":{\"@id\":\"https:\/\/centcols.org\/#website\"},\"primaryImageOfPage\":{\"@id\":\"https:\/\/centcols.org\/sejour-2016-ghisonaccia\/#primaryimage\"},\"image\":{\"@id\":\"https:\/\/centcols.org\/sejour-2016-ghisonaccia\/#primaryimage\"},\"thumbnailUrl\":\"https:\/\/centcols.org\/wp-content\/uploads\/2015\/10\/DSC04558-1200x9001-1.jpg\",\"datePublished\":\"2016-01-16T04:00:04+00:00\",\"dateModified\":\"2025-08-29T16:03:18+00:00\",\"breadcrumb\":{\"@id\":\"https:\/\/centcols.org\/sejour-2016-ghisonaccia\/#breadcrumb\"},\"inLanguage\":\"es\",\"potentialAction\":[{\"@type\":\"ReadAction\",\"target\":[\"https:\/\/centcols.org\/sejour-2016-ghisonaccia\/\"]}]},{\"@type\":\"ImageObject\",\"inLanguage\":\"es\",\"@id\":\"https:\/\/centcols.org\/sejour-2016-ghisonaccia\/#primaryimage\",\"url\":\"https:\/\/centcols.org\/wp-content\/uploads\/2015\/10\/DSC04558-1200x9001-1.jpg\",\"contentUrl\":\"https:\/\/centcols.org\/wp-content\/uploads\/2015\/10\/DSC04558-1200x9001-1.jpg\",\"width\":1200,\"height\":900},{\"@type\":\"BreadcrumbList\",\"@id\":\"https:\/\/centcols.org\/sejour-2016-ghisonaccia\/#breadcrumb\",\"itemListElement\":[{\"@type\":\"ListItem\",\"position\":1,\"name\":\"Accueil\",\"item\":\"https:\/\/centcols.org\/\"},{\"@type\":\"ListItem\",\"position\":2,\"name\":\"S\u00e9jours du Club des Cent Cols\",\"item\":\"https:\/\/centcols.org\/rubrique\/sejours\/\"},{\"@type\":\"ListItem\",\"position\":3,\"name\":\"Pays\",\"item\":\"https:\/\/centcols.org\/rubrique\/sejours\/pays-sejours\/\"},{\"@type\":\"ListItem\",\"position\":4,\"name\":\"France\",\"item\":\"https:\/\/centcols.org\/rubrique\/sejours\/pays-sejours\/france-pays-sejours\/\"},{\"@type\":\"ListItem\",\"position\":5,\"name\":\"S\u00e9jour de printemps \u00e0 Ghisonaccia (Corse) du 24 au 30 avril 2016\"}]},{\"@type\":\"WebSite\",\"@id\":\"https:\/\/centcols.org\/#website\",\"url\":\"https:\/\/centcols.org\/\",\"name\":\"Club des Cent Cols\",\"description\":\"\",\"publisher\":{\"@id\":\"https:\/\/centcols.org\/#organization\"},\"potentialAction\":[{\"@type\":\"SearchAction\",\"target\":{\"@type\":\"EntryPoint\",\"urlTemplate\":\"https:\/\/centcols.org\/?s={search_term_string}\"},\"query-input\":{\"@type\":\"PropertyValueSpecification\",\"valueRequired\":true,\"valueName\":\"search_term_string\"}}],\"inLanguage\":\"es\"},{\"@type\":\"Organization\",\"@id\":\"https:\/\/centcols.org\/#organization\",\"name\":\"Club des Cent Cols\",\"url\":\"https:\/\/centcols.org\/\",\"logo\":{\"@type\":\"ImageObject\",\"inLanguage\":\"es\",\"@id\":\"https:\/\/centcols.org\/#\/schema\/logo\/image\/\",\"url\":\"https:\/\/centcols.org\/wp-content\/uploads\/2025\/01\/carte-icone.png\",\"contentUrl\":\"https:\/\/centcols.org\/wp-content\/uploads\/2025\/01\/carte-icone.png\",\"width\":250,\"height\":250,\"caption\":\"Club des Cent Cols\"},\"image\":{\"@id\":\"https:\/\/centcols.org\/#\/schema\/logo\/image\/\"},\"sameAs\":[\"https:\/\/www.facebook.com\/groups\/5261880558\/?locale=fr_FR\"]},{\"@type\":\"Person\",\"@id\":\"https:\/\/centcols.org\/#\/schema\/person\/911b404fb133d8c913dd27cdcf71c8e5\",\"name\":\"Webmestre\",\"image\":{\"@type\":\"ImageObject\",\"inLanguage\":\"es\",\"@id\":\"https:\/\/centcols.org\/wp-content\/litespeed\/avatar\/2d246e4b6b4f773e08515e1ffc53690b.jpg?ver=1777222892\",\"url\":\"https:\/\/centcols.org\/wp-content\/litespeed\/avatar\/2d246e4b6b4f773e08515e1ffc53690b.jpg?ver=1777222892\",\"contentUrl\":\"https:\/\/centcols.org\/wp-content\/litespeed\/avatar\/2d246e4b6b4f773e08515e1ffc53690b.jpg?ver=1777222892\",\"caption\":\"Webmestre\"},\"url\":\"https:\/\/centcols.org\/es\/author\/webmestre\/\"}]}<\/script>\n<!-- \/ Yoast SEO plugin. -->","yoast_head_json":{"title":"Vacaciones de primavera en Ghisonaccia (C\u00f3rcega) del 24 al 30 de abril de 2016 - Club des Cent Cols","robots":{"index":"index","follow":"follow","max-snippet":"max-snippet:-1","max-image-preview":"max-image-preview:large","max-video-preview":"max-video-preview:-1"},"canonical":"https:\/\/centcols.org\/es\/2016-ghisonaccia-break\/","og_locale":"es_ES","og_type":"article","og_title":"S\u00e9jour de printemps \u00e0 Ghisonaccia (Corse) du 24 au 30 avril 2016 - Club des Cent Cols","og_description":"Ce n\u2019est pas courant que les membres du Club des Cent Cols se donnent rendez-vous en \u00ab&nbsp;plaine&nbsp;\u00bb, en dehors de leurs ch\u00e8res montagnes o\u00f9 se cueillent \u00e0 foison le col commun, le petit col, le col dur ou le col mythique&nbsp;et en \u00ab Plaine orientale&nbsp;\u00bb de surcro\u00eet, qui \u00e9voque plut\u00f4t les d\u00e9serts arides des contr\u00e9es [&hellip;]","og_url":"https:\/\/centcols.org\/es\/2016-ghisonaccia-break\/","og_site_name":"Club des Cent Cols","article_publisher":"https:\/\/www.facebook.com\/groups\/5261880558\/?locale=fr_FR","article_published_time":"2016-01-16T04:00:04+00:00","article_modified_time":"2025-08-29T16:03:18+00:00","og_image":[{"width":1200,"height":900,"url":"https:\/\/centcols.org\/wp-content\/uploads\/2015\/10\/DSC04558-1200x9001-1.jpg","type":"image\/jpeg"}],"author":"Webmestre","twitter_card":"summary_large_image","twitter_misc":{"Escrito por":"Webmestre","Tiempo de lectura":"9 minutos"},"schema":{"@context":"https:\/\/schema.org","@graph":[{"@type":"Article","@id":"https:\/\/centcols.org\/sejour-2016-ghisonaccia\/#article","isPartOf":{"@id":"https:\/\/centcols.org\/sejour-2016-ghisonaccia\/"},"author":{"name":"Webmestre","@id":"https:\/\/centcols.org\/#\/schema\/person\/911b404fb133d8c913dd27cdcf71c8e5"},"headline":"S\u00e9jour de printemps \u00e0 Ghisonaccia (Corse) du 24 au 30 avril 2016","datePublished":"2016-01-16T04:00:04+00:00","dateModified":"2025-08-29T16:03:18+00:00","mainEntityOfPage":{"@id":"https:\/\/centcols.org\/sejour-2016-ghisonaccia\/"},"wordCount":1547,"publisher":{"@id":"https:\/\/centcols.org\/#organization"},"image":{"@id":"https:\/\/centcols.org\/sejour-2016-ghisonaccia\/#primaryimage"},"thumbnailUrl":"https:\/\/centcols.org\/wp-content\/uploads\/2015\/10\/DSC04558-1200x9001-1.jpg","articleSection":["France","Corse","20-Corse","Corse","Calendrier","S\u00e9jours du Club des Cent Cols"],"inLanguage":"es"},{"@type":"WebPage","@id":"https:\/\/centcols.org\/sejour-2016-ghisonaccia\/","url":"https:\/\/centcols.org\/sejour-2016-ghisonaccia\/","name":"Vacaciones de primavera en Ghisonaccia (C\u00f3rcega) del 24 al 30 de abril de 2016 - Club des Cent Cols","isPartOf":{"@id":"https:\/\/centcols.org\/#website"},"primaryImageOfPage":{"@id":"https:\/\/centcols.org\/sejour-2016-ghisonaccia\/#primaryimage"},"image":{"@id":"https:\/\/centcols.org\/sejour-2016-ghisonaccia\/#primaryimage"},"thumbnailUrl":"https:\/\/centcols.org\/wp-content\/uploads\/2015\/10\/DSC04558-1200x9001-1.jpg","datePublished":"2016-01-16T04:00:04+00:00","dateModified":"2025-08-29T16:03:18+00:00","breadcrumb":{"@id":"https:\/\/centcols.org\/sejour-2016-ghisonaccia\/#breadcrumb"},"inLanguage":"es","potentialAction":[{"@type":"ReadAction","target":["https:\/\/centcols.org\/sejour-2016-ghisonaccia\/"]}]},{"@type":"ImageObject","inLanguage":"es","@id":"https:\/\/centcols.org\/sejour-2016-ghisonaccia\/#primaryimage","url":"https:\/\/centcols.org\/wp-content\/uploads\/2015\/10\/DSC04558-1200x9001-1.jpg","contentUrl":"https:\/\/centcols.org\/wp-content\/uploads\/2015\/10\/DSC04558-1200x9001-1.jpg","width":1200,"height":900},{"@type":"BreadcrumbList","@id":"https:\/\/centcols.org\/sejour-2016-ghisonaccia\/#breadcrumb","itemListElement":[{"@type":"ListItem","position":1,"name":"Accueil","item":"https:\/\/centcols.org\/"},{"@type":"ListItem","position":2,"name":"S\u00e9jours du Club des Cent Cols","item":"https:\/\/centcols.org\/rubrique\/sejours\/"},{"@type":"ListItem","position":3,"name":"Pays","item":"https:\/\/centcols.org\/rubrique\/sejours\/pays-sejours\/"},{"@type":"ListItem","position":4,"name":"France","item":"https:\/\/centcols.org\/rubrique\/sejours\/pays-sejours\/france-pays-sejours\/"},{"@type":"ListItem","position":5,"name":"S\u00e9jour de printemps \u00e0 Ghisonaccia (Corse) du 24 au 30 avril 2016"}]},{"@type":"WebSite","@id":"https:\/\/centcols.org\/#website","url":"https:\/\/centcols.org\/","name":"Club des Cent Cols","description":"","publisher":{"@id":"https:\/\/centcols.org\/#organization"},"potentialAction":[{"@type":"SearchAction","target":{"@type":"EntryPoint","urlTemplate":"https:\/\/centcols.org\/?s={search_term_string}"},"query-input":{"@type":"PropertyValueSpecification","valueRequired":true,"valueName":"search_term_string"}}],"inLanguage":"es"},{"@type":"Organization","@id":"https:\/\/centcols.org\/#organization","name":"Club des Cent Cols","url":"https:\/\/centcols.org\/","logo":{"@type":"ImageObject","inLanguage":"es","@id":"https:\/\/centcols.org\/#\/schema\/logo\/image\/","url":"https:\/\/centcols.org\/wp-content\/uploads\/2025\/01\/carte-icone.png","contentUrl":"https:\/\/centcols.org\/wp-content\/uploads\/2025\/01\/carte-icone.png","width":250,"height":250,"caption":"Club des Cent Cols"},"image":{"@id":"https:\/\/centcols.org\/#\/schema\/logo\/image\/"},"sameAs":["https:\/\/www.facebook.com\/groups\/5261880558\/?locale=fr_FR"]},{"@type":"Person","@id":"https:\/\/centcols.org\/#\/schema\/person\/911b404fb133d8c913dd27cdcf71c8e5","name":"Webmaster","image":{"@type":"ImageObject","inLanguage":"es","@id":"https:\/\/centcols.org\/wp-content\/litespeed\/avatar\/2d246e4b6b4f773e08515e1ffc53690b.jpg?ver=1777222892","url":"https:\/\/centcols.org\/wp-content\/litespeed\/avatar\/2d246e4b6b4f773e08515e1ffc53690b.jpg?ver=1777222892","contentUrl":"https:\/\/centcols.org\/wp-content\/litespeed\/avatar\/2d246e4b6b4f773e08515e1ffc53690b.jpg?ver=1777222892","caption":"Webmestre"},"url":"https:\/\/centcols.org\/es\/author\/webmestre\/"}]}},"_links":{"self":[{"href":"https:\/\/centcols.org\/es\/wp-json\/wp\/v2\/posts\/81757","targetHints":{"allow":["GET"]}}],"collection":[{"href":"https:\/\/centcols.org\/es\/wp-json\/wp\/v2\/posts"}],"about":[{"href":"https:\/\/centcols.org\/es\/wp-json\/wp\/v2\/types\/post"}],"author":[{"embeddable":true,"href":"https:\/\/centcols.org\/es\/wp-json\/wp\/v2\/users\/3"}],"replies":[{"embeddable":true,"href":"https:\/\/centcols.org\/es\/wp-json\/wp\/v2\/comments?post=81757"}],"version-history":[{"count":0,"href":"https:\/\/centcols.org\/es\/wp-json\/wp\/v2\/posts\/81757\/revisions"}],"wp:featuredmedia":[{"embeddable":true,"href":"https:\/\/centcols.org\/es\/wp-json\/wp\/v2\/media\/82966"}],"wp:attachment":[{"href":"https:\/\/centcols.org\/es\/wp-json\/wp\/v2\/media?parent=81757"}],"wp:term":[{"taxonomy":"category","embeddable":true,"href":"https:\/\/centcols.org\/es\/wp-json\/wp\/v2\/categories?post=81757"},{"taxonomy":"post_tag","embeddable":true,"href":"https:\/\/centcols.org\/es\/wp-json\/wp\/v2\/tags?post=81757"}],"curies":[{"name":"wp","href":"https:\/\/api.w.org\/{rel}","templated":true}]}}