{"id":81758,"date":"2015-10-10T15:30:00","date_gmt":"2015-10-10T13:30:00","guid":{"rendered":"https:\/\/centcols.org\/reunion-des-cent-cols-suisse-allaman-samedi-14-novembre-2015\/"},"modified":"2025-06-06T08:21:08","modified_gmt":"2025-06-06T06:21:08","slug":"reunion-del-cent-cols-suisse-allaman-sabado-14-de-noviembre-de-2015","status":"publish","type":"post","link":"https:\/\/centcols.org\/es\/reunion-des-cent-cols-suisse-allaman-samedi-14-novembre-2015\/","title":{"rendered":"Reuni\u00f3n de Cent Cols Suisse, Allaman, s\u00e1bado 14 de noviembre de 2015."},"content":{"rendered":"<h2>Pr\u00e9sentation<\/h2>\n<p>Rendez-vous 11h00. Assembl\u00e9e 12h00. Repas \u00e0 14h00 sur r\u00e9servation.<\/p>\n<h3>Contact<\/h3>\n<p>Pierre Mai, route du Signal, 1165 Allaman<br \/>\nT\u00e9l : (0041) 021 807 34 17<br \/>\nNatel : 0041 764 98 58 73<br \/>\nEmail : [email]pmai&#64;&#98;&#108;&#117;&#101;&#119;&#105;&#x6e;&#x2e;&#x63;&#x68;[\/email]<\/p>\n","protected":false},"excerpt":{"rendered":"<p>Pr\u00e9sentation Rendez-vous 11h00. Assembl\u00e9e 12h00. Repas \u00e0 14h00 sur r\u00e9servation. Contact Pierre Mai, route du Signal, 1165 Allaman T\u00e9l : (0041) 021 807 34 17 Natel : 0041 764 98 58 73 Email : [email]&#112;&#x6d;&#x61;&#105;&#x40;&#x62;l&#x75;&#x65;w&#105;&#x6e;&#46;&#99;&#x68;[\/email]<\/p>\n","protected":false},"author":3,"featured_media":0,"comment_status":"closed","ping_status":"open","sticky":false,"template":"","format":"standard","meta":{"_acf_changed":false,"footnotes":""},"categories":[135,234,216],"tags":[],"class_list":["post-81758","post","type-post","status-publish","format-standard","hentry","category-calendrier","category-les-rassemblements-de-2015","category-rencontres-regionales"],"acf":[],"yoast_head":"<!-- This site is optimized with the Yoast SEO plugin v27.2 - https:\/\/yoast.com\/product\/yoast-seo-wordpress\/ -->\n<title>R\u00e9union des Cent Cols Suisse, Allaman, samedi 14 novembre 2015 - Club des Cent Cols<\/title>\n<meta name=\"robots\" content=\"index, follow, max-snippet:-1, max-image-preview:large, max-video-preview:-1\" \/>\n<link rel=\"canonical\" href=\"https:\/\/centcols.org\/es\/reunion-del-cent-cols-suisse-allaman-sabado-14-de-noviembre-de-2015\/\" \/>\n<meta property=\"og:locale\" content=\"es_ES\" \/>\n<meta property=\"og:type\" content=\"article\" \/>\n<meta property=\"og:title\" content=\"R\u00e9union des Cent Cols Suisse, Allaman, samedi 14 novembre 2015 - Club des Cent Cols\" \/>\n<meta property=\"og:description\" content=\"Pr\u00e9sentation Rendez-vous 11h00. Assembl\u00e9e 12h00. Repas \u00e0 14h00 sur r\u00e9servation. Contact Pierre Mai, route du Signal, 1165 Allaman T\u00e9l : (0041) 021 807 34 17 Natel : 0041 764 98 58 73 Email : [email]&#x70;&#x6d;&#x61;&#x69;&#x40;&#x62;&#x6c;&#x75;&#x65;&#x77;&#x69;&#x6e;&#x2e;&#x63;&#104;[\/email]\" \/>\n<meta property=\"og:url\" content=\"https:\/\/centcols.org\/es\/reunion-del-cent-cols-suisse-allaman-sabado-14-de-noviembre-de-2015\/\" \/>\n<meta property=\"og:site_name\" content=\"Club des Cent Cols\" \/>\n<meta property=\"article:publisher\" content=\"https:\/\/www.facebook.com\/groups\/5261880558\/?locale=fr_FR\" \/>\n<meta property=\"article:published_time\" content=\"2015-10-10T13:30:00+00:00\" \/>\n<meta property=\"article:modified_time\" content=\"2025-06-06T06:21:08+00:00\" \/>\n<meta name=\"author\" content=\"Webmestre\" \/>\n<meta name=\"twitter:card\" content=\"summary_large_image\" \/>\n<meta name=\"twitter:label1\" content=\"Escrito por\" \/>\n\t<meta name=\"twitter:data1\" content=\"Webmestre\" \/>\n\t<meta name=\"twitter:label2\" content=\"Tiempo de lectura\" \/>\n\t<meta name=\"twitter:data2\" content=\"1 minuto\" \/>\n<script type=\"application\/ld+json\" class=\"yoast-schema-graph\">{\"@context\":\"https:\/\/schema.org\",\"@graph\":[{\"@type\":\"Article\",\"@id\":\"https:\/\/centcols.org\/reunion-des-cent-cols-suisse-allaman-samedi-14-novembre-2015\/#article\",\"isPartOf\":{\"@id\":\"https:\/\/centcols.org\/reunion-des-cent-cols-suisse-allaman-samedi-14-novembre-2015\/\"},\"author\":{\"name\":\"Webmestre\",\"@id\":\"https:\/\/centcols.org\/#\/schema\/person\/911b404fb133d8c913dd27cdcf71c8e5\"},\"headline\":\"R\u00e9union des Cent Cols Suisse, Allaman, samedi 14 novembre 2015\",\"datePublished\":\"2015-10-10T13:30:00+00:00\",\"dateModified\":\"2025-06-06T06:21:08+00:00\",\"mainEntityOfPage\":{\"@id\":\"https:\/\/centcols.org\/reunion-des-cent-cols-suisse-allaman-samedi-14-novembre-2015\/\"},\"wordCount\":37,\"publisher\":{\"@id\":\"https:\/\/centcols.org\/#organization\"},\"articleSection\":[\"Calendrier\",\"2015-rassemblements\",\"Rencontres r\u00e9gionales\"],\"inLanguage\":\"es\"},{\"@type\":\"WebPage\",\"@id\":\"https:\/\/centcols.org\/reunion-des-cent-cols-suisse-allaman-samedi-14-novembre-2015\/\",\"url\":\"https:\/\/centcols.org\/reunion-des-cent-cols-suisse-allaman-samedi-14-novembre-2015\/\",\"name\":\"R\u00e9union des Cent Cols Suisse, Allaman, samedi 14 novembre 2015 - Club des Cent Cols\",\"isPartOf\":{\"@id\":\"https:\/\/centcols.org\/#website\"},\"datePublished\":\"2015-10-10T13:30:00+00:00\",\"dateModified\":\"2025-06-06T06:21:08+00:00\",\"breadcrumb\":{\"@id\":\"https:\/\/centcols.org\/reunion-des-cent-cols-suisse-allaman-samedi-14-novembre-2015\/#breadcrumb\"},\"inLanguage\":\"es\",\"potentialAction\":[{\"@type\":\"ReadAction\",\"target\":[\"https:\/\/centcols.org\/reunion-des-cent-cols-suisse-allaman-samedi-14-novembre-2015\/\"]}]},{\"@type\":\"BreadcrumbList\",\"@id\":\"https:\/\/centcols.org\/reunion-des-cent-cols-suisse-allaman-samedi-14-novembre-2015\/#breadcrumb\",\"itemListElement\":[{\"@type\":\"ListItem\",\"position\":1,\"name\":\"Accueil\",\"item\":\"https:\/\/centcols.org\/\"},{\"@type\":\"ListItem\",\"position\":2,\"name\":\"Rencontres r\u00e9gionales\",\"item\":\"https:\/\/centcols.org\/rubrique\/rencontres-regionales\/\"},{\"@type\":\"ListItem\",\"position\":3,\"name\":\"2015-rassemblements\",\"item\":\"https:\/\/centcols.org\/rubrique\/rencontres-regionales\/les-rassemblements-de-2015\/\"},{\"@type\":\"ListItem\",\"position\":4,\"name\":\"R\u00e9union des Cent Cols Suisse, Allaman, samedi 14 novembre 2015\"}]},{\"@type\":\"WebSite\",\"@id\":\"https:\/\/centcols.org\/#website\",\"url\":\"https:\/\/centcols.org\/\",\"name\":\"Club des Cent Cols\",\"description\":\"\",\"publisher\":{\"@id\":\"https:\/\/centcols.org\/#organization\"},\"potentialAction\":[{\"@type\":\"SearchAction\",\"target\":{\"@type\":\"EntryPoint\",\"urlTemplate\":\"https:\/\/centcols.org\/?s={search_term_string}\"},\"query-input\":{\"@type\":\"PropertyValueSpecification\",\"valueRequired\":true,\"valueName\":\"search_term_string\"}}],\"inLanguage\":\"es\"},{\"@type\":\"Organization\",\"@id\":\"https:\/\/centcols.org\/#organization\",\"name\":\"Club des Cent Cols\",\"url\":\"https:\/\/centcols.org\/\",\"logo\":{\"@type\":\"ImageObject\",\"inLanguage\":\"es\",\"@id\":\"https:\/\/centcols.org\/#\/schema\/logo\/image\/\",\"url\":\"https:\/\/centcols.org\/wp-content\/uploads\/2025\/01\/carte-icone.png\",\"contentUrl\":\"https:\/\/centcols.org\/wp-content\/uploads\/2025\/01\/carte-icone.png\",\"width\":250,\"height\":250,\"caption\":\"Club des Cent Cols\"},\"image\":{\"@id\":\"https:\/\/centcols.org\/#\/schema\/logo\/image\/\"},\"sameAs\":[\"https:\/\/www.facebook.com\/groups\/5261880558\/?locale=fr_FR\"]},{\"@type\":\"Person\",\"@id\":\"https:\/\/centcols.org\/#\/schema\/person\/911b404fb133d8c913dd27cdcf71c8e5\",\"name\":\"Webmestre\",\"image\":{\"@type\":\"ImageObject\",\"inLanguage\":\"es\",\"@id\":\"https:\/\/centcols.org\/wp-content\/litespeed\/avatar\/2d246e4b6b4f773e08515e1ffc53690b.jpg?ver=1777222892\",\"url\":\"https:\/\/centcols.org\/wp-content\/litespeed\/avatar\/2d246e4b6b4f773e08515e1ffc53690b.jpg?ver=1777222892\",\"contentUrl\":\"https:\/\/centcols.org\/wp-content\/litespeed\/avatar\/2d246e4b6b4f773e08515e1ffc53690b.jpg?ver=1777222892\",\"caption\":\"Webmestre\"},\"url\":\"https:\/\/centcols.org\/es\/author\/webmestre\/\"}]}<\/script>\n<!-- \/ Yoast SEO plugin. -->","yoast_head_json":{"title":"Reuni\u00f3n de los Cent Cols Suisse, Allaman, s\u00e1bado 14 de noviembre de 2015 - Club des Cent Cols","robots":{"index":"index","follow":"follow","max-snippet":"max-snippet:-1","max-image-preview":"max-image-preview:large","max-video-preview":"max-video-preview:-1"},"canonical":"https:\/\/centcols.org\/es\/reunion-del-cent-cols-suisse-allaman-sabado-14-de-noviembre-de-2015\/","og_locale":"es_ES","og_type":"article","og_title":"R\u00e9union des Cent Cols Suisse, Allaman, samedi 14 novembre 2015 - Club des Cent Cols","og_description":"Pr\u00e9sentation Rendez-vous 11h00. Assembl\u00e9e 12h00. Repas \u00e0 14h00 sur r\u00e9servation. Contact Pierre Mai, route du Signal, 1165 Allaman T\u00e9l : (0041) 021 807 34 17 Natel : 0041 764 98 58 73 Email : [email]&#x70;&#x6d;&#x61;&#x69;&#x40;&#x62;&#x6c;&#x75;&#x65;&#x77;&#x69;&#x6e;&#x2e;&#x63;&#104;[\/email]","og_url":"https:\/\/centcols.org\/es\/reunion-del-cent-cols-suisse-allaman-sabado-14-de-noviembre-de-2015\/","og_site_name":"Club des Cent Cols","article_publisher":"https:\/\/www.facebook.com\/groups\/5261880558\/?locale=fr_FR","article_published_time":"2015-10-10T13:30:00+00:00","article_modified_time":"2025-06-06T06:21:08+00:00","author":"Webmestre","twitter_card":"summary_large_image","twitter_misc":{"Escrito por":"Webmestre","Tiempo de lectura":"1 minuto"},"schema":{"@context":"https:\/\/schema.org","@graph":[{"@type":"Article","@id":"https:\/\/centcols.org\/reunion-des-cent-cols-suisse-allaman-samedi-14-novembre-2015\/#article","isPartOf":{"@id":"https:\/\/centcols.org\/reunion-des-cent-cols-suisse-allaman-samedi-14-novembre-2015\/"},"author":{"name":"Webmestre","@id":"https:\/\/centcols.org\/#\/schema\/person\/911b404fb133d8c913dd27cdcf71c8e5"},"headline":"R\u00e9union des Cent Cols Suisse, Allaman, samedi 14 novembre 2015","datePublished":"2015-10-10T13:30:00+00:00","dateModified":"2025-06-06T06:21:08+00:00","mainEntityOfPage":{"@id":"https:\/\/centcols.org\/reunion-des-cent-cols-suisse-allaman-samedi-14-novembre-2015\/"},"wordCount":37,"publisher":{"@id":"https:\/\/centcols.org\/#organization"},"articleSection":["Calendrier","2015-rassemblements","Rencontres r\u00e9gionales"],"inLanguage":"es"},{"@type":"WebPage","@id":"https:\/\/centcols.org\/reunion-des-cent-cols-suisse-allaman-samedi-14-novembre-2015\/","url":"https:\/\/centcols.org\/reunion-des-cent-cols-suisse-allaman-samedi-14-novembre-2015\/","name":"Reuni\u00f3n de los Cent Cols Suisse, Allaman, s\u00e1bado 14 de noviembre de 2015 - Club des Cent Cols","isPartOf":{"@id":"https:\/\/centcols.org\/#website"},"datePublished":"2015-10-10T13:30:00+00:00","dateModified":"2025-06-06T06:21:08+00:00","breadcrumb":{"@id":"https:\/\/centcols.org\/reunion-des-cent-cols-suisse-allaman-samedi-14-novembre-2015\/#breadcrumb"},"inLanguage":"es","potentialAction":[{"@type":"ReadAction","target":["https:\/\/centcols.org\/reunion-des-cent-cols-suisse-allaman-samedi-14-novembre-2015\/"]}]},{"@type":"BreadcrumbList","@id":"https:\/\/centcols.org\/reunion-des-cent-cols-suisse-allaman-samedi-14-novembre-2015\/#breadcrumb","itemListElement":[{"@type":"ListItem","position":1,"name":"Accueil","item":"https:\/\/centcols.org\/"},{"@type":"ListItem","position":2,"name":"Rencontres r\u00e9gionales","item":"https:\/\/centcols.org\/rubrique\/rencontres-regionales\/"},{"@type":"ListItem","position":3,"name":"2015-rassemblements","item":"https:\/\/centcols.org\/rubrique\/rencontres-regionales\/les-rassemblements-de-2015\/"},{"@type":"ListItem","position":4,"name":"R\u00e9union des Cent Cols Suisse, Allaman, samedi 14 novembre 2015"}]},{"@type":"WebSite","@id":"https:\/\/centcols.org\/#website","url":"https:\/\/centcols.org\/","name":"Club des Cent Cols","description":"","publisher":{"@id":"https:\/\/centcols.org\/#organization"},"potentialAction":[{"@type":"SearchAction","target":{"@type":"EntryPoint","urlTemplate":"https:\/\/centcols.org\/?s={search_term_string}"},"query-input":{"@type":"PropertyValueSpecification","valueRequired":true,"valueName":"search_term_string"}}],"inLanguage":"es"},{"@type":"Organization","@id":"https:\/\/centcols.org\/#organization","name":"Club des Cent Cols","url":"https:\/\/centcols.org\/","logo":{"@type":"ImageObject","inLanguage":"es","@id":"https:\/\/centcols.org\/#\/schema\/logo\/image\/","url":"https:\/\/centcols.org\/wp-content\/uploads\/2025\/01\/carte-icone.png","contentUrl":"https:\/\/centcols.org\/wp-content\/uploads\/2025\/01\/carte-icone.png","width":250,"height":250,"caption":"Club des Cent Cols"},"image":{"@id":"https:\/\/centcols.org\/#\/schema\/logo\/image\/"},"sameAs":["https:\/\/www.facebook.com\/groups\/5261880558\/?locale=fr_FR"]},{"@type":"Person","@id":"https:\/\/centcols.org\/#\/schema\/person\/911b404fb133d8c913dd27cdcf71c8e5","name":"Webmaster","image":{"@type":"ImageObject","inLanguage":"es","@id":"https:\/\/centcols.org\/wp-content\/litespeed\/avatar\/2d246e4b6b4f773e08515e1ffc53690b.jpg?ver=1777222892","url":"https:\/\/centcols.org\/wp-content\/litespeed\/avatar\/2d246e4b6b4f773e08515e1ffc53690b.jpg?ver=1777222892","contentUrl":"https:\/\/centcols.org\/wp-content\/litespeed\/avatar\/2d246e4b6b4f773e08515e1ffc53690b.jpg?ver=1777222892","caption":"Webmestre"},"url":"https:\/\/centcols.org\/es\/author\/webmestre\/"}]}},"_links":{"self":[{"href":"https:\/\/centcols.org\/es\/wp-json\/wp\/v2\/posts\/81758","targetHints":{"allow":["GET"]}}],"collection":[{"href":"https:\/\/centcols.org\/es\/wp-json\/wp\/v2\/posts"}],"about":[{"href":"https:\/\/centcols.org\/es\/wp-json\/wp\/v2\/types\/post"}],"author":[{"embeddable":true,"href":"https:\/\/centcols.org\/es\/wp-json\/wp\/v2\/users\/3"}],"replies":[{"embeddable":true,"href":"https:\/\/centcols.org\/es\/wp-json\/wp\/v2\/comments?post=81758"}],"version-history":[{"count":0,"href":"https:\/\/centcols.org\/es\/wp-json\/wp\/v2\/posts\/81758\/revisions"}],"wp:attachment":[{"href":"https:\/\/centcols.org\/es\/wp-json\/wp\/v2\/media?parent=81758"}],"wp:term":[{"taxonomy":"category","embeddable":true,"href":"https:\/\/centcols.org\/es\/wp-json\/wp\/v2\/categories?post=81758"},{"taxonomy":"post_tag","embeddable":true,"href":"https:\/\/centcols.org\/es\/wp-json\/wp\/v2\/tags?post=81758"}],"curies":[{"name":"wp","href":"https:\/\/api.w.org\/{rel}","templated":true}]}}