{"id":81768,"date":"2016-05-04T11:18:45","date_gmt":"2016-05-04T09:18:45","guid":{"rendered":"https:\/\/centcols.org\/sejour-estival-a-vassieux-en-vercors-drome-du-16-au-24-juillet-2016\/"},"modified":"2025-09-01T18:06:16","modified_gmt":"2025-09-01T16:06:16","slug":"estancia-2016-vassieux","status":"publish","type":"post","link":"https:\/\/centcols.org\/es\/sejour-2016-vassieux\/","title":{"rendered":"Vacaciones de verano en Vassieux-en-Vercors (Dr\u00f4me) del 16 al 24 de julio de 2016"},"content":{"rendered":"<h2 class=\"wp-block-heading\">Presentaci\u00f3n<\/h2>\n\n\n\n<p>Las vacaciones de verano de 2016 tendr\u00e1n lugar del 16 al 24 de julio en <a href=\"http:\/\/www.lepiroulet.com\/spip\/Vassieux-en-Vercors.html\" target=\"_blank\" rel=\"noreferrer noopener\">Piroulet<\/a> en el municipio de Vassieux-en-Vercors.<\/p>\n\n\n\n<p>Las fotos de esta p\u00e1gina (paisajes, fauna, flora) han sido facilitadas principalmente por Mich\u00e8le Sassoulas.<\/p>\n\n\n\n<figure class=\"wp-block-gallery has-nested-images columns-3 is-cropped wp-block-gallery-1 is-layout-flex wp-block-gallery-is-layout-flex\">\n<figure class=\"wp-block-image size-full\"><a href=\"https:\/\/centcols.org\/wp-content\/uploads\/2016\/05\/200_blason_vassieux00001.png\"><img loading=\"lazy\" decoding=\"async\" width=\"200\" height=\"220\" data-id=\"88731\" src=\"https:\/\/centcols.org\/wp-content\/uploads\/2016\/05\/200_blason_vassieux00001.png\" alt=\"\" class=\"wp-image-88731\"\/><\/a><figcaption class=\"wp-element-caption\">Vassieux<\/figcaption><\/figure>\n\n\n\n<figure class=\"wp-block-image size-full\"><a href=\"https:\/\/centcols.org\/wp-content\/uploads\/2016\/05\/villagevassieux.jpg\"><img loading=\"lazy\" decoding=\"async\" width=\"1024\" height=\"768\" data-id=\"88732\" src=\"https:\/\/centcols.org\/wp-content\/uploads\/2016\/05\/villagevassieux.jpg\" alt=\"\" class=\"wp-image-88732\" srcset=\"https:\/\/centcols.org\/wp-content\/uploads\/2016\/05\/villagevassieux.jpg 1024w, https:\/\/centcols.org\/wp-content\/uploads\/2016\/05\/villagevassieux-768x576.jpg 768w\" sizes=\"auto, (max-width: 1024px) 100vw, 1024px\" \/><\/a><figcaption class=\"wp-element-caption\">el pueblo de Vassieux-en-Vercors desde las rocas de Beausi\u00e8re<\/figcaption><\/figure>\n\n\n\n<figure class=\"wp-block-image size-full\"><a href=\"https:\/\/centcols.org\/wp-content\/uploads\/2016\/05\/Blason_province_fr_Dauphine.svg_.png\"><img loading=\"lazy\" decoding=\"async\" width=\"200\" height=\"220\" data-id=\"88733\" src=\"https:\/\/centcols.org\/wp-content\/uploads\/2016\/05\/Blason_province_fr_Dauphine.svg_.png\" alt=\"\" class=\"wp-image-88733\"\/><\/a><figcaption class=\"wp-element-caption\">Dauphin\u00e9<\/figcaption><\/figure>\n<\/figure>\n\n\n\n<figure class=\"wp-block-gallery has-nested-images columns-3 is-cropped wp-block-gallery-2 is-layout-flex wp-block-gallery-is-layout-flex\">\n<figure class=\"wp-block-image size-full\"><a href=\"https:\/\/centcols.org\/wp-content\/uploads\/2016\/05\/DSCN2366.jpg\"><img loading=\"lazy\" decoding=\"async\" width=\"1024\" height=\"768\" data-id=\"88734\" src=\"https:\/\/centcols.org\/wp-content\/uploads\/2016\/05\/DSCN2366.jpg\" alt=\"\" class=\"wp-image-88734\" srcset=\"https:\/\/centcols.org\/wp-content\/uploads\/2016\/05\/DSCN2366.jpg 1024w, https:\/\/centcols.org\/wp-content\/uploads\/2016\/05\/DSCN2366-768x576.jpg 768w\" sizes=\"auto, (max-width: 1024px) 100vw, 1024px\" \/><\/a><figcaption class=\"wp-element-caption\">los molinos de Vassieux<\/figcaption><\/figure>\n\n\n\n<figure class=\"wp-block-image size-full\"><a href=\"https:\/\/centcols.org\/wp-content\/uploads\/2016\/05\/DSCN1420.jpg\"><img loading=\"lazy\" decoding=\"async\" width=\"1024\" height=\"768\" data-id=\"88735\" src=\"https:\/\/centcols.org\/wp-content\/uploads\/2016\/05\/DSCN1420.jpg\" alt=\"\" class=\"wp-image-88735\" srcset=\"https:\/\/centcols.org\/wp-content\/uploads\/2016\/05\/DSCN1420.jpg 1024w, https:\/\/centcols.org\/wp-content\/uploads\/2016\/05\/DSCN1420-768x576.jpg 768w\" sizes=\"auto, (max-width: 1024px) 100vw, 1024px\" \/><\/a><figcaption class=\"wp-element-caption\">el memorial de la Resistencia en el Col de la Chau<\/figcaption><\/figure>\n\n\n\n<figure class=\"wp-block-image size-full\"><a href=\"https:\/\/centcols.org\/wp-content\/uploads\/2016\/05\/Bataille.jpg\"><img loading=\"lazy\" decoding=\"async\" width=\"1024\" height=\"768\" data-id=\"88736\" src=\"https:\/\/centcols.org\/wp-content\/uploads\/2016\/05\/Bataille.jpg\" alt=\"\" class=\"wp-image-88736\" srcset=\"https:\/\/centcols.org\/wp-content\/uploads\/2016\/05\/Bataille.jpg 1024w, https:\/\/centcols.org\/wp-content\/uploads\/2016\/05\/Bataille-768x576.jpg 768w\" sizes=\"auto, (max-width: 1024px) 100vw, 1024px\" \/><\/a><figcaption class=\"wp-element-caption\">Bufanda de niebla sobre el Col de la Bataille<\/figcaption><\/figure>\n<\/figure>\n\n\n\n<div class=\"wp-block-columns is-layout-flex wp-container-core-columns-is-layout-9d6595d7 wp-block-columns-is-layout-flex\">\n<div class=\"wp-block-column is-layout-flow wp-block-column-is-layout-flow\" style=\"flex-basis:66.66%\">\n<h2 class=\"wp-block-heading\">Introducci\u00f3n a la regi\u00f3n<\/h2>\n\n\n\n<p>El Vercors es un macizo situado en la regi\u00f3n de los Prealpes, en el sureste de Francia, a caballo entre los departamentos de Is\u00e8re y Dr\u00f4me, que alcanza los 2.341 metros de altitud en Grand Veymont. La parte de Is\u00e8re es mucho m\u00e1s conocida por el turismo, sobre todo el de invierno, gracias a la fama que le dieron los Juegos Ol\u00edmpicos de Grenoble 1968. Autrans, Villard-de-Lans y Saint-Nizier-du-Moucherotte fueron las sedes de las pruebas n\u00f3rdicas (esqu\u00ed de fondo y saltos de esqu\u00ed). El macizo de la Dr\u00f4me es mucho m\u00e1s salvaje, y all\u00ed es donde nos alojaremos este verano.<\/p>\n\n\n\n<p>La geograf\u00eda del Vercors se resume a menudo con el t\u00e9rmino \u00abmeseta\u00bb. Vista desde lejos, parece sencilla: la diferencia de altitud entre el macizo y los valles es de varios centenares de metros, alcanzando las zonas habitadas entre 800 y 1.200 metros. La cresta del flanco oriental, de cincuenta kil\u00f3metros de longitud, cuenta con varios picos que superan los 2.000 metros de altitud, mientras que el interior del macizo oscila entre los 800 y los 1.500 metros.<\/p>\n\n\n\n<p>El particular relieve del Vercors le ha valido dos apodos. El apodo de \u00abFortaleza\u00bb refleja la dificultad de acceder al Vercors desde la llanura: la mayor\u00eda de las veces hay que atravesar gargantas formadas por acantilados calc\u00e1reos o escalones accesibles s\u00f3lo para excursionistas. El apodo de \u00abDolomitas francesas\u00bb hace referencia al macizo calc\u00e1reo italiano conocido por sus peculiares formas rocosas.<\/p>\n\n\n\n<p>Debido a este relieve particular, el centro del Vercors est\u00e1 dividido en varias regiones distintas.<\/p>\n\n\n\n<p>La Coulmes, al noroeste, siempre ha sido la parte m\u00e1s densamente arbolada del macizo. El bosque se explot\u00f3 en el siglo XIX.<sup>e<\/sup> En esta regi\u00f3n, el Vercors se parece m\u00e1s a una monta\u00f1a que a una sucesi\u00f3n de mesetas. En esta regi\u00f3n, el Vercors parece m\u00e1s una monta\u00f1a que una sucesi\u00f3n de mesetas, con los pliegues de caliza urgoniana m\u00e1s redondeados. Hay varias rutas impresionantes hacia las Coulmes, en particular las gargantas del Nan y las gargantas des \u00c9couges. Un recorrido por carretera le ayudar\u00e1 a descubrirlas.<\/p>\n\n\n\n<p>En la actualidad, las Quatre Montagnes son la zona m\u00e1s desarrollada del Vercors para el turismo, en particular el esqu\u00ed de fondo y alpino. No obstante, en las Quatre Montagnes siguen existiendo actividades tradicionales, en particular la ganader\u00eda lechera y la producci\u00f3n de queso. Los cuatro pueblos principales (Autrans, M\u00e9audre, Lans-en-Vercors y Villard-de-Lans) se extienden por dos mesetas separadas por monta\u00f1as boscosas. Estos cuatro pueblos son estaciones de esqu\u00ed, pero conservan explotaciones agr\u00edcolas en activo.<\/p>\n\n\n\n<p>Los contrastes son evidentes: amplios valles (el valle de Lans-en-Vercors, las regiones de Autrans y La Chapelle-en-Vercors, etc.) y mesetas (el bosque de Coulmes, el bosque de Lente y los inmensos Hauts-Plateaux du Vercors) est\u00e1n separados por profundas gargantas (las gargantas de Bourne y Furon, etc.).) y mesetas (el bosque de Coulmes, el bosque de Lente y los inmensos Hauts-Plateaux du Vercors) est\u00e1n separados por profundas gargantas (las gargantas de Bourne y Furon, etc.) e imponentes acantilados que pueden superar los 400 metros de altura (los acantilados de Presles, Combe Laval y el circo de Archiane, etc.). El Monte Aiguille est\u00e1 aislado del resto del macizo por la erosi\u00f3n que ha cortado todos sus flancos.<\/p>\n\n\n\n<p>Debido a este relieve, varias partes del Vercors est\u00e1n especialmente aisladas del resto del macizo. Gresse-en-Vercors no tiene conexi\u00f3n con el interior del macizo: hay que recorrer unos cien kil\u00f3metros para llegar al sur del Vercors por el Col de Rousset y unos setenta kil\u00f3metros para llegar al norte del Vercors por Saint-Nizier-du-Moucherotte.<\/p>\n\n\n\n<p>El Vercors, en la Dr\u00f4me, est\u00e1 formado por mesetas m\u00e1s peque\u00f1as pero m\u00e1s numerosas. Algunas de estas mesetas son espectaculares (Ambel, Font d'Urle) y ofrecen magn\u00edficas vistas de una a otra o de las llanuras circundantes. Al norte del Vercors, en la Dr\u00f4me, hay varios desfiladeros atravesados por impresionantes carreteras excavadas en los acantilados. Las mesetas herbosas del Vercors de la Dr\u00f4me se utilizan como pastos de monta\u00f1a en verano. La trashumancia es la ocasi\u00f3n de una fiesta en Die.<\/p>\n\n\n\n<figure class=\"wp-block-gallery has-nested-images columns-default is-cropped wp-block-gallery-3 is-layout-flex wp-block-gallery-is-layout-flex\">\n<figure class=\"wp-block-image size-full\"><a href=\"https:\/\/centcols.org\/wp-content\/uploads\/2016\/05\/DSC04657.jpg\"><img loading=\"lazy\" decoding=\"async\" width=\"1024\" height=\"768\" data-id=\"88739\" src=\"https:\/\/centcols.org\/wp-content\/uploads\/2016\/05\/DSC04657.jpg\" alt=\"\" class=\"wp-image-88739\" srcset=\"https:\/\/centcols.org\/wp-content\/uploads\/2016\/05\/DSC04657.jpg 1024w, https:\/\/centcols.org\/wp-content\/uploads\/2016\/05\/DSC04657-768x576.jpg 768w\" sizes=\"auto, (max-width: 1024px) 100vw, 1024px\" \/><\/a><figcaption class=\"wp-element-caption\">Pas de l'Echelette <\/figcaption><\/figure>\n\n\n\n<figure class=\"wp-block-image size-full\"><a href=\"https:\/\/centcols.org\/wp-content\/uploads\/2016\/05\/DSCN2383.jpg\"><img loading=\"lazy\" decoding=\"async\" width=\"1024\" height=\"768\" data-id=\"88740\" src=\"https:\/\/centcols.org\/wp-content\/uploads\/2016\/05\/DSCN2383.jpg\" alt=\"\" class=\"wp-image-88740\" srcset=\"https:\/\/centcols.org\/wp-content\/uploads\/2016\/05\/DSCN2383.jpg 1024w, https:\/\/centcols.org\/wp-content\/uploads\/2016\/05\/DSCN2383-768x576.jpg 768w\" sizes=\"auto, (max-width: 1024px) 100vw, 1024px\" \/><\/a><figcaption class=\"wp-element-caption\">puy de la Gag\u00e8re y los acantilados del circo de Quint<\/figcaption><\/figure>\n<figcaption class=\"blocks-gallery-caption wp-element-caption\">Mich\u00e8le Sassoulas<\/figcaption><\/figure>\n<\/div>\n\n\n\n<div class=\"wp-block-column is-layout-flow wp-block-column-is-layout-flow\" style=\"flex-basis:33.33%\">\n<h2 class=\"wp-block-heading\">El caballo de Vercors<\/h2>\n\n\n<div class=\"wp-block-image\">\n<figure class=\"aligncenter size-full is-resized\"><img loading=\"lazy\" decoding=\"async\" width=\"800\" height=\"600\" src=\"https:\/\/centcols.org\/wp-content\/uploads\/2016\/05\/urle00005.jpg\" alt=\"\" class=\"wp-image-88738\" style=\"aspect-ratio:1;object-fit:cover;width:801px\" srcset=\"https:\/\/centcols.org\/wp-content\/uploads\/2016\/05\/urle00005.jpg 800w, https:\/\/centcols.org\/wp-content\/uploads\/2016\/05\/urle00005-768x576.jpg 768w\" sizes=\"auto, (max-width: 800px) 100vw, 800px\" \/><figcaption class=\"wp-element-caption\">Foto tomada en la meseta de Gag\u00e8res (R.Paraz)<\/figcaption><\/figure>\n<\/div>\n\n\n<div style=\"height:25px\" aria-hidden=\"true\" class=\"wp-block-spacer\"><\/div>\n\n\n\n<div style=\"height:25px\" aria-hidden=\"true\" class=\"wp-block-spacer\"><\/div>\n\n\n\n<p>En el <strong>Meseta de Gag\u00e8res<\/strong>, Cuando hay niebla y s\u00f3lo se ven las balizas para despejar la nieve, el ambiente es especial. O cuando la escarcha extiende sus finas l\u00e1minas horizontales por la vegetaci\u00f3n y los pilones, cuando el viento barre el lapiaz y los prados, cuando a\u00falla la tormenta... a la <strong>Puerta de Urle<\/strong>.<\/p>\n\n\n\n<p>La meseta es soberbia en primavera, cuando la vegetaci\u00f3n entre las losas estriadas de lapiaz, las barreras rocosas y los scialets se engalana de narcisos y orqu\u00eddeas.<\/p>\n\n\n\n<p>Estos son los pastos del<strong> Caballo de Vercors<\/strong>, que regresa de la llanura de Crau para instalarse en los pastos de verano del Vercors.<\/p>\n\n\n\n<p>Este caballo tambi\u00e9n se llama Barraquand, en honor a su primer criador, Jules Barraquand, un agricultor de Ambel que compr\u00f3 en 1919 los prados de Font d'Urle para sus ovejas y un centenar de sus caballos. La gran trashumancia tuvo lugar entonces entre el Mas de Beauchamp, en la Crau, y el sur del Vercors.<\/p>\n\n\n\n<p>El caballo de Vercors estuvo a punto de desaparecer tras la guerra de los a\u00f1os cincuenta. Debe su supervivencia a criadores apasionados y al apoyo del Parque del Vercors. Recientemente, Michel Chapoutier ha probado la tracci\u00f3n animal para trabajar sus famosas vi\u00f1as de Tain-l'Hermitage: \u00a1quiz\u00e1s el caballo de Vercors tambi\u00e9n forme parte del paisaje vit\u00edcola del R\u00f3dano!<\/p>\n\n\n\n<p>Se trata de un caballo peque\u00f1o y resistente, en\u00e9rgico y flexible, de pelaje bayo, ojos expresivos y crines negras y leonadas. Se encuentra, casi en libertad, desde Serre Montu\u00e9 hasta Puy de la Gag\u00e8re.<\/p>\n\n\n\n<p>O al ras de los acantilados del Circo de Quint... En julio de 1994, una tormenta muy violenta sembr\u00f3 el p\u00e1nico entre los caballos, que se precipitaron al abismo. 47 caballos perecieron y fue dif\u00edcil recuperar sus cad\u00e1veres del pedregal y las laderas de abajo.<\/p>\n\n\n\n<p>Mich\u00e8le Sassoulas (cc 1430)<\/p>\n<\/div>\n<\/div>\n\n\n\n<h3 class=\"wp-block-heading\"><strong>&nbsp;Altiplano del Vercors<\/strong><\/h3>\n\n\n\n<p>\u00danica en su g\u00e9nero por sus 17.000 hect\u00e1reas, la Reserva de Hauts-Plateaux ocupa 10% del Parque Natural Regional de Vercors. Actualmente es la mayor reserva terrestre de Francia continental.<\/p>\n\n\n\n<p>Hoy en d\u00eda, con su alternancia de pastos de monta\u00f1a y bosques, la Reserva cuenta con el mayor bosque de pino ganchudo de los Alpes calc\u00e1reos y una rica flora de unas 738 especies. La vida animal es discreta pero abundante.<\/p>\n\n\n\n<p>Aqu\u00ed se pueden ver la mayor\u00eda de las especies de monta\u00f1a: marmota, urogallo negro, \u00e1guila real, rebeco... as\u00ed como especies m\u00e1s raras como la perdiz nival, la liebre de monta\u00f1a, el lobo, el mochuelo y la lechuza de Tengmalm. Algunas especies, como el \u00edbice alpino, el buitre leonado, el quebrantahuesos y la marmota, han sido reintroducidas en los \u00faltimos a\u00f1os.<\/p>\n\n\n\n<figure class=\"wp-block-gallery has-nested-images columns-2 is-cropped wp-block-gallery-4 is-layout-flex wp-block-gallery-is-layout-flex\">\n<figure class=\"wp-block-image size-full\"><a href=\"https:\/\/centcols.org\/wp-content\/uploads\/2016\/05\/DSCN1336.jpg\"><img loading=\"lazy\" decoding=\"async\" width=\"1024\" height=\"768\" data-id=\"88741\" src=\"https:\/\/centcols.org\/wp-content\/uploads\/2016\/05\/DSCN1336.jpg\" alt=\"\" class=\"wp-image-88741\" srcset=\"https:\/\/centcols.org\/wp-content\/uploads\/2016\/05\/DSCN1336.jpg 1024w, https:\/\/centcols.org\/wp-content\/uploads\/2016\/05\/DSCN1336-768x576.jpg 768w\" sizes=\"auto, (max-width: 1024px) 100vw, 1024px\" \/><\/a><\/figure>\n\n\n\n<figure class=\"wp-block-image size-full\"><a href=\"https:\/\/centcols.org\/wp-content\/uploads\/2016\/05\/DSCF3373_1.jpg\"><img loading=\"lazy\" decoding=\"async\" width=\"1024\" height=\"768\" data-id=\"88742\" src=\"https:\/\/centcols.org\/wp-content\/uploads\/2016\/05\/DSCF3373_1.jpg\" alt=\"\" class=\"wp-image-88742\" srcset=\"https:\/\/centcols.org\/wp-content\/uploads\/2016\/05\/DSCF3373_1.jpg 1024w, https:\/\/centcols.org\/wp-content\/uploads\/2016\/05\/DSCF3373_1-768x576.jpg 768w\" sizes=\"auto, (max-width: 1024px) 100vw, 1024px\" \/><\/a><\/figure>\n<\/figure>\n\n\n\n<p>Los bot\u00e1nicos y amantes de las flores descubrir\u00e1n una flora muy rica, en la que prima el blanco sobre el rojo\/rosa, con diversas variedades de orqu\u00eddeas, gencianas, cardos... Consulte tambi\u00e9n el sitio web : <em><a href=\"http:\/\/www.fleursduvercors.com\/\" target=\"_blank\" rel=\"noreferrer noopener\">http:\/\/www.fleursduvercors.com\/<\/a> <\/em>donde puede verlo seleccionando la clasificaci\u00f3n por colores.<\/p>\n\n\n\n<figure class=\"wp-block-gallery has-nested-images columns-3 is-cropped wp-block-gallery-5 is-layout-flex wp-block-gallery-is-layout-flex\">\n<figure class=\"wp-block-image size-full\"><a href=\"https:\/\/centcols.org\/wp-content\/uploads\/2016\/05\/DSC03684_1.jpg\"><img loading=\"lazy\" decoding=\"async\" width=\"1024\" height=\"768\" data-id=\"88743\" src=\"https:\/\/centcols.org\/wp-content\/uploads\/2016\/05\/DSC03684_1.jpg\" alt=\"\" class=\"wp-image-88743\" srcset=\"https:\/\/centcols.org\/wp-content\/uploads\/2016\/05\/DSC03684_1.jpg 1024w, https:\/\/centcols.org\/wp-content\/uploads\/2016\/05\/DSC03684_1-768x576.jpg 768w\" sizes=\"auto, (max-width: 1024px) 100vw, 1024px\" \/><\/a><figcaption class=\"wp-element-caption\">en primavera scilla y crocus<\/figcaption><\/figure>\n\n\n\n<figure class=\"wp-block-image size-full\"><a href=\"https:\/\/centcols.org\/wp-content\/uploads\/2016\/05\/DSCN1362.jpg\"><img loading=\"lazy\" decoding=\"async\" width=\"1024\" height=\"768\" data-id=\"88745\" src=\"https:\/\/centcols.org\/wp-content\/uploads\/2016\/05\/DSCN1362.jpg\" alt=\"\" class=\"wp-image-88745\" srcset=\"https:\/\/centcols.org\/wp-content\/uploads\/2016\/05\/DSCN1362.jpg 1024w, https:\/\/centcols.org\/wp-content\/uploads\/2016\/05\/DSCN1362-768x576.jpg 768w\" sizes=\"auto, (max-width: 1024px) 100vw, 1024px\" \/><\/a><figcaption class=\"wp-element-caption\">clavel<\/figcaption><\/figure>\n\n\n\n<figure class=\"wp-block-image size-full\"><a href=\"https:\/\/centcols.org\/wp-content\/uploads\/2016\/05\/DSCF3411_1.jpg\"><img loading=\"lazy\" decoding=\"async\" width=\"576\" height=\"768\" data-id=\"88747\" src=\"https:\/\/centcols.org\/wp-content\/uploads\/2016\/05\/DSCF3411_1.jpg\" alt=\"\" class=\"wp-image-88747\"\/><\/a><figcaption class=\"wp-element-caption\">orqu\u00eddea de sa\u00faco<\/figcaption><\/figure>\n\n\n\n<figure class=\"wp-block-image size-full\"><a href=\"https:\/\/centcols.org\/wp-content\/uploads\/2016\/05\/DSCN1309.jpg\"><img loading=\"lazy\" decoding=\"async\" width=\"1024\" height=\"768\" data-id=\"88746\" src=\"https:\/\/centcols.org\/wp-content\/uploads\/2016\/05\/DSCN1309.jpg\" alt=\"\" class=\"wp-image-88746\" srcset=\"https:\/\/centcols.org\/wp-content\/uploads\/2016\/05\/DSCN1309.jpg 1024w, https:\/\/centcols.org\/wp-content\/uploads\/2016\/05\/DSCN1309-768x576.jpg 768w\" sizes=\"auto, (max-width: 1024px) 100vw, 1024px\" \/><\/a><figcaption class=\"wp-element-caption\">edelweiss<\/figcaption><\/figure>\n\n\n\n<figure class=\"wp-block-image size-full\"><a href=\"https:\/\/centcols.org\/wp-content\/uploads\/2016\/05\/DSCF3091_1.jpg\"><img loading=\"lazy\" decoding=\"async\" width=\"576\" height=\"768\" data-id=\"88748\" src=\"https:\/\/centcols.org\/wp-content\/uploads\/2016\/05\/DSCF3091_1.jpg\" alt=\"\" class=\"wp-image-88748\"\/><\/a><figcaption class=\"wp-element-caption\">diente de perro<\/figcaption><\/figure>\n\n\n\n<figure class=\"wp-block-image size-full\"><a href=\"https:\/\/centcols.org\/wp-content\/uploads\/2016\/05\/DSC03820_1.jpg\"><img loading=\"lazy\" decoding=\"async\" width=\"1024\" height=\"768\" data-id=\"88744\" src=\"https:\/\/centcols.org\/wp-content\/uploads\/2016\/05\/DSC03820_1.jpg\" alt=\"\" class=\"wp-image-88744\" srcset=\"https:\/\/centcols.org\/wp-content\/uploads\/2016\/05\/DSC03820_1.jpg 1024w, https:\/\/centcols.org\/wp-content\/uploads\/2016\/05\/DSC03820_1-768x576.jpg 768w\" sizes=\"auto, (max-width: 1024px) 100vw, 1024px\" \/><\/a><figcaption class=\"wp-element-caption\">genciana<\/figcaption><\/figure>\n<\/figure>\n\n\n\n<h2 class=\"wp-block-heading\">Visitas<\/h2>\n\n\n\n<p>En <a href=\"\/es\/membres\/cctours\/tours.php\/?lieu=Vassieux&amp;an=2016&amp;genre=V\">caminos de herradura<\/a> fueron redactadas por Alf\u00e9o Lotto (CC n\u00ba 5650), Jean-Marie Gilouin (CC n\u00ba 5699) y Alain Benoist (CC n\u00ba 5663) y la <a href=\"\/es\/membres\/cctours\/tours.php\/?lieu=Vassieux&amp;an=2016&amp;genre=R\">rutas por carretera<\/a> de R\u00e9gis Paraz (CC n\u00ba 3225).<\/p>\n\n\n\n<p>El centro de vacaciones ya est\u00e1 situado en altitud. No obstante, la mayor\u00eda de las rutas por carretera se han dise\u00f1ado para que pueda descubrir los accesos m\u00e1s espectaculares a la meseta. A veces habr\u00e1 que empezar por descender al valle antes de volver a subir a la meseta. Hubiera sido posible hacer algunos puertos de subida y de vuelta, por ejemplo al Col de Tourniol. Habr\u00eda sido una verdadera l\u00e1stima, en primer lugar por la \u00e9tica de conquistar un puerto y en segundo lugar porque los paisajes m\u00e1s notables est\u00e1n en el lado del valle. Lo mismo ocurre con el Col de Romey\u00e8re. Por desgracia, en el caso del Col du Rousset, no fue posible planificar una ruta de longitud razonable para ascenderlo por su vertiente sur y sus magn\u00edficas curvas.<\/p>\n\n\n\n<p>Sin embargo, los pocos circuitos por carretera que quedan en la meseta son relativamente empinados. De acuerdo con el adagio \u00abquien puede lo m\u00e1s, puede lo menos\u00bb (aunque lo contrario no sea cierto) y con el fin de permitir disfrutar al mayor n\u00famero posible de socios, un cierto n\u00famero de circuitos por carretera o en mula tienen un kilometraje o pendientes razonables. Los corredores \u00abm\u00e1s duros\u00bb son libres de endurecer los circuitos.<\/p>\n\n\n\n<p><a href=\"https:\/\/centcols.org\/wp-content\/uploads\/2025\/09\/Plaquette_Vassieux_br.pdf\">Descargar el folleto<\/a><\/p>\n\n\n\n<p><a href=\"https:\/\/centcols.org\/wp-content\/uploads\/2025\/09\/Circuitspedestres.zip\">Descargar las rutas a pie de Mich\u00e8le Sassoulas<\/a><\/p>\n\n\n\n<div class=\"wp-block-columns is-layout-flex wp-container-core-columns-is-layout-9d6595d7 wp-block-columns-is-layout-flex\">\n<div class=\"wp-block-column is-layout-flow wp-block-column-is-layout-flow\" style=\"flex-basis:66.66%\">\n<h2 class=\"wp-block-heading\">Alojamiento<\/h2>\n\n\n\n<p>Situado en el extremo sur del macizo de Vercors, en una meseta abierta y ventosa, el pueblo de Vassieux-en-Vercors cuenta actualmente con 344 habitantes. Sus principales fuentes de ingresos son la agricultura y el turismo, entre los que destaca Piroulet.<\/p>\n\n\n\n<p>Es el Village Vacances <a href=\"http:\/\/www.lepiroulet.com\/spip\/Vassieux-en-Vercors.html\" target=\"_blank\" rel=\"noreferrer noopener\">le Piroulet<\/a> que nos dar\u00e1 la bienvenida. La palabra \u00abPiroulet\u00bb significa \u00abel hombre que hace girar el molino\u00bb. Est\u00e1 vinculada al nombre de la localidad, les Pr\u00e9s du Moulin, y hace referencia a un molino de agua del siglo XVIII.<sup>e<\/sup> situado a 300 m del pueblo de vacaciones. El pueblo de vacaciones dispone de 140 plazas repartidas en 4 plantas de habitaciones: 11 en el nivel del jard\u00edn, 22 en la planta baja, dos de ellas accesibles para personas con movilidad reducida, y 22 d\u00faplex en la primera y segunda planta. Le Piroulet dispone de cuatro aulas y\/o salas de actividades, una gran sala de actividades, otras dos salas de actividades, tres salas de restaurante, un sal\u00f3n, un bar y una piscina cubierta climatizada.<\/p>\n<\/div>\n\n\n\n<div class=\"wp-block-column is-layout-flow wp-block-column-is-layout-flow\" style=\"flex-basis:33.33%\">\n<h2 class=\"wp-block-heading\">Nota del Consejo de Administraci\u00f3n<\/h2>\n\n\n\n<p>Si organiza su alojamiento en otro lugar que no sea el pueblo de vacaciones Le Piroulet, le rogamos que nos comunique su participaci\u00f3n en la estancia por 3 razones:<\/p>\n\n\n\n<ol class=\"wp-block-list\">\n<li>Poder dimensionar correctamente los actos conjuntos (sesiones informativas, fiestas de bienvenida y despedida).<\/li>\n\n\n\n<li>Poder dividirse en varios grupos en las rutas para mejorar la seguridad de todos.<\/li>\n\n\n\n<li>Ayudar a los organizadores a hacer frente a cualquier imprevisto.<\/li>\n<\/ol>\n<\/div>\n<\/div>\n\n\n\n<figure class=\"wp-block-gallery has-nested-images columns-2 is-cropped wp-block-gallery-6 is-layout-flex wp-block-gallery-is-layout-flex\">\n<figure class=\"wp-block-image size-full\"><a href=\"https:\/\/centcols.org\/wp-content\/uploads\/2016\/05\/P1020967.jpg\"><img loading=\"lazy\" decoding=\"async\" width=\"1024\" height=\"768\" data-id=\"88751\" src=\"https:\/\/centcols.org\/wp-content\/uploads\/2016\/05\/P1020967.jpg\" alt=\"\" class=\"wp-image-88751\" srcset=\"https:\/\/centcols.org\/wp-content\/uploads\/2016\/05\/P1020967.jpg 1024w, https:\/\/centcols.org\/wp-content\/uploads\/2016\/05\/P1020967-768x576.jpg 768w\" sizes=\"auto, (max-width: 1024px) 100vw, 1024px\" \/><\/a><figcaption class=\"wp-element-caption\">Le Piroulet<\/figcaption><\/figure>\n\n\n\n<figure class=\"wp-block-image size-full\"><a href=\"https:\/\/centcols.org\/wp-content\/uploads\/2016\/05\/P1020970.jpg\"><img loading=\"lazy\" decoding=\"async\" width=\"1024\" height=\"768\" data-id=\"88752\" src=\"https:\/\/centcols.org\/wp-content\/uploads\/2016\/05\/P1020970.jpg\" alt=\"\" class=\"wp-image-88752\" srcset=\"https:\/\/centcols.org\/wp-content\/uploads\/2016\/05\/P1020970.jpg 1024w, https:\/\/centcols.org\/wp-content\/uploads\/2016\/05\/P1020970-768x576.jpg 768w\" sizes=\"auto, (max-width: 1024px) 100vw, 1024px\" \/><\/a><figcaption class=\"wp-element-caption\">Le Piroulet<\/figcaption><\/figure>\n<\/figure>\n\n\n\n<p>Hay un aparcamiento de autocaravanas a unos 300 m de Le Piroulet.<\/p>\n\n\n\n<p>Camping: hay un camping a unos 3 km de Le Piroulet<\/p>\n\n\n\n<p><a href=\"http:\/\/lespins-vassieux-en-vercors.e-monsite.com\/\" target=\"_blank\" rel=\"noreferrer noopener\">Camping les Pins<\/a><br>Les Granges<br>26420 Vassieux-en-Vercors<\/p>\n\n\n\n<p>Tel\u00e9fono: + 33 650 11 98 35<br>Direcci\u00f3n de correo electr\u00f3nico: lespinsvassieux@gmail.com<\/p>\n\n\n\n<p>Grand G\u00eete des Loubi\u00e8res<\/p>\n\n\n\n<p>Una gran casa rural de tres habitaciones con capacidad para entre 6 y 12 personas.<\/p>\n\n\n\n<p>Si alguien sigue buscando alojamiento en Vassieux en esta \u00e9poca del a\u00f1o y quiere compartir la casa rural, \u00e9sa es una soluci\u00f3n. La casa rural est\u00e1 a 2 km del pueblo (y de Piroulet) y a la misma distancia del camping.  Las zonas de cocina\/sal\u00f3n\/terraza son compartidas pero son espaciosas.  Hay un garaje para bicicletas y aparcamiento para coches.<\/p>\n\n\n\n<p>Ver el sitio web <a href=\"http:\/\/www.lespinsvassieuxenvercors.fr\/\" target=\"_blank\" rel=\"noreferrer noopener\">http:\/\/www.lespinsvassieuxenvercors.fr\/<\/a> y haga clic en Grand G\u00eetes des Loubi\u00e8res en el banner de la parte superior de la p\u00e1gina.<\/p>\n\n\n\n<h2 class=\"wp-block-heading\">Otras actividades o visitas<\/h2>\n\n\n\n<p>necr\u00f3polis, memorial de la \u00abResistencia\u00bb, parque, museo de prehistoria, cuevas.<\/p>\n\n\n\n<p>Mich\u00e8le Sassoulas (CC n\u00ba 1430), miembro local de la regi\u00f3n, ha reunido una serie de sugerencias de senderismo para todos los niveles.<\/p>\n\n\n\n<h2 class=\"wp-block-heading\">Consejos \u00fatiles<\/h2>\n\n\n\n<h4 class=\"wp-block-heading\"><strong>Prolongar la estancia:<\/strong><\/h4>\n\n\n\n<p>Como se indica en la presentaci\u00f3n de la regi\u00f3n, algunas partes del Vercors est\u00e1n aisladas de otras. Por lo tanto, es posible planificar unos d\u00edas adicionales para explorar otras zonas que el recorrido no explora.<\/p>\n\n\n\n<p>Atenci\u00f3n Si prolonga su estancia, <strong>La bicicleta de monta\u00f1a est\u00e1 restringida a una \u00fanica ruta: la variante de la Grande Travers\u00e9e du Vercors (GTV).<\/strong><\/p>\n\n\n\n<p><strong>Sugerencias:<\/strong><\/p>\n\n\n\n<ul class=\"wp-block-list\">\n<li>Un bucle de Vif a Gresse-en-Vercors por el Col de l'Arzelier, el Col des Deux y el Col de Serre-Monet, y luego de vuelta por el Col de l'Allimas, el Col du Fau y el Collet de Sinard le dar\u00e1 la oportunidad de explorar el lado oriental del macizo (la opci\u00f3n de ida y vuelta del Pas du Serpaton bien merece los desv\u00edos).<\/li>\n<\/ul>\n\n\n<div class=\"wp-block-image\">\n<figure class=\"aligncenter size-full is-resized\"><a href=\"https:\/\/centcols.org\/wp-content\/uploads\/2016\/05\/DSCN1342.jpg\"><img loading=\"lazy\" decoding=\"async\" width=\"1024\" height=\"768\" src=\"https:\/\/centcols.org\/wp-content\/uploads\/2016\/05\/DSCN1342.jpg\" alt=\"\" class=\"wp-image-88753\" style=\"width:800px\" srcset=\"https:\/\/centcols.org\/wp-content\/uploads\/2016\/05\/DSCN1342.jpg 1024w, https:\/\/centcols.org\/wp-content\/uploads\/2016\/05\/DSCN1342-768x576.jpg 768w\" sizes=\"auto, (max-width: 1024px) 100vw, 1024px\" \/><\/a><figcaption class=\"wp-element-caption\">Los acantilados orientales del Vercors, desde Grand Veymont<\/figcaption><\/figure>\n<\/div>\n\n\n<p>Un recorrido por las Tri\u00e8ves, entre Vercors y Devoluy, le llevar\u00e1 por varios puertos con el Mont Aiguille como tel\u00f3n de fondo, y un bucle por el Col de Men\u00e9e, Chatillon-en-Diois, Col de Grimone, Col de la Croix-Haute le llevar\u00e1 por el Diois y las laderas meridionales del macizo.<\/p>\n\n\n\n<h2 class=\"wp-block-heading\">Inscripci\u00f3n<\/h2>\n\n\n\n<p>Para inscribirse, descargue el formulario de inscripci\u00f3n en PDF y siga las instrucciones que figuran en \u00e9l.<\/p>\n\n\n\n<h2 class=\"wp-block-heading\">\u00c1lbum de fotos de Mich\u00e8le Sassoulas<\/h2>\n\n\n\n<figure class=\"wp-block-gallery has-nested-images columns-4 is-cropped wp-block-gallery-7 is-layout-flex wp-block-gallery-is-layout-flex\">\n<figure class=\"wp-block-image size-full\"><a href=\"https:\/\/centcols.org\/wp-content\/uploads\/2016\/05\/DSCN2387.jpg\"><img loading=\"lazy\" decoding=\"async\" width=\"576\" height=\"768\" data-id=\"88755\" src=\"https:\/\/centcols.org\/wp-content\/uploads\/2016\/05\/DSCN2387.jpg\" alt=\"\" class=\"wp-image-88755\"\/><\/a><figcaption class=\"wp-element-caption\">Glaciar de Font d'Urle (a 500 m de la Porte d'Urle)<\/figcaption><\/figure>\n\n\n\n<figure class=\"wp-block-image size-full\"><a href=\"https:\/\/centcols.org\/wp-content\/uploads\/2016\/05\/DSCF3416_1.jpg\"><img loading=\"lazy\" decoding=\"async\" width=\"576\" height=\"768\" data-id=\"88760\" src=\"https:\/\/centcols.org\/wp-content\/uploads\/2016\/05\/DSCF3416_1.jpg\" alt=\"\" class=\"wp-image-88760\"\/><\/a><figcaption class=\"wp-element-caption\">\u00a1paso natural 1367 m t\u00fanel 1255 m !<\/figcaption><\/figure>\n\n\n\n<figure class=\"wp-block-image size-full\"><a href=\"https:\/\/centcols.org\/wp-content\/uploads\/2016\/05\/DSCN1475_1.jpg\"><img loading=\"lazy\" decoding=\"async\" width=\"576\" height=\"768\" data-id=\"88756\" src=\"https:\/\/centcols.org\/wp-content\/uploads\/2016\/05\/DSCN1475_1.jpg\" alt=\"\" class=\"wp-image-88756\"\/><\/a><figcaption class=\"wp-element-caption\">Nuestra piedra en la meseta de Ambel<\/figcaption><\/figure>\n\n\n\n<figure class=\"wp-block-image size-full\"><a href=\"https:\/\/centcols.org\/wp-content\/uploads\/2016\/05\/DSCN1418.jpg\"><img loading=\"lazy\" decoding=\"async\" width=\"1024\" height=\"768\" data-id=\"88758\" src=\"https:\/\/centcols.org\/wp-content\/uploads\/2016\/05\/DSCN1418.jpg\" alt=\"\" class=\"wp-image-88758\" srcset=\"https:\/\/centcols.org\/wp-content\/uploads\/2016\/05\/DSCN1418.jpg 1024w, https:\/\/centcols.org\/wp-content\/uploads\/2016\/05\/DSCN1418-768x576.jpg 768w\" sizes=\"auto, (max-width: 1024px) 100vw, 1024px\" \/><\/a><figcaption class=\"wp-element-caption\">But de l'Aiglette visto desde el But de N\u00e8ve y el Col de Chironne abajo<\/figcaption><\/figure>\n\n\n\n<figure class=\"wp-block-image size-full\"><a href=\"https:\/\/centcols.org\/wp-content\/uploads\/2016\/05\/DSCN1404.jpg\"><img loading=\"lazy\" decoding=\"async\" width=\"1024\" height=\"768\" data-id=\"88759\" src=\"https:\/\/centcols.org\/wp-content\/uploads\/2016\/05\/DSCN1404.jpg\" alt=\"\" class=\"wp-image-88759\" srcset=\"https:\/\/centcols.org\/wp-content\/uploads\/2016\/05\/DSCN1404.jpg 1024w, https:\/\/centcols.org\/wp-content\/uploads\/2016\/05\/DSCN1404-768x576.jpg 768w\" sizes=\"auto, (max-width: 1024px) 100vw, 1024px\" \/><\/a><figcaption class=\"wp-element-caption\">Tablas de orientaci\u00f3n (1532 m) antes del Collet de Sapiau. Al fondo, la meta de Sapiau<\/figcaption><\/figure>\n\n\n\n<figure class=\"wp-block-image size-full\"><a href=\"https:\/\/centcols.org\/wp-content\/uploads\/2016\/05\/DSCF3436_1.jpg\"><img loading=\"lazy\" decoding=\"async\" width=\"1024\" height=\"768\" data-id=\"88761\" src=\"https:\/\/centcols.org\/wp-content\/uploads\/2016\/05\/DSCF3436_1.jpg\" alt=\"\" class=\"wp-image-88761\" srcset=\"https:\/\/centcols.org\/wp-content\/uploads\/2016\/05\/DSCF3436_1.jpg 1024w, https:\/\/centcols.org\/wp-content\/uploads\/2016\/05\/DSCF3436_1-768x576.jpg 768w\" sizes=\"auto, (max-width: 1024px) 100vw, 1024px\" \/><\/a><figcaption class=\"wp-element-caption\">Serre Montu\u00e9 y la cresta del Infernet vistos desde Les Gag\u00e8res. Bosque de mojones en el lapiaz<\/figcaption><\/figure>\n\n\n\n<figure class=\"wp-block-image size-full\"><a href=\"https:\/\/centcols.org\/wp-content\/uploads\/2016\/05\/DSCF3159_1.jpg\"><img loading=\"lazy\" decoding=\"async\" width=\"1024\" height=\"768\" data-id=\"88762\" src=\"https:\/\/centcols.org\/wp-content\/uploads\/2016\/05\/DSCF3159_1.jpg\" alt=\"\" class=\"wp-image-88762\" srcset=\"https:\/\/centcols.org\/wp-content\/uploads\/2016\/05\/DSCF3159_1.jpg 1024w, https:\/\/centcols.org\/wp-content\/uploads\/2016\/05\/DSCF3159_1-768x576.jpg 768w\" sizes=\"auto, (max-width: 1024px) 100vw, 1024px\" \/><\/a><figcaption class=\"wp-element-caption\">la Serre Montu\u00e9 y las crestas del Infernet vistas desde el Pas d'Ambel<\/figcaption><\/figure>\n\n\n\n<figure class=\"wp-block-image size-full\"><a href=\"https:\/\/centcols.org\/wp-content\/uploads\/2016\/05\/DSC04645.jpg\"><img loading=\"lazy\" decoding=\"async\" width=\"1024\" height=\"768\" data-id=\"88763\" src=\"https:\/\/centcols.org\/wp-content\/uploads\/2016\/05\/DSC04645.jpg\" alt=\"\" class=\"wp-image-88763\" srcset=\"https:\/\/centcols.org\/wp-content\/uploads\/2016\/05\/DSC04645.jpg 1024w, https:\/\/centcols.org\/wp-content\/uploads\/2016\/05\/DSC04645-768x576.jpg 768w\" sizes=\"auto, (max-width: 1024px) 100vw, 1024px\" \/><\/a><figcaption class=\"wp-element-caption\">llegada a Collet de Sapiau<\/figcaption><\/figure>\n\n\n\n<figure class=\"wp-block-image size-full\"><a href=\"https:\/\/centcols.org\/wp-content\/uploads\/2016\/05\/DSC04640-1.jpg\"><img loading=\"lazy\" decoding=\"async\" width=\"1024\" height=\"768\" data-id=\"88765\" src=\"https:\/\/centcols.org\/wp-content\/uploads\/2016\/05\/DSC04640-1.jpg\" alt=\"\" class=\"wp-image-88765\" srcset=\"https:\/\/centcols.org\/wp-content\/uploads\/2016\/05\/DSC04640-1.jpg 1024w, https:\/\/centcols.org\/wp-content\/uploads\/2016\/05\/DSC04640-1-768x576.jpg 768w\" sizes=\"auto, (max-width: 1024px) 100vw, 1024px\" \/><\/a><figcaption class=\"wp-element-caption\">el Veymont, hasta el Collet de Sapiau<\/figcaption><\/figure>\n\n\n\n<figure class=\"wp-block-image size-full\"><a href=\"https:\/\/centcols.org\/wp-content\/uploads\/2016\/05\/DSC04579.jpg\"><img loading=\"lazy\" decoding=\"async\" width=\"1024\" height=\"768\" data-id=\"88766\" src=\"https:\/\/centcols.org\/wp-content\/uploads\/2016\/05\/DSC04579.jpg\" alt=\"\" class=\"wp-image-88766\" srcset=\"https:\/\/centcols.org\/wp-content\/uploads\/2016\/05\/DSC04579.jpg 1024w, https:\/\/centcols.org\/wp-content\/uploads\/2016\/05\/DSC04579-768x576.jpg 768w\" sizes=\"auto, (max-width: 1024px) 100vw, 1024px\" \/><\/a><figcaption class=\"wp-element-caption\">Bajo el mar de nubes, el valle de la Dr\u00f4me visto desde el Col de Vassieux. Los Trois Becs al sol.<\/figcaption><\/figure>\n<\/figure>","protected":false},"excerpt":{"rendered":"<p>Pr\u00e9sentation Le s\u00e9jour d&rsquo;\u00e9t\u00e9 2016 se d\u00e9roulera du 16 au 24 juillet au Piroulet sur la commune de Vassieux-en-Vercors. Les photos de cette page (paysages, faune, flore) ont \u00e9t\u00e9 essentiellement fournies par Mich\u00e8le Sassoulas. Pr\u00e9sentation de la r\u00e9gion Le Vercors est un massif des Pr\u00e9alpes situ\u00e9 dans le sud-est de la France, \u00e0 cheval entre [&hellip;]<\/p>\n","protected":false},"author":3,"featured_media":82964,"comment_status":"closed","ping_status":"open","sticky":false,"template":"","format":"standard","meta":{"_acf_changed":false,"footnotes":""},"categories":[349,367,373,410,135,389,231],"tags":[],"class_list":["post-81768","post","type-post","status-publish","format-standard","has-post-thumbnail","hentry","category-france-pays-sejours","category-auvergne-rhone-alpes-region-sejours","category-alpes-francaises-du-nord-massif-sejours","category-vercors","category-calendrier","category-26-drome","category-sejours"],"acf":[],"yoast_head":"<!-- This site is optimized with the Yoast SEO plugin v27.2 - https:\/\/yoast.com\/product\/yoast-seo-wordpress\/ -->\n<title>S\u00e9jour estival \u00e0 Vassieux-en-Vercors (Dr\u00f4me) du 16 au 24 juillet 2016 - Club des Cent Cols<\/title>\n<meta name=\"robots\" content=\"index, follow, max-snippet:-1, max-image-preview:large, max-video-preview:-1\" \/>\n<link rel=\"canonical\" href=\"https:\/\/centcols.org\/es\/estancia-2016-vassieux\/\" \/>\n<meta property=\"og:locale\" content=\"es_ES\" \/>\n<meta property=\"og:type\" content=\"article\" \/>\n<meta property=\"og:title\" content=\"S\u00e9jour estival \u00e0 Vassieux-en-Vercors (Dr\u00f4me) du 16 au 24 juillet 2016 - Club des Cent Cols\" \/>\n<meta property=\"og:description\" content=\"Pr\u00e9sentation Le s\u00e9jour d&rsquo;\u00e9t\u00e9 2016 se d\u00e9roulera du 16 au 24 juillet au Piroulet sur la commune de Vassieux-en-Vercors. Les photos de cette page (paysages, faune, flore) ont \u00e9t\u00e9 essentiellement fournies par Mich\u00e8le Sassoulas. Pr\u00e9sentation de la r\u00e9gion Le Vercors est un massif des Pr\u00e9alpes situ\u00e9 dans le sud-est de la France, \u00e0 cheval entre [&hellip;]\" \/>\n<meta property=\"og:url\" content=\"https:\/\/centcols.org\/es\/estancia-2016-vassieux\/\" \/>\n<meta property=\"og:site_name\" content=\"Club des Cent Cols\" \/>\n<meta property=\"article:publisher\" content=\"https:\/\/www.facebook.com\/groups\/5261880558\/?locale=fr_FR\" \/>\n<meta property=\"article:published_time\" content=\"2016-05-04T09:18:45+00:00\" \/>\n<meta property=\"article:modified_time\" content=\"2025-09-01T16:06:16+00:00\" \/>\n<meta property=\"og:image\" content=\"https:\/\/centcols.org\/wp-content\/uploads\/2016\/05\/villagevassieux1.jpg\" \/>\n\t<meta property=\"og:image:width\" content=\"1024\" \/>\n\t<meta property=\"og:image:height\" content=\"768\" \/>\n\t<meta property=\"og:image:type\" content=\"image\/jpeg\" \/>\n<meta name=\"author\" content=\"Webmestre\" \/>\n<meta name=\"twitter:card\" content=\"summary_large_image\" \/>\n<meta name=\"twitter:label1\" content=\"Escrito por\" \/>\n\t<meta name=\"twitter:data1\" content=\"Webmestre\" \/>\n\t<meta name=\"twitter:label2\" content=\"Tiempo de lectura\" \/>\n\t<meta name=\"twitter:data2\" content=\"18 minutos\" \/>\n<script type=\"application\/ld+json\" class=\"yoast-schema-graph\">{\"@context\":\"https:\/\/schema.org\",\"@graph\":[{\"@type\":\"Article\",\"@id\":\"https:\/\/centcols.org\/sejour-2016-vassieux\/#article\",\"isPartOf\":{\"@id\":\"https:\/\/centcols.org\/sejour-2016-vassieux\/\"},\"author\":{\"name\":\"Webmestre\",\"@id\":\"https:\/\/centcols.org\/#\/schema\/person\/911b404fb133d8c913dd27cdcf71c8e5\"},\"headline\":\"S\u00e9jour estival \u00e0 Vassieux-en-Vercors (Dr\u00f4me) du 16 au 24 juillet 2016\",\"datePublished\":\"2016-05-04T09:18:45+00:00\",\"dateModified\":\"2025-09-01T16:06:16+00:00\",\"mainEntityOfPage\":{\"@id\":\"https:\/\/centcols.org\/sejour-2016-vassieux\/\"},\"wordCount\":2479,\"publisher\":{\"@id\":\"https:\/\/centcols.org\/#organization\"},\"image\":{\"@id\":\"https:\/\/centcols.org\/sejour-2016-vassieux\/#primaryimage\"},\"thumbnailUrl\":\"https:\/\/centcols.org\/wp-content\/uploads\/2016\/05\/villagevassieux1.jpg\",\"articleSection\":[\"France\",\"Auvergne-Rh\u00f4ne-Alpes\",\"Alpes fran\u00e7aises du Nord\",\"Vercors\",\"Calendrier\",\"26-Dr\u00f4me\",\"S\u00e9jours du Club des Cent Cols\"],\"inLanguage\":\"es\"},{\"@type\":\"WebPage\",\"@id\":\"https:\/\/centcols.org\/sejour-2016-vassieux\/\",\"url\":\"https:\/\/centcols.org\/sejour-2016-vassieux\/\",\"name\":\"S\u00e9jour estival \u00e0 Vassieux-en-Vercors (Dr\u00f4me) du 16 au 24 juillet 2016 - Club des Cent Cols\",\"isPartOf\":{\"@id\":\"https:\/\/centcols.org\/#website\"},\"primaryImageOfPage\":{\"@id\":\"https:\/\/centcols.org\/sejour-2016-vassieux\/#primaryimage\"},\"image\":{\"@id\":\"https:\/\/centcols.org\/sejour-2016-vassieux\/#primaryimage\"},\"thumbnailUrl\":\"https:\/\/centcols.org\/wp-content\/uploads\/2016\/05\/villagevassieux1.jpg\",\"datePublished\":\"2016-05-04T09:18:45+00:00\",\"dateModified\":\"2025-09-01T16:06:16+00:00\",\"breadcrumb\":{\"@id\":\"https:\/\/centcols.org\/sejour-2016-vassieux\/#breadcrumb\"},\"inLanguage\":\"es\",\"potentialAction\":[{\"@type\":\"ReadAction\",\"target\":[\"https:\/\/centcols.org\/sejour-2016-vassieux\/\"]}]},{\"@type\":\"ImageObject\",\"inLanguage\":\"es\",\"@id\":\"https:\/\/centcols.org\/sejour-2016-vassieux\/#primaryimage\",\"url\":\"https:\/\/centcols.org\/wp-content\/uploads\/2016\/05\/villagevassieux1.jpg\",\"contentUrl\":\"https:\/\/centcols.org\/wp-content\/uploads\/2016\/05\/villagevassieux1.jpg\",\"width\":1024,\"height\":768},{\"@type\":\"BreadcrumbList\",\"@id\":\"https:\/\/centcols.org\/sejour-2016-vassieux\/#breadcrumb\",\"itemListElement\":[{\"@type\":\"ListItem\",\"position\":1,\"name\":\"Accueil\",\"item\":\"https:\/\/centcols.org\/\"},{\"@type\":\"ListItem\",\"position\":2,\"name\":\"S\u00e9jours du Club des Cent Cols\",\"item\":\"https:\/\/centcols.org\/rubrique\/sejours\/\"},{\"@type\":\"ListItem\",\"position\":3,\"name\":\"Pays\",\"item\":\"https:\/\/centcols.org\/rubrique\/sejours\/pays-sejours\/\"},{\"@type\":\"ListItem\",\"position\":4,\"name\":\"France\",\"item\":\"https:\/\/centcols.org\/rubrique\/sejours\/pays-sejours\/france-pays-sejours\/\"},{\"@type\":\"ListItem\",\"position\":5,\"name\":\"S\u00e9jour estival \u00e0 Vassieux-en-Vercors (Dr\u00f4me) du 16 au 24 juillet 2016\"}]},{\"@type\":\"WebSite\",\"@id\":\"https:\/\/centcols.org\/#website\",\"url\":\"https:\/\/centcols.org\/\",\"name\":\"Club des Cent Cols\",\"description\":\"\",\"publisher\":{\"@id\":\"https:\/\/centcols.org\/#organization\"},\"potentialAction\":[{\"@type\":\"SearchAction\",\"target\":{\"@type\":\"EntryPoint\",\"urlTemplate\":\"https:\/\/centcols.org\/?s={search_term_string}\"},\"query-input\":{\"@type\":\"PropertyValueSpecification\",\"valueRequired\":true,\"valueName\":\"search_term_string\"}}],\"inLanguage\":\"es\"},{\"@type\":\"Organization\",\"@id\":\"https:\/\/centcols.org\/#organization\",\"name\":\"Club des Cent Cols\",\"url\":\"https:\/\/centcols.org\/\",\"logo\":{\"@type\":\"ImageObject\",\"inLanguage\":\"es\",\"@id\":\"https:\/\/centcols.org\/#\/schema\/logo\/image\/\",\"url\":\"https:\/\/centcols.org\/wp-content\/uploads\/2025\/01\/carte-icone.png\",\"contentUrl\":\"https:\/\/centcols.org\/wp-content\/uploads\/2025\/01\/carte-icone.png\",\"width\":250,\"height\":250,\"caption\":\"Club des Cent Cols\"},\"image\":{\"@id\":\"https:\/\/centcols.org\/#\/schema\/logo\/image\/\"},\"sameAs\":[\"https:\/\/www.facebook.com\/groups\/5261880558\/?locale=fr_FR\"]},{\"@type\":\"Person\",\"@id\":\"https:\/\/centcols.org\/#\/schema\/person\/911b404fb133d8c913dd27cdcf71c8e5\",\"name\":\"Webmestre\",\"image\":{\"@type\":\"ImageObject\",\"inLanguage\":\"es\",\"@id\":\"https:\/\/centcols.org\/wp-content\/litespeed\/avatar\/2d246e4b6b4f773e08515e1ffc53690b.jpg?ver=1777222892\",\"url\":\"https:\/\/centcols.org\/wp-content\/litespeed\/avatar\/2d246e4b6b4f773e08515e1ffc53690b.jpg?ver=1777222892\",\"contentUrl\":\"https:\/\/centcols.org\/wp-content\/litespeed\/avatar\/2d246e4b6b4f773e08515e1ffc53690b.jpg?ver=1777222892\",\"caption\":\"Webmestre\"},\"url\":\"https:\/\/centcols.org\/es\/author\/webmestre\/\"}]}<\/script>\n<!-- \/ Yoast SEO plugin. -->","yoast_head_json":{"title":"Vacaciones de verano en Vassieux-en-Vercors (Dr\u00f4me) del 16 al 24 de julio de 2016 - Club des Cent Cols","robots":{"index":"index","follow":"follow","max-snippet":"max-snippet:-1","max-image-preview":"max-image-preview:large","max-video-preview":"max-video-preview:-1"},"canonical":"https:\/\/centcols.org\/es\/estancia-2016-vassieux\/","og_locale":"es_ES","og_type":"article","og_title":"S\u00e9jour estival \u00e0 Vassieux-en-Vercors (Dr\u00f4me) du 16 au 24 juillet 2016 - Club des Cent Cols","og_description":"Pr\u00e9sentation Le s\u00e9jour d&rsquo;\u00e9t\u00e9 2016 se d\u00e9roulera du 16 au 24 juillet au Piroulet sur la commune de Vassieux-en-Vercors. Les photos de cette page (paysages, faune, flore) ont \u00e9t\u00e9 essentiellement fournies par Mich\u00e8le Sassoulas. Pr\u00e9sentation de la r\u00e9gion Le Vercors est un massif des Pr\u00e9alpes situ\u00e9 dans le sud-est de la France, \u00e0 cheval entre [&hellip;]","og_url":"https:\/\/centcols.org\/es\/estancia-2016-vassieux\/","og_site_name":"Club des Cent Cols","article_publisher":"https:\/\/www.facebook.com\/groups\/5261880558\/?locale=fr_FR","article_published_time":"2016-05-04T09:18:45+00:00","article_modified_time":"2025-09-01T16:06:16+00:00","og_image":[{"width":1024,"height":768,"url":"https:\/\/centcols.org\/wp-content\/uploads\/2016\/05\/villagevassieux1.jpg","type":"image\/jpeg"}],"author":"Webmestre","twitter_card":"summary_large_image","twitter_misc":{"Escrito por":"Webmestre","Tiempo de lectura":"18 minutos"},"schema":{"@context":"https:\/\/schema.org","@graph":[{"@type":"Article","@id":"https:\/\/centcols.org\/sejour-2016-vassieux\/#article","isPartOf":{"@id":"https:\/\/centcols.org\/sejour-2016-vassieux\/"},"author":{"name":"Webmestre","@id":"https:\/\/centcols.org\/#\/schema\/person\/911b404fb133d8c913dd27cdcf71c8e5"},"headline":"S\u00e9jour estival \u00e0 Vassieux-en-Vercors (Dr\u00f4me) du 16 au 24 juillet 2016","datePublished":"2016-05-04T09:18:45+00:00","dateModified":"2025-09-01T16:06:16+00:00","mainEntityOfPage":{"@id":"https:\/\/centcols.org\/sejour-2016-vassieux\/"},"wordCount":2479,"publisher":{"@id":"https:\/\/centcols.org\/#organization"},"image":{"@id":"https:\/\/centcols.org\/sejour-2016-vassieux\/#primaryimage"},"thumbnailUrl":"https:\/\/centcols.org\/wp-content\/uploads\/2016\/05\/villagevassieux1.jpg","articleSection":["France","Auvergne-Rh\u00f4ne-Alpes","Alpes fran\u00e7aises du Nord","Vercors","Calendrier","26-Dr\u00f4me","S\u00e9jours du Club des Cent Cols"],"inLanguage":"es"},{"@type":"WebPage","@id":"https:\/\/centcols.org\/sejour-2016-vassieux\/","url":"https:\/\/centcols.org\/sejour-2016-vassieux\/","name":"Vacaciones de verano en Vassieux-en-Vercors (Dr\u00f4me) del 16 al 24 de julio de 2016 - Club des Cent Cols","isPartOf":{"@id":"https:\/\/centcols.org\/#website"},"primaryImageOfPage":{"@id":"https:\/\/centcols.org\/sejour-2016-vassieux\/#primaryimage"},"image":{"@id":"https:\/\/centcols.org\/sejour-2016-vassieux\/#primaryimage"},"thumbnailUrl":"https:\/\/centcols.org\/wp-content\/uploads\/2016\/05\/villagevassieux1.jpg","datePublished":"2016-05-04T09:18:45+00:00","dateModified":"2025-09-01T16:06:16+00:00","breadcrumb":{"@id":"https:\/\/centcols.org\/sejour-2016-vassieux\/#breadcrumb"},"inLanguage":"es","potentialAction":[{"@type":"ReadAction","target":["https:\/\/centcols.org\/sejour-2016-vassieux\/"]}]},{"@type":"ImageObject","inLanguage":"es","@id":"https:\/\/centcols.org\/sejour-2016-vassieux\/#primaryimage","url":"https:\/\/centcols.org\/wp-content\/uploads\/2016\/05\/villagevassieux1.jpg","contentUrl":"https:\/\/centcols.org\/wp-content\/uploads\/2016\/05\/villagevassieux1.jpg","width":1024,"height":768},{"@type":"BreadcrumbList","@id":"https:\/\/centcols.org\/sejour-2016-vassieux\/#breadcrumb","itemListElement":[{"@type":"ListItem","position":1,"name":"Accueil","item":"https:\/\/centcols.org\/"},{"@type":"ListItem","position":2,"name":"S\u00e9jours du Club des Cent Cols","item":"https:\/\/centcols.org\/rubrique\/sejours\/"},{"@type":"ListItem","position":3,"name":"Pays","item":"https:\/\/centcols.org\/rubrique\/sejours\/pays-sejours\/"},{"@type":"ListItem","position":4,"name":"France","item":"https:\/\/centcols.org\/rubrique\/sejours\/pays-sejours\/france-pays-sejours\/"},{"@type":"ListItem","position":5,"name":"S\u00e9jour estival \u00e0 Vassieux-en-Vercors (Dr\u00f4me) du 16 au 24 juillet 2016"}]},{"@type":"WebSite","@id":"https:\/\/centcols.org\/#website","url":"https:\/\/centcols.org\/","name":"Club des Cent Cols","description":"","publisher":{"@id":"https:\/\/centcols.org\/#organization"},"potentialAction":[{"@type":"SearchAction","target":{"@type":"EntryPoint","urlTemplate":"https:\/\/centcols.org\/?s={search_term_string}"},"query-input":{"@type":"PropertyValueSpecification","valueRequired":true,"valueName":"search_term_string"}}],"inLanguage":"es"},{"@type":"Organization","@id":"https:\/\/centcols.org\/#organization","name":"Club des Cent Cols","url":"https:\/\/centcols.org\/","logo":{"@type":"ImageObject","inLanguage":"es","@id":"https:\/\/centcols.org\/#\/schema\/logo\/image\/","url":"https:\/\/centcols.org\/wp-content\/uploads\/2025\/01\/carte-icone.png","contentUrl":"https:\/\/centcols.org\/wp-content\/uploads\/2025\/01\/carte-icone.png","width":250,"height":250,"caption":"Club des Cent Cols"},"image":{"@id":"https:\/\/centcols.org\/#\/schema\/logo\/image\/"},"sameAs":["https:\/\/www.facebook.com\/groups\/5261880558\/?locale=fr_FR"]},{"@type":"Person","@id":"https:\/\/centcols.org\/#\/schema\/person\/911b404fb133d8c913dd27cdcf71c8e5","name":"Webmaster","image":{"@type":"ImageObject","inLanguage":"es","@id":"https:\/\/centcols.org\/wp-content\/litespeed\/avatar\/2d246e4b6b4f773e08515e1ffc53690b.jpg?ver=1777222892","url":"https:\/\/centcols.org\/wp-content\/litespeed\/avatar\/2d246e4b6b4f773e08515e1ffc53690b.jpg?ver=1777222892","contentUrl":"https:\/\/centcols.org\/wp-content\/litespeed\/avatar\/2d246e4b6b4f773e08515e1ffc53690b.jpg?ver=1777222892","caption":"Webmestre"},"url":"https:\/\/centcols.org\/es\/author\/webmestre\/"}]}},"_links":{"self":[{"href":"https:\/\/centcols.org\/es\/wp-json\/wp\/v2\/posts\/81768","targetHints":{"allow":["GET"]}}],"collection":[{"href":"https:\/\/centcols.org\/es\/wp-json\/wp\/v2\/posts"}],"about":[{"href":"https:\/\/centcols.org\/es\/wp-json\/wp\/v2\/types\/post"}],"author":[{"embeddable":true,"href":"https:\/\/centcols.org\/es\/wp-json\/wp\/v2\/users\/3"}],"replies":[{"embeddable":true,"href":"https:\/\/centcols.org\/es\/wp-json\/wp\/v2\/comments?post=81768"}],"version-history":[{"count":0,"href":"https:\/\/centcols.org\/es\/wp-json\/wp\/v2\/posts\/81768\/revisions"}],"wp:featuredmedia":[{"embeddable":true,"href":"https:\/\/centcols.org\/es\/wp-json\/wp\/v2\/media\/82964"}],"wp:attachment":[{"href":"https:\/\/centcols.org\/es\/wp-json\/wp\/v2\/media?parent=81768"}],"wp:term":[{"taxonomy":"category","embeddable":true,"href":"https:\/\/centcols.org\/es\/wp-json\/wp\/v2\/categories?post=81768"},{"taxonomy":"post_tag","embeddable":true,"href":"https:\/\/centcols.org\/es\/wp-json\/wp\/v2\/tags?post=81768"}],"curies":[{"name":"wp","href":"https:\/\/api.w.org\/{rel}","templated":true}]}}