{"id":81774,"date":"2016-02-03T09:00:25","date_gmt":"2016-02-03T07:00:25","guid":{"rendered":"https:\/\/centcols.org\/concentration-regionale-auvergne-au-col-de-la-croix-de-peccata-le-4-juin-2016\/"},"modified":"2025-09-15T03:05:35","modified_gmt":"2025-09-15T01:05:35","slug":"concentracion-regional-de-auvernia-en-el-col-de-la-croix-de-peccata-el-4-de-junio-de-2016","status":"publish","type":"post","link":"https:\/\/centcols.org\/es\/concentration-regionale-auvergne-au-col-de-la-croix-de-peccata-le-4-juin-2016\/","title":{"rendered":"Reuni\u00f3n regional de Auvernia en el Col de la Croix de Peccata el 4 de junio de 2016"},"content":{"rendered":"\n<p>Samedi 4 juin 2016, Auvergne<br>Col de la Croix de Peccata, 1570 m (Haute Loire)<\/p>\n\n\n\n<p>Ce col routier sur la D274&nbsp; situ\u00e9 au carrefour des GR 7 et du Tour M\u00e9zenc-Gerbier permet un acc\u00e8s S2 au M\u00e9zenc, mont \u00e0 deux sommets, qui culmine \u00e0 1753m en Ard\u00e8che ou 1724 en Haute-Loire.<br>En marge de la LPE Atlantique-M\u00e9diterran\u00e9e, il est sur le parcours de CC en Ard\u00e8che.<br>Sept cols sont ais\u00e9ment r\u00e9alisables dans une bonne demi-journ\u00e9e au sud de Fay sur Lignon.<br>Une liaison sentier Croix de Peccata \u2013 Croix de Bouti\u00e8res est possible.<br>Du M\u00e9zenc, panorama sur 10 \u00e0 12 d\u00e9partements et vue sur les \u00ab&nbsp;montagnes du soleil&nbsp;\u00bb (les Alpes pour les locaux).<br>Les 3 BPF des lacs sont proches&nbsp;: lac de St-Front (20km), lac d&rsquo;Issarl\u00e8s et 2-3 cols (25km), lac du&nbsp; Bouchet et Trescols (50km)<\/p>\n\n\n\n<p class=\"has-text-align-left\">Diverses approches ou circuits sont possibles. On pourra consulter Openrunner pour<strong> 3 options routi\u00e8res<\/strong> nomm\u00e9es&nbsp;CC-R(1-2-4)Auvergne2016<\/p>\n\n\n\n<p class=\"has-text-align-left\">&#8211; par l&rsquo;ouest du M\u00e9zenc : R1 : 6093234 4 cols, 57km\/1150m&nbsp; ou R2&nbsp; 6082311 6 col 73km\/1600 d\u00e9part Le Monastier sur Gazeille (parking du lyc\u00e9e)<\/p>\n\n\n\n<p class=\"has-text-align-left\">&#8211; par le nord, depuis chez l&rsquo;animateur r\u00e9gional R4&nbsp; 6093163 42km\/\/1150<\/p>\n\n\n\n<p><strong>VTT : circuits respirando&nbsp;<\/strong> : <a href=\"http:\/\/www.respirando.fr\/index.php\/a-velo-vtt\/circuits-vtt\/vtt-velay.html\">http:\/\/www.respirando.fr\/index.php\/a-velo-vtt\/circuits-vtt\/vtt-velay.html <\/a>: le 6&nbsp;: bol d&rsquo;air et globules rouges 28km\/800 D+ ou le 5&nbsp;: train fant\u00f4me (trac\u00e9 d&rsquo;un voie ferr\u00e9e jamais install\u00e9e, passage de viaduc et tunnel (75m)) et grands espaces 51km\/1300. Circuit roulant sauf quelques courts passages R1 ou S-2 pr\u00e9voir +6km\/200 pour 2 cols et le lieu de la concentration.<\/p>\n\n\n\n<p><strong>VTT openrunner<\/strong> 4123788 tour du M\u00e9zenc (28\/750) 2338595 les estables (43\/1150) 09101971 les estables (20\/780) et BPF de St Front en prime.<\/p>\n\n\n\n<p><em>Comme en 2012 et 2014<strong> possibilit\u00e9 de repas en commun le 4 juin au soir,<\/strong> chez Francine et Claude, avec Jean Dufau (CC 6997 en cuisinier chef). Merci de pr\u00e9venir si vous souhaitez participer \u00e0 ce repas. H\u00e9bergements confortables en h\u00f4tels ou gites ainsi que quelques places plus rustiques \u00a0 chez l&rsquo;animateur (dans la limite du possible).<\/em>\u00a0<\/p>\n\n\n\n<figure class=\"wp-block-image size-full\"><img loading=\"lazy\" decoding=\"async\" width=\"746\" height=\"580\" src=\"https:\/\/centcols.org\/wp-content\/uploads\/2025\/05\/peccata.jpg\" alt=\"\" class=\"wp-image-81775\"\/><\/figure>\n\n\n\n<p><\/p>\n\n\n\n<h3 class=\"wp-block-heading\">H\u00e9bergements possibles<\/h3>\n\n\n\n<p>&#8211; La ferme de Magnaud\u00e8s, avec 3-4 cols et \u00e0 20 km de la concentration,&nbsp;gilbrault.free.fr<br>&#8211; Tr\u00e8s grand luxe, La grange du baron du M\u00e9zenc \u00e0 Chaudeyrolles<br>&#8211; Vaste parking camping-cars, h\u00f4tels et g\u00eetes au village \u00ab&nbsp;Les Estables&nbsp;\u00bb&nbsp; \u00e0 3km du col.<\/p>\n\n\n\n<h3 class=\"wp-block-heading\">Contact<\/h3>\n\n\n\n<p>Claude Mabillot<br>04 71 65 34 78<br>[email]&#109;&#x61;&#98;&#x69;l&#x6c;o&#116;&#x40;&#102;&#x72;e&#x65;&#46;&#102;&#x72;[\/email]<\/p>\n\n\n\n<p>&nbsp;<\/p>\n","protected":false},"excerpt":{"rendered":"<p>Samedi 4 juin 2016, AuvergneCol de la Croix de Peccata, 1570 m (Haute Loire) Ce col routier sur la D274&nbsp; situ\u00e9 au carrefour des GR 7 et du Tour M\u00e9zenc-Gerbier permet un acc\u00e8s S2 au M\u00e9zenc, mont \u00e0 deux sommets, qui culmine \u00e0 1753m en Ard\u00e8che ou 1724 en Haute-Loire.En marge de la LPE Atlantique-M\u00e9diterran\u00e9e, [&hellip;]<\/p>\n","protected":false},"author":136,"featured_media":81775,"comment_status":"closed","ping_status":"open","sticky":false,"template":"","format":"standard","meta":{"_acf_changed":false,"footnotes":""},"categories":[135,270,216],"tags":[],"class_list":["post-81774","post","type-post","status-publish","format-standard","has-post-thumbnail","hentry","category-calendrier","category-les-rassemblements-de-2016","category-rencontres-regionales"],"acf":[],"yoast_head":"<!-- This site is optimized with the Yoast SEO plugin v27.2 - https:\/\/yoast.com\/product\/yoast-seo-wordpress\/ -->\n<title>Concentration r\u00e9gionale Auvergne au col de la Croix de Peccata le 4 juin 2016 - Club des Cent Cols<\/title>\n<meta name=\"robots\" content=\"index, follow, max-snippet:-1, max-image-preview:large, max-video-preview:-1\" \/>\n<link rel=\"canonical\" href=\"https:\/\/centcols.org\/es\/concentracion-regional-de-auvernia-en-el-col-de-la-croix-de-peccata-el-4-de-junio-de-2016\/\" \/>\n<meta property=\"og:locale\" content=\"es_ES\" \/>\n<meta property=\"og:type\" content=\"article\" \/>\n<meta property=\"og:title\" content=\"Concentration r\u00e9gionale Auvergne au col de la Croix de Peccata le 4 juin 2016 - Club des Cent Cols\" \/>\n<meta property=\"og:description\" content=\"Samedi 4 juin 2016, AuvergneCol de la Croix de Peccata, 1570 m (Haute Loire) Ce col routier sur la D274&nbsp; situ\u00e9 au carrefour des GR 7 et du Tour M\u00e9zenc-Gerbier permet un acc\u00e8s S2 au M\u00e9zenc, mont \u00e0 deux sommets, qui culmine \u00e0 1753m en Ard\u00e8che ou 1724 en Haute-Loire.En marge de la LPE Atlantique-M\u00e9diterran\u00e9e, [&hellip;]\" \/>\n<meta property=\"og:url\" content=\"https:\/\/centcols.org\/es\/concentracion-regional-de-auvernia-en-el-col-de-la-croix-de-peccata-el-4-de-junio-de-2016\/\" \/>\n<meta property=\"og:site_name\" content=\"Club des Cent Cols\" \/>\n<meta property=\"article:publisher\" content=\"https:\/\/www.facebook.com\/groups\/5261880558\/?locale=fr_FR\" \/>\n<meta property=\"article:published_time\" content=\"2016-02-03T07:00:25+00:00\" \/>\n<meta property=\"article:modified_time\" content=\"2025-09-15T01:05:35+00:00\" \/>\n<meta property=\"og:image\" content=\"https:\/\/centcols.org\/wp-content\/uploads\/2025\/05\/peccata.jpg\" \/>\n\t<meta property=\"og:image:width\" content=\"746\" \/>\n\t<meta property=\"og:image:height\" content=\"580\" \/>\n\t<meta property=\"og:image:type\" content=\"image\/jpeg\" \/>\n<meta name=\"author\" content=\"Guy Harl\u00e9\" \/>\n<meta name=\"twitter:card\" content=\"summary_large_image\" \/>\n<meta name=\"twitter:label1\" content=\"Escrito por\" \/>\n\t<meta name=\"twitter:data1\" content=\"Guy Harl\u00e9\" \/>\n\t<meta name=\"twitter:label2\" content=\"Tiempo de lectura\" \/>\n\t<meta name=\"twitter:data2\" content=\"3 minutos\" \/>\n<script type=\"application\/ld+json\" class=\"yoast-schema-graph\">{\"@context\":\"https:\/\/schema.org\",\"@graph\":[{\"@type\":\"Article\",\"@id\":\"https:\/\/centcols.org\/concentration-regionale-auvergne-au-col-de-la-croix-de-peccata-le-4-juin-2016\/#article\",\"isPartOf\":{\"@id\":\"https:\/\/centcols.org\/concentration-regionale-auvergne-au-col-de-la-croix-de-peccata-le-4-juin-2016\/\"},\"author\":{\"name\":\"Guy Harl\u00e9\",\"@id\":\"https:\/\/centcols.org\/#\/schema\/person\/377f00da2793c0363246869bb3a344d0\"},\"headline\":\"Concentration r\u00e9gionale Auvergne au col de la Croix de Peccata le 4 juin 2016\",\"datePublished\":\"2016-02-03T07:00:25+00:00\",\"dateModified\":\"2025-09-15T01:05:35+00:00\",\"mainEntityOfPage\":{\"@id\":\"https:\/\/centcols.org\/concentration-regionale-auvergne-au-col-de-la-croix-de-peccata-le-4-juin-2016\/\"},\"wordCount\":418,\"publisher\":{\"@id\":\"https:\/\/centcols.org\/#organization\"},\"image\":{\"@id\":\"https:\/\/centcols.org\/concentration-regionale-auvergne-au-col-de-la-croix-de-peccata-le-4-juin-2016\/#primaryimage\"},\"thumbnailUrl\":\"https:\/\/centcols.org\/wp-content\/uploads\/2025\/05\/peccata.jpg\",\"articleSection\":[\"Calendrier\",\"2016-rassemblements\",\"Rencontres r\u00e9gionales\"],\"inLanguage\":\"es\"},{\"@type\":\"WebPage\",\"@id\":\"https:\/\/centcols.org\/concentration-regionale-auvergne-au-col-de-la-croix-de-peccata-le-4-juin-2016\/\",\"url\":\"https:\/\/centcols.org\/concentration-regionale-auvergne-au-col-de-la-croix-de-peccata-le-4-juin-2016\/\",\"name\":\"Concentration r\u00e9gionale Auvergne au col de la Croix de Peccata le 4 juin 2016 - Club des Cent Cols\",\"isPartOf\":{\"@id\":\"https:\/\/centcols.org\/#website\"},\"primaryImageOfPage\":{\"@id\":\"https:\/\/centcols.org\/concentration-regionale-auvergne-au-col-de-la-croix-de-peccata-le-4-juin-2016\/#primaryimage\"},\"image\":{\"@id\":\"https:\/\/centcols.org\/concentration-regionale-auvergne-au-col-de-la-croix-de-peccata-le-4-juin-2016\/#primaryimage\"},\"thumbnailUrl\":\"https:\/\/centcols.org\/wp-content\/uploads\/2025\/05\/peccata.jpg\",\"datePublished\":\"2016-02-03T07:00:25+00:00\",\"dateModified\":\"2025-09-15T01:05:35+00:00\",\"breadcrumb\":{\"@id\":\"https:\/\/centcols.org\/concentration-regionale-auvergne-au-col-de-la-croix-de-peccata-le-4-juin-2016\/#breadcrumb\"},\"inLanguage\":\"es\",\"potentialAction\":[{\"@type\":\"ReadAction\",\"target\":[\"https:\/\/centcols.org\/concentration-regionale-auvergne-au-col-de-la-croix-de-peccata-le-4-juin-2016\/\"]}]},{\"@type\":\"ImageObject\",\"inLanguage\":\"es\",\"@id\":\"https:\/\/centcols.org\/concentration-regionale-auvergne-au-col-de-la-croix-de-peccata-le-4-juin-2016\/#primaryimage\",\"url\":\"https:\/\/centcols.org\/wp-content\/uploads\/2025\/05\/peccata.jpg\",\"contentUrl\":\"https:\/\/centcols.org\/wp-content\/uploads\/2025\/05\/peccata.jpg\",\"width\":746,\"height\":580},{\"@type\":\"BreadcrumbList\",\"@id\":\"https:\/\/centcols.org\/concentration-regionale-auvergne-au-col-de-la-croix-de-peccata-le-4-juin-2016\/#breadcrumb\",\"itemListElement\":[{\"@type\":\"ListItem\",\"position\":1,\"name\":\"Accueil\",\"item\":\"https:\/\/centcols.org\/\"},{\"@type\":\"ListItem\",\"position\":2,\"name\":\"Calendrier\",\"item\":\"https:\/\/centcols.org\/rubrique\/calendrier\/\"},{\"@type\":\"ListItem\",\"position\":3,\"name\":\"Concentration r\u00e9gionale Auvergne au col de la Croix de Peccata le 4 juin 2016\"}]},{\"@type\":\"WebSite\",\"@id\":\"https:\/\/centcols.org\/#website\",\"url\":\"https:\/\/centcols.org\/\",\"name\":\"Club des Cent Cols\",\"description\":\"\",\"publisher\":{\"@id\":\"https:\/\/centcols.org\/#organization\"},\"potentialAction\":[{\"@type\":\"SearchAction\",\"target\":{\"@type\":\"EntryPoint\",\"urlTemplate\":\"https:\/\/centcols.org\/?s={search_term_string}\"},\"query-input\":{\"@type\":\"PropertyValueSpecification\",\"valueRequired\":true,\"valueName\":\"search_term_string\"}}],\"inLanguage\":\"es\"},{\"@type\":\"Organization\",\"@id\":\"https:\/\/centcols.org\/#organization\",\"name\":\"Club des Cent Cols\",\"url\":\"https:\/\/centcols.org\/\",\"logo\":{\"@type\":\"ImageObject\",\"inLanguage\":\"es\",\"@id\":\"https:\/\/centcols.org\/#\/schema\/logo\/image\/\",\"url\":\"https:\/\/centcols.org\/wp-content\/uploads\/2025\/01\/carte-icone.png\",\"contentUrl\":\"https:\/\/centcols.org\/wp-content\/uploads\/2025\/01\/carte-icone.png\",\"width\":250,\"height\":250,\"caption\":\"Club des Cent Cols\"},\"image\":{\"@id\":\"https:\/\/centcols.org\/#\/schema\/logo\/image\/\"},\"sameAs\":[\"https:\/\/www.facebook.com\/groups\/5261880558\/?locale=fr_FR\"]},{\"@type\":\"Person\",\"@id\":\"https:\/\/centcols.org\/#\/schema\/person\/377f00da2793c0363246869bb3a344d0\",\"name\":\"Guy Harl\u00e9\",\"image\":{\"@type\":\"ImageObject\",\"inLanguage\":\"es\",\"@id\":\"https:\/\/centcols.org\/wp-content\/litespeed\/avatar\/94c4de37e46cf090f296d42ab3e8d6a6.jpg?ver=1777238144\",\"url\":\"https:\/\/centcols.org\/wp-content\/litespeed\/avatar\/94c4de37e46cf090f296d42ab3e8d6a6.jpg?ver=1777238144\",\"contentUrl\":\"https:\/\/centcols.org\/wp-content\/litespeed\/avatar\/94c4de37e46cf090f296d42ab3e8d6a6.jpg?ver=1777238144\",\"caption\":\"Guy Harl\u00e9\"},\"url\":\"https:\/\/centcols.org\/es\/author\/5193\/\"}]}<\/script>\n<!-- \/ Yoast SEO plugin. -->","yoast_head_json":{"title":"Encuentro regional de Auvernia en el puerto de la Croix de Peccata el 4 de junio de 2016 - Club des Cent Cols","robots":{"index":"index","follow":"follow","max-snippet":"max-snippet:-1","max-image-preview":"max-image-preview:large","max-video-preview":"max-video-preview:-1"},"canonical":"https:\/\/centcols.org\/es\/concentracion-regional-de-auvernia-en-el-col-de-la-croix-de-peccata-el-4-de-junio-de-2016\/","og_locale":"es_ES","og_type":"article","og_title":"Concentration r\u00e9gionale Auvergne au col de la Croix de Peccata le 4 juin 2016 - Club des Cent Cols","og_description":"Samedi 4 juin 2016, AuvergneCol de la Croix de Peccata, 1570 m (Haute Loire) Ce col routier sur la D274&nbsp; situ\u00e9 au carrefour des GR 7 et du Tour M\u00e9zenc-Gerbier permet un acc\u00e8s S2 au M\u00e9zenc, mont \u00e0 deux sommets, qui culmine \u00e0 1753m en Ard\u00e8che ou 1724 en Haute-Loire.En marge de la LPE Atlantique-M\u00e9diterran\u00e9e, [&hellip;]","og_url":"https:\/\/centcols.org\/es\/concentracion-regional-de-auvernia-en-el-col-de-la-croix-de-peccata-el-4-de-junio-de-2016\/","og_site_name":"Club des Cent Cols","article_publisher":"https:\/\/www.facebook.com\/groups\/5261880558\/?locale=fr_FR","article_published_time":"2016-02-03T07:00:25+00:00","article_modified_time":"2025-09-15T01:05:35+00:00","og_image":[{"width":746,"height":580,"url":"https:\/\/centcols.org\/wp-content\/uploads\/2025\/05\/peccata.jpg","type":"image\/jpeg"}],"author":"Guy Harl\u00e9","twitter_card":"summary_large_image","twitter_misc":{"Escrito por":"Guy Harl\u00e9","Tiempo de lectura":"3 minutos"},"schema":{"@context":"https:\/\/schema.org","@graph":[{"@type":"Article","@id":"https:\/\/centcols.org\/concentration-regionale-auvergne-au-col-de-la-croix-de-peccata-le-4-juin-2016\/#article","isPartOf":{"@id":"https:\/\/centcols.org\/concentration-regionale-auvergne-au-col-de-la-croix-de-peccata-le-4-juin-2016\/"},"author":{"name":"Guy Harl\u00e9","@id":"https:\/\/centcols.org\/#\/schema\/person\/377f00da2793c0363246869bb3a344d0"},"headline":"Concentration r\u00e9gionale Auvergne au col de la Croix de Peccata le 4 juin 2016","datePublished":"2016-02-03T07:00:25+00:00","dateModified":"2025-09-15T01:05:35+00:00","mainEntityOfPage":{"@id":"https:\/\/centcols.org\/concentration-regionale-auvergne-au-col-de-la-croix-de-peccata-le-4-juin-2016\/"},"wordCount":418,"publisher":{"@id":"https:\/\/centcols.org\/#organization"},"image":{"@id":"https:\/\/centcols.org\/concentration-regionale-auvergne-au-col-de-la-croix-de-peccata-le-4-juin-2016\/#primaryimage"},"thumbnailUrl":"https:\/\/centcols.org\/wp-content\/uploads\/2025\/05\/peccata.jpg","articleSection":["Calendrier","2016-rassemblements","Rencontres r\u00e9gionales"],"inLanguage":"es"},{"@type":"WebPage","@id":"https:\/\/centcols.org\/concentration-regionale-auvergne-au-col-de-la-croix-de-peccata-le-4-juin-2016\/","url":"https:\/\/centcols.org\/concentration-regionale-auvergne-au-col-de-la-croix-de-peccata-le-4-juin-2016\/","name":"Encuentro regional de Auvernia en el puerto de la Croix de Peccata el 4 de junio de 2016 - Club des Cent Cols","isPartOf":{"@id":"https:\/\/centcols.org\/#website"},"primaryImageOfPage":{"@id":"https:\/\/centcols.org\/concentration-regionale-auvergne-au-col-de-la-croix-de-peccata-le-4-juin-2016\/#primaryimage"},"image":{"@id":"https:\/\/centcols.org\/concentration-regionale-auvergne-au-col-de-la-croix-de-peccata-le-4-juin-2016\/#primaryimage"},"thumbnailUrl":"https:\/\/centcols.org\/wp-content\/uploads\/2025\/05\/peccata.jpg","datePublished":"2016-02-03T07:00:25+00:00","dateModified":"2025-09-15T01:05:35+00:00","breadcrumb":{"@id":"https:\/\/centcols.org\/concentration-regionale-auvergne-au-col-de-la-croix-de-peccata-le-4-juin-2016\/#breadcrumb"},"inLanguage":"es","potentialAction":[{"@type":"ReadAction","target":["https:\/\/centcols.org\/concentration-regionale-auvergne-au-col-de-la-croix-de-peccata-le-4-juin-2016\/"]}]},{"@type":"ImageObject","inLanguage":"es","@id":"https:\/\/centcols.org\/concentration-regionale-auvergne-au-col-de-la-croix-de-peccata-le-4-juin-2016\/#primaryimage","url":"https:\/\/centcols.org\/wp-content\/uploads\/2025\/05\/peccata.jpg","contentUrl":"https:\/\/centcols.org\/wp-content\/uploads\/2025\/05\/peccata.jpg","width":746,"height":580},{"@type":"BreadcrumbList","@id":"https:\/\/centcols.org\/concentration-regionale-auvergne-au-col-de-la-croix-de-peccata-le-4-juin-2016\/#breadcrumb","itemListElement":[{"@type":"ListItem","position":1,"name":"Accueil","item":"https:\/\/centcols.org\/"},{"@type":"ListItem","position":2,"name":"Calendrier","item":"https:\/\/centcols.org\/rubrique\/calendrier\/"},{"@type":"ListItem","position":3,"name":"Concentration r\u00e9gionale Auvergne au col de la Croix de Peccata le 4 juin 2016"}]},{"@type":"WebSite","@id":"https:\/\/centcols.org\/#website","url":"https:\/\/centcols.org\/","name":"Club des Cent Cols","description":"","publisher":{"@id":"https:\/\/centcols.org\/#organization"},"potentialAction":[{"@type":"SearchAction","target":{"@type":"EntryPoint","urlTemplate":"https:\/\/centcols.org\/?s={search_term_string}"},"query-input":{"@type":"PropertyValueSpecification","valueRequired":true,"valueName":"search_term_string"}}],"inLanguage":"es"},{"@type":"Organization","@id":"https:\/\/centcols.org\/#organization","name":"Club des Cent Cols","url":"https:\/\/centcols.org\/","logo":{"@type":"ImageObject","inLanguage":"es","@id":"https:\/\/centcols.org\/#\/schema\/logo\/image\/","url":"https:\/\/centcols.org\/wp-content\/uploads\/2025\/01\/carte-icone.png","contentUrl":"https:\/\/centcols.org\/wp-content\/uploads\/2025\/01\/carte-icone.png","width":250,"height":250,"caption":"Club des Cent Cols"},"image":{"@id":"https:\/\/centcols.org\/#\/schema\/logo\/image\/"},"sameAs":["https:\/\/www.facebook.com\/groups\/5261880558\/?locale=fr_FR"]},{"@type":"Person","@id":"https:\/\/centcols.org\/#\/schema\/person\/377f00da2793c0363246869bb3a344d0","name":"Guy Harl\u00e9","image":{"@type":"ImageObject","inLanguage":"es","@id":"https:\/\/centcols.org\/wp-content\/litespeed\/avatar\/94c4de37e46cf090f296d42ab3e8d6a6.jpg?ver=1777238144","url":"https:\/\/centcols.org\/wp-content\/litespeed\/avatar\/94c4de37e46cf090f296d42ab3e8d6a6.jpg?ver=1777238144","contentUrl":"https:\/\/centcols.org\/wp-content\/litespeed\/avatar\/94c4de37e46cf090f296d42ab3e8d6a6.jpg?ver=1777238144","caption":"Guy Harl\u00e9"},"url":"https:\/\/centcols.org\/es\/author\/5193\/"}]}},"_links":{"self":[{"href":"https:\/\/centcols.org\/es\/wp-json\/wp\/v2\/posts\/81774","targetHints":{"allow":["GET"]}}],"collection":[{"href":"https:\/\/centcols.org\/es\/wp-json\/wp\/v2\/posts"}],"about":[{"href":"https:\/\/centcols.org\/es\/wp-json\/wp\/v2\/types\/post"}],"author":[{"embeddable":true,"href":"https:\/\/centcols.org\/es\/wp-json\/wp\/v2\/users\/136"}],"replies":[{"embeddable":true,"href":"https:\/\/centcols.org\/es\/wp-json\/wp\/v2\/comments?post=81774"}],"version-history":[{"count":0,"href":"https:\/\/centcols.org\/es\/wp-json\/wp\/v2\/posts\/81774\/revisions"}],"wp:featuredmedia":[{"embeddable":true,"href":"https:\/\/centcols.org\/es\/wp-json\/wp\/v2\/media\/81775"}],"wp:attachment":[{"href":"https:\/\/centcols.org\/es\/wp-json\/wp\/v2\/media?parent=81774"}],"wp:term":[{"taxonomy":"category","embeddable":true,"href":"https:\/\/centcols.org\/es\/wp-json\/wp\/v2\/categories?post=81774"},{"taxonomy":"post_tag","embeddable":true,"href":"https:\/\/centcols.org\/es\/wp-json\/wp\/v2\/tags?post=81774"}],"curies":[{"name":"wp","href":"https:\/\/api.w.org\/{rel}","templated":true}]}}