{"id":81776,"date":"2016-02-03T12:00:48","date_gmt":"2016-02-03T10:00:48","guid":{"rendered":"https:\/\/centcols.org\/raduno-italien-a-brescia-bs-les-30-et-31-juillet-2016\/"},"modified":"2025-09-16T20:23:16","modified_gmt":"2025-09-16T18:23:16","slug":"raduno-italiano-en-brescia-bs-los-dias-30-y-31-de-julio-de-2016","status":"publish","type":"post","link":"https:\/\/centcols.org\/es\/raduno-italien-a-brescia-bs-les-30-et-31-juillet-2016\/","title":{"rendered":"Raduno italiano en Brescia (BS) los d\u00edas 30 y 31 de julio de 2016"},"content":{"rendered":"\n<p><span style=\"font-family: Arial, serif;\"><span style=\"font-size: medium;\">Raduno Italiano 2016 &#8211; 30-31\/07\/2016 &#8211; Alta Val Trompia (BS) &nbsp;<\/span><\/span><\/p>\n\n\n\n<p>&nbsp;<\/p>\n\n\n\n<p>Le Raduno Italien 2016 change de date !<br>Contrairement aux ann\u00e9es pass\u00e9es le Raduno se d\u00e9roulera le dernier week-end de&nbsp;juillet, les 30 et 31 et donc en plein \u00e9t\u00e9, et cela&nbsp;parce que nous voulons vous offrir des parcours qui vous permettront de franchir une dizaine de cols \u00e0 plus de 2000 m.<br>Nous nous retrouverons en haute vall\u00e9e de la Trompia, province de Brescia, r\u00e9gion riche en cols routiers et muletiers qui vous offrira la possibilit\u00e9 de passer de nombreux cols.<br>Des parcours routiers et VTT sont propos\u00e9s<br>Pour les routiers pr\u00e9voir des pneus 25 car la route ( parcours R1) entre Giogo della Bala et Passo Croce Domini n&rsquo;est pas goudronn\u00e9e<br>Le parcours R1, au d\u00e9part du Albergo Pineta&nbsp; avec plus de 2000 m de d\u00e9nivel\u00e9 est aussi propos\u00e9 en deux parties (R1A et R1B)<br>Le parcours R2, au d\u00e9part de Tavernola sul Mella (environ 20 km de l&rsquo;h\u00f4tel) est propos\u00e9 en versions longue et courte<br>Les parcours VTT partent de l&rsquo;h\u00f4tel.&nbsp;Le V1 d&rsquo;environ 50 km peut \u00eatre raccourci, en \u00e9vitant certains cols<\/p>\n\n\n\n<figure class=\"wp-block-gallery has-nested-images columns-2 is-cropped wp-block-gallery-1 is-layout-flex wp-block-gallery-is-layout-flex\">\n<figure class=\"wp-block-image size-full\"><img loading=\"lazy\" decoding=\"async\" width=\"800\" height=\"600\" data-id=\"89050\" src=\"https:\/\/centcols.org\/wp-content\/uploads\/2016\/02\/raduno-2016-1.jpg\" alt=\"\" class=\"wp-image-89050\" srcset=\"https:\/\/centcols.org\/wp-content\/uploads\/2016\/02\/raduno-2016-1.jpg 800w, https:\/\/centcols.org\/wp-content\/uploads\/2016\/02\/raduno-2016-1-768x576.jpg 768w, https:\/\/centcols.org\/wp-content\/uploads\/2016\/02\/raduno-2016-1-16x12.jpg 16w\" sizes=\"auto, (max-width: 800px) 100vw, 800px\" \/><\/figure>\n\n\n\n<figure class=\"wp-block-image size-full\"><img loading=\"lazy\" decoding=\"async\" width=\"800\" height=\"600\" data-id=\"89051\" src=\"https:\/\/centcols.org\/wp-content\/uploads\/2016\/02\/raduno-2016-2.jpg\" alt=\"\" class=\"wp-image-89051\" srcset=\"https:\/\/centcols.org\/wp-content\/uploads\/2016\/02\/raduno-2016-2.jpg 800w, https:\/\/centcols.org\/wp-content\/uploads\/2016\/02\/raduno-2016-2-768x576.jpg 768w, https:\/\/centcols.org\/wp-content\/uploads\/2016\/02\/raduno-2016-2-16x12.jpg 16w\" sizes=\"auto, (max-width: 800px) 100vw, 800px\" \/><\/figure>\n<\/figure>\n\n\n\n<h3 class=\"wp-block-heading\">Route<\/h3>\n\n\n\n<p><a href=\"\/wp-content\/uploads\/2025\/09\/R1-pdf.pdf\" target=\"_blank\" rel=\"noreferrer noopener\">R1 (pdf)<\/a>&nbsp; &nbsp; &nbsp; &nbsp; &nbsp; &nbsp; &nbsp; &nbsp; &nbsp; &nbsp; &nbsp; &nbsp; &nbsp; &nbsp; &nbsp; &nbsp; &nbsp;&nbsp;<a href=\"\/wp-content\/uploads\/2025\/09\/R1-gpx.gpx\" target=\"_blank\" rel=\"noreferrer noopener\">R1 (gpx)<br><\/a><a href=\"http:\/\/g\/wp-content\/uploads\/2025\/09\/R1A-pdf.pdf\" target=\"_blank\" rel=\"noreferrer noopener\">R1A (pdf)<\/a>&nbsp; &nbsp; &nbsp; &nbsp;&nbsp;<a href=\"\/wp-content\/uploads\/2025\/09\/R1B-pdf.pdf\" target=\"_blank\" rel=\"noreferrer noopener\">R1B (pdf)<\/a>&nbsp; &nbsp; &nbsp; &nbsp;&nbsp;<a href=\"https:\/\/centcols.org\/wp-content\/uploads\/2025\/09\/R1A-R1B-gpx.gpx\" target=\"_blank\" rel=\"noreferrer noopener\">R1A-R1B (gpx)<\/a><a href=\"https:\/\/centcols.org\/wp-content\/uploads\/2016\/02\/R1-gpx.gpx\" target=\"_blank\" rel=\"noopener\"><br><\/a><\/p>\n\n\n\n<p><a href=\"\/wp-content\/uploads\/2025\/09\/R2-Corto-pdf.pdf\" target=\"_blank\" rel=\"noreferrer noopener\">R2 Corto (pdf)<\/a>&nbsp; &nbsp; &nbsp; &nbsp; &nbsp; &nbsp; &nbsp; &nbsp; &nbsp; &nbsp; &nbsp; &nbsp;<a href=\"\/wp-content\/uploads\/2025\/09\/R2-Corto-gpx.gpx\" target=\"_blank\" rel=\"noreferrer noopener\">R2 Corto (gpx)<br><\/a><a href=\"\/wp-content\/uploads\/2025\/09\/R2-Lungo-pdf.pdf\" target=\"_blank\" rel=\"noreferrer noopener\">R2 Lungo (pdf)<\/a>&nbsp; &nbsp; &nbsp; &nbsp; &nbsp; &nbsp; &nbsp; &nbsp; &nbsp; &nbsp; &nbsp;<a href=\"\/wp-content\/uploads\/2025\/09\/R2-Lungo-gpx.gpx\" target=\"_blank\" rel=\"noreferrer noopener\">R2 Lungo (gpx)<\/a><a href=\"https:\/\/centcols.org\/wp-content\/uploads\/2016\/02\/R2-Corto-gpx.gpx\" target=\"_blank\" rel=\"noopener\"><br><\/a><\/p>\n\n\n\n<h3 class=\"wp-block-heading\">VTT<\/h3>\n\n\n\n<p><a href=\"\/wp-content\/uploads\/2025\/09\/V1-FR-pdf.pdf\" target=\"_blank\" rel=\"noreferrer noopener\">V1-FR (pdf)<\/a>&nbsp; &nbsp; &nbsp; &nbsp; &nbsp; &nbsp; &nbsp; &nbsp; &nbsp; &nbsp; &nbsp; &nbsp; &nbsp;<a href=\"\/wp-content\/uploads\/2025\/09\/V1-gpx.gpx\" target=\"_blank\" rel=\"noreferrer noopener\">V1 (gpx)<br><\/a><a href=\"\/wp-content\/uploads\/2025\/09\/V2-FR-pdf.pdf\" target=\"_blank\" rel=\"noreferrer noopener\">V2-FR (pdf)<\/a>&nbsp; &nbsp; &nbsp; &nbsp; &nbsp; &nbsp; &nbsp; &nbsp; &nbsp; &nbsp; &nbsp; &nbsp;&nbsp;<a href=\"\/wp-content\/uploads\/2025\/09\/V2-gpx.gpx\" target=\"_blank\" rel=\"noreferrer noopener\">V2 (gpx)<\/a><a href=\"https:\/\/centcols.org\/wp-content\/uploads\/2016\/02\/V1-gpx.gpx\" target=\"_blank\" rel=\"noopener\"><br><\/a><\/p>\n\n\n\n<h3 class=\"wp-block-heading\">H\u00e9bergement<\/h3>\n\n\n\n<p>Hotel ALBERGO PINETA<br>\u00e0 1400 m sur la route de Collio (BS) menant \u00e0 Giogo di Maniva<br>Via Maniva 253\/a<br>25060 San Colombano, Collio Val Trompia (BS)<br>www.pineta-albergo.it<br>[e-mail]&#105;n&#x66;o&#x40;p&#x69;n&#x65;&#116;&#x61;&#45;&#x61;&#108;&#x62;&#101;r&#103;o&#x2e;i&#x74;[\/email]<br>T\u00e9l : 0039030927192 &#8211; 0039338980152- fax 00390302055467<\/p>\n\n\n\n<p>L&rsquo;H\u00f4tel propose des chambres \u00e0 deux lits ou avec un grand lit au prix de 55,00 euros par personne et par jour en pension compl\u00e8te sans les boissons (un panier pique nique est inclus)<br>Pour r\u00e9server, vous recommander du Club des Cent Cols<\/p>\n\n\n\n<h3 class=\"wp-block-heading\">Contact<\/h3>\n\n\n\n<p>Enrico Alberini<br>T\u00e9l : 00393703192464<br>[email]&#x64;t&#x2e;&#105;&#x74;&#64;&#x63;&#x65;n&#x74;&#99;&#x6f;&#108;&#x73;&#46;o&#x72;&#103;[\/email]<\/p>\n\n\n\n<p>&nbsp;<\/p>\n","protected":false},"excerpt":{"rendered":"<p>Raduno Italiano 2016 &#8211; 30-31\/07\/2016 &#8211; Alta Val Trompia (BS) &nbsp; &nbsp; Le Raduno Italien 2016 change de date !Contrairement aux ann\u00e9es pass\u00e9es le Raduno se d\u00e9roulera le dernier week-end de&nbsp;juillet, les 30 et 31 et donc en plein \u00e9t\u00e9, et cela&nbsp;parce que nous voulons vous offrir des parcours qui vous permettront de franchir une [&hellip;]<\/p>\n","protected":false},"author":136,"featured_media":81777,"comment_status":"closed","ping_status":"open","sticky":false,"template":"","format":"standard","meta":{"_acf_changed":false,"footnotes":""},"categories":[135,270,216],"tags":[],"class_list":["post-81776","post","type-post","status-publish","format-standard","has-post-thumbnail","hentry","category-calendrier","category-les-rassemblements-de-2016","category-rencontres-regionales"],"acf":[],"yoast_head":"<!-- This site is optimized with the Yoast SEO plugin v27.2 - https:\/\/yoast.com\/product\/yoast-seo-wordpress\/ -->\n<title>Raduno Italien \u00e0 Brescia (BS) les 30 et 31 juillet 2016 - Club des Cent Cols<\/title>\n<meta name=\"robots\" content=\"index, follow, max-snippet:-1, max-image-preview:large, max-video-preview:-1\" \/>\n<link rel=\"canonical\" href=\"https:\/\/centcols.org\/es\/raduno-italiano-en-brescia-bs-los-dias-30-y-31-de-julio-de-2016\/\" \/>\n<meta property=\"og:locale\" content=\"es_ES\" \/>\n<meta property=\"og:type\" content=\"article\" \/>\n<meta property=\"og:title\" content=\"Raduno Italien \u00e0 Brescia (BS) les 30 et 31 juillet 2016 - Club des Cent Cols\" \/>\n<meta property=\"og:description\" content=\"Raduno Italiano 2016 &#8211; 30-31\/07\/2016 &#8211; Alta Val Trompia (BS) &nbsp; &nbsp; Le Raduno Italien 2016 change de date !Contrairement aux ann\u00e9es pass\u00e9es le Raduno se d\u00e9roulera le dernier week-end de&nbsp;juillet, les 30 et 31 et donc en plein \u00e9t\u00e9, et cela&nbsp;parce que nous voulons vous offrir des parcours qui vous permettront de franchir une [&hellip;]\" \/>\n<meta property=\"og:url\" content=\"https:\/\/centcols.org\/es\/raduno-italiano-en-brescia-bs-los-dias-30-y-31-de-julio-de-2016\/\" \/>\n<meta property=\"og:site_name\" content=\"Club des Cent Cols\" \/>\n<meta property=\"article:publisher\" content=\"https:\/\/www.facebook.com\/groups\/5261880558\/?locale=fr_FR\" \/>\n<meta property=\"article:published_time\" content=\"2016-02-03T10:00:48+00:00\" \/>\n<meta property=\"article:modified_time\" content=\"2025-09-16T18:23:16+00:00\" \/>\n<meta property=\"og:image\" content=\"https:\/\/centcols.org\/wp-content\/uploads\/2025\/05\/raduno-2016-1.jpg\" \/>\n\t<meta property=\"og:image:width\" content=\"800\" \/>\n\t<meta property=\"og:image:height\" content=\"600\" \/>\n\t<meta property=\"og:image:type\" content=\"image\/jpeg\" \/>\n<meta name=\"author\" content=\"Guy Harl\u00e9\" \/>\n<meta name=\"twitter:card\" content=\"summary_large_image\" \/>\n<meta name=\"twitter:label1\" content=\"Escrito por\" \/>\n\t<meta name=\"twitter:data1\" content=\"Guy Harl\u00e9\" \/>\n\t<meta name=\"twitter:label2\" content=\"Tiempo de lectura\" \/>\n\t<meta name=\"twitter:data2\" content=\"3 minutos\" \/>\n<script type=\"application\/ld+json\" class=\"yoast-schema-graph\">{\"@context\":\"https:\/\/schema.org\",\"@graph\":[{\"@type\":\"Article\",\"@id\":\"https:\/\/centcols.org\/raduno-italien-a-brescia-bs-les-30-et-31-juillet-2016\/#article\",\"isPartOf\":{\"@id\":\"https:\/\/centcols.org\/raduno-italien-a-brescia-bs-les-30-et-31-juillet-2016\/\"},\"author\":{\"name\":\"Guy Harl\u00e9\",\"@id\":\"https:\/\/centcols.org\/#\/schema\/person\/377f00da2793c0363246869bb3a344d0\"},\"headline\":\"Raduno Italien \u00e0 Brescia (BS) les 30 et 31 juillet 2016\",\"datePublished\":\"2016-02-03T10:00:48+00:00\",\"dateModified\":\"2025-09-16T18:23:16+00:00\",\"mainEntityOfPage\":{\"@id\":\"https:\/\/centcols.org\/raduno-italien-a-brescia-bs-les-30-et-31-juillet-2016\/\"},\"wordCount\":412,\"publisher\":{\"@id\":\"https:\/\/centcols.org\/#organization\"},\"image\":{\"@id\":\"https:\/\/centcols.org\/raduno-italien-a-brescia-bs-les-30-et-31-juillet-2016\/#primaryimage\"},\"thumbnailUrl\":\"https:\/\/centcols.org\/wp-content\/uploads\/2025\/05\/raduno-2016-1.jpg\",\"articleSection\":[\"Calendrier\",\"2016-rassemblements\",\"Rencontres r\u00e9gionales\"],\"inLanguage\":\"es\"},{\"@type\":\"WebPage\",\"@id\":\"https:\/\/centcols.org\/raduno-italien-a-brescia-bs-les-30-et-31-juillet-2016\/\",\"url\":\"https:\/\/centcols.org\/raduno-italien-a-brescia-bs-les-30-et-31-juillet-2016\/\",\"name\":\"Raduno Italien \u00e0 Brescia (BS) les 30 et 31 juillet 2016 - Club des Cent Cols\",\"isPartOf\":{\"@id\":\"https:\/\/centcols.org\/#website\"},\"primaryImageOfPage\":{\"@id\":\"https:\/\/centcols.org\/raduno-italien-a-brescia-bs-les-30-et-31-juillet-2016\/#primaryimage\"},\"image\":{\"@id\":\"https:\/\/centcols.org\/raduno-italien-a-brescia-bs-les-30-et-31-juillet-2016\/#primaryimage\"},\"thumbnailUrl\":\"https:\/\/centcols.org\/wp-content\/uploads\/2025\/05\/raduno-2016-1.jpg\",\"datePublished\":\"2016-02-03T10:00:48+00:00\",\"dateModified\":\"2025-09-16T18:23:16+00:00\",\"breadcrumb\":{\"@id\":\"https:\/\/centcols.org\/raduno-italien-a-brescia-bs-les-30-et-31-juillet-2016\/#breadcrumb\"},\"inLanguage\":\"es\",\"potentialAction\":[{\"@type\":\"ReadAction\",\"target\":[\"https:\/\/centcols.org\/raduno-italien-a-brescia-bs-les-30-et-31-juillet-2016\/\"]}]},{\"@type\":\"ImageObject\",\"inLanguage\":\"es\",\"@id\":\"https:\/\/centcols.org\/raduno-italien-a-brescia-bs-les-30-et-31-juillet-2016\/#primaryimage\",\"url\":\"https:\/\/centcols.org\/wp-content\/uploads\/2025\/05\/raduno-2016-1.jpg\",\"contentUrl\":\"https:\/\/centcols.org\/wp-content\/uploads\/2025\/05\/raduno-2016-1.jpg\",\"width\":800,\"height\":600},{\"@type\":\"BreadcrumbList\",\"@id\":\"https:\/\/centcols.org\/raduno-italien-a-brescia-bs-les-30-et-31-juillet-2016\/#breadcrumb\",\"itemListElement\":[{\"@type\":\"ListItem\",\"position\":1,\"name\":\"Accueil\",\"item\":\"https:\/\/centcols.org\/\"},{\"@type\":\"ListItem\",\"position\":2,\"name\":\"Calendrier\",\"item\":\"https:\/\/centcols.org\/rubrique\/calendrier\/\"},{\"@type\":\"ListItem\",\"position\":3,\"name\":\"Raduno Italien \u00e0 Brescia (BS) les 30 et 31 juillet 2016\"}]},{\"@type\":\"WebSite\",\"@id\":\"https:\/\/centcols.org\/#website\",\"url\":\"https:\/\/centcols.org\/\",\"name\":\"Club des Cent Cols\",\"description\":\"\",\"publisher\":{\"@id\":\"https:\/\/centcols.org\/#organization\"},\"potentialAction\":[{\"@type\":\"SearchAction\",\"target\":{\"@type\":\"EntryPoint\",\"urlTemplate\":\"https:\/\/centcols.org\/?s={search_term_string}\"},\"query-input\":{\"@type\":\"PropertyValueSpecification\",\"valueRequired\":true,\"valueName\":\"search_term_string\"}}],\"inLanguage\":\"es\"},{\"@type\":\"Organization\",\"@id\":\"https:\/\/centcols.org\/#organization\",\"name\":\"Club des Cent Cols\",\"url\":\"https:\/\/centcols.org\/\",\"logo\":{\"@type\":\"ImageObject\",\"inLanguage\":\"es\",\"@id\":\"https:\/\/centcols.org\/#\/schema\/logo\/image\/\",\"url\":\"https:\/\/centcols.org\/wp-content\/uploads\/2025\/01\/carte-icone.png\",\"contentUrl\":\"https:\/\/centcols.org\/wp-content\/uploads\/2025\/01\/carte-icone.png\",\"width\":250,\"height\":250,\"caption\":\"Club des Cent Cols\"},\"image\":{\"@id\":\"https:\/\/centcols.org\/#\/schema\/logo\/image\/\"},\"sameAs\":[\"https:\/\/www.facebook.com\/groups\/5261880558\/?locale=fr_FR\"]},{\"@type\":\"Person\",\"@id\":\"https:\/\/centcols.org\/#\/schema\/person\/377f00da2793c0363246869bb3a344d0\",\"name\":\"Guy Harl\u00e9\",\"image\":{\"@type\":\"ImageObject\",\"inLanguage\":\"es\",\"@id\":\"https:\/\/centcols.org\/wp-content\/litespeed\/avatar\/94c4de37e46cf090f296d42ab3e8d6a6.jpg?ver=1777238144\",\"url\":\"https:\/\/centcols.org\/wp-content\/litespeed\/avatar\/94c4de37e46cf090f296d42ab3e8d6a6.jpg?ver=1777238144\",\"contentUrl\":\"https:\/\/centcols.org\/wp-content\/litespeed\/avatar\/94c4de37e46cf090f296d42ab3e8d6a6.jpg?ver=1777238144\",\"caption\":\"Guy Harl\u00e9\"},\"url\":\"https:\/\/centcols.org\/es\/author\/5193\/\"}]}<\/script>\n<!-- \/ Yoast SEO plugin. -->","yoast_head_json":{"title":"Raduno italiano en Brescia (BS) los d\u00edas 30 y 31 de julio de 2016 - Club des Cent Cols","robots":{"index":"index","follow":"follow","max-snippet":"max-snippet:-1","max-image-preview":"max-image-preview:large","max-video-preview":"max-video-preview:-1"},"canonical":"https:\/\/centcols.org\/es\/raduno-italiano-en-brescia-bs-los-dias-30-y-31-de-julio-de-2016\/","og_locale":"es_ES","og_type":"article","og_title":"Raduno Italien \u00e0 Brescia (BS) les 30 et 31 juillet 2016 - Club des Cent Cols","og_description":"Raduno Italiano 2016 &#8211; 30-31\/07\/2016 &#8211; Alta Val Trompia (BS) &nbsp; &nbsp; Le Raduno Italien 2016 change de date !Contrairement aux ann\u00e9es pass\u00e9es le Raduno se d\u00e9roulera le dernier week-end de&nbsp;juillet, les 30 et 31 et donc en plein \u00e9t\u00e9, et cela&nbsp;parce que nous voulons vous offrir des parcours qui vous permettront de franchir une [&hellip;]","og_url":"https:\/\/centcols.org\/es\/raduno-italiano-en-brescia-bs-los-dias-30-y-31-de-julio-de-2016\/","og_site_name":"Club des Cent Cols","article_publisher":"https:\/\/www.facebook.com\/groups\/5261880558\/?locale=fr_FR","article_published_time":"2016-02-03T10:00:48+00:00","article_modified_time":"2025-09-16T18:23:16+00:00","og_image":[{"width":800,"height":600,"url":"https:\/\/centcols.org\/wp-content\/uploads\/2025\/05\/raduno-2016-1.jpg","type":"image\/jpeg"}],"author":"Guy Harl\u00e9","twitter_card":"summary_large_image","twitter_misc":{"Escrito por":"Guy Harl\u00e9","Tiempo de lectura":"3 minutos"},"schema":{"@context":"https:\/\/schema.org","@graph":[{"@type":"Article","@id":"https:\/\/centcols.org\/raduno-italien-a-brescia-bs-les-30-et-31-juillet-2016\/#article","isPartOf":{"@id":"https:\/\/centcols.org\/raduno-italien-a-brescia-bs-les-30-et-31-juillet-2016\/"},"author":{"name":"Guy Harl\u00e9","@id":"https:\/\/centcols.org\/#\/schema\/person\/377f00da2793c0363246869bb3a344d0"},"headline":"Raduno Italien \u00e0 Brescia (BS) les 30 et 31 juillet 2016","datePublished":"2016-02-03T10:00:48+00:00","dateModified":"2025-09-16T18:23:16+00:00","mainEntityOfPage":{"@id":"https:\/\/centcols.org\/raduno-italien-a-brescia-bs-les-30-et-31-juillet-2016\/"},"wordCount":412,"publisher":{"@id":"https:\/\/centcols.org\/#organization"},"image":{"@id":"https:\/\/centcols.org\/raduno-italien-a-brescia-bs-les-30-et-31-juillet-2016\/#primaryimage"},"thumbnailUrl":"https:\/\/centcols.org\/wp-content\/uploads\/2025\/05\/raduno-2016-1.jpg","articleSection":["Calendrier","2016-rassemblements","Rencontres r\u00e9gionales"],"inLanguage":"es"},{"@type":"WebPage","@id":"https:\/\/centcols.org\/raduno-italien-a-brescia-bs-les-30-et-31-juillet-2016\/","url":"https:\/\/centcols.org\/raduno-italien-a-brescia-bs-les-30-et-31-juillet-2016\/","name":"Raduno italiano en Brescia (BS) los d\u00edas 30 y 31 de julio de 2016 - Club des Cent Cols","isPartOf":{"@id":"https:\/\/centcols.org\/#website"},"primaryImageOfPage":{"@id":"https:\/\/centcols.org\/raduno-italien-a-brescia-bs-les-30-et-31-juillet-2016\/#primaryimage"},"image":{"@id":"https:\/\/centcols.org\/raduno-italien-a-brescia-bs-les-30-et-31-juillet-2016\/#primaryimage"},"thumbnailUrl":"https:\/\/centcols.org\/wp-content\/uploads\/2025\/05\/raduno-2016-1.jpg","datePublished":"2016-02-03T10:00:48+00:00","dateModified":"2025-09-16T18:23:16+00:00","breadcrumb":{"@id":"https:\/\/centcols.org\/raduno-italien-a-brescia-bs-les-30-et-31-juillet-2016\/#breadcrumb"},"inLanguage":"es","potentialAction":[{"@type":"ReadAction","target":["https:\/\/centcols.org\/raduno-italien-a-brescia-bs-les-30-et-31-juillet-2016\/"]}]},{"@type":"ImageObject","inLanguage":"es","@id":"https:\/\/centcols.org\/raduno-italien-a-brescia-bs-les-30-et-31-juillet-2016\/#primaryimage","url":"https:\/\/centcols.org\/wp-content\/uploads\/2025\/05\/raduno-2016-1.jpg","contentUrl":"https:\/\/centcols.org\/wp-content\/uploads\/2025\/05\/raduno-2016-1.jpg","width":800,"height":600},{"@type":"BreadcrumbList","@id":"https:\/\/centcols.org\/raduno-italien-a-brescia-bs-les-30-et-31-juillet-2016\/#breadcrumb","itemListElement":[{"@type":"ListItem","position":1,"name":"Accueil","item":"https:\/\/centcols.org\/"},{"@type":"ListItem","position":2,"name":"Calendrier","item":"https:\/\/centcols.org\/rubrique\/calendrier\/"},{"@type":"ListItem","position":3,"name":"Raduno Italien \u00e0 Brescia (BS) les 30 et 31 juillet 2016"}]},{"@type":"WebSite","@id":"https:\/\/centcols.org\/#website","url":"https:\/\/centcols.org\/","name":"Club des Cent Cols","description":"","publisher":{"@id":"https:\/\/centcols.org\/#organization"},"potentialAction":[{"@type":"SearchAction","target":{"@type":"EntryPoint","urlTemplate":"https:\/\/centcols.org\/?s={search_term_string}"},"query-input":{"@type":"PropertyValueSpecification","valueRequired":true,"valueName":"search_term_string"}}],"inLanguage":"es"},{"@type":"Organization","@id":"https:\/\/centcols.org\/#organization","name":"Club des Cent Cols","url":"https:\/\/centcols.org\/","logo":{"@type":"ImageObject","inLanguage":"es","@id":"https:\/\/centcols.org\/#\/schema\/logo\/image\/","url":"https:\/\/centcols.org\/wp-content\/uploads\/2025\/01\/carte-icone.png","contentUrl":"https:\/\/centcols.org\/wp-content\/uploads\/2025\/01\/carte-icone.png","width":250,"height":250,"caption":"Club des Cent Cols"},"image":{"@id":"https:\/\/centcols.org\/#\/schema\/logo\/image\/"},"sameAs":["https:\/\/www.facebook.com\/groups\/5261880558\/?locale=fr_FR"]},{"@type":"Person","@id":"https:\/\/centcols.org\/#\/schema\/person\/377f00da2793c0363246869bb3a344d0","name":"Guy Harl\u00e9","image":{"@type":"ImageObject","inLanguage":"es","@id":"https:\/\/centcols.org\/wp-content\/litespeed\/avatar\/94c4de37e46cf090f296d42ab3e8d6a6.jpg?ver=1777238144","url":"https:\/\/centcols.org\/wp-content\/litespeed\/avatar\/94c4de37e46cf090f296d42ab3e8d6a6.jpg?ver=1777238144","contentUrl":"https:\/\/centcols.org\/wp-content\/litespeed\/avatar\/94c4de37e46cf090f296d42ab3e8d6a6.jpg?ver=1777238144","caption":"Guy Harl\u00e9"},"url":"https:\/\/centcols.org\/es\/author\/5193\/"}]}},"_links":{"self":[{"href":"https:\/\/centcols.org\/es\/wp-json\/wp\/v2\/posts\/81776","targetHints":{"allow":["GET"]}}],"collection":[{"href":"https:\/\/centcols.org\/es\/wp-json\/wp\/v2\/posts"}],"about":[{"href":"https:\/\/centcols.org\/es\/wp-json\/wp\/v2\/types\/post"}],"author":[{"embeddable":true,"href":"https:\/\/centcols.org\/es\/wp-json\/wp\/v2\/users\/136"}],"replies":[{"embeddable":true,"href":"https:\/\/centcols.org\/es\/wp-json\/wp\/v2\/comments?post=81776"}],"version-history":[{"count":0,"href":"https:\/\/centcols.org\/es\/wp-json\/wp\/v2\/posts\/81776\/revisions"}],"wp:featuredmedia":[{"embeddable":true,"href":"https:\/\/centcols.org\/es\/wp-json\/wp\/v2\/media\/81777"}],"wp:attachment":[{"href":"https:\/\/centcols.org\/es\/wp-json\/wp\/v2\/media?parent=81776"}],"wp:term":[{"taxonomy":"category","embeddable":true,"href":"https:\/\/centcols.org\/es\/wp-json\/wp\/v2\/categories?post=81776"},{"taxonomy":"post_tag","embeddable":true,"href":"https:\/\/centcols.org\/es\/wp-json\/wp\/v2\/tags?post=81776"}],"curies":[{"name":"wp","href":"https:\/\/api.w.org\/{rel}","templated":true}]}}