{"id":81794,"date":"2016-02-03T07:00:58","date_gmt":"2016-02-03T05:00:58","guid":{"rendered":"https:\/\/centcols.org\/suisse-vtt-la-barboleusaz-le-21-mai-2016\/"},"modified":"2025-09-15T03:10:49","modified_gmt":"2025-09-15T01:10:49","slug":"bicicleta-de-montana-suiza-la-barboleusaz-21-de-mayo-de-2016","status":"publish","type":"post","link":"https:\/\/centcols.org\/es\/suisse-vtt-la-barboleusaz-le-21-mai-2016\/","title":{"rendered":"Suiza, Bicicleta de monta\u00f1a, La Barboleusaz, 21 de mayo de 2016."},"content":{"rendered":"\n<p>Samedi 21 mai 2016, Suisse, La Barboleusaz, sortie VTT<\/p>\n\n\n\n<p>D\u00e9part&nbsp;: La Barboleusaz<br>Rendez-vous au parking du centre du village \u00e0 8h30 pour le caf\u00e9, d\u00e9part \u00e0 9h00.<br>Circuit de 22 km, 1 col, 800 m de d\u00e9nivel\u00e9. Pas de la Larze<br>Eventuellement le col de Sur Champ 1960 m. trouv\u00e9 par Christian.<\/p>\n\n\n\n<figure class=\"wp-block-image size-full\"><img loading=\"lazy\" decoding=\"async\" width=\"569\" height=\"570\" src=\"https:\/\/centcols.org\/wp-content\/uploads\/2025\/05\/barboleusaz.jpg\" alt=\"\" class=\"wp-image-81256\" srcset=\"https:\/\/centcols.org\/wp-content\/uploads\/2025\/05\/barboleusaz.jpg 569w, https:\/\/centcols.org\/wp-content\/uploads\/2025\/05\/barboleusaz-150x150.jpg 150w\" sizes=\"auto, (max-width: 569px) 100vw, 569px\" \/><\/figure>\n\n\n\n<p><\/p>\n\n\n\n<h3 class=\"wp-block-heading\">Contact<\/h3>\n\n\n\n<p>Pierre Mai<br>Route du Signal 22<br>CH-1165 Allaman<\/p>\n\n\n\n<p>T\u00e9l :&nbsp;(0041) 021 807 34 17&nbsp;&nbsp;Natel&nbsp;: 0041 76 498 58 73<br>[email]pm&#97;&#105;&#64;&#98;&#x6c;&#x75;&#x65;&#x77;&#x69;n&#46;&#99;&#104;[\/email]<\/p>\n","protected":false},"excerpt":{"rendered":"<p>Samedi 21 mai 2016, Suisse, La Barboleusaz, sortie VTT D\u00e9part&nbsp;: La BarboleusazRendez-vous au parking du centre du village \u00e0 8h30 pour le caf\u00e9, d\u00e9part \u00e0 9h00.Circuit de 22 km, 1 col, 800 m de d\u00e9nivel\u00e9. Pas de la LarzeEventuellement le col de Sur Champ 1960 m. trouv\u00e9 par Christian. Contact Pierre MaiRoute du Signal 22CH-1165 [&hellip;]<\/p>\n","protected":false},"author":136,"featured_media":0,"comment_status":"closed","ping_status":"open","sticky":false,"template":"","format":"standard","meta":{"_acf_changed":false,"footnotes":""},"categories":[135,270,216],"tags":[],"class_list":["post-81794","post","type-post","status-publish","format-standard","hentry","category-calendrier","category-les-rassemblements-de-2016","category-rencontres-regionales"],"acf":[],"yoast_head":"<!-- This site is optimized with the Yoast SEO plugin v27.2 - https:\/\/yoast.com\/product\/yoast-seo-wordpress\/ -->\n<title>Suisse, VTT, La Barboleusaz, le 21 mai 2016 - Club des Cent Cols<\/title>\n<meta name=\"robots\" content=\"index, follow, max-snippet:-1, max-image-preview:large, max-video-preview:-1\" \/>\n<link rel=\"canonical\" href=\"https:\/\/centcols.org\/es\/bicicleta-de-montana-suiza-la-barboleusaz-21-de-mayo-de-2016\/\" \/>\n<meta property=\"og:locale\" content=\"es_ES\" \/>\n<meta property=\"og:type\" content=\"article\" \/>\n<meta property=\"og:title\" content=\"Suisse, VTT, La Barboleusaz, le 21 mai 2016 - Club des Cent Cols\" \/>\n<meta property=\"og:description\" content=\"Samedi 21 mai 2016, Suisse, La Barboleusaz, sortie VTT D\u00e9part&nbsp;: La BarboleusazRendez-vous au parking du centre du village \u00e0 8h30 pour le caf\u00e9, d\u00e9part \u00e0 9h00.Circuit de 22 km, 1 col, 800 m de d\u00e9nivel\u00e9. Pas de la LarzeEventuellement le col de Sur Champ 1960 m. trouv\u00e9 par Christian. Contact Pierre MaiRoute du Signal 22CH-1165 [&hellip;]\" \/>\n<meta property=\"og:url\" content=\"https:\/\/centcols.org\/es\/bicicleta-de-montana-suiza-la-barboleusaz-21-de-mayo-de-2016\/\" \/>\n<meta property=\"og:site_name\" content=\"Club des Cent Cols\" \/>\n<meta property=\"article:publisher\" content=\"https:\/\/www.facebook.com\/groups\/5261880558\/?locale=fr_FR\" \/>\n<meta property=\"article:published_time\" content=\"2016-02-03T05:00:58+00:00\" \/>\n<meta property=\"article:modified_time\" content=\"2025-09-15T01:10:49+00:00\" \/>\n<meta property=\"og:image\" content=\"https:\/\/centcols.org\/wp-content\/uploads\/2025\/05\/barboleusaz.jpg\" \/>\n\t<meta property=\"og:image:width\" content=\"569\" \/>\n\t<meta property=\"og:image:height\" content=\"570\" \/>\n\t<meta property=\"og:image:type\" content=\"image\/jpeg\" \/>\n<meta name=\"author\" content=\"Guy Harl\u00e9\" \/>\n<meta name=\"twitter:card\" content=\"summary_large_image\" \/>\n<meta name=\"twitter:label1\" content=\"Escrito por\" \/>\n\t<meta name=\"twitter:data1\" content=\"Guy Harl\u00e9\" \/>\n\t<meta name=\"twitter:label2\" content=\"Tiempo de lectura\" \/>\n\t<meta name=\"twitter:data2\" content=\"1 minuto\" \/>\n<script type=\"application\/ld+json\" class=\"yoast-schema-graph\">{\"@context\":\"https:\/\/schema.org\",\"@graph\":[{\"@type\":\"Article\",\"@id\":\"https:\/\/centcols.org\/suisse-vtt-la-barboleusaz-le-21-mai-2016\/#article\",\"isPartOf\":{\"@id\":\"https:\/\/centcols.org\/suisse-vtt-la-barboleusaz-le-21-mai-2016\/\"},\"author\":{\"name\":\"Guy Harl\u00e9\",\"@id\":\"https:\/\/centcols.org\/#\/schema\/person\/377f00da2793c0363246869bb3a344d0\"},\"headline\":\"Suisse, VTT, La Barboleusaz, le 21 mai 2016\",\"datePublished\":\"2016-02-03T05:00:58+00:00\",\"dateModified\":\"2025-09-15T01:10:49+00:00\",\"mainEntityOfPage\":{\"@id\":\"https:\/\/centcols.org\/suisse-vtt-la-barboleusaz-le-21-mai-2016\/\"},\"wordCount\":71,\"publisher\":{\"@id\":\"https:\/\/centcols.org\/#organization\"},\"image\":{\"@id\":\"https:\/\/centcols.org\/suisse-vtt-la-barboleusaz-le-21-mai-2016\/#primaryimage\"},\"thumbnailUrl\":\"https:\/\/centcols.org\/wp-content\/uploads\/2025\/05\/barboleusaz.jpg\",\"articleSection\":[\"Calendrier\",\"2016-rassemblements\",\"Rencontres r\u00e9gionales\"],\"inLanguage\":\"es\"},{\"@type\":\"WebPage\",\"@id\":\"https:\/\/centcols.org\/suisse-vtt-la-barboleusaz-le-21-mai-2016\/\",\"url\":\"https:\/\/centcols.org\/suisse-vtt-la-barboleusaz-le-21-mai-2016\/\",\"name\":\"Suisse, VTT, La Barboleusaz, le 21 mai 2016 - Club des Cent Cols\",\"isPartOf\":{\"@id\":\"https:\/\/centcols.org\/#website\"},\"primaryImageOfPage\":{\"@id\":\"https:\/\/centcols.org\/suisse-vtt-la-barboleusaz-le-21-mai-2016\/#primaryimage\"},\"image\":{\"@id\":\"https:\/\/centcols.org\/suisse-vtt-la-barboleusaz-le-21-mai-2016\/#primaryimage\"},\"thumbnailUrl\":\"https:\/\/centcols.org\/wp-content\/uploads\/2025\/05\/barboleusaz.jpg\",\"datePublished\":\"2016-02-03T05:00:58+00:00\",\"dateModified\":\"2025-09-15T01:10:49+00:00\",\"breadcrumb\":{\"@id\":\"https:\/\/centcols.org\/suisse-vtt-la-barboleusaz-le-21-mai-2016\/#breadcrumb\"},\"inLanguage\":\"es\",\"potentialAction\":[{\"@type\":\"ReadAction\",\"target\":[\"https:\/\/centcols.org\/suisse-vtt-la-barboleusaz-le-21-mai-2016\/\"]}]},{\"@type\":\"ImageObject\",\"inLanguage\":\"es\",\"@id\":\"https:\/\/centcols.org\/suisse-vtt-la-barboleusaz-le-21-mai-2016\/#primaryimage\",\"url\":\"https:\/\/centcols.org\/wp-content\/uploads\/2025\/05\/barboleusaz.jpg\",\"contentUrl\":\"https:\/\/centcols.org\/wp-content\/uploads\/2025\/05\/barboleusaz.jpg\"},{\"@type\":\"BreadcrumbList\",\"@id\":\"https:\/\/centcols.org\/suisse-vtt-la-barboleusaz-le-21-mai-2016\/#breadcrumb\",\"itemListElement\":[{\"@type\":\"ListItem\",\"position\":1,\"name\":\"Accueil\",\"item\":\"https:\/\/centcols.org\/\"},{\"@type\":\"ListItem\",\"position\":2,\"name\":\"Calendrier\",\"item\":\"https:\/\/centcols.org\/rubrique\/calendrier\/\"},{\"@type\":\"ListItem\",\"position\":3,\"name\":\"Suisse, VTT, La Barboleusaz, le 21 mai 2016\"}]},{\"@type\":\"WebSite\",\"@id\":\"https:\/\/centcols.org\/#website\",\"url\":\"https:\/\/centcols.org\/\",\"name\":\"Club des Cent Cols\",\"description\":\"\",\"publisher\":{\"@id\":\"https:\/\/centcols.org\/#organization\"},\"potentialAction\":[{\"@type\":\"SearchAction\",\"target\":{\"@type\":\"EntryPoint\",\"urlTemplate\":\"https:\/\/centcols.org\/?s={search_term_string}\"},\"query-input\":{\"@type\":\"PropertyValueSpecification\",\"valueRequired\":true,\"valueName\":\"search_term_string\"}}],\"inLanguage\":\"es\"},{\"@type\":\"Organization\",\"@id\":\"https:\/\/centcols.org\/#organization\",\"name\":\"Club des Cent Cols\",\"url\":\"https:\/\/centcols.org\/\",\"logo\":{\"@type\":\"ImageObject\",\"inLanguage\":\"es\",\"@id\":\"https:\/\/centcols.org\/#\/schema\/logo\/image\/\",\"url\":\"https:\/\/centcols.org\/wp-content\/uploads\/2025\/01\/carte-icone.png\",\"contentUrl\":\"https:\/\/centcols.org\/wp-content\/uploads\/2025\/01\/carte-icone.png\",\"width\":250,\"height\":250,\"caption\":\"Club des Cent Cols\"},\"image\":{\"@id\":\"https:\/\/centcols.org\/#\/schema\/logo\/image\/\"},\"sameAs\":[\"https:\/\/www.facebook.com\/groups\/5261880558\/?locale=fr_FR\"]},{\"@type\":\"Person\",\"@id\":\"https:\/\/centcols.org\/#\/schema\/person\/377f00da2793c0363246869bb3a344d0\",\"name\":\"Guy Harl\u00e9\",\"image\":{\"@type\":\"ImageObject\",\"inLanguage\":\"es\",\"@id\":\"https:\/\/centcols.org\/wp-content\/litespeed\/avatar\/94c4de37e46cf090f296d42ab3e8d6a6.jpg?ver=1777238144\",\"url\":\"https:\/\/centcols.org\/wp-content\/litespeed\/avatar\/94c4de37e46cf090f296d42ab3e8d6a6.jpg?ver=1777238144\",\"contentUrl\":\"https:\/\/centcols.org\/wp-content\/litespeed\/avatar\/94c4de37e46cf090f296d42ab3e8d6a6.jpg?ver=1777238144\",\"caption\":\"Guy Harl\u00e9\"},\"url\":\"https:\/\/centcols.org\/es\/author\/5193\/\"}]}<\/script>\n<!-- \/ Yoast SEO plugin. -->","yoast_head_json":{"title":"Suiza, Bicicleta de monta\u00f1a, La Barboleusaz, 21 de mayo de 2016 - Club des Cent Cols","robots":{"index":"index","follow":"follow","max-snippet":"max-snippet:-1","max-image-preview":"max-image-preview:large","max-video-preview":"max-video-preview:-1"},"canonical":"https:\/\/centcols.org\/es\/bicicleta-de-montana-suiza-la-barboleusaz-21-de-mayo-de-2016\/","og_locale":"es_ES","og_type":"article","og_title":"Suisse, VTT, La Barboleusaz, le 21 mai 2016 - Club des Cent Cols","og_description":"Samedi 21 mai 2016, Suisse, La Barboleusaz, sortie VTT D\u00e9part&nbsp;: La BarboleusazRendez-vous au parking du centre du village \u00e0 8h30 pour le caf\u00e9, d\u00e9part \u00e0 9h00.Circuit de 22 km, 1 col, 800 m de d\u00e9nivel\u00e9. Pas de la LarzeEventuellement le col de Sur Champ 1960 m. trouv\u00e9 par Christian. Contact Pierre MaiRoute du Signal 22CH-1165 [&hellip;]","og_url":"https:\/\/centcols.org\/es\/bicicleta-de-montana-suiza-la-barboleusaz-21-de-mayo-de-2016\/","og_site_name":"Club des Cent Cols","article_publisher":"https:\/\/www.facebook.com\/groups\/5261880558\/?locale=fr_FR","article_published_time":"2016-02-03T05:00:58+00:00","article_modified_time":"2025-09-15T01:10:49+00:00","og_image":[{"width":569,"height":570,"url":"https:\/\/centcols.org\/wp-content\/uploads\/2025\/05\/barboleusaz.jpg","type":"image\/jpeg"}],"author":"Guy Harl\u00e9","twitter_card":"summary_large_image","twitter_misc":{"Escrito por":"Guy Harl\u00e9","Tiempo de lectura":"1 minuto"},"schema":{"@context":"https:\/\/schema.org","@graph":[{"@type":"Article","@id":"https:\/\/centcols.org\/suisse-vtt-la-barboleusaz-le-21-mai-2016\/#article","isPartOf":{"@id":"https:\/\/centcols.org\/suisse-vtt-la-barboleusaz-le-21-mai-2016\/"},"author":{"name":"Guy Harl\u00e9","@id":"https:\/\/centcols.org\/#\/schema\/person\/377f00da2793c0363246869bb3a344d0"},"headline":"Suisse, VTT, La Barboleusaz, le 21 mai 2016","datePublished":"2016-02-03T05:00:58+00:00","dateModified":"2025-09-15T01:10:49+00:00","mainEntityOfPage":{"@id":"https:\/\/centcols.org\/suisse-vtt-la-barboleusaz-le-21-mai-2016\/"},"wordCount":71,"publisher":{"@id":"https:\/\/centcols.org\/#organization"},"image":{"@id":"https:\/\/centcols.org\/suisse-vtt-la-barboleusaz-le-21-mai-2016\/#primaryimage"},"thumbnailUrl":"https:\/\/centcols.org\/wp-content\/uploads\/2025\/05\/barboleusaz.jpg","articleSection":["Calendrier","2016-rassemblements","Rencontres r\u00e9gionales"],"inLanguage":"es"},{"@type":"WebPage","@id":"https:\/\/centcols.org\/suisse-vtt-la-barboleusaz-le-21-mai-2016\/","url":"https:\/\/centcols.org\/suisse-vtt-la-barboleusaz-le-21-mai-2016\/","name":"Suiza, Bicicleta de monta\u00f1a, La Barboleusaz, 21 de mayo de 2016 - Club des Cent Cols","isPartOf":{"@id":"https:\/\/centcols.org\/#website"},"primaryImageOfPage":{"@id":"https:\/\/centcols.org\/suisse-vtt-la-barboleusaz-le-21-mai-2016\/#primaryimage"},"image":{"@id":"https:\/\/centcols.org\/suisse-vtt-la-barboleusaz-le-21-mai-2016\/#primaryimage"},"thumbnailUrl":"https:\/\/centcols.org\/wp-content\/uploads\/2025\/05\/barboleusaz.jpg","datePublished":"2016-02-03T05:00:58+00:00","dateModified":"2025-09-15T01:10:49+00:00","breadcrumb":{"@id":"https:\/\/centcols.org\/suisse-vtt-la-barboleusaz-le-21-mai-2016\/#breadcrumb"},"inLanguage":"es","potentialAction":[{"@type":"ReadAction","target":["https:\/\/centcols.org\/suisse-vtt-la-barboleusaz-le-21-mai-2016\/"]}]},{"@type":"ImageObject","inLanguage":"es","@id":"https:\/\/centcols.org\/suisse-vtt-la-barboleusaz-le-21-mai-2016\/#primaryimage","url":"https:\/\/centcols.org\/wp-content\/uploads\/2025\/05\/barboleusaz.jpg","contentUrl":"https:\/\/centcols.org\/wp-content\/uploads\/2025\/05\/barboleusaz.jpg"},{"@type":"BreadcrumbList","@id":"https:\/\/centcols.org\/suisse-vtt-la-barboleusaz-le-21-mai-2016\/#breadcrumb","itemListElement":[{"@type":"ListItem","position":1,"name":"Accueil","item":"https:\/\/centcols.org\/"},{"@type":"ListItem","position":2,"name":"Calendrier","item":"https:\/\/centcols.org\/rubrique\/calendrier\/"},{"@type":"ListItem","position":3,"name":"Suisse, VTT, La Barboleusaz, le 21 mai 2016"}]},{"@type":"WebSite","@id":"https:\/\/centcols.org\/#website","url":"https:\/\/centcols.org\/","name":"Club des Cent Cols","description":"","publisher":{"@id":"https:\/\/centcols.org\/#organization"},"potentialAction":[{"@type":"SearchAction","target":{"@type":"EntryPoint","urlTemplate":"https:\/\/centcols.org\/?s={search_term_string}"},"query-input":{"@type":"PropertyValueSpecification","valueRequired":true,"valueName":"search_term_string"}}],"inLanguage":"es"},{"@type":"Organization","@id":"https:\/\/centcols.org\/#organization","name":"Club des Cent Cols","url":"https:\/\/centcols.org\/","logo":{"@type":"ImageObject","inLanguage":"es","@id":"https:\/\/centcols.org\/#\/schema\/logo\/image\/","url":"https:\/\/centcols.org\/wp-content\/uploads\/2025\/01\/carte-icone.png","contentUrl":"https:\/\/centcols.org\/wp-content\/uploads\/2025\/01\/carte-icone.png","width":250,"height":250,"caption":"Club des Cent Cols"},"image":{"@id":"https:\/\/centcols.org\/#\/schema\/logo\/image\/"},"sameAs":["https:\/\/www.facebook.com\/groups\/5261880558\/?locale=fr_FR"]},{"@type":"Person","@id":"https:\/\/centcols.org\/#\/schema\/person\/377f00da2793c0363246869bb3a344d0","name":"Guy Harl\u00e9","image":{"@type":"ImageObject","inLanguage":"es","@id":"https:\/\/centcols.org\/wp-content\/litespeed\/avatar\/94c4de37e46cf090f296d42ab3e8d6a6.jpg?ver=1777238144","url":"https:\/\/centcols.org\/wp-content\/litespeed\/avatar\/94c4de37e46cf090f296d42ab3e8d6a6.jpg?ver=1777238144","contentUrl":"https:\/\/centcols.org\/wp-content\/litespeed\/avatar\/94c4de37e46cf090f296d42ab3e8d6a6.jpg?ver=1777238144","caption":"Guy Harl\u00e9"},"url":"https:\/\/centcols.org\/es\/author\/5193\/"}]}},"_links":{"self":[{"href":"https:\/\/centcols.org\/es\/wp-json\/wp\/v2\/posts\/81794","targetHints":{"allow":["GET"]}}],"collection":[{"href":"https:\/\/centcols.org\/es\/wp-json\/wp\/v2\/posts"}],"about":[{"href":"https:\/\/centcols.org\/es\/wp-json\/wp\/v2\/types\/post"}],"author":[{"embeddable":true,"href":"https:\/\/centcols.org\/es\/wp-json\/wp\/v2\/users\/136"}],"replies":[{"embeddable":true,"href":"https:\/\/centcols.org\/es\/wp-json\/wp\/v2\/comments?post=81794"}],"version-history":[{"count":0,"href":"https:\/\/centcols.org\/es\/wp-json\/wp\/v2\/posts\/81794\/revisions"}],"wp:attachment":[{"href":"https:\/\/centcols.org\/es\/wp-json\/wp\/v2\/media?parent=81794"}],"wp:term":[{"taxonomy":"category","embeddable":true,"href":"https:\/\/centcols.org\/es\/wp-json\/wp\/v2\/categories?post=81794"},{"taxonomy":"post_tag","embeddable":true,"href":"https:\/\/centcols.org\/es\/wp-json\/wp\/v2\/tags?post=81794"}],"curies":[{"name":"wp","href":"https:\/\/api.w.org\/{rel}","templated":true}]}}