{"id":81796,"date":"2016-02-03T10:00:07","date_gmt":"2016-02-03T08:00:07","guid":{"rendered":"https:\/\/centcols.org\/suisse-route-la-vue-des-alpes-le-4-juin-2016\/"},"modified":"2025-09-15T03:04:49","modified_gmt":"2025-09-15T01:04:49","slug":"suiza-route-la-vue-des-alpes-4-junio-2016","status":"publish","type":"post","link":"https:\/\/centcols.org\/es\/suisse-route-la-vue-des-alpes-le-4-juin-2016\/","title":{"rendered":"Suiza, Carretera, La Vue des Alpes, 4 de junio de 2016."},"content":{"rendered":"\n<p>Samedi 4 juin 2016, Suisse, La Vue des Alpes, sortie route<\/p>\n\n\n\n<p>D\u00e9part&nbsp;: Col des la Vue des Alpes, 1283 m (NE)<br>Rendez-vous parking du col \u00e0 8 h 30 pour le caf\u00e9, d\u00e9part \u00e0 9 h<br>Parcours A&nbsp;: 62 km, 6 cols, 1400 m de d\u00e9nivel\u00e9<br>Parcours B&nbsp;: 54 km, 5 cols, 1000 m de d\u00e9nivel\u00e9<br>Col de la Tourne 1170 m, Porte des Chaux 1079 m, Col des Roches 919 m, Le Basset 1238 m, Le Basset 1057 m, Col de la Vue des Alpes 1283 m.<\/p>\n\n\n\n<figure class=\"wp-block-image size-full\"><img loading=\"lazy\" decoding=\"async\" width=\"618\" height=\"379\" src=\"https:\/\/centcols.org\/wp-content\/uploads\/2025\/05\/vuedesalpes.jpg\" alt=\"\" class=\"wp-image-81797\"\/><\/figure>\n\n\n\n<p><\/p>\n\n\n\n<h3 class=\"wp-block-heading\">Contact<\/h3>\n\n\n\n<p>Pierre Mai<br>Route du Signal 22<br>CH-1165 Allaman<\/p>\n\n\n\n<p>T\u00e9l :&nbsp;(0041) 021 807 34 17&nbsp;&nbsp;Natel&nbsp;: 0041 76 498 58 73<br>[email]&#x70;&#x6d;&#x61;&#x69;&#64;&#98;&#108;&#117;ewi&#x6e;&#x2e;&#x63;&#x68;[\/email]<\/p>\n","protected":false},"excerpt":{"rendered":"<p>Samedi 4 juin 2016, Suisse, La Vue des Alpes, sortie route D\u00e9part&nbsp;: Col des la Vue des Alpes, 1283 m (NE)Rendez-vous parking du col \u00e0 8 h 30 pour le caf\u00e9, d\u00e9part \u00e0 9 hParcours A&nbsp;: 62 km, 6 cols, 1400 m de d\u00e9nivel\u00e9Parcours B&nbsp;: 54 km, 5 cols, 1000 m de d\u00e9nivel\u00e9Col de la [&hellip;]<\/p>\n","protected":false},"author":136,"featured_media":81797,"comment_status":"closed","ping_status":"open","sticky":false,"template":"","format":"standard","meta":{"_acf_changed":false,"footnotes":""},"categories":[135,270,216],"tags":[],"class_list":["post-81796","post","type-post","status-publish","format-standard","has-post-thumbnail","hentry","category-calendrier","category-les-rassemblements-de-2016","category-rencontres-regionales"],"acf":[],"yoast_head":"<!-- This site is optimized with the Yoast SEO plugin v27.2 - https:\/\/yoast.com\/product\/yoast-seo-wordpress\/ -->\n<title>Suisse, Route, La Vue des Alpes, le 4 juin 2016 - Club des Cent Cols<\/title>\n<meta name=\"robots\" content=\"index, follow, max-snippet:-1, max-image-preview:large, max-video-preview:-1\" \/>\n<link rel=\"canonical\" href=\"https:\/\/centcols.org\/es\/suiza-route-la-vue-des-alpes-4-junio-2016\/\" \/>\n<meta property=\"og:locale\" content=\"es_ES\" \/>\n<meta property=\"og:type\" content=\"article\" \/>\n<meta property=\"og:title\" content=\"Suisse, Route, La Vue des Alpes, le 4 juin 2016 - Club des Cent Cols\" \/>\n<meta property=\"og:description\" content=\"Samedi 4 juin 2016, Suisse, La Vue des Alpes, sortie route D\u00e9part&nbsp;: Col des la Vue des Alpes, 1283 m (NE)Rendez-vous parking du col \u00e0 8 h 30 pour le caf\u00e9, d\u00e9part \u00e0 9 hParcours A&nbsp;: 62 km, 6 cols, 1400 m de d\u00e9nivel\u00e9Parcours B&nbsp;: 54 km, 5 cols, 1000 m de d\u00e9nivel\u00e9Col de la [&hellip;]\" \/>\n<meta property=\"og:url\" content=\"https:\/\/centcols.org\/es\/suiza-route-la-vue-des-alpes-4-junio-2016\/\" \/>\n<meta property=\"og:site_name\" content=\"Club des Cent Cols\" \/>\n<meta property=\"article:publisher\" content=\"https:\/\/www.facebook.com\/groups\/5261880558\/?locale=fr_FR\" \/>\n<meta property=\"article:published_time\" content=\"2016-02-03T08:00:07+00:00\" \/>\n<meta property=\"article:modified_time\" content=\"2025-09-15T01:04:49+00:00\" \/>\n<meta property=\"og:image\" content=\"https:\/\/centcols.org\/wp-content\/uploads\/2025\/05\/vuedesalpes.jpg\" \/>\n\t<meta property=\"og:image:width\" content=\"618\" \/>\n\t<meta property=\"og:image:height\" content=\"379\" \/>\n\t<meta property=\"og:image:type\" content=\"image\/jpeg\" \/>\n<meta name=\"author\" content=\"Guy Harl\u00e9\" \/>\n<meta name=\"twitter:card\" content=\"summary_large_image\" \/>\n<meta name=\"twitter:label1\" content=\"Escrito por\" \/>\n\t<meta name=\"twitter:data1\" content=\"Guy Harl\u00e9\" \/>\n\t<meta name=\"twitter:label2\" content=\"Tiempo de lectura\" \/>\n\t<meta name=\"twitter:data2\" content=\"1 minuto\" \/>\n<script type=\"application\/ld+json\" class=\"yoast-schema-graph\">{\"@context\":\"https:\/\/schema.org\",\"@graph\":[{\"@type\":\"Article\",\"@id\":\"https:\/\/centcols.org\/suisse-route-la-vue-des-alpes-le-4-juin-2016\/#article\",\"isPartOf\":{\"@id\":\"https:\/\/centcols.org\/suisse-route-la-vue-des-alpes-le-4-juin-2016\/\"},\"author\":{\"name\":\"Guy Harl\u00e9\",\"@id\":\"https:\/\/centcols.org\/#\/schema\/person\/377f00da2793c0363246869bb3a344d0\"},\"headline\":\"Suisse, Route, La Vue des Alpes, le 4 juin 2016\",\"datePublished\":\"2016-02-03T08:00:07+00:00\",\"dateModified\":\"2025-09-15T01:04:49+00:00\",\"mainEntityOfPage\":{\"@id\":\"https:\/\/centcols.org\/suisse-route-la-vue-des-alpes-le-4-juin-2016\/\"},\"wordCount\":101,\"publisher\":{\"@id\":\"https:\/\/centcols.org\/#organization\"},\"image\":{\"@id\":\"https:\/\/centcols.org\/suisse-route-la-vue-des-alpes-le-4-juin-2016\/#primaryimage\"},\"thumbnailUrl\":\"https:\/\/centcols.org\/wp-content\/uploads\/2025\/05\/vuedesalpes.jpg\",\"articleSection\":[\"Calendrier\",\"2016-rassemblements\",\"Rencontres r\u00e9gionales\"],\"inLanguage\":\"es\"},{\"@type\":\"WebPage\",\"@id\":\"https:\/\/centcols.org\/suisse-route-la-vue-des-alpes-le-4-juin-2016\/\",\"url\":\"https:\/\/centcols.org\/suisse-route-la-vue-des-alpes-le-4-juin-2016\/\",\"name\":\"Suisse, Route, La Vue des Alpes, le 4 juin 2016 - Club des Cent Cols\",\"isPartOf\":{\"@id\":\"https:\/\/centcols.org\/#website\"},\"primaryImageOfPage\":{\"@id\":\"https:\/\/centcols.org\/suisse-route-la-vue-des-alpes-le-4-juin-2016\/#primaryimage\"},\"image\":{\"@id\":\"https:\/\/centcols.org\/suisse-route-la-vue-des-alpes-le-4-juin-2016\/#primaryimage\"},\"thumbnailUrl\":\"https:\/\/centcols.org\/wp-content\/uploads\/2025\/05\/vuedesalpes.jpg\",\"datePublished\":\"2016-02-03T08:00:07+00:00\",\"dateModified\":\"2025-09-15T01:04:49+00:00\",\"breadcrumb\":{\"@id\":\"https:\/\/centcols.org\/suisse-route-la-vue-des-alpes-le-4-juin-2016\/#breadcrumb\"},\"inLanguage\":\"es\",\"potentialAction\":[{\"@type\":\"ReadAction\",\"target\":[\"https:\/\/centcols.org\/suisse-route-la-vue-des-alpes-le-4-juin-2016\/\"]}]},{\"@type\":\"ImageObject\",\"inLanguage\":\"es\",\"@id\":\"https:\/\/centcols.org\/suisse-route-la-vue-des-alpes-le-4-juin-2016\/#primaryimage\",\"url\":\"https:\/\/centcols.org\/wp-content\/uploads\/2025\/05\/vuedesalpes.jpg\",\"contentUrl\":\"https:\/\/centcols.org\/wp-content\/uploads\/2025\/05\/vuedesalpes.jpg\",\"width\":618,\"height\":379},{\"@type\":\"BreadcrumbList\",\"@id\":\"https:\/\/centcols.org\/suisse-route-la-vue-des-alpes-le-4-juin-2016\/#breadcrumb\",\"itemListElement\":[{\"@type\":\"ListItem\",\"position\":1,\"name\":\"Accueil\",\"item\":\"https:\/\/centcols.org\/\"},{\"@type\":\"ListItem\",\"position\":2,\"name\":\"Calendrier\",\"item\":\"https:\/\/centcols.org\/rubrique\/calendrier\/\"},{\"@type\":\"ListItem\",\"position\":3,\"name\":\"Suisse, Route, La Vue des Alpes, le 4 juin 2016\"}]},{\"@type\":\"WebSite\",\"@id\":\"https:\/\/centcols.org\/#website\",\"url\":\"https:\/\/centcols.org\/\",\"name\":\"Club des Cent Cols\",\"description\":\"\",\"publisher\":{\"@id\":\"https:\/\/centcols.org\/#organization\"},\"potentialAction\":[{\"@type\":\"SearchAction\",\"target\":{\"@type\":\"EntryPoint\",\"urlTemplate\":\"https:\/\/centcols.org\/?s={search_term_string}\"},\"query-input\":{\"@type\":\"PropertyValueSpecification\",\"valueRequired\":true,\"valueName\":\"search_term_string\"}}],\"inLanguage\":\"es\"},{\"@type\":\"Organization\",\"@id\":\"https:\/\/centcols.org\/#organization\",\"name\":\"Club des Cent Cols\",\"url\":\"https:\/\/centcols.org\/\",\"logo\":{\"@type\":\"ImageObject\",\"inLanguage\":\"es\",\"@id\":\"https:\/\/centcols.org\/#\/schema\/logo\/image\/\",\"url\":\"https:\/\/centcols.org\/wp-content\/uploads\/2025\/01\/carte-icone.png\",\"contentUrl\":\"https:\/\/centcols.org\/wp-content\/uploads\/2025\/01\/carte-icone.png\",\"width\":250,\"height\":250,\"caption\":\"Club des Cent Cols\"},\"image\":{\"@id\":\"https:\/\/centcols.org\/#\/schema\/logo\/image\/\"},\"sameAs\":[\"https:\/\/www.facebook.com\/groups\/5261880558\/?locale=fr_FR\"]},{\"@type\":\"Person\",\"@id\":\"https:\/\/centcols.org\/#\/schema\/person\/377f00da2793c0363246869bb3a344d0\",\"name\":\"Guy Harl\u00e9\",\"image\":{\"@type\":\"ImageObject\",\"inLanguage\":\"es\",\"@id\":\"https:\/\/centcols.org\/wp-content\/litespeed\/avatar\/94c4de37e46cf090f296d42ab3e8d6a6.jpg?ver=1777238144\",\"url\":\"https:\/\/centcols.org\/wp-content\/litespeed\/avatar\/94c4de37e46cf090f296d42ab3e8d6a6.jpg?ver=1777238144\",\"contentUrl\":\"https:\/\/centcols.org\/wp-content\/litespeed\/avatar\/94c4de37e46cf090f296d42ab3e8d6a6.jpg?ver=1777238144\",\"caption\":\"Guy Harl\u00e9\"},\"url\":\"https:\/\/centcols.org\/es\/author\/5193\/\"}]}<\/script>\n<!-- \/ Yoast SEO plugin. -->","yoast_head_json":{"title":"Suiza, Carretera, La Vue des Alpes, 4 de junio de 2016 - Club des Cent Cols","robots":{"index":"index","follow":"follow","max-snippet":"max-snippet:-1","max-image-preview":"max-image-preview:large","max-video-preview":"max-video-preview:-1"},"canonical":"https:\/\/centcols.org\/es\/suiza-route-la-vue-des-alpes-4-junio-2016\/","og_locale":"es_ES","og_type":"article","og_title":"Suisse, Route, La Vue des Alpes, le 4 juin 2016 - Club des Cent Cols","og_description":"Samedi 4 juin 2016, Suisse, La Vue des Alpes, sortie route D\u00e9part&nbsp;: Col des la Vue des Alpes, 1283 m (NE)Rendez-vous parking du col \u00e0 8 h 30 pour le caf\u00e9, d\u00e9part \u00e0 9 hParcours A&nbsp;: 62 km, 6 cols, 1400 m de d\u00e9nivel\u00e9Parcours B&nbsp;: 54 km, 5 cols, 1000 m de d\u00e9nivel\u00e9Col de la [&hellip;]","og_url":"https:\/\/centcols.org\/es\/suiza-route-la-vue-des-alpes-4-junio-2016\/","og_site_name":"Club des Cent Cols","article_publisher":"https:\/\/www.facebook.com\/groups\/5261880558\/?locale=fr_FR","article_published_time":"2016-02-03T08:00:07+00:00","article_modified_time":"2025-09-15T01:04:49+00:00","og_image":[{"width":618,"height":379,"url":"https:\/\/centcols.org\/wp-content\/uploads\/2025\/05\/vuedesalpes.jpg","type":"image\/jpeg"}],"author":"Guy Harl\u00e9","twitter_card":"summary_large_image","twitter_misc":{"Escrito por":"Guy Harl\u00e9","Tiempo de lectura":"1 minuto"},"schema":{"@context":"https:\/\/schema.org","@graph":[{"@type":"Article","@id":"https:\/\/centcols.org\/suisse-route-la-vue-des-alpes-le-4-juin-2016\/#article","isPartOf":{"@id":"https:\/\/centcols.org\/suisse-route-la-vue-des-alpes-le-4-juin-2016\/"},"author":{"name":"Guy Harl\u00e9","@id":"https:\/\/centcols.org\/#\/schema\/person\/377f00da2793c0363246869bb3a344d0"},"headline":"Suisse, Route, La Vue des Alpes, le 4 juin 2016","datePublished":"2016-02-03T08:00:07+00:00","dateModified":"2025-09-15T01:04:49+00:00","mainEntityOfPage":{"@id":"https:\/\/centcols.org\/suisse-route-la-vue-des-alpes-le-4-juin-2016\/"},"wordCount":101,"publisher":{"@id":"https:\/\/centcols.org\/#organization"},"image":{"@id":"https:\/\/centcols.org\/suisse-route-la-vue-des-alpes-le-4-juin-2016\/#primaryimage"},"thumbnailUrl":"https:\/\/centcols.org\/wp-content\/uploads\/2025\/05\/vuedesalpes.jpg","articleSection":["Calendrier","2016-rassemblements","Rencontres r\u00e9gionales"],"inLanguage":"es"},{"@type":"WebPage","@id":"https:\/\/centcols.org\/suisse-route-la-vue-des-alpes-le-4-juin-2016\/","url":"https:\/\/centcols.org\/suisse-route-la-vue-des-alpes-le-4-juin-2016\/","name":"Suiza, Carretera, La Vue des Alpes, 4 de junio de 2016 - Club des Cent Cols","isPartOf":{"@id":"https:\/\/centcols.org\/#website"},"primaryImageOfPage":{"@id":"https:\/\/centcols.org\/suisse-route-la-vue-des-alpes-le-4-juin-2016\/#primaryimage"},"image":{"@id":"https:\/\/centcols.org\/suisse-route-la-vue-des-alpes-le-4-juin-2016\/#primaryimage"},"thumbnailUrl":"https:\/\/centcols.org\/wp-content\/uploads\/2025\/05\/vuedesalpes.jpg","datePublished":"2016-02-03T08:00:07+00:00","dateModified":"2025-09-15T01:04:49+00:00","breadcrumb":{"@id":"https:\/\/centcols.org\/suisse-route-la-vue-des-alpes-le-4-juin-2016\/#breadcrumb"},"inLanguage":"es","potentialAction":[{"@type":"ReadAction","target":["https:\/\/centcols.org\/suisse-route-la-vue-des-alpes-le-4-juin-2016\/"]}]},{"@type":"ImageObject","inLanguage":"es","@id":"https:\/\/centcols.org\/suisse-route-la-vue-des-alpes-le-4-juin-2016\/#primaryimage","url":"https:\/\/centcols.org\/wp-content\/uploads\/2025\/05\/vuedesalpes.jpg","contentUrl":"https:\/\/centcols.org\/wp-content\/uploads\/2025\/05\/vuedesalpes.jpg","width":618,"height":379},{"@type":"BreadcrumbList","@id":"https:\/\/centcols.org\/suisse-route-la-vue-des-alpes-le-4-juin-2016\/#breadcrumb","itemListElement":[{"@type":"ListItem","position":1,"name":"Accueil","item":"https:\/\/centcols.org\/"},{"@type":"ListItem","position":2,"name":"Calendrier","item":"https:\/\/centcols.org\/rubrique\/calendrier\/"},{"@type":"ListItem","position":3,"name":"Suisse, Route, La Vue des Alpes, le 4 juin 2016"}]},{"@type":"WebSite","@id":"https:\/\/centcols.org\/#website","url":"https:\/\/centcols.org\/","name":"Club des Cent Cols","description":"","publisher":{"@id":"https:\/\/centcols.org\/#organization"},"potentialAction":[{"@type":"SearchAction","target":{"@type":"EntryPoint","urlTemplate":"https:\/\/centcols.org\/?s={search_term_string}"},"query-input":{"@type":"PropertyValueSpecification","valueRequired":true,"valueName":"search_term_string"}}],"inLanguage":"es"},{"@type":"Organization","@id":"https:\/\/centcols.org\/#organization","name":"Club des Cent Cols","url":"https:\/\/centcols.org\/","logo":{"@type":"ImageObject","inLanguage":"es","@id":"https:\/\/centcols.org\/#\/schema\/logo\/image\/","url":"https:\/\/centcols.org\/wp-content\/uploads\/2025\/01\/carte-icone.png","contentUrl":"https:\/\/centcols.org\/wp-content\/uploads\/2025\/01\/carte-icone.png","width":250,"height":250,"caption":"Club des Cent Cols"},"image":{"@id":"https:\/\/centcols.org\/#\/schema\/logo\/image\/"},"sameAs":["https:\/\/www.facebook.com\/groups\/5261880558\/?locale=fr_FR"]},{"@type":"Person","@id":"https:\/\/centcols.org\/#\/schema\/person\/377f00da2793c0363246869bb3a344d0","name":"Guy Harl\u00e9","image":{"@type":"ImageObject","inLanguage":"es","@id":"https:\/\/centcols.org\/wp-content\/litespeed\/avatar\/94c4de37e46cf090f296d42ab3e8d6a6.jpg?ver=1777238144","url":"https:\/\/centcols.org\/wp-content\/litespeed\/avatar\/94c4de37e46cf090f296d42ab3e8d6a6.jpg?ver=1777238144","contentUrl":"https:\/\/centcols.org\/wp-content\/litespeed\/avatar\/94c4de37e46cf090f296d42ab3e8d6a6.jpg?ver=1777238144","caption":"Guy Harl\u00e9"},"url":"https:\/\/centcols.org\/es\/author\/5193\/"}]}},"_links":{"self":[{"href":"https:\/\/centcols.org\/es\/wp-json\/wp\/v2\/posts\/81796","targetHints":{"allow":["GET"]}}],"collection":[{"href":"https:\/\/centcols.org\/es\/wp-json\/wp\/v2\/posts"}],"about":[{"href":"https:\/\/centcols.org\/es\/wp-json\/wp\/v2\/types\/post"}],"author":[{"embeddable":true,"href":"https:\/\/centcols.org\/es\/wp-json\/wp\/v2\/users\/136"}],"replies":[{"embeddable":true,"href":"https:\/\/centcols.org\/es\/wp-json\/wp\/v2\/comments?post=81796"}],"version-history":[{"count":0,"href":"https:\/\/centcols.org\/es\/wp-json\/wp\/v2\/posts\/81796\/revisions"}],"wp:featuredmedia":[{"embeddable":true,"href":"https:\/\/centcols.org\/es\/wp-json\/wp\/v2\/media\/81797"}],"wp:attachment":[{"href":"https:\/\/centcols.org\/es\/wp-json\/wp\/v2\/media?parent=81796"}],"wp:term":[{"taxonomy":"category","embeddable":true,"href":"https:\/\/centcols.org\/es\/wp-json\/wp\/v2\/categories?post=81796"},{"taxonomy":"post_tag","embeddable":true,"href":"https:\/\/centcols.org\/es\/wp-json\/wp\/v2\/tags?post=81796"}],"curies":[{"name":"wp","href":"https:\/\/api.w.org\/{rel}","templated":true}]}}