{"id":81800,"date":"2016-02-03T13:00:53","date_gmt":"2016-02-03T11:00:53","guid":{"rendered":"https:\/\/centcols.org\/suisse-12e-concentration-des-cent-cols-suisse-13-aout-2016\/"},"modified":"2025-09-12T22:31:50","modified_gmt":"2025-09-12T20:31:50","slug":"suiza-12o-cent-cols-concentracion-suiza-13-agosto-2016","status":"publish","type":"post","link":"https:\/\/centcols.org\/es\/suisse-12e-concentration-des-cent-cols-suisse-13-aout-2016\/","title":{"rendered":"Suiza, 12\u00ba Cent Cols Suiza, 13 de agosto de 2016"},"content":{"rendered":"<p>S\u00e1bado 13 de agosto, 13\u00aa concentraci\u00f3n de los Cent Cols Suisse en Saanen (BE)<\/p>\n\n\n\n<p>Inicio : Saanen<br>Encuentro en el campo de f\u00fatbol a las 8.30 h para el caf\u00e9, salida a las 9 h.<br>30 km, 3 puertos, 1100 m de desnivel: Wengenpass 1818 m, Parwengesattel 1787 m, R\u00fcwlispass 1718 m<\/p>\n\n\n\n<figure class=\"wp-block-image size-full\"><img loading=\"lazy\" decoding=\"async\" width=\"611\" height=\"314\" src=\"https:\/\/centcols.org\/wp-content\/uploads\/2025\/05\/saanen.jpg\" alt=\"\" class=\"wp-image-81801\"\/><\/figure>\n\n\n\n<p><\/p>\n\n\n\n<h3 class=\"wp-block-heading\">P\u00f3ngase en contacto con<\/h3>\n\n\n\n<p>Christian Binggeli<br>Camino del Jura 1<br>CH - 1135 Denens<br>Tel: (0041) 021 801 01 75 M\u00f3vil: 0041 078 723 11 33<br>c&amp;tbinggeli@bluewin.ch<\/p>\n\n\n\n<p><\/p>","protected":false},"excerpt":{"rendered":"<p>Samedi 13 ao\u00fbt, 13e concentration des Cent Cols Suisse \u00e0 Saanen (BE) D\u00e9part&nbsp;: SaanenRendez-vous au terrain de football \u00e0 8 h 30 pour le caf\u00e9, d\u00e9part \u00e0 9 h30 km, 3 cols, 1100 m de d\u00e9nivel\u00e9 : Wengenpass 1818 m, Parwengesattel 1787 m,&nbsp;R\u00fcwlispass 1718 m Contact Christian BinggeliChemin du Jura 1CH &#8211; 1135 DenensT\u00e9l&nbsp;: (0041) [&hellip;]<\/p>\n","protected":false},"author":136,"featured_media":81801,"comment_status":"closed","ping_status":"open","sticky":false,"template":"","format":"standard","meta":{"_acf_changed":false,"footnotes":""},"categories":[135,270,216],"tags":[],"class_list":["post-81800","post","type-post","status-publish","format-standard","has-post-thumbnail","hentry","category-calendrier","category-les-rassemblements-de-2016","category-rencontres-regionales"],"acf":[],"yoast_head":"<!-- This site is optimized with the Yoast SEO plugin v27.2 - https:\/\/yoast.com\/product\/yoast-seo-wordpress\/ -->\n<title>Suisse, 12e concentration des Cent Cols Suisse, 13 ao\u00fbt 2016 - Club des Cent Cols<\/title>\n<meta name=\"robots\" content=\"index, follow, max-snippet:-1, max-image-preview:large, max-video-preview:-1\" \/>\n<link rel=\"canonical\" href=\"https:\/\/centcols.org\/es\/suiza-12o-cent-cols-concentracion-suiza-13-agosto-2016\/\" \/>\n<meta property=\"og:locale\" content=\"es_ES\" \/>\n<meta property=\"og:type\" content=\"article\" \/>\n<meta property=\"og:title\" content=\"Suisse, 12e concentration des Cent Cols Suisse, 13 ao\u00fbt 2016 - Club des Cent Cols\" \/>\n<meta property=\"og:description\" content=\"Samedi 13 ao\u00fbt, 13e concentration des Cent Cols Suisse \u00e0 Saanen (BE) D\u00e9part&nbsp;: SaanenRendez-vous au terrain de football \u00e0 8 h 30 pour le caf\u00e9, d\u00e9part \u00e0 9 h30 km, 3 cols, 1100 m de d\u00e9nivel\u00e9 : Wengenpass 1818 m, Parwengesattel 1787 m,&nbsp;R\u00fcwlispass 1718 m Contact Christian BinggeliChemin du Jura 1CH &#8211; 1135 DenensT\u00e9l&nbsp;: (0041) [&hellip;]\" \/>\n<meta property=\"og:url\" content=\"https:\/\/centcols.org\/es\/suiza-12o-cent-cols-concentracion-suiza-13-agosto-2016\/\" \/>\n<meta property=\"og:site_name\" content=\"Club des Cent Cols\" \/>\n<meta property=\"article:publisher\" content=\"https:\/\/www.facebook.com\/groups\/5261880558\/?locale=fr_FR\" \/>\n<meta property=\"article:published_time\" content=\"2016-02-03T11:00:53+00:00\" \/>\n<meta property=\"article:modified_time\" content=\"2025-09-12T20:31:50+00:00\" \/>\n<meta property=\"og:image\" content=\"https:\/\/centcols.org\/wp-content\/uploads\/2025\/05\/saanen.jpg\" \/>\n\t<meta property=\"og:image:width\" content=\"611\" \/>\n\t<meta property=\"og:image:height\" content=\"314\" \/>\n\t<meta property=\"og:image:type\" content=\"image\/jpeg\" \/>\n<meta name=\"author\" content=\"Guy Harl\u00e9\" \/>\n<meta name=\"twitter:card\" content=\"summary_large_image\" \/>\n<meta name=\"twitter:label1\" content=\"Escrito por\" \/>\n\t<meta name=\"twitter:data1\" content=\"Guy Harl\u00e9\" \/>\n\t<meta name=\"twitter:label2\" content=\"Tiempo de lectura\" \/>\n\t<meta name=\"twitter:data2\" content=\"1 minuto\" \/>\n<script type=\"application\/ld+json\" class=\"yoast-schema-graph\">{\"@context\":\"https:\/\/schema.org\",\"@graph\":[{\"@type\":\"Article\",\"@id\":\"https:\/\/centcols.org\/suisse-12e-concentration-des-cent-cols-suisse-13-aout-2016\/#article\",\"isPartOf\":{\"@id\":\"https:\/\/centcols.org\/suisse-12e-concentration-des-cent-cols-suisse-13-aout-2016\/\"},\"author\":{\"name\":\"Guy Harl\u00e9\",\"@id\":\"https:\/\/centcols.org\/#\/schema\/person\/377f00da2793c0363246869bb3a344d0\"},\"headline\":\"Suisse, 12e concentration des Cent Cols Suisse, 13 ao\u00fbt 2016\",\"datePublished\":\"2016-02-03T11:00:53+00:00\",\"dateModified\":\"2025-09-12T20:31:50+00:00\",\"mainEntityOfPage\":{\"@id\":\"https:\/\/centcols.org\/suisse-12e-concentration-des-cent-cols-suisse-13-aout-2016\/\"},\"wordCount\":70,\"publisher\":{\"@id\":\"https:\/\/centcols.org\/#organization\"},\"image\":{\"@id\":\"https:\/\/centcols.org\/suisse-12e-concentration-des-cent-cols-suisse-13-aout-2016\/#primaryimage\"},\"thumbnailUrl\":\"https:\/\/centcols.org\/wp-content\/uploads\/2025\/05\/saanen.jpg\",\"articleSection\":[\"Calendrier\",\"2016-rassemblements\",\"Rencontres r\u00e9gionales\"],\"inLanguage\":\"es\"},{\"@type\":\"WebPage\",\"@id\":\"https:\/\/centcols.org\/suisse-12e-concentration-des-cent-cols-suisse-13-aout-2016\/\",\"url\":\"https:\/\/centcols.org\/suisse-12e-concentration-des-cent-cols-suisse-13-aout-2016\/\",\"name\":\"Suisse, 12e concentration des Cent Cols Suisse, 13 ao\u00fbt 2016 - Club des Cent Cols\",\"isPartOf\":{\"@id\":\"https:\/\/centcols.org\/#website\"},\"primaryImageOfPage\":{\"@id\":\"https:\/\/centcols.org\/suisse-12e-concentration-des-cent-cols-suisse-13-aout-2016\/#primaryimage\"},\"image\":{\"@id\":\"https:\/\/centcols.org\/suisse-12e-concentration-des-cent-cols-suisse-13-aout-2016\/#primaryimage\"},\"thumbnailUrl\":\"https:\/\/centcols.org\/wp-content\/uploads\/2025\/05\/saanen.jpg\",\"datePublished\":\"2016-02-03T11:00:53+00:00\",\"dateModified\":\"2025-09-12T20:31:50+00:00\",\"breadcrumb\":{\"@id\":\"https:\/\/centcols.org\/suisse-12e-concentration-des-cent-cols-suisse-13-aout-2016\/#breadcrumb\"},\"inLanguage\":\"es\",\"potentialAction\":[{\"@type\":\"ReadAction\",\"target\":[\"https:\/\/centcols.org\/suisse-12e-concentration-des-cent-cols-suisse-13-aout-2016\/\"]}]},{\"@type\":\"ImageObject\",\"inLanguage\":\"es\",\"@id\":\"https:\/\/centcols.org\/suisse-12e-concentration-des-cent-cols-suisse-13-aout-2016\/#primaryimage\",\"url\":\"https:\/\/centcols.org\/wp-content\/uploads\/2025\/05\/saanen.jpg\",\"contentUrl\":\"https:\/\/centcols.org\/wp-content\/uploads\/2025\/05\/saanen.jpg\",\"width\":611,\"height\":314},{\"@type\":\"BreadcrumbList\",\"@id\":\"https:\/\/centcols.org\/suisse-12e-concentration-des-cent-cols-suisse-13-aout-2016\/#breadcrumb\",\"itemListElement\":[{\"@type\":\"ListItem\",\"position\":1,\"name\":\"Accueil\",\"item\":\"https:\/\/centcols.org\/\"},{\"@type\":\"ListItem\",\"position\":2,\"name\":\"Calendrier\",\"item\":\"https:\/\/centcols.org\/rubrique\/calendrier\/\"},{\"@type\":\"ListItem\",\"position\":3,\"name\":\"Suisse, 12e concentration des Cent Cols Suisse, 13 ao\u00fbt 2016\"}]},{\"@type\":\"WebSite\",\"@id\":\"https:\/\/centcols.org\/#website\",\"url\":\"https:\/\/centcols.org\/\",\"name\":\"Club des Cent Cols\",\"description\":\"\",\"publisher\":{\"@id\":\"https:\/\/centcols.org\/#organization\"},\"potentialAction\":[{\"@type\":\"SearchAction\",\"target\":{\"@type\":\"EntryPoint\",\"urlTemplate\":\"https:\/\/centcols.org\/?s={search_term_string}\"},\"query-input\":{\"@type\":\"PropertyValueSpecification\",\"valueRequired\":true,\"valueName\":\"search_term_string\"}}],\"inLanguage\":\"es\"},{\"@type\":\"Organization\",\"@id\":\"https:\/\/centcols.org\/#organization\",\"name\":\"Club des Cent Cols\",\"url\":\"https:\/\/centcols.org\/\",\"logo\":{\"@type\":\"ImageObject\",\"inLanguage\":\"es\",\"@id\":\"https:\/\/centcols.org\/#\/schema\/logo\/image\/\",\"url\":\"https:\/\/centcols.org\/wp-content\/uploads\/2025\/01\/carte-icone.png\",\"contentUrl\":\"https:\/\/centcols.org\/wp-content\/uploads\/2025\/01\/carte-icone.png\",\"width\":250,\"height\":250,\"caption\":\"Club des Cent Cols\"},\"image\":{\"@id\":\"https:\/\/centcols.org\/#\/schema\/logo\/image\/\"},\"sameAs\":[\"https:\/\/www.facebook.com\/groups\/5261880558\/?locale=fr_FR\"]},{\"@type\":\"Person\",\"@id\":\"https:\/\/centcols.org\/#\/schema\/person\/377f00da2793c0363246869bb3a344d0\",\"name\":\"Guy Harl\u00e9\",\"image\":{\"@type\":\"ImageObject\",\"inLanguage\":\"es\",\"@id\":\"https:\/\/centcols.org\/wp-content\/litespeed\/avatar\/94c4de37e46cf090f296d42ab3e8d6a6.jpg?ver=1777238144\",\"url\":\"https:\/\/centcols.org\/wp-content\/litespeed\/avatar\/94c4de37e46cf090f296d42ab3e8d6a6.jpg?ver=1777238144\",\"contentUrl\":\"https:\/\/centcols.org\/wp-content\/litespeed\/avatar\/94c4de37e46cf090f296d42ab3e8d6a6.jpg?ver=1777238144\",\"caption\":\"Guy Harl\u00e9\"},\"url\":\"https:\/\/centcols.org\/es\/author\/5193\/\"}]}<\/script>\n<!-- \/ Yoast SEO plugin. -->","yoast_head_json":{"title":"Suiza, 12\u00aa concentraci\u00f3n Cent Cols Suiza, 13 de agosto de 2016 - Club des Cent Cols","robots":{"index":"index","follow":"follow","max-snippet":"max-snippet:-1","max-image-preview":"max-image-preview:large","max-video-preview":"max-video-preview:-1"},"canonical":"https:\/\/centcols.org\/es\/suiza-12o-cent-cols-concentracion-suiza-13-agosto-2016\/","og_locale":"es_ES","og_type":"article","og_title":"Suisse, 12e concentration des Cent Cols Suisse, 13 ao\u00fbt 2016 - Club des Cent Cols","og_description":"Samedi 13 ao\u00fbt, 13e concentration des Cent Cols Suisse \u00e0 Saanen (BE) D\u00e9part&nbsp;: SaanenRendez-vous au terrain de football \u00e0 8 h 30 pour le caf\u00e9, d\u00e9part \u00e0 9 h30 km, 3 cols, 1100 m de d\u00e9nivel\u00e9 : Wengenpass 1818 m, Parwengesattel 1787 m,&nbsp;R\u00fcwlispass 1718 m Contact Christian BinggeliChemin du Jura 1CH &#8211; 1135 DenensT\u00e9l&nbsp;: (0041) [&hellip;]","og_url":"https:\/\/centcols.org\/es\/suiza-12o-cent-cols-concentracion-suiza-13-agosto-2016\/","og_site_name":"Club des Cent Cols","article_publisher":"https:\/\/www.facebook.com\/groups\/5261880558\/?locale=fr_FR","article_published_time":"2016-02-03T11:00:53+00:00","article_modified_time":"2025-09-12T20:31:50+00:00","og_image":[{"width":611,"height":314,"url":"https:\/\/centcols.org\/wp-content\/uploads\/2025\/05\/saanen.jpg","type":"image\/jpeg"}],"author":"Guy Harl\u00e9","twitter_card":"summary_large_image","twitter_misc":{"Escrito por":"Guy Harl\u00e9","Tiempo de lectura":"1 minuto"},"schema":{"@context":"https:\/\/schema.org","@graph":[{"@type":"Article","@id":"https:\/\/centcols.org\/suisse-12e-concentration-des-cent-cols-suisse-13-aout-2016\/#article","isPartOf":{"@id":"https:\/\/centcols.org\/suisse-12e-concentration-des-cent-cols-suisse-13-aout-2016\/"},"author":{"name":"Guy Harl\u00e9","@id":"https:\/\/centcols.org\/#\/schema\/person\/377f00da2793c0363246869bb3a344d0"},"headline":"Suisse, 12e concentration des Cent Cols Suisse, 13 ao\u00fbt 2016","datePublished":"2016-02-03T11:00:53+00:00","dateModified":"2025-09-12T20:31:50+00:00","mainEntityOfPage":{"@id":"https:\/\/centcols.org\/suisse-12e-concentration-des-cent-cols-suisse-13-aout-2016\/"},"wordCount":70,"publisher":{"@id":"https:\/\/centcols.org\/#organization"},"image":{"@id":"https:\/\/centcols.org\/suisse-12e-concentration-des-cent-cols-suisse-13-aout-2016\/#primaryimage"},"thumbnailUrl":"https:\/\/centcols.org\/wp-content\/uploads\/2025\/05\/saanen.jpg","articleSection":["Calendrier","2016-rassemblements","Rencontres r\u00e9gionales"],"inLanguage":"es"},{"@type":"WebPage","@id":"https:\/\/centcols.org\/suisse-12e-concentration-des-cent-cols-suisse-13-aout-2016\/","url":"https:\/\/centcols.org\/suisse-12e-concentration-des-cent-cols-suisse-13-aout-2016\/","name":"Suiza, 12\u00aa concentraci\u00f3n Cent Cols Suiza, 13 de agosto de 2016 - Club des Cent Cols","isPartOf":{"@id":"https:\/\/centcols.org\/#website"},"primaryImageOfPage":{"@id":"https:\/\/centcols.org\/suisse-12e-concentration-des-cent-cols-suisse-13-aout-2016\/#primaryimage"},"image":{"@id":"https:\/\/centcols.org\/suisse-12e-concentration-des-cent-cols-suisse-13-aout-2016\/#primaryimage"},"thumbnailUrl":"https:\/\/centcols.org\/wp-content\/uploads\/2025\/05\/saanen.jpg","datePublished":"2016-02-03T11:00:53+00:00","dateModified":"2025-09-12T20:31:50+00:00","breadcrumb":{"@id":"https:\/\/centcols.org\/suisse-12e-concentration-des-cent-cols-suisse-13-aout-2016\/#breadcrumb"},"inLanguage":"es","potentialAction":[{"@type":"ReadAction","target":["https:\/\/centcols.org\/suisse-12e-concentration-des-cent-cols-suisse-13-aout-2016\/"]}]},{"@type":"ImageObject","inLanguage":"es","@id":"https:\/\/centcols.org\/suisse-12e-concentration-des-cent-cols-suisse-13-aout-2016\/#primaryimage","url":"https:\/\/centcols.org\/wp-content\/uploads\/2025\/05\/saanen.jpg","contentUrl":"https:\/\/centcols.org\/wp-content\/uploads\/2025\/05\/saanen.jpg","width":611,"height":314},{"@type":"BreadcrumbList","@id":"https:\/\/centcols.org\/suisse-12e-concentration-des-cent-cols-suisse-13-aout-2016\/#breadcrumb","itemListElement":[{"@type":"ListItem","position":1,"name":"Accueil","item":"https:\/\/centcols.org\/"},{"@type":"ListItem","position":2,"name":"Calendrier","item":"https:\/\/centcols.org\/rubrique\/calendrier\/"},{"@type":"ListItem","position":3,"name":"Suisse, 12e concentration des Cent Cols Suisse, 13 ao\u00fbt 2016"}]},{"@type":"WebSite","@id":"https:\/\/centcols.org\/#website","url":"https:\/\/centcols.org\/","name":"Club des Cent Cols","description":"","publisher":{"@id":"https:\/\/centcols.org\/#organization"},"potentialAction":[{"@type":"SearchAction","target":{"@type":"EntryPoint","urlTemplate":"https:\/\/centcols.org\/?s={search_term_string}"},"query-input":{"@type":"PropertyValueSpecification","valueRequired":true,"valueName":"search_term_string"}}],"inLanguage":"es"},{"@type":"Organization","@id":"https:\/\/centcols.org\/#organization","name":"Club des Cent Cols","url":"https:\/\/centcols.org\/","logo":{"@type":"ImageObject","inLanguage":"es","@id":"https:\/\/centcols.org\/#\/schema\/logo\/image\/","url":"https:\/\/centcols.org\/wp-content\/uploads\/2025\/01\/carte-icone.png","contentUrl":"https:\/\/centcols.org\/wp-content\/uploads\/2025\/01\/carte-icone.png","width":250,"height":250,"caption":"Club des Cent Cols"},"image":{"@id":"https:\/\/centcols.org\/#\/schema\/logo\/image\/"},"sameAs":["https:\/\/www.facebook.com\/groups\/5261880558\/?locale=fr_FR"]},{"@type":"Person","@id":"https:\/\/centcols.org\/#\/schema\/person\/377f00da2793c0363246869bb3a344d0","name":"Guy Harl\u00e9","image":{"@type":"ImageObject","inLanguage":"es","@id":"https:\/\/centcols.org\/wp-content\/litespeed\/avatar\/94c4de37e46cf090f296d42ab3e8d6a6.jpg?ver=1777238144","url":"https:\/\/centcols.org\/wp-content\/litespeed\/avatar\/94c4de37e46cf090f296d42ab3e8d6a6.jpg?ver=1777238144","contentUrl":"https:\/\/centcols.org\/wp-content\/litespeed\/avatar\/94c4de37e46cf090f296d42ab3e8d6a6.jpg?ver=1777238144","caption":"Guy Harl\u00e9"},"url":"https:\/\/centcols.org\/es\/author\/5193\/"}]}},"_links":{"self":[{"href":"https:\/\/centcols.org\/es\/wp-json\/wp\/v2\/posts\/81800","targetHints":{"allow":["GET"]}}],"collection":[{"href":"https:\/\/centcols.org\/es\/wp-json\/wp\/v2\/posts"}],"about":[{"href":"https:\/\/centcols.org\/es\/wp-json\/wp\/v2\/types\/post"}],"author":[{"embeddable":true,"href":"https:\/\/centcols.org\/es\/wp-json\/wp\/v2\/users\/136"}],"replies":[{"embeddable":true,"href":"https:\/\/centcols.org\/es\/wp-json\/wp\/v2\/comments?post=81800"}],"version-history":[{"count":0,"href":"https:\/\/centcols.org\/es\/wp-json\/wp\/v2\/posts\/81800\/revisions"}],"wp:featuredmedia":[{"embeddable":true,"href":"https:\/\/centcols.org\/es\/wp-json\/wp\/v2\/media\/81801"}],"wp:attachment":[{"href":"https:\/\/centcols.org\/es\/wp-json\/wp\/v2\/media?parent=81800"}],"wp:term":[{"taxonomy":"category","embeddable":true,"href":"https:\/\/centcols.org\/es\/wp-json\/wp\/v2\/categories?post=81800"},{"taxonomy":"post_tag","embeddable":true,"href":"https:\/\/centcols.org\/es\/wp-json\/wp\/v2\/tags?post=81800"}],"curies":[{"name":"wp","href":"https:\/\/api.w.org\/{rel}","templated":true}]}}