{"id":81815,"date":"2016-02-03T15:30:47","date_gmt":"2016-02-03T13:30:47","guid":{"rendered":"https:\/\/centcols.org\/concentration-regionale-drome-ardeche-vaucluse-au-col-de-macuegne-le-11-septembre-2016\/"},"modified":"2025-09-15T03:04:06","modified_gmt":"2025-09-15T01:04:06","slug":"concentracion-regional-drome-ardeche-vaucluse-en-el-col-de-macuegne-el-11-de-septiembre-de-2016","status":"publish","type":"post","link":"https:\/\/centcols.org\/es\/concentration-regionale-drome-ardeche-vaucluse-au-col-de-macuegne-le-11-septembre-2016\/","title":{"rendered":"Reuni\u00f3n regional de Dr\u00f4me Ard\u00e8che Vaucluse en Col de Macu\u00e8gne el 11 de septiembre de 2016"},"content":{"rendered":"\n<p>Dimanche 11 septembre 2016, Dr\u00f4me, Ard\u00e8che, Vaucluse<br>Col de Macu\u00e8gne, 1068 m (Dr\u00f4me)<\/p>\n\n\n\n<p>Rendez-vous pour partager le pain et le fromage, le casse-cro\u00fbte sera tir\u00e9 du sac, accueil de 11 h \u00e0 15 h<br>Les informations sur les circuits Route et VTT seront communiqu\u00e9es plus tard<\/p>\n\n\n\n<figure class=\"wp-block-image size-full\"><img loading=\"lazy\" decoding=\"async\" width=\"731\" height=\"579\" src=\"https:\/\/centcols.org\/wp-content\/uploads\/2025\/05\/macuegne.jpg\" alt=\"\" class=\"wp-image-81816\"\/><\/figure>\n\n\n\n<p><\/p>\n\n\n\n<h3 class=\"wp-block-heading\">Les cols<\/h3>\n\n\n\n<p>Col de la Pigi\u00e8re (968 m)<br>Col de l&rsquo;Aiguillon (742 m)<br>Col d&rsquo;Aulan (845 m)<br>Col de M\u00e9vouillon (889 m)<br>Col de la Loge (1005 m)<br>Col de Macu\u00e8gne (1068 m)<br>Col de Bays (1125 m)<br>Col de l&rsquo;Homme Mort (1211 m)<br>Collet de Reilhane (755 m)<br>Collet Blanc (765 m)<\/p>\n\n\n\n<h3 class=\"wp-block-heading\">Les circuits<\/h3>\n\n\n\n<p>VTT 29 km 10 cols D+ 840 m, point + haut 1326m<br>D\u00e9part du col de Macu\u00e8gne<br>Id Openrunner : 6387220<br><a href=\"https:\/\/centcols.org\/wp-content\/uploads\/2016\/02\/VTT-Macu\u00e8gne.gpx\" rel=\"\">VTT Macu\u00e8gne<\/a>&nbsp;(gpx)<\/p>\n\n\n\n<p>Route 98 km 10 cols D+ 1800 m, point + haut 1230m<br>Id Openrunner : 6389161<br><a href=\"https:\/\/centcols.org\/wp-content\/uploads\/2016\/02\/Routier-Macuegne.gpx\" rel=\"\">Routier Macuegne<\/a>&nbsp;(gpx)<\/p>\n\n\n\n<h3 class=\"wp-block-heading\">Contact<\/h3>\n\n\n\n<p>Jean-Marie Gilouin<br>06 31 79 01 06<br>[email]&#x62;&#106;m&#x2e;&#99;e&#x6e;&#x74;&#99;&#x6f;&#x6c;&#115;&#64;&#x67;&#109;a&#x69;&#x6c;&#46;&#x63;&#x6f;&#109;[\/email]<\/p>\n","protected":false},"excerpt":{"rendered":"<p>Dimanche 11 septembre 2016, Dr\u00f4me, Ard\u00e8che, VaucluseCol de Macu\u00e8gne, 1068 m (Dr\u00f4me) Rendez-vous pour partager le pain et le fromage, le casse-cro\u00fbte sera tir\u00e9 du sac, accueil de 11 h \u00e0 15 hLes informations sur les circuits Route et VTT seront communiqu\u00e9es plus tard Les cols Col de la Pigi\u00e8re (968 m)Col de l&rsquo;Aiguillon (742 [&hellip;]<\/p>\n","protected":false},"author":136,"featured_media":81816,"comment_status":"closed","ping_status":"open","sticky":false,"template":"","format":"standard","meta":{"_acf_changed":false,"footnotes":""},"categories":[135,270,216],"tags":[],"class_list":["post-81815","post","type-post","status-publish","format-standard","has-post-thumbnail","hentry","category-calendrier","category-les-rassemblements-de-2016","category-rencontres-regionales"],"acf":[],"yoast_head":"<!-- This site is optimized with the Yoast SEO plugin v27.2 - https:\/\/yoast.com\/product\/yoast-seo-wordpress\/ -->\n<title>Concentration r\u00e9gionale Dr\u00f4me Ard\u00e8che Vaucluse au col de Macu\u00e8gne le 11 septembre 2016 - Club des Cent Cols<\/title>\n<meta name=\"robots\" content=\"index, follow, max-snippet:-1, max-image-preview:large, max-video-preview:-1\" \/>\n<link rel=\"canonical\" href=\"https:\/\/centcols.org\/es\/concentracion-regional-drome-ardeche-vaucluse-en-el-col-de-macuegne-el-11-de-septiembre-de-2016\/\" \/>\n<meta property=\"og:locale\" content=\"es_ES\" \/>\n<meta property=\"og:type\" content=\"article\" \/>\n<meta property=\"og:title\" content=\"Concentration r\u00e9gionale Dr\u00f4me Ard\u00e8che Vaucluse au col de Macu\u00e8gne le 11 septembre 2016 - Club des Cent Cols\" \/>\n<meta property=\"og:description\" content=\"Dimanche 11 septembre 2016, Dr\u00f4me, Ard\u00e8che, VaucluseCol de Macu\u00e8gne, 1068 m (Dr\u00f4me) Rendez-vous pour partager le pain et le fromage, le casse-cro\u00fbte sera tir\u00e9 du sac, accueil de 11 h \u00e0 15 hLes informations sur les circuits Route et VTT seront communiqu\u00e9es plus tard Les cols Col de la Pigi\u00e8re (968 m)Col de l&rsquo;Aiguillon (742 [&hellip;]\" \/>\n<meta property=\"og:url\" content=\"https:\/\/centcols.org\/es\/concentracion-regional-drome-ardeche-vaucluse-en-el-col-de-macuegne-el-11-de-septiembre-de-2016\/\" \/>\n<meta property=\"og:site_name\" content=\"Club des Cent Cols\" \/>\n<meta property=\"article:publisher\" content=\"https:\/\/www.facebook.com\/groups\/5261880558\/?locale=fr_FR\" \/>\n<meta property=\"article:published_time\" content=\"2016-02-03T13:30:47+00:00\" \/>\n<meta property=\"article:modified_time\" content=\"2025-09-15T01:04:06+00:00\" \/>\n<meta property=\"og:image\" content=\"https:\/\/centcols.org\/wp-content\/uploads\/2025\/05\/macuegne.jpg\" \/>\n\t<meta property=\"og:image:width\" content=\"731\" \/>\n\t<meta property=\"og:image:height\" content=\"579\" \/>\n\t<meta property=\"og:image:type\" content=\"image\/jpeg\" \/>\n<meta name=\"author\" content=\"Guy Harl\u00e9\" \/>\n<meta name=\"twitter:card\" content=\"summary_large_image\" \/>\n<meta name=\"twitter:label1\" content=\"Escrito por\" \/>\n\t<meta name=\"twitter:data1\" content=\"Guy Harl\u00e9\" \/>\n\t<meta name=\"twitter:label2\" content=\"Tiempo de lectura\" \/>\n\t<meta name=\"twitter:data2\" content=\"2 minutos\" \/>\n<script type=\"application\/ld+json\" class=\"yoast-schema-graph\">{\"@context\":\"https:\/\/schema.org\",\"@graph\":[{\"@type\":\"Article\",\"@id\":\"https:\/\/centcols.org\/concentration-regionale-drome-ardeche-vaucluse-au-col-de-macuegne-le-11-septembre-2016\/#article\",\"isPartOf\":{\"@id\":\"https:\/\/centcols.org\/concentration-regionale-drome-ardeche-vaucluse-au-col-de-macuegne-le-11-septembre-2016\/\"},\"author\":{\"name\":\"Guy Harl\u00e9\",\"@id\":\"https:\/\/centcols.org\/#\/schema\/person\/377f00da2793c0363246869bb3a344d0\"},\"headline\":\"Concentration r\u00e9gionale Dr\u00f4me Ard\u00e8che Vaucluse au col de Macu\u00e8gne le 11 septembre 2016\",\"datePublished\":\"2016-02-03T13:30:47+00:00\",\"dateModified\":\"2025-09-15T01:04:06+00:00\",\"mainEntityOfPage\":{\"@id\":\"https:\/\/centcols.org\/concentration-regionale-drome-ardeche-vaucluse-au-col-de-macuegne-le-11-septembre-2016\/\"},\"wordCount\":152,\"publisher\":{\"@id\":\"https:\/\/centcols.org\/#organization\"},\"image\":{\"@id\":\"https:\/\/centcols.org\/concentration-regionale-drome-ardeche-vaucluse-au-col-de-macuegne-le-11-septembre-2016\/#primaryimage\"},\"thumbnailUrl\":\"https:\/\/centcols.org\/wp-content\/uploads\/2025\/05\/macuegne.jpg\",\"articleSection\":[\"Calendrier\",\"2016-rassemblements\",\"Rencontres r\u00e9gionales\"],\"inLanguage\":\"es\"},{\"@type\":\"WebPage\",\"@id\":\"https:\/\/centcols.org\/concentration-regionale-drome-ardeche-vaucluse-au-col-de-macuegne-le-11-septembre-2016\/\",\"url\":\"https:\/\/centcols.org\/concentration-regionale-drome-ardeche-vaucluse-au-col-de-macuegne-le-11-septembre-2016\/\",\"name\":\"Concentration r\u00e9gionale Dr\u00f4me Ard\u00e8che Vaucluse au col de Macu\u00e8gne le 11 septembre 2016 - Club des Cent Cols\",\"isPartOf\":{\"@id\":\"https:\/\/centcols.org\/#website\"},\"primaryImageOfPage\":{\"@id\":\"https:\/\/centcols.org\/concentration-regionale-drome-ardeche-vaucluse-au-col-de-macuegne-le-11-septembre-2016\/#primaryimage\"},\"image\":{\"@id\":\"https:\/\/centcols.org\/concentration-regionale-drome-ardeche-vaucluse-au-col-de-macuegne-le-11-septembre-2016\/#primaryimage\"},\"thumbnailUrl\":\"https:\/\/centcols.org\/wp-content\/uploads\/2025\/05\/macuegne.jpg\",\"datePublished\":\"2016-02-03T13:30:47+00:00\",\"dateModified\":\"2025-09-15T01:04:06+00:00\",\"breadcrumb\":{\"@id\":\"https:\/\/centcols.org\/concentration-regionale-drome-ardeche-vaucluse-au-col-de-macuegne-le-11-septembre-2016\/#breadcrumb\"},\"inLanguage\":\"es\",\"potentialAction\":[{\"@type\":\"ReadAction\",\"target\":[\"https:\/\/centcols.org\/concentration-regionale-drome-ardeche-vaucluse-au-col-de-macuegne-le-11-septembre-2016\/\"]}]},{\"@type\":\"ImageObject\",\"inLanguage\":\"es\",\"@id\":\"https:\/\/centcols.org\/concentration-regionale-drome-ardeche-vaucluse-au-col-de-macuegne-le-11-septembre-2016\/#primaryimage\",\"url\":\"https:\/\/centcols.org\/wp-content\/uploads\/2025\/05\/macuegne.jpg\",\"contentUrl\":\"https:\/\/centcols.org\/wp-content\/uploads\/2025\/05\/macuegne.jpg\",\"width\":731,\"height\":579},{\"@type\":\"BreadcrumbList\",\"@id\":\"https:\/\/centcols.org\/concentration-regionale-drome-ardeche-vaucluse-au-col-de-macuegne-le-11-septembre-2016\/#breadcrumb\",\"itemListElement\":[{\"@type\":\"ListItem\",\"position\":1,\"name\":\"Accueil\",\"item\":\"https:\/\/centcols.org\/\"},{\"@type\":\"ListItem\",\"position\":2,\"name\":\"Calendrier\",\"item\":\"https:\/\/centcols.org\/rubrique\/calendrier\/\"},{\"@type\":\"ListItem\",\"position\":3,\"name\":\"Concentration r\u00e9gionale Dr\u00f4me Ard\u00e8che Vaucluse au col de Macu\u00e8gne le 11 septembre 2016\"}]},{\"@type\":\"WebSite\",\"@id\":\"https:\/\/centcols.org\/#website\",\"url\":\"https:\/\/centcols.org\/\",\"name\":\"Club des Cent Cols\",\"description\":\"\",\"publisher\":{\"@id\":\"https:\/\/centcols.org\/#organization\"},\"potentialAction\":[{\"@type\":\"SearchAction\",\"target\":{\"@type\":\"EntryPoint\",\"urlTemplate\":\"https:\/\/centcols.org\/?s={search_term_string}\"},\"query-input\":{\"@type\":\"PropertyValueSpecification\",\"valueRequired\":true,\"valueName\":\"search_term_string\"}}],\"inLanguage\":\"es\"},{\"@type\":\"Organization\",\"@id\":\"https:\/\/centcols.org\/#organization\",\"name\":\"Club des Cent Cols\",\"url\":\"https:\/\/centcols.org\/\",\"logo\":{\"@type\":\"ImageObject\",\"inLanguage\":\"es\",\"@id\":\"https:\/\/centcols.org\/#\/schema\/logo\/image\/\",\"url\":\"https:\/\/centcols.org\/wp-content\/uploads\/2025\/01\/carte-icone.png\",\"contentUrl\":\"https:\/\/centcols.org\/wp-content\/uploads\/2025\/01\/carte-icone.png\",\"width\":250,\"height\":250,\"caption\":\"Club des Cent Cols\"},\"image\":{\"@id\":\"https:\/\/centcols.org\/#\/schema\/logo\/image\/\"},\"sameAs\":[\"https:\/\/www.facebook.com\/groups\/5261880558\/?locale=fr_FR\"]},{\"@type\":\"Person\",\"@id\":\"https:\/\/centcols.org\/#\/schema\/person\/377f00da2793c0363246869bb3a344d0\",\"name\":\"Guy Harl\u00e9\",\"image\":{\"@type\":\"ImageObject\",\"inLanguage\":\"es\",\"@id\":\"https:\/\/centcols.org\/wp-content\/litespeed\/avatar\/94c4de37e46cf090f296d42ab3e8d6a6.jpg?ver=1777238144\",\"url\":\"https:\/\/centcols.org\/wp-content\/litespeed\/avatar\/94c4de37e46cf090f296d42ab3e8d6a6.jpg?ver=1777238144\",\"contentUrl\":\"https:\/\/centcols.org\/wp-content\/litespeed\/avatar\/94c4de37e46cf090f296d42ab3e8d6a6.jpg?ver=1777238144\",\"caption\":\"Guy Harl\u00e9\"},\"url\":\"https:\/\/centcols.org\/es\/author\/5193\/\"}]}<\/script>\n<!-- \/ Yoast SEO plugin. -->","yoast_head_json":{"title":"Encuentro regional Dr\u00f4me Ard\u00e8che Vaucluse en el Col de Macu\u00e8gne el 11 de septiembre de 2016 - Club des Cent Cols","robots":{"index":"index","follow":"follow","max-snippet":"max-snippet:-1","max-image-preview":"max-image-preview:large","max-video-preview":"max-video-preview:-1"},"canonical":"https:\/\/centcols.org\/es\/concentracion-regional-drome-ardeche-vaucluse-en-el-col-de-macuegne-el-11-de-septiembre-de-2016\/","og_locale":"es_ES","og_type":"article","og_title":"Concentration r\u00e9gionale Dr\u00f4me Ard\u00e8che Vaucluse au col de Macu\u00e8gne le 11 septembre 2016 - Club des Cent Cols","og_description":"Dimanche 11 septembre 2016, Dr\u00f4me, Ard\u00e8che, VaucluseCol de Macu\u00e8gne, 1068 m (Dr\u00f4me) Rendez-vous pour partager le pain et le fromage, le casse-cro\u00fbte sera tir\u00e9 du sac, accueil de 11 h \u00e0 15 hLes informations sur les circuits Route et VTT seront communiqu\u00e9es plus tard Les cols Col de la Pigi\u00e8re (968 m)Col de l&rsquo;Aiguillon (742 [&hellip;]","og_url":"https:\/\/centcols.org\/es\/concentracion-regional-drome-ardeche-vaucluse-en-el-col-de-macuegne-el-11-de-septiembre-de-2016\/","og_site_name":"Club des Cent Cols","article_publisher":"https:\/\/www.facebook.com\/groups\/5261880558\/?locale=fr_FR","article_published_time":"2016-02-03T13:30:47+00:00","article_modified_time":"2025-09-15T01:04:06+00:00","og_image":[{"width":731,"height":579,"url":"https:\/\/centcols.org\/wp-content\/uploads\/2025\/05\/macuegne.jpg","type":"image\/jpeg"}],"author":"Guy Harl\u00e9","twitter_card":"summary_large_image","twitter_misc":{"Escrito por":"Guy Harl\u00e9","Tiempo de lectura":"2 minutos"},"schema":{"@context":"https:\/\/schema.org","@graph":[{"@type":"Article","@id":"https:\/\/centcols.org\/concentration-regionale-drome-ardeche-vaucluse-au-col-de-macuegne-le-11-septembre-2016\/#article","isPartOf":{"@id":"https:\/\/centcols.org\/concentration-regionale-drome-ardeche-vaucluse-au-col-de-macuegne-le-11-septembre-2016\/"},"author":{"name":"Guy Harl\u00e9","@id":"https:\/\/centcols.org\/#\/schema\/person\/377f00da2793c0363246869bb3a344d0"},"headline":"Concentration r\u00e9gionale Dr\u00f4me Ard\u00e8che Vaucluse au col de Macu\u00e8gne le 11 septembre 2016","datePublished":"2016-02-03T13:30:47+00:00","dateModified":"2025-09-15T01:04:06+00:00","mainEntityOfPage":{"@id":"https:\/\/centcols.org\/concentration-regionale-drome-ardeche-vaucluse-au-col-de-macuegne-le-11-septembre-2016\/"},"wordCount":152,"publisher":{"@id":"https:\/\/centcols.org\/#organization"},"image":{"@id":"https:\/\/centcols.org\/concentration-regionale-drome-ardeche-vaucluse-au-col-de-macuegne-le-11-septembre-2016\/#primaryimage"},"thumbnailUrl":"https:\/\/centcols.org\/wp-content\/uploads\/2025\/05\/macuegne.jpg","articleSection":["Calendrier","2016-rassemblements","Rencontres r\u00e9gionales"],"inLanguage":"es"},{"@type":"WebPage","@id":"https:\/\/centcols.org\/concentration-regionale-drome-ardeche-vaucluse-au-col-de-macuegne-le-11-septembre-2016\/","url":"https:\/\/centcols.org\/concentration-regionale-drome-ardeche-vaucluse-au-col-de-macuegne-le-11-septembre-2016\/","name":"Encuentro regional Dr\u00f4me Ard\u00e8che Vaucluse en el Col de Macu\u00e8gne el 11 de septiembre de 2016 - Club des Cent Cols","isPartOf":{"@id":"https:\/\/centcols.org\/#website"},"primaryImageOfPage":{"@id":"https:\/\/centcols.org\/concentration-regionale-drome-ardeche-vaucluse-au-col-de-macuegne-le-11-septembre-2016\/#primaryimage"},"image":{"@id":"https:\/\/centcols.org\/concentration-regionale-drome-ardeche-vaucluse-au-col-de-macuegne-le-11-septembre-2016\/#primaryimage"},"thumbnailUrl":"https:\/\/centcols.org\/wp-content\/uploads\/2025\/05\/macuegne.jpg","datePublished":"2016-02-03T13:30:47+00:00","dateModified":"2025-09-15T01:04:06+00:00","breadcrumb":{"@id":"https:\/\/centcols.org\/concentration-regionale-drome-ardeche-vaucluse-au-col-de-macuegne-le-11-septembre-2016\/#breadcrumb"},"inLanguage":"es","potentialAction":[{"@type":"ReadAction","target":["https:\/\/centcols.org\/concentration-regionale-drome-ardeche-vaucluse-au-col-de-macuegne-le-11-septembre-2016\/"]}]},{"@type":"ImageObject","inLanguage":"es","@id":"https:\/\/centcols.org\/concentration-regionale-drome-ardeche-vaucluse-au-col-de-macuegne-le-11-septembre-2016\/#primaryimage","url":"https:\/\/centcols.org\/wp-content\/uploads\/2025\/05\/macuegne.jpg","contentUrl":"https:\/\/centcols.org\/wp-content\/uploads\/2025\/05\/macuegne.jpg","width":731,"height":579},{"@type":"BreadcrumbList","@id":"https:\/\/centcols.org\/concentration-regionale-drome-ardeche-vaucluse-au-col-de-macuegne-le-11-septembre-2016\/#breadcrumb","itemListElement":[{"@type":"ListItem","position":1,"name":"Accueil","item":"https:\/\/centcols.org\/"},{"@type":"ListItem","position":2,"name":"Calendrier","item":"https:\/\/centcols.org\/rubrique\/calendrier\/"},{"@type":"ListItem","position":3,"name":"Concentration r\u00e9gionale Dr\u00f4me Ard\u00e8che Vaucluse au col de Macu\u00e8gne le 11 septembre 2016"}]},{"@type":"WebSite","@id":"https:\/\/centcols.org\/#website","url":"https:\/\/centcols.org\/","name":"Club des Cent Cols","description":"","publisher":{"@id":"https:\/\/centcols.org\/#organization"},"potentialAction":[{"@type":"SearchAction","target":{"@type":"EntryPoint","urlTemplate":"https:\/\/centcols.org\/?s={search_term_string}"},"query-input":{"@type":"PropertyValueSpecification","valueRequired":true,"valueName":"search_term_string"}}],"inLanguage":"es"},{"@type":"Organization","@id":"https:\/\/centcols.org\/#organization","name":"Club des Cent Cols","url":"https:\/\/centcols.org\/","logo":{"@type":"ImageObject","inLanguage":"es","@id":"https:\/\/centcols.org\/#\/schema\/logo\/image\/","url":"https:\/\/centcols.org\/wp-content\/uploads\/2025\/01\/carte-icone.png","contentUrl":"https:\/\/centcols.org\/wp-content\/uploads\/2025\/01\/carte-icone.png","width":250,"height":250,"caption":"Club des Cent Cols"},"image":{"@id":"https:\/\/centcols.org\/#\/schema\/logo\/image\/"},"sameAs":["https:\/\/www.facebook.com\/groups\/5261880558\/?locale=fr_FR"]},{"@type":"Person","@id":"https:\/\/centcols.org\/#\/schema\/person\/377f00da2793c0363246869bb3a344d0","name":"Guy Harl\u00e9","image":{"@type":"ImageObject","inLanguage":"es","@id":"https:\/\/centcols.org\/wp-content\/litespeed\/avatar\/94c4de37e46cf090f296d42ab3e8d6a6.jpg?ver=1777238144","url":"https:\/\/centcols.org\/wp-content\/litespeed\/avatar\/94c4de37e46cf090f296d42ab3e8d6a6.jpg?ver=1777238144","contentUrl":"https:\/\/centcols.org\/wp-content\/litespeed\/avatar\/94c4de37e46cf090f296d42ab3e8d6a6.jpg?ver=1777238144","caption":"Guy Harl\u00e9"},"url":"https:\/\/centcols.org\/es\/author\/5193\/"}]}},"_links":{"self":[{"href":"https:\/\/centcols.org\/es\/wp-json\/wp\/v2\/posts\/81815","targetHints":{"allow":["GET"]}}],"collection":[{"href":"https:\/\/centcols.org\/es\/wp-json\/wp\/v2\/posts"}],"about":[{"href":"https:\/\/centcols.org\/es\/wp-json\/wp\/v2\/types\/post"}],"author":[{"embeddable":true,"href":"https:\/\/centcols.org\/es\/wp-json\/wp\/v2\/users\/136"}],"replies":[{"embeddable":true,"href":"https:\/\/centcols.org\/es\/wp-json\/wp\/v2\/comments?post=81815"}],"version-history":[{"count":0,"href":"https:\/\/centcols.org\/es\/wp-json\/wp\/v2\/posts\/81815\/revisions"}],"wp:featuredmedia":[{"embeddable":true,"href":"https:\/\/centcols.org\/es\/wp-json\/wp\/v2\/media\/81816"}],"wp:attachment":[{"href":"https:\/\/centcols.org\/es\/wp-json\/wp\/v2\/media?parent=81815"}],"wp:term":[{"taxonomy":"category","embeddable":true,"href":"https:\/\/centcols.org\/es\/wp-json\/wp\/v2\/categories?post=81815"},{"taxonomy":"post_tag","embeddable":true,"href":"https:\/\/centcols.org\/es\/wp-json\/wp\/v2\/tags?post=81815"}],"curies":[{"name":"wp","href":"https:\/\/api.w.org\/{rel}","templated":true}]}}