{"id":81831,"date":"2016-03-24T10:17:52","date_gmt":"2016-03-24T08:17:52","guid":{"rendered":"https:\/\/centcols.org\/assemblee-generale-du-club-des-cent-cols-a-balaruc-les-bains-herault-le-12-novembre-2016\/"},"modified":"2025-09-12T13:16:57","modified_gmt":"2025-09-12T11:16:57","slug":"balaruc-ag-2016","status":"publish","type":"post","link":"https:\/\/centcols.org\/es\/ag-2016-balaruc\/","title":{"rendered":"Asamblea General del Club des Cent Cols en Balaruc-les-Bains (H\u00e9rault) el 12 de noviembre de 2016."},"content":{"rendered":"\n<h2 class=\"wp-block-heading\">Pr\u00e9sentation<\/h2>\n\n\n\n<p>AG 2016, Balaruc-les-Bains, samedi 12 novembre 2016 \u00e0 15 h 30<\/p>\n\n\n\n<p>C\u2019est dans le d\u00e9partement de l\u2019H\u00e9rault, \u00e0 Balaruc-les-Bains, que se d\u00e9roulera&nbsp; notre Assembl\u00e9e g\u00e9n\u00e9rale 2016.<br>L\u2019h\u00e9bergement, la restauration ainsi que l\u2019Assembl\u00e9e g\u00e9n\u00e9rale se tiendront au sein du Village vacances \u00ab\u00a0Lo Solehau\u00a0\u00bb g\u00e9r\u00e9 par Touristra.<\/p>\n\n\n\n<h2 class=\"wp-block-heading\">Balaruc-les-Bains<\/h2>\n\n\n<div class=\"wp-block-image\">\n<figure class=\"aligncenter size-full\"><img loading=\"lazy\" decoding=\"async\" width=\"200\" height=\"220\" src=\"https:\/\/centcols.org\/wp-content\/uploads\/2025\/05\/blason.png\" alt=\"\" class=\"wp-image-81835\"\/><\/figure>\n<\/div>\n\n\n<p>Station thermale et baln\u00e9aire du Languedoc Roussillon, Balaruc-les-Bains est situ\u00e9e dans le d\u00e9partement de l&rsquo;H\u00e9rault, \u00e0 proximit\u00e9 de la mer M\u00e9diterran\u00e9e, sur une presqu&rsquo;\u00eele du Bassin de Thau, \u00e0 29 km au Sud-Ouest de Montpellier, 7 km de S\u00e8te et 48 km de B\u00e9ziers.<br>Premi\u00e8re station thermale de France, la seule en M\u00e9diterran\u00e9e, Balaruc-les-Bains est agr\u00e9\u00e9e pour deux orientations th\u00e9rapeutiques : la rhumatologie et la phl\u00e9bologie. Balaruc compte pr\u00e8s de 7000 habitants.<\/p>\n\n\n\n<figure class=\"wp-block-gallery has-nested-images columns-2 is-cropped wp-block-gallery-1 is-layout-flex wp-block-gallery-is-layout-flex\">\n<figure class=\"wp-block-image size-large\"><a href=\"https:\/\/centcols.org\/wp-content\/uploads\/2025\/05\/balaruc.jpg\"><img loading=\"lazy\" decoding=\"async\" width=\"950\" height=\"594\" data-id=\"81836\" src=\"https:\/\/centcols.org\/wp-content\/uploads\/2025\/05\/balaruc.jpg\" alt=\"\" class=\"wp-image-81836\" srcset=\"https:\/\/centcols.org\/wp-content\/uploads\/2025\/05\/balaruc.jpg 950w, https:\/\/centcols.org\/wp-content\/uploads\/2025\/05\/balaruc-768x480.jpg 768w\" sizes=\"auto, (max-width: 950px) 100vw, 950px\" \/><\/a><\/figure>\n\n\n\n<figure class=\"wp-block-image size-large\"><a href=\"https:\/\/centcols.org\/wp-content\/uploads\/2025\/05\/port-balaruc.jpg\"><img loading=\"lazy\" decoding=\"async\" width=\"950\" height=\"631\" data-id=\"81837\" src=\"https:\/\/centcols.org\/wp-content\/uploads\/2025\/05\/port-balaruc.jpg\" alt=\"\" class=\"wp-image-81837\" srcset=\"https:\/\/centcols.org\/wp-content\/uploads\/2025\/05\/port-balaruc.jpg 950w, https:\/\/centcols.org\/wp-content\/uploads\/2025\/05\/port-balaruc-768x510.jpg 768w\" sizes=\"auto, (max-width: 950px) 100vw, 950px\" \/><\/a><\/figure>\n<\/figure>\n\n\n\n<h2 class=\"wp-block-heading\">H\u00e9bergement<\/h2>\n\n\n\n<p>Village Vacances Lo Solehau<br>Rue du Mont Saint Clair<br>34 540 Balaruc-les-Bains<\/p>\n\n\n\n<p>Dans un parc de 3 hectares au bord de l&rsquo;\u00e9tang de Thau, le Village Vacances de Balaruc les Bains dispose de 203 chambres r\u00e9parties dans 4 b\u00e2timents peu \u00e9lev\u00e9s, avec ascenseur, et dispose aussi&nbsp; de 4 chambres doubles accessibles aux Personnes \u00e0 Mobilit\u00e9 R\u00e9duite.<br>Vous appr\u00e9cierez la proximit\u00e9 des pistes cyclables et du centre-ville \u00e0 5 minutes \u00e0 pied et le Village Vacances pieds dans l&rsquo;eau.<\/p>\n\n\n\n<figure class=\"wp-block-gallery has-nested-images columns-3 is-cropped wp-block-gallery-2 is-layout-flex wp-block-gallery-is-layout-flex\">\n<figure class=\"wp-block-image size-large\"><img loading=\"lazy\" decoding=\"async\" width=\"890\" height=\"591\" data-id=\"81834\" src=\"https:\/\/centcols.org\/wp-content\/uploads\/2025\/05\/village.jpg\" alt=\"\" class=\"wp-image-81834\" srcset=\"https:\/\/centcols.org\/wp-content\/uploads\/2025\/05\/village.jpg 890w, https:\/\/centcols.org\/wp-content\/uploads\/2025\/05\/village-768x510.jpg 768w\" sizes=\"auto, (max-width: 890px) 100vw, 890px\" \/><\/figure>\n\n\n\n<figure class=\"wp-block-image size-large\"><img loading=\"lazy\" decoding=\"async\" width=\"1535\" height=\"1022\" data-id=\"81833\" src=\"https:\/\/centcols.org\/wp-content\/uploads\/2025\/05\/chambre2.jpg\" alt=\"\" class=\"wp-image-81833\" srcset=\"https:\/\/centcols.org\/wp-content\/uploads\/2025\/05\/chambre2.jpg 1535w, https:\/\/centcols.org\/wp-content\/uploads\/2025\/05\/chambre2-1200x799.jpg 1200w, https:\/\/centcols.org\/wp-content\/uploads\/2025\/05\/chambre2-768x511.jpg 768w\" sizes=\"auto, (max-width: 1535px) 100vw, 1535px\" \/><\/figure>\n\n\n\n<figure class=\"wp-block-image size-large\"><img loading=\"lazy\" decoding=\"async\" width=\"888\" height=\"591\" data-id=\"81832\" src=\"https:\/\/centcols.org\/wp-content\/uploads\/2025\/05\/chambre1.jpg\" alt=\"\" class=\"wp-image-81832\" srcset=\"https:\/\/centcols.org\/wp-content\/uploads\/2025\/05\/chambre1.jpg 888w, https:\/\/centcols.org\/wp-content\/uploads\/2025\/05\/chambre1-768x511.jpg 768w\" sizes=\"auto, (max-width: 888px) 100vw, 888px\" \/><\/figure>\n<\/figure>\n\n\n\n<h2 class=\"wp-block-heading\">Contact<\/h2>\n\n\n\n<p>T\u00e9l. : 04 67 46 52 00 &#8211; Fax : 04 67 43 23 41<br>Courriel : [email]b&#97;&#108;&#x61;&#x72;&#x75;c&#64;&#116;&#111;&#x75;&#x72;&#x69;s&#116;&#114;&#97;&#x76;&#x61;&#x63;a&#110;&#99;&#x65;&#x73;&#x2e;co&#109;[\/email]<a href=\"http:&#x2f;&#x2f;&#x62;&#x61;&#x6c;&#x61;&#x72;&#x75;&#x63;&#x40;&#x74;&#x6f;&#x75;&#x72;&#105;&#115;&#116;&#114;&#97;&#118;&#97;&#99;&#97;&#110;&#99;es&#46;com\"><br><\/a><a href=\"http:\/\/www.touristravacances.com\/village-vacances-cure-thermale-balaruc.html\">http:\/\/www.touristravacances.com\/village-vacances-cure-thermale-balaruc.html<\/a><\/p>\n\n\n\n<h2 class=\"wp-block-heading\">Inscription<\/h2>\n\n\n\n<p>T\u00e9l\u00e9charger le bulletin d\u2019inscription<\/p>\n\n\n\n<h2 class=\"wp-block-heading\">Les circuits<\/h2>\n\n\n\n<p>Comme d\u2019habitude de petits&nbsp;<a href=\"https:\/\/centcols.org\/membres\/cctours\/tours.php?lieu=Balaruc&amp;an=2016\">circuits<\/a>&nbsp;<a href=\"https:\/\/centcols.org\/membres\/cctours\/tours.php?lieu=Balaruc&amp;an=2016&amp;genre=R\">route<\/a>&nbsp;et&nbsp;<a href=\"https:\/\/centcols.org\/membres\/cctours\/tours.php?lieu=Balaruc&amp;an=2016&amp;genre=V\">muletiers<\/a>&nbsp;seront propos\u00e9s les samedi &nbsp;et dimanche matin. Si la r\u00e9gion imm\u00e9diate n\u2019a pas beaucoup de cols, il sera possible n\u00e9anmoins d\u2019en \u201ccueillir\u201d quelques uns (Col de Gigean, Pas d\u2019Estang (routier), Col de Montm\u00e9jean) et un peu plus loin avec une petite mise en place le Pas de Gallardet (routier). Le massif de la Gardiole est sillonn\u00e9 de belles pistes roulantes.<\/p>\n\n\n\n<p>Jean-Marie Cayuela CC 7169 \u00e9labore les circuits muletiers et accompagnera les participants tandis qu\u2019Alex Poyer CC 862 nous propose les circuits routiers.<\/p>\n\n\n\n<p><strong>Pour les non-p\u00e9dalant, peuvent faire l\u2019objet de visites :<\/strong><\/p>\n\n\n\n<ul class=\"wp-block-list\">\n<li>Le jardin antique m\u00e9diterran\u00e9en de Balaruc-les-Bains<\/li>\n\n\n\n<li>S\u00e8te (ville \u00e9clatante de couleurs et parsem\u00e9e de canaux). A voir : le cimeti\u00e8re marin qui abrite les s\u00e9pultures de Jean Vilar et Paul Val\u00e9ry, la Pointe Courte, les Pierres Blanches\u2026<\/li>\n\n\n\n<li>la maison gallo-romaine de Loupian<\/li>\n\n\n\n<li>l\u2019ancienne cath\u00e9drale de\u00a0 Saint-Pierre-de-Maguelone<\/li>\n<\/ul>\n\n\n\n<p><\/p>\n","protected":false},"excerpt":{"rendered":"<p>Pr\u00e9sentation AG 2016, Balaruc-les-Bains, samedi 12 novembre 2016 \u00e0 15 h 30 C\u2019est dans le d\u00e9partement de l\u2019H\u00e9rault, \u00e0 Balaruc-les-Bains, que se d\u00e9roulera&nbsp; notre Assembl\u00e9e g\u00e9n\u00e9rale 2016.L\u2019h\u00e9bergement, la restauration ainsi que l\u2019Assembl\u00e9e g\u00e9n\u00e9rale se tiendront au sein du Village vacances \u00ab\u00a0Lo Solehau\u00a0\u00bb g\u00e9r\u00e9 par Touristra. Balaruc-les-Bains Station thermale et baln\u00e9aire du Languedoc Roussillon, Balaruc-les-Bains est [&hellip;]<\/p>\n","protected":false},"author":136,"featured_media":81832,"comment_status":"closed","ping_status":"closed","sticky":false,"template":"","format":"standard","meta":{"_acf_changed":false,"footnotes":""},"categories":[217,135],"tags":[],"class_list":["post-81831","post","type-post","status-publish","format-standard","has-post-thumbnail","hentry","category-assemblees-generales","category-calendrier"],"acf":[],"yoast_head":"<!-- This site is optimized with the Yoast SEO plugin v27.2 - https:\/\/yoast.com\/product\/yoast-seo-wordpress\/ -->\n<title>Assembl\u00e9e g\u00e9n\u00e9rale du Club des Cent Cols \u00e0 Balaruc-les-Bains (H\u00e9rault) le 12 novembre 2016 - Club des Cent Cols<\/title>\n<meta name=\"robots\" content=\"index, follow, max-snippet:-1, max-image-preview:large, max-video-preview:-1\" \/>\n<link rel=\"canonical\" href=\"https:\/\/centcols.org\/es\/balaruc-ag-2016\/\" \/>\n<meta property=\"og:locale\" content=\"es_ES\" \/>\n<meta property=\"og:type\" content=\"article\" \/>\n<meta property=\"og:title\" content=\"Assembl\u00e9e g\u00e9n\u00e9rale du Club des Cent Cols \u00e0 Balaruc-les-Bains (H\u00e9rault) le 12 novembre 2016 - Club des Cent Cols\" \/>\n<meta property=\"og:description\" content=\"Pr\u00e9sentation AG 2016, Balaruc-les-Bains, samedi 12 novembre 2016 \u00e0 15 h 30 C\u2019est dans le d\u00e9partement de l\u2019H\u00e9rault, \u00e0 Balaruc-les-Bains, que se d\u00e9roulera&nbsp; notre Assembl\u00e9e g\u00e9n\u00e9rale 2016.L\u2019h\u00e9bergement, la restauration ainsi que l\u2019Assembl\u00e9e g\u00e9n\u00e9rale se tiendront au sein du Village vacances \u00ab\u00a0Lo Solehau\u00a0\u00bb g\u00e9r\u00e9 par Touristra. Balaruc-les-Bains Station thermale et baln\u00e9aire du Languedoc Roussillon, Balaruc-les-Bains est [&hellip;]\" \/>\n<meta property=\"og:url\" content=\"https:\/\/centcols.org\/es\/balaruc-ag-2016\/\" \/>\n<meta property=\"og:site_name\" content=\"Club des Cent Cols\" \/>\n<meta property=\"article:publisher\" content=\"https:\/\/www.facebook.com\/groups\/5261880558\/?locale=fr_FR\" \/>\n<meta property=\"article:published_time\" content=\"2016-03-24T08:17:52+00:00\" \/>\n<meta property=\"article:modified_time\" content=\"2025-09-12T11:16:57+00:00\" \/>\n<meta property=\"og:image\" content=\"https:\/\/centcols.org\/wp-content\/uploads\/2025\/05\/chambre1.jpg\" \/>\n\t<meta property=\"og:image:width\" content=\"888\" \/>\n\t<meta property=\"og:image:height\" content=\"591\" \/>\n\t<meta property=\"og:image:type\" content=\"image\/jpeg\" \/>\n<meta name=\"author\" content=\"Guy Harl\u00e9\" \/>\n<meta name=\"twitter:card\" content=\"summary_large_image\" \/>\n<meta name=\"twitter:label1\" content=\"Escrito por\" \/>\n\t<meta name=\"twitter:data1\" content=\"Guy Harl\u00e9\" \/>\n\t<meta name=\"twitter:label2\" content=\"Tiempo de lectura\" \/>\n\t<meta name=\"twitter:data2\" content=\"4 minutos\" \/>\n<script type=\"application\/ld+json\" class=\"yoast-schema-graph\">{\"@context\":\"https:\/\/schema.org\",\"@graph\":[{\"@type\":\"Article\",\"@id\":\"https:\/\/centcols.org\/ag-2016-balaruc\/#article\",\"isPartOf\":{\"@id\":\"https:\/\/centcols.org\/ag-2016-balaruc\/\"},\"author\":{\"name\":\"Guy Harl\u00e9\",\"@id\":\"https:\/\/centcols.org\/#\/schema\/person\/377f00da2793c0363246869bb3a344d0\"},\"headline\":\"Assembl\u00e9e g\u00e9n\u00e9rale du Club des Cent Cols \u00e0 Balaruc-les-Bains (H\u00e9rault) le 12 novembre 2016\",\"datePublished\":\"2016-03-24T08:17:52+00:00\",\"dateModified\":\"2025-09-12T11:16:57+00:00\",\"mainEntityOfPage\":{\"@id\":\"https:\/\/centcols.org\/ag-2016-balaruc\/\"},\"wordCount\":425,\"publisher\":{\"@id\":\"https:\/\/centcols.org\/#organization\"},\"image\":{\"@id\":\"https:\/\/centcols.org\/ag-2016-balaruc\/#primaryimage\"},\"thumbnailUrl\":\"https:\/\/centcols.org\/wp-content\/uploads\/2025\/05\/chambre1.jpg\",\"articleSection\":[\"Assembl\u00e9es g\u00e9n\u00e9rales\",\"Calendrier\"],\"inLanguage\":\"es\"},{\"@type\":\"WebPage\",\"@id\":\"https:\/\/centcols.org\/ag-2016-balaruc\/\",\"url\":\"https:\/\/centcols.org\/ag-2016-balaruc\/\",\"name\":\"Assembl\u00e9e g\u00e9n\u00e9rale du Club des Cent Cols \u00e0 Balaruc-les-Bains (H\u00e9rault) le 12 novembre 2016 - Club des Cent Cols\",\"isPartOf\":{\"@id\":\"https:\/\/centcols.org\/#website\"},\"primaryImageOfPage\":{\"@id\":\"https:\/\/centcols.org\/ag-2016-balaruc\/#primaryimage\"},\"image\":{\"@id\":\"https:\/\/centcols.org\/ag-2016-balaruc\/#primaryimage\"},\"thumbnailUrl\":\"https:\/\/centcols.org\/wp-content\/uploads\/2025\/05\/chambre1.jpg\",\"datePublished\":\"2016-03-24T08:17:52+00:00\",\"dateModified\":\"2025-09-12T11:16:57+00:00\",\"breadcrumb\":{\"@id\":\"https:\/\/centcols.org\/ag-2016-balaruc\/#breadcrumb\"},\"inLanguage\":\"es\",\"potentialAction\":[{\"@type\":\"ReadAction\",\"target\":[\"https:\/\/centcols.org\/ag-2016-balaruc\/\"]}]},{\"@type\":\"ImageObject\",\"inLanguage\":\"es\",\"@id\":\"https:\/\/centcols.org\/ag-2016-balaruc\/#primaryimage\",\"url\":\"https:\/\/centcols.org\/wp-content\/uploads\/2025\/05\/chambre1.jpg\",\"contentUrl\":\"https:\/\/centcols.org\/wp-content\/uploads\/2025\/05\/chambre1.jpg\",\"width\":888,\"height\":591},{\"@type\":\"BreadcrumbList\",\"@id\":\"https:\/\/centcols.org\/ag-2016-balaruc\/#breadcrumb\",\"itemListElement\":[{\"@type\":\"ListItem\",\"position\":1,\"name\":\"Accueil\",\"item\":\"https:\/\/centcols.org\/\"},{\"@type\":\"ListItem\",\"position\":2,\"name\":\"Assembl\u00e9es g\u00e9n\u00e9rales\",\"item\":\"https:\/\/centcols.org\/rubrique\/assemblees-generales\/\"},{\"@type\":\"ListItem\",\"position\":3,\"name\":\"Assembl\u00e9e g\u00e9n\u00e9rale du Club des Cent Cols \u00e0 Balaruc-les-Bains (H\u00e9rault) le 12 novembre 2016\"}]},{\"@type\":\"WebSite\",\"@id\":\"https:\/\/centcols.org\/#website\",\"url\":\"https:\/\/centcols.org\/\",\"name\":\"Club des Cent Cols\",\"description\":\"\",\"publisher\":{\"@id\":\"https:\/\/centcols.org\/#organization\"},\"potentialAction\":[{\"@type\":\"SearchAction\",\"target\":{\"@type\":\"EntryPoint\",\"urlTemplate\":\"https:\/\/centcols.org\/?s={search_term_string}\"},\"query-input\":{\"@type\":\"PropertyValueSpecification\",\"valueRequired\":true,\"valueName\":\"search_term_string\"}}],\"inLanguage\":\"es\"},{\"@type\":\"Organization\",\"@id\":\"https:\/\/centcols.org\/#organization\",\"name\":\"Club des Cent Cols\",\"url\":\"https:\/\/centcols.org\/\",\"logo\":{\"@type\":\"ImageObject\",\"inLanguage\":\"es\",\"@id\":\"https:\/\/centcols.org\/#\/schema\/logo\/image\/\",\"url\":\"https:\/\/centcols.org\/wp-content\/uploads\/2025\/01\/carte-icone.png\",\"contentUrl\":\"https:\/\/centcols.org\/wp-content\/uploads\/2025\/01\/carte-icone.png\",\"width\":250,\"height\":250,\"caption\":\"Club des Cent Cols\"},\"image\":{\"@id\":\"https:\/\/centcols.org\/#\/schema\/logo\/image\/\"},\"sameAs\":[\"https:\/\/www.facebook.com\/groups\/5261880558\/?locale=fr_FR\"]},{\"@type\":\"Person\",\"@id\":\"https:\/\/centcols.org\/#\/schema\/person\/377f00da2793c0363246869bb3a344d0\",\"name\":\"Guy Harl\u00e9\",\"image\":{\"@type\":\"ImageObject\",\"inLanguage\":\"es\",\"@id\":\"https:\/\/centcols.org\/wp-content\/litespeed\/avatar\/94c4de37e46cf090f296d42ab3e8d6a6.jpg?ver=1777238144\",\"url\":\"https:\/\/centcols.org\/wp-content\/litespeed\/avatar\/94c4de37e46cf090f296d42ab3e8d6a6.jpg?ver=1777238144\",\"contentUrl\":\"https:\/\/centcols.org\/wp-content\/litespeed\/avatar\/94c4de37e46cf090f296d42ab3e8d6a6.jpg?ver=1777238144\",\"caption\":\"Guy Harl\u00e9\"},\"url\":\"https:\/\/centcols.org\/es\/author\/5193\/\"}]}<\/script>\n<!-- \/ Yoast SEO plugin. -->","yoast_head_json":{"title":"Asamblea General del Club des Cent Cols en Balaruc-les-Bains (H\u00e9rault) el 12 de noviembre de 2016 - Club des Cent Cols","robots":{"index":"index","follow":"follow","max-snippet":"max-snippet:-1","max-image-preview":"max-image-preview:large","max-video-preview":"max-video-preview:-1"},"canonical":"https:\/\/centcols.org\/es\/balaruc-ag-2016\/","og_locale":"es_ES","og_type":"article","og_title":"Assembl\u00e9e g\u00e9n\u00e9rale du Club des Cent Cols \u00e0 Balaruc-les-Bains (H\u00e9rault) le 12 novembre 2016 - Club des Cent Cols","og_description":"Pr\u00e9sentation AG 2016, Balaruc-les-Bains, samedi 12 novembre 2016 \u00e0 15 h 30 C\u2019est dans le d\u00e9partement de l\u2019H\u00e9rault, \u00e0 Balaruc-les-Bains, que se d\u00e9roulera&nbsp; notre Assembl\u00e9e g\u00e9n\u00e9rale 2016.L\u2019h\u00e9bergement, la restauration ainsi que l\u2019Assembl\u00e9e g\u00e9n\u00e9rale se tiendront au sein du Village vacances \u00ab\u00a0Lo Solehau\u00a0\u00bb g\u00e9r\u00e9 par Touristra. Balaruc-les-Bains Station thermale et baln\u00e9aire du Languedoc Roussillon, Balaruc-les-Bains est [&hellip;]","og_url":"https:\/\/centcols.org\/es\/balaruc-ag-2016\/","og_site_name":"Club des Cent Cols","article_publisher":"https:\/\/www.facebook.com\/groups\/5261880558\/?locale=fr_FR","article_published_time":"2016-03-24T08:17:52+00:00","article_modified_time":"2025-09-12T11:16:57+00:00","og_image":[{"width":888,"height":591,"url":"https:\/\/centcols.org\/wp-content\/uploads\/2025\/05\/chambre1.jpg","type":"image\/jpeg"}],"author":"Guy Harl\u00e9","twitter_card":"summary_large_image","twitter_misc":{"Escrito por":"Guy Harl\u00e9","Tiempo de lectura":"4 minutos"},"schema":{"@context":"https:\/\/schema.org","@graph":[{"@type":"Article","@id":"https:\/\/centcols.org\/ag-2016-balaruc\/#article","isPartOf":{"@id":"https:\/\/centcols.org\/ag-2016-balaruc\/"},"author":{"name":"Guy Harl\u00e9","@id":"https:\/\/centcols.org\/#\/schema\/person\/377f00da2793c0363246869bb3a344d0"},"headline":"Assembl\u00e9e g\u00e9n\u00e9rale du Club des Cent Cols \u00e0 Balaruc-les-Bains (H\u00e9rault) le 12 novembre 2016","datePublished":"2016-03-24T08:17:52+00:00","dateModified":"2025-09-12T11:16:57+00:00","mainEntityOfPage":{"@id":"https:\/\/centcols.org\/ag-2016-balaruc\/"},"wordCount":425,"publisher":{"@id":"https:\/\/centcols.org\/#organization"},"image":{"@id":"https:\/\/centcols.org\/ag-2016-balaruc\/#primaryimage"},"thumbnailUrl":"https:\/\/centcols.org\/wp-content\/uploads\/2025\/05\/chambre1.jpg","articleSection":["Assembl\u00e9es g\u00e9n\u00e9rales","Calendrier"],"inLanguage":"es"},{"@type":"WebPage","@id":"https:\/\/centcols.org\/ag-2016-balaruc\/","url":"https:\/\/centcols.org\/ag-2016-balaruc\/","name":"Asamblea General del Club des Cent Cols en Balaruc-les-Bains (H\u00e9rault) el 12 de noviembre de 2016 - Club des Cent Cols","isPartOf":{"@id":"https:\/\/centcols.org\/#website"},"primaryImageOfPage":{"@id":"https:\/\/centcols.org\/ag-2016-balaruc\/#primaryimage"},"image":{"@id":"https:\/\/centcols.org\/ag-2016-balaruc\/#primaryimage"},"thumbnailUrl":"https:\/\/centcols.org\/wp-content\/uploads\/2025\/05\/chambre1.jpg","datePublished":"2016-03-24T08:17:52+00:00","dateModified":"2025-09-12T11:16:57+00:00","breadcrumb":{"@id":"https:\/\/centcols.org\/ag-2016-balaruc\/#breadcrumb"},"inLanguage":"es","potentialAction":[{"@type":"ReadAction","target":["https:\/\/centcols.org\/ag-2016-balaruc\/"]}]},{"@type":"ImageObject","inLanguage":"es","@id":"https:\/\/centcols.org\/ag-2016-balaruc\/#primaryimage","url":"https:\/\/centcols.org\/wp-content\/uploads\/2025\/05\/chambre1.jpg","contentUrl":"https:\/\/centcols.org\/wp-content\/uploads\/2025\/05\/chambre1.jpg","width":888,"height":591},{"@type":"BreadcrumbList","@id":"https:\/\/centcols.org\/ag-2016-balaruc\/#breadcrumb","itemListElement":[{"@type":"ListItem","position":1,"name":"Accueil","item":"https:\/\/centcols.org\/"},{"@type":"ListItem","position":2,"name":"Assembl\u00e9es g\u00e9n\u00e9rales","item":"https:\/\/centcols.org\/rubrique\/assemblees-generales\/"},{"@type":"ListItem","position":3,"name":"Assembl\u00e9e g\u00e9n\u00e9rale du Club des Cent Cols \u00e0 Balaruc-les-Bains (H\u00e9rault) le 12 novembre 2016"}]},{"@type":"WebSite","@id":"https:\/\/centcols.org\/#website","url":"https:\/\/centcols.org\/","name":"Club des Cent Cols","description":"","publisher":{"@id":"https:\/\/centcols.org\/#organization"},"potentialAction":[{"@type":"SearchAction","target":{"@type":"EntryPoint","urlTemplate":"https:\/\/centcols.org\/?s={search_term_string}"},"query-input":{"@type":"PropertyValueSpecification","valueRequired":true,"valueName":"search_term_string"}}],"inLanguage":"es"},{"@type":"Organization","@id":"https:\/\/centcols.org\/#organization","name":"Club des Cent Cols","url":"https:\/\/centcols.org\/","logo":{"@type":"ImageObject","inLanguage":"es","@id":"https:\/\/centcols.org\/#\/schema\/logo\/image\/","url":"https:\/\/centcols.org\/wp-content\/uploads\/2025\/01\/carte-icone.png","contentUrl":"https:\/\/centcols.org\/wp-content\/uploads\/2025\/01\/carte-icone.png","width":250,"height":250,"caption":"Club des Cent Cols"},"image":{"@id":"https:\/\/centcols.org\/#\/schema\/logo\/image\/"},"sameAs":["https:\/\/www.facebook.com\/groups\/5261880558\/?locale=fr_FR"]},{"@type":"Person","@id":"https:\/\/centcols.org\/#\/schema\/person\/377f00da2793c0363246869bb3a344d0","name":"Guy Harl\u00e9","image":{"@type":"ImageObject","inLanguage":"es","@id":"https:\/\/centcols.org\/wp-content\/litespeed\/avatar\/94c4de37e46cf090f296d42ab3e8d6a6.jpg?ver=1777238144","url":"https:\/\/centcols.org\/wp-content\/litespeed\/avatar\/94c4de37e46cf090f296d42ab3e8d6a6.jpg?ver=1777238144","contentUrl":"https:\/\/centcols.org\/wp-content\/litespeed\/avatar\/94c4de37e46cf090f296d42ab3e8d6a6.jpg?ver=1777238144","caption":"Guy Harl\u00e9"},"url":"https:\/\/centcols.org\/es\/author\/5193\/"}]}},"_links":{"self":[{"href":"https:\/\/centcols.org\/es\/wp-json\/wp\/v2\/posts\/81831","targetHints":{"allow":["GET"]}}],"collection":[{"href":"https:\/\/centcols.org\/es\/wp-json\/wp\/v2\/posts"}],"about":[{"href":"https:\/\/centcols.org\/es\/wp-json\/wp\/v2\/types\/post"}],"author":[{"embeddable":true,"href":"https:\/\/centcols.org\/es\/wp-json\/wp\/v2\/users\/136"}],"replies":[{"embeddable":true,"href":"https:\/\/centcols.org\/es\/wp-json\/wp\/v2\/comments?post=81831"}],"version-history":[{"count":0,"href":"https:\/\/centcols.org\/es\/wp-json\/wp\/v2\/posts\/81831\/revisions"}],"wp:featuredmedia":[{"embeddable":true,"href":"https:\/\/centcols.org\/es\/wp-json\/wp\/v2\/media\/81832"}],"wp:attachment":[{"href":"https:\/\/centcols.org\/es\/wp-json\/wp\/v2\/media?parent=81831"}],"wp:term":[{"taxonomy":"category","embeddable":true,"href":"https:\/\/centcols.org\/es\/wp-json\/wp\/v2\/categories?post=81831"},{"taxonomy":"post_tag","embeddable":true,"href":"https:\/\/centcols.org\/es\/wp-json\/wp\/v2\/tags?post=81831"}],"curies":[{"name":"wp","href":"https:\/\/api.w.org\/{rel}","templated":true}]}}