{"id":81857,"date":"2016-10-05T18:55:20","date_gmt":"2016-10-05T16:55:20","guid":{"rendered":"https:\/\/centcols.org\/sejour-de-printemps-a-ceriale-en-ligurie-italie-du-8-au-15-mai-2017\/"},"modified":"2025-09-01T17:40:50","modified_gmt":"2025-09-01T15:40:50","slug":"estancia-2017-ceriale","status":"publish","type":"post","link":"https:\/\/centcols.org\/es\/sejour-2017-ceriale\/","title":{"rendered":"Vacaciones de primavera en Ceriale en Liguria (Italia) del 8 al 15 de mayo de 2017."},"content":{"rendered":"<p>La publicaci\u00f3n del nuevo cat\u00e1logo de puertos de monta\u00f1a italianos en 2016 fue el impulso para realizar un viaje de primavera a Italia. Por razones de proximidad a los miembros del club y de clima, se eligi\u00f3 Liguria en lugar de Piamonte, que en ese momento a\u00fan estaba cubierto de nieve.<\/p>\n\n\n\n<p>Las fechas del 8 al 15 de mayo son inusuales, debido a las elecciones presidenciales en Francia y al periodo vacacional de Semana Santa en Italia.<\/p>\n\n\n\n<h2 class=\"wp-block-heading\">Presentaci\u00f3n<\/h2>\n\n\n\n<p>Liguria es una de las 20 regiones que componen el\u2019<em>Italia<\/em>. Es una franja de tierra en forma de cuarto de luna, atrapada entre el mar Mediterr\u00e1neo y la cordillera de los Apeninos.<\/p>\n\n\n\n<p>Se extiende entre Menton y La Spezia (Ventimiglia, San Remo, Albenga, Savona, G\u00e9nova, Portofino y La Spezia son las principales ciudades costeras). El municipio de Ceriale est\u00e1 situado entre San Remo y Savona, cerca de la ciudad de Albenga, que es el mercado de flores m\u00e1s importante de Liguria.<\/p>\n\n\n\n<figure class=\"wp-block-gallery has-nested-images columns-3 is-cropped wp-block-gallery-1 is-layout-flex wp-block-gallery-is-layout-flex\">\n<figure class=\"wp-block-image size-full\"><a href=\"https:\/\/centcols.org\/wp-content\/uploads\/2016\/10\/Ligurie.png\"><img loading=\"lazy\" decoding=\"async\" width=\"800\" height=\"533\" data-id=\"88726\" src=\"https:\/\/centcols.org\/wp-content\/uploads\/2016\/10\/Ligurie.png\" alt=\"\" class=\"wp-image-88726\" srcset=\"https:\/\/centcols.org\/wp-content\/uploads\/2016\/10\/Ligurie.png 800w, https:\/\/centcols.org\/wp-content\/uploads\/2016\/10\/Ligurie-768x512.png 768w\" sizes=\"auto, (max-width: 800px) 100vw, 800px\" \/><\/a><\/figure>\n\n\n\n<figure class=\"wp-block-image size-full\"><a href=\"https:\/\/centcols.org\/wp-content\/uploads\/2016\/10\/Image1.jpg\"><img loading=\"lazy\" decoding=\"async\" width=\"677\" height=\"510\" data-id=\"88727\" src=\"https:\/\/centcols.org\/wp-content\/uploads\/2016\/10\/Image1.jpg\" alt=\"\" class=\"wp-image-88727\"\/><\/a><\/figure>\n\n\n\n<figure class=\"wp-block-image size-full\"><a href=\"https:\/\/centcols.org\/wp-content\/uploads\/2016\/10\/City_icon_Noun_Project.svg_-768x768-1.png\"><img loading=\"lazy\" decoding=\"async\" width=\"768\" height=\"768\" data-id=\"88728\" src=\"https:\/\/centcols.org\/wp-content\/uploads\/2016\/10\/City_icon_Noun_Project.svg_-768x768-1.png\" alt=\"\" class=\"wp-image-88728\" srcset=\"https:\/\/centcols.org\/wp-content\/uploads\/2016\/10\/City_icon_Noun_Project.svg_-768x768-1.png 768w, https:\/\/centcols.org\/wp-content\/uploads\/2016\/10\/City_icon_Noun_Project.svg_-768x768-1-150x150.png 150w\" sizes=\"auto, (max-width: 768px) 100vw, 768px\" \/><\/a><\/figure>\n<\/figure>\n\n\n\n<h2 class=\"wp-block-heading\"><a href=\"\/es\/les_rendez-vous\/2017\/Ceriale\/geo\/\">Visitas<\/a><\/h2>\n\n\n\n<p>Como el viaje tendr\u00e1 lugar a principios de mayo, las piernas de los participantes tendr\u00e1n ya mucho tiempo de entrenamiento \u00fatil. Los valles discurren perpendiculares a la costa y tienen poco que ver entre s\u00ed, y los Apeninos se sumergen abruptamente en el mar, lo que da lugar a considerables diferencias de altitud. Como dec\u00eda Velocio: \u00abNo hay desniveles equivocados, sino relaciones de transmisi\u00f3n equivocadas\u00bb. Debido a la configuraci\u00f3n de Liguria, no es posible ofrecer rutas en forma de estrella. As\u00ed que habr\u00e1 varios viajes entre el alojamiento y los puntos de partida de las rutas. Ser\u00e1 una oportunidad para visitar la Riviera italiana y las ciudades mencionadas, ricas en historia.<\/p>\n\n\n\n<p>Habr\u00e1 6 <a href=\"\/es\/membres\/cctours\/tours.php\/?lieu=Ceriale&amp;an=2017&amp;genre=R\">rutas por carretera<\/a> con variantes largas y cortas por 55 puertos. Existe una ruta extra para subir al famoso Poggio. Visite <a href=\"\/es\/membres\/cctours\/tours.php\/?lieu=Ceriale&amp;an=2017&amp;genre=V\">caminos de herradura<\/a> son mucho menos exigentes f\u00edsica y t\u00e9cnicamente que las de Gilette. Las 6 rutas le llevar\u00e1n por 85 puertos, algunos de ellos por antiguas pistas militares de la frontera franco-italiana.<\/p>\n\n\n\n<h2 class=\"wp-block-heading\">Alojamiento<\/h2>\n\n\n\n<p>El alojamiento principal ser\u00e1 en el pueblo de bungalows \u00abIl Paese di Ciribi\u00bb, en el municipio de Ceriale, que consta de 62 bungalows de construcci\u00f3n r\u00edgida. (Via Asti 50, 17023 Ceriale SV, Italia, +39 0182 992411). Los bungalows son de distintos tama\u00f1os y tienen capacidad para entre 3 y 6 personas.  Los socios pueden visitar el sitio web <a href=\"http:\/\/www.ciribi.it\/it\" target=\"_blank\" rel=\"noopener\">http:\/\/www.ciribi.it\/it<\/a> para hacer una visita virtual. Est\u00e1 situado en un antiguo olivar cerca del parque acu\u00e1tico Le Caravelle. Hemos negociado los precios de la pensi\u00f3n completa sobre la base de 3 personas por bungalow, con el fin de preservar un cierto grado de privacidad al tiempo que nos permite satisfacer las numerosas peticiones.<\/p>\n\n\n\n<p>Para quienes deseen viajar en caravana o autocaravana, el camping ofrece algunas plazas, pero es preferible dirigirse al cercano camping \u00abCamping Baciccia\u00bb (Via Torino 19, 17023 Ceriale SV, Italia, +39 0182 990743). Est\u00e1 a menos de 500 m del alojamiento principal y dispone de 90 plazas de camping, bungalows y mobil homes. El club no se encarga de las reservas, que deben hacerse individualmente y directamente con el camping. Para los que hayan elegido esta opci\u00f3n, hemos negociado el precio de las comidas y picnics con el alojamiento principal para fomentar la convivencia.<\/p>\n\n\n\n<p>G\u00e9rard Birelli, CC 5553<\/p>\n\n\n\n<p><a href=\"https:\/\/centcols.org\/wp-content\/uploads\/2025\/09\/Ceriale2017.pdf\">Descargar el folleto<\/a><\/p>\n\n\n\n<h2 class=\"wp-block-heading\">Inscripci\u00f3n<\/h2>\n\n\n\n<p>Para inscribirse, descargue el formulario de inscripci\u00f3n en PDF y siga las instrucciones que figuran en \u00e9l.<\/p>","protected":false},"excerpt":{"rendered":"<p>La publication du nouveau catalogue des cols d\u2019Italie en 2016 a \u00e9t\u00e9 \u00e0 l\u2019origine de la mise en \u0153uvre d\u2019un s\u00e9jour de printemps en Italie. Pour des raisons de proximit\u00e9 pour les adh\u00e9rents du club et de climat, la Ligurie a \u00e9t\u00e9 choisie plut\u00f4t que le Pi\u00e9mont encore enneig\u00e9 \u00e0 cette \u00e9poque. Les dates retenues [&hellip;]<\/p>\n","protected":false},"author":3,"featured_media":83259,"comment_status":"closed","ping_status":"open","sticky":false,"template":"","format":"standard","meta":{"_acf_changed":false,"footnotes":""},"categories":[358,135,357,416,231],"tags":[],"class_list":["post-81857","post","type-post","status-publish","format-standard","has-post-thumbnail","hentry","category-italie-pays-sejours","category-calendrier","category-ligurie","category-apennins-ligures","category-sejours"],"acf":[],"yoast_head":"<!-- This site is optimized with the Yoast SEO plugin v27.2 - https:\/\/yoast.com\/product\/yoast-seo-wordpress\/ -->\n<title>S\u00e9jour de printemps \u00e0 Ceriale en Ligurie (Italie) du 8 au 15 mai 2017 - Club des Cent Cols<\/title>\n<meta name=\"robots\" content=\"index, follow, max-snippet:-1, max-image-preview:large, max-video-preview:-1\" \/>\n<link rel=\"canonical\" href=\"https:\/\/centcols.org\/es\/estancia-2017-ceriale\/\" \/>\n<meta property=\"og:locale\" content=\"es_ES\" \/>\n<meta property=\"og:type\" content=\"article\" \/>\n<meta property=\"og:title\" content=\"S\u00e9jour de printemps \u00e0 Ceriale en Ligurie (Italie) du 8 au 15 mai 2017 - Club des Cent Cols\" \/>\n<meta property=\"og:description\" content=\"La publication du nouveau catalogue des cols d\u2019Italie en 2016 a \u00e9t\u00e9 \u00e0 l\u2019origine de la mise en \u0153uvre d\u2019un s\u00e9jour de printemps en Italie. Pour des raisons de proximit\u00e9 pour les adh\u00e9rents du club et de climat, la Ligurie a \u00e9t\u00e9 choisie plut\u00f4t que le Pi\u00e9mont encore enneig\u00e9 \u00e0 cette \u00e9poque. Les dates retenues [&hellip;]\" \/>\n<meta property=\"og:url\" content=\"https:\/\/centcols.org\/es\/estancia-2017-ceriale\/\" \/>\n<meta property=\"og:site_name\" content=\"Club des Cent Cols\" \/>\n<meta property=\"article:publisher\" content=\"https:\/\/www.facebook.com\/groups\/5261880558\/?locale=fr_FR\" \/>\n<meta property=\"article:published_time\" content=\"2016-10-05T16:55:20+00:00\" \/>\n<meta property=\"article:modified_time\" content=\"2025-09-01T15:40:50+00:00\" \/>\n<meta property=\"og:image\" content=\"https:\/\/centcols.org\/wp-content\/uploads\/2016\/10\/Image11.jpg\" \/>\n\t<meta property=\"og:image:width\" content=\"677\" \/>\n\t<meta property=\"og:image:height\" content=\"510\" \/>\n\t<meta property=\"og:image:type\" content=\"image\/jpeg\" \/>\n<meta name=\"author\" content=\"Webmestre\" \/>\n<meta name=\"twitter:card\" content=\"summary_large_image\" \/>\n<meta name=\"twitter:label1\" content=\"Escrito por\" \/>\n\t<meta name=\"twitter:data1\" content=\"Webmestre\" \/>\n\t<meta name=\"twitter:label2\" content=\"Tiempo de lectura\" \/>\n\t<meta name=\"twitter:data2\" content=\"4 minutos\" \/>\n<script type=\"application\/ld+json\" class=\"yoast-schema-graph\">{\"@context\":\"https:\/\/schema.org\",\"@graph\":[{\"@type\":\"Article\",\"@id\":\"https:\/\/centcols.org\/sejour-2017-ceriale\/#article\",\"isPartOf\":{\"@id\":\"https:\/\/centcols.org\/sejour-2017-ceriale\/\"},\"author\":{\"name\":\"Webmestre\",\"@id\":\"https:\/\/centcols.org\/#\/schema\/person\/911b404fb133d8c913dd27cdcf71c8e5\"},\"headline\":\"S\u00e9jour de printemps \u00e0 Ceriale en Ligurie (Italie) du 8 au 15 mai 2017\",\"datePublished\":\"2016-10-05T16:55:20+00:00\",\"dateModified\":\"2025-09-01T15:40:50+00:00\",\"mainEntityOfPage\":{\"@id\":\"https:\/\/centcols.org\/sejour-2017-ceriale\/\"},\"wordCount\":625,\"publisher\":{\"@id\":\"https:\/\/centcols.org\/#organization\"},\"image\":{\"@id\":\"https:\/\/centcols.org\/sejour-2017-ceriale\/#primaryimage\"},\"thumbnailUrl\":\"https:\/\/centcols.org\/wp-content\/uploads\/2016\/10\/Image11.jpg\",\"articleSection\":[\"Italie\",\"Calendrier\",\"Ligurie\",\"Apennins Ligures\",\"S\u00e9jours du Club des Cent Cols\"],\"inLanguage\":\"es\"},{\"@type\":\"WebPage\",\"@id\":\"https:\/\/centcols.org\/sejour-2017-ceriale\/\",\"url\":\"https:\/\/centcols.org\/sejour-2017-ceriale\/\",\"name\":\"S\u00e9jour de printemps \u00e0 Ceriale en Ligurie (Italie) du 8 au 15 mai 2017 - Club des Cent Cols\",\"isPartOf\":{\"@id\":\"https:\/\/centcols.org\/#website\"},\"primaryImageOfPage\":{\"@id\":\"https:\/\/centcols.org\/sejour-2017-ceriale\/#primaryimage\"},\"image\":{\"@id\":\"https:\/\/centcols.org\/sejour-2017-ceriale\/#primaryimage\"},\"thumbnailUrl\":\"https:\/\/centcols.org\/wp-content\/uploads\/2016\/10\/Image11.jpg\",\"datePublished\":\"2016-10-05T16:55:20+00:00\",\"dateModified\":\"2025-09-01T15:40:50+00:00\",\"breadcrumb\":{\"@id\":\"https:\/\/centcols.org\/sejour-2017-ceriale\/#breadcrumb\"},\"inLanguage\":\"es\",\"potentialAction\":[{\"@type\":\"ReadAction\",\"target\":[\"https:\/\/centcols.org\/sejour-2017-ceriale\/\"]}]},{\"@type\":\"ImageObject\",\"inLanguage\":\"es\",\"@id\":\"https:\/\/centcols.org\/sejour-2017-ceriale\/#primaryimage\",\"url\":\"https:\/\/centcols.org\/wp-content\/uploads\/2016\/10\/Image11.jpg\",\"contentUrl\":\"https:\/\/centcols.org\/wp-content\/uploads\/2016\/10\/Image11.jpg\",\"width\":677,\"height\":510},{\"@type\":\"BreadcrumbList\",\"@id\":\"https:\/\/centcols.org\/sejour-2017-ceriale\/#breadcrumb\",\"itemListElement\":[{\"@type\":\"ListItem\",\"position\":1,\"name\":\"Accueil\",\"item\":\"https:\/\/centcols.org\/\"},{\"@type\":\"ListItem\",\"position\":2,\"name\":\"S\u00e9jours du Club des Cent Cols\",\"item\":\"https:\/\/centcols.org\/rubrique\/sejours\/\"},{\"@type\":\"ListItem\",\"position\":3,\"name\":\"Pays\",\"item\":\"https:\/\/centcols.org\/rubrique\/sejours\/pays-sejours\/\"},{\"@type\":\"ListItem\",\"position\":4,\"name\":\"Italie\",\"item\":\"https:\/\/centcols.org\/rubrique\/sejours\/pays-sejours\/italie-pays-sejours\/\"},{\"@type\":\"ListItem\",\"position\":5,\"name\":\"S\u00e9jour de printemps \u00e0 Ceriale en Ligurie (Italie) du 8 au 15 mai 2017\"}]},{\"@type\":\"WebSite\",\"@id\":\"https:\/\/centcols.org\/#website\",\"url\":\"https:\/\/centcols.org\/\",\"name\":\"Club des Cent Cols\",\"description\":\"\",\"publisher\":{\"@id\":\"https:\/\/centcols.org\/#organization\"},\"potentialAction\":[{\"@type\":\"SearchAction\",\"target\":{\"@type\":\"EntryPoint\",\"urlTemplate\":\"https:\/\/centcols.org\/?s={search_term_string}\"},\"query-input\":{\"@type\":\"PropertyValueSpecification\",\"valueRequired\":true,\"valueName\":\"search_term_string\"}}],\"inLanguage\":\"es\"},{\"@type\":\"Organization\",\"@id\":\"https:\/\/centcols.org\/#organization\",\"name\":\"Club des Cent Cols\",\"url\":\"https:\/\/centcols.org\/\",\"logo\":{\"@type\":\"ImageObject\",\"inLanguage\":\"es\",\"@id\":\"https:\/\/centcols.org\/#\/schema\/logo\/image\/\",\"url\":\"https:\/\/centcols.org\/wp-content\/uploads\/2025\/01\/carte-icone.png\",\"contentUrl\":\"https:\/\/centcols.org\/wp-content\/uploads\/2025\/01\/carte-icone.png\",\"width\":250,\"height\":250,\"caption\":\"Club des Cent Cols\"},\"image\":{\"@id\":\"https:\/\/centcols.org\/#\/schema\/logo\/image\/\"},\"sameAs\":[\"https:\/\/www.facebook.com\/groups\/5261880558\/?locale=fr_FR\"]},{\"@type\":\"Person\",\"@id\":\"https:\/\/centcols.org\/#\/schema\/person\/911b404fb133d8c913dd27cdcf71c8e5\",\"name\":\"Webmestre\",\"image\":{\"@type\":\"ImageObject\",\"inLanguage\":\"es\",\"@id\":\"https:\/\/centcols.org\/wp-content\/litespeed\/avatar\/2d246e4b6b4f773e08515e1ffc53690b.jpg?ver=1777222892\",\"url\":\"https:\/\/centcols.org\/wp-content\/litespeed\/avatar\/2d246e4b6b4f773e08515e1ffc53690b.jpg?ver=1777222892\",\"contentUrl\":\"https:\/\/centcols.org\/wp-content\/litespeed\/avatar\/2d246e4b6b4f773e08515e1ffc53690b.jpg?ver=1777222892\",\"caption\":\"Webmestre\"},\"url\":\"https:\/\/centcols.org\/es\/author\/webmestre\/\"}]}<\/script>\n<!-- \/ Yoast SEO plugin. -->","yoast_head_json":{"title":"Vacaciones de primavera en Ceriale en Liguria (Italia) del 8 al 15 de mayo de 2017 - Club des Cent Cols","robots":{"index":"index","follow":"follow","max-snippet":"max-snippet:-1","max-image-preview":"max-image-preview:large","max-video-preview":"max-video-preview:-1"},"canonical":"https:\/\/centcols.org\/es\/estancia-2017-ceriale\/","og_locale":"es_ES","og_type":"article","og_title":"S\u00e9jour de printemps \u00e0 Ceriale en Ligurie (Italie) du 8 au 15 mai 2017 - Club des Cent Cols","og_description":"La publication du nouveau catalogue des cols d\u2019Italie en 2016 a \u00e9t\u00e9 \u00e0 l\u2019origine de la mise en \u0153uvre d\u2019un s\u00e9jour de printemps en Italie. Pour des raisons de proximit\u00e9 pour les adh\u00e9rents du club et de climat, la Ligurie a \u00e9t\u00e9 choisie plut\u00f4t que le Pi\u00e9mont encore enneig\u00e9 \u00e0 cette \u00e9poque. Les dates retenues [&hellip;]","og_url":"https:\/\/centcols.org\/es\/estancia-2017-ceriale\/","og_site_name":"Club des Cent Cols","article_publisher":"https:\/\/www.facebook.com\/groups\/5261880558\/?locale=fr_FR","article_published_time":"2016-10-05T16:55:20+00:00","article_modified_time":"2025-09-01T15:40:50+00:00","og_image":[{"width":677,"height":510,"url":"https:\/\/centcols.org\/wp-content\/uploads\/2016\/10\/Image11.jpg","type":"image\/jpeg"}],"author":"Webmestre","twitter_card":"summary_large_image","twitter_misc":{"Escrito por":"Webmestre","Tiempo de lectura":"4 minutos"},"schema":{"@context":"https:\/\/schema.org","@graph":[{"@type":"Article","@id":"https:\/\/centcols.org\/sejour-2017-ceriale\/#article","isPartOf":{"@id":"https:\/\/centcols.org\/sejour-2017-ceriale\/"},"author":{"name":"Webmestre","@id":"https:\/\/centcols.org\/#\/schema\/person\/911b404fb133d8c913dd27cdcf71c8e5"},"headline":"S\u00e9jour de printemps \u00e0 Ceriale en Ligurie (Italie) du 8 au 15 mai 2017","datePublished":"2016-10-05T16:55:20+00:00","dateModified":"2025-09-01T15:40:50+00:00","mainEntityOfPage":{"@id":"https:\/\/centcols.org\/sejour-2017-ceriale\/"},"wordCount":625,"publisher":{"@id":"https:\/\/centcols.org\/#organization"},"image":{"@id":"https:\/\/centcols.org\/sejour-2017-ceriale\/#primaryimage"},"thumbnailUrl":"https:\/\/centcols.org\/wp-content\/uploads\/2016\/10\/Image11.jpg","articleSection":["Italie","Calendrier","Ligurie","Apennins Ligures","S\u00e9jours du Club des Cent Cols"],"inLanguage":"es"},{"@type":"WebPage","@id":"https:\/\/centcols.org\/sejour-2017-ceriale\/","url":"https:\/\/centcols.org\/sejour-2017-ceriale\/","name":"Vacaciones de primavera en Ceriale en Liguria (Italia) del 8 al 15 de mayo de 2017 - Club des Cent Cols","isPartOf":{"@id":"https:\/\/centcols.org\/#website"},"primaryImageOfPage":{"@id":"https:\/\/centcols.org\/sejour-2017-ceriale\/#primaryimage"},"image":{"@id":"https:\/\/centcols.org\/sejour-2017-ceriale\/#primaryimage"},"thumbnailUrl":"https:\/\/centcols.org\/wp-content\/uploads\/2016\/10\/Image11.jpg","datePublished":"2016-10-05T16:55:20+00:00","dateModified":"2025-09-01T15:40:50+00:00","breadcrumb":{"@id":"https:\/\/centcols.org\/sejour-2017-ceriale\/#breadcrumb"},"inLanguage":"es","potentialAction":[{"@type":"ReadAction","target":["https:\/\/centcols.org\/sejour-2017-ceriale\/"]}]},{"@type":"ImageObject","inLanguage":"es","@id":"https:\/\/centcols.org\/sejour-2017-ceriale\/#primaryimage","url":"https:\/\/centcols.org\/wp-content\/uploads\/2016\/10\/Image11.jpg","contentUrl":"https:\/\/centcols.org\/wp-content\/uploads\/2016\/10\/Image11.jpg","width":677,"height":510},{"@type":"BreadcrumbList","@id":"https:\/\/centcols.org\/sejour-2017-ceriale\/#breadcrumb","itemListElement":[{"@type":"ListItem","position":1,"name":"Accueil","item":"https:\/\/centcols.org\/"},{"@type":"ListItem","position":2,"name":"S\u00e9jours du Club des Cent Cols","item":"https:\/\/centcols.org\/rubrique\/sejours\/"},{"@type":"ListItem","position":3,"name":"Pays","item":"https:\/\/centcols.org\/rubrique\/sejours\/pays-sejours\/"},{"@type":"ListItem","position":4,"name":"Italie","item":"https:\/\/centcols.org\/rubrique\/sejours\/pays-sejours\/italie-pays-sejours\/"},{"@type":"ListItem","position":5,"name":"S\u00e9jour de printemps \u00e0 Ceriale en Ligurie (Italie) du 8 au 15 mai 2017"}]},{"@type":"WebSite","@id":"https:\/\/centcols.org\/#website","url":"https:\/\/centcols.org\/","name":"Club des Cent Cols","description":"","publisher":{"@id":"https:\/\/centcols.org\/#organization"},"potentialAction":[{"@type":"SearchAction","target":{"@type":"EntryPoint","urlTemplate":"https:\/\/centcols.org\/?s={search_term_string}"},"query-input":{"@type":"PropertyValueSpecification","valueRequired":true,"valueName":"search_term_string"}}],"inLanguage":"es"},{"@type":"Organization","@id":"https:\/\/centcols.org\/#organization","name":"Club des Cent Cols","url":"https:\/\/centcols.org\/","logo":{"@type":"ImageObject","inLanguage":"es","@id":"https:\/\/centcols.org\/#\/schema\/logo\/image\/","url":"https:\/\/centcols.org\/wp-content\/uploads\/2025\/01\/carte-icone.png","contentUrl":"https:\/\/centcols.org\/wp-content\/uploads\/2025\/01\/carte-icone.png","width":250,"height":250,"caption":"Club des Cent Cols"},"image":{"@id":"https:\/\/centcols.org\/#\/schema\/logo\/image\/"},"sameAs":["https:\/\/www.facebook.com\/groups\/5261880558\/?locale=fr_FR"]},{"@type":"Person","@id":"https:\/\/centcols.org\/#\/schema\/person\/911b404fb133d8c913dd27cdcf71c8e5","name":"Webmaster","image":{"@type":"ImageObject","inLanguage":"es","@id":"https:\/\/centcols.org\/wp-content\/litespeed\/avatar\/2d246e4b6b4f773e08515e1ffc53690b.jpg?ver=1777222892","url":"https:\/\/centcols.org\/wp-content\/litespeed\/avatar\/2d246e4b6b4f773e08515e1ffc53690b.jpg?ver=1777222892","contentUrl":"https:\/\/centcols.org\/wp-content\/litespeed\/avatar\/2d246e4b6b4f773e08515e1ffc53690b.jpg?ver=1777222892","caption":"Webmestre"},"url":"https:\/\/centcols.org\/es\/author\/webmestre\/"}]}},"_links":{"self":[{"href":"https:\/\/centcols.org\/es\/wp-json\/wp\/v2\/posts\/81857","targetHints":{"allow":["GET"]}}],"collection":[{"href":"https:\/\/centcols.org\/es\/wp-json\/wp\/v2\/posts"}],"about":[{"href":"https:\/\/centcols.org\/es\/wp-json\/wp\/v2\/types\/post"}],"author":[{"embeddable":true,"href":"https:\/\/centcols.org\/es\/wp-json\/wp\/v2\/users\/3"}],"replies":[{"embeddable":true,"href":"https:\/\/centcols.org\/es\/wp-json\/wp\/v2\/comments?post=81857"}],"version-history":[{"count":0,"href":"https:\/\/centcols.org\/es\/wp-json\/wp\/v2\/posts\/81857\/revisions"}],"wp:featuredmedia":[{"embeddable":true,"href":"https:\/\/centcols.org\/es\/wp-json\/wp\/v2\/media\/83259"}],"wp:attachment":[{"href":"https:\/\/centcols.org\/es\/wp-json\/wp\/v2\/media?parent=81857"}],"wp:term":[{"taxonomy":"category","embeddable":true,"href":"https:\/\/centcols.org\/es\/wp-json\/wp\/v2\/categories?post=81857"},{"taxonomy":"post_tag","embeddable":true,"href":"https:\/\/centcols.org\/es\/wp-json\/wp\/v2\/tags?post=81857"}],"curies":[{"name":"wp","href":"https:\/\/api.w.org\/{rel}","templated":true}]}}