{"id":81875,"date":"2016-12-20T21:14:10","date_gmt":"2016-12-20T19:14:10","guid":{"rendered":"https:\/\/centcols.org\/sejour-estival-a-bielle-pyrenees-atlantiques-du-13-au-20-aout-2017\/"},"modified":"2025-09-14T22:26:53","modified_gmt":"2025-09-14T20:26:53","slug":"estancia-2017-bielle","status":"publish","type":"post","link":"https:\/\/centcols.org\/es\/sejour-2017-bielle\/","title":{"rendered":"Vacaciones de verano en Bielle (Pirineos Atl\u00e1nticos) del 13 al 20 de agosto de 2017"},"content":{"rendered":"<p>Alain Gillodes, Chantal Sala, Patrick Schleppi y R\u00e9gis Paraz contribuyeron a esta p\u00e1gina de presentaci\u00f3n del viaje.<\/p>\n\n\n<div class=\"wp-block-image\">\n<figure class=\"aligncenter size-full\"><img loading=\"lazy\" decoding=\"async\" width=\"1024\" height=\"575\" src=\"https:\/\/centcols.org\/wp-content\/uploads\/2025\/05\/picdumidipssau.jpg\" alt=\"\" class=\"wp-image-81876\" srcset=\"https:\/\/centcols.org\/wp-content\/uploads\/2025\/05\/picdumidipssau.jpg 1024w, https:\/\/centcols.org\/wp-content\/uploads\/2025\/05\/picdumidipssau-768x431.jpg 768w\" sizes=\"auto, (max-width: 1024px) 100vw, 1024px\" \/><figcaption class=\"wp-element-caption\">Pic du Midi d'Ossau (foto Alain Gillodes)<\/figcaption><\/figure>\n<\/div>\n\n\n<p><span class=\"content_editable\"><span class=\"global_colour_2 _caption_text_color local_font_2 _fcaption_text_font\" style=\"color: #222222; font-family: Georgia,Times New Roman,Times,serif; font-size: medium;\">Las vacaciones de verano de 2017 est\u00e1n programadas en los Pirineos Atl\u00e1nticos, en el centro de vacaciones Arriu Mage, que debe su nombre a uno de los arroyos que atraviesan Bielle, un peque\u00f1o pueblo del valle de Ossau, en la regi\u00f3n de Haut-B\u00e9arn, a 450 m de altitud.<br>Este viaje, preparado por Alain Gillodes (cc n\u00b0722) y Chantal Sala (cc n\u00b03674), le permitir\u00e1 descubrir dos regiones, B\u00e9arn y el Pa\u00eds Vasco, con el Parque Nacional de los Pirineos y los picos Midi de Bigorre y Ossau.<br>Nuestro encuentro tendr\u00e1 lugar en el Col du Porteigt (875 m), en la meseta del B\u00e9nou, el s\u00e1bado 19 de agosto.<\/span><\/span><\/p>\n\n\n\n<h2 class=\"wp-block-heading\">Introducci\u00f3n a la regi\u00f3n<\/h2>\n\n\n\n<p>Le <strong>B\u00e9arn<\/strong> La regi\u00f3n de Haut-B\u00e9arn est\u00e1 formada por tres valles principales: el Valle de Ossau, el Valle de Aspe y el Valle de Bar\u00e9tous, adem\u00e1s de una parte del Valle de l'Ouzom.<br><strong>Biela<\/strong> es un pueblo de la regi\u00f3n francesa de Haut-B\u00e9arn, situado a 450 m de altitud en el valle de Ossau. Es uno de los dieciocho pueblos del valle.<br>El valle de Ossau se extiende geogr\u00e1ficamente de norte a sur a lo largo de unos cincuenta kil\u00f3metros, desde R\u00e9b\u00e9nacq (a quince kil\u00f3metros de Pau) hasta el Col du Pourtalet (en la frontera espa\u00f1ola). Est\u00e1 formado por dos cantones: el cant\u00f3n de Arudy, con sus estribaciones pirenaicas, y el cant\u00f3n de Laruns, con sus paisajes de media y alta monta\u00f1a. El Gave d'Ossau, r\u00edo matriz del Gave d'Oloron, atraviesa la zona, dominada por el Pic du Midi d'Ossau, a 2.884 metros. Es el m\u00e1s oriental de los tres grandes valles bearneses que dibujan la cordillera pirenaica. Enlaza al este con el valle de Ouzom y Lavedan (Argel\u00e8s-Gazost) por el Col d'Aubisque, y al sur con Arag\u00f3n por el Col du Pourtalet.<\/p>\n\n\n\n<figure class=\"wp-block-gallery has-nested-images columns-3 is-cropped wp-block-gallery-1 is-layout-flex wp-block-gallery-is-layout-flex\">\n<figure class=\"wp-block-image size-full\"><a href=\"https:\/\/centcols.org\/wp-content\/uploads\/2025\/05\/bearn.jpg\"><img loading=\"lazy\" decoding=\"async\" width=\"400\" height=\"400\" data-id=\"81880\" src=\"https:\/\/centcols.org\/wp-content\/uploads\/2025\/05\/bearn.jpg\" alt=\"\" class=\"wp-image-81880\" srcset=\"https:\/\/centcols.org\/wp-content\/uploads\/2025\/05\/bearn.jpg 400w, https:\/\/centcols.org\/wp-content\/uploads\/2025\/05\/bearn-150x150.jpg 150w\" sizes=\"auto, (max-width: 400px) 100vw, 400px\" \/><\/a><figcaption class=\"wp-element-caption\">B\u00e9arn<\/figcaption><\/figure>\n\n\n\n<figure class=\"wp-block-image size-full\"><a href=\"https:\/\/centcols.org\/wp-content\/uploads\/2016\/12\/Bielle3.jpg\"><img loading=\"lazy\" decoding=\"async\" width=\"1024\" height=\"768\" data-id=\"88719\" src=\"https:\/\/centcols.org\/wp-content\/uploads\/2016\/12\/Bielle3.jpg\" alt=\"\" class=\"wp-image-88719\" srcset=\"https:\/\/centcols.org\/wp-content\/uploads\/2016\/12\/Bielle3.jpg 1024w, https:\/\/centcols.org\/wp-content\/uploads\/2016\/12\/Bielle3-768x576.jpg 768w\" sizes=\"auto, (max-width: 1024px) 100vw, 1024px\" \/><\/a><figcaption class=\"wp-element-caption\">Oloron-Sainte-Marie (foto Alain Gillodes)<\/figcaption><\/figure>\n\n\n\n<figure class=\"wp-block-image size-full\"><a href=\"https:\/\/centcols.org\/wp-content\/uploads\/2016\/12\/PO.jpg\"><img loading=\"lazy\" decoding=\"async\" width=\"400\" height=\"400\" data-id=\"88720\" src=\"https:\/\/centcols.org\/wp-content\/uploads\/2016\/12\/PO.jpg\" alt=\"\" class=\"wp-image-88720\" srcset=\"https:\/\/centcols.org\/wp-content\/uploads\/2016\/12\/PO.jpg 400w, https:\/\/centcols.org\/wp-content\/uploads\/2016\/12\/PO-150x150.jpg 150w\" sizes=\"auto, (max-width: 400px) 100vw, 400px\" \/><\/a><figcaption class=\"wp-element-caption\">Pirineos Atl\u00e1nticos<\/figcaption><\/figure>\n<\/figure>\n\n\n\n<h2 class=\"wp-block-heading\">Visitas<\/h2>\n\n\n\n<p>Cada d\u00eda hay un circuito de carretera y otro de bicicleta de monta\u00f1a.<br>- La <a href=\"\/es\/membres\/cctours\/tours.php\/?lieu=Bielle&amp;an=2017&amp;genre=R\">carretera<\/a> explorar\u00e1 los cuatro valles de la regi\u00f3n de Haut-B\u00e9arn: el valle de Ossau, que se abre hacia el sur en el Col du Pourtalet (1.794 m), el<br>d'Aspe por el Col du Somport (1.650 m), el Vall\u00e9e de Bar\u00e9tous que se abre al valle navarro de Roncal por el Col de la Pierre Saint-Martin (1.760 m) y el Vall\u00e9e de l'Ouzom que se abre a Bigorre por Ferri\u00e8res, Arb\u00e9ost y el Col du Soulor (1.474 m).<\/p>\n\n\n\n<p>- La <a href=\"\/es\/membres\/cctours\/tours.php\/?lieu=Bielle&amp;an=2017&amp;genre=V\">motoristas<\/a> descubrir\u00e1 las estribaciones del Bearn desde Lanne-en-Bar\u00e9tous e Issor, la media monta\u00f1a desde Bielle y el puerto de Soulor, y la alta monta\u00f1a desde los puertos de Somport y Pourtalet.<\/p>\n\n\n\n<div class=\"wp-block-columns is-layout-flex wp-container-core-columns-is-layout-9d6595d7 wp-block-columns-is-layout-flex\">\n<div class=\"wp-block-column is-layout-flow wp-block-column-is-layout-flow\" style=\"flex-basis:66.66%\">\n<h2 class=\"wp-block-heading\">Alojamiento<\/h2>\n\n\n\n<p><strong>Pueblo de vacaciones \u00abArriu Mage\u00bb<\/strong> situado en Bielle (Pirineos Atl\u00e1nticos). Consta de 66 c\u00f3modos apartamentos con 2 o 3 camas y un restaurante,<br>sala de reuniones, sal\u00f3n, bar, wifi, piscina.<\/p>\n\n\n<div class=\"wp-block-image\">\n<figure class=\"aligncenter size-full is-resized\"><img loading=\"lazy\" decoding=\"async\" width=\"800\" height=\"600\" src=\"https:\/\/centcols.org\/wp-content\/uploads\/2016\/12\/village-vacances-Arriu-Mage.jpg\" alt=\"\" class=\"wp-image-88722\" style=\"width:600px\" srcset=\"https:\/\/centcols.org\/wp-content\/uploads\/2016\/12\/village-vacances-Arriu-Mage.jpg 800w, https:\/\/centcols.org\/wp-content\/uploads\/2016\/12\/village-vacances-Arriu-Mage-768x576.jpg 768w\" sizes=\"auto, (max-width: 800px) 100vw, 800px\" \/><figcaption class=\"wp-element-caption\">Village Vacances Arriu Mage (foto Alain Gillodes)<\/figcaption><\/figure>\n<\/div><\/div>\n\n\n\n<div class=\"wp-block-column is-layout-flow wp-block-column-is-layout-flow\" style=\"flex-basis:33.33%\">\n<div style=\"height:188px\" aria-hidden=\"true\" class=\"wp-block-spacer\"><\/div>\n\n\n\n<h2 class=\"wp-block-heading\">Nota del Consejo de Administraci\u00f3n<\/h2>\n\n\n\n<p>Si organiza su alojamiento en otro lugar que no sea la ciudad de vacaciones, le rogamos que nos informe de que va a participar en las vacaciones, por 3 razones:<\/p>\n\n\n\n<ol class=\"wp-block-list\">\n<li>Poder dimensionar correctamente los actos conjuntos (sesiones informativas, fiestas de bienvenida y despedida).<\/li>\n\n\n\n<li>Poder dividirse en varios grupos en las rutas para mejorar la seguridad de todos.<\/li>\n\n\n\n<li>Ayudar a los organizadores a hacer frente a cualquier imprevisto.<\/li>\n<\/ol>\n<\/div>\n<\/div>\n\n\n\n<p>- Dos campings cercanos:<br><strong>- <a href=\"http:\/\/www.camping-ayguelade.com\/\" target=\"_blank\" rel=\"noreferrer noopener\">Camping L'Ayguelade<\/a><\/strong><br>Route D\u00e9partementale 934 - 64260 Bielle - Tel\u00e9fono: 05 59 82 66 50<br>Camper por noche: para 2 personas 14 \u20ac - persona extra 4 \u20ac - electricidad 4 \u20ac - mascota 2,50 \u20ac por noche.<br>Campistas: para 1 persona por noche: 7 euros - opci\u00f3n de electricidad: 4 euros - mascota: 2,50 euros por noche<br><strong>- <a href=\"http:\/\/cazenave-doux.haut-bearn.fr\/\" target=\"_blank\" rel=\"noreferrer noopener\">Cazenave Doux<\/a><\/strong><br>19 Rue de la Houndaa - 64260 Castet - Tel\u00e9fono : 05 59 05 88 26<\/p>\n\n\n\n<h2 class=\"wp-block-heading\">Inscripciones<\/h2>\n\n\n\n<p>Para inscribirse, descargue el formulario de inscripci\u00f3n en PDF y siga las instrucciones que figuran en \u00e9l.<\/p>\n\n\n\n<h2 class=\"wp-block-heading\">Otras actividades o visitas<\/h2>\n\n\n\n<p>Se ofrecer\u00e1 una amplia gama de excursiones y paseos.<\/p>\n\n\n\n<h3 class=\"wp-block-heading\">Oloron-Sainte-Marie<\/h3>\n\n\n\n<p>Capital de Haut-B\u00e9arn (64), est\u00e1 situada a las puertas de los Pirineos, junto a Espa\u00f1a y el Pa\u00eds Vasco, entre el Oc\u00e9ano Atl\u00e1ntico y el Mediterr\u00e1neo. Se encuentra en la confluencia de los r\u00edos Gave d'Ossau y Gave d'Aspe, y es parada de peregrinos en su camino a Santiago de Compostela (en la ruta de Arles). Descubra sus iglesias y su catedral del siglo XII, sus tradiciones ancestrales y su famosa garbure (sopa de verduras).<\/p>\n\n\n\n<h3 class=\"wp-block-heading\">Valle de Ossau (18 pueblos)<\/h3>\n\n\n\n<p><strong>1. Visita a Bielle<\/strong><\/p>\n\n\n\n<p><strong>2. El tren Artouste :<\/strong> Este tren recorre los acantilados, con impresionantes vistas panor\u00e1micas en un tramo de 10 km a casi 2.000 m de altitud.<\/p>\n\n\n<div class=\"wp-block-image\">\n<figure class=\"aligncenter size-full\"><img loading=\"lazy\" decoding=\"async\" width=\"1024\" height=\"576\" src=\"https:\/\/centcols.org\/wp-content\/uploads\/2016\/12\/Train-Artouste.jpg\" alt=\"\" class=\"wp-image-88723\" srcset=\"https:\/\/centcols.org\/wp-content\/uploads\/2016\/12\/Train-Artouste.jpg 1024w, https:\/\/centcols.org\/wp-content\/uploads\/2016\/12\/Train-Artouste-768x432.jpg 768w\" sizes=\"auto, (max-width: 1024px) 100vw, 1024px\" \/><figcaption class=\"wp-element-caption\">El trenecito Artouste (foto Alain Gillodes)<\/figcaption><\/figure>\n<\/div>\n\n\n<p><strong>3. Aste :<\/strong> un promontorio que domina el valle glaciar. Un barrio de pastos de verano con el puerto (paso a la alta monta\u00f1a) y sus graneros...<br>El paseo hasta el puerto de Aste ofrece una espl\u00e9ndida panor\u00e1mica del fondo del valle y del Pic. En el pueblo, la fachada del<br>En el ayuntamiento, el s\u00edmbolo del valle: el oso (del que Ossau puede haber derivado su origen) y la vaca, s\u00edmbolo del mundo pastoril.<br><strong>4. B\u00e9on :<\/strong> guarida de buitres. La zona es un antiguo se\u00f1or\u00edo del vizcondado de Bearn. Merece la pena visitar el retablo y las pinturas de la iglesia. Con vistas al pueblo, las grietas del P\u00e8ne de B\u00e9on albergan buitres leonados y alimoches (conocidos en Bearn como Marie Blanque), que a veces se pueden ver sobrevolando el cielo. El museo del Acantilado de los Buitres est\u00e1 dedicado a estas rapaces, anta\u00f1o amenazadas de extinci\u00f3n y hoy protegidas.<br>5.<strong> 15 de agosto, Laruns,<\/strong> pueblo situado en el coraz\u00f3n del valle de Ossau, ofrece sus fiestas tradicionales.<\/p>\n\n\n\n<h3 class=\"wp-block-heading\">Valle de Aspe (13 pueblos)<\/h3>\n\n\n\n<p>Se extiende a lo largo del Gave d'Aspe a lo largo de casi 40 km, desde el pueblo de Escot hasta el Col du Somport (1.632 m), que marca la frontera con Arag\u00f3n en Espa\u00f1a.<br>M\u00e1s all\u00e1 de Urdos, el valle de Aspe se abre a la comunidad aut\u00f3noma espa\u00f1ola de Arag\u00f3n a trav\u00e9s del Somport, la ruta de los peregrinos a Santiago de Compostela. Esta ruta a trav\u00e9s de los Pirineos ha visto pasar cruzados, peregrinos, hombres de guerra, comerciantes, reba\u00f1os y viajeros por carretera o ferrocarril (hasta 1970).<br><strong>1 - El circo de Lescun<\/strong><br><strong>2 - El fuerte de Portalet :&nbsp; <\/strong>Construido en 1842 por orden de Luis Felipe para vigilar la frontera de los Pirineos, el fuerte del Portalet parece adosado a un acantilado que domina el Gave d'Aspe. Junto con el Chemin de la M\u00e2ture, hace de este desfiladero uno de los lugares m\u00e1s pintorescos de los Pirineos. Encargado de proteger la carretera del Col du Somport de las incursiones espa\u00f1olas, el fuerte del Portalet (en bearnesa significa \u00abpeque\u00f1a puerta\u00bb o \u00abpeque\u00f1o paso\u00bb) debe su fama a las personalidades pol\u00edticas que fueron internadas all\u00ed bajo el r\u00e9gimen de Vichy: Blum, Daladier, Reynaud, Mandel, Gamelin... y luego, despu\u00e9s de la guerra, P\u00e9tain.<br><strong>3 - Moulin de la vall\u00e9e en Bedous<\/strong><br><strong>4 - Ecomuseo del Valle de Aspe<\/strong><br><strong>5 - Granja Ossineri en Borce<\/strong> Queso Ossau Iraty DOP<\/p>\n\n\n\n<h3 class=\"wp-block-heading\">Valle de Bar\u00e9tous (6 pueblos)<\/h3>\n\n\n\n<p><strong>El sitio de Pierre-Saint-Martin:<\/strong> El macizo de Pierre Saint-Martin es tambi\u00e9n uno de los principales sitios espeleol\u00f3gicos del mundo. Se trata de una zona k\u00e1rstica de 140 km\u00b2 a una altitud de entre 1.500 y 2.100 metros, a caballo entre Francia y Espa\u00f1a. Este karst, drenado por cuatro sistemas hidrogeol\u00f3gicos, posee algunas de las simas m\u00e1s profundas y grandes del mundo.<br>Alain Gillodes (C.C. n\u00ba 722)<\/p>","protected":false},"excerpt":{"rendered":"<p>Ont contribu\u00e9 \u00e0 cette page de pr\u00e9sentation du s\u00e9jour Alain Gillodes, Chantal Sala, Patrick Schleppi et R\u00e9gis Paraz Le s\u00e9jour d\u2019\u00e9t\u00e9 2017 est programm\u00e9 dans les Pyr\u00e9n\u00e9es-Atlantiques, au village de vacances Arriu Mage, du nom d\u2019un des ruisseaux qui traverse Bielle, petit village en vall\u00e9e d\u2019Ossau dans le Haut-B\u00e9arn, \u00e0 450 m d\u2019altitude.Ce s\u00e9jour, pr\u00e9par\u00e9 [&hellip;]<\/p>\n","protected":false},"author":3,"featured_media":81876,"comment_status":"closed","ping_status":"closed","sticky":false,"template":"","format":"standard","meta":{"_acf_changed":false,"footnotes":""},"categories":[349,378,135,377,379,231],"tags":[],"class_list":["post-81875","post","type-post","status-publish","format-standard","has-post-thumbnail","hentry","category-france-pays-sejours","category-nouvelle-aquitaine-region-sejours","category-calendrier","category-64-pyrenees-atlantiques","category-pyrenees-massif-sejours","category-sejours"],"acf":[],"yoast_head":"<!-- This site is optimized with the Yoast SEO plugin v27.2 - https:\/\/yoast.com\/product\/yoast-seo-wordpress\/ -->\n<title>S\u00e9jour estival \u00e0 Bielle (Pyr\u00e9n\u00e9es-Atlantiques) du 13 au 20 ao\u00fbt 2017 - Club des Cent Cols<\/title>\n<meta name=\"robots\" content=\"index, follow, max-snippet:-1, max-image-preview:large, max-video-preview:-1\" \/>\n<link rel=\"canonical\" href=\"https:\/\/centcols.org\/es\/estancia-2017-bielle\/\" \/>\n<meta property=\"og:locale\" content=\"es_ES\" \/>\n<meta property=\"og:type\" content=\"article\" \/>\n<meta property=\"og:title\" content=\"S\u00e9jour estival \u00e0 Bielle (Pyr\u00e9n\u00e9es-Atlantiques) du 13 au 20 ao\u00fbt 2017 - Club des Cent Cols\" \/>\n<meta property=\"og:description\" content=\"Ont contribu\u00e9 \u00e0 cette page de pr\u00e9sentation du s\u00e9jour Alain Gillodes, Chantal Sala, Patrick Schleppi et R\u00e9gis Paraz Le s\u00e9jour d\u2019\u00e9t\u00e9 2017 est programm\u00e9 dans les Pyr\u00e9n\u00e9es-Atlantiques, au village de vacances Arriu Mage, du nom d\u2019un des ruisseaux qui traverse Bielle, petit village en vall\u00e9e d\u2019Ossau dans le Haut-B\u00e9arn, \u00e0 450 m d\u2019altitude.Ce s\u00e9jour, pr\u00e9par\u00e9 [&hellip;]\" \/>\n<meta property=\"og:url\" content=\"https:\/\/centcols.org\/es\/estancia-2017-bielle\/\" \/>\n<meta property=\"og:site_name\" content=\"Club des Cent Cols\" \/>\n<meta property=\"article:publisher\" content=\"https:\/\/www.facebook.com\/groups\/5261880558\/?locale=fr_FR\" \/>\n<meta property=\"article:published_time\" content=\"2016-12-20T19:14:10+00:00\" \/>\n<meta property=\"article:modified_time\" content=\"2025-09-14T20:26:53+00:00\" \/>\n<meta property=\"og:image\" content=\"https:\/\/centcols.org\/wp-content\/uploads\/2025\/05\/picdumidipssau.jpg\" \/>\n\t<meta property=\"og:image:width\" content=\"1024\" \/>\n\t<meta property=\"og:image:height\" content=\"575\" \/>\n\t<meta property=\"og:image:type\" content=\"image\/jpeg\" \/>\n<meta name=\"author\" content=\"Webmestre\" \/>\n<meta name=\"twitter:card\" content=\"summary_large_image\" \/>\n<meta name=\"twitter:label1\" content=\"Escrito por\" \/>\n\t<meta name=\"twitter:data1\" content=\"Webmestre\" \/>\n\t<meta name=\"twitter:label2\" content=\"Tiempo de lectura\" \/>\n\t<meta name=\"twitter:data2\" content=\"8 minutos\" \/>\n<script type=\"application\/ld+json\" class=\"yoast-schema-graph\">{\"@context\":\"https:\/\/schema.org\",\"@graph\":[{\"@type\":\"Article\",\"@id\":\"https:\/\/centcols.org\/sejour-2017-bielle\/#article\",\"isPartOf\":{\"@id\":\"https:\/\/centcols.org\/sejour-2017-bielle\/\"},\"author\":{\"name\":\"Webmestre\",\"@id\":\"https:\/\/centcols.org\/#\/schema\/person\/911b404fb133d8c913dd27cdcf71c8e5\"},\"headline\":\"S\u00e9jour estival \u00e0 Bielle (Pyr\u00e9n\u00e9es-Atlantiques) du 13 au 20 ao\u00fbt 2017\",\"datePublished\":\"2016-12-20T19:14:10+00:00\",\"dateModified\":\"2025-09-14T20:26:53+00:00\",\"mainEntityOfPage\":{\"@id\":\"https:\/\/centcols.org\/sejour-2017-bielle\/\"},\"wordCount\":1388,\"publisher\":{\"@id\":\"https:\/\/centcols.org\/#organization\"},\"image\":{\"@id\":\"https:\/\/centcols.org\/sejour-2017-bielle\/#primaryimage\"},\"thumbnailUrl\":\"https:\/\/centcols.org\/wp-content\/uploads\/2025\/05\/picdumidipssau.jpg\",\"articleSection\":[\"France\",\"Nouvelle-Aquitaine\",\"Calendrier\",\"64-Pyr\u00e9n\u00e9es Atlantiques\",\"Pyr\u00e9n\u00e9es\",\"S\u00e9jours du Club des Cent Cols\"],\"inLanguage\":\"es\"},{\"@type\":\"WebPage\",\"@id\":\"https:\/\/centcols.org\/sejour-2017-bielle\/\",\"url\":\"https:\/\/centcols.org\/sejour-2017-bielle\/\",\"name\":\"S\u00e9jour estival \u00e0 Bielle (Pyr\u00e9n\u00e9es-Atlantiques) du 13 au 20 ao\u00fbt 2017 - Club des Cent Cols\",\"isPartOf\":{\"@id\":\"https:\/\/centcols.org\/#website\"},\"primaryImageOfPage\":{\"@id\":\"https:\/\/centcols.org\/sejour-2017-bielle\/#primaryimage\"},\"image\":{\"@id\":\"https:\/\/centcols.org\/sejour-2017-bielle\/#primaryimage\"},\"thumbnailUrl\":\"https:\/\/centcols.org\/wp-content\/uploads\/2025\/05\/picdumidipssau.jpg\",\"datePublished\":\"2016-12-20T19:14:10+00:00\",\"dateModified\":\"2025-09-14T20:26:53+00:00\",\"breadcrumb\":{\"@id\":\"https:\/\/centcols.org\/sejour-2017-bielle\/#breadcrumb\"},\"inLanguage\":\"es\",\"potentialAction\":[{\"@type\":\"ReadAction\",\"target\":[\"https:\/\/centcols.org\/sejour-2017-bielle\/\"]}]},{\"@type\":\"ImageObject\",\"inLanguage\":\"es\",\"@id\":\"https:\/\/centcols.org\/sejour-2017-bielle\/#primaryimage\",\"url\":\"https:\/\/centcols.org\/wp-content\/uploads\/2025\/05\/picdumidipssau.jpg\",\"contentUrl\":\"https:\/\/centcols.org\/wp-content\/uploads\/2025\/05\/picdumidipssau.jpg\",\"width\":1024,\"height\":575},{\"@type\":\"BreadcrumbList\",\"@id\":\"https:\/\/centcols.org\/sejour-2017-bielle\/#breadcrumb\",\"itemListElement\":[{\"@type\":\"ListItem\",\"position\":1,\"name\":\"Accueil\",\"item\":\"https:\/\/centcols.org\/\"},{\"@type\":\"ListItem\",\"position\":2,\"name\":\"S\u00e9jours du Club des Cent Cols\",\"item\":\"https:\/\/centcols.org\/rubrique\/sejours\/\"},{\"@type\":\"ListItem\",\"position\":3,\"name\":\"Pays\",\"item\":\"https:\/\/centcols.org\/rubrique\/sejours\/pays-sejours\/\"},{\"@type\":\"ListItem\",\"position\":4,\"name\":\"France\",\"item\":\"https:\/\/centcols.org\/rubrique\/sejours\/pays-sejours\/france-pays-sejours\/\"},{\"@type\":\"ListItem\",\"position\":5,\"name\":\"S\u00e9jour estival \u00e0 Bielle (Pyr\u00e9n\u00e9es-Atlantiques) du 13 au 20 ao\u00fbt 2017\"}]},{\"@type\":\"WebSite\",\"@id\":\"https:\/\/centcols.org\/#website\",\"url\":\"https:\/\/centcols.org\/\",\"name\":\"Club des Cent Cols\",\"description\":\"\",\"publisher\":{\"@id\":\"https:\/\/centcols.org\/#organization\"},\"potentialAction\":[{\"@type\":\"SearchAction\",\"target\":{\"@type\":\"EntryPoint\",\"urlTemplate\":\"https:\/\/centcols.org\/?s={search_term_string}\"},\"query-input\":{\"@type\":\"PropertyValueSpecification\",\"valueRequired\":true,\"valueName\":\"search_term_string\"}}],\"inLanguage\":\"es\"},{\"@type\":\"Organization\",\"@id\":\"https:\/\/centcols.org\/#organization\",\"name\":\"Club des Cent Cols\",\"url\":\"https:\/\/centcols.org\/\",\"logo\":{\"@type\":\"ImageObject\",\"inLanguage\":\"es\",\"@id\":\"https:\/\/centcols.org\/#\/schema\/logo\/image\/\",\"url\":\"https:\/\/centcols.org\/wp-content\/uploads\/2025\/01\/carte-icone.png\",\"contentUrl\":\"https:\/\/centcols.org\/wp-content\/uploads\/2025\/01\/carte-icone.png\",\"width\":250,\"height\":250,\"caption\":\"Club des Cent Cols\"},\"image\":{\"@id\":\"https:\/\/centcols.org\/#\/schema\/logo\/image\/\"},\"sameAs\":[\"https:\/\/www.facebook.com\/groups\/5261880558\/?locale=fr_FR\"]},{\"@type\":\"Person\",\"@id\":\"https:\/\/centcols.org\/#\/schema\/person\/911b404fb133d8c913dd27cdcf71c8e5\",\"name\":\"Webmestre\",\"image\":{\"@type\":\"ImageObject\",\"inLanguage\":\"es\",\"@id\":\"https:\/\/centcols.org\/wp-content\/litespeed\/avatar\/2d246e4b6b4f773e08515e1ffc53690b.jpg?ver=1777222892\",\"url\":\"https:\/\/centcols.org\/wp-content\/litespeed\/avatar\/2d246e4b6b4f773e08515e1ffc53690b.jpg?ver=1777222892\",\"contentUrl\":\"https:\/\/centcols.org\/wp-content\/litespeed\/avatar\/2d246e4b6b4f773e08515e1ffc53690b.jpg?ver=1777222892\",\"caption\":\"Webmestre\"},\"url\":\"https:\/\/centcols.org\/es\/author\/webmestre\/\"}]}<\/script>\n<!-- \/ Yoast SEO plugin. -->","yoast_head_json":{"title":"Vacaciones de verano en Bielle (Pirineos Atl\u00e1nticos) del 13 al 20 de agosto de 2017 - Club des Cent Cols","robots":{"index":"index","follow":"follow","max-snippet":"max-snippet:-1","max-image-preview":"max-image-preview:large","max-video-preview":"max-video-preview:-1"},"canonical":"https:\/\/centcols.org\/es\/estancia-2017-bielle\/","og_locale":"es_ES","og_type":"article","og_title":"S\u00e9jour estival \u00e0 Bielle (Pyr\u00e9n\u00e9es-Atlantiques) du 13 au 20 ao\u00fbt 2017 - Club des Cent Cols","og_description":"Ont contribu\u00e9 \u00e0 cette page de pr\u00e9sentation du s\u00e9jour Alain Gillodes, Chantal Sala, Patrick Schleppi et R\u00e9gis Paraz Le s\u00e9jour d\u2019\u00e9t\u00e9 2017 est programm\u00e9 dans les Pyr\u00e9n\u00e9es-Atlantiques, au village de vacances Arriu Mage, du nom d\u2019un des ruisseaux qui traverse Bielle, petit village en vall\u00e9e d\u2019Ossau dans le Haut-B\u00e9arn, \u00e0 450 m d\u2019altitude.Ce s\u00e9jour, pr\u00e9par\u00e9 [&hellip;]","og_url":"https:\/\/centcols.org\/es\/estancia-2017-bielle\/","og_site_name":"Club des Cent Cols","article_publisher":"https:\/\/www.facebook.com\/groups\/5261880558\/?locale=fr_FR","article_published_time":"2016-12-20T19:14:10+00:00","article_modified_time":"2025-09-14T20:26:53+00:00","og_image":[{"width":1024,"height":575,"url":"https:\/\/centcols.org\/wp-content\/uploads\/2025\/05\/picdumidipssau.jpg","type":"image\/jpeg"}],"author":"Webmestre","twitter_card":"summary_large_image","twitter_misc":{"Escrito por":"Webmestre","Tiempo de lectura":"8 minutos"},"schema":{"@context":"https:\/\/schema.org","@graph":[{"@type":"Article","@id":"https:\/\/centcols.org\/sejour-2017-bielle\/#article","isPartOf":{"@id":"https:\/\/centcols.org\/sejour-2017-bielle\/"},"author":{"name":"Webmestre","@id":"https:\/\/centcols.org\/#\/schema\/person\/911b404fb133d8c913dd27cdcf71c8e5"},"headline":"S\u00e9jour estival \u00e0 Bielle (Pyr\u00e9n\u00e9es-Atlantiques) du 13 au 20 ao\u00fbt 2017","datePublished":"2016-12-20T19:14:10+00:00","dateModified":"2025-09-14T20:26:53+00:00","mainEntityOfPage":{"@id":"https:\/\/centcols.org\/sejour-2017-bielle\/"},"wordCount":1388,"publisher":{"@id":"https:\/\/centcols.org\/#organization"},"image":{"@id":"https:\/\/centcols.org\/sejour-2017-bielle\/#primaryimage"},"thumbnailUrl":"https:\/\/centcols.org\/wp-content\/uploads\/2025\/05\/picdumidipssau.jpg","articleSection":["France","Nouvelle-Aquitaine","Calendrier","64-Pyr\u00e9n\u00e9es Atlantiques","Pyr\u00e9n\u00e9es","S\u00e9jours du Club des Cent Cols"],"inLanguage":"es"},{"@type":"WebPage","@id":"https:\/\/centcols.org\/sejour-2017-bielle\/","url":"https:\/\/centcols.org\/sejour-2017-bielle\/","name":"Vacaciones de verano en Bielle (Pirineos Atl\u00e1nticos) del 13 al 20 de agosto de 2017 - Club des Cent Cols","isPartOf":{"@id":"https:\/\/centcols.org\/#website"},"primaryImageOfPage":{"@id":"https:\/\/centcols.org\/sejour-2017-bielle\/#primaryimage"},"image":{"@id":"https:\/\/centcols.org\/sejour-2017-bielle\/#primaryimage"},"thumbnailUrl":"https:\/\/centcols.org\/wp-content\/uploads\/2025\/05\/picdumidipssau.jpg","datePublished":"2016-12-20T19:14:10+00:00","dateModified":"2025-09-14T20:26:53+00:00","breadcrumb":{"@id":"https:\/\/centcols.org\/sejour-2017-bielle\/#breadcrumb"},"inLanguage":"es","potentialAction":[{"@type":"ReadAction","target":["https:\/\/centcols.org\/sejour-2017-bielle\/"]}]},{"@type":"ImageObject","inLanguage":"es","@id":"https:\/\/centcols.org\/sejour-2017-bielle\/#primaryimage","url":"https:\/\/centcols.org\/wp-content\/uploads\/2025\/05\/picdumidipssau.jpg","contentUrl":"https:\/\/centcols.org\/wp-content\/uploads\/2025\/05\/picdumidipssau.jpg","width":1024,"height":575},{"@type":"BreadcrumbList","@id":"https:\/\/centcols.org\/sejour-2017-bielle\/#breadcrumb","itemListElement":[{"@type":"ListItem","position":1,"name":"Accueil","item":"https:\/\/centcols.org\/"},{"@type":"ListItem","position":2,"name":"S\u00e9jours du Club des Cent Cols","item":"https:\/\/centcols.org\/rubrique\/sejours\/"},{"@type":"ListItem","position":3,"name":"Pays","item":"https:\/\/centcols.org\/rubrique\/sejours\/pays-sejours\/"},{"@type":"ListItem","position":4,"name":"France","item":"https:\/\/centcols.org\/rubrique\/sejours\/pays-sejours\/france-pays-sejours\/"},{"@type":"ListItem","position":5,"name":"S\u00e9jour estival \u00e0 Bielle (Pyr\u00e9n\u00e9es-Atlantiques) du 13 au 20 ao\u00fbt 2017"}]},{"@type":"WebSite","@id":"https:\/\/centcols.org\/#website","url":"https:\/\/centcols.org\/","name":"Club des Cent Cols","description":"","publisher":{"@id":"https:\/\/centcols.org\/#organization"},"potentialAction":[{"@type":"SearchAction","target":{"@type":"EntryPoint","urlTemplate":"https:\/\/centcols.org\/?s={search_term_string}"},"query-input":{"@type":"PropertyValueSpecification","valueRequired":true,"valueName":"search_term_string"}}],"inLanguage":"es"},{"@type":"Organization","@id":"https:\/\/centcols.org\/#organization","name":"Club des Cent Cols","url":"https:\/\/centcols.org\/","logo":{"@type":"ImageObject","inLanguage":"es","@id":"https:\/\/centcols.org\/#\/schema\/logo\/image\/","url":"https:\/\/centcols.org\/wp-content\/uploads\/2025\/01\/carte-icone.png","contentUrl":"https:\/\/centcols.org\/wp-content\/uploads\/2025\/01\/carte-icone.png","width":250,"height":250,"caption":"Club des Cent Cols"},"image":{"@id":"https:\/\/centcols.org\/#\/schema\/logo\/image\/"},"sameAs":["https:\/\/www.facebook.com\/groups\/5261880558\/?locale=fr_FR"]},{"@type":"Person","@id":"https:\/\/centcols.org\/#\/schema\/person\/911b404fb133d8c913dd27cdcf71c8e5","name":"Webmaster","image":{"@type":"ImageObject","inLanguage":"es","@id":"https:\/\/centcols.org\/wp-content\/litespeed\/avatar\/2d246e4b6b4f773e08515e1ffc53690b.jpg?ver=1777222892","url":"https:\/\/centcols.org\/wp-content\/litespeed\/avatar\/2d246e4b6b4f773e08515e1ffc53690b.jpg?ver=1777222892","contentUrl":"https:\/\/centcols.org\/wp-content\/litespeed\/avatar\/2d246e4b6b4f773e08515e1ffc53690b.jpg?ver=1777222892","caption":"Webmestre"},"url":"https:\/\/centcols.org\/es\/author\/webmestre\/"}]}},"_links":{"self":[{"href":"https:\/\/centcols.org\/es\/wp-json\/wp\/v2\/posts\/81875","targetHints":{"allow":["GET"]}}],"collection":[{"href":"https:\/\/centcols.org\/es\/wp-json\/wp\/v2\/posts"}],"about":[{"href":"https:\/\/centcols.org\/es\/wp-json\/wp\/v2\/types\/post"}],"author":[{"embeddable":true,"href":"https:\/\/centcols.org\/es\/wp-json\/wp\/v2\/users\/3"}],"replies":[{"embeddable":true,"href":"https:\/\/centcols.org\/es\/wp-json\/wp\/v2\/comments?post=81875"}],"version-history":[{"count":0,"href":"https:\/\/centcols.org\/es\/wp-json\/wp\/v2\/posts\/81875\/revisions"}],"wp:featuredmedia":[{"embeddable":true,"href":"https:\/\/centcols.org\/es\/wp-json\/wp\/v2\/media\/81876"}],"wp:attachment":[{"href":"https:\/\/centcols.org\/es\/wp-json\/wp\/v2\/media?parent=81875"}],"wp:term":[{"taxonomy":"category","embeddable":true,"href":"https:\/\/centcols.org\/es\/wp-json\/wp\/v2\/categories?post=81875"},{"taxonomy":"post_tag","embeddable":true,"href":"https:\/\/centcols.org\/es\/wp-json\/wp\/v2\/tags?post=81875"}],"curies":[{"name":"wp","href":"https:\/\/api.w.org\/{rel}","templated":true}]}}