{"id":81883,"date":"2017-02-02T10:10:33","date_gmt":"2017-02-02T08:10:33","guid":{"rendered":"https:\/\/centcols.org\/assemblee-generale-du-club-des-cent-cols-a-st-jorioz-haute-savoie-le-11-novembre-2017\/"},"modified":"2025-09-09T17:36:00","modified_gmt":"2025-09-09T15:36:00","slug":"asamblea-general-del-club-cent-cols-de-st-jorioz-haute-savoie-del-11-de-noviembre-de-2017","status":"publish","type":"post","link":"https:\/\/centcols.org\/es\/assemblee-generale-du-club-des-cent-cols-a-st-jorioz-haute-savoie-le-11-novembre-2017\/","title":{"rendered":"Asamblea General del Club des Cent Cols en St-Jorioz (Alta Saboya) el 11 de noviembre de 2017."},"content":{"rendered":"<h2 class=\"wp-block-heading\">Presentaci\u00f3n<\/h2>\n\n\n\n<p>AGM 2017, Saint-Jorioz, s\u00e1bado 11 de noviembre de 2017 a las 15.00 horas<\/p>\n\n\n\n<p>Recuerde inscribirse lo antes posible para el alojamiento: descargue el formulario de inscripci\u00f3n<\/p>\n\n\n\n<p>Despu\u00e9s de 2012, a\u00f1o en que el Club des Cent Cols celebr\u00f3 su cuadrag\u00e9simo aniversario, ser\u00e1 de nuevo la regi\u00f3n de Annecy, cuna del club, la que acoja nuestra Junta General. Ser\u00e1 una Asamblea General electiva, con renovaci\u00f3n del Consejo de Administraci\u00f3n.<\/p>\n\n\n<div class=\"wp-block-image\">\n<figure class=\"aligncenter size-full is-resized\"><img loading=\"lazy\" decoding=\"async\" width=\"1024\" height=\"576\" src=\"https:\/\/centcols.org\/wp-content\/uploads\/2017\/02\/lacannecy.jpg\" alt=\"\" class=\"wp-image-89472\" style=\"width:800px\" srcset=\"https:\/\/centcols.org\/wp-content\/uploads\/2017\/02\/lacannecy.jpg 1024w, https:\/\/centcols.org\/wp-content\/uploads\/2017\/02\/lacannecy-768x432.jpg 768w, https:\/\/centcols.org\/wp-content\/uploads\/2017\/02\/lacannecy-18x10.jpg 18w\" sizes=\"auto, (max-width: 1024px) 100vw, 1024px\" \/><figcaption class=\"wp-element-caption\">Lago de Annecy (Foto Guy Harl\u00e9)<\/figcaption><\/figure>\n<\/div>\n\n\n<p>El alojamiento, la restauraci\u00f3n y la Asamblea General tendr\u00e1n lugar en el \u00ab Village vacances \".\u00ab\u00a0<a href=\"https:\/\/www.ternelia.com\/fr\/montagne\/ternelia-le-pre-du-lac\" target=\"_blank\" rel=\"noopener noreferrer\">le Pr\u00e9 du Lac<\/a>\u00a0\u00bbEste centro de vacaciones ha sido completamente reformado tras un incendio.<\/p>\n\n\n\n<figure class=\"wp-block-gallery has-nested-images columns-2 is-cropped wp-block-gallery-1 is-layout-flex wp-block-gallery-is-layout-flex\">\n<figure class=\"wp-block-image size-full\"><img loading=\"lazy\" decoding=\"async\" width=\"800\" height=\"454\" data-id=\"89474\" src=\"https:\/\/centcols.org\/wp-content\/uploads\/2017\/02\/St-Jorioz_Restaurantjpg.jpg\" alt=\"\" class=\"wp-image-89474\" srcset=\"https:\/\/centcols.org\/wp-content\/uploads\/2017\/02\/St-Jorioz_Restaurantjpg.jpg 800w, https:\/\/centcols.org\/wp-content\/uploads\/2017\/02\/St-Jorioz_Restaurantjpg-768x436.jpg 768w, https:\/\/centcols.org\/wp-content\/uploads\/2017\/02\/St-Jorioz_Restaurantjpg-18x10.jpg 18w\" sizes=\"auto, (max-width: 800px) 100vw, 800px\" \/><\/figure>\n\n\n\n<figure class=\"wp-block-image size-full\"><img loading=\"lazy\" decoding=\"async\" width=\"800\" height=\"533\" data-id=\"89475\" src=\"https:\/\/centcols.org\/wp-content\/uploads\/2017\/02\/chambre_parmelan2.jpg\" alt=\"\" class=\"wp-image-89475\" srcset=\"https:\/\/centcols.org\/wp-content\/uploads\/2017\/02\/chambre_parmelan2.jpg 800w, https:\/\/centcols.org\/wp-content\/uploads\/2017\/02\/chambre_parmelan2-768x512.jpg 768w, https:\/\/centcols.org\/wp-content\/uploads\/2017\/02\/chambre_parmelan2-18x12.jpg 18w\" sizes=\"auto, (max-width: 800px) 100vw, 800px\" \/><\/figure>\n\n\n\n<figure class=\"wp-block-image size-full\"><img loading=\"lazy\" decoding=\"async\" width=\"999\" height=\"321\" data-id=\"89476\" src=\"https:\/\/centcols.org\/wp-content\/uploads\/2017\/02\/Pre-du-Lac-Est.jpg\" alt=\"\" class=\"wp-image-89476\" srcset=\"https:\/\/centcols.org\/wp-content\/uploads\/2017\/02\/Pre-du-Lac-Est.jpg 999w, https:\/\/centcols.org\/wp-content\/uploads\/2017\/02\/Pre-du-Lac-Est-768x247.jpg 768w, https:\/\/centcols.org\/wp-content\/uploads\/2017\/02\/Pre-du-Lac-Est-18x6.jpg 18w\" sizes=\"auto, (max-width: 999px) 100vw, 999px\" \/><\/figure>\n<\/figure>\n\n\n\n<h2 class=\"wp-block-heading\">Paseos en bicicleta<\/h2>\n\n\n\n<h3 class=\"wp-block-heading\">Circuitos de carretera<\/h3>\n\n\n\n<p>S\u00e1bado por la ma\u00f1ana: Salida por el carril bici hacia Annecy, luego Annecy-le-Vieux, desde donde empezamos a subir la cara norte de los Montes Veyrier y Baron para alcanzar el Col de Pr\u00e9-Vernet (917 m) y el Col des Contrebandiers (1054 m).<br>Domingo por la ma\u00f1ana: Tome el carril bici hacia Sevrier y contin\u00fae hacia el Col de Leschaux (987 m). A continuaci\u00f3n, dir\u00edjase hacia La Chapelle-Saint-Maurice, Saint-Eustache y Saint-Jorioz.<br><a href=\"https:\/\/centcols.org\/wp-content\/uploads\/2025\/09\/Route.zip\">Descargar los tracks de la ruta<\/a><\/p>\n\n\n\n<h3 class=\"wp-block-heading\">Rutas en bicicleta de monta\u00f1a<\/h3>\n\n\n\n<p>S\u00e1bado por la ma\u00f1ana: Tome el carril bici hacia Doussard, luego dir\u00edjase hacia Chevaline y suba por la Combe d'Ire para llegar al Col de Ch\u00e9rel (1498 m).<br>Domingo por la ma\u00f1ana: Tomar el carril bici en direcci\u00f3n a Duingt, subir a Entrevernes y continuar hasta el Passage de la C\u00f4te (843 m). Vuelva a bajar y tome el camino que sigue al que lleva al cementerio y recorra la cresta para llegar al Col de l'Echarasson (740 m).<br><a href=\"https:\/\/centcols.org\/wp-content\/uploads\/2025\/09\/VTT.zip\">Descargar las pistas de bicicleta de monta\u00f1a<\/a><\/p>\n\n\n\n<p>&nbsp;<\/p>","protected":false},"excerpt":{"rendered":"<p>Pr\u00e9sentation AG 2017, Saint-Jorioz, samedi 11 novembre 2017 \u00e0 15 h 00 Pensez \u00e0 vous inscrire le plus t\u00f4t possible pour l\u2019h\u00e9bergement : t\u00e9l\u00e9charger le bulletin d\u2019inscription Apr\u00e8s 2012, o\u00f9 le Club des Cent Cols a f\u00eat\u00e9 son quaranti\u00e8me anniversaire, c\u2019est \u00e0 nouveau la r\u00e9gion d\u2019Annecy, berceau du club, qui accueillera notre Assembl\u00e9e g\u00e9n\u00e9rale. Ce [&hellip;]<\/p>\n","protected":false},"author":3,"featured_media":81884,"comment_status":"closed","ping_status":"closed","sticky":false,"template":"","format":"standard","meta":{"_acf_changed":false,"footnotes":""},"categories":[217,135],"tags":[],"class_list":["post-81883","post","type-post","status-publish","format-standard","has-post-thumbnail","hentry","category-assemblees-generales","category-calendrier"],"acf":[],"yoast_head":"<!-- This site is optimized with the Yoast SEO plugin v27.2 - https:\/\/yoast.com\/product\/yoast-seo-wordpress\/ -->\n<title>Assembl\u00e9e g\u00e9n\u00e9rale du Club des Cent Cols \u00e0 St-Jorioz (Haute-Savoie) le 11 novembre 2017 - Club des Cent Cols<\/title>\n<meta name=\"robots\" content=\"index, follow, max-snippet:-1, max-image-preview:large, max-video-preview:-1\" \/>\n<link rel=\"canonical\" href=\"https:\/\/centcols.org\/es\/asamblea-general-del-club-cent-cols-de-st-jorioz-haute-savoie-del-11-de-noviembre-de-2017\/\" \/>\n<meta property=\"og:locale\" content=\"es_ES\" \/>\n<meta property=\"og:type\" content=\"article\" \/>\n<meta property=\"og:title\" content=\"Assembl\u00e9e g\u00e9n\u00e9rale du Club des Cent Cols \u00e0 St-Jorioz (Haute-Savoie) le 11 novembre 2017 - Club des Cent Cols\" \/>\n<meta property=\"og:description\" content=\"Pr\u00e9sentation AG 2017, Saint-Jorioz, samedi 11 novembre 2017 \u00e0 15 h 00 Pensez \u00e0 vous inscrire le plus t\u00f4t possible pour l\u2019h\u00e9bergement : t\u00e9l\u00e9charger le bulletin d\u2019inscription Apr\u00e8s 2012, o\u00f9 le Club des Cent Cols a f\u00eat\u00e9 son quaranti\u00e8me anniversaire, c\u2019est \u00e0 nouveau la r\u00e9gion d\u2019Annecy, berceau du club, qui accueillera notre Assembl\u00e9e g\u00e9n\u00e9rale. Ce [&hellip;]\" \/>\n<meta property=\"og:url\" content=\"https:\/\/centcols.org\/es\/asamblea-general-del-club-cent-cols-de-st-jorioz-haute-savoie-del-11-de-noviembre-de-2017\/\" \/>\n<meta property=\"og:site_name\" content=\"Club des Cent Cols\" \/>\n<meta property=\"article:publisher\" content=\"https:\/\/www.facebook.com\/groups\/5261880558\/?locale=fr_FR\" \/>\n<meta property=\"article:published_time\" content=\"2017-02-02T08:10:33+00:00\" \/>\n<meta property=\"article:modified_time\" content=\"2025-09-09T15:36:00+00:00\" \/>\n<meta property=\"og:image\" content=\"https:\/\/centcols.org\/wp-content\/uploads\/2025\/05\/lacannecy.jpg\" \/>\n\t<meta property=\"og:image:width\" content=\"1024\" \/>\n\t<meta property=\"og:image:height\" content=\"576\" \/>\n\t<meta property=\"og:image:type\" content=\"image\/jpeg\" \/>\n<meta name=\"author\" content=\"Webmestre\" \/>\n<meta name=\"twitter:card\" content=\"summary_large_image\" \/>\n<meta name=\"twitter:label1\" content=\"Escrito por\" \/>\n\t<meta name=\"twitter:data1\" content=\"Webmestre\" \/>\n\t<meta name=\"twitter:label2\" content=\"Tiempo de lectura\" \/>\n\t<meta name=\"twitter:data2\" content=\"3 minutos\" \/>\n<script type=\"application\/ld+json\" class=\"yoast-schema-graph\">{\"@context\":\"https:\/\/schema.org\",\"@graph\":[{\"@type\":\"Article\",\"@id\":\"https:\/\/centcols.org\/assemblee-generale-du-club-des-cent-cols-a-st-jorioz-haute-savoie-le-11-novembre-2017\/#article\",\"isPartOf\":{\"@id\":\"https:\/\/centcols.org\/assemblee-generale-du-club-des-cent-cols-a-st-jorioz-haute-savoie-le-11-novembre-2017\/\"},\"author\":{\"name\":\"Webmestre\",\"@id\":\"https:\/\/centcols.org\/#\/schema\/person\/911b404fb133d8c913dd27cdcf71c8e5\"},\"headline\":\"Assembl\u00e9e g\u00e9n\u00e9rale du Club des Cent Cols \u00e0 St-Jorioz (Haute-Savoie) le 11 novembre 2017\",\"datePublished\":\"2017-02-02T08:10:33+00:00\",\"dateModified\":\"2025-09-09T15:36:00+00:00\",\"mainEntityOfPage\":{\"@id\":\"https:\/\/centcols.org\/assemblee-generale-du-club-des-cent-cols-a-st-jorioz-haute-savoie-le-11-novembre-2017\/\"},\"wordCount\":313,\"publisher\":{\"@id\":\"https:\/\/centcols.org\/#organization\"},\"image\":{\"@id\":\"https:\/\/centcols.org\/assemblee-generale-du-club-des-cent-cols-a-st-jorioz-haute-savoie-le-11-novembre-2017\/#primaryimage\"},\"thumbnailUrl\":\"https:\/\/centcols.org\/wp-content\/uploads\/2025\/05\/lacannecy.jpg\",\"articleSection\":[\"Assembl\u00e9es g\u00e9n\u00e9rales\",\"Calendrier\"],\"inLanguage\":\"es\"},{\"@type\":\"WebPage\",\"@id\":\"https:\/\/centcols.org\/assemblee-generale-du-club-des-cent-cols-a-st-jorioz-haute-savoie-le-11-novembre-2017\/\",\"url\":\"https:\/\/centcols.org\/assemblee-generale-du-club-des-cent-cols-a-st-jorioz-haute-savoie-le-11-novembre-2017\/\",\"name\":\"Assembl\u00e9e g\u00e9n\u00e9rale du Club des Cent Cols \u00e0 St-Jorioz (Haute-Savoie) le 11 novembre 2017 - Club des Cent Cols\",\"isPartOf\":{\"@id\":\"https:\/\/centcols.org\/#website\"},\"primaryImageOfPage\":{\"@id\":\"https:\/\/centcols.org\/assemblee-generale-du-club-des-cent-cols-a-st-jorioz-haute-savoie-le-11-novembre-2017\/#primaryimage\"},\"image\":{\"@id\":\"https:\/\/centcols.org\/assemblee-generale-du-club-des-cent-cols-a-st-jorioz-haute-savoie-le-11-novembre-2017\/#primaryimage\"},\"thumbnailUrl\":\"https:\/\/centcols.org\/wp-content\/uploads\/2025\/05\/lacannecy.jpg\",\"datePublished\":\"2017-02-02T08:10:33+00:00\",\"dateModified\":\"2025-09-09T15:36:00+00:00\",\"breadcrumb\":{\"@id\":\"https:\/\/centcols.org\/assemblee-generale-du-club-des-cent-cols-a-st-jorioz-haute-savoie-le-11-novembre-2017\/#breadcrumb\"},\"inLanguage\":\"es\",\"potentialAction\":[{\"@type\":\"ReadAction\",\"target\":[\"https:\/\/centcols.org\/assemblee-generale-du-club-des-cent-cols-a-st-jorioz-haute-savoie-le-11-novembre-2017\/\"]}]},{\"@type\":\"ImageObject\",\"inLanguage\":\"es\",\"@id\":\"https:\/\/centcols.org\/assemblee-generale-du-club-des-cent-cols-a-st-jorioz-haute-savoie-le-11-novembre-2017\/#primaryimage\",\"url\":\"https:\/\/centcols.org\/wp-content\/uploads\/2025\/05\/lacannecy.jpg\",\"contentUrl\":\"https:\/\/centcols.org\/wp-content\/uploads\/2025\/05\/lacannecy.jpg\",\"width\":1024,\"height\":576},{\"@type\":\"BreadcrumbList\",\"@id\":\"https:\/\/centcols.org\/assemblee-generale-du-club-des-cent-cols-a-st-jorioz-haute-savoie-le-11-novembre-2017\/#breadcrumb\",\"itemListElement\":[{\"@type\":\"ListItem\",\"position\":1,\"name\":\"Accueil\",\"item\":\"https:\/\/centcols.org\/\"},{\"@type\":\"ListItem\",\"position\":2,\"name\":\"Assembl\u00e9es g\u00e9n\u00e9rales\",\"item\":\"https:\/\/centcols.org\/rubrique\/assemblees-generales\/\"},{\"@type\":\"ListItem\",\"position\":3,\"name\":\"Assembl\u00e9e g\u00e9n\u00e9rale du Club des Cent Cols \u00e0 St-Jorioz (Haute-Savoie) le 11 novembre 2017\"}]},{\"@type\":\"WebSite\",\"@id\":\"https:\/\/centcols.org\/#website\",\"url\":\"https:\/\/centcols.org\/\",\"name\":\"Club des Cent Cols\",\"description\":\"\",\"publisher\":{\"@id\":\"https:\/\/centcols.org\/#organization\"},\"potentialAction\":[{\"@type\":\"SearchAction\",\"target\":{\"@type\":\"EntryPoint\",\"urlTemplate\":\"https:\/\/centcols.org\/?s={search_term_string}\"},\"query-input\":{\"@type\":\"PropertyValueSpecification\",\"valueRequired\":true,\"valueName\":\"search_term_string\"}}],\"inLanguage\":\"es\"},{\"@type\":\"Organization\",\"@id\":\"https:\/\/centcols.org\/#organization\",\"name\":\"Club des Cent Cols\",\"url\":\"https:\/\/centcols.org\/\",\"logo\":{\"@type\":\"ImageObject\",\"inLanguage\":\"es\",\"@id\":\"https:\/\/centcols.org\/#\/schema\/logo\/image\/\",\"url\":\"https:\/\/centcols.org\/wp-content\/uploads\/2025\/01\/carte-icone.png\",\"contentUrl\":\"https:\/\/centcols.org\/wp-content\/uploads\/2025\/01\/carte-icone.png\",\"width\":250,\"height\":250,\"caption\":\"Club des Cent Cols\"},\"image\":{\"@id\":\"https:\/\/centcols.org\/#\/schema\/logo\/image\/\"},\"sameAs\":[\"https:\/\/www.facebook.com\/groups\/5261880558\/?locale=fr_FR\"]},{\"@type\":\"Person\",\"@id\":\"https:\/\/centcols.org\/#\/schema\/person\/911b404fb133d8c913dd27cdcf71c8e5\",\"name\":\"Webmestre\",\"image\":{\"@type\":\"ImageObject\",\"inLanguage\":\"es\",\"@id\":\"https:\/\/centcols.org\/wp-content\/litespeed\/avatar\/2d246e4b6b4f773e08515e1ffc53690b.jpg?ver=1777222892\",\"url\":\"https:\/\/centcols.org\/wp-content\/litespeed\/avatar\/2d246e4b6b4f773e08515e1ffc53690b.jpg?ver=1777222892\",\"contentUrl\":\"https:\/\/centcols.org\/wp-content\/litespeed\/avatar\/2d246e4b6b4f773e08515e1ffc53690b.jpg?ver=1777222892\",\"caption\":\"Webmestre\"},\"url\":\"https:\/\/centcols.org\/es\/author\/webmestre\/\"}]}<\/script>\n<!-- \/ Yoast SEO plugin. -->","yoast_head_json":{"title":"Asamblea General del Club des Cent Cols en St-Jorioz (Alta Saboya) el 11 de noviembre de 2017 - Club des Cent Cols","robots":{"index":"index","follow":"follow","max-snippet":"max-snippet:-1","max-image-preview":"max-image-preview:large","max-video-preview":"max-video-preview:-1"},"canonical":"https:\/\/centcols.org\/es\/asamblea-general-del-club-cent-cols-de-st-jorioz-haute-savoie-del-11-de-noviembre-de-2017\/","og_locale":"es_ES","og_type":"article","og_title":"Assembl\u00e9e g\u00e9n\u00e9rale du Club des Cent Cols \u00e0 St-Jorioz (Haute-Savoie) le 11 novembre 2017 - Club des Cent Cols","og_description":"Pr\u00e9sentation AG 2017, Saint-Jorioz, samedi 11 novembre 2017 \u00e0 15 h 00 Pensez \u00e0 vous inscrire le plus t\u00f4t possible pour l\u2019h\u00e9bergement : t\u00e9l\u00e9charger le bulletin d\u2019inscription Apr\u00e8s 2012, o\u00f9 le Club des Cent Cols a f\u00eat\u00e9 son quaranti\u00e8me anniversaire, c\u2019est \u00e0 nouveau la r\u00e9gion d\u2019Annecy, berceau du club, qui accueillera notre Assembl\u00e9e g\u00e9n\u00e9rale. Ce [&hellip;]","og_url":"https:\/\/centcols.org\/es\/asamblea-general-del-club-cent-cols-de-st-jorioz-haute-savoie-del-11-de-noviembre-de-2017\/","og_site_name":"Club des Cent Cols","article_publisher":"https:\/\/www.facebook.com\/groups\/5261880558\/?locale=fr_FR","article_published_time":"2017-02-02T08:10:33+00:00","article_modified_time":"2025-09-09T15:36:00+00:00","og_image":[{"width":1024,"height":576,"url":"https:\/\/centcols.org\/wp-content\/uploads\/2025\/05\/lacannecy.jpg","type":"image\/jpeg"}],"author":"Webmestre","twitter_card":"summary_large_image","twitter_misc":{"Escrito por":"Webmestre","Tiempo de lectura":"3 minutos"},"schema":{"@context":"https:\/\/schema.org","@graph":[{"@type":"Article","@id":"https:\/\/centcols.org\/assemblee-generale-du-club-des-cent-cols-a-st-jorioz-haute-savoie-le-11-novembre-2017\/#article","isPartOf":{"@id":"https:\/\/centcols.org\/assemblee-generale-du-club-des-cent-cols-a-st-jorioz-haute-savoie-le-11-novembre-2017\/"},"author":{"name":"Webmestre","@id":"https:\/\/centcols.org\/#\/schema\/person\/911b404fb133d8c913dd27cdcf71c8e5"},"headline":"Assembl\u00e9e g\u00e9n\u00e9rale du Club des Cent Cols \u00e0 St-Jorioz (Haute-Savoie) le 11 novembre 2017","datePublished":"2017-02-02T08:10:33+00:00","dateModified":"2025-09-09T15:36:00+00:00","mainEntityOfPage":{"@id":"https:\/\/centcols.org\/assemblee-generale-du-club-des-cent-cols-a-st-jorioz-haute-savoie-le-11-novembre-2017\/"},"wordCount":313,"publisher":{"@id":"https:\/\/centcols.org\/#organization"},"image":{"@id":"https:\/\/centcols.org\/assemblee-generale-du-club-des-cent-cols-a-st-jorioz-haute-savoie-le-11-novembre-2017\/#primaryimage"},"thumbnailUrl":"https:\/\/centcols.org\/wp-content\/uploads\/2025\/05\/lacannecy.jpg","articleSection":["Assembl\u00e9es g\u00e9n\u00e9rales","Calendrier"],"inLanguage":"es"},{"@type":"WebPage","@id":"https:\/\/centcols.org\/assemblee-generale-du-club-des-cent-cols-a-st-jorioz-haute-savoie-le-11-novembre-2017\/","url":"https:\/\/centcols.org\/assemblee-generale-du-club-des-cent-cols-a-st-jorioz-haute-savoie-le-11-novembre-2017\/","name":"Asamblea General del Club des Cent Cols en St-Jorioz (Alta Saboya) el 11 de noviembre de 2017 - Club des Cent Cols","isPartOf":{"@id":"https:\/\/centcols.org\/#website"},"primaryImageOfPage":{"@id":"https:\/\/centcols.org\/assemblee-generale-du-club-des-cent-cols-a-st-jorioz-haute-savoie-le-11-novembre-2017\/#primaryimage"},"image":{"@id":"https:\/\/centcols.org\/assemblee-generale-du-club-des-cent-cols-a-st-jorioz-haute-savoie-le-11-novembre-2017\/#primaryimage"},"thumbnailUrl":"https:\/\/centcols.org\/wp-content\/uploads\/2025\/05\/lacannecy.jpg","datePublished":"2017-02-02T08:10:33+00:00","dateModified":"2025-09-09T15:36:00+00:00","breadcrumb":{"@id":"https:\/\/centcols.org\/assemblee-generale-du-club-des-cent-cols-a-st-jorioz-haute-savoie-le-11-novembre-2017\/#breadcrumb"},"inLanguage":"es","potentialAction":[{"@type":"ReadAction","target":["https:\/\/centcols.org\/assemblee-generale-du-club-des-cent-cols-a-st-jorioz-haute-savoie-le-11-novembre-2017\/"]}]},{"@type":"ImageObject","inLanguage":"es","@id":"https:\/\/centcols.org\/assemblee-generale-du-club-des-cent-cols-a-st-jorioz-haute-savoie-le-11-novembre-2017\/#primaryimage","url":"https:\/\/centcols.org\/wp-content\/uploads\/2025\/05\/lacannecy.jpg","contentUrl":"https:\/\/centcols.org\/wp-content\/uploads\/2025\/05\/lacannecy.jpg","width":1024,"height":576},{"@type":"BreadcrumbList","@id":"https:\/\/centcols.org\/assemblee-generale-du-club-des-cent-cols-a-st-jorioz-haute-savoie-le-11-novembre-2017\/#breadcrumb","itemListElement":[{"@type":"ListItem","position":1,"name":"Accueil","item":"https:\/\/centcols.org\/"},{"@type":"ListItem","position":2,"name":"Assembl\u00e9es g\u00e9n\u00e9rales","item":"https:\/\/centcols.org\/rubrique\/assemblees-generales\/"},{"@type":"ListItem","position":3,"name":"Assembl\u00e9e g\u00e9n\u00e9rale du Club des Cent Cols \u00e0 St-Jorioz (Haute-Savoie) le 11 novembre 2017"}]},{"@type":"WebSite","@id":"https:\/\/centcols.org\/#website","url":"https:\/\/centcols.org\/","name":"Club des Cent Cols","description":"","publisher":{"@id":"https:\/\/centcols.org\/#organization"},"potentialAction":[{"@type":"SearchAction","target":{"@type":"EntryPoint","urlTemplate":"https:\/\/centcols.org\/?s={search_term_string}"},"query-input":{"@type":"PropertyValueSpecification","valueRequired":true,"valueName":"search_term_string"}}],"inLanguage":"es"},{"@type":"Organization","@id":"https:\/\/centcols.org\/#organization","name":"Club des Cent Cols","url":"https:\/\/centcols.org\/","logo":{"@type":"ImageObject","inLanguage":"es","@id":"https:\/\/centcols.org\/#\/schema\/logo\/image\/","url":"https:\/\/centcols.org\/wp-content\/uploads\/2025\/01\/carte-icone.png","contentUrl":"https:\/\/centcols.org\/wp-content\/uploads\/2025\/01\/carte-icone.png","width":250,"height":250,"caption":"Club des Cent Cols"},"image":{"@id":"https:\/\/centcols.org\/#\/schema\/logo\/image\/"},"sameAs":["https:\/\/www.facebook.com\/groups\/5261880558\/?locale=fr_FR"]},{"@type":"Person","@id":"https:\/\/centcols.org\/#\/schema\/person\/911b404fb133d8c913dd27cdcf71c8e5","name":"Webmaster","image":{"@type":"ImageObject","inLanguage":"es","@id":"https:\/\/centcols.org\/wp-content\/litespeed\/avatar\/2d246e4b6b4f773e08515e1ffc53690b.jpg?ver=1777222892","url":"https:\/\/centcols.org\/wp-content\/litespeed\/avatar\/2d246e4b6b4f773e08515e1ffc53690b.jpg?ver=1777222892","contentUrl":"https:\/\/centcols.org\/wp-content\/litespeed\/avatar\/2d246e4b6b4f773e08515e1ffc53690b.jpg?ver=1777222892","caption":"Webmestre"},"url":"https:\/\/centcols.org\/es\/author\/webmestre\/"}]}},"_links":{"self":[{"href":"https:\/\/centcols.org\/es\/wp-json\/wp\/v2\/posts\/81883","targetHints":{"allow":["GET"]}}],"collection":[{"href":"https:\/\/centcols.org\/es\/wp-json\/wp\/v2\/posts"}],"about":[{"href":"https:\/\/centcols.org\/es\/wp-json\/wp\/v2\/types\/post"}],"author":[{"embeddable":true,"href":"https:\/\/centcols.org\/es\/wp-json\/wp\/v2\/users\/3"}],"replies":[{"embeddable":true,"href":"https:\/\/centcols.org\/es\/wp-json\/wp\/v2\/comments?post=81883"}],"version-history":[{"count":0,"href":"https:\/\/centcols.org\/es\/wp-json\/wp\/v2\/posts\/81883\/revisions"}],"wp:featuredmedia":[{"embeddable":true,"href":"https:\/\/centcols.org\/es\/wp-json\/wp\/v2\/media\/81884"}],"wp:attachment":[{"href":"https:\/\/centcols.org\/es\/wp-json\/wp\/v2\/media?parent=81883"}],"wp:term":[{"taxonomy":"category","embeddable":true,"href":"https:\/\/centcols.org\/es\/wp-json\/wp\/v2\/categories?post=81883"},{"taxonomy":"post_tag","embeddable":true,"href":"https:\/\/centcols.org\/es\/wp-json\/wp\/v2\/tags?post=81883"}],"curies":[{"name":"wp","href":"https:\/\/api.w.org\/{rel}","templated":true}]}}