{"id":81900,"date":"2017-03-07T14:00:30","date_gmt":"2017-03-07T12:00:30","guid":{"rendered":"https:\/\/centcols.org\/concentration-regionale-vosges-au-col-du-calvaire-le-26-aout-2017\/"},"modified":"2025-09-09T17:19:40","modified_gmt":"2025-09-09T15:19:40","slug":"concentracion-regional-de-los-vosgos-en-el-col-du-calvaire-el-26-de-agosto-de-2017","status":"publish","type":"post","link":"https:\/\/centcols.org\/es\/concentration-regionale-vosges-au-col-du-calvaire-le-26-aout-2017\/","title":{"rendered":"Reuni\u00f3n regional de los Vosgos en el Col du Calvaire el 26 de agosto de 2017"},"content":{"rendered":"\n<p>Samedi 26 ao\u00fbt 2017, Vosges<br>Col du Calvaire, 1144 m (Haut-Rhin)<\/p>\n\n\n\n<p>Jean-Christophe et Ars\u00e8ne vous invitent \u00e0 participer \u00e0 la concentration des Cent Cols de l\u2019est qui aura lieu au col du Calvaire<br>Ce col relie le Valtin dans les Vosges \u00e0 Orbey dans le Haut Rhin. Il se trouve sur la route des cr\u00eates. La mont\u00e9e par Orbey est rude et l\u2019une des plus dures du massif. Elle vous sera \u00e9pargn\u00e9e&nbsp;!<\/p>\n\n\n\n<p>Le rendez-vous est fix\u00e9 \u00e0 8 h 45 au parking du col. Marie-Fran\u00e7oise vous accueillera avec le sourire pour vous servir un bon caf\u00e9 avec g\u00e2teau. Puis vous plongerez, tous ensemble, dans la descente vers Orbey pour mieux remonter au col du Calvaire par le col du Bonhomme.<br>Le parcours routier aura une distance de 45 Km avec un d\u00e9nivel\u00e9 de 1200 m. Vous passerez par les cols&nbsp;: de Chamont, des Bagenelles, du Pr\u00e9 de Raves, du Bonhomme, du Louschbach, pour arriver enfin au col du Calvaire.<br>Le parcours VTT aura une distance de 34 Km avec un d\u00e9nivel\u00e9 de 1100 m. Vous passerez par le col de Bermont, le col du Bonhomme, le col du Louschbach, pour arriver au col du Calvaire.<\/p>\n\n\n\n<p>Nous nous retrouverons ensuite pour partager le pain et le fromage traditionnels suivi du repas tir\u00e9 du sac. Il y aura possibilit\u00e9 de se restaurer \u00e0 l\u2019auberge&nbsp; du col.<br>Il sera, bien s\u00fbr, possible de faire plus court, et les plus anciens qui n\u2019ont plus envie de se meurtrir les muscles pourront nous rejoindre directement au col, vers 13 h. Ils seront les bienvenus&nbsp;!<br>Pour les plus affam\u00e9s,&nbsp; de nombreux cols aux alentours seront pr\u00eats \u00e0 les accueillir dans l\u2019apr\u00e8s-midi.<\/p>\n\n\n\n<p>Ne manquez pas ce rendez-vous, agr\u00e9ment\u00e9 par un all\u00e9chant Munster et un non moins excellent vin d\u2019Alsace.<\/p>\n\n\n\n<figure class=\"wp-block-gallery has-nested-images columns-3 is-cropped wp-block-gallery-1 is-layout-flex wp-block-gallery-is-layout-flex\">\n<figure class=\"wp-block-image size-large\"><img loading=\"lazy\" decoding=\"async\" width=\"561\" height=\"421\" data-id=\"89463\" src=\"https:\/\/centcols.org\/wp-content\/uploads\/2017\/03\/calvaire1.jpg\" alt=\"\" class=\"wp-image-89463\" srcset=\"https:\/\/centcols.org\/wp-content\/uploads\/2017\/03\/calvaire1.jpg 561w, https:\/\/centcols.org\/wp-content\/uploads\/2017\/03\/calvaire1-16x12.jpg 16w\" sizes=\"auto, (max-width: 561px) 100vw, 561px\" \/><\/figure>\n\n\n\n<figure class=\"wp-block-image size-large\"><img loading=\"lazy\" decoding=\"async\" width=\"425\" height=\"421\" data-id=\"89464\" src=\"https:\/\/centcols.org\/wp-content\/uploads\/2017\/03\/calvaire2.jpg\" alt=\"\" class=\"wp-image-89464\" srcset=\"https:\/\/centcols.org\/wp-content\/uploads\/2017\/03\/calvaire2.jpg 425w, https:\/\/centcols.org\/wp-content\/uploads\/2017\/03\/calvaire2-150x150.jpg 150w, https:\/\/centcols.org\/wp-content\/uploads\/2017\/03\/calvaire2-12x12.jpg 12w\" sizes=\"auto, (max-width: 425px) 100vw, 425px\" \/><\/figure>\n<\/figure>\n\n\n\n<h3 class=\"wp-block-heading\">Les circuits<\/h3>\n\n\n\n<p><a href=\"https:\/\/centcols.org\/wp-content\/uploads\/2025\/09\/Calvaire-route.zip\">Circuit route<\/a><\/p>\n\n\n\n<p><a href=\"https:\/\/centcols.org\/wp-content\/uploads\/2025\/09\/Calvaire-VTT.zip\">Circuit VTT<\/a><\/p>\n\n\n\n<p>&nbsp;<\/p>\n\n\n\n<h3 class=\"wp-block-heading\">&nbsp;Contact<\/h3>\n\n\n\n<p>Ars\u00e8ne Bickel<br>03 87 95 30 90<br>[email]b&#99;&#121;&#99;&#x6c;&#x6f;&#x2e;ap&#105;&#115;&#x40;&#x6f;&#x72;&#x61;ng&#101;&#46;&#x66;&#x72;[\/email]<\/p>\n\n\n\n<p>Jean-Christophe Braumann<br>06 48 80 28 48<br>[email]je&#97;&#110;&#x2d;&#x63;&#x68;&#x72;is&#116;&#111;&#x70;&#x68;&#x65;&#x2e;br&#97;&#117;&#109;&#x61;&#x6e;&#x6e;&#x40;or&#97;&#110;&#x67;&#x65;&#x2e;&#x66;r[\/email]<\/p>\n","protected":false},"excerpt":{"rendered":"<p>Samedi 26 ao\u00fbt 2017, VosgesCol du Calvaire, 1144 m (Haut-Rhin) Jean-Christophe et Ars\u00e8ne vous invitent \u00e0 participer \u00e0 la concentration des Cent Cols de l\u2019est qui aura lieu au col du CalvaireCe col relie le Valtin dans les Vosges \u00e0 Orbey dans le Haut Rhin. Il se trouve sur la route des cr\u00eates. La mont\u00e9e [&hellip;]<\/p>\n","protected":false},"author":136,"featured_media":81901,"comment_status":"closed","ping_status":"open","sticky":false,"template":"","format":"standard","meta":{"_acf_changed":false,"footnotes":""},"categories":[135,280,216],"tags":[],"class_list":["post-81900","post","type-post","status-publish","format-standard","has-post-thumbnail","hentry","category-calendrier","category-les-rassemblements-de-2017","category-rencontres-regionales"],"acf":[],"yoast_head":"<!-- This site is optimized with the Yoast SEO plugin v27.2 - https:\/\/yoast.com\/product\/yoast-seo-wordpress\/ -->\n<title>Concentration r\u00e9gionale Vosges au col du Calvaire le 26 ao\u00fbt 2017 - Club des Cent Cols<\/title>\n<meta name=\"robots\" content=\"index, follow, max-snippet:-1, max-image-preview:large, max-video-preview:-1\" \/>\n<link rel=\"canonical\" href=\"https:\/\/centcols.org\/es\/concentracion-regional-de-los-vosgos-en-el-col-du-calvaire-el-26-de-agosto-de-2017\/\" \/>\n<meta property=\"og:locale\" content=\"es_ES\" \/>\n<meta property=\"og:type\" content=\"article\" \/>\n<meta property=\"og:title\" content=\"Concentration r\u00e9gionale Vosges au col du Calvaire le 26 ao\u00fbt 2017 - Club des Cent Cols\" \/>\n<meta property=\"og:description\" content=\"Samedi 26 ao\u00fbt 2017, VosgesCol du Calvaire, 1144 m (Haut-Rhin) Jean-Christophe et Ars\u00e8ne vous invitent \u00e0 participer \u00e0 la concentration des Cent Cols de l\u2019est qui aura lieu au col du CalvaireCe col relie le Valtin dans les Vosges \u00e0 Orbey dans le Haut Rhin. Il se trouve sur la route des cr\u00eates. La mont\u00e9e [&hellip;]\" \/>\n<meta property=\"og:url\" content=\"https:\/\/centcols.org\/es\/concentracion-regional-de-los-vosgos-en-el-col-du-calvaire-el-26-de-agosto-de-2017\/\" \/>\n<meta property=\"og:site_name\" content=\"Club des Cent Cols\" \/>\n<meta property=\"article:publisher\" content=\"https:\/\/www.facebook.com\/groups\/5261880558\/?locale=fr_FR\" \/>\n<meta property=\"article:published_time\" content=\"2017-03-07T12:00:30+00:00\" \/>\n<meta property=\"article:modified_time\" content=\"2025-09-09T15:19:40+00:00\" \/>\n<meta property=\"og:image\" content=\"https:\/\/centcols.org\/wp-content\/uploads\/2025\/05\/calvaire2.jpg\" \/>\n\t<meta property=\"og:image:width\" content=\"425\" \/>\n\t<meta property=\"og:image:height\" content=\"421\" \/>\n\t<meta property=\"og:image:type\" content=\"image\/jpeg\" \/>\n<meta name=\"author\" content=\"Guy Harl\u00e9\" \/>\n<meta name=\"twitter:card\" content=\"summary_large_image\" \/>\n<meta name=\"twitter:label1\" content=\"Escrito por\" \/>\n\t<meta name=\"twitter:data1\" content=\"Guy Harl\u00e9\" \/>\n\t<meta name=\"twitter:label2\" content=\"Tiempo de lectura\" \/>\n\t<meta name=\"twitter:data2\" content=\"3 minutos\" \/>\n<script type=\"application\/ld+json\" class=\"yoast-schema-graph\">{\"@context\":\"https:\/\/schema.org\",\"@graph\":[{\"@type\":\"Article\",\"@id\":\"https:\/\/centcols.org\/concentration-regionale-vosges-au-col-du-calvaire-le-26-aout-2017\/#article\",\"isPartOf\":{\"@id\":\"https:\/\/centcols.org\/concentration-regionale-vosges-au-col-du-calvaire-le-26-aout-2017\/\"},\"author\":{\"name\":\"Guy Harl\u00e9\",\"@id\":\"https:\/\/centcols.org\/#\/schema\/person\/377f00da2793c0363246869bb3a344d0\"},\"headline\":\"Concentration r\u00e9gionale Vosges au col du Calvaire le 26 ao\u00fbt 2017\",\"datePublished\":\"2017-03-07T12:00:30+00:00\",\"dateModified\":\"2025-09-09T15:19:40+00:00\",\"mainEntityOfPage\":{\"@id\":\"https:\/\/centcols.org\/concentration-regionale-vosges-au-col-du-calvaire-le-26-aout-2017\/\"},\"wordCount\":337,\"publisher\":{\"@id\":\"https:\/\/centcols.org\/#organization\"},\"image\":{\"@id\":\"https:\/\/centcols.org\/concentration-regionale-vosges-au-col-du-calvaire-le-26-aout-2017\/#primaryimage\"},\"thumbnailUrl\":\"https:\/\/centcols.org\/wp-content\/uploads\/2025\/05\/calvaire2.jpg\",\"articleSection\":[\"Calendrier\",\"2017-rassemblements\",\"Rencontres r\u00e9gionales\"],\"inLanguage\":\"es\"},{\"@type\":\"WebPage\",\"@id\":\"https:\/\/centcols.org\/concentration-regionale-vosges-au-col-du-calvaire-le-26-aout-2017\/\",\"url\":\"https:\/\/centcols.org\/concentration-regionale-vosges-au-col-du-calvaire-le-26-aout-2017\/\",\"name\":\"Concentration r\u00e9gionale Vosges au col du Calvaire le 26 ao\u00fbt 2017 - Club des Cent Cols\",\"isPartOf\":{\"@id\":\"https:\/\/centcols.org\/#website\"},\"primaryImageOfPage\":{\"@id\":\"https:\/\/centcols.org\/concentration-regionale-vosges-au-col-du-calvaire-le-26-aout-2017\/#primaryimage\"},\"image\":{\"@id\":\"https:\/\/centcols.org\/concentration-regionale-vosges-au-col-du-calvaire-le-26-aout-2017\/#primaryimage\"},\"thumbnailUrl\":\"https:\/\/centcols.org\/wp-content\/uploads\/2025\/05\/calvaire2.jpg\",\"datePublished\":\"2017-03-07T12:00:30+00:00\",\"dateModified\":\"2025-09-09T15:19:40+00:00\",\"breadcrumb\":{\"@id\":\"https:\/\/centcols.org\/concentration-regionale-vosges-au-col-du-calvaire-le-26-aout-2017\/#breadcrumb\"},\"inLanguage\":\"es\",\"potentialAction\":[{\"@type\":\"ReadAction\",\"target\":[\"https:\/\/centcols.org\/concentration-regionale-vosges-au-col-du-calvaire-le-26-aout-2017\/\"]}]},{\"@type\":\"ImageObject\",\"inLanguage\":\"es\",\"@id\":\"https:\/\/centcols.org\/concentration-regionale-vosges-au-col-du-calvaire-le-26-aout-2017\/#primaryimage\",\"url\":\"https:\/\/centcols.org\/wp-content\/uploads\/2025\/05\/calvaire2.jpg\",\"contentUrl\":\"https:\/\/centcols.org\/wp-content\/uploads\/2025\/05\/calvaire2.jpg\",\"width\":425,\"height\":421},{\"@type\":\"BreadcrumbList\",\"@id\":\"https:\/\/centcols.org\/concentration-regionale-vosges-au-col-du-calvaire-le-26-aout-2017\/#breadcrumb\",\"itemListElement\":[{\"@type\":\"ListItem\",\"position\":1,\"name\":\"Accueil\",\"item\":\"https:\/\/centcols.org\/\"},{\"@type\":\"ListItem\",\"position\":2,\"name\":\"Calendrier\",\"item\":\"https:\/\/centcols.org\/rubrique\/calendrier\/\"},{\"@type\":\"ListItem\",\"position\":3,\"name\":\"Concentration r\u00e9gionale Vosges au col du Calvaire le 26 ao\u00fbt 2017\"}]},{\"@type\":\"WebSite\",\"@id\":\"https:\/\/centcols.org\/#website\",\"url\":\"https:\/\/centcols.org\/\",\"name\":\"Club des Cent Cols\",\"description\":\"\",\"publisher\":{\"@id\":\"https:\/\/centcols.org\/#organization\"},\"potentialAction\":[{\"@type\":\"SearchAction\",\"target\":{\"@type\":\"EntryPoint\",\"urlTemplate\":\"https:\/\/centcols.org\/?s={search_term_string}\"},\"query-input\":{\"@type\":\"PropertyValueSpecification\",\"valueRequired\":true,\"valueName\":\"search_term_string\"}}],\"inLanguage\":\"es\"},{\"@type\":\"Organization\",\"@id\":\"https:\/\/centcols.org\/#organization\",\"name\":\"Club des Cent Cols\",\"url\":\"https:\/\/centcols.org\/\",\"logo\":{\"@type\":\"ImageObject\",\"inLanguage\":\"es\",\"@id\":\"https:\/\/centcols.org\/#\/schema\/logo\/image\/\",\"url\":\"https:\/\/centcols.org\/wp-content\/uploads\/2025\/01\/carte-icone.png\",\"contentUrl\":\"https:\/\/centcols.org\/wp-content\/uploads\/2025\/01\/carte-icone.png\",\"width\":250,\"height\":250,\"caption\":\"Club des Cent Cols\"},\"image\":{\"@id\":\"https:\/\/centcols.org\/#\/schema\/logo\/image\/\"},\"sameAs\":[\"https:\/\/www.facebook.com\/groups\/5261880558\/?locale=fr_FR\"]},{\"@type\":\"Person\",\"@id\":\"https:\/\/centcols.org\/#\/schema\/person\/377f00da2793c0363246869bb3a344d0\",\"name\":\"Guy Harl\u00e9\",\"image\":{\"@type\":\"ImageObject\",\"inLanguage\":\"es\",\"@id\":\"https:\/\/centcols.org\/wp-content\/litespeed\/avatar\/94c4de37e46cf090f296d42ab3e8d6a6.jpg?ver=1777238144\",\"url\":\"https:\/\/centcols.org\/wp-content\/litespeed\/avatar\/94c4de37e46cf090f296d42ab3e8d6a6.jpg?ver=1777238144\",\"contentUrl\":\"https:\/\/centcols.org\/wp-content\/litespeed\/avatar\/94c4de37e46cf090f296d42ab3e8d6a6.jpg?ver=1777238144\",\"caption\":\"Guy Harl\u00e9\"},\"url\":\"https:\/\/centcols.org\/es\/author\/5193\/\"}]}<\/script>\n<!-- \/ Yoast SEO plugin. -->","yoast_head_json":{"title":"Encuentro regional de los Vosgos en el Col du Calvaire el 26 de agosto de 2017 - Club des Cent Cols","robots":{"index":"index","follow":"follow","max-snippet":"max-snippet:-1","max-image-preview":"max-image-preview:large","max-video-preview":"max-video-preview:-1"},"canonical":"https:\/\/centcols.org\/es\/concentracion-regional-de-los-vosgos-en-el-col-du-calvaire-el-26-de-agosto-de-2017\/","og_locale":"es_ES","og_type":"article","og_title":"Concentration r\u00e9gionale Vosges au col du Calvaire le 26 ao\u00fbt 2017 - Club des Cent Cols","og_description":"Samedi 26 ao\u00fbt 2017, VosgesCol du Calvaire, 1144 m (Haut-Rhin) Jean-Christophe et Ars\u00e8ne vous invitent \u00e0 participer \u00e0 la concentration des Cent Cols de l\u2019est qui aura lieu au col du CalvaireCe col relie le Valtin dans les Vosges \u00e0 Orbey dans le Haut Rhin. Il se trouve sur la route des cr\u00eates. La mont\u00e9e [&hellip;]","og_url":"https:\/\/centcols.org\/es\/concentracion-regional-de-los-vosgos-en-el-col-du-calvaire-el-26-de-agosto-de-2017\/","og_site_name":"Club des Cent Cols","article_publisher":"https:\/\/www.facebook.com\/groups\/5261880558\/?locale=fr_FR","article_published_time":"2017-03-07T12:00:30+00:00","article_modified_time":"2025-09-09T15:19:40+00:00","og_image":[{"width":425,"height":421,"url":"https:\/\/centcols.org\/wp-content\/uploads\/2025\/05\/calvaire2.jpg","type":"image\/jpeg"}],"author":"Guy Harl\u00e9","twitter_card":"summary_large_image","twitter_misc":{"Escrito por":"Guy Harl\u00e9","Tiempo de lectura":"3 minutos"},"schema":{"@context":"https:\/\/schema.org","@graph":[{"@type":"Article","@id":"https:\/\/centcols.org\/concentration-regionale-vosges-au-col-du-calvaire-le-26-aout-2017\/#article","isPartOf":{"@id":"https:\/\/centcols.org\/concentration-regionale-vosges-au-col-du-calvaire-le-26-aout-2017\/"},"author":{"name":"Guy Harl\u00e9","@id":"https:\/\/centcols.org\/#\/schema\/person\/377f00da2793c0363246869bb3a344d0"},"headline":"Concentration r\u00e9gionale Vosges au col du Calvaire le 26 ao\u00fbt 2017","datePublished":"2017-03-07T12:00:30+00:00","dateModified":"2025-09-09T15:19:40+00:00","mainEntityOfPage":{"@id":"https:\/\/centcols.org\/concentration-regionale-vosges-au-col-du-calvaire-le-26-aout-2017\/"},"wordCount":337,"publisher":{"@id":"https:\/\/centcols.org\/#organization"},"image":{"@id":"https:\/\/centcols.org\/concentration-regionale-vosges-au-col-du-calvaire-le-26-aout-2017\/#primaryimage"},"thumbnailUrl":"https:\/\/centcols.org\/wp-content\/uploads\/2025\/05\/calvaire2.jpg","articleSection":["Calendrier","2017-rassemblements","Rencontres r\u00e9gionales"],"inLanguage":"es"},{"@type":"WebPage","@id":"https:\/\/centcols.org\/concentration-regionale-vosges-au-col-du-calvaire-le-26-aout-2017\/","url":"https:\/\/centcols.org\/concentration-regionale-vosges-au-col-du-calvaire-le-26-aout-2017\/","name":"Encuentro regional de los Vosgos en el Col du Calvaire el 26 de agosto de 2017 - Club des Cent Cols","isPartOf":{"@id":"https:\/\/centcols.org\/#website"},"primaryImageOfPage":{"@id":"https:\/\/centcols.org\/concentration-regionale-vosges-au-col-du-calvaire-le-26-aout-2017\/#primaryimage"},"image":{"@id":"https:\/\/centcols.org\/concentration-regionale-vosges-au-col-du-calvaire-le-26-aout-2017\/#primaryimage"},"thumbnailUrl":"https:\/\/centcols.org\/wp-content\/uploads\/2025\/05\/calvaire2.jpg","datePublished":"2017-03-07T12:00:30+00:00","dateModified":"2025-09-09T15:19:40+00:00","breadcrumb":{"@id":"https:\/\/centcols.org\/concentration-regionale-vosges-au-col-du-calvaire-le-26-aout-2017\/#breadcrumb"},"inLanguage":"es","potentialAction":[{"@type":"ReadAction","target":["https:\/\/centcols.org\/concentration-regionale-vosges-au-col-du-calvaire-le-26-aout-2017\/"]}]},{"@type":"ImageObject","inLanguage":"es","@id":"https:\/\/centcols.org\/concentration-regionale-vosges-au-col-du-calvaire-le-26-aout-2017\/#primaryimage","url":"https:\/\/centcols.org\/wp-content\/uploads\/2025\/05\/calvaire2.jpg","contentUrl":"https:\/\/centcols.org\/wp-content\/uploads\/2025\/05\/calvaire2.jpg","width":425,"height":421},{"@type":"BreadcrumbList","@id":"https:\/\/centcols.org\/concentration-regionale-vosges-au-col-du-calvaire-le-26-aout-2017\/#breadcrumb","itemListElement":[{"@type":"ListItem","position":1,"name":"Accueil","item":"https:\/\/centcols.org\/"},{"@type":"ListItem","position":2,"name":"Calendrier","item":"https:\/\/centcols.org\/rubrique\/calendrier\/"},{"@type":"ListItem","position":3,"name":"Concentration r\u00e9gionale Vosges au col du Calvaire le 26 ao\u00fbt 2017"}]},{"@type":"WebSite","@id":"https:\/\/centcols.org\/#website","url":"https:\/\/centcols.org\/","name":"Club des Cent Cols","description":"","publisher":{"@id":"https:\/\/centcols.org\/#organization"},"potentialAction":[{"@type":"SearchAction","target":{"@type":"EntryPoint","urlTemplate":"https:\/\/centcols.org\/?s={search_term_string}"},"query-input":{"@type":"PropertyValueSpecification","valueRequired":true,"valueName":"search_term_string"}}],"inLanguage":"es"},{"@type":"Organization","@id":"https:\/\/centcols.org\/#organization","name":"Club des Cent Cols","url":"https:\/\/centcols.org\/","logo":{"@type":"ImageObject","inLanguage":"es","@id":"https:\/\/centcols.org\/#\/schema\/logo\/image\/","url":"https:\/\/centcols.org\/wp-content\/uploads\/2025\/01\/carte-icone.png","contentUrl":"https:\/\/centcols.org\/wp-content\/uploads\/2025\/01\/carte-icone.png","width":250,"height":250,"caption":"Club des Cent Cols"},"image":{"@id":"https:\/\/centcols.org\/#\/schema\/logo\/image\/"},"sameAs":["https:\/\/www.facebook.com\/groups\/5261880558\/?locale=fr_FR"]},{"@type":"Person","@id":"https:\/\/centcols.org\/#\/schema\/person\/377f00da2793c0363246869bb3a344d0","name":"Guy Harl\u00e9","image":{"@type":"ImageObject","inLanguage":"es","@id":"https:\/\/centcols.org\/wp-content\/litespeed\/avatar\/94c4de37e46cf090f296d42ab3e8d6a6.jpg?ver=1777238144","url":"https:\/\/centcols.org\/wp-content\/litespeed\/avatar\/94c4de37e46cf090f296d42ab3e8d6a6.jpg?ver=1777238144","contentUrl":"https:\/\/centcols.org\/wp-content\/litespeed\/avatar\/94c4de37e46cf090f296d42ab3e8d6a6.jpg?ver=1777238144","caption":"Guy Harl\u00e9"},"url":"https:\/\/centcols.org\/es\/author\/5193\/"}]}},"_links":{"self":[{"href":"https:\/\/centcols.org\/es\/wp-json\/wp\/v2\/posts\/81900","targetHints":{"allow":["GET"]}}],"collection":[{"href":"https:\/\/centcols.org\/es\/wp-json\/wp\/v2\/posts"}],"about":[{"href":"https:\/\/centcols.org\/es\/wp-json\/wp\/v2\/types\/post"}],"author":[{"embeddable":true,"href":"https:\/\/centcols.org\/es\/wp-json\/wp\/v2\/users\/136"}],"replies":[{"embeddable":true,"href":"https:\/\/centcols.org\/es\/wp-json\/wp\/v2\/comments?post=81900"}],"version-history":[{"count":0,"href":"https:\/\/centcols.org\/es\/wp-json\/wp\/v2\/posts\/81900\/revisions"}],"wp:featuredmedia":[{"embeddable":true,"href":"https:\/\/centcols.org\/es\/wp-json\/wp\/v2\/media\/81901"}],"wp:attachment":[{"href":"https:\/\/centcols.org\/es\/wp-json\/wp\/v2\/media?parent=81900"}],"wp:term":[{"taxonomy":"category","embeddable":true,"href":"https:\/\/centcols.org\/es\/wp-json\/wp\/v2\/categories?post=81900"},{"taxonomy":"post_tag","embeddable":true,"href":"https:\/\/centcols.org\/es\/wp-json\/wp\/v2\/tags?post=81900"}],"curies":[{"name":"wp","href":"https:\/\/api.w.org\/{rel}","templated":true}]}}