{"id":81905,"date":"2017-03-07T16:16:20","date_gmt":"2017-03-07T14:16:20","guid":{"rendered":"https:\/\/centcols.org\/concentration-regionale-alpes-du-sud-souvenir-roland-grimaud-au-col-du-fanget-le-2-septembre-2017\/"},"modified":"2025-09-14T22:14:35","modified_gmt":"2025-09-14T20:14:35","slug":"concentracion-regional-en-los-alpes-del-sur-en-memoria-de-roland-grimaud-en-el-col-du-fanget-el-2-de-septiembre-de-2017","status":"publish","type":"post","link":"https:\/\/centcols.org\/es\/concentration-regionale-alpes-du-sud-souvenir-roland-grimaud-au-col-du-fanget-le-2-septembre-2017\/","title":{"rendered":"Encuentro regional de Alpes del Sur (en memoria de Roland Grimaud) en Col du Fanget el 2 de septiembre de 2017."},"content":{"rendered":"\n<p>Samedi 2 septembre 2017, Alpes Sud<br>Col du Fanget, 1459 m (Alpes de Haute Provence)<\/p>\n\n\n\n<p>Porte d\u2019entr\u00e9e Nord du \u00ab&nbsp;G\u00e9oparc de Haute-Provence&nbsp;\u00bb et du Massif des Monges, espace nordique hivernal du Pays de Seyne, le col du Fanget est aussi un paradis pour randonneurs, et particuli\u00e8rement pour v\u00e9t\u00e9tistes et cyclo-routiers.<br>Panorama sur le Massif des Ecrins, la chaine de la Blanche et de l\u2019Estrop.<\/p>\n\n\n\n<p>Le rendez-vous vous y est donn\u00e9 \u00e0 8 h 30 devant le foyer pour le caf\u00e9.<\/p>\n\n\n\n<p>Parcours libres d\u00e9cid\u00e9s le matin, jusqu\u2019\u00e0 8 cols routiers et 6 cols vtt peuvent \u00eatre franchis entre les vall\u00e9es de la Blanche et du B\u00e8s<\/p>\n\n\n\n<p>Retour \u00e0 midi pour partager amiti\u00e9, ap\u00e9ro, le pain et le fromage fabriqu\u00e9s \u00e0 Auzet\u2026<\/p>\n\n\n\n<figure class=\"wp-block-image size-full is-resized\"><img loading=\"lazy\" decoding=\"async\" width=\"1280\" height=\"553\" src=\"https:\/\/centcols.org\/wp-content\/uploads\/2025\/05\/Fanget.jpg\" alt=\"\" class=\"wp-image-81906\" style=\"width:800px\" srcset=\"https:\/\/centcols.org\/wp-content\/uploads\/2025\/05\/Fanget.jpg 1280w, https:\/\/centcols.org\/wp-content\/uploads\/2025\/05\/Fanget-1200x518.jpg 1200w, https:\/\/centcols.org\/wp-content\/uploads\/2025\/05\/Fanget-768x332.jpg 768w\" sizes=\"auto, (max-width: 1280px) 100vw, 1280px\" \/><\/figure>\n\n\n\n<p><\/p>\n\n\n\n<h3 class=\"wp-block-heading\">Contact<\/h3>\n\n\n\n<p>Jean Bernauer<br>06 13 85 73 71<br>[email]jean&#46;&#98;&#101;&#114;&#110;&#97;&#117;&#x65;&#x72;&#x40;&#x66;&#x72;&#x65;&#x65;&#x2e;&#x66;r[\/email]<\/p>\n","protected":false},"excerpt":{"rendered":"<p>Samedi 2 septembre 2017, Alpes SudCol du Fanget, 1459 m (Alpes de Haute Provence) Porte d\u2019entr\u00e9e Nord du \u00ab&nbsp;G\u00e9oparc de Haute-Provence&nbsp;\u00bb et du Massif des Monges, espace nordique hivernal du Pays de Seyne, le col du Fanget est aussi un paradis pour randonneurs, et particuli\u00e8rement pour v\u00e9t\u00e9tistes et cyclo-routiers.Panorama sur le Massif des Ecrins, la [&hellip;]<\/p>\n","protected":false},"author":136,"featured_media":81906,"comment_status":"closed","ping_status":"open","sticky":false,"template":"","format":"standard","meta":{"_acf_changed":false,"footnotes":""},"categories":[135,280,216],"tags":[],"class_list":["post-81905","post","type-post","status-publish","format-standard","has-post-thumbnail","hentry","category-calendrier","category-les-rassemblements-de-2017","category-rencontres-regionales"],"acf":[],"yoast_head":"<!-- This site is optimized with the Yoast SEO plugin v27.2 - https:\/\/yoast.com\/product\/yoast-seo-wordpress\/ -->\n<title>Concentration r\u00e9gionale Alpes du Sud (souvenir Roland Grimaud) au col du fanget le 2 septembre 2017 - Club des Cent Cols<\/title>\n<meta name=\"robots\" content=\"index, follow, max-snippet:-1, max-image-preview:large, max-video-preview:-1\" \/>\n<link rel=\"canonical\" href=\"https:\/\/centcols.org\/es\/concentracion-regional-en-los-alpes-del-sur-en-memoria-de-roland-grimaud-en-el-col-du-fanget-el-2-de-septiembre-de-2017\/\" \/>\n<meta property=\"og:locale\" content=\"es_ES\" \/>\n<meta property=\"og:type\" content=\"article\" \/>\n<meta property=\"og:title\" content=\"Concentration r\u00e9gionale Alpes du Sud (souvenir Roland Grimaud) au col du fanget le 2 septembre 2017 - Club des Cent Cols\" \/>\n<meta property=\"og:description\" content=\"Samedi 2 septembre 2017, Alpes SudCol du Fanget, 1459 m (Alpes de Haute Provence) Porte d\u2019entr\u00e9e Nord du \u00ab&nbsp;G\u00e9oparc de Haute-Provence&nbsp;\u00bb et du Massif des Monges, espace nordique hivernal du Pays de Seyne, le col du Fanget est aussi un paradis pour randonneurs, et particuli\u00e8rement pour v\u00e9t\u00e9tistes et cyclo-routiers.Panorama sur le Massif des Ecrins, la [&hellip;]\" \/>\n<meta property=\"og:url\" content=\"https:\/\/centcols.org\/es\/concentracion-regional-en-los-alpes-del-sur-en-memoria-de-roland-grimaud-en-el-col-du-fanget-el-2-de-septiembre-de-2017\/\" \/>\n<meta property=\"og:site_name\" content=\"Club des Cent Cols\" \/>\n<meta property=\"article:publisher\" content=\"https:\/\/www.facebook.com\/groups\/5261880558\/?locale=fr_FR\" \/>\n<meta property=\"article:published_time\" content=\"2017-03-07T14:16:20+00:00\" \/>\n<meta property=\"article:modified_time\" content=\"2025-09-14T20:14:35+00:00\" \/>\n<meta property=\"og:image\" content=\"https:\/\/centcols.org\/wp-content\/uploads\/2025\/05\/Fanget.jpg\" \/>\n\t<meta property=\"og:image:width\" content=\"1280\" \/>\n\t<meta property=\"og:image:height\" content=\"553\" \/>\n\t<meta property=\"og:image:type\" content=\"image\/jpeg\" \/>\n<meta name=\"author\" content=\"Guy Harl\u00e9\" \/>\n<meta name=\"twitter:card\" content=\"summary_large_image\" \/>\n<meta name=\"twitter:label1\" content=\"Escrito por\" \/>\n\t<meta name=\"twitter:data1\" content=\"Guy Harl\u00e9\" \/>\n\t<meta name=\"twitter:label2\" content=\"Tiempo de lectura\" \/>\n\t<meta name=\"twitter:data2\" content=\"2 minutos\" \/>\n<script type=\"application\/ld+json\" class=\"yoast-schema-graph\">{\"@context\":\"https:\/\/schema.org\",\"@graph\":[{\"@type\":\"Article\",\"@id\":\"https:\/\/centcols.org\/concentration-regionale-alpes-du-sud-souvenir-roland-grimaud-au-col-du-fanget-le-2-septembre-2017\/#article\",\"isPartOf\":{\"@id\":\"https:\/\/centcols.org\/concentration-regionale-alpes-du-sud-souvenir-roland-grimaud-au-col-du-fanget-le-2-septembre-2017\/\"},\"author\":{\"name\":\"Guy Harl\u00e9\",\"@id\":\"https:\/\/centcols.org\/#\/schema\/person\/377f00da2793c0363246869bb3a344d0\"},\"headline\":\"Concentration r\u00e9gionale Alpes du Sud (souvenir Roland Grimaud) au col du fanget le 2 septembre 2017\",\"datePublished\":\"2017-03-07T14:16:20+00:00\",\"dateModified\":\"2025-09-14T20:14:35+00:00\",\"mainEntityOfPage\":{\"@id\":\"https:\/\/centcols.org\/concentration-regionale-alpes-du-sud-souvenir-roland-grimaud-au-col-du-fanget-le-2-septembre-2017\/\"},\"wordCount\":148,\"publisher\":{\"@id\":\"https:\/\/centcols.org\/#organization\"},\"image\":{\"@id\":\"https:\/\/centcols.org\/concentration-regionale-alpes-du-sud-souvenir-roland-grimaud-au-col-du-fanget-le-2-septembre-2017\/#primaryimage\"},\"thumbnailUrl\":\"https:\/\/centcols.org\/wp-content\/uploads\/2025\/05\/Fanget.jpg\",\"articleSection\":[\"Calendrier\",\"2017-rassemblements\",\"Rencontres r\u00e9gionales\"],\"inLanguage\":\"es\"},{\"@type\":\"WebPage\",\"@id\":\"https:\/\/centcols.org\/concentration-regionale-alpes-du-sud-souvenir-roland-grimaud-au-col-du-fanget-le-2-septembre-2017\/\",\"url\":\"https:\/\/centcols.org\/concentration-regionale-alpes-du-sud-souvenir-roland-grimaud-au-col-du-fanget-le-2-septembre-2017\/\",\"name\":\"Concentration r\u00e9gionale Alpes du Sud (souvenir Roland Grimaud) au col du fanget le 2 septembre 2017 - Club des Cent Cols\",\"isPartOf\":{\"@id\":\"https:\/\/centcols.org\/#website\"},\"primaryImageOfPage\":{\"@id\":\"https:\/\/centcols.org\/concentration-regionale-alpes-du-sud-souvenir-roland-grimaud-au-col-du-fanget-le-2-septembre-2017\/#primaryimage\"},\"image\":{\"@id\":\"https:\/\/centcols.org\/concentration-regionale-alpes-du-sud-souvenir-roland-grimaud-au-col-du-fanget-le-2-septembre-2017\/#primaryimage\"},\"thumbnailUrl\":\"https:\/\/centcols.org\/wp-content\/uploads\/2025\/05\/Fanget.jpg\",\"datePublished\":\"2017-03-07T14:16:20+00:00\",\"dateModified\":\"2025-09-14T20:14:35+00:00\",\"breadcrumb\":{\"@id\":\"https:\/\/centcols.org\/concentration-regionale-alpes-du-sud-souvenir-roland-grimaud-au-col-du-fanget-le-2-septembre-2017\/#breadcrumb\"},\"inLanguage\":\"es\",\"potentialAction\":[{\"@type\":\"ReadAction\",\"target\":[\"https:\/\/centcols.org\/concentration-regionale-alpes-du-sud-souvenir-roland-grimaud-au-col-du-fanget-le-2-septembre-2017\/\"]}]},{\"@type\":\"ImageObject\",\"inLanguage\":\"es\",\"@id\":\"https:\/\/centcols.org\/concentration-regionale-alpes-du-sud-souvenir-roland-grimaud-au-col-du-fanget-le-2-septembre-2017\/#primaryimage\",\"url\":\"https:\/\/centcols.org\/wp-content\/uploads\/2025\/05\/Fanget.jpg\",\"contentUrl\":\"https:\/\/centcols.org\/wp-content\/uploads\/2025\/05\/Fanget.jpg\",\"width\":1280,\"height\":553},{\"@type\":\"BreadcrumbList\",\"@id\":\"https:\/\/centcols.org\/concentration-regionale-alpes-du-sud-souvenir-roland-grimaud-au-col-du-fanget-le-2-septembre-2017\/#breadcrumb\",\"itemListElement\":[{\"@type\":\"ListItem\",\"position\":1,\"name\":\"Accueil\",\"item\":\"https:\/\/centcols.org\/\"},{\"@type\":\"ListItem\",\"position\":2,\"name\":\"Calendrier\",\"item\":\"https:\/\/centcols.org\/rubrique\/calendrier\/\"},{\"@type\":\"ListItem\",\"position\":3,\"name\":\"Concentration r\u00e9gionale Alpes du Sud (souvenir Roland Grimaud) au col du fanget le 2 septembre 2017\"}]},{\"@type\":\"WebSite\",\"@id\":\"https:\/\/centcols.org\/#website\",\"url\":\"https:\/\/centcols.org\/\",\"name\":\"Club des Cent Cols\",\"description\":\"\",\"publisher\":{\"@id\":\"https:\/\/centcols.org\/#organization\"},\"potentialAction\":[{\"@type\":\"SearchAction\",\"target\":{\"@type\":\"EntryPoint\",\"urlTemplate\":\"https:\/\/centcols.org\/?s={search_term_string}\"},\"query-input\":{\"@type\":\"PropertyValueSpecification\",\"valueRequired\":true,\"valueName\":\"search_term_string\"}}],\"inLanguage\":\"es\"},{\"@type\":\"Organization\",\"@id\":\"https:\/\/centcols.org\/#organization\",\"name\":\"Club des Cent Cols\",\"url\":\"https:\/\/centcols.org\/\",\"logo\":{\"@type\":\"ImageObject\",\"inLanguage\":\"es\",\"@id\":\"https:\/\/centcols.org\/#\/schema\/logo\/image\/\",\"url\":\"https:\/\/centcols.org\/wp-content\/uploads\/2025\/01\/carte-icone.png\",\"contentUrl\":\"https:\/\/centcols.org\/wp-content\/uploads\/2025\/01\/carte-icone.png\",\"width\":250,\"height\":250,\"caption\":\"Club des Cent Cols\"},\"image\":{\"@id\":\"https:\/\/centcols.org\/#\/schema\/logo\/image\/\"},\"sameAs\":[\"https:\/\/www.facebook.com\/groups\/5261880558\/?locale=fr_FR\"]},{\"@type\":\"Person\",\"@id\":\"https:\/\/centcols.org\/#\/schema\/person\/377f00da2793c0363246869bb3a344d0\",\"name\":\"Guy Harl\u00e9\",\"image\":{\"@type\":\"ImageObject\",\"inLanguage\":\"es\",\"@id\":\"https:\/\/centcols.org\/wp-content\/litespeed\/avatar\/94c4de37e46cf090f296d42ab3e8d6a6.jpg?ver=1777238144\",\"url\":\"https:\/\/centcols.org\/wp-content\/litespeed\/avatar\/94c4de37e46cf090f296d42ab3e8d6a6.jpg?ver=1777238144\",\"contentUrl\":\"https:\/\/centcols.org\/wp-content\/litespeed\/avatar\/94c4de37e46cf090f296d42ab3e8d6a6.jpg?ver=1777238144\",\"caption\":\"Guy Harl\u00e9\"},\"url\":\"https:\/\/centcols.org\/es\/author\/5193\/\"}]}<\/script>\n<!-- \/ Yoast SEO plugin. -->","yoast_head_json":{"title":"Encuentro regional de los Alpes del Sur (en memoria de Roland Grimaud) en el Col du Fanget el 2 de septiembre de 2017 - Club des Cent Cols","robots":{"index":"index","follow":"follow","max-snippet":"max-snippet:-1","max-image-preview":"max-image-preview:large","max-video-preview":"max-video-preview:-1"},"canonical":"https:\/\/centcols.org\/es\/concentracion-regional-en-los-alpes-del-sur-en-memoria-de-roland-grimaud-en-el-col-du-fanget-el-2-de-septiembre-de-2017\/","og_locale":"es_ES","og_type":"article","og_title":"Concentration r\u00e9gionale Alpes du Sud (souvenir Roland Grimaud) au col du fanget le 2 septembre 2017 - Club des Cent Cols","og_description":"Samedi 2 septembre 2017, Alpes SudCol du Fanget, 1459 m (Alpes de Haute Provence) Porte d\u2019entr\u00e9e Nord du \u00ab&nbsp;G\u00e9oparc de Haute-Provence&nbsp;\u00bb et du Massif des Monges, espace nordique hivernal du Pays de Seyne, le col du Fanget est aussi un paradis pour randonneurs, et particuli\u00e8rement pour v\u00e9t\u00e9tistes et cyclo-routiers.Panorama sur le Massif des Ecrins, la [&hellip;]","og_url":"https:\/\/centcols.org\/es\/concentracion-regional-en-los-alpes-del-sur-en-memoria-de-roland-grimaud-en-el-col-du-fanget-el-2-de-septiembre-de-2017\/","og_site_name":"Club des Cent Cols","article_publisher":"https:\/\/www.facebook.com\/groups\/5261880558\/?locale=fr_FR","article_published_time":"2017-03-07T14:16:20+00:00","article_modified_time":"2025-09-14T20:14:35+00:00","og_image":[{"width":1280,"height":553,"url":"https:\/\/centcols.org\/wp-content\/uploads\/2025\/05\/Fanget.jpg","type":"image\/jpeg"}],"author":"Guy Harl\u00e9","twitter_card":"summary_large_image","twitter_misc":{"Escrito por":"Guy Harl\u00e9","Tiempo de lectura":"2 minutos"},"schema":{"@context":"https:\/\/schema.org","@graph":[{"@type":"Article","@id":"https:\/\/centcols.org\/concentration-regionale-alpes-du-sud-souvenir-roland-grimaud-au-col-du-fanget-le-2-septembre-2017\/#article","isPartOf":{"@id":"https:\/\/centcols.org\/concentration-regionale-alpes-du-sud-souvenir-roland-grimaud-au-col-du-fanget-le-2-septembre-2017\/"},"author":{"name":"Guy Harl\u00e9","@id":"https:\/\/centcols.org\/#\/schema\/person\/377f00da2793c0363246869bb3a344d0"},"headline":"Concentration r\u00e9gionale Alpes du Sud (souvenir Roland Grimaud) au col du fanget le 2 septembre 2017","datePublished":"2017-03-07T14:16:20+00:00","dateModified":"2025-09-14T20:14:35+00:00","mainEntityOfPage":{"@id":"https:\/\/centcols.org\/concentration-regionale-alpes-du-sud-souvenir-roland-grimaud-au-col-du-fanget-le-2-septembre-2017\/"},"wordCount":148,"publisher":{"@id":"https:\/\/centcols.org\/#organization"},"image":{"@id":"https:\/\/centcols.org\/concentration-regionale-alpes-du-sud-souvenir-roland-grimaud-au-col-du-fanget-le-2-septembre-2017\/#primaryimage"},"thumbnailUrl":"https:\/\/centcols.org\/wp-content\/uploads\/2025\/05\/Fanget.jpg","articleSection":["Calendrier","2017-rassemblements","Rencontres r\u00e9gionales"],"inLanguage":"es"},{"@type":"WebPage","@id":"https:\/\/centcols.org\/concentration-regionale-alpes-du-sud-souvenir-roland-grimaud-au-col-du-fanget-le-2-septembre-2017\/","url":"https:\/\/centcols.org\/concentration-regionale-alpes-du-sud-souvenir-roland-grimaud-au-col-du-fanget-le-2-septembre-2017\/","name":"Encuentro regional de los Alpes del Sur (en memoria de Roland Grimaud) en el Col du Fanget el 2 de septiembre de 2017 - Club des Cent Cols","isPartOf":{"@id":"https:\/\/centcols.org\/#website"},"primaryImageOfPage":{"@id":"https:\/\/centcols.org\/concentration-regionale-alpes-du-sud-souvenir-roland-grimaud-au-col-du-fanget-le-2-septembre-2017\/#primaryimage"},"image":{"@id":"https:\/\/centcols.org\/concentration-regionale-alpes-du-sud-souvenir-roland-grimaud-au-col-du-fanget-le-2-septembre-2017\/#primaryimage"},"thumbnailUrl":"https:\/\/centcols.org\/wp-content\/uploads\/2025\/05\/Fanget.jpg","datePublished":"2017-03-07T14:16:20+00:00","dateModified":"2025-09-14T20:14:35+00:00","breadcrumb":{"@id":"https:\/\/centcols.org\/concentration-regionale-alpes-du-sud-souvenir-roland-grimaud-au-col-du-fanget-le-2-septembre-2017\/#breadcrumb"},"inLanguage":"es","potentialAction":[{"@type":"ReadAction","target":["https:\/\/centcols.org\/concentration-regionale-alpes-du-sud-souvenir-roland-grimaud-au-col-du-fanget-le-2-septembre-2017\/"]}]},{"@type":"ImageObject","inLanguage":"es","@id":"https:\/\/centcols.org\/concentration-regionale-alpes-du-sud-souvenir-roland-grimaud-au-col-du-fanget-le-2-septembre-2017\/#primaryimage","url":"https:\/\/centcols.org\/wp-content\/uploads\/2025\/05\/Fanget.jpg","contentUrl":"https:\/\/centcols.org\/wp-content\/uploads\/2025\/05\/Fanget.jpg","width":1280,"height":553},{"@type":"BreadcrumbList","@id":"https:\/\/centcols.org\/concentration-regionale-alpes-du-sud-souvenir-roland-grimaud-au-col-du-fanget-le-2-septembre-2017\/#breadcrumb","itemListElement":[{"@type":"ListItem","position":1,"name":"Accueil","item":"https:\/\/centcols.org\/"},{"@type":"ListItem","position":2,"name":"Calendrier","item":"https:\/\/centcols.org\/rubrique\/calendrier\/"},{"@type":"ListItem","position":3,"name":"Concentration r\u00e9gionale Alpes du Sud (souvenir Roland Grimaud) au col du fanget le 2 septembre 2017"}]},{"@type":"WebSite","@id":"https:\/\/centcols.org\/#website","url":"https:\/\/centcols.org\/","name":"Club des Cent Cols","description":"","publisher":{"@id":"https:\/\/centcols.org\/#organization"},"potentialAction":[{"@type":"SearchAction","target":{"@type":"EntryPoint","urlTemplate":"https:\/\/centcols.org\/?s={search_term_string}"},"query-input":{"@type":"PropertyValueSpecification","valueRequired":true,"valueName":"search_term_string"}}],"inLanguage":"es"},{"@type":"Organization","@id":"https:\/\/centcols.org\/#organization","name":"Club des Cent Cols","url":"https:\/\/centcols.org\/","logo":{"@type":"ImageObject","inLanguage":"es","@id":"https:\/\/centcols.org\/#\/schema\/logo\/image\/","url":"https:\/\/centcols.org\/wp-content\/uploads\/2025\/01\/carte-icone.png","contentUrl":"https:\/\/centcols.org\/wp-content\/uploads\/2025\/01\/carte-icone.png","width":250,"height":250,"caption":"Club des Cent Cols"},"image":{"@id":"https:\/\/centcols.org\/#\/schema\/logo\/image\/"},"sameAs":["https:\/\/www.facebook.com\/groups\/5261880558\/?locale=fr_FR"]},{"@type":"Person","@id":"https:\/\/centcols.org\/#\/schema\/person\/377f00da2793c0363246869bb3a344d0","name":"Guy Harl\u00e9","image":{"@type":"ImageObject","inLanguage":"es","@id":"https:\/\/centcols.org\/wp-content\/litespeed\/avatar\/94c4de37e46cf090f296d42ab3e8d6a6.jpg?ver=1777238144","url":"https:\/\/centcols.org\/wp-content\/litespeed\/avatar\/94c4de37e46cf090f296d42ab3e8d6a6.jpg?ver=1777238144","contentUrl":"https:\/\/centcols.org\/wp-content\/litespeed\/avatar\/94c4de37e46cf090f296d42ab3e8d6a6.jpg?ver=1777238144","caption":"Guy Harl\u00e9"},"url":"https:\/\/centcols.org\/es\/author\/5193\/"}]}},"_links":{"self":[{"href":"https:\/\/centcols.org\/es\/wp-json\/wp\/v2\/posts\/81905","targetHints":{"allow":["GET"]}}],"collection":[{"href":"https:\/\/centcols.org\/es\/wp-json\/wp\/v2\/posts"}],"about":[{"href":"https:\/\/centcols.org\/es\/wp-json\/wp\/v2\/types\/post"}],"author":[{"embeddable":true,"href":"https:\/\/centcols.org\/es\/wp-json\/wp\/v2\/users\/136"}],"replies":[{"embeddable":true,"href":"https:\/\/centcols.org\/es\/wp-json\/wp\/v2\/comments?post=81905"}],"version-history":[{"count":0,"href":"https:\/\/centcols.org\/es\/wp-json\/wp\/v2\/posts\/81905\/revisions"}],"wp:featuredmedia":[{"embeddable":true,"href":"https:\/\/centcols.org\/es\/wp-json\/wp\/v2\/media\/81906"}],"wp:attachment":[{"href":"https:\/\/centcols.org\/es\/wp-json\/wp\/v2\/media?parent=81905"}],"wp:term":[{"taxonomy":"category","embeddable":true,"href":"https:\/\/centcols.org\/es\/wp-json\/wp\/v2\/categories?post=81905"},{"taxonomy":"post_tag","embeddable":true,"href":"https:\/\/centcols.org\/es\/wp-json\/wp\/v2\/tags?post=81905"}],"curies":[{"name":"wp","href":"https:\/\/api.w.org\/{rel}","templated":true}]}}