{"id":81933,"date":"2018-01-30T09:14:33","date_gmt":"2018-01-30T07:14:33","guid":{"rendered":"https:\/\/centcols.org\/vaumarcus-suisse-sortie-vtt-26-mai-2018\/"},"modified":"2025-09-14T22:13:40","modified_gmt":"2025-09-14T20:13:40","slug":"suiza-2018-vaumarcus","status":"publish","type":"post","link":"https:\/\/centcols.org\/es\/suisse-2018-vaumarcus\/","title":{"rendered":"Vaumarcus, Suiza, Salida en bicicleta de monta\u00f1a, 26 de mayo de 2018."},"content":{"rendered":"\n<p>Samedi 26 mai 2018, Vaumarcus, Suisse<\/p>\n\n\n\n<p>Rendez-vous au parking de la plage de Vaumarcus \u00e0 9 h 30 pour le caf\u00e9, d\u00e9part \u00e0 10 h 00<strong><br><\/strong>32 km, 2 cols, 1200 m de d\u00e9nivel\u00e9. Col de la Lagua CH-NE-1295 et Pertuis de Bise CH-NE-1375<\/p>\n\n\n\n<figure class=\"wp-block-image size-full\"><img loading=\"lazy\" decoding=\"async\" width=\"697\" height=\"446\" src=\"https:\/\/centcols.org\/wp-content\/uploads\/2025\/05\/vaumarcus.jpg\" alt=\"\" class=\"wp-image-81934\"\/><\/figure>\n\n\n\n<p><\/p>\n\n\n\n<h3 class=\"wp-block-heading\">Contact<\/h3>\n\n\n\n<p>Pierre Mai<br>Vy de Bi\u00e8re 8<br>CH-1144 Ballens<br>T\u00e9l :&nbsp;(0041) 021 807 34 17&nbsp;&nbsp;Natel&nbsp;: 0041 76 498 58 73<br>[email]&#112;m&#x61;i&#x40;&#98;&#x6c;&#117;&#x65;&#119;i&#x6e;&#46;&#x63;&#104;[\/email]<\/p>\n","protected":false},"excerpt":{"rendered":"<p>Samedi 26 mai 2018, Vaumarcus, Suisse Rendez-vous au parking de la plage de Vaumarcus \u00e0 9 h 30 pour le caf\u00e9, d\u00e9part \u00e0 10 h 0032 km, 2 cols, 1200 m de d\u00e9nivel\u00e9. Col de la Lagua CH-NE-1295 et Pertuis de Bise CH-NE-1375 Contact Pierre MaiVy de Bi\u00e8re 8CH-1144 BallensT\u00e9l :&nbsp;(0041) 021 807 34 17&nbsp;&nbsp;Natel&nbsp;: [&hellip;]<\/p>\n","protected":false},"author":136,"featured_media":81934,"comment_status":"closed","ping_status":"open","sticky":false,"template":"","format":"standard","meta":{"_acf_changed":false,"footnotes":""},"categories":[135,282,216],"tags":[],"class_list":["post-81933","post","type-post","status-publish","format-standard","has-post-thumbnail","hentry","category-calendrier","category-les-rassemblements-de-2018","category-rencontres-regionales"],"acf":[],"yoast_head":"<!-- This site is optimized with the Yoast SEO plugin v27.2 - https:\/\/yoast.com\/product\/yoast-seo-wordpress\/ -->\n<title>Vaumarcus, Suisse, sortie VTT, 26 mai 2018 - Club des Cent Cols<\/title>\n<meta name=\"robots\" content=\"index, follow, max-snippet:-1, max-image-preview:large, max-video-preview:-1\" \/>\n<link rel=\"canonical\" href=\"https:\/\/centcols.org\/es\/suiza-2018-vaumarcus\/\" \/>\n<meta property=\"og:locale\" content=\"es_ES\" \/>\n<meta property=\"og:type\" content=\"article\" \/>\n<meta property=\"og:title\" content=\"Vaumarcus, Suisse, sortie VTT, 26 mai 2018 - Club des Cent Cols\" \/>\n<meta property=\"og:description\" content=\"Samedi 26 mai 2018, Vaumarcus, Suisse Rendez-vous au parking de la plage de Vaumarcus \u00e0 9 h 30 pour le caf\u00e9, d\u00e9part \u00e0 10 h 0032 km, 2 cols, 1200 m de d\u00e9nivel\u00e9. Col de la Lagua CH-NE-1295 et Pertuis de Bise CH-NE-1375 Contact Pierre MaiVy de Bi\u00e8re 8CH-1144 BallensT\u00e9l :&nbsp;(0041) 021 807 34 17&nbsp;&nbsp;Natel&nbsp;: [&hellip;]\" \/>\n<meta property=\"og:url\" content=\"https:\/\/centcols.org\/es\/suiza-2018-vaumarcus\/\" \/>\n<meta property=\"og:site_name\" content=\"Club des Cent Cols\" \/>\n<meta property=\"article:publisher\" content=\"https:\/\/www.facebook.com\/groups\/5261880558\/?locale=fr_FR\" \/>\n<meta property=\"article:published_time\" content=\"2018-01-30T07:14:33+00:00\" \/>\n<meta property=\"article:modified_time\" content=\"2025-09-14T20:13:40+00:00\" \/>\n<meta property=\"og:image\" content=\"https:\/\/centcols.org\/wp-content\/uploads\/2025\/05\/vaumarcus.jpg\" \/>\n\t<meta property=\"og:image:width\" content=\"697\" \/>\n\t<meta property=\"og:image:height\" content=\"446\" \/>\n\t<meta property=\"og:image:type\" content=\"image\/jpeg\" \/>\n<meta name=\"author\" content=\"Guy Harl\u00e9\" \/>\n<meta name=\"twitter:card\" content=\"summary_large_image\" \/>\n<meta name=\"twitter:label1\" content=\"Escrito por\" \/>\n\t<meta name=\"twitter:data1\" content=\"Guy Harl\u00e9\" \/>\n\t<meta name=\"twitter:label2\" content=\"Tiempo de lectura\" \/>\n\t<meta name=\"twitter:data2\" content=\"1 minuto\" \/>\n<script type=\"application\/ld+json\" class=\"yoast-schema-graph\">{\"@context\":\"https:\/\/schema.org\",\"@graph\":[{\"@type\":\"Article\",\"@id\":\"https:\/\/centcols.org\/suisse-2018-vaumarcus\/#article\",\"isPartOf\":{\"@id\":\"https:\/\/centcols.org\/suisse-2018-vaumarcus\/\"},\"author\":{\"name\":\"Guy Harl\u00e9\",\"@id\":\"https:\/\/centcols.org\/#\/schema\/person\/377f00da2793c0363246869bb3a344d0\"},\"headline\":\"Vaumarcus, Suisse, sortie VTT, 26 mai 2018\",\"datePublished\":\"2018-01-30T07:14:33+00:00\",\"dateModified\":\"2025-09-14T20:13:40+00:00\",\"mainEntityOfPage\":{\"@id\":\"https:\/\/centcols.org\/suisse-2018-vaumarcus\/\"},\"wordCount\":59,\"publisher\":{\"@id\":\"https:\/\/centcols.org\/#organization\"},\"image\":{\"@id\":\"https:\/\/centcols.org\/suisse-2018-vaumarcus\/#primaryimage\"},\"thumbnailUrl\":\"https:\/\/centcols.org\/wp-content\/uploads\/2025\/05\/vaumarcus.jpg\",\"articleSection\":[\"Calendrier\",\"2018-rassemblements\",\"Rencontres r\u00e9gionales\"],\"inLanguage\":\"es\"},{\"@type\":\"WebPage\",\"@id\":\"https:\/\/centcols.org\/suisse-2018-vaumarcus\/\",\"url\":\"https:\/\/centcols.org\/suisse-2018-vaumarcus\/\",\"name\":\"Vaumarcus, Suisse, sortie VTT, 26 mai 2018 - Club des Cent Cols\",\"isPartOf\":{\"@id\":\"https:\/\/centcols.org\/#website\"},\"primaryImageOfPage\":{\"@id\":\"https:\/\/centcols.org\/suisse-2018-vaumarcus\/#primaryimage\"},\"image\":{\"@id\":\"https:\/\/centcols.org\/suisse-2018-vaumarcus\/#primaryimage\"},\"thumbnailUrl\":\"https:\/\/centcols.org\/wp-content\/uploads\/2025\/05\/vaumarcus.jpg\",\"datePublished\":\"2018-01-30T07:14:33+00:00\",\"dateModified\":\"2025-09-14T20:13:40+00:00\",\"breadcrumb\":{\"@id\":\"https:\/\/centcols.org\/suisse-2018-vaumarcus\/#breadcrumb\"},\"inLanguage\":\"es\",\"potentialAction\":[{\"@type\":\"ReadAction\",\"target\":[\"https:\/\/centcols.org\/suisse-2018-vaumarcus\/\"]}]},{\"@type\":\"ImageObject\",\"inLanguage\":\"es\",\"@id\":\"https:\/\/centcols.org\/suisse-2018-vaumarcus\/#primaryimage\",\"url\":\"https:\/\/centcols.org\/wp-content\/uploads\/2025\/05\/vaumarcus.jpg\",\"contentUrl\":\"https:\/\/centcols.org\/wp-content\/uploads\/2025\/05\/vaumarcus.jpg\",\"width\":697,\"height\":446},{\"@type\":\"BreadcrumbList\",\"@id\":\"https:\/\/centcols.org\/suisse-2018-vaumarcus\/#breadcrumb\",\"itemListElement\":[{\"@type\":\"ListItem\",\"position\":1,\"name\":\"Accueil\",\"item\":\"https:\/\/centcols.org\/\"},{\"@type\":\"ListItem\",\"position\":2,\"name\":\"Calendrier\",\"item\":\"https:\/\/centcols.org\/rubrique\/calendrier\/\"},{\"@type\":\"ListItem\",\"position\":3,\"name\":\"Vaumarcus, Suisse, sortie VTT, 26 mai 2018\"}]},{\"@type\":\"WebSite\",\"@id\":\"https:\/\/centcols.org\/#website\",\"url\":\"https:\/\/centcols.org\/\",\"name\":\"Club des Cent Cols\",\"description\":\"\",\"publisher\":{\"@id\":\"https:\/\/centcols.org\/#organization\"},\"potentialAction\":[{\"@type\":\"SearchAction\",\"target\":{\"@type\":\"EntryPoint\",\"urlTemplate\":\"https:\/\/centcols.org\/?s={search_term_string}\"},\"query-input\":{\"@type\":\"PropertyValueSpecification\",\"valueRequired\":true,\"valueName\":\"search_term_string\"}}],\"inLanguage\":\"es\"},{\"@type\":\"Organization\",\"@id\":\"https:\/\/centcols.org\/#organization\",\"name\":\"Club des Cent Cols\",\"url\":\"https:\/\/centcols.org\/\",\"logo\":{\"@type\":\"ImageObject\",\"inLanguage\":\"es\",\"@id\":\"https:\/\/centcols.org\/#\/schema\/logo\/image\/\",\"url\":\"https:\/\/centcols.org\/wp-content\/uploads\/2025\/01\/carte-icone.png\",\"contentUrl\":\"https:\/\/centcols.org\/wp-content\/uploads\/2025\/01\/carte-icone.png\",\"width\":250,\"height\":250,\"caption\":\"Club des Cent Cols\"},\"image\":{\"@id\":\"https:\/\/centcols.org\/#\/schema\/logo\/image\/\"},\"sameAs\":[\"https:\/\/www.facebook.com\/groups\/5261880558\/?locale=fr_FR\"]},{\"@type\":\"Person\",\"@id\":\"https:\/\/centcols.org\/#\/schema\/person\/377f00da2793c0363246869bb3a344d0\",\"name\":\"Guy Harl\u00e9\",\"image\":{\"@type\":\"ImageObject\",\"inLanguage\":\"es\",\"@id\":\"https:\/\/centcols.org\/wp-content\/litespeed\/avatar\/94c4de37e46cf090f296d42ab3e8d6a6.jpg?ver=1777238144\",\"url\":\"https:\/\/centcols.org\/wp-content\/litespeed\/avatar\/94c4de37e46cf090f296d42ab3e8d6a6.jpg?ver=1777238144\",\"contentUrl\":\"https:\/\/centcols.org\/wp-content\/litespeed\/avatar\/94c4de37e46cf090f296d42ab3e8d6a6.jpg?ver=1777238144\",\"caption\":\"Guy Harl\u00e9\"},\"url\":\"https:\/\/centcols.org\/es\/author\/5193\/\"}]}<\/script>\n<!-- \/ Yoast SEO plugin. -->","yoast_head_json":{"title":"Vaumarcus, Suiza, Salida en bicicleta de monta\u00f1a, 26 de mayo de 2018 - Club des Cent Cols","robots":{"index":"index","follow":"follow","max-snippet":"max-snippet:-1","max-image-preview":"max-image-preview:large","max-video-preview":"max-video-preview:-1"},"canonical":"https:\/\/centcols.org\/es\/suiza-2018-vaumarcus\/","og_locale":"es_ES","og_type":"article","og_title":"Vaumarcus, Suisse, sortie VTT, 26 mai 2018 - Club des Cent Cols","og_description":"Samedi 26 mai 2018, Vaumarcus, Suisse Rendez-vous au parking de la plage de Vaumarcus \u00e0 9 h 30 pour le caf\u00e9, d\u00e9part \u00e0 10 h 0032 km, 2 cols, 1200 m de d\u00e9nivel\u00e9. Col de la Lagua CH-NE-1295 et Pertuis de Bise CH-NE-1375 Contact Pierre MaiVy de Bi\u00e8re 8CH-1144 BallensT\u00e9l :&nbsp;(0041) 021 807 34 17&nbsp;&nbsp;Natel&nbsp;: [&hellip;]","og_url":"https:\/\/centcols.org\/es\/suiza-2018-vaumarcus\/","og_site_name":"Club des Cent Cols","article_publisher":"https:\/\/www.facebook.com\/groups\/5261880558\/?locale=fr_FR","article_published_time":"2018-01-30T07:14:33+00:00","article_modified_time":"2025-09-14T20:13:40+00:00","og_image":[{"width":697,"height":446,"url":"https:\/\/centcols.org\/wp-content\/uploads\/2025\/05\/vaumarcus.jpg","type":"image\/jpeg"}],"author":"Guy Harl\u00e9","twitter_card":"summary_large_image","twitter_misc":{"Escrito por":"Guy Harl\u00e9","Tiempo de lectura":"1 minuto"},"schema":{"@context":"https:\/\/schema.org","@graph":[{"@type":"Article","@id":"https:\/\/centcols.org\/suisse-2018-vaumarcus\/#article","isPartOf":{"@id":"https:\/\/centcols.org\/suisse-2018-vaumarcus\/"},"author":{"name":"Guy Harl\u00e9","@id":"https:\/\/centcols.org\/#\/schema\/person\/377f00da2793c0363246869bb3a344d0"},"headline":"Vaumarcus, Suisse, sortie VTT, 26 mai 2018","datePublished":"2018-01-30T07:14:33+00:00","dateModified":"2025-09-14T20:13:40+00:00","mainEntityOfPage":{"@id":"https:\/\/centcols.org\/suisse-2018-vaumarcus\/"},"wordCount":59,"publisher":{"@id":"https:\/\/centcols.org\/#organization"},"image":{"@id":"https:\/\/centcols.org\/suisse-2018-vaumarcus\/#primaryimage"},"thumbnailUrl":"https:\/\/centcols.org\/wp-content\/uploads\/2025\/05\/vaumarcus.jpg","articleSection":["Calendrier","2018-rassemblements","Rencontres r\u00e9gionales"],"inLanguage":"es"},{"@type":"WebPage","@id":"https:\/\/centcols.org\/suisse-2018-vaumarcus\/","url":"https:\/\/centcols.org\/suisse-2018-vaumarcus\/","name":"Vaumarcus, Suiza, Salida en bicicleta de monta\u00f1a, 26 de mayo de 2018 - Club des Cent Cols","isPartOf":{"@id":"https:\/\/centcols.org\/#website"},"primaryImageOfPage":{"@id":"https:\/\/centcols.org\/suisse-2018-vaumarcus\/#primaryimage"},"image":{"@id":"https:\/\/centcols.org\/suisse-2018-vaumarcus\/#primaryimage"},"thumbnailUrl":"https:\/\/centcols.org\/wp-content\/uploads\/2025\/05\/vaumarcus.jpg","datePublished":"2018-01-30T07:14:33+00:00","dateModified":"2025-09-14T20:13:40+00:00","breadcrumb":{"@id":"https:\/\/centcols.org\/suisse-2018-vaumarcus\/#breadcrumb"},"inLanguage":"es","potentialAction":[{"@type":"ReadAction","target":["https:\/\/centcols.org\/suisse-2018-vaumarcus\/"]}]},{"@type":"ImageObject","inLanguage":"es","@id":"https:\/\/centcols.org\/suisse-2018-vaumarcus\/#primaryimage","url":"https:\/\/centcols.org\/wp-content\/uploads\/2025\/05\/vaumarcus.jpg","contentUrl":"https:\/\/centcols.org\/wp-content\/uploads\/2025\/05\/vaumarcus.jpg","width":697,"height":446},{"@type":"BreadcrumbList","@id":"https:\/\/centcols.org\/suisse-2018-vaumarcus\/#breadcrumb","itemListElement":[{"@type":"ListItem","position":1,"name":"Accueil","item":"https:\/\/centcols.org\/"},{"@type":"ListItem","position":2,"name":"Calendrier","item":"https:\/\/centcols.org\/rubrique\/calendrier\/"},{"@type":"ListItem","position":3,"name":"Vaumarcus, Suisse, sortie VTT, 26 mai 2018"}]},{"@type":"WebSite","@id":"https:\/\/centcols.org\/#website","url":"https:\/\/centcols.org\/","name":"Club des Cent Cols","description":"","publisher":{"@id":"https:\/\/centcols.org\/#organization"},"potentialAction":[{"@type":"SearchAction","target":{"@type":"EntryPoint","urlTemplate":"https:\/\/centcols.org\/?s={search_term_string}"},"query-input":{"@type":"PropertyValueSpecification","valueRequired":true,"valueName":"search_term_string"}}],"inLanguage":"es"},{"@type":"Organization","@id":"https:\/\/centcols.org\/#organization","name":"Club des Cent Cols","url":"https:\/\/centcols.org\/","logo":{"@type":"ImageObject","inLanguage":"es","@id":"https:\/\/centcols.org\/#\/schema\/logo\/image\/","url":"https:\/\/centcols.org\/wp-content\/uploads\/2025\/01\/carte-icone.png","contentUrl":"https:\/\/centcols.org\/wp-content\/uploads\/2025\/01\/carte-icone.png","width":250,"height":250,"caption":"Club des Cent Cols"},"image":{"@id":"https:\/\/centcols.org\/#\/schema\/logo\/image\/"},"sameAs":["https:\/\/www.facebook.com\/groups\/5261880558\/?locale=fr_FR"]},{"@type":"Person","@id":"https:\/\/centcols.org\/#\/schema\/person\/377f00da2793c0363246869bb3a344d0","name":"Guy Harl\u00e9","image":{"@type":"ImageObject","inLanguage":"es","@id":"https:\/\/centcols.org\/wp-content\/litespeed\/avatar\/94c4de37e46cf090f296d42ab3e8d6a6.jpg?ver=1777238144","url":"https:\/\/centcols.org\/wp-content\/litespeed\/avatar\/94c4de37e46cf090f296d42ab3e8d6a6.jpg?ver=1777238144","contentUrl":"https:\/\/centcols.org\/wp-content\/litespeed\/avatar\/94c4de37e46cf090f296d42ab3e8d6a6.jpg?ver=1777238144","caption":"Guy Harl\u00e9"},"url":"https:\/\/centcols.org\/es\/author\/5193\/"}]}},"_links":{"self":[{"href":"https:\/\/centcols.org\/es\/wp-json\/wp\/v2\/posts\/81933","targetHints":{"allow":["GET"]}}],"collection":[{"href":"https:\/\/centcols.org\/es\/wp-json\/wp\/v2\/posts"}],"about":[{"href":"https:\/\/centcols.org\/es\/wp-json\/wp\/v2\/types\/post"}],"author":[{"embeddable":true,"href":"https:\/\/centcols.org\/es\/wp-json\/wp\/v2\/users\/136"}],"replies":[{"embeddable":true,"href":"https:\/\/centcols.org\/es\/wp-json\/wp\/v2\/comments?post=81933"}],"version-history":[{"count":0,"href":"https:\/\/centcols.org\/es\/wp-json\/wp\/v2\/posts\/81933\/revisions"}],"wp:featuredmedia":[{"embeddable":true,"href":"https:\/\/centcols.org\/es\/wp-json\/wp\/v2\/media\/81934"}],"wp:attachment":[{"href":"https:\/\/centcols.org\/es\/wp-json\/wp\/v2\/media?parent=81933"}],"wp:term":[{"taxonomy":"category","embeddable":true,"href":"https:\/\/centcols.org\/es\/wp-json\/wp\/v2\/categories?post=81933"},{"taxonomy":"post_tag","embeddable":true,"href":"https:\/\/centcols.org\/es\/wp-json\/wp\/v2\/tags?post=81933"}],"curies":[{"name":"wp","href":"https:\/\/api.w.org\/{rel}","templated":true}]}}