{"id":81939,"date":"2018-01-30T15:12:39","date_gmt":"2018-01-30T13:12:39","guid":{"rendered":"https:\/\/centcols.org\/concentration-regionale-vosges-col-du-schirm-16-juin-2018\/"},"modified":"2025-09-09T16:38:25","modified_gmt":"2025-09-09T14:38:25","slug":"vosges-col-du-schirm-concentracion-regional-16-de-junio-de-2018","status":"publish","type":"post","link":"https:\/\/centcols.org\/es\/concentration-regionale-vosges-col-du-schirm-16-juin-2018\/","title":{"rendered":"Reuni\u00f3n regional de Vosges Col du Schirm, 16 de junio de 2018"},"content":{"rendered":"\n<p>Samedi 16 juin 2018, Vosges<br>Col du Schirm (FR-68-0605)<\/p>\n\n\n\n<p>Rendez-vous \u00e0 9 h \u00e0 Sentheim, pr\u00e8s de Masevaux. Les routiers monteront par Bourbach-le Haut, les v\u00e9t\u00e9tistes par Sickert en d\u00e9couvrant 2 nouveaux cols.<\/p>\n\n\n\n<p>VTT : 29 km, d\u00e9nivel\u00e9 590 m : <a href=\"https:\/\/centcols.org\/wp-content\/uploads\/2025\/09\/Shirrm.zip\">Trace gpx<\/a><\/p>\n\n\n\n<h3 class=\"wp-block-heading\">Contact<\/h3>\n\n\n\n<p>Ars\u00e8ne Bickel<br>03 87 95 30 90<br>[email]&#x62;&#x63;&#x79;&#x63;&#x6c;&#111;&#46;&#97;&#112;is&#64;&#x6f;&#x72;&#x61;&#x6e;&#x67;&#x65;&#46;&#102;&#114;[\/email]<\/p>\n\n\n\n<p>Jean-Christophe Braumann<br>06 48 80 28 48<br>[email]jean-c&#104;&#114;&#105;&#115;&#116;&#111;&#112;&#x68;&#x65;&#x2e;&#x62;&#x72;&#x61;&#x75;&#x6d;&#x61;&#x6e;&#x6e;&#x40;orange&#46;&#102;&#114;[\/email]<\/p>\n","protected":false},"excerpt":{"rendered":"<p>Samedi 16 juin 2018, VosgesCol du Schirm (FR-68-0605) Rendez-vous \u00e0 9 h \u00e0 Sentheim, pr\u00e8s de Masevaux. Les routiers monteront par Bourbach-le Haut, les v\u00e9t\u00e9tistes par Sickert en d\u00e9couvrant 2 nouveaux cols. VTT : 29 km, d\u00e9nivel\u00e9 590 m : Trace gpx Contact Ars\u00e8ne Bickel03 87 95 30 90[email]b&#99;&#121;&#x63;&#x6c;&#x6f;&#x2e;a&#112;&#105;&#115;&#x40;&#x6f;&#x72;an&#103;&#101;&#x2e;&#x66;&#x72;[\/email] Jean-Christophe Braumann06 48 80 28 48[email]&#x6a;e&#x61;&#110;&#x2d;&#99;h&#x72;i&#x73;&#116;&#x6f;&#112;h&#x65;&#46;&#x62;&#114;a&#x75;m&#x61;&#110;&#x6e;&#64;o&#x72;a&#x6e;&#103;&#x65;&#x2e;f&#x72;[\/email]<\/p>\n","protected":false},"author":136,"featured_media":0,"comment_status":"closed","ping_status":"open","sticky":false,"template":"","format":"standard","meta":{"_acf_changed":false,"footnotes":""},"categories":[135,282,216],"tags":[],"class_list":["post-81939","post","type-post","status-publish","format-standard","hentry","category-calendrier","category-les-rassemblements-de-2018","category-rencontres-regionales"],"acf":[],"yoast_head":"<!-- This site is optimized with the Yoast SEO plugin v27.2 - https:\/\/yoast.com\/product\/yoast-seo-wordpress\/ -->\n<title>Concentration r\u00e9gionale Vosges col du Schirm, 16 juin 2018 - Club des Cent Cols<\/title>\n<meta name=\"robots\" content=\"index, follow, max-snippet:-1, max-image-preview:large, max-video-preview:-1\" \/>\n<link rel=\"canonical\" href=\"https:\/\/centcols.org\/es\/vosges-col-du-schirm-concentracion-regional-16-de-junio-de-2018\/\" \/>\n<meta property=\"og:locale\" content=\"es_ES\" \/>\n<meta property=\"og:type\" content=\"article\" \/>\n<meta property=\"og:title\" content=\"Concentration r\u00e9gionale Vosges col du Schirm, 16 juin 2018 - Club des Cent Cols\" \/>\n<meta property=\"og:description\" content=\"Samedi 16 juin 2018, VosgesCol du Schirm (FR-68-0605) Rendez-vous \u00e0 9 h \u00e0 Sentheim, pr\u00e8s de Masevaux. Les routiers monteront par Bourbach-le Haut, les v\u00e9t\u00e9tistes par Sickert en d\u00e9couvrant 2 nouveaux cols. VTT : 29 km, d\u00e9nivel\u00e9 590 m : Trace gpx Contact Ars\u00e8ne Bickel03 87 95 30 90[email]&#098;&#x63;y&#x63;&#x6c;&#111;&#x2e;a&#112;&#x69;&#115;&#x40;o&#114;&#x61;n&#x67;e&#046;&#x66;r[\/email] Jean-Christophe Braumann06 48 80 28 48[email]&#x6a;&#x65;&#097;n&#x2d;&#x63;&#x68;&#114;i&#x73;&#x74;&#x6f;&#112;h&#x65;&#x2e;&#x62;&#114;a&#x75;&#x6d;&#x61;&#110;n&#x40;&#x6f;&#x72;&#097;n&#x67;&#x65;&#x2e;&#102;r[\/email]\" \/>\n<meta property=\"og:url\" content=\"https:\/\/centcols.org\/es\/vosges-col-du-schirm-concentracion-regional-16-de-junio-de-2018\/\" \/>\n<meta property=\"og:site_name\" content=\"Club des Cent Cols\" \/>\n<meta property=\"article:publisher\" content=\"https:\/\/www.facebook.com\/groups\/5261880558\/?locale=fr_FR\" \/>\n<meta property=\"article:published_time\" content=\"2018-01-30T13:12:39+00:00\" \/>\n<meta property=\"article:modified_time\" content=\"2025-09-09T14:38:25+00:00\" \/>\n<meta name=\"author\" content=\"Guy Harl\u00e9\" \/>\n<meta name=\"twitter:card\" content=\"summary_large_image\" \/>\n<meta name=\"twitter:label1\" content=\"Escrito por\" \/>\n\t<meta name=\"twitter:data1\" content=\"Guy Harl\u00e9\" \/>\n\t<meta name=\"twitter:label2\" content=\"Tiempo de lectura\" \/>\n\t<meta name=\"twitter:data2\" content=\"1 minuto\" \/>\n<script type=\"application\/ld+json\" class=\"yoast-schema-graph\">{\"@context\":\"https:\/\/schema.org\",\"@graph\":[{\"@type\":\"Article\",\"@id\":\"https:\/\/centcols.org\/concentration-regionale-vosges-col-du-schirm-16-juin-2018\/#article\",\"isPartOf\":{\"@id\":\"https:\/\/centcols.org\/concentration-regionale-vosges-col-du-schirm-16-juin-2018\/\"},\"author\":{\"name\":\"Guy Harl\u00e9\",\"@id\":\"https:\/\/centcols.org\/#\/schema\/person\/377f00da2793c0363246869bb3a344d0\"},\"headline\":\"Concentration r\u00e9gionale Vosges col du Schirm, 16 juin 2018\",\"datePublished\":\"2018-01-30T13:12:39+00:00\",\"dateModified\":\"2025-09-09T14:38:25+00:00\",\"mainEntityOfPage\":{\"@id\":\"https:\/\/centcols.org\/concentration-regionale-vosges-col-du-schirm-16-juin-2018\/\"},\"wordCount\":64,\"publisher\":{\"@id\":\"https:\/\/centcols.org\/#organization\"},\"articleSection\":[\"Calendrier\",\"2018-rassemblements\",\"Rencontres r\u00e9gionales\"],\"inLanguage\":\"es\"},{\"@type\":\"WebPage\",\"@id\":\"https:\/\/centcols.org\/concentration-regionale-vosges-col-du-schirm-16-juin-2018\/\",\"url\":\"https:\/\/centcols.org\/concentration-regionale-vosges-col-du-schirm-16-juin-2018\/\",\"name\":\"Concentration r\u00e9gionale Vosges col du Schirm, 16 juin 2018 - Club des Cent Cols\",\"isPartOf\":{\"@id\":\"https:\/\/centcols.org\/#website\"},\"datePublished\":\"2018-01-30T13:12:39+00:00\",\"dateModified\":\"2025-09-09T14:38:25+00:00\",\"breadcrumb\":{\"@id\":\"https:\/\/centcols.org\/concentration-regionale-vosges-col-du-schirm-16-juin-2018\/#breadcrumb\"},\"inLanguage\":\"es\",\"potentialAction\":[{\"@type\":\"ReadAction\",\"target\":[\"https:\/\/centcols.org\/concentration-regionale-vosges-col-du-schirm-16-juin-2018\/\"]}]},{\"@type\":\"BreadcrumbList\",\"@id\":\"https:\/\/centcols.org\/concentration-regionale-vosges-col-du-schirm-16-juin-2018\/#breadcrumb\",\"itemListElement\":[{\"@type\":\"ListItem\",\"position\":1,\"name\":\"Accueil\",\"item\":\"https:\/\/centcols.org\/\"},{\"@type\":\"ListItem\",\"position\":2,\"name\":\"Calendrier\",\"item\":\"https:\/\/centcols.org\/rubrique\/calendrier\/\"},{\"@type\":\"ListItem\",\"position\":3,\"name\":\"Concentration r\u00e9gionale Vosges col du Schirm, 16 juin 2018\"}]},{\"@type\":\"WebSite\",\"@id\":\"https:\/\/centcols.org\/#website\",\"url\":\"https:\/\/centcols.org\/\",\"name\":\"Club des Cent Cols\",\"description\":\"\",\"publisher\":{\"@id\":\"https:\/\/centcols.org\/#organization\"},\"potentialAction\":[{\"@type\":\"SearchAction\",\"target\":{\"@type\":\"EntryPoint\",\"urlTemplate\":\"https:\/\/centcols.org\/?s={search_term_string}\"},\"query-input\":{\"@type\":\"PropertyValueSpecification\",\"valueRequired\":true,\"valueName\":\"search_term_string\"}}],\"inLanguage\":\"es\"},{\"@type\":\"Organization\",\"@id\":\"https:\/\/centcols.org\/#organization\",\"name\":\"Club des Cent Cols\",\"url\":\"https:\/\/centcols.org\/\",\"logo\":{\"@type\":\"ImageObject\",\"inLanguage\":\"es\",\"@id\":\"https:\/\/centcols.org\/#\/schema\/logo\/image\/\",\"url\":\"https:\/\/centcols.org\/wp-content\/uploads\/2025\/01\/carte-icone.png\",\"contentUrl\":\"https:\/\/centcols.org\/wp-content\/uploads\/2025\/01\/carte-icone.png\",\"width\":250,\"height\":250,\"caption\":\"Club des Cent Cols\"},\"image\":{\"@id\":\"https:\/\/centcols.org\/#\/schema\/logo\/image\/\"},\"sameAs\":[\"https:\/\/www.facebook.com\/groups\/5261880558\/?locale=fr_FR\"]},{\"@type\":\"Person\",\"@id\":\"https:\/\/centcols.org\/#\/schema\/person\/377f00da2793c0363246869bb3a344d0\",\"name\":\"Guy Harl\u00e9\",\"image\":{\"@type\":\"ImageObject\",\"inLanguage\":\"es\",\"@id\":\"https:\/\/centcols.org\/wp-content\/litespeed\/avatar\/94c4de37e46cf090f296d42ab3e8d6a6.jpg?ver=1777238144\",\"url\":\"https:\/\/centcols.org\/wp-content\/litespeed\/avatar\/94c4de37e46cf090f296d42ab3e8d6a6.jpg?ver=1777238144\",\"contentUrl\":\"https:\/\/centcols.org\/wp-content\/litespeed\/avatar\/94c4de37e46cf090f296d42ab3e8d6a6.jpg?ver=1777238144\",\"caption\":\"Guy Harl\u00e9\"},\"url\":\"https:\/\/centcols.org\/es\/author\/5193\/\"}]}<\/script>\n<!-- \/ Yoast SEO plugin. -->","yoast_head_json":{"title":"Encuentro regional de los Vosgos Col du Schirm, 16 de junio de 2018 - Club des Cent Cols","robots":{"index":"index","follow":"follow","max-snippet":"max-snippet:-1","max-image-preview":"max-image-preview:large","max-video-preview":"max-video-preview:-1"},"canonical":"https:\/\/centcols.org\/es\/vosges-col-du-schirm-concentracion-regional-16-de-junio-de-2018\/","og_locale":"es_ES","og_type":"article","og_title":"Concentration r\u00e9gionale Vosges col du Schirm, 16 juin 2018 - Club des Cent Cols","og_description":"Samedi 16 juin 2018, VosgesCol du Schirm (FR-68-0605) Rendez-vous \u00e0 9 h \u00e0 Sentheim, pr\u00e8s de Masevaux. Les routiers monteront par Bourbach-le Haut, les v\u00e9t\u00e9tistes par Sickert en d\u00e9couvrant 2 nouveaux cols. VTT : 29 km, d\u00e9nivel\u00e9 590 m : Trace gpx Contact Ars\u00e8ne Bickel03 87 95 30 90[email]&#98;&#x63;y&#x63;&#x6c;&#111;&#x2e;a&#112;&#x69;&#115;&#x40;o&#114;&#x61;n&#x67;e&#46;&#x66;r[\/email] Jean-Christophe Braumann06 48 80 28 48[email]&#x6a;&#x65;&#97;n&#x2d;&#x63;&#x68;&#114;i&#x73;&#x74;&#x6f;&#112;h&#x65;&#x2e;&#x62;&#114;a&#x75;&#x6d;&#x61;&#110;n&#x40;&#x6f;&#x72;&#97;n&#x67;&#x65;&#x2e;&#102;r[\/email]","og_url":"https:\/\/centcols.org\/es\/vosges-col-du-schirm-concentracion-regional-16-de-junio-de-2018\/","og_site_name":"Club des Cent Cols","article_publisher":"https:\/\/www.facebook.com\/groups\/5261880558\/?locale=fr_FR","article_published_time":"2018-01-30T13:12:39+00:00","article_modified_time":"2025-09-09T14:38:25+00:00","author":"Guy Harl\u00e9","twitter_card":"summary_large_image","twitter_misc":{"Escrito por":"Guy Harl\u00e9","Tiempo de lectura":"1 minuto"},"schema":{"@context":"https:\/\/schema.org","@graph":[{"@type":"Article","@id":"https:\/\/centcols.org\/concentration-regionale-vosges-col-du-schirm-16-juin-2018\/#article","isPartOf":{"@id":"https:\/\/centcols.org\/concentration-regionale-vosges-col-du-schirm-16-juin-2018\/"},"author":{"name":"Guy Harl\u00e9","@id":"https:\/\/centcols.org\/#\/schema\/person\/377f00da2793c0363246869bb3a344d0"},"headline":"Concentration r\u00e9gionale Vosges col du Schirm, 16 juin 2018","datePublished":"2018-01-30T13:12:39+00:00","dateModified":"2025-09-09T14:38:25+00:00","mainEntityOfPage":{"@id":"https:\/\/centcols.org\/concentration-regionale-vosges-col-du-schirm-16-juin-2018\/"},"wordCount":64,"publisher":{"@id":"https:\/\/centcols.org\/#organization"},"articleSection":["Calendrier","2018-rassemblements","Rencontres r\u00e9gionales"],"inLanguage":"es"},{"@type":"WebPage","@id":"https:\/\/centcols.org\/concentration-regionale-vosges-col-du-schirm-16-juin-2018\/","url":"https:\/\/centcols.org\/concentration-regionale-vosges-col-du-schirm-16-juin-2018\/","name":"Encuentro regional de los Vosgos Col du Schirm, 16 de junio de 2018 - Club des Cent Cols","isPartOf":{"@id":"https:\/\/centcols.org\/#website"},"datePublished":"2018-01-30T13:12:39+00:00","dateModified":"2025-09-09T14:38:25+00:00","breadcrumb":{"@id":"https:\/\/centcols.org\/concentration-regionale-vosges-col-du-schirm-16-juin-2018\/#breadcrumb"},"inLanguage":"es","potentialAction":[{"@type":"ReadAction","target":["https:\/\/centcols.org\/concentration-regionale-vosges-col-du-schirm-16-juin-2018\/"]}]},{"@type":"BreadcrumbList","@id":"https:\/\/centcols.org\/concentration-regionale-vosges-col-du-schirm-16-juin-2018\/#breadcrumb","itemListElement":[{"@type":"ListItem","position":1,"name":"Accueil","item":"https:\/\/centcols.org\/"},{"@type":"ListItem","position":2,"name":"Calendrier","item":"https:\/\/centcols.org\/rubrique\/calendrier\/"},{"@type":"ListItem","position":3,"name":"Concentration r\u00e9gionale Vosges col du Schirm, 16 juin 2018"}]},{"@type":"WebSite","@id":"https:\/\/centcols.org\/#website","url":"https:\/\/centcols.org\/","name":"Club des Cent Cols","description":"","publisher":{"@id":"https:\/\/centcols.org\/#organization"},"potentialAction":[{"@type":"SearchAction","target":{"@type":"EntryPoint","urlTemplate":"https:\/\/centcols.org\/?s={search_term_string}"},"query-input":{"@type":"PropertyValueSpecification","valueRequired":true,"valueName":"search_term_string"}}],"inLanguage":"es"},{"@type":"Organization","@id":"https:\/\/centcols.org\/#organization","name":"Club des Cent Cols","url":"https:\/\/centcols.org\/","logo":{"@type":"ImageObject","inLanguage":"es","@id":"https:\/\/centcols.org\/#\/schema\/logo\/image\/","url":"https:\/\/centcols.org\/wp-content\/uploads\/2025\/01\/carte-icone.png","contentUrl":"https:\/\/centcols.org\/wp-content\/uploads\/2025\/01\/carte-icone.png","width":250,"height":250,"caption":"Club des Cent Cols"},"image":{"@id":"https:\/\/centcols.org\/#\/schema\/logo\/image\/"},"sameAs":["https:\/\/www.facebook.com\/groups\/5261880558\/?locale=fr_FR"]},{"@type":"Person","@id":"https:\/\/centcols.org\/#\/schema\/person\/377f00da2793c0363246869bb3a344d0","name":"Guy Harl\u00e9","image":{"@type":"ImageObject","inLanguage":"es","@id":"https:\/\/centcols.org\/wp-content\/litespeed\/avatar\/94c4de37e46cf090f296d42ab3e8d6a6.jpg?ver=1777238144","url":"https:\/\/centcols.org\/wp-content\/litespeed\/avatar\/94c4de37e46cf090f296d42ab3e8d6a6.jpg?ver=1777238144","contentUrl":"https:\/\/centcols.org\/wp-content\/litespeed\/avatar\/94c4de37e46cf090f296d42ab3e8d6a6.jpg?ver=1777238144","caption":"Guy Harl\u00e9"},"url":"https:\/\/centcols.org\/es\/author\/5193\/"}]}},"_links":{"self":[{"href":"https:\/\/centcols.org\/es\/wp-json\/wp\/v2\/posts\/81939","targetHints":{"allow":["GET"]}}],"collection":[{"href":"https:\/\/centcols.org\/es\/wp-json\/wp\/v2\/posts"}],"about":[{"href":"https:\/\/centcols.org\/es\/wp-json\/wp\/v2\/types\/post"}],"author":[{"embeddable":true,"href":"https:\/\/centcols.org\/es\/wp-json\/wp\/v2\/users\/136"}],"replies":[{"embeddable":true,"href":"https:\/\/centcols.org\/es\/wp-json\/wp\/v2\/comments?post=81939"}],"version-history":[{"count":0,"href":"https:\/\/centcols.org\/es\/wp-json\/wp\/v2\/posts\/81939\/revisions"}],"wp:attachment":[{"href":"https:\/\/centcols.org\/es\/wp-json\/wp\/v2\/media?parent=81939"}],"wp:term":[{"taxonomy":"category","embeddable":true,"href":"https:\/\/centcols.org\/es\/wp-json\/wp\/v2\/categories?post=81939"},{"taxonomy":"post_tag","embeddable":true,"href":"https:\/\/centcols.org\/es\/wp-json\/wp\/v2\/tags?post=81939"}],"curies":[{"name":"wp","href":"https:\/\/api.w.org\/{rel}","templated":true}]}}