{"id":81941,"date":"2018-01-30T16:07:08","date_gmt":"2018-01-30T14:07:08","guid":{"rendered":"https:\/\/centcols.org\/concentration-regionale-auvergne-au-col-de-tres-regards-23-juin-2018\/"},"modified":"2025-06-06T09:07:21","modified_gmt":"2025-06-06T07:07:21","slug":"reunion-regional-de-auvernia-en-col-de-tres-regards-23-de-junio-de-2018","status":"publish","type":"post","link":"https:\/\/centcols.org\/es\/concentration-regionale-auvergne-au-col-de-tres-regards-23-juin-2018\/","title":{"rendered":"Reuni\u00f3n regional de Auvernia en el Col de Tr\u00e8s Regards 23 de junio de 2018"},"content":{"rendered":"<h3>Samedi 23 juin 2018, Auvergne<\/h3>\n<p><strong>Col de Tr\u00e8s Regards (FR-43-1232)<\/strong>,\u00a0pr\u00e8s du lac du Bouchet \u2013 BPF<br \/>\nCols de Trespeux et Rossignol \u00e0 proximit\u00e9<br \/>\nAccueil \u00e0 partir de 10 h pour partager pain, fromage, etc\u2026<br \/>\nH\u00e9bergement possible \u00e0 3 et 6 km au Camping de Le Bouchet St Nicolas &#8211; G\u00eetes<\/p>\n<h3>Propositions de circuits ou balades<\/h3>\n<p><strong>Les trois cols \u00a0: 80\u00a0% convivialit\u00e9 20\u00a0%\u00a0 v\u00e9lo\/vtt<br \/>\nOption 1\u00a0:<\/strong>\u00a0\u00a0 <strong>15km<\/strong>\u00a0 soit 13,5 sur\u00a0 route et 1,5km de R1\u00a0\u00a0 pour<strong> 303 de D+<\/strong><br \/>\nhttps:\/\/www.openrunner.com\/r\/8660644<br \/>\n<strong>Option 2\u00a0:<\/strong>\u00a0\u00a0 <strong>25km<\/strong> sur route\u00a0\u00a0 pour <strong>480 de D+<\/strong><br \/>\nhttps:\/\/www.openrunner.com\/r\/8662036<\/p>\n<p><strong>Peyra Taillade : 60\u00a0% v\u00e9lo 40\u00a0% convivialit\u00e9\u00a0:<br \/>\n<\/strong>Col franchi par le peloton du TDF 2017 le 16 juillet avant d&rsquo;arriver au Puy en Velay<br \/>\n<strong>40km pour 1114 de D+ <\/strong>le matin \u00a0puis option 1 ou 2 l&rsquo;apr\u00e8s-midi<br \/>\nhttps:\/\/www.openrunner.com\/r\/8661018<\/p>\n<p><strong>Raid Voie Verte vers le point de rencontre\u00a0:<br \/>\n<\/strong>Au d\u00e9part de Brives-Charensac, enjamber la Loire puis voie verte en stabilis\u00e9 (viaducs, tunnel \u00e9clair\u00e9s) pour VTT, r\u00e9alisable en pneus de 23.<br \/>\n<strong>32km pour 854 de D+<br \/>\n<\/strong>https:\/\/www.openrunner.com\/r\/8660801<\/p>\n<p><strong>Et comme de coutume\u00a0: repas du 23 au soir chez Francine et Claude \u00e0 St Maurice de Lignon, patates-sarrasson et Verveine du Velay<br \/>\n<\/strong>Pr\u00e9venir avant le march\u00e9 du jeudi\u00a0!<\/p>\n<h3>Contact<\/h3>\n<p>Claude Mabillot<br \/>\n04 71 65 34 78<br \/>\n[email]&#x6d;&#x61;&#98;il&#x6c;&#x6f;&#116;&#64;f&#x72;&#x65;&#101;&#46;f&#x72;[\/email]<\/p>\n<p>&nbsp;<\/p>\n","protected":false},"excerpt":{"rendered":"<p>Samedi 23 juin 2018, Auvergne Col de Tr\u00e8s Regards (FR-43-1232),\u00a0pr\u00e8s du lac du Bouchet \u2013 BPF Cols de Trespeux et Rossignol \u00e0 proximit\u00e9 Accueil \u00e0 partir de 10 h pour partager pain, fromage, etc\u2026 H\u00e9bergement possible \u00e0 3 et 6 km au Camping de Le Bouchet St Nicolas &#8211; G\u00eetes Propositions de circuits ou balades [&hellip;]<\/p>\n","protected":false},"author":136,"featured_media":0,"comment_status":"closed","ping_status":"open","sticky":false,"template":"","format":"standard","meta":{"_acf_changed":false,"footnotes":""},"categories":[135,282,216],"tags":[],"class_list":["post-81941","post","type-post","status-publish","format-standard","hentry","category-calendrier","category-les-rassemblements-de-2018","category-rencontres-regionales"],"acf":[],"yoast_head":"<!-- This site is optimized with the Yoast SEO plugin v27.2 - https:\/\/yoast.com\/product\/yoast-seo-wordpress\/ -->\n<title>Concentration r\u00e9gionale Auvergne au col de Tr\u00e8s Regards 23 juin 2018 - Club des Cent Cols<\/title>\n<meta name=\"robots\" content=\"index, follow, max-snippet:-1, max-image-preview:large, max-video-preview:-1\" \/>\n<link rel=\"canonical\" href=\"https:\/\/centcols.org\/es\/reunion-regional-de-auvernia-en-col-de-tres-regards-23-de-junio-de-2018\/\" \/>\n<meta property=\"og:locale\" content=\"es_ES\" \/>\n<meta property=\"og:type\" content=\"article\" \/>\n<meta property=\"og:title\" content=\"Concentration r\u00e9gionale Auvergne au col de Tr\u00e8s Regards 23 juin 2018 - Club des Cent Cols\" \/>\n<meta property=\"og:description\" content=\"Samedi 23 juin 2018, Auvergne Col de Tr\u00e8s Regards (FR-43-1232),\u00a0pr\u00e8s du lac du Bouchet \u2013 BPF Cols de Trespeux et Rossignol \u00e0 proximit\u00e9 Accueil \u00e0 partir de 10 h pour partager pain, fromage, etc\u2026 H\u00e9bergement possible \u00e0 3 et 6 km au Camping de Le Bouchet St Nicolas &#8211; G\u00eetes Propositions de circuits ou balades [&hellip;]\" \/>\n<meta property=\"og:url\" content=\"https:\/\/centcols.org\/es\/reunion-regional-de-auvernia-en-col-de-tres-regards-23-de-junio-de-2018\/\" \/>\n<meta property=\"og:site_name\" content=\"Club des Cent Cols\" \/>\n<meta property=\"article:publisher\" content=\"https:\/\/www.facebook.com\/groups\/5261880558\/?locale=fr_FR\" \/>\n<meta property=\"article:published_time\" content=\"2018-01-30T14:07:08+00:00\" \/>\n<meta property=\"article:modified_time\" content=\"2025-06-06T07:07:21+00:00\" \/>\n<meta name=\"author\" content=\"Guy Harl\u00e9\" \/>\n<meta name=\"twitter:card\" content=\"summary_large_image\" \/>\n<meta name=\"twitter:label1\" content=\"Escrito por\" \/>\n\t<meta name=\"twitter:data1\" content=\"Guy Harl\u00e9\" \/>\n\t<meta name=\"twitter:label2\" content=\"Tiempo de lectura\" \/>\n\t<meta name=\"twitter:data2\" content=\"2 minutos\" \/>\n<script type=\"application\/ld+json\" class=\"yoast-schema-graph\">{\"@context\":\"https:\/\/schema.org\",\"@graph\":[{\"@type\":\"Article\",\"@id\":\"https:\/\/centcols.org\/concentration-regionale-auvergne-au-col-de-tres-regards-23-juin-2018\/#article\",\"isPartOf\":{\"@id\":\"https:\/\/centcols.org\/concentration-regionale-auvergne-au-col-de-tres-regards-23-juin-2018\/\"},\"author\":{\"name\":\"Guy Harl\u00e9\",\"@id\":\"https:\/\/centcols.org\/#\/schema\/person\/377f00da2793c0363246869bb3a344d0\"},\"headline\":\"Concentration r\u00e9gionale Auvergne au col de Tr\u00e8s Regards 23 juin 2018\",\"datePublished\":\"2018-01-30T14:07:08+00:00\",\"dateModified\":\"2025-06-06T07:07:21+00:00\",\"mainEntityOfPage\":{\"@id\":\"https:\/\/centcols.org\/concentration-regionale-auvergne-au-col-de-tres-regards-23-juin-2018\/\"},\"wordCount\":215,\"publisher\":{\"@id\":\"https:\/\/centcols.org\/#organization\"},\"articleSection\":[\"Calendrier\",\"2018-rassemblements\",\"Rencontres r\u00e9gionales\"],\"inLanguage\":\"es\"},{\"@type\":\"WebPage\",\"@id\":\"https:\/\/centcols.org\/concentration-regionale-auvergne-au-col-de-tres-regards-23-juin-2018\/\",\"url\":\"https:\/\/centcols.org\/concentration-regionale-auvergne-au-col-de-tres-regards-23-juin-2018\/\",\"name\":\"Concentration r\u00e9gionale Auvergne au col de Tr\u00e8s Regards 23 juin 2018 - Club des Cent Cols\",\"isPartOf\":{\"@id\":\"https:\/\/centcols.org\/#website\"},\"datePublished\":\"2018-01-30T14:07:08+00:00\",\"dateModified\":\"2025-06-06T07:07:21+00:00\",\"breadcrumb\":{\"@id\":\"https:\/\/centcols.org\/concentration-regionale-auvergne-au-col-de-tres-regards-23-juin-2018\/#breadcrumb\"},\"inLanguage\":\"es\",\"potentialAction\":[{\"@type\":\"ReadAction\",\"target\":[\"https:\/\/centcols.org\/concentration-regionale-auvergne-au-col-de-tres-regards-23-juin-2018\/\"]}]},{\"@type\":\"BreadcrumbList\",\"@id\":\"https:\/\/centcols.org\/concentration-regionale-auvergne-au-col-de-tres-regards-23-juin-2018\/#breadcrumb\",\"itemListElement\":[{\"@type\":\"ListItem\",\"position\":1,\"name\":\"Accueil\",\"item\":\"https:\/\/centcols.org\/\"},{\"@type\":\"ListItem\",\"position\":2,\"name\":\"Calendrier\",\"item\":\"https:\/\/centcols.org\/rubrique\/calendrier\/\"},{\"@type\":\"ListItem\",\"position\":3,\"name\":\"Concentration r\u00e9gionale Auvergne au col de Tr\u00e8s Regards 23 juin 2018\"}]},{\"@type\":\"WebSite\",\"@id\":\"https:\/\/centcols.org\/#website\",\"url\":\"https:\/\/centcols.org\/\",\"name\":\"Club des Cent Cols\",\"description\":\"\",\"publisher\":{\"@id\":\"https:\/\/centcols.org\/#organization\"},\"potentialAction\":[{\"@type\":\"SearchAction\",\"target\":{\"@type\":\"EntryPoint\",\"urlTemplate\":\"https:\/\/centcols.org\/?s={search_term_string}\"},\"query-input\":{\"@type\":\"PropertyValueSpecification\",\"valueRequired\":true,\"valueName\":\"search_term_string\"}}],\"inLanguage\":\"es\"},{\"@type\":\"Organization\",\"@id\":\"https:\/\/centcols.org\/#organization\",\"name\":\"Club des Cent Cols\",\"url\":\"https:\/\/centcols.org\/\",\"logo\":{\"@type\":\"ImageObject\",\"inLanguage\":\"es\",\"@id\":\"https:\/\/centcols.org\/#\/schema\/logo\/image\/\",\"url\":\"https:\/\/centcols.org\/wp-content\/uploads\/2025\/01\/carte-icone.png\",\"contentUrl\":\"https:\/\/centcols.org\/wp-content\/uploads\/2025\/01\/carte-icone.png\",\"width\":250,\"height\":250,\"caption\":\"Club des Cent Cols\"},\"image\":{\"@id\":\"https:\/\/centcols.org\/#\/schema\/logo\/image\/\"},\"sameAs\":[\"https:\/\/www.facebook.com\/groups\/5261880558\/?locale=fr_FR\"]},{\"@type\":\"Person\",\"@id\":\"https:\/\/centcols.org\/#\/schema\/person\/377f00da2793c0363246869bb3a344d0\",\"name\":\"Guy Harl\u00e9\",\"image\":{\"@type\":\"ImageObject\",\"inLanguage\":\"es\",\"@id\":\"https:\/\/centcols.org\/wp-content\/litespeed\/avatar\/94c4de37e46cf090f296d42ab3e8d6a6.jpg?ver=1777238144\",\"url\":\"https:\/\/centcols.org\/wp-content\/litespeed\/avatar\/94c4de37e46cf090f296d42ab3e8d6a6.jpg?ver=1777238144\",\"contentUrl\":\"https:\/\/centcols.org\/wp-content\/litespeed\/avatar\/94c4de37e46cf090f296d42ab3e8d6a6.jpg?ver=1777238144\",\"caption\":\"Guy Harl\u00e9\"},\"url\":\"https:\/\/centcols.org\/es\/author\/5193\/\"}]}<\/script>\n<!-- \/ Yoast SEO plugin. -->","yoast_head_json":{"title":"Encuentro regional de Auvernia en el Col de Tr\u00e8s Regards 23 de junio de 2018 - Club des Cent Cols","robots":{"index":"index","follow":"follow","max-snippet":"max-snippet:-1","max-image-preview":"max-image-preview:large","max-video-preview":"max-video-preview:-1"},"canonical":"https:\/\/centcols.org\/es\/reunion-regional-de-auvernia-en-col-de-tres-regards-23-de-junio-de-2018\/","og_locale":"es_ES","og_type":"article","og_title":"Concentration r\u00e9gionale Auvergne au col de Tr\u00e8s Regards 23 juin 2018 - Club des Cent Cols","og_description":"Samedi 23 juin 2018, Auvergne Col de Tr\u00e8s Regards (FR-43-1232),\u00a0pr\u00e8s du lac du Bouchet \u2013 BPF Cols de Trespeux et Rossignol \u00e0 proximit\u00e9 Accueil \u00e0 partir de 10 h pour partager pain, fromage, etc\u2026 H\u00e9bergement possible \u00e0 3 et 6 km au Camping de Le Bouchet St Nicolas &#8211; G\u00eetes Propositions de circuits ou balades [&hellip;]","og_url":"https:\/\/centcols.org\/es\/reunion-regional-de-auvernia-en-col-de-tres-regards-23-de-junio-de-2018\/","og_site_name":"Club des Cent Cols","article_publisher":"https:\/\/www.facebook.com\/groups\/5261880558\/?locale=fr_FR","article_published_time":"2018-01-30T14:07:08+00:00","article_modified_time":"2025-06-06T07:07:21+00:00","author":"Guy Harl\u00e9","twitter_card":"summary_large_image","twitter_misc":{"Escrito por":"Guy Harl\u00e9","Tiempo de lectura":"2 minutos"},"schema":{"@context":"https:\/\/schema.org","@graph":[{"@type":"Article","@id":"https:\/\/centcols.org\/concentration-regionale-auvergne-au-col-de-tres-regards-23-juin-2018\/#article","isPartOf":{"@id":"https:\/\/centcols.org\/concentration-regionale-auvergne-au-col-de-tres-regards-23-juin-2018\/"},"author":{"name":"Guy Harl\u00e9","@id":"https:\/\/centcols.org\/#\/schema\/person\/377f00da2793c0363246869bb3a344d0"},"headline":"Concentration r\u00e9gionale Auvergne au col de Tr\u00e8s Regards 23 juin 2018","datePublished":"2018-01-30T14:07:08+00:00","dateModified":"2025-06-06T07:07:21+00:00","mainEntityOfPage":{"@id":"https:\/\/centcols.org\/concentration-regionale-auvergne-au-col-de-tres-regards-23-juin-2018\/"},"wordCount":215,"publisher":{"@id":"https:\/\/centcols.org\/#organization"},"articleSection":["Calendrier","2018-rassemblements","Rencontres r\u00e9gionales"],"inLanguage":"es"},{"@type":"WebPage","@id":"https:\/\/centcols.org\/concentration-regionale-auvergne-au-col-de-tres-regards-23-juin-2018\/","url":"https:\/\/centcols.org\/concentration-regionale-auvergne-au-col-de-tres-regards-23-juin-2018\/","name":"Encuentro regional de Auvernia en el Col de Tr\u00e8s Regards 23 de junio de 2018 - Club des Cent Cols","isPartOf":{"@id":"https:\/\/centcols.org\/#website"},"datePublished":"2018-01-30T14:07:08+00:00","dateModified":"2025-06-06T07:07:21+00:00","breadcrumb":{"@id":"https:\/\/centcols.org\/concentration-regionale-auvergne-au-col-de-tres-regards-23-juin-2018\/#breadcrumb"},"inLanguage":"es","potentialAction":[{"@type":"ReadAction","target":["https:\/\/centcols.org\/concentration-regionale-auvergne-au-col-de-tres-regards-23-juin-2018\/"]}]},{"@type":"BreadcrumbList","@id":"https:\/\/centcols.org\/concentration-regionale-auvergne-au-col-de-tres-regards-23-juin-2018\/#breadcrumb","itemListElement":[{"@type":"ListItem","position":1,"name":"Accueil","item":"https:\/\/centcols.org\/"},{"@type":"ListItem","position":2,"name":"Calendrier","item":"https:\/\/centcols.org\/rubrique\/calendrier\/"},{"@type":"ListItem","position":3,"name":"Concentration r\u00e9gionale Auvergne au col de Tr\u00e8s Regards 23 juin 2018"}]},{"@type":"WebSite","@id":"https:\/\/centcols.org\/#website","url":"https:\/\/centcols.org\/","name":"Club des Cent Cols","description":"","publisher":{"@id":"https:\/\/centcols.org\/#organization"},"potentialAction":[{"@type":"SearchAction","target":{"@type":"EntryPoint","urlTemplate":"https:\/\/centcols.org\/?s={search_term_string}"},"query-input":{"@type":"PropertyValueSpecification","valueRequired":true,"valueName":"search_term_string"}}],"inLanguage":"es"},{"@type":"Organization","@id":"https:\/\/centcols.org\/#organization","name":"Club des Cent Cols","url":"https:\/\/centcols.org\/","logo":{"@type":"ImageObject","inLanguage":"es","@id":"https:\/\/centcols.org\/#\/schema\/logo\/image\/","url":"https:\/\/centcols.org\/wp-content\/uploads\/2025\/01\/carte-icone.png","contentUrl":"https:\/\/centcols.org\/wp-content\/uploads\/2025\/01\/carte-icone.png","width":250,"height":250,"caption":"Club des Cent Cols"},"image":{"@id":"https:\/\/centcols.org\/#\/schema\/logo\/image\/"},"sameAs":["https:\/\/www.facebook.com\/groups\/5261880558\/?locale=fr_FR"]},{"@type":"Person","@id":"https:\/\/centcols.org\/#\/schema\/person\/377f00da2793c0363246869bb3a344d0","name":"Guy Harl\u00e9","image":{"@type":"ImageObject","inLanguage":"es","@id":"https:\/\/centcols.org\/wp-content\/litespeed\/avatar\/94c4de37e46cf090f296d42ab3e8d6a6.jpg?ver=1777238144","url":"https:\/\/centcols.org\/wp-content\/litespeed\/avatar\/94c4de37e46cf090f296d42ab3e8d6a6.jpg?ver=1777238144","contentUrl":"https:\/\/centcols.org\/wp-content\/litespeed\/avatar\/94c4de37e46cf090f296d42ab3e8d6a6.jpg?ver=1777238144","caption":"Guy Harl\u00e9"},"url":"https:\/\/centcols.org\/es\/author\/5193\/"}]}},"_links":{"self":[{"href":"https:\/\/centcols.org\/es\/wp-json\/wp\/v2\/posts\/81941","targetHints":{"allow":["GET"]}}],"collection":[{"href":"https:\/\/centcols.org\/es\/wp-json\/wp\/v2\/posts"}],"about":[{"href":"https:\/\/centcols.org\/es\/wp-json\/wp\/v2\/types\/post"}],"author":[{"embeddable":true,"href":"https:\/\/centcols.org\/es\/wp-json\/wp\/v2\/users\/136"}],"replies":[{"embeddable":true,"href":"https:\/\/centcols.org\/es\/wp-json\/wp\/v2\/comments?post=81941"}],"version-history":[{"count":0,"href":"https:\/\/centcols.org\/es\/wp-json\/wp\/v2\/posts\/81941\/revisions"}],"wp:attachment":[{"href":"https:\/\/centcols.org\/es\/wp-json\/wp\/v2\/media?parent=81941"}],"wp:term":[{"taxonomy":"category","embeddable":true,"href":"https:\/\/centcols.org\/es\/wp-json\/wp\/v2\/categories?post=81941"},{"taxonomy":"post_tag","embeddable":true,"href":"https:\/\/centcols.org\/es\/wp-json\/wp\/v2\/tags?post=81941"}],"curies":[{"name":"wp","href":"https:\/\/api.w.org\/{rel}","templated":true}]}}