{"id":81944,"date":"2018-01-30T16:41:40","date_gmt":"2018-01-30T14:41:40","guid":{"rendered":"https:\/\/centcols.org\/concentration-regionale-drome-ardeche-vaucluse-au-col-du-tracoulet-25-aout-2018\/"},"modified":"2025-09-02T11:19:21","modified_gmt":"2025-09-02T09:19:21","slug":"drome-ardeche-vaucluse-concentracion-regional-en-col-du-tracoulet-25-de-agosto-de-2018","status":"publish","type":"post","link":"https:\/\/centcols.org\/es\/concentration-regionale-drome-ardeche-vaucluse-au-col-du-tracoulet-25-aout-2018\/","title":{"rendered":"Reuni\u00f3n regional Dr\u00f4me Ard\u00e8che Vaucluse en el Col du Tracoulet 25 de agosto de 2018"},"content":{"rendered":"<p>Samedi 25 ao\u00fbt 2018, Dr\u00f4me, Ard\u00e8che, Vaucluse<br \/>\nCol du Tracoulet (FR-07-0614)<\/p>\n<h3>\u00a0Circuits<\/h3>\n<p><a href=\"https:\/\/centcols.org\/wp-content\/uploads\/2025\/09\/DAV2018.pdf\" target=\"_blank\" rel=\"noopener\">T\u00e9l\u00e9charger le pdf<\/a><\/p>\n<h3>\u00a0Contact<\/h3>\n<p>Jean-Marie Gilouin<br \/>\n06 31 79 01 06<br \/>\n[email]&#x62;j&#x6d;&#46;c&#x65;&#110;&#x74;&#99;o&#x6c;&#115;&#x40;&#103;m&#x61;&#105;&#x6c;&#x2e;c&#x6f;&#109;[\/email]<\/p>\n","protected":false},"excerpt":{"rendered":"<p>Samedi 25 ao\u00fbt 2018, Dr\u00f4me, Ard\u00e8che, Vaucluse Col du Tracoulet (FR-07-0614) \u00a0Circuits T\u00e9l\u00e9charger le pdf \u00a0Contact Jean-Marie Gilouin 06 31 79 01 06 [email]b&#106;&#x6d;&#x2e;c&#101;&#x6e;&#x74;c&#111;&#108;&#x73;&#x40;g&#109;&#x61;&#x69;l&#46;&#x63;&#x6f;m[\/email]<\/p>\n","protected":false},"author":136,"featured_media":0,"comment_status":"closed","ping_status":"open","sticky":false,"template":"","format":"standard","meta":{"_acf_changed":false,"footnotes":""},"categories":[135,282,216],"tags":[],"class_list":["post-81944","post","type-post","status-publish","format-standard","hentry","category-calendrier","category-les-rassemblements-de-2018","category-rencontres-regionales"],"acf":[],"yoast_head":"<!-- This site is optimized with the Yoast SEO plugin v27.2 - https:\/\/yoast.com\/product\/yoast-seo-wordpress\/ -->\n<title>Concentration r\u00e9gionale Dr\u00f4me Ard\u00e8che Vaucluse au col du Tracoulet 25 ao\u00fbt 2018 - Club des Cent Cols<\/title>\n<meta name=\"robots\" content=\"index, follow, max-snippet:-1, max-image-preview:large, max-video-preview:-1\" \/>\n<link rel=\"canonical\" href=\"https:\/\/centcols.org\/es\/drome-ardeche-vaucluse-concentracion-regional-en-col-du-tracoulet-25-de-agosto-de-2018\/\" \/>\n<meta property=\"og:locale\" content=\"es_ES\" \/>\n<meta property=\"og:type\" content=\"article\" \/>\n<meta property=\"og:title\" content=\"Concentration r\u00e9gionale Dr\u00f4me Ard\u00e8che Vaucluse au col du Tracoulet 25 ao\u00fbt 2018 - Club des Cent Cols\" \/>\n<meta property=\"og:description\" content=\"Samedi 25 ao\u00fbt 2018, Dr\u00f4me, Ard\u00e8che, Vaucluse Col du Tracoulet (FR-07-0614) \u00a0Circuits T\u00e9l\u00e9charger le pdf \u00a0Contact Jean-Marie Gilouin 06 31 79 01 06 [email]b&#106;&#x6d;&#x2e;&#x63;e&#110;&#x74;&#x63;&#x6f;l&#115;&#x40;&#x67;&#x6d;a&#105;&#x6c;&#x2e;&#x63;o&#109;[\/email]\" \/>\n<meta property=\"og:url\" content=\"https:\/\/centcols.org\/es\/drome-ardeche-vaucluse-concentracion-regional-en-col-du-tracoulet-25-de-agosto-de-2018\/\" \/>\n<meta property=\"og:site_name\" content=\"Club des Cent Cols\" \/>\n<meta property=\"article:publisher\" content=\"https:\/\/www.facebook.com\/groups\/5261880558\/?locale=fr_FR\" \/>\n<meta property=\"article:published_time\" content=\"2018-01-30T14:41:40+00:00\" \/>\n<meta property=\"article:modified_time\" content=\"2025-09-02T09:19:21+00:00\" \/>\n<meta name=\"author\" content=\"Guy Harl\u00e9\" \/>\n<meta name=\"twitter:card\" content=\"summary_large_image\" \/>\n<meta name=\"twitter:label1\" content=\"Escrito por\" \/>\n\t<meta name=\"twitter:data1\" content=\"Guy Harl\u00e9\" \/>\n\t<meta name=\"twitter:label2\" content=\"Tiempo de lectura\" \/>\n\t<meta name=\"twitter:data2\" content=\"1 minuto\" \/>\n<script type=\"application\/ld+json\" class=\"yoast-schema-graph\">{\"@context\":\"https:\/\/schema.org\",\"@graph\":[{\"@type\":\"Article\",\"@id\":\"https:\/\/centcols.org\/concentration-regionale-drome-ardeche-vaucluse-au-col-du-tracoulet-25-aout-2018\/#article\",\"isPartOf\":{\"@id\":\"https:\/\/centcols.org\/concentration-regionale-drome-ardeche-vaucluse-au-col-du-tracoulet-25-aout-2018\/\"},\"author\":{\"name\":\"Guy Harl\u00e9\",\"@id\":\"https:\/\/centcols.org\/#\/schema\/person\/377f00da2793c0363246869bb3a344d0\"},\"headline\":\"Concentration r\u00e9gionale Dr\u00f4me Ard\u00e8che Vaucluse au col du Tracoulet 25 ao\u00fbt 2018\",\"datePublished\":\"2018-01-30T14:41:40+00:00\",\"dateModified\":\"2025-09-02T09:19:21+00:00\",\"mainEntityOfPage\":{\"@id\":\"https:\/\/centcols.org\/concentration-regionale-drome-ardeche-vaucluse-au-col-du-tracoulet-25-aout-2018\/\"},\"wordCount\":42,\"publisher\":{\"@id\":\"https:\/\/centcols.org\/#organization\"},\"articleSection\":[\"Calendrier\",\"2018-rassemblements\",\"Rencontres r\u00e9gionales\"],\"inLanguage\":\"es\"},{\"@type\":\"WebPage\",\"@id\":\"https:\/\/centcols.org\/concentration-regionale-drome-ardeche-vaucluse-au-col-du-tracoulet-25-aout-2018\/\",\"url\":\"https:\/\/centcols.org\/concentration-regionale-drome-ardeche-vaucluse-au-col-du-tracoulet-25-aout-2018\/\",\"name\":\"Concentration r\u00e9gionale Dr\u00f4me Ard\u00e8che Vaucluse au col du Tracoulet 25 ao\u00fbt 2018 - Club des Cent Cols\",\"isPartOf\":{\"@id\":\"https:\/\/centcols.org\/#website\"},\"datePublished\":\"2018-01-30T14:41:40+00:00\",\"dateModified\":\"2025-09-02T09:19:21+00:00\",\"breadcrumb\":{\"@id\":\"https:\/\/centcols.org\/concentration-regionale-drome-ardeche-vaucluse-au-col-du-tracoulet-25-aout-2018\/#breadcrumb\"},\"inLanguage\":\"es\",\"potentialAction\":[{\"@type\":\"ReadAction\",\"target\":[\"https:\/\/centcols.org\/concentration-regionale-drome-ardeche-vaucluse-au-col-du-tracoulet-25-aout-2018\/\"]}]},{\"@type\":\"BreadcrumbList\",\"@id\":\"https:\/\/centcols.org\/concentration-regionale-drome-ardeche-vaucluse-au-col-du-tracoulet-25-aout-2018\/#breadcrumb\",\"itemListElement\":[{\"@type\":\"ListItem\",\"position\":1,\"name\":\"Accueil\",\"item\":\"https:\/\/centcols.org\/\"},{\"@type\":\"ListItem\",\"position\":2,\"name\":\"Calendrier\",\"item\":\"https:\/\/centcols.org\/rubrique\/calendrier\/\"},{\"@type\":\"ListItem\",\"position\":3,\"name\":\"Concentration r\u00e9gionale Dr\u00f4me Ard\u00e8che Vaucluse au col du Tracoulet 25 ao\u00fbt 2018\"}]},{\"@type\":\"WebSite\",\"@id\":\"https:\/\/centcols.org\/#website\",\"url\":\"https:\/\/centcols.org\/\",\"name\":\"Club des Cent Cols\",\"description\":\"\",\"publisher\":{\"@id\":\"https:\/\/centcols.org\/#organization\"},\"potentialAction\":[{\"@type\":\"SearchAction\",\"target\":{\"@type\":\"EntryPoint\",\"urlTemplate\":\"https:\/\/centcols.org\/?s={search_term_string}\"},\"query-input\":{\"@type\":\"PropertyValueSpecification\",\"valueRequired\":true,\"valueName\":\"search_term_string\"}}],\"inLanguage\":\"es\"},{\"@type\":\"Organization\",\"@id\":\"https:\/\/centcols.org\/#organization\",\"name\":\"Club des Cent Cols\",\"url\":\"https:\/\/centcols.org\/\",\"logo\":{\"@type\":\"ImageObject\",\"inLanguage\":\"es\",\"@id\":\"https:\/\/centcols.org\/#\/schema\/logo\/image\/\",\"url\":\"https:\/\/centcols.org\/wp-content\/uploads\/2025\/01\/carte-icone.png\",\"contentUrl\":\"https:\/\/centcols.org\/wp-content\/uploads\/2025\/01\/carte-icone.png\",\"width\":250,\"height\":250,\"caption\":\"Club des Cent Cols\"},\"image\":{\"@id\":\"https:\/\/centcols.org\/#\/schema\/logo\/image\/\"},\"sameAs\":[\"https:\/\/www.facebook.com\/groups\/5261880558\/?locale=fr_FR\"]},{\"@type\":\"Person\",\"@id\":\"https:\/\/centcols.org\/#\/schema\/person\/377f00da2793c0363246869bb3a344d0\",\"name\":\"Guy Harl\u00e9\",\"image\":{\"@type\":\"ImageObject\",\"inLanguage\":\"es\",\"@id\":\"https:\/\/centcols.org\/wp-content\/litespeed\/avatar\/94c4de37e46cf090f296d42ab3e8d6a6.jpg?ver=1777238144\",\"url\":\"https:\/\/centcols.org\/wp-content\/litespeed\/avatar\/94c4de37e46cf090f296d42ab3e8d6a6.jpg?ver=1777238144\",\"contentUrl\":\"https:\/\/centcols.org\/wp-content\/litespeed\/avatar\/94c4de37e46cf090f296d42ab3e8d6a6.jpg?ver=1777238144\",\"caption\":\"Guy Harl\u00e9\"},\"url\":\"https:\/\/centcols.org\/es\/author\/5193\/\"}]}<\/script>\n<!-- \/ Yoast SEO plugin. -->","yoast_head_json":{"title":"Encuentro regional Dr\u00f4me Ard\u00e8che Vaucluse en el Col du Tracoulet 25 agosto 2018 - Club des Cent Cols","robots":{"index":"index","follow":"follow","max-snippet":"max-snippet:-1","max-image-preview":"max-image-preview:large","max-video-preview":"max-video-preview:-1"},"canonical":"https:\/\/centcols.org\/es\/drome-ardeche-vaucluse-concentracion-regional-en-col-du-tracoulet-25-de-agosto-de-2018\/","og_locale":"es_ES","og_type":"article","og_title":"Concentration r\u00e9gionale Dr\u00f4me Ard\u00e8che Vaucluse au col du Tracoulet 25 ao\u00fbt 2018 - Club des Cent Cols","og_description":"Samedi 25 ao\u00fbt 2018, Dr\u00f4me, Ard\u00e8che, Vaucluse Col du Tracoulet (FR-07-0614) \u00a0Circuits T\u00e9l\u00e9charger le pdf \u00a0Contact Jean-Marie Gilouin 06 31 79 01 06 [email]b&#106;&#x6d;&#x2e;&#x63;e&#110;&#x74;&#x63;&#x6f;l&#115;&#x40;&#x67;&#x6d;a&#105;&#x6c;&#x2e;&#x63;o&#109;[\/email]","og_url":"https:\/\/centcols.org\/es\/drome-ardeche-vaucluse-concentracion-regional-en-col-du-tracoulet-25-de-agosto-de-2018\/","og_site_name":"Club des Cent Cols","article_publisher":"https:\/\/www.facebook.com\/groups\/5261880558\/?locale=fr_FR","article_published_time":"2018-01-30T14:41:40+00:00","article_modified_time":"2025-09-02T09:19:21+00:00","author":"Guy Harl\u00e9","twitter_card":"summary_large_image","twitter_misc":{"Escrito por":"Guy Harl\u00e9","Tiempo de lectura":"1 minuto"},"schema":{"@context":"https:\/\/schema.org","@graph":[{"@type":"Article","@id":"https:\/\/centcols.org\/concentration-regionale-drome-ardeche-vaucluse-au-col-du-tracoulet-25-aout-2018\/#article","isPartOf":{"@id":"https:\/\/centcols.org\/concentration-regionale-drome-ardeche-vaucluse-au-col-du-tracoulet-25-aout-2018\/"},"author":{"name":"Guy Harl\u00e9","@id":"https:\/\/centcols.org\/#\/schema\/person\/377f00da2793c0363246869bb3a344d0"},"headline":"Concentration r\u00e9gionale Dr\u00f4me Ard\u00e8che Vaucluse au col du Tracoulet 25 ao\u00fbt 2018","datePublished":"2018-01-30T14:41:40+00:00","dateModified":"2025-09-02T09:19:21+00:00","mainEntityOfPage":{"@id":"https:\/\/centcols.org\/concentration-regionale-drome-ardeche-vaucluse-au-col-du-tracoulet-25-aout-2018\/"},"wordCount":42,"publisher":{"@id":"https:\/\/centcols.org\/#organization"},"articleSection":["Calendrier","2018-rassemblements","Rencontres r\u00e9gionales"],"inLanguage":"es"},{"@type":"WebPage","@id":"https:\/\/centcols.org\/concentration-regionale-drome-ardeche-vaucluse-au-col-du-tracoulet-25-aout-2018\/","url":"https:\/\/centcols.org\/concentration-regionale-drome-ardeche-vaucluse-au-col-du-tracoulet-25-aout-2018\/","name":"Encuentro regional Dr\u00f4me Ard\u00e8che Vaucluse en el Col du Tracoulet 25 agosto 2018 - Club des Cent Cols","isPartOf":{"@id":"https:\/\/centcols.org\/#website"},"datePublished":"2018-01-30T14:41:40+00:00","dateModified":"2025-09-02T09:19:21+00:00","breadcrumb":{"@id":"https:\/\/centcols.org\/concentration-regionale-drome-ardeche-vaucluse-au-col-du-tracoulet-25-aout-2018\/#breadcrumb"},"inLanguage":"es","potentialAction":[{"@type":"ReadAction","target":["https:\/\/centcols.org\/concentration-regionale-drome-ardeche-vaucluse-au-col-du-tracoulet-25-aout-2018\/"]}]},{"@type":"BreadcrumbList","@id":"https:\/\/centcols.org\/concentration-regionale-drome-ardeche-vaucluse-au-col-du-tracoulet-25-aout-2018\/#breadcrumb","itemListElement":[{"@type":"ListItem","position":1,"name":"Accueil","item":"https:\/\/centcols.org\/"},{"@type":"ListItem","position":2,"name":"Calendrier","item":"https:\/\/centcols.org\/rubrique\/calendrier\/"},{"@type":"ListItem","position":3,"name":"Concentration r\u00e9gionale Dr\u00f4me Ard\u00e8che Vaucluse au col du Tracoulet 25 ao\u00fbt 2018"}]},{"@type":"WebSite","@id":"https:\/\/centcols.org\/#website","url":"https:\/\/centcols.org\/","name":"Club des Cent Cols","description":"","publisher":{"@id":"https:\/\/centcols.org\/#organization"},"potentialAction":[{"@type":"SearchAction","target":{"@type":"EntryPoint","urlTemplate":"https:\/\/centcols.org\/?s={search_term_string}"},"query-input":{"@type":"PropertyValueSpecification","valueRequired":true,"valueName":"search_term_string"}}],"inLanguage":"es"},{"@type":"Organization","@id":"https:\/\/centcols.org\/#organization","name":"Club des Cent Cols","url":"https:\/\/centcols.org\/","logo":{"@type":"ImageObject","inLanguage":"es","@id":"https:\/\/centcols.org\/#\/schema\/logo\/image\/","url":"https:\/\/centcols.org\/wp-content\/uploads\/2025\/01\/carte-icone.png","contentUrl":"https:\/\/centcols.org\/wp-content\/uploads\/2025\/01\/carte-icone.png","width":250,"height":250,"caption":"Club des Cent Cols"},"image":{"@id":"https:\/\/centcols.org\/#\/schema\/logo\/image\/"},"sameAs":["https:\/\/www.facebook.com\/groups\/5261880558\/?locale=fr_FR"]},{"@type":"Person","@id":"https:\/\/centcols.org\/#\/schema\/person\/377f00da2793c0363246869bb3a344d0","name":"Guy Harl\u00e9","image":{"@type":"ImageObject","inLanguage":"es","@id":"https:\/\/centcols.org\/wp-content\/litespeed\/avatar\/94c4de37e46cf090f296d42ab3e8d6a6.jpg?ver=1777238144","url":"https:\/\/centcols.org\/wp-content\/litespeed\/avatar\/94c4de37e46cf090f296d42ab3e8d6a6.jpg?ver=1777238144","contentUrl":"https:\/\/centcols.org\/wp-content\/litespeed\/avatar\/94c4de37e46cf090f296d42ab3e8d6a6.jpg?ver=1777238144","caption":"Guy Harl\u00e9"},"url":"https:\/\/centcols.org\/es\/author\/5193\/"}]}},"_links":{"self":[{"href":"https:\/\/centcols.org\/es\/wp-json\/wp\/v2\/posts\/81944","targetHints":{"allow":["GET"]}}],"collection":[{"href":"https:\/\/centcols.org\/es\/wp-json\/wp\/v2\/posts"}],"about":[{"href":"https:\/\/centcols.org\/es\/wp-json\/wp\/v2\/types\/post"}],"author":[{"embeddable":true,"href":"https:\/\/centcols.org\/es\/wp-json\/wp\/v2\/users\/136"}],"replies":[{"embeddable":true,"href":"https:\/\/centcols.org\/es\/wp-json\/wp\/v2\/comments?post=81944"}],"version-history":[{"count":0,"href":"https:\/\/centcols.org\/es\/wp-json\/wp\/v2\/posts\/81944\/revisions"}],"wp:attachment":[{"href":"https:\/\/centcols.org\/es\/wp-json\/wp\/v2\/media?parent=81944"}],"wp:term":[{"taxonomy":"category","embeddable":true,"href":"https:\/\/centcols.org\/es\/wp-json\/wp\/v2\/categories?post=81944"},{"taxonomy":"post_tag","embeddable":true,"href":"https:\/\/centcols.org\/es\/wp-json\/wp\/v2\/tags?post=81944"}],"curies":[{"name":"wp","href":"https:\/\/api.w.org\/{rel}","templated":true}]}}