{"id":81951,"date":"2018-01-30T18:23:52","date_gmt":"2018-01-30T16:23:52","guid":{"rendered":"https:\/\/centcols.org\/concentration-regionale-massif-central-est-au-col-de-saint-bonnet-le-23-septembre-2018\/"},"modified":"2025-06-06T09:19:44","modified_gmt":"2025-06-06T07:19:44","slug":"reunion-regional-del-massif-central-est-en-el-col-de-saint-bonnet-el-23-de-septiembre-de-2018","status":"publish","type":"post","link":"https:\/\/centcols.org\/es\/concentration-regionale-massif-central-est-au-col-de-saint-bonnet-le-23-septembre-2018\/","title":{"rendered":"Reuni\u00f3n regional del Macizo Central Este en el Col de Saint-Bonnet el 23 de septiembre de 2018"},"content":{"rendered":"<p>Dimanche 23 septembre 2018, Massif Central Est<br \/>\nCol de Saint-Bonnet (FR-69-0678)<\/p>\n<p>Le col de Saint Bonnet (FR-69-0648) domine les vignes du Beaujolais et la plaine de la Sa\u00f4ne \u00e0 l\u2019altitude de 648 m.<br \/>\nUn col muletier \u00e0 proximit\u00e9, le col de Failly (FR-69-0645), peut se franchir en pneu de vingt trois et de nombreux autres cols peuvent \u00e9galement \u00eatre visit\u00e9s \u00e0 proximit\u00e9.<br \/>\nUn ou deux circuits seront propos\u00e9s<\/p>\n<h3>Parcours<\/h3>\n<p><strong>Parcours 1<\/strong> : Proposition de parcours de 80 km au d\u00e9part du village de Rivolet (ou de n\u2019importe quel autre\u00a0 point du parcours, possibilit\u00e9 de d\u00e9part du col Saint Bonnet avec quelques possibilit\u00e9s de parking)\u00a0 avec 10 cols , deux BPF (Vaulx en Beaujolais et Oingt ) et un col en R1 \u00e0 proximit\u00e9 du col Saint Bonnet faisable en \u201cpneus de 23\u201d<br \/>\nVoir sur Openrunner :\u00a0<a href=\"https:\/\/www.openrunner.com\/r\/8642071\">https:\/\/www.openrunner.com\/r\/8642071<\/a><\/p>\n<p><strong>Parcours 2<\/strong> : Proposition de parcours de 100 km au d\u00e9part du village de Ternand en vall\u00e9e d\u2019Azergues avec 11 cols , 1 BPF (Oingt ) et un col en R1 \u00e0 proximit\u00e9 du col Saint Bonnet faisable en \u201cpneus de 23\u201d<br \/>\nVoir sur Openrunner :\u00a0<a href=\"https:\/\/www.openrunner.com\/r\/8642115\">https:\/\/www.openrunner.com\/r\/8642115<\/a><\/p>\n<p><strong>La rencontre ne sera pas organis\u00e9e en cas de pr\u00e9visions m\u00e9t\u00e9o d\u00e9favorables (d\u00e9cision le mercredi soir pr\u00e9c\u00e9dent )<\/strong><\/p>\n<h3>Contact<\/h3>\n<p>Philippe Chazottier<br \/>\n69510 Messimy<br \/>\n06 12 51 32 55<br \/>\n[email]pchazo&#116;&#116;&#105;&#101;&#114;&#64;&#119;&#x61;&#x6e;&#x61;&#x64;&#x6f;&#x6f;&#x2e;&#x66;&#x72;[\/email]<\/p>\n","protected":false},"excerpt":{"rendered":"<p>Dimanche 23 septembre 2018, Massif Central Est Col de Saint-Bonnet (FR-69-0678) Le col de Saint Bonnet (FR-69-0648) domine les vignes du Beaujolais et la plaine de la Sa\u00f4ne \u00e0 l\u2019altitude de 648 m. Un col muletier \u00e0 proximit\u00e9, le col de Failly (FR-69-0645), peut se franchir en pneu de vingt trois et de nombreux autres [&hellip;]<\/p>\n","protected":false},"author":136,"featured_media":0,"comment_status":"closed","ping_status":"open","sticky":false,"template":"","format":"standard","meta":{"_acf_changed":false,"footnotes":""},"categories":[135,282,216],"tags":[],"class_list":["post-81951","post","type-post","status-publish","format-standard","hentry","category-calendrier","category-les-rassemblements-de-2018","category-rencontres-regionales"],"acf":[],"yoast_head":"<!-- This site is optimized with the Yoast SEO plugin v27.2 - https:\/\/yoast.com\/product\/yoast-seo-wordpress\/ -->\n<title>Concentration r\u00e9gionale Massif Central Est au col de Saint-Bonnet le 23 septembre 2018 - Club des Cent Cols<\/title>\n<meta name=\"robots\" content=\"index, follow, max-snippet:-1, max-image-preview:large, max-video-preview:-1\" \/>\n<link rel=\"canonical\" href=\"https:\/\/centcols.org\/es\/reunion-regional-del-massif-central-est-en-el-col-de-saint-bonnet-el-23-de-septiembre-de-2018\/\" \/>\n<meta property=\"og:locale\" content=\"es_ES\" \/>\n<meta property=\"og:type\" content=\"article\" \/>\n<meta property=\"og:title\" content=\"Concentration r\u00e9gionale Massif Central Est au col de Saint-Bonnet le 23 septembre 2018 - Club des Cent Cols\" \/>\n<meta property=\"og:description\" content=\"Dimanche 23 septembre 2018, Massif Central Est Col de Saint-Bonnet (FR-69-0678) Le col de Saint Bonnet (FR-69-0648) domine les vignes du Beaujolais et la plaine de la Sa\u00f4ne \u00e0 l\u2019altitude de 648 m. Un col muletier \u00e0 proximit\u00e9, le col de Failly (FR-69-0645), peut se franchir en pneu de vingt trois et de nombreux autres [&hellip;]\" \/>\n<meta property=\"og:url\" content=\"https:\/\/centcols.org\/es\/reunion-regional-del-massif-central-est-en-el-col-de-saint-bonnet-el-23-de-septiembre-de-2018\/\" \/>\n<meta property=\"og:site_name\" content=\"Club des Cent Cols\" \/>\n<meta property=\"article:publisher\" content=\"https:\/\/www.facebook.com\/groups\/5261880558\/?locale=fr_FR\" \/>\n<meta property=\"article:published_time\" content=\"2018-01-30T16:23:52+00:00\" \/>\n<meta property=\"article:modified_time\" content=\"2025-06-06T07:19:44+00:00\" \/>\n<meta name=\"author\" content=\"Guy Harl\u00e9\" \/>\n<meta name=\"twitter:card\" content=\"summary_large_image\" \/>\n<meta name=\"twitter:label1\" content=\"Escrito por\" \/>\n\t<meta name=\"twitter:data1\" content=\"Guy Harl\u00e9\" \/>\n\t<meta name=\"twitter:label2\" content=\"Tiempo de lectura\" \/>\n\t<meta name=\"twitter:data2\" content=\"2 minutos\" \/>\n<script type=\"application\/ld+json\" class=\"yoast-schema-graph\">{\"@context\":\"https:\/\/schema.org\",\"@graph\":[{\"@type\":\"Article\",\"@id\":\"https:\/\/centcols.org\/concentration-regionale-massif-central-est-au-col-de-saint-bonnet-le-23-septembre-2018\/#article\",\"isPartOf\":{\"@id\":\"https:\/\/centcols.org\/concentration-regionale-massif-central-est-au-col-de-saint-bonnet-le-23-septembre-2018\/\"},\"author\":{\"name\":\"Guy Harl\u00e9\",\"@id\":\"https:\/\/centcols.org\/#\/schema\/person\/377f00da2793c0363246869bb3a344d0\"},\"headline\":\"Concentration r\u00e9gionale Massif Central Est au col de Saint-Bonnet le 23 septembre 2018\",\"datePublished\":\"2018-01-30T16:23:52+00:00\",\"dateModified\":\"2025-06-06T07:19:44+00:00\",\"mainEntityOfPage\":{\"@id\":\"https:\/\/centcols.org\/concentration-regionale-massif-central-est-au-col-de-saint-bonnet-le-23-septembre-2018\/\"},\"wordCount\":227,\"publisher\":{\"@id\":\"https:\/\/centcols.org\/#organization\"},\"articleSection\":[\"Calendrier\",\"2018-rassemblements\",\"Rencontres r\u00e9gionales\"],\"inLanguage\":\"es\"},{\"@type\":\"WebPage\",\"@id\":\"https:\/\/centcols.org\/concentration-regionale-massif-central-est-au-col-de-saint-bonnet-le-23-septembre-2018\/\",\"url\":\"https:\/\/centcols.org\/concentration-regionale-massif-central-est-au-col-de-saint-bonnet-le-23-septembre-2018\/\",\"name\":\"Concentration r\u00e9gionale Massif Central Est au col de Saint-Bonnet le 23 septembre 2018 - Club des Cent Cols\",\"isPartOf\":{\"@id\":\"https:\/\/centcols.org\/#website\"},\"datePublished\":\"2018-01-30T16:23:52+00:00\",\"dateModified\":\"2025-06-06T07:19:44+00:00\",\"breadcrumb\":{\"@id\":\"https:\/\/centcols.org\/concentration-regionale-massif-central-est-au-col-de-saint-bonnet-le-23-septembre-2018\/#breadcrumb\"},\"inLanguage\":\"es\",\"potentialAction\":[{\"@type\":\"ReadAction\",\"target\":[\"https:\/\/centcols.org\/concentration-regionale-massif-central-est-au-col-de-saint-bonnet-le-23-septembre-2018\/\"]}]},{\"@type\":\"BreadcrumbList\",\"@id\":\"https:\/\/centcols.org\/concentration-regionale-massif-central-est-au-col-de-saint-bonnet-le-23-septembre-2018\/#breadcrumb\",\"itemListElement\":[{\"@type\":\"ListItem\",\"position\":1,\"name\":\"Accueil\",\"item\":\"https:\/\/centcols.org\/\"},{\"@type\":\"ListItem\",\"position\":2,\"name\":\"Calendrier\",\"item\":\"https:\/\/centcols.org\/rubrique\/calendrier\/\"},{\"@type\":\"ListItem\",\"position\":3,\"name\":\"Concentration r\u00e9gionale Massif Central Est au col de Saint-Bonnet le 23 septembre 2018\"}]},{\"@type\":\"WebSite\",\"@id\":\"https:\/\/centcols.org\/#website\",\"url\":\"https:\/\/centcols.org\/\",\"name\":\"Club des Cent Cols\",\"description\":\"\",\"publisher\":{\"@id\":\"https:\/\/centcols.org\/#organization\"},\"potentialAction\":[{\"@type\":\"SearchAction\",\"target\":{\"@type\":\"EntryPoint\",\"urlTemplate\":\"https:\/\/centcols.org\/?s={search_term_string}\"},\"query-input\":{\"@type\":\"PropertyValueSpecification\",\"valueRequired\":true,\"valueName\":\"search_term_string\"}}],\"inLanguage\":\"es\"},{\"@type\":\"Organization\",\"@id\":\"https:\/\/centcols.org\/#organization\",\"name\":\"Club des Cent Cols\",\"url\":\"https:\/\/centcols.org\/\",\"logo\":{\"@type\":\"ImageObject\",\"inLanguage\":\"es\",\"@id\":\"https:\/\/centcols.org\/#\/schema\/logo\/image\/\",\"url\":\"https:\/\/centcols.org\/wp-content\/uploads\/2025\/01\/carte-icone.png\",\"contentUrl\":\"https:\/\/centcols.org\/wp-content\/uploads\/2025\/01\/carte-icone.png\",\"width\":250,\"height\":250,\"caption\":\"Club des Cent Cols\"},\"image\":{\"@id\":\"https:\/\/centcols.org\/#\/schema\/logo\/image\/\"},\"sameAs\":[\"https:\/\/www.facebook.com\/groups\/5261880558\/?locale=fr_FR\"]},{\"@type\":\"Person\",\"@id\":\"https:\/\/centcols.org\/#\/schema\/person\/377f00da2793c0363246869bb3a344d0\",\"name\":\"Guy Harl\u00e9\",\"image\":{\"@type\":\"ImageObject\",\"inLanguage\":\"es\",\"@id\":\"https:\/\/centcols.org\/wp-content\/litespeed\/avatar\/94c4de37e46cf090f296d42ab3e8d6a6.jpg?ver=1777238144\",\"url\":\"https:\/\/centcols.org\/wp-content\/litespeed\/avatar\/94c4de37e46cf090f296d42ab3e8d6a6.jpg?ver=1777238144\",\"contentUrl\":\"https:\/\/centcols.org\/wp-content\/litespeed\/avatar\/94c4de37e46cf090f296d42ab3e8d6a6.jpg?ver=1777238144\",\"caption\":\"Guy Harl\u00e9\"},\"url\":\"https:\/\/centcols.org\/es\/author\/5193\/\"}]}<\/script>\n<!-- \/ Yoast SEO plugin. -->","yoast_head_json":{"title":"Encuentro regional del Macizo Central Este en el puerto de Saint-Bonnet el 23 de septiembre de 2018 - Club des Cent Cols","robots":{"index":"index","follow":"follow","max-snippet":"max-snippet:-1","max-image-preview":"max-image-preview:large","max-video-preview":"max-video-preview:-1"},"canonical":"https:\/\/centcols.org\/es\/reunion-regional-del-massif-central-est-en-el-col-de-saint-bonnet-el-23-de-septiembre-de-2018\/","og_locale":"es_ES","og_type":"article","og_title":"Concentration r\u00e9gionale Massif Central Est au col de Saint-Bonnet le 23 septembre 2018 - Club des Cent Cols","og_description":"Dimanche 23 septembre 2018, Massif Central Est Col de Saint-Bonnet (FR-69-0678) Le col de Saint Bonnet (FR-69-0648) domine les vignes du Beaujolais et la plaine de la Sa\u00f4ne \u00e0 l\u2019altitude de 648 m. Un col muletier \u00e0 proximit\u00e9, le col de Failly (FR-69-0645), peut se franchir en pneu de vingt trois et de nombreux autres [&hellip;]","og_url":"https:\/\/centcols.org\/es\/reunion-regional-del-massif-central-est-en-el-col-de-saint-bonnet-el-23-de-septiembre-de-2018\/","og_site_name":"Club des Cent Cols","article_publisher":"https:\/\/www.facebook.com\/groups\/5261880558\/?locale=fr_FR","article_published_time":"2018-01-30T16:23:52+00:00","article_modified_time":"2025-06-06T07:19:44+00:00","author":"Guy Harl\u00e9","twitter_card":"summary_large_image","twitter_misc":{"Escrito por":"Guy Harl\u00e9","Tiempo de lectura":"2 minutos"},"schema":{"@context":"https:\/\/schema.org","@graph":[{"@type":"Article","@id":"https:\/\/centcols.org\/concentration-regionale-massif-central-est-au-col-de-saint-bonnet-le-23-septembre-2018\/#article","isPartOf":{"@id":"https:\/\/centcols.org\/concentration-regionale-massif-central-est-au-col-de-saint-bonnet-le-23-septembre-2018\/"},"author":{"name":"Guy Harl\u00e9","@id":"https:\/\/centcols.org\/#\/schema\/person\/377f00da2793c0363246869bb3a344d0"},"headline":"Concentration r\u00e9gionale Massif Central Est au col de Saint-Bonnet le 23 septembre 2018","datePublished":"2018-01-30T16:23:52+00:00","dateModified":"2025-06-06T07:19:44+00:00","mainEntityOfPage":{"@id":"https:\/\/centcols.org\/concentration-regionale-massif-central-est-au-col-de-saint-bonnet-le-23-septembre-2018\/"},"wordCount":227,"publisher":{"@id":"https:\/\/centcols.org\/#organization"},"articleSection":["Calendrier","2018-rassemblements","Rencontres r\u00e9gionales"],"inLanguage":"es"},{"@type":"WebPage","@id":"https:\/\/centcols.org\/concentration-regionale-massif-central-est-au-col-de-saint-bonnet-le-23-septembre-2018\/","url":"https:\/\/centcols.org\/concentration-regionale-massif-central-est-au-col-de-saint-bonnet-le-23-septembre-2018\/","name":"Encuentro regional del Macizo Central Este en el puerto de Saint-Bonnet el 23 de septiembre de 2018 - Club des Cent Cols","isPartOf":{"@id":"https:\/\/centcols.org\/#website"},"datePublished":"2018-01-30T16:23:52+00:00","dateModified":"2025-06-06T07:19:44+00:00","breadcrumb":{"@id":"https:\/\/centcols.org\/concentration-regionale-massif-central-est-au-col-de-saint-bonnet-le-23-septembre-2018\/#breadcrumb"},"inLanguage":"es","potentialAction":[{"@type":"ReadAction","target":["https:\/\/centcols.org\/concentration-regionale-massif-central-est-au-col-de-saint-bonnet-le-23-septembre-2018\/"]}]},{"@type":"BreadcrumbList","@id":"https:\/\/centcols.org\/concentration-regionale-massif-central-est-au-col-de-saint-bonnet-le-23-septembre-2018\/#breadcrumb","itemListElement":[{"@type":"ListItem","position":1,"name":"Accueil","item":"https:\/\/centcols.org\/"},{"@type":"ListItem","position":2,"name":"Calendrier","item":"https:\/\/centcols.org\/rubrique\/calendrier\/"},{"@type":"ListItem","position":3,"name":"Concentration r\u00e9gionale Massif Central Est au col de Saint-Bonnet le 23 septembre 2018"}]},{"@type":"WebSite","@id":"https:\/\/centcols.org\/#website","url":"https:\/\/centcols.org\/","name":"Club des Cent Cols","description":"","publisher":{"@id":"https:\/\/centcols.org\/#organization"},"potentialAction":[{"@type":"SearchAction","target":{"@type":"EntryPoint","urlTemplate":"https:\/\/centcols.org\/?s={search_term_string}"},"query-input":{"@type":"PropertyValueSpecification","valueRequired":true,"valueName":"search_term_string"}}],"inLanguage":"es"},{"@type":"Organization","@id":"https:\/\/centcols.org\/#organization","name":"Club des Cent Cols","url":"https:\/\/centcols.org\/","logo":{"@type":"ImageObject","inLanguage":"es","@id":"https:\/\/centcols.org\/#\/schema\/logo\/image\/","url":"https:\/\/centcols.org\/wp-content\/uploads\/2025\/01\/carte-icone.png","contentUrl":"https:\/\/centcols.org\/wp-content\/uploads\/2025\/01\/carte-icone.png","width":250,"height":250,"caption":"Club des Cent Cols"},"image":{"@id":"https:\/\/centcols.org\/#\/schema\/logo\/image\/"},"sameAs":["https:\/\/www.facebook.com\/groups\/5261880558\/?locale=fr_FR"]},{"@type":"Person","@id":"https:\/\/centcols.org\/#\/schema\/person\/377f00da2793c0363246869bb3a344d0","name":"Guy Harl\u00e9","image":{"@type":"ImageObject","inLanguage":"es","@id":"https:\/\/centcols.org\/wp-content\/litespeed\/avatar\/94c4de37e46cf090f296d42ab3e8d6a6.jpg?ver=1777238144","url":"https:\/\/centcols.org\/wp-content\/litespeed\/avatar\/94c4de37e46cf090f296d42ab3e8d6a6.jpg?ver=1777238144","contentUrl":"https:\/\/centcols.org\/wp-content\/litespeed\/avatar\/94c4de37e46cf090f296d42ab3e8d6a6.jpg?ver=1777238144","caption":"Guy Harl\u00e9"},"url":"https:\/\/centcols.org\/es\/author\/5193\/"}]}},"_links":{"self":[{"href":"https:\/\/centcols.org\/es\/wp-json\/wp\/v2\/posts\/81951","targetHints":{"allow":["GET"]}}],"collection":[{"href":"https:\/\/centcols.org\/es\/wp-json\/wp\/v2\/posts"}],"about":[{"href":"https:\/\/centcols.org\/es\/wp-json\/wp\/v2\/types\/post"}],"author":[{"embeddable":true,"href":"https:\/\/centcols.org\/es\/wp-json\/wp\/v2\/users\/136"}],"replies":[{"embeddable":true,"href":"https:\/\/centcols.org\/es\/wp-json\/wp\/v2\/comments?post=81951"}],"version-history":[{"count":0,"href":"https:\/\/centcols.org\/es\/wp-json\/wp\/v2\/posts\/81951\/revisions"}],"wp:attachment":[{"href":"https:\/\/centcols.org\/es\/wp-json\/wp\/v2\/media?parent=81951"}],"wp:term":[{"taxonomy":"category","embeddable":true,"href":"https:\/\/centcols.org\/es\/wp-json\/wp\/v2\/categories?post=81951"},{"taxonomy":"post_tag","embeddable":true,"href":"https:\/\/centcols.org\/es\/wp-json\/wp\/v2\/tags?post=81951"}],"curies":[{"name":"wp","href":"https:\/\/api.w.org\/{rel}","templated":true}]}}