{"id":81971,"date":"2018-03-06T09:04:06","date_gmt":"2018-03-06T07:04:06","guid":{"rendered":"https:\/\/centcols.org\/assemblee-generale-du-club-des-cent-cols-a-bedoin-vaucluse-le-10-novembre-2018\/"},"modified":"2025-09-02T11:09:58","modified_gmt":"2025-09-02T09:09:58","slug":"ag-2018-bedoin","status":"publish","type":"post","link":"https:\/\/centcols.org\/es\/ag-2018-bedoin\/","title":{"rendered":"Asamblea general del Club des Cent Cols en B\u00e9doin (Vaucluse) el 10 de noviembre de 2018"},"content":{"rendered":"<h2 class=\"wp-block-heading\">Presentaci\u00f3n<\/h2>\n\n\n\n<p>AGM 2018, B\u00e9doin, s\u00e1bado 10 de noviembre de 2018 a las 14:30 h.<\/p>\n\n\n\n<p>Podr\u00e1s inscribirte para el alojamiento a partir de junio de 2018 :<\/p>\n\n\n<div class=\"wp-block-image\">\n<figure class=\"aligncenter size-full is-resized\"><img loading=\"lazy\" decoding=\"async\" width=\"1200\" height=\"797\" src=\"https:\/\/centcols.org\/wp-content\/uploads\/2018\/03\/Ventoux-13.jpg\" alt=\"\" class=\"wp-image-88974\" style=\"width:800px\" srcset=\"https:\/\/centcols.org\/wp-content\/uploads\/2018\/03\/Ventoux-13.jpg 1200w, https:\/\/centcols.org\/wp-content\/uploads\/2018\/03\/Ventoux-13-768x510.jpg 768w\" sizes=\"auto, (max-width: 1200px) 100vw, 1200px\" \/><figcaption class=\"wp-element-caption\">Mont Ventoux (foto T Labour)<\/figcaption><\/figure>\n<\/div>\n\n\n<p>Es en este acogedor pueblo, a los pies del G\u00e9ant de Provence, a 50 km al este de Avi\u00f1\u00f3n y a 15 km de Carpentras, donde celebraremos nuestra asamblea general de 2018. Todas las actividades -excepto el ciclismo, por supuesto- (la asamblea general propiamente dicha, las votaciones in situ, las comidas y el alojamiento) tendr\u00e1n lugar en el pueblo de vacaciones Les Florans, en B\u00e9doin, en el departamento de Vaucluse. El pueblo, gestionado por la empresa VTF, permanecer\u00e1 excepcionalmente abierto despu\u00e9s de las vacaciones escolares de oto\u00f1o para recibirnos.<br>Muchos centcolistas conocen este pueblo, punto de partida de la ascensi\u00f3n al Mont Ventoux por su vertiente sur, una ruta con fama de ser la m\u00e1s dif\u00edcil. Aunque nuestra estancia aqu\u00ed es en noviembre, no es imposible que a algunos les apetezca hacer la ascensi\u00f3n si les apetece, bajo el sol y con temperaturas suaves.<br>Como de costumbre, ofreceremos dos <a href=\"\/es\/membres\/cctours\/tours.php\/?lieu=B\u00e9doin&amp;an=2018&amp;genre=R\">circuitos de carretera<\/a> y dos <a href=\"\/es\/membres\/cctours\/tours.php\/?lieu=B\u00e9doin&amp;an=2018&amp;genre=V\">senderos para bicicletas de monta\u00f1a<\/a> en los alrededores, probablemente con salida desde el centro, los s\u00e1bados y domingos por la ma\u00f1ana.<\/p>\n\n\n<div class=\"wp-block-image wp-image-33269\">\n<figure class=\"aligncenter size-full is-resized\"><img loading=\"lazy\" decoding=\"async\" width=\"1200\" height=\"797\" src=\"https:\/\/centcols.org\/wp-content\/uploads\/2018\/03\/Gorges-de-la-Nesque-1.jpg\" alt=\"\" class=\"wp-image-88976\" style=\"width:800px\" srcset=\"https:\/\/centcols.org\/wp-content\/uploads\/2018\/03\/Gorges-de-la-Nesque-1.jpg 1200w, https:\/\/centcols.org\/wp-content\/uploads\/2018\/03\/Gorges-de-la-Nesque-1-768x510.jpg 768w\" sizes=\"auto, (max-width: 1200px) 100vw, 1200px\" \/><figcaption class=\"wp-element-caption\">Gorges de la Nesque (foto T Labour)<\/figcaption><\/figure>\n<\/div>\n\n\n<p>Los alrededores de B\u00e9doin son ricos en sitios y paisajes magn\u00edficos que merecen nuestra atenci\u00f3n, sobre todo porque no faltan los puertos. As\u00ed pues, Dentelles de Montmirail, Gorges de la Nesque, etc., veremos qu\u00e9 se les ocurre a nuestros amigos del Club Vaison Cyclo Nature (VCN), a quienes agradecemos calurosamente su ayuda en la preparaci\u00f3n de la AGM y del viaje.<\/p>\n\n\n\n<p>BEDOIN<br>Se trata de un encantador pueblo agr\u00edcola del Mont Ventoux. Repartido en una gran superficie, est\u00e1 formado por varias aldeas, todas ellas tienen en com\u00fan el clima mediterr\u00e1neo y el sol casi diario. Produce un\u00a0<a href=\"https:\/\/www.provenceweb.fr\/f\/mag\/terroir\/vin\/vignobles\/ventoux.htm\">Vino clasificado AOC<\/a>\u00a0as\u00ed como frutas y esp\u00e1rragos. B\u00e9doin tiene la suerte de albergar uno de los mayores bosques comunales de Francia. Cubre m\u00e1s de 6.300 hect\u00e1reas, un tercio de la superficie forestal del Mont Ventoux. Es sin duda el bosque m\u00e1s variado del Vaucluse, con m\u00e1s de 1.200 especies vegetales diferentes. El pueblo tiene una historia muy larga, que se remonta a la prehistoria. Si siente curiosidad, le interesar\u00e1 leer<a href=\"https:\/\/fr.wikipedia.org\/wiki\/B%C3%A9doin\"> Art\u00edculo de Wikipedia<\/a> en Internet.<\/p>\n\n\n\n<p>ALOJAMIENTO, RESTAURACI\u00d3N y lugar de celebraci\u00f3n de la JGA<\/p>\n\n\n\n<figure class=\"wp-block-image size-full is-resized alignnone wp-image-33268\"><img loading=\"lazy\" decoding=\"async\" width=\"1200\" height=\"755\" src=\"https:\/\/centcols.org\/wp-content\/uploads\/2018\/03\/Bedoin-les-florans.jpg\" alt=\"\" class=\"wp-image-88977\" style=\"aspect-ratio:1;width:840px;height:auto\" srcset=\"https:\/\/centcols.org\/wp-content\/uploads\/2018\/03\/Bedoin-les-florans.jpg 1200w, https:\/\/centcols.org\/wp-content\/uploads\/2018\/03\/Bedoin-les-florans-768x483.jpg 768w\" sizes=\"auto, (max-width: 1200px) 100vw, 1200px\" \/><figcaption class=\"wp-element-caption\">B\u00e9doin Les Florans (foto VTF)<\/figcaption><\/figure>\n\n\n\n<p>Pueblo de vacaciones VTF \u00abLes Florans\u00bb<br>Camino de los Floranes<br>BP 02, 84410 B\u00c9DOIN<br>Tel: +33 4 90 65 60 10<br><a href=\"https:\/\/www.vtf-vacances.com\/fr\/village-vacances-familles\/provence-alpes-cote-d-azur\/vaucluse\/bedoin\/417\" target=\"_blank\" rel=\"noopener\">P\u00e1gina web<\/a><\/p>\n\n\n\n<h2 class=\"wp-block-heading\">Paseos en bicicleta<\/h2>\n\n\n\n<p>Se han preparado cuatro rutas.<\/p>\n\n\n\n<p>El s\u00e1bado por la ma\u00f1ana, el circuito de carretera (unos 45 km) y el de bicicleta de monta\u00f1a (27 km, con tramos de carretera, R1\/R2 y S3) salen de M\u00e9thamis, a unos 25 minutos en coche de B\u00e9doin. La salida de M\u00e9thamis es a las 8.30 h, con salida en coche de B\u00e9doin a las 8 h. Ambas rutas estar\u00e1n acompa\u00f1adas por ciclistas locales.<\/p>\n\n\n\n<p>El domingo por la ma\u00f1ana, el circuito de carretera (unos 45 km) parte del centro de vacaciones. El punto de encuentro es a las 8 de la ma\u00f1ana. El circuito de bicicleta de monta\u00f1a (23 km, con tramos de carretera y principalmente R1\/R2 y un tramo R3) le llevar\u00e1 a las Dentelles de Montmirail, partiendo de Lafare. El punto de encuentro es a las 8.30 h (salida de B\u00e9doin en coche a las 7.50 h). Estos dos recorridos tambi\u00e9n estar\u00e1n acompa\u00f1ados por ciclistas locales.<\/p>\n\n\n\n<h3 class=\"wp-block-heading\">Circuitos de carretera<\/h3>\n\n\n\n<p>Dos <a href=\"\/es\/membres\/cctours\/tours.php\/?lieu=B\u00e9doin&amp;an=2018&amp;genre=R\">rutas por carretera<\/a> est\u00e1n disponibles, una para el s\u00e1bado y otra para el domingo.<\/p>\n\n\n\n<h3 class=\"wp-block-heading\">Rutas en bicicleta de monta\u00f1a<\/h3>\n\n\n\n<p>Tambi\u00e9n son dos <a href=\"\/es\/membres\/cctours\/tours.php\/?lieu=B\u00e9doin&amp;an=2018&amp;genre=V\">senderos para bicicletas de monta\u00f1a<\/a> para el s\u00e1bado y el domingo.<\/p>\n\n\n\n<p>&nbsp;<\/p>","protected":false},"excerpt":{"rendered":"<p>Pr\u00e9sentation AG 2018, B\u00e9doin, samedi 10 novembre 2018 \u00e0 14 h 30 Vous pourrez vous inscrire pour l\u2019h\u00e9bergement \u00e0 partir de juin 2018 : C&rsquo;est dans ce sympathique village, au pied du G\u00e9ant de Provence, \u00e0 50 km \u00e0 l&rsquo;est d&rsquo;Avignon et 15 km de Carpentras, que nous tiendrons notre assembl\u00e9e g\u00e9n\u00e9rale 2018. L&rsquo;ensemble des [&hellip;]<\/p>\n","protected":false},"author":270,"featured_media":81972,"comment_status":"closed","ping_status":"closed","sticky":false,"template":"","format":"standard","meta":{"_acf_changed":false,"footnotes":""},"categories":[217,135],"tags":[],"class_list":["post-81971","post","type-post","status-publish","format-standard","has-post-thumbnail","hentry","category-assemblees-generales","category-calendrier"],"acf":[],"yoast_head":"<!-- This site is optimized with the Yoast SEO plugin v27.2 - https:\/\/yoast.com\/product\/yoast-seo-wordpress\/ -->\n<title>Assembl\u00e9e g\u00e9n\u00e9rale du Club des Cent Cols \u00e0 B\u00e9doin (Vaucluse) le 10 novembre 2018 - Club des Cent Cols<\/title>\n<meta name=\"robots\" content=\"index, follow, max-snippet:-1, max-image-preview:large, max-video-preview:-1\" \/>\n<link rel=\"canonical\" href=\"https:\/\/centcols.org\/es\/ag-2018-bedoin\/\" \/>\n<meta property=\"og:locale\" content=\"es_ES\" \/>\n<meta property=\"og:type\" content=\"article\" \/>\n<meta property=\"og:title\" content=\"Assembl\u00e9e g\u00e9n\u00e9rale du Club des Cent Cols \u00e0 B\u00e9doin (Vaucluse) le 10 novembre 2018 - Club des Cent Cols\" \/>\n<meta property=\"og:description\" content=\"Pr\u00e9sentation AG 2018, B\u00e9doin, samedi 10 novembre 2018 \u00e0 14 h 30 Vous pourrez vous inscrire pour l\u2019h\u00e9bergement \u00e0 partir de juin 2018 : C&rsquo;est dans ce sympathique village, au pied du G\u00e9ant de Provence, \u00e0 50 km \u00e0 l&rsquo;est d&rsquo;Avignon et 15 km de Carpentras, que nous tiendrons notre assembl\u00e9e g\u00e9n\u00e9rale 2018. L&rsquo;ensemble des [&hellip;]\" \/>\n<meta property=\"og:url\" content=\"https:\/\/centcols.org\/es\/ag-2018-bedoin\/\" \/>\n<meta property=\"og:site_name\" content=\"Club des Cent Cols\" \/>\n<meta property=\"article:publisher\" content=\"https:\/\/www.facebook.com\/groups\/5261880558\/?locale=fr_FR\" \/>\n<meta property=\"article:published_time\" content=\"2018-03-06T07:04:06+00:00\" \/>\n<meta property=\"article:modified_time\" content=\"2025-09-02T09:09:58+00:00\" \/>\n<meta property=\"og:image\" content=\"https:\/\/centcols.org\/wp-content\/uploads\/2025\/05\/Bedoin-les-florans2.jpg\" \/>\n\t<meta property=\"og:image:width\" content=\"1628\" \/>\n\t<meta property=\"og:image:height\" content=\"1024\" \/>\n\t<meta property=\"og:image:type\" content=\"image\/jpeg\" \/>\n<meta name=\"author\" content=\"Thierry Labour\" \/>\n<meta name=\"twitter:card\" content=\"summary_large_image\" \/>\n<meta name=\"twitter:label1\" content=\"Escrito por\" \/>\n\t<meta name=\"twitter:data1\" content=\"Thierry Labour\" \/>\n\t<meta name=\"twitter:label2\" content=\"Tiempo de lectura\" \/>\n\t<meta name=\"twitter:data2\" content=\"4 minutos\" \/>\n<script type=\"application\/ld+json\" class=\"yoast-schema-graph\">{\"@context\":\"https:\/\/schema.org\",\"@graph\":[{\"@type\":\"Article\",\"@id\":\"https:\/\/centcols.org\/ag-2018-bedoin\/#article\",\"isPartOf\":{\"@id\":\"https:\/\/centcols.org\/ag-2018-bedoin\/\"},\"author\":{\"name\":\"Thierry Labour\",\"@id\":\"https:\/\/centcols.org\/#\/schema\/person\/19badcd698057e2dc29340586080b94f\"},\"headline\":\"Assembl\u00e9e g\u00e9n\u00e9rale du Club des Cent Cols \u00e0 B\u00e9doin (Vaucluse) le 10 novembre 2018\",\"datePublished\":\"2018-03-06T07:04:06+00:00\",\"dateModified\":\"2025-09-02T09:09:58+00:00\",\"mainEntityOfPage\":{\"@id\":\"https:\/\/centcols.org\/ag-2018-bedoin\/\"},\"wordCount\":668,\"publisher\":{\"@id\":\"https:\/\/centcols.org\/#organization\"},\"image\":{\"@id\":\"https:\/\/centcols.org\/ag-2018-bedoin\/#primaryimage\"},\"thumbnailUrl\":\"https:\/\/centcols.org\/wp-content\/uploads\/2025\/05\/Bedoin-les-florans2.jpg\",\"articleSection\":[\"Assembl\u00e9es g\u00e9n\u00e9rales\",\"Calendrier\"],\"inLanguage\":\"es\"},{\"@type\":\"WebPage\",\"@id\":\"https:\/\/centcols.org\/ag-2018-bedoin\/\",\"url\":\"https:\/\/centcols.org\/ag-2018-bedoin\/\",\"name\":\"Assembl\u00e9e g\u00e9n\u00e9rale du Club des Cent Cols \u00e0 B\u00e9doin (Vaucluse) le 10 novembre 2018 - Club des Cent Cols\",\"isPartOf\":{\"@id\":\"https:\/\/centcols.org\/#website\"},\"primaryImageOfPage\":{\"@id\":\"https:\/\/centcols.org\/ag-2018-bedoin\/#primaryimage\"},\"image\":{\"@id\":\"https:\/\/centcols.org\/ag-2018-bedoin\/#primaryimage\"},\"thumbnailUrl\":\"https:\/\/centcols.org\/wp-content\/uploads\/2025\/05\/Bedoin-les-florans2.jpg\",\"datePublished\":\"2018-03-06T07:04:06+00:00\",\"dateModified\":\"2025-09-02T09:09:58+00:00\",\"breadcrumb\":{\"@id\":\"https:\/\/centcols.org\/ag-2018-bedoin\/#breadcrumb\"},\"inLanguage\":\"es\",\"potentialAction\":[{\"@type\":\"ReadAction\",\"target\":[\"https:\/\/centcols.org\/ag-2018-bedoin\/\"]}]},{\"@type\":\"ImageObject\",\"inLanguage\":\"es\",\"@id\":\"https:\/\/centcols.org\/ag-2018-bedoin\/#primaryimage\",\"url\":\"https:\/\/centcols.org\/wp-content\/uploads\/2025\/05\/Bedoin-les-florans2.jpg\",\"contentUrl\":\"https:\/\/centcols.org\/wp-content\/uploads\/2025\/05\/Bedoin-les-florans2.jpg\",\"width\":1628,\"height\":1024},{\"@type\":\"BreadcrumbList\",\"@id\":\"https:\/\/centcols.org\/ag-2018-bedoin\/#breadcrumb\",\"itemListElement\":[{\"@type\":\"ListItem\",\"position\":1,\"name\":\"Accueil\",\"item\":\"https:\/\/centcols.org\/\"},{\"@type\":\"ListItem\",\"position\":2,\"name\":\"Assembl\u00e9es g\u00e9n\u00e9rales\",\"item\":\"https:\/\/centcols.org\/rubrique\/assemblees-generales\/\"},{\"@type\":\"ListItem\",\"position\":3,\"name\":\"Assembl\u00e9e g\u00e9n\u00e9rale du Club des Cent Cols \u00e0 B\u00e9doin (Vaucluse) le 10 novembre 2018\"}]},{\"@type\":\"WebSite\",\"@id\":\"https:\/\/centcols.org\/#website\",\"url\":\"https:\/\/centcols.org\/\",\"name\":\"Club des Cent Cols\",\"description\":\"\",\"publisher\":{\"@id\":\"https:\/\/centcols.org\/#organization\"},\"potentialAction\":[{\"@type\":\"SearchAction\",\"target\":{\"@type\":\"EntryPoint\",\"urlTemplate\":\"https:\/\/centcols.org\/?s={search_term_string}\"},\"query-input\":{\"@type\":\"PropertyValueSpecification\",\"valueRequired\":true,\"valueName\":\"search_term_string\"}}],\"inLanguage\":\"es\"},{\"@type\":\"Organization\",\"@id\":\"https:\/\/centcols.org\/#organization\",\"name\":\"Club des Cent Cols\",\"url\":\"https:\/\/centcols.org\/\",\"logo\":{\"@type\":\"ImageObject\",\"inLanguage\":\"es\",\"@id\":\"https:\/\/centcols.org\/#\/schema\/logo\/image\/\",\"url\":\"https:\/\/centcols.org\/wp-content\/uploads\/2025\/01\/carte-icone.png\",\"contentUrl\":\"https:\/\/centcols.org\/wp-content\/uploads\/2025\/01\/carte-icone.png\",\"width\":250,\"height\":250,\"caption\":\"Club des Cent Cols\"},\"image\":{\"@id\":\"https:\/\/centcols.org\/#\/schema\/logo\/image\/\"},\"sameAs\":[\"https:\/\/www.facebook.com\/groups\/5261880558\/?locale=fr_FR\"]},{\"@type\":\"Person\",\"@id\":\"https:\/\/centcols.org\/#\/schema\/person\/19badcd698057e2dc29340586080b94f\",\"name\":\"Thierry Labour\",\"image\":{\"@type\":\"ImageObject\",\"inLanguage\":\"es\",\"@id\":\"https:\/\/centcols.org\/wp-content\/litespeed\/avatar\/0f2ad73ca12dd8b37b8d6dc4b7ca1e71.jpg?ver=1777205821\",\"url\":\"https:\/\/centcols.org\/wp-content\/litespeed\/avatar\/0f2ad73ca12dd8b37b8d6dc4b7ca1e71.jpg?ver=1777205821\",\"contentUrl\":\"https:\/\/centcols.org\/wp-content\/litespeed\/avatar\/0f2ad73ca12dd8b37b8d6dc4b7ca1e71.jpg?ver=1777205821\",\"caption\":\"Thierry Labour\"},\"url\":\"https:\/\/centcols.org\/es\/author\/5925\/\"}]}<\/script>\n<!-- \/ Yoast SEO plugin. -->","yoast_head_json":{"title":"Asamblea general del Club des Cent Cols en B\u00e9doin (Vaucluse) el 10 de noviembre de 2018 - Club des Cent Cols","robots":{"index":"index","follow":"follow","max-snippet":"max-snippet:-1","max-image-preview":"max-image-preview:large","max-video-preview":"max-video-preview:-1"},"canonical":"https:\/\/centcols.org\/es\/ag-2018-bedoin\/","og_locale":"es_ES","og_type":"article","og_title":"Assembl\u00e9e g\u00e9n\u00e9rale du Club des Cent Cols \u00e0 B\u00e9doin (Vaucluse) le 10 novembre 2018 - Club des Cent Cols","og_description":"Pr\u00e9sentation AG 2018, B\u00e9doin, samedi 10 novembre 2018 \u00e0 14 h 30 Vous pourrez vous inscrire pour l\u2019h\u00e9bergement \u00e0 partir de juin 2018 : C&rsquo;est dans ce sympathique village, au pied du G\u00e9ant de Provence, \u00e0 50 km \u00e0 l&rsquo;est d&rsquo;Avignon et 15 km de Carpentras, que nous tiendrons notre assembl\u00e9e g\u00e9n\u00e9rale 2018. L&rsquo;ensemble des [&hellip;]","og_url":"https:\/\/centcols.org\/es\/ag-2018-bedoin\/","og_site_name":"Club des Cent Cols","article_publisher":"https:\/\/www.facebook.com\/groups\/5261880558\/?locale=fr_FR","article_published_time":"2018-03-06T07:04:06+00:00","article_modified_time":"2025-09-02T09:09:58+00:00","og_image":[{"width":1628,"height":1024,"url":"https:\/\/centcols.org\/wp-content\/uploads\/2025\/05\/Bedoin-les-florans2.jpg","type":"image\/jpeg"}],"author":"Thierry Labour","twitter_card":"summary_large_image","twitter_misc":{"Escrito por":"Thierry Labour","Tiempo de lectura":"4 minutos"},"schema":{"@context":"https:\/\/schema.org","@graph":[{"@type":"Article","@id":"https:\/\/centcols.org\/ag-2018-bedoin\/#article","isPartOf":{"@id":"https:\/\/centcols.org\/ag-2018-bedoin\/"},"author":{"name":"Thierry Labour","@id":"https:\/\/centcols.org\/#\/schema\/person\/19badcd698057e2dc29340586080b94f"},"headline":"Assembl\u00e9e g\u00e9n\u00e9rale du Club des Cent Cols \u00e0 B\u00e9doin (Vaucluse) le 10 novembre 2018","datePublished":"2018-03-06T07:04:06+00:00","dateModified":"2025-09-02T09:09:58+00:00","mainEntityOfPage":{"@id":"https:\/\/centcols.org\/ag-2018-bedoin\/"},"wordCount":668,"publisher":{"@id":"https:\/\/centcols.org\/#organization"},"image":{"@id":"https:\/\/centcols.org\/ag-2018-bedoin\/#primaryimage"},"thumbnailUrl":"https:\/\/centcols.org\/wp-content\/uploads\/2025\/05\/Bedoin-les-florans2.jpg","articleSection":["Assembl\u00e9es g\u00e9n\u00e9rales","Calendrier"],"inLanguage":"es"},{"@type":"WebPage","@id":"https:\/\/centcols.org\/ag-2018-bedoin\/","url":"https:\/\/centcols.org\/ag-2018-bedoin\/","name":"Asamblea general del Club des Cent Cols en B\u00e9doin (Vaucluse) el 10 de noviembre de 2018 - Club des Cent Cols","isPartOf":{"@id":"https:\/\/centcols.org\/#website"},"primaryImageOfPage":{"@id":"https:\/\/centcols.org\/ag-2018-bedoin\/#primaryimage"},"image":{"@id":"https:\/\/centcols.org\/ag-2018-bedoin\/#primaryimage"},"thumbnailUrl":"https:\/\/centcols.org\/wp-content\/uploads\/2025\/05\/Bedoin-les-florans2.jpg","datePublished":"2018-03-06T07:04:06+00:00","dateModified":"2025-09-02T09:09:58+00:00","breadcrumb":{"@id":"https:\/\/centcols.org\/ag-2018-bedoin\/#breadcrumb"},"inLanguage":"es","potentialAction":[{"@type":"ReadAction","target":["https:\/\/centcols.org\/ag-2018-bedoin\/"]}]},{"@type":"ImageObject","inLanguage":"es","@id":"https:\/\/centcols.org\/ag-2018-bedoin\/#primaryimage","url":"https:\/\/centcols.org\/wp-content\/uploads\/2025\/05\/Bedoin-les-florans2.jpg","contentUrl":"https:\/\/centcols.org\/wp-content\/uploads\/2025\/05\/Bedoin-les-florans2.jpg","width":1628,"height":1024},{"@type":"BreadcrumbList","@id":"https:\/\/centcols.org\/ag-2018-bedoin\/#breadcrumb","itemListElement":[{"@type":"ListItem","position":1,"name":"Accueil","item":"https:\/\/centcols.org\/"},{"@type":"ListItem","position":2,"name":"Assembl\u00e9es g\u00e9n\u00e9rales","item":"https:\/\/centcols.org\/rubrique\/assemblees-generales\/"},{"@type":"ListItem","position":3,"name":"Assembl\u00e9e g\u00e9n\u00e9rale du Club des Cent Cols \u00e0 B\u00e9doin (Vaucluse) le 10 novembre 2018"}]},{"@type":"WebSite","@id":"https:\/\/centcols.org\/#website","url":"https:\/\/centcols.org\/","name":"Club des Cent Cols","description":"","publisher":{"@id":"https:\/\/centcols.org\/#organization"},"potentialAction":[{"@type":"SearchAction","target":{"@type":"EntryPoint","urlTemplate":"https:\/\/centcols.org\/?s={search_term_string}"},"query-input":{"@type":"PropertyValueSpecification","valueRequired":true,"valueName":"search_term_string"}}],"inLanguage":"es"},{"@type":"Organization","@id":"https:\/\/centcols.org\/#organization","name":"Club des Cent Cols","url":"https:\/\/centcols.org\/","logo":{"@type":"ImageObject","inLanguage":"es","@id":"https:\/\/centcols.org\/#\/schema\/logo\/image\/","url":"https:\/\/centcols.org\/wp-content\/uploads\/2025\/01\/carte-icone.png","contentUrl":"https:\/\/centcols.org\/wp-content\/uploads\/2025\/01\/carte-icone.png","width":250,"height":250,"caption":"Club des Cent Cols"},"image":{"@id":"https:\/\/centcols.org\/#\/schema\/logo\/image\/"},"sameAs":["https:\/\/www.facebook.com\/groups\/5261880558\/?locale=fr_FR"]},{"@type":"Person","@id":"https:\/\/centcols.org\/#\/schema\/person\/19badcd698057e2dc29340586080b94f","name":"Thierry Trabajo","image":{"@type":"ImageObject","inLanguage":"es","@id":"https:\/\/centcols.org\/wp-content\/litespeed\/avatar\/0f2ad73ca12dd8b37b8d6dc4b7ca1e71.jpg?ver=1777205821","url":"https:\/\/centcols.org\/wp-content\/litespeed\/avatar\/0f2ad73ca12dd8b37b8d6dc4b7ca1e71.jpg?ver=1777205821","contentUrl":"https:\/\/centcols.org\/wp-content\/litespeed\/avatar\/0f2ad73ca12dd8b37b8d6dc4b7ca1e71.jpg?ver=1777205821","caption":"Thierry Labour"},"url":"https:\/\/centcols.org\/es\/author\/5925\/"}]}},"_links":{"self":[{"href":"https:\/\/centcols.org\/es\/wp-json\/wp\/v2\/posts\/81971","targetHints":{"allow":["GET"]}}],"collection":[{"href":"https:\/\/centcols.org\/es\/wp-json\/wp\/v2\/posts"}],"about":[{"href":"https:\/\/centcols.org\/es\/wp-json\/wp\/v2\/types\/post"}],"author":[{"embeddable":true,"href":"https:\/\/centcols.org\/es\/wp-json\/wp\/v2\/users\/270"}],"replies":[{"embeddable":true,"href":"https:\/\/centcols.org\/es\/wp-json\/wp\/v2\/comments?post=81971"}],"version-history":[{"count":0,"href":"https:\/\/centcols.org\/es\/wp-json\/wp\/v2\/posts\/81971\/revisions"}],"wp:featuredmedia":[{"embeddable":true,"href":"https:\/\/centcols.org\/es\/wp-json\/wp\/v2\/media\/81972"}],"wp:attachment":[{"href":"https:\/\/centcols.org\/es\/wp-json\/wp\/v2\/media?parent=81971"}],"wp:term":[{"taxonomy":"category","embeddable":true,"href":"https:\/\/centcols.org\/es\/wp-json\/wp\/v2\/categories?post=81971"},{"taxonomy":"post_tag","embeddable":true,"href":"https:\/\/centcols.org\/es\/wp-json\/wp\/v2\/tags?post=81971"}],"curies":[{"name":"wp","href":"https:\/\/api.w.org\/{rel}","templated":true}]}}