{"id":81979,"date":"2018-04-27T16:30:02","date_gmt":"2018-04-27T14:30:02","guid":{"rendered":"https:\/\/centcols.org\/sejour-estival-a-saint-maurice-suisse-du-13-au-19-aout-2018\/"},"modified":"2025-08-29T22:16:12","modified_gmt":"2025-08-29T20:16:12","slug":"estancia-2018-saint-maurice","status":"publish","type":"post","link":"https:\/\/centcols.org\/es\/sejour-2018-saint-maurice\/","title":{"rendered":"Vacaciones de verano en Saint-Maurice (Suiza) del 13 al 19 de agosto de 2018"},"content":{"rendered":"<p>Todo el equipo suizo, los inform\u00e1ticos y los responsables del alojamiento han contribuido a esta p\u00e1gina de presentaci\u00f3n de la estancia.<\/p>\n\n\n\n<p>Programaci\u00f3n : <a href=\"https:\/\/centcols.org\/es\/video-st-maurice-2018\/\">V\u00eddeo de T\u00e9l\u00e9vision Suisse Romande<\/a> antes y durante el viaje.<\/p>\n\n\n<div class=\"wp-block-image wp-image-33105\">\n<figure class=\"aligncenter size-full is-resized\"><img loading=\"lazy\" decoding=\"async\" width=\"900\" height=\"1200\" src=\"https:\/\/centcols.org\/wp-content\/uploads\/2018\/04\/ville-ST-MAURICE.jpg\" alt=\"\" class=\"wp-image-88647\" style=\"width:auto;height:600px\" srcset=\"https:\/\/centcols.org\/wp-content\/uploads\/2018\/04\/ville-ST-MAURICE.jpg 900w, https:\/\/centcols.org\/wp-content\/uploads\/2018\/04\/ville-ST-MAURICE-768x1024.jpg 768w\" sizes=\"auto, (max-width: 900px) 100vw, 900px\" \/><figcaption class=\"wp-element-caption\">La ciudad de Saint-Maurice (\u00a9nicolassedlatchek.ch)<\/figcaption><\/figure>\n<\/div>\n\n\n<p>Una vez m\u00e1s, el Club propone unas vacaciones fuera de Francia, despu\u00e9s de Espa\u00f1a e Italia. Esta vez es a la regi\u00f3n franc\u00f3fona del Valais donde nuestros amigos suizos nos recibir\u00e1n el pr\u00f3ximo verano.<br>Est\u00e1 previsto que se celebre en Saint-Maurice, localidad de 4.500 habitantes situada a 418 m de altitud, del lunes 13 (bienvenida entre las 16.00 y las 17.45 horas) al domingo 19 de agosto de 2018 (despu\u00e9s del desayuno).<br>Este viaje, organizado por un equipo de miembros suizos, le permitir\u00e1 descubrir los puertos del Bajo Valais, as\u00ed como los de los cantones de Vaud y Friburgo. El puerto m\u00e1s alto del recorrido es el Col de Chassoure CH-VS-2739a y el m\u00e1s bajo es el Col du Prion CH-VS-915.<\/p>\n\n\n\n<h2 class=\"wp-block-heading\">Reuni\u00f3n anual<\/h2>\n\n\n\n<p>El encuentro anual del Club se celebrar\u00e1 en Morgins, en la frontera franco-suiza, en Pas de Morgins CH-VS-1369a el s\u00e1bado 18 de agosto de 2018.<\/p>\n\n\n<div class=\"wp-block-image alignnone wp-image-33165\">\n<figure class=\"aligncenter size-full is-resized\"><img loading=\"lazy\" decoding=\"async\" width=\"1200\" height=\"900\" src=\"https:\/\/centcols.org\/wp-content\/uploads\/2018\/04\/P1020103-LIEU-CONCENTRATION-1200x900-1.jpg\" alt=\"\" class=\"wp-image-88648\" style=\"width:800px\" srcset=\"https:\/\/centcols.org\/wp-content\/uploads\/2018\/04\/P1020103-LIEU-CONCENTRATION-1200x900-1.jpg 1200w, https:\/\/centcols.org\/wp-content\/uploads\/2018\/04\/P1020103-LIEU-CONCENTRATION-1200x900-1-768x576.jpg 768w\" sizes=\"auto, (max-width: 1200px) 100vw, 1200px\" \/><figcaption class=\"wp-element-caption\">(Lugar de reuni\u00f3n)<\/figcaption><\/figure>\n<\/div>\n\n\n<p>Encontrar\u00e1 las r\u00fabricas a continuaci\u00f3n:<\/p>\n\n\n\n<ul class=\"wp-block-list\">\n<li>Introducci\u00f3n a la regi\u00f3n<\/li>\n\n\n\n<li>En <a href=\"\/es\/membres\/cctours\/tours.php\/?lieu=St-Maurice&amp;an=2018\">circuitos<\/a><\/li>\n\n\n\n<li>Alojamiento<\/li>\n\n\n\n<li>Nota del Consejo de Administraci\u00f3n<\/li>\n\n\n\n<li>Inscripci\u00f3n, con mapa de situaci\u00f3n<\/li>\n\n\n\n<li>Otras actividades o visitas<\/li>\n\n\n\n<li>Cultura y cuestiones pr\u00e1cticas<\/li>\n<\/ul>\n\n\n\n<p>Ver tambi\u00e9n <a href=\"https:\/\/centcols.org\/les_rendez-vous\/2018\/StMaurice\/InfoSt-Maurice.pdf\">folleto informativo para los participantes<\/a>. Este es un extracto del folleto que se distribuir\u00e1 durante su estancia y que contiene, adem\u00e1s de mensajes de bienvenida, informaci\u00f3n sobre la regi\u00f3n, el acceso y la seguridad.<\/p>\n\n\n\n<h2 class=\"wp-block-heading\">Introducci\u00f3n a la regi\u00f3n<\/h2>\n\n\n\n<p>El cant\u00f3n de <strong>Valais<\/strong> est\u00e1 situada en el sur de Suiza, atravesada por el <strong>R\u00f3dano<\/strong> que se eleva a los pies del <strong>Paso de Furka<\/strong> (2431 m). Al principio, el R\u00f3dano fluye de este a oeste hasta Martigny. A continuaci\u00f3n, su curso se curva bruscamente hacia el norte. Tras atravesar un estrecho desfiladero en Saint-Maurice, desemboca en el lago Lem\u00e1n a la altura de Le Bouveret, en el municipio de Port-Valais.<\/p>\n\n\n\n<p>Nada menos que 46 picos alpinos de m\u00e1s de 4.000 metros de altitud se encuentran en el Valais, entre ellos el <strong>Cervino<\/strong> y el <strong>Punto Dufou<\/strong>r, el pico m\u00e1s alto de Suiza (<strong>4634 m).<br><\/strong>El cant\u00f3n cuenta con el glaciar m\u00e1s grande y largo de Europa: el <strong>Glaciar Aletsch<\/strong> declarado Patrimonio de la Humanidad por la UNESCO. Tiene unos 24 km de largo, con hielos de hasta 900 m de espesor en algunas zonas. Hay 680 glaciares en el cant\u00f3n, con un volumen total de 52.000 millones de m3 de hielo. Esto representa dos tercios del hielo de Suiza y un tercio del hielo de los Alpes, lo que confiere al cant\u00f3n una posici\u00f3n \u00fanica en la regi\u00f3n alpina.<\/p>\n\n\n\n<p>Cerrado por todas partes por altas cadenas monta\u00f1osas, a excepci\u00f3n de la desembocadura del R\u00f3dano en el goulet de <strong><a href=\"https:\/\/fr.wikipedia.org\/wiki\/Saint-Maurice_(Valais)\">Saint-Maurice<\/a>,<\/strong> el cant\u00f3n del Valais est\u00e1 aislado de sus vecinos. Sin embargo, estas barreras naturales pueden franquearse mediante puertos de gran altitud y t\u00faneles ferroviarios o de carretera. La red de carreteras une las ciudades y pueblos de la llanura, as\u00ed como los numerosos pueblos que salpican los valles perpendiculares al valle del R\u00f3dano. Las monta\u00f1as est\u00e1n atravesadas por varios puertos de gran altitud (a menudo superiores a 2000 metros): el Simplon, Grand-St-Bernard, Furka, Grimsel, Nufenen, Forclaz y <strong>No Morgins<\/strong>. La mayor\u00eda de estos pasos est\u00e1n cerrados durante el invierno. El Gran San Bernardo, sin embargo, a\u00fan puede atravesarse gracias al t\u00fanel del mismo nombre. La principal red ferroviaria atraviesa la llanura del R\u00f3dano. Las comunicaciones ferroviarias se han visto facilitadas por la excavaci\u00f3n de los largos t\u00faneles de L\u00f6tschberg, Simplon y Furka.<\/p>\n\n\n<div class=\"wp-block-image alignnone wp-image-33186 size-medium\">\n<figure class=\"aligncenter size-full is-resized\"><img loading=\"lazy\" decoding=\"async\" width=\"1200\" height=\"800\" src=\"https:\/\/centcols.org\/wp-content\/uploads\/2018\/04\/sanetsch_lac-1200x800-1.jpg\" alt=\"\" class=\"wp-image-88650\" style=\"width:800px\" srcset=\"https:\/\/centcols.org\/wp-content\/uploads\/2018\/04\/sanetsch_lac-1200x800-1.jpg 1200w, https:\/\/centcols.org\/wp-content\/uploads\/2018\/04\/sanetsch_lac-1200x800-1-768x512.jpg 768w\" sizes=\"auto, (max-width: 1200px) 100vw, 1200px\" \/><figcaption class=\"wp-element-caption\">(foto Andr\u00e9 Rudaz)<\/figcaption><\/figure>\n<\/div>\n\n<div class=\"wp-block-image\">\n<figure class=\"aligncenter size-full is-resized\"><img loading=\"lazy\" decoding=\"async\" width=\"1479\" height=\"1024\" src=\"https:\/\/centcols.org\/wp-content\/uploads\/2018\/04\/\u00a9tintinphotography_3-ST-MAURICE-copie.jpg\" alt=\"\" class=\"wp-image-88652\" style=\"width:800px\" srcset=\"https:\/\/centcols.org\/wp-content\/uploads\/2018\/04\/\u00a9tintinphotography_3-ST-MAURICE-copie.jpg 1479w, https:\/\/centcols.org\/wp-content\/uploads\/2018\/04\/\u00a9tintinphotography_3-ST-MAURICE-copie-1200x831.jpg 1200w, https:\/\/centcols.org\/wp-content\/uploads\/2018\/04\/\u00a9tintinphotography_3-ST-MAURICE-copie-768x532.jpg 768w\" sizes=\"auto, (max-width: 1479px) 100vw, 1479px\" \/><\/figure>\n<\/div>\n\n<div class=\"wp-block-image\">\n<figure class=\"aligncenter size-full is-resized\"><img loading=\"lazy\" decoding=\"async\" width=\"1200\" height=\"801\" src=\"https:\/\/centcols.org\/wp-content\/uploads\/2018\/04\/Col_du_Grand_Saint_Bernard.jpg\" alt=\"\" class=\"wp-image-88653\" style=\"width:800px\" srcset=\"https:\/\/centcols.org\/wp-content\/uploads\/2018\/04\/Col_du_Grand_Saint_Bernard.jpg 1200w, https:\/\/centcols.org\/wp-content\/uploads\/2018\/04\/Col_du_Grand_Saint_Bernard-768x513.jpg 768w\" sizes=\"auto, (max-width: 1200px) 100vw, 1200px\" \/><\/figure>\n<\/div>\n\n<div class=\"wp-block-image alignnone size-medium wp-image-33123\">\n<figure class=\"aligncenter size-full is-resized\"><img loading=\"lazy\" decoding=\"async\" width=\"1200\" height=\"675\" src=\"https:\/\/centcols.org\/wp-content\/uploads\/2018\/04\/full-JBB_5939-\u00a9-jbbieuville-MORGINS-1200x675-1.jpg\" alt=\"\" class=\"wp-image-88655\" style=\"width:800px\" srcset=\"https:\/\/centcols.org\/wp-content\/uploads\/2018\/04\/full-JBB_5939-\u00a9-jbbieuville-MORGINS-1200x675-1.jpg 1200w, https:\/\/centcols.org\/wp-content\/uploads\/2018\/04\/full-JBB_5939-\u00a9-jbbieuville-MORGINS-1200x675-1-768x432.jpg 768w\" sizes=\"auto, (max-width: 1200px) 100vw, 1200px\" \/><figcaption class=\"wp-element-caption\">Saint-Maurice, Col du Grand Saint Bernard, Col du Sanetsch, Morgins. (fotos \u00a9tintinphotography, \u00a9 jbbieuville)<\/figcaption><\/figure>\n<\/div>\n\n\n<h2 class=\"wp-block-heading\"><a href=\"\/es\/membres\/cctours\/tours.php\/?lieu=St-Maurice&amp;an=2018\">Visitas<\/a><\/h2>\n\n\n\n<p>Cada d\u00eda hay un circuito de carretera y otro de bicicleta de monta\u00f1a.<\/p>\n\n\n\n<p>Algunos <a href=\"\/es\/membres\/cctours\/tours.php\/?lieu=St-Maurice&amp;an=2018&amp;genre=R\">rutas por carretera<\/a> partir\u00e1 de Saint-Maurice. Los dem\u00e1s, as\u00ed como el <a href=\"\/es\/membres\/cctours\/tours.php\/?lieu=St-Maurice&amp;an=2018&amp;genre=V\">senderos para bicicletas de monta\u00f1a<\/a> tendr\u00e1n una salida que requerir\u00e1 un veh\u00edculo para el trayecto (m\u00e1x. 45 minutos). Hay varios forfaits en el programa, entre ellos dos forfaits \u00ab2000\u00bb de carretera (Grand St-Bernard y Sanetsch) y una veintena de forfaits \u00ab2000\u00bb de mula. Para quienes deseen prolongar su estancia en la regi\u00f3n, se han a\u00f1adido al programa varias rutas sin fechas fijas.<\/p>\n\n\n\n<h2 class=\"wp-block-heading\">Alojamiento<\/h2>\n\n\n\n<div class=\"wp-block-columns is-layout-flex wp-container-core-columns-is-layout-9d6595d7 wp-block-columns-is-layout-flex\">\n<div class=\"wp-block-column is-layout-flow wp-block-column-is-layout-flow\" style=\"flex-basis:66.66%\">\n<p>Nos alojaremos en el\u2019<strong>Hospeder\u00eda franciscana,<\/strong> dirigido por frailes franciscanos y personal laico. La capacidad es de\u2019<strong>unas 90 personas<\/strong>. Si hay m\u00e1s miembros del CC interesados, podemos alojar hasta treinta personas m\u00e1s en un hotel cercano al mismo precio si nos inscribimos con suficiente antelaci\u00f3n. Por eso le instamos a que se inscriba lo antes posible. Para quienes deseen <strong>llegar antes o salir m\u00e1s tarde<\/strong>, Se ha negociado una tarifa de 60 CHF por persona y noche + buffet PD (contactar \u00fanicamente por tel\u00e9fono o correo electr\u00f3nico).<\/p>\n\n\n<div class=\"wp-block-image\">\n<figure class=\"aligncenter size-full is-resized\"><img loading=\"lazy\" decoding=\"async\" width=\"1200\" height=\"900\" src=\"https:\/\/centcols.org\/wp-content\/uploads\/2018\/04\/P1020076-HOTELLERIE-1200x900-1.jpg\" alt=\"\" class=\"wp-image-88656\" style=\"width:600px\" srcset=\"https:\/\/centcols.org\/wp-content\/uploads\/2018\/04\/P1020076-HOTELLERIE-1200x900-1.jpg 1200w, https:\/\/centcols.org\/wp-content\/uploads\/2018\/04\/P1020076-HOTELLERIE-1200x900-1-768x576.jpg 768w\" sizes=\"auto, (max-width: 1200px) 100vw, 1200px\" \/><\/figure>\n<\/div><\/div>\n\n\n\n<div class=\"wp-block-column is-layout-flow wp-block-column-is-layout-flow\" style=\"flex-basis:33.33%\">\n<div style=\"height:195px\" aria-hidden=\"true\" class=\"wp-block-spacer\"><\/div>\n\n\n\n<h2 class=\"wp-block-heading\">Nota del Consejo de Administraci\u00f3n<\/h2>\n\n\n\n<p>Si organiza su alojamiento en otro lugar que no sea la ciudad de vacaciones, le rogamos que nos informe de que va a participar en las vacaciones, por 3 razones:<\/p>\n\n\n\n<ol class=\"wp-block-list\">\n<li>Poder dimensionar correctamente los actos conjuntos (sesiones informativas, fiestas de bienvenida y despedida).<\/li>\n\n\n\n<li>Poder dividirse en varios grupos en las rutas para mejorar la seguridad de todos.<\/li>\n\n\n\n<li>Ayudar a los organizadores a hacer frente a cualquier imprevisto.<\/li>\n<\/ol>\n<\/div>\n<\/div>\n\n\n\n<p><br><strong>Hospeder\u00eda franciscana,<\/strong> rue Antoine de Quart\u00e9ry 1, 1890 SAINT-MAURICE, CH.              Tel : +41 (0)24 486 11 11&nbsp; &nbsp; <a href=\"http:\/\/www.hotellerie-franciscaine.ch\/cms3\/fr\/\" target=\"_blank\" rel=\"noreferrer noopener\">P\u00e1gina web<\/a><\/p>\n\n\n\n<p>Para quienes deseen alojarse en <strong>camping o autocaravana<\/strong>, Aqu\u00ed tiene una lista de campings cercanos. Est\u00e1 prohibido aparcar autocaravanas en el aparcamiento de la H\u00f4tellerie.<\/p>\n\n\n<div class=\"wp-block-image wp-image-33193 size-large\">\n<figure class=\"aligncenter size-full\"><img loading=\"lazy\" decoding=\"async\" width=\"1746\" height=\"248\" src=\"https:\/\/centcols.org\/wp-content\/uploads\/2018\/04\/Liste-camping-St-Maurice.png\" alt=\"\" class=\"wp-image-88660\" srcset=\"https:\/\/centcols.org\/wp-content\/uploads\/2018\/04\/Liste-camping-St-Maurice.png 1746w, https:\/\/centcols.org\/wp-content\/uploads\/2018\/04\/Liste-camping-St-Maurice-1200x170.png 1200w, https:\/\/centcols.org\/wp-content\/uploads\/2018\/04\/Liste-camping-St-Maurice-768x109.png 768w, https:\/\/centcols.org\/wp-content\/uploads\/2018\/04\/Liste-camping-St-Maurice-1536x218.png 1536w\" sizes=\"auto, (max-width: 1746px) 100vw, 1746px\" \/><figcaption class=\"wp-element-caption\">Lista de campings, Saint-Maurice en negrita.<\/figcaption><\/figure>\n<\/div>\n\n\n<p>Ya puede reservar en el camping Saint-Maurice por tel\u00e9fono o en la p\u00e1gina web. El pago se efectuar\u00e1 el d\u00eda de llegada.<\/p>\n\n\n\n<h2 class=\"wp-block-heading\">Inscripciones<\/h2>\n\n\n\n<p>Para inscribirse, descargue el formulario de inscripci\u00f3n en PDF con el siguiente enlace y siga las instrucciones que figuran en \u00e9l. La fecha l\u00edmite para la recepci\u00f3n de inscripciones es el 31 de marzo de 2018.<\/p>\n\n\n\n<p>Nota: Los afiliados suizos pueden <strong>pagar en CHF<\/strong> inscribi\u00e9ndose directamente en Pierre Mai.<\/p>\n\n\n\n<p>Descargar el formulario de inscripci\u00f3n de Saint Maurice 2018<br>M\u00f3dulo de inscripci\u00f3n<br>Formulario de reserva<\/p>\n\n\n\n<h2 class=\"wp-block-heading\">Otras actividades o visitas<\/h2>\n\n\n\n<p>Se ofrecer\u00e1 una amplia gama de excursiones y paseos.<\/p>\n\n\n\n<h3 class=\"wp-block-heading\"><strong>En Saint-Maurice<\/strong><\/h3>\n\n\n\n<h4 class=\"wp-block-heading\">La Gruta de las Hadas<\/h4>\n\n\n\n<p>Situado en lo alto de Saint-Maurice, el <a href=\"http:\/\/www.grotteauxfees.ch\/\" target=\"_blank\" rel=\"noreferrer noopener\">Gruta de las hadas<\/a> domina el valle del R\u00f3dano. Fue la primera cueva tur\u00edstica de Suiza abierta al p\u00fablico, y desde hace m\u00e1s de un siglo ofrece un maravilloso espect\u00e1culo natural cuyos principales protagonistas -la piedra y el agua- se nutren de la imaginaci\u00f3n del hombre para hacer inolvidable este viaje a las entra\u00f1as de la tierra.<br>Tras un recorrido did\u00e1ctico de medio kil\u00f3metro por una galer\u00eda iluminada, el paseo subterr\u00e1neo alcanza su punto culminante cuando los visitantes ven un peque\u00f1o lago alimentado por una vertiginosa cascada.<\/p>\n\n\n\n<h4 class=\"wp-block-heading\">Fortaleza hist\u00f3rica<\/h4>\n\n\n\n<p>La hist\u00f3rica fortaleza de Saint-Maurice comprende tres fuertes - Cindey, Scex (VS) y Dailly (VD) - construidos entre la Primera y la Segunda Guerra Mundial. Estas fortificaciones, de importancia estrat\u00e9gica en Europa, ofrecen a los visitantes un magn\u00edfico resumen de casi 500 a\u00f1os de desarrollo de la fortificaci\u00f3n, que culmin\u00f3 en el apogeo de la fortificaci\u00f3n en Suiza. Estas estructuras militares permit\u00edan a veces a varios centenares de hombres vivir hasta tres meses con total autonom\u00eda.<br>La visita recorre el armamento (ca\u00f1ones de torreta de 7,5 cm, 10,5 cm y 15 cm, etc.), los alojamientos de la guarnici\u00f3n y las tiendas de municiones, as\u00ed como la historia, a veces tr\u00e1gica, de estas legendarias galer\u00edas subterr\u00e1neas (una explosi\u00f3n en una tienda de municiones en 1946 mat\u00f3 a diez personas). <em>(Fuente: Wikipedia.)<\/em><\/p>\n\n\n\n<h4 class=\"wp-block-heading\">Castillo de Saint-Maurice<\/h4>\n\n\n\n<p>Construido a finales del siglo XV y completamente destruido por un incendio a finales del siglo XVII, el castillo de Saint-Maurice est\u00e1 convenientemente situado como una esclusa a la entrada del valle del R\u00f3dano. Ha servido sucesivamente de sede del gobernador, cuartel de guardia y aduana y, entre los siglos XVIII y XIX, de orfanato, residencia de ancianos, escuela militar, cuartel de tropas y prisi\u00f3n. En el siglo XX, se volvi\u00f3 menos activo pero m\u00e1s abierto al p\u00fablico en general y, tras una importante renovaci\u00f3n en la d\u00e9cada de 1970, se convirti\u00f3 en el Museo Militar Cantonal del Valais.<\/p>\n\n\n<div class=\"wp-block-image alignnone size-medium wp-image-33114\">\n<figure class=\"aligncenter size-full is-resized\"><img loading=\"lazy\" decoding=\"async\" width=\"1200\" height=\"801\" src=\"https:\/\/centcols.org\/wp-content\/uploads\/2018\/04\/\u00a9www.cparide.ch_chateau-ST-MAURICE-1200x801-1.jpg\" alt=\"\" class=\"wp-image-88662\" style=\"width:800px\" srcset=\"https:\/\/centcols.org\/wp-content\/uploads\/2018\/04\/\u00a9www.cparide.ch_chateau-ST-MAURICE-1200x801-1.jpg 1200w, https:\/\/centcols.org\/wp-content\/uploads\/2018\/04\/\u00a9www.cparide.ch_chateau-ST-MAURICE-1200x801-1-768x513.jpg 768w\" sizes=\"auto, (max-width: 1200px) 100vw, 1200px\" \/><figcaption class=\"wp-element-caption\">(foto \u00a9www.cparide.ch)<\/figcaption><\/figure>\n<\/div>\n\n\n<p>Le <a href=\"http:\/\/http\/\/www.chateau-stmaurice.ch\" target=\"_blank\" rel=\"noreferrer noopener\">castillo<\/a> es hoy un lugar de recepciones del Consejo de Estado del Valais, as\u00ed como un espacio de exposici\u00f3n dedicado a dibujos, caricaturas de prensa y c\u00f3mics. Un gui\u00f1o al famoso pintor Turner (1775-1851), que en una ocasi\u00f3n se detuvo frente al castillo para pintar un retrato rom\u00e1ntico.<\/p>\n\n\n\n<h4 class=\"wp-block-heading\">Abad\u00eda de San Mauricio<\/h4>\n\n\n\n<p>1500 a\u00f1os de historia.<br>La historia cristiana de Agaune comenz\u00f3 hacia el a\u00f1o 300 d.C. con el martirio de San Mauricio y sus compa\u00f1eros de la Legi\u00f3n Tebana, en un lugar llamado V\u00e9rolliez. Estos soldados cristianos, procedentes de Egipto, formaban parte del ej\u00e9rcito de Maximiano que se dirig\u00eda al Rin.<br>Maurice, Exup\u00e8re, Innocent, Candide y sus compa\u00f1eros rechazaron las imp\u00edas \u00f3rdenes del emperador. Fueron masacrados y enterrados all\u00ed mismo. La Pasi\u00f3n de los m\u00e1rtires de Agaune, del obispo Eucher de Lyon, atribuye estas palabras a Mauricio:<br>\u00abSomos tus soldados, oh Emperador, pero sobre todo siervos de Dios. Te debemos obediencia militar, pero a \u00e9l le debemos inocencia. Preferimos morir inocentes que vivir culpables.<br>Hacia 380, Te\u00f3dulo, el primer obispo conocido del Valais, traslad\u00f3 los restos de los m\u00e1rtires bajo el acantilado y construy\u00f3 la primera bas\u00edlica en su honor.<br>En 515, el rey Segismundo abri\u00f3 nuevos caminos al introducir la alabanza perpetua en Agaune. Esta oraci\u00f3n continua, 24 horas al d\u00eda, se prolong\u00f3 hasta alrededor del a\u00f1o 1000, sin dejar muchas huellas escritas. En 824, los monjes fueron sustituidos por&nbsp;<a href=\"http:\/\/www.abbaye-stmaurice.ch\/page.php?label=chanoines\">c\u00e1nones<\/a>, que segu\u00eda la Regla de San Agust\u00edn desde 1128.<br>Reyes y pr\u00edncipes dieron a la abad\u00eda un aura internacional, buscando beneficiarse de ella, pero tambi\u00e9n colm\u00e1ndola de regalos en honor de los santos m\u00e1rtires. Los siglos XII y XIII fueron una \u00e9poca dorada para la Abad\u00eda.&nbsp;<a href=\"http:\/\/www.abbaye-stmaurice.ch\/page.php?label=tresor\">Tesoro<\/a>&nbsp;reliquias.<\/p>\n\n\n<div class=\"wp-block-image\">\n<figure class=\"aligncenter size-full is-resized\"><img loading=\"lazy\" decoding=\"async\" width=\"1200\" height=\"801\" src=\"https:\/\/centcols.org\/wp-content\/uploads\/2018\/04\/\u00a9www.cparide.ch_abbaye-ST-MAURICE-copie-1200x801-1.jpg\" alt=\"\" class=\"wp-image-88663\" style=\"width:800px\" srcset=\"https:\/\/centcols.org\/wp-content\/uploads\/2018\/04\/\u00a9www.cparide.ch_abbaye-ST-MAURICE-copie-1200x801-1.jpg 1200w, https:\/\/centcols.org\/wp-content\/uploads\/2018\/04\/\u00a9www.cparide.ch_abbaye-ST-MAURICE-copie-1200x801-1-768x513.jpg 768w\" sizes=\"auto, (max-width: 1200px) 100vw, 1200px\" \/><\/figure>\n<\/div>\n\n\n<p>A lo largo de su historia, <a href=\"http:\/\/www.abbaye-stmaurice.ch\/\" target=\"_blank\" rel=\"noreferrer noopener\">La Abad\u00eda<\/a> vivi\u00f3 al ritmo de unos acontecimientos que nunca amenazaron su supervivencia. La Reforma se detuvo a las puertas del monasterio. Los incendios y la ca\u00edda de rocas obligaron a reconstruirlo. La Revoluci\u00f3n, inicialmente amenazadora, permiti\u00f3 finalmente la apertura del Colegio de la Abad\u00eda en 1806.<\/p>\n\n\n\n<h2 class=\"wp-block-heading\">Lugares que visitar en la regi\u00f3n<\/h2>\n\n\n\n<ul class=\"wp-block-list\">\n<li><a href=\"https:\/\/www.bains-lavey.ch\/fr\/\" target=\"_blank\" rel=\"noreferrer noopener\">LAVEY-LES BAINS<\/a><\/li>\n\n\n\n<li><a href=\"https:\/\/www.chillon.ch\/\" target=\"_blank\" rel=\"noreferrer noopener\">CASTILLO DE CHILL\u00d3N<\/a><\/li>\n\n\n\n<li><a href=\"https:\/\/www.chillon.ch\/\" target=\"_blank\" rel=\"noreferrer noopener\">CASTILLO DE CHILL\u00d3N<\/a><\/li>\n\n\n\n<li><a href=\"http:\/\/www.seldesalpes.ch\/\" target=\"_blank\" rel=\"noreferrer noopener\">SALINES DE BEX<\/a><\/li>\n\n\n\n<li><a href=\"http:\/\/www.gianadda.ch\/\" target=\"_blank\" rel=\"noreferrer noopener\">FUNDACI\u00d3N GIANADA<\/a><\/li>\n\n\n\n<li><a href=\"http:\/\/www.zoo-alpin.ch\/fr\/piscine.html\" target=\"_blank\" rel=\"noreferrer noopener\">MAR\u00c9COTTES<\/a><\/li>\n\n\n\n<li><a href=\"http:\/\/www.martigny-region.ch\/tourisme\/office-tourisme-saint-maurice-21.html\" target=\"_blank\" rel=\"noreferrer noopener\">OFICINA DE TURISMO<\/a> de Saint-Maurice<\/li>\n\n\n\n<li><a href=\"http:\/\/fr.uci.ch\/wcc\/about\/centre-mondial-cyclisme\/\" target=\"_blank\" rel=\"noreferrer noopener\">CENTRO MUNDIAL DEL CICLISMO<\/a>, en AIGLE<\/li>\n\n\n\n<li><a href=\"http:\/\/www.lac-souterrain.com\/\" target=\"_blank\" rel=\"noreferrer noopener\">LAC SAINT-L\u00c9ONARD<\/a><\/li>\n\n\n\n<li><a href=\"http:\/\/www.cgn.ch\/fr-CH\" target=\"_blank\" rel=\"noreferrer noopener\">CRUCERO POR EL LAGO LEMAN<\/a><\/li>\n\n\n\n<li><a href=\"https:\/\/www.fondation-barry.ch\/fr\/bienvenue-au-mus\u00e9e-des-saint-bernard\" target=\"_blank\" rel=\"noreferrer noopener\">BARRYLAND<\/a> - MUSEO Y PERROS DE SAN BERNARDO<\/li>\n\n\n\n<li><a href=\"http:\/\/www.aigle.ch\/N2077\/chateau-d-aigle.html\" target=\"_blank\" rel=\"noreferrer noopener\">CASTILLO DE AIGLE<\/a><\/li>\n\n\n\n<li>MUSEO CHAPLIN (El mundo de Chaplin) - route de Fenil 2 - 1804 Corsier-sur-Vevey<\/li>\n<\/ul>\n\n\n\n<h2 class=\"wp-block-heading\">Cultura y cuestiones pr\u00e1cticas<\/h2>\n\n\n\n<p>Una vez m\u00e1s, vamos a visitar un pa\u00eds extranjero cuyas costumbres pueden sorprendernos. Es importante recordar que en la Suiza franc\u00f3fona (y no en la Suiza franc\u00f3fona) hablamos franc\u00e9s con un vocabulario espec\u00edfico del pa\u00eds, conocido como helv\u00e9tismes. Se trata de palabras y expresiones suizas que deber\u00e1 aprender (cornet, natel, caissier, etc.). Durante el discurso de bienvenida se le presentar\u00e1 una breve lista de otros usos ling\u00fc\u00edsticos.<\/p>\n\n\n\n<p>Y no lo olvide: estas palabras existen de verdad, y estamos hablando de la lengua francesa - regional, quiz\u00e1s, \u00a1pero tan v\u00e1lida como el Hex\u00e1gono! As\u00ed que abra los o\u00eddos y los ojos, comparta y no juzgue.<\/p>\n\n\n\n<p>El Valais es un cant\u00f3n cat\u00f3lico y el respeto de las pr\u00e1cticas y la fe es importante, sobre todo en la zona donde nos alojamos.<br>En algunos restaurantes, el agua en garrafa se considera un servicio en s\u00ed mismo y suele ser de pago (no es el caso de la H\u00f4tellerie Franciscaine). Por otro lado, hay muchos puntos de agua potable y el agua del grifo es excelente en todas partes.<\/p>\n\n\n\n<p>En Suiza, el cumplimiento de la normativa es estricto y cualquier infracci\u00f3n est\u00e1 mal vista y puede ser sancionada.<\/p>\n\n\n\n<p>Los ciclistas deben utilizar los carriles bici. En bicicleta de monta\u00f1a, es importante respetar las zonas de prohibici\u00f3n de paso y los peatones siempre tienen prioridad.<\/p>\n\n\n\n<p>Respete las normas de tr\u00e1fico: las multas transfronterizas son una realidad a ambos lados de la frontera.<\/p>\n\n\n\n<p>Por supuesto, el respeto a la naturaleza es primordial, y no puedes tirar ning\u00fan residuo, pero tambi\u00e9n puedes disfrutar de productos ecol\u00f3gicos y evitar dejar el motor del coche encendido cuando no lo est\u00e9s utilizando.<\/p>\n\n\n\n<p>Estaremos fuera de la zona euro, as\u00ed que si paga en efectivo (no se aceptan cheques), aseg\u00farese de tener francos suizos, pues de lo contrario corre el riesgo de que le cobren un tipo de cambio desfavorable y tenga que devolver el dinero en francos suizos. Las tarjetas de cr\u00e9dito se aceptan en casi todas partes. No olvides preguntar por el tipo de cambio cuando llegues, pero ten en cuenta que, a partir del 1 de enero, el tipo de cambio para el franco suizo es el mismo que para el franco suizo.<sup>er<\/sup> A 1 de enero de 2018, el tipo de cambio era de 1,17 francos suizos por 1 euro.<\/p>\n\n\n\n<p>En caso de enfermedad o accidente, Suiza reconoce la Tarjeta Sanitaria Europea.<\/p>\n\n\n\n<p>Enchufes el\u00e9ctricos: los enchufes en Suiza son un poco diferentes a los de Francia. Mientras que no hay problema con los enchufes macho de 2 clavijas para nuestros peque\u00f1os electrodom\u00e9sticos, que podemos conectar sin dificultad, necesitaremos utilizar un adaptador para los enchufes con toma de tierra.<\/p>\n\n\n\n<figure class=\"wp-block-gallery has-nested-images columns-default is-cropped wp-block-gallery-1 is-layout-flex wp-block-gallery-is-layout-flex\">\n<figure class=\"wp-block-image size-full\"><a href=\"https:\/\/centcols.org\/wp-content\/uploads\/2018\/04\/20180226_111654-768x881-1.jpg\"><img loading=\"lazy\" decoding=\"async\" width=\"768\" height=\"881\" data-id=\"88665\" src=\"https:\/\/centcols.org\/wp-content\/uploads\/2018\/04\/20180226_111654-768x881-1.jpg\" alt=\"\" class=\"wp-image-88665\"\/><\/a><\/figure>\n\n\n\n<figure class=\"wp-block-image size-thumbnail\"><a href=\"https:\/\/centcols.org\/wp-content\/uploads\/2018\/04\/20180226_112005-768x760-1.jpg\"><img loading=\"lazy\" decoding=\"async\" width=\"150\" height=\"150\" data-id=\"88666\" src=\"https:\/\/centcols.org\/wp-content\/uploads\/2018\/04\/20180226_112005-768x760-1-150x150.jpg\" alt=\"\" class=\"wp-image-88666\"\/><\/a><\/figure>\n<\/figure>\n\n\n\n<p>El acceso por autopista est\u00e1 sujeto a la compra de una \u00abvi\u00f1eta\u00bb en la frontera, que cuesta 40 CHF para el a\u00f1o en curso y es v\u00e1lida en todo el pa\u00eds. Es posible llegar a Saint-Maurice sin vi\u00f1eta por la orilla sur del lago Lem\u00e1n (por Thonon y Evian) o por el Pas de Morgins, pero en este caso no podr\u00e1 utilizar las autopistas durante su estancia.<\/p>\n\n\n\n<p>Ten en cuenta que en Suiza, desde 2015, los coches deben circular con los faros encendidos, lo que debe hacerse manualmente en el caso de los coches no equipados con el sistema autom\u00e1tico.<\/p>","protected":false},"excerpt":{"rendered":"<p>Ont contribu\u00e9 \u00e0 cette page de pr\u00e9sentation du s\u00e9jour toute l&rsquo;\u00e9quipe suisse, les responsables informatique et s\u00e9jour. \u00c0 voir : vid\u00e9o de la T\u00e9l\u00e9vision Suisse Romande tourn\u00e9e avant et \u00e0 l&rsquo;occasion de ce s\u00e9jour. Une nouvelle fois, le Club propose un s\u00e9jour hors de France, apr\u00e8s l&rsquo;Espagne et l&rsquo;Italie. Cette fois-ci c&rsquo;est dans le Valais [&hellip;]<\/p>\n","protected":false},"author":3,"featured_media":81980,"comment_status":"closed","ping_status":"closed","sticky":false,"template":"","format":"standard","meta":{"_acf_changed":false,"footnotes":""},"categories":[361,135,402,409,231],"tags":[],"class_list":["post-81979","post","type-post","status-publish","format-standard","has-post-thumbnail","hentry","category-suisse-pays-sejours","category-calendrier","category-valais","category-alpes-valaisannes","category-sejours"],"acf":[],"yoast_head":"<!-- This site is optimized with the Yoast SEO plugin v27.2 - https:\/\/yoast.com\/product\/yoast-seo-wordpress\/ -->\n<title>S\u00e9jour estival \u00e0 Saint-Maurice (Suisse) du 13 au 19 ao\u00fbt 2018 - Club des Cent Cols<\/title>\n<meta name=\"robots\" content=\"index, follow, max-snippet:-1, max-image-preview:large, max-video-preview:-1\" \/>\n<link rel=\"canonical\" href=\"https:\/\/centcols.org\/es\/estancia-2018-saint-maurice\/\" \/>\n<meta property=\"og:locale\" content=\"es_ES\" \/>\n<meta property=\"og:type\" content=\"article\" \/>\n<meta property=\"og:title\" content=\"S\u00e9jour estival \u00e0 Saint-Maurice (Suisse) du 13 au 19 ao\u00fbt 2018 - Club des Cent Cols\" \/>\n<meta property=\"og:description\" content=\"Ont contribu\u00e9 \u00e0 cette page de pr\u00e9sentation du s\u00e9jour toute l&rsquo;\u00e9quipe suisse, les responsables informatique et s\u00e9jour. \u00c0 voir : vid\u00e9o de la T\u00e9l\u00e9vision Suisse Romande tourn\u00e9e avant et \u00e0 l&rsquo;occasion de ce s\u00e9jour. Une nouvelle fois, le Club propose un s\u00e9jour hors de France, apr\u00e8s l&rsquo;Espagne et l&rsquo;Italie. Cette fois-ci c&rsquo;est dans le Valais [&hellip;]\" \/>\n<meta property=\"og:url\" content=\"https:\/\/centcols.org\/es\/estancia-2018-saint-maurice\/\" \/>\n<meta property=\"og:site_name\" content=\"Club des Cent Cols\" \/>\n<meta property=\"article:publisher\" content=\"https:\/\/www.facebook.com\/groups\/5261880558\/?locale=fr_FR\" \/>\n<meta property=\"article:published_time\" content=\"2018-04-27T14:30:02+00:00\" \/>\n<meta property=\"article:modified_time\" content=\"2025-08-29T20:16:12+00:00\" \/>\n<meta property=\"og:image\" content=\"https:\/\/centcols.org\/wp-content\/uploads\/2025\/05\/\u00a9nicolassedlatchek.ch_ville-ST-MAURICE.jpg\" \/>\n\t<meta property=\"og:image:width\" content=\"1280\" \/>\n\t<meta property=\"og:image:height\" content=\"1706\" \/>\n\t<meta property=\"og:image:type\" content=\"image\/jpeg\" \/>\n<meta name=\"author\" content=\"Webmestre\" \/>\n<meta name=\"twitter:card\" content=\"summary_large_image\" \/>\n<meta name=\"twitter:label1\" content=\"Escrito por\" \/>\n\t<meta name=\"twitter:data1\" content=\"Webmestre\" \/>\n\t<meta name=\"twitter:label2\" content=\"Tiempo de lectura\" \/>\n\t<meta name=\"twitter:data2\" content=\"15 minutos\" \/>\n<script type=\"application\/ld+json\" class=\"yoast-schema-graph\">{\"@context\":\"https:\/\/schema.org\",\"@graph\":[{\"@type\":\"Article\",\"@id\":\"https:\/\/centcols.org\/sejour-2018-saint-maurice\/#article\",\"isPartOf\":{\"@id\":\"https:\/\/centcols.org\/sejour-2018-saint-maurice\/\"},\"author\":{\"name\":\"Webmestre\",\"@id\":\"https:\/\/centcols.org\/#\/schema\/person\/911b404fb133d8c913dd27cdcf71c8e5\"},\"headline\":\"S\u00e9jour estival \u00e0 Saint-Maurice (Suisse) du 13 au 19 ao\u00fbt 2018\",\"datePublished\":\"2018-04-27T14:30:02+00:00\",\"dateModified\":\"2025-08-29T20:16:12+00:00\",\"mainEntityOfPage\":{\"@id\":\"https:\/\/centcols.org\/sejour-2018-saint-maurice\/\"},\"wordCount\":2576,\"publisher\":{\"@id\":\"https:\/\/centcols.org\/#organization\"},\"image\":{\"@id\":\"https:\/\/centcols.org\/sejour-2018-saint-maurice\/#primaryimage\"},\"thumbnailUrl\":\"https:\/\/centcols.org\/wp-content\/uploads\/2025\/05\/\u00a9nicolassedlatchek.ch_ville-ST-MAURICE.jpg\",\"articleSection\":[\"Suisse\",\"Calendrier\",\"Valais\",\"Alpes valaisannes\",\"S\u00e9jours du Club des Cent Cols\"],\"inLanguage\":\"es\"},{\"@type\":\"WebPage\",\"@id\":\"https:\/\/centcols.org\/sejour-2018-saint-maurice\/\",\"url\":\"https:\/\/centcols.org\/sejour-2018-saint-maurice\/\",\"name\":\"S\u00e9jour estival \u00e0 Saint-Maurice (Suisse) du 13 au 19 ao\u00fbt 2018 - Club des Cent Cols\",\"isPartOf\":{\"@id\":\"https:\/\/centcols.org\/#website\"},\"primaryImageOfPage\":{\"@id\":\"https:\/\/centcols.org\/sejour-2018-saint-maurice\/#primaryimage\"},\"image\":{\"@id\":\"https:\/\/centcols.org\/sejour-2018-saint-maurice\/#primaryimage\"},\"thumbnailUrl\":\"https:\/\/centcols.org\/wp-content\/uploads\/2025\/05\/\u00a9nicolassedlatchek.ch_ville-ST-MAURICE.jpg\",\"datePublished\":\"2018-04-27T14:30:02+00:00\",\"dateModified\":\"2025-08-29T20:16:12+00:00\",\"breadcrumb\":{\"@id\":\"https:\/\/centcols.org\/sejour-2018-saint-maurice\/#breadcrumb\"},\"inLanguage\":\"es\",\"potentialAction\":[{\"@type\":\"ReadAction\",\"target\":[\"https:\/\/centcols.org\/sejour-2018-saint-maurice\/\"]}]},{\"@type\":\"ImageObject\",\"inLanguage\":\"es\",\"@id\":\"https:\/\/centcols.org\/sejour-2018-saint-maurice\/#primaryimage\",\"url\":\"https:\/\/centcols.org\/wp-content\/uploads\/2025\/05\/\u00a9nicolassedlatchek.ch_ville-ST-MAURICE.jpg\",\"contentUrl\":\"https:\/\/centcols.org\/wp-content\/uploads\/2025\/05\/\u00a9nicolassedlatchek.ch_ville-ST-MAURICE.jpg\",\"width\":1280,\"height\":1706},{\"@type\":\"BreadcrumbList\",\"@id\":\"https:\/\/centcols.org\/sejour-2018-saint-maurice\/#breadcrumb\",\"itemListElement\":[{\"@type\":\"ListItem\",\"position\":1,\"name\":\"Accueil\",\"item\":\"https:\/\/centcols.org\/\"},{\"@type\":\"ListItem\",\"position\":2,\"name\":\"S\u00e9jours du Club des Cent Cols\",\"item\":\"https:\/\/centcols.org\/rubrique\/sejours\/\"},{\"@type\":\"ListItem\",\"position\":3,\"name\":\"Pays\",\"item\":\"https:\/\/centcols.org\/rubrique\/sejours\/pays-sejours\/\"},{\"@type\":\"ListItem\",\"position\":4,\"name\":\"Suisse\",\"item\":\"https:\/\/centcols.org\/rubrique\/sejours\/pays-sejours\/suisse-pays-sejours\/\"},{\"@type\":\"ListItem\",\"position\":5,\"name\":\"S\u00e9jour estival \u00e0 Saint-Maurice (Suisse) du 13 au 19 ao\u00fbt 2018\"}]},{\"@type\":\"WebSite\",\"@id\":\"https:\/\/centcols.org\/#website\",\"url\":\"https:\/\/centcols.org\/\",\"name\":\"Club des Cent Cols\",\"description\":\"\",\"publisher\":{\"@id\":\"https:\/\/centcols.org\/#organization\"},\"potentialAction\":[{\"@type\":\"SearchAction\",\"target\":{\"@type\":\"EntryPoint\",\"urlTemplate\":\"https:\/\/centcols.org\/?s={search_term_string}\"},\"query-input\":{\"@type\":\"PropertyValueSpecification\",\"valueRequired\":true,\"valueName\":\"search_term_string\"}}],\"inLanguage\":\"es\"},{\"@type\":\"Organization\",\"@id\":\"https:\/\/centcols.org\/#organization\",\"name\":\"Club des Cent Cols\",\"url\":\"https:\/\/centcols.org\/\",\"logo\":{\"@type\":\"ImageObject\",\"inLanguage\":\"es\",\"@id\":\"https:\/\/centcols.org\/#\/schema\/logo\/image\/\",\"url\":\"https:\/\/centcols.org\/wp-content\/uploads\/2025\/01\/carte-icone.png\",\"contentUrl\":\"https:\/\/centcols.org\/wp-content\/uploads\/2025\/01\/carte-icone.png\",\"width\":250,\"height\":250,\"caption\":\"Club des Cent Cols\"},\"image\":{\"@id\":\"https:\/\/centcols.org\/#\/schema\/logo\/image\/\"},\"sameAs\":[\"https:\/\/www.facebook.com\/groups\/5261880558\/?locale=fr_FR\"]},{\"@type\":\"Person\",\"@id\":\"https:\/\/centcols.org\/#\/schema\/person\/911b404fb133d8c913dd27cdcf71c8e5\",\"name\":\"Webmestre\",\"image\":{\"@type\":\"ImageObject\",\"inLanguage\":\"es\",\"@id\":\"https:\/\/centcols.org\/wp-content\/litespeed\/avatar\/2d246e4b6b4f773e08515e1ffc53690b.jpg?ver=1777222892\",\"url\":\"https:\/\/centcols.org\/wp-content\/litespeed\/avatar\/2d246e4b6b4f773e08515e1ffc53690b.jpg?ver=1777222892\",\"contentUrl\":\"https:\/\/centcols.org\/wp-content\/litespeed\/avatar\/2d246e4b6b4f773e08515e1ffc53690b.jpg?ver=1777222892\",\"caption\":\"Webmestre\"},\"url\":\"https:\/\/centcols.org\/es\/author\/webmestre\/\"}]}<\/script>\n<!-- \/ Yoast SEO plugin. -->","yoast_head_json":{"title":"Vacaciones de verano en Saint-Maurice (Suiza) del 13 al 19 de agosto de 2018 - Club des Cent Cols","robots":{"index":"index","follow":"follow","max-snippet":"max-snippet:-1","max-image-preview":"max-image-preview:large","max-video-preview":"max-video-preview:-1"},"canonical":"https:\/\/centcols.org\/es\/estancia-2018-saint-maurice\/","og_locale":"es_ES","og_type":"article","og_title":"S\u00e9jour estival \u00e0 Saint-Maurice (Suisse) du 13 au 19 ao\u00fbt 2018 - Club des Cent Cols","og_description":"Ont contribu\u00e9 \u00e0 cette page de pr\u00e9sentation du s\u00e9jour toute l&rsquo;\u00e9quipe suisse, les responsables informatique et s\u00e9jour. \u00c0 voir : vid\u00e9o de la T\u00e9l\u00e9vision Suisse Romande tourn\u00e9e avant et \u00e0 l&rsquo;occasion de ce s\u00e9jour. Une nouvelle fois, le Club propose un s\u00e9jour hors de France, apr\u00e8s l&rsquo;Espagne et l&rsquo;Italie. Cette fois-ci c&rsquo;est dans le Valais [&hellip;]","og_url":"https:\/\/centcols.org\/es\/estancia-2018-saint-maurice\/","og_site_name":"Club des Cent Cols","article_publisher":"https:\/\/www.facebook.com\/groups\/5261880558\/?locale=fr_FR","article_published_time":"2018-04-27T14:30:02+00:00","article_modified_time":"2025-08-29T20:16:12+00:00","og_image":[{"width":1280,"height":1706,"url":"https:\/\/centcols.org\/wp-content\/uploads\/2025\/05\/\u00a9nicolassedlatchek.ch_ville-ST-MAURICE.jpg","type":"image\/jpeg"}],"author":"Webmestre","twitter_card":"summary_large_image","twitter_misc":{"Escrito por":"Webmestre","Tiempo de lectura":"15 minutos"},"schema":{"@context":"https:\/\/schema.org","@graph":[{"@type":"Article","@id":"https:\/\/centcols.org\/sejour-2018-saint-maurice\/#article","isPartOf":{"@id":"https:\/\/centcols.org\/sejour-2018-saint-maurice\/"},"author":{"name":"Webmestre","@id":"https:\/\/centcols.org\/#\/schema\/person\/911b404fb133d8c913dd27cdcf71c8e5"},"headline":"S\u00e9jour estival \u00e0 Saint-Maurice (Suisse) du 13 au 19 ao\u00fbt 2018","datePublished":"2018-04-27T14:30:02+00:00","dateModified":"2025-08-29T20:16:12+00:00","mainEntityOfPage":{"@id":"https:\/\/centcols.org\/sejour-2018-saint-maurice\/"},"wordCount":2576,"publisher":{"@id":"https:\/\/centcols.org\/#organization"},"image":{"@id":"https:\/\/centcols.org\/sejour-2018-saint-maurice\/#primaryimage"},"thumbnailUrl":"https:\/\/centcols.org\/wp-content\/uploads\/2025\/05\/\u00a9nicolassedlatchek.ch_ville-ST-MAURICE.jpg","articleSection":["Suisse","Calendrier","Valais","Alpes valaisannes","S\u00e9jours du Club des Cent Cols"],"inLanguage":"es"},{"@type":"WebPage","@id":"https:\/\/centcols.org\/sejour-2018-saint-maurice\/","url":"https:\/\/centcols.org\/sejour-2018-saint-maurice\/","name":"Vacaciones de verano en Saint-Maurice (Suiza) del 13 al 19 de agosto de 2018 - Club des Cent Cols","isPartOf":{"@id":"https:\/\/centcols.org\/#website"},"primaryImageOfPage":{"@id":"https:\/\/centcols.org\/sejour-2018-saint-maurice\/#primaryimage"},"image":{"@id":"https:\/\/centcols.org\/sejour-2018-saint-maurice\/#primaryimage"},"thumbnailUrl":"https:\/\/centcols.org\/wp-content\/uploads\/2025\/05\/\u00a9nicolassedlatchek.ch_ville-ST-MAURICE.jpg","datePublished":"2018-04-27T14:30:02+00:00","dateModified":"2025-08-29T20:16:12+00:00","breadcrumb":{"@id":"https:\/\/centcols.org\/sejour-2018-saint-maurice\/#breadcrumb"},"inLanguage":"es","potentialAction":[{"@type":"ReadAction","target":["https:\/\/centcols.org\/sejour-2018-saint-maurice\/"]}]},{"@type":"ImageObject","inLanguage":"es","@id":"https:\/\/centcols.org\/sejour-2018-saint-maurice\/#primaryimage","url":"https:\/\/centcols.org\/wp-content\/uploads\/2025\/05\/\u00a9nicolassedlatchek.ch_ville-ST-MAURICE.jpg","contentUrl":"https:\/\/centcols.org\/wp-content\/uploads\/2025\/05\/\u00a9nicolassedlatchek.ch_ville-ST-MAURICE.jpg","width":1280,"height":1706},{"@type":"BreadcrumbList","@id":"https:\/\/centcols.org\/sejour-2018-saint-maurice\/#breadcrumb","itemListElement":[{"@type":"ListItem","position":1,"name":"Accueil","item":"https:\/\/centcols.org\/"},{"@type":"ListItem","position":2,"name":"S\u00e9jours du Club des Cent Cols","item":"https:\/\/centcols.org\/rubrique\/sejours\/"},{"@type":"ListItem","position":3,"name":"Pays","item":"https:\/\/centcols.org\/rubrique\/sejours\/pays-sejours\/"},{"@type":"ListItem","position":4,"name":"Suisse","item":"https:\/\/centcols.org\/rubrique\/sejours\/pays-sejours\/suisse-pays-sejours\/"},{"@type":"ListItem","position":5,"name":"S\u00e9jour estival \u00e0 Saint-Maurice (Suisse) du 13 au 19 ao\u00fbt 2018"}]},{"@type":"WebSite","@id":"https:\/\/centcols.org\/#website","url":"https:\/\/centcols.org\/","name":"Club des Cent Cols","description":"","publisher":{"@id":"https:\/\/centcols.org\/#organization"},"potentialAction":[{"@type":"SearchAction","target":{"@type":"EntryPoint","urlTemplate":"https:\/\/centcols.org\/?s={search_term_string}"},"query-input":{"@type":"PropertyValueSpecification","valueRequired":true,"valueName":"search_term_string"}}],"inLanguage":"es"},{"@type":"Organization","@id":"https:\/\/centcols.org\/#organization","name":"Club des Cent Cols","url":"https:\/\/centcols.org\/","logo":{"@type":"ImageObject","inLanguage":"es","@id":"https:\/\/centcols.org\/#\/schema\/logo\/image\/","url":"https:\/\/centcols.org\/wp-content\/uploads\/2025\/01\/carte-icone.png","contentUrl":"https:\/\/centcols.org\/wp-content\/uploads\/2025\/01\/carte-icone.png","width":250,"height":250,"caption":"Club des Cent Cols"},"image":{"@id":"https:\/\/centcols.org\/#\/schema\/logo\/image\/"},"sameAs":["https:\/\/www.facebook.com\/groups\/5261880558\/?locale=fr_FR"]},{"@type":"Person","@id":"https:\/\/centcols.org\/#\/schema\/person\/911b404fb133d8c913dd27cdcf71c8e5","name":"Webmaster","image":{"@type":"ImageObject","inLanguage":"es","@id":"https:\/\/centcols.org\/wp-content\/litespeed\/avatar\/2d246e4b6b4f773e08515e1ffc53690b.jpg?ver=1777222892","url":"https:\/\/centcols.org\/wp-content\/litespeed\/avatar\/2d246e4b6b4f773e08515e1ffc53690b.jpg?ver=1777222892","contentUrl":"https:\/\/centcols.org\/wp-content\/litespeed\/avatar\/2d246e4b6b4f773e08515e1ffc53690b.jpg?ver=1777222892","caption":"Webmestre"},"url":"https:\/\/centcols.org\/es\/author\/webmestre\/"}]}},"_links":{"self":[{"href":"https:\/\/centcols.org\/es\/wp-json\/wp\/v2\/posts\/81979","targetHints":{"allow":["GET"]}}],"collection":[{"href":"https:\/\/centcols.org\/es\/wp-json\/wp\/v2\/posts"}],"about":[{"href":"https:\/\/centcols.org\/es\/wp-json\/wp\/v2\/types\/post"}],"author":[{"embeddable":true,"href":"https:\/\/centcols.org\/es\/wp-json\/wp\/v2\/users\/3"}],"replies":[{"embeddable":true,"href":"https:\/\/centcols.org\/es\/wp-json\/wp\/v2\/comments?post=81979"}],"version-history":[{"count":0,"href":"https:\/\/centcols.org\/es\/wp-json\/wp\/v2\/posts\/81979\/revisions"}],"wp:featuredmedia":[{"embeddable":true,"href":"https:\/\/centcols.org\/es\/wp-json\/wp\/v2\/media\/81980"}],"wp:attachment":[{"href":"https:\/\/centcols.org\/es\/wp-json\/wp\/v2\/media?parent=81979"}],"wp:term":[{"taxonomy":"category","embeddable":true,"href":"https:\/\/centcols.org\/es\/wp-json\/wp\/v2\/categories?post=81979"},{"taxonomy":"post_tag","embeddable":true,"href":"https:\/\/centcols.org\/es\/wp-json\/wp\/v2\/tags?post=81979"}],"curies":[{"name":"wp","href":"https:\/\/api.w.org\/{rel}","templated":true}]}}