{"id":82087,"date":"2018-12-16T08:00:10","date_gmt":"2018-12-16T06:00:10","guid":{"rendered":"https:\/\/centcols.org\/alpes-du-nord-suisse-col-de-la-faucille-le-29-juin-2019\/"},"modified":"2025-09-09T16:34:05","modified_gmt":"2025-09-09T14:34:05","slug":"alpes-suizos-septentrionales-col-de-la-faucille-29-junio-2019","status":"publish","type":"post","link":"https:\/\/centcols.org\/es\/alpes-du-nord-suisse-col-de-la-faucille-le-29-juin-2019\/","title":{"rendered":"Alpes del Norte-Suiza, Col de la Faucille el 29 de junio de 2019"},"content":{"rendered":"\n<p><a href=\"https:\/\/centcols.org\/it\/rassemblement-alpes-nord-2019-2\/\">versione in italiano<\/a><\/p>\n\n\n\n<p>Samedi 29 juin 2019, Alpes du Nord &#8211; Suisse,&nbsp;<a href=\"https:\/\/centcols.org\/util\/geo\/visuGen.php?code=FR-01-1320\" target=\"_blank\" rel=\"noopener\">Col de de la Faucille<\/a>, FR-01-1320<\/p>\n\n\n\n<h3 class=\"wp-block-heading\">Route<\/h3>\n\n\n\n<p>Rendez-vous&nbsp;: Gex (01),&nbsp;parking Perdtemps (pr\u00e8s du cimeti\u00e8re) \u00e0 partir de 8h30, <strong>d\u00e9part vers 9h00<\/strong><\/p>\n\n\n\n<figure class=\"wp-block-image size-full\"><img loading=\"lazy\" decoding=\"async\" width=\"604\" height=\"425\" src=\"https:\/\/centcols.org\/wp-content\/uploads\/2018\/12\/gex.jpg\" alt=\"\" class=\"wp-image-89435\" srcset=\"https:\/\/centcols.org\/wp-content\/uploads\/2018\/12\/gex.jpg 604w, https:\/\/centcols.org\/wp-content\/uploads\/2018\/12\/gex-18x12.jpg 18w\" sizes=\"auto, (max-width: 604px) 100vw, 604px\" \/><\/figure>\n\n\n\n<h3 class=\"wp-block-heading\">VTT<\/h3>\n\n\n\n<p>Rendez-vous&nbsp;: parking du col de la Faucille \u00e0 partir de 8h30<\/p>\n\n\n\n<figure class=\"wp-block-image size-full\"><img loading=\"lazy\" decoding=\"async\" width=\"743\" height=\"319\" src=\"https:\/\/centcols.org\/wp-content\/uploads\/2018\/12\/faucille.jpg\" alt=\"\" class=\"wp-image-89436\" srcset=\"https:\/\/centcols.org\/wp-content\/uploads\/2018\/12\/faucille.jpg 743w, https:\/\/centcols.org\/wp-content\/uploads\/2018\/12\/faucille-18x8.jpg 18w\" sizes=\"auto, (max-width: 743px) 100vw, 743px\" \/><\/figure>\n\n\n\n<h3 class=\"wp-block-heading\">Circuits<\/h3>\n\n\n\n<h4 class=\"wp-block-heading\">Route<\/h4>\n\n\n\n<p>D\u00e9part du parking Perdtemps\u00a0 N46\u00b020&rsquo;13.6\u00a0\u00bb E6\u00b003&rsquo;35.6\u00a0\u00bb<br>Fichier gpx (\u00e0 d\u00e9compresser)\u00a0 :\u00a0\u00a0<a href=\"https:\/\/centcols.org\/wp-content\/uploads\/2025\/09\/Faucille-Route.zip\">Faucille-Route<\/a><\/p>\n\n\n\n<h4 class=\"wp-block-heading\">VTT, 2 boucles propos\u00e9es<\/h4>\n\n\n\n<p>&#8211; Boucle Crozet (24 km, d\u00e9nivel\u00e9 600 m env.) : Permet d&rsquo;atteindre le <a href=\"https:\/\/centcols.org\/util\/geo\/visuGen.php?code=FR-01-1450\" target=\"_blank\" rel=\"noopener\">Col de Crozet<\/a>, FR-01-1450, retour par le <a href=\"https:\/\/centcols.org\/util\/geo\/visuGen.php?code=FR-01-1580\" target=\"_blank\" rel=\"noopener\">Pas de l&rsquo;Echine<\/a>, FR-01-1580, le plus haut col de l&rsquo;Ain.<br>Depuis le col de Crozet, vue magnifique sur le\u00a0 massif du Mont Blanc et le bassin l\u00e9manique.<br>Fichier gpx Crozet (\u00e0 d\u00e9compresser) :\u00a0<a href=\"https:\/\/centcols.org\/wp-content\/uploads\/2025\/09\/Boucle-Crozet.zip\">Boucle-Crozet<\/a><\/p>\n\n\n\n<p>&#8211; Boucle Givrine (36 km, d\u00e9nivel\u00e9 550 m env.) : Passage par le <a href=\"https:\/\/centcols.org\/util\/geo\/visuGen.php?code=FR-01-1390a\" target=\"_blank\" rel=\"noopener\">Col de Combe Blanche<\/a>, FR-01-1390a avant d&rsquo;atteindre le <a href=\"https:\/\/centcols.org\/util\/geo\/visuGen.php?code=CH-VD-1228\" target=\"_blank\" rel=\"noopener\">Col de la Givrine<\/a>, CH-VD-1228<br>Sur ce circuit, apr\u00e8s le col de Combe Blanche, apr\u00e8s \u00eatre pass\u00e9 en territoire suisse, faire le petit aller-retour \u00e0 droite :<br>* Par beau temps, point de vue sur toute la cha\u00eene du Mont Blanc<br>* Par temps couvert, point de vue tout de m\u00eame!<br>Fichier gpx Givrine :\u00a0<a href=\"https:\/\/centcols.org\/wp-content\/uploads\/2025\/09\/Boucle-Givrine.zip\">Boucle-Givrine<\/a><br>Nota : Le Col du Gol\u00e9ron, FR-01-1350, situ\u00e9 \u00e0 proximit\u00e9 du circuit, ne vous est pas propos\u00e9. Motif : Il se trouve ne zone de qui\u00e9tude dont l&rsquo;acc\u00e8s est formellement interdit jusqu&rsquo;au 30 juin.<\/p>\n\n\n\n<h3 class=\"wp-block-heading\">Contact<\/h3>\n\n\n\n<p>Guy Harl\u00e9<br>+33 4 50 60 67 27 &#8211; +33 6 77 11 17 03<br>[email]g&#117;&#121;&#46;&#x68;&#x61;&#x72;le&#64;&#103;&#x6d;&#x61;&#x69;&#x6c;&#46;c&#111;&#109;[\/email]<\/p>\n","protected":false},"excerpt":{"rendered":"<p>versione in italiano Samedi 29 juin 2019, Alpes du Nord &#8211; Suisse,&nbsp;Col de de la Faucille, FR-01-1320 Route Rendez-vous&nbsp;: Gex (01),&nbsp;parking Perdtemps (pr\u00e8s du cimeti\u00e8re) \u00e0 partir de 8h30, d\u00e9part vers 9h00 VTT Rendez-vous&nbsp;: parking du col de la Faucille \u00e0 partir de 8h30 Circuits Route D\u00e9part du parking Perdtemps\u00a0 N46\u00b020&rsquo;13.6\u00a0\u00bb E6\u00b003&rsquo;35.6\u00a0\u00bbFichier gpx (\u00e0 d\u00e9compresser)\u00a0 [&hellip;]<\/p>\n","protected":false},"author":136,"featured_media":82088,"comment_status":"closed","ping_status":"closed","sticky":false,"template":"","format":"standard","meta":{"_acf_changed":false,"footnotes":""},"categories":[284,135,216],"tags":[],"class_list":["post-82087","post","type-post","status-publish","format-standard","has-post-thumbnail","hentry","category-les-rassemblements-de-2019","category-calendrier","category-rencontres-regionales"],"acf":[],"yoast_head":"<!-- This site is optimized with the Yoast SEO plugin v27.2 - https:\/\/yoast.com\/product\/yoast-seo-wordpress\/ -->\n<title>Alpes du Nord-Suisse, col de la Faucille le 29 juin 2019 - Club des Cent Cols<\/title>\n<meta name=\"robots\" content=\"index, follow, max-snippet:-1, max-image-preview:large, max-video-preview:-1\" \/>\n<link rel=\"canonical\" href=\"https:\/\/centcols.org\/es\/alpes-suizos-septentrionales-col-de-la-faucille-29-junio-2019\/\" \/>\n<meta property=\"og:locale\" content=\"es_ES\" \/>\n<meta property=\"og:type\" content=\"article\" \/>\n<meta property=\"og:title\" content=\"Alpes du Nord-Suisse, col de la Faucille le 29 juin 2019 - Club des Cent Cols\" \/>\n<meta property=\"og:description\" content=\"versione in italiano Samedi 29 juin 2019, Alpes du Nord &#8211; Suisse,&nbsp;Col de de la Faucille, FR-01-1320 Route Rendez-vous&nbsp;: Gex (01),&nbsp;parking Perdtemps (pr\u00e8s du cimeti\u00e8re) \u00e0 partir de 8h30, d\u00e9part vers 9h00 VTT Rendez-vous&nbsp;: parking du col de la Faucille \u00e0 partir de 8h30 Circuits Route D\u00e9part du parking Perdtemps\u00a0 N46\u00b020&rsquo;13.6\u00a0\u00bb E6\u00b003&rsquo;35.6\u00a0\u00bbFichier gpx (\u00e0 d\u00e9compresser)\u00a0 [&hellip;]\" \/>\n<meta property=\"og:url\" content=\"https:\/\/centcols.org\/es\/alpes-suizos-septentrionales-col-de-la-faucille-29-junio-2019\/\" \/>\n<meta property=\"og:site_name\" content=\"Club des Cent Cols\" \/>\n<meta property=\"article:publisher\" content=\"https:\/\/www.facebook.com\/groups\/5261880558\/?locale=fr_FR\" \/>\n<meta property=\"article:published_time\" content=\"2018-12-16T06:00:10+00:00\" \/>\n<meta property=\"article:modified_time\" content=\"2025-09-09T14:34:05+00:00\" \/>\n<meta property=\"og:image\" content=\"https:\/\/centcols.org\/wp-content\/uploads\/2025\/05\/gex.jpg\" \/>\n\t<meta property=\"og:image:width\" content=\"604\" \/>\n\t<meta property=\"og:image:height\" content=\"425\" \/>\n\t<meta property=\"og:image:type\" content=\"image\/jpeg\" \/>\n<meta name=\"author\" content=\"Guy Harl\u00e9\" \/>\n<meta name=\"twitter:card\" content=\"summary_large_image\" \/>\n<meta name=\"twitter:label1\" content=\"Escrito por\" \/>\n\t<meta name=\"twitter:data1\" content=\"Guy Harl\u00e9\" \/>\n\t<meta name=\"twitter:label2\" content=\"Tiempo de lectura\" \/>\n\t<meta name=\"twitter:data2\" content=\"2 minutos\" \/>\n<script type=\"application\/ld+json\" class=\"yoast-schema-graph\">{\"@context\":\"https:\/\/schema.org\",\"@graph\":[{\"@type\":\"Article\",\"@id\":\"https:\/\/centcols.org\/alpes-du-nord-suisse-col-de-la-faucille-le-29-juin-2019\/#article\",\"isPartOf\":{\"@id\":\"https:\/\/centcols.org\/alpes-du-nord-suisse-col-de-la-faucille-le-29-juin-2019\/\"},\"author\":{\"name\":\"Guy Harl\u00e9\",\"@id\":\"https:\/\/centcols.org\/#\/schema\/person\/377f00da2793c0363246869bb3a344d0\"},\"headline\":\"Alpes du Nord-Suisse, col de la Faucille le 29 juin 2019\",\"datePublished\":\"2018-12-16T06:00:10+00:00\",\"dateModified\":\"2025-09-09T14:34:05+00:00\",\"mainEntityOfPage\":{\"@id\":\"https:\/\/centcols.org\/alpes-du-nord-suisse-col-de-la-faucille-le-29-juin-2019\/\"},\"wordCount\":256,\"publisher\":{\"@id\":\"https:\/\/centcols.org\/#organization\"},\"image\":{\"@id\":\"https:\/\/centcols.org\/alpes-du-nord-suisse-col-de-la-faucille-le-29-juin-2019\/#primaryimage\"},\"thumbnailUrl\":\"https:\/\/centcols.org\/wp-content\/uploads\/2025\/05\/gex.jpg\",\"articleSection\":[\"2019-rassemblements\",\"Calendrier\",\"Rencontres r\u00e9gionales\"],\"inLanguage\":\"es\"},{\"@type\":\"WebPage\",\"@id\":\"https:\/\/centcols.org\/alpes-du-nord-suisse-col-de-la-faucille-le-29-juin-2019\/\",\"url\":\"https:\/\/centcols.org\/alpes-du-nord-suisse-col-de-la-faucille-le-29-juin-2019\/\",\"name\":\"Alpes du Nord-Suisse, col de la Faucille le 29 juin 2019 - Club des Cent Cols\",\"isPartOf\":{\"@id\":\"https:\/\/centcols.org\/#website\"},\"primaryImageOfPage\":{\"@id\":\"https:\/\/centcols.org\/alpes-du-nord-suisse-col-de-la-faucille-le-29-juin-2019\/#primaryimage\"},\"image\":{\"@id\":\"https:\/\/centcols.org\/alpes-du-nord-suisse-col-de-la-faucille-le-29-juin-2019\/#primaryimage\"},\"thumbnailUrl\":\"https:\/\/centcols.org\/wp-content\/uploads\/2025\/05\/gex.jpg\",\"datePublished\":\"2018-12-16T06:00:10+00:00\",\"dateModified\":\"2025-09-09T14:34:05+00:00\",\"breadcrumb\":{\"@id\":\"https:\/\/centcols.org\/alpes-du-nord-suisse-col-de-la-faucille-le-29-juin-2019\/#breadcrumb\"},\"inLanguage\":\"es\",\"potentialAction\":[{\"@type\":\"ReadAction\",\"target\":[\"https:\/\/centcols.org\/alpes-du-nord-suisse-col-de-la-faucille-le-29-juin-2019\/\"]}]},{\"@type\":\"ImageObject\",\"inLanguage\":\"es\",\"@id\":\"https:\/\/centcols.org\/alpes-du-nord-suisse-col-de-la-faucille-le-29-juin-2019\/#primaryimage\",\"url\":\"https:\/\/centcols.org\/wp-content\/uploads\/2025\/05\/gex.jpg\",\"contentUrl\":\"https:\/\/centcols.org\/wp-content\/uploads\/2025\/05\/gex.jpg\",\"width\":604,\"height\":425},{\"@type\":\"BreadcrumbList\",\"@id\":\"https:\/\/centcols.org\/alpes-du-nord-suisse-col-de-la-faucille-le-29-juin-2019\/#breadcrumb\",\"itemListElement\":[{\"@type\":\"ListItem\",\"position\":1,\"name\":\"Accueil\",\"item\":\"https:\/\/centcols.org\/\"},{\"@type\":\"ListItem\",\"position\":2,\"name\":\"Calendrier\",\"item\":\"https:\/\/centcols.org\/rubrique\/calendrier\/\"},{\"@type\":\"ListItem\",\"position\":3,\"name\":\"Alpes du Nord-Suisse, col de la Faucille le 29 juin 2019\"}]},{\"@type\":\"WebSite\",\"@id\":\"https:\/\/centcols.org\/#website\",\"url\":\"https:\/\/centcols.org\/\",\"name\":\"Club des Cent Cols\",\"description\":\"\",\"publisher\":{\"@id\":\"https:\/\/centcols.org\/#organization\"},\"potentialAction\":[{\"@type\":\"SearchAction\",\"target\":{\"@type\":\"EntryPoint\",\"urlTemplate\":\"https:\/\/centcols.org\/?s={search_term_string}\"},\"query-input\":{\"@type\":\"PropertyValueSpecification\",\"valueRequired\":true,\"valueName\":\"search_term_string\"}}],\"inLanguage\":\"es\"},{\"@type\":\"Organization\",\"@id\":\"https:\/\/centcols.org\/#organization\",\"name\":\"Club des Cent Cols\",\"url\":\"https:\/\/centcols.org\/\",\"logo\":{\"@type\":\"ImageObject\",\"inLanguage\":\"es\",\"@id\":\"https:\/\/centcols.org\/#\/schema\/logo\/image\/\",\"url\":\"https:\/\/centcols.org\/wp-content\/uploads\/2025\/01\/carte-icone.png\",\"contentUrl\":\"https:\/\/centcols.org\/wp-content\/uploads\/2025\/01\/carte-icone.png\",\"width\":250,\"height\":250,\"caption\":\"Club des Cent Cols\"},\"image\":{\"@id\":\"https:\/\/centcols.org\/#\/schema\/logo\/image\/\"},\"sameAs\":[\"https:\/\/www.facebook.com\/groups\/5261880558\/?locale=fr_FR\"]},{\"@type\":\"Person\",\"@id\":\"https:\/\/centcols.org\/#\/schema\/person\/377f00da2793c0363246869bb3a344d0\",\"name\":\"Guy Harl\u00e9\",\"image\":{\"@type\":\"ImageObject\",\"inLanguage\":\"es\",\"@id\":\"https:\/\/centcols.org\/wp-content\/litespeed\/avatar\/94c4de37e46cf090f296d42ab3e8d6a6.jpg?ver=1777238144\",\"url\":\"https:\/\/centcols.org\/wp-content\/litespeed\/avatar\/94c4de37e46cf090f296d42ab3e8d6a6.jpg?ver=1777238144\",\"contentUrl\":\"https:\/\/centcols.org\/wp-content\/litespeed\/avatar\/94c4de37e46cf090f296d42ab3e8d6a6.jpg?ver=1777238144\",\"caption\":\"Guy Harl\u00e9\"},\"url\":\"https:\/\/centcols.org\/es\/author\/5193\/\"}]}<\/script>\n<!-- \/ Yoast SEO plugin. -->","yoast_head_json":{"title":"Alpes del Norte-Suiza, Col de la Faucille el 29 de junio de 2019 - Club des Cent Cols","robots":{"index":"index","follow":"follow","max-snippet":"max-snippet:-1","max-image-preview":"max-image-preview:large","max-video-preview":"max-video-preview:-1"},"canonical":"https:\/\/centcols.org\/es\/alpes-suizos-septentrionales-col-de-la-faucille-29-junio-2019\/","og_locale":"es_ES","og_type":"article","og_title":"Alpes du Nord-Suisse, col de la Faucille le 29 juin 2019 - Club des Cent Cols","og_description":"versione in italiano Samedi 29 juin 2019, Alpes du Nord &#8211; Suisse,&nbsp;Col de de la Faucille, FR-01-1320 Route Rendez-vous&nbsp;: Gex (01),&nbsp;parking Perdtemps (pr\u00e8s du cimeti\u00e8re) \u00e0 partir de 8h30, d\u00e9part vers 9h00 VTT Rendez-vous&nbsp;: parking du col de la Faucille \u00e0 partir de 8h30 Circuits Route D\u00e9part du parking Perdtemps\u00a0 N46\u00b020&rsquo;13.6\u00a0\u00bb E6\u00b003&rsquo;35.6\u00a0\u00bbFichier gpx (\u00e0 d\u00e9compresser)\u00a0 [&hellip;]","og_url":"https:\/\/centcols.org\/es\/alpes-suizos-septentrionales-col-de-la-faucille-29-junio-2019\/","og_site_name":"Club des Cent Cols","article_publisher":"https:\/\/www.facebook.com\/groups\/5261880558\/?locale=fr_FR","article_published_time":"2018-12-16T06:00:10+00:00","article_modified_time":"2025-09-09T14:34:05+00:00","og_image":[{"width":604,"height":425,"url":"https:\/\/centcols.org\/wp-content\/uploads\/2025\/05\/gex.jpg","type":"image\/jpeg"}],"author":"Guy Harl\u00e9","twitter_card":"summary_large_image","twitter_misc":{"Escrito por":"Guy Harl\u00e9","Tiempo de lectura":"2 minutos"},"schema":{"@context":"https:\/\/schema.org","@graph":[{"@type":"Article","@id":"https:\/\/centcols.org\/alpes-du-nord-suisse-col-de-la-faucille-le-29-juin-2019\/#article","isPartOf":{"@id":"https:\/\/centcols.org\/alpes-du-nord-suisse-col-de-la-faucille-le-29-juin-2019\/"},"author":{"name":"Guy Harl\u00e9","@id":"https:\/\/centcols.org\/#\/schema\/person\/377f00da2793c0363246869bb3a344d0"},"headline":"Alpes du Nord-Suisse, col de la Faucille le 29 juin 2019","datePublished":"2018-12-16T06:00:10+00:00","dateModified":"2025-09-09T14:34:05+00:00","mainEntityOfPage":{"@id":"https:\/\/centcols.org\/alpes-du-nord-suisse-col-de-la-faucille-le-29-juin-2019\/"},"wordCount":256,"publisher":{"@id":"https:\/\/centcols.org\/#organization"},"image":{"@id":"https:\/\/centcols.org\/alpes-du-nord-suisse-col-de-la-faucille-le-29-juin-2019\/#primaryimage"},"thumbnailUrl":"https:\/\/centcols.org\/wp-content\/uploads\/2025\/05\/gex.jpg","articleSection":["2019-rassemblements","Calendrier","Rencontres r\u00e9gionales"],"inLanguage":"es"},{"@type":"WebPage","@id":"https:\/\/centcols.org\/alpes-du-nord-suisse-col-de-la-faucille-le-29-juin-2019\/","url":"https:\/\/centcols.org\/alpes-du-nord-suisse-col-de-la-faucille-le-29-juin-2019\/","name":"Alpes del Norte-Suiza, Col de la Faucille el 29 de junio de 2019 - Club des Cent Cols","isPartOf":{"@id":"https:\/\/centcols.org\/#website"},"primaryImageOfPage":{"@id":"https:\/\/centcols.org\/alpes-du-nord-suisse-col-de-la-faucille-le-29-juin-2019\/#primaryimage"},"image":{"@id":"https:\/\/centcols.org\/alpes-du-nord-suisse-col-de-la-faucille-le-29-juin-2019\/#primaryimage"},"thumbnailUrl":"https:\/\/centcols.org\/wp-content\/uploads\/2025\/05\/gex.jpg","datePublished":"2018-12-16T06:00:10+00:00","dateModified":"2025-09-09T14:34:05+00:00","breadcrumb":{"@id":"https:\/\/centcols.org\/alpes-du-nord-suisse-col-de-la-faucille-le-29-juin-2019\/#breadcrumb"},"inLanguage":"es","potentialAction":[{"@type":"ReadAction","target":["https:\/\/centcols.org\/alpes-du-nord-suisse-col-de-la-faucille-le-29-juin-2019\/"]}]},{"@type":"ImageObject","inLanguage":"es","@id":"https:\/\/centcols.org\/alpes-du-nord-suisse-col-de-la-faucille-le-29-juin-2019\/#primaryimage","url":"https:\/\/centcols.org\/wp-content\/uploads\/2025\/05\/gex.jpg","contentUrl":"https:\/\/centcols.org\/wp-content\/uploads\/2025\/05\/gex.jpg","width":604,"height":425},{"@type":"BreadcrumbList","@id":"https:\/\/centcols.org\/alpes-du-nord-suisse-col-de-la-faucille-le-29-juin-2019\/#breadcrumb","itemListElement":[{"@type":"ListItem","position":1,"name":"Accueil","item":"https:\/\/centcols.org\/"},{"@type":"ListItem","position":2,"name":"Calendrier","item":"https:\/\/centcols.org\/rubrique\/calendrier\/"},{"@type":"ListItem","position":3,"name":"Alpes du Nord-Suisse, col de la Faucille le 29 juin 2019"}]},{"@type":"WebSite","@id":"https:\/\/centcols.org\/#website","url":"https:\/\/centcols.org\/","name":"Club des Cent Cols","description":"","publisher":{"@id":"https:\/\/centcols.org\/#organization"},"potentialAction":[{"@type":"SearchAction","target":{"@type":"EntryPoint","urlTemplate":"https:\/\/centcols.org\/?s={search_term_string}"},"query-input":{"@type":"PropertyValueSpecification","valueRequired":true,"valueName":"search_term_string"}}],"inLanguage":"es"},{"@type":"Organization","@id":"https:\/\/centcols.org\/#organization","name":"Club des Cent Cols","url":"https:\/\/centcols.org\/","logo":{"@type":"ImageObject","inLanguage":"es","@id":"https:\/\/centcols.org\/#\/schema\/logo\/image\/","url":"https:\/\/centcols.org\/wp-content\/uploads\/2025\/01\/carte-icone.png","contentUrl":"https:\/\/centcols.org\/wp-content\/uploads\/2025\/01\/carte-icone.png","width":250,"height":250,"caption":"Club des Cent Cols"},"image":{"@id":"https:\/\/centcols.org\/#\/schema\/logo\/image\/"},"sameAs":["https:\/\/www.facebook.com\/groups\/5261880558\/?locale=fr_FR"]},{"@type":"Person","@id":"https:\/\/centcols.org\/#\/schema\/person\/377f00da2793c0363246869bb3a344d0","name":"Guy Harl\u00e9","image":{"@type":"ImageObject","inLanguage":"es","@id":"https:\/\/centcols.org\/wp-content\/litespeed\/avatar\/94c4de37e46cf090f296d42ab3e8d6a6.jpg?ver=1777238144","url":"https:\/\/centcols.org\/wp-content\/litespeed\/avatar\/94c4de37e46cf090f296d42ab3e8d6a6.jpg?ver=1777238144","contentUrl":"https:\/\/centcols.org\/wp-content\/litespeed\/avatar\/94c4de37e46cf090f296d42ab3e8d6a6.jpg?ver=1777238144","caption":"Guy Harl\u00e9"},"url":"https:\/\/centcols.org\/es\/author\/5193\/"}]}},"_links":{"self":[{"href":"https:\/\/centcols.org\/es\/wp-json\/wp\/v2\/posts\/82087","targetHints":{"allow":["GET"]}}],"collection":[{"href":"https:\/\/centcols.org\/es\/wp-json\/wp\/v2\/posts"}],"about":[{"href":"https:\/\/centcols.org\/es\/wp-json\/wp\/v2\/types\/post"}],"author":[{"embeddable":true,"href":"https:\/\/centcols.org\/es\/wp-json\/wp\/v2\/users\/136"}],"replies":[{"embeddable":true,"href":"https:\/\/centcols.org\/es\/wp-json\/wp\/v2\/comments?post=82087"}],"version-history":[{"count":0,"href":"https:\/\/centcols.org\/es\/wp-json\/wp\/v2\/posts\/82087\/revisions"}],"wp:featuredmedia":[{"embeddable":true,"href":"https:\/\/centcols.org\/es\/wp-json\/wp\/v2\/media\/82088"}],"wp:attachment":[{"href":"https:\/\/centcols.org\/es\/wp-json\/wp\/v2\/media?parent=82087"}],"wp:term":[{"taxonomy":"category","embeddable":true,"href":"https:\/\/centcols.org\/es\/wp-json\/wp\/v2\/categories?post=82087"},{"taxonomy":"post_tag","embeddable":true,"href":"https:\/\/centcols.org\/es\/wp-json\/wp\/v2\/tags?post=82087"}],"curies":[{"name":"wp","href":"https:\/\/api.w.org\/{rel}","templated":true}]}}