{"id":82112,"date":"2018-12-16T17:17:51","date_gmt":"2018-12-16T15:17:51","guid":{"rendered":"https:\/\/centcols.org\/alpes-du-sud-col-despreaux-14-septembre-2019\/"},"modified":"2025-08-29T21:48:04","modified_gmt":"2025-08-29T19:48:04","slug":"alpes-del-sur-col-despreaux-14-septiembre-2019","status":"publish","type":"post","link":"https:\/\/centcols.org\/es\/alpes-du-sud-col-despreaux-14-septembre-2019\/","title":{"rendered":"Alpes del Sur, Col d'Espr\u00e9aux, 14 de septiembre de 2019"},"content":{"rendered":"\n<p>Samedi 14 septembre 2019, Alpes Sud<br>Col d&rsquo;Espr\u00e9aux (FR-05-1160a)<\/p>\n\n\n\n<p>Rassemblement commun avec celui du Comit\u00e9 d\u00e9partemental des Hautes Alpes<\/p>\n\n\n\n<p>D\u00e9parts pr\u00e9vus de Gap et Tallard<br>Rendez-vous pr\u00e9vu pour midi au col c\u00f4t\u00e9 Veynes<\/p>\n\n\n\n<p><a href=\"https:\/\/centcols.org\/wp-content\/uploads\/2025\/08\/Alpes-Sud2019.pdf\" target=\"_blank\" rel=\"noreferrer noopener\">T\u00e9l\u00e9charger le dossier rassemblement Alpes du Sud ICI<\/a><\/p>\n\n\n\n<h3 class=\"wp-block-heading\">Contact<\/h3>\n\n\n\n<p>Bernard Henry<br>06 08 74 29 59<br>[email]&#x62;&#x65;&#114;n&#x61;&#x72;&#100;&#46;h&#x65;&#x6e;&#114;&#121;0&#x35;&#x40;&#111;ra&#x6e;&#x67;&#101;&#46;&#x66;&#x72;[\/email]<\/p>\n","protected":false},"excerpt":{"rendered":"<p>Samedi 14 septembre 2019, Alpes SudCol d&rsquo;Espr\u00e9aux (FR-05-1160a) Rassemblement commun avec celui du Comit\u00e9 d\u00e9partemental des Hautes Alpes D\u00e9parts pr\u00e9vus de Gap et TallardRendez-vous pr\u00e9vu pour midi au col c\u00f4t\u00e9 Veynes T\u00e9l\u00e9charger le dossier rassemblement Alpes du Sud ICI Contact Bernard Henry06 08 74 29 59[email]&#x62;&#x65;&#x72;&#x6e;&#x61;&#x72;&#x64;&#46;&#104;&#101;&#110;&#114;y05&#64;&#x6f;&#x72;&#x61;&#x6e;&#x67;&#x65;&#x2e;&#x66;&#114;[\/email]<\/p>\n","protected":false},"author":136,"featured_media":0,"comment_status":"closed","ping_status":"open","sticky":false,"template":"","format":"standard","meta":{"_acf_changed":false,"footnotes":""},"categories":[284,135,216],"tags":[],"class_list":["post-82112","post","type-post","status-publish","format-standard","hentry","category-les-rassemblements-de-2019","category-calendrier","category-rencontres-regionales"],"acf":[],"yoast_head":"<!-- This site is optimized with the Yoast SEO plugin v27.2 - https:\/\/yoast.com\/product\/yoast-seo-wordpress\/ -->\n<title>Alpes du Sud, col d&#039;Espr\u00e9aux, 14 septembre 2019 - Club des Cent Cols<\/title>\n<meta name=\"robots\" content=\"index, follow, max-snippet:-1, max-image-preview:large, max-video-preview:-1\" \/>\n<link rel=\"canonical\" href=\"https:\/\/centcols.org\/es\/alpes-del-sur-col-despreaux-14-septiembre-2019\/\" \/>\n<meta property=\"og:locale\" content=\"es_ES\" \/>\n<meta property=\"og:type\" content=\"article\" \/>\n<meta property=\"og:title\" content=\"Alpes du Sud, col d&#039;Espr\u00e9aux, 14 septembre 2019 - Club des Cent Cols\" \/>\n<meta property=\"og:description\" content=\"Samedi 14 septembre 2019, Alpes SudCol d&rsquo;Espr\u00e9aux (FR-05-1160a) Rassemblement commun avec celui du Comit\u00e9 d\u00e9partemental des Hautes Alpes D\u00e9parts pr\u00e9vus de Gap et TallardRendez-vous pr\u00e9vu pour midi au col c\u00f4t\u00e9 Veynes T\u00e9l\u00e9charger le dossier rassemblement Alpes du Sud ICI Contact Bernard Henry06 08 74 29 59[email]bern&#097;&#114;&#100;&#046;&#104;&#101;&#110;&#x72;&#x79;&#x30;&#x35;&#x40;&#x6f;&#x72;&#x61;&#x6e;ge&#046;f&#114;[\/email]\" \/>\n<meta property=\"og:url\" content=\"https:\/\/centcols.org\/es\/alpes-del-sur-col-despreaux-14-septiembre-2019\/\" \/>\n<meta property=\"og:site_name\" content=\"Club des Cent Cols\" \/>\n<meta property=\"article:publisher\" content=\"https:\/\/www.facebook.com\/groups\/5261880558\/?locale=fr_FR\" \/>\n<meta property=\"article:published_time\" content=\"2018-12-16T15:17:51+00:00\" \/>\n<meta property=\"article:modified_time\" content=\"2025-08-29T19:48:04+00:00\" \/>\n<meta name=\"author\" content=\"Guy Harl\u00e9\" \/>\n<meta name=\"twitter:card\" content=\"summary_large_image\" \/>\n<meta name=\"twitter:label1\" content=\"Escrito por\" \/>\n\t<meta name=\"twitter:data1\" content=\"Guy Harl\u00e9\" \/>\n\t<meta name=\"twitter:label2\" content=\"Tiempo de lectura\" \/>\n\t<meta name=\"twitter:data2\" content=\"1 minuto\" \/>\n<script type=\"application\/ld+json\" class=\"yoast-schema-graph\">{\"@context\":\"https:\/\/schema.org\",\"@graph\":[{\"@type\":\"Article\",\"@id\":\"https:\/\/centcols.org\/alpes-du-sud-col-despreaux-14-septembre-2019\/#article\",\"isPartOf\":{\"@id\":\"https:\/\/centcols.org\/alpes-du-sud-col-despreaux-14-septembre-2019\/\"},\"author\":{\"name\":\"Guy Harl\u00e9\",\"@id\":\"https:\/\/centcols.org\/#\/schema\/person\/377f00da2793c0363246869bb3a344d0\"},\"headline\":\"Alpes du Sud, col d&rsquo;Espr\u00e9aux, 14 septembre 2019\",\"datePublished\":\"2018-12-16T15:17:51+00:00\",\"dateModified\":\"2025-08-29T19:48:04+00:00\",\"mainEntityOfPage\":{\"@id\":\"https:\/\/centcols.org\/alpes-du-sud-col-despreaux-14-septembre-2019\/\"},\"wordCount\":65,\"publisher\":{\"@id\":\"https:\/\/centcols.org\/#organization\"},\"articleSection\":[\"2019-rassemblements\",\"Calendrier\",\"Rencontres r\u00e9gionales\"],\"inLanguage\":\"es\"},{\"@type\":\"WebPage\",\"@id\":\"https:\/\/centcols.org\/alpes-du-sud-col-despreaux-14-septembre-2019\/\",\"url\":\"https:\/\/centcols.org\/alpes-du-sud-col-despreaux-14-septembre-2019\/\",\"name\":\"Alpes du Sud, col d'Espr\u00e9aux, 14 septembre 2019 - Club des Cent Cols\",\"isPartOf\":{\"@id\":\"https:\/\/centcols.org\/#website\"},\"datePublished\":\"2018-12-16T15:17:51+00:00\",\"dateModified\":\"2025-08-29T19:48:04+00:00\",\"breadcrumb\":{\"@id\":\"https:\/\/centcols.org\/alpes-du-sud-col-despreaux-14-septembre-2019\/#breadcrumb\"},\"inLanguage\":\"es\",\"potentialAction\":[{\"@type\":\"ReadAction\",\"target\":[\"https:\/\/centcols.org\/alpes-du-sud-col-despreaux-14-septembre-2019\/\"]}]},{\"@type\":\"BreadcrumbList\",\"@id\":\"https:\/\/centcols.org\/alpes-du-sud-col-despreaux-14-septembre-2019\/#breadcrumb\",\"itemListElement\":[{\"@type\":\"ListItem\",\"position\":1,\"name\":\"Accueil\",\"item\":\"https:\/\/centcols.org\/\"},{\"@type\":\"ListItem\",\"position\":2,\"name\":\"Calendrier\",\"item\":\"https:\/\/centcols.org\/rubrique\/calendrier\/\"},{\"@type\":\"ListItem\",\"position\":3,\"name\":\"Alpes du Sud, col d&rsquo;Espr\u00e9aux, 14 septembre 2019\"}]},{\"@type\":\"WebSite\",\"@id\":\"https:\/\/centcols.org\/#website\",\"url\":\"https:\/\/centcols.org\/\",\"name\":\"Club des Cent Cols\",\"description\":\"\",\"publisher\":{\"@id\":\"https:\/\/centcols.org\/#organization\"},\"potentialAction\":[{\"@type\":\"SearchAction\",\"target\":{\"@type\":\"EntryPoint\",\"urlTemplate\":\"https:\/\/centcols.org\/?s={search_term_string}\"},\"query-input\":{\"@type\":\"PropertyValueSpecification\",\"valueRequired\":true,\"valueName\":\"search_term_string\"}}],\"inLanguage\":\"es\"},{\"@type\":\"Organization\",\"@id\":\"https:\/\/centcols.org\/#organization\",\"name\":\"Club des Cent Cols\",\"url\":\"https:\/\/centcols.org\/\",\"logo\":{\"@type\":\"ImageObject\",\"inLanguage\":\"es\",\"@id\":\"https:\/\/centcols.org\/#\/schema\/logo\/image\/\",\"url\":\"https:\/\/centcols.org\/wp-content\/uploads\/2025\/01\/carte-icone.png\",\"contentUrl\":\"https:\/\/centcols.org\/wp-content\/uploads\/2025\/01\/carte-icone.png\",\"width\":250,\"height\":250,\"caption\":\"Club des Cent Cols\"},\"image\":{\"@id\":\"https:\/\/centcols.org\/#\/schema\/logo\/image\/\"},\"sameAs\":[\"https:\/\/www.facebook.com\/groups\/5261880558\/?locale=fr_FR\"]},{\"@type\":\"Person\",\"@id\":\"https:\/\/centcols.org\/#\/schema\/person\/377f00da2793c0363246869bb3a344d0\",\"name\":\"Guy Harl\u00e9\",\"image\":{\"@type\":\"ImageObject\",\"inLanguage\":\"es\",\"@id\":\"https:\/\/centcols.org\/wp-content\/litespeed\/avatar\/94c4de37e46cf090f296d42ab3e8d6a6.jpg?ver=1777238144\",\"url\":\"https:\/\/centcols.org\/wp-content\/litespeed\/avatar\/94c4de37e46cf090f296d42ab3e8d6a6.jpg?ver=1777238144\",\"contentUrl\":\"https:\/\/centcols.org\/wp-content\/litespeed\/avatar\/94c4de37e46cf090f296d42ab3e8d6a6.jpg?ver=1777238144\",\"caption\":\"Guy Harl\u00e9\"},\"url\":\"https:\/\/centcols.org\/es\/author\/5193\/\"}]}<\/script>\n<!-- \/ Yoast SEO plugin. -->","yoast_head_json":{"title":"Alpes del Sur, Col d'Espr\u00e9aux, 14 de septiembre de 2019 - Club des Cent Cols","robots":{"index":"index","follow":"follow","max-snippet":"max-snippet:-1","max-image-preview":"max-image-preview:large","max-video-preview":"max-video-preview:-1"},"canonical":"https:\/\/centcols.org\/es\/alpes-del-sur-col-despreaux-14-septiembre-2019\/","og_locale":"es_ES","og_type":"article","og_title":"Alpes du Sud, col d'Espr\u00e9aux, 14 septembre 2019 - Club des Cent Cols","og_description":"Samedi 14 septembre 2019, Alpes SudCol d&rsquo;Espr\u00e9aux (FR-05-1160a) Rassemblement commun avec celui du Comit\u00e9 d\u00e9partemental des Hautes Alpes D\u00e9parts pr\u00e9vus de Gap et TallardRendez-vous pr\u00e9vu pour midi au col c\u00f4t\u00e9 Veynes T\u00e9l\u00e9charger le dossier rassemblement Alpes du Sud ICI Contact Bernard Henry06 08 74 29 59[email]bern&#97;&#114;&#100;&#46;&#104;&#101;&#110;&#x72;&#x79;&#x30;&#x35;&#x40;&#x6f;&#x72;&#x61;&#x6e;ge&#46;f&#114;[\/email]","og_url":"https:\/\/centcols.org\/es\/alpes-del-sur-col-despreaux-14-septiembre-2019\/","og_site_name":"Club des Cent Cols","article_publisher":"https:\/\/www.facebook.com\/groups\/5261880558\/?locale=fr_FR","article_published_time":"2018-12-16T15:17:51+00:00","article_modified_time":"2025-08-29T19:48:04+00:00","author":"Guy Harl\u00e9","twitter_card":"summary_large_image","twitter_misc":{"Escrito por":"Guy Harl\u00e9","Tiempo de lectura":"1 minuto"},"schema":{"@context":"https:\/\/schema.org","@graph":[{"@type":"Article","@id":"https:\/\/centcols.org\/alpes-du-sud-col-despreaux-14-septembre-2019\/#article","isPartOf":{"@id":"https:\/\/centcols.org\/alpes-du-sud-col-despreaux-14-septembre-2019\/"},"author":{"name":"Guy Harl\u00e9","@id":"https:\/\/centcols.org\/#\/schema\/person\/377f00da2793c0363246869bb3a344d0"},"headline":"Alpes du Sud, col d&rsquo;Espr\u00e9aux, 14 septembre 2019","datePublished":"2018-12-16T15:17:51+00:00","dateModified":"2025-08-29T19:48:04+00:00","mainEntityOfPage":{"@id":"https:\/\/centcols.org\/alpes-du-sud-col-despreaux-14-septembre-2019\/"},"wordCount":65,"publisher":{"@id":"https:\/\/centcols.org\/#organization"},"articleSection":["2019-rassemblements","Calendrier","Rencontres r\u00e9gionales"],"inLanguage":"es"},{"@type":"WebPage","@id":"https:\/\/centcols.org\/alpes-du-sud-col-despreaux-14-septembre-2019\/","url":"https:\/\/centcols.org\/alpes-du-sud-col-despreaux-14-septembre-2019\/","name":"Alpes del Sur, Col d'Espr\u00e9aux, 14 de septiembre de 2019 - Club des Cent Cols","isPartOf":{"@id":"https:\/\/centcols.org\/#website"},"datePublished":"2018-12-16T15:17:51+00:00","dateModified":"2025-08-29T19:48:04+00:00","breadcrumb":{"@id":"https:\/\/centcols.org\/alpes-du-sud-col-despreaux-14-septembre-2019\/#breadcrumb"},"inLanguage":"es","potentialAction":[{"@type":"ReadAction","target":["https:\/\/centcols.org\/alpes-du-sud-col-despreaux-14-septembre-2019\/"]}]},{"@type":"BreadcrumbList","@id":"https:\/\/centcols.org\/alpes-du-sud-col-despreaux-14-septembre-2019\/#breadcrumb","itemListElement":[{"@type":"ListItem","position":1,"name":"Accueil","item":"https:\/\/centcols.org\/"},{"@type":"ListItem","position":2,"name":"Calendrier","item":"https:\/\/centcols.org\/rubrique\/calendrier\/"},{"@type":"ListItem","position":3,"name":"Alpes du Sud, col d&rsquo;Espr\u00e9aux, 14 septembre 2019"}]},{"@type":"WebSite","@id":"https:\/\/centcols.org\/#website","url":"https:\/\/centcols.org\/","name":"Club des Cent Cols","description":"","publisher":{"@id":"https:\/\/centcols.org\/#organization"},"potentialAction":[{"@type":"SearchAction","target":{"@type":"EntryPoint","urlTemplate":"https:\/\/centcols.org\/?s={search_term_string}"},"query-input":{"@type":"PropertyValueSpecification","valueRequired":true,"valueName":"search_term_string"}}],"inLanguage":"es"},{"@type":"Organization","@id":"https:\/\/centcols.org\/#organization","name":"Club des Cent Cols","url":"https:\/\/centcols.org\/","logo":{"@type":"ImageObject","inLanguage":"es","@id":"https:\/\/centcols.org\/#\/schema\/logo\/image\/","url":"https:\/\/centcols.org\/wp-content\/uploads\/2025\/01\/carte-icone.png","contentUrl":"https:\/\/centcols.org\/wp-content\/uploads\/2025\/01\/carte-icone.png","width":250,"height":250,"caption":"Club des Cent Cols"},"image":{"@id":"https:\/\/centcols.org\/#\/schema\/logo\/image\/"},"sameAs":["https:\/\/www.facebook.com\/groups\/5261880558\/?locale=fr_FR"]},{"@type":"Person","@id":"https:\/\/centcols.org\/#\/schema\/person\/377f00da2793c0363246869bb3a344d0","name":"Guy Harl\u00e9","image":{"@type":"ImageObject","inLanguage":"es","@id":"https:\/\/centcols.org\/wp-content\/litespeed\/avatar\/94c4de37e46cf090f296d42ab3e8d6a6.jpg?ver=1777238144","url":"https:\/\/centcols.org\/wp-content\/litespeed\/avatar\/94c4de37e46cf090f296d42ab3e8d6a6.jpg?ver=1777238144","contentUrl":"https:\/\/centcols.org\/wp-content\/litespeed\/avatar\/94c4de37e46cf090f296d42ab3e8d6a6.jpg?ver=1777238144","caption":"Guy Harl\u00e9"},"url":"https:\/\/centcols.org\/es\/author\/5193\/"}]}},"_links":{"self":[{"href":"https:\/\/centcols.org\/es\/wp-json\/wp\/v2\/posts\/82112","targetHints":{"allow":["GET"]}}],"collection":[{"href":"https:\/\/centcols.org\/es\/wp-json\/wp\/v2\/posts"}],"about":[{"href":"https:\/\/centcols.org\/es\/wp-json\/wp\/v2\/types\/post"}],"author":[{"embeddable":true,"href":"https:\/\/centcols.org\/es\/wp-json\/wp\/v2\/users\/136"}],"replies":[{"embeddable":true,"href":"https:\/\/centcols.org\/es\/wp-json\/wp\/v2\/comments?post=82112"}],"version-history":[{"count":0,"href":"https:\/\/centcols.org\/es\/wp-json\/wp\/v2\/posts\/82112\/revisions"}],"wp:attachment":[{"href":"https:\/\/centcols.org\/es\/wp-json\/wp\/v2\/media?parent=82112"}],"wp:term":[{"taxonomy":"category","embeddable":true,"href":"https:\/\/centcols.org\/es\/wp-json\/wp\/v2\/categories?post=82112"},{"taxonomy":"post_tag","embeddable":true,"href":"https:\/\/centcols.org\/es\/wp-json\/wp\/v2\/tags?post=82112"}],"curies":[{"name":"wp","href":"https:\/\/api.w.org\/{rel}","templated":true}]}}