{"id":82135,"date":"2019-06-04T21:27:38","date_gmt":"2019-06-04T19:27:38","guid":{"rendered":"https:\/\/centcols.org\/sejour-dautomne-et-assemblee-generale-a-nant-aveyron-8-au-10-novembre-2019\/"},"modified":"2025-09-14T19:38:56","modified_gmt":"2025-09-14T17:38:56","slug":"ag-2019-nant","status":"publish","type":"post","link":"https:\/\/centcols.org\/es\/ag-2019-nant\/","title":{"rendered":"Pausa de oto\u00f1o y asamblea general en Nant (Aveyron), del 8 al 10 de noviembre de 2019"},"content":{"rendered":"<blockquote class=\"wp-block-quote is-layout-flow wp-block-quote-is-layout-flow\">\n<p><span style=\"color: #808080;\">Las siguientes personas han contribuido a esta p\u00e1gina de presentaci\u00f3n de las vacaciones: responsables de inform\u00e1tica y vacaciones<\/span><\/p>\n<\/blockquote>\n\n\n<div class=\"wp-block-image wp-image-35493\">\n<figure class=\"aligncenter size-full\"><a href=\"https:\/\/centcols.org\/wp-content\/uploads\/2025\/05\/2018.10-Nant-vue-generale017-r.jpg\"><img loading=\"lazy\" decoding=\"async\" width=\"800\" height=\"600\" src=\"https:\/\/centcols.org\/wp-content\/uploads\/2025\/05\/2018.10-Nant-vue-generale017-r.jpg\" alt=\"\" class=\"wp-image-82139\" srcset=\"https:\/\/centcols.org\/wp-content\/uploads\/2025\/05\/2018.10-Nant-vue-generale017-r.jpg 800w, https:\/\/centcols.org\/wp-content\/uploads\/2025\/05\/2018.10-Nant-vue-generale017-r-768x576.jpg 768w\" sizes=\"auto, (max-width: 800px) 100vw, 800px\" \/><\/a><figcaption class=\"wp-element-caption\">Nant - vista general (Foto Guy Cambess\u00e8d\u00e8s)<\/figcaption><\/figure>\n<\/div>\n\n\n<p><span style=\"color: #000000;\">Estaremos en Nant, Aveyron, para nuestra escapada de oto\u00f1o y el\u2019<a href=\"https:\/\/centcols.org\/es\/ag-2019-nant\/\" target=\"_blank\" rel=\"noopener noreferrer\"><strong>Junta General Anual<\/strong><\/a> de 2019.<\/span><\/p>\n\n\n\n<h3 class=\"wp-block-heading\"><span style=\"color: #000000;\">Algunos elementos del programa:<\/span><\/h3>\n\n\n\n<p>El viernes se celebrar\u00e1 una recepci\u00f3n in situ a partir de las 16.30 horas. Las habitaciones estar\u00e1n disponibles a partir de las 17.00 horas.<\/p>\n\n\n\n<p>Inicio de la ruta del s\u00e1bado: 8.30 h en el centro de vacaciones<br>Salida de la ruta en bicicleta de monta\u00f1a del s\u00e1bado: 8.30 h en Saucli\u00e8res (reuni\u00f3n para compartir coche a las 8 h en el centro de vacaciones)<br>Salida de las rutas en bicicleta de carretera y de monta\u00f1a del domingo: 8.30 h en el centro de vacaciones<\/p>\n\n\n\n<p>Encontrar\u00e1 todos los detalles del programa en el CCI que ha recibido o que puede consultar en el sitio web.<\/p>\n\n\n\n<h3 class=\"wp-block-heading\"><span style=\"color: #000000; font-size: 1.4em;\">Encontrar\u00e1 las r\u00fabricas a continuaci\u00f3n:<\/span><\/h3>\n\n\n\n<ul class=\"wp-block-list\">\n<li><span style=\"color: #000000;\">Introducci\u00f3n a la regi\u00f3n<\/span><\/li>\n\n\n\n<li><span style=\"color: #000000;\">En <a href=\"\/es\/membres\/cctours\/tours.php\/?lieu=Nant&amp;an=2019\">circuitos<\/a><\/span><\/li>\n\n\n\n<li><span style=\"color: #000000;\">Alojamiento<\/span><\/li>\n\n\n\n<li><span style=\"color: #000000;\">Nota del Consejo de Administraci\u00f3n<\/span><\/li>\n\n\n\n<li><span style=\"color: #000000;\">Inscripci\u00f3n<\/span><\/li>\n\n\n\n<li><span style=\"color: #000000;\">Asamblea General Anual del Club des Cent Cols&nbsp;<\/span><\/li>\n\n\n\n<li><span style=\"color: #000000;\">Otras actividades o visitas<\/span><\/li>\n<\/ul>\n\n\n\n<h2 class=\"wp-block-heading\">Presentaci\u00f3n de Nant<\/h2>\n\n\n\n<p>En el Aveyron celebramos este a\u00f1o nuestra Asamblea General y las vacaciones de oto\u00f1o. Nant se encuentra en la frontera entre las monta\u00f1osas Cevenas y las \u00e1ridas mesetas de las Causses. Este pueblo medieval est\u00e1 situado a orillas de la Dourbie, un r\u00edo caudaloso que, desde su nacimiento cerca de Mont Aigoual, ha esculpido las gargantas de la Dourbie al este y el ca\u00f1\u00f3n de la Dourbie al norte en su camino hacia el Tarn, al que se une en Millau. No llegaremos hasta el Aigoual, una hermosa monta\u00f1a que exploramos a fondo durante nuestro viaje a Camprieu en 2011. No obstante, algunos puertos saciar\u00e1n nuestra sed de haza\u00f1as oto\u00f1ales. En un radio de unos cuarenta kil\u00f3metros, adem\u00e1s de la Dourbie y el Aigoual, hay numerosos lugares que satisfar\u00e1n nuestra curiosidad tur\u00edstica: Gorges du Tarn, Millau y su viaducto, Saint-Affrique, Roquefort, el Caos de Montpellier-le-Vieux, etc.<\/p>\n\n\n\n<figure class=\"wp-block-gallery has-nested-images columns-3 is-cropped wp-block-gallery-1 is-layout-flex wp-block-gallery-is-layout-flex\">\n<figure class=\"wp-block-image size-full\"><a href=\"https:\/\/centcols.org\/wp-content\/uploads\/2019\/06\/2018.10-Nant-le-vieux-pont008-r.jpg\"><img loading=\"lazy\" decoding=\"async\" width=\"800\" height=\"600\" data-id=\"88588\" src=\"https:\/\/centcols.org\/wp-content\/uploads\/2019\/06\/2018.10-Nant-le-vieux-pont008-r.jpg\" alt=\"\" class=\"wp-image-88588\" srcset=\"https:\/\/centcols.org\/wp-content\/uploads\/2019\/06\/2018.10-Nant-le-vieux-pont008-r.jpg 800w, https:\/\/centcols.org\/wp-content\/uploads\/2019\/06\/2018.10-Nant-le-vieux-pont008-r-768x576.jpg 768w\" sizes=\"auto, (max-width: 800px) 100vw, 800px\" \/><\/a><figcaption class=\"wp-element-caption\">Nant - el puente viejo (Foto Guy Cambessedes)<\/figcaption><\/figure>\n\n\n\n<figure class=\"wp-block-image size-full\"><a href=\"https:\/\/centcols.org\/wp-content\/uploads\/2019\/06\/2018.10-Nant-la-halle-couverte-010-r.jpg\"><img loading=\"lazy\" decoding=\"async\" width=\"800\" height=\"600\" data-id=\"88589\" src=\"https:\/\/centcols.org\/wp-content\/uploads\/2019\/06\/2018.10-Nant-la-halle-couverte-010-r.jpg\" alt=\"\" class=\"wp-image-88589\" srcset=\"https:\/\/centcols.org\/wp-content\/uploads\/2019\/06\/2018.10-Nant-la-halle-couverte-010-r.jpg 800w, https:\/\/centcols.org\/wp-content\/uploads\/2019\/06\/2018.10-Nant-la-halle-couverte-010-r-768x576.jpg 768w\" sizes=\"auto, (max-width: 800px) 100vw, 800px\" \/><\/a><figcaption class=\"wp-element-caption\">Nant - el mercado cubierto (Foto Guy Cambessedes)<\/figcaption><\/figure>\n\n\n\n<figure class=\"wp-block-image size-full\"><a href=\"https:\/\/centcols.org\/wp-content\/uploads\/2019\/06\/Nant-le-roc-nantais-.jpg\"><img loading=\"lazy\" decoding=\"async\" width=\"1200\" height=\"900\" data-id=\"88592\" src=\"https:\/\/centcols.org\/wp-content\/uploads\/2019\/06\/Nant-le-roc-nantais-.jpg\" alt=\"\" class=\"wp-image-88592\" srcset=\"https:\/\/centcols.org\/wp-content\/uploads\/2019\/06\/Nant-le-roc-nantais-.jpg 1200w, https:\/\/centcols.org\/wp-content\/uploads\/2019\/06\/Nant-le-roc-nantais--768x576.jpg 768w\" sizes=\"auto, (max-width: 1200px) 100vw, 1200px\" \/><\/a><figcaption class=\"wp-element-caption\">Nant - el Roc Nantais (foto Guy Cambessedes)<\/figcaption><\/figure>\n<\/figure>\n\n\n\n<p>Hay tres sitios en Internet donde puede encontrar m\u00e1s informaci\u00f3n sobre Nant y sus alrededores:<br>Oficina de Turismo (+33 (0)5 65 62 23 64) : <a href=\"https:\/\/www.tourisme-aveyron.com\/fr\/diffusio\/patrimoine-culturel-visites\/village-de-nant-nant_TFO089808464046\" target=\"_blank\" rel=\"noreferrer noopener\">sitio web<\/a><br>Wikipedia : <a href=\"https:\/\/fr.wikipedia.org\/wiki\/Nant\" target=\"_blank\" rel=\"noreferrer noopener\">sitio web<\/a><\/p>\n\n\n\n<h2 class=\"wp-block-heading\"><a href=\"https:\/\/centcols.org\/es\/membres\/cctours\/tours.php\/?lieu=Nant&amp;an=2019\">Las rutas<\/a><\/h2>\n\n\n\n<p>Tanto el s\u00e1bado como el domingo por la ma\u00f1ana, se ofrecer\u00e1 un circuito de carretera y otro de bicicleta de monta\u00f1a. Todos ellos son accesibles a todos nuestros socios en cuanto a longitud, desnivel y dificultad. Los dos circuitos de bicicleta de monta\u00f1a se han probado sobre el terreno.&nbsp;<br>Aunque los puertos de monta\u00f1a no ser\u00e1n excepcionales, el paisaje deber\u00eda satisfacer incluso a los ciclistas m\u00e1s exigentes. En oto\u00f1o estar\u00e1 disponible una breve descripci\u00f3n de las rutas y los tracks gpx.<\/p>\n\n\n\n<h4 class=\"wp-block-heading\"><a href=\"https:\/\/centcols.org\/es\/membres\/cctours\/tours.php\/?lieu=Nant&amp;an=2019&amp;genre=R\">Rutas por carretera<\/a><\/h4>\n\n\n\n<p><strong>R1 : <\/strong>Esta ruta \u201cDourbie y Tr\u00e9zevel\u201d de 54 km y 800 m de desnivel le llevar\u00e1 por los puertos de La Pierre Plant\u00e9e y Rhodes.<\/p>\n\n\n\n<p><strong>R2 : <\/strong>En 62 km y 900 m de desnivel positivo, le llevar\u00e1 por los Causses Campestre y Larzac y le har\u00e1 superar 3 puertos.<\/p>\n\n\n\n<h4 class=\"wp-block-heading\"><a href=\"https:\/\/centcols.org\/es\/membres\/cctours\/tours.php\/?lieu=Nant&amp;an=2019&amp;genre=V\">Rutas en bicicleta de monta\u00f1a<\/a><\/h4>\n\n\n\n<p><strong>V1 : <\/strong>Saliendo desde el centro de vacaciones, recorrer\u00e1s m\u00e1s de 26 km y 800 m de desnivel para descubrir 3 puertos entre Dourbie y Causse.<\/p>\n\n\n\n<p><strong>V2 : <\/strong>Despu\u00e9s de salir en coche a 18 km, \u00a1se dirigir\u00e1 a \u201cla fuente del Burle\u201d! Otros 3 puertos en 23 km y 650 m de ascenso.<\/p>\n\n\n\n<figure class=\"wp-block-gallery has-nested-images columns-3 is-cropped wp-block-gallery-2 is-layout-flex wp-block-gallery-is-layout-flex\">\n<figure class=\"wp-block-image size-full\"><a href=\"https:\/\/centcols.org\/wp-content\/uploads\/2019\/06\/R1-Cantobre-.jpg\"><img loading=\"lazy\" decoding=\"async\" width=\"1200\" height=\"900\" data-id=\"88593\" src=\"https:\/\/centcols.org\/wp-content\/uploads\/2019\/06\/R1-Cantobre-.jpg\" alt=\"\" class=\"wp-image-88593\" srcset=\"https:\/\/centcols.org\/wp-content\/uploads\/2019\/06\/R1-Cantobre-.jpg 1200w, https:\/\/centcols.org\/wp-content\/uploads\/2019\/06\/R1-Cantobre--768x576.jpg 768w\" sizes=\"auto, (max-width: 1200px) 100vw, 1200px\" \/><\/a><figcaption class=\"wp-element-caption\">R1 - Cantobre (Foto G Cambesedes)<\/figcaption><\/figure>\n\n\n\n<figure class=\"wp-block-image size-full\"><a href=\"https:\/\/centcols.org\/wp-content\/uploads\/2019\/06\/R1-la-chapelle-des-Cuns-.jpg\"><img loading=\"lazy\" decoding=\"async\" width=\"1200\" height=\"900\" data-id=\"88594\" src=\"https:\/\/centcols.org\/wp-content\/uploads\/2019\/06\/R1-la-chapelle-des-Cuns-.jpg\" alt=\"\" class=\"wp-image-88594\" srcset=\"https:\/\/centcols.org\/wp-content\/uploads\/2019\/06\/R1-la-chapelle-des-Cuns-.jpg 1200w, https:\/\/centcols.org\/wp-content\/uploads\/2019\/06\/R1-la-chapelle-des-Cuns--768x576.jpg 768w\" sizes=\"auto, (max-width: 1200px) 100vw, 1200px\" \/><\/a><figcaption class=\"wp-element-caption\">R1 - La capilla Cuns (foto de Guy Cambessedes)<\/figcaption><\/figure>\n\n\n\n<figure class=\"wp-block-image size-full\"><a href=\"https:\/\/centcols.org\/wp-content\/uploads\/2019\/06\/R2-Brebis-sur-le-Larzac-.jpg\"><img loading=\"lazy\" decoding=\"async\" width=\"1200\" height=\"900\" data-id=\"88595\" src=\"https:\/\/centcols.org\/wp-content\/uploads\/2019\/06\/R2-Brebis-sur-le-Larzac-.jpg\" alt=\"\" class=\"wp-image-88595\" srcset=\"https:\/\/centcols.org\/wp-content\/uploads\/2019\/06\/R2-Brebis-sur-le-Larzac-.jpg 1200w, https:\/\/centcols.org\/wp-content\/uploads\/2019\/06\/R2-Brebis-sur-le-Larzac--768x576.jpg 768w\" sizes=\"auto, (max-width: 1200px) 100vw, 1200px\" \/><\/a><figcaption class=\"wp-element-caption\">R2 - Ovejas en el Larzac (foto Guy Cambessedes)<\/figcaption><\/figure>\n\n\n\n<figure class=\"wp-block-image size-full\"><a href=\"https:\/\/centcols.org\/wp-content\/uploads\/2019\/06\/R2-Cardabelle-.jpg\"><img loading=\"lazy\" decoding=\"async\" width=\"1200\" height=\"900\" data-id=\"88596\" src=\"https:\/\/centcols.org\/wp-content\/uploads\/2019\/06\/R2-Cardabelle-.jpg\" alt=\"\" class=\"wp-image-88596\" srcset=\"https:\/\/centcols.org\/wp-content\/uploads\/2019\/06\/R2-Cardabelle-.jpg 1200w, https:\/\/centcols.org\/wp-content\/uploads\/2019\/06\/R2-Cardabelle--768x576.jpg 768w\" sizes=\"auto, (max-width: 1200px) 100vw, 1200px\" \/><\/a><figcaption class=\"wp-element-caption\">R2 - Cardabelle (foto Guy Cambessedes)<\/figcaption><\/figure>\n\n\n\n<figure class=\"wp-block-image size-full\"><a href=\"https:\/\/centcols.org\/wp-content\/uploads\/2019\/06\/R2-La-Couvertoirade-.jpg\"><img loading=\"lazy\" decoding=\"async\" width=\"1200\" height=\"900\" data-id=\"88597\" src=\"https:\/\/centcols.org\/wp-content\/uploads\/2019\/06\/R2-La-Couvertoirade-.jpg\" alt=\"\" class=\"wp-image-88597\" srcset=\"https:\/\/centcols.org\/wp-content\/uploads\/2019\/06\/R2-La-Couvertoirade-.jpg 1200w, https:\/\/centcols.org\/wp-content\/uploads\/2019\/06\/R2-La-Couvertoirade--768x576.jpg 768w\" sizes=\"auto, (max-width: 1200px) 100vw, 1200px\" \/><\/a><figcaption class=\"wp-element-caption\">R2 - La Couvertoirade (foto Guy Cambessedes)<\/figcaption><\/figure>\n\n\n\n<figure class=\"wp-block-image size-full\"><a href=\"https:\/\/centcols.org\/wp-content\/uploads\/2019\/06\/V1-le-hameau-dAlgues-r.jpg\"><img loading=\"lazy\" decoding=\"async\" width=\"1024\" height=\"345\" data-id=\"88598\" src=\"https:\/\/centcols.org\/wp-content\/uploads\/2019\/06\/V1-le-hameau-dAlgues-r.jpg\" alt=\"\" class=\"wp-image-88598\" srcset=\"https:\/\/centcols.org\/wp-content\/uploads\/2019\/06\/V1-le-hameau-dAlgues-r.jpg 1024w, https:\/\/centcols.org\/wp-content\/uploads\/2019\/06\/V1-le-hameau-dAlgues-r-768x259.jpg 768w\" sizes=\"auto, (max-width: 1024px) 100vw, 1024px\" \/><\/a><figcaption class=\"wp-element-caption\">V1 - la aldea de Algues (foto Guy Cambessedes)<\/figcaption><\/figure>\n\n\n\n<figure class=\"wp-block-image size-full\"><a href=\"https:\/\/centcols.org\/wp-content\/uploads\/2025\/05\/V1-Nant-.jpg\"><img loading=\"lazy\" decoding=\"async\" width=\"1200\" height=\"900\" data-id=\"82172\" src=\"https:\/\/centcols.org\/wp-content\/uploads\/2025\/05\/V1-Nant-.jpg\" alt=\"\" class=\"wp-image-82172\" srcset=\"https:\/\/centcols.org\/wp-content\/uploads\/2025\/05\/V1-Nant-.jpg 1200w, https:\/\/centcols.org\/wp-content\/uploads\/2025\/05\/V1-Nant--768x576.jpg 768w\" sizes=\"auto, (max-width: 1200px) 100vw, 1200px\" \/><\/a><figcaption class=\"wp-element-caption\">V1 - Nant (foto Guy Cambessedes)<\/figcaption><\/figure>\n\n\n\n<figure class=\"wp-block-image size-full\"><a href=\"https:\/\/centcols.org\/wp-content\/uploads\/2019\/06\/V1-sur-le-causse-Begon-r-500x157-1.jpg\"><img loading=\"lazy\" decoding=\"async\" width=\"500\" height=\"157\" data-id=\"88599\" src=\"https:\/\/centcols.org\/wp-content\/uploads\/2019\/06\/V1-sur-le-causse-Begon-r-500x157-1.jpg\" alt=\"\" class=\"wp-image-88599\"\/><\/a><figcaption class=\"wp-element-caption\">V1 - en la causse B\u00e9gon (foto Guy Cambessedes)<\/figcaption><\/figure>\n\n\n\n<figure class=\"wp-block-image size-full\"><a href=\"https:\/\/centcols.org\/wp-content\/uploads\/2019\/06\/V2-au-col-de-la-croix-de-la-guerite-r.jpg\"><img loading=\"lazy\" decoding=\"async\" width=\"1280\" height=\"669\" data-id=\"88600\" src=\"https:\/\/centcols.org\/wp-content\/uploads\/2019\/06\/V2-au-col-de-la-croix-de-la-guerite-r.jpg\" alt=\"\" class=\"wp-image-88600\" srcset=\"https:\/\/centcols.org\/wp-content\/uploads\/2019\/06\/V2-au-col-de-la-croix-de-la-guerite-r.jpg 1280w, https:\/\/centcols.org\/wp-content\/uploads\/2019\/06\/V2-au-col-de-la-croix-de-la-guerite-r-1200x627.jpg 1200w, https:\/\/centcols.org\/wp-content\/uploads\/2019\/06\/V2-au-col-de-la-croix-de-la-guerite-r-768x401.jpg 768w\" sizes=\"auto, (max-width: 1280px) 100vw, 1280px\" \/><\/a><figcaption class=\"wp-element-caption\">V2 - el paso de la Croix de la gu\u00e9rite (foto Guy Cambessedes)<\/figcaption><\/figure>\n\n\n\n<figure class=\"wp-block-image size-full\"><a href=\"https:\/\/centcols.org\/wp-content\/uploads\/2019\/06\/V2-depuis-les-cretes.jpg\"><img loading=\"lazy\" decoding=\"async\" width=\"1365\" height=\"1024\" data-id=\"88601\" src=\"https:\/\/centcols.org\/wp-content\/uploads\/2019\/06\/V2-depuis-les-cretes.jpg\" alt=\"\" class=\"wp-image-88601\" srcset=\"https:\/\/centcols.org\/wp-content\/uploads\/2019\/06\/V2-depuis-les-cretes.jpg 1365w, https:\/\/centcols.org\/wp-content\/uploads\/2019\/06\/V2-depuis-les-cretes-1200x900.jpg 1200w, https:\/\/centcols.org\/wp-content\/uploads\/2019\/06\/V2-depuis-les-cretes-768x576.jpg 768w\" sizes=\"auto, (max-width: 1365px) 100vw, 1365px\" \/><\/a><figcaption class=\"wp-element-caption\">V2 - desde las crestas (foto Guy Cambessedes)<\/figcaption><\/figure>\n\n\n\n<figure class=\"wp-block-image size-full\"><a href=\"https:\/\/centcols.org\/wp-content\/uploads\/2019\/06\/V2-sur-la-piste-de-la-Barriere-rjpg.jpg\"><img loading=\"lazy\" decoding=\"async\" width=\"1280\" height=\"660\" data-id=\"88602\" src=\"https:\/\/centcols.org\/wp-content\/uploads\/2019\/06\/V2-sur-la-piste-de-la-Barriere-rjpg.jpg\" alt=\"\" class=\"wp-image-88602\" srcset=\"https:\/\/centcols.org\/wp-content\/uploads\/2019\/06\/V2-sur-la-piste-de-la-Barriere-rjpg.jpg 1280w, https:\/\/centcols.org\/wp-content\/uploads\/2019\/06\/V2-sur-la-piste-de-la-Barriere-rjpg-1200x619.jpg 1200w, https:\/\/centcols.org\/wp-content\/uploads\/2019\/06\/V2-sur-la-piste-de-la-Barriere-rjpg-768x396.jpg 768w\" sizes=\"auto, (max-width: 1280px) 100vw, 1280px\" \/><\/a><figcaption class=\"wp-element-caption\">V2 - en la pista de la Barri\u00e8re (foto Guy Cambessedes)<\/figcaption><\/figure>\n<\/figure>\n\n\n\n<h2 class=\"wp-block-heading\">Alojamiento<\/h2>\n\n\n\n<p><strong><br>Village Soleil Evasion, Domaine du Roc Nantais<\/strong>,Faubourg Bas,12230 NANT<\/p>\n\n\n\n<p>Tel: +33 (0)5 64 13 64 37. Direcci\u00f3n de correo electr\u00f3nico: <a href=\"\/es\/&\/#109;&#x61;&#x69;l&#116;&#x6f;&#x3a;n&#97;&#x6e;t&#64;&#x63;&#x61;p&#102;&#x72;a&#110;&#x63;&#x65;&#46;&#99;&#x6f;&#x6d;\">nant@capfrance.com<\/a>&nbsp;<a href=\"http:\/\/www.soleilevasion.fr\/cap-france-roc-nantais.html\">Sitio web de Roc Nantais<\/a><\/p>\n\n\n\n<div class=\"wp-block-columns is-layout-flex wp-container-core-columns-is-layout-9d6595d7 wp-block-columns-is-layout-flex\">\n<div class=\"wp-block-column is-layout-flow wp-block-column-is-layout-flow\" style=\"flex-basis:66.66%\">\n<p>Est\u00e1 situado en el pueblo, a menos de 200 m del centro de la ciudad, en 3 hect\u00e1reas de parque. Las habitaciones son espaciosas y disponen de cuarto de ba\u00f1o y WC independientes. Dispone de todas las instalaciones habituales (sala para bicicletas, aparcamiento, WiFi, etc.).<\/p>\n\n\n\n<figure class=\"wp-block-image size-full\"><img loading=\"lazy\" decoding=\"async\" width=\"1272\" height=\"1064\" src=\"https:\/\/centcols.org\/wp-content\/uploads\/2025\/05\/Nant-Village-de-vacances.jpg\" alt=\"\" class=\"wp-image-82140\" style=\"object-fit:cover\" srcset=\"https:\/\/centcols.org\/wp-content\/uploads\/2025\/05\/Nant-Village-de-vacances.jpg 1272w, https:\/\/centcols.org\/wp-content\/uploads\/2025\/05\/Nant-Village-de-vacances-1200x1004.jpg 1200w, https:\/\/centcols.org\/wp-content\/uploads\/2025\/05\/Nant-Village-de-vacances-768x642.jpg 768w\" sizes=\"auto, (max-width: 1272px) 100vw, 1272px\" \/><\/figure>\n<\/div>\n\n\n\n<div class=\"wp-block-column is-layout-flow wp-block-column-is-layout-flow\" style=\"flex-basis:33.33%\">\n<div style=\"height:80px\" aria-hidden=\"true\" class=\"wp-block-spacer\"><\/div>\n\n\n\n<h2 class=\"wp-block-heading\">Nota del Consejo de Administraci\u00f3n<\/h2>\n\n\n\n<p>Si organiza su alojamiento en otro lugar que no sea la ciudad de vacaciones, le rogamos que nos informe de que va a participar en las vacaciones, por 3 razones:<\/p>\n\n\n\n<ol class=\"wp-block-list\">\n<li>Poder dimensionar correctamente los actos conjuntos (sesiones informativas, fiestas de bienvenida y despedida).<\/li>\n\n\n\n<li>Poder dividirse en varios grupos en las rutas para mejorar la seguridad de todos.<\/li>\n\n\n\n<li>Ayudar a los organizadores a hacer frente a cualquier imprevisto.<\/li>\n<\/ol>\n<\/div>\n<\/div>\n\n\n\n<figure class=\"wp-block-gallery has-nested-images columns-2 is-cropped wp-block-gallery-3 is-layout-flex wp-block-gallery-is-layout-flex\">\n<figure class=\"wp-block-image size-full\"><a href=\"https:\/\/centcols.org\/wp-content\/uploads\/2019\/06\/2018.10-Nant-le-roc-nantais-2-014-r.jpg\"><img loading=\"lazy\" decoding=\"async\" width=\"800\" height=\"600\" data-id=\"88590\" src=\"https:\/\/centcols.org\/wp-content\/uploads\/2019\/06\/2018.10-Nant-le-roc-nantais-2-014-r.jpg\" alt=\"\" class=\"wp-image-88590\" srcset=\"https:\/\/centcols.org\/wp-content\/uploads\/2019\/06\/2018.10-Nant-le-roc-nantais-2-014-r.jpg 800w, https:\/\/centcols.org\/wp-content\/uploads\/2019\/06\/2018.10-Nant-le-roc-nantais-2-014-r-768x576.jpg 768w\" sizes=\"auto, (max-width: 800px) 100vw, 800px\" \/><\/a><figcaption class=\"wp-element-caption\">Nant - le Roc Nantais (Foto Guy Cambessedes)<\/figcaption><\/figure>\n\n\n\n<figure class=\"wp-block-image size-full\"><a href=\"https:\/\/centcols.org\/wp-content\/uploads\/2025\/05\/2018.10-Nant-le-roc-nantais013-r.jpg\"><img loading=\"lazy\" decoding=\"async\" width=\"800\" height=\"600\" data-id=\"82137\" src=\"https:\/\/centcols.org\/wp-content\/uploads\/2025\/05\/2018.10-Nant-le-roc-nantais013-r.jpg\" alt=\"\" class=\"wp-image-82137\" srcset=\"https:\/\/centcols.org\/wp-content\/uploads\/2025\/05\/2018.10-Nant-le-roc-nantais013-r.jpg 800w, https:\/\/centcols.org\/wp-content\/uploads\/2025\/05\/2018.10-Nant-le-roc-nantais013-r-768x576.jpg 768w\" sizes=\"auto, (max-width: 800px) 100vw, 800px\" \/><\/a><figcaption class=\"wp-element-caption\">Nant - le Roc Nantais (Foto Guy Cambessedes)<\/figcaption><\/figure>\n<\/figure>\n\n\n\n<h4 class=\"wp-block-heading\">Otras opciones de alojamiento<\/h4>\n\n\n\n<p>Hay un aparcamiento p\u00fablico en las inmediaciones del Domaine du Roc Nantais: las autocaravanas pueden aparcar all\u00ed (as\u00ed como en los dem\u00e1s aparcamientos del municipio), pero no hay conexiones (electricidad, agua, etc.).<\/p>\n\n\n\n<h2 class=\"wp-block-heading\">Inscripciones<\/h2>\n\n\n\n<p>Para inscribirse, descargue el formulario de inscripci\u00f3n en PDF del siguiente enlace y siga las instrucciones que figuran en \u00e9l.<br>Tenga en cuenta que el formulario de inscripci\u00f3n adjunto a esta revista y disponible en el sitio web del Club incluye <strong>dos p\u00e1ginas<\/strong> Tambi\u00e9n deber\u00e1 firmar las condiciones que rigen el funcionamiento del \u201cfondo de solidaridad\u201d. Si piensa ir acompa\u00f1ado de su pareja, aseg\u00farese de inscribirla previamente como miembro asociado ante su Delegado Territorial, y no olvide introducir su n\u00famero de miembro asociado en la casilla correspondiente. Si, y s\u00f3lo si, un participante no es titular de una licencia de la FFCT, tambi\u00e9n deber\u00e1 suscribir un seguro obligatorio. La participaci\u00f3n en el Fondo de Solidaridad est\u00e1 incluida en la cuota de inscripci\u00f3n.<\/p>\n\n\n\n<p><strong>Dependiendo de cu\u00e1ndo llegue y cu\u00e1ndo se vaya, el paquete es diferente:<\/strong><\/p>\n\n\n\n<ul class=\"wp-block-list\">\n<li>Si llega el viernes para cenar y se marcha el domingo despu\u00e9s de comer, se le cobrar\u00e1n 134 euros.<\/li>\n\n\n\n<li>Si llega para almorzar el s\u00e1bado y se marcha el domingo por la ma\u00f1ana, se le cobrar\u00e1n 61 euros por el paquete de media pensi\u00f3n m\u00e1s 17,50 euros por el almuerzo del d\u00eda 9.<\/li>\n\n\n\n<li>Si llega para almorzar el s\u00e1bado y se marcha el domingo despu\u00e9s de comer, se le cobrar\u00e1n 71 euros por el paquete de pensi\u00f3n m\u00e1s 17,50 euros por el almuerzo del d\u00eda 9.<\/li>\n\n\n\n<li>Si viene sin alojamiento (pernoctaci\u00f3n o alojamiento por sus propios medios), puede inscribirse para las comidas del s\u00e1bado al mediod\u00eda (17,50 euros), del s\u00e1bado por la noche (21,50 euros) y\/o del domingo al mediod\u00eda (17,50 euros). Se ha mejorado la comida del s\u00e1bado por la noche.<\/li>\n\n\n\n<li>Y as\u00ed sucesivamente.<\/li>\n<\/ul>\n\n\n\n<p>Algunos pueden tener la tentaci\u00f3n de <strong>prolongar su estancia hasta el lunes 11 de noviembre<\/strong>. Hemos negociado con el proveedor del alojamiento la posibilidad de dormir una noche m\u00e1s (de domingo a lunes) con desayuno el lunes por la ma\u00f1ana. Esta es la finalidad de la l\u00ednea \u201cOpci\u00f3n\u201d a 33 euros. En cambio, no habr\u00e1 comida el domingo por la noche, ya que cada uno tendr\u00e1 que organizarse por su cuenta.<\/p>\n\n\n\n<p>Puede pagar la cuota de inscripci\u00f3n mediante cheque o transferencia a la cuenta del Club. En vista de las tasas adicionales que se cobran, no aceptamos el pago por PayPal.<\/p>\n\n\n\n<p>La asignaci\u00f3n de los socios se efect\u00faa por orden de env\u00edo del cheque o de la transferencia. En el primer caso, dar\u00e1 fe el matasellos de correos; en el segundo, env\u00edenos una copia de la orden de transferencia. Si las vacaciones est\u00e1n completas, se crear\u00e1 una lista de espera, que funcionar\u00e1 seg\u00fan las mismas normas de asignaci\u00f3n prioritaria que para las inscripciones directas.<\/p>\n\n\n\n<h3 class=\"wp-block-heading\"><strong>Descargar el bolet\u00edn :<\/strong><\/h3>\n\n\n\n<ul class=\"wp-block-list\">\n<li>Formulario de inscripci\u00f3n Nant<\/li>\n\n\n\n<li>M\u00f3dulo de inscripci\u00f3n Nant<\/li>\n\n\n\n<li>Formulario de inscripci\u00f3n Nant<\/li>\n<\/ul>\n\n\n\n<p>La fecha l\u00edmite para la recepci\u00f3n de candidaturas es <strong>30 de septiembre de 2019.<\/strong><\/p>\n\n\n\n<h3 class=\"wp-block-heading\"><strong>Trombinoscopio, una novedad:<\/strong><\/h3>\n\n\n\n<p>Cuando nos reunimos en viajes (y otros eventos), conocemos a muchos amigos y conocidos, pero no estamos seguros de saber el nombre de todos, y no siempre nos atrevemos a admitirlo o a preguntar. Para intentar remediarlo, tal como se anunci\u00f3 en la JGA de B\u00e9doin, proponemos entregar a cada participante en los viajes un sencillo trombinoscopio de los presentes, con la foto, el nombre y el n\u00famero de socio de todos aquellos que nos hayan enviado (previamente o con su inscripci\u00f3n) su foto y la autorizaci\u00f3n para publicarla en la p\u00e1gina del trombinoscopio del sitio web del Club. Puedes enviar una foto digital de tu cara sola como <strong>Archivo JPG<\/strong> de buena definici\u00f3n y calidad, con una relaci\u00f3n anchura\/altura de \u00be, mencionando claramente su nombre y n\u00famero de socio, a <a href=\"javascript:;\">photodemembre@centcols.org<\/a>, o directamente en <a href=\"javascript:;\">sejours@centcols.org<\/a> que transmitir\u00e1 la informaci\u00f3n. Aseg\u00farese de marcar la casilla s\u00ed o no en el formulario de inscripci\u00f3n, seg\u00fan acepte o no. Si no marca ninguna casilla, la respuesta se considerar\u00e1 negativa. Si env\u00eda una foto \u201cen papel\u201d con el formulario de inscripci\u00f3n, s\u00f3lo se utilizar\u00e1 para el trombinoscopio del viaje.<\/p>\n\n\n<div class=\"wp-block-image\">\n<figure class=\"aligncenter size-full\"><a href=\"https:\/\/centcols.org\/wp-content\/uploads\/2019\/06\/2018.10-Nant-templier-moderne012-r.jpg\"><img loading=\"lazy\" decoding=\"async\" width=\"800\" height=\"600\" src=\"https:\/\/centcols.org\/wp-content\/uploads\/2019\/06\/2018.10-Nant-templier-moderne012-r.jpg\" alt=\"\" class=\"wp-image-88591\" srcset=\"https:\/\/centcols.org\/wp-content\/uploads\/2019\/06\/2018.10-Nant-templier-moderne012-r.jpg 800w, https:\/\/centcols.org\/wp-content\/uploads\/2019\/06\/2018.10-Nant-templier-moderne012-r-768x576.jpg 768w\" sizes=\"auto, (max-width: 800px) 100vw, 800px\" \/><\/a><\/figure>\n<\/div>\n\n\n<h2 class=\"wp-block-heading\">Asamblea General Anual del Club des Cent Cols<\/h2>\n\n\n\n<p>Se celebrar\u00e1 in situ el s\u00e1bado por la tarde. Para m\u00e1s informaci\u00f3n, visite&nbsp;<a href=\"https:\/\/centcols.org\/es\/ag-2019-nant\/\" target=\"_blank\" rel=\"noreferrer noopener\"><strong>Junta General Anual<\/strong><\/a>.<\/p>\n\n\n\n<p>La invitaci\u00f3n a la reuni\u00f3n y los documentos reglamentarios se enviar\u00e1n como de costumbre a trav\u00e9s de un Info Cent Cols en octubre y tambi\u00e9n estar\u00e1n disponibles en la p\u00e1gina web.<\/p>\n\n\n\n<p>Al final del trabajo, habr\u00e1 una recepci\u00f3n con bebidas que nos permitir\u00e1 reunirnos de una manera menos formal.<\/p>\n\n\n\n<h2 class=\"wp-block-heading\">Otras actividades o visitas<\/h2>\n\n\n\n<p>Para los acompa\u00f1antes, podemos sugerir algunas visitas en los alrededores de Nant.<\/p>\n\n\n\n<ul class=\"wp-block-list\">\n<li>La Couvertoirade y La Cavalerie, ciudades templarias<\/li>\n\n\n\n<li>Las bodegas de Roquefort<\/li>\n\n\n\n<li>Millau y su viaducto<\/li>\n\n\n\n<li>Los pueblos de la Dourbie (les Cuns, Cantobre, Saint-V\u00e9ran y la Roque-Sainte-Marguerite)<\/li>\n<\/ul>","protected":false},"excerpt":{"rendered":"<p>Ont contribu\u00e9 \u00e0 cette page de pr\u00e9sentation du s\u00e9jour les responsables informatique et s\u00e9jours C&rsquo;est \u00e0 Nant dans l&rsquo;Aveyron que nous nous retrouverons pour le s\u00e9jour d&rsquo;automne et l&rsquo;Assembl\u00e9e G\u00e9n\u00e9rale de 2019. Quelques \u00e9l\u00e9ments de programme : Un accueil sera assur\u00e9 sur place le vendredi \u00e0 partir de 16h30. Les chambres seront disponibles d\u00e8s 17h [&hellip;]<\/p>\n","protected":false},"author":3,"featured_media":0,"comment_status":"closed","ping_status":"closed","sticky":false,"template":"","format":"standard","meta":{"_acf_changed":false,"footnotes":""},"categories":[349,383,384,363,408,231],"tags":[],"class_list":["post-82135","post","type-post","status-publish","format-standard","hentry","category-france-pays-sejours","category-12-aveyron","category-occitanie-region-sejours","category-massif-central-massif-sejours","category-grands-causses","category-sejours"],"acf":[],"yoast_head":"<!-- This site is optimized with the Yoast SEO plugin v27.2 - https:\/\/yoast.com\/product\/yoast-seo-wordpress\/ -->\n<title>S\u00e9jour d&#039;automne et assembl\u00e9e g\u00e9n\u00e9rale \u00e0 Nant (Aveyron), 8 au 10 novembre 2019 - Club des Cent Cols<\/title>\n<meta name=\"robots\" content=\"index, follow, max-snippet:-1, max-image-preview:large, max-video-preview:-1\" \/>\n<link rel=\"canonical\" href=\"https:\/\/centcols.org\/es\/ag-2019-nant\/\" \/>\n<meta property=\"og:locale\" content=\"es_ES\" \/>\n<meta property=\"og:type\" content=\"article\" \/>\n<meta property=\"og:title\" content=\"S\u00e9jour d&#039;automne et assembl\u00e9e g\u00e9n\u00e9rale \u00e0 Nant (Aveyron), 8 au 10 novembre 2019 - Club des Cent Cols\" \/>\n<meta property=\"og:description\" content=\"Ont contribu\u00e9 \u00e0 cette page de pr\u00e9sentation du s\u00e9jour les responsables informatique et s\u00e9jours C&rsquo;est \u00e0 Nant dans l&rsquo;Aveyron que nous nous retrouverons pour le s\u00e9jour d&rsquo;automne et l&rsquo;Assembl\u00e9e G\u00e9n\u00e9rale de 2019. Quelques \u00e9l\u00e9ments de programme : Un accueil sera assur\u00e9 sur place le vendredi \u00e0 partir de 16h30. Les chambres seront disponibles d\u00e8s 17h [&hellip;]\" \/>\n<meta property=\"og:url\" content=\"https:\/\/centcols.org\/es\/ag-2019-nant\/\" \/>\n<meta property=\"og:site_name\" content=\"Club des Cent Cols\" \/>\n<meta property=\"article:publisher\" content=\"https:\/\/www.facebook.com\/groups\/5261880558\/?locale=fr_FR\" \/>\n<meta property=\"article:published_time\" content=\"2019-06-04T19:27:38+00:00\" \/>\n<meta property=\"article:modified_time\" content=\"2025-09-14T17:38:56+00:00\" \/>\n<meta property=\"og:image\" content=\"https:\/\/centcols.org\/wp-content\/uploads\/2025\/05\/2018.10-Nant-vue-generale017-r.jpg\" \/>\n\t<meta property=\"og:image:width\" content=\"800\" \/>\n\t<meta property=\"og:image:height\" content=\"600\" \/>\n\t<meta property=\"og:image:type\" content=\"image\/jpeg\" \/>\n<meta name=\"author\" content=\"Webmestre\" \/>\n<meta name=\"twitter:card\" content=\"summary_large_image\" \/>\n<meta name=\"twitter:label1\" content=\"Escrito por\" \/>\n\t<meta name=\"twitter:data1\" content=\"Webmestre\" \/>\n\t<meta name=\"twitter:label2\" content=\"Tiempo de lectura\" \/>\n\t<meta name=\"twitter:data2\" content=\"13 minutos\" \/>\n<script type=\"application\/ld+json\" class=\"yoast-schema-graph\">{\"@context\":\"https:\/\/schema.org\",\"@graph\":[{\"@type\":\"Article\",\"@id\":\"https:\/\/centcols.org\/ag-2019-nant\/#article\",\"isPartOf\":{\"@id\":\"https:\/\/centcols.org\/ag-2019-nant\/\"},\"author\":{\"name\":\"Webmestre\",\"@id\":\"https:\/\/centcols.org\/#\/schema\/person\/911b404fb133d8c913dd27cdcf71c8e5\"},\"headline\":\"S\u00e9jour d&rsquo;automne et assembl\u00e9e g\u00e9n\u00e9rale \u00e0 Nant (Aveyron), 8 au 10 novembre 2019\",\"datePublished\":\"2019-06-04T19:27:38+00:00\",\"dateModified\":\"2025-09-14T17:38:56+00:00\",\"mainEntityOfPage\":{\"@id\":\"https:\/\/centcols.org\/ag-2019-nant\/\"},\"wordCount\":1788,\"publisher\":{\"@id\":\"https:\/\/centcols.org\/#organization\"},\"image\":{\"@id\":\"https:\/\/centcols.org\/ag-2019-nant\/#primaryimage\"},\"thumbnailUrl\":\"https:\/\/centcols.org\/wp-content\/uploads\/2025\/05\/2018.10-Nant-vue-generale017-r.jpg\",\"articleSection\":[\"France\",\"12-Aveyron\",\"Occitanie\",\"Massif Central\",\"Grands Causses\",\"S\u00e9jours du Club des Cent Cols\"],\"inLanguage\":\"es\"},{\"@type\":\"WebPage\",\"@id\":\"https:\/\/centcols.org\/ag-2019-nant\/\",\"url\":\"https:\/\/centcols.org\/ag-2019-nant\/\",\"name\":\"S\u00e9jour d'automne et assembl\u00e9e g\u00e9n\u00e9rale \u00e0 Nant (Aveyron), 8 au 10 novembre 2019 - Club des Cent Cols\",\"isPartOf\":{\"@id\":\"https:\/\/centcols.org\/#website\"},\"primaryImageOfPage\":{\"@id\":\"https:\/\/centcols.org\/ag-2019-nant\/#primaryimage\"},\"image\":{\"@id\":\"https:\/\/centcols.org\/ag-2019-nant\/#primaryimage\"},\"thumbnailUrl\":\"https:\/\/centcols.org\/wp-content\/uploads\/2025\/05\/2018.10-Nant-vue-generale017-r.jpg\",\"datePublished\":\"2019-06-04T19:27:38+00:00\",\"dateModified\":\"2025-09-14T17:38:56+00:00\",\"breadcrumb\":{\"@id\":\"https:\/\/centcols.org\/ag-2019-nant\/#breadcrumb\"},\"inLanguage\":\"es\",\"potentialAction\":[{\"@type\":\"ReadAction\",\"target\":[\"https:\/\/centcols.org\/ag-2019-nant\/\"]}]},{\"@type\":\"ImageObject\",\"inLanguage\":\"es\",\"@id\":\"https:\/\/centcols.org\/ag-2019-nant\/#primaryimage\",\"url\":\"https:\/\/centcols.org\/wp-content\/uploads\/2025\/05\/2018.10-Nant-vue-generale017-r.jpg\",\"contentUrl\":\"https:\/\/centcols.org\/wp-content\/uploads\/2025\/05\/2018.10-Nant-vue-generale017-r.jpg\"},{\"@type\":\"BreadcrumbList\",\"@id\":\"https:\/\/centcols.org\/ag-2019-nant\/#breadcrumb\",\"itemListElement\":[{\"@type\":\"ListItem\",\"position\":1,\"name\":\"Accueil\",\"item\":\"https:\/\/centcols.org\/\"},{\"@type\":\"ListItem\",\"position\":2,\"name\":\"S\u00e9jours du Club des Cent Cols\",\"item\":\"https:\/\/centcols.org\/rubrique\/sejours\/\"},{\"@type\":\"ListItem\",\"position\":3,\"name\":\"Pays\",\"item\":\"https:\/\/centcols.org\/rubrique\/sejours\/pays-sejours\/\"},{\"@type\":\"ListItem\",\"position\":4,\"name\":\"France\",\"item\":\"https:\/\/centcols.org\/rubrique\/sejours\/pays-sejours\/france-pays-sejours\/\"},{\"@type\":\"ListItem\",\"position\":5,\"name\":\"S\u00e9jour d&rsquo;automne et assembl\u00e9e g\u00e9n\u00e9rale \u00e0 Nant (Aveyron), 8 au 10 novembre 2019\"}]},{\"@type\":\"WebSite\",\"@id\":\"https:\/\/centcols.org\/#website\",\"url\":\"https:\/\/centcols.org\/\",\"name\":\"Club des Cent Cols\",\"description\":\"\",\"publisher\":{\"@id\":\"https:\/\/centcols.org\/#organization\"},\"potentialAction\":[{\"@type\":\"SearchAction\",\"target\":{\"@type\":\"EntryPoint\",\"urlTemplate\":\"https:\/\/centcols.org\/?s={search_term_string}\"},\"query-input\":{\"@type\":\"PropertyValueSpecification\",\"valueRequired\":true,\"valueName\":\"search_term_string\"}}],\"inLanguage\":\"es\"},{\"@type\":\"Organization\",\"@id\":\"https:\/\/centcols.org\/#organization\",\"name\":\"Club des Cent Cols\",\"url\":\"https:\/\/centcols.org\/\",\"logo\":{\"@type\":\"ImageObject\",\"inLanguage\":\"es\",\"@id\":\"https:\/\/centcols.org\/#\/schema\/logo\/image\/\",\"url\":\"https:\/\/centcols.org\/wp-content\/uploads\/2025\/01\/carte-icone.png\",\"contentUrl\":\"https:\/\/centcols.org\/wp-content\/uploads\/2025\/01\/carte-icone.png\",\"width\":250,\"height\":250,\"caption\":\"Club des Cent Cols\"},\"image\":{\"@id\":\"https:\/\/centcols.org\/#\/schema\/logo\/image\/\"},\"sameAs\":[\"https:\/\/www.facebook.com\/groups\/5261880558\/?locale=fr_FR\"]},{\"@type\":\"Person\",\"@id\":\"https:\/\/centcols.org\/#\/schema\/person\/911b404fb133d8c913dd27cdcf71c8e5\",\"name\":\"Webmestre\",\"image\":{\"@type\":\"ImageObject\",\"inLanguage\":\"es\",\"@id\":\"https:\/\/centcols.org\/wp-content\/litespeed\/avatar\/2d246e4b6b4f773e08515e1ffc53690b.jpg?ver=1777222892\",\"url\":\"https:\/\/centcols.org\/wp-content\/litespeed\/avatar\/2d246e4b6b4f773e08515e1ffc53690b.jpg?ver=1777222892\",\"contentUrl\":\"https:\/\/centcols.org\/wp-content\/litespeed\/avatar\/2d246e4b6b4f773e08515e1ffc53690b.jpg?ver=1777222892\",\"caption\":\"Webmestre\"},\"url\":\"https:\/\/centcols.org\/es\/author\/webmestre\/\"}]}<\/script>\n<!-- \/ Yoast SEO plugin. -->","yoast_head_json":{"title":"Pausa de oto\u00f1o y asamblea general en Nant (Aveyron), del 8 al 10 de noviembre de 2019 - Club des Cent Cols","robots":{"index":"index","follow":"follow","max-snippet":"max-snippet:-1","max-image-preview":"max-image-preview:large","max-video-preview":"max-video-preview:-1"},"canonical":"https:\/\/centcols.org\/es\/ag-2019-nant\/","og_locale":"es_ES","og_type":"article","og_title":"S\u00e9jour d'automne et assembl\u00e9e g\u00e9n\u00e9rale \u00e0 Nant (Aveyron), 8 au 10 novembre 2019 - Club des Cent Cols","og_description":"Ont contribu\u00e9 \u00e0 cette page de pr\u00e9sentation du s\u00e9jour les responsables informatique et s\u00e9jours C&rsquo;est \u00e0 Nant dans l&rsquo;Aveyron que nous nous retrouverons pour le s\u00e9jour d&rsquo;automne et l&rsquo;Assembl\u00e9e G\u00e9n\u00e9rale de 2019. Quelques \u00e9l\u00e9ments de programme : Un accueil sera assur\u00e9 sur place le vendredi \u00e0 partir de 16h30. Les chambres seront disponibles d\u00e8s 17h [&hellip;]","og_url":"https:\/\/centcols.org\/es\/ag-2019-nant\/","og_site_name":"Club des Cent Cols","article_publisher":"https:\/\/www.facebook.com\/groups\/5261880558\/?locale=fr_FR","article_published_time":"2019-06-04T19:27:38+00:00","article_modified_time":"2025-09-14T17:38:56+00:00","og_image":[{"width":800,"height":600,"url":"https:\/\/centcols.org\/wp-content\/uploads\/2025\/05\/2018.10-Nant-vue-generale017-r.jpg","type":"image\/jpeg"}],"author":"Webmestre","twitter_card":"summary_large_image","twitter_misc":{"Escrito por":"Webmestre","Tiempo de lectura":"13 minutos"},"schema":{"@context":"https:\/\/schema.org","@graph":[{"@type":"Article","@id":"https:\/\/centcols.org\/ag-2019-nant\/#article","isPartOf":{"@id":"https:\/\/centcols.org\/ag-2019-nant\/"},"author":{"name":"Webmestre","@id":"https:\/\/centcols.org\/#\/schema\/person\/911b404fb133d8c913dd27cdcf71c8e5"},"headline":"S\u00e9jour d&rsquo;automne et assembl\u00e9e g\u00e9n\u00e9rale \u00e0 Nant (Aveyron), 8 au 10 novembre 2019","datePublished":"2019-06-04T19:27:38+00:00","dateModified":"2025-09-14T17:38:56+00:00","mainEntityOfPage":{"@id":"https:\/\/centcols.org\/ag-2019-nant\/"},"wordCount":1788,"publisher":{"@id":"https:\/\/centcols.org\/#organization"},"image":{"@id":"https:\/\/centcols.org\/ag-2019-nant\/#primaryimage"},"thumbnailUrl":"https:\/\/centcols.org\/wp-content\/uploads\/2025\/05\/2018.10-Nant-vue-generale017-r.jpg","articleSection":["France","12-Aveyron","Occitanie","Massif Central","Grands Causses","S\u00e9jours du Club des Cent Cols"],"inLanguage":"es"},{"@type":"WebPage","@id":"https:\/\/centcols.org\/ag-2019-nant\/","url":"https:\/\/centcols.org\/ag-2019-nant\/","name":"Pausa de oto\u00f1o y asamblea general en Nant (Aveyron), del 8 al 10 de noviembre de 2019 - Club des Cent Cols","isPartOf":{"@id":"https:\/\/centcols.org\/#website"},"primaryImageOfPage":{"@id":"https:\/\/centcols.org\/ag-2019-nant\/#primaryimage"},"image":{"@id":"https:\/\/centcols.org\/ag-2019-nant\/#primaryimage"},"thumbnailUrl":"https:\/\/centcols.org\/wp-content\/uploads\/2025\/05\/2018.10-Nant-vue-generale017-r.jpg","datePublished":"2019-06-04T19:27:38+00:00","dateModified":"2025-09-14T17:38:56+00:00","breadcrumb":{"@id":"https:\/\/centcols.org\/ag-2019-nant\/#breadcrumb"},"inLanguage":"es","potentialAction":[{"@type":"ReadAction","target":["https:\/\/centcols.org\/ag-2019-nant\/"]}]},{"@type":"ImageObject","inLanguage":"es","@id":"https:\/\/centcols.org\/ag-2019-nant\/#primaryimage","url":"https:\/\/centcols.org\/wp-content\/uploads\/2025\/05\/2018.10-Nant-vue-generale017-r.jpg","contentUrl":"https:\/\/centcols.org\/wp-content\/uploads\/2025\/05\/2018.10-Nant-vue-generale017-r.jpg"},{"@type":"BreadcrumbList","@id":"https:\/\/centcols.org\/ag-2019-nant\/#breadcrumb","itemListElement":[{"@type":"ListItem","position":1,"name":"Accueil","item":"https:\/\/centcols.org\/"},{"@type":"ListItem","position":2,"name":"S\u00e9jours du Club des Cent Cols","item":"https:\/\/centcols.org\/rubrique\/sejours\/"},{"@type":"ListItem","position":3,"name":"Pays","item":"https:\/\/centcols.org\/rubrique\/sejours\/pays-sejours\/"},{"@type":"ListItem","position":4,"name":"France","item":"https:\/\/centcols.org\/rubrique\/sejours\/pays-sejours\/france-pays-sejours\/"},{"@type":"ListItem","position":5,"name":"S\u00e9jour d&rsquo;automne et assembl\u00e9e g\u00e9n\u00e9rale \u00e0 Nant (Aveyron), 8 au 10 novembre 2019"}]},{"@type":"WebSite","@id":"https:\/\/centcols.org\/#website","url":"https:\/\/centcols.org\/","name":"Club des Cent Cols","description":"","publisher":{"@id":"https:\/\/centcols.org\/#organization"},"potentialAction":[{"@type":"SearchAction","target":{"@type":"EntryPoint","urlTemplate":"https:\/\/centcols.org\/?s={search_term_string}"},"query-input":{"@type":"PropertyValueSpecification","valueRequired":true,"valueName":"search_term_string"}}],"inLanguage":"es"},{"@type":"Organization","@id":"https:\/\/centcols.org\/#organization","name":"Club des Cent Cols","url":"https:\/\/centcols.org\/","logo":{"@type":"ImageObject","inLanguage":"es","@id":"https:\/\/centcols.org\/#\/schema\/logo\/image\/","url":"https:\/\/centcols.org\/wp-content\/uploads\/2025\/01\/carte-icone.png","contentUrl":"https:\/\/centcols.org\/wp-content\/uploads\/2025\/01\/carte-icone.png","width":250,"height":250,"caption":"Club des Cent Cols"},"image":{"@id":"https:\/\/centcols.org\/#\/schema\/logo\/image\/"},"sameAs":["https:\/\/www.facebook.com\/groups\/5261880558\/?locale=fr_FR"]},{"@type":"Person","@id":"https:\/\/centcols.org\/#\/schema\/person\/911b404fb133d8c913dd27cdcf71c8e5","name":"Webmaster","image":{"@type":"ImageObject","inLanguage":"es","@id":"https:\/\/centcols.org\/wp-content\/litespeed\/avatar\/2d246e4b6b4f773e08515e1ffc53690b.jpg?ver=1777222892","url":"https:\/\/centcols.org\/wp-content\/litespeed\/avatar\/2d246e4b6b4f773e08515e1ffc53690b.jpg?ver=1777222892","contentUrl":"https:\/\/centcols.org\/wp-content\/litespeed\/avatar\/2d246e4b6b4f773e08515e1ffc53690b.jpg?ver=1777222892","caption":"Webmestre"},"url":"https:\/\/centcols.org\/es\/author\/webmestre\/"}]}},"_links":{"self":[{"href":"https:\/\/centcols.org\/es\/wp-json\/wp\/v2\/posts\/82135","targetHints":{"allow":["GET"]}}],"collection":[{"href":"https:\/\/centcols.org\/es\/wp-json\/wp\/v2\/posts"}],"about":[{"href":"https:\/\/centcols.org\/es\/wp-json\/wp\/v2\/types\/post"}],"author":[{"embeddable":true,"href":"https:\/\/centcols.org\/es\/wp-json\/wp\/v2\/users\/3"}],"replies":[{"embeddable":true,"href":"https:\/\/centcols.org\/es\/wp-json\/wp\/v2\/comments?post=82135"}],"version-history":[{"count":0,"href":"https:\/\/centcols.org\/es\/wp-json\/wp\/v2\/posts\/82135\/revisions"}],"wp:attachment":[{"href":"https:\/\/centcols.org\/es\/wp-json\/wp\/v2\/media?parent=82135"}],"wp:term":[{"taxonomy":"category","embeddable":true,"href":"https:\/\/centcols.org\/es\/wp-json\/wp\/v2\/categories?post=82135"},{"taxonomy":"post_tag","embeddable":true,"href":"https:\/\/centcols.org\/es\/wp-json\/wp\/v2\/tags?post=82135"}],"curies":[{"name":"wp","href":"https:\/\/api.w.org\/{rel}","templated":true}]}}