{"id":82144,"date":"2019-05-27T08:22:23","date_gmt":"2019-05-27T06:22:23","guid":{"rendered":"https:\/\/centcols.org\/assemblee-generale-du-club-des-cent-cols-a-nant-aveyron-le-9-novembre-2019\/"},"modified":"2025-10-12T10:17:33","modified_gmt":"2025-10-12T08:17:33","slug":"asamblea-general-del-club-cent-cols-de-nant-aveyron-el-9-de-noviembre-de-2019","status":"publish","type":"post","link":"https:\/\/centcols.org\/es\/assemblee-generale-du-club-des-cent-cols-a-nant-aveyron-le-9-novembre-2019\/","title":{"rendered":"Junta general del Club des Cent Cols en Nant (Aveyron) el 9 de noviembre de 2019"},"content":{"rendered":"\n<h2 class=\"wp-block-heading\">Assembl\u00e9e g\u00e9n\u00e9rale 2019<\/h2>\n\n\n\n<p>L&rsquo;Assembl\u00e9e g\u00e9n\u00e9rale 2019 se tiendra \u00e0 Nant le samedi 9 novembre 2019 \u00e0 14 h 30<\/p>\n\n\n\n<p>Pour participer au s\u00e9jour qui lui est associ\u00e9, rendez-vous sur la page <strong><a href=\"https:\/\/centcols.org\/categorie\/sejours\/\" target=\"_blank\" rel=\"noopener\">S\u00e9jours<\/a><\/strong>&nbsp;du site<\/p>\n\n\n\n<h2 class=\"wp-block-heading\">Lieu<\/h2>\n\n\n\n<p>Village Soleil Evasion<br>Domaine du Roc Nantais<br>Faubourg bas<br>12230 NANT<\/p>\n\n\n\n<p>T\u00e9l : 05 64 13 64 37 &#8211; [email]&#110;&#x61;n&#116;&#x40;c&#97;&#x70;f&#x72;&#x61;&#110;&#x63;e&#46;&#x63;o&#109;[\/email]<br>Web :&nbsp;<a href=\"https:\/\/www.capfrance-vacances.com\/village-vacances\/domaine-roc-nantais-nant\" target=\"_blank\" rel=\"noopener\">https:\/\/www.capfrance-vacances.com\/village-vacances\/domaine-roc-nantais-nant<\/a><\/p>\n\n\n<p>[mapsmarker marker=\u00a0\u00bb10&Prime;]<\/p>\n","protected":false},"excerpt":{"rendered":"<p>Assembl\u00e9e g\u00e9n\u00e9rale 2019 L&rsquo;Assembl\u00e9e g\u00e9n\u00e9rale 2019 se tiendra \u00e0 Nant le samedi 9 novembre 2019 \u00e0 14 h 30 Pour participer au s\u00e9jour qui lui est associ\u00e9, rendez-vous sur la page S\u00e9jours&nbsp;du site Lieu Village Soleil EvasionDomaine du Roc NantaisFaubourg bas12230 NANT T\u00e9l : 05 64 13 64 37 &#8211; [email]n&#97;&#110;&#x74;&#x40;c&#97;&#112;&#x66;&#x72;&#x61;n&#99;&#101;&#x2e;&#x63;om[\/email]Web :&nbsp;https:\/\/www.capfrance-vacances.com\/village-vacances\/domaine-roc-nantais-nant<\/p>\n","protected":false},"author":136,"featured_media":82137,"comment_status":"closed","ping_status":"closed","sticky":false,"template":"","format":"standard","meta":{"_acf_changed":false,"footnotes":""},"categories":[217,135],"tags":[],"class_list":["post-82144","post","type-post","status-publish","format-standard","has-post-thumbnail","hentry","category-assemblees-generales","category-calendrier"],"acf":[],"yoast_head":"<!-- This site is optimized with the Yoast SEO plugin v27.2 - https:\/\/yoast.com\/product\/yoast-seo-wordpress\/ -->\n<title>Assembl\u00e9e g\u00e9n\u00e9rale du Club des Cent Cols \u00e0 Nant (Aveyron) le 9 novembre 2019 - Club des Cent Cols<\/title>\n<meta name=\"robots\" content=\"index, follow, max-snippet:-1, max-image-preview:large, max-video-preview:-1\" \/>\n<link rel=\"canonical\" href=\"https:\/\/centcols.org\/es\/asamblea-general-del-club-cent-cols-de-nant-aveyron-el-9-de-noviembre-de-2019\/\" \/>\n<meta property=\"og:locale\" content=\"es_ES\" \/>\n<meta property=\"og:type\" content=\"article\" \/>\n<meta property=\"og:title\" content=\"Assembl\u00e9e g\u00e9n\u00e9rale du Club des Cent Cols \u00e0 Nant (Aveyron) le 9 novembre 2019 - Club des Cent Cols\" \/>\n<meta property=\"og:description\" content=\"Assembl\u00e9e g\u00e9n\u00e9rale 2019 L&rsquo;Assembl\u00e9e g\u00e9n\u00e9rale 2019 se tiendra \u00e0 Nant le samedi 9 novembre 2019 \u00e0 14 h 30 Pour participer au s\u00e9jour qui lui est associ\u00e9, rendez-vous sur la page S\u00e9jours&nbsp;du site Lieu Village Soleil EvasionDomaine du Roc NantaisFaubourg bas12230 NANT T\u00e9l : 05 64 13 64 37 &#8211; [email]&#110;&#x61;&#110;&#x74;&#064;&#x63;a&#112;&#x66;&#114;&#x61;&#110;&#x63;e&#x2e;c&#111;&#x6d;[\/email]Web :&nbsp;https:\/\/www.capfrance-vacances.com\/village-vacances\/domaine-roc-nantais-nant\" \/>\n<meta property=\"og:url\" content=\"https:\/\/centcols.org\/es\/asamblea-general-del-club-cent-cols-de-nant-aveyron-el-9-de-noviembre-de-2019\/\" \/>\n<meta property=\"og:site_name\" content=\"Club des Cent Cols\" \/>\n<meta property=\"article:publisher\" content=\"https:\/\/www.facebook.com\/groups\/5261880558\/?locale=fr_FR\" \/>\n<meta property=\"article:published_time\" content=\"2019-05-27T06:22:23+00:00\" \/>\n<meta property=\"article:modified_time\" content=\"2025-10-12T08:17:33+00:00\" \/>\n<meta property=\"og:image\" content=\"https:\/\/centcols.org\/wp-content\/uploads\/2025\/05\/2018.10-Nant-le-roc-nantais013-r.jpg\" \/>\n\t<meta property=\"og:image:width\" content=\"800\" \/>\n\t<meta property=\"og:image:height\" content=\"600\" \/>\n\t<meta property=\"og:image:type\" content=\"image\/jpeg\" \/>\n<meta name=\"author\" content=\"Guy Harl\u00e9\" \/>\n<meta name=\"twitter:card\" content=\"summary_large_image\" \/>\n<meta name=\"twitter:label1\" content=\"Escrito por\" \/>\n\t<meta name=\"twitter:data1\" content=\"Guy Harl\u00e9\" \/>\n\t<meta name=\"twitter:label2\" content=\"Tiempo de lectura\" \/>\n\t<meta name=\"twitter:data2\" content=\"1 minuto\" \/>\n<script type=\"application\/ld+json\" class=\"yoast-schema-graph\">{\"@context\":\"https:\/\/schema.org\",\"@graph\":[{\"@type\":\"Article\",\"@id\":\"https:\/\/centcols.org\/assemblee-generale-du-club-des-cent-cols-a-nant-aveyron-le-9-novembre-2019\/#article\",\"isPartOf\":{\"@id\":\"https:\/\/centcols.org\/assemblee-generale-du-club-des-cent-cols-a-nant-aveyron-le-9-novembre-2019\/\"},\"author\":{\"name\":\"Guy Harl\u00e9\",\"@id\":\"https:\/\/centcols.org\/#\/schema\/person\/377f00da2793c0363246869bb3a344d0\"},\"headline\":\"Assembl\u00e9e g\u00e9n\u00e9rale du Club des Cent Cols \u00e0 Nant (Aveyron) le 9 novembre 2019\",\"datePublished\":\"2019-05-27T06:22:23+00:00\",\"dateModified\":\"2025-10-12T08:17:33+00:00\",\"mainEntityOfPage\":{\"@id\":\"https:\/\/centcols.org\/assemblee-generale-du-club-des-cent-cols-a-nant-aveyron-le-9-novembre-2019\/\"},\"wordCount\":77,\"publisher\":{\"@id\":\"https:\/\/centcols.org\/#organization\"},\"image\":{\"@id\":\"https:\/\/centcols.org\/assemblee-generale-du-club-des-cent-cols-a-nant-aveyron-le-9-novembre-2019\/#primaryimage\"},\"thumbnailUrl\":\"https:\/\/centcols.org\/wp-content\/uploads\/2025\/05\/2018.10-Nant-le-roc-nantais013-r.jpg\",\"articleSection\":[\"Assembl\u00e9es g\u00e9n\u00e9rales\",\"Calendrier\"],\"inLanguage\":\"es\"},{\"@type\":\"WebPage\",\"@id\":\"https:\/\/centcols.org\/assemblee-generale-du-club-des-cent-cols-a-nant-aveyron-le-9-novembre-2019\/\",\"url\":\"https:\/\/centcols.org\/assemblee-generale-du-club-des-cent-cols-a-nant-aveyron-le-9-novembre-2019\/\",\"name\":\"Assembl\u00e9e g\u00e9n\u00e9rale du Club des Cent Cols \u00e0 Nant (Aveyron) le 9 novembre 2019 - Club des Cent Cols\",\"isPartOf\":{\"@id\":\"https:\/\/centcols.org\/#website\"},\"primaryImageOfPage\":{\"@id\":\"https:\/\/centcols.org\/assemblee-generale-du-club-des-cent-cols-a-nant-aveyron-le-9-novembre-2019\/#primaryimage\"},\"image\":{\"@id\":\"https:\/\/centcols.org\/assemblee-generale-du-club-des-cent-cols-a-nant-aveyron-le-9-novembre-2019\/#primaryimage\"},\"thumbnailUrl\":\"https:\/\/centcols.org\/wp-content\/uploads\/2025\/05\/2018.10-Nant-le-roc-nantais013-r.jpg\",\"datePublished\":\"2019-05-27T06:22:23+00:00\",\"dateModified\":\"2025-10-12T08:17:33+00:00\",\"breadcrumb\":{\"@id\":\"https:\/\/centcols.org\/assemblee-generale-du-club-des-cent-cols-a-nant-aveyron-le-9-novembre-2019\/#breadcrumb\"},\"inLanguage\":\"es\",\"potentialAction\":[{\"@type\":\"ReadAction\",\"target\":[\"https:\/\/centcols.org\/assemblee-generale-du-club-des-cent-cols-a-nant-aveyron-le-9-novembre-2019\/\"]}]},{\"@type\":\"ImageObject\",\"inLanguage\":\"es\",\"@id\":\"https:\/\/centcols.org\/assemblee-generale-du-club-des-cent-cols-a-nant-aveyron-le-9-novembre-2019\/#primaryimage\",\"url\":\"https:\/\/centcols.org\/wp-content\/uploads\/2025\/05\/2018.10-Nant-le-roc-nantais013-r.jpg\",\"contentUrl\":\"https:\/\/centcols.org\/wp-content\/uploads\/2025\/05\/2018.10-Nant-le-roc-nantais013-r.jpg\",\"width\":800,\"height\":600},{\"@type\":\"BreadcrumbList\",\"@id\":\"https:\/\/centcols.org\/assemblee-generale-du-club-des-cent-cols-a-nant-aveyron-le-9-novembre-2019\/#breadcrumb\",\"itemListElement\":[{\"@type\":\"ListItem\",\"position\":1,\"name\":\"Accueil\",\"item\":\"https:\/\/centcols.org\/\"},{\"@type\":\"ListItem\",\"position\":2,\"name\":\"Assembl\u00e9es g\u00e9n\u00e9rales\",\"item\":\"https:\/\/centcols.org\/rubrique\/assemblees-generales\/\"},{\"@type\":\"ListItem\",\"position\":3,\"name\":\"Assembl\u00e9e g\u00e9n\u00e9rale du Club des Cent Cols \u00e0 Nant (Aveyron) le 9 novembre 2019\"}]},{\"@type\":\"WebSite\",\"@id\":\"https:\/\/centcols.org\/#website\",\"url\":\"https:\/\/centcols.org\/\",\"name\":\"Club des Cent Cols\",\"description\":\"\",\"publisher\":{\"@id\":\"https:\/\/centcols.org\/#organization\"},\"potentialAction\":[{\"@type\":\"SearchAction\",\"target\":{\"@type\":\"EntryPoint\",\"urlTemplate\":\"https:\/\/centcols.org\/?s={search_term_string}\"},\"query-input\":{\"@type\":\"PropertyValueSpecification\",\"valueRequired\":true,\"valueName\":\"search_term_string\"}}],\"inLanguage\":\"es\"},{\"@type\":\"Organization\",\"@id\":\"https:\/\/centcols.org\/#organization\",\"name\":\"Club des Cent Cols\",\"url\":\"https:\/\/centcols.org\/\",\"logo\":{\"@type\":\"ImageObject\",\"inLanguage\":\"es\",\"@id\":\"https:\/\/centcols.org\/#\/schema\/logo\/image\/\",\"url\":\"https:\/\/centcols.org\/wp-content\/uploads\/2025\/01\/carte-icone.png\",\"contentUrl\":\"https:\/\/centcols.org\/wp-content\/uploads\/2025\/01\/carte-icone.png\",\"width\":250,\"height\":250,\"caption\":\"Club des Cent Cols\"},\"image\":{\"@id\":\"https:\/\/centcols.org\/#\/schema\/logo\/image\/\"},\"sameAs\":[\"https:\/\/www.facebook.com\/groups\/5261880558\/?locale=fr_FR\"]},{\"@type\":\"Person\",\"@id\":\"https:\/\/centcols.org\/#\/schema\/person\/377f00da2793c0363246869bb3a344d0\",\"name\":\"Guy Harl\u00e9\",\"image\":{\"@type\":\"ImageObject\",\"inLanguage\":\"es\",\"@id\":\"https:\/\/centcols.org\/wp-content\/litespeed\/avatar\/94c4de37e46cf090f296d42ab3e8d6a6.jpg?ver=1777238144\",\"url\":\"https:\/\/centcols.org\/wp-content\/litespeed\/avatar\/94c4de37e46cf090f296d42ab3e8d6a6.jpg?ver=1777238144\",\"contentUrl\":\"https:\/\/centcols.org\/wp-content\/litespeed\/avatar\/94c4de37e46cf090f296d42ab3e8d6a6.jpg?ver=1777238144\",\"caption\":\"Guy Harl\u00e9\"},\"url\":\"https:\/\/centcols.org\/es\/author\/5193\/\"}]}<\/script>\n<!-- \/ Yoast SEO plugin. -->","yoast_head_json":{"title":"Asamblea general del Club des Cent Cols en Nant (Aveyron) el 9 de noviembre de 2019 - Club des Cent Cols","robots":{"index":"index","follow":"follow","max-snippet":"max-snippet:-1","max-image-preview":"max-image-preview:large","max-video-preview":"max-video-preview:-1"},"canonical":"https:\/\/centcols.org\/es\/asamblea-general-del-club-cent-cols-de-nant-aveyron-el-9-de-noviembre-de-2019\/","og_locale":"es_ES","og_type":"article","og_title":"Assembl\u00e9e g\u00e9n\u00e9rale du Club des Cent Cols \u00e0 Nant (Aveyron) le 9 novembre 2019 - Club des Cent Cols","og_description":"Assembl\u00e9e g\u00e9n\u00e9rale 2019 L&rsquo;Assembl\u00e9e g\u00e9n\u00e9rale 2019 se tiendra \u00e0 Nant le samedi 9 novembre 2019 \u00e0 14 h 30 Pour participer au s\u00e9jour qui lui est associ\u00e9, rendez-vous sur la page S\u00e9jours&nbsp;du site Lieu Village Soleil EvasionDomaine du Roc NantaisFaubourg bas12230 NANT T\u00e9l : 05 64 13 64 37 &#8211; [email]&#110;&#x61;&#110;&#x74;&#64;&#x63;a&#112;&#x66;&#114;&#x61;&#110;&#x63;e&#x2e;c&#111;&#x6d;[\/email]Web :&nbsp;https:\/\/www.capfrance-vacances.com\/village-vacances\/domaine-roc-nantais-nant","og_url":"https:\/\/centcols.org\/es\/asamblea-general-del-club-cent-cols-de-nant-aveyron-el-9-de-noviembre-de-2019\/","og_site_name":"Club des Cent Cols","article_publisher":"https:\/\/www.facebook.com\/groups\/5261880558\/?locale=fr_FR","article_published_time":"2019-05-27T06:22:23+00:00","article_modified_time":"2025-10-12T08:17:33+00:00","og_image":[{"width":800,"height":600,"url":"https:\/\/centcols.org\/wp-content\/uploads\/2025\/05\/2018.10-Nant-le-roc-nantais013-r.jpg","type":"image\/jpeg"}],"author":"Guy Harl\u00e9","twitter_card":"summary_large_image","twitter_misc":{"Escrito por":"Guy Harl\u00e9","Tiempo de lectura":"1 minuto"},"schema":{"@context":"https:\/\/schema.org","@graph":[{"@type":"Article","@id":"https:\/\/centcols.org\/assemblee-generale-du-club-des-cent-cols-a-nant-aveyron-le-9-novembre-2019\/#article","isPartOf":{"@id":"https:\/\/centcols.org\/assemblee-generale-du-club-des-cent-cols-a-nant-aveyron-le-9-novembre-2019\/"},"author":{"name":"Guy Harl\u00e9","@id":"https:\/\/centcols.org\/#\/schema\/person\/377f00da2793c0363246869bb3a344d0"},"headline":"Assembl\u00e9e g\u00e9n\u00e9rale du Club des Cent Cols \u00e0 Nant (Aveyron) le 9 novembre 2019","datePublished":"2019-05-27T06:22:23+00:00","dateModified":"2025-10-12T08:17:33+00:00","mainEntityOfPage":{"@id":"https:\/\/centcols.org\/assemblee-generale-du-club-des-cent-cols-a-nant-aveyron-le-9-novembre-2019\/"},"wordCount":77,"publisher":{"@id":"https:\/\/centcols.org\/#organization"},"image":{"@id":"https:\/\/centcols.org\/assemblee-generale-du-club-des-cent-cols-a-nant-aveyron-le-9-novembre-2019\/#primaryimage"},"thumbnailUrl":"https:\/\/centcols.org\/wp-content\/uploads\/2025\/05\/2018.10-Nant-le-roc-nantais013-r.jpg","articleSection":["Assembl\u00e9es g\u00e9n\u00e9rales","Calendrier"],"inLanguage":"es"},{"@type":"WebPage","@id":"https:\/\/centcols.org\/assemblee-generale-du-club-des-cent-cols-a-nant-aveyron-le-9-novembre-2019\/","url":"https:\/\/centcols.org\/assemblee-generale-du-club-des-cent-cols-a-nant-aveyron-le-9-novembre-2019\/","name":"Asamblea general del Club des Cent Cols en Nant (Aveyron) el 9 de noviembre de 2019 - Club des Cent Cols","isPartOf":{"@id":"https:\/\/centcols.org\/#website"},"primaryImageOfPage":{"@id":"https:\/\/centcols.org\/assemblee-generale-du-club-des-cent-cols-a-nant-aveyron-le-9-novembre-2019\/#primaryimage"},"image":{"@id":"https:\/\/centcols.org\/assemblee-generale-du-club-des-cent-cols-a-nant-aveyron-le-9-novembre-2019\/#primaryimage"},"thumbnailUrl":"https:\/\/centcols.org\/wp-content\/uploads\/2025\/05\/2018.10-Nant-le-roc-nantais013-r.jpg","datePublished":"2019-05-27T06:22:23+00:00","dateModified":"2025-10-12T08:17:33+00:00","breadcrumb":{"@id":"https:\/\/centcols.org\/assemblee-generale-du-club-des-cent-cols-a-nant-aveyron-le-9-novembre-2019\/#breadcrumb"},"inLanguage":"es","potentialAction":[{"@type":"ReadAction","target":["https:\/\/centcols.org\/assemblee-generale-du-club-des-cent-cols-a-nant-aveyron-le-9-novembre-2019\/"]}]},{"@type":"ImageObject","inLanguage":"es","@id":"https:\/\/centcols.org\/assemblee-generale-du-club-des-cent-cols-a-nant-aveyron-le-9-novembre-2019\/#primaryimage","url":"https:\/\/centcols.org\/wp-content\/uploads\/2025\/05\/2018.10-Nant-le-roc-nantais013-r.jpg","contentUrl":"https:\/\/centcols.org\/wp-content\/uploads\/2025\/05\/2018.10-Nant-le-roc-nantais013-r.jpg","width":800,"height":600},{"@type":"BreadcrumbList","@id":"https:\/\/centcols.org\/assemblee-generale-du-club-des-cent-cols-a-nant-aveyron-le-9-novembre-2019\/#breadcrumb","itemListElement":[{"@type":"ListItem","position":1,"name":"Accueil","item":"https:\/\/centcols.org\/"},{"@type":"ListItem","position":2,"name":"Assembl\u00e9es g\u00e9n\u00e9rales","item":"https:\/\/centcols.org\/rubrique\/assemblees-generales\/"},{"@type":"ListItem","position":3,"name":"Assembl\u00e9e g\u00e9n\u00e9rale du Club des Cent Cols \u00e0 Nant (Aveyron) le 9 novembre 2019"}]},{"@type":"WebSite","@id":"https:\/\/centcols.org\/#website","url":"https:\/\/centcols.org\/","name":"Club des Cent Cols","description":"","publisher":{"@id":"https:\/\/centcols.org\/#organization"},"potentialAction":[{"@type":"SearchAction","target":{"@type":"EntryPoint","urlTemplate":"https:\/\/centcols.org\/?s={search_term_string}"},"query-input":{"@type":"PropertyValueSpecification","valueRequired":true,"valueName":"search_term_string"}}],"inLanguage":"es"},{"@type":"Organization","@id":"https:\/\/centcols.org\/#organization","name":"Club des Cent Cols","url":"https:\/\/centcols.org\/","logo":{"@type":"ImageObject","inLanguage":"es","@id":"https:\/\/centcols.org\/#\/schema\/logo\/image\/","url":"https:\/\/centcols.org\/wp-content\/uploads\/2025\/01\/carte-icone.png","contentUrl":"https:\/\/centcols.org\/wp-content\/uploads\/2025\/01\/carte-icone.png","width":250,"height":250,"caption":"Club des Cent Cols"},"image":{"@id":"https:\/\/centcols.org\/#\/schema\/logo\/image\/"},"sameAs":["https:\/\/www.facebook.com\/groups\/5261880558\/?locale=fr_FR"]},{"@type":"Person","@id":"https:\/\/centcols.org\/#\/schema\/person\/377f00da2793c0363246869bb3a344d0","name":"Guy Harl\u00e9","image":{"@type":"ImageObject","inLanguage":"es","@id":"https:\/\/centcols.org\/wp-content\/litespeed\/avatar\/94c4de37e46cf090f296d42ab3e8d6a6.jpg?ver=1777238144","url":"https:\/\/centcols.org\/wp-content\/litespeed\/avatar\/94c4de37e46cf090f296d42ab3e8d6a6.jpg?ver=1777238144","contentUrl":"https:\/\/centcols.org\/wp-content\/litespeed\/avatar\/94c4de37e46cf090f296d42ab3e8d6a6.jpg?ver=1777238144","caption":"Guy Harl\u00e9"},"url":"https:\/\/centcols.org\/es\/author\/5193\/"}]}},"_links":{"self":[{"href":"https:\/\/centcols.org\/es\/wp-json\/wp\/v2\/posts\/82144","targetHints":{"allow":["GET"]}}],"collection":[{"href":"https:\/\/centcols.org\/es\/wp-json\/wp\/v2\/posts"}],"about":[{"href":"https:\/\/centcols.org\/es\/wp-json\/wp\/v2\/types\/post"}],"author":[{"embeddable":true,"href":"https:\/\/centcols.org\/es\/wp-json\/wp\/v2\/users\/136"}],"replies":[{"embeddable":true,"href":"https:\/\/centcols.org\/es\/wp-json\/wp\/v2\/comments?post=82144"}],"version-history":[{"count":0,"href":"https:\/\/centcols.org\/es\/wp-json\/wp\/v2\/posts\/82144\/revisions"}],"wp:featuredmedia":[{"embeddable":true,"href":"https:\/\/centcols.org\/es\/wp-json\/wp\/v2\/media\/82137"}],"wp:attachment":[{"href":"https:\/\/centcols.org\/es\/wp-json\/wp\/v2\/media?parent=82144"}],"wp:term":[{"taxonomy":"category","embeddable":true,"href":"https:\/\/centcols.org\/es\/wp-json\/wp\/v2\/categories?post=82144"},{"taxonomy":"post_tag","embeddable":true,"href":"https:\/\/centcols.org\/es\/wp-json\/wp\/v2\/tags?post=82144"}],"curies":[{"name":"wp","href":"https:\/\/api.w.org\/{rel}","templated":true}]}}