{"id":82166,"date":"2019-08-13T15:52:16","date_gmt":"2019-08-13T13:52:16","guid":{"rendered":"https:\/\/centcols.org\/sejour-de-st-maurice-video-de-la-rts-du-2-septembre-2018\/"},"modified":"2025-08-28T10:35:25","modified_gmt":"2025-08-28T08:35:25","slug":"sejour-de-st-maurice-video-de-la-rts-du-2-septembre-2018","status":"publish","type":"post","link":"https:\/\/centcols.org\/es\/sejour-de-st-maurice-video-de-la-rts-du-2-septembre-2018\/","title":{"rendered":"Estancia en St-Maurice: v\u00eddeo de RTS del 2 de septiembre de 2018"},"content":{"rendered":"<p>V\u00eddeo grabado antes y durante el <a href=\"https:\/\/centcols.org\/es\/sejour-ete-2018-saint-maurice\/\">vacaciones de verano en St-Maurice<\/a> por el <a href=\"https:\/\/www.rts.ch\/\">Radio Televisi\u00f3n Suiza (RTS)<\/a>, y emitida el 2 de septiembre.<\/p>\n\n\n\n<figure class=\"wp-block-video\"><video controls src=\"\/Videos\/st-maurice-2018.mp4\"><\/video><\/figure>","protected":false},"excerpt":{"rendered":"<p>Vid\u00e9o tourn\u00e9e avant et \u00e0 l&rsquo;occasion du s\u00e9jour d&rsquo;\u00e9t\u00e9 \u00e0 St-Maurice par la Radio T\u00e9l\u00e9vision Suisse (RTS), et diffus\u00e9e le 2 septembre.<\/p>","protected":false},"author":5,"featured_media":0,"comment_status":"closed","ping_status":"closed","sticky":false,"template":"","format":"standard","meta":{"_acf_changed":false,"footnotes":""},"categories":[283,81],"tags":[],"class_list":["post-82166","post","type-post","status-publish","format-standard","hentry","category-283","category-articles-de-presse-et-videos"],"acf":[],"yoast_head":"<!-- This site is optimized with the Yoast SEO plugin v27.2 - https:\/\/yoast.com\/product\/yoast-seo-wordpress\/ -->\n<title>S\u00e9jour de St-Maurice : vid\u00e9o de la RTS du 2 septembre 2018 - Club des Cent Cols<\/title>\n<meta name=\"robots\" content=\"index, follow, max-snippet:-1, max-image-preview:large, max-video-preview:-1\" \/>\n<link rel=\"canonical\" href=\"https:\/\/centcols.org\/es\/sejour-de-st-maurice-video-de-la-rts-du-2-septembre-2018\/\" \/>\n<meta property=\"og:locale\" content=\"es_ES\" \/>\n<meta property=\"og:type\" content=\"article\" \/>\n<meta property=\"og:title\" content=\"S\u00e9jour de St-Maurice : vid\u00e9o de la RTS du 2 septembre 2018 - Club des Cent Cols\" \/>\n<meta property=\"og:description\" content=\"Vid\u00e9o tourn\u00e9e avant et \u00e0 l&rsquo;occasion du s\u00e9jour d&rsquo;\u00e9t\u00e9 \u00e0 St-Maurice par la Radio T\u00e9l\u00e9vision Suisse (RTS), et diffus\u00e9e le 2 septembre.\" \/>\n<meta property=\"og:url\" content=\"https:\/\/centcols.org\/es\/sejour-de-st-maurice-video-de-la-rts-du-2-septembre-2018\/\" \/>\n<meta property=\"og:site_name\" content=\"Club des Cent Cols\" \/>\n<meta property=\"article:publisher\" content=\"https:\/\/www.facebook.com\/groups\/5261880558\/?locale=fr_FR\" \/>\n<meta property=\"article:published_time\" content=\"2019-08-13T13:52:16+00:00\" \/>\n<meta property=\"article:modified_time\" content=\"2025-08-28T08:35:25+00:00\" \/>\n<meta name=\"author\" content=\"Patrick Schleppi\" \/>\n<meta name=\"twitter:card\" content=\"summary_large_image\" \/>\n<meta name=\"twitter:label1\" content=\"Escrito por\" \/>\n\t<meta name=\"twitter:data1\" content=\"Patrick Schleppi\" \/>\n\t<meta name=\"twitter:label2\" content=\"Tiempo de lectura\" \/>\n\t<meta name=\"twitter:data2\" content=\"1 minuto\" \/>\n<script type=\"application\/ld+json\" class=\"yoast-schema-graph\">{\"@context\":\"https:\/\/schema.org\",\"@graph\":[{\"@type\":\"Article\",\"@id\":\"https:\/\/centcols.org\/sejour-de-st-maurice-video-de-la-rts-du-2-septembre-2018\/#article\",\"isPartOf\":{\"@id\":\"https:\/\/centcols.org\/sejour-de-st-maurice-video-de-la-rts-du-2-septembre-2018\/\"},\"author\":{\"name\":\"Patrick Schleppi\",\"@id\":\"https:\/\/centcols.org\/#\/schema\/person\/c45ad1dcfa4988b57fcd5119a431cdba\"},\"headline\":\"S\u00e9jour de St-Maurice : vid\u00e9o de la RTS du 2 septembre 2018\",\"datePublished\":\"2019-08-13T13:52:16+00:00\",\"dateModified\":\"2025-08-28T08:35:25+00:00\",\"mainEntityOfPage\":{\"@id\":\"https:\/\/centcols.org\/sejour-de-st-maurice-video-de-la-rts-du-2-septembre-2018\/\"},\"wordCount\":38,\"publisher\":{\"@id\":\"https:\/\/centcols.org\/#organization\"},\"articleSection\":[\"2018\",\"Articles de presse et vid\u00e9os\"],\"inLanguage\":\"es\"},{\"@type\":\"WebPage\",\"@id\":\"https:\/\/centcols.org\/sejour-de-st-maurice-video-de-la-rts-du-2-septembre-2018\/\",\"url\":\"https:\/\/centcols.org\/sejour-de-st-maurice-video-de-la-rts-du-2-septembre-2018\/\",\"name\":\"S\u00e9jour de St-Maurice : vid\u00e9o de la RTS du 2 septembre 2018 - Club des Cent Cols\",\"isPartOf\":{\"@id\":\"https:\/\/centcols.org\/#website\"},\"datePublished\":\"2019-08-13T13:52:16+00:00\",\"dateModified\":\"2025-08-28T08:35:25+00:00\",\"breadcrumb\":{\"@id\":\"https:\/\/centcols.org\/sejour-de-st-maurice-video-de-la-rts-du-2-septembre-2018\/#breadcrumb\"},\"inLanguage\":\"es\",\"potentialAction\":[{\"@type\":\"ReadAction\",\"target\":[\"https:\/\/centcols.org\/sejour-de-st-maurice-video-de-la-rts-du-2-septembre-2018\/\"]}]},{\"@type\":\"BreadcrumbList\",\"@id\":\"https:\/\/centcols.org\/sejour-de-st-maurice-video-de-la-rts-du-2-septembre-2018\/#breadcrumb\",\"itemListElement\":[{\"@type\":\"ListItem\",\"position\":1,\"name\":\"Accueil\",\"item\":\"https:\/\/centcols.org\/\"},{\"@type\":\"ListItem\",\"position\":2,\"name\":\"Articles de presse et vid\u00e9os\",\"item\":\"https:\/\/centcols.org\/rubrique\/articles-de-presse-et-videos\/\"},{\"@type\":\"ListItem\",\"position\":3,\"name\":\"2018\",\"item\":\"https:\/\/centcols.org\/rubrique\/articles-de-presse-et-videos\/2018\/\"},{\"@type\":\"ListItem\",\"position\":4,\"name\":\"S\u00e9jour de St-Maurice : vid\u00e9o de la RTS du 2 septembre 2018\"}]},{\"@type\":\"WebSite\",\"@id\":\"https:\/\/centcols.org\/#website\",\"url\":\"https:\/\/centcols.org\/\",\"name\":\"Club des Cent Cols\",\"description\":\"\",\"publisher\":{\"@id\":\"https:\/\/centcols.org\/#organization\"},\"potentialAction\":[{\"@type\":\"SearchAction\",\"target\":{\"@type\":\"EntryPoint\",\"urlTemplate\":\"https:\/\/centcols.org\/?s={search_term_string}\"},\"query-input\":{\"@type\":\"PropertyValueSpecification\",\"valueRequired\":true,\"valueName\":\"search_term_string\"}}],\"inLanguage\":\"es\"},{\"@type\":\"Organization\",\"@id\":\"https:\/\/centcols.org\/#organization\",\"name\":\"Club des Cent Cols\",\"url\":\"https:\/\/centcols.org\/\",\"logo\":{\"@type\":\"ImageObject\",\"inLanguage\":\"es\",\"@id\":\"https:\/\/centcols.org\/#\/schema\/logo\/image\/\",\"url\":\"https:\/\/centcols.org\/wp-content\/uploads\/2025\/01\/carte-icone.png\",\"contentUrl\":\"https:\/\/centcols.org\/wp-content\/uploads\/2025\/01\/carte-icone.png\",\"width\":250,\"height\":250,\"caption\":\"Club des Cent Cols\"},\"image\":{\"@id\":\"https:\/\/centcols.org\/#\/schema\/logo\/image\/\"},\"sameAs\":[\"https:\/\/www.facebook.com\/groups\/5261880558\/?locale=fr_FR\"]},{\"@type\":\"Person\",\"@id\":\"https:\/\/centcols.org\/#\/schema\/person\/c45ad1dcfa4988b57fcd5119a431cdba\",\"name\":\"Patrick Schleppi\",\"image\":{\"@type\":\"ImageObject\",\"inLanguage\":\"es\",\"@id\":\"https:\/\/centcols.org\/wp-content\/litespeed\/avatar\/ab1e6c82cebaaf50c03181b71859291e.jpg?ver=1777234725\",\"url\":\"https:\/\/centcols.org\/wp-content\/litespeed\/avatar\/ab1e6c82cebaaf50c03181b71859291e.jpg?ver=1777234725\",\"contentUrl\":\"https:\/\/centcols.org\/wp-content\/litespeed\/avatar\/ab1e6c82cebaaf50c03181b71859291e.jpg?ver=1777234725\",\"caption\":\"Patrick Schleppi\"},\"url\":\"https:\/\/centcols.org\/es\/author\/5845\/\"}]}<\/script>\n<!-- \/ Yoast SEO plugin. -->","yoast_head_json":{"title":"Pausa en St-Maurice: v\u00eddeo de RTS del 2 de septiembre de 2018 - Club des Cent Cols","robots":{"index":"index","follow":"follow","max-snippet":"max-snippet:-1","max-image-preview":"max-image-preview:large","max-video-preview":"max-video-preview:-1"},"canonical":"https:\/\/centcols.org\/es\/sejour-de-st-maurice-video-de-la-rts-du-2-septembre-2018\/","og_locale":"es_ES","og_type":"article","og_title":"S\u00e9jour de St-Maurice : vid\u00e9o de la RTS du 2 septembre 2018 - Club des Cent Cols","og_description":"Vid\u00e9o tourn\u00e9e avant et \u00e0 l&rsquo;occasion du s\u00e9jour d&rsquo;\u00e9t\u00e9 \u00e0 St-Maurice par la Radio T\u00e9l\u00e9vision Suisse (RTS), et diffus\u00e9e le 2 septembre.","og_url":"https:\/\/centcols.org\/es\/sejour-de-st-maurice-video-de-la-rts-du-2-septembre-2018\/","og_site_name":"Club des Cent Cols","article_publisher":"https:\/\/www.facebook.com\/groups\/5261880558\/?locale=fr_FR","article_published_time":"2019-08-13T13:52:16+00:00","article_modified_time":"2025-08-28T08:35:25+00:00","author":"Patrick Schleppi","twitter_card":"summary_large_image","twitter_misc":{"Escrito por":"Patrick Schleppi","Tiempo de lectura":"1 minuto"},"schema":{"@context":"https:\/\/schema.org","@graph":[{"@type":"Article","@id":"https:\/\/centcols.org\/sejour-de-st-maurice-video-de-la-rts-du-2-septembre-2018\/#article","isPartOf":{"@id":"https:\/\/centcols.org\/sejour-de-st-maurice-video-de-la-rts-du-2-septembre-2018\/"},"author":{"name":"Patrick Schleppi","@id":"https:\/\/centcols.org\/#\/schema\/person\/c45ad1dcfa4988b57fcd5119a431cdba"},"headline":"S\u00e9jour de St-Maurice : vid\u00e9o de la RTS du 2 septembre 2018","datePublished":"2019-08-13T13:52:16+00:00","dateModified":"2025-08-28T08:35:25+00:00","mainEntityOfPage":{"@id":"https:\/\/centcols.org\/sejour-de-st-maurice-video-de-la-rts-du-2-septembre-2018\/"},"wordCount":38,"publisher":{"@id":"https:\/\/centcols.org\/#organization"},"articleSection":["2018","Articles de presse et vid\u00e9os"],"inLanguage":"es"},{"@type":"WebPage","@id":"https:\/\/centcols.org\/sejour-de-st-maurice-video-de-la-rts-du-2-septembre-2018\/","url":"https:\/\/centcols.org\/sejour-de-st-maurice-video-de-la-rts-du-2-septembre-2018\/","name":"Pausa en St-Maurice: v\u00eddeo de RTS del 2 de septiembre de 2018 - Club des Cent Cols","isPartOf":{"@id":"https:\/\/centcols.org\/#website"},"datePublished":"2019-08-13T13:52:16+00:00","dateModified":"2025-08-28T08:35:25+00:00","breadcrumb":{"@id":"https:\/\/centcols.org\/sejour-de-st-maurice-video-de-la-rts-du-2-septembre-2018\/#breadcrumb"},"inLanguage":"es","potentialAction":[{"@type":"ReadAction","target":["https:\/\/centcols.org\/sejour-de-st-maurice-video-de-la-rts-du-2-septembre-2018\/"]}]},{"@type":"BreadcrumbList","@id":"https:\/\/centcols.org\/sejour-de-st-maurice-video-de-la-rts-du-2-septembre-2018\/#breadcrumb","itemListElement":[{"@type":"ListItem","position":1,"name":"Accueil","item":"https:\/\/centcols.org\/"},{"@type":"ListItem","position":2,"name":"Articles de presse et vid\u00e9os","item":"https:\/\/centcols.org\/rubrique\/articles-de-presse-et-videos\/"},{"@type":"ListItem","position":3,"name":"2018","item":"https:\/\/centcols.org\/rubrique\/articles-de-presse-et-videos\/2018\/"},{"@type":"ListItem","position":4,"name":"S\u00e9jour de St-Maurice : vid\u00e9o de la RTS du 2 septembre 2018"}]},{"@type":"WebSite","@id":"https:\/\/centcols.org\/#website","url":"https:\/\/centcols.org\/","name":"Club des Cent Cols","description":"","publisher":{"@id":"https:\/\/centcols.org\/#organization"},"potentialAction":[{"@type":"SearchAction","target":{"@type":"EntryPoint","urlTemplate":"https:\/\/centcols.org\/?s={search_term_string}"},"query-input":{"@type":"PropertyValueSpecification","valueRequired":true,"valueName":"search_term_string"}}],"inLanguage":"es"},{"@type":"Organization","@id":"https:\/\/centcols.org\/#organization","name":"Club des Cent Cols","url":"https:\/\/centcols.org\/","logo":{"@type":"ImageObject","inLanguage":"es","@id":"https:\/\/centcols.org\/#\/schema\/logo\/image\/","url":"https:\/\/centcols.org\/wp-content\/uploads\/2025\/01\/carte-icone.png","contentUrl":"https:\/\/centcols.org\/wp-content\/uploads\/2025\/01\/carte-icone.png","width":250,"height":250,"caption":"Club des Cent Cols"},"image":{"@id":"https:\/\/centcols.org\/#\/schema\/logo\/image\/"},"sameAs":["https:\/\/www.facebook.com\/groups\/5261880558\/?locale=fr_FR"]},{"@type":"Person","@id":"https:\/\/centcols.org\/#\/schema\/person\/c45ad1dcfa4988b57fcd5119a431cdba","name":"Patrick Schleppi","image":{"@type":"ImageObject","inLanguage":"es","@id":"https:\/\/centcols.org\/wp-content\/litespeed\/avatar\/ab1e6c82cebaaf50c03181b71859291e.jpg?ver=1777234725","url":"https:\/\/centcols.org\/wp-content\/litespeed\/avatar\/ab1e6c82cebaaf50c03181b71859291e.jpg?ver=1777234725","contentUrl":"https:\/\/centcols.org\/wp-content\/litespeed\/avatar\/ab1e6c82cebaaf50c03181b71859291e.jpg?ver=1777234725","caption":"Patrick Schleppi"},"url":"https:\/\/centcols.org\/es\/author\/5845\/"}]}},"_links":{"self":[{"href":"https:\/\/centcols.org\/es\/wp-json\/wp\/v2\/posts\/82166","targetHints":{"allow":["GET"]}}],"collection":[{"href":"https:\/\/centcols.org\/es\/wp-json\/wp\/v2\/posts"}],"about":[{"href":"https:\/\/centcols.org\/es\/wp-json\/wp\/v2\/types\/post"}],"author":[{"embeddable":true,"href":"https:\/\/centcols.org\/es\/wp-json\/wp\/v2\/users\/5"}],"replies":[{"embeddable":true,"href":"https:\/\/centcols.org\/es\/wp-json\/wp\/v2\/comments?post=82166"}],"version-history":[{"count":0,"href":"https:\/\/centcols.org\/es\/wp-json\/wp\/v2\/posts\/82166\/revisions"}],"wp:attachment":[{"href":"https:\/\/centcols.org\/es\/wp-json\/wp\/v2\/media?parent=82166"}],"wp:term":[{"taxonomy":"category","embeddable":true,"href":"https:\/\/centcols.org\/es\/wp-json\/wp\/v2\/categories?post=82166"},{"taxonomy":"post_tag","embeddable":true,"href":"https:\/\/centcols.org\/es\/wp-json\/wp\/v2\/tags?post=82166"}],"curies":[{"name":"wp","href":"https:\/\/api.w.org\/{rel}","templated":true}]}}