{"id":82221,"date":"2020-04-11T14:01:01","date_gmt":"2020-04-11T12:01:01","guid":{"rendered":"https:\/\/centcols.org\/magazine-velo-vert-avril-2020\/"},"modified":"2025-07-07T00:45:59","modified_gmt":"2025-07-06T22:45:59","slug":"revista-velo-vert-abril-2020","status":"publish","type":"post","link":"https:\/\/centcols.org\/es\/magazine-velo-vert-avril-2020\/","title":{"rendered":"Revista V\u00e9lo Vert - Abril 2020"},"content":{"rendered":"<p>La revista V\u00e9lo vert se puede leer gratis este abril de 2020 : <a href=\"https:\/\/www.velovert.com\/magazine\/331\/velovert-avril-2020?fbclid=IwAR1N4R4vC3FAzGIyo51o32dxG3zWZ61YvRcjIxkrcWoFdWBI4zDtTr6DXOY\" target=\"_blank\" rel=\"noopener noreferrer\">V\u00e9alo aqu\u00ed\u00a0<\/a><\/p>","protected":false},"excerpt":{"rendered":"<p>La revista V\u00e9lo vert es gratuita este abril de 2020: V\u00e9ala aqu\u00ed\u00a0<\/p>","protected":false},"author":136,"featured_media":0,"comment_status":"closed","ping_status":"closed","sticky":false,"template":"","format":"standard","meta":{"_acf_changed":false,"footnotes":""},"categories":[287,81],"tags":[],"class_list":["post-82221","post","type-post","status-publish","format-standard","hentry","category-287","category-articles-de-presse-et-videos"],"acf":[],"yoast_head":"<!-- This site is optimized with the Yoast SEO plugin v27.2 - https:\/\/yoast.com\/product\/yoast-seo-wordpress\/ -->\n<title>Magazine V\u00e9lo Vert - Avril 2020 - Club des Cent Cols<\/title>\n<meta name=\"robots\" content=\"index, follow, max-snippet:-1, max-image-preview:large, max-video-preview:-1\" \/>\n<link rel=\"canonical\" href=\"https:\/\/centcols.org\/es\/revista-velo-vert-abril-2020\/\" \/>\n<meta property=\"og:locale\" content=\"es_ES\" \/>\n<meta property=\"og:type\" content=\"article\" \/>\n<meta property=\"og:title\" content=\"Magazine V\u00e9lo Vert - Avril 2020 - Club des Cent Cols\" \/>\n<meta property=\"og:description\" content=\"Le magazine V\u00e9lo vert est en lecture libre ce mois d&rsquo;avril 2020 : A voir ici\u00a0\" \/>\n<meta property=\"og:url\" content=\"https:\/\/centcols.org\/es\/revista-velo-vert-abril-2020\/\" \/>\n<meta property=\"og:site_name\" content=\"Club des Cent Cols\" \/>\n<meta property=\"article:publisher\" content=\"https:\/\/www.facebook.com\/groups\/5261880558\/?locale=fr_FR\" \/>\n<meta property=\"article:published_time\" content=\"2020-04-11T12:01:01+00:00\" \/>\n<meta property=\"article:modified_time\" content=\"2025-07-06T22:45:59+00:00\" \/>\n<meta name=\"author\" content=\"Guy Harl\u00e9\" \/>\n<meta name=\"twitter:card\" content=\"summary_large_image\" \/>\n<meta name=\"twitter:label1\" content=\"Escrito por\" \/>\n\t<meta name=\"twitter:data1\" content=\"Guy Harl\u00e9\" \/>\n<script type=\"application\/ld+json\" class=\"yoast-schema-graph\">{\"@context\":\"https:\/\/schema.org\",\"@graph\":[{\"@type\":\"Article\",\"@id\":\"https:\/\/centcols.org\/magazine-velo-vert-avril-2020\/#article\",\"isPartOf\":{\"@id\":\"https:\/\/centcols.org\/magazine-velo-vert-avril-2020\/\"},\"author\":{\"name\":\"Guy Harl\u00e9\",\"@id\":\"https:\/\/centcols.org\/#\/schema\/person\/377f00da2793c0363246869bb3a344d0\"},\"headline\":\"Magazine V\u00e9lo Vert &#8211; Avril 2020\",\"datePublished\":\"2020-04-11T12:01:01+00:00\",\"dateModified\":\"2025-07-06T22:45:59+00:00\",\"mainEntityOfPage\":{\"@id\":\"https:\/\/centcols.org\/magazine-velo-vert-avril-2020\/\"},\"wordCount\":22,\"publisher\":{\"@id\":\"https:\/\/centcols.org\/#organization\"},\"articleSection\":[\"2020\",\"Articles de presse et vid\u00e9os\"],\"inLanguage\":\"es\"},{\"@type\":\"WebPage\",\"@id\":\"https:\/\/centcols.org\/magazine-velo-vert-avril-2020\/\",\"url\":\"https:\/\/centcols.org\/magazine-velo-vert-avril-2020\/\",\"name\":\"Magazine V\u00e9lo Vert - Avril 2020 - Club des Cent Cols\",\"isPartOf\":{\"@id\":\"https:\/\/centcols.org\/#website\"},\"datePublished\":\"2020-04-11T12:01:01+00:00\",\"dateModified\":\"2025-07-06T22:45:59+00:00\",\"breadcrumb\":{\"@id\":\"https:\/\/centcols.org\/magazine-velo-vert-avril-2020\/#breadcrumb\"},\"inLanguage\":\"es\",\"potentialAction\":[{\"@type\":\"ReadAction\",\"target\":[\"https:\/\/centcols.org\/magazine-velo-vert-avril-2020\/\"]}]},{\"@type\":\"BreadcrumbList\",\"@id\":\"https:\/\/centcols.org\/magazine-velo-vert-avril-2020\/#breadcrumb\",\"itemListElement\":[{\"@type\":\"ListItem\",\"position\":1,\"name\":\"Accueil\",\"item\":\"https:\/\/centcols.org\/\"},{\"@type\":\"ListItem\",\"position\":2,\"name\":\"Articles de presse et vid\u00e9os\",\"item\":\"https:\/\/centcols.org\/rubrique\/articles-de-presse-et-videos\/\"},{\"@type\":\"ListItem\",\"position\":3,\"name\":\"2020\",\"item\":\"https:\/\/centcols.org\/rubrique\/articles-de-presse-et-videos\/2020\/\"},{\"@type\":\"ListItem\",\"position\":4,\"name\":\"Magazine V\u00e9lo Vert &#8211; Avril 2020\"}]},{\"@type\":\"WebSite\",\"@id\":\"https:\/\/centcols.org\/#website\",\"url\":\"https:\/\/centcols.org\/\",\"name\":\"Club des Cent Cols\",\"description\":\"\",\"publisher\":{\"@id\":\"https:\/\/centcols.org\/#organization\"},\"potentialAction\":[{\"@type\":\"SearchAction\",\"target\":{\"@type\":\"EntryPoint\",\"urlTemplate\":\"https:\/\/centcols.org\/?s={search_term_string}\"},\"query-input\":{\"@type\":\"PropertyValueSpecification\",\"valueRequired\":true,\"valueName\":\"search_term_string\"}}],\"inLanguage\":\"es\"},{\"@type\":\"Organization\",\"@id\":\"https:\/\/centcols.org\/#organization\",\"name\":\"Club des Cent Cols\",\"url\":\"https:\/\/centcols.org\/\",\"logo\":{\"@type\":\"ImageObject\",\"inLanguage\":\"es\",\"@id\":\"https:\/\/centcols.org\/#\/schema\/logo\/image\/\",\"url\":\"https:\/\/centcols.org\/wp-content\/uploads\/2025\/01\/carte-icone.png\",\"contentUrl\":\"https:\/\/centcols.org\/wp-content\/uploads\/2025\/01\/carte-icone.png\",\"width\":250,\"height\":250,\"caption\":\"Club des Cent Cols\"},\"image\":{\"@id\":\"https:\/\/centcols.org\/#\/schema\/logo\/image\/\"},\"sameAs\":[\"https:\/\/www.facebook.com\/groups\/5261880558\/?locale=fr_FR\"]},{\"@type\":\"Person\",\"@id\":\"https:\/\/centcols.org\/#\/schema\/person\/377f00da2793c0363246869bb3a344d0\",\"name\":\"Guy Harl\u00e9\",\"image\":{\"@type\":\"ImageObject\",\"inLanguage\":\"es\",\"@id\":\"https:\/\/centcols.org\/wp-content\/litespeed\/avatar\/94c4de37e46cf090f296d42ab3e8d6a6.jpg?ver=1777238144\",\"url\":\"https:\/\/centcols.org\/wp-content\/litespeed\/avatar\/94c4de37e46cf090f296d42ab3e8d6a6.jpg?ver=1777238144\",\"contentUrl\":\"https:\/\/centcols.org\/wp-content\/litespeed\/avatar\/94c4de37e46cf090f296d42ab3e8d6a6.jpg?ver=1777238144\",\"caption\":\"Guy Harl\u00e9\"},\"url\":\"https:\/\/centcols.org\/es\/author\/5193\/\"}]}<\/script>\n<!-- \/ Yoast SEO plugin. -->","yoast_head_json":{"title":"Revista V\u00e9lo Vert - Abril 2020 - Club des Cent Cols","robots":{"index":"index","follow":"follow","max-snippet":"max-snippet:-1","max-image-preview":"max-image-preview:large","max-video-preview":"max-video-preview:-1"},"canonical":"https:\/\/centcols.org\/es\/revista-velo-vert-abril-2020\/","og_locale":"es_ES","og_type":"article","og_title":"Magazine V\u00e9lo Vert - Avril 2020 - Club des Cent Cols","og_description":"Le magazine V\u00e9lo vert est en lecture libre ce mois d&rsquo;avril 2020 : A voir ici\u00a0","og_url":"https:\/\/centcols.org\/es\/revista-velo-vert-abril-2020\/","og_site_name":"Club des Cent Cols","article_publisher":"https:\/\/www.facebook.com\/groups\/5261880558\/?locale=fr_FR","article_published_time":"2020-04-11T12:01:01+00:00","article_modified_time":"2025-07-06T22:45:59+00:00","author":"Guy Harl\u00e9","twitter_card":"summary_large_image","twitter_misc":{"Escrito por":"Guy Harl\u00e9"},"schema":{"@context":"https:\/\/schema.org","@graph":[{"@type":"Article","@id":"https:\/\/centcols.org\/magazine-velo-vert-avril-2020\/#article","isPartOf":{"@id":"https:\/\/centcols.org\/magazine-velo-vert-avril-2020\/"},"author":{"name":"Guy Harl\u00e9","@id":"https:\/\/centcols.org\/#\/schema\/person\/377f00da2793c0363246869bb3a344d0"},"headline":"Magazine V\u00e9lo Vert &#8211; Avril 2020","datePublished":"2020-04-11T12:01:01+00:00","dateModified":"2025-07-06T22:45:59+00:00","mainEntityOfPage":{"@id":"https:\/\/centcols.org\/magazine-velo-vert-avril-2020\/"},"wordCount":22,"publisher":{"@id":"https:\/\/centcols.org\/#organization"},"articleSection":["2020","Articles de presse et vid\u00e9os"],"inLanguage":"es"},{"@type":"WebPage","@id":"https:\/\/centcols.org\/magazine-velo-vert-avril-2020\/","url":"https:\/\/centcols.org\/magazine-velo-vert-avril-2020\/","name":"Revista V\u00e9lo Vert - Abril 2020 - Club des Cent Cols","isPartOf":{"@id":"https:\/\/centcols.org\/#website"},"datePublished":"2020-04-11T12:01:01+00:00","dateModified":"2025-07-06T22:45:59+00:00","breadcrumb":{"@id":"https:\/\/centcols.org\/magazine-velo-vert-avril-2020\/#breadcrumb"},"inLanguage":"es","potentialAction":[{"@type":"ReadAction","target":["https:\/\/centcols.org\/magazine-velo-vert-avril-2020\/"]}]},{"@type":"BreadcrumbList","@id":"https:\/\/centcols.org\/magazine-velo-vert-avril-2020\/#breadcrumb","itemListElement":[{"@type":"ListItem","position":1,"name":"Accueil","item":"https:\/\/centcols.org\/"},{"@type":"ListItem","position":2,"name":"Articles de presse et vid\u00e9os","item":"https:\/\/centcols.org\/rubrique\/articles-de-presse-et-videos\/"},{"@type":"ListItem","position":3,"name":"2020","item":"https:\/\/centcols.org\/rubrique\/articles-de-presse-et-videos\/2020\/"},{"@type":"ListItem","position":4,"name":"Magazine V\u00e9lo Vert &#8211; Avril 2020"}]},{"@type":"WebSite","@id":"https:\/\/centcols.org\/#website","url":"https:\/\/centcols.org\/","name":"Club des Cent Cols","description":"","publisher":{"@id":"https:\/\/centcols.org\/#organization"},"potentialAction":[{"@type":"SearchAction","target":{"@type":"EntryPoint","urlTemplate":"https:\/\/centcols.org\/?s={search_term_string}"},"query-input":{"@type":"PropertyValueSpecification","valueRequired":true,"valueName":"search_term_string"}}],"inLanguage":"es"},{"@type":"Organization","@id":"https:\/\/centcols.org\/#organization","name":"Club des Cent Cols","url":"https:\/\/centcols.org\/","logo":{"@type":"ImageObject","inLanguage":"es","@id":"https:\/\/centcols.org\/#\/schema\/logo\/image\/","url":"https:\/\/centcols.org\/wp-content\/uploads\/2025\/01\/carte-icone.png","contentUrl":"https:\/\/centcols.org\/wp-content\/uploads\/2025\/01\/carte-icone.png","width":250,"height":250,"caption":"Club des Cent Cols"},"image":{"@id":"https:\/\/centcols.org\/#\/schema\/logo\/image\/"},"sameAs":["https:\/\/www.facebook.com\/groups\/5261880558\/?locale=fr_FR"]},{"@type":"Person","@id":"https:\/\/centcols.org\/#\/schema\/person\/377f00da2793c0363246869bb3a344d0","name":"Guy Harl\u00e9","image":{"@type":"ImageObject","inLanguage":"es","@id":"https:\/\/centcols.org\/wp-content\/litespeed\/avatar\/94c4de37e46cf090f296d42ab3e8d6a6.jpg?ver=1777238144","url":"https:\/\/centcols.org\/wp-content\/litespeed\/avatar\/94c4de37e46cf090f296d42ab3e8d6a6.jpg?ver=1777238144","contentUrl":"https:\/\/centcols.org\/wp-content\/litespeed\/avatar\/94c4de37e46cf090f296d42ab3e8d6a6.jpg?ver=1777238144","caption":"Guy Harl\u00e9"},"url":"https:\/\/centcols.org\/es\/author\/5193\/"}]}},"_links":{"self":[{"href":"https:\/\/centcols.org\/es\/wp-json\/wp\/v2\/posts\/82221","targetHints":{"allow":["GET"]}}],"collection":[{"href":"https:\/\/centcols.org\/es\/wp-json\/wp\/v2\/posts"}],"about":[{"href":"https:\/\/centcols.org\/es\/wp-json\/wp\/v2\/types\/post"}],"author":[{"embeddable":true,"href":"https:\/\/centcols.org\/es\/wp-json\/wp\/v2\/users\/136"}],"replies":[{"embeddable":true,"href":"https:\/\/centcols.org\/es\/wp-json\/wp\/v2\/comments?post=82221"}],"version-history":[{"count":0,"href":"https:\/\/centcols.org\/es\/wp-json\/wp\/v2\/posts\/82221\/revisions"}],"wp:attachment":[{"href":"https:\/\/centcols.org\/es\/wp-json\/wp\/v2\/media?parent=82221"}],"wp:term":[{"taxonomy":"category","embeddable":true,"href":"https:\/\/centcols.org\/es\/wp-json\/wp\/v2\/categories?post=82221"},{"taxonomy":"post_tag","embeddable":true,"href":"https:\/\/centcols.org\/es\/wp-json\/wp\/v2\/tags?post=82221"}],"curies":[{"name":"wp","href":"https:\/\/api.w.org\/{rel}","templated":true}]}}