{"id":82229,"date":"2019-11-25T10:31:34","date_gmt":"2019-11-25T08:31:34","guid":{"rendered":"https:\/\/centcols.org\/rassemblement-international-col-des-echarmeaux-rhone-le-22-aout-2020\/"},"modified":"2025-09-14T19:10:02","modified_gmt":"2025-09-14T17:10:02","slug":"encuentro-internacional-col-des-echarmeaux-rhone-el-22-de-agosto-de-2020","status":"publish","type":"post","link":"https:\/\/centcols.org\/es\/rassemblement-international-col-des-echarmeaux-rhone-le-22-aout-2020\/","title":{"rendered":"Encuentro internacional, Col des Echarmeaux (R\u00f3dano) el 22 de agosto de 2020"},"content":{"rendered":"\n<p>Le rassemblement international se tiendra en fin de s\u00e9jour d&rsquo;\u00e9t\u00e9 \u00e0 Chessy-les-Mines (15 \u00e0 22 ao\u00fbt 2020)<br>Il est ouvert \u00e0 tous.<\/p>\n\n\n\n<figure class=\"wp-block-image size-full\"><img loading=\"lazy\" decoding=\"async\" width=\"855\" height=\"613\" src=\"https:\/\/centcols.org\/wp-content\/uploads\/2025\/05\/echarmeaux.png\" alt=\"\" class=\"wp-image-82230\" srcset=\"https:\/\/centcols.org\/wp-content\/uploads\/2025\/05\/echarmeaux.png 855w, https:\/\/centcols.org\/wp-content\/uploads\/2025\/05\/echarmeaux-768x551.png 768w\" sizes=\"auto, (max-width: 855px) 100vw, 855px\" \/><\/figure>\n\n\n\n<p>Venez nombreux, et surtout, pensez \u00e0 signaler votre pr\u00e9sence.<\/p>\n\n\n\n<h3 class=\"wp-block-heading\">Contact<\/h3>\n\n\n\n<p>Guy Harl\u00e9<br>+33 4 50 60 67 27 &#8211; +33 6 77 11 17 03<br>[email]&#x67;&#x75;&#x79;&#x2e;&#x68;&#x61;&#114;&#108;&#101;&#64;gmai&#x6c;&#x2e;&#x63;&#x6f;&#x6d;[\/email]<\/p>\n","protected":false},"excerpt":{"rendered":"<p>Le rassemblement international se tiendra en fin de s\u00e9jour d&rsquo;\u00e9t\u00e9 \u00e0 Chessy-les-Mines (15 \u00e0 22 ao\u00fbt 2020)Il est ouvert \u00e0 tous. Venez nombreux, et surtout, pensez \u00e0 signaler votre pr\u00e9sence. Contact Guy Harl\u00e9+33 4 50 60 67 27 &#8211; +33 6 77 11 17 03[email]&#103;&#x75;y&#x2e;&#x68;&#97;&#x72;l&#x65;&#x40;&#103;&#x6d;a&#x69;&#x6c;&#46;&#x63;o&#x6d;[\/email]<\/p>\n","protected":false},"author":136,"featured_media":82230,"comment_status":"closed","ping_status":"closed","sticky":false,"template":"","format":"standard","meta":{"_acf_changed":false,"footnotes":""},"categories":[286,135,216],"tags":[],"class_list":["post-82229","post","type-post","status-publish","format-standard","has-post-thumbnail","hentry","category-les-rassemblements-de-2020","category-calendrier","category-rencontres-regionales"],"acf":[],"yoast_head":"<!-- This site is optimized with the Yoast SEO plugin v27.2 - https:\/\/yoast.com\/product\/yoast-seo-wordpress\/ -->\n<title>Rassemblement international, col des Echarmeaux (Rh\u00f4ne) le 22 ao\u00fbt 2020 - Club des Cent Cols<\/title>\n<meta name=\"robots\" content=\"index, follow, max-snippet:-1, max-image-preview:large, max-video-preview:-1\" \/>\n<link rel=\"canonical\" href=\"https:\/\/centcols.org\/es\/encuentro-internacional-col-des-echarmeaux-rhone-el-22-de-agosto-de-2020\/\" \/>\n<meta property=\"og:locale\" content=\"es_ES\" \/>\n<meta property=\"og:type\" content=\"article\" \/>\n<meta property=\"og:title\" content=\"Rassemblement international, col des Echarmeaux (Rh\u00f4ne) le 22 ao\u00fbt 2020 - Club des Cent Cols\" \/>\n<meta property=\"og:description\" content=\"Le rassemblement international se tiendra en fin de s\u00e9jour d&rsquo;\u00e9t\u00e9 \u00e0 Chessy-les-Mines (15 \u00e0 22 ao\u00fbt 2020)Il est ouvert \u00e0 tous. Venez nombreux, et surtout, pensez \u00e0 signaler votre pr\u00e9sence. Contact Guy Harl\u00e9+33 4 50 60 67 27 &#8211; +33 6 77 11 17 03[email]g&#117;&#x79;&#x2e;h&#097;&#x72;&#x6c;e&#064;&#x67;&#x6d;a&#105;&#x6c;&#x2e;c&#111;&#x6d;[\/email]\" \/>\n<meta property=\"og:url\" content=\"https:\/\/centcols.org\/es\/encuentro-internacional-col-des-echarmeaux-rhone-el-22-de-agosto-de-2020\/\" \/>\n<meta property=\"og:site_name\" content=\"Club des Cent Cols\" \/>\n<meta property=\"article:publisher\" content=\"https:\/\/www.facebook.com\/groups\/5261880558\/?locale=fr_FR\" \/>\n<meta property=\"article:published_time\" content=\"2019-11-25T08:31:34+00:00\" \/>\n<meta property=\"article:modified_time\" content=\"2025-09-14T17:10:02+00:00\" \/>\n<meta property=\"og:image\" content=\"https:\/\/centcols.org\/wp-content\/uploads\/2025\/05\/echarmeaux.png\" \/>\n\t<meta property=\"og:image:width\" content=\"855\" \/>\n\t<meta property=\"og:image:height\" content=\"613\" \/>\n\t<meta property=\"og:image:type\" content=\"image\/png\" \/>\n<meta name=\"author\" content=\"Guy Harl\u00e9\" \/>\n<meta name=\"twitter:card\" content=\"summary_large_image\" \/>\n<meta name=\"twitter:label1\" content=\"Escrito por\" \/>\n\t<meta name=\"twitter:data1\" content=\"Guy Harl\u00e9\" \/>\n\t<meta name=\"twitter:label2\" content=\"Tiempo de lectura\" \/>\n\t<meta name=\"twitter:data2\" content=\"1 minuto\" \/>\n<script type=\"application\/ld+json\" class=\"yoast-schema-graph\">{\"@context\":\"https:\/\/schema.org\",\"@graph\":[{\"@type\":\"Article\",\"@id\":\"https:\/\/centcols.org\/rassemblement-international-col-des-echarmeaux-rhone-le-22-aout-2020\/#article\",\"isPartOf\":{\"@id\":\"https:\/\/centcols.org\/rassemblement-international-col-des-echarmeaux-rhone-le-22-aout-2020\/\"},\"author\":{\"name\":\"Guy Harl\u00e9\",\"@id\":\"https:\/\/centcols.org\/#\/schema\/person\/377f00da2793c0363246869bb3a344d0\"},\"headline\":\"Rassemblement international, col des Echarmeaux (Rh\u00f4ne) le 22 ao\u00fbt 2020\",\"datePublished\":\"2019-11-25T08:31:34+00:00\",\"dateModified\":\"2025-09-14T17:10:02+00:00\",\"mainEntityOfPage\":{\"@id\":\"https:\/\/centcols.org\/rassemblement-international-col-des-echarmeaux-rhone-le-22-aout-2020\/\"},\"wordCount\":48,\"publisher\":{\"@id\":\"https:\/\/centcols.org\/#organization\"},\"image\":{\"@id\":\"https:\/\/centcols.org\/rassemblement-international-col-des-echarmeaux-rhone-le-22-aout-2020\/#primaryimage\"},\"thumbnailUrl\":\"https:\/\/centcols.org\/wp-content\/uploads\/2025\/05\/echarmeaux.png\",\"articleSection\":[\"2020-rassemblements\",\"Calendrier\",\"Rencontres r\u00e9gionales\"],\"inLanguage\":\"es\"},{\"@type\":\"WebPage\",\"@id\":\"https:\/\/centcols.org\/rassemblement-international-col-des-echarmeaux-rhone-le-22-aout-2020\/\",\"url\":\"https:\/\/centcols.org\/rassemblement-international-col-des-echarmeaux-rhone-le-22-aout-2020\/\",\"name\":\"Rassemblement international, col des Echarmeaux (Rh\u00f4ne) le 22 ao\u00fbt 2020 - Club des Cent Cols\",\"isPartOf\":{\"@id\":\"https:\/\/centcols.org\/#website\"},\"primaryImageOfPage\":{\"@id\":\"https:\/\/centcols.org\/rassemblement-international-col-des-echarmeaux-rhone-le-22-aout-2020\/#primaryimage\"},\"image\":{\"@id\":\"https:\/\/centcols.org\/rassemblement-international-col-des-echarmeaux-rhone-le-22-aout-2020\/#primaryimage\"},\"thumbnailUrl\":\"https:\/\/centcols.org\/wp-content\/uploads\/2025\/05\/echarmeaux.png\",\"datePublished\":\"2019-11-25T08:31:34+00:00\",\"dateModified\":\"2025-09-14T17:10:02+00:00\",\"breadcrumb\":{\"@id\":\"https:\/\/centcols.org\/rassemblement-international-col-des-echarmeaux-rhone-le-22-aout-2020\/#breadcrumb\"},\"inLanguage\":\"es\",\"potentialAction\":[{\"@type\":\"ReadAction\",\"target\":[\"https:\/\/centcols.org\/rassemblement-international-col-des-echarmeaux-rhone-le-22-aout-2020\/\"]}]},{\"@type\":\"ImageObject\",\"inLanguage\":\"es\",\"@id\":\"https:\/\/centcols.org\/rassemblement-international-col-des-echarmeaux-rhone-le-22-aout-2020\/#primaryimage\",\"url\":\"https:\/\/centcols.org\/wp-content\/uploads\/2025\/05\/echarmeaux.png\",\"contentUrl\":\"https:\/\/centcols.org\/wp-content\/uploads\/2025\/05\/echarmeaux.png\",\"width\":855,\"height\":613},{\"@type\":\"BreadcrumbList\",\"@id\":\"https:\/\/centcols.org\/rassemblement-international-col-des-echarmeaux-rhone-le-22-aout-2020\/#breadcrumb\",\"itemListElement\":[{\"@type\":\"ListItem\",\"position\":1,\"name\":\"Accueil\",\"item\":\"https:\/\/centcols.org\/\"},{\"@type\":\"ListItem\",\"position\":2,\"name\":\"Calendrier\",\"item\":\"https:\/\/centcols.org\/rubrique\/calendrier\/\"},{\"@type\":\"ListItem\",\"position\":3,\"name\":\"Rassemblement international, col des Echarmeaux (Rh\u00f4ne) le 22 ao\u00fbt 2020\"}]},{\"@type\":\"WebSite\",\"@id\":\"https:\/\/centcols.org\/#website\",\"url\":\"https:\/\/centcols.org\/\",\"name\":\"Club des Cent Cols\",\"description\":\"\",\"publisher\":{\"@id\":\"https:\/\/centcols.org\/#organization\"},\"potentialAction\":[{\"@type\":\"SearchAction\",\"target\":{\"@type\":\"EntryPoint\",\"urlTemplate\":\"https:\/\/centcols.org\/?s={search_term_string}\"},\"query-input\":{\"@type\":\"PropertyValueSpecification\",\"valueRequired\":true,\"valueName\":\"search_term_string\"}}],\"inLanguage\":\"es\"},{\"@type\":\"Organization\",\"@id\":\"https:\/\/centcols.org\/#organization\",\"name\":\"Club des Cent Cols\",\"url\":\"https:\/\/centcols.org\/\",\"logo\":{\"@type\":\"ImageObject\",\"inLanguage\":\"es\",\"@id\":\"https:\/\/centcols.org\/#\/schema\/logo\/image\/\",\"url\":\"https:\/\/centcols.org\/wp-content\/uploads\/2025\/01\/carte-icone.png\",\"contentUrl\":\"https:\/\/centcols.org\/wp-content\/uploads\/2025\/01\/carte-icone.png\",\"width\":250,\"height\":250,\"caption\":\"Club des Cent Cols\"},\"image\":{\"@id\":\"https:\/\/centcols.org\/#\/schema\/logo\/image\/\"},\"sameAs\":[\"https:\/\/www.facebook.com\/groups\/5261880558\/?locale=fr_FR\"]},{\"@type\":\"Person\",\"@id\":\"https:\/\/centcols.org\/#\/schema\/person\/377f00da2793c0363246869bb3a344d0\",\"name\":\"Guy Harl\u00e9\",\"image\":{\"@type\":\"ImageObject\",\"inLanguage\":\"es\",\"@id\":\"https:\/\/centcols.org\/wp-content\/litespeed\/avatar\/94c4de37e46cf090f296d42ab3e8d6a6.jpg?ver=1777238144\",\"url\":\"https:\/\/centcols.org\/wp-content\/litespeed\/avatar\/94c4de37e46cf090f296d42ab3e8d6a6.jpg?ver=1777238144\",\"contentUrl\":\"https:\/\/centcols.org\/wp-content\/litespeed\/avatar\/94c4de37e46cf090f296d42ab3e8d6a6.jpg?ver=1777238144\",\"caption\":\"Guy Harl\u00e9\"},\"url\":\"https:\/\/centcols.org\/es\/author\/5193\/\"}]}<\/script>\n<!-- \/ Yoast SEO plugin. -->","yoast_head_json":{"title":"Encuentro internacional, Col des Echarmeaux (Rh\u00f4ne) el 22 de agosto de 2020 - Club des Cent Cols","robots":{"index":"index","follow":"follow","max-snippet":"max-snippet:-1","max-image-preview":"max-image-preview:large","max-video-preview":"max-video-preview:-1"},"canonical":"https:\/\/centcols.org\/es\/encuentro-internacional-col-des-echarmeaux-rhone-el-22-de-agosto-de-2020\/","og_locale":"es_ES","og_type":"article","og_title":"Rassemblement international, col des Echarmeaux (Rh\u00f4ne) le 22 ao\u00fbt 2020 - Club des Cent Cols","og_description":"Le rassemblement international se tiendra en fin de s\u00e9jour d&rsquo;\u00e9t\u00e9 \u00e0 Chessy-les-Mines (15 \u00e0 22 ao\u00fbt 2020)Il est ouvert \u00e0 tous. Venez nombreux, et surtout, pensez \u00e0 signaler votre pr\u00e9sence. Contact Guy Harl\u00e9+33 4 50 60 67 27 &#8211; +33 6 77 11 17 03[email]g&#117;&#x79;&#x2e;h&#97;&#x72;&#x6c;e&#64;&#x67;&#x6d;a&#105;&#x6c;&#x2e;c&#111;&#x6d;[\/email]","og_url":"https:\/\/centcols.org\/es\/encuentro-internacional-col-des-echarmeaux-rhone-el-22-de-agosto-de-2020\/","og_site_name":"Club des Cent Cols","article_publisher":"https:\/\/www.facebook.com\/groups\/5261880558\/?locale=fr_FR","article_published_time":"2019-11-25T08:31:34+00:00","article_modified_time":"2025-09-14T17:10:02+00:00","og_image":[{"width":855,"height":613,"url":"https:\/\/centcols.org\/wp-content\/uploads\/2025\/05\/echarmeaux.png","type":"image\/png"}],"author":"Guy Harl\u00e9","twitter_card":"summary_large_image","twitter_misc":{"Escrito por":"Guy Harl\u00e9","Tiempo de lectura":"1 minuto"},"schema":{"@context":"https:\/\/schema.org","@graph":[{"@type":"Article","@id":"https:\/\/centcols.org\/rassemblement-international-col-des-echarmeaux-rhone-le-22-aout-2020\/#article","isPartOf":{"@id":"https:\/\/centcols.org\/rassemblement-international-col-des-echarmeaux-rhone-le-22-aout-2020\/"},"author":{"name":"Guy Harl\u00e9","@id":"https:\/\/centcols.org\/#\/schema\/person\/377f00da2793c0363246869bb3a344d0"},"headline":"Rassemblement international, col des Echarmeaux (Rh\u00f4ne) le 22 ao\u00fbt 2020","datePublished":"2019-11-25T08:31:34+00:00","dateModified":"2025-09-14T17:10:02+00:00","mainEntityOfPage":{"@id":"https:\/\/centcols.org\/rassemblement-international-col-des-echarmeaux-rhone-le-22-aout-2020\/"},"wordCount":48,"publisher":{"@id":"https:\/\/centcols.org\/#organization"},"image":{"@id":"https:\/\/centcols.org\/rassemblement-international-col-des-echarmeaux-rhone-le-22-aout-2020\/#primaryimage"},"thumbnailUrl":"https:\/\/centcols.org\/wp-content\/uploads\/2025\/05\/echarmeaux.png","articleSection":["2020-rassemblements","Calendrier","Rencontres r\u00e9gionales"],"inLanguage":"es"},{"@type":"WebPage","@id":"https:\/\/centcols.org\/rassemblement-international-col-des-echarmeaux-rhone-le-22-aout-2020\/","url":"https:\/\/centcols.org\/rassemblement-international-col-des-echarmeaux-rhone-le-22-aout-2020\/","name":"Encuentro internacional, Col des Echarmeaux (Rh\u00f4ne) el 22 de agosto de 2020 - Club des Cent Cols","isPartOf":{"@id":"https:\/\/centcols.org\/#website"},"primaryImageOfPage":{"@id":"https:\/\/centcols.org\/rassemblement-international-col-des-echarmeaux-rhone-le-22-aout-2020\/#primaryimage"},"image":{"@id":"https:\/\/centcols.org\/rassemblement-international-col-des-echarmeaux-rhone-le-22-aout-2020\/#primaryimage"},"thumbnailUrl":"https:\/\/centcols.org\/wp-content\/uploads\/2025\/05\/echarmeaux.png","datePublished":"2019-11-25T08:31:34+00:00","dateModified":"2025-09-14T17:10:02+00:00","breadcrumb":{"@id":"https:\/\/centcols.org\/rassemblement-international-col-des-echarmeaux-rhone-le-22-aout-2020\/#breadcrumb"},"inLanguage":"es","potentialAction":[{"@type":"ReadAction","target":["https:\/\/centcols.org\/rassemblement-international-col-des-echarmeaux-rhone-le-22-aout-2020\/"]}]},{"@type":"ImageObject","inLanguage":"es","@id":"https:\/\/centcols.org\/rassemblement-international-col-des-echarmeaux-rhone-le-22-aout-2020\/#primaryimage","url":"https:\/\/centcols.org\/wp-content\/uploads\/2025\/05\/echarmeaux.png","contentUrl":"https:\/\/centcols.org\/wp-content\/uploads\/2025\/05\/echarmeaux.png","width":855,"height":613},{"@type":"BreadcrumbList","@id":"https:\/\/centcols.org\/rassemblement-international-col-des-echarmeaux-rhone-le-22-aout-2020\/#breadcrumb","itemListElement":[{"@type":"ListItem","position":1,"name":"Accueil","item":"https:\/\/centcols.org\/"},{"@type":"ListItem","position":2,"name":"Calendrier","item":"https:\/\/centcols.org\/rubrique\/calendrier\/"},{"@type":"ListItem","position":3,"name":"Rassemblement international, col des Echarmeaux (Rh\u00f4ne) le 22 ao\u00fbt 2020"}]},{"@type":"WebSite","@id":"https:\/\/centcols.org\/#website","url":"https:\/\/centcols.org\/","name":"Club des Cent Cols","description":"","publisher":{"@id":"https:\/\/centcols.org\/#organization"},"potentialAction":[{"@type":"SearchAction","target":{"@type":"EntryPoint","urlTemplate":"https:\/\/centcols.org\/?s={search_term_string}"},"query-input":{"@type":"PropertyValueSpecification","valueRequired":true,"valueName":"search_term_string"}}],"inLanguage":"es"},{"@type":"Organization","@id":"https:\/\/centcols.org\/#organization","name":"Club des Cent Cols","url":"https:\/\/centcols.org\/","logo":{"@type":"ImageObject","inLanguage":"es","@id":"https:\/\/centcols.org\/#\/schema\/logo\/image\/","url":"https:\/\/centcols.org\/wp-content\/uploads\/2025\/01\/carte-icone.png","contentUrl":"https:\/\/centcols.org\/wp-content\/uploads\/2025\/01\/carte-icone.png","width":250,"height":250,"caption":"Club des Cent Cols"},"image":{"@id":"https:\/\/centcols.org\/#\/schema\/logo\/image\/"},"sameAs":["https:\/\/www.facebook.com\/groups\/5261880558\/?locale=fr_FR"]},{"@type":"Person","@id":"https:\/\/centcols.org\/#\/schema\/person\/377f00da2793c0363246869bb3a344d0","name":"Guy Harl\u00e9","image":{"@type":"ImageObject","inLanguage":"es","@id":"https:\/\/centcols.org\/wp-content\/litespeed\/avatar\/94c4de37e46cf090f296d42ab3e8d6a6.jpg?ver=1777238144","url":"https:\/\/centcols.org\/wp-content\/litespeed\/avatar\/94c4de37e46cf090f296d42ab3e8d6a6.jpg?ver=1777238144","contentUrl":"https:\/\/centcols.org\/wp-content\/litespeed\/avatar\/94c4de37e46cf090f296d42ab3e8d6a6.jpg?ver=1777238144","caption":"Guy Harl\u00e9"},"url":"https:\/\/centcols.org\/es\/author\/5193\/"}]}},"_links":{"self":[{"href":"https:\/\/centcols.org\/es\/wp-json\/wp\/v2\/posts\/82229","targetHints":{"allow":["GET"]}}],"collection":[{"href":"https:\/\/centcols.org\/es\/wp-json\/wp\/v2\/posts"}],"about":[{"href":"https:\/\/centcols.org\/es\/wp-json\/wp\/v2\/types\/post"}],"author":[{"embeddable":true,"href":"https:\/\/centcols.org\/es\/wp-json\/wp\/v2\/users\/136"}],"replies":[{"embeddable":true,"href":"https:\/\/centcols.org\/es\/wp-json\/wp\/v2\/comments?post=82229"}],"version-history":[{"count":0,"href":"https:\/\/centcols.org\/es\/wp-json\/wp\/v2\/posts\/82229\/revisions"}],"wp:featuredmedia":[{"embeddable":true,"href":"https:\/\/centcols.org\/es\/wp-json\/wp\/v2\/media\/82230"}],"wp:attachment":[{"href":"https:\/\/centcols.org\/es\/wp-json\/wp\/v2\/media?parent=82229"}],"wp:term":[{"taxonomy":"category","embeddable":true,"href":"https:\/\/centcols.org\/es\/wp-json\/wp\/v2\/categories?post=82229"},{"taxonomy":"post_tag","embeddable":true,"href":"https:\/\/centcols.org\/es\/wp-json\/wp\/v2\/tags?post=82229"}],"curies":[{"name":"wp","href":"https:\/\/api.w.org\/{rel}","templated":true}]}}