{"id":82255,"date":"2020-11-29T15:55:56","date_gmt":"2020-11-29T13:55:56","guid":{"rendered":"https:\/\/centcols.org\/grand-ouest-col-saint-martin-et-col-de-berjou-26-juin-2021\/"},"modified":"2025-07-07T00:44:57","modified_gmt":"2025-07-06T22:44:57","slug":"grand-ouest-col-saint-martin-y-col-de-berjou-26-de-junio-de-2021","status":"publish","type":"post","link":"https:\/\/centcols.org\/es\/grand-ouest-col-saint-martin-et-col-de-berjou-26-juin-2021\/","title":{"rendered":"Grand Ouest, Col Saint-Martin y Col de Berjou, 26 de junio de 2021"},"content":{"rendered":"<p>Samedi 26 juin 2021, Col Saint-Martin (FR-14-0162), Col de Berjou (FR-61-0226)<\/p>\n<p>Pour la premi\u00e8re fois, un rassemblement nous est propos\u00e9 en r\u00e9gion \u00a0\u00bbOuest\u00a0\u00bb. Il n&rsquo;est pas n\u00e9cessaire d&rsquo;\u00eatre en haute montagne pour participer \u00e0 un moment de convivialit\u00e9!<\/p>\n<h3>Rendez-Vous<\/h3>\n<p>Rendez-vous \u00e0 la gare de Thury Harcourt, sur la voie verte de la vall\u00e9e de l&rsquo;Ome pour un d\u00e9part \u00e0 9 h 30.<br \/>\nRassemblement \u00e0 12 h 00 au m\u00eame endroit<\/p>\n<p>[mapsmarker marker=\u00a0\u00bb37&Prime;]<\/p>\n<h3>Contact<\/h3>\n<p>Fran\u00e7ois Candau<br \/>\n06 72 79 72 71<br \/>\n[email]&#102;&#x72;a&#110;&#x63;o&#105;&#x73;&#46;&#99;&#x61;n&#100;&#x61;u&#49;&#x34;&#64;&#103;&#x6d;a&#105;&#x6c;&#46;&#99;&#x6f;m[\/email]<\/p>\n","protected":false},"excerpt":{"rendered":"<p>Samedi 26 juin 2021, Col Saint-Martin (FR-14-0162), Col de Berjou (FR-61-0226) Pour la premi\u00e8re fois, un rassemblement nous est propos\u00e9 en r\u00e9gion \u00a0\u00bbOuest\u00a0\u00bb. Il n&rsquo;est pas n\u00e9cessaire d&rsquo;\u00eatre en haute montagne pour participer \u00e0 un moment de convivialit\u00e9! Rendez-Vous Rendez-vous \u00e0 la gare de Thury Harcourt, sur la voie verte de la vall\u00e9e de l&rsquo;Ome [&hellip;]<\/p>\n","protected":false},"author":136,"featured_media":0,"comment_status":"closed","ping_status":"closed","sticky":false,"template":"","format":"standard","meta":{"_acf_changed":false,"footnotes":""},"categories":[291,135,216],"tags":[],"class_list":["post-82255","post","type-post","status-publish","format-standard","hentry","category-les-rassemblements-de-2021","category-calendrier","category-rencontres-regionales"],"acf":[],"yoast_head":"<!-- This site is optimized with the Yoast SEO plugin v27.2 - https:\/\/yoast.com\/product\/yoast-seo-wordpress\/ -->\n<title>Grand Ouest, col Saint-Martin et Col de Berjou, 26 juin 2021 - Club des Cent Cols<\/title>\n<meta name=\"robots\" content=\"index, follow, max-snippet:-1, max-image-preview:large, max-video-preview:-1\" \/>\n<link rel=\"canonical\" href=\"https:\/\/centcols.org\/es\/grand-ouest-col-saint-martin-y-col-de-berjou-26-de-junio-de-2021\/\" \/>\n<meta property=\"og:locale\" content=\"es_ES\" \/>\n<meta property=\"og:type\" content=\"article\" \/>\n<meta property=\"og:title\" content=\"Grand Ouest, col Saint-Martin et Col de Berjou, 26 juin 2021 - Club des Cent Cols\" \/>\n<meta property=\"og:description\" content=\"Samedi 26 juin 2021, Col Saint-Martin (FR-14-0162), Col de Berjou (FR-61-0226) Pour la premi\u00e8re fois, un rassemblement nous est propos\u00e9 en r\u00e9gion \u00a0\u00bbOuest\u00a0\u00bb. Il n&rsquo;est pas n\u00e9cessaire d&rsquo;\u00eatre en haute montagne pour participer \u00e0 un moment de convivialit\u00e9! Rendez-Vous Rendez-vous \u00e0 la gare de Thury Harcourt, sur la voie verte de la vall\u00e9e de l&rsquo;Ome [&hellip;]\" \/>\n<meta property=\"og:url\" content=\"https:\/\/centcols.org\/es\/grand-ouest-col-saint-martin-y-col-de-berjou-26-de-junio-de-2021\/\" \/>\n<meta property=\"og:site_name\" content=\"Club des Cent Cols\" \/>\n<meta property=\"article:publisher\" content=\"https:\/\/www.facebook.com\/groups\/5261880558\/?locale=fr_FR\" \/>\n<meta property=\"article:published_time\" content=\"2020-11-29T13:55:56+00:00\" \/>\n<meta property=\"article:modified_time\" content=\"2025-07-06T22:44:57+00:00\" \/>\n<meta name=\"author\" content=\"Guy Harl\u00e9\" \/>\n<meta name=\"twitter:card\" content=\"summary_large_image\" \/>\n<meta name=\"twitter:label1\" content=\"Escrito por\" \/>\n\t<meta name=\"twitter:data1\" content=\"Guy Harl\u00e9\" \/>\n\t<meta name=\"twitter:label2\" content=\"Tiempo de lectura\" \/>\n\t<meta name=\"twitter:data2\" content=\"1 minuto\" \/>\n<script type=\"application\/ld+json\" class=\"yoast-schema-graph\">{\"@context\":\"https:\/\/schema.org\",\"@graph\":[{\"@type\":\"Article\",\"@id\":\"https:\/\/centcols.org\/grand-ouest-col-saint-martin-et-col-de-berjou-26-juin-2021\/#article\",\"isPartOf\":{\"@id\":\"https:\/\/centcols.org\/grand-ouest-col-saint-martin-et-col-de-berjou-26-juin-2021\/\"},\"author\":{\"name\":\"Guy Harl\u00e9\",\"@id\":\"https:\/\/centcols.org\/#\/schema\/person\/377f00da2793c0363246869bb3a344d0\"},\"headline\":\"Grand Ouest, col Saint-Martin et Col de Berjou, 26 juin 2021\",\"datePublished\":\"2020-11-29T13:55:56+00:00\",\"dateModified\":\"2025-07-06T22:44:57+00:00\",\"mainEntityOfPage\":{\"@id\":\"https:\/\/centcols.org\/grand-ouest-col-saint-martin-et-col-de-berjou-26-juin-2021\/\"},\"wordCount\":92,\"publisher\":{\"@id\":\"https:\/\/centcols.org\/#organization\"},\"articleSection\":[\"2021-rassemblements\",\"Calendrier\",\"Rencontres r\u00e9gionales\"],\"inLanguage\":\"es\"},{\"@type\":\"WebPage\",\"@id\":\"https:\/\/centcols.org\/grand-ouest-col-saint-martin-et-col-de-berjou-26-juin-2021\/\",\"url\":\"https:\/\/centcols.org\/grand-ouest-col-saint-martin-et-col-de-berjou-26-juin-2021\/\",\"name\":\"Grand Ouest, col Saint-Martin et Col de Berjou, 26 juin 2021 - Club des Cent Cols\",\"isPartOf\":{\"@id\":\"https:\/\/centcols.org\/#website\"},\"datePublished\":\"2020-11-29T13:55:56+00:00\",\"dateModified\":\"2025-07-06T22:44:57+00:00\",\"breadcrumb\":{\"@id\":\"https:\/\/centcols.org\/grand-ouest-col-saint-martin-et-col-de-berjou-26-juin-2021\/#breadcrumb\"},\"inLanguage\":\"es\",\"potentialAction\":[{\"@type\":\"ReadAction\",\"target\":[\"https:\/\/centcols.org\/grand-ouest-col-saint-martin-et-col-de-berjou-26-juin-2021\/\"]}]},{\"@type\":\"BreadcrumbList\",\"@id\":\"https:\/\/centcols.org\/grand-ouest-col-saint-martin-et-col-de-berjou-26-juin-2021\/#breadcrumb\",\"itemListElement\":[{\"@type\":\"ListItem\",\"position\":1,\"name\":\"Accueil\",\"item\":\"https:\/\/centcols.org\/\"},{\"@type\":\"ListItem\",\"position\":2,\"name\":\"Calendrier\",\"item\":\"https:\/\/centcols.org\/rubrique\/calendrier\/\"},{\"@type\":\"ListItem\",\"position\":3,\"name\":\"Grand Ouest, col Saint-Martin et Col de Berjou, 26 juin 2021\"}]},{\"@type\":\"WebSite\",\"@id\":\"https:\/\/centcols.org\/#website\",\"url\":\"https:\/\/centcols.org\/\",\"name\":\"Club des Cent Cols\",\"description\":\"\",\"publisher\":{\"@id\":\"https:\/\/centcols.org\/#organization\"},\"potentialAction\":[{\"@type\":\"SearchAction\",\"target\":{\"@type\":\"EntryPoint\",\"urlTemplate\":\"https:\/\/centcols.org\/?s={search_term_string}\"},\"query-input\":{\"@type\":\"PropertyValueSpecification\",\"valueRequired\":true,\"valueName\":\"search_term_string\"}}],\"inLanguage\":\"es\"},{\"@type\":\"Organization\",\"@id\":\"https:\/\/centcols.org\/#organization\",\"name\":\"Club des Cent Cols\",\"url\":\"https:\/\/centcols.org\/\",\"logo\":{\"@type\":\"ImageObject\",\"inLanguage\":\"es\",\"@id\":\"https:\/\/centcols.org\/#\/schema\/logo\/image\/\",\"url\":\"https:\/\/centcols.org\/wp-content\/uploads\/2025\/01\/carte-icone.png\",\"contentUrl\":\"https:\/\/centcols.org\/wp-content\/uploads\/2025\/01\/carte-icone.png\",\"width\":250,\"height\":250,\"caption\":\"Club des Cent Cols\"},\"image\":{\"@id\":\"https:\/\/centcols.org\/#\/schema\/logo\/image\/\"},\"sameAs\":[\"https:\/\/www.facebook.com\/groups\/5261880558\/?locale=fr_FR\"]},{\"@type\":\"Person\",\"@id\":\"https:\/\/centcols.org\/#\/schema\/person\/377f00da2793c0363246869bb3a344d0\",\"name\":\"Guy Harl\u00e9\",\"image\":{\"@type\":\"ImageObject\",\"inLanguage\":\"es\",\"@id\":\"https:\/\/centcols.org\/wp-content\/litespeed\/avatar\/94c4de37e46cf090f296d42ab3e8d6a6.jpg?ver=1777238144\",\"url\":\"https:\/\/centcols.org\/wp-content\/litespeed\/avatar\/94c4de37e46cf090f296d42ab3e8d6a6.jpg?ver=1777238144\",\"contentUrl\":\"https:\/\/centcols.org\/wp-content\/litespeed\/avatar\/94c4de37e46cf090f296d42ab3e8d6a6.jpg?ver=1777238144\",\"caption\":\"Guy Harl\u00e9\"},\"url\":\"https:\/\/centcols.org\/es\/author\/5193\/\"}]}<\/script>\n<!-- \/ Yoast SEO plugin. -->","yoast_head_json":{"title":"Grand Ouest, Col Saint-Martin y Col de Berjou, 26 de junio de 2021 - Club des Cent Cols","robots":{"index":"index","follow":"follow","max-snippet":"max-snippet:-1","max-image-preview":"max-image-preview:large","max-video-preview":"max-video-preview:-1"},"canonical":"https:\/\/centcols.org\/es\/grand-ouest-col-saint-martin-y-col-de-berjou-26-de-junio-de-2021\/","og_locale":"es_ES","og_type":"article","og_title":"Grand Ouest, col Saint-Martin et Col de Berjou, 26 juin 2021 - Club des Cent Cols","og_description":"Samedi 26 juin 2021, Col Saint-Martin (FR-14-0162), Col de Berjou (FR-61-0226) Pour la premi\u00e8re fois, un rassemblement nous est propos\u00e9 en r\u00e9gion \u00a0\u00bbOuest\u00a0\u00bb. Il n&rsquo;est pas n\u00e9cessaire d&rsquo;\u00eatre en haute montagne pour participer \u00e0 un moment de convivialit\u00e9! Rendez-Vous Rendez-vous \u00e0 la gare de Thury Harcourt, sur la voie verte de la vall\u00e9e de l&rsquo;Ome [&hellip;]","og_url":"https:\/\/centcols.org\/es\/grand-ouest-col-saint-martin-y-col-de-berjou-26-de-junio-de-2021\/","og_site_name":"Club des Cent Cols","article_publisher":"https:\/\/www.facebook.com\/groups\/5261880558\/?locale=fr_FR","article_published_time":"2020-11-29T13:55:56+00:00","article_modified_time":"2025-07-06T22:44:57+00:00","author":"Guy Harl\u00e9","twitter_card":"summary_large_image","twitter_misc":{"Escrito por":"Guy Harl\u00e9","Tiempo de lectura":"1 minuto"},"schema":{"@context":"https:\/\/schema.org","@graph":[{"@type":"Article","@id":"https:\/\/centcols.org\/grand-ouest-col-saint-martin-et-col-de-berjou-26-juin-2021\/#article","isPartOf":{"@id":"https:\/\/centcols.org\/grand-ouest-col-saint-martin-et-col-de-berjou-26-juin-2021\/"},"author":{"name":"Guy Harl\u00e9","@id":"https:\/\/centcols.org\/#\/schema\/person\/377f00da2793c0363246869bb3a344d0"},"headline":"Grand Ouest, col Saint-Martin et Col de Berjou, 26 juin 2021","datePublished":"2020-11-29T13:55:56+00:00","dateModified":"2025-07-06T22:44:57+00:00","mainEntityOfPage":{"@id":"https:\/\/centcols.org\/grand-ouest-col-saint-martin-et-col-de-berjou-26-juin-2021\/"},"wordCount":92,"publisher":{"@id":"https:\/\/centcols.org\/#organization"},"articleSection":["2021-rassemblements","Calendrier","Rencontres r\u00e9gionales"],"inLanguage":"es"},{"@type":"WebPage","@id":"https:\/\/centcols.org\/grand-ouest-col-saint-martin-et-col-de-berjou-26-juin-2021\/","url":"https:\/\/centcols.org\/grand-ouest-col-saint-martin-et-col-de-berjou-26-juin-2021\/","name":"Grand Ouest, Col Saint-Martin y Col de Berjou, 26 de junio de 2021 - Club des Cent Cols","isPartOf":{"@id":"https:\/\/centcols.org\/#website"},"datePublished":"2020-11-29T13:55:56+00:00","dateModified":"2025-07-06T22:44:57+00:00","breadcrumb":{"@id":"https:\/\/centcols.org\/grand-ouest-col-saint-martin-et-col-de-berjou-26-juin-2021\/#breadcrumb"},"inLanguage":"es","potentialAction":[{"@type":"ReadAction","target":["https:\/\/centcols.org\/grand-ouest-col-saint-martin-et-col-de-berjou-26-juin-2021\/"]}]},{"@type":"BreadcrumbList","@id":"https:\/\/centcols.org\/grand-ouest-col-saint-martin-et-col-de-berjou-26-juin-2021\/#breadcrumb","itemListElement":[{"@type":"ListItem","position":1,"name":"Accueil","item":"https:\/\/centcols.org\/"},{"@type":"ListItem","position":2,"name":"Calendrier","item":"https:\/\/centcols.org\/rubrique\/calendrier\/"},{"@type":"ListItem","position":3,"name":"Grand Ouest, col Saint-Martin et Col de Berjou, 26 juin 2021"}]},{"@type":"WebSite","@id":"https:\/\/centcols.org\/#website","url":"https:\/\/centcols.org\/","name":"Club des Cent Cols","description":"","publisher":{"@id":"https:\/\/centcols.org\/#organization"},"potentialAction":[{"@type":"SearchAction","target":{"@type":"EntryPoint","urlTemplate":"https:\/\/centcols.org\/?s={search_term_string}"},"query-input":{"@type":"PropertyValueSpecification","valueRequired":true,"valueName":"search_term_string"}}],"inLanguage":"es"},{"@type":"Organization","@id":"https:\/\/centcols.org\/#organization","name":"Club des Cent Cols","url":"https:\/\/centcols.org\/","logo":{"@type":"ImageObject","inLanguage":"es","@id":"https:\/\/centcols.org\/#\/schema\/logo\/image\/","url":"https:\/\/centcols.org\/wp-content\/uploads\/2025\/01\/carte-icone.png","contentUrl":"https:\/\/centcols.org\/wp-content\/uploads\/2025\/01\/carte-icone.png","width":250,"height":250,"caption":"Club des Cent Cols"},"image":{"@id":"https:\/\/centcols.org\/#\/schema\/logo\/image\/"},"sameAs":["https:\/\/www.facebook.com\/groups\/5261880558\/?locale=fr_FR"]},{"@type":"Person","@id":"https:\/\/centcols.org\/#\/schema\/person\/377f00da2793c0363246869bb3a344d0","name":"Guy Harl\u00e9","image":{"@type":"ImageObject","inLanguage":"es","@id":"https:\/\/centcols.org\/wp-content\/litespeed\/avatar\/94c4de37e46cf090f296d42ab3e8d6a6.jpg?ver=1777238144","url":"https:\/\/centcols.org\/wp-content\/litespeed\/avatar\/94c4de37e46cf090f296d42ab3e8d6a6.jpg?ver=1777238144","contentUrl":"https:\/\/centcols.org\/wp-content\/litespeed\/avatar\/94c4de37e46cf090f296d42ab3e8d6a6.jpg?ver=1777238144","caption":"Guy Harl\u00e9"},"url":"https:\/\/centcols.org\/es\/author\/5193\/"}]}},"_links":{"self":[{"href":"https:\/\/centcols.org\/es\/wp-json\/wp\/v2\/posts\/82255","targetHints":{"allow":["GET"]}}],"collection":[{"href":"https:\/\/centcols.org\/es\/wp-json\/wp\/v2\/posts"}],"about":[{"href":"https:\/\/centcols.org\/es\/wp-json\/wp\/v2\/types\/post"}],"author":[{"embeddable":true,"href":"https:\/\/centcols.org\/es\/wp-json\/wp\/v2\/users\/136"}],"replies":[{"embeddable":true,"href":"https:\/\/centcols.org\/es\/wp-json\/wp\/v2\/comments?post=82255"}],"version-history":[{"count":0,"href":"https:\/\/centcols.org\/es\/wp-json\/wp\/v2\/posts\/82255\/revisions"}],"wp:attachment":[{"href":"https:\/\/centcols.org\/es\/wp-json\/wp\/v2\/media?parent=82255"}],"wp:term":[{"taxonomy":"category","embeddable":true,"href":"https:\/\/centcols.org\/es\/wp-json\/wp\/v2\/categories?post=82255"},{"taxonomy":"post_tag","embeddable":true,"href":"https:\/\/centcols.org\/es\/wp-json\/wp\/v2\/tags?post=82255"}],"curies":[{"name":"wp","href":"https:\/\/api.w.org\/{rel}","templated":true}]}}