{"id":82284,"date":"2021-06-06T14:15:39","date_gmt":"2021-06-06T12:15:39","guid":{"rendered":"https:\/\/centcols.org\/sejour-dete-a-meolans-revel-04-au-11-septembre-2021\/"},"modified":"2025-09-09T01:48:41","modified_gmt":"2025-09-08T23:48:41","slug":"estancia-2021-meolans-revel","status":"publish","type":"post","link":"https:\/\/centcols.org\/es\/sejour-2021-meolans-revel\/","title":{"rendered":"Vacaciones de verano en M\u00e9olans-Revel, del 04 al 11 de septiembre de 2021"},"content":{"rendered":"<p><span style=\"color: #808080;\">Enrico Alberini, Christophe Badonnel, Bernard Giraudeau y los responsables inform\u00e1ticos han contribuido a esta p\u00e1gina de presentaci\u00f3n del viaje.<\/span><\/p>\n\n\n<div class=\"wp-block-image wp-image-57491 size-large\">\n<figure class=\"aligncenter size-full is-resized\"><a href=\"https:\/\/centcols.org\/wp-content\/uploads\/2021\/06\/barcelonette1-2.jpg\"><img loading=\"lazy\" decoding=\"async\" width=\"1200\" height=\"900\" src=\"https:\/\/centcols.org\/wp-content\/uploads\/2021\/06\/barcelonette1-2.jpg\" alt=\"\" class=\"wp-image-85941\" style=\"width:800px\" srcset=\"https:\/\/centcols.org\/wp-content\/uploads\/2021\/06\/barcelonette1-2.jpg 1200w, https:\/\/centcols.org\/wp-content\/uploads\/2021\/06\/barcelonette1-2-768x576.jpg 768w\" sizes=\"auto, (max-width: 1200px) 100vw, 1200px\" \/><\/a><figcaption class=\"wp-element-caption\">Barcelonnette de la Belv\u00e8d\u00e8re (\u00a9 Kris Claeys)<\/figcaption><\/figure>\n<\/div>\n\n<div class=\"wp-block-image\">\n<figure class=\"aligncenter size-full is-resized\"><a href=\"https:\/\/centcols.org\/wp-content\/uploads\/2021\/06\/barcelonette2.jpg\"><img loading=\"lazy\" decoding=\"async\" width=\"1200\" height=\"900\" src=\"https:\/\/centcols.org\/wp-content\/uploads\/2021\/06\/barcelonette2.jpg\" alt=\"\" class=\"wp-image-85942\" style=\"width:800px\" srcset=\"https:\/\/centcols.org\/wp-content\/uploads\/2021\/06\/barcelonette2.jpg 1200w, https:\/\/centcols.org\/wp-content\/uploads\/2021\/06\/barcelonette2-768x576.jpg 768w\" sizes=\"auto, (max-width: 1200px) 100vw, 1200px\" \/><\/a><\/figure>\n<\/div>\n\n\n<p><span style=\"color: #000000;\"><br>La escapada de verano 2021 tendr\u00e1 lugar del 4 al 11 de septiembre en el departamento de Alpes de Alta Provenza, concretamente en M\u00e9olans-Revel. Lo ha preparado un peque\u00f1o equipo local: Paulette Autric, Robert Yonnet y Philippe Fee.<br><\/span><\/p>\n\n\n\n<p><span style=\"color: #000000;\">M\u00e9olans-Revel se encuentra cerca de Barcelonnette, en el valle de Ubaye.<\/span><\/p>\n\n\n\n<p><span style=\"color: #000000;\">Nos alojaremos en el pueblo de vacaciones de Cap France, Lou Riouclar, a 1.270 metros de altitud.<\/span><\/p>\n\n\n\n<p><span style=\"color: #000000;\">Encontrar\u00e1 las r\u00fabricas a continuaci\u00f3n:<\/span><\/p>\n\n\n\n<ul class=\"wp-block-list\">\n<li><span style=\"color: #000000;\">Introducci\u00f3n a la regi\u00f3n<\/span><\/li>\n\n\n\n<li>Circuitos, <a href=\"\/es\/membres\/cctours\/tours.php\/?lieu=M\u00e9olans&amp;an=2021&amp;genre=R\" target=\"_blank\" rel=\"noopener\">carretera<\/a> y <a href=\"\/es\/membres\/cctours\/tours.php\/?lieu=M\u00e9olans&amp;an=2021&amp;genre=V\" target=\"_blank\" rel=\"noopener\">BICICLETA DE MONTA\u00d1A<\/a><\/li>\n\n\n\n<li><span style=\"color: #000000;\">Alojamiento<\/span><\/li>\n\n\n\n<li><span style=\"color: #000000;\">Nota del Consejo de Administraci\u00f3n<\/span><\/li>\n\n\n\n<li><span style=\"color: #000000;\">Inscripciones<\/span><\/li>\n\n\n\n<li><span style=\"color: #000000;\">Otras actividades o visitas&nbsp; &nbsp;<\/span><\/li>\n<\/ul>\n\n\n\n<h4 class=\"wp-block-heading\"><strong>Llegada, estancia e instrucciones COVID-19 :<\/strong><\/h4>\n\n\n\n<p><strong><u>Advertencia COVID-19<\/u><\/strong><\/p>\n\n\n\n<p>Condiciones de acceso al establecimiento: por el momento, el establecimiento que nos acoge no exige ninguna condici\u00f3n (prueba PCR o certificado de vacunaci\u00f3n).<\/p>\n\n\n\n<p>El director del centro me ha informado hoy de que, a partir del 7 de agosto, ser\u00e1 necesario presentar una tarjeta sanitaria para acceder a su establecimiento.<\/p>\n\n\n\n<p>El 04 de septiembre de 2021, a su llegada, el proveedor de alojamiento comprobar\u00e1 su tarjeta sanitaria.<\/p>\n\n\n\n<p>Cu\u00e1les son las pruebas (fuentes gubernamentales)<\/p>\n\n\n\n<p>1 Vacunaci\u00f3n, siempre que las personas dispongan de un calendario de vacunaci\u00f3n completo y del tiempo necesario tras la \u00faltima inyecci\u00f3n, es decir :&nbsp;<\/p>\n\n\n\n<ul class=\"wp-block-list\">\n<li>7 d\u00edas despu\u00e9s de la segunda inyecci\u00f3n para las vacunas de doble inyecci\u00f3n (Pfizer, Moderna, AstraZeneca);<\/li>\n\n\n\n<li>4 semanas despu\u00e9s de la inyecci\u00f3n para las vacunas con una sola inyecci\u00f3n (Johnson \u00a7 Johnson de Janssen);<\/li>\n\n\n\n<li>7 d\u00edas despu\u00e9s de la inyecci\u00f3n para vacunas en personas con antecedentes de Covid (inyecci\u00f3n \u00fanica)<\/li>\n<\/ul>\n\n\n\n<ol start=\"2\" class=\"wp-block-list\">\n<li>prueba de una prueba negativa de menos de 48 horas de antig\u00fcedad.<\/li>\n<\/ol>\n\n\n\n<p>La tarjeta sanitaria s\u00f3lo se comprobar\u00e1 a la llegada y la prueba PCR seguir\u00e1 siendo v\u00e1lida durante toda la estancia.<\/p>\n\n\n\n<p>Las m\u00e1scaras son obligatorias en la ciudad de vacaciones, as\u00ed que aseg\u00farese de tener suficientes para su estancia.<\/p>\n\n\n\n<p><strong><u>Tiendas de bicicletas :<br><\/u><\/strong><strong>Ciclo Ubaye Sport<br><\/strong>Zona de Desarrollo Conjunto de Pont Long<br>04400 Barcelonnette<br><a href=\"https:\/\/www.google.com\/search?sxsrf=ALeKk02tt83ZcWn0siBzv6sRSzKetPxvGA%3A1592830042786&amp;ei=WqjwXqrEL4Oca4bJosgG&amp;q=loisir+vtt+pollionnay&amp;oq=loisir+vtt+pollionnay&amp;gs_lcp=CgZwc3ktYWIQARgAMgIIADIGCAAQFhAeMgYIABAWEB4yAggmOgQIIxAnOgQIABBDOgUIABCDAToFCAAQsQM6BwgAEBQQhwI6BggAEAoQQzoHCAAQQxCLAzoFCAAQiwM6CAgAEIMBEIsDOgoIABCxAxBDEIsDOgoIABAUEIcCEIsDUIiZDVjFxQ1gt-ENaABwAHgAgAG2AYgB5BCSAQQxNC43mAEAoAEBqgEHZ3dzLXdpergBAg&amp;sclient=psy-ab\">04 92 34 36 15<\/a><br>abierto de martes a s\u00e1bado de 08.00 a 12.00 y de 14.00 a 19.00<\/p>\n\n\n\n<h2 class=\"wp-block-heading\">Introducci\u00f3n a la regi\u00f3n :<\/h2>\n\n\n\n<p>Tras nuestra estancia en Digne en 2014, los Alpes de Alta Provenza vuelven a ser el escenario de las vacaciones del Club des Cent Cols de este verano, y m\u00e1s concretamente el valle de Ubaye. Nos alojaremos en el establecimiento Cap France \u00abLou Riouclar\u00bb, en las alturas de M\u00e9olans-Revel, en la orilla derecha del r\u00edo que da nombre al valle.  Rico en carreteras y pasos de mulas, pero tambi\u00e9n en paisajes diversos, Ubaye no deber\u00eda decepcionar a los participantes en esta estancia.  El valle de Ubaye se encuentra en el extremo noreste del departamento de Alpes de Alta Provenza (04), en la regi\u00f3n de Provenza-Alpes-Costa Azul. Dos departamentos franceses y una regi\u00f3n italiana delimitan administrativamente el valle, cuya capital es Barcelonette (2.575 habitantes). El valle debe su nombre al r\u00edo que lo atraviesa desde su nacimiento en el Col de Longet (FR-04-2660 \/IT-CN-2660a). El r\u00edo fluye primero hacia el suroeste y luego hacia el oeste. El Ubaye desemboca en el Durance en el lago de Serre-Pon\u00e7on, formando el brazo oriental del lago. El punto m\u00e1s bajo del valle es el Lac de Serre-Pon\u00e7on (771 m), y el pico m\u00e1s alto, la Aiguille de Chambeyron (3.412 m). Una importante red de carreteras atraviesa los distintos valles que componen esta entidad geogr\u00e1fica, d\u00e1ndole numerosas salidas casi exclusivamente a trav\u00e9s de un puerto, desde el m\u00e1s bajo, Le Collet (FR-04-0991) hasta el m\u00e1s alto, el Col de la Bonnette (FR-04-2715). El Col de Larche (FR-04-1991) o Colle della Maddalena (IT-CN-1996) da acceso al Val Stura, en la provincia de Cuneo. Las crestas principales y secundarias ofrecen la posibilidad de ascender numerosos puertos de herradura, entre ellos el m\u00e1s legendario de todos, el Col du Parpaillon (FR-04-2637-t\u00fanel). La presencia de numerosos caminos militares, que originalmente serv\u00edan a las obras de defensa, permite abordar los puertos de herradura con gran ventaja. La principal actividad econ\u00f3mica del valle es el turismo. En el valle hay algunas estaciones de esqu\u00ed alpino, pero su modesto tama\u00f1o ha contribuido a preservar el car\u00e1cter natural y tradicional de muchas zonas. Otras actividades deportivas son el ciclismo (Brevet des 7 cols de l'Ubaye) y la bicicleta de monta\u00f1a. La ganader\u00eda ovina y la venta de diversos productos locales son otras fuentes de ingresos. Las altas cumbres que se encuentran por doquier a lo largo del valle principal y los valles sat\u00e9lites, as\u00ed como la presencia del Lac de Serre-Pon\u00e7on, ofrecen vistas espectaculares.  Barcelonnette, la ciudad de los \u00abmexicanos\u00bb (ubayenses que regresaron tras hacer fortuna en M\u00e9xico) y otros pueblos cuentan con bellos monumentos que visitar. Gracias a su situaci\u00f3n geogr\u00e1fica y a la presencia de un puerto \u00abbajo\u00bb, el Col de Larche (1991 m), la historia militar de Ubaye se remonta a la Antig\u00fcedad. Las espectaculares fortificaciones del siglo XIX son los \u00faltimos vestigios de esta historia y forman parte del patrimonio tur\u00edstico de la regi\u00f3n. Ubaye est\u00e1 situada en los Alpes meridionales, por lo que el clima es un clima de monta\u00f1a de influencia mediterr\u00e1nea con una insolaci\u00f3n excepcional, fr\u00edo en invierno y caluroso y tormentoso en verano. La flora y la fauna son t\u00edpicamente alpinas. Se pueden encontrar las especies habituales (marmotas, rebecos, zorros, perdices, patos y \u00e1guilas reales). Se cree que hace unos a\u00f1os se instal\u00f3 una manada de lobos en el macizo del Parpaillon. Existe un claro contraste entre las vertientes adret y ubac del valle principal este-oeste, con oscuros bosques de abetos, piceas y alerces en la orilla izquierda y tierras de cultivo en la derecha.<\/p>\n\n\n\n<h2 class=\"wp-block-heading\"><a href=\"https:\/\/centcols.org\/es\/membres\/cctours\/tours.php\/?lieu=M\u00e9olans&amp;an=2021\">Circuitos<\/a> :<\/h2>\n\n\n\n<p>Al principio del viaje, le aconsejamos que no suba los puertos principales, ya que del 03 al 05 de septiembre habr\u00e1 un <a href=\"https:\/\/www.barcelonnette.com\/agendas\/evenements\/alpes-aventure-motofestival--4878675.html\" target=\"_blank\" rel=\"noreferrer noopener\">festival motero<\/a> Ciclismo en la <a href=\"https:\/\/centcols.org\/wp-content\/uploads\/2025\/08\/Parc-National-du-Mercantour.pdf\" target=\"_blank\" rel=\"noreferrer noopener\">Parque Nacional de Mercantour<\/a> est\u00e1 regulada. Recorrido: los recorridos pueden parecer largos y con importantes desniveles, pero tendr\u00e1 varias opciones para acortarlos. El \u00faltimo n\u00famero de <a href=\"https:\/\/centcols.org\/wp-content\/uploads\/2025\/08\/echappee-en-ubaye-\u00a9-Big-Bike-Magazine.pdf\" target=\"_blank\" rel=\"noreferrer noopener\">Revista Big Bike<\/a> est\u00e1 dedicado al Ubaye. R1: entre Durance y Monges - 118 km - 2090 metros - 9 puertos: Col de Saint-Martin, Col des Garcinets, Col des Sagnes, Le Coulet, Col du Ch\u00e2teau, Col du Haut Forest, Col de Gr\u00eale, Col de Sarraut, Col des Mey\u00e8res.<\/p>\n\n\n\n<figure class=\"wp-block-gallery has-nested-images columns-3 is-cropped wp-block-gallery-1 is-layout-flex wp-block-gallery-is-layout-flex\">\n<figure class=\"wp-block-image size-full\"><a href=\"https:\/\/centcols.org\/wp-content\/uploads\/2021\/06\/R1-village-de-Bellafaire-1.jpg\"><img loading=\"lazy\" decoding=\"async\" width=\"1200\" height=\"900\" data-id=\"85944\" src=\"https:\/\/centcols.org\/wp-content\/uploads\/2021\/06\/R1-village-de-Bellafaire-1.jpg\" alt=\"\" class=\"wp-image-85944\" srcset=\"https:\/\/centcols.org\/wp-content\/uploads\/2021\/06\/R1-village-de-Bellafaire-1.jpg 1200w, https:\/\/centcols.org\/wp-content\/uploads\/2021\/06\/R1-village-de-Bellafaire-1-768x576.jpg 768w\" sizes=\"auto, (max-width: 1200px) 100vw, 1200px\" \/><\/a><figcaption class=\"wp-element-caption\">R1 - Pueblo de Bellafaire \u00a9 Robert Yonnet<\/figcaption><\/figure>\n\n\n\n<figure class=\"wp-block-image size-full\"><a href=\"https:\/\/centcols.org\/wp-content\/uploads\/2021\/06\/R1-descente-col-de-Sarraut.jpg\"><img loading=\"lazy\" decoding=\"async\" width=\"1200\" height=\"900\" data-id=\"85945\" src=\"https:\/\/centcols.org\/wp-content\/uploads\/2021\/06\/R1-descente-col-de-Sarraut.jpg\" alt=\"\" class=\"wp-image-85945\" srcset=\"https:\/\/centcols.org\/wp-content\/uploads\/2021\/06\/R1-descente-col-de-Sarraut.jpg 1200w, https:\/\/centcols.org\/wp-content\/uploads\/2021\/06\/R1-descente-col-de-Sarraut-768x576.jpg 768w\" sizes=\"auto, (max-width: 1200px) 100vw, 1200px\" \/><\/a><figcaption class=\"wp-element-caption\">R1 - Descenso Col de Sarraut - \u00a9 Robert Yonnet<\/figcaption><\/figure>\n\n\n\n<figure class=\"wp-block-image size-full\"><a href=\"https:\/\/centcols.org\/wp-content\/uploads\/2021\/06\/R1-col-des-Garcinets-1.jpg\"><img loading=\"lazy\" decoding=\"async\" width=\"1200\" height=\"900\" data-id=\"85946\" src=\"https:\/\/centcols.org\/wp-content\/uploads\/2021\/06\/R1-col-des-Garcinets-1.jpg\" alt=\"\" class=\"wp-image-85946\" srcset=\"https:\/\/centcols.org\/wp-content\/uploads\/2021\/06\/R1-col-des-Garcinets-1.jpg 1200w, https:\/\/centcols.org\/wp-content\/uploads\/2021\/06\/R1-col-des-Garcinets-1-768x576.jpg 768w\" sizes=\"auto, (max-width: 1200px) 100vw, 1200px\" \/><\/a><figcaption class=\"wp-element-caption\">R1 - Pase de Garcinets \u00a9 Robert Yonnet<\/figcaption><\/figure>\n\n\n\n<figure class=\"wp-block-image size-large\"><img loading=\"lazy\" decoding=\"async\" width=\"1200\" height=\"867\" data-id=\"85964\" src=\"https:\/\/centcols.org\/wp-content\/uploads\/2021\/06\/R1-5-col-de-Vars.jpg\" alt=\"\" class=\"wp-image-85964\" srcset=\"https:\/\/centcols.org\/wp-content\/uploads\/2021\/06\/R1-5-col-de-Vars.jpg 1200w, https:\/\/centcols.org\/wp-content\/uploads\/2021\/06\/R1-5-col-de-Vars-768x555.jpg 768w\" sizes=\"auto, (max-width: 1200px) 100vw, 1200px\" \/><figcaption class=\"wp-element-caption\">Col de Vars<\/figcaption><\/figure>\n<\/figure>\n\n\n\n<p>R2: Vars - 96 km - 1900 metros - 3 puertos: Le Pertus, le Collet, Col de Vars<\/p>\n\n\n\n<p>R3: vuelta del Lac de Serre-Pon\u00e7on - 80 km - 1968 metros - 5 puertos: Col de Pontis, Collet, Col de Charmentier, Col Lebraut, Collet<\/p>\n\n\n\n<figure class=\"wp-block-gallery has-nested-images columns-4 is-cropped wp-block-gallery-2 is-layout-flex wp-block-gallery-is-layout-flex\">\n<figure class=\"wp-block-image size-full\"><a href=\"https:\/\/centcols.org\/wp-content\/uploads\/2021\/06\/R3-lac-4.jpg\"><img loading=\"lazy\" decoding=\"async\" width=\"1200\" height=\"900\" data-id=\"85947\" src=\"https:\/\/centcols.org\/wp-content\/uploads\/2021\/06\/R3-lac-4.jpg\" alt=\"\" class=\"wp-image-85947\" srcset=\"https:\/\/centcols.org\/wp-content\/uploads\/2021\/06\/R3-lac-4.jpg 1200w, https:\/\/centcols.org\/wp-content\/uploads\/2021\/06\/R3-lac-4-768x576.jpg 768w\" sizes=\"auto, (max-width: 1200px) 100vw, 1200px\" \/><\/a><figcaption class=\"wp-element-caption\">R3 - Lago de Serre Pon\u00e7on \u00a9 Robert Yonnet<\/figcaption><\/figure>\n\n\n\n<figure class=\"wp-block-image size-full\"><a href=\"https:\/\/centcols.org\/wp-content\/uploads\/2021\/06\/R3-gorges-de-la-Blanche-1.jpg\"><img loading=\"lazy\" decoding=\"async\" width=\"1200\" height=\"900\" data-id=\"85948\" src=\"https:\/\/centcols.org\/wp-content\/uploads\/2021\/06\/R3-gorges-de-la-Blanche-1.jpg\" alt=\"\" class=\"wp-image-85948\" srcset=\"https:\/\/centcols.org\/wp-content\/uploads\/2021\/06\/R3-gorges-de-la-Blanche-1.jpg 1200w, https:\/\/centcols.org\/wp-content\/uploads\/2021\/06\/R3-gorges-de-la-Blanche-1-768x576.jpg 768w\" sizes=\"auto, (max-width: 1200px) 100vw, 1200px\" \/><\/a><figcaption class=\"wp-element-caption\">R3 - gargantas de la Blanche \u00a9 Robert Yonnet<\/figcaption><\/figure>\n\n\n\n<figure class=\"wp-block-image size-full\"><a href=\"https:\/\/centcols.org\/wp-content\/uploads\/2021\/06\/R3-col-Lebraut-2.jpg\"><img loading=\"lazy\" decoding=\"async\" width=\"1200\" height=\"900\" data-id=\"85949\" src=\"https:\/\/centcols.org\/wp-content\/uploads\/2021\/06\/R3-col-Lebraut-2.jpg\" alt=\"\" class=\"wp-image-85949\" srcset=\"https:\/\/centcols.org\/wp-content\/uploads\/2021\/06\/R3-col-Lebraut-2.jpg 1200w, https:\/\/centcols.org\/wp-content\/uploads\/2021\/06\/R3-col-Lebraut-2-768x576.jpg 768w\" sizes=\"auto, (max-width: 1200px) 100vw, 1200px\" \/><\/a><figcaption class=\"wp-element-caption\">R3 - Paso de Lebraut \u00a9 Robert Yonnet<\/figcaption><\/figure>\n\n\n\n<figure class=\"wp-block-image size-full\"><a href=\"https:\/\/centcols.org\/wp-content\/uploads\/2021\/06\/R3-barrage-2.jpg\"><img loading=\"lazy\" decoding=\"async\" width=\"1200\" height=\"900\" data-id=\"85950\" src=\"https:\/\/centcols.org\/wp-content\/uploads\/2021\/06\/R3-barrage-2.jpg\" alt=\"\" class=\"wp-image-85950\" srcset=\"https:\/\/centcols.org\/wp-content\/uploads\/2021\/06\/R3-barrage-2.jpg 1200w, https:\/\/centcols.org\/wp-content\/uploads\/2021\/06\/R3-barrage-2-768x576.jpg 768w\" sizes=\"auto, (max-width: 1200px) 100vw, 1200px\" \/><\/a><figcaption class=\"wp-element-caption\">R3 - presa \u00a9 Robert Yonnet<\/figcaption><\/figure>\n<\/figure>\n\n\n\n<p>R4: Restefonds - 60 km - 2050 metros - 3 puertos (opcional Col de la Mouti\u00e8re): Faux col de Restefonds, col de la Bonette, col des Granges Communes R5: Basse Ubaye - Blanche - 95 km - 2000 metros - 9 puertos: col Saint-Jean, le Coulet, col du Fanget, col du Labouret, col de Maure, col de Fillys, col de Font Sainte, col de Charamel, le Collet<\/p>\n\n\n\n<figure class=\"wp-block-gallery has-nested-images columns-3 is-cropped wp-block-gallery-3 is-layout-flex wp-block-gallery-is-layout-flex\">\n<figure class=\"wp-block-image size-full\"><a href=\"https:\/\/centcols.org\/wp-content\/uploads\/2021\/06\/R5-col-des-Fyllis.jpg\"><img loading=\"lazy\" decoding=\"async\" width=\"1200\" height=\"900\" data-id=\"85951\" src=\"https:\/\/centcols.org\/wp-content\/uploads\/2021\/06\/R5-col-des-Fyllis.jpg\" alt=\"\" class=\"wp-image-85951\" srcset=\"https:\/\/centcols.org\/wp-content\/uploads\/2021\/06\/R5-col-des-Fyllis.jpg 1200w, https:\/\/centcols.org\/wp-content\/uploads\/2021\/06\/R5-col-des-Fyllis-768x576.jpg 768w\" sizes=\"auto, (max-width: 1200px) 100vw, 1200px\" \/><\/a><figcaption class=\"wp-element-caption\">R5 - Paso de Fyllis \u00a9 Robert Yonnet<\/figcaption><\/figure>\n\n\n\n<figure class=\"wp-block-image size-full\"><a href=\"https:\/\/centcols.org\/wp-content\/uploads\/2021\/06\/R5-col-du-Labouret.jpg\"><img loading=\"lazy\" decoding=\"async\" width=\"1200\" height=\"900\" data-id=\"85952\" src=\"https:\/\/centcols.org\/wp-content\/uploads\/2021\/06\/R5-col-du-Labouret.jpg\" alt=\"\" class=\"wp-image-85952\" srcset=\"https:\/\/centcols.org\/wp-content\/uploads\/2021\/06\/R5-col-du-Labouret.jpg 1200w, https:\/\/centcols.org\/wp-content\/uploads\/2021\/06\/R5-col-du-Labouret-768x576.jpg 768w\" sizes=\"auto, (max-width: 1200px) 100vw, 1200px\" \/><\/a><figcaption class=\"wp-element-caption\">R5 - Paso de Labouret \u00a9 Robert Yonnet<\/figcaption><\/figure>\n\n\n\n<figure class=\"wp-block-image size-full\"><a href=\"https:\/\/centcols.org\/wp-content\/uploads\/2021\/06\/R5-village-de-Seyne-Les-Alpes.jpg\"><img loading=\"lazy\" decoding=\"async\" width=\"1200\" height=\"900\" data-id=\"85953\" src=\"https:\/\/centcols.org\/wp-content\/uploads\/2021\/06\/R5-village-de-Seyne-Les-Alpes.jpg\" alt=\"\" class=\"wp-image-85953\" srcset=\"https:\/\/centcols.org\/wp-content\/uploads\/2021\/06\/R5-village-de-Seyne-Les-Alpes.jpg 1200w, https:\/\/centcols.org\/wp-content\/uploads\/2021\/06\/R5-village-de-Seyne-Les-Alpes-768x576.jpg 768w\" sizes=\"auto, (max-width: 1200px) 100vw, 1200px\" \/><\/a><figcaption class=\"wp-element-caption\">R5 - pueblo de Seyne Les Alpes \u00a9 Robert Yonnet<\/figcaption><\/figure>\n<\/figure>\n\n\n\n<p>R6: les trois cols - 120 km - 3300 metros - 3 puertos: col de la Cayolle, col des Champs, col d'Allos R7: rassemblement - 50 km - 920 metros - 2 puertos: le Pertus - col Saint-Jean<\/p>\n\n\n\n<figure class=\"wp-block-gallery has-nested-images columns-2 is-cropped wp-block-gallery-4 is-layout-flex wp-block-gallery-is-layout-flex\">\n<figure class=\"wp-block-image size-full\"><a href=\"https:\/\/centcols.org\/wp-content\/uploads\/2021\/06\/R7-station-du-col-St-Jean-1.jpg\"><img loading=\"lazy\" decoding=\"async\" width=\"1200\" height=\"900\" data-id=\"85954\" src=\"https:\/\/centcols.org\/wp-content\/uploads\/2021\/06\/R7-station-du-col-St-Jean-1.jpg\" alt=\"\" class=\"wp-image-85954\" srcset=\"https:\/\/centcols.org\/wp-content\/uploads\/2021\/06\/R7-station-du-col-St-Jean-1.jpg 1200w, https:\/\/centcols.org\/wp-content\/uploads\/2021\/06\/R7-station-du-col-St-Jean-1-768x576.jpg 768w\" sizes=\"auto, (max-width: 1200px) 100vw, 1200px\" \/><\/a><figcaption class=\"wp-element-caption\">R7 - Estaci\u00f3n de Col St Jean \u00a9 Robert Yonnet<\/figcaption><\/figure>\n\n\n\n<figure class=\"wp-block-image size-full\"><a href=\"https:\/\/centcols.org\/wp-content\/uploads\/2021\/06\/R7-col-St-Jean.jpg\"><img loading=\"lazy\" decoding=\"async\" width=\"1200\" height=\"900\" data-id=\"85955\" src=\"https:\/\/centcols.org\/wp-content\/uploads\/2021\/06\/R7-col-St-Jean.jpg\" alt=\"\" class=\"wp-image-85955\" srcset=\"https:\/\/centcols.org\/wp-content\/uploads\/2021\/06\/R7-col-St-Jean.jpg 1200w, https:\/\/centcols.org\/wp-content\/uploads\/2021\/06\/R7-col-St-Jean-768x576.jpg 768w\" sizes=\"auto, (max-width: 1200px) 100vw, 1200px\" \/><\/a><figcaption class=\"wp-element-caption\">R7 - Paso de San Juan \u00a9 Robert Yonnet<\/figcaption><\/figure>\n<\/figure>\n\n\n\n<p>BTT: V1: Bersezio - 30 km - 1550 metros - 5 puertos: Colletto Ferriere, Bassa di Colombart, Col de Pouriac, Bassa Ferriere, Colletto Incianao<\/p>\n\n\n\n<figure class=\"wp-block-gallery has-nested-images columns-4 is-cropped wp-block-gallery-5 is-layout-flex wp-block-gallery-is-layout-flex\">\n<figure class=\"wp-block-image size-full\"><a href=\"https:\/\/centcols.org\/wp-content\/uploads\/2021\/06\/V1-21-sentinelle-des-lieux.jpg\"><img loading=\"lazy\" decoding=\"async\" width=\"900\" height=\"1200\" data-id=\"85956\" src=\"https:\/\/centcols.org\/wp-content\/uploads\/2021\/06\/V1-21-sentinelle-des-lieux.jpg\" alt=\"\" class=\"wp-image-85956\" srcset=\"https:\/\/centcols.org\/wp-content\/uploads\/2021\/06\/V1-21-sentinelle-des-lieux.jpg 900w, https:\/\/centcols.org\/wp-content\/uploads\/2021\/06\/V1-21-sentinelle-des-lieux-768x1024.jpg 768w\" sizes=\"auto, (max-width: 900px) 100vw, 900px\" \/><\/a><figcaption class=\"wp-element-caption\">V1 - centinela del lugar \u00a9 Robert Yonnet<\/figcaption><\/figure>\n\n\n\n<figure class=\"wp-block-image size-full\"><a href=\"https:\/\/centcols.org\/wp-content\/uploads\/2021\/06\/V1-13-bassa-di-Colombart-2.jpg\"><img loading=\"lazy\" decoding=\"async\" width=\"1200\" height=\"900\" data-id=\"85957\" src=\"https:\/\/centcols.org\/wp-content\/uploads\/2021\/06\/V1-13-bassa-di-Colombart-2.jpg\" alt=\"\" class=\"wp-image-85957\" srcset=\"https:\/\/centcols.org\/wp-content\/uploads\/2021\/06\/V1-13-bassa-di-Colombart-2.jpg 1200w, https:\/\/centcols.org\/wp-content\/uploads\/2021\/06\/V1-13-bassa-di-Colombart-2-768x576.jpg 768w\" sizes=\"auto, (max-width: 1200px) 100vw, 1200px\" \/><\/a><figcaption class=\"wp-element-caption\">V1 - bassa di Colombart 2 \u00a9 Robert Yonnet<\/figcaption><\/figure>\n\n\n\n<figure class=\"wp-block-image size-full\"><a href=\"https:\/\/centcols.org\/wp-content\/uploads\/2021\/06\/V1-20-Cime-de-la-Lose.jpg\"><img loading=\"lazy\" decoding=\"async\" width=\"1200\" height=\"900\" data-id=\"85958\" src=\"https:\/\/centcols.org\/wp-content\/uploads\/2021\/06\/V1-20-Cime-de-la-Lose.jpg\" alt=\"\" class=\"wp-image-85958\" srcset=\"https:\/\/centcols.org\/wp-content\/uploads\/2021\/06\/V1-20-Cime-de-la-Lose.jpg 1200w, https:\/\/centcols.org\/wp-content\/uploads\/2021\/06\/V1-20-Cime-de-la-Lose-768x576.jpg 768w\" sizes=\"auto, (max-width: 1200px) 100vw, 1200px\" \/><\/a><figcaption class=\"wp-element-caption\">V1 - Cime de la Lose \u00a9 Robert Yonnet<\/figcaption><\/figure>\n\n\n\n<figure class=\"wp-block-image size-full\"><a href=\"https:\/\/centcols.org\/wp-content\/uploads\/2021\/06\/V1-2-village-de-Bersezio.jpg\"><img loading=\"lazy\" decoding=\"async\" width=\"1200\" height=\"900\" data-id=\"85959\" src=\"https:\/\/centcols.org\/wp-content\/uploads\/2021\/06\/V1-2-village-de-Bersezio.jpg\" alt=\"\" class=\"wp-image-85959\" srcset=\"https:\/\/centcols.org\/wp-content\/uploads\/2021\/06\/V1-2-village-de-Bersezio.jpg 1200w, https:\/\/centcols.org\/wp-content\/uploads\/2021\/06\/V1-2-village-de-Bersezio-768x576.jpg 768w\" sizes=\"auto, (max-width: 1200px) 100vw, 1200px\" \/><\/a><figcaption class=\"wp-element-caption\">V1 - pueblo de Bersezio \u00a9 Robert Yonnet<\/figcaption><\/figure>\n<\/figure>\n\n\n\n<p>V2: Vars - Risoul - 31 km - 1230 metros - 5 puertos: Col de Jaffueil, Col de Saluces, Col du Vallon, Col de Valbelle, Col de Ch\u00e9rine<\/p>\n\n\n\n<figure class=\"wp-block-gallery has-nested-images columns-3 is-cropped wp-block-gallery-6 is-layout-flex wp-block-gallery-is-layout-flex\">\n<figure class=\"wp-block-image size-full\"><a href=\"https:\/\/centcols.org\/wp-content\/uploads\/2021\/06\/V2-11-pic-St-Andre.jpg\"><img loading=\"lazy\" decoding=\"async\" width=\"1200\" height=\"900\" data-id=\"85960\" src=\"https:\/\/centcols.org\/wp-content\/uploads\/2021\/06\/V2-11-pic-St-Andre.jpg\" alt=\"\" class=\"wp-image-85960\" srcset=\"https:\/\/centcols.org\/wp-content\/uploads\/2021\/06\/V2-11-pic-St-Andre.jpg 1200w, https:\/\/centcols.org\/wp-content\/uploads\/2021\/06\/V2-11-pic-St-Andre-768x576.jpg 768w\" sizes=\"auto, (max-width: 1200px) 100vw, 1200px\" \/><\/a><figcaption class=\"wp-element-caption\">V2 - Pico de San Andr\u00e9s \u00a9 Robert Yonnet<\/figcaption><\/figure>\n\n\n\n<figure class=\"wp-block-image size-full\"><a href=\"https:\/\/centcols.org\/wp-content\/uploads\/2021\/06\/V2-10-col-du-Vallon.jpg\"><img loading=\"lazy\" decoding=\"async\" width=\"1200\" height=\"900\" data-id=\"85961\" src=\"https:\/\/centcols.org\/wp-content\/uploads\/2021\/06\/V2-10-col-du-Vallon.jpg\" alt=\"\" class=\"wp-image-85961\" srcset=\"https:\/\/centcols.org\/wp-content\/uploads\/2021\/06\/V2-10-col-du-Vallon.jpg 1200w, https:\/\/centcols.org\/wp-content\/uploads\/2021\/06\/V2-10-col-du-Vallon-768x576.jpg 768w\" sizes=\"auto, (max-width: 1200px) 100vw, 1200px\" \/><\/a><figcaption class=\"wp-element-caption\">V2 - Paso de Vallon \u00a9 Robert Yonnet<\/figcaption><\/figure>\n\n\n\n<figure class=\"wp-block-image size-full\"><a href=\"https:\/\/centcols.org\/wp-content\/uploads\/2021\/06\/V2-5-station-de-Vars-Les-Claux.jpg\"><img loading=\"lazy\" decoding=\"async\" width=\"1200\" height=\"900\" data-id=\"85962\" src=\"https:\/\/centcols.org\/wp-content\/uploads\/2021\/06\/V2-5-station-de-Vars-Les-Claux.jpg\" alt=\"\" class=\"wp-image-85962\" srcset=\"https:\/\/centcols.org\/wp-content\/uploads\/2021\/06\/V2-5-station-de-Vars-Les-Claux.jpg 1200w, https:\/\/centcols.org\/wp-content\/uploads\/2021\/06\/V2-5-station-de-Vars-Les-Claux-768x576.jpg 768w\" sizes=\"auto, (max-width: 1200px) 100vw, 1200px\" \/><\/a><figcaption class=\"wp-element-caption\">V2 - Estaci\u00f3n de Vars Les Claux \u00a9 Robert Yonnet<\/figcaption><\/figure>\n<\/figure>\n\n\n\n<p>V3: le Parpaillon - 41 km - 2130 metros - 4 puertos: col du Parpaillon (t\u00fanel), col de Girabeau, col de la Pare, Pas du Reverdillon<\/p>\n\n\n<div class=\"wp-block-image\">\n<figure class=\"aligncenter size-full is-resized\"><img loading=\"lazy\" decoding=\"async\" width=\"1094\" height=\"821\" src=\"https:\/\/centcols.org\/wp-content\/uploads\/2021\/06\/42-Col-du-Parpaillon.jpg\" alt=\"V3: Col du Parpaillon \u00a9 Enrico Alberini\" class=\"wp-image-85963\" style=\"width:800px\" srcset=\"https:\/\/centcols.org\/wp-content\/uploads\/2021\/06\/42-Col-du-Parpaillon.jpg 1094w, https:\/\/centcols.org\/wp-content\/uploads\/2021\/06\/42-Col-du-Parpaillon-768x576.jpg 768w\" sizes=\"auto, (max-width: 1094px) 100vw, 1094px\" \/><figcaption class=\"wp-element-caption\">V3: Col du Parpaillon \u00a9 Enrico Alberini<\/figcaption><\/figure>\n<\/div>\n\n\n<p>V4: Restefonds - 32 km - 1075 metros - 5 puertos: Pas de Toureis, Faux col de Restefond, col de la Mouti\u00e8re, col de la Bonette, col des Granges Communes V5: Orrenaye - 24 km - 1200 metros - 6 puertos: col R\u00e9my, col des Monges, col d'Aguya, col de la Gypi\u00e8re de l'Orrenaye, col de Ruburent, Colle della Scaletta V6: col d'Allos (a\u00fan no reconocido debido al cierre de la carretera tras el desprendimiento) V7: rassemblement - 21 km - 530 metros - 3 puertos: col de Font Sainte, col de Charamel, col Saint-Jean <strong>Reuni\u00f3n anual del Club des Cent Cols<\/strong><\/p>\n\n\n\n<figure class=\"wp-block-gallery has-nested-images columns-2 is-cropped wp-block-gallery-7 is-layout-flex wp-block-gallery-is-layout-flex\">\n<figure class=\"wp-block-image size-full\"><a href=\"https:\/\/centcols.org\/wp-content\/uploads\/2021\/06\/V7-pic-du-Morgon.jpg\"><img loading=\"lazy\" decoding=\"async\" width=\"1200\" height=\"900\" data-id=\"85965\" src=\"https:\/\/centcols.org\/wp-content\/uploads\/2021\/06\/V7-pic-du-Morgon.jpg\" alt=\"\" class=\"wp-image-85965\" srcset=\"https:\/\/centcols.org\/wp-content\/uploads\/2021\/06\/V7-pic-du-Morgon.jpg 1200w, https:\/\/centcols.org\/wp-content\/uploads\/2021\/06\/V7-pic-du-Morgon-768x576.jpg 768w\" sizes=\"auto, (max-width: 1200px) 100vw, 1200px\" \/><\/a><figcaption class=\"wp-element-caption\">V7 - Pico de Morgon \u00a9 Robert Yonnet<\/figcaption><\/figure>\n\n\n\n<figure class=\"wp-block-image size-full\"><a href=\"https:\/\/centcols.org\/wp-content\/uploads\/2021\/06\/V7-Font-Sainte.jpg\"><img loading=\"lazy\" decoding=\"async\" width=\"1200\" height=\"900\" data-id=\"85966\" src=\"https:\/\/centcols.org\/wp-content\/uploads\/2021\/06\/V7-Font-Sainte.jpg\" alt=\"\" class=\"wp-image-85966\" srcset=\"https:\/\/centcols.org\/wp-content\/uploads\/2021\/06\/V7-Font-Sainte.jpg 1200w, https:\/\/centcols.org\/wp-content\/uploads\/2021\/06\/V7-Font-Sainte-768x576.jpg 768w\" sizes=\"auto, (max-width: 1200px) 100vw, 1200px\" \/><\/a><figcaption class=\"wp-element-caption\">V7 - Fuente Santa \u00a9 Robert Yonnet<\/figcaption><\/figure>\n<\/figure>\n\n\n\n<p>Inicialmente, el rally iba a celebrarse en el Col d'Allos. Sin embargo, tras un importante desprendimiento de tierra el 16 de abril de 2021 entre Uvernet-Fours y el Col d'Allos, y la incertidumbre sobre la reapertura de la carretera, se ha decidido que se celebre el s\u00e1bado 11 de septiembre de 2021 a partir de las 11:00 en el Col d'Allos. <a href=\"https:\/\/centcols.org\/es\/util\/geo\/visuGen.php\/?code=FR-04-1333\" target=\"_blank\" rel=\"noreferrer noopener\">col Saint-Jean FR-04-1333<\/a><\/p>\n\n\n\n<figure class=\"wp-block-gallery has-nested-images columns-4 is-cropped wp-block-gallery-8 is-layout-flex wp-block-gallery-is-layout-flex\">\n<figure class=\"wp-block-image size-full\"><a href=\"https:\/\/centcols.org\/wp-content\/uploads\/2021\/06\/Club-des-100-Cols-11.09.2021-4.jpg\"><img loading=\"lazy\" decoding=\"async\" width=\"1200\" height=\"800\" data-id=\"85967\" src=\"https:\/\/centcols.org\/wp-content\/uploads\/2021\/06\/Club-des-100-Cols-11.09.2021-4.jpg\" alt=\"\" class=\"wp-image-85967\" srcset=\"https:\/\/centcols.org\/wp-content\/uploads\/2021\/06\/Club-des-100-Cols-11.09.2021-4.jpg 1200w, https:\/\/centcols.org\/wp-content\/uploads\/2021\/06\/Club-des-100-Cols-11.09.2021-4-768x512.jpg 768w\" sizes=\"auto, (max-width: 1200px) 100vw, 1200px\" \/><\/a><figcaption class=\"wp-element-caption\">Unas palabras de Guillaume de Lou Riouclar \u00a9 Sylvie Arnaud<\/figcaption><\/figure>\n\n\n\n<figure class=\"wp-block-image size-full\"><a href=\"https:\/\/centcols.org\/wp-content\/uploads\/2021\/06\/Club-des-100-Cols-11.09.2021-3.jpg\"><img loading=\"lazy\" decoding=\"async\" width=\"1200\" height=\"800\" data-id=\"85968\" src=\"https:\/\/centcols.org\/wp-content\/uploads\/2021\/06\/Club-des-100-Cols-11.09.2021-3.jpg\" alt=\"\" class=\"wp-image-85968\" srcset=\"https:\/\/centcols.org\/wp-content\/uploads\/2021\/06\/Club-des-100-Cols-11.09.2021-3.jpg 1200w, https:\/\/centcols.org\/wp-content\/uploads\/2021\/06\/Club-des-100-Cols-11.09.2021-3-768x512.jpg 768w\" sizes=\"auto, (max-width: 1200px) 100vw, 1200px\" \/><\/a><figcaption class=\"wp-element-caption\">el equipo de Lou Riouclar \u00a9 Sylvie Arnaud<\/figcaption><\/figure>\n\n\n\n<figure class=\"wp-block-image size-full\"><a href=\"https:\/\/centcols.org\/wp-content\/uploads\/2021\/06\/Club-des-100-Cols-11.09.2021-2.jpg\"><img loading=\"lazy\" decoding=\"async\" width=\"1200\" height=\"994\" data-id=\"85969\" src=\"https:\/\/centcols.org\/wp-content\/uploads\/2021\/06\/Club-des-100-Cols-11.09.2021-2.jpg\" alt=\"\" class=\"wp-image-85969\" srcset=\"https:\/\/centcols.org\/wp-content\/uploads\/2021\/06\/Club-des-100-Cols-11.09.2021-2.jpg 1200w, https:\/\/centcols.org\/wp-content\/uploads\/2021\/06\/Club-des-100-Cols-11.09.2021-2-768x636.jpg 768w\" sizes=\"auto, (max-width: 1200px) 100vw, 1200px\" \/><\/a><figcaption class=\"wp-element-caption\">Presentaci\u00f3n del libro del 40 aniversario al alcalde de Montclar \u00a9 Sylvie Arnaud<\/figcaption><\/figure>\n\n\n\n<figure class=\"wp-block-image size-full\"><a href=\"https:\/\/centcols.org\/wp-content\/uploads\/2021\/06\/Club-des-100-Cols-11.09.2021-1.jpg\"><img loading=\"lazy\" decoding=\"async\" width=\"1200\" height=\"800\" data-id=\"85970\" src=\"https:\/\/centcols.org\/wp-content\/uploads\/2021\/06\/Club-des-100-Cols-11.09.2021-1.jpg\" alt=\"\" class=\"wp-image-85970\" srcset=\"https:\/\/centcols.org\/wp-content\/uploads\/2021\/06\/Club-des-100-Cols-11.09.2021-1.jpg 1200w, https:\/\/centcols.org\/wp-content\/uploads\/2021\/06\/Club-des-100-Cols-11.09.2021-1-768x512.jpg 768w\" sizes=\"auto, (max-width: 1200px) 100vw, 1200px\" \/><\/a><figcaption class=\"wp-element-caption\">Reuni\u00f3n de Montclar \u00a9 Sylvie Arnaud<\/figcaption><\/figure>\n<\/figure>\n\n\n\n<p class=\"has-medium-font-size\"><a href=\"https:\/\/centcols.org\/wp-content\/uploads\/2025\/08\/La-Provence-Editions-Alpes-Page-Blanche-Ubaye-13.09.2021.pdf\" target=\"_blank\" rel=\"noreferrer noopener\">Art\u00edculo en La Provence<\/a> <a href=\"https:\/\/centcols.org\/wp-content\/uploads\/2025\/08\/La-Provence-Editions-Alpes-Page-Blanche-Ubaye-13.09.2021.pdf\" target=\"_blank\" rel=\"noreferrer noopener\">publicado el lunes 13 de septiembre de 2021<\/a><\/p>\n\n\n\n<h2 class=\"wp-block-heading\">Alojamiento<\/h2>\n\n\n\n<div class=\"wp-block-columns is-layout-flex wp-container-core-columns-is-layout-9d6595d7 wp-block-columns-is-layout-flex\">\n<div class=\"wp-block-column is-layout-flow wp-block-column-is-layout-flow\" style=\"flex-basis:66.66%\">\n<p>Nos alojaremos en el pueblo de vacaciones Cap France, Lou Riouclar. Est\u00e1 situado en las alturas del pueblo de M\u00e9olans-Revel. <strong>Lou Riouclar<\/strong> 04340 M\u00e9olans-Revel Tel: +33 (0)4 92 80 75 75. Direcci\u00f3n de correo electr\u00f3nico: <a href=\"\/es\/&\/#x63;&#x6f;&#110;&#116;a&#x63;&#x74;&#x40;&#108;ou&#x72;&#x69;&#111;&#117;c&#x6c;&#x61;&#x72;&#46;co&#x6d;\" target=\"_blank\" rel=\"noreferrer noopener\">contact@louriouclar.com<\/a> - <a href=\"https:\/\/www.louriouclar.com\" target=\"_blank\" rel=\"noreferrer noopener\">P\u00e1gina web de Lou Riouclar<\/a> Dispone de 118 habitaciones con 2 camas y ba\u00f1o privado con ducha, lavabo y WC. Se proporciona ropa de cama y toallas. El restaurante ofrece productos locales, platos caseros y circuitos cortos con productores locales. El aparcamiento del pueblo puede acoger autocaravanas que hayan optado por el \u00abpaquete 7 cenas\u00bb o el \u00abpaquete 7 d\u00edas de restauraci\u00f3n\u00bb. INFORMACI\u00d3N: Para cualquier solicitud de llegada anticipada, p\u00f3ngase en contacto directamente con el centro.<\/p>\n\n\n\n<figure class=\"wp-block-gallery has-nested-images columns-3 is-cropped wp-block-gallery-9 is-layout-flex wp-block-gallery-is-layout-flex\">\n<figure class=\"wp-block-image size-full\"><a href=\"https:\/\/centcols.org\/wp-content\/uploads\/2021\/06\/photo-drone-rioclar-2.jpg\"><img loading=\"lazy\" decoding=\"async\" width=\"1278\" height=\"720\" data-id=\"85978\" src=\"https:\/\/centcols.org\/wp-content\/uploads\/2021\/06\/photo-drone-rioclar-2.jpg\" alt=\"\" class=\"wp-image-85978\" srcset=\"https:\/\/centcols.org\/wp-content\/uploads\/2021\/06\/photo-drone-rioclar-2.jpg 1278w, https:\/\/centcols.org\/wp-content\/uploads\/2021\/06\/photo-drone-rioclar-2-1200x676.jpg 1200w, https:\/\/centcols.org\/wp-content\/uploads\/2021\/06\/photo-drone-rioclar-2-768x433.jpg 768w\" sizes=\"auto, (max-width: 1278px) 100vw, 1278px\" \/><\/a><figcaption class=\"wp-element-caption\">Lou Riouclar<\/figcaption><\/figure>\n\n\n\n<figure class=\"wp-block-image size-full\"><a href=\"https:\/\/centcols.org\/wp-content\/uploads\/2021\/06\/Vue-generale-Chalet-1-2.jpg\"><img loading=\"lazy\" decoding=\"async\" width=\"1200\" height=\"648\" data-id=\"85976\" src=\"https:\/\/centcols.org\/wp-content\/uploads\/2021\/06\/Vue-generale-Chalet-1-2.jpg\" alt=\"\" class=\"wp-image-85976\" srcset=\"https:\/\/centcols.org\/wp-content\/uploads\/2021\/06\/Vue-generale-Chalet-1-2.jpg 1200w, https:\/\/centcols.org\/wp-content\/uploads\/2021\/06\/Vue-generale-Chalet-1-2-768x415.jpg 768w\" sizes=\"auto, (max-width: 1200px) 100vw, 1200px\" \/><\/a><figcaption class=\"wp-element-caption\">Lou Riouclar<\/figcaption><\/figure>\n\n\n\n<figure class=\"wp-block-image size-full\"><a href=\"https:\/\/centcols.org\/wp-content\/uploads\/2021\/06\/Le-Chalet-vu-de-la-terrsasse-EU-2.jpg\"><img loading=\"lazy\" decoding=\"async\" width=\"1200\" height=\"800\" data-id=\"85977\" src=\"https:\/\/centcols.org\/wp-content\/uploads\/2021\/06\/Le-Chalet-vu-de-la-terrsasse-EU-2.jpg\" alt=\"\" class=\"wp-image-85977\" srcset=\"https:\/\/centcols.org\/wp-content\/uploads\/2021\/06\/Le-Chalet-vu-de-la-terrsasse-EU-2.jpg 1200w, https:\/\/centcols.org\/wp-content\/uploads\/2021\/06\/Le-Chalet-vu-de-la-terrsasse-EU-2-768x512.jpg 768w\" sizes=\"auto, (max-width: 1200px) 100vw, 1200px\" \/><\/a><figcaption class=\"wp-element-caption\">Lou Riouclar<\/figcaption><\/figure>\n<\/figure>\n<\/div>\n\n\n\n<div class=\"wp-block-column is-layout-flow wp-block-column-is-layout-flow\" style=\"flex-basis:33.33%\">\n<div style=\"height:50px\" aria-hidden=\"true\" class=\"wp-block-spacer\"><\/div>\n\n\n\n<h2 class=\"wp-block-heading\">Nota del Consejo de Administraci\u00f3n<\/h2>\n\n\n\n<p>Si no se aloja en la ciudad de vacaciones de Lou Riouclar, no olvide inscribirse como \u00abParticipante simple\u00bb:<\/p>\n\n\n\n<ol class=\"wp-block-list\">\n<li>Poder dimensionar correctamente los actos conjuntos (sesiones informativas, fiestas de bienvenida y despedida).<\/li>\n\n\n\n<li>Para facilitarle el folleto de vacaciones<\/li>\n\n\n\n<li>Para una distribuci\u00f3n adecuada de los costes de preparaci\u00f3n y organizaci\u00f3n.<\/li>\n<\/ol>\n<\/div>\n<\/div>\n\n\n\n<p>Para los campistas que busquen un poco m\u00e1s de comodidad, sugerimos estas dos direcciones:<\/p>\n\n\n\n<ul class=\"wp-block-list\">\n<li>aparcamiento detr\u00e1s del estadio municipal L\u00e9on Signoret de Barcelonnette<\/li>\n<\/ul>\n\n\n\n<h6 class=\"wp-block-heading\">pernoctaci\u00f3n: 6 euros por d\u00eda<\/h6>\n\n\n\n<h6 class=\"wp-block-heading\">electricidad: 2 euros al d\u00eda<\/h6>\n\n\n\n<h6 class=\"wp-block-heading\">pago con tarjeta bancaria en un terminal autom\u00e1tico<\/h6>\n\n\n\n<ul class=\"wp-block-list\">\n<li>camping restaurante R\u00edo Le Martinet 04340 M\u00e9olans-Revel 04 92 85 57 13 \/ 07 77 86 93 65 <a href=\"https:\/\/camping-river.eu\/fr\/bienvenue-2\/\" target=\"_blank\" rel=\"noreferrer noopener\">camping<\/a> &nbsp;<\/li>\n<\/ul>\n\n\n\n<h2 class=\"wp-block-heading\">Inscripciones<\/h2>\n\n\n\n<p>Para inscribirse, descargue el formulario de inscripci\u00f3n en PDF del siguiente enlace. Tenga en cuenta que el formulario de inscripci\u00f3n consta de dos p\u00e1ginas: el formulario de inscripci\u00f3n propiamente dicho (aseg\u00farese de rellenar todas las secciones que le correspondan y firmar al final de la p\u00e1gina), y las condiciones especiales que tambi\u00e9n deber\u00e1 firmar. Si piensa ir acompa\u00f1ado de su pareja, aseg\u00farese de inscribirla previamente como miembro asociado ante su Delegado Territorial o Nacional, y no olvide introducir su n\u00famero de miembro asociado en la casilla correspondiente. Para los que os aloj\u00e1is por vuestros propios medios y os hac\u00e9is cargo de vuestra manutenci\u00f3n, deb\u00e9is contratar el paquete \u00abParticipante simple\u00bb, que corresponde a la participaci\u00f3n en todas las prestaciones y servicios de los que os benefici\u00e1is por participar en el viaje: gastos de preparaci\u00f3n del viaje y de los recorridos, edici\u00f3n de los mapas expuestos y del trombinoscopio, copa de bienvenida y copa al final del viaje, folleto del viaje, organizaci\u00f3n de actividades para los acompa\u00f1antes, seguro del Club, etc. Puede elegir entre los siguientes paquetes:<\/p>\n\n\n\n<ul class=\"wp-block-list\">\n<li>\u00abPensi\u00f3n completa\u00bb a 478 euros, a los que hay que a\u00f1adir los costes adicionales de 18,50 euros.<\/li>\n\n\n\n<li>\u00abEl paquete de 7 cenas cuesta 117 euros si se aloja solo pero desea compartir las cenas con sus amigos. Hay que a\u00f1adir un suplemento de 18,50 \u20ac.<\/li>\n\n\n\n<li>\u00ab El paquete de catering de 7 d\u00edas cuesta 233 euros e incluye desayuno, almuerzos para llevar y cenas, m\u00e1s 18,50 euros de gastos adicionales.<\/li>\n\n\n\n<li>Suscripci\u00f3n facultativa al seguro Gritchen (2,34 % del importe de las prestaciones con un m\u00ednimo de 8 euros por persona o 16 euros por pareja)<\/li>\n\n\n\n<li>\u00abPaquete para un solo participante\u00bb a 18,50 euros si se aloja por su cuenta y se proporciona sus propios almuerzos.<\/li>\n<\/ul>\n\n\n\n<p>Si, y s\u00f3lo si, un participante no es <strong>sin licencia FFCT<\/strong>, Adem\u00e1s, tendr\u00e1 que pagar 7 euros por el seguro obligatorio. Puede pagar la tasa de matriculaci\u00f3n <strong>por cheque o transferencia bancaria<\/strong> a la cuenta del Club. En vista de las tasas adicionales que cobra la organizaci\u00f3n que lo gestiona, no aceptamos el pago por PayPal. <strong>Asignaci\u00f3n de miembros<\/strong> Los pagos se efect\u00faan en el orden en que se env\u00eda el cheque o se realiza la transferencia. En el primer caso, dar\u00e1 fe el matasellos de correos; en el segundo, env\u00edenos una copia de la orden de transferencia. En caso de que la estancia est\u00e9 completa, se crear\u00e1 una lista de espera que funcionar\u00e1 seg\u00fan las mismas normas de prioridad que las inscripciones directas.<\/p>\n\n\n\n<h3 class=\"wp-block-heading\">Trombinoscopio<\/h3>\n\n\n\n<p> Si a\u00fan no ha enviado su foto para el <strong>directorio <\/strong>y desea ser incluido, marque la casilla correspondiente y env\u00edenos una foto en formato JPG por correo electr\u00f3nico. En <strong>m\u00e1s informaci\u00f3n<\/strong> se publicar\u00e1n posteriormente en el sitio web, que podr\u00e1 consultar peri\u00f3dicamente. Cada vez, el responsable de los viajes enviar\u00e1 un breve correo electr\u00f3nico a la lista de distribuci\u00f3n. Si desea recibir estos correos electr\u00f3nicos, env\u00edelos a <strong>suscribirse a la lista de correo<\/strong>, si a\u00fan no lo ha hecho. <strong>Si tiene alguna pregunta<\/strong> No dude en llamar al responsable de vacaciones: +33 6 78 87 33 67. RECORDATORIO: en su reuni\u00f3n del 26 de septiembre de 2020, el Consejo de Administraci\u00f3n decidi\u00f3 que los miembros asociados ya no estar\u00edan obligados a suscribir los paquetes \u00abparticipante \u00fanico\u00bb o \u00abcostes adicionales\u00bb. <\/p>\n\n\n\n<h3 class=\"wp-block-heading\">Descargar el bolet\u00edn :<\/h3>\n\n\n\n<ul class=\"wp-block-list\">\n<li>Formulario de inscripci\u00f3n M\u00e9olans-Revel en franc\u00e9s<\/li>\n\n\n\n<li>Formulario de reserva M\u00e9olans-Revel en espa\u00f1ol<\/li>\n\n\n\n<li>M\u00f3dulo de inscripci\u00f3n M\u00e9olans-Revel en italiano<\/li>\n<\/ul>\n\n\n\n<p><strong>La fecha l\u00edmite para la recepci\u00f3n de candidaturas es el 10 de agosto de 2021.<\/strong><\/p>\n\n\n\n<p>Puede hojear <a href=\"https:\/\/centcols.org\/wp-content\/uploads\/2025\/08\/Livret-Ubaye-1.pdf\" target=\"_blank\" rel=\"noreferrer noopener\"><strong>aqu\u00ed<\/strong> el folleto<\/a> que se distribuir\u00e1 durante su estancia y que, adem\u00e1s de mensajes de bienvenida, contiene informaci\u00f3n sobre la regi\u00f3n y c\u00f3mo llegar a ella, consejos de seguridad y descripciones detalladas de las excursiones.<\/p>\n\n\n\n<h2 class=\"wp-block-heading\">Otras actividades o visitas<\/h2>\n\n\n\n<h3 class=\"wp-block-heading\">MEOLANS-REVEL<\/h3>\n\n\n\n<p><strong>Varias aldeas diseminadas a altitudes de hasta 1.500 metros han conservado su car\u00e1cter, mezclando armoniosamente actividades agr\u00edcolas, artesanales y tur\u00edsticas. M\u00e9olans, visible desde la carretera, se esconde detr\u00e1s de una roca coronada por un orgulloso campanario, en el coraz\u00f3n de una zona boscosa. El pueblo y el bosque se extienden hasta el valle de Laverq, priorato benedictino, parte de la abad\u00eda de Boscodon y baluarte de los monjes que roturaron el terreno.<\/strong> El pueblo de Rioclar es la aldea m\u00e1s grande de la comuna, con una escuela local y una iglesia con vidrieras que representan las capillas de los alrededores a trav\u00e9s de las estaciones. La casa Chauvet, actual posada \u00abTerres Blanches\u00bb, posee un reloj de sol fechado en 1773 con la leyenda \u00abDame el sol y te dir\u00e9 la hora\u00bb. La Maison du Bois es un escaparate de la industria maderera, con espacios de observaci\u00f3n, informaci\u00f3n y juegos dedicados al bosque y la madera de los Alpes. La visita finaliza con una demostraci\u00f3n de torneado de madera, de sierra de marqueter\u00eda o de fresado con el animador de la Maison. <a href=\"http:\/\/www.maisondubois.fr\">http:\/\/www.maisondubois.fr<\/a><\/p>\n\n\n\n<h3 class=\"wp-block-heading\">PATRIMONIO<\/h3>\n\n\n\n<p>Con un rico patrimonio que abarca desde fortalezas de altura (de Vauban a Maginot) hasta villas y tumbas construidas por antiguos emigrantes que regresaban de M\u00e9xico, el valle del Ubaye, paso de pueblos y culturas, que mira tanto hacia Italia como hacia Francia, invita a descubrir sus paisajes habitados. Para contar la historia de las aventuras de sus campesinos vendedores ambulantes y de sus osados emigrantes, y la paciente evoluci\u00f3n de sus tierras, oficios y conocimientos, el valle del Ubaye ha creado cinco museos y organiza visitas tem\u00e1ticas a sus fortalezas, iglesias y capillas, pueblos y estaciones, paisajes y tesoros naturales. Cruce militar estrat\u00e9gico entre Provenza, Dauphin\u00e9 y Saboya, el valle de Ubaye fue disputado durante mucho tiempo. Anexionado a Francia en 1713 en virtud del Tratado de Utrecht, el Ubaye fue ampliamente fortificado. En el siglo XIX, bajo la direcci\u00f3n sucesiva del general Haxo y luego del general S\u00e9r\u00e9 de Rivi\u00e8res, se construyeron los principales fuertes en las zonas de confluencia o en las cumbres. A partir de 1931, se a\u00f1adi\u00f3 a estas construcciones la l\u00ednea Maginot. Este patrimonio arquitect\u00f3nico \u00fanico e incomparable es testigo de la historia de Francia en un paisaje en el que ya no existen fronteras.<\/p>\n\n\n\n<figure class=\"wp-block-gallery has-nested-images columns-2 is-cropped wp-block-gallery-10 is-layout-flex wp-block-gallery-is-layout-flex\">\n<figure class=\"wp-block-image size-full\"><a href=\"https:\/\/centcols.org\/wp-content\/uploads\/2021\/06\/Fort-de-Tournoux-\u00a9-Claude-Gouron-3-1200x800-1.jpg\"><img loading=\"lazy\" decoding=\"async\" width=\"1200\" height=\"800\" data-id=\"85973\" src=\"https:\/\/centcols.org\/wp-content\/uploads\/2021\/06\/Fort-de-Tournoux-\u00a9-Claude-Gouron-3-1200x800-1.jpg\" alt=\"\" class=\"wp-image-85973\" srcset=\"https:\/\/centcols.org\/wp-content\/uploads\/2021\/06\/Fort-de-Tournoux-\u00a9-Claude-Gouron-3-1200x800-1.jpg 1200w, https:\/\/centcols.org\/wp-content\/uploads\/2021\/06\/Fort-de-Tournoux-\u00a9-Claude-Gouron-3-1200x800-1-768x512.jpg 768w\" sizes=\"auto, (max-width: 1200px) 100vw, 1200px\" \/><\/a><figcaption class=\"wp-element-caption\">Fuerte de Tournoux \u00a9-Claude-Gouron<\/figcaption><\/figure>\n\n\n\n<figure class=\"wp-block-image size-full\"><a href=\"https:\/\/centcols.org\/wp-content\/uploads\/2021\/06\/Fort-de-Saint-Ours-\u00a9-CCVUSP-7-300x300-1.jpg\"><img loading=\"lazy\" decoding=\"async\" width=\"300\" height=\"300\" data-id=\"85974\" src=\"https:\/\/centcols.org\/wp-content\/uploads\/2021\/06\/Fort-de-Saint-Ours-\u00a9-CCVUSP-7-300x300-1.jpg\" alt=\"\" class=\"wp-image-85974\" srcset=\"https:\/\/centcols.org\/wp-content\/uploads\/2021\/06\/Fort-de-Saint-Ours-\u00a9-CCVUSP-7-300x300-1.jpg 300w, https:\/\/centcols.org\/wp-content\/uploads\/2021\/06\/Fort-de-Saint-Ours-\u00a9-CCVUSP-7-300x300-1-150x150.jpg 150w\" sizes=\"auto, (max-width: 300px) 100vw, 300px\" \/><\/a><figcaption class=\"wp-element-caption\">Fuerte de Saint-Ours \u00a9 CCVUSP <\/figcaption><\/figure>\n<\/figure>\n\n\n\n<h3 class=\"wp-block-heading\">MUSEOS<\/h3>\n\n\n\n<p><strong>Un museo a lo largo del valle<\/strong> El museo de Lauzet-Ubaye revela los paisajes del valle y la riqueza de su flora y fauna, as\u00ed como las habilidades que el hombre ha desarrollado en ganader\u00eda, artesan\u00eda, arquitectura, caza, recolecci\u00f3n, etc. Situado en el coraz\u00f3n del pueblo, en una antigua tienda, el museo invita a descubrir el valle. <strong>Museo del Valle :<\/strong> Venga a descubrir las colecciones del museo de la Vall\u00e9e, abiertas al mundo y a otras culturas: arte popular de M\u00e9xico, China, Birmania, etc.; las pinturas orientalistas de Jean y Marie Caire; el gabinete de curiosidades del emigrante-viajero Emile Chabrand, sin olvidar la aventura a trav\u00e9s del oc\u00e9ano de los habitantes de Barcelonnette (conocidos como \u00ables barcelonnettes\u00bb) en M\u00e9xico (1805-1950), contada por un descendiente.<\/p>\n\n\n<div class=\"wp-block-image size-full wp-image-57712\">\n<figure class=\"aligncenter is-resized\"><a href=\"https:\/\/centcols.org\/wp-content\/uploads\/2021\/06\/Musee-de-la-Vallee-exterieur-\u00a9-Claude-Gouron-2-1200x900-1.jpg\"><img loading=\"lazy\" decoding=\"async\" width=\"1200\" height=\"900\" src=\"https:\/\/centcols.org\/wp-content\/uploads\/2021\/06\/Musee-de-la-Vallee-exterieur-\u00a9-Claude-Gouron-2-1200x900-1.jpg\" alt=\"\" class=\"wp-image-85975\" style=\"aspect-ratio:1;width:600px\" srcset=\"https:\/\/centcols.org\/wp-content\/uploads\/2021\/06\/Musee-de-la-Vallee-exterieur-\u00a9-Claude-Gouron-2-1200x900-1.jpg 1200w, https:\/\/centcols.org\/wp-content\/uploads\/2021\/06\/Musee-de-la-Vallee-exterieur-\u00a9-Claude-Gouron-2-1200x900-1-768x576.jpg 768w\" sizes=\"auto, (max-width: 1200px) 100vw, 1200px\" \/><\/a><figcaption class=\"wp-element-caption\">Museo del Valle \u00a9 Claude Gouron<\/figcaption><\/figure>\n<\/div>\n\n\n<p>Para los aficionados a la arqueolog\u00eda, el museo alberga bronces de la famosa colecci\u00f3n Ollivier (donaci\u00f3n Gleize) Parc de la Sapini\u00e8re - Avenue de la Lib\u00e9ration - 04400 Barcelonnette <strong>Museoscopio del lago :<\/strong> Cuenta la historia de la construcci\u00f3n de la presa de Serre-Pon\u00e7on (la mayor de Europa) y de los pueblos que se hundieron. A trav\u00e9s de un recorrido visual y sonoro, ven a descubrir este lugar, que combina ocio y cultura en un mismo espacio esc\u00e9nico. <a href=\"http:\/\/www.museoscope-du-lac.com\">http:\/\/www.museoscope-du-lac.com<\/a><\/p>","protected":false},"excerpt":{"rendered":"<p>Ont contribu\u00e9 \u00e0 cette page de pr\u00e9sentation du s\u00e9jour Enrico Alberini, Christophe Badonnel, Bernard Giraudeau et les responsables informatiques. Le s\u00e9jour d\u2019\u00e9t\u00e9 2021 se d\u00e9roulera du 04 au 11 septembre dans le d\u00e9partement des Alpes de Haute Provence, plus pr\u00e9cis\u00e9ment \u00e0 M\u00e9olans-Revel. Il a \u00e9t\u00e9 pr\u00e9par\u00e9 par une petite \u00e9quipe locale : Paulette Autric, Robert [&hellip;]<\/p>\n","protected":false},"author":64,"featured_media":85941,"comment_status":"closed","ping_status":"open","sticky":false,"template":"","format":"standard","meta":{"_acf_changed":false,"footnotes":""},"categories":[349,381,353,355,135,231],"tags":[],"class_list":["post-82284","post","type-post","status-publish","format-standard","has-post-thumbnail","hentry","category-france-pays-sejours","category-04-alpes-de-haute-provence","category-alpes-francaises-du-sud-massif-sejours","category-provence-alpes-cote-dazur-region-sejours","category-calendrier","category-sejours"],"acf":[],"yoast_head":"<!-- This site is optimized with the Yoast SEO plugin v27.2 - https:\/\/yoast.com\/product\/yoast-seo-wordpress\/ -->\n<title>S\u00e9jour d&#039;\u00e9t\u00e9 \u00e0 M\u00e9olans-Revel, 04 au 11 septembre 2021 - Club des Cent Cols<\/title>\n<meta name=\"robots\" content=\"index, follow, max-snippet:-1, max-image-preview:large, max-video-preview:-1\" \/>\n<link rel=\"canonical\" href=\"https:\/\/centcols.org\/es\/estancia-2021-meolans-revel\/\" \/>\n<meta property=\"og:locale\" content=\"es_ES\" \/>\n<meta property=\"og:type\" content=\"article\" \/>\n<meta property=\"og:title\" content=\"S\u00e9jour d&#039;\u00e9t\u00e9 \u00e0 M\u00e9olans-Revel, 04 au 11 septembre 2021 - Club des Cent Cols\" \/>\n<meta property=\"og:description\" content=\"Ont contribu\u00e9 \u00e0 cette page de pr\u00e9sentation du s\u00e9jour Enrico Alberini, Christophe Badonnel, Bernard Giraudeau et les responsables informatiques. Le s\u00e9jour d\u2019\u00e9t\u00e9 2021 se d\u00e9roulera du 04 au 11 septembre dans le d\u00e9partement des Alpes de Haute Provence, plus pr\u00e9cis\u00e9ment \u00e0 M\u00e9olans-Revel. Il a \u00e9t\u00e9 pr\u00e9par\u00e9 par une petite \u00e9quipe locale : Paulette Autric, Robert [&hellip;]\" \/>\n<meta property=\"og:url\" content=\"https:\/\/centcols.org\/es\/estancia-2021-meolans-revel\/\" \/>\n<meta property=\"og:site_name\" content=\"Club des Cent Cols\" \/>\n<meta property=\"article:publisher\" content=\"https:\/\/www.facebook.com\/groups\/5261880558\/?locale=fr_FR\" \/>\n<meta property=\"article:published_time\" content=\"2021-06-06T12:15:39+00:00\" \/>\n<meta property=\"article:modified_time\" content=\"2025-09-08T23:48:41+00:00\" \/>\n<meta property=\"og:image\" content=\"https:\/\/centcols.org\/wp-content\/uploads\/2021\/06\/barcelonette1-2.jpg\" \/>\n\t<meta property=\"og:image:width\" content=\"1200\" \/>\n\t<meta property=\"og:image:height\" content=\"900\" \/>\n\t<meta property=\"og:image:type\" content=\"image\/jpeg\" \/>\n<meta name=\"author\" content=\"Christophe Badonnel\" \/>\n<meta name=\"twitter:card\" content=\"summary_large_image\" \/>\n<meta name=\"twitter:label1\" content=\"Escrito por\" \/>\n\t<meta name=\"twitter:data1\" content=\"Christophe Badonnel\" \/>\n\t<meta name=\"twitter:label2\" content=\"Tiempo de lectura\" \/>\n\t<meta name=\"twitter:data2\" content=\"24 minutos\" \/>\n<script type=\"application\/ld+json\" class=\"yoast-schema-graph\">{\"@context\":\"https:\/\/schema.org\",\"@graph\":[{\"@type\":\"Article\",\"@id\":\"https:\/\/centcols.org\/sejour-2021-meolans-revel\/#article\",\"isPartOf\":{\"@id\":\"https:\/\/centcols.org\/sejour-2021-meolans-revel\/\"},\"author\":{\"name\":\"Christophe Badonnel\",\"@id\":\"https:\/\/centcols.org\/#\/schema\/person\/5c1a9d61132fb33ccec149272abff6e1\"},\"headline\":\"S\u00e9jour d&rsquo;\u00e9t\u00e9 \u00e0 M\u00e9olans-Revel, 04 au 11 septembre 2021\",\"datePublished\":\"2021-06-06T12:15:39+00:00\",\"dateModified\":\"2025-09-08T23:48:41+00:00\",\"mainEntityOfPage\":{\"@id\":\"https:\/\/centcols.org\/sejour-2021-meolans-revel\/\"},\"wordCount\":3419,\"publisher\":{\"@id\":\"https:\/\/centcols.org\/#organization\"},\"image\":{\"@id\":\"https:\/\/centcols.org\/sejour-2021-meolans-revel\/#primaryimage\"},\"thumbnailUrl\":\"https:\/\/centcols.org\/wp-content\/uploads\/2021\/06\/barcelonette1-2.jpg\",\"articleSection\":[\"France\",\"04-Alpes-de-Haute-Provence\",\"Alpes fran\u00e7aises du sud\",\"Provence-Alpes-C\u00f4te d'Azur\",\"Calendrier\",\"S\u00e9jours du Club des Cent Cols\"],\"inLanguage\":\"es\"},{\"@type\":\"WebPage\",\"@id\":\"https:\/\/centcols.org\/sejour-2021-meolans-revel\/\",\"url\":\"https:\/\/centcols.org\/sejour-2021-meolans-revel\/\",\"name\":\"S\u00e9jour d'\u00e9t\u00e9 \u00e0 M\u00e9olans-Revel, 04 au 11 septembre 2021 - Club des Cent Cols\",\"isPartOf\":{\"@id\":\"https:\/\/centcols.org\/#website\"},\"primaryImageOfPage\":{\"@id\":\"https:\/\/centcols.org\/sejour-2021-meolans-revel\/#primaryimage\"},\"image\":{\"@id\":\"https:\/\/centcols.org\/sejour-2021-meolans-revel\/#primaryimage\"},\"thumbnailUrl\":\"https:\/\/centcols.org\/wp-content\/uploads\/2021\/06\/barcelonette1-2.jpg\",\"datePublished\":\"2021-06-06T12:15:39+00:00\",\"dateModified\":\"2025-09-08T23:48:41+00:00\",\"breadcrumb\":{\"@id\":\"https:\/\/centcols.org\/sejour-2021-meolans-revel\/#breadcrumb\"},\"inLanguage\":\"es\",\"potentialAction\":[{\"@type\":\"ReadAction\",\"target\":[\"https:\/\/centcols.org\/sejour-2021-meolans-revel\/\"]}]},{\"@type\":\"ImageObject\",\"inLanguage\":\"es\",\"@id\":\"https:\/\/centcols.org\/sejour-2021-meolans-revel\/#primaryimage\",\"url\":\"https:\/\/centcols.org\/wp-content\/uploads\/2021\/06\/barcelonette1-2.jpg\",\"contentUrl\":\"https:\/\/centcols.org\/wp-content\/uploads\/2021\/06\/barcelonette1-2.jpg\",\"width\":1200,\"height\":900},{\"@type\":\"BreadcrumbList\",\"@id\":\"https:\/\/centcols.org\/sejour-2021-meolans-revel\/#breadcrumb\",\"itemListElement\":[{\"@type\":\"ListItem\",\"position\":1,\"name\":\"Accueil\",\"item\":\"https:\/\/centcols.org\/\"},{\"@type\":\"ListItem\",\"position\":2,\"name\":\"S\u00e9jours du Club des Cent Cols\",\"item\":\"https:\/\/centcols.org\/rubrique\/sejours\/\"},{\"@type\":\"ListItem\",\"position\":3,\"name\":\"Pays\",\"item\":\"https:\/\/centcols.org\/rubrique\/sejours\/pays-sejours\/\"},{\"@type\":\"ListItem\",\"position\":4,\"name\":\"France\",\"item\":\"https:\/\/centcols.org\/rubrique\/sejours\/pays-sejours\/france-pays-sejours\/\"},{\"@type\":\"ListItem\",\"position\":5,\"name\":\"S\u00e9jour d&rsquo;\u00e9t\u00e9 \u00e0 M\u00e9olans-Revel, 04 au 11 septembre 2021\"}]},{\"@type\":\"WebSite\",\"@id\":\"https:\/\/centcols.org\/#website\",\"url\":\"https:\/\/centcols.org\/\",\"name\":\"Club des Cent Cols\",\"description\":\"\",\"publisher\":{\"@id\":\"https:\/\/centcols.org\/#organization\"},\"potentialAction\":[{\"@type\":\"SearchAction\",\"target\":{\"@type\":\"EntryPoint\",\"urlTemplate\":\"https:\/\/centcols.org\/?s={search_term_string}\"},\"query-input\":{\"@type\":\"PropertyValueSpecification\",\"valueRequired\":true,\"valueName\":\"search_term_string\"}}],\"inLanguage\":\"es\"},{\"@type\":\"Organization\",\"@id\":\"https:\/\/centcols.org\/#organization\",\"name\":\"Club des Cent Cols\",\"url\":\"https:\/\/centcols.org\/\",\"logo\":{\"@type\":\"ImageObject\",\"inLanguage\":\"es\",\"@id\":\"https:\/\/centcols.org\/#\/schema\/logo\/image\/\",\"url\":\"https:\/\/centcols.org\/wp-content\/uploads\/2025\/01\/carte-icone.png\",\"contentUrl\":\"https:\/\/centcols.org\/wp-content\/uploads\/2025\/01\/carte-icone.png\",\"width\":250,\"height\":250,\"caption\":\"Club des Cent Cols\"},\"image\":{\"@id\":\"https:\/\/centcols.org\/#\/schema\/logo\/image\/\"},\"sameAs\":[\"https:\/\/www.facebook.com\/groups\/5261880558\/?locale=fr_FR\"]},{\"@type\":\"Person\",\"@id\":\"https:\/\/centcols.org\/#\/schema\/person\/5c1a9d61132fb33ccec149272abff6e1\",\"name\":\"Christophe Badonnel\",\"image\":{\"@type\":\"ImageObject\",\"inLanguage\":\"es\",\"@id\":\"https:\/\/centcols.org\/wp-content\/litespeed\/avatar\/9f363966b51271bd99ebbb6ebd632889.jpg?ver=1777238111\",\"url\":\"https:\/\/centcols.org\/wp-content\/litespeed\/avatar\/9f363966b51271bd99ebbb6ebd632889.jpg?ver=1777238111\",\"contentUrl\":\"https:\/\/centcols.org\/wp-content\/litespeed\/avatar\/9f363966b51271bd99ebbb6ebd632889.jpg?ver=1777238111\",\"caption\":\"Christophe Badonnel\"},\"url\":\"https:\/\/centcols.org\/es\/author\/5799\/\"}]}<\/script>\n<!-- \/ Yoast SEO plugin. -->","yoast_head_json":{"title":"Vacaciones de verano en M\u00e9olans-Revel, del 04 al 11 de septiembre de 2021 - Club des Cent Cols","robots":{"index":"index","follow":"follow","max-snippet":"max-snippet:-1","max-image-preview":"max-image-preview:large","max-video-preview":"max-video-preview:-1"},"canonical":"https:\/\/centcols.org\/es\/estancia-2021-meolans-revel\/","og_locale":"es_ES","og_type":"article","og_title":"S\u00e9jour d'\u00e9t\u00e9 \u00e0 M\u00e9olans-Revel, 04 au 11 septembre 2021 - Club des Cent Cols","og_description":"Ont contribu\u00e9 \u00e0 cette page de pr\u00e9sentation du s\u00e9jour Enrico Alberini, Christophe Badonnel, Bernard Giraudeau et les responsables informatiques. Le s\u00e9jour d\u2019\u00e9t\u00e9 2021 se d\u00e9roulera du 04 au 11 septembre dans le d\u00e9partement des Alpes de Haute Provence, plus pr\u00e9cis\u00e9ment \u00e0 M\u00e9olans-Revel. Il a \u00e9t\u00e9 pr\u00e9par\u00e9 par une petite \u00e9quipe locale : Paulette Autric, Robert [&hellip;]","og_url":"https:\/\/centcols.org\/es\/estancia-2021-meolans-revel\/","og_site_name":"Club des Cent Cols","article_publisher":"https:\/\/www.facebook.com\/groups\/5261880558\/?locale=fr_FR","article_published_time":"2021-06-06T12:15:39+00:00","article_modified_time":"2025-09-08T23:48:41+00:00","og_image":[{"width":1200,"height":900,"url":"https:\/\/centcols.org\/wp-content\/uploads\/2021\/06\/barcelonette1-2.jpg","type":"image\/jpeg"}],"author":"Christophe Badonnel","twitter_card":"summary_large_image","twitter_misc":{"Escrito por":"Christophe Badonnel","Tiempo de lectura":"24 minutos"},"schema":{"@context":"https:\/\/schema.org","@graph":[{"@type":"Article","@id":"https:\/\/centcols.org\/sejour-2021-meolans-revel\/#article","isPartOf":{"@id":"https:\/\/centcols.org\/sejour-2021-meolans-revel\/"},"author":{"name":"Christophe Badonnel","@id":"https:\/\/centcols.org\/#\/schema\/person\/5c1a9d61132fb33ccec149272abff6e1"},"headline":"S\u00e9jour d&rsquo;\u00e9t\u00e9 \u00e0 M\u00e9olans-Revel, 04 au 11 septembre 2021","datePublished":"2021-06-06T12:15:39+00:00","dateModified":"2025-09-08T23:48:41+00:00","mainEntityOfPage":{"@id":"https:\/\/centcols.org\/sejour-2021-meolans-revel\/"},"wordCount":3419,"publisher":{"@id":"https:\/\/centcols.org\/#organization"},"image":{"@id":"https:\/\/centcols.org\/sejour-2021-meolans-revel\/#primaryimage"},"thumbnailUrl":"https:\/\/centcols.org\/wp-content\/uploads\/2021\/06\/barcelonette1-2.jpg","articleSection":["France","04-Alpes-de-Haute-Provence","Alpes fran\u00e7aises du sud","Provence-Alpes-C\u00f4te d'Azur","Calendrier","S\u00e9jours du Club des Cent Cols"],"inLanguage":"es"},{"@type":"WebPage","@id":"https:\/\/centcols.org\/sejour-2021-meolans-revel\/","url":"https:\/\/centcols.org\/sejour-2021-meolans-revel\/","name":"Vacaciones de verano en M\u00e9olans-Revel, del 04 al 11 de septiembre de 2021 - Club des Cent Cols","isPartOf":{"@id":"https:\/\/centcols.org\/#website"},"primaryImageOfPage":{"@id":"https:\/\/centcols.org\/sejour-2021-meolans-revel\/#primaryimage"},"image":{"@id":"https:\/\/centcols.org\/sejour-2021-meolans-revel\/#primaryimage"},"thumbnailUrl":"https:\/\/centcols.org\/wp-content\/uploads\/2021\/06\/barcelonette1-2.jpg","datePublished":"2021-06-06T12:15:39+00:00","dateModified":"2025-09-08T23:48:41+00:00","breadcrumb":{"@id":"https:\/\/centcols.org\/sejour-2021-meolans-revel\/#breadcrumb"},"inLanguage":"es","potentialAction":[{"@type":"ReadAction","target":["https:\/\/centcols.org\/sejour-2021-meolans-revel\/"]}]},{"@type":"ImageObject","inLanguage":"es","@id":"https:\/\/centcols.org\/sejour-2021-meolans-revel\/#primaryimage","url":"https:\/\/centcols.org\/wp-content\/uploads\/2021\/06\/barcelonette1-2.jpg","contentUrl":"https:\/\/centcols.org\/wp-content\/uploads\/2021\/06\/barcelonette1-2.jpg","width":1200,"height":900},{"@type":"BreadcrumbList","@id":"https:\/\/centcols.org\/sejour-2021-meolans-revel\/#breadcrumb","itemListElement":[{"@type":"ListItem","position":1,"name":"Accueil","item":"https:\/\/centcols.org\/"},{"@type":"ListItem","position":2,"name":"S\u00e9jours du Club des Cent Cols","item":"https:\/\/centcols.org\/rubrique\/sejours\/"},{"@type":"ListItem","position":3,"name":"Pays","item":"https:\/\/centcols.org\/rubrique\/sejours\/pays-sejours\/"},{"@type":"ListItem","position":4,"name":"France","item":"https:\/\/centcols.org\/rubrique\/sejours\/pays-sejours\/france-pays-sejours\/"},{"@type":"ListItem","position":5,"name":"S\u00e9jour d&rsquo;\u00e9t\u00e9 \u00e0 M\u00e9olans-Revel, 04 au 11 septembre 2021"}]},{"@type":"WebSite","@id":"https:\/\/centcols.org\/#website","url":"https:\/\/centcols.org\/","name":"Club des Cent Cols","description":"","publisher":{"@id":"https:\/\/centcols.org\/#organization"},"potentialAction":[{"@type":"SearchAction","target":{"@type":"EntryPoint","urlTemplate":"https:\/\/centcols.org\/?s={search_term_string}"},"query-input":{"@type":"PropertyValueSpecification","valueRequired":true,"valueName":"search_term_string"}}],"inLanguage":"es"},{"@type":"Organization","@id":"https:\/\/centcols.org\/#organization","name":"Club des Cent Cols","url":"https:\/\/centcols.org\/","logo":{"@type":"ImageObject","inLanguage":"es","@id":"https:\/\/centcols.org\/#\/schema\/logo\/image\/","url":"https:\/\/centcols.org\/wp-content\/uploads\/2025\/01\/carte-icone.png","contentUrl":"https:\/\/centcols.org\/wp-content\/uploads\/2025\/01\/carte-icone.png","width":250,"height":250,"caption":"Club des Cent Cols"},"image":{"@id":"https:\/\/centcols.org\/#\/schema\/logo\/image\/"},"sameAs":["https:\/\/www.facebook.com\/groups\/5261880558\/?locale=fr_FR"]},{"@type":"Person","@id":"https:\/\/centcols.org\/#\/schema\/person\/5c1a9d61132fb33ccec149272abff6e1","name":"Christophe Badonnel","image":{"@type":"ImageObject","inLanguage":"es","@id":"https:\/\/centcols.org\/wp-content\/litespeed\/avatar\/9f363966b51271bd99ebbb6ebd632889.jpg?ver=1777238111","url":"https:\/\/centcols.org\/wp-content\/litespeed\/avatar\/9f363966b51271bd99ebbb6ebd632889.jpg?ver=1777238111","contentUrl":"https:\/\/centcols.org\/wp-content\/litespeed\/avatar\/9f363966b51271bd99ebbb6ebd632889.jpg?ver=1777238111","caption":"Christophe Badonnel"},"url":"https:\/\/centcols.org\/es\/author\/5799\/"}]}},"_links":{"self":[{"href":"https:\/\/centcols.org\/es\/wp-json\/wp\/v2\/posts\/82284","targetHints":{"allow":["GET"]}}],"collection":[{"href":"https:\/\/centcols.org\/es\/wp-json\/wp\/v2\/posts"}],"about":[{"href":"https:\/\/centcols.org\/es\/wp-json\/wp\/v2\/types\/post"}],"author":[{"embeddable":true,"href":"https:\/\/centcols.org\/es\/wp-json\/wp\/v2\/users\/64"}],"replies":[{"embeddable":true,"href":"https:\/\/centcols.org\/es\/wp-json\/wp\/v2\/comments?post=82284"}],"version-history":[{"count":0,"href":"https:\/\/centcols.org\/es\/wp-json\/wp\/v2\/posts\/82284\/revisions"}],"wp:featuredmedia":[{"embeddable":true,"href":"https:\/\/centcols.org\/es\/wp-json\/wp\/v2\/media\/85941"}],"wp:attachment":[{"href":"https:\/\/centcols.org\/es\/wp-json\/wp\/v2\/media?parent=82284"}],"wp:term":[{"taxonomy":"category","embeddable":true,"href":"https:\/\/centcols.org\/es\/wp-json\/wp\/v2\/categories?post=82284"},{"taxonomy":"post_tag","embeddable":true,"href":"https:\/\/centcols.org\/es\/wp-json\/wp\/v2\/tags?post=82284"}],"curies":[{"name":"wp","href":"https:\/\/api.w.org\/{rel}","templated":true}]}}