{"id":82288,"date":"2021-07-01T16:16:16","date_gmt":"2021-07-01T14:16:16","guid":{"rendered":"https:\/\/centcols.org\/rassemblement-du-26-juin-2021-au-col-du-tra-article-du-dauphine-libere\/"},"modified":"2025-09-10T15:47:00","modified_gmt":"2025-09-10T13:47:00","slug":"concentracion-el-26-de-junio-de-2021-en-el-col-du-tra-article-en-dauphine-libere","status":"publish","type":"post","link":"https:\/\/centcols.org\/es\/rassemblement-du-26-juin-2021-au-col-du-tra-article-du-dauphine-libere\/","title":{"rendered":"Reuni\u00f3n el 26 de junio de 2021 en el Col du Tra, art\u00edculo del Dauphin\u00e9 Lib\u00e9r\u00e9"},"content":{"rendered":"<p>Alrededor de cincuenta de nosotros nos reunimos en el Col du Tra el 26 de junio de 2021.<\/p>\n\n\n\n<figure class=\"wp-block-image size-full\"><img loading=\"lazy\" decoding=\"async\" width=\"1199\" height=\"615\" src=\"https:\/\/centcols.org\/wp-content\/uploads\/2021\/07\/2021-06-26_Dauphine.jpg\" alt=\"\" class=\"wp-image-89557\" srcset=\"https:\/\/centcols.org\/wp-content\/uploads\/2021\/07\/2021-06-26_Dauphine.jpg 1199w, https:\/\/centcols.org\/wp-content\/uploads\/2021\/07\/2021-06-26_Dauphine-768x394.jpg 768w, https:\/\/centcols.org\/wp-content\/uploads\/2021\/07\/2021-06-26_Dauphine-18x9.jpg 18w\" sizes=\"auto, (max-width: 1199px) 100vw, 1199px\" \/><\/figure>\n\n\n\n<p>&nbsp;<\/p>\n\n\n\n<p>&nbsp;<\/p>","protected":false},"excerpt":{"rendered":"<p>Alrededor de cincuenta de nosotros nos reunimos en el Col du Tra el 26 de junio de 2021. &nbsp; &nbsp;<\/p>","protected":false},"author":136,"featured_media":82289,"comment_status":"closed","ping_status":"open","sticky":false,"template":"","format":"standard","meta":{"_acf_changed":false,"footnotes":""},"categories":[292,81],"tags":[],"class_list":["post-82288","post","type-post","status-publish","format-standard","has-post-thumbnail","hentry","category-292","category-articles-de-presse-et-videos"],"acf":[],"yoast_head":"<!-- This site is optimized with the Yoast SEO plugin v27.2 - https:\/\/yoast.com\/product\/yoast-seo-wordpress\/ -->\n<title>Rassemblement du 26 juin 2021 au col du Tra, article du Dauphin\u00e9 Lib\u00e9r\u00e9 - Club des Cent Cols<\/title>\n<meta name=\"robots\" content=\"index, follow, max-snippet:-1, max-image-preview:large, max-video-preview:-1\" \/>\n<link rel=\"canonical\" href=\"https:\/\/centcols.org\/es\/concentracion-el-26-de-junio-de-2021-en-el-col-du-tra-article-en-dauphine-libere\/\" \/>\n<meta property=\"og:locale\" content=\"es_ES\" \/>\n<meta property=\"og:type\" content=\"article\" \/>\n<meta property=\"og:title\" content=\"Rassemblement du 26 juin 2021 au col du Tra, article du Dauphin\u00e9 Lib\u00e9r\u00e9 - Club des Cent Cols\" \/>\n<meta property=\"og:description\" content=\"Nous \u00e9tions une cinquantaine rassembl\u00e9s au col du Tra le 26 juin 2021. &nbsp; &nbsp;\" \/>\n<meta property=\"og:url\" content=\"https:\/\/centcols.org\/es\/concentracion-el-26-de-junio-de-2021-en-el-col-du-tra-article-en-dauphine-libere\/\" \/>\n<meta property=\"og:site_name\" content=\"Club des Cent Cols\" \/>\n<meta property=\"article:publisher\" content=\"https:\/\/www.facebook.com\/groups\/5261880558\/?locale=fr_FR\" \/>\n<meta property=\"article:published_time\" content=\"2021-07-01T14:16:16+00:00\" \/>\n<meta property=\"article:modified_time\" content=\"2025-09-10T13:47:00+00:00\" \/>\n<meta property=\"og:image\" content=\"https:\/\/centcols.org\/wp-content\/uploads\/2025\/05\/2021-06-26_Dauphine-scaled-1.jpg\" \/>\n\t<meta property=\"og:image:width\" content=\"1997\" \/>\n\t<meta property=\"og:image:height\" content=\"1024\" \/>\n\t<meta property=\"og:image:type\" content=\"image\/jpeg\" \/>\n<meta name=\"author\" content=\"Guy Harl\u00e9\" \/>\n<meta name=\"twitter:card\" content=\"summary_large_image\" \/>\n<meta name=\"twitter:label1\" content=\"Escrito por\" \/>\n\t<meta name=\"twitter:data1\" content=\"Guy Harl\u00e9\" \/>\n\t<meta name=\"twitter:label2\" content=\"Tiempo de lectura\" \/>\n\t<meta name=\"twitter:data2\" content=\"1 minuto\" \/>\n<script type=\"application\/ld+json\" class=\"yoast-schema-graph\">{\"@context\":\"https:\/\/schema.org\",\"@graph\":[{\"@type\":\"Article\",\"@id\":\"https:\/\/centcols.org\/rassemblement-du-26-juin-2021-au-col-du-tra-article-du-dauphine-libere\/#article\",\"isPartOf\":{\"@id\":\"https:\/\/centcols.org\/rassemblement-du-26-juin-2021-au-col-du-tra-article-du-dauphine-libere\/\"},\"author\":{\"name\":\"Guy Harl\u00e9\",\"@id\":\"https:\/\/centcols.org\/#\/schema\/person\/377f00da2793c0363246869bb3a344d0\"},\"headline\":\"Rassemblement du 26 juin 2021 au col du Tra, article du Dauphin\u00e9 Lib\u00e9r\u00e9\",\"datePublished\":\"2021-07-01T14:16:16+00:00\",\"dateModified\":\"2025-09-10T13:47:00+00:00\",\"mainEntityOfPage\":{\"@id\":\"https:\/\/centcols.org\/rassemblement-du-26-juin-2021-au-col-du-tra-article-du-dauphine-libere\/\"},\"wordCount\":26,\"publisher\":{\"@id\":\"https:\/\/centcols.org\/#organization\"},\"image\":{\"@id\":\"https:\/\/centcols.org\/rassemblement-du-26-juin-2021-au-col-du-tra-article-du-dauphine-libere\/#primaryimage\"},\"thumbnailUrl\":\"https:\/\/centcols.org\/wp-content\/uploads\/2025\/05\/2021-06-26_Dauphine-scaled-1.jpg\",\"articleSection\":[\"2021\",\"Articles de presse et vid\u00e9os\"],\"inLanguage\":\"es\"},{\"@type\":\"WebPage\",\"@id\":\"https:\/\/centcols.org\/rassemblement-du-26-juin-2021-au-col-du-tra-article-du-dauphine-libere\/\",\"url\":\"https:\/\/centcols.org\/rassemblement-du-26-juin-2021-au-col-du-tra-article-du-dauphine-libere\/\",\"name\":\"Rassemblement du 26 juin 2021 au col du Tra, article du Dauphin\u00e9 Lib\u00e9r\u00e9 - Club des Cent Cols\",\"isPartOf\":{\"@id\":\"https:\/\/centcols.org\/#website\"},\"primaryImageOfPage\":{\"@id\":\"https:\/\/centcols.org\/rassemblement-du-26-juin-2021-au-col-du-tra-article-du-dauphine-libere\/#primaryimage\"},\"image\":{\"@id\":\"https:\/\/centcols.org\/rassemblement-du-26-juin-2021-au-col-du-tra-article-du-dauphine-libere\/#primaryimage\"},\"thumbnailUrl\":\"https:\/\/centcols.org\/wp-content\/uploads\/2025\/05\/2021-06-26_Dauphine-scaled-1.jpg\",\"datePublished\":\"2021-07-01T14:16:16+00:00\",\"dateModified\":\"2025-09-10T13:47:00+00:00\",\"breadcrumb\":{\"@id\":\"https:\/\/centcols.org\/rassemblement-du-26-juin-2021-au-col-du-tra-article-du-dauphine-libere\/#breadcrumb\"},\"inLanguage\":\"es\",\"potentialAction\":[{\"@type\":\"ReadAction\",\"target\":[\"https:\/\/centcols.org\/rassemblement-du-26-juin-2021-au-col-du-tra-article-du-dauphine-libere\/\"]}]},{\"@type\":\"ImageObject\",\"inLanguage\":\"es\",\"@id\":\"https:\/\/centcols.org\/rassemblement-du-26-juin-2021-au-col-du-tra-article-du-dauphine-libere\/#primaryimage\",\"url\":\"https:\/\/centcols.org\/wp-content\/uploads\/2025\/05\/2021-06-26_Dauphine-scaled-1.jpg\",\"contentUrl\":\"https:\/\/centcols.org\/wp-content\/uploads\/2025\/05\/2021-06-26_Dauphine-scaled-1.jpg\",\"width\":1997,\"height\":1024},{\"@type\":\"BreadcrumbList\",\"@id\":\"https:\/\/centcols.org\/rassemblement-du-26-juin-2021-au-col-du-tra-article-du-dauphine-libere\/#breadcrumb\",\"itemListElement\":[{\"@type\":\"ListItem\",\"position\":1,\"name\":\"Accueil\",\"item\":\"https:\/\/centcols.org\/\"},{\"@type\":\"ListItem\",\"position\":2,\"name\":\"Articles de presse et vid\u00e9os\",\"item\":\"https:\/\/centcols.org\/rubrique\/articles-de-presse-et-videos\/\"},{\"@type\":\"ListItem\",\"position\":3,\"name\":\"Rassemblement du 26 juin 2021 au col du Tra, article du Dauphin\u00e9 Lib\u00e9r\u00e9\"}]},{\"@type\":\"WebSite\",\"@id\":\"https:\/\/centcols.org\/#website\",\"url\":\"https:\/\/centcols.org\/\",\"name\":\"Club des Cent Cols\",\"description\":\"\",\"publisher\":{\"@id\":\"https:\/\/centcols.org\/#organization\"},\"potentialAction\":[{\"@type\":\"SearchAction\",\"target\":{\"@type\":\"EntryPoint\",\"urlTemplate\":\"https:\/\/centcols.org\/?s={search_term_string}\"},\"query-input\":{\"@type\":\"PropertyValueSpecification\",\"valueRequired\":true,\"valueName\":\"search_term_string\"}}],\"inLanguage\":\"es\"},{\"@type\":\"Organization\",\"@id\":\"https:\/\/centcols.org\/#organization\",\"name\":\"Club des Cent Cols\",\"url\":\"https:\/\/centcols.org\/\",\"logo\":{\"@type\":\"ImageObject\",\"inLanguage\":\"es\",\"@id\":\"https:\/\/centcols.org\/#\/schema\/logo\/image\/\",\"url\":\"https:\/\/centcols.org\/wp-content\/uploads\/2025\/01\/carte-icone.png\",\"contentUrl\":\"https:\/\/centcols.org\/wp-content\/uploads\/2025\/01\/carte-icone.png\",\"width\":250,\"height\":250,\"caption\":\"Club des Cent Cols\"},\"image\":{\"@id\":\"https:\/\/centcols.org\/#\/schema\/logo\/image\/\"},\"sameAs\":[\"https:\/\/www.facebook.com\/groups\/5261880558\/?locale=fr_FR\"]},{\"@type\":\"Person\",\"@id\":\"https:\/\/centcols.org\/#\/schema\/person\/377f00da2793c0363246869bb3a344d0\",\"name\":\"Guy Harl\u00e9\",\"image\":{\"@type\":\"ImageObject\",\"inLanguage\":\"es\",\"@id\":\"https:\/\/centcols.org\/wp-content\/litespeed\/avatar\/94c4de37e46cf090f296d42ab3e8d6a6.jpg?ver=1777238144\",\"url\":\"https:\/\/centcols.org\/wp-content\/litespeed\/avatar\/94c4de37e46cf090f296d42ab3e8d6a6.jpg?ver=1777238144\",\"contentUrl\":\"https:\/\/centcols.org\/wp-content\/litespeed\/avatar\/94c4de37e46cf090f296d42ab3e8d6a6.jpg?ver=1777238144\",\"caption\":\"Guy Harl\u00e9\"},\"url\":\"https:\/\/centcols.org\/es\/author\/5193\/\"}]}<\/script>\n<!-- \/ Yoast SEO plugin. -->","yoast_head_json":{"title":"Reuni\u00f3n el 26 de junio de 2021 en el Col du Tra, art\u00edculo del Dauphin\u00e9 Lib\u00e9r\u00e9 - Club des Cent Cols","robots":{"index":"index","follow":"follow","max-snippet":"max-snippet:-1","max-image-preview":"max-image-preview:large","max-video-preview":"max-video-preview:-1"},"canonical":"https:\/\/centcols.org\/es\/concentracion-el-26-de-junio-de-2021-en-el-col-du-tra-article-en-dauphine-libere\/","og_locale":"es_ES","og_type":"article","og_title":"Rassemblement du 26 juin 2021 au col du Tra, article du Dauphin\u00e9 Lib\u00e9r\u00e9 - Club des Cent Cols","og_description":"Nous \u00e9tions une cinquantaine rassembl\u00e9s au col du Tra le 26 juin 2021. &nbsp; &nbsp;","og_url":"https:\/\/centcols.org\/es\/concentracion-el-26-de-junio-de-2021-en-el-col-du-tra-article-en-dauphine-libere\/","og_site_name":"Club des Cent Cols","article_publisher":"https:\/\/www.facebook.com\/groups\/5261880558\/?locale=fr_FR","article_published_time":"2021-07-01T14:16:16+00:00","article_modified_time":"2025-09-10T13:47:00+00:00","og_image":[{"width":1997,"height":1024,"url":"https:\/\/centcols.org\/wp-content\/uploads\/2025\/05\/2021-06-26_Dauphine-scaled-1.jpg","type":"image\/jpeg"}],"author":"Guy Harl\u00e9","twitter_card":"summary_large_image","twitter_misc":{"Escrito por":"Guy Harl\u00e9","Tiempo de lectura":"1 minuto"},"schema":{"@context":"https:\/\/schema.org","@graph":[{"@type":"Article","@id":"https:\/\/centcols.org\/rassemblement-du-26-juin-2021-au-col-du-tra-article-du-dauphine-libere\/#article","isPartOf":{"@id":"https:\/\/centcols.org\/rassemblement-du-26-juin-2021-au-col-du-tra-article-du-dauphine-libere\/"},"author":{"name":"Guy Harl\u00e9","@id":"https:\/\/centcols.org\/#\/schema\/person\/377f00da2793c0363246869bb3a344d0"},"headline":"Rassemblement du 26 juin 2021 au col du Tra, article du Dauphin\u00e9 Lib\u00e9r\u00e9","datePublished":"2021-07-01T14:16:16+00:00","dateModified":"2025-09-10T13:47:00+00:00","mainEntityOfPage":{"@id":"https:\/\/centcols.org\/rassemblement-du-26-juin-2021-au-col-du-tra-article-du-dauphine-libere\/"},"wordCount":26,"publisher":{"@id":"https:\/\/centcols.org\/#organization"},"image":{"@id":"https:\/\/centcols.org\/rassemblement-du-26-juin-2021-au-col-du-tra-article-du-dauphine-libere\/#primaryimage"},"thumbnailUrl":"https:\/\/centcols.org\/wp-content\/uploads\/2025\/05\/2021-06-26_Dauphine-scaled-1.jpg","articleSection":["2021","Articles de presse et vid\u00e9os"],"inLanguage":"es"},{"@type":"WebPage","@id":"https:\/\/centcols.org\/rassemblement-du-26-juin-2021-au-col-du-tra-article-du-dauphine-libere\/","url":"https:\/\/centcols.org\/rassemblement-du-26-juin-2021-au-col-du-tra-article-du-dauphine-libere\/","name":"Reuni\u00f3n el 26 de junio de 2021 en el Col du Tra, art\u00edculo del Dauphin\u00e9 Lib\u00e9r\u00e9 - Club des Cent Cols","isPartOf":{"@id":"https:\/\/centcols.org\/#website"},"primaryImageOfPage":{"@id":"https:\/\/centcols.org\/rassemblement-du-26-juin-2021-au-col-du-tra-article-du-dauphine-libere\/#primaryimage"},"image":{"@id":"https:\/\/centcols.org\/rassemblement-du-26-juin-2021-au-col-du-tra-article-du-dauphine-libere\/#primaryimage"},"thumbnailUrl":"https:\/\/centcols.org\/wp-content\/uploads\/2025\/05\/2021-06-26_Dauphine-scaled-1.jpg","datePublished":"2021-07-01T14:16:16+00:00","dateModified":"2025-09-10T13:47:00+00:00","breadcrumb":{"@id":"https:\/\/centcols.org\/rassemblement-du-26-juin-2021-au-col-du-tra-article-du-dauphine-libere\/#breadcrumb"},"inLanguage":"es","potentialAction":[{"@type":"ReadAction","target":["https:\/\/centcols.org\/rassemblement-du-26-juin-2021-au-col-du-tra-article-du-dauphine-libere\/"]}]},{"@type":"ImageObject","inLanguage":"es","@id":"https:\/\/centcols.org\/rassemblement-du-26-juin-2021-au-col-du-tra-article-du-dauphine-libere\/#primaryimage","url":"https:\/\/centcols.org\/wp-content\/uploads\/2025\/05\/2021-06-26_Dauphine-scaled-1.jpg","contentUrl":"https:\/\/centcols.org\/wp-content\/uploads\/2025\/05\/2021-06-26_Dauphine-scaled-1.jpg","width":1997,"height":1024},{"@type":"BreadcrumbList","@id":"https:\/\/centcols.org\/rassemblement-du-26-juin-2021-au-col-du-tra-article-du-dauphine-libere\/#breadcrumb","itemListElement":[{"@type":"ListItem","position":1,"name":"Accueil","item":"https:\/\/centcols.org\/"},{"@type":"ListItem","position":2,"name":"Articles de presse et vid\u00e9os","item":"https:\/\/centcols.org\/rubrique\/articles-de-presse-et-videos\/"},{"@type":"ListItem","position":3,"name":"Rassemblement du 26 juin 2021 au col du Tra, article du Dauphin\u00e9 Lib\u00e9r\u00e9"}]},{"@type":"WebSite","@id":"https:\/\/centcols.org\/#website","url":"https:\/\/centcols.org\/","name":"Club des Cent Cols","description":"","publisher":{"@id":"https:\/\/centcols.org\/#organization"},"potentialAction":[{"@type":"SearchAction","target":{"@type":"EntryPoint","urlTemplate":"https:\/\/centcols.org\/?s={search_term_string}"},"query-input":{"@type":"PropertyValueSpecification","valueRequired":true,"valueName":"search_term_string"}}],"inLanguage":"es"},{"@type":"Organization","@id":"https:\/\/centcols.org\/#organization","name":"Club des Cent Cols","url":"https:\/\/centcols.org\/","logo":{"@type":"ImageObject","inLanguage":"es","@id":"https:\/\/centcols.org\/#\/schema\/logo\/image\/","url":"https:\/\/centcols.org\/wp-content\/uploads\/2025\/01\/carte-icone.png","contentUrl":"https:\/\/centcols.org\/wp-content\/uploads\/2025\/01\/carte-icone.png","width":250,"height":250,"caption":"Club des Cent Cols"},"image":{"@id":"https:\/\/centcols.org\/#\/schema\/logo\/image\/"},"sameAs":["https:\/\/www.facebook.com\/groups\/5261880558\/?locale=fr_FR"]},{"@type":"Person","@id":"https:\/\/centcols.org\/#\/schema\/person\/377f00da2793c0363246869bb3a344d0","name":"Guy Harl\u00e9","image":{"@type":"ImageObject","inLanguage":"es","@id":"https:\/\/centcols.org\/wp-content\/litespeed\/avatar\/94c4de37e46cf090f296d42ab3e8d6a6.jpg?ver=1777238144","url":"https:\/\/centcols.org\/wp-content\/litespeed\/avatar\/94c4de37e46cf090f296d42ab3e8d6a6.jpg?ver=1777238144","contentUrl":"https:\/\/centcols.org\/wp-content\/litespeed\/avatar\/94c4de37e46cf090f296d42ab3e8d6a6.jpg?ver=1777238144","caption":"Guy Harl\u00e9"},"url":"https:\/\/centcols.org\/es\/author\/5193\/"}]}},"_links":{"self":[{"href":"https:\/\/centcols.org\/es\/wp-json\/wp\/v2\/posts\/82288","targetHints":{"allow":["GET"]}}],"collection":[{"href":"https:\/\/centcols.org\/es\/wp-json\/wp\/v2\/posts"}],"about":[{"href":"https:\/\/centcols.org\/es\/wp-json\/wp\/v2\/types\/post"}],"author":[{"embeddable":true,"href":"https:\/\/centcols.org\/es\/wp-json\/wp\/v2\/users\/136"}],"replies":[{"embeddable":true,"href":"https:\/\/centcols.org\/es\/wp-json\/wp\/v2\/comments?post=82288"}],"version-history":[{"count":0,"href":"https:\/\/centcols.org\/es\/wp-json\/wp\/v2\/posts\/82288\/revisions"}],"wp:featuredmedia":[{"embeddable":true,"href":"https:\/\/centcols.org\/es\/wp-json\/wp\/v2\/media\/82289"}],"wp:attachment":[{"href":"https:\/\/centcols.org\/es\/wp-json\/wp\/v2\/media?parent=82288"}],"wp:term":[{"taxonomy":"category","embeddable":true,"href":"https:\/\/centcols.org\/es\/wp-json\/wp\/v2\/categories?post=82288"},{"taxonomy":"post_tag","embeddable":true,"href":"https:\/\/centcols.org\/es\/wp-json\/wp\/v2\/tags?post=82288"}],"curies":[{"name":"wp","href":"https:\/\/api.w.org\/{rel}","templated":true}]}}