{"id":82339,"date":"2022-05-27T14:36:28","date_gmt":"2022-05-27T12:36:28","guid":{"rendered":"https:\/\/centcols.org\/sejour-dautomne-et-assemblee-generale-pour-le-50-ieme-anniversaire-de-la-confrerie-a-annecy-haute-savoie-du-04-au-06-novembre-2022\/"},"modified":"2025-09-14T06:32:25","modified_gmt":"2025-09-14T04:32:25","slug":"ag-2022-annecy","status":"publish","type":"post","link":"https:\/\/centcols.org\/es\/ag-2022-annecy\/","title":{"rendered":"Pausa de oto\u00f1o y asamblea general del 50 aniversario de la cofrad\u00eda en Annecy (Alta Saboya), del 04 al 06 de noviembre de 2022"},"content":{"rendered":"<blockquote class=\"wp-block-quote is-layout-flow wp-block-quote-is-layout-flow\">\n<p><span style=\"color: #808080;\">Los responsables inform\u00e1ticos Enrico Alberini, Jean-Luc Matte y Christophe Badonnel han contribuido a esta p\u00e1gina de presentaci\u00f3n del viaje.<\/span><\/p>\n<\/blockquote>\n\n\n\n<h2 class=\"wp-block-heading\">Ecos :<\/h2>\n\n\n\n<div class=\"wp-block-columns is-layout-flex wp-container-core-columns-is-layout-9d6595d7 wp-block-columns-is-layout-flex\">\n<div class=\"wp-block-column is-layout-flow wp-block-column-is-layout-flow\">\n<p><a href=\"https:\/\/centcols.org\/es\/cr-ag-2022-annecy\/\" target=\"_blank\" rel=\"noreferrer noopener\">Informe<\/a><br><a href=\"https:\/\/centcols.org\/es\/asamblea-general-5-de-noviembre-de-2022-album-de-fotos-de-pierre-mai\/\" target=\"_blank\" rel=\"noreferrer noopener\">\u00c1lbum de fotos de Pierre Mai<\/a><\/p>\n<\/div>\n\n\n\n<div class=\"wp-block-column is-layout-flow wp-block-column-is-layout-flow\">\n<p><a href=\"https:\/\/centcols.org\/es\/mesas-en-la-cena-posterior-a-la-junta-general-5-de-noviembre-de-2022\/\" target=\"_blank\" rel=\"noreferrer noopener\">Mesas en la cena posterior a la Junta General<\/a><br><a href=\"https:\/\/love-velo.fr\/ag-du-cinquantenaire-du-club-des-cent-cols-2022\/\">La AGM en el blog de Guy Garcin<\/a><\/p>\n<\/div>\n<\/div>\n\n\n\n<p><span style=\"color: #000000;\">Encontrar\u00e1 las r\u00fabricas a continuaci\u00f3n:<\/span><\/p>\n\n\n\n<ul class=\"wp-block-list\">\n<li><span style=\"color: #000000;\">Introducci\u00f3n a la regi\u00f3n<\/span><\/li>\n\n\n\n<li>El programa<\/li>\n\n\n\n<li><span style=\"color: #000000;\">Alojamiento<\/span><\/li>\n\n\n\n<li><span style=\"color: #000000;\">Nota del Consejo de Administraci\u00f3n<\/span><\/li>\n\n\n\n<li><span style=\"color: #000000;\">Inscripciones<\/span><\/li>\n\n\n\n<li><span style=\"color: #000000;\">Asamblea General Anual del Club des Cent Cols<\/span><\/li>\n\n\n\n<li>Entrega de diplomas y certificados<\/li>\n<\/ul>\n\n\n\n<h2 class=\"wp-block-heading\">Introducci\u00f3n a la regi\u00f3n :<\/h2>\n\n\n\n<p>Despu\u00e9s de 2012 y 2017, Haute-Savoie nos acoger\u00e1 de nuevo para la escapada de oto\u00f1o del Club des Cent Cols. Nos alojaremos en un establecimiento de Cap France, \u201cLes Balcons du Lac\u201d, en las colinas por encima de Sevrier, con vistas al lago de Annecy. 2022 es un a\u00f1o especial porque nuestra Confr\u00e9rie celebrar\u00e1 su 50 aniversario. <a href=\"https:\/\/centcols.org\/wp-content\/uploads\/2025\/08\/Edito-Jean-Perdoux.pdf\" target=\"_blank\" rel=\"noreferrer noopener\">Cincuenta a\u00f1os de pasi\u00f3n, cincuenta a\u00f1os de amistad<\/a> En las alturas del lago m\u00e1s puro de Europa, la ciudad de vacaciones es un punto de partida ideal para descubrir la regi\u00f3n de Alta Saboya. Entre el lago y las monta\u00f1as, el centro hist\u00f3rico medieval de Annecy invita a pasear y descubrir. Con sus calles empedradas, sus coloridos edificios y sus construcciones emblem\u00e1ticas, la Venecia de los Alpes es una ciudad rica en patrimonio. A lo largo de los canales de Annecy, bordeados de elegantes mansiones del siglo XVII, podr\u00e1 descubrir las riquezas del pasado. El lago invita a descubrir sus reservas naturales, ricas en flora y fauna locales. En el Roc de Ch\u00e8re, un promontorio que domina el lago, podr\u00e1 pasear en familia y descubrir las numerosas especies de \u00e1rboles. A media hora en coche, descubra el panorama \u00fanico del Semnoz, con sus vistas de 360\u00b0 sobre los Alpes del Norte y el Jura. Durante una excursi\u00f3n de medio d\u00eda, tambi\u00e9n podr\u00e1 descubrir los pueblecitos t\u00edpicos y la artesan\u00eda local, sin olvidar el queso local \u201cla tome des Bauges\u201d. A orillas del lago de Annecy, aproveche los m\u00e1s de 40 km de carriles bici para descubrir las aldeas y playas de la regi\u00f3n.<\/p>\n\n\n\n<h2 class=\"wp-block-heading\">El Programa<\/h2>\n\n\n\n<p><strong>S\u00e1bado<\/strong> Visite el Museo Paccard de 09:00 a 11:00 Fundada en 1796, la Fundici\u00f3n Paccard es una instituci\u00f3n del patrimonio industrial de Saboya. La familia Paccard desvela los secretos de su saber hacer ancestral. Entre en el mundo de los fundidores de campanas; el encanto del metal quemado, las t\u00e9cnicas de fabricaci\u00f3n desde la Antig\u00fcedad hasta nuestros d\u00edas. Visita guiada de los talleres de fundici\u00f3n, con un cortometraje sobre uno de los r\u00e9cords mundiales de la empresa, y demostraci\u00f3n del carill\u00f3n electr\u00f3nico. <a href=\"https:\/\/musee-paccard.com\/\" target=\"_blank\" rel=\"noreferrer noopener\">P\u00e1gina web<\/a> La cena festiva ir\u00e1 seguida de una velada musical a cargo de un d\u00fao del grupo Odys\u00e9e. <strong>Domingo<\/strong> Vuelta al lago de Annecy por el carril bici en el sentido de las agujas del reloj, encuentro frente a la iglesia de Sevrier a las 9h.<\/p>\n\n\n\n<figure class=\"wp-block-image size-full\"><img loading=\"lazy\" decoding=\"async\" width=\"1365\" height=\"1024\" src=\"https:\/\/centcols.org\/wp-content\/uploads\/2025\/08\/IMG_20210927_091815.jpg\" alt=\"\" class=\"wp-image-88516\" srcset=\"https:\/\/centcols.org\/wp-content\/uploads\/2025\/08\/IMG_20210927_091815.jpg 1365w, https:\/\/centcols.org\/wp-content\/uploads\/2025\/08\/IMG_20210927_091815-1200x900.jpg 1200w, https:\/\/centcols.org\/wp-content\/uploads\/2025\/08\/IMG_20210927_091815-768x576.jpg 768w\" sizes=\"auto, (max-width: 1365px) 100vw, 1365px\" \/><\/figure>\n\n\n\n<h2 class=\"wp-block-heading\"><a href=\"https:\/\/centcols.org\/es\/membres\/cctours\/tours.php\/?lieu=Annecy&amp;an=2022\" target=\"_blank\" rel=\"noreferrer noopener\">Visitas<\/a><\/h2>\n\n\n\n<h4 class=\"wp-block-heading\"><a href=\"https:\/\/centcols.org\/es\/membres\/cctours\/tours.php\/?lieu=Annecy&amp;an=2022&amp;genre=R\" target=\"_blank\" rel=\"noreferrer noopener\">Rutas por carretera<\/a><\/h4>\n\n\n\n<h4 class=\"wp-block-heading\"><a href=\"https:\/\/centcols.org\/es\/membres\/cctours\/tours.php\/?lieu=Annecy&amp;an=2022&amp;genre=V\" target=\"_blank\" rel=\"noreferrer noopener\">Rutas en bicicleta de monta\u00f1a<\/a><\/h4>\n\n\n\n<h2 class=\"wp-block-heading\">Alojamiento<\/h2>\n\n\n\n<p>En el coraz\u00f3n de la Alta Saboya, en el Parque Natural Regional des Bauges, el pueblo de vacaciones \u201cles Balcons du lac\u201d goza de una situaci\u00f3n privilegiada. Situado en Sevrier, a 8 km de Annecy por la carretera del Col de Leschaux, conocida como la \u201cPeque\u00f1a Venecia de Saboya\u201d, el pueblo domina el lago de Annecy y su entorno monta\u00f1oso. El sal\u00f3n panor\u00e1mico y el restaurante ofrecen una vista de 180\u00b0 sobre el lago y las monta\u00f1as del norte de Alta Saboya. El hotel fue objeto de importantes obras de renovaci\u00f3n antes de Covid. Les Balcons du Lac d'Annecy - 1487 Route de Cessenaz - 74320 Sevrier Tel: +33 (0)4 50 52 44 25 <a href=\"https:\/\/www.neaclub.com\/les-balcons-du-lac-annecy-sevrier\/\" target=\"_blank\" rel=\"noreferrer noopener\">P\u00e1gina web<\/a><a href=\"https:\/\/centcols.org\/es\/img_20210927_133954\/\"><\/a> Christophe Badonnel le bar <a href=\"https:\/\/centcols.org\/es\/img_20210927_125708\/\"><\/a> Christophe Badonnel el restaurante<\/p>\n\n\n\n<div class=\"wp-block-columns is-layout-flex wp-container-core-columns-is-layout-9d6595d7 wp-block-columns-is-layout-flex\">\n<div class=\"wp-block-column is-layout-flow wp-block-column-is-layout-flow\" style=\"flex-basis:66.66%\">\n<div style=\"height:40px\" aria-hidden=\"true\" class=\"wp-block-spacer\"><\/div>\n\n\n\n<figure class=\"wp-block-gallery has-nested-images columns-default is-cropped wp-block-gallery-1 is-layout-flex wp-block-gallery-is-layout-flex\">\n<figure class=\"wp-block-image size-full\"><a href=\"https:\/\/centcols.org\/wp-content\/uploads\/2025\/08\/IMG_20210927_133954.jpg\"><img loading=\"lazy\" decoding=\"async\" width=\"1365\" height=\"1024\" data-id=\"88518\" src=\"https:\/\/centcols.org\/wp-content\/uploads\/2025\/08\/IMG_20210927_133954.jpg\" alt=\"\" class=\"wp-image-88518\" srcset=\"https:\/\/centcols.org\/wp-content\/uploads\/2025\/08\/IMG_20210927_133954.jpg 1365w, https:\/\/centcols.org\/wp-content\/uploads\/2025\/08\/IMG_20210927_133954-1200x900.jpg 1200w, https:\/\/centcols.org\/wp-content\/uploads\/2025\/08\/IMG_20210927_133954-768x576.jpg 768w\" sizes=\"auto, (max-width: 1365px) 100vw, 1365px\" \/><\/a><figcaption class=\"wp-element-caption\">Christophe Badonnel le bar<\/figcaption><\/figure>\n\n\n\n<figure class=\"wp-block-image size-full\"><a href=\"https:\/\/centcols.org\/wp-content\/uploads\/2025\/08\/IMG_20210927_125708.jpg\"><img loading=\"lazy\" decoding=\"async\" width=\"1365\" height=\"1024\" data-id=\"88520\" src=\"https:\/\/centcols.org\/wp-content\/uploads\/2025\/08\/IMG_20210927_125708.jpg\" alt=\"\" class=\"wp-image-88520\" srcset=\"https:\/\/centcols.org\/wp-content\/uploads\/2025\/08\/IMG_20210927_125708.jpg 1365w, https:\/\/centcols.org\/wp-content\/uploads\/2025\/08\/IMG_20210927_125708-1200x900.jpg 1200w, https:\/\/centcols.org\/wp-content\/uploads\/2025\/08\/IMG_20210927_125708-768x576.jpg 768w\" sizes=\"auto, (max-width: 1365px) 100vw, 1365px\" \/><\/a><figcaption class=\"wp-element-caption\">Christophe Badonnel el restaurante<\/figcaption><\/figure>\n<\/figure>\n\n\n\n<p>Te alojar\u00e1s en una habitaci\u00f3n con dos camas individuales, equipada con televisi\u00f3n y secador de pelo. Las camas se hacen a la llegada y se proporcionan toallas. Posibilidad de habitaci\u00f3n individual seg\u00fan disponibilidad (con suplemento).<\/p>\n<\/div>\n\n\n\n<div class=\"wp-block-column is-layout-flow wp-block-column-is-layout-flow\" style=\"flex-basis:33.33%\">\n<h2 class=\"wp-block-heading has-text-align-center\">Nota del Consejo de Administraci\u00f3n<\/h2>\n\n\n\n<p>Si organiza su alojamiento en otro lugar que no sea la ciudad de vacaciones, le rogamos que nos informe de que va a participar en las vacaciones, por 3 razones:<\/p>\n\n\n\n<ol class=\"wp-block-list\">\n<li>Facilitar la organizaci\u00f3n de este acto (adaptaci\u00f3n de los servicios: bebidas de bienvenida, entrega de regalos especiales por el 50 cumplea\u00f1os).<\/li>\n\n\n\n<li>Poder dividirse en varios grupos en las rutas para mejorar la seguridad de todos.<\/li>\n\n\n\n<li>Ayudar a los organizadores a hacer frente a cualquier imprevisto.<\/li>\n<\/ol>\n<\/div>\n<\/div>\n\n\n\n<h2 class=\"wp-block-heading\">Inscripciones<\/h2>\n\n\n\n<p>Para inscribirse, descargue el formulario de inscripci\u00f3n en PDF del enlace siguiente y siga las instrucciones que figuran en \u00e9l. Tenga en cuenta que el formulario de inscripci\u00f3n disponible en el sitio web del Club incluye <strong>cuatro p\u00e1ginas<\/strong> Tambi\u00e9n deber\u00e1 firmar los t\u00e9rminos y condiciones de la p\u00f3liza de seguros de Gritchen. Si tiene previsto ir acompa\u00f1ado de su pareja, aseg\u00farese de inscribirla previamente como miembro asociado con su Delegado Territorial, y no olvide introducir su n\u00famero de miembro asociado en la casilla correspondiente. Si, y s\u00f3lo si, un participante no tiene licencia de la FFCT, deber\u00e1 contratar adem\u00e1s el seguro obligatorio de 1 euro por d\u00eda. <strong>Dependiendo de cu\u00e1ndo llegue y cu\u00e1ndo se vaya, el paquete es diferente:<\/strong><\/p>\n\n\n\n<ul class=\"wp-block-list\">\n<li>Si llegas el viernes para cenar y te vas el domingo despu\u00e9s de comer, te llevas el paquete de 165 euros.<\/li>\n\n\n\n<li>Si llegas el s\u00e1bado para cenar y te vas el domingo despu\u00e9s de comer, te llevas el paquete de 89 euros.<\/li>\n\n\n\n<li>Si llegas el s\u00e1bado para cenar y te vas el domingo despu\u00e9s de desayunar, coges el paquete de media pensi\u00f3n a 79 euros.<\/li>\n\n\n\n<li>Si viene sin alojamiento (pernoctaci\u00f3n o alojamiento por su cuenta), puede inscribirse para las comidas: almuerzo y cena a 20,50 euros. La cena mejorada del s\u00e1bado cuesta 33 euros.<\/li>\n\n\n\n<li>Visite el Museo Paccard los s\u00e1bados por la ma\u00f1ana por 11 euros.<\/li>\n<\/ul>\n\n\n\n<p>Para las solicitudes de llegada anticipada, p\u00f3ngase en contacto directamente con la oficina de reservas: Tel: +33 (0)4 50 52 61 51. Puede pagar la cuota de inscripci\u00f3n <strong>por cheque o transferencia bancaria<\/strong> a la cuenta del Club. En vista de las tasas adicionales que cobra la organizaci\u00f3n que lo gestiona, no aceptamos el pago por PayPal. <strong>Asignaci\u00f3n de miembros<\/strong> Los pagos se efect\u00faan en el orden en que se env\u00eda el cheque o se realiza la transferencia. En el primer caso, dar\u00e1 fe el matasellos de correos; en el segundo, env\u00edenos una copia de la orden de transferencia. En caso de que la estancia est\u00e9 completa, se crear\u00e1 una lista de espera que funcionar\u00e1 seg\u00fan las mismas normas de prioridad que las inscripciones directas. <strong>Trombinoscopio :<\/strong> Si a\u00fan no ha facilitado su foto para el <strong>directorio <\/strong>y desea ser incluido, marque la casilla correspondiente y env\u00edenos una foto en formato JPG por correo electr\u00f3nico. En <strong>m\u00e1s informaci\u00f3n<\/strong> se publicar\u00e1n posteriormente en el sitio web, que podr\u00e1 consultar peri\u00f3dicamente. Cada vez, el responsable de los viajes enviar\u00e1 un breve correo electr\u00f3nico a la lista de distribuci\u00f3n. Si desea recibir estos correos electr\u00f3nicos, env\u00edelos a <strong>suscribirse a la lista de correo<\/strong>, si a\u00fan no lo ha hecho. <strong>Si tiene alguna pregunta<\/strong> No dude en llamar al responsable de las vacaciones: +33 6 78 87 33 67.<\/p>\n\n\n\n<h3 class=\"wp-block-heading\">Descargar el bolet\u00edn<\/h3>\n\n\n\n<ul class=\"wp-block-list\">\n<li>Annecy en fran\u00e7ais Formulario de inscripci\u00f3n<\/li>\n\n\n\n<li>Formulario de reserva Annecy en espa\u00f1ol<\/li>\n\n\n\n<li>M\u00f3dulo de inscripci\u00f3n Annecy en italiano<\/li>\n<\/ul>\n\n\n\n<p>La fecha l\u00edmite para la recepci\u00f3n de candidaturas es<strong> :<\/strong><\/p>\n\n\n\n<p><strong>02 de septiembre de 2022 para las personas que se alojen.<\/strong><\/p>\n\n\n\n<p><strong>04 de octubre de 2022 s\u00f3lo para los que tomen una comida, visiten el Museo Paccard y asistan a la Junta General<\/strong><\/p>\n\n\n\n<h2 class=\"wp-block-heading\">Asamblea General Anual del Club des Cent Cols<\/h2>\n\n\n\n<p>La Junta General Anual se celebrar\u00e1 en el Palacio Imperial, a orillas del lago. Tendr\u00e1 lugar a partir de las 14.30 horas del s\u00e1bado 05 de noviembre de 2022 en la Salle de l'Europe. A continuaci\u00f3n habr\u00e1 un aperitivo. Para m\u00e1s detalles, consulte la p\u00e1gina de la Junta General. La invitaci\u00f3n a la asamblea y los documentos estatutarios se enviar\u00e1n como de costumbre a trav\u00e9s de un bolet\u00edn de Cent Cols en octubre y tambi\u00e9n estar\u00e1n disponibles en el sitio web.<\/p>\n\n\n\n<h2 class=\"wp-block-heading\">Entrega de diplomas y certificados<\/h2>\n\n\n\n<p>Si ha superado un hito (500 cols, 1000 cols, etc...) o completado un brevet des cols routiers, deber\u00e1 solicitar el diploma a Nadine Giraudeau y el brevet a Bernard Giraudeau. La entrega tendr\u00e1 lugar el viernes 4 de noviembre por la tarde, en presencia de nuestro presidente fundador, Jean Perdoux. En la asamblea general, se entregar\u00e1 el diploma a las personas que hayan superado el desaf\u00edo Jean Perdoux, y nuestro miembro n\u00ba 8000, Christophe Marchal, que practica handbike a un alto nivel, recibir\u00e1 su diploma.<\/p>","protected":false},"excerpt":{"rendered":"<p>Ont contribu\u00e9 \u00e0 cette page de pr\u00e9sentation du s\u00e9jour les responsables informatiques, Enrico Alberini, Jean-Luc Matte et Christophe Badonnel Les \u00e9chos : Compte-renduL\u2019album photo de Pierre Mai Les tables au d\u00eener apr\u00e8s l\u2019Assembl\u00e9e g\u00e9n\u00e9raleL\u2019AG sur le blog de Guy Garcin Vous trouverez ci-dessous les rubriques : Pr\u00e9sentation de la r\u00e9gion : Apr\u00e8s 2012 et 2017, [&hellip;]<\/p>\n","protected":false},"author":64,"featured_media":0,"comment_status":"closed","ping_status":"closed","sticky":false,"template":"","format":"standard","meta":{"_acf_changed":false,"footnotes":""},"categories":[349,367,373,374,231],"tags":[],"class_list":["post-82339","post","type-post","status-publish","format-standard","hentry","category-france-pays-sejours","category-auvergne-rhone-alpes-region-sejours","category-alpes-francaises-du-nord-massif-sejours","category-74-haute-savoie","category-sejours"],"acf":[],"yoast_head":"<!-- This site is optimized with the Yoast SEO plugin v27.2 - https:\/\/yoast.com\/product\/yoast-seo-wordpress\/ -->\n<title>S\u00e9jour d&#039;automne et assembl\u00e9e g\u00e9n\u00e9rale pour le 50 i\u00e8me anniversaire de la confr\u00e9rie \u00e0 Annecy (Haute Savoie), du 04 au 06 novembre 2022 - Club des Cent Cols<\/title>\n<meta name=\"robots\" content=\"index, follow, max-snippet:-1, max-image-preview:large, max-video-preview:-1\" \/>\n<link rel=\"canonical\" href=\"https:\/\/centcols.org\/es\/ag-2022-annecy\/\" \/>\n<meta property=\"og:locale\" content=\"es_ES\" \/>\n<meta property=\"og:type\" content=\"article\" \/>\n<meta property=\"og:title\" content=\"S\u00e9jour d&#039;automne et assembl\u00e9e g\u00e9n\u00e9rale pour le 50 i\u00e8me anniversaire de la confr\u00e9rie \u00e0 Annecy (Haute Savoie), du 04 au 06 novembre 2022 - Club des Cent Cols\" \/>\n<meta property=\"og:description\" content=\"Ont contribu\u00e9 \u00e0 cette page de pr\u00e9sentation du s\u00e9jour les responsables informatiques, Enrico Alberini, Jean-Luc Matte et Christophe Badonnel Les \u00e9chos : Compte-renduL\u2019album photo de Pierre Mai Les tables au d\u00eener apr\u00e8s l\u2019Assembl\u00e9e g\u00e9n\u00e9raleL\u2019AG sur le blog de Guy Garcin Vous trouverez ci-dessous les rubriques : Pr\u00e9sentation de la r\u00e9gion : Apr\u00e8s 2012 et 2017, [&hellip;]\" \/>\n<meta property=\"og:url\" content=\"https:\/\/centcols.org\/es\/ag-2022-annecy\/\" \/>\n<meta property=\"og:site_name\" content=\"Club des Cent Cols\" \/>\n<meta property=\"article:publisher\" content=\"https:\/\/www.facebook.com\/groups\/5261880558\/?locale=fr_FR\" \/>\n<meta property=\"article:published_time\" content=\"2022-05-27T12:36:28+00:00\" \/>\n<meta property=\"article:modified_time\" content=\"2025-09-14T04:32:25+00:00\" \/>\n<meta property=\"og:image\" content=\"https:\/\/centcols.org\/wp-content\/uploads\/2025\/08\/IMG_20210927_091815.jpg\" \/>\n\t<meta property=\"og:image:width\" content=\"1365\" \/>\n\t<meta property=\"og:image:height\" content=\"1024\" \/>\n\t<meta property=\"og:image:type\" content=\"image\/jpeg\" \/>\n<meta name=\"author\" content=\"Christophe Badonnel\" \/>\n<meta name=\"twitter:card\" content=\"summary_large_image\" \/>\n<meta name=\"twitter:label1\" content=\"Escrito por\" \/>\n\t<meta name=\"twitter:data1\" content=\"Christophe Badonnel\" \/>\n\t<meta name=\"twitter:label2\" content=\"Tiempo de lectura\" \/>\n\t<meta name=\"twitter:data2\" content=\"8 minutos\" \/>\n<script type=\"application\/ld+json\" class=\"yoast-schema-graph\">{\"@context\":\"https:\/\/schema.org\",\"@graph\":[{\"@type\":\"Article\",\"@id\":\"https:\/\/centcols.org\/ag-2022-annecy\/#article\",\"isPartOf\":{\"@id\":\"https:\/\/centcols.org\/ag-2022-annecy\/\"},\"author\":{\"name\":\"Christophe Badonnel\",\"@id\":\"https:\/\/centcols.org\/#\/schema\/person\/5c1a9d61132fb33ccec149272abff6e1\"},\"headline\":\"S\u00e9jour d&rsquo;automne et assembl\u00e9e g\u00e9n\u00e9rale pour le 50 i\u00e8me anniversaire de la confr\u00e9rie \u00e0 Annecy (Haute Savoie), du 04 au 06 novembre 2022\",\"datePublished\":\"2022-05-27T12:36:28+00:00\",\"dateModified\":\"2025-09-14T04:32:25+00:00\",\"mainEntityOfPage\":{\"@id\":\"https:\/\/centcols.org\/ag-2022-annecy\/\"},\"wordCount\":1598,\"publisher\":{\"@id\":\"https:\/\/centcols.org\/#organization\"},\"image\":{\"@id\":\"https:\/\/centcols.org\/ag-2022-annecy\/#primaryimage\"},\"thumbnailUrl\":\"https:\/\/centcols.org\/wp-content\/uploads\/2025\/08\/IMG_20210927_091815.jpg\",\"articleSection\":[\"France\",\"Auvergne-Rh\u00f4ne-Alpes\",\"Alpes fran\u00e7aises du Nord\",\"74-Haute-Savoie\",\"S\u00e9jours du Club des Cent Cols\"],\"inLanguage\":\"es\"},{\"@type\":\"WebPage\",\"@id\":\"https:\/\/centcols.org\/ag-2022-annecy\/\",\"url\":\"https:\/\/centcols.org\/ag-2022-annecy\/\",\"name\":\"S\u00e9jour d'automne et assembl\u00e9e g\u00e9n\u00e9rale pour le 50 i\u00e8me anniversaire de la confr\u00e9rie \u00e0 Annecy (Haute Savoie), du 04 au 06 novembre 2022 - Club des Cent Cols\",\"isPartOf\":{\"@id\":\"https:\/\/centcols.org\/#website\"},\"primaryImageOfPage\":{\"@id\":\"https:\/\/centcols.org\/ag-2022-annecy\/#primaryimage\"},\"image\":{\"@id\":\"https:\/\/centcols.org\/ag-2022-annecy\/#primaryimage\"},\"thumbnailUrl\":\"https:\/\/centcols.org\/wp-content\/uploads\/2025\/08\/IMG_20210927_091815.jpg\",\"datePublished\":\"2022-05-27T12:36:28+00:00\",\"dateModified\":\"2025-09-14T04:32:25+00:00\",\"breadcrumb\":{\"@id\":\"https:\/\/centcols.org\/ag-2022-annecy\/#breadcrumb\"},\"inLanguage\":\"es\",\"potentialAction\":[{\"@type\":\"ReadAction\",\"target\":[\"https:\/\/centcols.org\/ag-2022-annecy\/\"]}]},{\"@type\":\"ImageObject\",\"inLanguage\":\"es\",\"@id\":\"https:\/\/centcols.org\/ag-2022-annecy\/#primaryimage\",\"url\":\"https:\/\/centcols.org\/wp-content\/uploads\/2025\/08\/IMG_20210927_091815.jpg\",\"contentUrl\":\"https:\/\/centcols.org\/wp-content\/uploads\/2025\/08\/IMG_20210927_091815.jpg\"},{\"@type\":\"BreadcrumbList\",\"@id\":\"https:\/\/centcols.org\/ag-2022-annecy\/#breadcrumb\",\"itemListElement\":[{\"@type\":\"ListItem\",\"position\":1,\"name\":\"Accueil\",\"item\":\"https:\/\/centcols.org\/\"},{\"@type\":\"ListItem\",\"position\":2,\"name\":\"S\u00e9jours du Club des Cent Cols\",\"item\":\"https:\/\/centcols.org\/rubrique\/sejours\/\"},{\"@type\":\"ListItem\",\"position\":3,\"name\":\"Pays\",\"item\":\"https:\/\/centcols.org\/rubrique\/sejours\/pays-sejours\/\"},{\"@type\":\"ListItem\",\"position\":4,\"name\":\"France\",\"item\":\"https:\/\/centcols.org\/rubrique\/sejours\/pays-sejours\/france-pays-sejours\/\"},{\"@type\":\"ListItem\",\"position\":5,\"name\":\"S\u00e9jour d&rsquo;automne et assembl\u00e9e g\u00e9n\u00e9rale pour le 50 i\u00e8me anniversaire de la confr\u00e9rie \u00e0 Annecy (Haute Savoie), du 04 au 06 novembre 2022\"}]},{\"@type\":\"WebSite\",\"@id\":\"https:\/\/centcols.org\/#website\",\"url\":\"https:\/\/centcols.org\/\",\"name\":\"Club des Cent Cols\",\"description\":\"\",\"publisher\":{\"@id\":\"https:\/\/centcols.org\/#organization\"},\"potentialAction\":[{\"@type\":\"SearchAction\",\"target\":{\"@type\":\"EntryPoint\",\"urlTemplate\":\"https:\/\/centcols.org\/?s={search_term_string}\"},\"query-input\":{\"@type\":\"PropertyValueSpecification\",\"valueRequired\":true,\"valueName\":\"search_term_string\"}}],\"inLanguage\":\"es\"},{\"@type\":\"Organization\",\"@id\":\"https:\/\/centcols.org\/#organization\",\"name\":\"Club des Cent Cols\",\"url\":\"https:\/\/centcols.org\/\",\"logo\":{\"@type\":\"ImageObject\",\"inLanguage\":\"es\",\"@id\":\"https:\/\/centcols.org\/#\/schema\/logo\/image\/\",\"url\":\"https:\/\/centcols.org\/wp-content\/uploads\/2025\/01\/carte-icone.png\",\"contentUrl\":\"https:\/\/centcols.org\/wp-content\/uploads\/2025\/01\/carte-icone.png\",\"width\":250,\"height\":250,\"caption\":\"Club des Cent Cols\"},\"image\":{\"@id\":\"https:\/\/centcols.org\/#\/schema\/logo\/image\/\"},\"sameAs\":[\"https:\/\/www.facebook.com\/groups\/5261880558\/?locale=fr_FR\"]},{\"@type\":\"Person\",\"@id\":\"https:\/\/centcols.org\/#\/schema\/person\/5c1a9d61132fb33ccec149272abff6e1\",\"name\":\"Christophe Badonnel\",\"image\":{\"@type\":\"ImageObject\",\"inLanguage\":\"es\",\"@id\":\"https:\/\/centcols.org\/wp-content\/litespeed\/avatar\/9f363966b51271bd99ebbb6ebd632889.jpg?ver=1777238111\",\"url\":\"https:\/\/centcols.org\/wp-content\/litespeed\/avatar\/9f363966b51271bd99ebbb6ebd632889.jpg?ver=1777238111\",\"contentUrl\":\"https:\/\/centcols.org\/wp-content\/litespeed\/avatar\/9f363966b51271bd99ebbb6ebd632889.jpg?ver=1777238111\",\"caption\":\"Christophe Badonnel\"},\"url\":\"https:\/\/centcols.org\/es\/author\/5799\/\"}]}<\/script>\n<!-- \/ Yoast SEO plugin. -->","yoast_head_json":{"title":"Pausa de oto\u00f1o y asamblea general del 50 aniversario de la cofrad\u00eda en Annecy (Alta Saboya), del 04 al 06 de noviembre de 2022 - Club des Cent Cols","robots":{"index":"index","follow":"follow","max-snippet":"max-snippet:-1","max-image-preview":"max-image-preview:large","max-video-preview":"max-video-preview:-1"},"canonical":"https:\/\/centcols.org\/es\/ag-2022-annecy\/","og_locale":"es_ES","og_type":"article","og_title":"S\u00e9jour d'automne et assembl\u00e9e g\u00e9n\u00e9rale pour le 50 i\u00e8me anniversaire de la confr\u00e9rie \u00e0 Annecy (Haute Savoie), du 04 au 06 novembre 2022 - Club des Cent Cols","og_description":"Ont contribu\u00e9 \u00e0 cette page de pr\u00e9sentation du s\u00e9jour les responsables informatiques, Enrico Alberini, Jean-Luc Matte et Christophe Badonnel Les \u00e9chos : Compte-renduL\u2019album photo de Pierre Mai Les tables au d\u00eener apr\u00e8s l\u2019Assembl\u00e9e g\u00e9n\u00e9raleL\u2019AG sur le blog de Guy Garcin Vous trouverez ci-dessous les rubriques : Pr\u00e9sentation de la r\u00e9gion : Apr\u00e8s 2012 et 2017, [&hellip;]","og_url":"https:\/\/centcols.org\/es\/ag-2022-annecy\/","og_site_name":"Club des Cent Cols","article_publisher":"https:\/\/www.facebook.com\/groups\/5261880558\/?locale=fr_FR","article_published_time":"2022-05-27T12:36:28+00:00","article_modified_time":"2025-09-14T04:32:25+00:00","og_image":[{"width":1365,"height":1024,"url":"https:\/\/centcols.org\/wp-content\/uploads\/2025\/08\/IMG_20210927_091815.jpg","type":"image\/jpeg"}],"author":"Christophe Badonnel","twitter_card":"summary_large_image","twitter_misc":{"Escrito por":"Christophe Badonnel","Tiempo de lectura":"8 minutos"},"schema":{"@context":"https:\/\/schema.org","@graph":[{"@type":"Article","@id":"https:\/\/centcols.org\/ag-2022-annecy\/#article","isPartOf":{"@id":"https:\/\/centcols.org\/ag-2022-annecy\/"},"author":{"name":"Christophe Badonnel","@id":"https:\/\/centcols.org\/#\/schema\/person\/5c1a9d61132fb33ccec149272abff6e1"},"headline":"S\u00e9jour d&rsquo;automne et assembl\u00e9e g\u00e9n\u00e9rale pour le 50 i\u00e8me anniversaire de la confr\u00e9rie \u00e0 Annecy (Haute Savoie), du 04 au 06 novembre 2022","datePublished":"2022-05-27T12:36:28+00:00","dateModified":"2025-09-14T04:32:25+00:00","mainEntityOfPage":{"@id":"https:\/\/centcols.org\/ag-2022-annecy\/"},"wordCount":1598,"publisher":{"@id":"https:\/\/centcols.org\/#organization"},"image":{"@id":"https:\/\/centcols.org\/ag-2022-annecy\/#primaryimage"},"thumbnailUrl":"https:\/\/centcols.org\/wp-content\/uploads\/2025\/08\/IMG_20210927_091815.jpg","articleSection":["France","Auvergne-Rh\u00f4ne-Alpes","Alpes fran\u00e7aises du Nord","74-Haute-Savoie","S\u00e9jours du Club des Cent Cols"],"inLanguage":"es"},{"@type":"WebPage","@id":"https:\/\/centcols.org\/ag-2022-annecy\/","url":"https:\/\/centcols.org\/ag-2022-annecy\/","name":"Pausa de oto\u00f1o y asamblea general del 50 aniversario de la cofrad\u00eda en Annecy (Alta Saboya), del 04 al 06 de noviembre de 2022 - Club des Cent Cols","isPartOf":{"@id":"https:\/\/centcols.org\/#website"},"primaryImageOfPage":{"@id":"https:\/\/centcols.org\/ag-2022-annecy\/#primaryimage"},"image":{"@id":"https:\/\/centcols.org\/ag-2022-annecy\/#primaryimage"},"thumbnailUrl":"https:\/\/centcols.org\/wp-content\/uploads\/2025\/08\/IMG_20210927_091815.jpg","datePublished":"2022-05-27T12:36:28+00:00","dateModified":"2025-09-14T04:32:25+00:00","breadcrumb":{"@id":"https:\/\/centcols.org\/ag-2022-annecy\/#breadcrumb"},"inLanguage":"es","potentialAction":[{"@type":"ReadAction","target":["https:\/\/centcols.org\/ag-2022-annecy\/"]}]},{"@type":"ImageObject","inLanguage":"es","@id":"https:\/\/centcols.org\/ag-2022-annecy\/#primaryimage","url":"https:\/\/centcols.org\/wp-content\/uploads\/2025\/08\/IMG_20210927_091815.jpg","contentUrl":"https:\/\/centcols.org\/wp-content\/uploads\/2025\/08\/IMG_20210927_091815.jpg"},{"@type":"BreadcrumbList","@id":"https:\/\/centcols.org\/ag-2022-annecy\/#breadcrumb","itemListElement":[{"@type":"ListItem","position":1,"name":"Accueil","item":"https:\/\/centcols.org\/"},{"@type":"ListItem","position":2,"name":"S\u00e9jours du Club des Cent Cols","item":"https:\/\/centcols.org\/rubrique\/sejours\/"},{"@type":"ListItem","position":3,"name":"Pays","item":"https:\/\/centcols.org\/rubrique\/sejours\/pays-sejours\/"},{"@type":"ListItem","position":4,"name":"France","item":"https:\/\/centcols.org\/rubrique\/sejours\/pays-sejours\/france-pays-sejours\/"},{"@type":"ListItem","position":5,"name":"S\u00e9jour d&rsquo;automne et assembl\u00e9e g\u00e9n\u00e9rale pour le 50 i\u00e8me anniversaire de la confr\u00e9rie \u00e0 Annecy (Haute Savoie), du 04 au 06 novembre 2022"}]},{"@type":"WebSite","@id":"https:\/\/centcols.org\/#website","url":"https:\/\/centcols.org\/","name":"Club des Cent Cols","description":"","publisher":{"@id":"https:\/\/centcols.org\/#organization"},"potentialAction":[{"@type":"SearchAction","target":{"@type":"EntryPoint","urlTemplate":"https:\/\/centcols.org\/?s={search_term_string}"},"query-input":{"@type":"PropertyValueSpecification","valueRequired":true,"valueName":"search_term_string"}}],"inLanguage":"es"},{"@type":"Organization","@id":"https:\/\/centcols.org\/#organization","name":"Club des Cent Cols","url":"https:\/\/centcols.org\/","logo":{"@type":"ImageObject","inLanguage":"es","@id":"https:\/\/centcols.org\/#\/schema\/logo\/image\/","url":"https:\/\/centcols.org\/wp-content\/uploads\/2025\/01\/carte-icone.png","contentUrl":"https:\/\/centcols.org\/wp-content\/uploads\/2025\/01\/carte-icone.png","width":250,"height":250,"caption":"Club des Cent Cols"},"image":{"@id":"https:\/\/centcols.org\/#\/schema\/logo\/image\/"},"sameAs":["https:\/\/www.facebook.com\/groups\/5261880558\/?locale=fr_FR"]},{"@type":"Person","@id":"https:\/\/centcols.org\/#\/schema\/person\/5c1a9d61132fb33ccec149272abff6e1","name":"Christophe Badonnel","image":{"@type":"ImageObject","inLanguage":"es","@id":"https:\/\/centcols.org\/wp-content\/litespeed\/avatar\/9f363966b51271bd99ebbb6ebd632889.jpg?ver=1777238111","url":"https:\/\/centcols.org\/wp-content\/litespeed\/avatar\/9f363966b51271bd99ebbb6ebd632889.jpg?ver=1777238111","contentUrl":"https:\/\/centcols.org\/wp-content\/litespeed\/avatar\/9f363966b51271bd99ebbb6ebd632889.jpg?ver=1777238111","caption":"Christophe Badonnel"},"url":"https:\/\/centcols.org\/es\/author\/5799\/"}]}},"_links":{"self":[{"href":"https:\/\/centcols.org\/es\/wp-json\/wp\/v2\/posts\/82339","targetHints":{"allow":["GET"]}}],"collection":[{"href":"https:\/\/centcols.org\/es\/wp-json\/wp\/v2\/posts"}],"about":[{"href":"https:\/\/centcols.org\/es\/wp-json\/wp\/v2\/types\/post"}],"author":[{"embeddable":true,"href":"https:\/\/centcols.org\/es\/wp-json\/wp\/v2\/users\/64"}],"replies":[{"embeddable":true,"href":"https:\/\/centcols.org\/es\/wp-json\/wp\/v2\/comments?post=82339"}],"version-history":[{"count":0,"href":"https:\/\/centcols.org\/es\/wp-json\/wp\/v2\/posts\/82339\/revisions"}],"wp:attachment":[{"href":"https:\/\/centcols.org\/es\/wp-json\/wp\/v2\/media?parent=82339"}],"wp:term":[{"taxonomy":"category","embeddable":true,"href":"https:\/\/centcols.org\/es\/wp-json\/wp\/v2\/categories?post=82339"},{"taxonomy":"post_tag","embeddable":true,"href":"https:\/\/centcols.org\/es\/wp-json\/wp\/v2\/tags?post=82339"}],"curies":[{"name":"wp","href":"https:\/\/api.w.org\/{rel}","templated":true}]}}