{"id":82349,"date":"2022-09-15T16:44:53","date_gmt":"2022-09-15T14:44:53","guid":{"rendered":"https:\/\/centcols.org\/assemblee-generale-du-club-des-cent-cols-annecy-haute-savoie-le-5-novembre-2022\/"},"modified":"2025-08-28T08:57:07","modified_gmt":"2025-08-28T06:57:07","slug":"cr-ag-2022-annecy","status":"publish","type":"post","link":"https:\/\/centcols.org\/es\/cr-ag-2022-annecy\/","title":{"rendered":"Asamblea General del Club des Cent Cols, Annecy (Alta Saboya) el 5 de noviembre de 2022"},"content":{"rendered":"<h2 class=\"wp-block-heading\">Informe<\/h2>\n\n\n\n<p><strong>Annecy, Palacio Imperial, 5 de noviembre de 2022<\/strong><\/p>\n\n\n\n<p>El Presidente, Enrico ALBERINI, abre la Asamblea General a las 14.00 horas.<\/p>\n\n\n\n<p>Dio las gracias a las siguientes personas por su asistencia<br>Martine CANO, Presidenta de la FFCT,<br>Catherine BORGEAIS-ROUET, Presidenta de COREG Aura (Auvernia-R\u00f3dano-Alpes) y CODEP74,<br>Antoine ARMAND, diputado por la circunscripci\u00f3n de Annecy.<\/p>\n\n\n\n<p>Tras su informe anual (v\u00e9ase ICC octubre 2022), cedi\u00f3 la palabra a Herv\u00e9 RETI\u00c8RE, secretario del club, para el informe de actividades del club. Este informe servir\u00e1 de base para una presentaci\u00f3n m\u00e1s completa que podr\u00e1 utilizarse, en particular, fuera del club. Puede consultarse aqu\u00ed:<\/p>\n\n\n\n<p><a href=\"\/Videos\/intervention-HR-AG-ccc-2022.movie_.mp4\">Presentaci\u00f3n de las actividades del club<\/a><\/p>\n\n\n\n<p>A continuaci\u00f3n, S\u00e9bastien VADOT, tesorero, present\u00f3 el informe financiero, seguido de las cuentas provisionales.<\/p>\n\n\n\n<p><a href=\"\/Videos\/intervention-sv-ag-ccc-2022.movie_.mp4\">Presentaci\u00f3n del informe financiero<\/a><\/p>\n\n\n\n<p>Alain LAXENAIRE y Michel MATHIEU, auditores, presentan su informe.<\/p>\n\n\n\n<p>A continuaci\u00f3n, el Presidente toma la palabra para anunciar los resultados de las votaciones, destacando el aumento significativo del n\u00famero de votantes para 2022: 899 personas. Frente a los 466 de 2021, lo que supone un aumento de 93 %.<\/p>\n\n\n\n<p>Los resultados:<\/p>\n\n\n\n<p>N\u00famero de matriculaciones: 1974<br>N\u00famero de votantes: 899<br>Participaci\u00f3n: 45,6 %<\/p>\n\n\n\n<figure class=\"wp-block-table is-style-stripes\"><table><tbody><tr><td><\/td><td class=\"has-text-align-center\" data-align=\"center\"><strong>S\u00ed<\/strong><\/td><td class=\"has-text-align-center\" data-align=\"center\"><strong>No<\/strong><\/td><td class=\"has-text-align-center\" data-align=\"center\"><strong>Blanco<\/strong><\/td><td class=\"has-text-align-center\" data-align=\"center\"><strong>Nulo<\/strong><\/td><\/tr><tr><td><strong>Informe moral<\/strong><\/td><td class=\"has-text-align-center\" data-align=\"center\"><strong>871<\/strong><\/td><td class=\"has-text-align-center\" data-align=\"center\"><strong>10<\/strong><\/td><td class=\"has-text-align-center\" data-align=\"center\"><strong>13<\/strong><\/td><td class=\"has-text-align-center\" data-align=\"center\"><strong>5<\/strong><\/td><\/tr><tr><td><\/td><td class=\"has-text-align-center\" data-align=\"center\"><em>96.9 %<\/em><\/td><td class=\"has-text-align-center\" data-align=\"center\"><em>1.1 %<\/em><\/td><td class=\"has-text-align-center\" data-align=\"center\"><em>1.4 %<\/em><\/td><td class=\"has-text-align-center\" data-align=\"center\"><em>0.6 %<\/em><\/td><\/tr><tr><td><strong>Informe de actividad<\/strong><\/td><td class=\"has-text-align-center\" data-align=\"center\"><strong>872<\/strong><\/td><td class=\"has-text-align-center\" data-align=\"center\"><strong>8<\/strong><\/td><td class=\"has-text-align-center\" data-align=\"center\"><strong>14<\/strong><\/td><td class=\"has-text-align-center\" data-align=\"center\"><strong>5<\/strong><\/td><\/tr><tr><td><\/td><td class=\"has-text-align-center\" data-align=\"center\"><em>97.0 %<\/em><\/td><td class=\"has-text-align-center\" data-align=\"center\"><em>0.9 %<\/em><\/td><td class=\"has-text-align-center\" data-align=\"center\"><em>1.5 %<\/em><\/td><td class=\"has-text-align-center\" data-align=\"center\"><em>0.6 %<\/em><\/td><\/tr><tr><td><strong>Informe financiero<\/strong><\/td><td class=\"has-text-align-center\" data-align=\"center\"><strong>876<\/strong><\/td><td class=\"has-text-align-center\" data-align=\"center\"><strong>8<\/strong><\/td><td class=\"has-text-align-center\" data-align=\"center\"><strong>10<\/strong><\/td><td class=\"has-text-align-center\" data-align=\"center\"><strong>5<\/strong><\/td><\/tr><tr><td><\/td><td class=\"has-text-align-center\" data-align=\"center\"><em>97.4 %<\/em><\/td><td class=\"has-text-align-center\" data-align=\"center\"><em>0.9 %<\/em><\/td><td class=\"has-text-align-center\" data-align=\"center\"><em>1.1 %<\/em><\/td><td class=\"has-text-align-center\" data-align=\"center\"><em>0.6 %<\/em><\/td><\/tr><\/tbody><\/table><\/figure>\n\n\n\n<p>Concluida la parte reglamentaria de la reuni\u00f3n, el Presidente cedi\u00f3 la palabra a Graham Cutting, quien anunci\u00f3 la finalizaci\u00f3n de un proyecto tit\u00e1nico: la compilaci\u00f3n de cat\u00e1logos de puertos de monta\u00f1a de todo el mundo.<\/p>\n\n\n\n<p><a href=\"\/Videos\/intervention-graham-ag-ccc-2022.movie_.mp4\">Discurso de Graham Cutting<\/a>.<\/p>\n\n\n\n<p>A continuaci\u00f3n, Didier R\u00c9MOND present\u00f3 las futuras vacaciones de verano de 2023 en Praz-sur-Arly (presentaci\u00f3n pr\u00f3ximamente en el sitio web del club).<\/p>\n\n\n\n<p>A continuaci\u00f3n, el Presidente presenta a Christophe MARCHAL, socio n\u00famero 8.000 del club.<\/p>\n\n\n\n<p><a href=\"\/Videos\/ccc-christophe-marchal-8000.movie_.mp4\">Presentaci\u00f3n de Christophe Marchal<\/a>.<\/p>\n\n\n\n<p>A continuaci\u00f3n, entreg\u00f3 a los diputados Pierre MAI, Didier R\u00c9MOND, G\u00e9rard FILLION-ROBIN y Alain GILLODES un diploma por los servicios prestados.<\/p>\n\n\n\n<p><a href=\"\/Videos\/ccc-dt-brevetes.movie_.mp4\">Entrega de diplomas de servicio a los TD.<\/a><\/p>\n\n\n\n<p>A continuaci\u00f3n tom\u00f3 la palabra Jean PERDOUX, fundador del Club y Presidente de Honor.<\/p>\n\n\n\n<p><a href=\"\/Videos\/ccc-jean-perdoux.movie1_-1.mp4\">Discurso de Jean Perdoux - Parte 1<\/a><\/p>\n\n\n\n<p><a href=\"\/Videos\/ccc-jean-perdoux.movie2_.mp4\">Discurso de Jean Perdoux - Parte 2<\/a><\/p>\n\n\n\n<p>A continuaci\u00f3n, se concede la palabra a Henri DUSSEAU - Presidente de Honor<\/p>\n\n\n\n<p><a href=\"\/Videos\/ccc-henri-dusseau.mp4\">Discurso de Henri Dusseau<\/a><\/p>\n\n\n\n<p>A continuaci\u00f3n, los 3 \u00faltimos presidentes completaron la historia de los 50 a\u00f1os del Club.<\/p>\n\n\n\n<p><a href=\"\/Videos\/ccc-claude-benistrand.mp4\">Discurso de Claude B\u00e9nistrand<\/a> - Presidente de 2001 a 2009<\/p>\n\n\n\n<p><a href=\"\/Videos\/ccc-regis-paraz.movie_.mp4\">Discurso de R\u00e9gis Paraz<\/a> - Presidente de 2009 a 2017<\/p>\n\n\n\n<p><a href=\"\/Videos\/intervention-BG-AG-ccc-2022.movie_-1.mp4\">Discurso de Bernard Giraudeau<\/a> - Presidente de 2017 a 2021.<\/p>\n\n\n\n<p>Durante la pausa, proyecci\u00f3n de diapositivas de Claude MABILLOT de la reuni\u00f3n de Auvernia en el Col de la Croix des Gardes el 17 de septiembre de 2022.<\/p>\n\n\n\n<p>De vuelta al trabajo, <a href=\"\/Videos\/Video-daniel-Gobert.mp4\">intervenci\u00f3n grabada en v\u00eddeo de Daniel Gobert<\/a>, Presidente del BIG (Brevet International du Grimpeur)<\/p>\n\n\n\n<p>A continuaci\u00f3n tomaron la palabra los siguientes oradores:<\/p>\n\n\n\n<p>Eric THOUVENIN, Presidente y fundador de Openrunner<\/p>\n\n\n\n<p>Michel ROUGERT (vicepresidente de Cosfic 2024, organizador de la Semaine F\u00e9d\u00e9rale 2024 de la FFCT)<\/p>\n\n\n\n<p>Catherine BORGEAIS-ROUET, Presidenta de COREG Aura (Auvernia-R\u00f3dano-Alpes) y CODEP74<\/p>\n\n\n\n<p>Martine CANO, Presidenta de la FFCT, ofrecer\u00e1 su \u00faltimo testimonio con motivo del cincuentenario del club.<\/p>\n\n\n\n<p>Por \u00faltimo, Enrico ALBERINI concluir\u00e1 esta Junta General extraordinaria invitando a todos los presentes a un vin d'honneur.<\/p>\n\n\n\n<h2 class=\"wp-block-heading\">Acta de la Junta General Anual: anexos<\/h2>\n\n\n\n<p><a href=\"\/Videos\/ccc-jean-perdoux-bon-wagon.movie_.mp4\">Carril bici del lago de Annecy<\/a> explicado por Jean PERDOUX durante la parada en Le Bon Wagon en la excursi\u00f3n del domingo por la ma\u00f1ana al lago.<\/p>\n\n\n\n<p><a href=\"\/es\/mesas-en-la-cena-posterior-a-la-junta-general-5-de-noviembre-de-2022\/\">Mesas en la cena posterior a la Junta General<\/a>\u00a0<\/p>\n\n\n\n<p><a href=\"https:\/\/centcols.org\/es\/asamblea-general-5-de-noviembre-de-2022-album-de-fotos-de-pierre-mai\/\">\u00c1lbum de fotos de Pierre Mai<\/a><\/p>\n\n\n\n<p><a href=\"https:\/\/love-velo.fr\/ag-du-cinquantenaire-du-club-des-cent-cols-2022\/\">La AGM en el blog de Guy Garcin<\/a><\/p>\n\n\n\n<h2 class=\"wp-block-heading\">2022 Junta General Anual<\/h2>\n\n\n\n<p>La Junta General de Accionistas de 2022 se celebr\u00f3 en Annecy (Salle de l'Imp\u00e9rial Palace) el s\u00e1bado 5 de noviembre de 2022 a las 14.00 horas.<\/p>\n\n\n\n<p>Palacio Imperial de Annecy<br>All. de l'Imp\u00e9rial, <br>74000 Annecy, Francia<br>Tel: <a href=\"https:\/\/www.google.com\/search?q=imperial+annecy&amp;oq=imperial+annecy&amp;aqs=chrome.0.0i355i512j46i175i199i512j0i22i30l8.7194j0j4&amp;sourceid=chrome&amp;ie=UTF-8#\">+33 (0) 4 50 09 30 00<\/a><br>https:\/\/www.hotel-imperial-palace.com\/<\/p>\n\n\n\n<p><br><\/p>","protected":false},"excerpt":{"rendered":"<p>Compte-rendu Annecy, Imperial Palace, 5 novembre 2022 Le Pr\u00e9sident, Enrico ALBERINI, ouvre l\u2019Assembl\u00e9e G\u00e9n\u00e9rale \u00e0 14 h. Il remercie de leur pr\u00e9senceMartine CANO, Pr\u00e9sidente de la FFCT,Catherine BORGEAIS-ROUET, Pr\u00e9sidente du COREG Aura (Auvergne-Rh\u00f4ne-Alpes) et du CODEP74,Antoine ARMAND, d\u00e9put\u00e9 de la circonscription d\u2019Annecy. Apr\u00e8s son rapport moral (voir dans l\u2019ICC d\u2019octobre 2022), il passe la parole [&hellip;]<\/p>\n","protected":false},"author":58,"featured_media":82350,"comment_status":"closed","ping_status":"closed","sticky":false,"template":"","format":"standard","meta":{"_acf_changed":false,"footnotes":""},"categories":[217,135],"tags":[],"class_list":["post-82349","post","type-post","status-publish","format-standard","has-post-thumbnail","hentry","category-assemblees-generales","category-calendrier"],"acf":[],"yoast_head":"<!-- This site is optimized with the Yoast SEO plugin v27.2 - https:\/\/yoast.com\/product\/yoast-seo-wordpress\/ -->\n<title>Assembl\u00e9e g\u00e9n\u00e9rale du Club des Cent Cols, Annecy (Haute-Savoie) le 5 novembre 2022 - Club des Cent Cols<\/title>\n<meta name=\"robots\" content=\"index, follow, max-snippet:-1, max-image-preview:large, max-video-preview:-1\" \/>\n<link rel=\"canonical\" href=\"https:\/\/centcols.org\/es\/cr-ag-2022-annecy\/\" \/>\n<meta property=\"og:locale\" content=\"es_ES\" \/>\n<meta property=\"og:type\" content=\"article\" \/>\n<meta property=\"og:title\" content=\"Assembl\u00e9e g\u00e9n\u00e9rale du Club des Cent Cols, Annecy (Haute-Savoie) le 5 novembre 2022 - Club des Cent Cols\" \/>\n<meta property=\"og:description\" content=\"Compte-rendu Annecy, Imperial Palace, 5 novembre 2022 Le Pr\u00e9sident, Enrico ALBERINI, ouvre l\u2019Assembl\u00e9e G\u00e9n\u00e9rale \u00e0 14 h. Il remercie de leur pr\u00e9senceMartine CANO, Pr\u00e9sidente de la FFCT,Catherine BORGEAIS-ROUET, Pr\u00e9sidente du COREG Aura (Auvergne-Rh\u00f4ne-Alpes) et du CODEP74,Antoine ARMAND, d\u00e9put\u00e9 de la circonscription d\u2019Annecy. Apr\u00e8s son rapport moral (voir dans l\u2019ICC d\u2019octobre 2022), il passe la parole [&hellip;]\" \/>\n<meta property=\"og:url\" content=\"https:\/\/centcols.org\/es\/cr-ag-2022-annecy\/\" \/>\n<meta property=\"og:site_name\" content=\"Club des Cent Cols\" \/>\n<meta property=\"article:publisher\" content=\"https:\/\/www.facebook.com\/groups\/5261880558\/?locale=fr_FR\" \/>\n<meta property=\"article:published_time\" content=\"2022-09-15T14:44:53+00:00\" \/>\n<meta property=\"article:modified_time\" content=\"2025-08-28T06:57:07+00:00\" \/>\n<meta property=\"og:image\" content=\"https:\/\/centcols.org\/wp-content\/uploads\/2025\/05\/01Table-Weibel-scaled-1.jpg\" \/>\n\t<meta property=\"og:image:width\" content=\"2560\" \/>\n\t<meta property=\"og:image:height\" content=\"1920\" \/>\n\t<meta property=\"og:image:type\" content=\"image\/jpeg\" \/>\n<meta name=\"author\" content=\"Enrico Alberini\" \/>\n<meta name=\"twitter:card\" content=\"summary_large_image\" \/>\n<meta name=\"twitter:label1\" content=\"Escrito por\" \/>\n\t<meta name=\"twitter:data1\" content=\"Enrico Alberini\" \/>\n\t<meta name=\"twitter:label2\" content=\"Tiempo de lectura\" \/>\n\t<meta name=\"twitter:data2\" content=\"4 minutos\" \/>\n<script type=\"application\/ld+json\" class=\"yoast-schema-graph\">{\"@context\":\"https:\/\/schema.org\",\"@graph\":[{\"@type\":\"Article\",\"@id\":\"https:\/\/centcols.org\/cr-ag-2022-annecy\/#article\",\"isPartOf\":{\"@id\":\"https:\/\/centcols.org\/cr-ag-2022-annecy\/\"},\"author\":{\"name\":\"Enrico Alberini\",\"@id\":\"https:\/\/centcols.org\/#\/schema\/person\/86c3ec6889d88501a29fccac614bebf8\"},\"headline\":\"Assembl\u00e9e g\u00e9n\u00e9rale du Club des Cent Cols, Annecy (Haute-Savoie) le 5 novembre 2022\",\"datePublished\":\"2022-09-15T14:44:53+00:00\",\"dateModified\":\"2025-08-28T06:57:07+00:00\",\"mainEntityOfPage\":{\"@id\":\"https:\/\/centcols.org\/cr-ag-2022-annecy\/\"},\"wordCount\":642,\"publisher\":{\"@id\":\"https:\/\/centcols.org\/#organization\"},\"image\":{\"@id\":\"https:\/\/centcols.org\/cr-ag-2022-annecy\/#primaryimage\"},\"thumbnailUrl\":\"https:\/\/centcols.org\/wp-content\/uploads\/2025\/05\/01Table-Weibel-scaled-1.jpg\",\"articleSection\":[\"Assembl\u00e9es g\u00e9n\u00e9rales\",\"Calendrier\"],\"inLanguage\":\"es\"},{\"@type\":\"WebPage\",\"@id\":\"https:\/\/centcols.org\/cr-ag-2022-annecy\/\",\"url\":\"https:\/\/centcols.org\/cr-ag-2022-annecy\/\",\"name\":\"Assembl\u00e9e g\u00e9n\u00e9rale du Club des Cent Cols, Annecy (Haute-Savoie) le 5 novembre 2022 - Club des Cent Cols\",\"isPartOf\":{\"@id\":\"https:\/\/centcols.org\/#website\"},\"primaryImageOfPage\":{\"@id\":\"https:\/\/centcols.org\/cr-ag-2022-annecy\/#primaryimage\"},\"image\":{\"@id\":\"https:\/\/centcols.org\/cr-ag-2022-annecy\/#primaryimage\"},\"thumbnailUrl\":\"https:\/\/centcols.org\/wp-content\/uploads\/2025\/05\/01Table-Weibel-scaled-1.jpg\",\"datePublished\":\"2022-09-15T14:44:53+00:00\",\"dateModified\":\"2025-08-28T06:57:07+00:00\",\"breadcrumb\":{\"@id\":\"https:\/\/centcols.org\/cr-ag-2022-annecy\/#breadcrumb\"},\"inLanguage\":\"es\",\"potentialAction\":[{\"@type\":\"ReadAction\",\"target\":[\"https:\/\/centcols.org\/cr-ag-2022-annecy\/\"]}]},{\"@type\":\"ImageObject\",\"inLanguage\":\"es\",\"@id\":\"https:\/\/centcols.org\/cr-ag-2022-annecy\/#primaryimage\",\"url\":\"https:\/\/centcols.org\/wp-content\/uploads\/2025\/05\/01Table-Weibel-scaled-1.jpg\",\"contentUrl\":\"https:\/\/centcols.org\/wp-content\/uploads\/2025\/05\/01Table-Weibel-scaled-1.jpg\",\"width\":2560,\"height\":1920},{\"@type\":\"BreadcrumbList\",\"@id\":\"https:\/\/centcols.org\/cr-ag-2022-annecy\/#breadcrumb\",\"itemListElement\":[{\"@type\":\"ListItem\",\"position\":1,\"name\":\"Accueil\",\"item\":\"https:\/\/centcols.org\/\"},{\"@type\":\"ListItem\",\"position\":2,\"name\":\"Assembl\u00e9es g\u00e9n\u00e9rales\",\"item\":\"https:\/\/centcols.org\/rubrique\/assemblees-generales\/\"},{\"@type\":\"ListItem\",\"position\":3,\"name\":\"Assembl\u00e9e g\u00e9n\u00e9rale du Club des Cent Cols, Annecy (Haute-Savoie) le 5 novembre 2022\"}]},{\"@type\":\"WebSite\",\"@id\":\"https:\/\/centcols.org\/#website\",\"url\":\"https:\/\/centcols.org\/\",\"name\":\"Club des Cent Cols\",\"description\":\"\",\"publisher\":{\"@id\":\"https:\/\/centcols.org\/#organization\"},\"potentialAction\":[{\"@type\":\"SearchAction\",\"target\":{\"@type\":\"EntryPoint\",\"urlTemplate\":\"https:\/\/centcols.org\/?s={search_term_string}\"},\"query-input\":{\"@type\":\"PropertyValueSpecification\",\"valueRequired\":true,\"valueName\":\"search_term_string\"}}],\"inLanguage\":\"es\"},{\"@type\":\"Organization\",\"@id\":\"https:\/\/centcols.org\/#organization\",\"name\":\"Club des Cent Cols\",\"url\":\"https:\/\/centcols.org\/\",\"logo\":{\"@type\":\"ImageObject\",\"inLanguage\":\"es\",\"@id\":\"https:\/\/centcols.org\/#\/schema\/logo\/image\/\",\"url\":\"https:\/\/centcols.org\/wp-content\/uploads\/2025\/01\/carte-icone.png\",\"contentUrl\":\"https:\/\/centcols.org\/wp-content\/uploads\/2025\/01\/carte-icone.png\",\"width\":250,\"height\":250,\"caption\":\"Club des Cent Cols\"},\"image\":{\"@id\":\"https:\/\/centcols.org\/#\/schema\/logo\/image\/\"},\"sameAs\":[\"https:\/\/www.facebook.com\/groups\/5261880558\/?locale=fr_FR\"]},{\"@type\":\"Person\",\"@id\":\"https:\/\/centcols.org\/#\/schema\/person\/86c3ec6889d88501a29fccac614bebf8\",\"name\":\"Enrico Alberini\",\"image\":{\"@type\":\"ImageObject\",\"inLanguage\":\"es\",\"@id\":\"https:\/\/centcols.org\/wp-content\/litespeed\/avatar\/1b26e36a18d85acc8b0f860f9628213f.jpg?ver=1777240766\",\"url\":\"https:\/\/centcols.org\/wp-content\/litespeed\/avatar\/1b26e36a18d85acc8b0f860f9628213f.jpg?ver=1777240766\",\"contentUrl\":\"https:\/\/centcols.org\/wp-content\/litespeed\/avatar\/1b26e36a18d85acc8b0f860f9628213f.jpg?ver=1777240766\",\"caption\":\"Enrico Alberini\"},\"url\":\"https:\/\/centcols.org\/es\/author\/5065\/\"}]}<\/script>\n<!-- \/ Yoast SEO plugin. -->","yoast_head_json":{"title":"Asamblea General del Club des Cent Cols, Annecy (Alta Saboya) el 5 de noviembre de 2022 - Club des Cent Cols","robots":{"index":"index","follow":"follow","max-snippet":"max-snippet:-1","max-image-preview":"max-image-preview:large","max-video-preview":"max-video-preview:-1"},"canonical":"https:\/\/centcols.org\/es\/cr-ag-2022-annecy\/","og_locale":"es_ES","og_type":"article","og_title":"Assembl\u00e9e g\u00e9n\u00e9rale du Club des Cent Cols, Annecy (Haute-Savoie) le 5 novembre 2022 - Club des Cent Cols","og_description":"Compte-rendu Annecy, Imperial Palace, 5 novembre 2022 Le Pr\u00e9sident, Enrico ALBERINI, ouvre l\u2019Assembl\u00e9e G\u00e9n\u00e9rale \u00e0 14 h. Il remercie de leur pr\u00e9senceMartine CANO, Pr\u00e9sidente de la FFCT,Catherine BORGEAIS-ROUET, Pr\u00e9sidente du COREG Aura (Auvergne-Rh\u00f4ne-Alpes) et du CODEP74,Antoine ARMAND, d\u00e9put\u00e9 de la circonscription d\u2019Annecy. Apr\u00e8s son rapport moral (voir dans l\u2019ICC d\u2019octobre 2022), il passe la parole [&hellip;]","og_url":"https:\/\/centcols.org\/es\/cr-ag-2022-annecy\/","og_site_name":"Club des Cent Cols","article_publisher":"https:\/\/www.facebook.com\/groups\/5261880558\/?locale=fr_FR","article_published_time":"2022-09-15T14:44:53+00:00","article_modified_time":"2025-08-28T06:57:07+00:00","og_image":[{"width":2560,"height":1920,"url":"https:\/\/centcols.org\/wp-content\/uploads\/2025\/05\/01Table-Weibel-scaled-1.jpg","type":"image\/jpeg"}],"author":"Enrico Alberini","twitter_card":"summary_large_image","twitter_misc":{"Escrito por":"Enrico Alberini","Tiempo de lectura":"4 minutos"},"schema":{"@context":"https:\/\/schema.org","@graph":[{"@type":"Article","@id":"https:\/\/centcols.org\/cr-ag-2022-annecy\/#article","isPartOf":{"@id":"https:\/\/centcols.org\/cr-ag-2022-annecy\/"},"author":{"name":"Enrico Alberini","@id":"https:\/\/centcols.org\/#\/schema\/person\/86c3ec6889d88501a29fccac614bebf8"},"headline":"Assembl\u00e9e g\u00e9n\u00e9rale du Club des Cent Cols, Annecy (Haute-Savoie) le 5 novembre 2022","datePublished":"2022-09-15T14:44:53+00:00","dateModified":"2025-08-28T06:57:07+00:00","mainEntityOfPage":{"@id":"https:\/\/centcols.org\/cr-ag-2022-annecy\/"},"wordCount":642,"publisher":{"@id":"https:\/\/centcols.org\/#organization"},"image":{"@id":"https:\/\/centcols.org\/cr-ag-2022-annecy\/#primaryimage"},"thumbnailUrl":"https:\/\/centcols.org\/wp-content\/uploads\/2025\/05\/01Table-Weibel-scaled-1.jpg","articleSection":["Assembl\u00e9es g\u00e9n\u00e9rales","Calendrier"],"inLanguage":"es"},{"@type":"WebPage","@id":"https:\/\/centcols.org\/cr-ag-2022-annecy\/","url":"https:\/\/centcols.org\/cr-ag-2022-annecy\/","name":"Asamblea General del Club des Cent Cols, Annecy (Alta Saboya) el 5 de noviembre de 2022 - Club des Cent Cols","isPartOf":{"@id":"https:\/\/centcols.org\/#website"},"primaryImageOfPage":{"@id":"https:\/\/centcols.org\/cr-ag-2022-annecy\/#primaryimage"},"image":{"@id":"https:\/\/centcols.org\/cr-ag-2022-annecy\/#primaryimage"},"thumbnailUrl":"https:\/\/centcols.org\/wp-content\/uploads\/2025\/05\/01Table-Weibel-scaled-1.jpg","datePublished":"2022-09-15T14:44:53+00:00","dateModified":"2025-08-28T06:57:07+00:00","breadcrumb":{"@id":"https:\/\/centcols.org\/cr-ag-2022-annecy\/#breadcrumb"},"inLanguage":"es","potentialAction":[{"@type":"ReadAction","target":["https:\/\/centcols.org\/cr-ag-2022-annecy\/"]}]},{"@type":"ImageObject","inLanguage":"es","@id":"https:\/\/centcols.org\/cr-ag-2022-annecy\/#primaryimage","url":"https:\/\/centcols.org\/wp-content\/uploads\/2025\/05\/01Table-Weibel-scaled-1.jpg","contentUrl":"https:\/\/centcols.org\/wp-content\/uploads\/2025\/05\/01Table-Weibel-scaled-1.jpg","width":2560,"height":1920},{"@type":"BreadcrumbList","@id":"https:\/\/centcols.org\/cr-ag-2022-annecy\/#breadcrumb","itemListElement":[{"@type":"ListItem","position":1,"name":"Accueil","item":"https:\/\/centcols.org\/"},{"@type":"ListItem","position":2,"name":"Assembl\u00e9es g\u00e9n\u00e9rales","item":"https:\/\/centcols.org\/rubrique\/assemblees-generales\/"},{"@type":"ListItem","position":3,"name":"Assembl\u00e9e g\u00e9n\u00e9rale du Club des Cent Cols, Annecy (Haute-Savoie) le 5 novembre 2022"}]},{"@type":"WebSite","@id":"https:\/\/centcols.org\/#website","url":"https:\/\/centcols.org\/","name":"Club des Cent Cols","description":"","publisher":{"@id":"https:\/\/centcols.org\/#organization"},"potentialAction":[{"@type":"SearchAction","target":{"@type":"EntryPoint","urlTemplate":"https:\/\/centcols.org\/?s={search_term_string}"},"query-input":{"@type":"PropertyValueSpecification","valueRequired":true,"valueName":"search_term_string"}}],"inLanguage":"es"},{"@type":"Organization","@id":"https:\/\/centcols.org\/#organization","name":"Club des Cent Cols","url":"https:\/\/centcols.org\/","logo":{"@type":"ImageObject","inLanguage":"es","@id":"https:\/\/centcols.org\/#\/schema\/logo\/image\/","url":"https:\/\/centcols.org\/wp-content\/uploads\/2025\/01\/carte-icone.png","contentUrl":"https:\/\/centcols.org\/wp-content\/uploads\/2025\/01\/carte-icone.png","width":250,"height":250,"caption":"Club des Cent Cols"},"image":{"@id":"https:\/\/centcols.org\/#\/schema\/logo\/image\/"},"sameAs":["https:\/\/www.facebook.com\/groups\/5261880558\/?locale=fr_FR"]},{"@type":"Person","@id":"https:\/\/centcols.org\/#\/schema\/person\/86c3ec6889d88501a29fccac614bebf8","name":"Enrico Alberini","image":{"@type":"ImageObject","inLanguage":"es","@id":"https:\/\/centcols.org\/wp-content\/litespeed\/avatar\/1b26e36a18d85acc8b0f860f9628213f.jpg?ver=1777240766","url":"https:\/\/centcols.org\/wp-content\/litespeed\/avatar\/1b26e36a18d85acc8b0f860f9628213f.jpg?ver=1777240766","contentUrl":"https:\/\/centcols.org\/wp-content\/litespeed\/avatar\/1b26e36a18d85acc8b0f860f9628213f.jpg?ver=1777240766","caption":"Enrico Alberini"},"url":"https:\/\/centcols.org\/es\/author\/5065\/"}]}},"_links":{"self":[{"href":"https:\/\/centcols.org\/es\/wp-json\/wp\/v2\/posts\/82349","targetHints":{"allow":["GET"]}}],"collection":[{"href":"https:\/\/centcols.org\/es\/wp-json\/wp\/v2\/posts"}],"about":[{"href":"https:\/\/centcols.org\/es\/wp-json\/wp\/v2\/types\/post"}],"author":[{"embeddable":true,"href":"https:\/\/centcols.org\/es\/wp-json\/wp\/v2\/users\/58"}],"replies":[{"embeddable":true,"href":"https:\/\/centcols.org\/es\/wp-json\/wp\/v2\/comments?post=82349"}],"version-history":[{"count":0,"href":"https:\/\/centcols.org\/es\/wp-json\/wp\/v2\/posts\/82349\/revisions"}],"wp:featuredmedia":[{"embeddable":true,"href":"https:\/\/centcols.org\/es\/wp-json\/wp\/v2\/media\/82350"}],"wp:attachment":[{"href":"https:\/\/centcols.org\/es\/wp-json\/wp\/v2\/media?parent=82349"}],"wp:term":[{"taxonomy":"category","embeddable":true,"href":"https:\/\/centcols.org\/es\/wp-json\/wp\/v2\/categories?post=82349"},{"taxonomy":"post_tag","embeddable":true,"href":"https:\/\/centcols.org\/es\/wp-json\/wp\/v2\/tags?post=82349"}],"curies":[{"name":"wp","href":"https:\/\/api.w.org\/{rel}","templated":true}]}}