{"id":82382,"date":"2022-10-27T21:23:25","date_gmt":"2022-10-27T19:23:25","guid":{"rendered":"https:\/\/centcols.org\/sejour-de-printemps-a-todtmoos-foret-noire-du-19-au-26-mai-2023\/"},"modified":"2025-08-27T19:00:37","modified_gmt":"2025-08-27T17:00:37","slug":"estancia-2023-todtmoos","status":"publish","type":"post","link":"https:\/\/centcols.org\/es\/sejour-2023-todtmoos\/","title":{"rendered":"Vacaciones de primavera en Todtmoos (Selva Negra) del 19 al 26 de mayo de 2023"},"content":{"rendered":"\n<p>Ont contribu\u00e9 \u00e0 cette page de pr\u00e9sentation du s\u00e9jour Enrico Alberini et les responsables informatique et s\u00e9jours.<\/p>\n\n\n\n<p><strong>Contraintes COVID 19<\/strong><\/p>\n\n\n\n<p>Les contraintes peuvent \u00e9voluer d\u2019ici le d\u00e9but du s\u00e9jour. Actuellement il n\u2019y a pas de contrainte en ce qui concerne l\u2019occupation des chambres \u00e0 deux personnes.<\/p>\n\n\n\n<p>Les prix n\u00e9goci\u00e9s par le Club aupr\u00e8s des h\u00e9bergeurs sont sur la base de chambre double et de deux chambres individuelles donnant lieu \u00e0 un suppl\u00e9ment.<\/p>\n\n\n\n<p><span style=\"color: #000000;\"><span style=\"color: #000000;\">Pour la premi\u00e8re fois, le Club organise un s\u00e9jour en Allemagne. <\/span><\/span><span style=\"color: #000000;\">Nous s\u00e9journerons \u00e0 Todtmoos, commune du Bade-Wurtenberg&nbsp; situ\u00e9e dans la For\u00eat Noire. Les circuits seront r\u00e9partis tout autour de cette base. Ils n\u00e9cessiteront quelques mises en place en voiture de quelques dizaines de minutes sauf pour l&rsquo;un d&rsquo;entre eux (50 minutes). <\/span><\/p>\n\n\n\n<p>Todtmoos est le paradis des adeptes de marche nordique, des randonneurs et des v\u00e9t\u00e9tistes gr\u00e2ce \u00e0 de nombreux sentiers de randonn\u00e9e menant \u00e0 de magnifiques points de vue.<\/p>\n\n\n\n<p><span style=\"color: #000000;\">Nous serons log\u00e9s dans trois \u00e9tablissements situ\u00e9s tr\u00e8s proches l&rsquo;un de l&rsquo;autre.<\/span><\/p>\n\n\n<p>[mapsmarker layer=\u00a0\u00bb4&Prime;]<\/p>\n\n\n\n<p><span style=\"color: #000000;\">Vous trouverez ci-dessous les rubriques :<\/span><\/p>\n\n\n\n<ul class=\"wp-block-list\">\n<li><span style=\"color: #000000;\">Pr\u00e9sentation de la r\u00e9gion<\/span><\/li>\n\n\n\n<li><span style=\"color: #000000;\">Les circuits<\/span><\/li>\n\n\n\n<li><span style=\"color: #000000;\">H\u00e9bergement<\/span><\/li>\n\n\n\n<li><span style=\"color: #000000;\">Note du Conseil d&rsquo;Administration<\/span><\/li>\n\n\n\n<li><span style=\"color: #000000;\">Inscription, avec une carte de situation<\/span><\/li>\n\n\n\n<li><span style=\"color: #000000;\">Autres activit\u00e9s ou visites&nbsp; &nbsp;<\/span><\/li>\n<\/ul>\n\n\n\n<h2 class=\"wp-block-heading\">Pr\u00e9sentation de la r\u00e9gion<\/h2>\n\n\n\n<p>Pour la premi\u00e8re fois le s\u00e9jour de printemps sera organis\u00e9 outre Rhin, en For\u00eat Noire.<\/p>\n\n\n\n<p>Situ\u00e9 dans le Land du Bade-Wurtemberg, un des plus grand land d\u2019Allemagne avec plus de 10 millions d\u2019habitants, la For\u00eat Noire est un massif montagneux d\u2019une longueur de 140 km et d\u2019une largeur de 60 km. Elle s\u2019\u00e9tend sur plus de 6000 km\u00b2. Elle est bord\u00e9e \u00e0 l\u2019Ouest par la France et au Sud par la Suisse.<\/p>\n\n\n\n<p>La For\u00eat Noire est surtout connue pour ses&nbsp;fermes typiques&nbsp;aux toits en demi-lune, ses&nbsp;g\u00e2teaux appel\u00e9s For\u00eat-noire, son&nbsp;jambon de la For\u00eat-Noire, ses&nbsp;gnomes, son&nbsp;kirsch&nbsp;(<em>kirschwasser<\/em>) et ses&nbsp;pendules \u00e0 coucou.<\/p>\n\n\n\n<p>A Todtmoos, les Todtmooser Lebk\u00fcchler originaux (pain d\u2019\u00e9pice) sont fabriqu\u00e9s selon une ancienne recette de 1900, qui provient du mus\u00e9e d\u2019histoire locale<\/p>\n\n\n\n<p>A cette \u00e9poque, les Todtmooser Lebk\u00fcchler \u00e9taient aussi appel\u00e9s \u201cpain de p\u00e8lerin\u201d car ils \u00e9taient donn\u00e9s aux p\u00e8lerins comme un petit repas sur le chemin du retour apr\u00e8s une longue pri\u00e8re. Aujourd\u2019hui encore, les Todtmooser Lebk\u00fcchler riches en miel et v\u00e9g\u00e9taliens sont un rafra\u00eechissement bienvenu lors de la randonn\u00e9e.<\/p>\n\n\n\n<p>Todtmoos a \u00e9t\u00e9 mentionn\u00e9 pour la premi\u00e8re fois dans un document de 1267. \u00c0 cette \u00e9poque, il n\u2019y avait que quelques cabanes et une chapelle Notre-Dame.<\/p>\n\n\n\n<p>Une l\u00e9gende ancienne raconte la fondation de Todtmoos. La Vierge serait apparue au pr\u00eatre Dietrich de Rickenbach en 1255, lui demandant de s\u2019\u00e9tablir en ermite au lieu-dit Sch\u00f6nenb\u00fchl situ\u00e9 entre la rivi\u00e8re de la Wehra et le ruisseau de Totenbach, d\u2019y abattre un arbre et d\u2019y \u00e9riger une chapelle. Dietrich suivit les ordres et l\u2019endroit devint bient\u00f4t un lieu de p\u00e8lerinage. L\u2019abbaye Saint-Blaise acquit le lieu en 1319 et la fr\u00e9quentation du p\u00e8lerinage augmenta consid\u00e9rablement.<\/p>\n\n\n\n<p>Todtmoos est situ\u00e9 dans le sud de la haute&nbsp;<a href=\"https:\/\/sapientiafr.com\/wiki\/Schwarzwald\">For\u00eat-Noire<\/a>&nbsp;dans la haute&nbsp;<a href=\"https:\/\/sapientiafr.com\/wiki\/Wehra\">Wehratal<\/a>&nbsp;. La zone municipale comprend 13 districts et s\u2019\u00e9tend sur une altitude de 700 m au&nbsp;dessus <a href=\"https:\/\/sapientiafr.com\/wiki\/Normalnull\">du niveau<\/a>&nbsp;de la&nbsp;<a href=\"https:\/\/sapientiafr.com\/wiki\/Normalnull\">mer<\/a> dans le Wehratal jusqu\u2019\u00e0 la hauteur de 1263 m au <a href=\"https:\/\/sapientiafr.com\/wiki\/Hochkopf_(S\u00fcdschwarzwald)\">Hochkopf<\/a>&nbsp;. Todtmoos borde le&nbsp;<a href=\"https:\/\/sapientiafr.com\/wiki\/Hotzenwald\">Hotzenwald<\/a>&nbsp;. Les villes de Fribourg et de B\u00e2le se situent plus ou moins \u00e0 50 km. Des bus r\u00e9guliers du&nbsp;<a href=\"https:\/\/sapientiafr.com\/wiki\/S\u00fcdbadenbus\">S\u00fcdbadenbus<\/a>&nbsp;relient Todtmoos \u00e0 Bad S\u00e4ckingen, St. Blasien, Rickenbach et Todtnau.<\/p>\n\n\n\n<h2 class=\"wp-block-heading\">Les circuits<\/h2>\n\n\n\n<p>les circuits routiers ont \u00e9t\u00e9 \u00e9labor\u00e9s et trac\u00e9s par Alain Brault. Les circuits VTT ont \u00e9t\u00e9 reconnus par Christophe Badonnel en s\u2019appuyant sur les traces fournies par Ars\u00e8ne Bickel., initiateur de ce projet en For\u00eat Noire.<\/p>\n\n\n\n<p>Chaque jour, du samedi au jeudi, un circuit routier et un circuit VTT vous seront propos\u00e9s, certains avec variantes.<\/p>\n\n\n\n<ul class=\"wp-block-list\">\n<li><a href=\"https:\/\/centcols.org\/wp-content\/uploads\/2025\/08\/LOCALISATION-ROUTIERS.pdf\" target=\"_blank\" rel=\"noreferrer noopener\">Localisation des parcours routiers<\/a><\/li>\n\n\n\n<li><a href=\"https:\/\/centcols.org\/wp-content\/uploads\/2025\/08\/LOCALISATION-VTT.pdf\" target=\"_blank\" rel=\"noreferrer noopener\">Localisation des parcours VTT<\/a><\/li>\n\n\n\n<li><a href=\"https:\/\/centcols.org\/membres\/cctours\/tours.php?lieu=Todtmoos&amp;an=2023&amp;genre=R\" target=\"_blank\" rel=\"noreferrer noopener\">Circuits routiers :<\/a><\/li>\n\n\n\n<li><a href=\"https:\/\/centcols.org\/membres\/cctours\/tours.php?lieu=Todtmoos&amp;an=2023&amp;genre=V\" target=\"_blank\" rel=\"noreferrer noopener\">Circuits VTT :<\/a><\/li>\n<\/ul>\n\n\n\n<h2 class=\"wp-block-heading\">H\u00e9bergement<\/h2>\n\n\n\n<p>Contrairement \u00e0 ce que l\u2019on peut trouver en France, les villages de vacances n\u2019existent pas en Allemagne. Les participants seront donc r\u00e9partis entre trois \u00e9tablissements voisins :<\/p>\n\n\n\n<p><strong>Hotel Maien<\/strong>, Hauptstrasse. 2, 79682 Todtmoos Allemagne.<br>Tel. +49 (0)7674 222 &nbsp; <a href=\"https:\/\/www.maien.de\/\" target=\"_blank\" rel=\"noreferrer noopener\">Site<\/a>&nbsp; &nbsp; &nbsp; &nbsp;Courriel&nbsp;&nbsp;<a href=\"javascript:;\">i&#110;&#x66;&#x6f;&#x40;m&#97;&#105;&#x65;&#x6e;&#46;&#100;&#101;<\/a><\/p>\n\n\n\n<p><strong>Hotel Waldwinkel<\/strong>, Schwimmbadweg 3, 79682 Todtmoos Allemagne.<br>Tel. +49 (0)7674 929 &nbsp; <a href=\"https:\/\/www.hotel-waldwinkel.de\/hotel-restaurant.php?DOC_INST=1\" target=\"_blank\" rel=\"noreferrer noopener\">Site<\/a>&nbsp; &nbsp; &nbsp; &nbsp;Courriel&nbsp;&nbsp;<a href=\"javascript:;\">&#105;&#x6e;&#102;&#x6f;&#64;&#x68;o&#116;&#x65;&#108;&#x2d;w&#x61;l&#100;&#x77;&#105;&#x6e;k&#x65;l&#46;&#x64;&#101;<\/a><\/p>\n\n\n\n<p><strong>Gasthaus Roseneck<\/strong>, Hauptstrasse. 7, 79682 Todtmoos Allemagne.<br>Tel. +49 (0)7674 8735 &nbsp; <a href=\"https:\/\/www.roseneck-todtmoos.de\/\" target=\"_blank\" rel=\"noreferrer noopener\">Site<\/a>&nbsp; &nbsp; &nbsp; &nbsp;Courriel&nbsp;&nbsp;<a href=\"javascript:;\">&#x69;&#110;&#x66;&#x6f;&#64;&#x72;&#x6f;&#115;&#x65;&#x6e;&#101;&#x63;&#x6b;-&#x74;&#x6f;d&#x74;&#109;o&#x6f;&#115;&#46;&#x64;&#101;<\/a><\/p>\n\n\n\n<figure class=\"wp-block-gallery has-nested-images columns-3 is-cropped wp-block-gallery-1 is-layout-flex wp-block-gallery-is-layout-flex\">\n<figure class=\"wp-block-image size-full\"><a href=\"https:\/\/centcols.org\/wp-content\/uploads\/2022\/10\/IMG_20221005_1.jpg\"><img loading=\"lazy\" decoding=\"async\" width=\"1200\" height=\"900\" data-id=\"85875\" src=\"https:\/\/centcols.org\/wp-content\/uploads\/2022\/10\/IMG_20221005_1.jpg\" alt=\"\" class=\"wp-image-85875\" srcset=\"https:\/\/centcols.org\/wp-content\/uploads\/2022\/10\/IMG_20221005_1.jpg 1200w, https:\/\/centcols.org\/wp-content\/uploads\/2022\/10\/IMG_20221005_1-768x576.jpg 768w\" sizes=\"auto, (max-width: 1200px) 100vw, 1200px\" \/><\/a><figcaption class=\"wp-element-caption\">H\u00f4tel Waldwinkel \u00a9 Christophe Badonnel<\/figcaption><\/figure>\n\n\n\n<figure class=\"wp-block-image size-full\"><a href=\"https:\/\/centcols.org\/wp-content\/uploads\/2022\/10\/IMG_20221005_3.jpg\"><img loading=\"lazy\" decoding=\"async\" width=\"1200\" height=\"900\" data-id=\"85876\" src=\"https:\/\/centcols.org\/wp-content\/uploads\/2022\/10\/IMG_20221005_3.jpg\" alt=\"\" class=\"wp-image-85876\" srcset=\"https:\/\/centcols.org\/wp-content\/uploads\/2022\/10\/IMG_20221005_3.jpg 1200w, https:\/\/centcols.org\/wp-content\/uploads\/2022\/10\/IMG_20221005_3-768x576.jpg 768w\" sizes=\"auto, (max-width: 1200px) 100vw, 1200px\" \/><\/a><figcaption class=\"wp-element-caption\">Gasthaus Roseneck \u00a9 Christophe Badonnel<\/figcaption><\/figure>\n\n\n\n<figure class=\"wp-block-image size-full\"><a href=\"https:\/\/centcols.org\/wp-content\/uploads\/2022\/10\/IMG_20221005-2.jpg\"><img loading=\"lazy\" decoding=\"async\" width=\"1200\" height=\"900\" data-id=\"85877\" src=\"https:\/\/centcols.org\/wp-content\/uploads\/2022\/10\/IMG_20221005-2.jpg\" alt=\"\" class=\"wp-image-85877\" srcset=\"https:\/\/centcols.org\/wp-content\/uploads\/2022\/10\/IMG_20221005-2.jpg 1200w, https:\/\/centcols.org\/wp-content\/uploads\/2022\/10\/IMG_20221005-2-768x576.jpg 768w\" sizes=\"auto, (max-width: 1200px) 100vw, 1200px\" \/><\/a><figcaption class=\"wp-element-caption\">H\u00f4tel Maien \u00a9 Christophe Badonnel<\/figcaption><\/figure>\n<\/figure>\n\n\n\n<h4 class=\"wp-block-heading\"><strong>Question stationnement<\/strong><\/h4>\n\n\n\n<p>Les h\u00f4tels Maien et Waldwinkel poss\u00e8dent quelques places de parking.<\/p>\n\n\n\n<p>Le Roseneck ne dispose pas de places de parking mais \u00e0 proximit\u00e9 vous avez un parking public et apr\u00e8s le Waldwinkel, vous avez de nombreuses places de stationnement.<\/p>\n\n\n<div class=\"wp-block-image\">\n<figure class=\"aligncenter size-full\"><img loading=\"lazy\" decoding=\"async\" width=\"300\" height=\"300\" src=\"https:\/\/centcols.org\/wp-content\/uploads\/2025\/08\/plan-300x300-1.jpg\" alt=\"\" class=\"wp-image-85883\" srcset=\"https:\/\/centcols.org\/wp-content\/uploads\/2025\/08\/plan-300x300-1.jpg 300w, https:\/\/centcols.org\/wp-content\/uploads\/2025\/08\/plan-300x300-1-150x150.jpg 150w\" sizes=\"auto, (max-width: 300px) 100vw, 300px\" \/><\/figure>\n<\/div>\n\n\n<p>Pour ceux qui souhaitent venir en caravane ou en Camping car il y a une aire de camping car.<br>J\u00e4germatt 4, 79682 Todtmoos<br>Tel. +49 (0)7674 84 839 &nbsp; <a href=\"https:\/\/wohnmobilstellplatz-todtmoos.de\/\" target=\"_blank\" rel=\"noreferrer noopener\">Site<\/a>&nbsp; &nbsp; &nbsp; &nbsp;Courriel&nbsp;&nbsp;<a href=\"javascript:;\">i&#110;&#102;&#x6f;&#x40;&#x77;oh&#110;&#109;&#x6f;&#x62;&#x69;l&#115;&#116;&#101;&#x6c;&#x6c;&#x70;l&#97;&#116;&#x7a;&#x2d;&#x74;od&#116;&#109;&#x6f;&#x6f;&#x73;&#46;&#100;&#101;<\/a><\/p>\n\n\n\n<h2 class=\"wp-block-heading\">Note du Conseil d\u2019Administration<\/h2>\n\n\n\n<p>Si vous prenez en charge votre h\u00e9bergement ailleurs que les h\u00e9bergements propos\u00e9s, merci malgr\u00e9 tout de de vous inscrire et souscrire au&nbsp; \u201cforfait frais d\u2019organisation\u201d&nbsp; ceci pour 4 raisons :<\/p>\n\n\n\n<ol class=\"wp-block-list\">\n<li>Pour que tous contribuent aux charges de pr\u00e9paration et d\u2019organisation du s\u00e9jour (autres que l\u2019h\u00e9bergement)<\/li>\n\n\n\n<li>Pour pouvoir dimensionner correctement les \u00e9v\u00e9nements en commun (s\u00e9ances d\u2019informations, pots d\u2019accueil et de d\u00e9part).<\/li>\n\n\n\n<li>Pour pouvoir pr\u00e9voir une r\u00e9partition en plusieurs groupes sur les parcours afin d\u2019am\u00e9liorer la s\u00e9curit\u00e9 de chacun.<\/li>\n\n\n\n<li>Pour une meilleure appr\u00e9hension de tous les impr\u00e9vus par les organisateurs.<\/li>\n<\/ol>\n\n\n\n<h2 class=\"wp-block-heading\">Inscriptions<\/h2>\n\n\n        <div class=\"toggle-content-wrapper\">\n            <div class=\"visible-text\">\n                Forfait frais d\u2019organisation.<br>Le co\u00fbt d\u2019un s\u00e9jour ne se limite pas \u00e0 la simple r\u00e9servation des chambres et des repas. En plus de ces prestations factur\u00e9es par l\u2019\u00e9tablissement (ou les \u00e9tablissements) qui nous re\u00e7oit, de nombreuses autres d\u00e9penses viennent s\u2019ajouter. Ainsi, tr\u00e8s souvent l\u2019h\u00e9bergeur nous facture, en plus, des frais pour la ou les salles mises \u00e0 notre disposition (pour garer les v\u00e9los, pour la boutique, une grande salle sonoris\u00e9e pour les pr\u00e9sentations, les pots et les discours, etc.).par d\u00e9faut&#8230;            <\/div>\n            <div class=\"toggle-controls\">\n                <button class=\"toggle-btn read-more-btn\"\n                    data-show-text=\"Afficher moins\"\n                    data-hide-text=\"Lire la suite\">\n                    Lire la suite                <\/button>\n            <\/div>\n            <div class=\"hidden-text\" style=\"display: none;\">\n                Dans de nombreux cas les pots de d\u00e9but et\/ou de fin nous sont factur\u00e9s \u00e0 part et en fonction du nombre r\u00e9el de personnes. Dans les autres d\u00e9penses, nous retrouvons la r\u00e9alisation et l\u2019impression de la plaquette, du trombinoscope et des cartes affich\u00e9es, les frais engag\u00e9s pour la pr\u00e9paration des s\u00e9jours (visite des \u00e9tablissements lorsque c\u2019est n\u00e9cessaire, pr\u00e9paration des circuits sur carte, reconnaissance sur le terrain, etc.), etc.<br>Pour un s\u00e9jour comme celui de Todtmoos par exemple, tout cela repr\u00e9sente plusieurs dizaines d\u2019euros par participant.<br>Jusqu\u2019en 2019, ces frais \u00e9taient pris en charge par les seuls membres inscrits \u00e0 l\u2019h\u00e9bergement et inclus dans le tarif correspondant. Par souci d\u2019\u00e9quit\u00e9, le CA a pris la d\u00e9cision de r\u00e9partir ces frais sur l\u2019ensemble des participants aux s\u00e9jours et nous avons donc mis en place, \u00e0 partir de 2020, un \u201c Forfait frais d\u2019organisation\u201d qui doit, maintenant \u00eatre<br>souscrit par tous les membres participant au s\u00e9jour (qu\u2019ils choisissent la pension compl\u00e8te, le forfait 7 d\u00eeners, ou qu\u2019ils se logent et se nourrissent par leurs propres moyens) \u00e0 l\u2019exception des seuls membres associ\u00e9s. La souscription de ce forfait leur donnera acc\u00e8s au livret (sauf pour les membres associ\u00e9s), aux pots, aux installations de l\u2019h\u00e9bergeur et aux autres activit\u00e9s. Ce forfait comprend les frais li\u00e9s \u00e0 l\u2019agr\u00e9ment Tourisme aupr\u00e8s de la Chambre des Associations. Les membres associ\u00e9s accompagnant ces participants non h\u00e9berg\u00e9s sont invit\u00e9s gratuitement aux pots d\u2019accueil et de d\u00e9part mais ne sont pas couverts par les assurances.<br>Les s\u00e9jours n\u2019\u00e9tant accessibles, pour des raisons l\u00e9gales, qu\u2019aux seuls membres du Club, veillez \u00e0 \u00eatre \u00e0 jour de cotisation avant d\u2019envoyer votre bulletin d\u2019inscription<br>Attention, le <strong>bulletin d\u2019inscription<\/strong> ci-dessous comprend trois pages : l\u2019inscription proprement dite (veillez \u00e0 bien remplir toutes les rubriques qui vous concernent et \u00e0 signer au bas de la page), et les conditions d\u2019inscription, les conditions particuli\u00e8res du forfait simple participant, les garanties annulation rapatriement et les contraintes COVID 19. Si vous envisagez de vous faire accompagner par votre compagnon\/compagne, veillez bien \u00e0 l\u2019inscrire auparavant comme membre associ\u00e9 aupr\u00e8s de votre D\u00e9l\u00e9gu\u00e9 Territorial ou National et n\u2019oubliez pas de mettre son N\u00b0 de membre associ\u00e9 dans la case pr\u00e9vue.<br>Si, et seulement si, un participant n\u2019est <strong>pas licenci\u00e9 FFCT<\/strong>, il convient de prendre en plus l\u2019assurance obligatoire.<br>Vous pouvez r\u00e9gler le montant de l\u2019inscription par <strong>ch\u00e8que<\/strong> ou par <strong>virement<\/strong> sur le compte du Club. Compte tenu des frais suppl\u00e9mentaires factur\u00e9s par l\u2019organisme qui le g\u00e8re, nous ne prenons <strong>pas de paiement par PayPal<\/strong>.<br><strong>L\u2019affectation des membres<\/strong> se fait dans l\u2019ordre des dates d\u2019envoi du ch\u00e8que ou d\u2019\u00e9mission du virement. Pour le premier, c\u2019est le cachet de la Poste qui fait foi, pour le second, veiller \u00e0 nous envoyer une copie de l\u2019ordre de virement. Si le s\u00e9jour est complet, une liste d\u2019attente est mise en place, elle fonctionne avec les m\u00eames r\u00e8gles de priorit\u00e9 d\u2019affectation que les inscriptions directes.<br>\u00a0 \u00a0 \u00a0Pour tous les s\u00e9jours, nous essayons de satisfaire au mieux les demandes des uns et des autres, notamment pour la personne avec laquelle ils souhaitent partager la chambre. Pour ce s\u00e9jour, dans la mesure o\u00f9 nous disposons de chambres dans trois \u00e9tablissements de m\u00eame niveau de confort et de prix, sauf demande sp\u00e9cifique de votre part, vous serez affect\u00e9 indiff\u00e9remment dans l\u2019un ou l\u2019autre. <strong>Si vous souhaitez \u00eatre regroup\u00e9<\/strong> avec votre petit groupe d\u2019amis dans un m\u00eame h\u00f4tel, alors il convient de l\u2019indiquer d\u00e8s l\u2019envoi de votre inscription (par mail ou par courrier) en pr\u00e9cisant bien la liste des membres qui souhaitent \u00eatre dans le m\u00eame h\u00f4tel. Nous ferons tout notre possible pour vous donner satisfaction            <\/div>\n            <div class=\"toggle-controls-bottom\" style=\"display: none;\">\n                <button class=\"toggle-btn show-less-btn\"\n                    data-show-text=\"Afficher moins\"\n                    data-hide-text=\"Lire la suite\">\n                    Afficher moins                <\/button>\n            <\/div>\n        <\/div>\n    \n\n\n<p>Pour r\u00e9sumer&nbsp;:<\/p>\n\n\n\n<ul class=\"wp-block-list\">\n<li>Si vous voulez un h\u00e9bergement en pension compl\u00e8te, choisissez le forfait \u00e0 525\u20ac et ajoutez le \u201cforfait frais d\u2019organisation\u201d \u00e0 21\u20ac = 546\u20ac ;<\/li>\n\n\n\n<li>Si vous voulez seulement les repas du soir, choisissez le forfait \u00e0 129\u20ac et ajoutez le \u201cforfait frais d\u2019organisation\u201d \u00e0 21\u20ac= 150\u20ac ;<\/li>\n\n\n\n<li>Si vous faites votre affaire de l\u2019h\u00e9bergement et de la restauration ; choisissez le \u201cforfait frais d\u2019organisation\u201d \u00e0 21\u20ac ;<\/li>\n\n\n\n<li>Si vous souscrivez \u00e0 l\u2019assurance Gritchen, son montant est de 2,34 % du montant des prestations avec un minimum de 8 euros pour une personne seule et 16 euros minimum pour un couple<\/li>\n\n\n\n<li>Si vous n\u2019\u00eates pas licenci\u00e9 FFCT, ajoutez l\u2019assurance obligatoire \u00e0 7\u20ac par personne ;<\/li>\n\n\n\n<li>Si vous \u00eates membre associ\u00e9 vous \u00eates dispens\u00e9 du forfait frais d\u2019organisation ;<\/li>\n\n\n\n<li>Si vous \u00eates un couple dont un membre est membre associ\u00e9 non adh\u00e9rent \u00e0 la FFCT et que vous souhaitez souscrire \u00e0 l\u2019assurance Gritchen vous choisissez 2 forfaits \u00e0 525\u20ac, 1 forfait frais d\u2019organisation \u00e0 21\u20ac, soit 1071\u20ac, vous ajoutez l\u2019assurance Gritchen 2,34\u00d71071=25,07\u20ac (qui est sup\u00e9rieur au minimum de 16\u20ac) et l\u2019assurance non FFCT \u00e0 7\u20ac, soit un total de 1103,07\u20ac<\/li>\n\n\n\n<li>Si vous souhaitez un regroupement d\u2019un petit groupe dans le m\u00eame h\u00f4tel, mentionnez-le \u00e0 part. Nous ferons de notre mieux dans la mesure du possible ;<\/li>\n\n\n\n<li><strong>Compte tenu de la sp\u00e9cificit\u00e9 des couchages (deux matelas dans un grand lit), pour les personnes venant seules, les inscriptions ne mentionnant pas la personne avec laquelle elles partagent la chambre ne seront pas prises en compte.<\/strong><\/li>\n<\/ul>\n\n\n\n<p>Des informations compl\u00e9mentaires seront diffus\u00e9es ult\u00e9rieurement sur le site que vous pourrez consulter r\u00e9guli\u00e8rement. A chaque fois le responsable s\u00e9jours met un petit mail sur la liste de discussion.<\/p>\n\n\n\n<p>Si vous souhaitez recevoir ces mails, nous vous invitions \u00e0 vous inscrire sur la liste de discussion.(si ce n\u2019est d\u00e9j\u00e0 fait)<\/p>\n\n\n\n<p>Pour vous inscrire, t\u00e9l\u00e9chargez le bulletin d\u2019inscription PDF avec le lien ci-dessous et suivez les instructions qui s\u2019y trouvent.<\/p>\n\n\n\n<p>La date de r\u00e9ception des inscriptions a \u00e9t\u00e9 fix\u00e9e <strong>au 19 mars 2023.<\/strong><\/p>\n\n\n\n<h3 class=\"wp-block-heading\">T\u00e9l\u00e9charger le bulletin d&rsquo;inscription<\/h3>\n\n\n\n<ul class=\"wp-block-list\">\n<li>Bulletin d\u2019Inscription Todtmoos<\/li>\n<\/ul>\n\n\n\n<p>Vous pouvez feuilleter la<a href=\"https:\/\/centcols.org\/wp-content\/uploads\/2025\/08\/LIVRET-TODTMOOS.pdf\" target=\"_blank\" rel=\"noreferrer noopener\"><strong> Plaquette du s\u00e9jour<\/strong>&nbsp;<\/a> qui sera distribu\u00e9e lors du s\u00e9jour et qui contient, outre les messages de bienvenue, des informations sur la r\u00e9gion et sur l\u2019acc\u00e8s, des \u00e9l\u00e9ments sur la s\u00e9curit\u00e9 et le descriptif d\u00e9taill\u00e9 des circuits.<\/p>\n\n\n\n<p><strong>Et toujours, le trombinoscope, ce n\u2019est plus si nouveau :<br><\/strong>Lorsque nous nous retrouvons aux s\u00e9jours (et autres manifestations), nous rencontrons beaucoup d\u2019amis et de t\u00eates connues mais nous ne sommes pas certains de conna\u00eetre leur nom \u00e0 tous, et nous n\u2019osons pas toujours l\u2019avouer et le demander. Pour essayer d\u2019y rem\u00e9dier, comme annonc\u00e9 \u00e0 l\u2019AG de B\u00e9doin, nous affichons, \u00e0 c\u00f4t\u00e9 des cartes des parcours, un trombinoscope tout simple des pr\u00e9sents, avec la photo, le nom et le N\u00b0 de membre de tous ceux qui auront bien transmis (soit auparavant, soit avec leur inscription au s\u00e9jour) leur photo et l\u2019autorisation de publier celle-ci sur la page trombinoscope du site web du Club.<br>Vous pouvez transmettre une photo num\u00e9rique de <strong>votre seul visage vu de face et sans casque<\/strong> sous forme de <strong>fichier JPG<\/strong> de bonnes d\u00e9finition et qualit\u00e9, avec un rapport largeur\/hauteur de \u00be, en mentionnant bien votre nom et votre N\u00b0 de membre, \u00e0 <a href=\"javascript:;\">&#x70;&#104;o&#x74;&#111;d&#x65;&#109;e&#x6d;&#x62;&#114;&#x65;&#x40;&#99;e&#x6e;&#116;c&#x6f;&#108;s&#x2e;&#x6f;&#114;&#x67;<\/a>, ou directement \u00e0 <a href=\"javascript:;\">s&#101;&#x6a;&#x6f;&#x75;r&#115;&#x40;&#x63;&#x65;n&#116;&#x63;&#x6f;&#x6c;s&#46;&#x6f;&#x72;&#x67;<\/a> qui transmettra.<br>Veillez \u00e0 bien cocher la case oui ou non sur le bulletin d\u2019inscription selon que vous acceptez ou non. Dans le cas o\u00f9 aucune case n\u2019est coch\u00e9e, la r\u00e9ponse sera r\u00e9put\u00e9e n\u00e9gative. Si vous avez d\u00e9j\u00e0 transmis une photo pour le trombinoscope du Club ou pour un pr\u00e9c\u00e9dent s\u00e9jour, vous n\u2019avez pas besoin de renouveler l\u2019envoi, vous serez syst\u00e9matiquement mis sur le trombinoscope du s\u00e9jour.<\/p>\n\n\n\n<h2 class=\"wp-block-heading\">Autres activit\u00e9s ou visites<\/h2>\n\n\n\n<p><strong>Le \u201cHochkopf\u201d<\/strong><br>Avec ses 1263 m\u00e8tres d\u2019altitude, il permet par beau temps une vue d\u00e9gag\u00e9e du panorama alpin. Et<br>offre aux randonneurs et aux v\u00e9t\u00e9tistes divers itin\u00e9raires de diff\u00e9rents degr\u00e9s de difficult\u00e9 et est<br>entour\u00e9e de vall\u00e9es fleuries, de gorges sauvages et de douces cr\u00eates de montagne.<br>Les amateurs de sports d\u2019hiver peuvent faire du ski de fond ou des randonn\u00e9es en raquettes autour<br>du \u201cHochkopf\u201d. Avec jusqu\u2019\u00e0 60 cm de neige et des pistes de ski de fond magnifiquement situ\u00e9es,<br>Todtmoos offre des conditions id\u00e9ales, en particulier pour les familles.<\/p>\n\n\n\n<p><strong>Mus\u00e9e d\u2019histoire locale Heimethus<\/strong><br>Celui-ci est situ\u00e9 dans une maison typique de la For\u00eat Noire du 17\u00e8me si\u00e8cle.<br>Il raconte les conditions de travail et de vie \u00e0 Todtmoos, l\u2019artisanat, l\u2019agriculture, l\u2019extraction du<br>minerai, l\u2019histoire du p\u00e9l\u00e9rinage de Todtmoos, souvenirs de la station thermale \u2026.<\/p>\n\n\n\n<p><strong>la mine \u201cHoffnungsstollen\u201d<\/strong><br>La mine est mentionn\u00e9e pour la premi\u00e8re fois dans un document de 1798. On en a extrait jusqu\u2019en<br>1937 de la pyrrhotite et du nickel. La mine fut rouverte en 2000 pour servir de minemus\u00e9e.<br>L\u2019ensemble de la mine a \u00e9t\u00e9 am\u00e9nag\u00e9 pour tout public, la galerie est donc \u00e9galement accessible avec<br>poussette ou fauteuil roulant.<\/p>\n\n\n\n<p><strong>La cascade Todtmooser<\/strong><br>Sur le cours du R\u00fcttebach entre les districts de Todtmooser R\u00fctte et Hintertodtmoos, la chute s\u2019\u00e9tend<br>sur pr\u00e8s de 40 m\u00e8tres, la plus \u00e9lev\u00e9e \u00e0 une hauteur d\u2019environ sept m\u00e8tres.<\/p>\n\n\n\n<p><strong>Dans les environs<\/strong><\/p>\n\n\n\n<p><strong>Bernau<\/strong> : Mus\u00e9e Hans-Thoma (peintre allemand 1839-1924)<br>&nbsp; &nbsp; &nbsp; &nbsp; &nbsp; &nbsp; &nbsp; &nbsp; Resenhof, mus\u00e9e des sculpteurs sur bois et des agriculteurs.<\/p>\n\n\n\n<p><strong>St Blasien<\/strong> : Troisi\u00e8me plus grande \u00e9glise \u00e0 dome dans le monde.<br>Ancien couvent et \u00e9cole priv\u00e9e \u00ab Kolleg St Blasien \u00bb<\/p>\n\n\n\n<p><strong>Bad S\u00e4ckingen<\/strong> : Vielle ville historique \u2013 plus long pont couvert en bois d\u2019 Europe<\/p>\n\n\n\n<p><strong>Fribourg<\/strong> : Vielle ville de Fribourg avec ses c\u00e9l\u00e8bres B\u00e2chle (ruisseaux)<br>nombreux b\u00e2timents historiques.<\/p>\n\n\n\n<p><strong>Oberried<\/strong> : Parc \u00e0 gibier, luge d\u2019\u00e9t\u00e9.<\/p>\n\n\n\n<p><strong>Gutach<\/strong> : Mus\u00e9e en plein air \u00ab Vogtsbauernh\u00f6fe \u00bb vielles fermes typiques<br>les chapeaux \u00e0 pompons (Bollenhut) sont originaire de la r\u00e9gion.<\/p>\n\n\n\n<p><strong>Blumberg<\/strong> : \u00ab Sauschhw\u00e4nzlebahn \u00bb itin\u00e9raire ferroviaire de 25km avec des locomotives \u00e0 vapeur.<\/p>\n\n\n\n<h2 class=\"wp-block-heading\">Les avis des participants \u2013 verbatim de la liste de discussion<\/h2>\n\n\n\n<p>Le s\u00e9jour \u00e0&nbsp;Todtmoos&nbsp;s\u2019est parfaitement d\u00e9roul\u00e9. Bravo les GO et vivement le prochain \u00e0 Praz-sur-Arly !<\/p>\n\n\n\n<p>Mon compte rendu est \u00e0 l\u2019adresse suivante <a href=\"http:\/\/jmlevelo.fr\/cols\/cent_cols_todtmoos.html\" target=\"_blank\" rel=\"noreferrer noopener\">http:\/\/jmlevelo.fr\/cols\/cent_cols_todtmoos.html<\/a><\/p>\n\n\n\n<p><strong>Jean-Pierre MONZIE \u2013 CCC6596<\/strong><\/p>\n\n\n\n<hr class=\"wp-block-separator has-alpha-channel-opacity\"\/>\n\n\n\n<p>Ci joint le lien de mon album For\u00eat Noire. Merci encore aux organisateurs pour ce s\u00e9jour parfait !<\/p>\n\n\n\n<p><a href=\"https:\/\/photos.app.goo.gl\/THn3HaYt83cPiADY9\">https:\/\/photos.app.goo.gl\/THn3HaYt83cPiADY9<\/a><\/p>\n\n\n\n<p><strong>Fred Singla \u2013 CCC 5173<\/strong><\/p>\n\n\n\n<hr class=\"wp-block-separator has-alpha-channel-opacity\"\/>\n\n\n\n<p>C\u2019est quand on voit un tel magnifique reportage que l\u2019on se dit qu\u2019il ne faut pas manquer les rencontres CC o\u00f9 convivialit\u00e9, camaraderie et superbes d\u00e9couvertes sont la r\u00e8gle.<\/p>\n\n\n\n<p>Bravo Fred et merci pour ce beau travail de compilation de photos.<\/p>\n\n\n\n<p><strong>Jacques Bezzola \u2013 CC 3842&nbsp;<\/strong><\/p>\n\n\n\n<hr class=\"wp-block-separator has-alpha-channel-opacity\"\/>\n\n\n\n<p>Beaucoup de plaisir \u00e0 voir ce magnifique reportage , je viens de revivre de super moments avec vous les 22 et 23 mai .<\/p>\n\n\n\n<p>Merci Fred de nous faire partager cet excellent souvenir par de superbes photos comment\u00e9es.<\/p>\n\n\n\n<p><strong>Patrick Rossignol<\/strong><\/p>\n\n\n\n<hr class=\"wp-block-separator has-alpha-channel-opacity\"\/>\n\n\n\n<p>Avec Alain nous sommes revenus de notre s\u00e9jour d\u00e9cal\u00e9 de&nbsp;Todtmoos&nbsp;lundi soir et tenons \u00e0 f\u00e9liciter chaleureusement les organisateurs de ce s\u00e9jour, et en particulier Christophe et Jean-Luc.<\/p>\n\n\n\n<p>Gr\u00e2ce \u00e0 la combinaison entre les circuits route et VTT propos\u00e9s, nous avons pu faire la totalit\u00e9 des cols routiers, plus une bonne partie des cols VTT. Il est vrai que la superbe qualit\u00e9 des chemins et pistes permettent de les faire facilement en randonneuse ou en gravel ; et ce d\u2019autant que nous avons b\u00e9n\u00e9fici\u00e9 de tr\u00e8s belles journ\u00e9es du vendredi au lundi.<\/p>\n\n\n\n<p>Ce sont donc au total 80 cols nouveaux qui ont \u00e9t\u00e9 franchis, en 6 sorties, pour un total d\u2019environ 500 kilom\u00e8tres et 10.500 m de d\u00e9nivel\u00e9.<\/p>\n\n\n\n<p>Merci aussi \u00e0 Christophe pour la recommandation du Zimmerman Caf\u00e9 o\u00f9 nous avons pu b\u00e9n\u00e9ficier du tarif 100 cols pour les 3 d\u00eeners au Maien ; bravo.<\/p>\n\n\n\n<p>Nous gardons un super souvenir de ce s\u00e9jour et m\u00eame en 4 soir\u00e9es et 3 jours nous avons pu retrouver une bonne partie des amis et faire de nouvelles connaissances.<\/p>\n\n\n\n<p><strong>Alain et JF Gouhier<\/strong><\/p>\n\n\n\n<hr class=\"wp-block-separator has-alpha-channel-opacity\"\/>\n\n\n\n<p>Rentr\u00e9 hier de&nbsp;Todtmoos&nbsp;avec une bonne moisson de cols, je garderai un bon souvenir de ce s\u00e9jour : paysages magnifiques, pistes somptueuses et parcours alternant des pentes d\u00e9bonnaires et quelques mont\u00e9es s\u00e9v\u00e8res. H\u00f4tel (en tous cas le Waldwinkel) confortable avec des menus vari\u00e9s.<\/p>\n\n\n\n<p>Merci aux organisateurs et \u00e0 tous ceux qui ont particip\u00e9 au succ\u00e8s de ce s\u00e9jour.<\/p>\n\n\n\n<p>A bient\u00f4t \u00e0 Praz.<\/p>\n\n\n\n<p><strong>Beno\u00eet CLAIRE<\/strong><\/p>\n\n\n\n<hr class=\"wp-block-separator has-alpha-channel-opacity\"\/>\n\n\n\n<p>Un grand merci aux organisateurs du s\u00e9jour, supers parcours, beaux paysages, bonne ambiance, organisation au top et pour finir, la cerise sur le g\u00e2teau (For\u00eat Noire) la Planche des belles filles.<\/p>\n\n\n\n<p><strong>Bruno Vienet<\/strong><\/p>\n\n\n\n<hr class=\"wp-block-separator has-alpha-channel-opacity\"\/>\n\n\n\n<p>Un grand merci \u00e0 tous ceux qui ont contribu\u00e9 \u00e0 ce super s\u00e9jour en For\u00eat Noire, Christophe et Jean-Luc en&nbsp;particulier. Le staff bien s\u00fbr.<\/p>\n\n\n\n<p>Excellente ambiance, tr\u00e8s beaux parcours et organisation impeccable.<\/p>\n\n\n\n<p>Je remercie mes amis d\u2019Annecy avec lesquels j\u2019ai roul\u00e9 et partag\u00e9 de beaux moments chaleureux.<\/p>\n\n\n\n<p>Merci \u00e9galement \u00e0 l\u2019\u00e9quipe d\u2019Enrico et de Fred, Polo , Robert, Jean-Pierre, Jean-Yves, Bruno, Philippe de m\u2019avoir accept\u00e9 pour 2 circuits VTT . Le presque \u201cmiracul\u00e9\u201d s\u2019en est pas trop mal comport\u00e9 et \u00e7a me rassure pour l\u2019avenir.<\/p>\n\n\n\n<p>Polo, j\u2019ai conjur\u00e9 le mauvais sort qui s\u2019abattait sur moi. Prudence quand m\u00eame \u2026<\/p>\n\n\n\n<p>Je suis ravi de ce s\u00e9jour et au plaisir de se retrouver. Pour quelques uns sur le PBP \u2026<\/p>\n\n\n\n<p><strong>Patrick Rossignol<\/strong><\/p>\n\n\n\n<hr class=\"wp-block-separator has-alpha-channel-opacity\"\/>\n\n\n\n<p>C\u2019\u00e9tait le s\u00e9jour et pas la concentration, mais les circuits \u00e0 d\u00e9part d\u00e9port\u00e9, et les V1 et V2 ont fait fureur.<\/p>\n\n\n\n<p>Nous avons fait la R5 au pays de la Volkswagen, et le V6 au royaume du flat 6 !<\/p>\n\n\n\n<p>Tr\u00eave d\u2019humour plus ou moins douteux, voici les remerciements comme \u00e0 Cannes (Oliver) :<\/p>\n\n\n\n<p>\u2013 Sp\u00e9cial remerciement \u00e0 mon chauffeur Alain qui m\u2019a transport\u00e9 dans sa Benz (Kangoo en fait),<\/p>\n\n\n\n<p>\u2013 Et remerciements au Team Alain + Alain + Jacques + Claude pour sa grande patience \u00e0 mon \u00e9gard dans les mont\u00e9es.<\/p>\n\n\n\n<p>\u2013 Mes excuses \u00e0 ce m\u00eame team pour quelques \u00e9garements de ma part\u2026<\/p>\n\n\n\n<p>\u2013 Merci aux organisateurs et particuli\u00e8rement aux traceurs de ces magnifiques circuits.<\/p>\n\n\n\n<p>Der Schwarzwald ist wunderbar.<\/p>\n\n\n\n<p>Je reviendrai. (Ah fl\u00fbte \u00e7a c\u2019\u00e9tait dans le Pacifique)<\/p>\n\n\n\n<p><strong>Biki<\/strong><\/p>\n\n\n\n<hr class=\"wp-block-separator has-alpha-channel-opacity\"\/>\n\n\n\n<p>Une fois n\u2019est pas coutume, je me permets d\u2019intervenir sur la liste de diffusion simplement pour remercier les organisateurs des s\u00e9jours.<\/p>\n\n\n\n<p>C\u2019est toujours un r\u00e9el plaisir d\u2019y participer.&nbsp;A chaque fois, les retrouvailles sont chaleureuses et pleines de bonne humeur. De nouveaux liens se cr\u00e9ent\u2026<\/p>\n\n\n\n<p>Pour les \u00ab non-p\u00e9dalantes \u00bb dont je fais partie, ces s\u00e9jours permettent de conjuguer visites et randonn\u00e9es dans une ambiance sympathique et d\u00e9contract\u00e9e.<\/p>\n\n\n\n<p>Alors, encore une fois, un grand merci.<\/p>\n\n\n\n<p><strong>Monique Guillaud-Bachet.&nbsp;<\/strong><\/p>\n\n\n\n<hr class=\"wp-block-separator has-alpha-channel-opacity\"\/>\n\n\n\n<p>Noir c\u2019est noir\u2026\u2026<br>Humour noir<br>For\u00eat Noire<br>Ciel d\u2019encre (comme celui qui plane actuellement sur nos t\u00eates en AVIGNON)<\/p>\n\n\n\n<p>Heureusement&nbsp;Todtmoos, nous en a fait voir de toutes les couleurs.<br>Du soleil et 24 \/ 25\u00b0 ou du brouillard et 8\u00b0.<\/p>\n\n\n\n<p>Des routes plates avec grosse circulation ou foresti\u00e8res sans \u00e2mes qui vivent.Des mont\u00e9es raides \u00e0 4\/5 km\/h aux descentes \u00e0 80.<br>Des pourcentages de ouf fr\u00f4lant les 20% en mont\u00e9es comme en descente 30% (en caillasse de surcroit).<\/p>\n\n\n\n<p>Bref on en a eu pour tous les go\u00fbts.<\/p>\n\n\n\n<p>Des cols routiers aux cols muletiers (au total une soixantaine pour nous).<br>De beaux paysages reposants (vall\u00e9es, lacs et cascades\u2026) et toujours la m\u00eame convivialit\u00e9 que ce soit sur route ou autour d\u2019une pils bien fra\u00eeche.<\/p>\n\n\n\n<p>Vu la queue \u00e0 la caisse du supermarket, la bi\u00e8re va continuer de couler \u00e0 flot de part et d\u2019autre de l\u2019Hexagone.<\/p>\n\n\n\n<p>Merci encore \u00e0 tous les organisateurs et aux traceurs.<\/p>\n\n\n\n<p>Je viens de passer par Praz o\u00f9 je vous attends fin ao\u00fbt. Il y faisait 22\u00b0 \u00e0 9 h du matin et il y faisait grand beau. Croisons les doigts qu\u2019il en soit de m\u00eame lors de votre venue.<\/p>\n\n\n\n<p>J\u2019y retourne vendredi prochain pour quelques cols entre Sal\u00e8ve et Gli\u00e8res. Donc si vous nous croisez, on sera ravis de faire un bout de route avec vous.<\/p>\n\n\n\n<p><strong>Didier REMOND \u2013 DT01<\/strong><\/p>\n\n\n\n<hr class=\"wp-block-separator has-alpha-channel-opacity\"\/>\n\n\n\n<p>Bien rentr\u00e9, ce dimanche, en Lot et Garonne avec une temp\u00e9rature de 28\u00b0 et un bel orage pour arroser le jardin.<\/p>\n\n\n\n<p>Beau s\u00e9jour, pas toujours estival, mais sans se mouiller gr\u00e2ce aux m\u00e9t\u00e9orologues de notre \u00e9quipe.<\/p>\n\n\n\n<p>Merci aux organisateurs et \u00e0 Christophe qui m\u2019a pr\u00eat\u00e9 son \u201cgravel\u201d pour parcourir le R3 am\u00e9lior\u00e9.<\/p>\n\n\n\n<p>81 cols sur le s\u00e9jour + 15 en dehors du s\u00e9jour \u00e0 la Planche des Belles Filles en particulier.<\/p>\n\n\n\n<p>A bient\u00f4t sur d\u2019autres s\u00e9jours (Bernardini, BCMF des Vosges du Sud, Praz-sur Arly).<\/p>\n\n\n\n<p><strong>Le Y\u00e9ti (certains comprendrons) Serge POLLONI<\/strong><\/p>\n\n\n\n<hr class=\"wp-block-separator has-alpha-channel-opacity\"\/>\n\n\n\n<p><a href=\"https:\/\/centcols.org\/concentration-confrerie-des-100-cols-en-foret-noire\/\" target=\"_blank\" rel=\"noreferrer noopener\">Mon reportage Todtmoos<\/a><\/p>\n\n\n\n<p><strong>J. Collaudin<\/strong><\/p>\n","protected":false},"excerpt":{"rendered":"<p>Pour la premi\u00e8re fois, le Club organise un s\u00e9jour en Allemagne. Nous s\u00e9journerons \u00e0 Todtmoos, commune du Bade-Wurtenberg\u00a0 situ\u00e9e dans la For\u00eat Noire. Les circuits seront r\u00e9partis tout autour de cette base. Ils n\u00e9cessiteront quelques mises en place en voiture de quelques dizaines de minutes sauf pour l&rsquo;un d&rsquo;entre eux (50 minutes).<\/p>\n<p>Todtmoos es un para\u00edso para caminantes n\u00f3rdicos, excursionistas y ciclistas de monta\u00f1a, con numerosas rutas de senderismo que conducen a magn\u00edficos miradores.<\/p>","protected":false},"author":64,"featured_media":83252,"comment_status":"closed","ping_status":"open","sticky":false,"template":"","format":"standard","meta":{"_acf_changed":false,"footnotes":""},"categories":[359,135,401,375,231],"tags":[],"class_list":["post-82382","post","type-post","status-publish","format-standard","has-post-thumbnail","hentry","category-allemagne-pays-sejours","category-calendrier","category-bade-wutrenberg","category-foret-noire-massif-sejours","category-sejours"],"acf":[],"yoast_head":"<!-- This site is optimized with the Yoast SEO plugin v27.2 - https:\/\/yoast.com\/product\/yoast-seo-wordpress\/ -->\n<title>S\u00e9jour de printemps \u00e0 Todtmoos (For\u00eat Noire) du 19 au 26 mai 2023 - Club des Cent Cols<\/title>\n<meta name=\"robots\" content=\"index, follow, max-snippet:-1, max-image-preview:large, max-video-preview:-1\" \/>\n<link rel=\"canonical\" href=\"https:\/\/centcols.org\/es\/estancia-2023-todtmoos\/\" \/>\n<meta property=\"og:locale\" content=\"es_ES\" \/>\n<meta property=\"og:type\" content=\"article\" \/>\n<meta property=\"og:title\" content=\"S\u00e9jour de printemps \u00e0 Todtmoos (For\u00eat Noire) du 19 au 26 mai 2023 - Club des Cent Cols\" \/>\n<meta property=\"og:description\" content=\"Pour la premi\u00e8re fois, le Club organise un s\u00e9jour en Allemagne. Nous s\u00e9journerons \u00e0 Todtmoos, commune du Bade-Wurtenberg\u00a0 situ\u00e9e dans la For\u00eat Noire. Les circuits seront r\u00e9partis tout autour de cette base. Ils n\u00e9cessiteront quelques mises en place en voiture de quelques dizaines de minutes sauf pour l&#039;un d&#039;entre eux (50 minutes). Todtmoos est le paradis des adeptes de marche nordique, des randonneurs et des v\u00e9t\u00e9tistes gr\u00e2ce \u00e0 de nombreux sentiers de randonn\u00e9e menant \u00e0 de magnifiques points de vue.\" \/>\n<meta property=\"og:url\" content=\"https:\/\/centcols.org\/es\/estancia-2023-todtmoos\/\" \/>\n<meta property=\"og:site_name\" content=\"Club des Cent Cols\" \/>\n<meta property=\"article:publisher\" content=\"https:\/\/www.facebook.com\/groups\/5261880558\/?locale=fr_FR\" \/>\n<meta property=\"article:published_time\" content=\"2022-10-27T19:23:25+00:00\" \/>\n<meta property=\"article:modified_time\" content=\"2025-08-27T17:00:37+00:00\" \/>\n<meta property=\"og:image\" content=\"https:\/\/centcols.org\/wp-content\/uploads\/2022\/10\/todtmoos01r.jpg\" \/>\n\t<meta property=\"og:image:width\" content=\"1600\" \/>\n\t<meta property=\"og:image:height\" content=\"900\" \/>\n\t<meta property=\"og:image:type\" content=\"image\/jpeg\" \/>\n<meta name=\"author\" content=\"Christophe Badonnel\" \/>\n<meta name=\"twitter:card\" content=\"summary_large_image\" \/>\n<meta name=\"twitter:label1\" content=\"Escrito por\" \/>\n\t<meta name=\"twitter:data1\" content=\"Christophe Badonnel\" \/>\n\t<meta name=\"twitter:label2\" content=\"Tiempo de lectura\" \/>\n\t<meta name=\"twitter:data2\" content=\"16 minutos\" \/>\n<script type=\"application\/ld+json\" class=\"yoast-schema-graph\">{\"@context\":\"https:\/\/schema.org\",\"@graph\":[{\"@type\":\"Article\",\"@id\":\"https:\/\/centcols.org\/sejour-2023-todtmoos\/#article\",\"isPartOf\":{\"@id\":\"https:\/\/centcols.org\/sejour-2023-todtmoos\/\"},\"author\":{\"name\":\"Christophe Badonnel\",\"@id\":\"https:\/\/centcols.org\/#\/schema\/person\/5c1a9d61132fb33ccec149272abff6e1\"},\"headline\":\"S\u00e9jour de printemps \u00e0 Todtmoos (For\u00eat Noire) du 19 au 26 mai 2023\",\"datePublished\":\"2022-10-27T19:23:25+00:00\",\"dateModified\":\"2025-08-27T17:00:37+00:00\",\"mainEntityOfPage\":{\"@id\":\"https:\/\/centcols.org\/sejour-2023-todtmoos\/\"},\"wordCount\":3186,\"publisher\":{\"@id\":\"https:\/\/centcols.org\/#organization\"},\"image\":{\"@id\":\"https:\/\/centcols.org\/sejour-2023-todtmoos\/#primaryimage\"},\"thumbnailUrl\":\"https:\/\/centcols.org\/wp-content\/uploads\/2022\/10\/todtmoos01r.jpg\",\"articleSection\":[\"Allemagne\",\"Calendrier\",\"Bade-Wurtemberg\",\"For\u00eat-Noire\",\"S\u00e9jours du Club des Cent Cols\"],\"inLanguage\":\"es\"},{\"@type\":\"WebPage\",\"@id\":\"https:\/\/centcols.org\/sejour-2023-todtmoos\/\",\"url\":\"https:\/\/centcols.org\/sejour-2023-todtmoos\/\",\"name\":\"S\u00e9jour de printemps \u00e0 Todtmoos (For\u00eat Noire) du 19 au 26 mai 2023 - Club des Cent Cols\",\"isPartOf\":{\"@id\":\"https:\/\/centcols.org\/#website\"},\"primaryImageOfPage\":{\"@id\":\"https:\/\/centcols.org\/sejour-2023-todtmoos\/#primaryimage\"},\"image\":{\"@id\":\"https:\/\/centcols.org\/sejour-2023-todtmoos\/#primaryimage\"},\"thumbnailUrl\":\"https:\/\/centcols.org\/wp-content\/uploads\/2022\/10\/todtmoos01r.jpg\",\"datePublished\":\"2022-10-27T19:23:25+00:00\",\"dateModified\":\"2025-08-27T17:00:37+00:00\",\"breadcrumb\":{\"@id\":\"https:\/\/centcols.org\/sejour-2023-todtmoos\/#breadcrumb\"},\"inLanguage\":\"es\",\"potentialAction\":[{\"@type\":\"ReadAction\",\"target\":[\"https:\/\/centcols.org\/sejour-2023-todtmoos\/\"]}]},{\"@type\":\"ImageObject\",\"inLanguage\":\"es\",\"@id\":\"https:\/\/centcols.org\/sejour-2023-todtmoos\/#primaryimage\",\"url\":\"https:\/\/centcols.org\/wp-content\/uploads\/2022\/10\/todtmoos01r.jpg\",\"contentUrl\":\"https:\/\/centcols.org\/wp-content\/uploads\/2022\/10\/todtmoos01r.jpg\",\"width\":1600,\"height\":900},{\"@type\":\"BreadcrumbList\",\"@id\":\"https:\/\/centcols.org\/sejour-2023-todtmoos\/#breadcrumb\",\"itemListElement\":[{\"@type\":\"ListItem\",\"position\":1,\"name\":\"Accueil\",\"item\":\"https:\/\/centcols.org\/\"},{\"@type\":\"ListItem\",\"position\":2,\"name\":\"S\u00e9jours du Club des Cent Cols\",\"item\":\"https:\/\/centcols.org\/rubrique\/sejours\/\"},{\"@type\":\"ListItem\",\"position\":3,\"name\":\"Pays\",\"item\":\"https:\/\/centcols.org\/rubrique\/sejours\/pays-sejours\/\"},{\"@type\":\"ListItem\",\"position\":4,\"name\":\"Allemagne\",\"item\":\"https:\/\/centcols.org\/rubrique\/sejours\/pays-sejours\/allemagne-pays-sejours\/\"},{\"@type\":\"ListItem\",\"position\":5,\"name\":\"S\u00e9jour de printemps \u00e0 Todtmoos (For\u00eat Noire) du 19 au 26 mai 2023\"}]},{\"@type\":\"WebSite\",\"@id\":\"https:\/\/centcols.org\/#website\",\"url\":\"https:\/\/centcols.org\/\",\"name\":\"Club des Cent Cols\",\"description\":\"\",\"publisher\":{\"@id\":\"https:\/\/centcols.org\/#organization\"},\"potentialAction\":[{\"@type\":\"SearchAction\",\"target\":{\"@type\":\"EntryPoint\",\"urlTemplate\":\"https:\/\/centcols.org\/?s={search_term_string}\"},\"query-input\":{\"@type\":\"PropertyValueSpecification\",\"valueRequired\":true,\"valueName\":\"search_term_string\"}}],\"inLanguage\":\"es\"},{\"@type\":\"Organization\",\"@id\":\"https:\/\/centcols.org\/#organization\",\"name\":\"Club des Cent Cols\",\"url\":\"https:\/\/centcols.org\/\",\"logo\":{\"@type\":\"ImageObject\",\"inLanguage\":\"es\",\"@id\":\"https:\/\/centcols.org\/#\/schema\/logo\/image\/\",\"url\":\"https:\/\/centcols.org\/wp-content\/uploads\/2025\/01\/carte-icone.png\",\"contentUrl\":\"https:\/\/centcols.org\/wp-content\/uploads\/2025\/01\/carte-icone.png\",\"width\":250,\"height\":250,\"caption\":\"Club des Cent Cols\"},\"image\":{\"@id\":\"https:\/\/centcols.org\/#\/schema\/logo\/image\/\"},\"sameAs\":[\"https:\/\/www.facebook.com\/groups\/5261880558\/?locale=fr_FR\"]},{\"@type\":\"Person\",\"@id\":\"https:\/\/centcols.org\/#\/schema\/person\/5c1a9d61132fb33ccec149272abff6e1\",\"name\":\"Christophe Badonnel\",\"image\":{\"@type\":\"ImageObject\",\"inLanguage\":\"es\",\"@id\":\"https:\/\/centcols.org\/wp-content\/litespeed\/avatar\/9f363966b51271bd99ebbb6ebd632889.jpg?ver=1777238111\",\"url\":\"https:\/\/centcols.org\/wp-content\/litespeed\/avatar\/9f363966b51271bd99ebbb6ebd632889.jpg?ver=1777238111\",\"contentUrl\":\"https:\/\/centcols.org\/wp-content\/litespeed\/avatar\/9f363966b51271bd99ebbb6ebd632889.jpg?ver=1777238111\",\"caption\":\"Christophe Badonnel\"},\"url\":\"https:\/\/centcols.org\/es\/author\/5799\/\"}]}<\/script>\n<!-- \/ Yoast SEO plugin. -->","yoast_head_json":{"title":"Vacaciones de primavera en Todtmoos (Selva Negra) del 19 al 26 de mayo de 2023 - Club des Cent Cols","robots":{"index":"index","follow":"follow","max-snippet":"max-snippet:-1","max-image-preview":"max-image-preview:large","max-video-preview":"max-video-preview:-1"},"canonical":"https:\/\/centcols.org\/es\/estancia-2023-todtmoos\/","og_locale":"es_ES","og_type":"article","og_title":"S\u00e9jour de printemps \u00e0 Todtmoos (For\u00eat Noire) du 19 au 26 mai 2023 - Club des Cent Cols","og_description":"Pour la premi\u00e8re fois, le Club organise un s\u00e9jour en Allemagne. Nous s\u00e9journerons \u00e0 Todtmoos, commune du Bade-Wurtenberg\u00a0 situ\u00e9e dans la For\u00eat Noire. Les circuits seront r\u00e9partis tout autour de cette base. Ils n\u00e9cessiteront quelques mises en place en voiture de quelques dizaines de minutes sauf pour l'un d'entre eux (50 minutes). Todtmoos est le paradis des adeptes de marche nordique, des randonneurs et des v\u00e9t\u00e9tistes gr\u00e2ce \u00e0 de nombreux sentiers de randonn\u00e9e menant \u00e0 de magnifiques points de vue.","og_url":"https:\/\/centcols.org\/es\/estancia-2023-todtmoos\/","og_site_name":"Club des Cent Cols","article_publisher":"https:\/\/www.facebook.com\/groups\/5261880558\/?locale=fr_FR","article_published_time":"2022-10-27T19:23:25+00:00","article_modified_time":"2025-08-27T17:00:37+00:00","og_image":[{"width":1600,"height":900,"url":"https:\/\/centcols.org\/wp-content\/uploads\/2022\/10\/todtmoos01r.jpg","type":"image\/jpeg"}],"author":"Christophe Badonnel","twitter_card":"summary_large_image","twitter_misc":{"Escrito por":"Christophe Badonnel","Tiempo de lectura":"16 minutos"},"schema":{"@context":"https:\/\/schema.org","@graph":[{"@type":"Article","@id":"https:\/\/centcols.org\/sejour-2023-todtmoos\/#article","isPartOf":{"@id":"https:\/\/centcols.org\/sejour-2023-todtmoos\/"},"author":{"name":"Christophe Badonnel","@id":"https:\/\/centcols.org\/#\/schema\/person\/5c1a9d61132fb33ccec149272abff6e1"},"headline":"S\u00e9jour de printemps \u00e0 Todtmoos (For\u00eat Noire) du 19 au 26 mai 2023","datePublished":"2022-10-27T19:23:25+00:00","dateModified":"2025-08-27T17:00:37+00:00","mainEntityOfPage":{"@id":"https:\/\/centcols.org\/sejour-2023-todtmoos\/"},"wordCount":3186,"publisher":{"@id":"https:\/\/centcols.org\/#organization"},"image":{"@id":"https:\/\/centcols.org\/sejour-2023-todtmoos\/#primaryimage"},"thumbnailUrl":"https:\/\/centcols.org\/wp-content\/uploads\/2022\/10\/todtmoos01r.jpg","articleSection":["Allemagne","Calendrier","Bade-Wurtemberg","For\u00eat-Noire","S\u00e9jours du Club des Cent Cols"],"inLanguage":"es"},{"@type":"WebPage","@id":"https:\/\/centcols.org\/sejour-2023-todtmoos\/","url":"https:\/\/centcols.org\/sejour-2023-todtmoos\/","name":"Vacaciones de primavera en Todtmoos (Selva Negra) del 19 al 26 de mayo de 2023 - Club des Cent Cols","isPartOf":{"@id":"https:\/\/centcols.org\/#website"},"primaryImageOfPage":{"@id":"https:\/\/centcols.org\/sejour-2023-todtmoos\/#primaryimage"},"image":{"@id":"https:\/\/centcols.org\/sejour-2023-todtmoos\/#primaryimage"},"thumbnailUrl":"https:\/\/centcols.org\/wp-content\/uploads\/2022\/10\/todtmoos01r.jpg","datePublished":"2022-10-27T19:23:25+00:00","dateModified":"2025-08-27T17:00:37+00:00","breadcrumb":{"@id":"https:\/\/centcols.org\/sejour-2023-todtmoos\/#breadcrumb"},"inLanguage":"es","potentialAction":[{"@type":"ReadAction","target":["https:\/\/centcols.org\/sejour-2023-todtmoos\/"]}]},{"@type":"ImageObject","inLanguage":"es","@id":"https:\/\/centcols.org\/sejour-2023-todtmoos\/#primaryimage","url":"https:\/\/centcols.org\/wp-content\/uploads\/2022\/10\/todtmoos01r.jpg","contentUrl":"https:\/\/centcols.org\/wp-content\/uploads\/2022\/10\/todtmoos01r.jpg","width":1600,"height":900},{"@type":"BreadcrumbList","@id":"https:\/\/centcols.org\/sejour-2023-todtmoos\/#breadcrumb","itemListElement":[{"@type":"ListItem","position":1,"name":"Accueil","item":"https:\/\/centcols.org\/"},{"@type":"ListItem","position":2,"name":"S\u00e9jours du Club des Cent Cols","item":"https:\/\/centcols.org\/rubrique\/sejours\/"},{"@type":"ListItem","position":3,"name":"Pays","item":"https:\/\/centcols.org\/rubrique\/sejours\/pays-sejours\/"},{"@type":"ListItem","position":4,"name":"Allemagne","item":"https:\/\/centcols.org\/rubrique\/sejours\/pays-sejours\/allemagne-pays-sejours\/"},{"@type":"ListItem","position":5,"name":"S\u00e9jour de printemps \u00e0 Todtmoos (For\u00eat Noire) du 19 au 26 mai 2023"}]},{"@type":"WebSite","@id":"https:\/\/centcols.org\/#website","url":"https:\/\/centcols.org\/","name":"Club des Cent Cols","description":"","publisher":{"@id":"https:\/\/centcols.org\/#organization"},"potentialAction":[{"@type":"SearchAction","target":{"@type":"EntryPoint","urlTemplate":"https:\/\/centcols.org\/?s={search_term_string}"},"query-input":{"@type":"PropertyValueSpecification","valueRequired":true,"valueName":"search_term_string"}}],"inLanguage":"es"},{"@type":"Organization","@id":"https:\/\/centcols.org\/#organization","name":"Club des Cent Cols","url":"https:\/\/centcols.org\/","logo":{"@type":"ImageObject","inLanguage":"es","@id":"https:\/\/centcols.org\/#\/schema\/logo\/image\/","url":"https:\/\/centcols.org\/wp-content\/uploads\/2025\/01\/carte-icone.png","contentUrl":"https:\/\/centcols.org\/wp-content\/uploads\/2025\/01\/carte-icone.png","width":250,"height":250,"caption":"Club des Cent Cols"},"image":{"@id":"https:\/\/centcols.org\/#\/schema\/logo\/image\/"},"sameAs":["https:\/\/www.facebook.com\/groups\/5261880558\/?locale=fr_FR"]},{"@type":"Person","@id":"https:\/\/centcols.org\/#\/schema\/person\/5c1a9d61132fb33ccec149272abff6e1","name":"Christophe Badonnel","image":{"@type":"ImageObject","inLanguage":"es","@id":"https:\/\/centcols.org\/wp-content\/litespeed\/avatar\/9f363966b51271bd99ebbb6ebd632889.jpg?ver=1777238111","url":"https:\/\/centcols.org\/wp-content\/litespeed\/avatar\/9f363966b51271bd99ebbb6ebd632889.jpg?ver=1777238111","contentUrl":"https:\/\/centcols.org\/wp-content\/litespeed\/avatar\/9f363966b51271bd99ebbb6ebd632889.jpg?ver=1777238111","caption":"Christophe Badonnel"},"url":"https:\/\/centcols.org\/es\/author\/5799\/"}]}},"_links":{"self":[{"href":"https:\/\/centcols.org\/es\/wp-json\/wp\/v2\/posts\/82382","targetHints":{"allow":["GET"]}}],"collection":[{"href":"https:\/\/centcols.org\/es\/wp-json\/wp\/v2\/posts"}],"about":[{"href":"https:\/\/centcols.org\/es\/wp-json\/wp\/v2\/types\/post"}],"author":[{"embeddable":true,"href":"https:\/\/centcols.org\/es\/wp-json\/wp\/v2\/users\/64"}],"replies":[{"embeddable":true,"href":"https:\/\/centcols.org\/es\/wp-json\/wp\/v2\/comments?post=82382"}],"version-history":[{"count":0,"href":"https:\/\/centcols.org\/es\/wp-json\/wp\/v2\/posts\/82382\/revisions"}],"wp:featuredmedia":[{"embeddable":true,"href":"https:\/\/centcols.org\/es\/wp-json\/wp\/v2\/media\/83252"}],"wp:attachment":[{"href":"https:\/\/centcols.org\/es\/wp-json\/wp\/v2\/media?parent=82382"}],"wp:term":[{"taxonomy":"category","embeddable":true,"href":"https:\/\/centcols.org\/es\/wp-json\/wp\/v2\/categories?post=82382"},{"taxonomy":"post_tag","embeddable":true,"href":"https:\/\/centcols.org\/es\/wp-json\/wp\/v2\/tags?post=82382"}],"curies":[{"name":"wp","href":"https:\/\/api.w.org\/{rel}","templated":true}]}}