{"id":82390,"date":"2022-11-22T14:02:00","date_gmt":"2022-11-22T12:02:00","guid":{"rendered":"https:\/\/centcols.org\/montbenoit-france-sortie-route-samedi-15-juillet-2023\/"},"modified":"2025-09-13T13:15:16","modified_gmt":"2025-09-13T11:15:16","slug":"jura-2023-montbenoit","status":"publish","type":"post","link":"https:\/\/centcols.org\/es\/jura-2023-montbenoit\/","title":{"rendered":"Montbenoit (Francia), salida de carretera, s\u00e1bado 15 de julio de 2023"},"content":{"rendered":"<div class=\"wp-block-columns is-layout-flex wp-container-core-columns-is-layout-9d6595d7 wp-block-columns-is-layout-flex\">\n<div class=\"wp-block-column is-layout-flow wp-block-column-is-layout-flow\">\n<p>Salida de Montbenoit (Francia)<\/p>\n\n\n\n<p>Nos reuniremos en el aparcamiento de la iglesia a las 9.30 para tomar un caf\u00e9, <strong>salida a las 10.00 h.<\/strong><\/p>\n\n\n\n<p>57 km, 1100 de ascenso, 4 puertos: <br>Col du Tonet FR-25-0960, <br>Col des Ages FFR-25-0787,<br>Col d'Abondance FR-25-0891a, <br>Col sur le Mont FR-25-0963.<\/p>\n\n\n\n<h4 class=\"wp-block-heading\">La excursi\u00f3n s\u00f3lo tiene lugar cuando hace buen tiempo.<br><\/h4>\n\n\n\n<figure class=\"wp-block-image size-full is-style-default\"><img loading=\"lazy\" decoding=\"async\" width=\"463\" height=\"350\" src=\"https:\/\/centcols.org\/wp-content\/uploads\/2025\/05\/image-2-3.png\" alt=\"\" class=\"wp-image-82391\"\/><\/figure>\n\n\n\n<h4 class=\"wp-block-heading\">P\u00f3ngase en contacto con<\/h4>\n\n\n\n<p>Christian Binggeli, Chemin du Jura 1. 1135 Denens.<\/p>\n\n\n\n<p>Tel: (0041) 021 801 01 75 M\u00f3vil: 0041 078 723 11 33&nbsp;&nbsp;&nbsp; <\/p>\n\n\n\n<p>Email : c&amp;&#x74;&#98;i&#x6e;&#103;&#103;&#x65;&#x6c;&#105;&#64;&#x62;&#108;u&#x65;&#x77;&#105;n&#x2e;&#99;h<\/p>\n<\/div>\n\n\n\n<div class=\"wp-block-column is-layout-flow wp-block-column-is-layout-flow\">\n<h2 class=\"wp-block-heading\">Actas<\/h2>\n\n\n\n<p>18 participantes, 5 de ellos franceses.<\/p>\n\n\n\n<p>Sol y calor para un caf\u00e9 r\u00e1pido antes de partir bajo el imponente campanario de la abad\u00eda de Montbenoit.<\/p>\n\n\n\n<p>57 km, 4 puertos por carreteras bonitas, sin tr\u00e1fico pero muy accidentadas.<\/p>\n\n\n\n<p>A la vuelta, Christine y Jean-Yves Morard nos ofrecieron pan, queso y salchichas, Claude nos ofreci\u00f3 Clairette y Jean-Marc Bittel, que celebraba su jubilaci\u00f3n, nos ofreci\u00f3 una excelente bebida (Porte de Novembre).<\/p>\n\n\n\n<p><strong>Pierre Mai<\/strong><\/p>\n\n\n\n<h2 class=\"wp-block-heading\">Fotos<\/h2>\n\n\n\n<p>Fotos de Michel Boni<\/p>\n\n\n\n<p><a href=\"https:\/\/photos.app.goo.gl\/pzgxSS8grkHNYVUV8\">https:\/\/photos.app.goo.gl\/pzgxSS8grkHNYVUV8<\/a><\/p>\n\n\n\n<p>Fotos de Pierre Mai<\/p>\n\n\n\n<p><a href=\"https:\/\/photos.app.goo.gl\/yQZrt6fUyN31xVrQ6\">https:\/\/photos.app.goo.gl\/yQZrt6fUyN31xVrQ6<\/a><\/p>\n\n\n\n<p>Fotos de Christian Binggeli<\/p>\n\n\n\n<p><a href=\"https:\/\/photos.app.goo.gl\/neQsXLqAr6e8DfH18\">https:\/\/photos.app.goo.gl\/neQsXLqAr6e8DfH18<\/a><\/p>\n<\/div>\n<\/div>","protected":false},"excerpt":{"rendered":"<p>D\u00e9part&nbsp;de Montbenoit (France) Rendez-vous&nbsp;: parking de l\u2019\u00e9glise \u00e0 9h30 pour le caf\u00e9, d\u00e9part \u00e0 10h00. 57 km, 1100 de d\u00e9nivel\u00e9, 4 cols&nbsp;: Col du Tonet FR-25-0960, Col des Ages FFR-25-0787,Col d\u2019Abondance FR-25-0891a, Col sur le Mont FR-25-0963. La sortie n\u2019a lieu que par beau temps. Contact Christian Binggeli, Chemin du Jura 1. 1135 Denens. T\u00e9l&nbsp;: [&hellip;]<\/p>\n","protected":false},"author":58,"featured_media":82391,"comment_status":"open","ping_status":"open","sticky":false,"template":"","format":"standard","meta":{"_acf_changed":false,"footnotes":""},"categories":[293,135,216],"tags":[],"class_list":["post-82390","post","type-post","status-publish","format-standard","has-post-thumbnail","hentry","category-les-rassemblements-de-2023","category-calendrier","category-rencontres-regionales"],"acf":[],"yoast_head":"<!-- This site is optimized with the Yoast SEO plugin v27.2 - https:\/\/yoast.com\/product\/yoast-seo-wordpress\/ -->\n<title>Montbenoit (France), sortie route, samedi 15 juillet 2023 - Club des Cent Cols<\/title>\n<meta name=\"robots\" content=\"index, follow, max-snippet:-1, max-image-preview:large, max-video-preview:-1\" \/>\n<link rel=\"canonical\" href=\"https:\/\/centcols.org\/es\/jura-2023-montbenoit\/\" \/>\n<meta property=\"og:locale\" content=\"es_ES\" \/>\n<meta property=\"og:type\" content=\"article\" \/>\n<meta property=\"og:title\" content=\"Montbenoit (France), sortie route, samedi 15 juillet 2023 - Club des Cent Cols\" \/>\n<meta property=\"og:description\" content=\"D\u00e9part&nbsp;de Montbenoit (France) Rendez-vous&nbsp;: parking de l\u2019\u00e9glise \u00e0 9h30 pour le caf\u00e9, d\u00e9part \u00e0 10h00. 57 km, 1100 de d\u00e9nivel\u00e9, 4 cols&nbsp;: Col du Tonet FR-25-0960, Col des Ages FFR-25-0787,Col d\u2019Abondance FR-25-0891a, Col sur le Mont FR-25-0963. La sortie n\u2019a lieu que par beau temps. Contact Christian Binggeli, Chemin du Jura 1. 1135 Denens. T\u00e9l&nbsp;: [&hellip;]\" \/>\n<meta property=\"og:url\" content=\"https:\/\/centcols.org\/es\/jura-2023-montbenoit\/\" \/>\n<meta property=\"og:site_name\" content=\"Club des Cent Cols\" \/>\n<meta property=\"article:publisher\" content=\"https:\/\/www.facebook.com\/groups\/5261880558\/?locale=fr_FR\" \/>\n<meta property=\"article:published_time\" content=\"2022-11-22T12:02:00+00:00\" \/>\n<meta property=\"article:modified_time\" content=\"2025-09-13T11:15:16+00:00\" \/>\n<meta property=\"og:image\" content=\"https:\/\/centcols.org\/wp-content\/uploads\/2025\/05\/image-2-3.png\" \/>\n\t<meta property=\"og:image:width\" content=\"463\" \/>\n\t<meta property=\"og:image:height\" content=\"350\" \/>\n\t<meta property=\"og:image:type\" content=\"image\/png\" \/>\n<meta name=\"author\" content=\"Enrico Alberini\" \/>\n<meta name=\"twitter:card\" content=\"summary_large_image\" \/>\n<meta name=\"twitter:label1\" content=\"Escrito por\" \/>\n\t<meta name=\"twitter:data1\" content=\"Enrico Alberini\" \/>\n\t<meta name=\"twitter:label2\" content=\"Tiempo de lectura\" \/>\n\t<meta name=\"twitter:data2\" content=\"2 minutos\" \/>\n<script type=\"application\/ld+json\" class=\"yoast-schema-graph\">{\"@context\":\"https:\/\/schema.org\",\"@graph\":[{\"@type\":\"Article\",\"@id\":\"https:\/\/centcols.org\/jura-2023-montbenoit\/#article\",\"isPartOf\":{\"@id\":\"https:\/\/centcols.org\/jura-2023-montbenoit\/\"},\"author\":{\"name\":\"Enrico Alberini\",\"@id\":\"https:\/\/centcols.org\/#\/schema\/person\/86c3ec6889d88501a29fccac614bebf8\"},\"headline\":\"Montbenoit (France), sortie route, samedi 15 juillet 2023\",\"datePublished\":\"2022-11-22T12:02:00+00:00\",\"dateModified\":\"2025-09-13T11:15:16+00:00\",\"mainEntityOfPage\":{\"@id\":\"https:\/\/centcols.org\/jura-2023-montbenoit\/\"},\"wordCount\":198,\"commentCount\":0,\"publisher\":{\"@id\":\"https:\/\/centcols.org\/#organization\"},\"image\":{\"@id\":\"https:\/\/centcols.org\/jura-2023-montbenoit\/#primaryimage\"},\"thumbnailUrl\":\"https:\/\/centcols.org\/wp-content\/uploads\/2025\/05\/image-2-3.png\",\"articleSection\":[\"2023-rassemblements\",\"Calendrier\",\"Rencontres r\u00e9gionales\"],\"inLanguage\":\"es\",\"potentialAction\":[{\"@type\":\"CommentAction\",\"name\":\"Comment\",\"target\":[\"https:\/\/centcols.org\/jura-2023-montbenoit\/#respond\"]}]},{\"@type\":\"WebPage\",\"@id\":\"https:\/\/centcols.org\/jura-2023-montbenoit\/\",\"url\":\"https:\/\/centcols.org\/jura-2023-montbenoit\/\",\"name\":\"Montbenoit (France), sortie route, samedi 15 juillet 2023 - Club des Cent Cols\",\"isPartOf\":{\"@id\":\"https:\/\/centcols.org\/#website\"},\"primaryImageOfPage\":{\"@id\":\"https:\/\/centcols.org\/jura-2023-montbenoit\/#primaryimage\"},\"image\":{\"@id\":\"https:\/\/centcols.org\/jura-2023-montbenoit\/#primaryimage\"},\"thumbnailUrl\":\"https:\/\/centcols.org\/wp-content\/uploads\/2025\/05\/image-2-3.png\",\"datePublished\":\"2022-11-22T12:02:00+00:00\",\"dateModified\":\"2025-09-13T11:15:16+00:00\",\"breadcrumb\":{\"@id\":\"https:\/\/centcols.org\/jura-2023-montbenoit\/#breadcrumb\"},\"inLanguage\":\"es\",\"potentialAction\":[{\"@type\":\"ReadAction\",\"target\":[\"https:\/\/centcols.org\/jura-2023-montbenoit\/\"]}]},{\"@type\":\"ImageObject\",\"inLanguage\":\"es\",\"@id\":\"https:\/\/centcols.org\/jura-2023-montbenoit\/#primaryimage\",\"url\":\"https:\/\/centcols.org\/wp-content\/uploads\/2025\/05\/image-2-3.png\",\"contentUrl\":\"https:\/\/centcols.org\/wp-content\/uploads\/2025\/05\/image-2-3.png\",\"width\":463,\"height\":350},{\"@type\":\"BreadcrumbList\",\"@id\":\"https:\/\/centcols.org\/jura-2023-montbenoit\/#breadcrumb\",\"itemListElement\":[{\"@type\":\"ListItem\",\"position\":1,\"name\":\"Accueil\",\"item\":\"https:\/\/centcols.org\/\"},{\"@type\":\"ListItem\",\"position\":2,\"name\":\"Rencontres r\u00e9gionales\",\"item\":\"https:\/\/centcols.org\/rubrique\/rencontres-regionales\/\"},{\"@type\":\"ListItem\",\"position\":3,\"name\":\"Montbenoit (France), sortie route, samedi 15 juillet 2023\"}]},{\"@type\":\"WebSite\",\"@id\":\"https:\/\/centcols.org\/#website\",\"url\":\"https:\/\/centcols.org\/\",\"name\":\"Club des Cent Cols\",\"description\":\"\",\"publisher\":{\"@id\":\"https:\/\/centcols.org\/#organization\"},\"potentialAction\":[{\"@type\":\"SearchAction\",\"target\":{\"@type\":\"EntryPoint\",\"urlTemplate\":\"https:\/\/centcols.org\/?s={search_term_string}\"},\"query-input\":{\"@type\":\"PropertyValueSpecification\",\"valueRequired\":true,\"valueName\":\"search_term_string\"}}],\"inLanguage\":\"es\"},{\"@type\":\"Organization\",\"@id\":\"https:\/\/centcols.org\/#organization\",\"name\":\"Club des Cent Cols\",\"url\":\"https:\/\/centcols.org\/\",\"logo\":{\"@type\":\"ImageObject\",\"inLanguage\":\"es\",\"@id\":\"https:\/\/centcols.org\/#\/schema\/logo\/image\/\",\"url\":\"https:\/\/centcols.org\/wp-content\/uploads\/2025\/01\/carte-icone.png\",\"contentUrl\":\"https:\/\/centcols.org\/wp-content\/uploads\/2025\/01\/carte-icone.png\",\"width\":250,\"height\":250,\"caption\":\"Club des Cent Cols\"},\"image\":{\"@id\":\"https:\/\/centcols.org\/#\/schema\/logo\/image\/\"},\"sameAs\":[\"https:\/\/www.facebook.com\/groups\/5261880558\/?locale=fr_FR\"]},{\"@type\":\"Person\",\"@id\":\"https:\/\/centcols.org\/#\/schema\/person\/86c3ec6889d88501a29fccac614bebf8\",\"name\":\"Enrico Alberini\",\"image\":{\"@type\":\"ImageObject\",\"inLanguage\":\"es\",\"@id\":\"https:\/\/centcols.org\/wp-content\/litespeed\/avatar\/1b26e36a18d85acc8b0f860f9628213f.jpg?ver=1777240766\",\"url\":\"https:\/\/centcols.org\/wp-content\/litespeed\/avatar\/1b26e36a18d85acc8b0f860f9628213f.jpg?ver=1777240766\",\"contentUrl\":\"https:\/\/centcols.org\/wp-content\/litespeed\/avatar\/1b26e36a18d85acc8b0f860f9628213f.jpg?ver=1777240766\",\"caption\":\"Enrico Alberini\"},\"url\":\"https:\/\/centcols.org\/es\/author\/5065\/\"}]}<\/script>\n<!-- \/ Yoast SEO plugin. -->","yoast_head_json":{"title":"Montbenoit (Francia), viaje por carretera, s\u00e1bado 15 de julio de 2023 - Club des Cent Cols","robots":{"index":"index","follow":"follow","max-snippet":"max-snippet:-1","max-image-preview":"max-image-preview:large","max-video-preview":"max-video-preview:-1"},"canonical":"https:\/\/centcols.org\/es\/jura-2023-montbenoit\/","og_locale":"es_ES","og_type":"article","og_title":"Montbenoit (France), sortie route, samedi 15 juillet 2023 - Club des Cent Cols","og_description":"D\u00e9part&nbsp;de Montbenoit (France) Rendez-vous&nbsp;: parking de l\u2019\u00e9glise \u00e0 9h30 pour le caf\u00e9, d\u00e9part \u00e0 10h00. 57 km, 1100 de d\u00e9nivel\u00e9, 4 cols&nbsp;: Col du Tonet FR-25-0960, Col des Ages FFR-25-0787,Col d\u2019Abondance FR-25-0891a, Col sur le Mont FR-25-0963. La sortie n\u2019a lieu que par beau temps. Contact Christian Binggeli, Chemin du Jura 1. 1135 Denens. T\u00e9l&nbsp;: [&hellip;]","og_url":"https:\/\/centcols.org\/es\/jura-2023-montbenoit\/","og_site_name":"Club des Cent Cols","article_publisher":"https:\/\/www.facebook.com\/groups\/5261880558\/?locale=fr_FR","article_published_time":"2022-11-22T12:02:00+00:00","article_modified_time":"2025-09-13T11:15:16+00:00","og_image":[{"width":463,"height":350,"url":"https:\/\/centcols.org\/wp-content\/uploads\/2025\/05\/image-2-3.png","type":"image\/png"}],"author":"Enrico Alberini","twitter_card":"summary_large_image","twitter_misc":{"Escrito por":"Enrico Alberini","Tiempo de lectura":"2 minutos"},"schema":{"@context":"https:\/\/schema.org","@graph":[{"@type":"Article","@id":"https:\/\/centcols.org\/jura-2023-montbenoit\/#article","isPartOf":{"@id":"https:\/\/centcols.org\/jura-2023-montbenoit\/"},"author":{"name":"Enrico Alberini","@id":"https:\/\/centcols.org\/#\/schema\/person\/86c3ec6889d88501a29fccac614bebf8"},"headline":"Montbenoit (France), sortie route, samedi 15 juillet 2023","datePublished":"2022-11-22T12:02:00+00:00","dateModified":"2025-09-13T11:15:16+00:00","mainEntityOfPage":{"@id":"https:\/\/centcols.org\/jura-2023-montbenoit\/"},"wordCount":198,"commentCount":0,"publisher":{"@id":"https:\/\/centcols.org\/#organization"},"image":{"@id":"https:\/\/centcols.org\/jura-2023-montbenoit\/#primaryimage"},"thumbnailUrl":"https:\/\/centcols.org\/wp-content\/uploads\/2025\/05\/image-2-3.png","articleSection":["2023-rassemblements","Calendrier","Rencontres r\u00e9gionales"],"inLanguage":"es","potentialAction":[{"@type":"CommentAction","name":"Comment","target":["https:\/\/centcols.org\/jura-2023-montbenoit\/#respond"]}]},{"@type":"WebPage","@id":"https:\/\/centcols.org\/jura-2023-montbenoit\/","url":"https:\/\/centcols.org\/jura-2023-montbenoit\/","name":"Montbenoit (Francia), viaje por carretera, s\u00e1bado 15 de julio de 2023 - Club des Cent Cols","isPartOf":{"@id":"https:\/\/centcols.org\/#website"},"primaryImageOfPage":{"@id":"https:\/\/centcols.org\/jura-2023-montbenoit\/#primaryimage"},"image":{"@id":"https:\/\/centcols.org\/jura-2023-montbenoit\/#primaryimage"},"thumbnailUrl":"https:\/\/centcols.org\/wp-content\/uploads\/2025\/05\/image-2-3.png","datePublished":"2022-11-22T12:02:00+00:00","dateModified":"2025-09-13T11:15:16+00:00","breadcrumb":{"@id":"https:\/\/centcols.org\/jura-2023-montbenoit\/#breadcrumb"},"inLanguage":"es","potentialAction":[{"@type":"ReadAction","target":["https:\/\/centcols.org\/jura-2023-montbenoit\/"]}]},{"@type":"ImageObject","inLanguage":"es","@id":"https:\/\/centcols.org\/jura-2023-montbenoit\/#primaryimage","url":"https:\/\/centcols.org\/wp-content\/uploads\/2025\/05\/image-2-3.png","contentUrl":"https:\/\/centcols.org\/wp-content\/uploads\/2025\/05\/image-2-3.png","width":463,"height":350},{"@type":"BreadcrumbList","@id":"https:\/\/centcols.org\/jura-2023-montbenoit\/#breadcrumb","itemListElement":[{"@type":"ListItem","position":1,"name":"Accueil","item":"https:\/\/centcols.org\/"},{"@type":"ListItem","position":2,"name":"Rencontres r\u00e9gionales","item":"https:\/\/centcols.org\/rubrique\/rencontres-regionales\/"},{"@type":"ListItem","position":3,"name":"Montbenoit (France), sortie route, samedi 15 juillet 2023"}]},{"@type":"WebSite","@id":"https:\/\/centcols.org\/#website","url":"https:\/\/centcols.org\/","name":"Club des Cent Cols","description":"","publisher":{"@id":"https:\/\/centcols.org\/#organization"},"potentialAction":[{"@type":"SearchAction","target":{"@type":"EntryPoint","urlTemplate":"https:\/\/centcols.org\/?s={search_term_string}"},"query-input":{"@type":"PropertyValueSpecification","valueRequired":true,"valueName":"search_term_string"}}],"inLanguage":"es"},{"@type":"Organization","@id":"https:\/\/centcols.org\/#organization","name":"Club des Cent Cols","url":"https:\/\/centcols.org\/","logo":{"@type":"ImageObject","inLanguage":"es","@id":"https:\/\/centcols.org\/#\/schema\/logo\/image\/","url":"https:\/\/centcols.org\/wp-content\/uploads\/2025\/01\/carte-icone.png","contentUrl":"https:\/\/centcols.org\/wp-content\/uploads\/2025\/01\/carte-icone.png","width":250,"height":250,"caption":"Club des Cent Cols"},"image":{"@id":"https:\/\/centcols.org\/#\/schema\/logo\/image\/"},"sameAs":["https:\/\/www.facebook.com\/groups\/5261880558\/?locale=fr_FR"]},{"@type":"Person","@id":"https:\/\/centcols.org\/#\/schema\/person\/86c3ec6889d88501a29fccac614bebf8","name":"Enrico Alberini","image":{"@type":"ImageObject","inLanguage":"es","@id":"https:\/\/centcols.org\/wp-content\/litespeed\/avatar\/1b26e36a18d85acc8b0f860f9628213f.jpg?ver=1777240766","url":"https:\/\/centcols.org\/wp-content\/litespeed\/avatar\/1b26e36a18d85acc8b0f860f9628213f.jpg?ver=1777240766","contentUrl":"https:\/\/centcols.org\/wp-content\/litespeed\/avatar\/1b26e36a18d85acc8b0f860f9628213f.jpg?ver=1777240766","caption":"Enrico Alberini"},"url":"https:\/\/centcols.org\/es\/author\/5065\/"}]}},"_links":{"self":[{"href":"https:\/\/centcols.org\/es\/wp-json\/wp\/v2\/posts\/82390","targetHints":{"allow":["GET"]}}],"collection":[{"href":"https:\/\/centcols.org\/es\/wp-json\/wp\/v2\/posts"}],"about":[{"href":"https:\/\/centcols.org\/es\/wp-json\/wp\/v2\/types\/post"}],"author":[{"embeddable":true,"href":"https:\/\/centcols.org\/es\/wp-json\/wp\/v2\/users\/58"}],"replies":[{"embeddable":true,"href":"https:\/\/centcols.org\/es\/wp-json\/wp\/v2\/comments?post=82390"}],"version-history":[{"count":0,"href":"https:\/\/centcols.org\/es\/wp-json\/wp\/v2\/posts\/82390\/revisions"}],"wp:featuredmedia":[{"embeddable":true,"href":"https:\/\/centcols.org\/es\/wp-json\/wp\/v2\/media\/82391"}],"wp:attachment":[{"href":"https:\/\/centcols.org\/es\/wp-json\/wp\/v2\/media?parent=82390"}],"wp:term":[{"taxonomy":"category","embeddable":true,"href":"https:\/\/centcols.org\/es\/wp-json\/wp\/v2\/categories?post=82390"},{"taxonomy":"post_tag","embeddable":true,"href":"https:\/\/centcols.org\/es\/wp-json\/wp\/v2\/tags?post=82390"}],"curies":[{"name":"wp","href":"https:\/\/api.w.org\/{rel}","templated":true}]}}